{"id":949446,"date":"2017-08-11T16:13:43","date_gmt":"2017-08-11T16:13:43","guid":{"rendered":"http:\/\/www.eldigitaldeasturias.com\/noticias\/?p=949446"},"modified":"2017-08-11T16:13:43","modified_gmt":"2017-08-11T16:13:43","slug":"los-centros-especiales-de-empleo-de-aragon-contaran-con-mas-recursos","status":"publish","type":"post","link":"https:\/\/www.eldigitaldeasturias.com\/noticias\/los-centros-especiales-de-empleo-de-aragon-contaran-con-mas-recursos\/","title":{"rendered":"Los Centros Especiales de Empleo de Arag\u00f3n contar\u00e1n con m\u00e1s recursos"},"content":{"rendered":"<p><img loading=\"lazy\" decoding=\"async\" class=\"alignleft size-medium wp-image-949447\" src=\"https:\/\/www.eldigitaldeasturias.com\/noticias\/wp-content\/uploads\/2017\/08\/carlos_moncin_a0002-360x159.jpg\" alt=\"\" width=\"360\" height=\"159\" \/>El departamento de Econom\u00eda, Industria y Empleo, a trav\u00e9s del Instituto Aragon\u00e9s de Empleo (INAEM), ha incrementado en 4.050.000 euros el cr\u00e9dito destinado a la concesi\u00f3n de subvenciones destinadas a fomentar la integraci\u00f3n laboral de la personas con discapacidad en los Centros Especiales de Empleo. Esta cuant\u00eda se suma a los 4.500.000 euros convocados en el mes de marzo, por lo que el importe total destinado a estas ayudas en 2017 asciende a 8.550.000 euros. Tambi\u00e9n se ha incrementado el cr\u00e9dito de las subvenciones para el funcionamiento de las Unidades de Apoyo a la Actividad Profesional en estos centros.<\/p>\n<p>El presupuesto de las ayudas a estas Unidades de Apoyo aumenta en 175.000 euros, por lo que el importe total convocado para este ejercicio asciende a 775.000 euros. Para solicitar estas subvenciones para el funcionamiento de las Unidades de Apoyo a la actividad profesional se ha establecido un nuevo plazo de diez d\u00edas desde la fecha de aparici\u00f3n en el BOA de la orden de ampliaci\u00f3n del presupuesto, publicada este mi\u00e9rcoles, 09 de agosto.<\/p>\n<p>Las subvenciones destinadas a fomentar la integraci\u00f3n laboral de las personas con discapacidad en los Centros Especiales de Empleo comprenden ayudas tanto para sufragar el coste salarial correspondiente a los puestos ocupados por este tipo de trabajadores como para adaptar los puestos de trabajos, dotar de equipos de protecci\u00f3n o eliminar barreras y obst\u00e1culos.<\/p>\n<p>Por su parte, el objetivo de la segunda l\u00ednea de subvenciones es potenciar al funcionamiento de las Unidades de Apoyo a la Actividad Profesional de los Centros Especiales de Empleo. Estas ayudas financian los costes laborales y de Seguridad Social derivados de la contrataci\u00f3n indefinida del personal trabajador de esas unidades de apoyo, que est\u00e1n incluidas entre los servicios de ajuste personal y social prestados a los trabajadores con discapacidad por los centros especiales de empleo.<\/p>\n<p>Los Centros Especiales de Empleo, donde al menos el 70% de la plantilla son trabajadores con discapacidad, se conciben como una figura de empleo protegido, cuyo objetivo principal es asegurar un trabajo remunerado para los aragoneses con discapacidad. M\u00e1s de 2.000 trabajadores con discapacidad en estos centros se beneficiar\u00e1n de las ayudas convocadas.<\/p>\n<p>&nbsp;<\/p>\n","protected":false},"excerpt":{"rendered":"<p>El departamento de Econom\u00eda, Industria y Empleo, a trav\u00e9s del Instituto Aragon\u00e9s de Empleo (INAEM), ha incrementado en 4.050.000 euros el cr\u00e9dito destinado a la concesi\u00f3n de subvenciones destinadas a fomentar la integraci\u00f3n laboral de la personas con discapacidad en los Centros Especiales de Empleo. Esta cuant\u00eda se suma a los 4.500.000 euros convocados en [&hellip;]<\/p>\n","protected":false},"author":1,"featured_media":949447,"comment_status":"closed","ping_status":"closed","sticky":false,"template":"","format":"standard","meta":{"footnotes":""},"categories":[1],"tags":[],"class_list":["post-949446","post","type-post","status-publish","format-standard","has-post-thumbnail","hentry","category-actualidad"],"aioseo_notices":[],"aioseo_head":"\n\t\t<!-- All in One SEO Pro 5.0.1 - aioseo.com -->\n\t<meta name=\"description\" content=\"El departamento de Econom\u00eda, Industria y Empleo, a trav\u00e9s del Instituto Aragon\u00e9s de Empleo (INAEM), ha incrementado en 4.050.000 euros el cr\u00e9dito destinado a la concesi\u00f3n de subvenciones destinadas a fomentar la integraci\u00f3n laboral de la personas con discapacidad en los Centros Especiales de Empleo. Esta cuant\u00eda se suma a los 4.500.000 euros convocados en\" \/>\n\t<meta name=\"robots\" content=\"max-image-preview:large\" \/>\n\t<meta name=\"author\" content=\"El Digital de Asturias\"\/>\n\t<meta name=\"google-site-verification\" content=\"UA-38556648-1\" \/>\n\t<meta name=\"msvalidate.01\" content=\"7dfe9f3f1b24437ab69f4f2559babe99\" \/>\n\t<meta name=\"keywords\" content=\"actualidad\" \/>\n\t<link rel=\"canonical\" href=\"https:\/\/www.eldigitaldeasturias.com\/noticias\/los-centros-especiales-de-empleo-de-aragon-contaran-con-mas-recursos\/\" \/>\n\t<meta name=\"generator\" content=\"All in One SEO Pro (AIOSEO) 5.0.1\" \/>\n\t\t<meta property=\"og:locale\" content=\"es_ES\" \/>\n\t\t<meta property=\"og:site_name\" content=\"El Digital de Asturias\" \/>\n\t\t<meta property=\"og:type\" content=\"article\" \/>\n\t\t<meta property=\"og:title\" content=\"Los Centros Especiales de Empleo de Arag\u00f3n contar\u00e1n con m\u00e1s recursos - El Digital de Asturias\" \/>\n\t\t<meta property=\"og:description\" content=\"El departamento de Econom\u00eda, Industria y Empleo, a trav\u00e9s del Instituto Aragon\u00e9s de Empleo (INAEM), ha incrementado en 4.050.000 euros el cr\u00e9dito destinado a la concesi\u00f3n de subvenciones destinadas a fomentar la integraci\u00f3n laboral de la personas con discapacidad en los Centros Especiales de Empleo. Esta cuant\u00eda se suma a los 4.500.000 euros convocados en\" \/>\n\t\t<meta property=\"og:url\" content=\"https:\/\/www.eldigitaldeasturias.com\/noticias\/los-centros-especiales-de-empleo-de-aragon-contaran-con-mas-recursos\/\" \/>\n\t\t<meta property=\"article:tag\" content=\"actualidad\" \/>\n\t\t<meta property=\"article:published_time\" content=\"2017-08-11T16:13:43+00:00\" \/>\n\t\t<meta property=\"article:modified_time\" content=\"2017-08-11T16:13:43+00:00\" \/>\n\t\t<meta property=\"article:publisher\" content=\"https:\/\/facebook.com\/eldigitaldeasturias\" \/>\n\t\t<meta name=\"twitter:card\" content=\"summary_large_image\" \/>\n\t\t<meta name=\"twitter:title\" content=\"Los Centros Especiales de Empleo de Arag\u00f3n contar\u00e1n con m\u00e1s recursos - El Digital de Asturias\" \/>\n\t\t<meta name=\"twitter:description\" content=\"El departamento de Econom\u00eda, Industria y Empleo, a trav\u00e9s del Instituto Aragon\u00e9s de Empleo (INAEM), ha incrementado en 4.050.000 euros el cr\u00e9dito destinado a la concesi\u00f3n de subvenciones destinadas a fomentar la integraci\u00f3n laboral de la personas con discapacidad en los Centros Especiales de Empleo. Esta cuant\u00eda se suma a los 4.500.000 euros convocados en\" \/>\n\t\t<meta name=\"twitter:image\" content=\"https:\/\/www.eldigitaldeasturias.com\/noticias\/wp-content\/uploads\/2020\/12\/EDA-1.jpg\" \/>\n\t\t<meta name=\"twitter:label1\" content=\"Escrito por\" \/>\n\t\t<meta name=\"twitter:data1\" content=\"El Digital de Asturias\" \/>\n\t\t<meta name=\"twitter:label2\" content=\"Tiempo de lectura estimado\" \/>\n\t\t<meta name=\"twitter:data2\" content=\"2 minutos\" \/>\n\t\t<script type=\"application\/ld+json\" class=\"aioseo-schema\">\n\t\t\t{\"@context\":\"https:\\\/\\\/schema.org\",\"@graph\":[{\"@type\":\"BlogPosting\",\"@id\":\"https:\\\/\\\/www.eldigitaldeasturias.com\\\/noticias\\\/los-centros-especiales-de-empleo-de-aragon-contaran-con-mas-recursos\\\/#blogposting\",\"name\":\"Los Centros Especiales de Empleo de Arag\\u00f3n contar\\u00e1n con m\\u00e1s recursos - El Digital de Asturias\",\"headline\":\"Los Centros Especiales de Empleo de Arag\\u00f3n contar\\u00e1n con m\\u00e1s recursos\",\"author\":{\"@id\":\"https:\\\/\\\/www.eldigitaldeasturias.com\\\/noticias\\\/author\\\/admin\\\/#author\"},\"publisher\":{\"@id\":\"https:\\\/\\\/www.eldigitaldeasturias.com\\\/noticias\\\/#organization\"},\"image\":{\"@type\":\"ImageObject\",\"url\":949447},\"datePublished\":\"2017-08-11T16:13:43+02:00\",\"dateModified\":\"2017-08-11T16:13:43+02:00\",\"inLanguage\":\"es-ES\",\"mainEntityOfPage\":{\"@id\":\"https:\\\/\\\/www.eldigitaldeasturias.com\\\/noticias\\\/los-centros-especiales-de-empleo-de-aragon-contaran-con-mas-recursos\\\/#webpage\"},\"isPartOf\":{\"@id\":\"https:\\\/\\\/www.eldigitaldeasturias.com\\\/noticias\\\/los-centros-especiales-de-empleo-de-aragon-contaran-con-mas-recursos\\\/#webpage\"},\"articleSection\":\"Actualidad\"},{\"@type\":\"BreadcrumbList\",\"@id\":\"https:\\\/\\\/www.eldigitaldeasturias.com\\\/noticias\\\/los-centros-especiales-de-empleo-de-aragon-contaran-con-mas-recursos\\\/#breadcrumblist\",\"itemListElement\":[{\"@type\":\"ListItem\",\"@id\":\"https:\\\/\\\/www.eldigitaldeasturias.com\\\/noticias#listItem\",\"position\":1,\"name\":\"Home\",\"item\":\"https:\\\/\\\/www.eldigitaldeasturias.com\\\/noticias\",\"nextItem\":{\"@type\":\"ListItem\",\"@id\":\"https:\\\/\\\/www.eldigitaldeasturias.com\\\/noticias\\\/category\\\/actualidad\\\/#listItem\",\"name\":\"Actualidad\"}},{\"@type\":\"ListItem\",\"@id\":\"https:\\\/\\\/www.eldigitaldeasturias.com\\\/noticias\\\/category\\\/actualidad\\\/#listItem\",\"position\":2,\"name\":\"Actualidad\",\"item\":\"https:\\\/\\\/www.eldigitaldeasturias.com\\\/noticias\\\/category\\\/actualidad\\\/\",\"nextItem\":{\"@type\":\"ListItem\",\"@id\":\"https:\\\/\\\/www.eldigitaldeasturias.com\\\/noticias\\\/los-centros-especiales-de-empleo-de-aragon-contaran-con-mas-recursos\\\/#listItem\",\"name\":\"Los Centros Especiales de Empleo de Arag\\u00f3n contar\\u00e1n con m\\u00e1s recursos\"},\"previousItem\":{\"@type\":\"ListItem\",\"@id\":\"https:\\\/\\\/www.eldigitaldeasturias.com\\\/noticias#listItem\",\"name\":\"Home\"}},{\"@type\":\"ListItem\",\"@id\":\"https:\\\/\\\/www.eldigitaldeasturias.com\\\/noticias\\\/los-centros-especiales-de-empleo-de-aragon-contaran-con-mas-recursos\\\/#listItem\",\"position\":3,\"name\":\"Los Centros Especiales de Empleo de Arag\\u00f3n contar\\u00e1n con m\\u00e1s recursos\",\"previousItem\":{\"@type\":\"ListItem\",\"@id\":\"https:\\\/\\\/www.eldigitaldeasturias.com\\\/noticias\\\/category\\\/actualidad\\\/#listItem\",\"name\":\"Actualidad\"}}]},{\"@type\":\"Organization\",\"@id\":\"https:\\\/\\\/www.eldigitaldeasturias.com\\\/noticias\\\/#organization\",\"name\":\"El Digital de Asturias\",\"description\":\"Hemeroteca\",\"url\":\"https:\\\/\\\/www.eldigitaldeasturias.com\\\/noticias\\\/\",\"email\":\"info@eldigitaldeasturias.com\",\"telephone\":\"+34652131393\",\"logo\":{\"@type\":\"ImageObject\",\"url\":\"https:\\\/\\\/www.eldigitaldeasturias.com\\\/noticias\\\/wp-content\\\/uploads\\\/2020\\\/12\\\/EDA.jpg\",\"@id\":\"https:\\\/\\\/www.eldigitaldeasturias.com\\\/noticias\\\/los-centros-especiales-de-empleo-de-aragon-contaran-con-mas-recursos\\\/#organizationLogo\"},\"image\":{\"@id\":\"https:\\\/\\\/www.eldigitaldeasturias.com\\\/noticias\\\/los-centros-especiales-de-empleo-de-aragon-contaran-con-mas-recursos\\\/#organizationLogo\"},\"sameAs\":[\"https:\\\/\\\/facebook.com\\\/eldigitaldeasturias\",\"https:\\\/\\\/www.youtube.com\\\/channel\\\/UCZP-2wLEB9Rv6erhFmqVnvg\"],\"address\":{\"@id\":\"https:\\\/\\\/www.eldigitaldeasturias.com\\\/noticias\\\/#postaladdress\",\"@type\":\"PostalAddress\",\"streetAddress\":\"san antonio 4\",\"postalCode\":\"33430\",\"addressLocality\":\"Cand\\u00e1s\",\"addressRegion\":\"Asturias\",\"addressCountry\":\"ES\"}},{\"@type\":\"Person\",\"@id\":\"https:\\\/\\\/www.eldigitaldeasturias.com\\\/noticias\\\/author\\\/admin\\\/#author\",\"url\":\"https:\\\/\\\/www.eldigitaldeasturias.com\\\/noticias\\\/author\\\/admin\\\/\",\"name\":\"El Digital de Asturias\",\"image\":{\"@type\":\"ImageObject\",\"@id\":\"https:\\\/\\\/www.eldigitaldeasturias.com\\\/noticias\\\/los-centros-especiales-de-empleo-de-aragon-contaran-con-mas-recursos\\\/#authorImage\",\"url\":\"https:\\\/\\\/secure.gravatar.com\\\/avatar\\\/df2aeffc32bcd13f8d26072ef8a91b623d677766deac7f97ca815868cd41bf5e?s=96&d=mm&r=g\",\"width\":96,\"height\":96,\"caption\":\"El Digital de Asturias\"}},{\"@type\":\"WebPage\",\"@id\":\"https:\\\/\\\/www.eldigitaldeasturias.com\\\/noticias\\\/los-centros-especiales-de-empleo-de-aragon-contaran-con-mas-recursos\\\/#webpage\",\"url\":\"https:\\\/\\\/www.eldigitaldeasturias.com\\\/noticias\\\/los-centros-especiales-de-empleo-de-aragon-contaran-con-mas-recursos\\\/\",\"name\":\"Los Centros Especiales de Empleo de Arag\\u00f3n contar\\u00e1n con m\\u00e1s recursos - El Digital de Asturias\",\"description\":\"El departamento de Econom\\u00eda, Industria y Empleo, a trav\\u00e9s del Instituto Aragon\\u00e9s de Empleo (INAEM), ha incrementado en 4.050.000 euros el cr\\u00e9dito destinado a la concesi\\u00f3n de subvenciones destinadas a fomentar la integraci\\u00f3n laboral de la personas con discapacidad en los Centros Especiales de Empleo. Esta cuant\\u00eda se suma a los 4.500.000 euros convocados en\",\"inLanguage\":\"es-ES\",\"isPartOf\":{\"@id\":\"https:\\\/\\\/www.eldigitaldeasturias.com\\\/noticias\\\/#website\"},\"breadcrumb\":{\"@id\":\"https:\\\/\\\/www.eldigitaldeasturias.com\\\/noticias\\\/los-centros-especiales-de-empleo-de-aragon-contaran-con-mas-recursos\\\/#breadcrumblist\"},\"author\":{\"@id\":\"https:\\\/\\\/www.eldigitaldeasturias.com\\\/noticias\\\/author\\\/admin\\\/#author\"},\"creator\":{\"@id\":\"https:\\\/\\\/www.eldigitaldeasturias.com\\\/noticias\\\/author\\\/admin\\\/#author\"},\"image\":{\"@type\":\"ImageObject\",\"url\":949447,\"@id\":\"https:\\\/\\\/www.eldigitaldeasturias.com\\\/noticias\\\/los-centros-especiales-de-empleo-de-aragon-contaran-con-mas-recursos\\\/#mainImage\"},\"primaryImageOfPage\":{\"@id\":\"https:\\\/\\\/www.eldigitaldeasturias.com\\\/noticias\\\/los-centros-especiales-de-empleo-de-aragon-contaran-con-mas-recursos\\\/#mainImage\"},\"datePublished\":\"2017-08-11T16:13:43+02:00\",\"dateModified\":\"2017-08-11T16:13:43+02:00\"},{\"@type\":\"WebSite\",\"@id\":\"https:\\\/\\\/www.eldigitaldeasturias.com\\\/noticias\\\/#website\",\"url\":\"https:\\\/\\\/www.eldigitaldeasturias.com\\\/noticias\\\/\",\"name\":\"El Digital de Asturias - Diario de actualidad y noticias\",\"alternateName\":\"El Digital de Asturias - Diario de actualidad y noticias\",\"description\":\"Hemeroteca\",\"inLanguage\":\"es-ES\",\"publisher\":{\"@id\":\"https:\\\/\\\/www.eldigitaldeasturias.com\\\/noticias\\\/#organization\"}}]}\n\t\t<\/script>\n\t\t<!-- All in One SEO Pro -->\r\n\t\t<title>Los Centros Especiales de Empleo de Arag\u00f3n contar\u00e1n con m\u00e1s recursos - El Digital de Asturias<\/title>\n\n","aioseo_head_json":{"title":"Los Centros Especiales de Empleo de Arag\u00f3n contar\u00e1n con m\u00e1s recursos - El Digital de Asturias","description":"El departamento de Econom\u00eda, Industria y Empleo, a trav\u00e9s del Instituto Aragon\u00e9s de Empleo (INAEM), ha incrementado en 4.050.000 euros el cr\u00e9dito destinado a la concesi\u00f3n de subvenciones destinadas a fomentar la integraci\u00f3n laboral de la personas con discapacidad en los Centros Especiales de Empleo. Esta cuant\u00eda se suma a los 4.500.000 euros convocados en","canonical_url":"https:\/\/www.eldigitaldeasturias.com\/noticias\/los-centros-especiales-de-empleo-de-aragon-contaran-con-mas-recursos\/","robots":"max-image-preview:large","keywords":"actualidad","webmasterTools":{"google-site-verification":"UA-38556648-1","msvalidate.01":"7dfe9f3f1b24437ab69f4f2559babe99","miscellaneous":""},"schema":{"@context":"https:\/\/schema.org","@graph":[{"@type":"BlogPosting","@id":"https:\/\/www.eldigitaldeasturias.com\/noticias\/los-centros-especiales-de-empleo-de-aragon-contaran-con-mas-recursos\/#blogposting","name":"Los Centros Especiales de Empleo de Arag\u00f3n contar\u00e1n con m\u00e1s recursos - El Digital de Asturias","headline":"Los Centros Especiales de Empleo de Arag\u00f3n contar\u00e1n con m\u00e1s recursos","author":{"@id":"https:\/\/www.eldigitaldeasturias.com\/noticias\/author\/admin\/#author"},"publisher":{"@id":"https:\/\/www.eldigitaldeasturias.com\/noticias\/#organization"},"image":{"@type":"ImageObject","url":949447},"datePublished":"2017-08-11T16:13:43+02:00","dateModified":"2017-08-11T16:13:43+02:00","inLanguage":"es-ES","mainEntityOfPage":{"@id":"https:\/\/www.eldigitaldeasturias.com\/noticias\/los-centros-especiales-de-empleo-de-aragon-contaran-con-mas-recursos\/#webpage"},"isPartOf":{"@id":"https:\/\/www.eldigitaldeasturias.com\/noticias\/los-centros-especiales-de-empleo-de-aragon-contaran-con-mas-recursos\/#webpage"},"articleSection":"Actualidad"},{"@type":"BreadcrumbList","@id":"https:\/\/www.eldigitaldeasturias.com\/noticias\/los-centros-especiales-de-empleo-de-aragon-contaran-con-mas-recursos\/#breadcrumblist","itemListElement":[{"@type":"ListItem","@id":"https:\/\/www.eldigitaldeasturias.com\/noticias#listItem","position":1,"name":"Home","item":"https:\/\/www.eldigitaldeasturias.com\/noticias","nextItem":{"@type":"ListItem","@id":"https:\/\/www.eldigitaldeasturias.com\/noticias\/category\/actualidad\/#listItem","name":"Actualidad"}},{"@type":"ListItem","@id":"https:\/\/www.eldigitaldeasturias.com\/noticias\/category\/actualidad\/#listItem","position":2,"name":"Actualidad","item":"https:\/\/www.eldigitaldeasturias.com\/noticias\/category\/actualidad\/","nextItem":{"@type":"ListItem","@id":"https:\/\/www.eldigitaldeasturias.com\/noticias\/los-centros-especiales-de-empleo-de-aragon-contaran-con-mas-recursos\/#listItem","name":"Los Centros Especiales de Empleo de Arag\u00f3n contar\u00e1n con m\u00e1s recursos"},"previousItem":{"@type":"ListItem","@id":"https:\/\/www.eldigitaldeasturias.com\/noticias#listItem","name":"Home"}},{"@type":"ListItem","@id":"https:\/\/www.eldigitaldeasturias.com\/noticias\/los-centros-especiales-de-empleo-de-aragon-contaran-con-mas-recursos\/#listItem","position":3,"name":"Los Centros Especiales de Empleo de Arag\u00f3n contar\u00e1n con m\u00e1s recursos","previousItem":{"@type":"ListItem","@id":"https:\/\/www.eldigitaldeasturias.com\/noticias\/category\/actualidad\/#listItem","name":"Actualidad"}}]},{"@type":"Organization","@id":"https:\/\/www.eldigitaldeasturias.com\/noticias\/#organization","name":"El Digital de Asturias","description":"Hemeroteca","url":"https:\/\/www.eldigitaldeasturias.com\/noticias\/","email":"info@eldigitaldeasturias.com","telephone":"+34652131393","logo":{"@type":"ImageObject","url":"https:\/\/www.eldigitaldeasturias.com\/noticias\/wp-content\/uploads\/2020\/12\/EDA.jpg","@id":"https:\/\/www.eldigitaldeasturias.com\/noticias\/los-centros-especiales-de-empleo-de-aragon-contaran-con-mas-recursos\/#organizationLogo"},"image":{"@id":"https:\/\/www.eldigitaldeasturias.com\/noticias\/los-centros-especiales-de-empleo-de-aragon-contaran-con-mas-recursos\/#organizationLogo"},"sameAs":["https:\/\/facebook.com\/eldigitaldeasturias","https:\/\/www.youtube.com\/channel\/UCZP-2wLEB9Rv6erhFmqVnvg"],"address":{"@id":"https:\/\/www.eldigitaldeasturias.com\/noticias\/#postaladdress","@type":"PostalAddress","streetAddress":"san antonio 4","postalCode":"33430","addressLocality":"Cand\u00e1s","addressRegion":"Asturias","addressCountry":"ES"}},{"@type":"Person","@id":"https:\/\/www.eldigitaldeasturias.com\/noticias\/author\/admin\/#author","url":"https:\/\/www.eldigitaldeasturias.com\/noticias\/author\/admin\/","name":"El Digital de Asturias","image":{"@type":"ImageObject","@id":"https:\/\/www.eldigitaldeasturias.com\/noticias\/los-centros-especiales-de-empleo-de-aragon-contaran-con-mas-recursos\/#authorImage","url":"https:\/\/secure.gravatar.com\/avatar\/df2aeffc32bcd13f8d26072ef8a91b623d677766deac7f97ca815868cd41bf5e?s=96&d=mm&r=g","width":96,"height":96,"caption":"El Digital de Asturias"}},{"@type":"WebPage","@id":"https:\/\/www.eldigitaldeasturias.com\/noticias\/los-centros-especiales-de-empleo-de-aragon-contaran-con-mas-recursos\/#webpage","url":"https:\/\/www.eldigitaldeasturias.com\/noticias\/los-centros-especiales-de-empleo-de-aragon-contaran-con-mas-recursos\/","name":"Los Centros Especiales de Empleo de Arag\u00f3n contar\u00e1n con m\u00e1s recursos - El Digital de Asturias","description":"El departamento de Econom\u00eda, Industria y Empleo, a trav\u00e9s del Instituto Aragon\u00e9s de Empleo (INAEM), ha incrementado en 4.050.000 euros el cr\u00e9dito destinado a la concesi\u00f3n de subvenciones destinadas a fomentar la integraci\u00f3n laboral de la personas con discapacidad en los Centros Especiales de Empleo. Esta cuant\u00eda se suma a los 4.500.000 euros convocados en","inLanguage":"es-ES","isPartOf":{"@id":"https:\/\/www.eldigitaldeasturias.com\/noticias\/#website"},"breadcrumb":{"@id":"https:\/\/www.eldigitaldeasturias.com\/noticias\/los-centros-especiales-de-empleo-de-aragon-contaran-con-mas-recursos\/#breadcrumblist"},"author":{"@id":"https:\/\/www.eldigitaldeasturias.com\/noticias\/author\/admin\/#author"},"creator":{"@id":"https:\/\/www.eldigitaldeasturias.com\/noticias\/author\/admin\/#author"},"image":{"@type":"ImageObject","url":949447,"@id":"https:\/\/www.eldigitaldeasturias.com\/noticias\/los-centros-especiales-de-empleo-de-aragon-contaran-con-mas-recursos\/#mainImage"},"primaryImageOfPage":{"@id":"https:\/\/www.eldigitaldeasturias.com\/noticias\/los-centros-especiales-de-empleo-de-aragon-contaran-con-mas-recursos\/#mainImage"},"datePublished":"2017-08-11T16:13:43+02:00","dateModified":"2017-08-11T16:13:43+02:00"},{"@type":"WebSite","@id":"https:\/\/www.eldigitaldeasturias.com\/noticias\/#website","url":"https:\/\/www.eldigitaldeasturias.com\/noticias\/","name":"El Digital de Asturias - Diario de actualidad y noticias","alternateName":"El Digital de Asturias - Diario de actualidad y noticias","description":"Hemeroteca","inLanguage":"es-ES","publisher":{"@id":"https:\/\/www.eldigitaldeasturias.com\/noticias\/#organization"}}]},"og:locale":"es_ES","og:site_name":"El Digital de Asturias","og:type":"article","og:title":"Los Centros Especiales de Empleo de Arag\u00f3n contar\u00e1n con m\u00e1s recursos - El Digital de Asturias","og:description":"El departamento de Econom\u00eda, Industria y Empleo, a trav\u00e9s del Instituto Aragon\u00e9s de Empleo (INAEM), ha incrementado en 4.050.000 euros el cr\u00e9dito destinado a la concesi\u00f3n de subvenciones destinadas a fomentar la integraci\u00f3n laboral de la personas con discapacidad en los Centros Especiales de Empleo. Esta cuant\u00eda se suma a los 4.500.000 euros convocados en","og:url":"https:\/\/www.eldigitaldeasturias.com\/noticias\/los-centros-especiales-de-empleo-de-aragon-contaran-con-mas-recursos\/","article:tag":["actualidad"],"article:published_time":"2017-08-11T16:13:43+00:00","article:modified_time":"2017-08-11T16:13:43+00:00","article:publisher":"https:\/\/facebook.com\/eldigitaldeasturias","twitter:card":"summary_large_image","twitter:title":"Los Centros Especiales de Empleo de Arag\u00f3n contar\u00e1n con m\u00e1s recursos - El Digital de Asturias","twitter:description":"El departamento de Econom\u00eda, Industria y Empleo, a trav\u00e9s del Instituto Aragon\u00e9s de Empleo (INAEM), ha incrementado en 4.050.000 euros el cr\u00e9dito destinado a la concesi\u00f3n de subvenciones destinadas a fomentar la integraci\u00f3n laboral de la personas con discapacidad en los Centros Especiales de Empleo. Esta cuant\u00eda se suma a los 4.500.000 euros convocados en","twitter:image":"https:\/\/www.eldigitaldeasturias.com\/noticias\/wp-content\/uploads\/2020\/12\/EDA-1.jpg","twitter:label1":"Escrito por","twitter:data1":"El Digital de Asturias","twitter:label2":"Tiempo de lectura estimado","twitter:data2":"2 minutos"},"aioseo_meta_data":{"post_id":"949446","title":null,"description":null,"keywords":null,"keyphrases":null,"primary_term":null,"canonical_url":null,"og_title":null,"og_description":null,"og_object_type":"default","og_image_type":"default","og_image_url":null,"og_image_width":null,"og_image_height":null,"og_image_custom_url":null,"og_image_custom_fields":null,"og_video":null,"og_custom_url":null,"og_article_section":null,"og_article_tags":null,"twitter_use_og":false,"twitter_card":"default","twitter_image_type":"default","twitter_image_url":null,"twitter_image_custom_url":null,"twitter_image_custom_fields":null,"twitter_title":null,"twitter_description":null,"schema":{"blockGraphs":[],"customGraphs":[],"default":{"data":{"Article":[],"Course":[],"Dataset":[],"FAQPage":[],"Movie":[],"Person":[],"Product":[],"ProductReview":[],"Car":[],"Recipe":[],"Service":[],"SoftwareApplication":[],"WebPage":[]},"graphName":"","isEnabled":true},"graphs":[],"defaultGraph":"","defaultPostTypeGraph":""},"schema_type":null,"schema_type_options":null,"pillar_content":false,"robots_default":true,"robots_noindex":false,"robots_noarchive":false,"robots_nosnippet":false,"robots_nofollow":false,"robots_noimageindex":false,"robots_noodp":false,"robots_notranslate":false,"robots_max_snippet":null,"robots_max_videopreview":null,"robots_max_imagepreview":"large","priority":null,"frequency":null,"local_seo":null,"seo_analyzer_scan_date":"2025-12-05 12:23:13","breadcrumb_settings":null,"limit_modified_date":false,"open_ai":null,"ai":null,"created":"2020-12-21 13:01:41","updated":"2025-12-05 12:23:13","focus_keyword":null,"additional_keywords":null,"truseo_locale":null},"aioseo_breadcrumb":"<div class=\"aioseo-breadcrumbs\"><span class=\"aioseo-breadcrumb\">\n\t<a href=\"https:\/\/www.eldigitaldeasturias.com\/noticias\" title=\"Home\">Home<\/a>\n<\/span><span class=\"aioseo-breadcrumb-separator\">\u2013<\/span><span class=\"aioseo-breadcrumb\">\n\t<a href=\"https:\/\/www.eldigitaldeasturias.com\/noticias\/category\/actualidad\/\" title=\"Actualidad\">Actualidad<\/a>\n<\/span><span class=\"aioseo-breadcrumb-separator\">\u2013<\/span><span class=\"aioseo-breadcrumb\">\n\t<a href=\"https:\/\/www.eldigitaldeasturias.com\/noticias\/los-centros-especiales-de-empleo-de-aragon-contaran-con-mas-recursos\/\" title=\"Los Centros Especiales de Empleo de Arag\u00f3n contar\u00e1n con m\u00e1s recursos\">Los Centros Especiales de Empleo de Arag\u00f3n contar\u00e1n con m\u00e1s recursos<\/a>\n<\/span><\/div>","aioseo_breadcrumb_json":[{"label":"Home","link":"https:\/\/www.eldigitaldeasturias.com\/noticias"},{"label":"Actualidad","link":"https:\/\/www.eldigitaldeasturias.com\/noticias\/category\/actualidad\/"},{"label":"Los Centros Especiales de Empleo de Arag\u00f3n contar\u00e1n con m\u00e1s recursos","link":"https:\/\/www.eldigitaldeasturias.com\/noticias\/los-centros-especiales-de-empleo-de-aragon-contaran-con-mas-recursos\/"}],"_links":{"self":[{"href":"https:\/\/www.eldigitaldeasturias.com\/noticias\/wp-json\/wp\/v2\/posts\/949446","targetHints":{"allow":["GET"]}}],"collection":[{"href":"https:\/\/www.eldigitaldeasturias.com\/noticias\/wp-json\/wp\/v2\/posts"}],"about":[{"href":"https:\/\/www.eldigitaldeasturias.com\/noticias\/wp-json\/wp\/v2\/types\/post"}],"author":[{"embeddable":true,"href":"https:\/\/www.eldigitaldeasturias.com\/noticias\/wp-json\/wp\/v2\/users\/1"}],"replies":[{"embeddable":true,"href":"https:\/\/www.eldigitaldeasturias.com\/noticias\/wp-json\/wp\/v2\/comments?post=949446"}],"version-history":[{"count":0,"href":"https:\/\/www.eldigitaldeasturias.com\/noticias\/wp-json\/wp\/v2\/posts\/949446\/revisions"}],"wp:attachment":[{"href":"https:\/\/www.eldigitaldeasturias.com\/noticias\/wp-json\/wp\/v2\/media?parent=949446"}],"wp:term":[{"taxonomy":"category","embeddable":true,"href":"https:\/\/www.eldigitaldeasturias.com\/noticias\/wp-json\/wp\/v2\/categories?post=949446"},{"taxonomy":"post_tag","embeddable":true,"href":"https:\/\/www.eldigitaldeasturias.com\/noticias\/wp-json\/wp\/v2\/tags?post=949446"}],"curies":[{"name":"wp","href":"https:\/\/api.w.org\/{rel}","templated":true}]}}