{"id":949444,"date":"2017-08-11T16:10:27","date_gmt":"2017-08-11T16:10:27","guid":{"rendered":"http:\/\/www.eldigitaldeasturias.com\/noticias\/?p=949444"},"modified":"2017-08-11T16:10:27","modified_gmt":"2017-08-11T16:10:27","slug":"la-tasa-de-inflacion-en-julio-se-mantiene-en-el-14-anual-en-aragon","status":"publish","type":"post","link":"https:\/\/www.eldigitaldeasturias.com\/noticias\/la-tasa-de-inflacion-en-julio-se-mantiene-en-el-14-anual-en-aragon\/","title":{"rendered":"La tasa de inflaci\u00f3n en julio se mantiene en el 1,4% anual en Arag\u00f3n"},"content":{"rendered":"<p>Seg\u00fan los datos publicados hoy por el Instituto Nacional de Estad\u00edstica (INE), la tasa anual de inflaci\u00f3n en el mes de julio se situ\u00f3 en el 1,4% anual en Arag\u00f3n, dato id\u00e9ntico al registrado en el mes de junio. De forma similar, en el conjunto de Espa\u00f1a la inflaci\u00f3n qued\u00f3 en el 1,5% anual en julio, la misma que la registrada en el mes precedente.<\/p>\n<p>En la Eurozona, la inflaci\u00f3n se ha situado en julio en una tasa del 1,3% anual y, por tanto, se mantiene en el mismo nivel que el registrado en el mes de junio. Con ello el diferencial desfavorable se mantiene en una sola d\u00e9cima porcentual en Arag\u00f3n y dos d\u00e9cimas en el promedio de Espa\u00f1a.<\/p>\n<p>La inflaci\u00f3n subyacente, que es aquella que excluye de su c\u00e1lculo los elementos m\u00e1s vol\u00e1tiles como alimentos no elaborados y productos energ\u00e9ticos, aceleraba en julio para quedar en el 1,0% en Arag\u00f3n y en el 1,4% en el conjunto de Espa\u00f1a, una y dos d\u00e9cimas por encima del dato del mes precedente, respectivamente. En la eurozona la inflaci\u00f3n subyacente aceleraba una d\u00e9cima en julio y alcanzaba el 1,3% anual. No obstante, hay que se\u00f1alar que se trata de tasas moderadas.<\/p>\n<p>Respecto al mes de julio del a\u00f1o anterior, las tasas anuales de inflaci\u00f3n en Arag\u00f3n eran positivas en diez de los doce grupos de consumo y negativa en los dos grupos restantes.<\/p>\n<p>El grupo de consumo m\u00e1s inflacionista en julio en Arag\u00f3n era el de Hoteles, caf\u00e9s y restaurantes, con una tasa del 2,7% anual. En segundo lugar se situ\u00f3 Vivienda (2,6% anual), seguido de Transporte (2,2% anual). Estos fueron los \u00fanicos tres grupos de consumo en Arag\u00f3n que superaron en julio el umbral del 2% anual, considerado como crecimiento estable de los precios por parte del Banco Central Europeo en sus objetivos de pol\u00edtica monetaria.<\/p>\n<p>En el caso del Transporte su tasa interanual en julio repuntaba gracias al comportamiento de los combustibles. En concreto, el barril de petr\u00f3leo Brent cotiz\u00f3 en julio de 2017 a una media mensual de 48,5 d\u00f3lares, un 8,9% m\u00e1s caro que en julio del a\u00f1o pasado. Por comparaci\u00f3n con el mes de junio de este a\u00f1o, el precio era un 5,8% mayor.<\/p>\n<p>A continuaci\u00f3n, y con tasas de inflaci\u00f3n entre el 1,0% y el 2,0% anual, se situaban en julio en Arag\u00f3n Comunicaciones (1,5% anual) y Bebidas alcoh\u00f3licas y tabaco (1,4% anual).<\/p>\n<p>Tras ellos, y con tasas por debajo del 1,0% anual, se encontraban en julio en Arag\u00f3n los grupos de consumo de Otros bienes y servicios (0,8% anual), Ense\u00f1aza y Vestido y calzado (0,6% anual en ambos casos) y Alimentos y bebidas no alcoh\u00f3licas (0,1% anual).<\/p>\n<p>Finalmente, en los dos grupos de consumo restantes las tasas de inflaci\u00f3n eran negativas en julio en Arag\u00f3n; en concreto en Menaje (-1,2% anual), y Medicina (-0,2% anual).<\/p>\n<p>Por comparaci\u00f3n con el mes anterior, en julio los precios disminuyeron en Arag\u00f3n en ocho d\u00e9cimas en promedio. Atendiendo a la clasificaci\u00f3n por grupos de consumo, los precios en julio aumentaron en Arag\u00f3n en \u00fanicamente uno de los doce grupos de consumo contemplados por el \u00edndice, se mantuvieron estables en otros tres y descendieron en los ocho restantes. As\u00ed, la \u00fanica subida se produjo en Ocio y cultura, con un alza de precios del 2,6% mensual, reflejando el inicio de la temporada alta tur\u00edstica y los aumentos de precios de los paquetes vacacionales, como es tradicional.<\/p>\n<p>En Arag\u00f3n no se produjeron cambios mensuales en julio en los precios de Bebidas alcoh\u00f3licas y tabaco, Medicina y Ense\u00f1anza. Por su parte, el apartado de las bajadas de precios vino encabezado en julio por Vestido y calzado, donde el inicio oficial de las rebajas de verano produjo una fuerte ca\u00edda del 12,2% mensual en sus precios, como suele ser habitual en este mes. En segunda posici\u00f3n, bajaron seis d\u00e9cimas mensuales los precios de Menaje, tambi\u00e9n debido a las rebajas. Los precios de las Comunicaciones se redujeron en cinco d\u00e9cimas mensuales y los de la Vivienda en cuatro. Asimismo, disminuyeron los precios de Hoteles, caf\u00e9s y restaurantes, a pesar del inicio de la temporada alta estival, y Transporte, dos d\u00e9cimas mensuales en ambos casos. Por \u00faltimo, los Alimentos y bebidas no alcoh\u00f3licas se redujeron en una d\u00e9cima mensual.<\/p>\n<p>Por provincias aragonesas, la tasa de inflaci\u00f3n en julio de 2017 fue del 1,7% anual en Huesca, del 1,6% en Teruel y del 1,3% anual en Zaragoza.<\/p>\n<p>En la \u00faltima reuni\u00f3n de pol\u00edtica monetaria del BCE, celebrada el pasado d\u00eda 20 de julio, el Consejo de Gobierno decidi\u00f3 mantener sin cambios los tipos de inter\u00e9s y el calendario del programa de compra de activos. Parece que el BCE esperar\u00e1 al oto\u00f1o para dar una orientaci\u00f3n sobre la retirada de est\u00edmulos en 2018.<\/p>\n<p>El Consejo de Gobierno del BCE considera que existe un fortalecimiento continuado de la expansi\u00f3n econ\u00f3mica en la zona del euro, que se ha generalizado en todos los sectores y regiones, y sigue manteniendo que los riesgos que pueden afectar al escenario de crecimiento presentar\u00edan un balance equilibrado. No obstante, la previsi\u00f3n de crecimiento del PIB para la UEM en 2017 no fue revisada y se mantiene en el 1,9% anual. De forma similar, las previsiones de inflaci\u00f3n tampoco fueron revisadas y permanecen en un 1,5% anual en 2017.<\/p>\n","protected":false},"excerpt":{"rendered":"<p>Seg\u00fan los datos publicados hoy por el Instituto Nacional de Estad\u00edstica (INE), la tasa anual de inflaci\u00f3n en el mes de julio se situ\u00f3 en el 1,4% anual en Arag\u00f3n, dato id\u00e9ntico al registrado en el mes de junio. De forma similar, en el conjunto de Espa\u00f1a la inflaci\u00f3n qued\u00f3 en el 1,5% anual en [&hellip;]<\/p>\n","protected":false},"author":1,"featured_media":822740,"comment_status":"closed","ping_status":"closed","sticky":false,"template":"","format":"standard","meta":{"footnotes":""},"categories":[1],"tags":[],"class_list":["post-949444","post","type-post","status-publish","format-standard","has-post-thumbnail","hentry","category-actualidad"],"aioseo_notices":[],"aioseo_head":"\n\t\t<!-- All in One SEO Pro 5.0.1 - aioseo.com -->\n\t<meta name=\"description\" content=\"Seg\u00fan los datos publicados hoy por el Instituto Nacional de Estad\u00edstica (INE), la tasa anual de inflaci\u00f3n en el mes de julio se situ\u00f3 en el 1,4% anual en Arag\u00f3n, dato id\u00e9ntico al registrado en el mes de junio. De forma similar, en el conjunto de Espa\u00f1a la inflaci\u00f3n qued\u00f3 en el 1,5% anual en\" \/>\n\t<meta name=\"robots\" content=\"max-image-preview:large\" \/>\n\t<meta name=\"author\" content=\"El Digital de Asturias\"\/>\n\t<meta name=\"google-site-verification\" content=\"UA-38556648-1\" \/>\n\t<meta name=\"msvalidate.01\" content=\"7dfe9f3f1b24437ab69f4f2559babe99\" \/>\n\t<meta name=\"keywords\" content=\"actualidad\" \/>\n\t<link rel=\"canonical\" href=\"https:\/\/www.eldigitaldeasturias.com\/noticias\/la-tasa-de-inflacion-en-julio-se-mantiene-en-el-14-anual-en-aragon\/\" \/>\n\t<meta name=\"generator\" content=\"All in One SEO Pro (AIOSEO) 5.0.1\" \/>\n\t\t<meta property=\"og:locale\" content=\"es_ES\" \/>\n\t\t<meta property=\"og:site_name\" content=\"El Digital de Asturias\" \/>\n\t\t<meta property=\"og:type\" content=\"article\" \/>\n\t\t<meta property=\"og:title\" content=\"La tasa de inflaci\u00f3n en julio se mantiene en el 1,4% anual en Arag\u00f3n - El Digital de Asturias\" \/>\n\t\t<meta property=\"og:description\" content=\"Seg\u00fan los datos publicados hoy por el Instituto Nacional de Estad\u00edstica (INE), la tasa anual de inflaci\u00f3n en el mes de julio se situ\u00f3 en el 1,4% anual en Arag\u00f3n, dato id\u00e9ntico al registrado en el mes de junio. De forma similar, en el conjunto de Espa\u00f1a la inflaci\u00f3n qued\u00f3 en el 1,5% anual en\" \/>\n\t\t<meta property=\"og:url\" content=\"https:\/\/www.eldigitaldeasturias.com\/noticias\/la-tasa-de-inflacion-en-julio-se-mantiene-en-el-14-anual-en-aragon\/\" \/>\n\t\t<meta property=\"article:tag\" content=\"actualidad\" \/>\n\t\t<meta property=\"article:published_time\" content=\"2017-08-11T16:10:27+00:00\" \/>\n\t\t<meta property=\"article:modified_time\" content=\"2017-08-11T16:10:27+00:00\" \/>\n\t\t<meta property=\"article:publisher\" content=\"https:\/\/facebook.com\/eldigitaldeasturias\" \/>\n\t\t<meta name=\"twitter:card\" content=\"summary_large_image\" \/>\n\t\t<meta name=\"twitter:title\" content=\"La tasa de inflaci\u00f3n en julio se mantiene en el 1,4% anual en Arag\u00f3n - El Digital de Asturias\" \/>\n\t\t<meta name=\"twitter:description\" content=\"Seg\u00fan los datos publicados hoy por el Instituto Nacional de Estad\u00edstica (INE), la tasa anual de inflaci\u00f3n en el mes de julio se situ\u00f3 en el 1,4% anual en Arag\u00f3n, dato id\u00e9ntico al registrado en el mes de junio. De forma similar, en el conjunto de Espa\u00f1a la inflaci\u00f3n qued\u00f3 en el 1,5% anual en\" \/>\n\t\t<meta name=\"twitter:image\" content=\"https:\/\/www.eldigitaldeasturias.com\/noticias\/wp-content\/uploads\/2020\/12\/EDA-1.jpg\" \/>\n\t\t<meta name=\"twitter:label1\" content=\"Escrito por\" \/>\n\t\t<meta name=\"twitter:data1\" content=\"El Digital de Asturias\" \/>\n\t\t<meta name=\"twitter:label2\" content=\"Tiempo de lectura estimado\" \/>\n\t\t<meta name=\"twitter:data2\" content=\"5 minutos\" \/>\n\t\t<script type=\"application\/ld+json\" class=\"aioseo-schema\">\n\t\t\t{\"@context\":\"https:\\\/\\\/schema.org\",\"@graph\":[{\"@type\":\"BlogPosting\",\"@id\":\"https:\\\/\\\/www.eldigitaldeasturias.com\\\/noticias\\\/la-tasa-de-inflacion-en-julio-se-mantiene-en-el-14-anual-en-aragon\\\/#blogposting\",\"name\":\"La tasa de inflaci\\u00f3n en julio se mantiene en el 1,4% anual en Arag\\u00f3n - El Digital de Asturias\",\"headline\":\"La tasa de inflaci\\u00f3n en julio se mantiene en el 1,4% anual en Arag\\u00f3n\",\"author\":{\"@id\":\"https:\\\/\\\/www.eldigitaldeasturias.com\\\/noticias\\\/author\\\/admin\\\/#author\"},\"publisher\":{\"@id\":\"https:\\\/\\\/www.eldigitaldeasturias.com\\\/noticias\\\/#organization\"},\"image\":{\"@type\":\"ImageObject\",\"url\":822740},\"datePublished\":\"2017-08-11T16:10:27+02:00\",\"dateModified\":\"2017-08-11T16:10:27+02:00\",\"inLanguage\":\"es-ES\",\"mainEntityOfPage\":{\"@id\":\"https:\\\/\\\/www.eldigitaldeasturias.com\\\/noticias\\\/la-tasa-de-inflacion-en-julio-se-mantiene-en-el-14-anual-en-aragon\\\/#webpage\"},\"isPartOf\":{\"@id\":\"https:\\\/\\\/www.eldigitaldeasturias.com\\\/noticias\\\/la-tasa-de-inflacion-en-julio-se-mantiene-en-el-14-anual-en-aragon\\\/#webpage\"},\"articleSection\":\"Actualidad\"},{\"@type\":\"BreadcrumbList\",\"@id\":\"https:\\\/\\\/www.eldigitaldeasturias.com\\\/noticias\\\/la-tasa-de-inflacion-en-julio-se-mantiene-en-el-14-anual-en-aragon\\\/#breadcrumblist\",\"itemListElement\":[{\"@type\":\"ListItem\",\"@id\":\"https:\\\/\\\/www.eldigitaldeasturias.com\\\/noticias#listItem\",\"position\":1,\"name\":\"Home\",\"item\":\"https:\\\/\\\/www.eldigitaldeasturias.com\\\/noticias\",\"nextItem\":{\"@type\":\"ListItem\",\"@id\":\"https:\\\/\\\/www.eldigitaldeasturias.com\\\/noticias\\\/category\\\/actualidad\\\/#listItem\",\"name\":\"Actualidad\"}},{\"@type\":\"ListItem\",\"@id\":\"https:\\\/\\\/www.eldigitaldeasturias.com\\\/noticias\\\/category\\\/actualidad\\\/#listItem\",\"position\":2,\"name\":\"Actualidad\",\"item\":\"https:\\\/\\\/www.eldigitaldeasturias.com\\\/noticias\\\/category\\\/actualidad\\\/\",\"nextItem\":{\"@type\":\"ListItem\",\"@id\":\"https:\\\/\\\/www.eldigitaldeasturias.com\\\/noticias\\\/la-tasa-de-inflacion-en-julio-se-mantiene-en-el-14-anual-en-aragon\\\/#listItem\",\"name\":\"La tasa de inflaci\\u00f3n en julio se mantiene en el 1,4% anual en Arag\\u00f3n\"},\"previousItem\":{\"@type\":\"ListItem\",\"@id\":\"https:\\\/\\\/www.eldigitaldeasturias.com\\\/noticias#listItem\",\"name\":\"Home\"}},{\"@type\":\"ListItem\",\"@id\":\"https:\\\/\\\/www.eldigitaldeasturias.com\\\/noticias\\\/la-tasa-de-inflacion-en-julio-se-mantiene-en-el-14-anual-en-aragon\\\/#listItem\",\"position\":3,\"name\":\"La tasa de inflaci\\u00f3n en julio se mantiene en el 1,4% anual en Arag\\u00f3n\",\"previousItem\":{\"@type\":\"ListItem\",\"@id\":\"https:\\\/\\\/www.eldigitaldeasturias.com\\\/noticias\\\/category\\\/actualidad\\\/#listItem\",\"name\":\"Actualidad\"}}]},{\"@type\":\"Organization\",\"@id\":\"https:\\\/\\\/www.eldigitaldeasturias.com\\\/noticias\\\/#organization\",\"name\":\"El Digital de Asturias\",\"description\":\"Hemeroteca\",\"url\":\"https:\\\/\\\/www.eldigitaldeasturias.com\\\/noticias\\\/\",\"email\":\"info@eldigitaldeasturias.com\",\"telephone\":\"+34652131393\",\"logo\":{\"@type\":\"ImageObject\",\"url\":\"https:\\\/\\\/www.eldigitaldeasturias.com\\\/noticias\\\/wp-content\\\/uploads\\\/2020\\\/12\\\/EDA.jpg\",\"@id\":\"https:\\\/\\\/www.eldigitaldeasturias.com\\\/noticias\\\/la-tasa-de-inflacion-en-julio-se-mantiene-en-el-14-anual-en-aragon\\\/#organizationLogo\"},\"image\":{\"@id\":\"https:\\\/\\\/www.eldigitaldeasturias.com\\\/noticias\\\/la-tasa-de-inflacion-en-julio-se-mantiene-en-el-14-anual-en-aragon\\\/#organizationLogo\"},\"sameAs\":[\"https:\\\/\\\/facebook.com\\\/eldigitaldeasturias\",\"https:\\\/\\\/www.youtube.com\\\/channel\\\/UCZP-2wLEB9Rv6erhFmqVnvg\"],\"address\":{\"@id\":\"https:\\\/\\\/www.eldigitaldeasturias.com\\\/noticias\\\/#postaladdress\",\"@type\":\"PostalAddress\",\"streetAddress\":\"san antonio 4\",\"postalCode\":\"33430\",\"addressLocality\":\"Cand\\u00e1s\",\"addressRegion\":\"Asturias\",\"addressCountry\":\"ES\"}},{\"@type\":\"Person\",\"@id\":\"https:\\\/\\\/www.eldigitaldeasturias.com\\\/noticias\\\/author\\\/admin\\\/#author\",\"url\":\"https:\\\/\\\/www.eldigitaldeasturias.com\\\/noticias\\\/author\\\/admin\\\/\",\"name\":\"El Digital de Asturias\",\"image\":{\"@type\":\"ImageObject\",\"@id\":\"https:\\\/\\\/www.eldigitaldeasturias.com\\\/noticias\\\/la-tasa-de-inflacion-en-julio-se-mantiene-en-el-14-anual-en-aragon\\\/#authorImage\",\"url\":\"https:\\\/\\\/secure.gravatar.com\\\/avatar\\\/df2aeffc32bcd13f8d26072ef8a91b623d677766deac7f97ca815868cd41bf5e?s=96&d=mm&r=g\",\"width\":96,\"height\":96,\"caption\":\"El Digital de Asturias\"}},{\"@type\":\"WebPage\",\"@id\":\"https:\\\/\\\/www.eldigitaldeasturias.com\\\/noticias\\\/la-tasa-de-inflacion-en-julio-se-mantiene-en-el-14-anual-en-aragon\\\/#webpage\",\"url\":\"https:\\\/\\\/www.eldigitaldeasturias.com\\\/noticias\\\/la-tasa-de-inflacion-en-julio-se-mantiene-en-el-14-anual-en-aragon\\\/\",\"name\":\"La tasa de inflaci\\u00f3n en julio se mantiene en el 1,4% anual en Arag\\u00f3n - El Digital de Asturias\",\"description\":\"Seg\\u00fan los datos publicados hoy por el Instituto Nacional de Estad\\u00edstica (INE), la tasa anual de inflaci\\u00f3n en el mes de julio se situ\\u00f3 en el 1,4% anual en Arag\\u00f3n, dato id\\u00e9ntico al registrado en el mes de junio. De forma similar, en el conjunto de Espa\\u00f1a la inflaci\\u00f3n qued\\u00f3 en el 1,5% anual en\",\"inLanguage\":\"es-ES\",\"isPartOf\":{\"@id\":\"https:\\\/\\\/www.eldigitaldeasturias.com\\\/noticias\\\/#website\"},\"breadcrumb\":{\"@id\":\"https:\\\/\\\/www.eldigitaldeasturias.com\\\/noticias\\\/la-tasa-de-inflacion-en-julio-se-mantiene-en-el-14-anual-en-aragon\\\/#breadcrumblist\"},\"author\":{\"@id\":\"https:\\\/\\\/www.eldigitaldeasturias.com\\\/noticias\\\/author\\\/admin\\\/#author\"},\"creator\":{\"@id\":\"https:\\\/\\\/www.eldigitaldeasturias.com\\\/noticias\\\/author\\\/admin\\\/#author\"},\"image\":{\"@type\":\"ImageObject\",\"url\":822740,\"@id\":\"https:\\\/\\\/www.eldigitaldeasturias.com\\\/noticias\\\/la-tasa-de-inflacion-en-julio-se-mantiene-en-el-14-anual-en-aragon\\\/#mainImage\"},\"primaryImageOfPage\":{\"@id\":\"https:\\\/\\\/www.eldigitaldeasturias.com\\\/noticias\\\/la-tasa-de-inflacion-en-julio-se-mantiene-en-el-14-anual-en-aragon\\\/#mainImage\"},\"datePublished\":\"2017-08-11T16:10:27+02:00\",\"dateModified\":\"2017-08-11T16:10:27+02:00\"},{\"@type\":\"WebSite\",\"@id\":\"https:\\\/\\\/www.eldigitaldeasturias.com\\\/noticias\\\/#website\",\"url\":\"https:\\\/\\\/www.eldigitaldeasturias.com\\\/noticias\\\/\",\"name\":\"El Digital de Asturias - Diario de actualidad y noticias\",\"alternateName\":\"El Digital de Asturias - Diario de actualidad y noticias\",\"description\":\"Hemeroteca\",\"inLanguage\":\"es-ES\",\"publisher\":{\"@id\":\"https:\\\/\\\/www.eldigitaldeasturias.com\\\/noticias\\\/#organization\"}}]}\n\t\t<\/script>\n\t\t<!-- All in One SEO Pro -->\r\n\t\t<title>La tasa de inflaci\u00f3n en julio se mantiene en el 1,4% anual en Arag\u00f3n - El Digital de Asturias<\/title>\n\n","aioseo_head_json":{"title":"La tasa de inflaci\u00f3n en julio se mantiene en el 1,4% anual en Arag\u00f3n - El Digital de Asturias","description":"Seg\u00fan los datos publicados hoy por el Instituto Nacional de Estad\u00edstica (INE), la tasa anual de inflaci\u00f3n en el mes de julio se situ\u00f3 en el 1,4% anual en Arag\u00f3n, dato id\u00e9ntico al registrado en el mes de junio. De forma similar, en el conjunto de Espa\u00f1a la inflaci\u00f3n qued\u00f3 en el 1,5% anual en","canonical_url":"https:\/\/www.eldigitaldeasturias.com\/noticias\/la-tasa-de-inflacion-en-julio-se-mantiene-en-el-14-anual-en-aragon\/","robots":"max-image-preview:large","keywords":"actualidad","webmasterTools":{"google-site-verification":"UA-38556648-1","msvalidate.01":"7dfe9f3f1b24437ab69f4f2559babe99","miscellaneous":""},"schema":{"@context":"https:\/\/schema.org","@graph":[{"@type":"BlogPosting","@id":"https:\/\/www.eldigitaldeasturias.com\/noticias\/la-tasa-de-inflacion-en-julio-se-mantiene-en-el-14-anual-en-aragon\/#blogposting","name":"La tasa de inflaci\u00f3n en julio se mantiene en el 1,4% anual en Arag\u00f3n - El Digital de Asturias","headline":"La tasa de inflaci\u00f3n en julio se mantiene en el 1,4% anual en Arag\u00f3n","author":{"@id":"https:\/\/www.eldigitaldeasturias.com\/noticias\/author\/admin\/#author"},"publisher":{"@id":"https:\/\/www.eldigitaldeasturias.com\/noticias\/#organization"},"image":{"@type":"ImageObject","url":822740},"datePublished":"2017-08-11T16:10:27+02:00","dateModified":"2017-08-11T16:10:27+02:00","inLanguage":"es-ES","mainEntityOfPage":{"@id":"https:\/\/www.eldigitaldeasturias.com\/noticias\/la-tasa-de-inflacion-en-julio-se-mantiene-en-el-14-anual-en-aragon\/#webpage"},"isPartOf":{"@id":"https:\/\/www.eldigitaldeasturias.com\/noticias\/la-tasa-de-inflacion-en-julio-se-mantiene-en-el-14-anual-en-aragon\/#webpage"},"articleSection":"Actualidad"},{"@type":"BreadcrumbList","@id":"https:\/\/www.eldigitaldeasturias.com\/noticias\/la-tasa-de-inflacion-en-julio-se-mantiene-en-el-14-anual-en-aragon\/#breadcrumblist","itemListElement":[{"@type":"ListItem","@id":"https:\/\/www.eldigitaldeasturias.com\/noticias#listItem","position":1,"name":"Home","item":"https:\/\/www.eldigitaldeasturias.com\/noticias","nextItem":{"@type":"ListItem","@id":"https:\/\/www.eldigitaldeasturias.com\/noticias\/category\/actualidad\/#listItem","name":"Actualidad"}},{"@type":"ListItem","@id":"https:\/\/www.eldigitaldeasturias.com\/noticias\/category\/actualidad\/#listItem","position":2,"name":"Actualidad","item":"https:\/\/www.eldigitaldeasturias.com\/noticias\/category\/actualidad\/","nextItem":{"@type":"ListItem","@id":"https:\/\/www.eldigitaldeasturias.com\/noticias\/la-tasa-de-inflacion-en-julio-se-mantiene-en-el-14-anual-en-aragon\/#listItem","name":"La tasa de inflaci\u00f3n en julio se mantiene en el 1,4% anual en Arag\u00f3n"},"previousItem":{"@type":"ListItem","@id":"https:\/\/www.eldigitaldeasturias.com\/noticias#listItem","name":"Home"}},{"@type":"ListItem","@id":"https:\/\/www.eldigitaldeasturias.com\/noticias\/la-tasa-de-inflacion-en-julio-se-mantiene-en-el-14-anual-en-aragon\/#listItem","position":3,"name":"La tasa de inflaci\u00f3n en julio se mantiene en el 1,4% anual en Arag\u00f3n","previousItem":{"@type":"ListItem","@id":"https:\/\/www.eldigitaldeasturias.com\/noticias\/category\/actualidad\/#listItem","name":"Actualidad"}}]},{"@type":"Organization","@id":"https:\/\/www.eldigitaldeasturias.com\/noticias\/#organization","name":"El Digital de Asturias","description":"Hemeroteca","url":"https:\/\/www.eldigitaldeasturias.com\/noticias\/","email":"info@eldigitaldeasturias.com","telephone":"+34652131393","logo":{"@type":"ImageObject","url":"https:\/\/www.eldigitaldeasturias.com\/noticias\/wp-content\/uploads\/2020\/12\/EDA.jpg","@id":"https:\/\/www.eldigitaldeasturias.com\/noticias\/la-tasa-de-inflacion-en-julio-se-mantiene-en-el-14-anual-en-aragon\/#organizationLogo"},"image":{"@id":"https:\/\/www.eldigitaldeasturias.com\/noticias\/la-tasa-de-inflacion-en-julio-se-mantiene-en-el-14-anual-en-aragon\/#organizationLogo"},"sameAs":["https:\/\/facebook.com\/eldigitaldeasturias","https:\/\/www.youtube.com\/channel\/UCZP-2wLEB9Rv6erhFmqVnvg"],"address":{"@id":"https:\/\/www.eldigitaldeasturias.com\/noticias\/#postaladdress","@type":"PostalAddress","streetAddress":"san antonio 4","postalCode":"33430","addressLocality":"Cand\u00e1s","addressRegion":"Asturias","addressCountry":"ES"}},{"@type":"Person","@id":"https:\/\/www.eldigitaldeasturias.com\/noticias\/author\/admin\/#author","url":"https:\/\/www.eldigitaldeasturias.com\/noticias\/author\/admin\/","name":"El Digital de Asturias","image":{"@type":"ImageObject","@id":"https:\/\/www.eldigitaldeasturias.com\/noticias\/la-tasa-de-inflacion-en-julio-se-mantiene-en-el-14-anual-en-aragon\/#authorImage","url":"https:\/\/secure.gravatar.com\/avatar\/df2aeffc32bcd13f8d26072ef8a91b623d677766deac7f97ca815868cd41bf5e?s=96&d=mm&r=g","width":96,"height":96,"caption":"El Digital de Asturias"}},{"@type":"WebPage","@id":"https:\/\/www.eldigitaldeasturias.com\/noticias\/la-tasa-de-inflacion-en-julio-se-mantiene-en-el-14-anual-en-aragon\/#webpage","url":"https:\/\/www.eldigitaldeasturias.com\/noticias\/la-tasa-de-inflacion-en-julio-se-mantiene-en-el-14-anual-en-aragon\/","name":"La tasa de inflaci\u00f3n en julio se mantiene en el 1,4% anual en Arag\u00f3n - El Digital de Asturias","description":"Seg\u00fan los datos publicados hoy por el Instituto Nacional de Estad\u00edstica (INE), la tasa anual de inflaci\u00f3n en el mes de julio se situ\u00f3 en el 1,4% anual en Arag\u00f3n, dato id\u00e9ntico al registrado en el mes de junio. De forma similar, en el conjunto de Espa\u00f1a la inflaci\u00f3n qued\u00f3 en el 1,5% anual en","inLanguage":"es-ES","isPartOf":{"@id":"https:\/\/www.eldigitaldeasturias.com\/noticias\/#website"},"breadcrumb":{"@id":"https:\/\/www.eldigitaldeasturias.com\/noticias\/la-tasa-de-inflacion-en-julio-se-mantiene-en-el-14-anual-en-aragon\/#breadcrumblist"},"author":{"@id":"https:\/\/www.eldigitaldeasturias.com\/noticias\/author\/admin\/#author"},"creator":{"@id":"https:\/\/www.eldigitaldeasturias.com\/noticias\/author\/admin\/#author"},"image":{"@type":"ImageObject","url":822740,"@id":"https:\/\/www.eldigitaldeasturias.com\/noticias\/la-tasa-de-inflacion-en-julio-se-mantiene-en-el-14-anual-en-aragon\/#mainImage"},"primaryImageOfPage":{"@id":"https:\/\/www.eldigitaldeasturias.com\/noticias\/la-tasa-de-inflacion-en-julio-se-mantiene-en-el-14-anual-en-aragon\/#mainImage"},"datePublished":"2017-08-11T16:10:27+02:00","dateModified":"2017-08-11T16:10:27+02:00"},{"@type":"WebSite","@id":"https:\/\/www.eldigitaldeasturias.com\/noticias\/#website","url":"https:\/\/www.eldigitaldeasturias.com\/noticias\/","name":"El Digital de Asturias - Diario de actualidad y noticias","alternateName":"El Digital de Asturias - Diario de actualidad y noticias","description":"Hemeroteca","inLanguage":"es-ES","publisher":{"@id":"https:\/\/www.eldigitaldeasturias.com\/noticias\/#organization"}}]},"og:locale":"es_ES","og:site_name":"El Digital de Asturias","og:type":"article","og:title":"La tasa de inflaci\u00f3n en julio se mantiene en el 1,4% anual en Arag\u00f3n - El Digital de Asturias","og:description":"Seg\u00fan los datos publicados hoy por el Instituto Nacional de Estad\u00edstica (INE), la tasa anual de inflaci\u00f3n en el mes de julio se situ\u00f3 en el 1,4% anual en Arag\u00f3n, dato id\u00e9ntico al registrado en el mes de junio. De forma similar, en el conjunto de Espa\u00f1a la inflaci\u00f3n qued\u00f3 en el 1,5% anual en","og:url":"https:\/\/www.eldigitaldeasturias.com\/noticias\/la-tasa-de-inflacion-en-julio-se-mantiene-en-el-14-anual-en-aragon\/","article:tag":["actualidad"],"article:published_time":"2017-08-11T16:10:27+00:00","article:modified_time":"2017-08-11T16:10:27+00:00","article:publisher":"https:\/\/facebook.com\/eldigitaldeasturias","twitter:card":"summary_large_image","twitter:title":"La tasa de inflaci\u00f3n en julio se mantiene en el 1,4% anual en Arag\u00f3n - El Digital de Asturias","twitter:description":"Seg\u00fan los datos publicados hoy por el Instituto Nacional de Estad\u00edstica (INE), la tasa anual de inflaci\u00f3n en el mes de julio se situ\u00f3 en el 1,4% anual en Arag\u00f3n, dato id\u00e9ntico al registrado en el mes de junio. De forma similar, en el conjunto de Espa\u00f1a la inflaci\u00f3n qued\u00f3 en el 1,5% anual en","twitter:image":"https:\/\/www.eldigitaldeasturias.com\/noticias\/wp-content\/uploads\/2020\/12\/EDA-1.jpg","twitter:label1":"Escrito por","twitter:data1":"El Digital de Asturias","twitter:label2":"Tiempo de lectura estimado","twitter:data2":"5 minutos"},"aioseo_meta_data":{"post_id":"949444","title":null,"description":null,"keywords":null,"keyphrases":null,"primary_term":null,"canonical_url":null,"og_title":null,"og_description":null,"og_object_type":"default","og_image_type":"default","og_image_url":null,"og_image_width":null,"og_image_height":null,"og_image_custom_url":null,"og_image_custom_fields":null,"og_video":null,"og_custom_url":null,"og_article_section":null,"og_article_tags":null,"twitter_use_og":false,"twitter_card":"default","twitter_image_type":"default","twitter_image_url":null,"twitter_image_custom_url":null,"twitter_image_custom_fields":null,"twitter_title":null,"twitter_description":null,"schema":{"blockGraphs":[],"customGraphs":[],"default":{"data":{"Article":[],"Course":[],"Dataset":[],"FAQPage":[],"Movie":[],"Person":[],"Product":[],"ProductReview":[],"Car":[],"Recipe":[],"Service":[],"SoftwareApplication":[],"WebPage":[]},"graphName":"","isEnabled":true},"graphs":[],"defaultGraph":"","defaultPostTypeGraph":""},"schema_type":null,"schema_type_options":null,"pillar_content":false,"robots_default":true,"robots_noindex":false,"robots_noarchive":false,"robots_nosnippet":false,"robots_nofollow":false,"robots_noimageindex":false,"robots_noodp":false,"robots_notranslate":false,"robots_max_snippet":null,"robots_max_videopreview":null,"robots_max_imagepreview":"large","priority":null,"frequency":null,"local_seo":null,"seo_analyzer_scan_date":"2025-12-05 12:23:12","breadcrumb_settings":null,"limit_modified_date":false,"open_ai":null,"ai":null,"created":"2020-12-21 13:01:41","updated":"2025-12-05 12:23:12","focus_keyword":null,"additional_keywords":null,"truseo_locale":null},"aioseo_breadcrumb":"<div class=\"aioseo-breadcrumbs\"><span class=\"aioseo-breadcrumb\">\n\t<a href=\"https:\/\/www.eldigitaldeasturias.com\/noticias\" title=\"Home\">Home<\/a>\n<\/span><span class=\"aioseo-breadcrumb-separator\">\u2013<\/span><span class=\"aioseo-breadcrumb\">\n\t<a href=\"https:\/\/www.eldigitaldeasturias.com\/noticias\/category\/actualidad\/\" title=\"Actualidad\">Actualidad<\/a>\n<\/span><span class=\"aioseo-breadcrumb-separator\">\u2013<\/span><span class=\"aioseo-breadcrumb\">\n\t<a href=\"https:\/\/www.eldigitaldeasturias.com\/noticias\/la-tasa-de-inflacion-en-julio-se-mantiene-en-el-14-anual-en-aragon\/\" title=\"La tasa de inflaci\u00f3n en julio se mantiene en el 1,4% anual en Arag\u00f3n\">La tasa de inflaci\u00f3n en julio se mantiene en el 1,4% anual en Arag\u00f3n<\/a>\n<\/span><\/div>","aioseo_breadcrumb_json":[{"label":"Home","link":"https:\/\/www.eldigitaldeasturias.com\/noticias"},{"label":"Actualidad","link":"https:\/\/www.eldigitaldeasturias.com\/noticias\/category\/actualidad\/"},{"label":"La tasa de inflaci\u00f3n en julio se mantiene en el 1,4% anual en Arag\u00f3n","link":"https:\/\/www.eldigitaldeasturias.com\/noticias\/la-tasa-de-inflacion-en-julio-se-mantiene-en-el-14-anual-en-aragon\/"}],"_links":{"self":[{"href":"https:\/\/www.eldigitaldeasturias.com\/noticias\/wp-json\/wp\/v2\/posts\/949444","targetHints":{"allow":["GET"]}}],"collection":[{"href":"https:\/\/www.eldigitaldeasturias.com\/noticias\/wp-json\/wp\/v2\/posts"}],"about":[{"href":"https:\/\/www.eldigitaldeasturias.com\/noticias\/wp-json\/wp\/v2\/types\/post"}],"author":[{"embeddable":true,"href":"https:\/\/www.eldigitaldeasturias.com\/noticias\/wp-json\/wp\/v2\/users\/1"}],"replies":[{"embeddable":true,"href":"https:\/\/www.eldigitaldeasturias.com\/noticias\/wp-json\/wp\/v2\/comments?post=949444"}],"version-history":[{"count":0,"href":"https:\/\/www.eldigitaldeasturias.com\/noticias\/wp-json\/wp\/v2\/posts\/949444\/revisions"}],"wp:attachment":[{"href":"https:\/\/www.eldigitaldeasturias.com\/noticias\/wp-json\/wp\/v2\/media?parent=949444"}],"wp:term":[{"taxonomy":"category","embeddable":true,"href":"https:\/\/www.eldigitaldeasturias.com\/noticias\/wp-json\/wp\/v2\/categories?post=949444"},{"taxonomy":"post_tag","embeddable":true,"href":"https:\/\/www.eldigitaldeasturias.com\/noticias\/wp-json\/wp\/v2\/tags?post=949444"}],"curies":[{"name":"wp","href":"https:\/\/api.w.org\/{rel}","templated":true}]}}