{"id":949428,"date":"2017-08-11T13:06:05","date_gmt":"2017-08-11T13:06:05","guid":{"rendered":"http:\/\/www.eldigitaldeasturias.com\/noticias\/?p=949428"},"modified":"2017-08-11T13:06:05","modified_gmt":"2017-08-11T13:06:05","slug":"carlos-santos-y-el-hombre-de-las-mil-caras-llenan-el-parc-de-la-mar","status":"publish","type":"post","link":"https:\/\/www.eldigitaldeasturias.com\/noticias\/carlos-santos-y-el-hombre-de-las-mil-caras-llenan-el-parc-de-la-mar\/","title":{"rendered":"Carlos Santos y \u00abEl hombre de las mil caras llenan\u00bb el Parc de la Mar"},"content":{"rendered":"<p><img loading=\"lazy\" decoding=\"async\" class=\"alignleft size-medium wp-image-949429\" src=\"https:\/\/www.eldigitaldeasturias.com\/noticias\/wp-content\/uploads\/2017\/08\/microsite-360x249.jpg\" alt=\"\" width=\"360\" height=\"249\" \/>Carlos Santos viaj\u00f3 a Palma este jueves para presentar al p\u00fablico la historia que le vali\u00f3 el Goya a Mejor Actor Revelaci\u00f3n. \u00abEstoy encantado de repetir en el ciclo y m\u00e1s en este marco incomparable de Palma\u201d, manifest\u00f3 sobre esta iniciativa de cine itinerante, impulsada conjuntamente por Gas Natural Fenosa y la Academia de Cine, que busca acercar el cine espa\u00f1ol a los espectadores. Y es que, despu\u00e9s de participar en febrero en el ciclo de los Premios Goya, viaj\u00f3 de nuevo en verano con El hombre de las mil caras.<\/p>\n<p>\u00abTrabajar con Alberto Rodr\u00edguez es un privilegio, al igual que con Eduard Fern\u00e1ndez y Jose Coronado\u00bb, asegur\u00f3 a los m\u00e1s de 700 espectadores congregados en el Parc de la Mar de la capital balear. La tierra no le era desconocida, ya que en Mallorca rod\u00f3 El perfecto desconocido, la \u00f3pera prima de Toni Bestard. \u00abDe aqu\u00ed tengo muy buenos recuerdos\u00bb, manifest\u00f3.<\/p>\n<p>Santos, que estrenar\u00e1 pr\u00f3ximamente la serie Ella es tu padre en Telecinco, interpret\u00f3 en la pel\u00edcula a Luis Rold\u00e1n, pol\u00edtico y exdirector de la Guardia Civil. \u00abTienes un referente muy claro, que adem\u00e1s est\u00e1 vivo, pero a los pocos d\u00edas de trabajo lo tomas como un personaje de ficci\u00f3n\u201d, relat\u00f3 sobre el proceso para preparar el personaje, en el que declinaron entrevistarse con el verdadero Luis Rold\u00e1n. \u00abLa pel\u00edcula est\u00e1 ambientada en los a\u00f1os 90 y el Rold\u00e1n de hoy en d\u00eda poco ten\u00eda que ver con ese poderoso hombre\u201d, explic\u00f3.<\/p>\n<p>La acogida de esta iniciativa por parte de la capital mallorquina, tambi\u00e9n la escenific\u00f3 el regidor de Cultura del Ayuntamiento de Palma, presente en la proyecci\u00f3n, al igual que Joan Teixid\u00f3, de Gas Natural Fenosa. Esta proyecci\u00f3n cont\u00f3 con la colaboraci\u00f3n del Consell de Mallorca, GOIB-ATB (Agencia de Turismo Balear) y el Cinema a la Fresca del Ayuntamiento de Palma.<\/p>\n<p>El Ciclo Gas Natural Fenosa de Cine Itinerante \u2013que ha acercado el mejor cine espa\u00f1ol a m\u00e1s de 45.000 espectadores de m\u00e1s de 75 ciudades espa\u00f1olas, desde julio de 2013\u2013ha regresado en los meses estivales. En esta novena edici\u00f3n, pasa por diez ciudades de nuestra geograf\u00eda, a las que lleva los largometrajes que han marcado 2016 y los primeros meses de 2017.<\/p>\n<p>Tras la parada de Palma, la iniciativa har\u00e1 parada en C\u00e1diz, Gij\u00f3n, Sagunto, Ribadeo y Sabadell contribuyendo, una vez m\u00e1s, a llevar el s\u00e9ptimo arte espa\u00f1ol a diversos rincones de nuestro pa\u00eds.<\/p>\n<p>&nbsp;<\/p>\n","protected":false},"excerpt":{"rendered":"<p>Carlos Santos viaj\u00f3 a Palma este jueves para presentar al p\u00fablico la historia que le vali\u00f3 el Goya a Mejor Actor Revelaci\u00f3n. \u00abEstoy encantado de repetir en el ciclo y m\u00e1s en este marco incomparable de Palma\u201d, manifest\u00f3 sobre esta iniciativa de cine itinerante, impulsada conjuntamente por Gas Natural Fenosa y la Academia de Cine, [&hellip;]<\/p>\n","protected":false},"author":1,"featured_media":949429,"comment_status":"closed","ping_status":"closed","sticky":false,"template":"","format":"standard","meta":{"footnotes":""},"categories":[1],"tags":[],"class_list":["post-949428","post","type-post","status-publish","format-standard","has-post-thumbnail","hentry","category-actualidad"],"aioseo_notices":[],"aioseo_head":"\n\t\t<!-- All in One SEO Pro 5.0.1 - aioseo.com -->\n\t<meta name=\"description\" content=\"Carlos Santos viaj\u00f3 a Palma este jueves para presentar al p\u00fablico la historia que le vali\u00f3 el Goya a Mejor Actor Revelaci\u00f3n. &quot;Estoy encantado de repetir en el ciclo y m\u00e1s en este marco incomparable de Palma\u201d, manifest\u00f3 sobre esta iniciativa de cine itinerante, impulsada conjuntamente por Gas Natural Fenosa y la Academia de Cine,\" \/>\n\t<meta name=\"robots\" content=\"max-image-preview:large\" \/>\n\t<meta name=\"author\" content=\"El Digital de Asturias\"\/>\n\t<meta name=\"google-site-verification\" content=\"UA-38556648-1\" \/>\n\t<meta name=\"msvalidate.01\" content=\"7dfe9f3f1b24437ab69f4f2559babe99\" \/>\n\t<meta name=\"keywords\" content=\"actualidad\" \/>\n\t<link rel=\"canonical\" href=\"https:\/\/www.eldigitaldeasturias.com\/noticias\/carlos-santos-y-el-hombre-de-las-mil-caras-llenan-el-parc-de-la-mar\/\" \/>\n\t<meta name=\"generator\" content=\"All in One SEO Pro (AIOSEO) 5.0.1\" \/>\n\t\t<meta property=\"og:locale\" content=\"es_ES\" \/>\n\t\t<meta property=\"og:site_name\" content=\"El Digital de Asturias\" \/>\n\t\t<meta property=\"og:type\" content=\"article\" \/>\n\t\t<meta property=\"og:title\" content=\"Carlos Santos y \u00abEl hombre de las mil caras llenan\u00bb el Parc de la Mar - El Digital de Asturias\" \/>\n\t\t<meta property=\"og:description\" content=\"Carlos Santos viaj\u00f3 a Palma este jueves para presentar al p\u00fablico la historia que le vali\u00f3 el Goya a Mejor Actor Revelaci\u00f3n. &quot;Estoy encantado de repetir en el ciclo y m\u00e1s en este marco incomparable de Palma\u201d, manifest\u00f3 sobre esta iniciativa de cine itinerante, impulsada conjuntamente por Gas Natural Fenosa y la Academia de Cine,\" \/>\n\t\t<meta property=\"og:url\" content=\"https:\/\/www.eldigitaldeasturias.com\/noticias\/carlos-santos-y-el-hombre-de-las-mil-caras-llenan-el-parc-de-la-mar\/\" \/>\n\t\t<meta property=\"article:tag\" content=\"actualidad\" \/>\n\t\t<meta property=\"article:published_time\" content=\"2017-08-11T13:06:05+00:00\" \/>\n\t\t<meta property=\"article:modified_time\" content=\"2017-08-11T13:06:05+00:00\" \/>\n\t\t<meta property=\"article:publisher\" content=\"https:\/\/facebook.com\/eldigitaldeasturias\" \/>\n\t\t<meta name=\"twitter:card\" content=\"summary_large_image\" \/>\n\t\t<meta name=\"twitter:title\" content=\"Carlos Santos y \u00abEl hombre de las mil caras llenan\u00bb el Parc de la Mar - El Digital de Asturias\" \/>\n\t\t<meta name=\"twitter:description\" content=\"Carlos Santos viaj\u00f3 a Palma este jueves para presentar al p\u00fablico la historia que le vali\u00f3 el Goya a Mejor Actor Revelaci\u00f3n. &quot;Estoy encantado de repetir en el ciclo y m\u00e1s en este marco incomparable de Palma\u201d, manifest\u00f3 sobre esta iniciativa de cine itinerante, impulsada conjuntamente por Gas Natural Fenosa y la Academia de Cine,\" \/>\n\t\t<meta name=\"twitter:image\" content=\"https:\/\/www.eldigitaldeasturias.com\/noticias\/wp-content\/uploads\/2020\/12\/EDA-1.jpg\" \/>\n\t\t<meta name=\"twitter:label1\" content=\"Escrito por\" \/>\n\t\t<meta name=\"twitter:data1\" content=\"El Digital de Asturias\" \/>\n\t\t<meta name=\"twitter:label2\" content=\"Tiempo de lectura estimado\" \/>\n\t\t<meta name=\"twitter:data2\" content=\"2 minutos\" \/>\n\t\t<script type=\"application\/ld+json\" class=\"aioseo-schema\">\n\t\t\t{\"@context\":\"https:\\\/\\\/schema.org\",\"@graph\":[{\"@type\":\"BlogPosting\",\"@id\":\"https:\\\/\\\/www.eldigitaldeasturias.com\\\/noticias\\\/carlos-santos-y-el-hombre-de-las-mil-caras-llenan-el-parc-de-la-mar\\\/#blogposting\",\"name\":\"Carlos Santos y \\u00abEl hombre de las mil caras llenan\\u00bb el Parc de la Mar - El Digital de Asturias\",\"headline\":\"Carlos Santos y \\u00abEl hombre de las mil caras llenan\\u00bb el Parc de la Mar\",\"author\":{\"@id\":\"https:\\\/\\\/www.eldigitaldeasturias.com\\\/noticias\\\/author\\\/admin\\\/#author\"},\"publisher\":{\"@id\":\"https:\\\/\\\/www.eldigitaldeasturias.com\\\/noticias\\\/#organization\"},\"image\":{\"@type\":\"ImageObject\",\"url\":949429},\"datePublished\":\"2017-08-11T13:06:05+02:00\",\"dateModified\":\"2017-08-11T13:06:05+02:00\",\"inLanguage\":\"es-ES\",\"mainEntityOfPage\":{\"@id\":\"https:\\\/\\\/www.eldigitaldeasturias.com\\\/noticias\\\/carlos-santos-y-el-hombre-de-las-mil-caras-llenan-el-parc-de-la-mar\\\/#webpage\"},\"isPartOf\":{\"@id\":\"https:\\\/\\\/www.eldigitaldeasturias.com\\\/noticias\\\/carlos-santos-y-el-hombre-de-las-mil-caras-llenan-el-parc-de-la-mar\\\/#webpage\"},\"articleSection\":\"Actualidad\"},{\"@type\":\"BreadcrumbList\",\"@id\":\"https:\\\/\\\/www.eldigitaldeasturias.com\\\/noticias\\\/carlos-santos-y-el-hombre-de-las-mil-caras-llenan-el-parc-de-la-mar\\\/#breadcrumblist\",\"itemListElement\":[{\"@type\":\"ListItem\",\"@id\":\"https:\\\/\\\/www.eldigitaldeasturias.com\\\/noticias#listItem\",\"position\":1,\"name\":\"Home\",\"item\":\"https:\\\/\\\/www.eldigitaldeasturias.com\\\/noticias\",\"nextItem\":{\"@type\":\"ListItem\",\"@id\":\"https:\\\/\\\/www.eldigitaldeasturias.com\\\/noticias\\\/category\\\/actualidad\\\/#listItem\",\"name\":\"Actualidad\"}},{\"@type\":\"ListItem\",\"@id\":\"https:\\\/\\\/www.eldigitaldeasturias.com\\\/noticias\\\/category\\\/actualidad\\\/#listItem\",\"position\":2,\"name\":\"Actualidad\",\"item\":\"https:\\\/\\\/www.eldigitaldeasturias.com\\\/noticias\\\/category\\\/actualidad\\\/\",\"nextItem\":{\"@type\":\"ListItem\",\"@id\":\"https:\\\/\\\/www.eldigitaldeasturias.com\\\/noticias\\\/carlos-santos-y-el-hombre-de-las-mil-caras-llenan-el-parc-de-la-mar\\\/#listItem\",\"name\":\"Carlos Santos y \\u00abEl hombre de las mil caras llenan\\u00bb el Parc de la Mar\"},\"previousItem\":{\"@type\":\"ListItem\",\"@id\":\"https:\\\/\\\/www.eldigitaldeasturias.com\\\/noticias#listItem\",\"name\":\"Home\"}},{\"@type\":\"ListItem\",\"@id\":\"https:\\\/\\\/www.eldigitaldeasturias.com\\\/noticias\\\/carlos-santos-y-el-hombre-de-las-mil-caras-llenan-el-parc-de-la-mar\\\/#listItem\",\"position\":3,\"name\":\"Carlos Santos y \\u00abEl hombre de las mil caras llenan\\u00bb el Parc de la Mar\",\"previousItem\":{\"@type\":\"ListItem\",\"@id\":\"https:\\\/\\\/www.eldigitaldeasturias.com\\\/noticias\\\/category\\\/actualidad\\\/#listItem\",\"name\":\"Actualidad\"}}]},{\"@type\":\"Organization\",\"@id\":\"https:\\\/\\\/www.eldigitaldeasturias.com\\\/noticias\\\/#organization\",\"name\":\"El Digital de Asturias\",\"description\":\"Hemeroteca\",\"url\":\"https:\\\/\\\/www.eldigitaldeasturias.com\\\/noticias\\\/\",\"email\":\"info@eldigitaldeasturias.com\",\"telephone\":\"+34652131393\",\"logo\":{\"@type\":\"ImageObject\",\"url\":\"https:\\\/\\\/www.eldigitaldeasturias.com\\\/noticias\\\/wp-content\\\/uploads\\\/2020\\\/12\\\/EDA.jpg\",\"@id\":\"https:\\\/\\\/www.eldigitaldeasturias.com\\\/noticias\\\/carlos-santos-y-el-hombre-de-las-mil-caras-llenan-el-parc-de-la-mar\\\/#organizationLogo\"},\"image\":{\"@id\":\"https:\\\/\\\/www.eldigitaldeasturias.com\\\/noticias\\\/carlos-santos-y-el-hombre-de-las-mil-caras-llenan-el-parc-de-la-mar\\\/#organizationLogo\"},\"sameAs\":[\"https:\\\/\\\/facebook.com\\\/eldigitaldeasturias\",\"https:\\\/\\\/www.youtube.com\\\/channel\\\/UCZP-2wLEB9Rv6erhFmqVnvg\"],\"address\":{\"@id\":\"https:\\\/\\\/www.eldigitaldeasturias.com\\\/noticias\\\/#postaladdress\",\"@type\":\"PostalAddress\",\"streetAddress\":\"san antonio 4\",\"postalCode\":\"33430\",\"addressLocality\":\"Cand\\u00e1s\",\"addressRegion\":\"Asturias\",\"addressCountry\":\"ES\"}},{\"@type\":\"Person\",\"@id\":\"https:\\\/\\\/www.eldigitaldeasturias.com\\\/noticias\\\/author\\\/admin\\\/#author\",\"url\":\"https:\\\/\\\/www.eldigitaldeasturias.com\\\/noticias\\\/author\\\/admin\\\/\",\"name\":\"El Digital de Asturias\",\"image\":{\"@type\":\"ImageObject\",\"@id\":\"https:\\\/\\\/www.eldigitaldeasturias.com\\\/noticias\\\/carlos-santos-y-el-hombre-de-las-mil-caras-llenan-el-parc-de-la-mar\\\/#authorImage\",\"url\":\"https:\\\/\\\/secure.gravatar.com\\\/avatar\\\/df2aeffc32bcd13f8d26072ef8a91b623d677766deac7f97ca815868cd41bf5e?s=96&d=mm&r=g\",\"width\":96,\"height\":96,\"caption\":\"El Digital de Asturias\"}},{\"@type\":\"WebPage\",\"@id\":\"https:\\\/\\\/www.eldigitaldeasturias.com\\\/noticias\\\/carlos-santos-y-el-hombre-de-las-mil-caras-llenan-el-parc-de-la-mar\\\/#webpage\",\"url\":\"https:\\\/\\\/www.eldigitaldeasturias.com\\\/noticias\\\/carlos-santos-y-el-hombre-de-las-mil-caras-llenan-el-parc-de-la-mar\\\/\",\"name\":\"Carlos Santos y \\u00abEl hombre de las mil caras llenan\\u00bb el Parc de la Mar - El Digital de Asturias\",\"description\":\"Carlos Santos viaj\\u00f3 a Palma este jueves para presentar al p\\u00fablico la historia que le vali\\u00f3 el Goya a Mejor Actor Revelaci\\u00f3n. \\\"Estoy encantado de repetir en el ciclo y m\\u00e1s en este marco incomparable de Palma\\u201d, manifest\\u00f3 sobre esta iniciativa de cine itinerante, impulsada conjuntamente por Gas Natural Fenosa y la Academia de Cine,\",\"inLanguage\":\"es-ES\",\"isPartOf\":{\"@id\":\"https:\\\/\\\/www.eldigitaldeasturias.com\\\/noticias\\\/#website\"},\"breadcrumb\":{\"@id\":\"https:\\\/\\\/www.eldigitaldeasturias.com\\\/noticias\\\/carlos-santos-y-el-hombre-de-las-mil-caras-llenan-el-parc-de-la-mar\\\/#breadcrumblist\"},\"author\":{\"@id\":\"https:\\\/\\\/www.eldigitaldeasturias.com\\\/noticias\\\/author\\\/admin\\\/#author\"},\"creator\":{\"@id\":\"https:\\\/\\\/www.eldigitaldeasturias.com\\\/noticias\\\/author\\\/admin\\\/#author\"},\"image\":{\"@type\":\"ImageObject\",\"url\":949429,\"@id\":\"https:\\\/\\\/www.eldigitaldeasturias.com\\\/noticias\\\/carlos-santos-y-el-hombre-de-las-mil-caras-llenan-el-parc-de-la-mar\\\/#mainImage\"},\"primaryImageOfPage\":{\"@id\":\"https:\\\/\\\/www.eldigitaldeasturias.com\\\/noticias\\\/carlos-santos-y-el-hombre-de-las-mil-caras-llenan-el-parc-de-la-mar\\\/#mainImage\"},\"datePublished\":\"2017-08-11T13:06:05+02:00\",\"dateModified\":\"2017-08-11T13:06:05+02:00\"},{\"@type\":\"WebSite\",\"@id\":\"https:\\\/\\\/www.eldigitaldeasturias.com\\\/noticias\\\/#website\",\"url\":\"https:\\\/\\\/www.eldigitaldeasturias.com\\\/noticias\\\/\",\"name\":\"El Digital de Asturias - Diario de actualidad y noticias\",\"alternateName\":\"El Digital de Asturias - Diario de actualidad y noticias\",\"description\":\"Hemeroteca\",\"inLanguage\":\"es-ES\",\"publisher\":{\"@id\":\"https:\\\/\\\/www.eldigitaldeasturias.com\\\/noticias\\\/#organization\"}}]}\n\t\t<\/script>\n\t\t<!-- All in One SEO Pro -->\r\n\t\t<title>Carlos Santos y \u00abEl hombre de las mil caras llenan\u00bb el Parc de la Mar - El Digital de Asturias<\/title>\n\n","aioseo_head_json":{"title":"Carlos Santos y \u00abEl hombre de las mil caras llenan\u00bb el Parc de la Mar - El Digital de Asturias","description":"Carlos Santos viaj\u00f3 a Palma este jueves para presentar al p\u00fablico la historia que le vali\u00f3 el Goya a Mejor Actor Revelaci\u00f3n. \"Estoy encantado de repetir en el ciclo y m\u00e1s en este marco incomparable de Palma\u201d, manifest\u00f3 sobre esta iniciativa de cine itinerante, impulsada conjuntamente por Gas Natural Fenosa y la Academia de Cine,","canonical_url":"https:\/\/www.eldigitaldeasturias.com\/noticias\/carlos-santos-y-el-hombre-de-las-mil-caras-llenan-el-parc-de-la-mar\/","robots":"max-image-preview:large","keywords":"actualidad","webmasterTools":{"google-site-verification":"UA-38556648-1","msvalidate.01":"7dfe9f3f1b24437ab69f4f2559babe99","miscellaneous":""},"schema":{"@context":"https:\/\/schema.org","@graph":[{"@type":"BlogPosting","@id":"https:\/\/www.eldigitaldeasturias.com\/noticias\/carlos-santos-y-el-hombre-de-las-mil-caras-llenan-el-parc-de-la-mar\/#blogposting","name":"Carlos Santos y \u00abEl hombre de las mil caras llenan\u00bb el Parc de la Mar - El Digital de Asturias","headline":"Carlos Santos y \u00abEl hombre de las mil caras llenan\u00bb el Parc de la Mar","author":{"@id":"https:\/\/www.eldigitaldeasturias.com\/noticias\/author\/admin\/#author"},"publisher":{"@id":"https:\/\/www.eldigitaldeasturias.com\/noticias\/#organization"},"image":{"@type":"ImageObject","url":949429},"datePublished":"2017-08-11T13:06:05+02:00","dateModified":"2017-08-11T13:06:05+02:00","inLanguage":"es-ES","mainEntityOfPage":{"@id":"https:\/\/www.eldigitaldeasturias.com\/noticias\/carlos-santos-y-el-hombre-de-las-mil-caras-llenan-el-parc-de-la-mar\/#webpage"},"isPartOf":{"@id":"https:\/\/www.eldigitaldeasturias.com\/noticias\/carlos-santos-y-el-hombre-de-las-mil-caras-llenan-el-parc-de-la-mar\/#webpage"},"articleSection":"Actualidad"},{"@type":"BreadcrumbList","@id":"https:\/\/www.eldigitaldeasturias.com\/noticias\/carlos-santos-y-el-hombre-de-las-mil-caras-llenan-el-parc-de-la-mar\/#breadcrumblist","itemListElement":[{"@type":"ListItem","@id":"https:\/\/www.eldigitaldeasturias.com\/noticias#listItem","position":1,"name":"Home","item":"https:\/\/www.eldigitaldeasturias.com\/noticias","nextItem":{"@type":"ListItem","@id":"https:\/\/www.eldigitaldeasturias.com\/noticias\/category\/actualidad\/#listItem","name":"Actualidad"}},{"@type":"ListItem","@id":"https:\/\/www.eldigitaldeasturias.com\/noticias\/category\/actualidad\/#listItem","position":2,"name":"Actualidad","item":"https:\/\/www.eldigitaldeasturias.com\/noticias\/category\/actualidad\/","nextItem":{"@type":"ListItem","@id":"https:\/\/www.eldigitaldeasturias.com\/noticias\/carlos-santos-y-el-hombre-de-las-mil-caras-llenan-el-parc-de-la-mar\/#listItem","name":"Carlos Santos y \u00abEl hombre de las mil caras llenan\u00bb el Parc de la Mar"},"previousItem":{"@type":"ListItem","@id":"https:\/\/www.eldigitaldeasturias.com\/noticias#listItem","name":"Home"}},{"@type":"ListItem","@id":"https:\/\/www.eldigitaldeasturias.com\/noticias\/carlos-santos-y-el-hombre-de-las-mil-caras-llenan-el-parc-de-la-mar\/#listItem","position":3,"name":"Carlos Santos y \u00abEl hombre de las mil caras llenan\u00bb el Parc de la Mar","previousItem":{"@type":"ListItem","@id":"https:\/\/www.eldigitaldeasturias.com\/noticias\/category\/actualidad\/#listItem","name":"Actualidad"}}]},{"@type":"Organization","@id":"https:\/\/www.eldigitaldeasturias.com\/noticias\/#organization","name":"El Digital de Asturias","description":"Hemeroteca","url":"https:\/\/www.eldigitaldeasturias.com\/noticias\/","email":"info@eldigitaldeasturias.com","telephone":"+34652131393","logo":{"@type":"ImageObject","url":"https:\/\/www.eldigitaldeasturias.com\/noticias\/wp-content\/uploads\/2020\/12\/EDA.jpg","@id":"https:\/\/www.eldigitaldeasturias.com\/noticias\/carlos-santos-y-el-hombre-de-las-mil-caras-llenan-el-parc-de-la-mar\/#organizationLogo"},"image":{"@id":"https:\/\/www.eldigitaldeasturias.com\/noticias\/carlos-santos-y-el-hombre-de-las-mil-caras-llenan-el-parc-de-la-mar\/#organizationLogo"},"sameAs":["https:\/\/facebook.com\/eldigitaldeasturias","https:\/\/www.youtube.com\/channel\/UCZP-2wLEB9Rv6erhFmqVnvg"],"address":{"@id":"https:\/\/www.eldigitaldeasturias.com\/noticias\/#postaladdress","@type":"PostalAddress","streetAddress":"san antonio 4","postalCode":"33430","addressLocality":"Cand\u00e1s","addressRegion":"Asturias","addressCountry":"ES"}},{"@type":"Person","@id":"https:\/\/www.eldigitaldeasturias.com\/noticias\/author\/admin\/#author","url":"https:\/\/www.eldigitaldeasturias.com\/noticias\/author\/admin\/","name":"El Digital de Asturias","image":{"@type":"ImageObject","@id":"https:\/\/www.eldigitaldeasturias.com\/noticias\/carlos-santos-y-el-hombre-de-las-mil-caras-llenan-el-parc-de-la-mar\/#authorImage","url":"https:\/\/secure.gravatar.com\/avatar\/df2aeffc32bcd13f8d26072ef8a91b623d677766deac7f97ca815868cd41bf5e?s=96&d=mm&r=g","width":96,"height":96,"caption":"El Digital de Asturias"}},{"@type":"WebPage","@id":"https:\/\/www.eldigitaldeasturias.com\/noticias\/carlos-santos-y-el-hombre-de-las-mil-caras-llenan-el-parc-de-la-mar\/#webpage","url":"https:\/\/www.eldigitaldeasturias.com\/noticias\/carlos-santos-y-el-hombre-de-las-mil-caras-llenan-el-parc-de-la-mar\/","name":"Carlos Santos y \u00abEl hombre de las mil caras llenan\u00bb el Parc de la Mar - El Digital de Asturias","description":"Carlos Santos viaj\u00f3 a Palma este jueves para presentar al p\u00fablico la historia que le vali\u00f3 el Goya a Mejor Actor Revelaci\u00f3n. \"Estoy encantado de repetir en el ciclo y m\u00e1s en este marco incomparable de Palma\u201d, manifest\u00f3 sobre esta iniciativa de cine itinerante, impulsada conjuntamente por Gas Natural Fenosa y la Academia de Cine,","inLanguage":"es-ES","isPartOf":{"@id":"https:\/\/www.eldigitaldeasturias.com\/noticias\/#website"},"breadcrumb":{"@id":"https:\/\/www.eldigitaldeasturias.com\/noticias\/carlos-santos-y-el-hombre-de-las-mil-caras-llenan-el-parc-de-la-mar\/#breadcrumblist"},"author":{"@id":"https:\/\/www.eldigitaldeasturias.com\/noticias\/author\/admin\/#author"},"creator":{"@id":"https:\/\/www.eldigitaldeasturias.com\/noticias\/author\/admin\/#author"},"image":{"@type":"ImageObject","url":949429,"@id":"https:\/\/www.eldigitaldeasturias.com\/noticias\/carlos-santos-y-el-hombre-de-las-mil-caras-llenan-el-parc-de-la-mar\/#mainImage"},"primaryImageOfPage":{"@id":"https:\/\/www.eldigitaldeasturias.com\/noticias\/carlos-santos-y-el-hombre-de-las-mil-caras-llenan-el-parc-de-la-mar\/#mainImage"},"datePublished":"2017-08-11T13:06:05+02:00","dateModified":"2017-08-11T13:06:05+02:00"},{"@type":"WebSite","@id":"https:\/\/www.eldigitaldeasturias.com\/noticias\/#website","url":"https:\/\/www.eldigitaldeasturias.com\/noticias\/","name":"El Digital de Asturias - Diario de actualidad y noticias","alternateName":"El Digital de Asturias - Diario de actualidad y noticias","description":"Hemeroteca","inLanguage":"es-ES","publisher":{"@id":"https:\/\/www.eldigitaldeasturias.com\/noticias\/#organization"}}]},"og:locale":"es_ES","og:site_name":"El Digital de Asturias","og:type":"article","og:title":"Carlos Santos y \u00abEl hombre de las mil caras llenan\u00bb el Parc de la Mar - El Digital de Asturias","og:description":"Carlos Santos viaj\u00f3 a Palma este jueves para presentar al p\u00fablico la historia que le vali\u00f3 el Goya a Mejor Actor Revelaci\u00f3n. &quot;Estoy encantado de repetir en el ciclo y m\u00e1s en este marco incomparable de Palma\u201d, manifest\u00f3 sobre esta iniciativa de cine itinerante, impulsada conjuntamente por Gas Natural Fenosa y la Academia de Cine,","og:url":"https:\/\/www.eldigitaldeasturias.com\/noticias\/carlos-santos-y-el-hombre-de-las-mil-caras-llenan-el-parc-de-la-mar\/","article:tag":["actualidad"],"article:published_time":"2017-08-11T13:06:05+00:00","article:modified_time":"2017-08-11T13:06:05+00:00","article:publisher":"https:\/\/facebook.com\/eldigitaldeasturias","twitter:card":"summary_large_image","twitter:title":"Carlos Santos y \u00abEl hombre de las mil caras llenan\u00bb el Parc de la Mar - El Digital de Asturias","twitter:description":"Carlos Santos viaj\u00f3 a Palma este jueves para presentar al p\u00fablico la historia que le vali\u00f3 el Goya a Mejor Actor Revelaci\u00f3n. &quot;Estoy encantado de repetir en el ciclo y m\u00e1s en este marco incomparable de Palma\u201d, manifest\u00f3 sobre esta iniciativa de cine itinerante, impulsada conjuntamente por Gas Natural Fenosa y la Academia de Cine,","twitter:image":"https:\/\/www.eldigitaldeasturias.com\/noticias\/wp-content\/uploads\/2020\/12\/EDA-1.jpg","twitter:label1":"Escrito por","twitter:data1":"El Digital de Asturias","twitter:label2":"Tiempo de lectura estimado","twitter:data2":"2 minutos"},"aioseo_meta_data":{"post_id":"949428","title":null,"description":null,"keywords":null,"keyphrases":null,"primary_term":null,"canonical_url":null,"og_title":null,"og_description":null,"og_object_type":"default","og_image_type":"default","og_image_url":null,"og_image_width":null,"og_image_height":null,"og_image_custom_url":null,"og_image_custom_fields":null,"og_video":null,"og_custom_url":null,"og_article_section":null,"og_article_tags":null,"twitter_use_og":false,"twitter_card":"default","twitter_image_type":"default","twitter_image_url":null,"twitter_image_custom_url":null,"twitter_image_custom_fields":null,"twitter_title":null,"twitter_description":null,"schema":{"blockGraphs":[],"customGraphs":[],"default":{"data":{"Article":[],"Course":[],"Dataset":[],"FAQPage":[],"Movie":[],"Person":[],"Product":[],"ProductReview":[],"Car":[],"Recipe":[],"Service":[],"SoftwareApplication":[],"WebPage":[]},"graphName":"","isEnabled":true},"graphs":[],"defaultGraph":"","defaultPostTypeGraph":""},"schema_type":null,"schema_type_options":null,"pillar_content":false,"robots_default":true,"robots_noindex":false,"robots_noarchive":false,"robots_nosnippet":false,"robots_nofollow":false,"robots_noimageindex":false,"robots_noodp":false,"robots_notranslate":false,"robots_max_snippet":null,"robots_max_videopreview":null,"robots_max_imagepreview":"large","priority":null,"frequency":null,"local_seo":null,"seo_analyzer_scan_date":"2025-12-05 12:18:14","breadcrumb_settings":null,"limit_modified_date":false,"open_ai":null,"ai":null,"created":"2020-12-21 13:01:41","updated":"2025-12-05 12:18:14","focus_keyword":null,"additional_keywords":null,"truseo_locale":null},"aioseo_breadcrumb":"<div class=\"aioseo-breadcrumbs\"><span class=\"aioseo-breadcrumb\">\n\t<a href=\"https:\/\/www.eldigitaldeasturias.com\/noticias\" title=\"Home\">Home<\/a>\n<\/span><span class=\"aioseo-breadcrumb-separator\">\u2013<\/span><span class=\"aioseo-breadcrumb\">\n\t<a href=\"https:\/\/www.eldigitaldeasturias.com\/noticias\/category\/actualidad\/\" title=\"Actualidad\">Actualidad<\/a>\n<\/span><span class=\"aioseo-breadcrumb-separator\">\u2013<\/span><span class=\"aioseo-breadcrumb\">\n\t<a href=\"https:\/\/www.eldigitaldeasturias.com\/noticias\/carlos-santos-y-el-hombre-de-las-mil-caras-llenan-el-parc-de-la-mar\/\" title=\"Carlos Santos y \u00abEl hombre de las mil caras llenan\u00bb el Parc de la Mar\">Carlos Santos y \u00abEl hombre de las mil caras llenan\u00bb el Parc de la Mar<\/a>\n<\/span><\/div>","aioseo_breadcrumb_json":[{"label":"Home","link":"https:\/\/www.eldigitaldeasturias.com\/noticias"},{"label":"Actualidad","link":"https:\/\/www.eldigitaldeasturias.com\/noticias\/category\/actualidad\/"},{"label":"Carlos Santos y \u00abEl hombre de las mil caras llenan\u00bb el Parc de la Mar","link":"https:\/\/www.eldigitaldeasturias.com\/noticias\/carlos-santos-y-el-hombre-de-las-mil-caras-llenan-el-parc-de-la-mar\/"}],"_links":{"self":[{"href":"https:\/\/www.eldigitaldeasturias.com\/noticias\/wp-json\/wp\/v2\/posts\/949428","targetHints":{"allow":["GET"]}}],"collection":[{"href":"https:\/\/www.eldigitaldeasturias.com\/noticias\/wp-json\/wp\/v2\/posts"}],"about":[{"href":"https:\/\/www.eldigitaldeasturias.com\/noticias\/wp-json\/wp\/v2\/types\/post"}],"author":[{"embeddable":true,"href":"https:\/\/www.eldigitaldeasturias.com\/noticias\/wp-json\/wp\/v2\/users\/1"}],"replies":[{"embeddable":true,"href":"https:\/\/www.eldigitaldeasturias.com\/noticias\/wp-json\/wp\/v2\/comments?post=949428"}],"version-history":[{"count":0,"href":"https:\/\/www.eldigitaldeasturias.com\/noticias\/wp-json\/wp\/v2\/posts\/949428\/revisions"}],"wp:attachment":[{"href":"https:\/\/www.eldigitaldeasturias.com\/noticias\/wp-json\/wp\/v2\/media?parent=949428"}],"wp:term":[{"taxonomy":"category","embeddable":true,"href":"https:\/\/www.eldigitaldeasturias.com\/noticias\/wp-json\/wp\/v2\/categories?post=949428"},{"taxonomy":"post_tag","embeddable":true,"href":"https:\/\/www.eldigitaldeasturias.com\/noticias\/wp-json\/wp\/v2\/tags?post=949428"}],"curies":[{"name":"wp","href":"https:\/\/api.w.org\/{rel}","templated":true}]}}