{"id":949402,"date":"2017-08-11T00:47:21","date_gmt":"2017-08-11T00:47:21","guid":{"rendered":"http:\/\/www.eldigitaldeasturias.com\/noticias\/?p=949402"},"modified":"2017-08-11T00:47:21","modified_gmt":"2017-08-11T00:47:21","slug":"los-residentes-de-la-urbanizacion-de-es-cubells-son-evacuados-de-sus-viviendas","status":"publish","type":"post","link":"https:\/\/www.eldigitaldeasturias.com\/noticias\/los-residentes-de-la-urbanizacion-de-es-cubells-son-evacuados-de-sus-viviendas\/","title":{"rendered":"Los residentes de la urbanizaci\u00f3n de Es Cubells son evacuados de sus viviendas"},"content":{"rendered":"<p><img loading=\"lazy\" decoding=\"async\" class=\"alignleft size-medium wp-image-949403\" src=\"https:\/\/www.eldigitaldeasturias.com\/noticias\/wp-content\/uploads\/2017\/08\/2180060-360x203.jpg\" alt=\"\" width=\"360\" height=\"203\" \/>Direcci\u00f3n general de Emergencias, voluntarios de Protecci\u00f3n Civil de Sant Josep, Polic\u00eda Local y Guardia Civil participan en las tareas de evacuaci\u00f3n de los residentes de la urbanizaci\u00f3n de Es Cubells (Sant Josep de sa Talaia), cerca de Cala Llentrisca, que han quedado atrapados en de sus domicilios despu\u00e9s de que la \u00fanica carretera de acceso rodado a la urbanizaci\u00f3n haya quedado intransitable anoche, por los corrimientos de piedras y de tierra que ha sufrido la zona como consecuencia de las fuertes lluvias registradas en las Pitiusas durante las \u00faltimas horas.<\/p>\n<p>La evacuaci\u00f3n se lleva a cabo por v\u00eda mar\u00edtima, hasta una playa cercana. Hasta el momento se ha procedido al traslado de veinte personas, con embarcaciones neum\u00e1ticas de Protecci\u00f3n Civil. Los evacuados son residentes en las viviendas de la zona, y el operativo se mantiene durante toda esta tarde.<\/p>\n<p>Los movimientos de tierras en Es Cubells, debido a las intensas lluvias de las \u00faltimas horas, han afectado gravemente a los viales de la urbanizaci\u00f3n, que han quedado impracticables. En algunos de los tramos las conducciones de electricidad y de agua tambi\u00e9n han resultado da\u00f1adas, por lo cual los servicios b\u00e1sicos han quedado interrumpidos en toda la zona. Seg\u00fan la inspecci\u00f3n visual de los t\u00e9cnicos de Emergencias, s\u00f3lo se ha apreciado una construcci\u00f3n que ha sufrido desperfectos debido a los desprendimientos, sin que ninguna persona se haya visto afectada. As\u00ed mismo la ca\u00edda de rocas ha afectado algunas zonas ajardinadas privadas, que se han hundido, en una zona de fuerte pendiente de la costa sur de Ibiza.<\/p>\n<p>El Servicio de Emergencias 112, a indicaci\u00f3n del Director general de Emergencias e Interior, Pere Perell\u00f3, ha activado el Platerbal en su nivel 0, Plan Territorial de las Islas Baleares en materia de Protecci\u00f3n Civil, para garantizar la m\u00e1xima seguridad de las personas en la zona afectada, la estabilizaci\u00f3n del terreno y la preparaci\u00f3n para las tareas de reconstrucci\u00f3n de viales y de reparaci\u00f3n de las redes el\u00e9ctricas y de saneamiento que se han visto afectadas por el suceso. Las ambulancias del SAMU 061 tambi\u00e9n han quedado a disposici\u00f3n del operativo.<\/p>\n<p>As\u00ed mismo, desde el Ayuntamiento de Sant Josep se han coordinado dos reuniones t\u00e9cnicas entre todos los actores implicados en el operativo a Es Cubells, que han contado con la presencia de la consellera de Presidencia del Govern, Pilar Costa. En estos encuentros tambi\u00e9n se ha incidido en garantizar la seguridad de las personas y de sus bienes, con la presencia de agentes de Polic\u00eda Local a la zona.<\/p>\n<p>&nbsp;<\/p>\n","protected":false},"excerpt":{"rendered":"<p>Direcci\u00f3n general de Emergencias, voluntarios de Protecci\u00f3n Civil de Sant Josep, Polic\u00eda Local y Guardia Civil participan en las tareas de evacuaci\u00f3n de los residentes de la urbanizaci\u00f3n de Es Cubells (Sant Josep de sa Talaia), cerca de Cala Llentrisca, que han quedado atrapados en de sus domicilios despu\u00e9s de que la \u00fanica carretera de [&hellip;]<\/p>\n","protected":false},"author":1,"featured_media":949403,"comment_status":"closed","ping_status":"closed","sticky":false,"template":"","format":"standard","meta":{"footnotes":""},"categories":[1],"tags":[],"class_list":["post-949402","post","type-post","status-publish","format-standard","has-post-thumbnail","hentry","category-actualidad"],"aioseo_notices":[],"aioseo_head":"\n\t\t<!-- All in One SEO Pro 5.0.1 - aioseo.com -->\n\t<meta name=\"description\" content=\"Direcci\u00f3n general de Emergencias, voluntarios de Protecci\u00f3n Civil de Sant Josep, Polic\u00eda Local y Guardia Civil participan en las tareas de evacuaci\u00f3n de los residentes de la urbanizaci\u00f3n de Es Cubells (Sant Josep de sa Talaia), cerca de Cala Llentrisca, que han quedado atrapados en de sus domicilios despu\u00e9s de que la \u00fanica carretera de\" \/>\n\t<meta name=\"robots\" content=\"max-image-preview:large\" \/>\n\t<meta name=\"author\" content=\"El Digital de Asturias\"\/>\n\t<meta name=\"google-site-verification\" content=\"UA-38556648-1\" \/>\n\t<meta name=\"msvalidate.01\" content=\"7dfe9f3f1b24437ab69f4f2559babe99\" \/>\n\t<meta name=\"keywords\" content=\"actualidad\" \/>\n\t<link rel=\"canonical\" href=\"https:\/\/www.eldigitaldeasturias.com\/noticias\/los-residentes-de-la-urbanizacion-de-es-cubells-son-evacuados-de-sus-viviendas\/\" \/>\n\t<meta name=\"generator\" content=\"All in One SEO Pro (AIOSEO) 5.0.1\" \/>\n\t\t<meta property=\"og:locale\" content=\"es_ES\" \/>\n\t\t<meta property=\"og:site_name\" content=\"El Digital de Asturias\" \/>\n\t\t<meta property=\"og:type\" content=\"article\" \/>\n\t\t<meta property=\"og:title\" content=\"Los residentes de la urbanizaci\u00f3n de Es Cubells son evacuados de sus viviendas - El Digital de Asturias\" \/>\n\t\t<meta property=\"og:description\" content=\"Direcci\u00f3n general de Emergencias, voluntarios de Protecci\u00f3n Civil de Sant Josep, Polic\u00eda Local y Guardia Civil participan en las tareas de evacuaci\u00f3n de los residentes de la urbanizaci\u00f3n de Es Cubells (Sant Josep de sa Talaia), cerca de Cala Llentrisca, que han quedado atrapados en de sus domicilios despu\u00e9s de que la \u00fanica carretera de\" \/>\n\t\t<meta property=\"og:url\" content=\"https:\/\/www.eldigitaldeasturias.com\/noticias\/los-residentes-de-la-urbanizacion-de-es-cubells-son-evacuados-de-sus-viviendas\/\" \/>\n\t\t<meta property=\"article:tag\" content=\"actualidad\" \/>\n\t\t<meta property=\"article:published_time\" content=\"2017-08-11T00:47:21+00:00\" \/>\n\t\t<meta property=\"article:modified_time\" content=\"2017-08-11T00:47:21+00:00\" \/>\n\t\t<meta property=\"article:publisher\" content=\"https:\/\/facebook.com\/eldigitaldeasturias\" \/>\n\t\t<meta name=\"twitter:card\" content=\"summary_large_image\" \/>\n\t\t<meta name=\"twitter:title\" content=\"Los residentes de la urbanizaci\u00f3n de Es Cubells son evacuados de sus viviendas - El Digital de Asturias\" \/>\n\t\t<meta name=\"twitter:description\" content=\"Direcci\u00f3n general de Emergencias, voluntarios de Protecci\u00f3n Civil de Sant Josep, Polic\u00eda Local y Guardia Civil participan en las tareas de evacuaci\u00f3n de los residentes de la urbanizaci\u00f3n de Es Cubells (Sant Josep de sa Talaia), cerca de Cala Llentrisca, que han quedado atrapados en de sus domicilios despu\u00e9s de que la \u00fanica carretera de\" \/>\n\t\t<meta name=\"twitter:image\" content=\"https:\/\/www.eldigitaldeasturias.com\/noticias\/wp-content\/uploads\/2020\/12\/EDA-1.jpg\" \/>\n\t\t<meta name=\"twitter:label1\" content=\"Escrito por\" \/>\n\t\t<meta name=\"twitter:data1\" content=\"El Digital de Asturias\" \/>\n\t\t<meta name=\"twitter:label2\" content=\"Tiempo de lectura estimado\" \/>\n\t\t<meta name=\"twitter:data2\" content=\"2 minutos\" \/>\n\t\t<script type=\"application\/ld+json\" class=\"aioseo-schema\">\n\t\t\t{\"@context\":\"https:\\\/\\\/schema.org\",\"@graph\":[{\"@type\":\"BlogPosting\",\"@id\":\"https:\\\/\\\/www.eldigitaldeasturias.com\\\/noticias\\\/los-residentes-de-la-urbanizacion-de-es-cubells-son-evacuados-de-sus-viviendas\\\/#blogposting\",\"name\":\"Los residentes de la urbanizaci\\u00f3n de Es Cubells son evacuados de sus viviendas - El Digital de Asturias\",\"headline\":\"Los residentes de la urbanizaci\\u00f3n de Es Cubells son evacuados de sus viviendas\",\"author\":{\"@id\":\"https:\\\/\\\/www.eldigitaldeasturias.com\\\/noticias\\\/author\\\/admin\\\/#author\"},\"publisher\":{\"@id\":\"https:\\\/\\\/www.eldigitaldeasturias.com\\\/noticias\\\/#organization\"},\"image\":{\"@type\":\"ImageObject\",\"url\":949403},\"datePublished\":\"2017-08-11T00:47:21+02:00\",\"dateModified\":\"2017-08-11T00:47:21+02:00\",\"inLanguage\":\"es-ES\",\"mainEntityOfPage\":{\"@id\":\"https:\\\/\\\/www.eldigitaldeasturias.com\\\/noticias\\\/los-residentes-de-la-urbanizacion-de-es-cubells-son-evacuados-de-sus-viviendas\\\/#webpage\"},\"isPartOf\":{\"@id\":\"https:\\\/\\\/www.eldigitaldeasturias.com\\\/noticias\\\/los-residentes-de-la-urbanizacion-de-es-cubells-son-evacuados-de-sus-viviendas\\\/#webpage\"},\"articleSection\":\"Actualidad\"},{\"@type\":\"BreadcrumbList\",\"@id\":\"https:\\\/\\\/www.eldigitaldeasturias.com\\\/noticias\\\/los-residentes-de-la-urbanizacion-de-es-cubells-son-evacuados-de-sus-viviendas\\\/#breadcrumblist\",\"itemListElement\":[{\"@type\":\"ListItem\",\"@id\":\"https:\\\/\\\/www.eldigitaldeasturias.com\\\/noticias#listItem\",\"position\":1,\"name\":\"Home\",\"item\":\"https:\\\/\\\/www.eldigitaldeasturias.com\\\/noticias\",\"nextItem\":{\"@type\":\"ListItem\",\"@id\":\"https:\\\/\\\/www.eldigitaldeasturias.com\\\/noticias\\\/category\\\/actualidad\\\/#listItem\",\"name\":\"Actualidad\"}},{\"@type\":\"ListItem\",\"@id\":\"https:\\\/\\\/www.eldigitaldeasturias.com\\\/noticias\\\/category\\\/actualidad\\\/#listItem\",\"position\":2,\"name\":\"Actualidad\",\"item\":\"https:\\\/\\\/www.eldigitaldeasturias.com\\\/noticias\\\/category\\\/actualidad\\\/\",\"nextItem\":{\"@type\":\"ListItem\",\"@id\":\"https:\\\/\\\/www.eldigitaldeasturias.com\\\/noticias\\\/los-residentes-de-la-urbanizacion-de-es-cubells-son-evacuados-de-sus-viviendas\\\/#listItem\",\"name\":\"Los residentes de la urbanizaci\\u00f3n de Es Cubells son evacuados de sus viviendas\"},\"previousItem\":{\"@type\":\"ListItem\",\"@id\":\"https:\\\/\\\/www.eldigitaldeasturias.com\\\/noticias#listItem\",\"name\":\"Home\"}},{\"@type\":\"ListItem\",\"@id\":\"https:\\\/\\\/www.eldigitaldeasturias.com\\\/noticias\\\/los-residentes-de-la-urbanizacion-de-es-cubells-son-evacuados-de-sus-viviendas\\\/#listItem\",\"position\":3,\"name\":\"Los residentes de la urbanizaci\\u00f3n de Es Cubells son evacuados de sus viviendas\",\"previousItem\":{\"@type\":\"ListItem\",\"@id\":\"https:\\\/\\\/www.eldigitaldeasturias.com\\\/noticias\\\/category\\\/actualidad\\\/#listItem\",\"name\":\"Actualidad\"}}]},{\"@type\":\"Organization\",\"@id\":\"https:\\\/\\\/www.eldigitaldeasturias.com\\\/noticias\\\/#organization\",\"name\":\"El Digital de Asturias\",\"description\":\"Hemeroteca\",\"url\":\"https:\\\/\\\/www.eldigitaldeasturias.com\\\/noticias\\\/\",\"email\":\"info@eldigitaldeasturias.com\",\"telephone\":\"+34652131393\",\"logo\":{\"@type\":\"ImageObject\",\"url\":\"https:\\\/\\\/www.eldigitaldeasturias.com\\\/noticias\\\/wp-content\\\/uploads\\\/2020\\\/12\\\/EDA.jpg\",\"@id\":\"https:\\\/\\\/www.eldigitaldeasturias.com\\\/noticias\\\/los-residentes-de-la-urbanizacion-de-es-cubells-son-evacuados-de-sus-viviendas\\\/#organizationLogo\"},\"image\":{\"@id\":\"https:\\\/\\\/www.eldigitaldeasturias.com\\\/noticias\\\/los-residentes-de-la-urbanizacion-de-es-cubells-son-evacuados-de-sus-viviendas\\\/#organizationLogo\"},\"sameAs\":[\"https:\\\/\\\/facebook.com\\\/eldigitaldeasturias\",\"https:\\\/\\\/www.youtube.com\\\/channel\\\/UCZP-2wLEB9Rv6erhFmqVnvg\"],\"address\":{\"@id\":\"https:\\\/\\\/www.eldigitaldeasturias.com\\\/noticias\\\/#postaladdress\",\"@type\":\"PostalAddress\",\"streetAddress\":\"san antonio 4\",\"postalCode\":\"33430\",\"addressLocality\":\"Cand\\u00e1s\",\"addressRegion\":\"Asturias\",\"addressCountry\":\"ES\"}},{\"@type\":\"Person\",\"@id\":\"https:\\\/\\\/www.eldigitaldeasturias.com\\\/noticias\\\/author\\\/admin\\\/#author\",\"url\":\"https:\\\/\\\/www.eldigitaldeasturias.com\\\/noticias\\\/author\\\/admin\\\/\",\"name\":\"El Digital de Asturias\",\"image\":{\"@type\":\"ImageObject\",\"@id\":\"https:\\\/\\\/www.eldigitaldeasturias.com\\\/noticias\\\/los-residentes-de-la-urbanizacion-de-es-cubells-son-evacuados-de-sus-viviendas\\\/#authorImage\",\"url\":\"https:\\\/\\\/secure.gravatar.com\\\/avatar\\\/df2aeffc32bcd13f8d26072ef8a91b623d677766deac7f97ca815868cd41bf5e?s=96&d=mm&r=g\",\"width\":96,\"height\":96,\"caption\":\"El Digital de Asturias\"}},{\"@type\":\"WebPage\",\"@id\":\"https:\\\/\\\/www.eldigitaldeasturias.com\\\/noticias\\\/los-residentes-de-la-urbanizacion-de-es-cubells-son-evacuados-de-sus-viviendas\\\/#webpage\",\"url\":\"https:\\\/\\\/www.eldigitaldeasturias.com\\\/noticias\\\/los-residentes-de-la-urbanizacion-de-es-cubells-son-evacuados-de-sus-viviendas\\\/\",\"name\":\"Los residentes de la urbanizaci\\u00f3n de Es Cubells son evacuados de sus viviendas - El Digital de Asturias\",\"description\":\"Direcci\\u00f3n general de Emergencias, voluntarios de Protecci\\u00f3n Civil de Sant Josep, Polic\\u00eda Local y Guardia Civil participan en las tareas de evacuaci\\u00f3n de los residentes de la urbanizaci\\u00f3n de Es Cubells (Sant Josep de sa Talaia), cerca de Cala Llentrisca, que han quedado atrapados en de sus domicilios despu\\u00e9s de que la \\u00fanica carretera de\",\"inLanguage\":\"es-ES\",\"isPartOf\":{\"@id\":\"https:\\\/\\\/www.eldigitaldeasturias.com\\\/noticias\\\/#website\"},\"breadcrumb\":{\"@id\":\"https:\\\/\\\/www.eldigitaldeasturias.com\\\/noticias\\\/los-residentes-de-la-urbanizacion-de-es-cubells-son-evacuados-de-sus-viviendas\\\/#breadcrumblist\"},\"author\":{\"@id\":\"https:\\\/\\\/www.eldigitaldeasturias.com\\\/noticias\\\/author\\\/admin\\\/#author\"},\"creator\":{\"@id\":\"https:\\\/\\\/www.eldigitaldeasturias.com\\\/noticias\\\/author\\\/admin\\\/#author\"},\"image\":{\"@type\":\"ImageObject\",\"url\":949403,\"@id\":\"https:\\\/\\\/www.eldigitaldeasturias.com\\\/noticias\\\/los-residentes-de-la-urbanizacion-de-es-cubells-son-evacuados-de-sus-viviendas\\\/#mainImage\"},\"primaryImageOfPage\":{\"@id\":\"https:\\\/\\\/www.eldigitaldeasturias.com\\\/noticias\\\/los-residentes-de-la-urbanizacion-de-es-cubells-son-evacuados-de-sus-viviendas\\\/#mainImage\"},\"datePublished\":\"2017-08-11T00:47:21+02:00\",\"dateModified\":\"2017-08-11T00:47:21+02:00\"},{\"@type\":\"WebSite\",\"@id\":\"https:\\\/\\\/www.eldigitaldeasturias.com\\\/noticias\\\/#website\",\"url\":\"https:\\\/\\\/www.eldigitaldeasturias.com\\\/noticias\\\/\",\"name\":\"El Digital de Asturias - Diario de actualidad y noticias\",\"alternateName\":\"El Digital de Asturias - Diario de actualidad y noticias\",\"description\":\"Hemeroteca\",\"inLanguage\":\"es-ES\",\"publisher\":{\"@id\":\"https:\\\/\\\/www.eldigitaldeasturias.com\\\/noticias\\\/#organization\"}}]}\n\t\t<\/script>\n\t\t<!-- All in One SEO Pro -->\r\n\t\t<title>Los residentes de la urbanizaci\u00f3n de Es Cubells son evacuados de sus viviendas - El Digital de Asturias<\/title>\n\n","aioseo_head_json":{"title":"Los residentes de la urbanizaci\u00f3n de Es Cubells son evacuados de sus viviendas - El Digital de Asturias","description":"Direcci\u00f3n general de Emergencias, voluntarios de Protecci\u00f3n Civil de Sant Josep, Polic\u00eda Local y Guardia Civil participan en las tareas de evacuaci\u00f3n de los residentes de la urbanizaci\u00f3n de Es Cubells (Sant Josep de sa Talaia), cerca de Cala Llentrisca, que han quedado atrapados en de sus domicilios despu\u00e9s de que la \u00fanica carretera de","canonical_url":"https:\/\/www.eldigitaldeasturias.com\/noticias\/los-residentes-de-la-urbanizacion-de-es-cubells-son-evacuados-de-sus-viviendas\/","robots":"max-image-preview:large","keywords":"actualidad","webmasterTools":{"google-site-verification":"UA-38556648-1","msvalidate.01":"7dfe9f3f1b24437ab69f4f2559babe99","miscellaneous":""},"schema":{"@context":"https:\/\/schema.org","@graph":[{"@type":"BlogPosting","@id":"https:\/\/www.eldigitaldeasturias.com\/noticias\/los-residentes-de-la-urbanizacion-de-es-cubells-son-evacuados-de-sus-viviendas\/#blogposting","name":"Los residentes de la urbanizaci\u00f3n de Es Cubells son evacuados de sus viviendas - El Digital de Asturias","headline":"Los residentes de la urbanizaci\u00f3n de Es Cubells son evacuados de sus viviendas","author":{"@id":"https:\/\/www.eldigitaldeasturias.com\/noticias\/author\/admin\/#author"},"publisher":{"@id":"https:\/\/www.eldigitaldeasturias.com\/noticias\/#organization"},"image":{"@type":"ImageObject","url":949403},"datePublished":"2017-08-11T00:47:21+02:00","dateModified":"2017-08-11T00:47:21+02:00","inLanguage":"es-ES","mainEntityOfPage":{"@id":"https:\/\/www.eldigitaldeasturias.com\/noticias\/los-residentes-de-la-urbanizacion-de-es-cubells-son-evacuados-de-sus-viviendas\/#webpage"},"isPartOf":{"@id":"https:\/\/www.eldigitaldeasturias.com\/noticias\/los-residentes-de-la-urbanizacion-de-es-cubells-son-evacuados-de-sus-viviendas\/#webpage"},"articleSection":"Actualidad"},{"@type":"BreadcrumbList","@id":"https:\/\/www.eldigitaldeasturias.com\/noticias\/los-residentes-de-la-urbanizacion-de-es-cubells-son-evacuados-de-sus-viviendas\/#breadcrumblist","itemListElement":[{"@type":"ListItem","@id":"https:\/\/www.eldigitaldeasturias.com\/noticias#listItem","position":1,"name":"Home","item":"https:\/\/www.eldigitaldeasturias.com\/noticias","nextItem":{"@type":"ListItem","@id":"https:\/\/www.eldigitaldeasturias.com\/noticias\/category\/actualidad\/#listItem","name":"Actualidad"}},{"@type":"ListItem","@id":"https:\/\/www.eldigitaldeasturias.com\/noticias\/category\/actualidad\/#listItem","position":2,"name":"Actualidad","item":"https:\/\/www.eldigitaldeasturias.com\/noticias\/category\/actualidad\/","nextItem":{"@type":"ListItem","@id":"https:\/\/www.eldigitaldeasturias.com\/noticias\/los-residentes-de-la-urbanizacion-de-es-cubells-son-evacuados-de-sus-viviendas\/#listItem","name":"Los residentes de la urbanizaci\u00f3n de Es Cubells son evacuados de sus viviendas"},"previousItem":{"@type":"ListItem","@id":"https:\/\/www.eldigitaldeasturias.com\/noticias#listItem","name":"Home"}},{"@type":"ListItem","@id":"https:\/\/www.eldigitaldeasturias.com\/noticias\/los-residentes-de-la-urbanizacion-de-es-cubells-son-evacuados-de-sus-viviendas\/#listItem","position":3,"name":"Los residentes de la urbanizaci\u00f3n de Es Cubells son evacuados de sus viviendas","previousItem":{"@type":"ListItem","@id":"https:\/\/www.eldigitaldeasturias.com\/noticias\/category\/actualidad\/#listItem","name":"Actualidad"}}]},{"@type":"Organization","@id":"https:\/\/www.eldigitaldeasturias.com\/noticias\/#organization","name":"El Digital de Asturias","description":"Hemeroteca","url":"https:\/\/www.eldigitaldeasturias.com\/noticias\/","email":"info@eldigitaldeasturias.com","telephone":"+34652131393","logo":{"@type":"ImageObject","url":"https:\/\/www.eldigitaldeasturias.com\/noticias\/wp-content\/uploads\/2020\/12\/EDA.jpg","@id":"https:\/\/www.eldigitaldeasturias.com\/noticias\/los-residentes-de-la-urbanizacion-de-es-cubells-son-evacuados-de-sus-viviendas\/#organizationLogo"},"image":{"@id":"https:\/\/www.eldigitaldeasturias.com\/noticias\/los-residentes-de-la-urbanizacion-de-es-cubells-son-evacuados-de-sus-viviendas\/#organizationLogo"},"sameAs":["https:\/\/facebook.com\/eldigitaldeasturias","https:\/\/www.youtube.com\/channel\/UCZP-2wLEB9Rv6erhFmqVnvg"],"address":{"@id":"https:\/\/www.eldigitaldeasturias.com\/noticias\/#postaladdress","@type":"PostalAddress","streetAddress":"san antonio 4","postalCode":"33430","addressLocality":"Cand\u00e1s","addressRegion":"Asturias","addressCountry":"ES"}},{"@type":"Person","@id":"https:\/\/www.eldigitaldeasturias.com\/noticias\/author\/admin\/#author","url":"https:\/\/www.eldigitaldeasturias.com\/noticias\/author\/admin\/","name":"El Digital de Asturias","image":{"@type":"ImageObject","@id":"https:\/\/www.eldigitaldeasturias.com\/noticias\/los-residentes-de-la-urbanizacion-de-es-cubells-son-evacuados-de-sus-viviendas\/#authorImage","url":"https:\/\/secure.gravatar.com\/avatar\/df2aeffc32bcd13f8d26072ef8a91b623d677766deac7f97ca815868cd41bf5e?s=96&d=mm&r=g","width":96,"height":96,"caption":"El Digital de Asturias"}},{"@type":"WebPage","@id":"https:\/\/www.eldigitaldeasturias.com\/noticias\/los-residentes-de-la-urbanizacion-de-es-cubells-son-evacuados-de-sus-viviendas\/#webpage","url":"https:\/\/www.eldigitaldeasturias.com\/noticias\/los-residentes-de-la-urbanizacion-de-es-cubells-son-evacuados-de-sus-viviendas\/","name":"Los residentes de la urbanizaci\u00f3n de Es Cubells son evacuados de sus viviendas - El Digital de Asturias","description":"Direcci\u00f3n general de Emergencias, voluntarios de Protecci\u00f3n Civil de Sant Josep, Polic\u00eda Local y Guardia Civil participan en las tareas de evacuaci\u00f3n de los residentes de la urbanizaci\u00f3n de Es Cubells (Sant Josep de sa Talaia), cerca de Cala Llentrisca, que han quedado atrapados en de sus domicilios despu\u00e9s de que la \u00fanica carretera de","inLanguage":"es-ES","isPartOf":{"@id":"https:\/\/www.eldigitaldeasturias.com\/noticias\/#website"},"breadcrumb":{"@id":"https:\/\/www.eldigitaldeasturias.com\/noticias\/los-residentes-de-la-urbanizacion-de-es-cubells-son-evacuados-de-sus-viviendas\/#breadcrumblist"},"author":{"@id":"https:\/\/www.eldigitaldeasturias.com\/noticias\/author\/admin\/#author"},"creator":{"@id":"https:\/\/www.eldigitaldeasturias.com\/noticias\/author\/admin\/#author"},"image":{"@type":"ImageObject","url":949403,"@id":"https:\/\/www.eldigitaldeasturias.com\/noticias\/los-residentes-de-la-urbanizacion-de-es-cubells-son-evacuados-de-sus-viviendas\/#mainImage"},"primaryImageOfPage":{"@id":"https:\/\/www.eldigitaldeasturias.com\/noticias\/los-residentes-de-la-urbanizacion-de-es-cubells-son-evacuados-de-sus-viviendas\/#mainImage"},"datePublished":"2017-08-11T00:47:21+02:00","dateModified":"2017-08-11T00:47:21+02:00"},{"@type":"WebSite","@id":"https:\/\/www.eldigitaldeasturias.com\/noticias\/#website","url":"https:\/\/www.eldigitaldeasturias.com\/noticias\/","name":"El Digital de Asturias - Diario de actualidad y noticias","alternateName":"El Digital de Asturias - Diario de actualidad y noticias","description":"Hemeroteca","inLanguage":"es-ES","publisher":{"@id":"https:\/\/www.eldigitaldeasturias.com\/noticias\/#organization"}}]},"og:locale":"es_ES","og:site_name":"El Digital de Asturias","og:type":"article","og:title":"Los residentes de la urbanizaci\u00f3n de Es Cubells son evacuados de sus viviendas - El Digital de Asturias","og:description":"Direcci\u00f3n general de Emergencias, voluntarios de Protecci\u00f3n Civil de Sant Josep, Polic\u00eda Local y Guardia Civil participan en las tareas de evacuaci\u00f3n de los residentes de la urbanizaci\u00f3n de Es Cubells (Sant Josep de sa Talaia), cerca de Cala Llentrisca, que han quedado atrapados en de sus domicilios despu\u00e9s de que la \u00fanica carretera de","og:url":"https:\/\/www.eldigitaldeasturias.com\/noticias\/los-residentes-de-la-urbanizacion-de-es-cubells-son-evacuados-de-sus-viviendas\/","article:tag":["actualidad"],"article:published_time":"2017-08-11T00:47:21+00:00","article:modified_time":"2017-08-11T00:47:21+00:00","article:publisher":"https:\/\/facebook.com\/eldigitaldeasturias","twitter:card":"summary_large_image","twitter:title":"Los residentes de la urbanizaci\u00f3n de Es Cubells son evacuados de sus viviendas - El Digital de Asturias","twitter:description":"Direcci\u00f3n general de Emergencias, voluntarios de Protecci\u00f3n Civil de Sant Josep, Polic\u00eda Local y Guardia Civil participan en las tareas de evacuaci\u00f3n de los residentes de la urbanizaci\u00f3n de Es Cubells (Sant Josep de sa Talaia), cerca de Cala Llentrisca, que han quedado atrapados en de sus domicilios despu\u00e9s de que la \u00fanica carretera de","twitter:image":"https:\/\/www.eldigitaldeasturias.com\/noticias\/wp-content\/uploads\/2020\/12\/EDA-1.jpg","twitter:label1":"Escrito por","twitter:data1":"El Digital de Asturias","twitter:label2":"Tiempo de lectura estimado","twitter:data2":"2 minutos"},"aioseo_meta_data":{"post_id":"949402","title":null,"description":null,"keywords":null,"keyphrases":null,"primary_term":null,"canonical_url":null,"og_title":null,"og_description":null,"og_object_type":"default","og_image_type":"default","og_image_url":null,"og_image_width":null,"og_image_height":null,"og_image_custom_url":null,"og_image_custom_fields":null,"og_video":null,"og_custom_url":null,"og_article_section":null,"og_article_tags":null,"twitter_use_og":false,"twitter_card":"default","twitter_image_type":"default","twitter_image_url":null,"twitter_image_custom_url":null,"twitter_image_custom_fields":null,"twitter_title":null,"twitter_description":null,"schema":{"blockGraphs":[],"customGraphs":[],"default":{"data":{"Article":[],"Course":[],"Dataset":[],"FAQPage":[],"Movie":[],"Person":[],"Product":[],"ProductReview":[],"Car":[],"Recipe":[],"Service":[],"SoftwareApplication":[],"WebPage":[]},"graphName":"","isEnabled":true},"graphs":[],"defaultGraph":"","defaultPostTypeGraph":""},"schema_type":null,"schema_type_options":null,"pillar_content":false,"robots_default":true,"robots_noindex":false,"robots_noarchive":false,"robots_nosnippet":false,"robots_nofollow":false,"robots_noimageindex":false,"robots_noodp":false,"robots_notranslate":false,"robots_max_snippet":null,"robots_max_videopreview":null,"robots_max_imagepreview":"large","priority":null,"frequency":null,"local_seo":null,"seo_analyzer_scan_date":"2025-12-05 12:14:09","breadcrumb_settings":null,"limit_modified_date":false,"open_ai":null,"ai":null,"created":"2020-12-21 13:02:37","updated":"2025-12-05 12:14:09","focus_keyword":null,"additional_keywords":null,"truseo_locale":null},"aioseo_breadcrumb":"<div class=\"aioseo-breadcrumbs\"><span class=\"aioseo-breadcrumb\">\n\t<a href=\"https:\/\/www.eldigitaldeasturias.com\/noticias\" title=\"Home\">Home<\/a>\n<\/span><span class=\"aioseo-breadcrumb-separator\">\u2013<\/span><span class=\"aioseo-breadcrumb\">\n\t<a href=\"https:\/\/www.eldigitaldeasturias.com\/noticias\/category\/actualidad\/\" title=\"Actualidad\">Actualidad<\/a>\n<\/span><span class=\"aioseo-breadcrumb-separator\">\u2013<\/span><span class=\"aioseo-breadcrumb\">\n\t<a href=\"https:\/\/www.eldigitaldeasturias.com\/noticias\/los-residentes-de-la-urbanizacion-de-es-cubells-son-evacuados-de-sus-viviendas\/\" title=\"Los residentes de la urbanizaci\u00f3n de Es Cubells son evacuados de sus viviendas\">Los residentes de la urbanizaci\u00f3n de Es Cubells son evacuados de sus viviendas<\/a>\n<\/span><\/div>","aioseo_breadcrumb_json":[{"label":"Home","link":"https:\/\/www.eldigitaldeasturias.com\/noticias"},{"label":"Actualidad","link":"https:\/\/www.eldigitaldeasturias.com\/noticias\/category\/actualidad\/"},{"label":"Los residentes de la urbanizaci\u00f3n de Es Cubells son evacuados de sus viviendas","link":"https:\/\/www.eldigitaldeasturias.com\/noticias\/los-residentes-de-la-urbanizacion-de-es-cubells-son-evacuados-de-sus-viviendas\/"}],"_links":{"self":[{"href":"https:\/\/www.eldigitaldeasturias.com\/noticias\/wp-json\/wp\/v2\/posts\/949402","targetHints":{"allow":["GET"]}}],"collection":[{"href":"https:\/\/www.eldigitaldeasturias.com\/noticias\/wp-json\/wp\/v2\/posts"}],"about":[{"href":"https:\/\/www.eldigitaldeasturias.com\/noticias\/wp-json\/wp\/v2\/types\/post"}],"author":[{"embeddable":true,"href":"https:\/\/www.eldigitaldeasturias.com\/noticias\/wp-json\/wp\/v2\/users\/1"}],"replies":[{"embeddable":true,"href":"https:\/\/www.eldigitaldeasturias.com\/noticias\/wp-json\/wp\/v2\/comments?post=949402"}],"version-history":[{"count":0,"href":"https:\/\/www.eldigitaldeasturias.com\/noticias\/wp-json\/wp\/v2\/posts\/949402\/revisions"}],"wp:attachment":[{"href":"https:\/\/www.eldigitaldeasturias.com\/noticias\/wp-json\/wp\/v2\/media?parent=949402"}],"wp:term":[{"taxonomy":"category","embeddable":true,"href":"https:\/\/www.eldigitaldeasturias.com\/noticias\/wp-json\/wp\/v2\/categories?post=949402"},{"taxonomy":"post_tag","embeddable":true,"href":"https:\/\/www.eldigitaldeasturias.com\/noticias\/wp-json\/wp\/v2\/tags?post=949402"}],"curies":[{"name":"wp","href":"https:\/\/api.w.org\/{rel}","templated":true}]}}