{"id":949388,"date":"2017-08-11T00:20:25","date_gmt":"2017-08-11T00:20:25","guid":{"rendered":"http:\/\/www.eldigitaldeasturias.com\/noticias\/?p=949388"},"modified":"2017-08-11T00:20:25","modified_gmt":"2017-08-11T00:20:25","slug":"iago-negueruela-ha-visitado-el-proyecto-remodelam-felanitx","status":"publish","type":"post","link":"https:\/\/www.eldigitaldeasturias.com\/noticias\/iago-negueruela-ha-visitado-el-proyecto-remodelam-felanitx\/","title":{"rendered":"Iago Negueruela ha visitado el proyecto \u00abRemodelam Felanitx\u201d"},"content":{"rendered":"<p><img loading=\"lazy\" decoding=\"async\" class=\"alignleft size-medium wp-image-949389\" src=\"https:\/\/www.eldigitaldeasturias.com\/noticias\/wp-content\/uploads\/2017\/08\/eb11804-360x277.jpg\" alt=\"\" width=\"360\" height=\"277\" \/>El conseller de Trabajo, Iago Negueruela, acompa\u00f1ado de la concejala de ocupaci\u00f3n y formaci\u00f3n, Elena Carrillo, del concejal de comercio, Xisco Duarte, y la directora general de Comercio y Empresa, Pilar Sans\u00f3, visitaron esta semana el proyecto \u00abRemodelam Felanitx\u00bb, que financia el Servicio P\u00fablico de Ocupaci\u00f3n de las Islas Baleares (SOIB) con fondos de la Conferencia Sectorial. Durante la visita el conseller pudo ver in situ las intervenciones hechas en el Parque Municipal sa Torre de Felanitx por parte de los alumnos trabajadores del proyecto, entre las que destacaron la limpieza y saneamiento de escaleras y paredes, el pintado de arrimadores y mobiliario urbano, la instalaci\u00f3n de mesas de picnic, la delimitaci\u00f3n de una zona de c\u00e9sped y la actualizaci\u00f3n y mejora de paredes y soles mediante la pintura de juegos educativos.<\/p>\n<p>Con este programa mixto de ocupaci\u00f3n y formaci\u00f3n, que ha posibilitado dar una oportunidad formativa-laboral durante 10 meses a 10 personas desocupadas mayores de 30 a\u00f1os, los alumnos trabajadores recibir\u00e1n formaci\u00f3n en dos certificados de profesionalidad, uno dentro del \u00e1mbito de la limpieza de espacios abiertos y el otro de jardiner\u00eda. El proyecto ocupa adem\u00e1s una directora y uno docente a jornada completa, y un auxiliar administrativo y un monitor de apoyo a media jornada.<\/p>\n<p>&nbsp;<\/p>\n<p>&nbsp;<\/p>\n","protected":false},"excerpt":{"rendered":"<p>El conseller de Trabajo, Iago Negueruela, acompa\u00f1ado de la concejala de ocupaci\u00f3n y formaci\u00f3n, Elena Carrillo, del concejal de comercio, Xisco Duarte, y la directora general de Comercio y Empresa, Pilar Sans\u00f3, visitaron esta semana el proyecto \u00abRemodelam Felanitx\u00bb, que financia el Servicio P\u00fablico de Ocupaci\u00f3n de las Islas Baleares (SOIB) con fondos de la [&hellip;]<\/p>\n","protected":false},"author":1,"featured_media":949389,"comment_status":"closed","ping_status":"closed","sticky":false,"template":"","format":"standard","meta":{"footnotes":""},"categories":[1],"tags":[],"class_list":["post-949388","post","type-post","status-publish","format-standard","has-post-thumbnail","hentry","category-actualidad"],"aioseo_notices":[],"aioseo_head":"\n\t\t<!-- All in One SEO Pro 5.0.1 - aioseo.com -->\n\t<meta name=\"description\" content=\"El conseller de Trabajo, Iago Negueruela, acompa\u00f1ado de la concejala de ocupaci\u00f3n y formaci\u00f3n, Elena Carrillo, del concejal de comercio, Xisco Duarte, y la directora general de Comercio y Empresa, Pilar Sans\u00f3, visitaron esta semana el proyecto &quot;Remodelam Felanitx&quot;, que financia el Servicio P\u00fablico de Ocupaci\u00f3n de las Islas Baleares (SOIB) con fondos de la\" \/>\n\t<meta name=\"robots\" content=\"max-image-preview:large\" \/>\n\t<meta name=\"author\" content=\"El Digital de Asturias\"\/>\n\t<meta name=\"google-site-verification\" content=\"UA-38556648-1\" \/>\n\t<meta name=\"msvalidate.01\" content=\"7dfe9f3f1b24437ab69f4f2559babe99\" \/>\n\t<meta name=\"keywords\" content=\"actualidad\" \/>\n\t<link rel=\"canonical\" href=\"https:\/\/www.eldigitaldeasturias.com\/noticias\/iago-negueruela-ha-visitado-el-proyecto-remodelam-felanitx\/\" \/>\n\t<meta name=\"generator\" content=\"All in One SEO Pro (AIOSEO) 5.0.1\" \/>\n\t\t<meta property=\"og:locale\" content=\"es_ES\" \/>\n\t\t<meta property=\"og:site_name\" content=\"El Digital de Asturias\" \/>\n\t\t<meta property=\"og:type\" content=\"article\" \/>\n\t\t<meta property=\"og:title\" content=\"Iago Negueruela ha visitado el proyecto \u00abRemodelam Felanitx\u201d - El Digital de Asturias\" \/>\n\t\t<meta property=\"og:description\" content=\"El conseller de Trabajo, Iago Negueruela, acompa\u00f1ado de la concejala de ocupaci\u00f3n y formaci\u00f3n, Elena Carrillo, del concejal de comercio, Xisco Duarte, y la directora general de Comercio y Empresa, Pilar Sans\u00f3, visitaron esta semana el proyecto &quot;Remodelam Felanitx&quot;, que financia el Servicio P\u00fablico de Ocupaci\u00f3n de las Islas Baleares (SOIB) con fondos de la\" \/>\n\t\t<meta property=\"og:url\" content=\"https:\/\/www.eldigitaldeasturias.com\/noticias\/iago-negueruela-ha-visitado-el-proyecto-remodelam-felanitx\/\" \/>\n\t\t<meta property=\"article:tag\" content=\"actualidad\" \/>\n\t\t<meta property=\"article:published_time\" content=\"2017-08-11T00:20:25+00:00\" \/>\n\t\t<meta property=\"article:modified_time\" content=\"2017-08-11T00:20:25+00:00\" \/>\n\t\t<meta property=\"article:publisher\" content=\"https:\/\/facebook.com\/eldigitaldeasturias\" \/>\n\t\t<meta name=\"twitter:card\" content=\"summary_large_image\" \/>\n\t\t<meta name=\"twitter:title\" content=\"Iago Negueruela ha visitado el proyecto \u00abRemodelam Felanitx\u201d - El Digital de Asturias\" \/>\n\t\t<meta name=\"twitter:description\" content=\"El conseller de Trabajo, Iago Negueruela, acompa\u00f1ado de la concejala de ocupaci\u00f3n y formaci\u00f3n, Elena Carrillo, del concejal de comercio, Xisco Duarte, y la directora general de Comercio y Empresa, Pilar Sans\u00f3, visitaron esta semana el proyecto &quot;Remodelam Felanitx&quot;, que financia el Servicio P\u00fablico de Ocupaci\u00f3n de las Islas Baleares (SOIB) con fondos de la\" \/>\n\t\t<meta name=\"twitter:image\" content=\"https:\/\/www.eldigitaldeasturias.com\/noticias\/wp-content\/uploads\/2020\/12\/EDA-1.jpg\" \/>\n\t\t<meta name=\"twitter:label1\" content=\"Escrito por\" \/>\n\t\t<meta name=\"twitter:data1\" content=\"El Digital de Asturias\" \/>\n\t\t<meta name=\"twitter:label2\" content=\"Tiempo de lectura estimado\" \/>\n\t\t<meta name=\"twitter:data2\" content=\"1 minuto\" \/>\n\t\t<script type=\"application\/ld+json\" class=\"aioseo-schema\">\n\t\t\t{\"@context\":\"https:\\\/\\\/schema.org\",\"@graph\":[{\"@type\":\"BlogPosting\",\"@id\":\"https:\\\/\\\/www.eldigitaldeasturias.com\\\/noticias\\\/iago-negueruela-ha-visitado-el-proyecto-remodelam-felanitx\\\/#blogposting\",\"name\":\"Iago Negueruela ha visitado el proyecto \\u00abRemodelam Felanitx\\u201d - El Digital de Asturias\",\"headline\":\"Iago Negueruela ha visitado el proyecto \\u00abRemodelam Felanitx\\u201d\",\"author\":{\"@id\":\"https:\\\/\\\/www.eldigitaldeasturias.com\\\/noticias\\\/author\\\/admin\\\/#author\"},\"publisher\":{\"@id\":\"https:\\\/\\\/www.eldigitaldeasturias.com\\\/noticias\\\/#organization\"},\"image\":{\"@type\":\"ImageObject\",\"url\":949389},\"datePublished\":\"2017-08-11T00:20:25+02:00\",\"dateModified\":\"2017-08-11T00:20:25+02:00\",\"inLanguage\":\"es-ES\",\"mainEntityOfPage\":{\"@id\":\"https:\\\/\\\/www.eldigitaldeasturias.com\\\/noticias\\\/iago-negueruela-ha-visitado-el-proyecto-remodelam-felanitx\\\/#webpage\"},\"isPartOf\":{\"@id\":\"https:\\\/\\\/www.eldigitaldeasturias.com\\\/noticias\\\/iago-negueruela-ha-visitado-el-proyecto-remodelam-felanitx\\\/#webpage\"},\"articleSection\":\"Actualidad\"},{\"@type\":\"BreadcrumbList\",\"@id\":\"https:\\\/\\\/www.eldigitaldeasturias.com\\\/noticias\\\/iago-negueruela-ha-visitado-el-proyecto-remodelam-felanitx\\\/#breadcrumblist\",\"itemListElement\":[{\"@type\":\"ListItem\",\"@id\":\"https:\\\/\\\/www.eldigitaldeasturias.com\\\/noticias#listItem\",\"position\":1,\"name\":\"Home\",\"item\":\"https:\\\/\\\/www.eldigitaldeasturias.com\\\/noticias\",\"nextItem\":{\"@type\":\"ListItem\",\"@id\":\"https:\\\/\\\/www.eldigitaldeasturias.com\\\/noticias\\\/category\\\/actualidad\\\/#listItem\",\"name\":\"Actualidad\"}},{\"@type\":\"ListItem\",\"@id\":\"https:\\\/\\\/www.eldigitaldeasturias.com\\\/noticias\\\/category\\\/actualidad\\\/#listItem\",\"position\":2,\"name\":\"Actualidad\",\"item\":\"https:\\\/\\\/www.eldigitaldeasturias.com\\\/noticias\\\/category\\\/actualidad\\\/\",\"nextItem\":{\"@type\":\"ListItem\",\"@id\":\"https:\\\/\\\/www.eldigitaldeasturias.com\\\/noticias\\\/iago-negueruela-ha-visitado-el-proyecto-remodelam-felanitx\\\/#listItem\",\"name\":\"Iago Negueruela ha visitado el proyecto \\u00abRemodelam Felanitx\\u201d\"},\"previousItem\":{\"@type\":\"ListItem\",\"@id\":\"https:\\\/\\\/www.eldigitaldeasturias.com\\\/noticias#listItem\",\"name\":\"Home\"}},{\"@type\":\"ListItem\",\"@id\":\"https:\\\/\\\/www.eldigitaldeasturias.com\\\/noticias\\\/iago-negueruela-ha-visitado-el-proyecto-remodelam-felanitx\\\/#listItem\",\"position\":3,\"name\":\"Iago Negueruela ha visitado el proyecto \\u00abRemodelam Felanitx\\u201d\",\"previousItem\":{\"@type\":\"ListItem\",\"@id\":\"https:\\\/\\\/www.eldigitaldeasturias.com\\\/noticias\\\/category\\\/actualidad\\\/#listItem\",\"name\":\"Actualidad\"}}]},{\"@type\":\"Organization\",\"@id\":\"https:\\\/\\\/www.eldigitaldeasturias.com\\\/noticias\\\/#organization\",\"name\":\"El Digital de Asturias\",\"description\":\"Hemeroteca\",\"url\":\"https:\\\/\\\/www.eldigitaldeasturias.com\\\/noticias\\\/\",\"email\":\"info@eldigitaldeasturias.com\",\"telephone\":\"+34652131393\",\"logo\":{\"@type\":\"ImageObject\",\"url\":\"https:\\\/\\\/www.eldigitaldeasturias.com\\\/noticias\\\/wp-content\\\/uploads\\\/2020\\\/12\\\/EDA.jpg\",\"@id\":\"https:\\\/\\\/www.eldigitaldeasturias.com\\\/noticias\\\/iago-negueruela-ha-visitado-el-proyecto-remodelam-felanitx\\\/#organizationLogo\"},\"image\":{\"@id\":\"https:\\\/\\\/www.eldigitaldeasturias.com\\\/noticias\\\/iago-negueruela-ha-visitado-el-proyecto-remodelam-felanitx\\\/#organizationLogo\"},\"sameAs\":[\"https:\\\/\\\/facebook.com\\\/eldigitaldeasturias\",\"https:\\\/\\\/www.youtube.com\\\/channel\\\/UCZP-2wLEB9Rv6erhFmqVnvg\"],\"address\":{\"@id\":\"https:\\\/\\\/www.eldigitaldeasturias.com\\\/noticias\\\/#postaladdress\",\"@type\":\"PostalAddress\",\"streetAddress\":\"san antonio 4\",\"postalCode\":\"33430\",\"addressLocality\":\"Cand\\u00e1s\",\"addressRegion\":\"Asturias\",\"addressCountry\":\"ES\"}},{\"@type\":\"Person\",\"@id\":\"https:\\\/\\\/www.eldigitaldeasturias.com\\\/noticias\\\/author\\\/admin\\\/#author\",\"url\":\"https:\\\/\\\/www.eldigitaldeasturias.com\\\/noticias\\\/author\\\/admin\\\/\",\"name\":\"El Digital de Asturias\",\"image\":{\"@type\":\"ImageObject\",\"@id\":\"https:\\\/\\\/www.eldigitaldeasturias.com\\\/noticias\\\/iago-negueruela-ha-visitado-el-proyecto-remodelam-felanitx\\\/#authorImage\",\"url\":\"https:\\\/\\\/secure.gravatar.com\\\/avatar\\\/df2aeffc32bcd13f8d26072ef8a91b623d677766deac7f97ca815868cd41bf5e?s=96&d=mm&r=g\",\"width\":96,\"height\":96,\"caption\":\"El Digital de Asturias\"}},{\"@type\":\"WebPage\",\"@id\":\"https:\\\/\\\/www.eldigitaldeasturias.com\\\/noticias\\\/iago-negueruela-ha-visitado-el-proyecto-remodelam-felanitx\\\/#webpage\",\"url\":\"https:\\\/\\\/www.eldigitaldeasturias.com\\\/noticias\\\/iago-negueruela-ha-visitado-el-proyecto-remodelam-felanitx\\\/\",\"name\":\"Iago Negueruela ha visitado el proyecto \\u00abRemodelam Felanitx\\u201d - El Digital de Asturias\",\"description\":\"El conseller de Trabajo, Iago Negueruela, acompa\\u00f1ado de la concejala de ocupaci\\u00f3n y formaci\\u00f3n, Elena Carrillo, del concejal de comercio, Xisco Duarte, y la directora general de Comercio y Empresa, Pilar Sans\\u00f3, visitaron esta semana el proyecto \\\"Remodelam Felanitx\\\", que financia el Servicio P\\u00fablico de Ocupaci\\u00f3n de las Islas Baleares (SOIB) con fondos de la\",\"inLanguage\":\"es-ES\",\"isPartOf\":{\"@id\":\"https:\\\/\\\/www.eldigitaldeasturias.com\\\/noticias\\\/#website\"},\"breadcrumb\":{\"@id\":\"https:\\\/\\\/www.eldigitaldeasturias.com\\\/noticias\\\/iago-negueruela-ha-visitado-el-proyecto-remodelam-felanitx\\\/#breadcrumblist\"},\"author\":{\"@id\":\"https:\\\/\\\/www.eldigitaldeasturias.com\\\/noticias\\\/author\\\/admin\\\/#author\"},\"creator\":{\"@id\":\"https:\\\/\\\/www.eldigitaldeasturias.com\\\/noticias\\\/author\\\/admin\\\/#author\"},\"image\":{\"@type\":\"ImageObject\",\"url\":949389,\"@id\":\"https:\\\/\\\/www.eldigitaldeasturias.com\\\/noticias\\\/iago-negueruela-ha-visitado-el-proyecto-remodelam-felanitx\\\/#mainImage\"},\"primaryImageOfPage\":{\"@id\":\"https:\\\/\\\/www.eldigitaldeasturias.com\\\/noticias\\\/iago-negueruela-ha-visitado-el-proyecto-remodelam-felanitx\\\/#mainImage\"},\"datePublished\":\"2017-08-11T00:20:25+02:00\",\"dateModified\":\"2017-08-11T00:20:25+02:00\"},{\"@type\":\"WebSite\",\"@id\":\"https:\\\/\\\/www.eldigitaldeasturias.com\\\/noticias\\\/#website\",\"url\":\"https:\\\/\\\/www.eldigitaldeasturias.com\\\/noticias\\\/\",\"name\":\"El Digital de Asturias - Diario de actualidad y noticias\",\"alternateName\":\"El Digital de Asturias - Diario de actualidad y noticias\",\"description\":\"Hemeroteca\",\"inLanguage\":\"es-ES\",\"publisher\":{\"@id\":\"https:\\\/\\\/www.eldigitaldeasturias.com\\\/noticias\\\/#organization\"}}]}\n\t\t<\/script>\n\t\t<!-- All in One SEO Pro -->\r\n\t\t<title>Iago Negueruela ha visitado el proyecto \u00abRemodelam Felanitx\u201d - El Digital de Asturias<\/title>\n\n","aioseo_head_json":{"title":"Iago Negueruela ha visitado el proyecto \u00abRemodelam Felanitx\u201d - El Digital de Asturias","description":"El conseller de Trabajo, Iago Negueruela, acompa\u00f1ado de la concejala de ocupaci\u00f3n y formaci\u00f3n, Elena Carrillo, del concejal de comercio, Xisco Duarte, y la directora general de Comercio y Empresa, Pilar Sans\u00f3, visitaron esta semana el proyecto \"Remodelam Felanitx\", que financia el Servicio P\u00fablico de Ocupaci\u00f3n de las Islas Baleares (SOIB) con fondos de la","canonical_url":"https:\/\/www.eldigitaldeasturias.com\/noticias\/iago-negueruela-ha-visitado-el-proyecto-remodelam-felanitx\/","robots":"max-image-preview:large","keywords":"actualidad","webmasterTools":{"google-site-verification":"UA-38556648-1","msvalidate.01":"7dfe9f3f1b24437ab69f4f2559babe99","miscellaneous":""},"schema":{"@context":"https:\/\/schema.org","@graph":[{"@type":"BlogPosting","@id":"https:\/\/www.eldigitaldeasturias.com\/noticias\/iago-negueruela-ha-visitado-el-proyecto-remodelam-felanitx\/#blogposting","name":"Iago Negueruela ha visitado el proyecto \u00abRemodelam Felanitx\u201d - El Digital de Asturias","headline":"Iago Negueruela ha visitado el proyecto \u00abRemodelam Felanitx\u201d","author":{"@id":"https:\/\/www.eldigitaldeasturias.com\/noticias\/author\/admin\/#author"},"publisher":{"@id":"https:\/\/www.eldigitaldeasturias.com\/noticias\/#organization"},"image":{"@type":"ImageObject","url":949389},"datePublished":"2017-08-11T00:20:25+02:00","dateModified":"2017-08-11T00:20:25+02:00","inLanguage":"es-ES","mainEntityOfPage":{"@id":"https:\/\/www.eldigitaldeasturias.com\/noticias\/iago-negueruela-ha-visitado-el-proyecto-remodelam-felanitx\/#webpage"},"isPartOf":{"@id":"https:\/\/www.eldigitaldeasturias.com\/noticias\/iago-negueruela-ha-visitado-el-proyecto-remodelam-felanitx\/#webpage"},"articleSection":"Actualidad"},{"@type":"BreadcrumbList","@id":"https:\/\/www.eldigitaldeasturias.com\/noticias\/iago-negueruela-ha-visitado-el-proyecto-remodelam-felanitx\/#breadcrumblist","itemListElement":[{"@type":"ListItem","@id":"https:\/\/www.eldigitaldeasturias.com\/noticias#listItem","position":1,"name":"Home","item":"https:\/\/www.eldigitaldeasturias.com\/noticias","nextItem":{"@type":"ListItem","@id":"https:\/\/www.eldigitaldeasturias.com\/noticias\/category\/actualidad\/#listItem","name":"Actualidad"}},{"@type":"ListItem","@id":"https:\/\/www.eldigitaldeasturias.com\/noticias\/category\/actualidad\/#listItem","position":2,"name":"Actualidad","item":"https:\/\/www.eldigitaldeasturias.com\/noticias\/category\/actualidad\/","nextItem":{"@type":"ListItem","@id":"https:\/\/www.eldigitaldeasturias.com\/noticias\/iago-negueruela-ha-visitado-el-proyecto-remodelam-felanitx\/#listItem","name":"Iago Negueruela ha visitado el proyecto \u00abRemodelam Felanitx\u201d"},"previousItem":{"@type":"ListItem","@id":"https:\/\/www.eldigitaldeasturias.com\/noticias#listItem","name":"Home"}},{"@type":"ListItem","@id":"https:\/\/www.eldigitaldeasturias.com\/noticias\/iago-negueruela-ha-visitado-el-proyecto-remodelam-felanitx\/#listItem","position":3,"name":"Iago Negueruela ha visitado el proyecto \u00abRemodelam Felanitx\u201d","previousItem":{"@type":"ListItem","@id":"https:\/\/www.eldigitaldeasturias.com\/noticias\/category\/actualidad\/#listItem","name":"Actualidad"}}]},{"@type":"Organization","@id":"https:\/\/www.eldigitaldeasturias.com\/noticias\/#organization","name":"El Digital de Asturias","description":"Hemeroteca","url":"https:\/\/www.eldigitaldeasturias.com\/noticias\/","email":"info@eldigitaldeasturias.com","telephone":"+34652131393","logo":{"@type":"ImageObject","url":"https:\/\/www.eldigitaldeasturias.com\/noticias\/wp-content\/uploads\/2020\/12\/EDA.jpg","@id":"https:\/\/www.eldigitaldeasturias.com\/noticias\/iago-negueruela-ha-visitado-el-proyecto-remodelam-felanitx\/#organizationLogo"},"image":{"@id":"https:\/\/www.eldigitaldeasturias.com\/noticias\/iago-negueruela-ha-visitado-el-proyecto-remodelam-felanitx\/#organizationLogo"},"sameAs":["https:\/\/facebook.com\/eldigitaldeasturias","https:\/\/www.youtube.com\/channel\/UCZP-2wLEB9Rv6erhFmqVnvg"],"address":{"@id":"https:\/\/www.eldigitaldeasturias.com\/noticias\/#postaladdress","@type":"PostalAddress","streetAddress":"san antonio 4","postalCode":"33430","addressLocality":"Cand\u00e1s","addressRegion":"Asturias","addressCountry":"ES"}},{"@type":"Person","@id":"https:\/\/www.eldigitaldeasturias.com\/noticias\/author\/admin\/#author","url":"https:\/\/www.eldigitaldeasturias.com\/noticias\/author\/admin\/","name":"El Digital de Asturias","image":{"@type":"ImageObject","@id":"https:\/\/www.eldigitaldeasturias.com\/noticias\/iago-negueruela-ha-visitado-el-proyecto-remodelam-felanitx\/#authorImage","url":"https:\/\/secure.gravatar.com\/avatar\/df2aeffc32bcd13f8d26072ef8a91b623d677766deac7f97ca815868cd41bf5e?s=96&d=mm&r=g","width":96,"height":96,"caption":"El Digital de Asturias"}},{"@type":"WebPage","@id":"https:\/\/www.eldigitaldeasturias.com\/noticias\/iago-negueruela-ha-visitado-el-proyecto-remodelam-felanitx\/#webpage","url":"https:\/\/www.eldigitaldeasturias.com\/noticias\/iago-negueruela-ha-visitado-el-proyecto-remodelam-felanitx\/","name":"Iago Negueruela ha visitado el proyecto \u00abRemodelam Felanitx\u201d - El Digital de Asturias","description":"El conseller de Trabajo, Iago Negueruela, acompa\u00f1ado de la concejala de ocupaci\u00f3n y formaci\u00f3n, Elena Carrillo, del concejal de comercio, Xisco Duarte, y la directora general de Comercio y Empresa, Pilar Sans\u00f3, visitaron esta semana el proyecto \"Remodelam Felanitx\", que financia el Servicio P\u00fablico de Ocupaci\u00f3n de las Islas Baleares (SOIB) con fondos de la","inLanguage":"es-ES","isPartOf":{"@id":"https:\/\/www.eldigitaldeasturias.com\/noticias\/#website"},"breadcrumb":{"@id":"https:\/\/www.eldigitaldeasturias.com\/noticias\/iago-negueruela-ha-visitado-el-proyecto-remodelam-felanitx\/#breadcrumblist"},"author":{"@id":"https:\/\/www.eldigitaldeasturias.com\/noticias\/author\/admin\/#author"},"creator":{"@id":"https:\/\/www.eldigitaldeasturias.com\/noticias\/author\/admin\/#author"},"image":{"@type":"ImageObject","url":949389,"@id":"https:\/\/www.eldigitaldeasturias.com\/noticias\/iago-negueruela-ha-visitado-el-proyecto-remodelam-felanitx\/#mainImage"},"primaryImageOfPage":{"@id":"https:\/\/www.eldigitaldeasturias.com\/noticias\/iago-negueruela-ha-visitado-el-proyecto-remodelam-felanitx\/#mainImage"},"datePublished":"2017-08-11T00:20:25+02:00","dateModified":"2017-08-11T00:20:25+02:00"},{"@type":"WebSite","@id":"https:\/\/www.eldigitaldeasturias.com\/noticias\/#website","url":"https:\/\/www.eldigitaldeasturias.com\/noticias\/","name":"El Digital de Asturias - Diario de actualidad y noticias","alternateName":"El Digital de Asturias - Diario de actualidad y noticias","description":"Hemeroteca","inLanguage":"es-ES","publisher":{"@id":"https:\/\/www.eldigitaldeasturias.com\/noticias\/#organization"}}]},"og:locale":"es_ES","og:site_name":"El Digital de Asturias","og:type":"article","og:title":"Iago Negueruela ha visitado el proyecto \u00abRemodelam Felanitx\u201d - El Digital de Asturias","og:description":"El conseller de Trabajo, Iago Negueruela, acompa\u00f1ado de la concejala de ocupaci\u00f3n y formaci\u00f3n, Elena Carrillo, del concejal de comercio, Xisco Duarte, y la directora general de Comercio y Empresa, Pilar Sans\u00f3, visitaron esta semana el proyecto &quot;Remodelam Felanitx&quot;, que financia el Servicio P\u00fablico de Ocupaci\u00f3n de las Islas Baleares (SOIB) con fondos de la","og:url":"https:\/\/www.eldigitaldeasturias.com\/noticias\/iago-negueruela-ha-visitado-el-proyecto-remodelam-felanitx\/","article:tag":["actualidad"],"article:published_time":"2017-08-11T00:20:25+00:00","article:modified_time":"2017-08-11T00:20:25+00:00","article:publisher":"https:\/\/facebook.com\/eldigitaldeasturias","twitter:card":"summary_large_image","twitter:title":"Iago Negueruela ha visitado el proyecto \u00abRemodelam Felanitx\u201d - El Digital de Asturias","twitter:description":"El conseller de Trabajo, Iago Negueruela, acompa\u00f1ado de la concejala de ocupaci\u00f3n y formaci\u00f3n, Elena Carrillo, del concejal de comercio, Xisco Duarte, y la directora general de Comercio y Empresa, Pilar Sans\u00f3, visitaron esta semana el proyecto &quot;Remodelam Felanitx&quot;, que financia el Servicio P\u00fablico de Ocupaci\u00f3n de las Islas Baleares (SOIB) con fondos de la","twitter:image":"https:\/\/www.eldigitaldeasturias.com\/noticias\/wp-content\/uploads\/2020\/12\/EDA-1.jpg","twitter:label1":"Escrito por","twitter:data1":"El Digital de Asturias","twitter:label2":"Tiempo de lectura estimado","twitter:data2":"1 minuto"},"aioseo_meta_data":{"post_id":"949388","title":null,"description":null,"keywords":null,"keyphrases":null,"primary_term":null,"canonical_url":null,"og_title":null,"og_description":null,"og_object_type":"default","og_image_type":"default","og_image_url":null,"og_image_width":null,"og_image_height":null,"og_image_custom_url":null,"og_image_custom_fields":null,"og_video":null,"og_custom_url":null,"og_article_section":null,"og_article_tags":null,"twitter_use_og":false,"twitter_card":"default","twitter_image_type":"default","twitter_image_url":null,"twitter_image_custom_url":null,"twitter_image_custom_fields":null,"twitter_title":null,"twitter_description":null,"schema":{"blockGraphs":[],"customGraphs":[],"default":{"data":{"Article":[],"Course":[],"Dataset":[],"FAQPage":[],"Movie":[],"Person":[],"Product":[],"ProductReview":[],"Car":[],"Recipe":[],"Service":[],"SoftwareApplication":[],"WebPage":[]},"graphName":"","isEnabled":true},"graphs":[],"defaultGraph":"","defaultPostTypeGraph":""},"schema_type":null,"schema_type_options":null,"pillar_content":false,"robots_default":true,"robots_noindex":false,"robots_noarchive":false,"robots_nosnippet":false,"robots_nofollow":false,"robots_noimageindex":false,"robots_noodp":false,"robots_notranslate":false,"robots_max_snippet":null,"robots_max_videopreview":null,"robots_max_imagepreview":"large","priority":null,"frequency":null,"local_seo":null,"seo_analyzer_scan_date":"2025-12-05 12:12:10","breadcrumb_settings":null,"limit_modified_date":false,"open_ai":null,"ai":null,"created":"2020-12-21 13:02:37","updated":"2025-12-05 12:12:10","focus_keyword":null,"additional_keywords":null,"truseo_locale":null},"aioseo_breadcrumb":"<div class=\"aioseo-breadcrumbs\"><span class=\"aioseo-breadcrumb\">\n\t<a href=\"https:\/\/www.eldigitaldeasturias.com\/noticias\" title=\"Home\">Home<\/a>\n<\/span><span class=\"aioseo-breadcrumb-separator\">\u2013<\/span><span class=\"aioseo-breadcrumb\">\n\t<a href=\"https:\/\/www.eldigitaldeasturias.com\/noticias\/category\/actualidad\/\" title=\"Actualidad\">Actualidad<\/a>\n<\/span><span class=\"aioseo-breadcrumb-separator\">\u2013<\/span><span class=\"aioseo-breadcrumb\">\n\t<a href=\"https:\/\/www.eldigitaldeasturias.com\/noticias\/iago-negueruela-ha-visitado-el-proyecto-remodelam-felanitx\/\" title=\"Iago Negueruela ha visitado el proyecto \u00abRemodelam Felanitx\u201d\">Iago Negueruela ha visitado el proyecto \u00abRemodelam Felanitx\u201d<\/a>\n<\/span><\/div>","aioseo_breadcrumb_json":[{"label":"Home","link":"https:\/\/www.eldigitaldeasturias.com\/noticias"},{"label":"Actualidad","link":"https:\/\/www.eldigitaldeasturias.com\/noticias\/category\/actualidad\/"},{"label":"Iago Negueruela ha visitado el proyecto \u00abRemodelam Felanitx\u201d","link":"https:\/\/www.eldigitaldeasturias.com\/noticias\/iago-negueruela-ha-visitado-el-proyecto-remodelam-felanitx\/"}],"_links":{"self":[{"href":"https:\/\/www.eldigitaldeasturias.com\/noticias\/wp-json\/wp\/v2\/posts\/949388","targetHints":{"allow":["GET"]}}],"collection":[{"href":"https:\/\/www.eldigitaldeasturias.com\/noticias\/wp-json\/wp\/v2\/posts"}],"about":[{"href":"https:\/\/www.eldigitaldeasturias.com\/noticias\/wp-json\/wp\/v2\/types\/post"}],"author":[{"embeddable":true,"href":"https:\/\/www.eldigitaldeasturias.com\/noticias\/wp-json\/wp\/v2\/users\/1"}],"replies":[{"embeddable":true,"href":"https:\/\/www.eldigitaldeasturias.com\/noticias\/wp-json\/wp\/v2\/comments?post=949388"}],"version-history":[{"count":0,"href":"https:\/\/www.eldigitaldeasturias.com\/noticias\/wp-json\/wp\/v2\/posts\/949388\/revisions"}],"wp:attachment":[{"href":"https:\/\/www.eldigitaldeasturias.com\/noticias\/wp-json\/wp\/v2\/media?parent=949388"}],"wp:term":[{"taxonomy":"category","embeddable":true,"href":"https:\/\/www.eldigitaldeasturias.com\/noticias\/wp-json\/wp\/v2\/categories?post=949388"},{"taxonomy":"post_tag","embeddable":true,"href":"https:\/\/www.eldigitaldeasturias.com\/noticias\/wp-json\/wp\/v2\/tags?post=949388"}],"curies":[{"name":"wp","href":"https:\/\/api.w.org\/{rel}","templated":true}]}}