{"id":949382,"date":"2017-08-11T00:12:44","date_gmt":"2017-08-11T00:12:44","guid":{"rendered":"http:\/\/www.eldigitaldeasturias.com\/noticias\/?p=949382"},"modified":"2017-08-11T00:12:44","modified_gmt":"2017-08-11T00:12:44","slug":"baleares-publica-el-registro-de-observaciones-de-peces-raros","status":"publish","type":"post","link":"https:\/\/www.eldigitaldeasturias.com\/noticias\/baleares-publica-el-registro-de-observaciones-de-peces-raros\/","title":{"rendered":"Baleares p\u00fablica el registro de observaciones de peces raros"},"content":{"rendered":"<p><img loading=\"lazy\" decoding=\"async\" class=\"alignleft size-medium wp-image-949383\" src=\"https:\/\/www.eldigitaldeasturias.com\/noticias\/wp-content\/uploads\/2017\/08\/eb11802-360x284.jpg\" alt=\"\" width=\"360\" height=\"284\" \/>La Conselleria de Medio Ambiente, Agricultura y Pesca publica por primera vez un registro de observaciones de peces raros de las Illes Balears, correspondiente al a\u00f1o 2016.<\/p>\n<p>La publicaci\u00f3n recoge datos concretos de diecisiete especies, alguna de las cuales no hab\u00eda sido nunca observada en las aguas del archipi\u00e9lago, como es el caso del pez globo, Diodon hystrix. Otros ejemplares se han vuelto raros, como varios elasmobranquios y caballitos de mar, y tambi\u00e9n animales de talla excepcional, como los tres ejemplares de llampuga que fueron capturados en Santany\u00ed el mes de octubre del a\u00f1o pasado, que pesaron 64 kg en total.<\/p>\n<p>Es importante que este tipo de datos no se pierdan. Por este motivo, el Servicio de Protecci\u00f3n de Especies y el Servicio de Recursos Marinos han asumido la publicaci\u00f3n anual de esta recopilaci\u00f3n y han habilitado la direcci\u00f3n dapera@caib.es para que los ciudadanos puedan comunicar las observaciones de peces raros.<\/p>\n<p>La publicaci\u00f3n ser\u00e1 distribuida a todas las entidades y asociaciones relacionadas con el mar, como clubs n\u00e1uticos, cofrad\u00edas de pescadores y clubs de buceo, entre otros. Adem\u00e1s, est\u00e1 disponible en la web de la Conselleria (especies.caib.es) y se puede solicitar en la direcci\u00f3n electr\u00f3nica mencionada.<\/p>\n<p>&nbsp;<\/p>\n","protected":false},"excerpt":{"rendered":"<p>La Conselleria de Medio Ambiente, Agricultura y Pesca publica por primera vez un registro de observaciones de peces raros de las Illes Balears, correspondiente al a\u00f1o 2016. La publicaci\u00f3n recoge datos concretos de diecisiete especies, alguna de las cuales no hab\u00eda sido nunca observada en las aguas del archipi\u00e9lago, como es el caso del pez [&hellip;]<\/p>\n","protected":false},"author":1,"featured_media":949383,"comment_status":"closed","ping_status":"closed","sticky":false,"template":"","format":"standard","meta":{"footnotes":""},"categories":[1],"tags":[],"class_list":["post-949382","post","type-post","status-publish","format-standard","has-post-thumbnail","hentry","category-actualidad"],"aioseo_notices":[],"aioseo_head":"\n\t\t<!-- All in One SEO Pro 5.0.1 - aioseo.com -->\n\t<meta name=\"description\" content=\"La Conselleria de Medio Ambiente, Agricultura y Pesca publica por primera vez un registro de observaciones de peces raros de las Illes Balears, correspondiente al a\u00f1o 2016. La publicaci\u00f3n recoge datos concretos de diecisiete especies, alguna de las cuales no hab\u00eda sido nunca observada en las aguas del archipi\u00e9lago, como es el caso del pez\" \/>\n\t<meta name=\"robots\" content=\"max-image-preview:large\" \/>\n\t<meta name=\"author\" content=\"El Digital de Asturias\"\/>\n\t<meta name=\"google-site-verification\" content=\"UA-38556648-1\" \/>\n\t<meta name=\"msvalidate.01\" content=\"7dfe9f3f1b24437ab69f4f2559babe99\" \/>\n\t<meta name=\"keywords\" content=\"actualidad\" \/>\n\t<link rel=\"canonical\" href=\"https:\/\/www.eldigitaldeasturias.com\/noticias\/baleares-publica-el-registro-de-observaciones-de-peces-raros\/\" \/>\n\t<meta name=\"generator\" content=\"All in One SEO Pro (AIOSEO) 5.0.1\" \/>\n\t\t<meta property=\"og:locale\" content=\"es_ES\" \/>\n\t\t<meta property=\"og:site_name\" content=\"El Digital de Asturias\" \/>\n\t\t<meta property=\"og:type\" content=\"article\" \/>\n\t\t<meta property=\"og:title\" content=\"Baleares p\u00fablica el registro de observaciones de peces raros - El Digital de Asturias\" \/>\n\t\t<meta property=\"og:description\" content=\"La Conselleria de Medio Ambiente, Agricultura y Pesca publica por primera vez un registro de observaciones de peces raros de las Illes Balears, correspondiente al a\u00f1o 2016. La publicaci\u00f3n recoge datos concretos de diecisiete especies, alguna de las cuales no hab\u00eda sido nunca observada en las aguas del archipi\u00e9lago, como es el caso del pez\" \/>\n\t\t<meta property=\"og:url\" content=\"https:\/\/www.eldigitaldeasturias.com\/noticias\/baleares-publica-el-registro-de-observaciones-de-peces-raros\/\" \/>\n\t\t<meta property=\"article:tag\" content=\"actualidad\" \/>\n\t\t<meta property=\"article:published_time\" content=\"2017-08-11T00:12:44+00:00\" \/>\n\t\t<meta property=\"article:modified_time\" content=\"2017-08-11T00:12:44+00:00\" \/>\n\t\t<meta property=\"article:publisher\" content=\"https:\/\/facebook.com\/eldigitaldeasturias\" \/>\n\t\t<meta name=\"twitter:card\" content=\"summary_large_image\" \/>\n\t\t<meta name=\"twitter:title\" content=\"Baleares p\u00fablica el registro de observaciones de peces raros - El Digital de Asturias\" \/>\n\t\t<meta name=\"twitter:description\" content=\"La Conselleria de Medio Ambiente, Agricultura y Pesca publica por primera vez un registro de observaciones de peces raros de las Illes Balears, correspondiente al a\u00f1o 2016. La publicaci\u00f3n recoge datos concretos de diecisiete especies, alguna de las cuales no hab\u00eda sido nunca observada en las aguas del archipi\u00e9lago, como es el caso del pez\" \/>\n\t\t<meta name=\"twitter:image\" content=\"https:\/\/www.eldigitaldeasturias.com\/noticias\/wp-content\/uploads\/2020\/12\/EDA-1.jpg\" \/>\n\t\t<meta name=\"twitter:label1\" content=\"Escrito por\" \/>\n\t\t<meta name=\"twitter:data1\" content=\"El Digital de Asturias\" \/>\n\t\t<meta name=\"twitter:label2\" content=\"Tiempo de lectura estimado\" \/>\n\t\t<meta name=\"twitter:data2\" content=\"1 minuto\" \/>\n\t\t<script type=\"application\/ld+json\" class=\"aioseo-schema\">\n\t\t\t{\"@context\":\"https:\\\/\\\/schema.org\",\"@graph\":[{\"@type\":\"BlogPosting\",\"@id\":\"https:\\\/\\\/www.eldigitaldeasturias.com\\\/noticias\\\/baleares-publica-el-registro-de-observaciones-de-peces-raros\\\/#blogposting\",\"name\":\"Baleares p\\u00fablica el registro de observaciones de peces raros - El Digital de Asturias\",\"headline\":\"Baleares p\\u00fablica el registro de observaciones de peces raros\",\"author\":{\"@id\":\"https:\\\/\\\/www.eldigitaldeasturias.com\\\/noticias\\\/author\\\/admin\\\/#author\"},\"publisher\":{\"@id\":\"https:\\\/\\\/www.eldigitaldeasturias.com\\\/noticias\\\/#organization\"},\"image\":{\"@type\":\"ImageObject\",\"url\":949383},\"datePublished\":\"2017-08-11T00:12:44+02:00\",\"dateModified\":\"2017-08-11T00:12:44+02:00\",\"inLanguage\":\"es-ES\",\"mainEntityOfPage\":{\"@id\":\"https:\\\/\\\/www.eldigitaldeasturias.com\\\/noticias\\\/baleares-publica-el-registro-de-observaciones-de-peces-raros\\\/#webpage\"},\"isPartOf\":{\"@id\":\"https:\\\/\\\/www.eldigitaldeasturias.com\\\/noticias\\\/baleares-publica-el-registro-de-observaciones-de-peces-raros\\\/#webpage\"},\"articleSection\":\"Actualidad\"},{\"@type\":\"BreadcrumbList\",\"@id\":\"https:\\\/\\\/www.eldigitaldeasturias.com\\\/noticias\\\/baleares-publica-el-registro-de-observaciones-de-peces-raros\\\/#breadcrumblist\",\"itemListElement\":[{\"@type\":\"ListItem\",\"@id\":\"https:\\\/\\\/www.eldigitaldeasturias.com\\\/noticias#listItem\",\"position\":1,\"name\":\"Home\",\"item\":\"https:\\\/\\\/www.eldigitaldeasturias.com\\\/noticias\",\"nextItem\":{\"@type\":\"ListItem\",\"@id\":\"https:\\\/\\\/www.eldigitaldeasturias.com\\\/noticias\\\/category\\\/actualidad\\\/#listItem\",\"name\":\"Actualidad\"}},{\"@type\":\"ListItem\",\"@id\":\"https:\\\/\\\/www.eldigitaldeasturias.com\\\/noticias\\\/category\\\/actualidad\\\/#listItem\",\"position\":2,\"name\":\"Actualidad\",\"item\":\"https:\\\/\\\/www.eldigitaldeasturias.com\\\/noticias\\\/category\\\/actualidad\\\/\",\"nextItem\":{\"@type\":\"ListItem\",\"@id\":\"https:\\\/\\\/www.eldigitaldeasturias.com\\\/noticias\\\/baleares-publica-el-registro-de-observaciones-de-peces-raros\\\/#listItem\",\"name\":\"Baleares p\\u00fablica el registro de observaciones de peces raros\"},\"previousItem\":{\"@type\":\"ListItem\",\"@id\":\"https:\\\/\\\/www.eldigitaldeasturias.com\\\/noticias#listItem\",\"name\":\"Home\"}},{\"@type\":\"ListItem\",\"@id\":\"https:\\\/\\\/www.eldigitaldeasturias.com\\\/noticias\\\/baleares-publica-el-registro-de-observaciones-de-peces-raros\\\/#listItem\",\"position\":3,\"name\":\"Baleares p\\u00fablica el registro de observaciones de peces raros\",\"previousItem\":{\"@type\":\"ListItem\",\"@id\":\"https:\\\/\\\/www.eldigitaldeasturias.com\\\/noticias\\\/category\\\/actualidad\\\/#listItem\",\"name\":\"Actualidad\"}}]},{\"@type\":\"Organization\",\"@id\":\"https:\\\/\\\/www.eldigitaldeasturias.com\\\/noticias\\\/#organization\",\"name\":\"El Digital de Asturias\",\"description\":\"Hemeroteca\",\"url\":\"https:\\\/\\\/www.eldigitaldeasturias.com\\\/noticias\\\/\",\"email\":\"info@eldigitaldeasturias.com\",\"telephone\":\"+34652131393\",\"logo\":{\"@type\":\"ImageObject\",\"url\":\"https:\\\/\\\/www.eldigitaldeasturias.com\\\/noticias\\\/wp-content\\\/uploads\\\/2020\\\/12\\\/EDA.jpg\",\"@id\":\"https:\\\/\\\/www.eldigitaldeasturias.com\\\/noticias\\\/baleares-publica-el-registro-de-observaciones-de-peces-raros\\\/#organizationLogo\"},\"image\":{\"@id\":\"https:\\\/\\\/www.eldigitaldeasturias.com\\\/noticias\\\/baleares-publica-el-registro-de-observaciones-de-peces-raros\\\/#organizationLogo\"},\"sameAs\":[\"https:\\\/\\\/facebook.com\\\/eldigitaldeasturias\",\"https:\\\/\\\/www.youtube.com\\\/channel\\\/UCZP-2wLEB9Rv6erhFmqVnvg\"],\"address\":{\"@id\":\"https:\\\/\\\/www.eldigitaldeasturias.com\\\/noticias\\\/#postaladdress\",\"@type\":\"PostalAddress\",\"streetAddress\":\"san antonio 4\",\"postalCode\":\"33430\",\"addressLocality\":\"Cand\\u00e1s\",\"addressRegion\":\"Asturias\",\"addressCountry\":\"ES\"}},{\"@type\":\"Person\",\"@id\":\"https:\\\/\\\/www.eldigitaldeasturias.com\\\/noticias\\\/author\\\/admin\\\/#author\",\"url\":\"https:\\\/\\\/www.eldigitaldeasturias.com\\\/noticias\\\/author\\\/admin\\\/\",\"name\":\"El Digital de Asturias\",\"image\":{\"@type\":\"ImageObject\",\"@id\":\"https:\\\/\\\/www.eldigitaldeasturias.com\\\/noticias\\\/baleares-publica-el-registro-de-observaciones-de-peces-raros\\\/#authorImage\",\"url\":\"https:\\\/\\\/secure.gravatar.com\\\/avatar\\\/df2aeffc32bcd13f8d26072ef8a91b623d677766deac7f97ca815868cd41bf5e?s=96&d=mm&r=g\",\"width\":96,\"height\":96,\"caption\":\"El Digital de Asturias\"}},{\"@type\":\"WebPage\",\"@id\":\"https:\\\/\\\/www.eldigitaldeasturias.com\\\/noticias\\\/baleares-publica-el-registro-de-observaciones-de-peces-raros\\\/#webpage\",\"url\":\"https:\\\/\\\/www.eldigitaldeasturias.com\\\/noticias\\\/baleares-publica-el-registro-de-observaciones-de-peces-raros\\\/\",\"name\":\"Baleares p\\u00fablica el registro de observaciones de peces raros - El Digital de Asturias\",\"description\":\"La Conselleria de Medio Ambiente, Agricultura y Pesca publica por primera vez un registro de observaciones de peces raros de las Illes Balears, correspondiente al a\\u00f1o 2016. La publicaci\\u00f3n recoge datos concretos de diecisiete especies, alguna de las cuales no hab\\u00eda sido nunca observada en las aguas del archipi\\u00e9lago, como es el caso del pez\",\"inLanguage\":\"es-ES\",\"isPartOf\":{\"@id\":\"https:\\\/\\\/www.eldigitaldeasturias.com\\\/noticias\\\/#website\"},\"breadcrumb\":{\"@id\":\"https:\\\/\\\/www.eldigitaldeasturias.com\\\/noticias\\\/baleares-publica-el-registro-de-observaciones-de-peces-raros\\\/#breadcrumblist\"},\"author\":{\"@id\":\"https:\\\/\\\/www.eldigitaldeasturias.com\\\/noticias\\\/author\\\/admin\\\/#author\"},\"creator\":{\"@id\":\"https:\\\/\\\/www.eldigitaldeasturias.com\\\/noticias\\\/author\\\/admin\\\/#author\"},\"image\":{\"@type\":\"ImageObject\",\"url\":949383,\"@id\":\"https:\\\/\\\/www.eldigitaldeasturias.com\\\/noticias\\\/baleares-publica-el-registro-de-observaciones-de-peces-raros\\\/#mainImage\"},\"primaryImageOfPage\":{\"@id\":\"https:\\\/\\\/www.eldigitaldeasturias.com\\\/noticias\\\/baleares-publica-el-registro-de-observaciones-de-peces-raros\\\/#mainImage\"},\"datePublished\":\"2017-08-11T00:12:44+02:00\",\"dateModified\":\"2017-08-11T00:12:44+02:00\"},{\"@type\":\"WebSite\",\"@id\":\"https:\\\/\\\/www.eldigitaldeasturias.com\\\/noticias\\\/#website\",\"url\":\"https:\\\/\\\/www.eldigitaldeasturias.com\\\/noticias\\\/\",\"name\":\"El Digital de Asturias - Diario de actualidad y noticias\",\"alternateName\":\"El Digital de Asturias - Diario de actualidad y noticias\",\"description\":\"Hemeroteca\",\"inLanguage\":\"es-ES\",\"publisher\":{\"@id\":\"https:\\\/\\\/www.eldigitaldeasturias.com\\\/noticias\\\/#organization\"}}]}\n\t\t<\/script>\n\t\t<!-- All in One SEO Pro -->\r\n\t\t<title>Baleares p\u00fablica el registro de observaciones de peces raros - El Digital de Asturias<\/title>\n\n","aioseo_head_json":{"title":"Baleares p\u00fablica el registro de observaciones de peces raros - El Digital de Asturias","description":"La Conselleria de Medio Ambiente, Agricultura y Pesca publica por primera vez un registro de observaciones de peces raros de las Illes Balears, correspondiente al a\u00f1o 2016. La publicaci\u00f3n recoge datos concretos de diecisiete especies, alguna de las cuales no hab\u00eda sido nunca observada en las aguas del archipi\u00e9lago, como es el caso del pez","canonical_url":"https:\/\/www.eldigitaldeasturias.com\/noticias\/baleares-publica-el-registro-de-observaciones-de-peces-raros\/","robots":"max-image-preview:large","keywords":"actualidad","webmasterTools":{"google-site-verification":"UA-38556648-1","msvalidate.01":"7dfe9f3f1b24437ab69f4f2559babe99","miscellaneous":""},"schema":{"@context":"https:\/\/schema.org","@graph":[{"@type":"BlogPosting","@id":"https:\/\/www.eldigitaldeasturias.com\/noticias\/baleares-publica-el-registro-de-observaciones-de-peces-raros\/#blogposting","name":"Baleares p\u00fablica el registro de observaciones de peces raros - El Digital de Asturias","headline":"Baleares p\u00fablica el registro de observaciones de peces raros","author":{"@id":"https:\/\/www.eldigitaldeasturias.com\/noticias\/author\/admin\/#author"},"publisher":{"@id":"https:\/\/www.eldigitaldeasturias.com\/noticias\/#organization"},"image":{"@type":"ImageObject","url":949383},"datePublished":"2017-08-11T00:12:44+02:00","dateModified":"2017-08-11T00:12:44+02:00","inLanguage":"es-ES","mainEntityOfPage":{"@id":"https:\/\/www.eldigitaldeasturias.com\/noticias\/baleares-publica-el-registro-de-observaciones-de-peces-raros\/#webpage"},"isPartOf":{"@id":"https:\/\/www.eldigitaldeasturias.com\/noticias\/baleares-publica-el-registro-de-observaciones-de-peces-raros\/#webpage"},"articleSection":"Actualidad"},{"@type":"BreadcrumbList","@id":"https:\/\/www.eldigitaldeasturias.com\/noticias\/baleares-publica-el-registro-de-observaciones-de-peces-raros\/#breadcrumblist","itemListElement":[{"@type":"ListItem","@id":"https:\/\/www.eldigitaldeasturias.com\/noticias#listItem","position":1,"name":"Home","item":"https:\/\/www.eldigitaldeasturias.com\/noticias","nextItem":{"@type":"ListItem","@id":"https:\/\/www.eldigitaldeasturias.com\/noticias\/category\/actualidad\/#listItem","name":"Actualidad"}},{"@type":"ListItem","@id":"https:\/\/www.eldigitaldeasturias.com\/noticias\/category\/actualidad\/#listItem","position":2,"name":"Actualidad","item":"https:\/\/www.eldigitaldeasturias.com\/noticias\/category\/actualidad\/","nextItem":{"@type":"ListItem","@id":"https:\/\/www.eldigitaldeasturias.com\/noticias\/baleares-publica-el-registro-de-observaciones-de-peces-raros\/#listItem","name":"Baleares p\u00fablica el registro de observaciones de peces raros"},"previousItem":{"@type":"ListItem","@id":"https:\/\/www.eldigitaldeasturias.com\/noticias#listItem","name":"Home"}},{"@type":"ListItem","@id":"https:\/\/www.eldigitaldeasturias.com\/noticias\/baleares-publica-el-registro-de-observaciones-de-peces-raros\/#listItem","position":3,"name":"Baleares p\u00fablica el registro de observaciones de peces raros","previousItem":{"@type":"ListItem","@id":"https:\/\/www.eldigitaldeasturias.com\/noticias\/category\/actualidad\/#listItem","name":"Actualidad"}}]},{"@type":"Organization","@id":"https:\/\/www.eldigitaldeasturias.com\/noticias\/#organization","name":"El Digital de Asturias","description":"Hemeroteca","url":"https:\/\/www.eldigitaldeasturias.com\/noticias\/","email":"info@eldigitaldeasturias.com","telephone":"+34652131393","logo":{"@type":"ImageObject","url":"https:\/\/www.eldigitaldeasturias.com\/noticias\/wp-content\/uploads\/2020\/12\/EDA.jpg","@id":"https:\/\/www.eldigitaldeasturias.com\/noticias\/baleares-publica-el-registro-de-observaciones-de-peces-raros\/#organizationLogo"},"image":{"@id":"https:\/\/www.eldigitaldeasturias.com\/noticias\/baleares-publica-el-registro-de-observaciones-de-peces-raros\/#organizationLogo"},"sameAs":["https:\/\/facebook.com\/eldigitaldeasturias","https:\/\/www.youtube.com\/channel\/UCZP-2wLEB9Rv6erhFmqVnvg"],"address":{"@id":"https:\/\/www.eldigitaldeasturias.com\/noticias\/#postaladdress","@type":"PostalAddress","streetAddress":"san antonio 4","postalCode":"33430","addressLocality":"Cand\u00e1s","addressRegion":"Asturias","addressCountry":"ES"}},{"@type":"Person","@id":"https:\/\/www.eldigitaldeasturias.com\/noticias\/author\/admin\/#author","url":"https:\/\/www.eldigitaldeasturias.com\/noticias\/author\/admin\/","name":"El Digital de Asturias","image":{"@type":"ImageObject","@id":"https:\/\/www.eldigitaldeasturias.com\/noticias\/baleares-publica-el-registro-de-observaciones-de-peces-raros\/#authorImage","url":"https:\/\/secure.gravatar.com\/avatar\/df2aeffc32bcd13f8d26072ef8a91b623d677766deac7f97ca815868cd41bf5e?s=96&d=mm&r=g","width":96,"height":96,"caption":"El Digital de Asturias"}},{"@type":"WebPage","@id":"https:\/\/www.eldigitaldeasturias.com\/noticias\/baleares-publica-el-registro-de-observaciones-de-peces-raros\/#webpage","url":"https:\/\/www.eldigitaldeasturias.com\/noticias\/baleares-publica-el-registro-de-observaciones-de-peces-raros\/","name":"Baleares p\u00fablica el registro de observaciones de peces raros - El Digital de Asturias","description":"La Conselleria de Medio Ambiente, Agricultura y Pesca publica por primera vez un registro de observaciones de peces raros de las Illes Balears, correspondiente al a\u00f1o 2016. La publicaci\u00f3n recoge datos concretos de diecisiete especies, alguna de las cuales no hab\u00eda sido nunca observada en las aguas del archipi\u00e9lago, como es el caso del pez","inLanguage":"es-ES","isPartOf":{"@id":"https:\/\/www.eldigitaldeasturias.com\/noticias\/#website"},"breadcrumb":{"@id":"https:\/\/www.eldigitaldeasturias.com\/noticias\/baleares-publica-el-registro-de-observaciones-de-peces-raros\/#breadcrumblist"},"author":{"@id":"https:\/\/www.eldigitaldeasturias.com\/noticias\/author\/admin\/#author"},"creator":{"@id":"https:\/\/www.eldigitaldeasturias.com\/noticias\/author\/admin\/#author"},"image":{"@type":"ImageObject","url":949383,"@id":"https:\/\/www.eldigitaldeasturias.com\/noticias\/baleares-publica-el-registro-de-observaciones-de-peces-raros\/#mainImage"},"primaryImageOfPage":{"@id":"https:\/\/www.eldigitaldeasturias.com\/noticias\/baleares-publica-el-registro-de-observaciones-de-peces-raros\/#mainImage"},"datePublished":"2017-08-11T00:12:44+02:00","dateModified":"2017-08-11T00:12:44+02:00"},{"@type":"WebSite","@id":"https:\/\/www.eldigitaldeasturias.com\/noticias\/#website","url":"https:\/\/www.eldigitaldeasturias.com\/noticias\/","name":"El Digital de Asturias - Diario de actualidad y noticias","alternateName":"El Digital de Asturias - Diario de actualidad y noticias","description":"Hemeroteca","inLanguage":"es-ES","publisher":{"@id":"https:\/\/www.eldigitaldeasturias.com\/noticias\/#organization"}}]},"og:locale":"es_ES","og:site_name":"El Digital de Asturias","og:type":"article","og:title":"Baleares p\u00fablica el registro de observaciones de peces raros - El Digital de Asturias","og:description":"La Conselleria de Medio Ambiente, Agricultura y Pesca publica por primera vez un registro de observaciones de peces raros de las Illes Balears, correspondiente al a\u00f1o 2016. La publicaci\u00f3n recoge datos concretos de diecisiete especies, alguna de las cuales no hab\u00eda sido nunca observada en las aguas del archipi\u00e9lago, como es el caso del pez","og:url":"https:\/\/www.eldigitaldeasturias.com\/noticias\/baleares-publica-el-registro-de-observaciones-de-peces-raros\/","article:tag":["actualidad"],"article:published_time":"2017-08-11T00:12:44+00:00","article:modified_time":"2017-08-11T00:12:44+00:00","article:publisher":"https:\/\/facebook.com\/eldigitaldeasturias","twitter:card":"summary_large_image","twitter:title":"Baleares p\u00fablica el registro de observaciones de peces raros - El Digital de Asturias","twitter:description":"La Conselleria de Medio Ambiente, Agricultura y Pesca publica por primera vez un registro de observaciones de peces raros de las Illes Balears, correspondiente al a\u00f1o 2016. La publicaci\u00f3n recoge datos concretos de diecisiete especies, alguna de las cuales no hab\u00eda sido nunca observada en las aguas del archipi\u00e9lago, como es el caso del pez","twitter:image":"https:\/\/www.eldigitaldeasturias.com\/noticias\/wp-content\/uploads\/2020\/12\/EDA-1.jpg","twitter:label1":"Escrito por","twitter:data1":"El Digital de Asturias","twitter:label2":"Tiempo de lectura estimado","twitter:data2":"1 minuto"},"aioseo_meta_data":{"post_id":"949382","title":null,"description":null,"keywords":null,"keyphrases":null,"primary_term":null,"canonical_url":null,"og_title":null,"og_description":null,"og_object_type":"default","og_image_type":"default","og_image_url":null,"og_image_width":null,"og_image_height":null,"og_image_custom_url":null,"og_image_custom_fields":null,"og_video":null,"og_custom_url":null,"og_article_section":null,"og_article_tags":null,"twitter_use_og":false,"twitter_card":"default","twitter_image_type":"default","twitter_image_url":null,"twitter_image_custom_url":null,"twitter_image_custom_fields":null,"twitter_title":null,"twitter_description":null,"schema":{"blockGraphs":[],"customGraphs":[],"default":{"data":{"Article":[],"Course":[],"Dataset":[],"FAQPage":[],"Movie":[],"Person":[],"Product":[],"ProductReview":[],"Car":[],"Recipe":[],"Service":[],"SoftwareApplication":[],"WebPage":[]},"graphName":"","isEnabled":true},"graphs":[],"defaultGraph":"","defaultPostTypeGraph":""},"schema_type":null,"schema_type_options":null,"pillar_content":false,"robots_default":true,"robots_noindex":false,"robots_noarchive":false,"robots_nosnippet":false,"robots_nofollow":false,"robots_noimageindex":false,"robots_noodp":false,"robots_notranslate":false,"robots_max_snippet":null,"robots_max_videopreview":null,"robots_max_imagepreview":"large","priority":null,"frequency":null,"local_seo":null,"seo_analyzer_scan_date":"2025-12-05 12:12:08","breadcrumb_settings":null,"limit_modified_date":false,"open_ai":null,"ai":null,"created":"2020-12-21 13:02:37","updated":"2025-12-05 12:12:08","focus_keyword":null,"additional_keywords":null,"truseo_locale":null},"aioseo_breadcrumb":"<div class=\"aioseo-breadcrumbs\"><span class=\"aioseo-breadcrumb\">\n\t<a href=\"https:\/\/www.eldigitaldeasturias.com\/noticias\" title=\"Home\">Home<\/a>\n<\/span><span class=\"aioseo-breadcrumb-separator\">\u2013<\/span><span class=\"aioseo-breadcrumb\">\n\t<a href=\"https:\/\/www.eldigitaldeasturias.com\/noticias\/category\/actualidad\/\" title=\"Actualidad\">Actualidad<\/a>\n<\/span><span class=\"aioseo-breadcrumb-separator\">\u2013<\/span><span class=\"aioseo-breadcrumb\">\n\t<a href=\"https:\/\/www.eldigitaldeasturias.com\/noticias\/baleares-publica-el-registro-de-observaciones-de-peces-raros\/\" title=\"Baleares p\u00fablica el registro de observaciones de peces raros\">Baleares p\u00fablica el registro de observaciones de peces raros<\/a>\n<\/span><\/div>","aioseo_breadcrumb_json":[{"label":"Home","link":"https:\/\/www.eldigitaldeasturias.com\/noticias"},{"label":"Actualidad","link":"https:\/\/www.eldigitaldeasturias.com\/noticias\/category\/actualidad\/"},{"label":"Baleares p\u00fablica el registro de observaciones de peces raros","link":"https:\/\/www.eldigitaldeasturias.com\/noticias\/baleares-publica-el-registro-de-observaciones-de-peces-raros\/"}],"_links":{"self":[{"href":"https:\/\/www.eldigitaldeasturias.com\/noticias\/wp-json\/wp\/v2\/posts\/949382","targetHints":{"allow":["GET"]}}],"collection":[{"href":"https:\/\/www.eldigitaldeasturias.com\/noticias\/wp-json\/wp\/v2\/posts"}],"about":[{"href":"https:\/\/www.eldigitaldeasturias.com\/noticias\/wp-json\/wp\/v2\/types\/post"}],"author":[{"embeddable":true,"href":"https:\/\/www.eldigitaldeasturias.com\/noticias\/wp-json\/wp\/v2\/users\/1"}],"replies":[{"embeddable":true,"href":"https:\/\/www.eldigitaldeasturias.com\/noticias\/wp-json\/wp\/v2\/comments?post=949382"}],"version-history":[{"count":0,"href":"https:\/\/www.eldigitaldeasturias.com\/noticias\/wp-json\/wp\/v2\/posts\/949382\/revisions"}],"wp:attachment":[{"href":"https:\/\/www.eldigitaldeasturias.com\/noticias\/wp-json\/wp\/v2\/media?parent=949382"}],"wp:term":[{"taxonomy":"category","embeddable":true,"href":"https:\/\/www.eldigitaldeasturias.com\/noticias\/wp-json\/wp\/v2\/categories?post=949382"},{"taxonomy":"post_tag","embeddable":true,"href":"https:\/\/www.eldigitaldeasturias.com\/noticias\/wp-json\/wp\/v2\/tags?post=949382"}],"curies":[{"name":"wp","href":"https:\/\/api.w.org\/{rel}","templated":true}]}}