{"id":949379,"date":"2017-08-11T00:08:43","date_gmt":"2017-08-11T00:08:43","guid":{"rendered":"http:\/\/www.eldigitaldeasturias.com\/noticias\/?p=949379"},"modified":"2017-08-11T00:08:43","modified_gmt":"2017-08-11T00:08:43","slug":"el-bus-electrico-la-red-del-tib-comienza-a-rodar-por-mallorca","status":"publish","type":"post","link":"https:\/\/www.eldigitaldeasturias.com\/noticias\/el-bus-electrico-la-red-del-tib-comienza-a-rodar-por-mallorca\/","title":{"rendered":"El bus el\u00e9ctrico la red del TIB comienza a rodar por Mallorca"},"content":{"rendered":"<p><img loading=\"lazy\" decoding=\"async\" class=\"alignleft size-medium wp-image-949380\" src=\"https:\/\/www.eldigitaldeasturias.com\/noticias\/wp-content\/uploads\/2017\/08\/eb11801-360x283.jpg\" alt=\"\" width=\"360\" height=\"283\" \/>Ya han empezado las pruebas del bus el\u00e9ctrico en la red TIB que tienen como finalidad, analizar el comportamiento de este veh\u00edculo en l\u00edneas de diferentes orograf\u00eda as\u00ed como validar qu\u00e9 autonom\u00eda real se puede obtener en condiciones de alta ocupaci\u00f3n y calor extrema, como las que se est\u00e1n registrando durante este mes de agosto en Mallorca.<br \/>\nUno de los objetivos de Plan insular de servicios de transporte regular de viajeros por carretera de Mallorca (PISTRVC), es el de impulsar la adquisici\u00f3n de autobuses menos contaminados. Concretamente se se\u00f1ala que, en l\u00edneas de corto recorrido, se podr\u00edan iniciar experiencias con veh\u00edculos 100% el\u00e9ctricos.<\/p>\n<p>El bus el\u00e9ctrico rodar\u00e1 por Mallorca hasta finales de septiembre. En primer lugar circular\u00e1 por la zona de Calvi\u00e0, posteriormente por la Bah\u00eda de Alc\u00fadia y finalmente, ya dentro de la red del EMT de Palma, se dejar\u00e1 ver por las calles de Palma.<\/p>\n<p>Durante el acto de presentaci\u00f3n, el director general de Movilidad y Transportes, Jaume Mateu, ha destacado la importancia de esta experiencia que ayudar\u00e1 al Consorcio de Transportes de Mallorca a definir la tipolog\u00eda de veh\u00edculos por l\u00ednea del Anteproyecto de servicios que saldr\u00e1 a exposici\u00f3n p\u00fablica dentro del pr\u00f3ximo oto\u00f1o. Este Anteproyecto dar\u00e1 a conocer cu\u00e1l ser\u00e1 la nueva red TIB a partir del 1 de enero de 2019, con importantes mejoras respecto de la red actual.<\/p>\n<p>Las ventajas de los buses el\u00e9ctricos son la no emisi\u00f3n de gases contaminados y la poca contaminaci\u00f3n ac\u00fastica.\u00bb Este tipo de veh\u00edculos se est\u00e1n implantando en l\u00edneas urbanas por Europa y presentan tipos de funcionamiento diferentes a los buses diesel, por lo tanto es interesante probarlos para valorar su implantaci\u00f3n ya que en Mallorca no tenemos ninguna experiencia previa en transporte p\u00fablico el\u00e9ctrico\u00bb, ha se\u00f1alado al director general de Movilidad y Transportes Jaume Mateu.<\/p>\n<p>Estas pruebas son posibles gracias al hecho de que el fabricante de buses Irizar presta un bus del modelo i2e de forma gratuita a los operadores mallorquines.<\/p>\n<p>&nbsp;<\/p>\n","protected":false},"excerpt":{"rendered":"<p>Ya han empezado las pruebas del bus el\u00e9ctrico en la red TIB que tienen como finalidad, analizar el comportamiento de este veh\u00edculo en l\u00edneas de diferentes orograf\u00eda as\u00ed como validar qu\u00e9 autonom\u00eda real se puede obtener en condiciones de alta ocupaci\u00f3n y calor extrema, como las que se est\u00e1n registrando durante este mes de agosto [&hellip;]<\/p>\n","protected":false},"author":1,"featured_media":949380,"comment_status":"closed","ping_status":"closed","sticky":false,"template":"","format":"standard","meta":{"footnotes":""},"categories":[1],"tags":[],"class_list":["post-949379","post","type-post","status-publish","format-standard","has-post-thumbnail","hentry","category-actualidad"],"aioseo_notices":[],"aioseo_head":"\n\t\t<!-- All in One SEO Pro 5.0.1 - aioseo.com -->\n\t<meta name=\"description\" content=\"Ya han empezado las pruebas del bus el\u00e9ctrico en la red TIB que tienen como finalidad, analizar el comportamiento de este veh\u00edculo en l\u00edneas de diferentes orograf\u00eda as\u00ed como validar qu\u00e9 autonom\u00eda real se puede obtener en condiciones de alta ocupaci\u00f3n y calor extrema, como las que se est\u00e1n registrando durante este mes de agosto\" \/>\n\t<meta name=\"robots\" content=\"max-image-preview:large\" \/>\n\t<meta name=\"author\" content=\"El Digital de Asturias\"\/>\n\t<meta name=\"google-site-verification\" content=\"UA-38556648-1\" \/>\n\t<meta name=\"msvalidate.01\" content=\"7dfe9f3f1b24437ab69f4f2559babe99\" \/>\n\t<meta name=\"keywords\" content=\"actualidad\" \/>\n\t<link rel=\"canonical\" href=\"https:\/\/www.eldigitaldeasturias.com\/noticias\/el-bus-electrico-la-red-del-tib-comienza-a-rodar-por-mallorca\/\" \/>\n\t<meta name=\"generator\" content=\"All in One SEO Pro (AIOSEO) 5.0.1\" \/>\n\t\t<meta property=\"og:locale\" content=\"es_ES\" \/>\n\t\t<meta property=\"og:site_name\" content=\"El Digital de Asturias\" \/>\n\t\t<meta property=\"og:type\" content=\"article\" \/>\n\t\t<meta property=\"og:title\" content=\"El bus el\u00e9ctrico la red del TIB comienza a rodar por Mallorca - El Digital de Asturias\" \/>\n\t\t<meta property=\"og:description\" content=\"Ya han empezado las pruebas del bus el\u00e9ctrico en la red TIB que tienen como finalidad, analizar el comportamiento de este veh\u00edculo en l\u00edneas de diferentes orograf\u00eda as\u00ed como validar qu\u00e9 autonom\u00eda real se puede obtener en condiciones de alta ocupaci\u00f3n y calor extrema, como las que se est\u00e1n registrando durante este mes de agosto\" \/>\n\t\t<meta property=\"og:url\" content=\"https:\/\/www.eldigitaldeasturias.com\/noticias\/el-bus-electrico-la-red-del-tib-comienza-a-rodar-por-mallorca\/\" \/>\n\t\t<meta property=\"article:tag\" content=\"actualidad\" \/>\n\t\t<meta property=\"article:published_time\" content=\"2017-08-11T00:08:43+00:00\" \/>\n\t\t<meta property=\"article:modified_time\" content=\"2017-08-11T00:08:43+00:00\" \/>\n\t\t<meta property=\"article:publisher\" content=\"https:\/\/facebook.com\/eldigitaldeasturias\" \/>\n\t\t<meta name=\"twitter:card\" content=\"summary_large_image\" \/>\n\t\t<meta name=\"twitter:title\" content=\"El bus el\u00e9ctrico la red del TIB comienza a rodar por Mallorca - El Digital de Asturias\" \/>\n\t\t<meta name=\"twitter:description\" content=\"Ya han empezado las pruebas del bus el\u00e9ctrico en la red TIB que tienen como finalidad, analizar el comportamiento de este veh\u00edculo en l\u00edneas de diferentes orograf\u00eda as\u00ed como validar qu\u00e9 autonom\u00eda real se puede obtener en condiciones de alta ocupaci\u00f3n y calor extrema, como las que se est\u00e1n registrando durante este mes de agosto\" \/>\n\t\t<meta name=\"twitter:image\" content=\"https:\/\/www.eldigitaldeasturias.com\/noticias\/wp-content\/uploads\/2020\/12\/EDA-1.jpg\" \/>\n\t\t<meta name=\"twitter:label1\" content=\"Escrito por\" \/>\n\t\t<meta name=\"twitter:data1\" content=\"El Digital de Asturias\" \/>\n\t\t<meta name=\"twitter:label2\" content=\"Tiempo de lectura estimado\" \/>\n\t\t<meta name=\"twitter:data2\" content=\"2 minutos\" \/>\n\t\t<script type=\"application\/ld+json\" class=\"aioseo-schema\">\n\t\t\t{\"@context\":\"https:\\\/\\\/schema.org\",\"@graph\":[{\"@type\":\"BlogPosting\",\"@id\":\"https:\\\/\\\/www.eldigitaldeasturias.com\\\/noticias\\\/el-bus-electrico-la-red-del-tib-comienza-a-rodar-por-mallorca\\\/#blogposting\",\"name\":\"El bus el\\u00e9ctrico la red del TIB comienza a rodar por Mallorca - El Digital de Asturias\",\"headline\":\"El bus el\\u00e9ctrico la red del TIB comienza a rodar por Mallorca\",\"author\":{\"@id\":\"https:\\\/\\\/www.eldigitaldeasturias.com\\\/noticias\\\/author\\\/admin\\\/#author\"},\"publisher\":{\"@id\":\"https:\\\/\\\/www.eldigitaldeasturias.com\\\/noticias\\\/#organization\"},\"image\":{\"@type\":\"ImageObject\",\"url\":949380},\"datePublished\":\"2017-08-11T00:08:43+02:00\",\"dateModified\":\"2017-08-11T00:08:43+02:00\",\"inLanguage\":\"es-ES\",\"mainEntityOfPage\":{\"@id\":\"https:\\\/\\\/www.eldigitaldeasturias.com\\\/noticias\\\/el-bus-electrico-la-red-del-tib-comienza-a-rodar-por-mallorca\\\/#webpage\"},\"isPartOf\":{\"@id\":\"https:\\\/\\\/www.eldigitaldeasturias.com\\\/noticias\\\/el-bus-electrico-la-red-del-tib-comienza-a-rodar-por-mallorca\\\/#webpage\"},\"articleSection\":\"Actualidad\"},{\"@type\":\"BreadcrumbList\",\"@id\":\"https:\\\/\\\/www.eldigitaldeasturias.com\\\/noticias\\\/el-bus-electrico-la-red-del-tib-comienza-a-rodar-por-mallorca\\\/#breadcrumblist\",\"itemListElement\":[{\"@type\":\"ListItem\",\"@id\":\"https:\\\/\\\/www.eldigitaldeasturias.com\\\/noticias#listItem\",\"position\":1,\"name\":\"Home\",\"item\":\"https:\\\/\\\/www.eldigitaldeasturias.com\\\/noticias\",\"nextItem\":{\"@type\":\"ListItem\",\"@id\":\"https:\\\/\\\/www.eldigitaldeasturias.com\\\/noticias\\\/category\\\/actualidad\\\/#listItem\",\"name\":\"Actualidad\"}},{\"@type\":\"ListItem\",\"@id\":\"https:\\\/\\\/www.eldigitaldeasturias.com\\\/noticias\\\/category\\\/actualidad\\\/#listItem\",\"position\":2,\"name\":\"Actualidad\",\"item\":\"https:\\\/\\\/www.eldigitaldeasturias.com\\\/noticias\\\/category\\\/actualidad\\\/\",\"nextItem\":{\"@type\":\"ListItem\",\"@id\":\"https:\\\/\\\/www.eldigitaldeasturias.com\\\/noticias\\\/el-bus-electrico-la-red-del-tib-comienza-a-rodar-por-mallorca\\\/#listItem\",\"name\":\"El bus el\\u00e9ctrico la red del TIB comienza a rodar por Mallorca\"},\"previousItem\":{\"@type\":\"ListItem\",\"@id\":\"https:\\\/\\\/www.eldigitaldeasturias.com\\\/noticias#listItem\",\"name\":\"Home\"}},{\"@type\":\"ListItem\",\"@id\":\"https:\\\/\\\/www.eldigitaldeasturias.com\\\/noticias\\\/el-bus-electrico-la-red-del-tib-comienza-a-rodar-por-mallorca\\\/#listItem\",\"position\":3,\"name\":\"El bus el\\u00e9ctrico la red del TIB comienza a rodar por Mallorca\",\"previousItem\":{\"@type\":\"ListItem\",\"@id\":\"https:\\\/\\\/www.eldigitaldeasturias.com\\\/noticias\\\/category\\\/actualidad\\\/#listItem\",\"name\":\"Actualidad\"}}]},{\"@type\":\"Organization\",\"@id\":\"https:\\\/\\\/www.eldigitaldeasturias.com\\\/noticias\\\/#organization\",\"name\":\"El Digital de Asturias\",\"description\":\"Hemeroteca\",\"url\":\"https:\\\/\\\/www.eldigitaldeasturias.com\\\/noticias\\\/\",\"email\":\"info@eldigitaldeasturias.com\",\"telephone\":\"+34652131393\",\"logo\":{\"@type\":\"ImageObject\",\"url\":\"https:\\\/\\\/www.eldigitaldeasturias.com\\\/noticias\\\/wp-content\\\/uploads\\\/2020\\\/12\\\/EDA.jpg\",\"@id\":\"https:\\\/\\\/www.eldigitaldeasturias.com\\\/noticias\\\/el-bus-electrico-la-red-del-tib-comienza-a-rodar-por-mallorca\\\/#organizationLogo\"},\"image\":{\"@id\":\"https:\\\/\\\/www.eldigitaldeasturias.com\\\/noticias\\\/el-bus-electrico-la-red-del-tib-comienza-a-rodar-por-mallorca\\\/#organizationLogo\"},\"sameAs\":[\"https:\\\/\\\/facebook.com\\\/eldigitaldeasturias\",\"https:\\\/\\\/www.youtube.com\\\/channel\\\/UCZP-2wLEB9Rv6erhFmqVnvg\"],\"address\":{\"@id\":\"https:\\\/\\\/www.eldigitaldeasturias.com\\\/noticias\\\/#postaladdress\",\"@type\":\"PostalAddress\",\"streetAddress\":\"san antonio 4\",\"postalCode\":\"33430\",\"addressLocality\":\"Cand\\u00e1s\",\"addressRegion\":\"Asturias\",\"addressCountry\":\"ES\"}},{\"@type\":\"Person\",\"@id\":\"https:\\\/\\\/www.eldigitaldeasturias.com\\\/noticias\\\/author\\\/admin\\\/#author\",\"url\":\"https:\\\/\\\/www.eldigitaldeasturias.com\\\/noticias\\\/author\\\/admin\\\/\",\"name\":\"El Digital de Asturias\",\"image\":{\"@type\":\"ImageObject\",\"@id\":\"https:\\\/\\\/www.eldigitaldeasturias.com\\\/noticias\\\/el-bus-electrico-la-red-del-tib-comienza-a-rodar-por-mallorca\\\/#authorImage\",\"url\":\"https:\\\/\\\/secure.gravatar.com\\\/avatar\\\/df2aeffc32bcd13f8d26072ef8a91b623d677766deac7f97ca815868cd41bf5e?s=96&d=mm&r=g\",\"width\":96,\"height\":96,\"caption\":\"El Digital de Asturias\"}},{\"@type\":\"WebPage\",\"@id\":\"https:\\\/\\\/www.eldigitaldeasturias.com\\\/noticias\\\/el-bus-electrico-la-red-del-tib-comienza-a-rodar-por-mallorca\\\/#webpage\",\"url\":\"https:\\\/\\\/www.eldigitaldeasturias.com\\\/noticias\\\/el-bus-electrico-la-red-del-tib-comienza-a-rodar-por-mallorca\\\/\",\"name\":\"El bus el\\u00e9ctrico la red del TIB comienza a rodar por Mallorca - El Digital de Asturias\",\"description\":\"Ya han empezado las pruebas del bus el\\u00e9ctrico en la red TIB que tienen como finalidad, analizar el comportamiento de este veh\\u00edculo en l\\u00edneas de diferentes orograf\\u00eda as\\u00ed como validar qu\\u00e9 autonom\\u00eda real se puede obtener en condiciones de alta ocupaci\\u00f3n y calor extrema, como las que se est\\u00e1n registrando durante este mes de agosto\",\"inLanguage\":\"es-ES\",\"isPartOf\":{\"@id\":\"https:\\\/\\\/www.eldigitaldeasturias.com\\\/noticias\\\/#website\"},\"breadcrumb\":{\"@id\":\"https:\\\/\\\/www.eldigitaldeasturias.com\\\/noticias\\\/el-bus-electrico-la-red-del-tib-comienza-a-rodar-por-mallorca\\\/#breadcrumblist\"},\"author\":{\"@id\":\"https:\\\/\\\/www.eldigitaldeasturias.com\\\/noticias\\\/author\\\/admin\\\/#author\"},\"creator\":{\"@id\":\"https:\\\/\\\/www.eldigitaldeasturias.com\\\/noticias\\\/author\\\/admin\\\/#author\"},\"image\":{\"@type\":\"ImageObject\",\"url\":949380,\"@id\":\"https:\\\/\\\/www.eldigitaldeasturias.com\\\/noticias\\\/el-bus-electrico-la-red-del-tib-comienza-a-rodar-por-mallorca\\\/#mainImage\"},\"primaryImageOfPage\":{\"@id\":\"https:\\\/\\\/www.eldigitaldeasturias.com\\\/noticias\\\/el-bus-electrico-la-red-del-tib-comienza-a-rodar-por-mallorca\\\/#mainImage\"},\"datePublished\":\"2017-08-11T00:08:43+02:00\",\"dateModified\":\"2017-08-11T00:08:43+02:00\"},{\"@type\":\"WebSite\",\"@id\":\"https:\\\/\\\/www.eldigitaldeasturias.com\\\/noticias\\\/#website\",\"url\":\"https:\\\/\\\/www.eldigitaldeasturias.com\\\/noticias\\\/\",\"name\":\"El Digital de Asturias - Diario de actualidad y noticias\",\"alternateName\":\"El Digital de Asturias - Diario de actualidad y noticias\",\"description\":\"Hemeroteca\",\"inLanguage\":\"es-ES\",\"publisher\":{\"@id\":\"https:\\\/\\\/www.eldigitaldeasturias.com\\\/noticias\\\/#organization\"}}]}\n\t\t<\/script>\n\t\t<!-- All in One SEO Pro -->\r\n\t\t<title>El bus el\u00e9ctrico la red del TIB comienza a rodar por Mallorca - El Digital de Asturias<\/title>\n\n","aioseo_head_json":{"title":"El bus el\u00e9ctrico la red del TIB comienza a rodar por Mallorca - El Digital de Asturias","description":"Ya han empezado las pruebas del bus el\u00e9ctrico en la red TIB que tienen como finalidad, analizar el comportamiento de este veh\u00edculo en l\u00edneas de diferentes orograf\u00eda as\u00ed como validar qu\u00e9 autonom\u00eda real se puede obtener en condiciones de alta ocupaci\u00f3n y calor extrema, como las que se est\u00e1n registrando durante este mes de agosto","canonical_url":"https:\/\/www.eldigitaldeasturias.com\/noticias\/el-bus-electrico-la-red-del-tib-comienza-a-rodar-por-mallorca\/","robots":"max-image-preview:large","keywords":"actualidad","webmasterTools":{"google-site-verification":"UA-38556648-1","msvalidate.01":"7dfe9f3f1b24437ab69f4f2559babe99","miscellaneous":""},"schema":{"@context":"https:\/\/schema.org","@graph":[{"@type":"BlogPosting","@id":"https:\/\/www.eldigitaldeasturias.com\/noticias\/el-bus-electrico-la-red-del-tib-comienza-a-rodar-por-mallorca\/#blogposting","name":"El bus el\u00e9ctrico la red del TIB comienza a rodar por Mallorca - El Digital de Asturias","headline":"El bus el\u00e9ctrico la red del TIB comienza a rodar por Mallorca","author":{"@id":"https:\/\/www.eldigitaldeasturias.com\/noticias\/author\/admin\/#author"},"publisher":{"@id":"https:\/\/www.eldigitaldeasturias.com\/noticias\/#organization"},"image":{"@type":"ImageObject","url":949380},"datePublished":"2017-08-11T00:08:43+02:00","dateModified":"2017-08-11T00:08:43+02:00","inLanguage":"es-ES","mainEntityOfPage":{"@id":"https:\/\/www.eldigitaldeasturias.com\/noticias\/el-bus-electrico-la-red-del-tib-comienza-a-rodar-por-mallorca\/#webpage"},"isPartOf":{"@id":"https:\/\/www.eldigitaldeasturias.com\/noticias\/el-bus-electrico-la-red-del-tib-comienza-a-rodar-por-mallorca\/#webpage"},"articleSection":"Actualidad"},{"@type":"BreadcrumbList","@id":"https:\/\/www.eldigitaldeasturias.com\/noticias\/el-bus-electrico-la-red-del-tib-comienza-a-rodar-por-mallorca\/#breadcrumblist","itemListElement":[{"@type":"ListItem","@id":"https:\/\/www.eldigitaldeasturias.com\/noticias#listItem","position":1,"name":"Home","item":"https:\/\/www.eldigitaldeasturias.com\/noticias","nextItem":{"@type":"ListItem","@id":"https:\/\/www.eldigitaldeasturias.com\/noticias\/category\/actualidad\/#listItem","name":"Actualidad"}},{"@type":"ListItem","@id":"https:\/\/www.eldigitaldeasturias.com\/noticias\/category\/actualidad\/#listItem","position":2,"name":"Actualidad","item":"https:\/\/www.eldigitaldeasturias.com\/noticias\/category\/actualidad\/","nextItem":{"@type":"ListItem","@id":"https:\/\/www.eldigitaldeasturias.com\/noticias\/el-bus-electrico-la-red-del-tib-comienza-a-rodar-por-mallorca\/#listItem","name":"El bus el\u00e9ctrico la red del TIB comienza a rodar por Mallorca"},"previousItem":{"@type":"ListItem","@id":"https:\/\/www.eldigitaldeasturias.com\/noticias#listItem","name":"Home"}},{"@type":"ListItem","@id":"https:\/\/www.eldigitaldeasturias.com\/noticias\/el-bus-electrico-la-red-del-tib-comienza-a-rodar-por-mallorca\/#listItem","position":3,"name":"El bus el\u00e9ctrico la red del TIB comienza a rodar por Mallorca","previousItem":{"@type":"ListItem","@id":"https:\/\/www.eldigitaldeasturias.com\/noticias\/category\/actualidad\/#listItem","name":"Actualidad"}}]},{"@type":"Organization","@id":"https:\/\/www.eldigitaldeasturias.com\/noticias\/#organization","name":"El Digital de Asturias","description":"Hemeroteca","url":"https:\/\/www.eldigitaldeasturias.com\/noticias\/","email":"info@eldigitaldeasturias.com","telephone":"+34652131393","logo":{"@type":"ImageObject","url":"https:\/\/www.eldigitaldeasturias.com\/noticias\/wp-content\/uploads\/2020\/12\/EDA.jpg","@id":"https:\/\/www.eldigitaldeasturias.com\/noticias\/el-bus-electrico-la-red-del-tib-comienza-a-rodar-por-mallorca\/#organizationLogo"},"image":{"@id":"https:\/\/www.eldigitaldeasturias.com\/noticias\/el-bus-electrico-la-red-del-tib-comienza-a-rodar-por-mallorca\/#organizationLogo"},"sameAs":["https:\/\/facebook.com\/eldigitaldeasturias","https:\/\/www.youtube.com\/channel\/UCZP-2wLEB9Rv6erhFmqVnvg"],"address":{"@id":"https:\/\/www.eldigitaldeasturias.com\/noticias\/#postaladdress","@type":"PostalAddress","streetAddress":"san antonio 4","postalCode":"33430","addressLocality":"Cand\u00e1s","addressRegion":"Asturias","addressCountry":"ES"}},{"@type":"Person","@id":"https:\/\/www.eldigitaldeasturias.com\/noticias\/author\/admin\/#author","url":"https:\/\/www.eldigitaldeasturias.com\/noticias\/author\/admin\/","name":"El Digital de Asturias","image":{"@type":"ImageObject","@id":"https:\/\/www.eldigitaldeasturias.com\/noticias\/el-bus-electrico-la-red-del-tib-comienza-a-rodar-por-mallorca\/#authorImage","url":"https:\/\/secure.gravatar.com\/avatar\/df2aeffc32bcd13f8d26072ef8a91b623d677766deac7f97ca815868cd41bf5e?s=96&d=mm&r=g","width":96,"height":96,"caption":"El Digital de Asturias"}},{"@type":"WebPage","@id":"https:\/\/www.eldigitaldeasturias.com\/noticias\/el-bus-electrico-la-red-del-tib-comienza-a-rodar-por-mallorca\/#webpage","url":"https:\/\/www.eldigitaldeasturias.com\/noticias\/el-bus-electrico-la-red-del-tib-comienza-a-rodar-por-mallorca\/","name":"El bus el\u00e9ctrico la red del TIB comienza a rodar por Mallorca - El Digital de Asturias","description":"Ya han empezado las pruebas del bus el\u00e9ctrico en la red TIB que tienen como finalidad, analizar el comportamiento de este veh\u00edculo en l\u00edneas de diferentes orograf\u00eda as\u00ed como validar qu\u00e9 autonom\u00eda real se puede obtener en condiciones de alta ocupaci\u00f3n y calor extrema, como las que se est\u00e1n registrando durante este mes de agosto","inLanguage":"es-ES","isPartOf":{"@id":"https:\/\/www.eldigitaldeasturias.com\/noticias\/#website"},"breadcrumb":{"@id":"https:\/\/www.eldigitaldeasturias.com\/noticias\/el-bus-electrico-la-red-del-tib-comienza-a-rodar-por-mallorca\/#breadcrumblist"},"author":{"@id":"https:\/\/www.eldigitaldeasturias.com\/noticias\/author\/admin\/#author"},"creator":{"@id":"https:\/\/www.eldigitaldeasturias.com\/noticias\/author\/admin\/#author"},"image":{"@type":"ImageObject","url":949380,"@id":"https:\/\/www.eldigitaldeasturias.com\/noticias\/el-bus-electrico-la-red-del-tib-comienza-a-rodar-por-mallorca\/#mainImage"},"primaryImageOfPage":{"@id":"https:\/\/www.eldigitaldeasturias.com\/noticias\/el-bus-electrico-la-red-del-tib-comienza-a-rodar-por-mallorca\/#mainImage"},"datePublished":"2017-08-11T00:08:43+02:00","dateModified":"2017-08-11T00:08:43+02:00"},{"@type":"WebSite","@id":"https:\/\/www.eldigitaldeasturias.com\/noticias\/#website","url":"https:\/\/www.eldigitaldeasturias.com\/noticias\/","name":"El Digital de Asturias - Diario de actualidad y noticias","alternateName":"El Digital de Asturias - Diario de actualidad y noticias","description":"Hemeroteca","inLanguage":"es-ES","publisher":{"@id":"https:\/\/www.eldigitaldeasturias.com\/noticias\/#organization"}}]},"og:locale":"es_ES","og:site_name":"El Digital de Asturias","og:type":"article","og:title":"El bus el\u00e9ctrico la red del TIB comienza a rodar por Mallorca - El Digital de Asturias","og:description":"Ya han empezado las pruebas del bus el\u00e9ctrico en la red TIB que tienen como finalidad, analizar el comportamiento de este veh\u00edculo en l\u00edneas de diferentes orograf\u00eda as\u00ed como validar qu\u00e9 autonom\u00eda real se puede obtener en condiciones de alta ocupaci\u00f3n y calor extrema, como las que se est\u00e1n registrando durante este mes de agosto","og:url":"https:\/\/www.eldigitaldeasturias.com\/noticias\/el-bus-electrico-la-red-del-tib-comienza-a-rodar-por-mallorca\/","article:tag":["actualidad"],"article:published_time":"2017-08-11T00:08:43+00:00","article:modified_time":"2017-08-11T00:08:43+00:00","article:publisher":"https:\/\/facebook.com\/eldigitaldeasturias","twitter:card":"summary_large_image","twitter:title":"El bus el\u00e9ctrico la red del TIB comienza a rodar por Mallorca - El Digital de Asturias","twitter:description":"Ya han empezado las pruebas del bus el\u00e9ctrico en la red TIB que tienen como finalidad, analizar el comportamiento de este veh\u00edculo en l\u00edneas de diferentes orograf\u00eda as\u00ed como validar qu\u00e9 autonom\u00eda real se puede obtener en condiciones de alta ocupaci\u00f3n y calor extrema, como las que se est\u00e1n registrando durante este mes de agosto","twitter:image":"https:\/\/www.eldigitaldeasturias.com\/noticias\/wp-content\/uploads\/2020\/12\/EDA-1.jpg","twitter:label1":"Escrito por","twitter:data1":"El Digital de Asturias","twitter:label2":"Tiempo de lectura estimado","twitter:data2":"2 minutos"},"aioseo_meta_data":{"post_id":"949379","title":null,"description":null,"keywords":null,"keyphrases":null,"primary_term":null,"canonical_url":null,"og_title":null,"og_description":null,"og_object_type":"default","og_image_type":"default","og_image_url":null,"og_image_width":null,"og_image_height":null,"og_image_custom_url":null,"og_image_custom_fields":null,"og_video":null,"og_custom_url":null,"og_article_section":null,"og_article_tags":null,"twitter_use_og":false,"twitter_card":"default","twitter_image_type":"default","twitter_image_url":null,"twitter_image_custom_url":null,"twitter_image_custom_fields":null,"twitter_title":null,"twitter_description":null,"schema":{"blockGraphs":[],"customGraphs":[],"default":{"data":{"Article":[],"Course":[],"Dataset":[],"FAQPage":[],"Movie":[],"Person":[],"Product":[],"ProductReview":[],"Car":[],"Recipe":[],"Service":[],"SoftwareApplication":[],"WebPage":[]},"graphName":"","isEnabled":true},"graphs":[],"defaultGraph":"","defaultPostTypeGraph":""},"schema_type":null,"schema_type_options":null,"pillar_content":false,"robots_default":true,"robots_noindex":false,"robots_noarchive":false,"robots_nosnippet":false,"robots_nofollow":false,"robots_noimageindex":false,"robots_noodp":false,"robots_notranslate":false,"robots_max_snippet":null,"robots_max_videopreview":null,"robots_max_imagepreview":"large","priority":null,"frequency":null,"local_seo":null,"seo_analyzer_scan_date":"2025-12-05 12:12:08","breadcrumb_settings":null,"limit_modified_date":false,"open_ai":null,"ai":null,"created":"2020-12-21 13:02:37","updated":"2025-12-05 12:12:08","focus_keyword":null,"additional_keywords":null,"truseo_locale":null},"aioseo_breadcrumb":"<div class=\"aioseo-breadcrumbs\"><span class=\"aioseo-breadcrumb\">\n\t<a href=\"https:\/\/www.eldigitaldeasturias.com\/noticias\" title=\"Home\">Home<\/a>\n<\/span><span class=\"aioseo-breadcrumb-separator\">\u2013<\/span><span class=\"aioseo-breadcrumb\">\n\t<a href=\"https:\/\/www.eldigitaldeasturias.com\/noticias\/category\/actualidad\/\" title=\"Actualidad\">Actualidad<\/a>\n<\/span><span class=\"aioseo-breadcrumb-separator\">\u2013<\/span><span class=\"aioseo-breadcrumb\">\n\t<a href=\"https:\/\/www.eldigitaldeasturias.com\/noticias\/el-bus-electrico-la-red-del-tib-comienza-a-rodar-por-mallorca\/\" title=\"El bus el\u00e9ctrico la red del TIB comienza a rodar por Mallorca\">El bus el\u00e9ctrico la red del TIB comienza a rodar por Mallorca<\/a>\n<\/span><\/div>","aioseo_breadcrumb_json":[{"label":"Home","link":"https:\/\/www.eldigitaldeasturias.com\/noticias"},{"label":"Actualidad","link":"https:\/\/www.eldigitaldeasturias.com\/noticias\/category\/actualidad\/"},{"label":"El bus el\u00e9ctrico la red del TIB comienza a rodar por Mallorca","link":"https:\/\/www.eldigitaldeasturias.com\/noticias\/el-bus-electrico-la-red-del-tib-comienza-a-rodar-por-mallorca\/"}],"_links":{"self":[{"href":"https:\/\/www.eldigitaldeasturias.com\/noticias\/wp-json\/wp\/v2\/posts\/949379","targetHints":{"allow":["GET"]}}],"collection":[{"href":"https:\/\/www.eldigitaldeasturias.com\/noticias\/wp-json\/wp\/v2\/posts"}],"about":[{"href":"https:\/\/www.eldigitaldeasturias.com\/noticias\/wp-json\/wp\/v2\/types\/post"}],"author":[{"embeddable":true,"href":"https:\/\/www.eldigitaldeasturias.com\/noticias\/wp-json\/wp\/v2\/users\/1"}],"replies":[{"embeddable":true,"href":"https:\/\/www.eldigitaldeasturias.com\/noticias\/wp-json\/wp\/v2\/comments?post=949379"}],"version-history":[{"count":0,"href":"https:\/\/www.eldigitaldeasturias.com\/noticias\/wp-json\/wp\/v2\/posts\/949379\/revisions"}],"wp:attachment":[{"href":"https:\/\/www.eldigitaldeasturias.com\/noticias\/wp-json\/wp\/v2\/media?parent=949379"}],"wp:term":[{"taxonomy":"category","embeddable":true,"href":"https:\/\/www.eldigitaldeasturias.com\/noticias\/wp-json\/wp\/v2\/categories?post=949379"},{"taxonomy":"post_tag","embeddable":true,"href":"https:\/\/www.eldigitaldeasturias.com\/noticias\/wp-json\/wp\/v2\/tags?post=949379"}],"curies":[{"name":"wp","href":"https:\/\/api.w.org\/{rel}","templated":true}]}}