{"id":949372,"date":"2017-08-10T23:52:20","date_gmt":"2017-08-10T23:52:20","guid":{"rendered":"http:\/\/www.eldigitaldeasturias.com\/noticias\/?p=949372"},"modified":"2017-08-10T23:52:20","modified_gmt":"2017-08-10T23:52:20","slug":"cita-con-las-perseidas-en-el-planetario-del-parque-de-las-ciencias-de-granada","status":"publish","type":"post","link":"https:\/\/www.eldigitaldeasturias.com\/noticias\/cita-con-las-perseidas-en-el-planetario-del-parque-de-las-ciencias-de-granada\/","title":{"rendered":"Cita con las Perseidas en el Planetario del Parque de las Ciencias de Granada"},"content":{"rendered":"<p><img loading=\"lazy\" decoding=\"async\" class=\"alignleft size-medium wp-image-949373\" src=\"https:\/\/www.eldigitaldeasturias.com\/noticias\/wp-content\/uploads\/2017\/08\/1502367069442-360x239.jpg\" alt=\"\" width=\"360\" height=\"239\" \/>El Parque de las Ciencias de Granada ha organizado breves sesiones explicativas en vivo sobre c\u00f3mo observar las Perseidas o &#8216;L\u00e1grimas de San Lorenzo&#8217; que tendr\u00e1 su mejor momento de observaci\u00f3n la noche del 12 al 13 de agosto. El museo granadino ofrece as\u00ed, dentro del programa &#8216;El Cielo en el Planetario&#8217;, unas nociones b\u00e1sicas sobre esta alta concentraci\u00f3n de meteoros que entrar\u00e1n en contacto con la atm\u00f3sfera terrestre y c\u00f3mo disfrutar de su observaci\u00f3n durante estos d\u00edas.<\/p>\n<p>El fen\u00f3meno de las Perseidas cuenta con una Tasa Horaria Zenital (THZ) de 100, que indica el n\u00famero m\u00e1ximo de meteoros que pueden llegar a verse en una hora con las condiciones adecuadas de posici\u00f3n y luminosidad, lo que la convierte en una de las mayores lluvias del a\u00f1o. Si bien se conoce popularmente como &#8216;Lluvia de Estrellas&#8217;, las Perseidas son restos que se desprenden del cometa Swift-Tuttle, de 26 kil\u00f3metros de di\u00e1metro y una \u00f3rbita de 135 a\u00f1os alrededor del Sol. Cada verano la Tierra se cruza en la \u00f3rbita de este cometa y se encuentra con las part\u00edculas que se han desprendido de la cola del progenitor. Al entrar en la atm\u00f3sfera terrestre brillan como si fuesen una estrella y dejan una estela durante un breve periodo de tiempo, por eso este fen\u00f3meno recibe el nombre de &#8216;estrella fugaz&#8217;.<\/p>\n<p>Para elegir el mejor lugar de observaci\u00f3n es conveniente alejarse de zonas con contaminaci\u00f3n lum\u00ednica y no tener objetos que dificulten la observaci\u00f3n del cielo amplio, como edificios, monta\u00f1as o \u00e1rboles. La denominaci\u00f3n de Perseidas se debe a que la zona de la que parecen venir los meteoros es la constelaci\u00f3n de Perseo. Y el sobrenombre de las &#8216;L\u00e1grimas de San Lorenzo&#8217; proviene de la Edad Media. Como la lluvia se produce en el entorno del 10 de agosto, d\u00eda de San Lorenzo, se asociaron las estrellas fugaces a las l\u00e1grimas que derram\u00f3 el santo al ser quemado en la hoguera.<\/p>\n<p><strong>M\u00e1s astronom\u00eda en el Parque de las Ciencias<\/strong><\/p>\n<p>Pero esta no es la \u00fanica actividad que el museo ofrece a los aficionados de la astronom\u00eda, una de las \u00e1reas cient\u00edficas que m\u00e1s inter\u00e9s despierta en el p\u00fablico y un tema que atrae a visitantes de todas las edades. La curiosidad por todo lo relacionado con esta disciplina ha impulsado el desarrollo de lo que se conoce como astroturismo y que convierte la visita a Observatorios astron\u00f3micos, Planetarios e incluso la observaci\u00f3n de fen\u00f3menos como eclipses o la propia lluvia de estrellas en el motivo para organizar un viaje. El Parque de las Ciencias es uno de los destinos m\u00e1s destacados de esta tendencia tur\u00edstica gracias a la oferta de actividades astron\u00f3micas que tiene desde su inauguraci\u00f3n.<\/p>\n<p>Sus instalaciones permanentes como el Planetario mueven cientos de miles de personas cada a\u00f1o. Convirti\u00e9ndose esta forma de ocio cultural en un importante motor de desarrollo econ\u00f3mico para la ciudad y la regi\u00f3n.<\/p>\n<p>La diversidad tem\u00e1tica de los 11 programas que se proyectan atrae a un p\u00fablico muy diverso y procedente de diferentes puntos de la geograf\u00eda nacional e internacional. Adem\u00e1s, y para promover las actividades en familia, tambi\u00e9n cuenta con sesiones dirigidas a los m\u00e1s peque\u00f1os que se desarrollan en el Planetario Burbuja.<\/p>\n<p>Al Planetario se suman otras dos instalaciones permanentes con gran \u00e9xito entre los aficionados a la astronom\u00eda: el Observatorio Astron\u00f3mico y el Jard\u00edn de Astronom\u00eda. El primero de ellos alberga un telescopio profesional Steavenson cedido por el Instituto de Astrof\u00edsica de Andaluc\u00eda y es utilizado para el desarrollo de actividades con un alto inter\u00e9s social y tur\u00edstico como son las Noches de Astronom\u00eda y la observaci\u00f3n en directo de fen\u00f3menos astron\u00f3micos. Eclipses totales y parciales de Luna y Sol, los cambios de estaci\u00f3n e incluso la propia lluvia de estrellas de la que disfrutamos estos d\u00edas son algunos de los fen\u00f3menos que se han seguido desde estas instalaciones, atrayendo hasta Granada a miles de personas desde diferentes puntos geogr\u00e1ficos.<\/p>\n<p>El Jard\u00edn de Astronom\u00eda es el primero dise\u00f1ado en Andaluc\u00eda y muestra instrumentos como el Plincton de Ptolomeo, el Gnomon, la meridiana local, relojes de Sol, etc. Conocer la hora solar, comprender c\u00f3mo se produce el cambio de estaciones o entender por qu\u00e9 se produce un eclipse son algunos de los aspectos que se abordan en este espacio muy recomendable para los amantes de la astronom\u00eda y de su historia tambi\u00e9n.<\/p>\n<p>&nbsp;<\/p>\n","protected":false},"excerpt":{"rendered":"<p>El Parque de las Ciencias de Granada ha organizado breves sesiones explicativas en vivo sobre c\u00f3mo observar las Perseidas o &#8216;L\u00e1grimas de San Lorenzo&#8217; que tendr\u00e1 su mejor momento de observaci\u00f3n la noche del 12 al 13 de agosto. El museo granadino ofrece as\u00ed, dentro del programa &#8216;El Cielo en el Planetario&#8217;, unas nociones b\u00e1sicas [&hellip;]<\/p>\n","protected":false},"author":1,"featured_media":949373,"comment_status":"closed","ping_status":"closed","sticky":false,"template":"","format":"standard","meta":{"footnotes":""},"categories":[1],"tags":[],"class_list":["post-949372","post","type-post","status-publish","format-standard","has-post-thumbnail","hentry","category-actualidad"],"aioseo_notices":[],"aioseo_head":"\n\t\t<!-- All in One SEO Pro 5.0.1 - aioseo.com -->\n\t<meta name=\"description\" content=\"El Parque de las Ciencias de Granada ha organizado breves sesiones explicativas en vivo sobre c\u00f3mo observar las Perseidas o &#039;L\u00e1grimas de San Lorenzo&#039; que tendr\u00e1 su mejor momento de observaci\u00f3n la noche del 12 al 13 de agosto. El museo granadino ofrece as\u00ed, dentro del programa &#039;El Cielo en el Planetario&#039;, unas nociones b\u00e1sicas\" \/>\n\t<meta name=\"robots\" content=\"max-image-preview:large\" \/>\n\t<meta name=\"author\" content=\"El Digital de Asturias\"\/>\n\t<meta name=\"google-site-verification\" content=\"UA-38556648-1\" \/>\n\t<meta name=\"msvalidate.01\" content=\"7dfe9f3f1b24437ab69f4f2559babe99\" \/>\n\t<meta name=\"keywords\" content=\"actualidad\" \/>\n\t<link rel=\"canonical\" href=\"https:\/\/www.eldigitaldeasturias.com\/noticias\/cita-con-las-perseidas-en-el-planetario-del-parque-de-las-ciencias-de-granada\/\" \/>\n\t<meta name=\"generator\" content=\"All in One SEO Pro (AIOSEO) 5.0.1\" \/>\n\t\t<meta property=\"og:locale\" content=\"es_ES\" \/>\n\t\t<meta property=\"og:site_name\" content=\"El Digital de Asturias\" \/>\n\t\t<meta property=\"og:type\" content=\"article\" \/>\n\t\t<meta property=\"og:title\" content=\"Cita con las Perseidas en el Planetario del Parque de las Ciencias de Granada - El Digital de Asturias\" \/>\n\t\t<meta property=\"og:description\" content=\"El Parque de las Ciencias de Granada ha organizado breves sesiones explicativas en vivo sobre c\u00f3mo observar las Perseidas o &#039;L\u00e1grimas de San Lorenzo&#039; que tendr\u00e1 su mejor momento de observaci\u00f3n la noche del 12 al 13 de agosto. El museo granadino ofrece as\u00ed, dentro del programa &#039;El Cielo en el Planetario&#039;, unas nociones b\u00e1sicas\" \/>\n\t\t<meta property=\"og:url\" content=\"https:\/\/www.eldigitaldeasturias.com\/noticias\/cita-con-las-perseidas-en-el-planetario-del-parque-de-las-ciencias-de-granada\/\" \/>\n\t\t<meta property=\"article:tag\" content=\"actualidad\" \/>\n\t\t<meta property=\"article:published_time\" content=\"2017-08-10T23:52:20+00:00\" \/>\n\t\t<meta property=\"article:modified_time\" content=\"2017-08-10T23:52:20+00:00\" \/>\n\t\t<meta property=\"article:publisher\" content=\"https:\/\/facebook.com\/eldigitaldeasturias\" \/>\n\t\t<meta name=\"twitter:card\" content=\"summary_large_image\" \/>\n\t\t<meta name=\"twitter:title\" content=\"Cita con las Perseidas en el Planetario del Parque de las Ciencias de Granada - El Digital de Asturias\" \/>\n\t\t<meta name=\"twitter:description\" content=\"El Parque de las Ciencias de Granada ha organizado breves sesiones explicativas en vivo sobre c\u00f3mo observar las Perseidas o &#039;L\u00e1grimas de San Lorenzo&#039; que tendr\u00e1 su mejor momento de observaci\u00f3n la noche del 12 al 13 de agosto. El museo granadino ofrece as\u00ed, dentro del programa &#039;El Cielo en el Planetario&#039;, unas nociones b\u00e1sicas\" \/>\n\t\t<meta name=\"twitter:image\" content=\"https:\/\/www.eldigitaldeasturias.com\/noticias\/wp-content\/uploads\/2020\/12\/EDA-1.jpg\" \/>\n\t\t<meta name=\"twitter:label1\" content=\"Escrito por\" \/>\n\t\t<meta name=\"twitter:data1\" content=\"El Digital de Asturias\" \/>\n\t\t<meta name=\"twitter:label2\" content=\"Tiempo de lectura estimado\" \/>\n\t\t<meta name=\"twitter:data2\" content=\"4 minutos\" \/>\n\t\t<script type=\"application\/ld+json\" class=\"aioseo-schema\">\n\t\t\t{\"@context\":\"https:\\\/\\\/schema.org\",\"@graph\":[{\"@type\":\"BlogPosting\",\"@id\":\"https:\\\/\\\/www.eldigitaldeasturias.com\\\/noticias\\\/cita-con-las-perseidas-en-el-planetario-del-parque-de-las-ciencias-de-granada\\\/#blogposting\",\"name\":\"Cita con las Perseidas en el Planetario del Parque de las Ciencias de Granada - El Digital de Asturias\",\"headline\":\"Cita con las Perseidas en el Planetario del Parque de las Ciencias de Granada\",\"author\":{\"@id\":\"https:\\\/\\\/www.eldigitaldeasturias.com\\\/noticias\\\/author\\\/admin\\\/#author\"},\"publisher\":{\"@id\":\"https:\\\/\\\/www.eldigitaldeasturias.com\\\/noticias\\\/#organization\"},\"image\":{\"@type\":\"ImageObject\",\"url\":949373},\"datePublished\":\"2017-08-10T23:52:20+02:00\",\"dateModified\":\"2017-08-10T23:52:20+02:00\",\"inLanguage\":\"es-ES\",\"mainEntityOfPage\":{\"@id\":\"https:\\\/\\\/www.eldigitaldeasturias.com\\\/noticias\\\/cita-con-las-perseidas-en-el-planetario-del-parque-de-las-ciencias-de-granada\\\/#webpage\"},\"isPartOf\":{\"@id\":\"https:\\\/\\\/www.eldigitaldeasturias.com\\\/noticias\\\/cita-con-las-perseidas-en-el-planetario-del-parque-de-las-ciencias-de-granada\\\/#webpage\"},\"articleSection\":\"Actualidad\"},{\"@type\":\"BreadcrumbList\",\"@id\":\"https:\\\/\\\/www.eldigitaldeasturias.com\\\/noticias\\\/cita-con-las-perseidas-en-el-planetario-del-parque-de-las-ciencias-de-granada\\\/#breadcrumblist\",\"itemListElement\":[{\"@type\":\"ListItem\",\"@id\":\"https:\\\/\\\/www.eldigitaldeasturias.com\\\/noticias#listItem\",\"position\":1,\"name\":\"Home\",\"item\":\"https:\\\/\\\/www.eldigitaldeasturias.com\\\/noticias\",\"nextItem\":{\"@type\":\"ListItem\",\"@id\":\"https:\\\/\\\/www.eldigitaldeasturias.com\\\/noticias\\\/category\\\/actualidad\\\/#listItem\",\"name\":\"Actualidad\"}},{\"@type\":\"ListItem\",\"@id\":\"https:\\\/\\\/www.eldigitaldeasturias.com\\\/noticias\\\/category\\\/actualidad\\\/#listItem\",\"position\":2,\"name\":\"Actualidad\",\"item\":\"https:\\\/\\\/www.eldigitaldeasturias.com\\\/noticias\\\/category\\\/actualidad\\\/\",\"nextItem\":{\"@type\":\"ListItem\",\"@id\":\"https:\\\/\\\/www.eldigitaldeasturias.com\\\/noticias\\\/cita-con-las-perseidas-en-el-planetario-del-parque-de-las-ciencias-de-granada\\\/#listItem\",\"name\":\"Cita con las Perseidas en el Planetario del Parque de las Ciencias de Granada\"},\"previousItem\":{\"@type\":\"ListItem\",\"@id\":\"https:\\\/\\\/www.eldigitaldeasturias.com\\\/noticias#listItem\",\"name\":\"Home\"}},{\"@type\":\"ListItem\",\"@id\":\"https:\\\/\\\/www.eldigitaldeasturias.com\\\/noticias\\\/cita-con-las-perseidas-en-el-planetario-del-parque-de-las-ciencias-de-granada\\\/#listItem\",\"position\":3,\"name\":\"Cita con las Perseidas en el Planetario del Parque de las Ciencias de Granada\",\"previousItem\":{\"@type\":\"ListItem\",\"@id\":\"https:\\\/\\\/www.eldigitaldeasturias.com\\\/noticias\\\/category\\\/actualidad\\\/#listItem\",\"name\":\"Actualidad\"}}]},{\"@type\":\"Organization\",\"@id\":\"https:\\\/\\\/www.eldigitaldeasturias.com\\\/noticias\\\/#organization\",\"name\":\"El Digital de Asturias\",\"description\":\"Hemeroteca\",\"url\":\"https:\\\/\\\/www.eldigitaldeasturias.com\\\/noticias\\\/\",\"email\":\"info@eldigitaldeasturias.com\",\"telephone\":\"+34652131393\",\"logo\":{\"@type\":\"ImageObject\",\"url\":\"https:\\\/\\\/www.eldigitaldeasturias.com\\\/noticias\\\/wp-content\\\/uploads\\\/2020\\\/12\\\/EDA.jpg\",\"@id\":\"https:\\\/\\\/www.eldigitaldeasturias.com\\\/noticias\\\/cita-con-las-perseidas-en-el-planetario-del-parque-de-las-ciencias-de-granada\\\/#organizationLogo\"},\"image\":{\"@id\":\"https:\\\/\\\/www.eldigitaldeasturias.com\\\/noticias\\\/cita-con-las-perseidas-en-el-planetario-del-parque-de-las-ciencias-de-granada\\\/#organizationLogo\"},\"sameAs\":[\"https:\\\/\\\/facebook.com\\\/eldigitaldeasturias\",\"https:\\\/\\\/www.youtube.com\\\/channel\\\/UCZP-2wLEB9Rv6erhFmqVnvg\"],\"address\":{\"@id\":\"https:\\\/\\\/www.eldigitaldeasturias.com\\\/noticias\\\/#postaladdress\",\"@type\":\"PostalAddress\",\"streetAddress\":\"san antonio 4\",\"postalCode\":\"33430\",\"addressLocality\":\"Cand\\u00e1s\",\"addressRegion\":\"Asturias\",\"addressCountry\":\"ES\"}},{\"@type\":\"Person\",\"@id\":\"https:\\\/\\\/www.eldigitaldeasturias.com\\\/noticias\\\/author\\\/admin\\\/#author\",\"url\":\"https:\\\/\\\/www.eldigitaldeasturias.com\\\/noticias\\\/author\\\/admin\\\/\",\"name\":\"El Digital de Asturias\",\"image\":{\"@type\":\"ImageObject\",\"@id\":\"https:\\\/\\\/www.eldigitaldeasturias.com\\\/noticias\\\/cita-con-las-perseidas-en-el-planetario-del-parque-de-las-ciencias-de-granada\\\/#authorImage\",\"url\":\"https:\\\/\\\/secure.gravatar.com\\\/avatar\\\/df2aeffc32bcd13f8d26072ef8a91b623d677766deac7f97ca815868cd41bf5e?s=96&d=mm&r=g\",\"width\":96,\"height\":96,\"caption\":\"El Digital de Asturias\"}},{\"@type\":\"WebPage\",\"@id\":\"https:\\\/\\\/www.eldigitaldeasturias.com\\\/noticias\\\/cita-con-las-perseidas-en-el-planetario-del-parque-de-las-ciencias-de-granada\\\/#webpage\",\"url\":\"https:\\\/\\\/www.eldigitaldeasturias.com\\\/noticias\\\/cita-con-las-perseidas-en-el-planetario-del-parque-de-las-ciencias-de-granada\\\/\",\"name\":\"Cita con las Perseidas en el Planetario del Parque de las Ciencias de Granada - El Digital de Asturias\",\"description\":\"El Parque de las Ciencias de Granada ha organizado breves sesiones explicativas en vivo sobre c\\u00f3mo observar las Perseidas o 'L\\u00e1grimas de San Lorenzo' que tendr\\u00e1 su mejor momento de observaci\\u00f3n la noche del 12 al 13 de agosto. El museo granadino ofrece as\\u00ed, dentro del programa 'El Cielo en el Planetario', unas nociones b\\u00e1sicas\",\"inLanguage\":\"es-ES\",\"isPartOf\":{\"@id\":\"https:\\\/\\\/www.eldigitaldeasturias.com\\\/noticias\\\/#website\"},\"breadcrumb\":{\"@id\":\"https:\\\/\\\/www.eldigitaldeasturias.com\\\/noticias\\\/cita-con-las-perseidas-en-el-planetario-del-parque-de-las-ciencias-de-granada\\\/#breadcrumblist\"},\"author\":{\"@id\":\"https:\\\/\\\/www.eldigitaldeasturias.com\\\/noticias\\\/author\\\/admin\\\/#author\"},\"creator\":{\"@id\":\"https:\\\/\\\/www.eldigitaldeasturias.com\\\/noticias\\\/author\\\/admin\\\/#author\"},\"image\":{\"@type\":\"ImageObject\",\"url\":949373,\"@id\":\"https:\\\/\\\/www.eldigitaldeasturias.com\\\/noticias\\\/cita-con-las-perseidas-en-el-planetario-del-parque-de-las-ciencias-de-granada\\\/#mainImage\"},\"primaryImageOfPage\":{\"@id\":\"https:\\\/\\\/www.eldigitaldeasturias.com\\\/noticias\\\/cita-con-las-perseidas-en-el-planetario-del-parque-de-las-ciencias-de-granada\\\/#mainImage\"},\"datePublished\":\"2017-08-10T23:52:20+02:00\",\"dateModified\":\"2017-08-10T23:52:20+02:00\"},{\"@type\":\"WebSite\",\"@id\":\"https:\\\/\\\/www.eldigitaldeasturias.com\\\/noticias\\\/#website\",\"url\":\"https:\\\/\\\/www.eldigitaldeasturias.com\\\/noticias\\\/\",\"name\":\"El Digital de Asturias - Diario de actualidad y noticias\",\"alternateName\":\"El Digital de Asturias - Diario de actualidad y noticias\",\"description\":\"Hemeroteca\",\"inLanguage\":\"es-ES\",\"publisher\":{\"@id\":\"https:\\\/\\\/www.eldigitaldeasturias.com\\\/noticias\\\/#organization\"}}]}\n\t\t<\/script>\n\t\t<!-- All in One SEO Pro -->\r\n\t\t<title>Cita con las Perseidas en el Planetario del Parque de las Ciencias de Granada - El Digital de Asturias<\/title>\n\n","aioseo_head_json":{"title":"Cita con las Perseidas en el Planetario del Parque de las Ciencias de Granada - El Digital de Asturias","description":"El Parque de las Ciencias de Granada ha organizado breves sesiones explicativas en vivo sobre c\u00f3mo observar las Perseidas o 'L\u00e1grimas de San Lorenzo' que tendr\u00e1 su mejor momento de observaci\u00f3n la noche del 12 al 13 de agosto. El museo granadino ofrece as\u00ed, dentro del programa 'El Cielo en el Planetario', unas nociones b\u00e1sicas","canonical_url":"https:\/\/www.eldigitaldeasturias.com\/noticias\/cita-con-las-perseidas-en-el-planetario-del-parque-de-las-ciencias-de-granada\/","robots":"max-image-preview:large","keywords":"actualidad","webmasterTools":{"google-site-verification":"UA-38556648-1","msvalidate.01":"7dfe9f3f1b24437ab69f4f2559babe99","miscellaneous":""},"schema":{"@context":"https:\/\/schema.org","@graph":[{"@type":"BlogPosting","@id":"https:\/\/www.eldigitaldeasturias.com\/noticias\/cita-con-las-perseidas-en-el-planetario-del-parque-de-las-ciencias-de-granada\/#blogposting","name":"Cita con las Perseidas en el Planetario del Parque de las Ciencias de Granada - El Digital de Asturias","headline":"Cita con las Perseidas en el Planetario del Parque de las Ciencias de Granada","author":{"@id":"https:\/\/www.eldigitaldeasturias.com\/noticias\/author\/admin\/#author"},"publisher":{"@id":"https:\/\/www.eldigitaldeasturias.com\/noticias\/#organization"},"image":{"@type":"ImageObject","url":949373},"datePublished":"2017-08-10T23:52:20+02:00","dateModified":"2017-08-10T23:52:20+02:00","inLanguage":"es-ES","mainEntityOfPage":{"@id":"https:\/\/www.eldigitaldeasturias.com\/noticias\/cita-con-las-perseidas-en-el-planetario-del-parque-de-las-ciencias-de-granada\/#webpage"},"isPartOf":{"@id":"https:\/\/www.eldigitaldeasturias.com\/noticias\/cita-con-las-perseidas-en-el-planetario-del-parque-de-las-ciencias-de-granada\/#webpage"},"articleSection":"Actualidad"},{"@type":"BreadcrumbList","@id":"https:\/\/www.eldigitaldeasturias.com\/noticias\/cita-con-las-perseidas-en-el-planetario-del-parque-de-las-ciencias-de-granada\/#breadcrumblist","itemListElement":[{"@type":"ListItem","@id":"https:\/\/www.eldigitaldeasturias.com\/noticias#listItem","position":1,"name":"Home","item":"https:\/\/www.eldigitaldeasturias.com\/noticias","nextItem":{"@type":"ListItem","@id":"https:\/\/www.eldigitaldeasturias.com\/noticias\/category\/actualidad\/#listItem","name":"Actualidad"}},{"@type":"ListItem","@id":"https:\/\/www.eldigitaldeasturias.com\/noticias\/category\/actualidad\/#listItem","position":2,"name":"Actualidad","item":"https:\/\/www.eldigitaldeasturias.com\/noticias\/category\/actualidad\/","nextItem":{"@type":"ListItem","@id":"https:\/\/www.eldigitaldeasturias.com\/noticias\/cita-con-las-perseidas-en-el-planetario-del-parque-de-las-ciencias-de-granada\/#listItem","name":"Cita con las Perseidas en el Planetario del Parque de las Ciencias de Granada"},"previousItem":{"@type":"ListItem","@id":"https:\/\/www.eldigitaldeasturias.com\/noticias#listItem","name":"Home"}},{"@type":"ListItem","@id":"https:\/\/www.eldigitaldeasturias.com\/noticias\/cita-con-las-perseidas-en-el-planetario-del-parque-de-las-ciencias-de-granada\/#listItem","position":3,"name":"Cita con las Perseidas en el Planetario del Parque de las Ciencias de Granada","previousItem":{"@type":"ListItem","@id":"https:\/\/www.eldigitaldeasturias.com\/noticias\/category\/actualidad\/#listItem","name":"Actualidad"}}]},{"@type":"Organization","@id":"https:\/\/www.eldigitaldeasturias.com\/noticias\/#organization","name":"El Digital de Asturias","description":"Hemeroteca","url":"https:\/\/www.eldigitaldeasturias.com\/noticias\/","email":"info@eldigitaldeasturias.com","telephone":"+34652131393","logo":{"@type":"ImageObject","url":"https:\/\/www.eldigitaldeasturias.com\/noticias\/wp-content\/uploads\/2020\/12\/EDA.jpg","@id":"https:\/\/www.eldigitaldeasturias.com\/noticias\/cita-con-las-perseidas-en-el-planetario-del-parque-de-las-ciencias-de-granada\/#organizationLogo"},"image":{"@id":"https:\/\/www.eldigitaldeasturias.com\/noticias\/cita-con-las-perseidas-en-el-planetario-del-parque-de-las-ciencias-de-granada\/#organizationLogo"},"sameAs":["https:\/\/facebook.com\/eldigitaldeasturias","https:\/\/www.youtube.com\/channel\/UCZP-2wLEB9Rv6erhFmqVnvg"],"address":{"@id":"https:\/\/www.eldigitaldeasturias.com\/noticias\/#postaladdress","@type":"PostalAddress","streetAddress":"san antonio 4","postalCode":"33430","addressLocality":"Cand\u00e1s","addressRegion":"Asturias","addressCountry":"ES"}},{"@type":"Person","@id":"https:\/\/www.eldigitaldeasturias.com\/noticias\/author\/admin\/#author","url":"https:\/\/www.eldigitaldeasturias.com\/noticias\/author\/admin\/","name":"El Digital de Asturias","image":{"@type":"ImageObject","@id":"https:\/\/www.eldigitaldeasturias.com\/noticias\/cita-con-las-perseidas-en-el-planetario-del-parque-de-las-ciencias-de-granada\/#authorImage","url":"https:\/\/secure.gravatar.com\/avatar\/df2aeffc32bcd13f8d26072ef8a91b623d677766deac7f97ca815868cd41bf5e?s=96&d=mm&r=g","width":96,"height":96,"caption":"El Digital de Asturias"}},{"@type":"WebPage","@id":"https:\/\/www.eldigitaldeasturias.com\/noticias\/cita-con-las-perseidas-en-el-planetario-del-parque-de-las-ciencias-de-granada\/#webpage","url":"https:\/\/www.eldigitaldeasturias.com\/noticias\/cita-con-las-perseidas-en-el-planetario-del-parque-de-las-ciencias-de-granada\/","name":"Cita con las Perseidas en el Planetario del Parque de las Ciencias de Granada - El Digital de Asturias","description":"El Parque de las Ciencias de Granada ha organizado breves sesiones explicativas en vivo sobre c\u00f3mo observar las Perseidas o 'L\u00e1grimas de San Lorenzo' que tendr\u00e1 su mejor momento de observaci\u00f3n la noche del 12 al 13 de agosto. El museo granadino ofrece as\u00ed, dentro del programa 'El Cielo en el Planetario', unas nociones b\u00e1sicas","inLanguage":"es-ES","isPartOf":{"@id":"https:\/\/www.eldigitaldeasturias.com\/noticias\/#website"},"breadcrumb":{"@id":"https:\/\/www.eldigitaldeasturias.com\/noticias\/cita-con-las-perseidas-en-el-planetario-del-parque-de-las-ciencias-de-granada\/#breadcrumblist"},"author":{"@id":"https:\/\/www.eldigitaldeasturias.com\/noticias\/author\/admin\/#author"},"creator":{"@id":"https:\/\/www.eldigitaldeasturias.com\/noticias\/author\/admin\/#author"},"image":{"@type":"ImageObject","url":949373,"@id":"https:\/\/www.eldigitaldeasturias.com\/noticias\/cita-con-las-perseidas-en-el-planetario-del-parque-de-las-ciencias-de-granada\/#mainImage"},"primaryImageOfPage":{"@id":"https:\/\/www.eldigitaldeasturias.com\/noticias\/cita-con-las-perseidas-en-el-planetario-del-parque-de-las-ciencias-de-granada\/#mainImage"},"datePublished":"2017-08-10T23:52:20+02:00","dateModified":"2017-08-10T23:52:20+02:00"},{"@type":"WebSite","@id":"https:\/\/www.eldigitaldeasturias.com\/noticias\/#website","url":"https:\/\/www.eldigitaldeasturias.com\/noticias\/","name":"El Digital de Asturias - Diario de actualidad y noticias","alternateName":"El Digital de Asturias - Diario de actualidad y noticias","description":"Hemeroteca","inLanguage":"es-ES","publisher":{"@id":"https:\/\/www.eldigitaldeasturias.com\/noticias\/#organization"}}]},"og:locale":"es_ES","og:site_name":"El Digital de Asturias","og:type":"article","og:title":"Cita con las Perseidas en el Planetario del Parque de las Ciencias de Granada - El Digital de Asturias","og:description":"El Parque de las Ciencias de Granada ha organizado breves sesiones explicativas en vivo sobre c\u00f3mo observar las Perseidas o 'L\u00e1grimas de San Lorenzo' que tendr\u00e1 su mejor momento de observaci\u00f3n la noche del 12 al 13 de agosto. El museo granadino ofrece as\u00ed, dentro del programa 'El Cielo en el Planetario', unas nociones b\u00e1sicas","og:url":"https:\/\/www.eldigitaldeasturias.com\/noticias\/cita-con-las-perseidas-en-el-planetario-del-parque-de-las-ciencias-de-granada\/","article:tag":["actualidad"],"article:published_time":"2017-08-10T23:52:20+00:00","article:modified_time":"2017-08-10T23:52:20+00:00","article:publisher":"https:\/\/facebook.com\/eldigitaldeasturias","twitter:card":"summary_large_image","twitter:title":"Cita con las Perseidas en el Planetario del Parque de las Ciencias de Granada - El Digital de Asturias","twitter:description":"El Parque de las Ciencias de Granada ha organizado breves sesiones explicativas en vivo sobre c\u00f3mo observar las Perseidas o 'L\u00e1grimas de San Lorenzo' que tendr\u00e1 su mejor momento de observaci\u00f3n la noche del 12 al 13 de agosto. El museo granadino ofrece as\u00ed, dentro del programa 'El Cielo en el Planetario', unas nociones b\u00e1sicas","twitter:image":"https:\/\/www.eldigitaldeasturias.com\/noticias\/wp-content\/uploads\/2020\/12\/EDA-1.jpg","twitter:label1":"Escrito por","twitter:data1":"El Digital de Asturias","twitter:label2":"Tiempo de lectura estimado","twitter:data2":"4 minutos"},"aioseo_meta_data":{"post_id":"949372","title":null,"description":null,"keywords":null,"keyphrases":null,"primary_term":null,"canonical_url":null,"og_title":null,"og_description":null,"og_object_type":"default","og_image_type":"default","og_image_url":null,"og_image_width":null,"og_image_height":null,"og_image_custom_url":null,"og_image_custom_fields":null,"og_video":null,"og_custom_url":null,"og_article_section":null,"og_article_tags":null,"twitter_use_og":false,"twitter_card":"default","twitter_image_type":"default","twitter_image_url":null,"twitter_image_custom_url":null,"twitter_image_custom_fields":null,"twitter_title":null,"twitter_description":null,"schema":{"blockGraphs":[],"customGraphs":[],"default":{"data":{"Article":[],"Course":[],"Dataset":[],"FAQPage":[],"Movie":[],"Person":[],"Product":[],"ProductReview":[],"Car":[],"Recipe":[],"Service":[],"SoftwareApplication":[],"WebPage":[]},"graphName":"","isEnabled":true},"graphs":[],"defaultGraph":"","defaultPostTypeGraph":""},"schema_type":null,"schema_type_options":null,"pillar_content":false,"robots_default":true,"robots_noindex":false,"robots_noarchive":false,"robots_nosnippet":false,"robots_nofollow":false,"robots_noimageindex":false,"robots_noodp":false,"robots_notranslate":false,"robots_max_snippet":null,"robots_max_videopreview":null,"robots_max_imagepreview":"large","priority":null,"frequency":null,"local_seo":null,"seo_analyzer_scan_date":"2025-12-05 12:10:39","breadcrumb_settings":null,"limit_modified_date":false,"open_ai":null,"ai":null,"created":"2020-12-21 13:02:37","updated":"2025-12-05 12:10:39","focus_keyword":null,"additional_keywords":null,"truseo_locale":null},"aioseo_breadcrumb":"<div class=\"aioseo-breadcrumbs\"><span class=\"aioseo-breadcrumb\">\n\t<a href=\"https:\/\/www.eldigitaldeasturias.com\/noticias\" title=\"Home\">Home<\/a>\n<\/span><span class=\"aioseo-breadcrumb-separator\">\u2013<\/span><span class=\"aioseo-breadcrumb\">\n\t<a href=\"https:\/\/www.eldigitaldeasturias.com\/noticias\/category\/actualidad\/\" title=\"Actualidad\">Actualidad<\/a>\n<\/span><span class=\"aioseo-breadcrumb-separator\">\u2013<\/span><span class=\"aioseo-breadcrumb\">\n\t<a href=\"https:\/\/www.eldigitaldeasturias.com\/noticias\/cita-con-las-perseidas-en-el-planetario-del-parque-de-las-ciencias-de-granada\/\" title=\"Cita con las Perseidas en el Planetario del Parque de las Ciencias de Granada\">Cita con las Perseidas en el Planetario del Parque de las Ciencias de Granada<\/a>\n<\/span><\/div>","aioseo_breadcrumb_json":[{"label":"Home","link":"https:\/\/www.eldigitaldeasturias.com\/noticias"},{"label":"Actualidad","link":"https:\/\/www.eldigitaldeasturias.com\/noticias\/category\/actualidad\/"},{"label":"Cita con las Perseidas en el Planetario del Parque de las Ciencias de Granada","link":"https:\/\/www.eldigitaldeasturias.com\/noticias\/cita-con-las-perseidas-en-el-planetario-del-parque-de-las-ciencias-de-granada\/"}],"_links":{"self":[{"href":"https:\/\/www.eldigitaldeasturias.com\/noticias\/wp-json\/wp\/v2\/posts\/949372","targetHints":{"allow":["GET"]}}],"collection":[{"href":"https:\/\/www.eldigitaldeasturias.com\/noticias\/wp-json\/wp\/v2\/posts"}],"about":[{"href":"https:\/\/www.eldigitaldeasturias.com\/noticias\/wp-json\/wp\/v2\/types\/post"}],"author":[{"embeddable":true,"href":"https:\/\/www.eldigitaldeasturias.com\/noticias\/wp-json\/wp\/v2\/users\/1"}],"replies":[{"embeddable":true,"href":"https:\/\/www.eldigitaldeasturias.com\/noticias\/wp-json\/wp\/v2\/comments?post=949372"}],"version-history":[{"count":0,"href":"https:\/\/www.eldigitaldeasturias.com\/noticias\/wp-json\/wp\/v2\/posts\/949372\/revisions"}],"wp:attachment":[{"href":"https:\/\/www.eldigitaldeasturias.com\/noticias\/wp-json\/wp\/v2\/media?parent=949372"}],"wp:term":[{"taxonomy":"category","embeddable":true,"href":"https:\/\/www.eldigitaldeasturias.com\/noticias\/wp-json\/wp\/v2\/categories?post=949372"},{"taxonomy":"post_tag","embeddable":true,"href":"https:\/\/www.eldigitaldeasturias.com\/noticias\/wp-json\/wp\/v2\/tags?post=949372"}],"curies":[{"name":"wp","href":"https:\/\/api.w.org\/{rel}","templated":true}]}}