{"id":949369,"date":"2017-08-10T23:47:30","date_gmt":"2017-08-10T23:47:30","guid":{"rendered":"http:\/\/www.eldigitaldeasturias.com\/noticias\/?p=949369"},"modified":"2017-08-10T23:47:30","modified_gmt":"2017-08-10T23:47:30","slug":"carnero-visita-el-nuevo-supermercado-eficiente-de-mercadona-en-malaga","status":"publish","type":"post","link":"https:\/\/www.eldigitaldeasturias.com\/noticias\/carnero-visita-el-nuevo-supermercado-eficiente-de-mercadona-en-malaga\/","title":{"rendered":"Carnero visita el nuevo supermercado eficiente de Mercadona en M\u00e1laga"},"content":{"rendered":"<p><img loading=\"lazy\" decoding=\"async\" class=\"alignleft size-medium wp-image-949370\" src=\"https:\/\/www.eldigitaldeasturias.com\/noticias\/wp-content\/uploads\/2017\/08\/1502365275398-360x263.jpg\" alt=\"\" width=\"360\" height=\"263\" \/>El consejero de Empleo, Empresa y Comercio, Javier Carnero, ha anunciado la pr\u00f3xima convocatoria de una serie de ayudas para favorecer la competitividad y la innovaci\u00f3n en el sector comercial andaluz. El programa, seg\u00fan ha indicado el consejero, est\u00e1 dotado con m\u00e1s de 2,8 millones de euros en subvenciones destinadas a que las pymes comerciales puedan modernizar y renovar sus establecimientos.<\/p>\n<p>Carnero ha destacado que el sector comercial andaluz es un sector estrat\u00e9gico para Andaluc\u00eda, \u00abuna actividad cuya facturaci\u00f3n supone algo m\u00e1s del 12% del Valor A\u00f1adido Bruto (VAB) auton\u00f3mico y que genera alrededor de 500.000 puestos de trabajo, el 18% de todo el empleo en la comunidad\u00bb. Por ello ha animado a las empresas comerciales andaluzas a solicitar estas ayudas, tambi\u00e9n destinadas a incentivar la renovaci\u00f3n f\u00edsica de sus sedes o la tecnol\u00f3gica de sus sistemas y procesos. \u00abEl objetivo es impulsar y mejorar su cuenta de resultados gracias a la fidelizaci\u00f3n de la clientela o a la apertura de nuevas l\u00edneas de negocio, gener\u00e1ndose con ello m\u00e1s empleo y mayor riqueza para todos\u00bb, ha expuesto.<\/p>\n<p>Asimismo, ha avanzado la puesta en marcha de otros dos recursos muy importantes: de un lado, una plataforma de simplificaci\u00f3n de los tr\u00e1mites requeridos para el ejercicio de la actividad comercial y artesanal de Andaluc\u00eda, que contribuir\u00e1 a reducir gestiones administrativas y con ello a limitar los tiempos dedicados a esta tarea, impulsando la eficiencia; y de otro, una plataforma de aplicaci\u00f3n m\u00f3vil con informaci\u00f3n de la oferta comercial y artesanal de Andaluc\u00eda, capaz de poner en valor esta actividad mediante la difusi\u00f3n de informaci\u00f3n actualizada, accesible y de utilidad para la ciudadan\u00eda, contribuy\u00e9ndose al impulso del comercio minorista.<\/p>\n<p>Todas estas acciones, que Carnero ha anunciado en el transcurso de una visita al nuevo supermercado eficiente de Mercadona en M\u00e1laga, se suman a otras ayudas ya vigentes y a las que tambi\u00e9n tienen acceso las pymes comerciales. Es el caso del Programa de incentivos al desarrollo industrial, la mejora de la competitividad, la transformaci\u00f3n digital y la creaci\u00f3n de empleo 2017-2020, dotado de 145 millones de euros y que cuenta con una l\u00ednea de trasformaci\u00f3n digital, de 27,8 millones de euros, y que se destina a respaldar proyectos de mejora de la productividad y la competitividad en las pymes mediante la incorporaci\u00f3n de nuevas tecnolog\u00edas.<\/p>\n<p>Adem\u00e1s, y dado que el coste energ\u00e9tico es uno de las cargas m\u00e1s relevantes que debe afrontar una empresa, recientemente se ha abierto el plazo para que aut\u00f3nomos, pymes y otras entidades soliciten incentivos a la l\u00ednea de ayudas &#8216;Pyme sostenible&#8217;, integrada en el Programa para el desarrollo energ\u00e9tico sostenible de Andaluc\u00eda, que gestiona la Agencia Andaluza de la Energ\u00eda. Su presupuesto asciende a 36,6 millones, y financiar\u00e1 parcialmente inversiones que persigan la mejora energ\u00e9tica en los procesos de las empresas a trav\u00e9s de medidas de eficiencia energ\u00e9tica, energ\u00edas renovables, biomasa y biocombustibles, reformas de instalaciones y procesos, aprovechamiento de energ\u00edas residuales, entre otros.<\/p>\n<p><strong>Un sector estrat\u00e9gico para Andaluc\u00eda<\/strong><\/p>\n<p>Los datos expuestos por el responsable de la Consejer\u00eda de Empleo, Empresa y Comercio, unidos al crecimiento progresivo que vienen registrando las cifras de empleo sectorial, ponen de manifiesto el car\u00e1cter estrat\u00e9gico del comercio en el marco de la econom\u00eda andaluza, tanto por su contribuci\u00f3n al PIB regional como por su potencialidad y capacidad de generaci\u00f3n de riqueza.<\/p>\n<p>Por estas razones, el Consejero ha insistido en la relevancia de contar con un modelo, el denominado Modelo Comercial Andaluz, cuyos ejes vertebradores son la generaci\u00f3n de empleo de calidad, el equilibro entre los formatos comerciales existentes, el apoyo al comercio de cercan\u00eda como v\u00eda para alcanzar un equilibrio entre modelos y una mayor calidad en los productos y servicios, la participaci\u00f3n del sector gracias a plataformas como el Consejo Andaluz de Comercio, y el impulso a la competitividad en las pymes comerciales.<\/p>\n<p>En el marco de este organismo, ya se est\u00e1 evaluando el desarrollo que ha tenido el V Plan Integral del Comercio Interior en Andaluc\u00eda, cuya vigencia concluye este a\u00f1o, y ha comenzado a elaborarse el siguiente plan, que establecer\u00e1 las l\u00edneas estrat\u00e9gicas del sector para los pr\u00f3ximos cuatro a\u00f1os, y contemplar\u00e1 objetivos globales como la defensa de un modelo comercial \u2013el andaluz- basado en el consenso y en el equilibrio de formatos y actores, la territorializaci\u00f3n de la cadena de valor, o la adaptaci\u00f3n de los perfiles profesionales a las nuevas demandas surgidas en un marco econ\u00f3mico digital y global, entre otros.<\/p>\n<p>&nbsp;<\/p>\n","protected":false},"excerpt":{"rendered":"<p>El consejero de Empleo, Empresa y Comercio, Javier Carnero, ha anunciado la pr\u00f3xima convocatoria de una serie de ayudas para favorecer la competitividad y la innovaci\u00f3n en el sector comercial andaluz. El programa, seg\u00fan ha indicado el consejero, est\u00e1 dotado con m\u00e1s de 2,8 millones de euros en subvenciones destinadas a que las pymes comerciales [&hellip;]<\/p>\n","protected":false},"author":1,"featured_media":949370,"comment_status":"closed","ping_status":"closed","sticky":false,"template":"","format":"standard","meta":{"footnotes":""},"categories":[1],"tags":[],"class_list":["post-949369","post","type-post","status-publish","format-standard","has-post-thumbnail","hentry","category-actualidad"],"aioseo_notices":[],"aioseo_head":"\n\t\t<!-- All in One SEO Pro 5.0.1 - aioseo.com -->\n\t<meta name=\"description\" content=\"El consejero de Empleo, Empresa y Comercio, Javier Carnero, ha anunciado la pr\u00f3xima convocatoria de una serie de ayudas para favorecer la competitividad y la innovaci\u00f3n en el sector comercial andaluz. El programa, seg\u00fan ha indicado el consejero, est\u00e1 dotado con m\u00e1s de 2,8 millones de euros en subvenciones destinadas a que las pymes comerciales\" \/>\n\t<meta name=\"robots\" content=\"max-image-preview:large\" \/>\n\t<meta name=\"author\" content=\"El Digital de Asturias\"\/>\n\t<meta name=\"google-site-verification\" content=\"UA-38556648-1\" \/>\n\t<meta name=\"msvalidate.01\" content=\"7dfe9f3f1b24437ab69f4f2559babe99\" \/>\n\t<meta name=\"keywords\" content=\"actualidad\" \/>\n\t<link rel=\"canonical\" href=\"https:\/\/www.eldigitaldeasturias.com\/noticias\/carnero-visita-el-nuevo-supermercado-eficiente-de-mercadona-en-malaga\/\" \/>\n\t<meta name=\"generator\" content=\"All in One SEO Pro (AIOSEO) 5.0.1\" \/>\n\t\t<meta property=\"og:locale\" content=\"es_ES\" \/>\n\t\t<meta property=\"og:site_name\" content=\"El Digital de Asturias\" \/>\n\t\t<meta property=\"og:type\" content=\"article\" \/>\n\t\t<meta property=\"og:title\" content=\"Carnero visita el nuevo supermercado eficiente de Mercadona en M\u00e1laga - El Digital de Asturias\" \/>\n\t\t<meta property=\"og:description\" content=\"El consejero de Empleo, Empresa y Comercio, Javier Carnero, ha anunciado la pr\u00f3xima convocatoria de una serie de ayudas para favorecer la competitividad y la innovaci\u00f3n en el sector comercial andaluz. El programa, seg\u00fan ha indicado el consejero, est\u00e1 dotado con m\u00e1s de 2,8 millones de euros en subvenciones destinadas a que las pymes comerciales\" \/>\n\t\t<meta property=\"og:url\" content=\"https:\/\/www.eldigitaldeasturias.com\/noticias\/carnero-visita-el-nuevo-supermercado-eficiente-de-mercadona-en-malaga\/\" \/>\n\t\t<meta property=\"article:tag\" content=\"actualidad\" \/>\n\t\t<meta property=\"article:published_time\" content=\"2017-08-10T23:47:30+00:00\" \/>\n\t\t<meta property=\"article:modified_time\" content=\"2017-08-10T23:47:30+00:00\" \/>\n\t\t<meta property=\"article:publisher\" content=\"https:\/\/facebook.com\/eldigitaldeasturias\" \/>\n\t\t<meta name=\"twitter:card\" content=\"summary_large_image\" \/>\n\t\t<meta name=\"twitter:title\" content=\"Carnero visita el nuevo supermercado eficiente de Mercadona en M\u00e1laga - El Digital de Asturias\" \/>\n\t\t<meta name=\"twitter:description\" content=\"El consejero de Empleo, Empresa y Comercio, Javier Carnero, ha anunciado la pr\u00f3xima convocatoria de una serie de ayudas para favorecer la competitividad y la innovaci\u00f3n en el sector comercial andaluz. El programa, seg\u00fan ha indicado el consejero, est\u00e1 dotado con m\u00e1s de 2,8 millones de euros en subvenciones destinadas a que las pymes comerciales\" \/>\n\t\t<meta name=\"twitter:image\" content=\"https:\/\/www.eldigitaldeasturias.com\/noticias\/wp-content\/uploads\/2020\/12\/EDA-1.jpg\" \/>\n\t\t<meta name=\"twitter:label1\" content=\"Escrito por\" \/>\n\t\t<meta name=\"twitter:data1\" content=\"El Digital de Asturias\" \/>\n\t\t<meta name=\"twitter:label2\" content=\"Tiempo de lectura estimado\" \/>\n\t\t<meta name=\"twitter:data2\" content=\"4 minutos\" \/>\n\t\t<script type=\"application\/ld+json\" class=\"aioseo-schema\">\n\t\t\t{\"@context\":\"https:\\\/\\\/schema.org\",\"@graph\":[{\"@type\":\"BlogPosting\",\"@id\":\"https:\\\/\\\/www.eldigitaldeasturias.com\\\/noticias\\\/carnero-visita-el-nuevo-supermercado-eficiente-de-mercadona-en-malaga\\\/#blogposting\",\"name\":\"Carnero visita el nuevo supermercado eficiente de Mercadona en M\\u00e1laga - El Digital de Asturias\",\"headline\":\"Carnero visita el nuevo supermercado eficiente de Mercadona en M\\u00e1laga\",\"author\":{\"@id\":\"https:\\\/\\\/www.eldigitaldeasturias.com\\\/noticias\\\/author\\\/admin\\\/#author\"},\"publisher\":{\"@id\":\"https:\\\/\\\/www.eldigitaldeasturias.com\\\/noticias\\\/#organization\"},\"image\":{\"@type\":\"ImageObject\",\"url\":949370},\"datePublished\":\"2017-08-10T23:47:30+02:00\",\"dateModified\":\"2017-08-10T23:47:30+02:00\",\"inLanguage\":\"es-ES\",\"mainEntityOfPage\":{\"@id\":\"https:\\\/\\\/www.eldigitaldeasturias.com\\\/noticias\\\/carnero-visita-el-nuevo-supermercado-eficiente-de-mercadona-en-malaga\\\/#webpage\"},\"isPartOf\":{\"@id\":\"https:\\\/\\\/www.eldigitaldeasturias.com\\\/noticias\\\/carnero-visita-el-nuevo-supermercado-eficiente-de-mercadona-en-malaga\\\/#webpage\"},\"articleSection\":\"Actualidad\"},{\"@type\":\"BreadcrumbList\",\"@id\":\"https:\\\/\\\/www.eldigitaldeasturias.com\\\/noticias\\\/carnero-visita-el-nuevo-supermercado-eficiente-de-mercadona-en-malaga\\\/#breadcrumblist\",\"itemListElement\":[{\"@type\":\"ListItem\",\"@id\":\"https:\\\/\\\/www.eldigitaldeasturias.com\\\/noticias#listItem\",\"position\":1,\"name\":\"Home\",\"item\":\"https:\\\/\\\/www.eldigitaldeasturias.com\\\/noticias\",\"nextItem\":{\"@type\":\"ListItem\",\"@id\":\"https:\\\/\\\/www.eldigitaldeasturias.com\\\/noticias\\\/category\\\/actualidad\\\/#listItem\",\"name\":\"Actualidad\"}},{\"@type\":\"ListItem\",\"@id\":\"https:\\\/\\\/www.eldigitaldeasturias.com\\\/noticias\\\/category\\\/actualidad\\\/#listItem\",\"position\":2,\"name\":\"Actualidad\",\"item\":\"https:\\\/\\\/www.eldigitaldeasturias.com\\\/noticias\\\/category\\\/actualidad\\\/\",\"nextItem\":{\"@type\":\"ListItem\",\"@id\":\"https:\\\/\\\/www.eldigitaldeasturias.com\\\/noticias\\\/carnero-visita-el-nuevo-supermercado-eficiente-de-mercadona-en-malaga\\\/#listItem\",\"name\":\"Carnero visita el nuevo supermercado eficiente de Mercadona en M\\u00e1laga\"},\"previousItem\":{\"@type\":\"ListItem\",\"@id\":\"https:\\\/\\\/www.eldigitaldeasturias.com\\\/noticias#listItem\",\"name\":\"Home\"}},{\"@type\":\"ListItem\",\"@id\":\"https:\\\/\\\/www.eldigitaldeasturias.com\\\/noticias\\\/carnero-visita-el-nuevo-supermercado-eficiente-de-mercadona-en-malaga\\\/#listItem\",\"position\":3,\"name\":\"Carnero visita el nuevo supermercado eficiente de Mercadona en M\\u00e1laga\",\"previousItem\":{\"@type\":\"ListItem\",\"@id\":\"https:\\\/\\\/www.eldigitaldeasturias.com\\\/noticias\\\/category\\\/actualidad\\\/#listItem\",\"name\":\"Actualidad\"}}]},{\"@type\":\"Organization\",\"@id\":\"https:\\\/\\\/www.eldigitaldeasturias.com\\\/noticias\\\/#organization\",\"name\":\"El Digital de Asturias\",\"description\":\"Hemeroteca\",\"url\":\"https:\\\/\\\/www.eldigitaldeasturias.com\\\/noticias\\\/\",\"email\":\"info@eldigitaldeasturias.com\",\"telephone\":\"+34652131393\",\"logo\":{\"@type\":\"ImageObject\",\"url\":\"https:\\\/\\\/www.eldigitaldeasturias.com\\\/noticias\\\/wp-content\\\/uploads\\\/2020\\\/12\\\/EDA.jpg\",\"@id\":\"https:\\\/\\\/www.eldigitaldeasturias.com\\\/noticias\\\/carnero-visita-el-nuevo-supermercado-eficiente-de-mercadona-en-malaga\\\/#organizationLogo\"},\"image\":{\"@id\":\"https:\\\/\\\/www.eldigitaldeasturias.com\\\/noticias\\\/carnero-visita-el-nuevo-supermercado-eficiente-de-mercadona-en-malaga\\\/#organizationLogo\"},\"sameAs\":[\"https:\\\/\\\/facebook.com\\\/eldigitaldeasturias\",\"https:\\\/\\\/www.youtube.com\\\/channel\\\/UCZP-2wLEB9Rv6erhFmqVnvg\"],\"address\":{\"@id\":\"https:\\\/\\\/www.eldigitaldeasturias.com\\\/noticias\\\/#postaladdress\",\"@type\":\"PostalAddress\",\"streetAddress\":\"san antonio 4\",\"postalCode\":\"33430\",\"addressLocality\":\"Cand\\u00e1s\",\"addressRegion\":\"Asturias\",\"addressCountry\":\"ES\"}},{\"@type\":\"Person\",\"@id\":\"https:\\\/\\\/www.eldigitaldeasturias.com\\\/noticias\\\/author\\\/admin\\\/#author\",\"url\":\"https:\\\/\\\/www.eldigitaldeasturias.com\\\/noticias\\\/author\\\/admin\\\/\",\"name\":\"El Digital de Asturias\",\"image\":{\"@type\":\"ImageObject\",\"@id\":\"https:\\\/\\\/www.eldigitaldeasturias.com\\\/noticias\\\/carnero-visita-el-nuevo-supermercado-eficiente-de-mercadona-en-malaga\\\/#authorImage\",\"url\":\"https:\\\/\\\/secure.gravatar.com\\\/avatar\\\/df2aeffc32bcd13f8d26072ef8a91b623d677766deac7f97ca815868cd41bf5e?s=96&d=mm&r=g\",\"width\":96,\"height\":96,\"caption\":\"El Digital de Asturias\"}},{\"@type\":\"WebPage\",\"@id\":\"https:\\\/\\\/www.eldigitaldeasturias.com\\\/noticias\\\/carnero-visita-el-nuevo-supermercado-eficiente-de-mercadona-en-malaga\\\/#webpage\",\"url\":\"https:\\\/\\\/www.eldigitaldeasturias.com\\\/noticias\\\/carnero-visita-el-nuevo-supermercado-eficiente-de-mercadona-en-malaga\\\/\",\"name\":\"Carnero visita el nuevo supermercado eficiente de Mercadona en M\\u00e1laga - El Digital de Asturias\",\"description\":\"El consejero de Empleo, Empresa y Comercio, Javier Carnero, ha anunciado la pr\\u00f3xima convocatoria de una serie de ayudas para favorecer la competitividad y la innovaci\\u00f3n en el sector comercial andaluz. El programa, seg\\u00fan ha indicado el consejero, est\\u00e1 dotado con m\\u00e1s de 2,8 millones de euros en subvenciones destinadas a que las pymes comerciales\",\"inLanguage\":\"es-ES\",\"isPartOf\":{\"@id\":\"https:\\\/\\\/www.eldigitaldeasturias.com\\\/noticias\\\/#website\"},\"breadcrumb\":{\"@id\":\"https:\\\/\\\/www.eldigitaldeasturias.com\\\/noticias\\\/carnero-visita-el-nuevo-supermercado-eficiente-de-mercadona-en-malaga\\\/#breadcrumblist\"},\"author\":{\"@id\":\"https:\\\/\\\/www.eldigitaldeasturias.com\\\/noticias\\\/author\\\/admin\\\/#author\"},\"creator\":{\"@id\":\"https:\\\/\\\/www.eldigitaldeasturias.com\\\/noticias\\\/author\\\/admin\\\/#author\"},\"image\":{\"@type\":\"ImageObject\",\"url\":949370,\"@id\":\"https:\\\/\\\/www.eldigitaldeasturias.com\\\/noticias\\\/carnero-visita-el-nuevo-supermercado-eficiente-de-mercadona-en-malaga\\\/#mainImage\"},\"primaryImageOfPage\":{\"@id\":\"https:\\\/\\\/www.eldigitaldeasturias.com\\\/noticias\\\/carnero-visita-el-nuevo-supermercado-eficiente-de-mercadona-en-malaga\\\/#mainImage\"},\"datePublished\":\"2017-08-10T23:47:30+02:00\",\"dateModified\":\"2017-08-10T23:47:30+02:00\"},{\"@type\":\"WebSite\",\"@id\":\"https:\\\/\\\/www.eldigitaldeasturias.com\\\/noticias\\\/#website\",\"url\":\"https:\\\/\\\/www.eldigitaldeasturias.com\\\/noticias\\\/\",\"name\":\"El Digital de Asturias - Diario de actualidad y noticias\",\"alternateName\":\"El Digital de Asturias - Diario de actualidad y noticias\",\"description\":\"Hemeroteca\",\"inLanguage\":\"es-ES\",\"publisher\":{\"@id\":\"https:\\\/\\\/www.eldigitaldeasturias.com\\\/noticias\\\/#organization\"}}]}\n\t\t<\/script>\n\t\t<!-- All in One SEO Pro -->\r\n\t\t<title>Carnero visita el nuevo supermercado eficiente de Mercadona en M\u00e1laga - El Digital de Asturias<\/title>\n\n","aioseo_head_json":{"title":"Carnero visita el nuevo supermercado eficiente de Mercadona en M\u00e1laga - El Digital de Asturias","description":"El consejero de Empleo, Empresa y Comercio, Javier Carnero, ha anunciado la pr\u00f3xima convocatoria de una serie de ayudas para favorecer la competitividad y la innovaci\u00f3n en el sector comercial andaluz. El programa, seg\u00fan ha indicado el consejero, est\u00e1 dotado con m\u00e1s de 2,8 millones de euros en subvenciones destinadas a que las pymes comerciales","canonical_url":"https:\/\/www.eldigitaldeasturias.com\/noticias\/carnero-visita-el-nuevo-supermercado-eficiente-de-mercadona-en-malaga\/","robots":"max-image-preview:large","keywords":"actualidad","webmasterTools":{"google-site-verification":"UA-38556648-1","msvalidate.01":"7dfe9f3f1b24437ab69f4f2559babe99","miscellaneous":""},"schema":{"@context":"https:\/\/schema.org","@graph":[{"@type":"BlogPosting","@id":"https:\/\/www.eldigitaldeasturias.com\/noticias\/carnero-visita-el-nuevo-supermercado-eficiente-de-mercadona-en-malaga\/#blogposting","name":"Carnero visita el nuevo supermercado eficiente de Mercadona en M\u00e1laga - El Digital de Asturias","headline":"Carnero visita el nuevo supermercado eficiente de Mercadona en M\u00e1laga","author":{"@id":"https:\/\/www.eldigitaldeasturias.com\/noticias\/author\/admin\/#author"},"publisher":{"@id":"https:\/\/www.eldigitaldeasturias.com\/noticias\/#organization"},"image":{"@type":"ImageObject","url":949370},"datePublished":"2017-08-10T23:47:30+02:00","dateModified":"2017-08-10T23:47:30+02:00","inLanguage":"es-ES","mainEntityOfPage":{"@id":"https:\/\/www.eldigitaldeasturias.com\/noticias\/carnero-visita-el-nuevo-supermercado-eficiente-de-mercadona-en-malaga\/#webpage"},"isPartOf":{"@id":"https:\/\/www.eldigitaldeasturias.com\/noticias\/carnero-visita-el-nuevo-supermercado-eficiente-de-mercadona-en-malaga\/#webpage"},"articleSection":"Actualidad"},{"@type":"BreadcrumbList","@id":"https:\/\/www.eldigitaldeasturias.com\/noticias\/carnero-visita-el-nuevo-supermercado-eficiente-de-mercadona-en-malaga\/#breadcrumblist","itemListElement":[{"@type":"ListItem","@id":"https:\/\/www.eldigitaldeasturias.com\/noticias#listItem","position":1,"name":"Home","item":"https:\/\/www.eldigitaldeasturias.com\/noticias","nextItem":{"@type":"ListItem","@id":"https:\/\/www.eldigitaldeasturias.com\/noticias\/category\/actualidad\/#listItem","name":"Actualidad"}},{"@type":"ListItem","@id":"https:\/\/www.eldigitaldeasturias.com\/noticias\/category\/actualidad\/#listItem","position":2,"name":"Actualidad","item":"https:\/\/www.eldigitaldeasturias.com\/noticias\/category\/actualidad\/","nextItem":{"@type":"ListItem","@id":"https:\/\/www.eldigitaldeasturias.com\/noticias\/carnero-visita-el-nuevo-supermercado-eficiente-de-mercadona-en-malaga\/#listItem","name":"Carnero visita el nuevo supermercado eficiente de Mercadona en M\u00e1laga"},"previousItem":{"@type":"ListItem","@id":"https:\/\/www.eldigitaldeasturias.com\/noticias#listItem","name":"Home"}},{"@type":"ListItem","@id":"https:\/\/www.eldigitaldeasturias.com\/noticias\/carnero-visita-el-nuevo-supermercado-eficiente-de-mercadona-en-malaga\/#listItem","position":3,"name":"Carnero visita el nuevo supermercado eficiente de Mercadona en M\u00e1laga","previousItem":{"@type":"ListItem","@id":"https:\/\/www.eldigitaldeasturias.com\/noticias\/category\/actualidad\/#listItem","name":"Actualidad"}}]},{"@type":"Organization","@id":"https:\/\/www.eldigitaldeasturias.com\/noticias\/#organization","name":"El Digital de Asturias","description":"Hemeroteca","url":"https:\/\/www.eldigitaldeasturias.com\/noticias\/","email":"info@eldigitaldeasturias.com","telephone":"+34652131393","logo":{"@type":"ImageObject","url":"https:\/\/www.eldigitaldeasturias.com\/noticias\/wp-content\/uploads\/2020\/12\/EDA.jpg","@id":"https:\/\/www.eldigitaldeasturias.com\/noticias\/carnero-visita-el-nuevo-supermercado-eficiente-de-mercadona-en-malaga\/#organizationLogo"},"image":{"@id":"https:\/\/www.eldigitaldeasturias.com\/noticias\/carnero-visita-el-nuevo-supermercado-eficiente-de-mercadona-en-malaga\/#organizationLogo"},"sameAs":["https:\/\/facebook.com\/eldigitaldeasturias","https:\/\/www.youtube.com\/channel\/UCZP-2wLEB9Rv6erhFmqVnvg"],"address":{"@id":"https:\/\/www.eldigitaldeasturias.com\/noticias\/#postaladdress","@type":"PostalAddress","streetAddress":"san antonio 4","postalCode":"33430","addressLocality":"Cand\u00e1s","addressRegion":"Asturias","addressCountry":"ES"}},{"@type":"Person","@id":"https:\/\/www.eldigitaldeasturias.com\/noticias\/author\/admin\/#author","url":"https:\/\/www.eldigitaldeasturias.com\/noticias\/author\/admin\/","name":"El Digital de Asturias","image":{"@type":"ImageObject","@id":"https:\/\/www.eldigitaldeasturias.com\/noticias\/carnero-visita-el-nuevo-supermercado-eficiente-de-mercadona-en-malaga\/#authorImage","url":"https:\/\/secure.gravatar.com\/avatar\/df2aeffc32bcd13f8d26072ef8a91b623d677766deac7f97ca815868cd41bf5e?s=96&d=mm&r=g","width":96,"height":96,"caption":"El Digital de Asturias"}},{"@type":"WebPage","@id":"https:\/\/www.eldigitaldeasturias.com\/noticias\/carnero-visita-el-nuevo-supermercado-eficiente-de-mercadona-en-malaga\/#webpage","url":"https:\/\/www.eldigitaldeasturias.com\/noticias\/carnero-visita-el-nuevo-supermercado-eficiente-de-mercadona-en-malaga\/","name":"Carnero visita el nuevo supermercado eficiente de Mercadona en M\u00e1laga - El Digital de Asturias","description":"El consejero de Empleo, Empresa y Comercio, Javier Carnero, ha anunciado la pr\u00f3xima convocatoria de una serie de ayudas para favorecer la competitividad y la innovaci\u00f3n en el sector comercial andaluz. El programa, seg\u00fan ha indicado el consejero, est\u00e1 dotado con m\u00e1s de 2,8 millones de euros en subvenciones destinadas a que las pymes comerciales","inLanguage":"es-ES","isPartOf":{"@id":"https:\/\/www.eldigitaldeasturias.com\/noticias\/#website"},"breadcrumb":{"@id":"https:\/\/www.eldigitaldeasturias.com\/noticias\/carnero-visita-el-nuevo-supermercado-eficiente-de-mercadona-en-malaga\/#breadcrumblist"},"author":{"@id":"https:\/\/www.eldigitaldeasturias.com\/noticias\/author\/admin\/#author"},"creator":{"@id":"https:\/\/www.eldigitaldeasturias.com\/noticias\/author\/admin\/#author"},"image":{"@type":"ImageObject","url":949370,"@id":"https:\/\/www.eldigitaldeasturias.com\/noticias\/carnero-visita-el-nuevo-supermercado-eficiente-de-mercadona-en-malaga\/#mainImage"},"primaryImageOfPage":{"@id":"https:\/\/www.eldigitaldeasturias.com\/noticias\/carnero-visita-el-nuevo-supermercado-eficiente-de-mercadona-en-malaga\/#mainImage"},"datePublished":"2017-08-10T23:47:30+02:00","dateModified":"2017-08-10T23:47:30+02:00"},{"@type":"WebSite","@id":"https:\/\/www.eldigitaldeasturias.com\/noticias\/#website","url":"https:\/\/www.eldigitaldeasturias.com\/noticias\/","name":"El Digital de Asturias - Diario de actualidad y noticias","alternateName":"El Digital de Asturias - Diario de actualidad y noticias","description":"Hemeroteca","inLanguage":"es-ES","publisher":{"@id":"https:\/\/www.eldigitaldeasturias.com\/noticias\/#organization"}}]},"og:locale":"es_ES","og:site_name":"El Digital de Asturias","og:type":"article","og:title":"Carnero visita el nuevo supermercado eficiente de Mercadona en M\u00e1laga - El Digital de Asturias","og:description":"El consejero de Empleo, Empresa y Comercio, Javier Carnero, ha anunciado la pr\u00f3xima convocatoria de una serie de ayudas para favorecer la competitividad y la innovaci\u00f3n en el sector comercial andaluz. El programa, seg\u00fan ha indicado el consejero, est\u00e1 dotado con m\u00e1s de 2,8 millones de euros en subvenciones destinadas a que las pymes comerciales","og:url":"https:\/\/www.eldigitaldeasturias.com\/noticias\/carnero-visita-el-nuevo-supermercado-eficiente-de-mercadona-en-malaga\/","article:tag":["actualidad"],"article:published_time":"2017-08-10T23:47:30+00:00","article:modified_time":"2017-08-10T23:47:30+00:00","article:publisher":"https:\/\/facebook.com\/eldigitaldeasturias","twitter:card":"summary_large_image","twitter:title":"Carnero visita el nuevo supermercado eficiente de Mercadona en M\u00e1laga - El Digital de Asturias","twitter:description":"El consejero de Empleo, Empresa y Comercio, Javier Carnero, ha anunciado la pr\u00f3xima convocatoria de una serie de ayudas para favorecer la competitividad y la innovaci\u00f3n en el sector comercial andaluz. El programa, seg\u00fan ha indicado el consejero, est\u00e1 dotado con m\u00e1s de 2,8 millones de euros en subvenciones destinadas a que las pymes comerciales","twitter:image":"https:\/\/www.eldigitaldeasturias.com\/noticias\/wp-content\/uploads\/2020\/12\/EDA-1.jpg","twitter:label1":"Escrito por","twitter:data1":"El Digital de Asturias","twitter:label2":"Tiempo de lectura estimado","twitter:data2":"4 minutos"},"aioseo_meta_data":{"post_id":"949369","title":null,"description":null,"keywords":null,"keyphrases":null,"primary_term":null,"canonical_url":null,"og_title":null,"og_description":null,"og_object_type":"default","og_image_type":"default","og_image_url":null,"og_image_width":null,"og_image_height":null,"og_image_custom_url":null,"og_image_custom_fields":null,"og_video":null,"og_custom_url":null,"og_article_section":null,"og_article_tags":null,"twitter_use_og":false,"twitter_card":"default","twitter_image_type":"default","twitter_image_url":null,"twitter_image_custom_url":null,"twitter_image_custom_fields":null,"twitter_title":null,"twitter_description":null,"schema":{"blockGraphs":[],"customGraphs":[],"default":{"data":{"Article":[],"Course":[],"Dataset":[],"FAQPage":[],"Movie":[],"Person":[],"Product":[],"ProductReview":[],"Car":[],"Recipe":[],"Service":[],"SoftwareApplication":[],"WebPage":[]},"graphName":"","isEnabled":true},"graphs":[],"defaultGraph":"","defaultPostTypeGraph":""},"schema_type":null,"schema_type_options":null,"pillar_content":false,"robots_default":true,"robots_noindex":false,"robots_noarchive":false,"robots_nosnippet":false,"robots_nofollow":false,"robots_noimageindex":false,"robots_noodp":false,"robots_notranslate":false,"robots_max_snippet":null,"robots_max_videopreview":null,"robots_max_imagepreview":"large","priority":null,"frequency":null,"local_seo":null,"seo_analyzer_scan_date":"2025-12-05 12:10:38","breadcrumb_settings":null,"limit_modified_date":false,"open_ai":null,"ai":null,"created":"2020-12-21 13:02:37","updated":"2025-12-05 12:10:38","focus_keyword":null,"additional_keywords":null,"truseo_locale":null},"aioseo_breadcrumb":"<div class=\"aioseo-breadcrumbs\"><span class=\"aioseo-breadcrumb\">\n\t<a href=\"https:\/\/www.eldigitaldeasturias.com\/noticias\" title=\"Home\">Home<\/a>\n<\/span><span class=\"aioseo-breadcrumb-separator\">\u2013<\/span><span class=\"aioseo-breadcrumb\">\n\t<a href=\"https:\/\/www.eldigitaldeasturias.com\/noticias\/category\/actualidad\/\" title=\"Actualidad\">Actualidad<\/a>\n<\/span><span class=\"aioseo-breadcrumb-separator\">\u2013<\/span><span class=\"aioseo-breadcrumb\">\n\t<a href=\"https:\/\/www.eldigitaldeasturias.com\/noticias\/carnero-visita-el-nuevo-supermercado-eficiente-de-mercadona-en-malaga\/\" title=\"Carnero visita el nuevo supermercado eficiente de Mercadona en M\u00e1laga\">Carnero visita el nuevo supermercado eficiente de Mercadona en M\u00e1laga<\/a>\n<\/span><\/div>","aioseo_breadcrumb_json":[{"label":"Home","link":"https:\/\/www.eldigitaldeasturias.com\/noticias"},{"label":"Actualidad","link":"https:\/\/www.eldigitaldeasturias.com\/noticias\/category\/actualidad\/"},{"label":"Carnero visita el nuevo supermercado eficiente de Mercadona en M\u00e1laga","link":"https:\/\/www.eldigitaldeasturias.com\/noticias\/carnero-visita-el-nuevo-supermercado-eficiente-de-mercadona-en-malaga\/"}],"_links":{"self":[{"href":"https:\/\/www.eldigitaldeasturias.com\/noticias\/wp-json\/wp\/v2\/posts\/949369","targetHints":{"allow":["GET"]}}],"collection":[{"href":"https:\/\/www.eldigitaldeasturias.com\/noticias\/wp-json\/wp\/v2\/posts"}],"about":[{"href":"https:\/\/www.eldigitaldeasturias.com\/noticias\/wp-json\/wp\/v2\/types\/post"}],"author":[{"embeddable":true,"href":"https:\/\/www.eldigitaldeasturias.com\/noticias\/wp-json\/wp\/v2\/users\/1"}],"replies":[{"embeddable":true,"href":"https:\/\/www.eldigitaldeasturias.com\/noticias\/wp-json\/wp\/v2\/comments?post=949369"}],"version-history":[{"count":0,"href":"https:\/\/www.eldigitaldeasturias.com\/noticias\/wp-json\/wp\/v2\/posts\/949369\/revisions"}],"wp:attachment":[{"href":"https:\/\/www.eldigitaldeasturias.com\/noticias\/wp-json\/wp\/v2\/media?parent=949369"}],"wp:term":[{"taxonomy":"category","embeddable":true,"href":"https:\/\/www.eldigitaldeasturias.com\/noticias\/wp-json\/wp\/v2\/categories?post=949369"},{"taxonomy":"post_tag","embeddable":true,"href":"https:\/\/www.eldigitaldeasturias.com\/noticias\/wp-json\/wp\/v2\/tags?post=949369"}],"curies":[{"name":"wp","href":"https:\/\/api.w.org\/{rel}","templated":true}]}}