{"id":949361,"date":"2017-08-10T23:38:49","date_gmt":"2017-08-10T23:38:49","guid":{"rendered":"http:\/\/www.eldigitaldeasturias.com\/noticias\/?p=949361"},"modified":"2017-08-10T23:38:49","modified_gmt":"2017-08-10T23:38:49","slug":"metro-de-malaga-refuerza-su-servicio-durante-la-feria","status":"publish","type":"post","link":"https:\/\/www.eldigitaldeasturias.com\/noticias\/metro-de-malaga-refuerza-su-servicio-durante-la-feria\/","title":{"rendered":"Metro de M\u00e1laga refuerza su servicio durante la Feria"},"content":{"rendered":"<p><img loading=\"lazy\" decoding=\"async\" class=\"alignleft size-medium wp-image-940379\" src=\"https:\/\/www.eldigitaldeasturias.com\/noticias\/wp-content\/uploads\/2017\/06\/1439210252933MalagaAmpliacion-360x266.jpg\" alt=\"\" width=\"360\" height=\"266\" \/>Metro de M\u00e1laga, sociedad concesionaria de la Junta de Andaluc\u00eda, reforzar\u00e1 su servicio comercial durante la Feria de M\u00e1laga, que comienza el viernes, 11 de agosto, y que se prolongar\u00e1 hasta el s\u00e1bado 19. De esta forma, durante la noche del viernes al s\u00e1bado, el servicio se ver\u00e1 ampliado hasta las 2.30 horas de la madrugada, una hora m\u00e1s frente al horario habitual establecido para los viernes, s\u00e1bados y v\u00edsperas de festivos, con el objetivo de dar cobertura as\u00ed a los usuarios que se desplacen hasta el centro de la ciudad para disfrutar del tradicional preg\u00f3n y de los fuegos artificiales que dan inicio a las fiestas de la ciudad.<\/p>\n<p>Adem\u00e1s, para el resto de las jornadas de feria, el servicio se ampliar\u00e1 hasta las 1.30 horas de la madrugada, horario establecido para la noche de los viernes, s\u00e1bados y v\u00edsperas de festivo y que, por tanto, implica una ampliaci\u00f3n del servicio en dos horas y media adicionales si se compara con el habitual entre lunes y jueves y en domingos, siempre que no sean v\u00edsperas de festivo.<\/p>\n<p>En cuanto al inicio del horario comercial, no refleja variaciones: los d\u00edas laborables se mantiene el comienzo del servicio en las 6.30 horas, mientras que los festivos as\u00ed como los s\u00e1bado y domingo dar\u00e1 comienzo a las 7.00, tal como sucede el resto del a\u00f1o.<\/p>\n<p>Durante toda la semana de feria este transporte p\u00fablico, adscrito a la Consejer\u00eda de Fomento y Vivienda, reforzar\u00e1 la vigilancia en trenes y estaciones, en previsi\u00f3n de un incremento en la afluencia de viajeros, y a fin de facilitar el normal desarrollo del servicio en los momentos de m\u00e1xima demanda.<\/p>\n<p>Este horario responde al objetivo de Metro de M\u00e1laga por adaptar su servicio a las necesidades de la movilidad derivada de la agenda cultural y festiva de la capital, potenciando el servicio en aquellos eventos que propician un incremento sustancial de los desplazamientos en la ciudad, como es el caso de la Semana Santa, de los eventos deportivos, como los partidos del Unicaja Baloncesto y las carreras urbanas, o la Feria de M\u00e1laga.<\/p>\n<p>Las l\u00edneas 1 y 2 del metro de M\u00e1laga hasta el intercambiador de El Perchel-Mar\u00eda Zambrano constan de una longitud total de doce kil\u00f3metros de trazado y 17 estaciones y paradas. La Consejer\u00eda de Fomento y Vivienda, responsable del ferrocarril metropolitano, acomete actualmente las obras del tramo por el centro hist\u00f3rico, entre Guadalmedina y Atarazanas, y tiene en fase de licitaci\u00f3n la obra de terminaci\u00f3n del tramo Renfe-Guadalmedina, mientras que la prolongaci\u00f3n de la l\u00ednea 2 hasta el Hospital Civil dispone ya de proyecto constructivo.<\/p>\n","protected":false},"excerpt":{"rendered":"<p>Metro de M\u00e1laga, sociedad concesionaria de la Junta de Andaluc\u00eda, reforzar\u00e1 su servicio comercial durante la Feria de M\u00e1laga, que comienza el viernes, 11 de agosto, y que se prolongar\u00e1 hasta el s\u00e1bado 19. De esta forma, durante la noche del viernes al s\u00e1bado, el servicio se ver\u00e1 ampliado hasta las 2.30 horas de la [&hellip;]<\/p>\n","protected":false},"author":1,"featured_media":940379,"comment_status":"closed","ping_status":"closed","sticky":false,"template":"","format":"standard","meta":{"footnotes":""},"categories":[1],"tags":[],"class_list":["post-949361","post","type-post","status-publish","format-standard","has-post-thumbnail","hentry","category-actualidad"],"aioseo_notices":[],"aioseo_head":"\n\t\t<!-- All in One SEO Pro 5.0.1 - aioseo.com -->\n\t<meta name=\"description\" content=\"Metro de M\u00e1laga, sociedad concesionaria de la Junta de Andaluc\u00eda, reforzar\u00e1 su servicio comercial durante la Feria de M\u00e1laga, que comienza el viernes, 11 de agosto, y que se prolongar\u00e1 hasta el s\u00e1bado 19. De esta forma, durante la noche del viernes al s\u00e1bado, el servicio se ver\u00e1 ampliado hasta las 2.30 horas de la\" \/>\n\t<meta name=\"robots\" content=\"max-image-preview:large\" \/>\n\t<meta name=\"author\" content=\"El Digital de Asturias\"\/>\n\t<meta name=\"google-site-verification\" content=\"UA-38556648-1\" \/>\n\t<meta name=\"msvalidate.01\" content=\"7dfe9f3f1b24437ab69f4f2559babe99\" \/>\n\t<meta name=\"keywords\" content=\"actualidad\" \/>\n\t<link rel=\"canonical\" href=\"https:\/\/www.eldigitaldeasturias.com\/noticias\/metro-de-malaga-refuerza-su-servicio-durante-la-feria\/\" \/>\n\t<meta name=\"generator\" content=\"All in One SEO Pro (AIOSEO) 5.0.1\" \/>\n\t\t<meta property=\"og:locale\" content=\"es_ES\" \/>\n\t\t<meta property=\"og:site_name\" content=\"El Digital de Asturias\" \/>\n\t\t<meta property=\"og:type\" content=\"article\" \/>\n\t\t<meta property=\"og:title\" content=\"Metro de M\u00e1laga refuerza su servicio durante la Feria - El Digital de Asturias\" \/>\n\t\t<meta property=\"og:description\" content=\"Metro de M\u00e1laga, sociedad concesionaria de la Junta de Andaluc\u00eda, reforzar\u00e1 su servicio comercial durante la Feria de M\u00e1laga, que comienza el viernes, 11 de agosto, y que se prolongar\u00e1 hasta el s\u00e1bado 19. De esta forma, durante la noche del viernes al s\u00e1bado, el servicio se ver\u00e1 ampliado hasta las 2.30 horas de la\" \/>\n\t\t<meta property=\"og:url\" content=\"https:\/\/www.eldigitaldeasturias.com\/noticias\/metro-de-malaga-refuerza-su-servicio-durante-la-feria\/\" \/>\n\t\t<meta property=\"article:tag\" content=\"actualidad\" \/>\n\t\t<meta property=\"article:published_time\" content=\"2017-08-10T23:38:49+00:00\" \/>\n\t\t<meta property=\"article:modified_time\" content=\"2017-08-10T23:38:49+00:00\" \/>\n\t\t<meta property=\"article:publisher\" content=\"https:\/\/facebook.com\/eldigitaldeasturias\" \/>\n\t\t<meta name=\"twitter:card\" content=\"summary_large_image\" \/>\n\t\t<meta name=\"twitter:title\" content=\"Metro de M\u00e1laga refuerza su servicio durante la Feria - El Digital de Asturias\" \/>\n\t\t<meta name=\"twitter:description\" content=\"Metro de M\u00e1laga, sociedad concesionaria de la Junta de Andaluc\u00eda, reforzar\u00e1 su servicio comercial durante la Feria de M\u00e1laga, que comienza el viernes, 11 de agosto, y que se prolongar\u00e1 hasta el s\u00e1bado 19. De esta forma, durante la noche del viernes al s\u00e1bado, el servicio se ver\u00e1 ampliado hasta las 2.30 horas de la\" \/>\n\t\t<meta name=\"twitter:image\" content=\"https:\/\/www.eldigitaldeasturias.com\/noticias\/wp-content\/uploads\/2020\/12\/EDA-1.jpg\" \/>\n\t\t<meta name=\"twitter:label1\" content=\"Escrito por\" \/>\n\t\t<meta name=\"twitter:data1\" content=\"El Digital de Asturias\" \/>\n\t\t<meta name=\"twitter:label2\" content=\"Tiempo de lectura estimado\" \/>\n\t\t<meta name=\"twitter:data2\" content=\"2 minutos\" \/>\n\t\t<script type=\"application\/ld+json\" class=\"aioseo-schema\">\n\t\t\t{\"@context\":\"https:\\\/\\\/schema.org\",\"@graph\":[{\"@type\":\"BlogPosting\",\"@id\":\"https:\\\/\\\/www.eldigitaldeasturias.com\\\/noticias\\\/metro-de-malaga-refuerza-su-servicio-durante-la-feria\\\/#blogposting\",\"name\":\"Metro de M\\u00e1laga refuerza su servicio durante la Feria - El Digital de Asturias\",\"headline\":\"Metro de M\\u00e1laga refuerza su servicio durante la Feria\",\"author\":{\"@id\":\"https:\\\/\\\/www.eldigitaldeasturias.com\\\/noticias\\\/author\\\/admin\\\/#author\"},\"publisher\":{\"@id\":\"https:\\\/\\\/www.eldigitaldeasturias.com\\\/noticias\\\/#organization\"},\"image\":{\"@type\":\"ImageObject\",\"url\":940379},\"datePublished\":\"2017-08-10T23:38:49+02:00\",\"dateModified\":\"2017-08-10T23:38:49+02:00\",\"inLanguage\":\"es-ES\",\"mainEntityOfPage\":{\"@id\":\"https:\\\/\\\/www.eldigitaldeasturias.com\\\/noticias\\\/metro-de-malaga-refuerza-su-servicio-durante-la-feria\\\/#webpage\"},\"isPartOf\":{\"@id\":\"https:\\\/\\\/www.eldigitaldeasturias.com\\\/noticias\\\/metro-de-malaga-refuerza-su-servicio-durante-la-feria\\\/#webpage\"},\"articleSection\":\"Actualidad\"},{\"@type\":\"BreadcrumbList\",\"@id\":\"https:\\\/\\\/www.eldigitaldeasturias.com\\\/noticias\\\/metro-de-malaga-refuerza-su-servicio-durante-la-feria\\\/#breadcrumblist\",\"itemListElement\":[{\"@type\":\"ListItem\",\"@id\":\"https:\\\/\\\/www.eldigitaldeasturias.com\\\/noticias#listItem\",\"position\":1,\"name\":\"Home\",\"item\":\"https:\\\/\\\/www.eldigitaldeasturias.com\\\/noticias\",\"nextItem\":{\"@type\":\"ListItem\",\"@id\":\"https:\\\/\\\/www.eldigitaldeasturias.com\\\/noticias\\\/category\\\/actualidad\\\/#listItem\",\"name\":\"Actualidad\"}},{\"@type\":\"ListItem\",\"@id\":\"https:\\\/\\\/www.eldigitaldeasturias.com\\\/noticias\\\/category\\\/actualidad\\\/#listItem\",\"position\":2,\"name\":\"Actualidad\",\"item\":\"https:\\\/\\\/www.eldigitaldeasturias.com\\\/noticias\\\/category\\\/actualidad\\\/\",\"nextItem\":{\"@type\":\"ListItem\",\"@id\":\"https:\\\/\\\/www.eldigitaldeasturias.com\\\/noticias\\\/metro-de-malaga-refuerza-su-servicio-durante-la-feria\\\/#listItem\",\"name\":\"Metro de M\\u00e1laga refuerza su servicio durante la Feria\"},\"previousItem\":{\"@type\":\"ListItem\",\"@id\":\"https:\\\/\\\/www.eldigitaldeasturias.com\\\/noticias#listItem\",\"name\":\"Home\"}},{\"@type\":\"ListItem\",\"@id\":\"https:\\\/\\\/www.eldigitaldeasturias.com\\\/noticias\\\/metro-de-malaga-refuerza-su-servicio-durante-la-feria\\\/#listItem\",\"position\":3,\"name\":\"Metro de M\\u00e1laga refuerza su servicio durante la Feria\",\"previousItem\":{\"@type\":\"ListItem\",\"@id\":\"https:\\\/\\\/www.eldigitaldeasturias.com\\\/noticias\\\/category\\\/actualidad\\\/#listItem\",\"name\":\"Actualidad\"}}]},{\"@type\":\"Organization\",\"@id\":\"https:\\\/\\\/www.eldigitaldeasturias.com\\\/noticias\\\/#organization\",\"name\":\"El Digital de Asturias\",\"description\":\"Hemeroteca\",\"url\":\"https:\\\/\\\/www.eldigitaldeasturias.com\\\/noticias\\\/\",\"email\":\"info@eldigitaldeasturias.com\",\"telephone\":\"+34652131393\",\"logo\":{\"@type\":\"ImageObject\",\"url\":\"https:\\\/\\\/www.eldigitaldeasturias.com\\\/noticias\\\/wp-content\\\/uploads\\\/2020\\\/12\\\/EDA.jpg\",\"@id\":\"https:\\\/\\\/www.eldigitaldeasturias.com\\\/noticias\\\/metro-de-malaga-refuerza-su-servicio-durante-la-feria\\\/#organizationLogo\"},\"image\":{\"@id\":\"https:\\\/\\\/www.eldigitaldeasturias.com\\\/noticias\\\/metro-de-malaga-refuerza-su-servicio-durante-la-feria\\\/#organizationLogo\"},\"sameAs\":[\"https:\\\/\\\/facebook.com\\\/eldigitaldeasturias\",\"https:\\\/\\\/www.youtube.com\\\/channel\\\/UCZP-2wLEB9Rv6erhFmqVnvg\"],\"address\":{\"@id\":\"https:\\\/\\\/www.eldigitaldeasturias.com\\\/noticias\\\/#postaladdress\",\"@type\":\"PostalAddress\",\"streetAddress\":\"san antonio 4\",\"postalCode\":\"33430\",\"addressLocality\":\"Cand\\u00e1s\",\"addressRegion\":\"Asturias\",\"addressCountry\":\"ES\"}},{\"@type\":\"Person\",\"@id\":\"https:\\\/\\\/www.eldigitaldeasturias.com\\\/noticias\\\/author\\\/admin\\\/#author\",\"url\":\"https:\\\/\\\/www.eldigitaldeasturias.com\\\/noticias\\\/author\\\/admin\\\/\",\"name\":\"El Digital de Asturias\",\"image\":{\"@type\":\"ImageObject\",\"@id\":\"https:\\\/\\\/www.eldigitaldeasturias.com\\\/noticias\\\/metro-de-malaga-refuerza-su-servicio-durante-la-feria\\\/#authorImage\",\"url\":\"https:\\\/\\\/secure.gravatar.com\\\/avatar\\\/df2aeffc32bcd13f8d26072ef8a91b623d677766deac7f97ca815868cd41bf5e?s=96&d=mm&r=g\",\"width\":96,\"height\":96,\"caption\":\"El Digital de Asturias\"}},{\"@type\":\"WebPage\",\"@id\":\"https:\\\/\\\/www.eldigitaldeasturias.com\\\/noticias\\\/metro-de-malaga-refuerza-su-servicio-durante-la-feria\\\/#webpage\",\"url\":\"https:\\\/\\\/www.eldigitaldeasturias.com\\\/noticias\\\/metro-de-malaga-refuerza-su-servicio-durante-la-feria\\\/\",\"name\":\"Metro de M\\u00e1laga refuerza su servicio durante la Feria - El Digital de Asturias\",\"description\":\"Metro de M\\u00e1laga, sociedad concesionaria de la Junta de Andaluc\\u00eda, reforzar\\u00e1 su servicio comercial durante la Feria de M\\u00e1laga, que comienza el viernes, 11 de agosto, y que se prolongar\\u00e1 hasta el s\\u00e1bado 19. De esta forma, durante la noche del viernes al s\\u00e1bado, el servicio se ver\\u00e1 ampliado hasta las 2.30 horas de la\",\"inLanguage\":\"es-ES\",\"isPartOf\":{\"@id\":\"https:\\\/\\\/www.eldigitaldeasturias.com\\\/noticias\\\/#website\"},\"breadcrumb\":{\"@id\":\"https:\\\/\\\/www.eldigitaldeasturias.com\\\/noticias\\\/metro-de-malaga-refuerza-su-servicio-durante-la-feria\\\/#breadcrumblist\"},\"author\":{\"@id\":\"https:\\\/\\\/www.eldigitaldeasturias.com\\\/noticias\\\/author\\\/admin\\\/#author\"},\"creator\":{\"@id\":\"https:\\\/\\\/www.eldigitaldeasturias.com\\\/noticias\\\/author\\\/admin\\\/#author\"},\"image\":{\"@type\":\"ImageObject\",\"url\":940379,\"@id\":\"https:\\\/\\\/www.eldigitaldeasturias.com\\\/noticias\\\/metro-de-malaga-refuerza-su-servicio-durante-la-feria\\\/#mainImage\"},\"primaryImageOfPage\":{\"@id\":\"https:\\\/\\\/www.eldigitaldeasturias.com\\\/noticias\\\/metro-de-malaga-refuerza-su-servicio-durante-la-feria\\\/#mainImage\"},\"datePublished\":\"2017-08-10T23:38:49+02:00\",\"dateModified\":\"2017-08-10T23:38:49+02:00\"},{\"@type\":\"WebSite\",\"@id\":\"https:\\\/\\\/www.eldigitaldeasturias.com\\\/noticias\\\/#website\",\"url\":\"https:\\\/\\\/www.eldigitaldeasturias.com\\\/noticias\\\/\",\"name\":\"El Digital de Asturias - Diario de actualidad y noticias\",\"alternateName\":\"El Digital de Asturias - Diario de actualidad y noticias\",\"description\":\"Hemeroteca\",\"inLanguage\":\"es-ES\",\"publisher\":{\"@id\":\"https:\\\/\\\/www.eldigitaldeasturias.com\\\/noticias\\\/#organization\"}}]}\n\t\t<\/script>\n\t\t<!-- All in One SEO Pro -->\r\n\t\t<title>Metro de M\u00e1laga refuerza su servicio durante la Feria - El Digital de Asturias<\/title>\n\n","aioseo_head_json":{"title":"Metro de M\u00e1laga refuerza su servicio durante la Feria - El Digital de Asturias","description":"Metro de M\u00e1laga, sociedad concesionaria de la Junta de Andaluc\u00eda, reforzar\u00e1 su servicio comercial durante la Feria de M\u00e1laga, que comienza el viernes, 11 de agosto, y que se prolongar\u00e1 hasta el s\u00e1bado 19. De esta forma, durante la noche del viernes al s\u00e1bado, el servicio se ver\u00e1 ampliado hasta las 2.30 horas de la","canonical_url":"https:\/\/www.eldigitaldeasturias.com\/noticias\/metro-de-malaga-refuerza-su-servicio-durante-la-feria\/","robots":"max-image-preview:large","keywords":"actualidad","webmasterTools":{"google-site-verification":"UA-38556648-1","msvalidate.01":"7dfe9f3f1b24437ab69f4f2559babe99","miscellaneous":""},"schema":{"@context":"https:\/\/schema.org","@graph":[{"@type":"BlogPosting","@id":"https:\/\/www.eldigitaldeasturias.com\/noticias\/metro-de-malaga-refuerza-su-servicio-durante-la-feria\/#blogposting","name":"Metro de M\u00e1laga refuerza su servicio durante la Feria - El Digital de Asturias","headline":"Metro de M\u00e1laga refuerza su servicio durante la Feria","author":{"@id":"https:\/\/www.eldigitaldeasturias.com\/noticias\/author\/admin\/#author"},"publisher":{"@id":"https:\/\/www.eldigitaldeasturias.com\/noticias\/#organization"},"image":{"@type":"ImageObject","url":940379},"datePublished":"2017-08-10T23:38:49+02:00","dateModified":"2017-08-10T23:38:49+02:00","inLanguage":"es-ES","mainEntityOfPage":{"@id":"https:\/\/www.eldigitaldeasturias.com\/noticias\/metro-de-malaga-refuerza-su-servicio-durante-la-feria\/#webpage"},"isPartOf":{"@id":"https:\/\/www.eldigitaldeasturias.com\/noticias\/metro-de-malaga-refuerza-su-servicio-durante-la-feria\/#webpage"},"articleSection":"Actualidad"},{"@type":"BreadcrumbList","@id":"https:\/\/www.eldigitaldeasturias.com\/noticias\/metro-de-malaga-refuerza-su-servicio-durante-la-feria\/#breadcrumblist","itemListElement":[{"@type":"ListItem","@id":"https:\/\/www.eldigitaldeasturias.com\/noticias#listItem","position":1,"name":"Home","item":"https:\/\/www.eldigitaldeasturias.com\/noticias","nextItem":{"@type":"ListItem","@id":"https:\/\/www.eldigitaldeasturias.com\/noticias\/category\/actualidad\/#listItem","name":"Actualidad"}},{"@type":"ListItem","@id":"https:\/\/www.eldigitaldeasturias.com\/noticias\/category\/actualidad\/#listItem","position":2,"name":"Actualidad","item":"https:\/\/www.eldigitaldeasturias.com\/noticias\/category\/actualidad\/","nextItem":{"@type":"ListItem","@id":"https:\/\/www.eldigitaldeasturias.com\/noticias\/metro-de-malaga-refuerza-su-servicio-durante-la-feria\/#listItem","name":"Metro de M\u00e1laga refuerza su servicio durante la Feria"},"previousItem":{"@type":"ListItem","@id":"https:\/\/www.eldigitaldeasturias.com\/noticias#listItem","name":"Home"}},{"@type":"ListItem","@id":"https:\/\/www.eldigitaldeasturias.com\/noticias\/metro-de-malaga-refuerza-su-servicio-durante-la-feria\/#listItem","position":3,"name":"Metro de M\u00e1laga refuerza su servicio durante la Feria","previousItem":{"@type":"ListItem","@id":"https:\/\/www.eldigitaldeasturias.com\/noticias\/category\/actualidad\/#listItem","name":"Actualidad"}}]},{"@type":"Organization","@id":"https:\/\/www.eldigitaldeasturias.com\/noticias\/#organization","name":"El Digital de Asturias","description":"Hemeroteca","url":"https:\/\/www.eldigitaldeasturias.com\/noticias\/","email":"info@eldigitaldeasturias.com","telephone":"+34652131393","logo":{"@type":"ImageObject","url":"https:\/\/www.eldigitaldeasturias.com\/noticias\/wp-content\/uploads\/2020\/12\/EDA.jpg","@id":"https:\/\/www.eldigitaldeasturias.com\/noticias\/metro-de-malaga-refuerza-su-servicio-durante-la-feria\/#organizationLogo"},"image":{"@id":"https:\/\/www.eldigitaldeasturias.com\/noticias\/metro-de-malaga-refuerza-su-servicio-durante-la-feria\/#organizationLogo"},"sameAs":["https:\/\/facebook.com\/eldigitaldeasturias","https:\/\/www.youtube.com\/channel\/UCZP-2wLEB9Rv6erhFmqVnvg"],"address":{"@id":"https:\/\/www.eldigitaldeasturias.com\/noticias\/#postaladdress","@type":"PostalAddress","streetAddress":"san antonio 4","postalCode":"33430","addressLocality":"Cand\u00e1s","addressRegion":"Asturias","addressCountry":"ES"}},{"@type":"Person","@id":"https:\/\/www.eldigitaldeasturias.com\/noticias\/author\/admin\/#author","url":"https:\/\/www.eldigitaldeasturias.com\/noticias\/author\/admin\/","name":"El Digital de Asturias","image":{"@type":"ImageObject","@id":"https:\/\/www.eldigitaldeasturias.com\/noticias\/metro-de-malaga-refuerza-su-servicio-durante-la-feria\/#authorImage","url":"https:\/\/secure.gravatar.com\/avatar\/df2aeffc32bcd13f8d26072ef8a91b623d677766deac7f97ca815868cd41bf5e?s=96&d=mm&r=g","width":96,"height":96,"caption":"El Digital de Asturias"}},{"@type":"WebPage","@id":"https:\/\/www.eldigitaldeasturias.com\/noticias\/metro-de-malaga-refuerza-su-servicio-durante-la-feria\/#webpage","url":"https:\/\/www.eldigitaldeasturias.com\/noticias\/metro-de-malaga-refuerza-su-servicio-durante-la-feria\/","name":"Metro de M\u00e1laga refuerza su servicio durante la Feria - El Digital de Asturias","description":"Metro de M\u00e1laga, sociedad concesionaria de la Junta de Andaluc\u00eda, reforzar\u00e1 su servicio comercial durante la Feria de M\u00e1laga, que comienza el viernes, 11 de agosto, y que se prolongar\u00e1 hasta el s\u00e1bado 19. De esta forma, durante la noche del viernes al s\u00e1bado, el servicio se ver\u00e1 ampliado hasta las 2.30 horas de la","inLanguage":"es-ES","isPartOf":{"@id":"https:\/\/www.eldigitaldeasturias.com\/noticias\/#website"},"breadcrumb":{"@id":"https:\/\/www.eldigitaldeasturias.com\/noticias\/metro-de-malaga-refuerza-su-servicio-durante-la-feria\/#breadcrumblist"},"author":{"@id":"https:\/\/www.eldigitaldeasturias.com\/noticias\/author\/admin\/#author"},"creator":{"@id":"https:\/\/www.eldigitaldeasturias.com\/noticias\/author\/admin\/#author"},"image":{"@type":"ImageObject","url":940379,"@id":"https:\/\/www.eldigitaldeasturias.com\/noticias\/metro-de-malaga-refuerza-su-servicio-durante-la-feria\/#mainImage"},"primaryImageOfPage":{"@id":"https:\/\/www.eldigitaldeasturias.com\/noticias\/metro-de-malaga-refuerza-su-servicio-durante-la-feria\/#mainImage"},"datePublished":"2017-08-10T23:38:49+02:00","dateModified":"2017-08-10T23:38:49+02:00"},{"@type":"WebSite","@id":"https:\/\/www.eldigitaldeasturias.com\/noticias\/#website","url":"https:\/\/www.eldigitaldeasturias.com\/noticias\/","name":"El Digital de Asturias - Diario de actualidad y noticias","alternateName":"El Digital de Asturias - Diario de actualidad y noticias","description":"Hemeroteca","inLanguage":"es-ES","publisher":{"@id":"https:\/\/www.eldigitaldeasturias.com\/noticias\/#organization"}}]},"og:locale":"es_ES","og:site_name":"El Digital de Asturias","og:type":"article","og:title":"Metro de M\u00e1laga refuerza su servicio durante la Feria - El Digital de Asturias","og:description":"Metro de M\u00e1laga, sociedad concesionaria de la Junta de Andaluc\u00eda, reforzar\u00e1 su servicio comercial durante la Feria de M\u00e1laga, que comienza el viernes, 11 de agosto, y que se prolongar\u00e1 hasta el s\u00e1bado 19. De esta forma, durante la noche del viernes al s\u00e1bado, el servicio se ver\u00e1 ampliado hasta las 2.30 horas de la","og:url":"https:\/\/www.eldigitaldeasturias.com\/noticias\/metro-de-malaga-refuerza-su-servicio-durante-la-feria\/","article:tag":["actualidad"],"article:published_time":"2017-08-10T23:38:49+00:00","article:modified_time":"2017-08-10T23:38:49+00:00","article:publisher":"https:\/\/facebook.com\/eldigitaldeasturias","twitter:card":"summary_large_image","twitter:title":"Metro de M\u00e1laga refuerza su servicio durante la Feria - El Digital de Asturias","twitter:description":"Metro de M\u00e1laga, sociedad concesionaria de la Junta de Andaluc\u00eda, reforzar\u00e1 su servicio comercial durante la Feria de M\u00e1laga, que comienza el viernes, 11 de agosto, y que se prolongar\u00e1 hasta el s\u00e1bado 19. De esta forma, durante la noche del viernes al s\u00e1bado, el servicio se ver\u00e1 ampliado hasta las 2.30 horas de la","twitter:image":"https:\/\/www.eldigitaldeasturias.com\/noticias\/wp-content\/uploads\/2020\/12\/EDA-1.jpg","twitter:label1":"Escrito por","twitter:data1":"El Digital de Asturias","twitter:label2":"Tiempo de lectura estimado","twitter:data2":"2 minutos"},"aioseo_meta_data":{"post_id":"949361","title":null,"description":null,"keywords":null,"keyphrases":null,"primary_term":null,"canonical_url":null,"og_title":null,"og_description":null,"og_object_type":"default","og_image_type":"default","og_image_url":null,"og_image_width":null,"og_image_height":null,"og_image_custom_url":null,"og_image_custom_fields":null,"og_video":null,"og_custom_url":null,"og_article_section":null,"og_article_tags":null,"twitter_use_og":false,"twitter_card":"default","twitter_image_type":"default","twitter_image_url":null,"twitter_image_custom_url":null,"twitter_image_custom_fields":null,"twitter_title":null,"twitter_description":null,"schema":{"blockGraphs":[],"customGraphs":[],"default":{"data":{"Article":[],"Course":[],"Dataset":[],"FAQPage":[],"Movie":[],"Person":[],"Product":[],"ProductReview":[],"Car":[],"Recipe":[],"Service":[],"SoftwareApplication":[],"WebPage":[]},"graphName":"","isEnabled":true},"graphs":[],"defaultGraph":"","defaultPostTypeGraph":""},"schema_type":null,"schema_type_options":null,"pillar_content":false,"robots_default":true,"robots_noindex":false,"robots_noarchive":false,"robots_nosnippet":false,"robots_nofollow":false,"robots_noimageindex":false,"robots_noodp":false,"robots_notranslate":false,"robots_max_snippet":null,"robots_max_videopreview":null,"robots_max_imagepreview":"large","priority":null,"frequency":null,"local_seo":null,"seo_analyzer_scan_date":"2025-12-05 12:07:42","breadcrumb_settings":null,"limit_modified_date":false,"open_ai":null,"ai":null,"created":"2020-12-21 13:02:37","updated":"2025-12-05 12:07:42","focus_keyword":null,"additional_keywords":null,"truseo_locale":null},"aioseo_breadcrumb":"<div class=\"aioseo-breadcrumbs\"><span class=\"aioseo-breadcrumb\">\n\t<a href=\"https:\/\/www.eldigitaldeasturias.com\/noticias\" title=\"Home\">Home<\/a>\n<\/span><span class=\"aioseo-breadcrumb-separator\">\u2013<\/span><span class=\"aioseo-breadcrumb\">\n\t<a href=\"https:\/\/www.eldigitaldeasturias.com\/noticias\/category\/actualidad\/\" title=\"Actualidad\">Actualidad<\/a>\n<\/span><span class=\"aioseo-breadcrumb-separator\">\u2013<\/span><span class=\"aioseo-breadcrumb\">\n\t<a href=\"https:\/\/www.eldigitaldeasturias.com\/noticias\/metro-de-malaga-refuerza-su-servicio-durante-la-feria\/\" title=\"Metro de M\u00e1laga refuerza su servicio durante la Feria\">Metro de M\u00e1laga refuerza su servicio durante la Feria<\/a>\n<\/span><\/div>","aioseo_breadcrumb_json":[{"label":"Home","link":"https:\/\/www.eldigitaldeasturias.com\/noticias"},{"label":"Actualidad","link":"https:\/\/www.eldigitaldeasturias.com\/noticias\/category\/actualidad\/"},{"label":"Metro de M\u00e1laga refuerza su servicio durante la Feria","link":"https:\/\/www.eldigitaldeasturias.com\/noticias\/metro-de-malaga-refuerza-su-servicio-durante-la-feria\/"}],"_links":{"self":[{"href":"https:\/\/www.eldigitaldeasturias.com\/noticias\/wp-json\/wp\/v2\/posts\/949361","targetHints":{"allow":["GET"]}}],"collection":[{"href":"https:\/\/www.eldigitaldeasturias.com\/noticias\/wp-json\/wp\/v2\/posts"}],"about":[{"href":"https:\/\/www.eldigitaldeasturias.com\/noticias\/wp-json\/wp\/v2\/types\/post"}],"author":[{"embeddable":true,"href":"https:\/\/www.eldigitaldeasturias.com\/noticias\/wp-json\/wp\/v2\/users\/1"}],"replies":[{"embeddable":true,"href":"https:\/\/www.eldigitaldeasturias.com\/noticias\/wp-json\/wp\/v2\/comments?post=949361"}],"version-history":[{"count":0,"href":"https:\/\/www.eldigitaldeasturias.com\/noticias\/wp-json\/wp\/v2\/posts\/949361\/revisions"}],"wp:attachment":[{"href":"https:\/\/www.eldigitaldeasturias.com\/noticias\/wp-json\/wp\/v2\/media?parent=949361"}],"wp:term":[{"taxonomy":"category","embeddable":true,"href":"https:\/\/www.eldigitaldeasturias.com\/noticias\/wp-json\/wp\/v2\/categories?post=949361"},{"taxonomy":"post_tag","embeddable":true,"href":"https:\/\/www.eldigitaldeasturias.com\/noticias\/wp-json\/wp\/v2\/tags?post=949361"}],"curies":[{"name":"wp","href":"https:\/\/api.w.org\/{rel}","templated":true}]}}