{"id":949353,"date":"2017-08-10T23:31:16","date_gmt":"2017-08-10T23:31:16","guid":{"rendered":"http:\/\/www.eldigitaldeasturias.com\/noticias\/?p=949353"},"modified":"2017-08-10T23:31:16","modified_gmt":"2017-08-10T23:31:16","slug":"ramirez-de-arellano-visita-las-instalaciones-de-las-empresas-roman-y-martos-y-grupo-gallego","status":"publish","type":"post","link":"https:\/\/www.eldigitaldeasturias.com\/noticias\/ramirez-de-arellano-visita-las-instalaciones-de-las-empresas-roman-y-martos-y-grupo-gallego\/","title":{"rendered":"Ram\u00edrez de Arellano visita las instalaciones de las empresas Rom\u00e1n y Martos y Grupo Gallego"},"content":{"rendered":"<p><img loading=\"lazy\" decoding=\"async\" class=\"alignleft size-medium wp-image-949354\" src=\"https:\/\/www.eldigitaldeasturias.com\/noticias\/wp-content\/uploads\/2017\/08\/1502282425233-360x207.jpg\" alt=\"\" width=\"360\" height=\"207\" \/>El consejero de Econom\u00eda y Conocimiento, Antonio Ram\u00edrez de Arellano, ha destacado las cifras de las exportaciones agroalimentarias en M\u00e1laga, que han crecido un 23,5% de enero a mayo de 2017, concentrado este cap\u00edtulo la mayor\u00eda del aumento de las cifras del comercio exterior de la provincia. En este sentido, ha explicado que las exportaciones de M\u00e1laga en este per\u00edodo han crecido un 24,4% respecto al a\u00f1o anterior, alcanzando ventas por valor de los 998 millones de euros.<\/p>\n<p>El titular de Econom\u00eda y Conocimiento, que ha visitado las instalaciones de las empresas Rom\u00e1n y Martos y Grupo Gallego, ha destacado ambas iniciativas como ejemplos del modelo empresarial por el que apuesta el Gobierno andaluz, centrado en la internacionalizaci\u00f3n y en la innovaci\u00f3n. \u00abCrecer exportando productos de calidad, desarrollando y adoptando t\u00e9cnicas que aporten valor es una filosof\u00eda que funciona\u00bb, ha manifestado.<\/p>\n<p>Ram\u00edrez de Arellano ha elogiado el funcionamiento de las empresas andaluzas en este sentido, \u00abgracias a las cuales Andaluc\u00eda ha consolidado su apuesta por el mercado internacional encadenando r\u00e9cords de exportaciones mes tras mes\u00bb. As\u00ed, ha hecho hincapi\u00e9 en las \u00faltimas cifras conocidas sobre las exportaciones andaluzas que han crecido un 27,7% de enero a mayo respecto al mismo periodo del a\u00f1o anterior, sumando 13.763 millones de euros, una cifra nunca antes alcanzada en estos cinco meses, desde que existe registro estad\u00edstico (1995). El consejero ha proyectado, adem\u00e1s, el crecimiento de las exportaciones andaluzas para el a\u00f1o 2017, \u00abque podr\u00e1n alcanzar\u00e1n los 33.000 millones de euros si se contin\u00faa esta tendencia\u00bb.<\/p>\n<p>Para el consejero de Econom\u00eda y Conocimiento, la actividad de estas empresas representan \u00abla estrategia de futuro del sector agroalimentario en Andaluc\u00eda\u00bb, sustentando el \u00e9xito de las exportaciones agroalimentarias en la comunidad y la competitividad empresarial de nuestro tejido debido a la aplicaci\u00f3n de la innovaci\u00f3n en sus procesos y productos.<\/p>\n<p><strong>Rom\u00e1n y Martos y Grupo Gallego<\/strong><\/p>\n<p>Respecto a la distribuidora de productos alimentarios Rom\u00e1n y Martos, el consejero ha destacado que es una empresa familiar en fuerte expansi\u00f3n, \u00abgracias a una visi\u00f3n estrat\u00e9gica clara donde la innovaci\u00f3n ocupa un lugar destacado\u00bb. La empresa supera los 80 empleados y tiene una facturaci\u00f3n de 20 millones de euros, la cual ha aumentado en un 25% en los \u00faltimos cincos a\u00f1os debido a un producto cuidado, innovando en sus t\u00e9cnicas de trabajo y generando confianza entre los consumidores. \u00abUn verdadero referente de c\u00f3mo abordar y superar los a\u00f1os de la crisis econ\u00f3mica\u00bb, ha subrayado Arellano.<\/p>\n<p>Y es que, precisamente, la actividad exportadora de Rom\u00e1n y Martos se inici\u00f3 hace cinco a\u00f1os con un env\u00edo de sardinas a Nueva York, que se ha transformado entre 400 y 500 kilos a la semana gracias a la demanda de la comunidad latinoamericana. Junto a las sardinas, exporta a EEUU chocos, at\u00fan fresco y lubinas.<\/p>\n<p>El mercado exterior todav\u00eda supone una cuota peque\u00f1a en las ventas (en torno a un 5%) aunque los planes pasan por llevar esa cifra al 25% para 2020. Adem\u00e1s de EEUU, tiene como principales mercados Alemania, Francia y B\u00e9lgica, aspirando a crecer en Jap\u00f3n. Una de las claves del \u00e9xito de Rom\u00e1n y Martos es su apuesta por la I+D+I, que le ha permitido desarrollar nuevas t\u00e9cnicas de despiece de carne y pescado.<\/p>\n<p>Por su parte, Grupo Gallego es una empresa productora y distribuidora hortofrut\u00edcola con sede en Alhaur\u00edn de la Torre. Cuenta con una media de 50 trabajadores y una facturaci\u00f3n que no ha dejado de crecer, hasta alcanzar los 8 millones de euros en 2016, con el objetivo de aumentar un 15%.<\/p>\n<p>&nbsp;<\/p>\n","protected":false},"excerpt":{"rendered":"<p>El consejero de Econom\u00eda y Conocimiento, Antonio Ram\u00edrez de Arellano, ha destacado las cifras de las exportaciones agroalimentarias en M\u00e1laga, que han crecido un 23,5% de enero a mayo de 2017, concentrado este cap\u00edtulo la mayor\u00eda del aumento de las cifras del comercio exterior de la provincia. En este sentido, ha explicado que las exportaciones [&hellip;]<\/p>\n","protected":false},"author":1,"featured_media":949354,"comment_status":"closed","ping_status":"closed","sticky":false,"template":"","format":"standard","meta":{"footnotes":""},"categories":[1],"tags":[],"class_list":["post-949353","post","type-post","status-publish","format-standard","has-post-thumbnail","hentry","category-actualidad"],"aioseo_notices":[],"aioseo_head":"\n\t\t<!-- All in One SEO Pro 5.0.1 - aioseo.com -->\n\t<meta name=\"description\" content=\"El consejero de Econom\u00eda y Conocimiento, Antonio Ram\u00edrez de Arellano, ha destacado las cifras de las exportaciones agroalimentarias en M\u00e1laga, que han crecido un 23,5% de enero a mayo de 2017, concentrado este cap\u00edtulo la mayor\u00eda del aumento de las cifras del comercio exterior de la provincia. En este sentido, ha explicado que las exportaciones\" \/>\n\t<meta name=\"robots\" content=\"max-image-preview:large\" \/>\n\t<meta name=\"author\" content=\"El Digital de Asturias\"\/>\n\t<meta name=\"google-site-verification\" content=\"UA-38556648-1\" \/>\n\t<meta name=\"msvalidate.01\" content=\"7dfe9f3f1b24437ab69f4f2559babe99\" \/>\n\t<meta name=\"keywords\" content=\"actualidad\" \/>\n\t<link rel=\"canonical\" href=\"https:\/\/www.eldigitaldeasturias.com\/noticias\/ramirez-de-arellano-visita-las-instalaciones-de-las-empresas-roman-y-martos-y-grupo-gallego\/\" \/>\n\t<meta name=\"generator\" content=\"All in One SEO Pro (AIOSEO) 5.0.1\" \/>\n\t\t<meta property=\"og:locale\" content=\"es_ES\" \/>\n\t\t<meta property=\"og:site_name\" content=\"El Digital de Asturias\" \/>\n\t\t<meta property=\"og:type\" content=\"article\" \/>\n\t\t<meta property=\"og:title\" content=\"Ram\u00edrez de Arellano visita las instalaciones de las empresas Rom\u00e1n y Martos y Grupo Gallego - El Digital de Asturias\" \/>\n\t\t<meta property=\"og:description\" content=\"El consejero de Econom\u00eda y Conocimiento, Antonio Ram\u00edrez de Arellano, ha destacado las cifras de las exportaciones agroalimentarias en M\u00e1laga, que han crecido un 23,5% de enero a mayo de 2017, concentrado este cap\u00edtulo la mayor\u00eda del aumento de las cifras del comercio exterior de la provincia. En este sentido, ha explicado que las exportaciones\" \/>\n\t\t<meta property=\"og:url\" content=\"https:\/\/www.eldigitaldeasturias.com\/noticias\/ramirez-de-arellano-visita-las-instalaciones-de-las-empresas-roman-y-martos-y-grupo-gallego\/\" \/>\n\t\t<meta property=\"article:tag\" content=\"actualidad\" \/>\n\t\t<meta property=\"article:published_time\" content=\"2017-08-10T23:31:16+00:00\" \/>\n\t\t<meta property=\"article:modified_time\" content=\"2017-08-10T23:31:16+00:00\" \/>\n\t\t<meta property=\"article:publisher\" content=\"https:\/\/facebook.com\/eldigitaldeasturias\" \/>\n\t\t<meta name=\"twitter:card\" content=\"summary_large_image\" \/>\n\t\t<meta name=\"twitter:title\" content=\"Ram\u00edrez de Arellano visita las instalaciones de las empresas Rom\u00e1n y Martos y Grupo Gallego - El Digital de Asturias\" \/>\n\t\t<meta name=\"twitter:description\" content=\"El consejero de Econom\u00eda y Conocimiento, Antonio Ram\u00edrez de Arellano, ha destacado las cifras de las exportaciones agroalimentarias en M\u00e1laga, que han crecido un 23,5% de enero a mayo de 2017, concentrado este cap\u00edtulo la mayor\u00eda del aumento de las cifras del comercio exterior de la provincia. En este sentido, ha explicado que las exportaciones\" \/>\n\t\t<meta name=\"twitter:image\" content=\"https:\/\/www.eldigitaldeasturias.com\/noticias\/wp-content\/uploads\/2020\/12\/EDA-1.jpg\" \/>\n\t\t<meta name=\"twitter:label1\" content=\"Escrito por\" \/>\n\t\t<meta name=\"twitter:data1\" content=\"El Digital de Asturias\" \/>\n\t\t<meta name=\"twitter:label2\" content=\"Tiempo de lectura estimado\" \/>\n\t\t<meta name=\"twitter:data2\" content=\"3 minutos\" \/>\n\t\t<script type=\"application\/ld+json\" class=\"aioseo-schema\">\n\t\t\t{\"@context\":\"https:\\\/\\\/schema.org\",\"@graph\":[{\"@type\":\"BlogPosting\",\"@id\":\"https:\\\/\\\/www.eldigitaldeasturias.com\\\/noticias\\\/ramirez-de-arellano-visita-las-instalaciones-de-las-empresas-roman-y-martos-y-grupo-gallego\\\/#blogposting\",\"name\":\"Ram\\u00edrez de Arellano visita las instalaciones de las empresas Rom\\u00e1n y Martos y Grupo Gallego - El Digital de Asturias\",\"headline\":\"Ram\\u00edrez de Arellano visita las instalaciones de las empresas Rom\\u00e1n y Martos y Grupo Gallego\",\"author\":{\"@id\":\"https:\\\/\\\/www.eldigitaldeasturias.com\\\/noticias\\\/author\\\/admin\\\/#author\"},\"publisher\":{\"@id\":\"https:\\\/\\\/www.eldigitaldeasturias.com\\\/noticias\\\/#organization\"},\"image\":{\"@type\":\"ImageObject\",\"url\":949354},\"datePublished\":\"2017-08-10T23:31:16+02:00\",\"dateModified\":\"2017-08-10T23:31:16+02:00\",\"inLanguage\":\"es-ES\",\"mainEntityOfPage\":{\"@id\":\"https:\\\/\\\/www.eldigitaldeasturias.com\\\/noticias\\\/ramirez-de-arellano-visita-las-instalaciones-de-las-empresas-roman-y-martos-y-grupo-gallego\\\/#webpage\"},\"isPartOf\":{\"@id\":\"https:\\\/\\\/www.eldigitaldeasturias.com\\\/noticias\\\/ramirez-de-arellano-visita-las-instalaciones-de-las-empresas-roman-y-martos-y-grupo-gallego\\\/#webpage\"},\"articleSection\":\"Actualidad\"},{\"@type\":\"BreadcrumbList\",\"@id\":\"https:\\\/\\\/www.eldigitaldeasturias.com\\\/noticias\\\/ramirez-de-arellano-visita-las-instalaciones-de-las-empresas-roman-y-martos-y-grupo-gallego\\\/#breadcrumblist\",\"itemListElement\":[{\"@type\":\"ListItem\",\"@id\":\"https:\\\/\\\/www.eldigitaldeasturias.com\\\/noticias#listItem\",\"position\":1,\"name\":\"Home\",\"item\":\"https:\\\/\\\/www.eldigitaldeasturias.com\\\/noticias\",\"nextItem\":{\"@type\":\"ListItem\",\"@id\":\"https:\\\/\\\/www.eldigitaldeasturias.com\\\/noticias\\\/category\\\/actualidad\\\/#listItem\",\"name\":\"Actualidad\"}},{\"@type\":\"ListItem\",\"@id\":\"https:\\\/\\\/www.eldigitaldeasturias.com\\\/noticias\\\/category\\\/actualidad\\\/#listItem\",\"position\":2,\"name\":\"Actualidad\",\"item\":\"https:\\\/\\\/www.eldigitaldeasturias.com\\\/noticias\\\/category\\\/actualidad\\\/\",\"nextItem\":{\"@type\":\"ListItem\",\"@id\":\"https:\\\/\\\/www.eldigitaldeasturias.com\\\/noticias\\\/ramirez-de-arellano-visita-las-instalaciones-de-las-empresas-roman-y-martos-y-grupo-gallego\\\/#listItem\",\"name\":\"Ram\\u00edrez de Arellano visita las instalaciones de las empresas Rom\\u00e1n y Martos y Grupo Gallego\"},\"previousItem\":{\"@type\":\"ListItem\",\"@id\":\"https:\\\/\\\/www.eldigitaldeasturias.com\\\/noticias#listItem\",\"name\":\"Home\"}},{\"@type\":\"ListItem\",\"@id\":\"https:\\\/\\\/www.eldigitaldeasturias.com\\\/noticias\\\/ramirez-de-arellano-visita-las-instalaciones-de-las-empresas-roman-y-martos-y-grupo-gallego\\\/#listItem\",\"position\":3,\"name\":\"Ram\\u00edrez de Arellano visita las instalaciones de las empresas Rom\\u00e1n y Martos y Grupo Gallego\",\"previousItem\":{\"@type\":\"ListItem\",\"@id\":\"https:\\\/\\\/www.eldigitaldeasturias.com\\\/noticias\\\/category\\\/actualidad\\\/#listItem\",\"name\":\"Actualidad\"}}]},{\"@type\":\"Organization\",\"@id\":\"https:\\\/\\\/www.eldigitaldeasturias.com\\\/noticias\\\/#organization\",\"name\":\"El Digital de Asturias\",\"description\":\"Hemeroteca\",\"url\":\"https:\\\/\\\/www.eldigitaldeasturias.com\\\/noticias\\\/\",\"email\":\"info@eldigitaldeasturias.com\",\"telephone\":\"+34652131393\",\"logo\":{\"@type\":\"ImageObject\",\"url\":\"https:\\\/\\\/www.eldigitaldeasturias.com\\\/noticias\\\/wp-content\\\/uploads\\\/2020\\\/12\\\/EDA.jpg\",\"@id\":\"https:\\\/\\\/www.eldigitaldeasturias.com\\\/noticias\\\/ramirez-de-arellano-visita-las-instalaciones-de-las-empresas-roman-y-martos-y-grupo-gallego\\\/#organizationLogo\"},\"image\":{\"@id\":\"https:\\\/\\\/www.eldigitaldeasturias.com\\\/noticias\\\/ramirez-de-arellano-visita-las-instalaciones-de-las-empresas-roman-y-martos-y-grupo-gallego\\\/#organizationLogo\"},\"sameAs\":[\"https:\\\/\\\/facebook.com\\\/eldigitaldeasturias\",\"https:\\\/\\\/www.youtube.com\\\/channel\\\/UCZP-2wLEB9Rv6erhFmqVnvg\"],\"address\":{\"@id\":\"https:\\\/\\\/www.eldigitaldeasturias.com\\\/noticias\\\/#postaladdress\",\"@type\":\"PostalAddress\",\"streetAddress\":\"san antonio 4\",\"postalCode\":\"33430\",\"addressLocality\":\"Cand\\u00e1s\",\"addressRegion\":\"Asturias\",\"addressCountry\":\"ES\"}},{\"@type\":\"Person\",\"@id\":\"https:\\\/\\\/www.eldigitaldeasturias.com\\\/noticias\\\/author\\\/admin\\\/#author\",\"url\":\"https:\\\/\\\/www.eldigitaldeasturias.com\\\/noticias\\\/author\\\/admin\\\/\",\"name\":\"El Digital de Asturias\",\"image\":{\"@type\":\"ImageObject\",\"@id\":\"https:\\\/\\\/www.eldigitaldeasturias.com\\\/noticias\\\/ramirez-de-arellano-visita-las-instalaciones-de-las-empresas-roman-y-martos-y-grupo-gallego\\\/#authorImage\",\"url\":\"https:\\\/\\\/secure.gravatar.com\\\/avatar\\\/df2aeffc32bcd13f8d26072ef8a91b623d677766deac7f97ca815868cd41bf5e?s=96&d=mm&r=g\",\"width\":96,\"height\":96,\"caption\":\"El Digital de Asturias\"}},{\"@type\":\"WebPage\",\"@id\":\"https:\\\/\\\/www.eldigitaldeasturias.com\\\/noticias\\\/ramirez-de-arellano-visita-las-instalaciones-de-las-empresas-roman-y-martos-y-grupo-gallego\\\/#webpage\",\"url\":\"https:\\\/\\\/www.eldigitaldeasturias.com\\\/noticias\\\/ramirez-de-arellano-visita-las-instalaciones-de-las-empresas-roman-y-martos-y-grupo-gallego\\\/\",\"name\":\"Ram\\u00edrez de Arellano visita las instalaciones de las empresas Rom\\u00e1n y Martos y Grupo Gallego - El Digital de Asturias\",\"description\":\"El consejero de Econom\\u00eda y Conocimiento, Antonio Ram\\u00edrez de Arellano, ha destacado las cifras de las exportaciones agroalimentarias en M\\u00e1laga, que han crecido un 23,5% de enero a mayo de 2017, concentrado este cap\\u00edtulo la mayor\\u00eda del aumento de las cifras del comercio exterior de la provincia. En este sentido, ha explicado que las exportaciones\",\"inLanguage\":\"es-ES\",\"isPartOf\":{\"@id\":\"https:\\\/\\\/www.eldigitaldeasturias.com\\\/noticias\\\/#website\"},\"breadcrumb\":{\"@id\":\"https:\\\/\\\/www.eldigitaldeasturias.com\\\/noticias\\\/ramirez-de-arellano-visita-las-instalaciones-de-las-empresas-roman-y-martos-y-grupo-gallego\\\/#breadcrumblist\"},\"author\":{\"@id\":\"https:\\\/\\\/www.eldigitaldeasturias.com\\\/noticias\\\/author\\\/admin\\\/#author\"},\"creator\":{\"@id\":\"https:\\\/\\\/www.eldigitaldeasturias.com\\\/noticias\\\/author\\\/admin\\\/#author\"},\"image\":{\"@type\":\"ImageObject\",\"url\":949354,\"@id\":\"https:\\\/\\\/www.eldigitaldeasturias.com\\\/noticias\\\/ramirez-de-arellano-visita-las-instalaciones-de-las-empresas-roman-y-martos-y-grupo-gallego\\\/#mainImage\"},\"primaryImageOfPage\":{\"@id\":\"https:\\\/\\\/www.eldigitaldeasturias.com\\\/noticias\\\/ramirez-de-arellano-visita-las-instalaciones-de-las-empresas-roman-y-martos-y-grupo-gallego\\\/#mainImage\"},\"datePublished\":\"2017-08-10T23:31:16+02:00\",\"dateModified\":\"2017-08-10T23:31:16+02:00\"},{\"@type\":\"WebSite\",\"@id\":\"https:\\\/\\\/www.eldigitaldeasturias.com\\\/noticias\\\/#website\",\"url\":\"https:\\\/\\\/www.eldigitaldeasturias.com\\\/noticias\\\/\",\"name\":\"El Digital de Asturias - Diario de actualidad y noticias\",\"alternateName\":\"El Digital de Asturias - Diario de actualidad y noticias\",\"description\":\"Hemeroteca\",\"inLanguage\":\"es-ES\",\"publisher\":{\"@id\":\"https:\\\/\\\/www.eldigitaldeasturias.com\\\/noticias\\\/#organization\"}}]}\n\t\t<\/script>\n\t\t<!-- All in One SEO Pro -->\r\n\t\t<title>Ram\u00edrez de Arellano visita las instalaciones de las empresas Rom\u00e1n y Martos y Grupo Gallego - El Digital de Asturias<\/title>\n\n","aioseo_head_json":{"title":"Ram\u00edrez de Arellano visita las instalaciones de las empresas Rom\u00e1n y Martos y Grupo Gallego - El Digital de Asturias","description":"El consejero de Econom\u00eda y Conocimiento, Antonio Ram\u00edrez de Arellano, ha destacado las cifras de las exportaciones agroalimentarias en M\u00e1laga, que han crecido un 23,5% de enero a mayo de 2017, concentrado este cap\u00edtulo la mayor\u00eda del aumento de las cifras del comercio exterior de la provincia. En este sentido, ha explicado que las exportaciones","canonical_url":"https:\/\/www.eldigitaldeasturias.com\/noticias\/ramirez-de-arellano-visita-las-instalaciones-de-las-empresas-roman-y-martos-y-grupo-gallego\/","robots":"max-image-preview:large","keywords":"actualidad","webmasterTools":{"google-site-verification":"UA-38556648-1","msvalidate.01":"7dfe9f3f1b24437ab69f4f2559babe99","miscellaneous":""},"schema":{"@context":"https:\/\/schema.org","@graph":[{"@type":"BlogPosting","@id":"https:\/\/www.eldigitaldeasturias.com\/noticias\/ramirez-de-arellano-visita-las-instalaciones-de-las-empresas-roman-y-martos-y-grupo-gallego\/#blogposting","name":"Ram\u00edrez de Arellano visita las instalaciones de las empresas Rom\u00e1n y Martos y Grupo Gallego - El Digital de Asturias","headline":"Ram\u00edrez de Arellano visita las instalaciones de las empresas Rom\u00e1n y Martos y Grupo Gallego","author":{"@id":"https:\/\/www.eldigitaldeasturias.com\/noticias\/author\/admin\/#author"},"publisher":{"@id":"https:\/\/www.eldigitaldeasturias.com\/noticias\/#organization"},"image":{"@type":"ImageObject","url":949354},"datePublished":"2017-08-10T23:31:16+02:00","dateModified":"2017-08-10T23:31:16+02:00","inLanguage":"es-ES","mainEntityOfPage":{"@id":"https:\/\/www.eldigitaldeasturias.com\/noticias\/ramirez-de-arellano-visita-las-instalaciones-de-las-empresas-roman-y-martos-y-grupo-gallego\/#webpage"},"isPartOf":{"@id":"https:\/\/www.eldigitaldeasturias.com\/noticias\/ramirez-de-arellano-visita-las-instalaciones-de-las-empresas-roman-y-martos-y-grupo-gallego\/#webpage"},"articleSection":"Actualidad"},{"@type":"BreadcrumbList","@id":"https:\/\/www.eldigitaldeasturias.com\/noticias\/ramirez-de-arellano-visita-las-instalaciones-de-las-empresas-roman-y-martos-y-grupo-gallego\/#breadcrumblist","itemListElement":[{"@type":"ListItem","@id":"https:\/\/www.eldigitaldeasturias.com\/noticias#listItem","position":1,"name":"Home","item":"https:\/\/www.eldigitaldeasturias.com\/noticias","nextItem":{"@type":"ListItem","@id":"https:\/\/www.eldigitaldeasturias.com\/noticias\/category\/actualidad\/#listItem","name":"Actualidad"}},{"@type":"ListItem","@id":"https:\/\/www.eldigitaldeasturias.com\/noticias\/category\/actualidad\/#listItem","position":2,"name":"Actualidad","item":"https:\/\/www.eldigitaldeasturias.com\/noticias\/category\/actualidad\/","nextItem":{"@type":"ListItem","@id":"https:\/\/www.eldigitaldeasturias.com\/noticias\/ramirez-de-arellano-visita-las-instalaciones-de-las-empresas-roman-y-martos-y-grupo-gallego\/#listItem","name":"Ram\u00edrez de Arellano visita las instalaciones de las empresas Rom\u00e1n y Martos y Grupo Gallego"},"previousItem":{"@type":"ListItem","@id":"https:\/\/www.eldigitaldeasturias.com\/noticias#listItem","name":"Home"}},{"@type":"ListItem","@id":"https:\/\/www.eldigitaldeasturias.com\/noticias\/ramirez-de-arellano-visita-las-instalaciones-de-las-empresas-roman-y-martos-y-grupo-gallego\/#listItem","position":3,"name":"Ram\u00edrez de Arellano visita las instalaciones de las empresas Rom\u00e1n y Martos y Grupo Gallego","previousItem":{"@type":"ListItem","@id":"https:\/\/www.eldigitaldeasturias.com\/noticias\/category\/actualidad\/#listItem","name":"Actualidad"}}]},{"@type":"Organization","@id":"https:\/\/www.eldigitaldeasturias.com\/noticias\/#organization","name":"El Digital de Asturias","description":"Hemeroteca","url":"https:\/\/www.eldigitaldeasturias.com\/noticias\/","email":"info@eldigitaldeasturias.com","telephone":"+34652131393","logo":{"@type":"ImageObject","url":"https:\/\/www.eldigitaldeasturias.com\/noticias\/wp-content\/uploads\/2020\/12\/EDA.jpg","@id":"https:\/\/www.eldigitaldeasturias.com\/noticias\/ramirez-de-arellano-visita-las-instalaciones-de-las-empresas-roman-y-martos-y-grupo-gallego\/#organizationLogo"},"image":{"@id":"https:\/\/www.eldigitaldeasturias.com\/noticias\/ramirez-de-arellano-visita-las-instalaciones-de-las-empresas-roman-y-martos-y-grupo-gallego\/#organizationLogo"},"sameAs":["https:\/\/facebook.com\/eldigitaldeasturias","https:\/\/www.youtube.com\/channel\/UCZP-2wLEB9Rv6erhFmqVnvg"],"address":{"@id":"https:\/\/www.eldigitaldeasturias.com\/noticias\/#postaladdress","@type":"PostalAddress","streetAddress":"san antonio 4","postalCode":"33430","addressLocality":"Cand\u00e1s","addressRegion":"Asturias","addressCountry":"ES"}},{"@type":"Person","@id":"https:\/\/www.eldigitaldeasturias.com\/noticias\/author\/admin\/#author","url":"https:\/\/www.eldigitaldeasturias.com\/noticias\/author\/admin\/","name":"El Digital de Asturias","image":{"@type":"ImageObject","@id":"https:\/\/www.eldigitaldeasturias.com\/noticias\/ramirez-de-arellano-visita-las-instalaciones-de-las-empresas-roman-y-martos-y-grupo-gallego\/#authorImage","url":"https:\/\/secure.gravatar.com\/avatar\/df2aeffc32bcd13f8d26072ef8a91b623d677766deac7f97ca815868cd41bf5e?s=96&d=mm&r=g","width":96,"height":96,"caption":"El Digital de Asturias"}},{"@type":"WebPage","@id":"https:\/\/www.eldigitaldeasturias.com\/noticias\/ramirez-de-arellano-visita-las-instalaciones-de-las-empresas-roman-y-martos-y-grupo-gallego\/#webpage","url":"https:\/\/www.eldigitaldeasturias.com\/noticias\/ramirez-de-arellano-visita-las-instalaciones-de-las-empresas-roman-y-martos-y-grupo-gallego\/","name":"Ram\u00edrez de Arellano visita las instalaciones de las empresas Rom\u00e1n y Martos y Grupo Gallego - El Digital de Asturias","description":"El consejero de Econom\u00eda y Conocimiento, Antonio Ram\u00edrez de Arellano, ha destacado las cifras de las exportaciones agroalimentarias en M\u00e1laga, que han crecido un 23,5% de enero a mayo de 2017, concentrado este cap\u00edtulo la mayor\u00eda del aumento de las cifras del comercio exterior de la provincia. En este sentido, ha explicado que las exportaciones","inLanguage":"es-ES","isPartOf":{"@id":"https:\/\/www.eldigitaldeasturias.com\/noticias\/#website"},"breadcrumb":{"@id":"https:\/\/www.eldigitaldeasturias.com\/noticias\/ramirez-de-arellano-visita-las-instalaciones-de-las-empresas-roman-y-martos-y-grupo-gallego\/#breadcrumblist"},"author":{"@id":"https:\/\/www.eldigitaldeasturias.com\/noticias\/author\/admin\/#author"},"creator":{"@id":"https:\/\/www.eldigitaldeasturias.com\/noticias\/author\/admin\/#author"},"image":{"@type":"ImageObject","url":949354,"@id":"https:\/\/www.eldigitaldeasturias.com\/noticias\/ramirez-de-arellano-visita-las-instalaciones-de-las-empresas-roman-y-martos-y-grupo-gallego\/#mainImage"},"primaryImageOfPage":{"@id":"https:\/\/www.eldigitaldeasturias.com\/noticias\/ramirez-de-arellano-visita-las-instalaciones-de-las-empresas-roman-y-martos-y-grupo-gallego\/#mainImage"},"datePublished":"2017-08-10T23:31:16+02:00","dateModified":"2017-08-10T23:31:16+02:00"},{"@type":"WebSite","@id":"https:\/\/www.eldigitaldeasturias.com\/noticias\/#website","url":"https:\/\/www.eldigitaldeasturias.com\/noticias\/","name":"El Digital de Asturias - Diario de actualidad y noticias","alternateName":"El Digital de Asturias - Diario de actualidad y noticias","description":"Hemeroteca","inLanguage":"es-ES","publisher":{"@id":"https:\/\/www.eldigitaldeasturias.com\/noticias\/#organization"}}]},"og:locale":"es_ES","og:site_name":"El Digital de Asturias","og:type":"article","og:title":"Ram\u00edrez de Arellano visita las instalaciones de las empresas Rom\u00e1n y Martos y Grupo Gallego - El Digital de Asturias","og:description":"El consejero de Econom\u00eda y Conocimiento, Antonio Ram\u00edrez de Arellano, ha destacado las cifras de las exportaciones agroalimentarias en M\u00e1laga, que han crecido un 23,5% de enero a mayo de 2017, concentrado este cap\u00edtulo la mayor\u00eda del aumento de las cifras del comercio exterior de la provincia. En este sentido, ha explicado que las exportaciones","og:url":"https:\/\/www.eldigitaldeasturias.com\/noticias\/ramirez-de-arellano-visita-las-instalaciones-de-las-empresas-roman-y-martos-y-grupo-gallego\/","article:tag":["actualidad"],"article:published_time":"2017-08-10T23:31:16+00:00","article:modified_time":"2017-08-10T23:31:16+00:00","article:publisher":"https:\/\/facebook.com\/eldigitaldeasturias","twitter:card":"summary_large_image","twitter:title":"Ram\u00edrez de Arellano visita las instalaciones de las empresas Rom\u00e1n y Martos y Grupo Gallego - El Digital de Asturias","twitter:description":"El consejero de Econom\u00eda y Conocimiento, Antonio Ram\u00edrez de Arellano, ha destacado las cifras de las exportaciones agroalimentarias en M\u00e1laga, que han crecido un 23,5% de enero a mayo de 2017, concentrado este cap\u00edtulo la mayor\u00eda del aumento de las cifras del comercio exterior de la provincia. En este sentido, ha explicado que las exportaciones","twitter:image":"https:\/\/www.eldigitaldeasturias.com\/noticias\/wp-content\/uploads\/2020\/12\/EDA-1.jpg","twitter:label1":"Escrito por","twitter:data1":"El Digital de Asturias","twitter:label2":"Tiempo de lectura estimado","twitter:data2":"3 minutos"},"aioseo_meta_data":{"post_id":"949353","title":null,"description":null,"keywords":null,"keyphrases":null,"primary_term":null,"canonical_url":null,"og_title":null,"og_description":null,"og_object_type":"default","og_image_type":"default","og_image_url":null,"og_image_width":null,"og_image_height":null,"og_image_custom_url":null,"og_image_custom_fields":null,"og_video":null,"og_custom_url":null,"og_article_section":null,"og_article_tags":null,"twitter_use_og":false,"twitter_card":"default","twitter_image_type":"default","twitter_image_url":null,"twitter_image_custom_url":null,"twitter_image_custom_fields":null,"twitter_title":null,"twitter_description":null,"schema":{"blockGraphs":[],"customGraphs":[],"default":{"data":{"Article":[],"Course":[],"Dataset":[],"FAQPage":[],"Movie":[],"Person":[],"Product":[],"ProductReview":[],"Car":[],"Recipe":[],"Service":[],"SoftwareApplication":[],"WebPage":[]},"graphName":"","isEnabled":true},"graphs":[]},"schema_type":null,"schema_type_options":null,"pillar_content":false,"robots_default":true,"robots_noindex":false,"robots_noarchive":false,"robots_nosnippet":false,"robots_nofollow":false,"robots_noimageindex":false,"robots_noodp":false,"robots_notranslate":false,"robots_max_snippet":null,"robots_max_videopreview":null,"robots_max_imagepreview":"large","priority":null,"frequency":null,"local_seo":null,"seo_analyzer_scan_date":"2025-12-05 12:04:14","breadcrumb_settings":null,"limit_modified_date":false,"open_ai":null,"ai":null,"created":"2020-12-21 13:02:37","updated":"2025-12-05 12:04:14","focus_keyword":null,"additional_keywords":null,"truseo_locale":null},"aioseo_breadcrumb":"<div class=\"aioseo-breadcrumbs\"><span class=\"aioseo-breadcrumb\">\n\t<a href=\"https:\/\/www.eldigitaldeasturias.com\/noticias\" title=\"Home\">Home<\/a>\n<\/span><span class=\"aioseo-breadcrumb-separator\">\u2013<\/span><span class=\"aioseo-breadcrumb\">\n\t<a href=\"https:\/\/www.eldigitaldeasturias.com\/noticias\/category\/actualidad\/\" title=\"Actualidad\">Actualidad<\/a>\n<\/span><span class=\"aioseo-breadcrumb-separator\">\u2013<\/span><span class=\"aioseo-breadcrumb\">\n\t<a href=\"https:\/\/www.eldigitaldeasturias.com\/noticias\/ramirez-de-arellano-visita-las-instalaciones-de-las-empresas-roman-y-martos-y-grupo-gallego\/\" title=\"Ram\u00edrez de Arellano visita las instalaciones de las empresas Rom\u00e1n y Martos y Grupo Gallego\">Ram\u00edrez de Arellano visita las instalaciones de las empresas Rom\u00e1n y Martos y Grupo Gallego<\/a>\n<\/span><\/div>","aioseo_breadcrumb_json":[{"label":"Home","link":"https:\/\/www.eldigitaldeasturias.com\/noticias"},{"label":"Actualidad","link":"https:\/\/www.eldigitaldeasturias.com\/noticias\/category\/actualidad\/"},{"label":"Ram\u00edrez de Arellano visita las instalaciones de las empresas Rom\u00e1n y Martos y Grupo Gallego","link":"https:\/\/www.eldigitaldeasturias.com\/noticias\/ramirez-de-arellano-visita-las-instalaciones-de-las-empresas-roman-y-martos-y-grupo-gallego\/"}],"_links":{"self":[{"href":"https:\/\/www.eldigitaldeasturias.com\/noticias\/wp-json\/wp\/v2\/posts\/949353","targetHints":{"allow":["GET"]}}],"collection":[{"href":"https:\/\/www.eldigitaldeasturias.com\/noticias\/wp-json\/wp\/v2\/posts"}],"about":[{"href":"https:\/\/www.eldigitaldeasturias.com\/noticias\/wp-json\/wp\/v2\/types\/post"}],"author":[{"embeddable":true,"href":"https:\/\/www.eldigitaldeasturias.com\/noticias\/wp-json\/wp\/v2\/users\/1"}],"replies":[{"embeddable":true,"href":"https:\/\/www.eldigitaldeasturias.com\/noticias\/wp-json\/wp\/v2\/comments?post=949353"}],"version-history":[{"count":0,"href":"https:\/\/www.eldigitaldeasturias.com\/noticias\/wp-json\/wp\/v2\/posts\/949353\/revisions"}],"wp:attachment":[{"href":"https:\/\/www.eldigitaldeasturias.com\/noticias\/wp-json\/wp\/v2\/media?parent=949353"}],"wp:term":[{"taxonomy":"category","embeddable":true,"href":"https:\/\/www.eldigitaldeasturias.com\/noticias\/wp-json\/wp\/v2\/categories?post=949353"},{"taxonomy":"post_tag","embeddable":true,"href":"https:\/\/www.eldigitaldeasturias.com\/noticias\/wp-json\/wp\/v2\/tags?post=949353"}],"curies":[{"name":"wp","href":"https:\/\/api.w.org\/{rel}","templated":true}]}}