{"id":949344,"date":"2017-08-10T23:20:05","date_gmt":"2017-08-10T23:20:05","guid":{"rendered":"http:\/\/www.eldigitaldeasturias.com\/noticias\/?p=949344"},"modified":"2017-08-10T23:20:05","modified_gmt":"2017-08-10T23:20:05","slug":"obras-de-mejora-en-el-area-hospitalaria-virgen-macarena-de-sevilla","status":"publish","type":"post","link":"https:\/\/www.eldigitaldeasturias.com\/noticias\/obras-de-mejora-en-el-area-hospitalaria-virgen-macarena-de-sevilla\/","title":{"rendered":"Obras de mejora en el \u00c1rea Hospitalaria Virgen Macarena de Sevilla"},"content":{"rendered":"<p><img loading=\"lazy\" decoding=\"async\" class=\"alignleft size-medium wp-image-949345\" src=\"https:\/\/www.eldigitaldeasturias.com\/noticias\/wp-content\/uploads\/2017\/08\/1502275305059-360x240.jpg\" alt=\"\" width=\"360\" height=\"240\" \/>El \u00c1rea Hospitalaria Virgen Macarena de Sevilla se encuentra inmersa en numerosas obras de mejora destinadas a aumentar el confort de sus instalaciones para pacientes y profesionales y planificadas para minimizar las molestias a los usuarios.<\/p>\n<p>Entre las reformas que se est\u00e1n ejecutando, cuyo importe total asciende a 2.039.563 euros, se encuentra la adecuaci\u00f3n de la sala actual de la UCI pedi\u00e1trica del Hospital Virgen Macarena, ubicada en la planta sexta, por un importe de 364.378 euros; as\u00ed como las reparaciones en cuatro quir\u00f3fanos, cuya mejora se acometer\u00e1 por 23.250 euros. Adem\u00e1s, se incorporar\u00e1n, en dos fases, dos nuevas consultas de Oncolog\u00eda cl\u00ednica, por valor de 35.974 euros.<\/p>\n<p>Por otra parte, se destinar\u00e1n 416.192 euros a una unidad de ensayos cl\u00ednicos y biobanco, ubicada en semis\u00f3tano, y 667.493 euros a un laboratorio para determinaciones anal\u00edticas.<\/p>\n<p>En estas semanas tambi\u00e9n se desarrollar\u00e1n adecuaciones en diversas alas de hospitalizaci\u00f3n de las plantas segunda (A, B y D), tercera (B), quinta (C y D) sexta (A), s\u00e9ptima (B) y octava (B) del hospital. Estas actuaciones, que incluyen en la planta segunda (D) y en la quinta (D), as\u00ed como en la planta baja la incorporaci\u00f3n de aseos adaptados, tienen un presupuesto de casi 74.000 euros.<\/p>\n<p>En paralelo, se est\u00e1n adecuando los sistemas de climatizaci\u00f3n del hall en las plantas s\u00e9ptima y octava, por un importe de 13.504 euros, y se est\u00e1 modernizando el sistema de dispensaci\u00f3n farmac\u00e9utica, lo que supondr\u00e1 6.298 euros. Asimismo, se est\u00e1 reformando el segundo grupo de bombeo de agua para el consumo humano por valor de 44.764 euros y se est\u00e1n ejecutando actuaciones en la instalaci\u00f3n el\u00e9ctrica que ascienden a 108.476 euros.<\/p>\n<p><strong>Otras mejoras en el \u00e1rea<\/strong><\/p>\n<p>Junto a las mejoras realizadas en el hospital Macarena, hay que destacar tambi\u00e9n las que se est\u00e1n llevando a cabo en otros centros del \u00e1rea hospitalaria, como en el centro de especialidades Policl\u00ednico, donde se est\u00e1 reestructurando el Servicio de Nefrolog\u00eda en su primera planta, por valor de 112.530 euros; y se est\u00e1n adaptando las consultas de Neurolog\u00eda y de Medicina Interna, con un presupuesto de 42.208 y 24.658 euros, respectivamente.<\/p>\n<p>Asimismo, en el Hospital de San L\u00e1zaro, se est\u00e1n procediendo a realizar adecuaciones en las alas de hospitalizaci\u00f3n de la planta baja, de la planta primera sur y de la Unidad de Desintoxicaci\u00f3n Hospitalaria, por un importe total de 6.400 euros.<\/p>\n<p>A esto hay que sumar la cantidad de 26.345 euros que se destinar\u00e1 en el centro perif\u00e9rico de di\u00e1lisis a las nuevas consultas para investigaci\u00f3n; y los 6.535 euros que permitir\u00e1n la adecuaci\u00f3n de la planta cuarta del centro de especialidades Macarena, cantidad muy similar (6.530 euros) a la que requerir\u00e1 la adecuaci\u00f3n de la comunidad terap\u00e9utica de Salud Mental Jes\u00fas del Gran Poder. Finalmente, en el centro de especialidades de San Jer\u00f3nimo se est\u00e1 adecuando y mejorando la climatizaci\u00f3n y el sistema el\u00e9ctrico de la planta segunda, por valor de 60.111 euros.<\/p>\n<p>&nbsp;<\/p>\n","protected":false},"excerpt":{"rendered":"<p>El \u00c1rea Hospitalaria Virgen Macarena de Sevilla se encuentra inmersa en numerosas obras de mejora destinadas a aumentar el confort de sus instalaciones para pacientes y profesionales y planificadas para minimizar las molestias a los usuarios. Entre las reformas que se est\u00e1n ejecutando, cuyo importe total asciende a 2.039.563 euros, se encuentra la adecuaci\u00f3n de [&hellip;]<\/p>\n","protected":false},"author":1,"featured_media":949345,"comment_status":"closed","ping_status":"closed","sticky":false,"template":"","format":"standard","meta":{"footnotes":""},"categories":[1],"tags":[],"class_list":["post-949344","post","type-post","status-publish","format-standard","has-post-thumbnail","hentry","category-actualidad"],"aioseo_notices":[],"aioseo_head":"\n\t\t<!-- All in One SEO Pro 5.0.1 - aioseo.com -->\n\t<meta name=\"description\" content=\"El \u00c1rea Hospitalaria Virgen Macarena de Sevilla se encuentra inmersa en numerosas obras de mejora destinadas a aumentar el confort de sus instalaciones para pacientes y profesionales y planificadas para minimizar las molestias a los usuarios. Entre las reformas que se est\u00e1n ejecutando, cuyo importe total asciende a 2.039.563 euros, se encuentra la adecuaci\u00f3n de\" \/>\n\t<meta name=\"robots\" content=\"max-image-preview:large\" \/>\n\t<meta name=\"author\" content=\"El Digital de Asturias\"\/>\n\t<meta name=\"google-site-verification\" content=\"UA-38556648-1\" \/>\n\t<meta name=\"msvalidate.01\" content=\"7dfe9f3f1b24437ab69f4f2559babe99\" \/>\n\t<meta name=\"keywords\" content=\"actualidad\" \/>\n\t<link rel=\"canonical\" href=\"https:\/\/www.eldigitaldeasturias.com\/noticias\/obras-de-mejora-en-el-area-hospitalaria-virgen-macarena-de-sevilla\/\" \/>\n\t<meta name=\"generator\" content=\"All in One SEO Pro (AIOSEO) 5.0.1\" \/>\n\t\t<meta property=\"og:locale\" content=\"es_ES\" \/>\n\t\t<meta property=\"og:site_name\" content=\"El Digital de Asturias\" \/>\n\t\t<meta property=\"og:type\" content=\"article\" \/>\n\t\t<meta property=\"og:title\" content=\"Obras de mejora en el \u00c1rea Hospitalaria Virgen Macarena de Sevilla - El Digital de Asturias\" \/>\n\t\t<meta property=\"og:description\" content=\"El \u00c1rea Hospitalaria Virgen Macarena de Sevilla se encuentra inmersa en numerosas obras de mejora destinadas a aumentar el confort de sus instalaciones para pacientes y profesionales y planificadas para minimizar las molestias a los usuarios. Entre las reformas que se est\u00e1n ejecutando, cuyo importe total asciende a 2.039.563 euros, se encuentra la adecuaci\u00f3n de\" \/>\n\t\t<meta property=\"og:url\" content=\"https:\/\/www.eldigitaldeasturias.com\/noticias\/obras-de-mejora-en-el-area-hospitalaria-virgen-macarena-de-sevilla\/\" \/>\n\t\t<meta property=\"article:tag\" content=\"actualidad\" \/>\n\t\t<meta property=\"article:published_time\" content=\"2017-08-10T23:20:05+00:00\" \/>\n\t\t<meta property=\"article:modified_time\" content=\"2017-08-10T23:20:05+00:00\" \/>\n\t\t<meta property=\"article:publisher\" content=\"https:\/\/facebook.com\/eldigitaldeasturias\" \/>\n\t\t<meta name=\"twitter:card\" content=\"summary_large_image\" \/>\n\t\t<meta name=\"twitter:title\" content=\"Obras de mejora en el \u00c1rea Hospitalaria Virgen Macarena de Sevilla - El Digital de Asturias\" \/>\n\t\t<meta name=\"twitter:description\" content=\"El \u00c1rea Hospitalaria Virgen Macarena de Sevilla se encuentra inmersa en numerosas obras de mejora destinadas a aumentar el confort de sus instalaciones para pacientes y profesionales y planificadas para minimizar las molestias a los usuarios. Entre las reformas que se est\u00e1n ejecutando, cuyo importe total asciende a 2.039.563 euros, se encuentra la adecuaci\u00f3n de\" \/>\n\t\t<meta name=\"twitter:image\" content=\"https:\/\/www.eldigitaldeasturias.com\/noticias\/wp-content\/uploads\/2020\/12\/EDA-1.jpg\" \/>\n\t\t<meta name=\"twitter:label1\" content=\"Escrito por\" \/>\n\t\t<meta name=\"twitter:data1\" content=\"El Digital de Asturias\" \/>\n\t\t<meta name=\"twitter:label2\" content=\"Tiempo de lectura estimado\" \/>\n\t\t<meta name=\"twitter:data2\" content=\"3 minutos\" \/>\n\t\t<script type=\"application\/ld+json\" class=\"aioseo-schema\">\n\t\t\t{\"@context\":\"https:\\\/\\\/schema.org\",\"@graph\":[{\"@type\":\"BlogPosting\",\"@id\":\"https:\\\/\\\/www.eldigitaldeasturias.com\\\/noticias\\\/obras-de-mejora-en-el-area-hospitalaria-virgen-macarena-de-sevilla\\\/#blogposting\",\"name\":\"Obras de mejora en el \\u00c1rea Hospitalaria Virgen Macarena de Sevilla - El Digital de Asturias\",\"headline\":\"Obras de mejora en el \\u00c1rea Hospitalaria Virgen Macarena de Sevilla\",\"author\":{\"@id\":\"https:\\\/\\\/www.eldigitaldeasturias.com\\\/noticias\\\/author\\\/admin\\\/#author\"},\"publisher\":{\"@id\":\"https:\\\/\\\/www.eldigitaldeasturias.com\\\/noticias\\\/#organization\"},\"image\":{\"@type\":\"ImageObject\",\"url\":949345},\"datePublished\":\"2017-08-10T23:20:05+02:00\",\"dateModified\":\"2017-08-10T23:20:05+02:00\",\"inLanguage\":\"es-ES\",\"mainEntityOfPage\":{\"@id\":\"https:\\\/\\\/www.eldigitaldeasturias.com\\\/noticias\\\/obras-de-mejora-en-el-area-hospitalaria-virgen-macarena-de-sevilla\\\/#webpage\"},\"isPartOf\":{\"@id\":\"https:\\\/\\\/www.eldigitaldeasturias.com\\\/noticias\\\/obras-de-mejora-en-el-area-hospitalaria-virgen-macarena-de-sevilla\\\/#webpage\"},\"articleSection\":\"Actualidad\"},{\"@type\":\"BreadcrumbList\",\"@id\":\"https:\\\/\\\/www.eldigitaldeasturias.com\\\/noticias\\\/obras-de-mejora-en-el-area-hospitalaria-virgen-macarena-de-sevilla\\\/#breadcrumblist\",\"itemListElement\":[{\"@type\":\"ListItem\",\"@id\":\"https:\\\/\\\/www.eldigitaldeasturias.com\\\/noticias#listItem\",\"position\":1,\"name\":\"Home\",\"item\":\"https:\\\/\\\/www.eldigitaldeasturias.com\\\/noticias\",\"nextItem\":{\"@type\":\"ListItem\",\"@id\":\"https:\\\/\\\/www.eldigitaldeasturias.com\\\/noticias\\\/category\\\/actualidad\\\/#listItem\",\"name\":\"Actualidad\"}},{\"@type\":\"ListItem\",\"@id\":\"https:\\\/\\\/www.eldigitaldeasturias.com\\\/noticias\\\/category\\\/actualidad\\\/#listItem\",\"position\":2,\"name\":\"Actualidad\",\"item\":\"https:\\\/\\\/www.eldigitaldeasturias.com\\\/noticias\\\/category\\\/actualidad\\\/\",\"nextItem\":{\"@type\":\"ListItem\",\"@id\":\"https:\\\/\\\/www.eldigitaldeasturias.com\\\/noticias\\\/obras-de-mejora-en-el-area-hospitalaria-virgen-macarena-de-sevilla\\\/#listItem\",\"name\":\"Obras de mejora en el \\u00c1rea Hospitalaria Virgen Macarena de Sevilla\"},\"previousItem\":{\"@type\":\"ListItem\",\"@id\":\"https:\\\/\\\/www.eldigitaldeasturias.com\\\/noticias#listItem\",\"name\":\"Home\"}},{\"@type\":\"ListItem\",\"@id\":\"https:\\\/\\\/www.eldigitaldeasturias.com\\\/noticias\\\/obras-de-mejora-en-el-area-hospitalaria-virgen-macarena-de-sevilla\\\/#listItem\",\"position\":3,\"name\":\"Obras de mejora en el \\u00c1rea Hospitalaria Virgen Macarena de Sevilla\",\"previousItem\":{\"@type\":\"ListItem\",\"@id\":\"https:\\\/\\\/www.eldigitaldeasturias.com\\\/noticias\\\/category\\\/actualidad\\\/#listItem\",\"name\":\"Actualidad\"}}]},{\"@type\":\"Organization\",\"@id\":\"https:\\\/\\\/www.eldigitaldeasturias.com\\\/noticias\\\/#organization\",\"name\":\"El Digital de Asturias\",\"description\":\"Hemeroteca\",\"url\":\"https:\\\/\\\/www.eldigitaldeasturias.com\\\/noticias\\\/\",\"email\":\"info@eldigitaldeasturias.com\",\"telephone\":\"+34652131393\",\"logo\":{\"@type\":\"ImageObject\",\"url\":\"https:\\\/\\\/www.eldigitaldeasturias.com\\\/noticias\\\/wp-content\\\/uploads\\\/2020\\\/12\\\/EDA.jpg\",\"@id\":\"https:\\\/\\\/www.eldigitaldeasturias.com\\\/noticias\\\/obras-de-mejora-en-el-area-hospitalaria-virgen-macarena-de-sevilla\\\/#organizationLogo\"},\"image\":{\"@id\":\"https:\\\/\\\/www.eldigitaldeasturias.com\\\/noticias\\\/obras-de-mejora-en-el-area-hospitalaria-virgen-macarena-de-sevilla\\\/#organizationLogo\"},\"sameAs\":[\"https:\\\/\\\/facebook.com\\\/eldigitaldeasturias\",\"https:\\\/\\\/www.youtube.com\\\/channel\\\/UCZP-2wLEB9Rv6erhFmqVnvg\"],\"address\":{\"@id\":\"https:\\\/\\\/www.eldigitaldeasturias.com\\\/noticias\\\/#postaladdress\",\"@type\":\"PostalAddress\",\"streetAddress\":\"san antonio 4\",\"postalCode\":\"33430\",\"addressLocality\":\"Cand\\u00e1s\",\"addressRegion\":\"Asturias\",\"addressCountry\":\"ES\"}},{\"@type\":\"Person\",\"@id\":\"https:\\\/\\\/www.eldigitaldeasturias.com\\\/noticias\\\/author\\\/admin\\\/#author\",\"url\":\"https:\\\/\\\/www.eldigitaldeasturias.com\\\/noticias\\\/author\\\/admin\\\/\",\"name\":\"El Digital de Asturias\",\"image\":{\"@type\":\"ImageObject\",\"@id\":\"https:\\\/\\\/www.eldigitaldeasturias.com\\\/noticias\\\/obras-de-mejora-en-el-area-hospitalaria-virgen-macarena-de-sevilla\\\/#authorImage\",\"url\":\"https:\\\/\\\/secure.gravatar.com\\\/avatar\\\/df2aeffc32bcd13f8d26072ef8a91b623d677766deac7f97ca815868cd41bf5e?s=96&d=mm&r=g\",\"width\":96,\"height\":96,\"caption\":\"El Digital de Asturias\"}},{\"@type\":\"WebPage\",\"@id\":\"https:\\\/\\\/www.eldigitaldeasturias.com\\\/noticias\\\/obras-de-mejora-en-el-area-hospitalaria-virgen-macarena-de-sevilla\\\/#webpage\",\"url\":\"https:\\\/\\\/www.eldigitaldeasturias.com\\\/noticias\\\/obras-de-mejora-en-el-area-hospitalaria-virgen-macarena-de-sevilla\\\/\",\"name\":\"Obras de mejora en el \\u00c1rea Hospitalaria Virgen Macarena de Sevilla - El Digital de Asturias\",\"description\":\"El \\u00c1rea Hospitalaria Virgen Macarena de Sevilla se encuentra inmersa en numerosas obras de mejora destinadas a aumentar el confort de sus instalaciones para pacientes y profesionales y planificadas para minimizar las molestias a los usuarios. Entre las reformas que se est\\u00e1n ejecutando, cuyo importe total asciende a 2.039.563 euros, se encuentra la adecuaci\\u00f3n de\",\"inLanguage\":\"es-ES\",\"isPartOf\":{\"@id\":\"https:\\\/\\\/www.eldigitaldeasturias.com\\\/noticias\\\/#website\"},\"breadcrumb\":{\"@id\":\"https:\\\/\\\/www.eldigitaldeasturias.com\\\/noticias\\\/obras-de-mejora-en-el-area-hospitalaria-virgen-macarena-de-sevilla\\\/#breadcrumblist\"},\"author\":{\"@id\":\"https:\\\/\\\/www.eldigitaldeasturias.com\\\/noticias\\\/author\\\/admin\\\/#author\"},\"creator\":{\"@id\":\"https:\\\/\\\/www.eldigitaldeasturias.com\\\/noticias\\\/author\\\/admin\\\/#author\"},\"image\":{\"@type\":\"ImageObject\",\"url\":949345,\"@id\":\"https:\\\/\\\/www.eldigitaldeasturias.com\\\/noticias\\\/obras-de-mejora-en-el-area-hospitalaria-virgen-macarena-de-sevilla\\\/#mainImage\"},\"primaryImageOfPage\":{\"@id\":\"https:\\\/\\\/www.eldigitaldeasturias.com\\\/noticias\\\/obras-de-mejora-en-el-area-hospitalaria-virgen-macarena-de-sevilla\\\/#mainImage\"},\"datePublished\":\"2017-08-10T23:20:05+02:00\",\"dateModified\":\"2017-08-10T23:20:05+02:00\"},{\"@type\":\"WebSite\",\"@id\":\"https:\\\/\\\/www.eldigitaldeasturias.com\\\/noticias\\\/#website\",\"url\":\"https:\\\/\\\/www.eldigitaldeasturias.com\\\/noticias\\\/\",\"name\":\"El Digital de Asturias - Diario de actualidad y noticias\",\"alternateName\":\"El Digital de Asturias - Diario de actualidad y noticias\",\"description\":\"Hemeroteca\",\"inLanguage\":\"es-ES\",\"publisher\":{\"@id\":\"https:\\\/\\\/www.eldigitaldeasturias.com\\\/noticias\\\/#organization\"}}]}\n\t\t<\/script>\n\t\t<!-- All in One SEO Pro -->\r\n\t\t<title>Obras de mejora en el \u00c1rea Hospitalaria Virgen Macarena de Sevilla - El Digital de Asturias<\/title>\n\n","aioseo_head_json":{"title":"Obras de mejora en el \u00c1rea Hospitalaria Virgen Macarena de Sevilla - El Digital de Asturias","description":"El \u00c1rea Hospitalaria Virgen Macarena de Sevilla se encuentra inmersa en numerosas obras de mejora destinadas a aumentar el confort de sus instalaciones para pacientes y profesionales y planificadas para minimizar las molestias a los usuarios. Entre las reformas que se est\u00e1n ejecutando, cuyo importe total asciende a 2.039.563 euros, se encuentra la adecuaci\u00f3n de","canonical_url":"https:\/\/www.eldigitaldeasturias.com\/noticias\/obras-de-mejora-en-el-area-hospitalaria-virgen-macarena-de-sevilla\/","robots":"max-image-preview:large","keywords":"actualidad","webmasterTools":{"google-site-verification":"UA-38556648-1","msvalidate.01":"7dfe9f3f1b24437ab69f4f2559babe99","miscellaneous":""},"schema":{"@context":"https:\/\/schema.org","@graph":[{"@type":"BlogPosting","@id":"https:\/\/www.eldigitaldeasturias.com\/noticias\/obras-de-mejora-en-el-area-hospitalaria-virgen-macarena-de-sevilla\/#blogposting","name":"Obras de mejora en el \u00c1rea Hospitalaria Virgen Macarena de Sevilla - El Digital de Asturias","headline":"Obras de mejora en el \u00c1rea Hospitalaria Virgen Macarena de Sevilla","author":{"@id":"https:\/\/www.eldigitaldeasturias.com\/noticias\/author\/admin\/#author"},"publisher":{"@id":"https:\/\/www.eldigitaldeasturias.com\/noticias\/#organization"},"image":{"@type":"ImageObject","url":949345},"datePublished":"2017-08-10T23:20:05+02:00","dateModified":"2017-08-10T23:20:05+02:00","inLanguage":"es-ES","mainEntityOfPage":{"@id":"https:\/\/www.eldigitaldeasturias.com\/noticias\/obras-de-mejora-en-el-area-hospitalaria-virgen-macarena-de-sevilla\/#webpage"},"isPartOf":{"@id":"https:\/\/www.eldigitaldeasturias.com\/noticias\/obras-de-mejora-en-el-area-hospitalaria-virgen-macarena-de-sevilla\/#webpage"},"articleSection":"Actualidad"},{"@type":"BreadcrumbList","@id":"https:\/\/www.eldigitaldeasturias.com\/noticias\/obras-de-mejora-en-el-area-hospitalaria-virgen-macarena-de-sevilla\/#breadcrumblist","itemListElement":[{"@type":"ListItem","@id":"https:\/\/www.eldigitaldeasturias.com\/noticias#listItem","position":1,"name":"Home","item":"https:\/\/www.eldigitaldeasturias.com\/noticias","nextItem":{"@type":"ListItem","@id":"https:\/\/www.eldigitaldeasturias.com\/noticias\/category\/actualidad\/#listItem","name":"Actualidad"}},{"@type":"ListItem","@id":"https:\/\/www.eldigitaldeasturias.com\/noticias\/category\/actualidad\/#listItem","position":2,"name":"Actualidad","item":"https:\/\/www.eldigitaldeasturias.com\/noticias\/category\/actualidad\/","nextItem":{"@type":"ListItem","@id":"https:\/\/www.eldigitaldeasturias.com\/noticias\/obras-de-mejora-en-el-area-hospitalaria-virgen-macarena-de-sevilla\/#listItem","name":"Obras de mejora en el \u00c1rea Hospitalaria Virgen Macarena de Sevilla"},"previousItem":{"@type":"ListItem","@id":"https:\/\/www.eldigitaldeasturias.com\/noticias#listItem","name":"Home"}},{"@type":"ListItem","@id":"https:\/\/www.eldigitaldeasturias.com\/noticias\/obras-de-mejora-en-el-area-hospitalaria-virgen-macarena-de-sevilla\/#listItem","position":3,"name":"Obras de mejora en el \u00c1rea Hospitalaria Virgen Macarena de Sevilla","previousItem":{"@type":"ListItem","@id":"https:\/\/www.eldigitaldeasturias.com\/noticias\/category\/actualidad\/#listItem","name":"Actualidad"}}]},{"@type":"Organization","@id":"https:\/\/www.eldigitaldeasturias.com\/noticias\/#organization","name":"El Digital de Asturias","description":"Hemeroteca","url":"https:\/\/www.eldigitaldeasturias.com\/noticias\/","email":"info@eldigitaldeasturias.com","telephone":"+34652131393","logo":{"@type":"ImageObject","url":"https:\/\/www.eldigitaldeasturias.com\/noticias\/wp-content\/uploads\/2020\/12\/EDA.jpg","@id":"https:\/\/www.eldigitaldeasturias.com\/noticias\/obras-de-mejora-en-el-area-hospitalaria-virgen-macarena-de-sevilla\/#organizationLogo"},"image":{"@id":"https:\/\/www.eldigitaldeasturias.com\/noticias\/obras-de-mejora-en-el-area-hospitalaria-virgen-macarena-de-sevilla\/#organizationLogo"},"sameAs":["https:\/\/facebook.com\/eldigitaldeasturias","https:\/\/www.youtube.com\/channel\/UCZP-2wLEB9Rv6erhFmqVnvg"],"address":{"@id":"https:\/\/www.eldigitaldeasturias.com\/noticias\/#postaladdress","@type":"PostalAddress","streetAddress":"san antonio 4","postalCode":"33430","addressLocality":"Cand\u00e1s","addressRegion":"Asturias","addressCountry":"ES"}},{"@type":"Person","@id":"https:\/\/www.eldigitaldeasturias.com\/noticias\/author\/admin\/#author","url":"https:\/\/www.eldigitaldeasturias.com\/noticias\/author\/admin\/","name":"El Digital de Asturias","image":{"@type":"ImageObject","@id":"https:\/\/www.eldigitaldeasturias.com\/noticias\/obras-de-mejora-en-el-area-hospitalaria-virgen-macarena-de-sevilla\/#authorImage","url":"https:\/\/secure.gravatar.com\/avatar\/df2aeffc32bcd13f8d26072ef8a91b623d677766deac7f97ca815868cd41bf5e?s=96&d=mm&r=g","width":96,"height":96,"caption":"El Digital de Asturias"}},{"@type":"WebPage","@id":"https:\/\/www.eldigitaldeasturias.com\/noticias\/obras-de-mejora-en-el-area-hospitalaria-virgen-macarena-de-sevilla\/#webpage","url":"https:\/\/www.eldigitaldeasturias.com\/noticias\/obras-de-mejora-en-el-area-hospitalaria-virgen-macarena-de-sevilla\/","name":"Obras de mejora en el \u00c1rea Hospitalaria Virgen Macarena de Sevilla - El Digital de Asturias","description":"El \u00c1rea Hospitalaria Virgen Macarena de Sevilla se encuentra inmersa en numerosas obras de mejora destinadas a aumentar el confort de sus instalaciones para pacientes y profesionales y planificadas para minimizar las molestias a los usuarios. Entre las reformas que se est\u00e1n ejecutando, cuyo importe total asciende a 2.039.563 euros, se encuentra la adecuaci\u00f3n de","inLanguage":"es-ES","isPartOf":{"@id":"https:\/\/www.eldigitaldeasturias.com\/noticias\/#website"},"breadcrumb":{"@id":"https:\/\/www.eldigitaldeasturias.com\/noticias\/obras-de-mejora-en-el-area-hospitalaria-virgen-macarena-de-sevilla\/#breadcrumblist"},"author":{"@id":"https:\/\/www.eldigitaldeasturias.com\/noticias\/author\/admin\/#author"},"creator":{"@id":"https:\/\/www.eldigitaldeasturias.com\/noticias\/author\/admin\/#author"},"image":{"@type":"ImageObject","url":949345,"@id":"https:\/\/www.eldigitaldeasturias.com\/noticias\/obras-de-mejora-en-el-area-hospitalaria-virgen-macarena-de-sevilla\/#mainImage"},"primaryImageOfPage":{"@id":"https:\/\/www.eldigitaldeasturias.com\/noticias\/obras-de-mejora-en-el-area-hospitalaria-virgen-macarena-de-sevilla\/#mainImage"},"datePublished":"2017-08-10T23:20:05+02:00","dateModified":"2017-08-10T23:20:05+02:00"},{"@type":"WebSite","@id":"https:\/\/www.eldigitaldeasturias.com\/noticias\/#website","url":"https:\/\/www.eldigitaldeasturias.com\/noticias\/","name":"El Digital de Asturias - Diario de actualidad y noticias","alternateName":"El Digital de Asturias - Diario de actualidad y noticias","description":"Hemeroteca","inLanguage":"es-ES","publisher":{"@id":"https:\/\/www.eldigitaldeasturias.com\/noticias\/#organization"}}]},"og:locale":"es_ES","og:site_name":"El Digital de Asturias","og:type":"article","og:title":"Obras de mejora en el \u00c1rea Hospitalaria Virgen Macarena de Sevilla - El Digital de Asturias","og:description":"El \u00c1rea Hospitalaria Virgen Macarena de Sevilla se encuentra inmersa en numerosas obras de mejora destinadas a aumentar el confort de sus instalaciones para pacientes y profesionales y planificadas para minimizar las molestias a los usuarios. Entre las reformas que se est\u00e1n ejecutando, cuyo importe total asciende a 2.039.563 euros, se encuentra la adecuaci\u00f3n de","og:url":"https:\/\/www.eldigitaldeasturias.com\/noticias\/obras-de-mejora-en-el-area-hospitalaria-virgen-macarena-de-sevilla\/","article:tag":["actualidad"],"article:published_time":"2017-08-10T23:20:05+00:00","article:modified_time":"2017-08-10T23:20:05+00:00","article:publisher":"https:\/\/facebook.com\/eldigitaldeasturias","twitter:card":"summary_large_image","twitter:title":"Obras de mejora en el \u00c1rea Hospitalaria Virgen Macarena de Sevilla - El Digital de Asturias","twitter:description":"El \u00c1rea Hospitalaria Virgen Macarena de Sevilla se encuentra inmersa en numerosas obras de mejora destinadas a aumentar el confort de sus instalaciones para pacientes y profesionales y planificadas para minimizar las molestias a los usuarios. Entre las reformas que se est\u00e1n ejecutando, cuyo importe total asciende a 2.039.563 euros, se encuentra la adecuaci\u00f3n de","twitter:image":"https:\/\/www.eldigitaldeasturias.com\/noticias\/wp-content\/uploads\/2020\/12\/EDA-1.jpg","twitter:label1":"Escrito por","twitter:data1":"El Digital de Asturias","twitter:label2":"Tiempo de lectura estimado","twitter:data2":"3 minutos"},"aioseo_meta_data":{"post_id":"949344","title":null,"description":null,"keywords":null,"keyphrases":null,"primary_term":null,"canonical_url":null,"og_title":null,"og_description":null,"og_object_type":"default","og_image_type":"default","og_image_url":null,"og_image_width":null,"og_image_height":null,"og_image_custom_url":null,"og_image_custom_fields":null,"og_video":null,"og_custom_url":null,"og_article_section":null,"og_article_tags":null,"twitter_use_og":false,"twitter_card":"default","twitter_image_type":"default","twitter_image_url":null,"twitter_image_custom_url":null,"twitter_image_custom_fields":null,"twitter_title":null,"twitter_description":null,"schema":{"blockGraphs":[],"customGraphs":[],"default":{"data":{"Article":[],"Course":[],"Dataset":[],"FAQPage":[],"Movie":[],"Person":[],"Product":[],"ProductReview":[],"Car":[],"Recipe":[],"Service":[],"SoftwareApplication":[],"WebPage":[]},"graphName":"","isEnabled":true},"graphs":[],"defaultGraph":"","defaultPostTypeGraph":""},"schema_type":null,"schema_type_options":null,"pillar_content":false,"robots_default":true,"robots_noindex":false,"robots_noarchive":false,"robots_nosnippet":false,"robots_nofollow":false,"robots_noimageindex":false,"robots_noodp":false,"robots_notranslate":false,"robots_max_snippet":null,"robots_max_videopreview":null,"robots_max_imagepreview":"large","priority":null,"frequency":null,"local_seo":null,"seo_analyzer_scan_date":"2025-12-05 12:02:13","breadcrumb_settings":null,"limit_modified_date":false,"open_ai":null,"ai":null,"created":"2020-12-21 13:02:37","updated":"2025-12-05 12:02:13","focus_keyword":null,"additional_keywords":null,"truseo_locale":null},"aioseo_breadcrumb":"<div class=\"aioseo-breadcrumbs\"><span class=\"aioseo-breadcrumb\">\n\t<a href=\"https:\/\/www.eldigitaldeasturias.com\/noticias\" title=\"Home\">Home<\/a>\n<\/span><span class=\"aioseo-breadcrumb-separator\">\u2013<\/span><span class=\"aioseo-breadcrumb\">\n\t<a href=\"https:\/\/www.eldigitaldeasturias.com\/noticias\/category\/actualidad\/\" title=\"Actualidad\">Actualidad<\/a>\n<\/span><span class=\"aioseo-breadcrumb-separator\">\u2013<\/span><span class=\"aioseo-breadcrumb\">\n\t<a href=\"https:\/\/www.eldigitaldeasturias.com\/noticias\/obras-de-mejora-en-el-area-hospitalaria-virgen-macarena-de-sevilla\/\" title=\"Obras de mejora en el \u00c1rea Hospitalaria Virgen Macarena de Sevilla\">Obras de mejora en el \u00c1rea Hospitalaria Virgen Macarena de Sevilla<\/a>\n<\/span><\/div>","aioseo_breadcrumb_json":[{"label":"Home","link":"https:\/\/www.eldigitaldeasturias.com\/noticias"},{"label":"Actualidad","link":"https:\/\/www.eldigitaldeasturias.com\/noticias\/category\/actualidad\/"},{"label":"Obras de mejora en el \u00c1rea Hospitalaria Virgen Macarena de Sevilla","link":"https:\/\/www.eldigitaldeasturias.com\/noticias\/obras-de-mejora-en-el-area-hospitalaria-virgen-macarena-de-sevilla\/"}],"_links":{"self":[{"href":"https:\/\/www.eldigitaldeasturias.com\/noticias\/wp-json\/wp\/v2\/posts\/949344","targetHints":{"allow":["GET"]}}],"collection":[{"href":"https:\/\/www.eldigitaldeasturias.com\/noticias\/wp-json\/wp\/v2\/posts"}],"about":[{"href":"https:\/\/www.eldigitaldeasturias.com\/noticias\/wp-json\/wp\/v2\/types\/post"}],"author":[{"embeddable":true,"href":"https:\/\/www.eldigitaldeasturias.com\/noticias\/wp-json\/wp\/v2\/users\/1"}],"replies":[{"embeddable":true,"href":"https:\/\/www.eldigitaldeasturias.com\/noticias\/wp-json\/wp\/v2\/comments?post=949344"}],"version-history":[{"count":0,"href":"https:\/\/www.eldigitaldeasturias.com\/noticias\/wp-json\/wp\/v2\/posts\/949344\/revisions"}],"wp:attachment":[{"href":"https:\/\/www.eldigitaldeasturias.com\/noticias\/wp-json\/wp\/v2\/media?parent=949344"}],"wp:term":[{"taxonomy":"category","embeddable":true,"href":"https:\/\/www.eldigitaldeasturias.com\/noticias\/wp-json\/wp\/v2\/categories?post=949344"},{"taxonomy":"post_tag","embeddable":true,"href":"https:\/\/www.eldigitaldeasturias.com\/noticias\/wp-json\/wp\/v2\/tags?post=949344"}],"curies":[{"name":"wp","href":"https:\/\/api.w.org\/{rel}","templated":true}]}}