{"id":949338,"date":"2017-08-10T23:09:09","date_gmt":"2017-08-10T23:09:09","guid":{"rendered":"http:\/\/www.eldigitaldeasturias.com\/noticias\/?p=949338"},"modified":"2017-08-10T23:09:09","modified_gmt":"2017-08-10T23:09:09","slug":"inaugurado-el-museo-del-jamon-de-calamocha","status":"publish","type":"post","link":"https:\/\/www.eldigitaldeasturias.com\/noticias\/inaugurado-el-museo-del-jamon-de-calamocha\/","title":{"rendered":"Inaugurado el Museo del Jam\u00f3n de Calamocha"},"content":{"rendered":"<p><img loading=\"lazy\" decoding=\"async\" class=\"alignleft size-medium wp-image-949339\" src=\"https:\/\/www.eldigitaldeasturias.com\/noticias\/wp-content\/uploads\/2017\/08\/557F84C3-360x159.jpg\" alt=\"\" width=\"360\" height=\"159\" \/>El presidente de Arag\u00f3n, Javier Lamb\u00e1n, ha inaugurado esta ma\u00f1ana el nuevo <strong>Museo del Jam\u00f3n de Calamocha<\/strong> en el marco de la apuesta del Ejecutivo por dos sectores estrat\u00e9gicos: la industria agroalimentaria y la log\u00edstica.<\/p>\n<p>El Gobierno de Arag\u00f3n ha invertido en diferentes etapas m\u00e1s de dos millones de euros en el Museo del Jam\u00f3n, en colaboraci\u00f3n con el Ayuntamiento de Calamocha. El Museo tiene como objetivo \u201cfomentar y promocionar la potente industria agroalimentaria aragonesa y promocionar el turismo en todo el Jiloca y Teruel\u201d, en palabras del presidente de Arag\u00f3n, Javier Lamb\u00e1n.<\/p>\n<p>Las obras del Museo, que se iniciaron en el a\u00f1o 1999 y han estado paralizadas varios a\u00f1os, han concluido recientemente. Adem\u00e1s, el presidente ha visitado las empresas Jamcal y Comercial Log\u00edstica de Calamocha, del grupo Valls Companys, que est\u00e1n ampliando sus instalaciones, trabajos que permitir\u00e1n mejorar su tecnolog\u00eda y crear m\u00e1s de cien nuevos empleos.<\/p>\n<p>Javier Lamb\u00e1n ha indicado que el Museo del Jam\u00f3n y la incorporaci\u00f3n de Calamocha a Arag\u00f3n Plataforma Log\u00edstica permitir\u00e1n desarrollar este centro log\u00edstico de la industria agroalimentaria. La industria del jam\u00f3n es la principal industria de la provincia de Teruel, con cerca de 2.000 empleos directos y 1.000 indirectos.<\/p>\n<p><strong>MUSEO Y LOGISTICA<\/strong><\/p>\n<p>El presidente Lamb\u00e1n ha inaugurado esta ma\u00f1ana en Calamocha, con su alcalde, Manuel Rando; el consejero de Presidencia, Vicente Guill\u00e9n: y el delegado territorial de la DGA en Teruel, Antonio Arrufat; el nuevo Museo del Jam\u00f3n, que ha quedado completado tras invertir en la \u00faltima fase 220.000 euros aportados por el Gobierno de Arag\u00f3n y el Ayuntamiento de Calamocha.<\/p>\n<p>El gerente del Museo de Jam\u00f3n, Francisco Mart\u00edn, ha explicado las caracter\u00edsticas de este nuevo equipamiento, que servir\u00e1 para poner de manifiesto la vinculaci\u00f3n de Calamocha y el Jiloca con el jam\u00f3n y los embutidos. Adem\u00e1s, contar\u00e1 con dos laboratorios especializados en el sector y un espacio para emprendedores. La gerencia del Museo del Jam\u00f3n es responsabilidad del Centro de Estudios del Jiloca.<\/p>\n<p>El alcalde del Calamocha ha puesto de relieve que el nuevo Museo del Jam\u00f3n, adem\u00e1s de promocionar el jam\u00f3n y los embutidos, tambi\u00e9n pretende promocionar los alimentos de Arag\u00f3n. De hecho, con el abono de la entrada (de tres o dos euros) se podr\u00e1n degustar alimentos de Calidad de Arag\u00f3n como la trufa de Sarri\u00f3n, el vino de Cari\u00f1ena o el queso de Albarrac\u00edn, entre otros.<\/p>\n<p>En este sentido, el presidente de Arag\u00f3n ha mostrado el apoyo del Gobierno de Arag\u00f3n para fomentar y promocionar las industrias agroalimentarias. Ha explicado el presidente que el Ejecutivo aragon\u00e9s ha publicado ya la convocatoria de ayudas anticipadas para 2018 que ayudan a las industrias agroalimentarias a transformar, comercializar y desarrollar sus productos agroalimentarios.<\/p>\n<p>Esta l\u00ednea de subvenciones supone 30.300.000 euros y ser\u00e1 financiada por el FEADER (16.059.000), la Comunidad Aut\u00f3noma (8.484.000 euros) y la Administraci\u00f3n General del Estado (5.757.000 euros).<\/p>\n<p>Javier Lamb\u00e1n ha indicado que el Gobierno de Arag\u00f3n tambi\u00e9n dispondr\u00e1 este a\u00f1o de una partida de 100.000 euros para promocionar la marca C\u00b4alial, sucesora de Arag\u00f3n Calidad Alimentaria, que re\u00fane a una veintena de empresas alimentarias que utilizan el sello de Arag\u00f3n. Entre todas ellas venden 1,7 kilogramos de alimentos y facturan m\u00e1s de 4 millones de euros.<\/p>\n<p>Adem\u00e1s, en septiembre comenzar\u00e1 el Grado Medio de Formaci\u00f3n Profesional de \u00abElaboraci\u00f3n de producci\u00f3n alimentaria\u00bb en el I.E.S. Valle del Jiloca deCalamocha. Este es uno de los 14 nuevos ciclos de F.P. que se ponen en marchan en Arag\u00f3n en el pr\u00f3ximo curso.<\/p>\n<p>La producci\u00f3n de jam\u00f3n de Teruel experiment\u00f3 en 2016 un notable aumento en 2016 con un incremento del 42 % de la entrada de jamones en fresco a los secaderos, con lo que estas cifras ratifican la recuperaci\u00f3n del producto.<\/p>\n<p><strong>CREACI\u00d3N DE EMPLEOS<\/strong><\/p>\n<p>Tras la visita al Museo del Jam\u00f3n, el presidente y el alcalde de Calamocha se han trasladado a visitar la empresa Jamcal y Comercial Log\u00edstica de Calamocha, del grupo Valls Companys. Esta compa\u00f1\u00eda va a invertir en Calamocha 78 millones de euros y prev\u00e9 crear m\u00e1s de 150 nuevos puestos de trabajo.<\/p>\n<p>El gerente de la empresa, Fernando Donaire, ha explicado los planes de expansi\u00f3n de la empresa que van a ocupar 75.000 metros cuadrados y que permitir\u00e1 pasar de una producci\u00f3n de un mill\u00f3n de jamones al a\u00f1o a tres millones. Jamcal contar\u00e1 adem\u00e1s con la sala de deshuese m\u00e1s moderna de Europa. Esta ampliaci\u00f3n conllevar\u00e1 la creaci\u00f3n de cien nuevos puestos de trabajo.<\/p>\n<p><strong>POLIGONO INDUSTRIAL<\/strong><\/p>\n<p>El alcalde de Calamocha, Manuel Rando, ha explicado que est\u00e1n urbanizando 22.500 metros en los que se van a instalar cinco microempresas y la ampliaci\u00f3n del Pol\u00edgono Agroalimentario con una inversi\u00f3n de 840.000 euros que se incrementar\u00e1 el pr\u00f3ximo a\u00f1o.<\/p>\n<p>El Ayuntamiento comprar\u00e1 en los pr\u00f3ximos meses otros 100.000 metros cuadrados m\u00e1s para este Pol\u00edgono en una apuesta clara por el sector agroalimentario.<\/p>\n<p>Adem\u00e1s, el Ayuntamiento de Calamocha contar\u00e1 con 400.000 metros cuadrados de suelo en el nuevo pol\u00edgono industrial, que proseguir\u00e1 las obras a final de a\u00f1o con una inversi\u00f3n de 1 mill\u00f3n de euros par la instalaci\u00f3n de futuras empresas.<\/p>\n<p><strong>VISITA A LA RESIDENCIA<\/strong><\/p>\n<p>Por \u00faltimo, el presidente del Gobierno de Arag\u00f3n ha completado su visita a Calamocha, con un recorrido por la nueva residencia que podr\u00eda estar finalizada para 2018 y tendr\u00eda 80 plazas inicialmente y 120 en la segunda fase. En esta residencia tendr\u00edan prioridad las personas dependientes.<\/p>\n<p>Esta residencia pretende dar servicio a la poblaci\u00f3n de Calamocha y de la zona. En dos a\u00f1os, el Gobierno de Arag\u00f3n ha invertido 2,7 millones de euros en un proyecto que superar\u00e1 al final los 3,5 millones de euros.<\/p>\n<p>&nbsp;<\/p>\n","protected":false},"excerpt":{"rendered":"<p>El presidente de Arag\u00f3n, Javier Lamb\u00e1n, ha inaugurado esta ma\u00f1ana el nuevo Museo del Jam\u00f3n de Calamocha en el marco de la apuesta del Ejecutivo por dos sectores estrat\u00e9gicos: la industria agroalimentaria y la log\u00edstica. El Gobierno de Arag\u00f3n ha invertido en diferentes etapas m\u00e1s de dos millones de euros en el Museo del Jam\u00f3n, [&hellip;]<\/p>\n","protected":false},"author":1,"featured_media":949339,"comment_status":"closed","ping_status":"closed","sticky":false,"template":"","format":"standard","meta":{"footnotes":""},"categories":[1],"tags":[],"class_list":["post-949338","post","type-post","status-publish","format-standard","has-post-thumbnail","hentry","category-actualidad"],"aioseo_notices":[],"aioseo_head":"\n\t\t<!-- All in One SEO Pro 5.0.1 - aioseo.com -->\n\t<meta name=\"description\" content=\"El presidente de Arag\u00f3n, Javier Lamb\u00e1n, ha inaugurado esta ma\u00f1ana el nuevo Museo del Jam\u00f3n de Calamocha en el marco de la apuesta del Ejecutivo por dos sectores estrat\u00e9gicos: la industria agroalimentaria y la log\u00edstica. El Gobierno de Arag\u00f3n ha invertido en diferentes etapas m\u00e1s de dos millones de euros en el Museo del Jam\u00f3n,\" \/>\n\t<meta name=\"robots\" content=\"max-image-preview:large\" \/>\n\t<meta name=\"author\" content=\"El Digital de Asturias\"\/>\n\t<meta name=\"google-site-verification\" content=\"UA-38556648-1\" \/>\n\t<meta name=\"msvalidate.01\" content=\"7dfe9f3f1b24437ab69f4f2559babe99\" \/>\n\t<meta name=\"keywords\" content=\"actualidad\" \/>\n\t<link rel=\"canonical\" href=\"https:\/\/www.eldigitaldeasturias.com\/noticias\/inaugurado-el-museo-del-jamon-de-calamocha\/\" \/>\n\t<meta name=\"generator\" content=\"All in One SEO Pro (AIOSEO) 5.0.1\" \/>\n\t\t<meta property=\"og:locale\" content=\"es_ES\" \/>\n\t\t<meta property=\"og:site_name\" content=\"El Digital de Asturias\" \/>\n\t\t<meta property=\"og:type\" content=\"article\" \/>\n\t\t<meta property=\"og:title\" content=\"Inaugurado el Museo del Jam\u00f3n de Calamocha - El Digital de Asturias\" \/>\n\t\t<meta property=\"og:description\" content=\"El presidente de Arag\u00f3n, Javier Lamb\u00e1n, ha inaugurado esta ma\u00f1ana el nuevo Museo del Jam\u00f3n de Calamocha en el marco de la apuesta del Ejecutivo por dos sectores estrat\u00e9gicos: la industria agroalimentaria y la log\u00edstica. El Gobierno de Arag\u00f3n ha invertido en diferentes etapas m\u00e1s de dos millones de euros en el Museo del Jam\u00f3n,\" \/>\n\t\t<meta property=\"og:url\" content=\"https:\/\/www.eldigitaldeasturias.com\/noticias\/inaugurado-el-museo-del-jamon-de-calamocha\/\" \/>\n\t\t<meta property=\"article:tag\" content=\"actualidad\" \/>\n\t\t<meta property=\"article:published_time\" content=\"2017-08-10T23:09:09+00:00\" \/>\n\t\t<meta property=\"article:modified_time\" content=\"2017-08-10T23:09:09+00:00\" \/>\n\t\t<meta property=\"article:publisher\" content=\"https:\/\/facebook.com\/eldigitaldeasturias\" \/>\n\t\t<meta name=\"twitter:card\" content=\"summary_large_image\" \/>\n\t\t<meta name=\"twitter:title\" content=\"Inaugurado el Museo del Jam\u00f3n de Calamocha - El Digital de Asturias\" \/>\n\t\t<meta name=\"twitter:description\" content=\"El presidente de Arag\u00f3n, Javier Lamb\u00e1n, ha inaugurado esta ma\u00f1ana el nuevo Museo del Jam\u00f3n de Calamocha en el marco de la apuesta del Ejecutivo por dos sectores estrat\u00e9gicos: la industria agroalimentaria y la log\u00edstica. El Gobierno de Arag\u00f3n ha invertido en diferentes etapas m\u00e1s de dos millones de euros en el Museo del Jam\u00f3n,\" \/>\n\t\t<meta name=\"twitter:image\" content=\"https:\/\/www.eldigitaldeasturias.com\/noticias\/wp-content\/uploads\/2020\/12\/EDA-1.jpg\" \/>\n\t\t<meta name=\"twitter:label1\" content=\"Escrito por\" \/>\n\t\t<meta name=\"twitter:data1\" content=\"El Digital de Asturias\" \/>\n\t\t<meta name=\"twitter:label2\" content=\"Tiempo de lectura estimado\" \/>\n\t\t<meta name=\"twitter:data2\" content=\"5 minutos\" \/>\n\t\t<script type=\"application\/ld+json\" class=\"aioseo-schema\">\n\t\t\t{\"@context\":\"https:\\\/\\\/schema.org\",\"@graph\":[{\"@type\":\"BlogPosting\",\"@id\":\"https:\\\/\\\/www.eldigitaldeasturias.com\\\/noticias\\\/inaugurado-el-museo-del-jamon-de-calamocha\\\/#blogposting\",\"name\":\"Inaugurado el Museo del Jam\\u00f3n de Calamocha - El Digital de Asturias\",\"headline\":\"Inaugurado el Museo del Jam\\u00f3n de Calamocha\",\"author\":{\"@id\":\"https:\\\/\\\/www.eldigitaldeasturias.com\\\/noticias\\\/author\\\/admin\\\/#author\"},\"publisher\":{\"@id\":\"https:\\\/\\\/www.eldigitaldeasturias.com\\\/noticias\\\/#organization\"},\"image\":{\"@type\":\"ImageObject\",\"url\":949339},\"datePublished\":\"2017-08-10T23:09:09+02:00\",\"dateModified\":\"2017-08-10T23:09:09+02:00\",\"inLanguage\":\"es-ES\",\"mainEntityOfPage\":{\"@id\":\"https:\\\/\\\/www.eldigitaldeasturias.com\\\/noticias\\\/inaugurado-el-museo-del-jamon-de-calamocha\\\/#webpage\"},\"isPartOf\":{\"@id\":\"https:\\\/\\\/www.eldigitaldeasturias.com\\\/noticias\\\/inaugurado-el-museo-del-jamon-de-calamocha\\\/#webpage\"},\"articleSection\":\"Actualidad\"},{\"@type\":\"BreadcrumbList\",\"@id\":\"https:\\\/\\\/www.eldigitaldeasturias.com\\\/noticias\\\/inaugurado-el-museo-del-jamon-de-calamocha\\\/#breadcrumblist\",\"itemListElement\":[{\"@type\":\"ListItem\",\"@id\":\"https:\\\/\\\/www.eldigitaldeasturias.com\\\/noticias#listItem\",\"position\":1,\"name\":\"Home\",\"item\":\"https:\\\/\\\/www.eldigitaldeasturias.com\\\/noticias\",\"nextItem\":{\"@type\":\"ListItem\",\"@id\":\"https:\\\/\\\/www.eldigitaldeasturias.com\\\/noticias\\\/category\\\/actualidad\\\/#listItem\",\"name\":\"Actualidad\"}},{\"@type\":\"ListItem\",\"@id\":\"https:\\\/\\\/www.eldigitaldeasturias.com\\\/noticias\\\/category\\\/actualidad\\\/#listItem\",\"position\":2,\"name\":\"Actualidad\",\"item\":\"https:\\\/\\\/www.eldigitaldeasturias.com\\\/noticias\\\/category\\\/actualidad\\\/\",\"nextItem\":{\"@type\":\"ListItem\",\"@id\":\"https:\\\/\\\/www.eldigitaldeasturias.com\\\/noticias\\\/inaugurado-el-museo-del-jamon-de-calamocha\\\/#listItem\",\"name\":\"Inaugurado el Museo del Jam\\u00f3n de Calamocha\"},\"previousItem\":{\"@type\":\"ListItem\",\"@id\":\"https:\\\/\\\/www.eldigitaldeasturias.com\\\/noticias#listItem\",\"name\":\"Home\"}},{\"@type\":\"ListItem\",\"@id\":\"https:\\\/\\\/www.eldigitaldeasturias.com\\\/noticias\\\/inaugurado-el-museo-del-jamon-de-calamocha\\\/#listItem\",\"position\":3,\"name\":\"Inaugurado el Museo del Jam\\u00f3n de Calamocha\",\"previousItem\":{\"@type\":\"ListItem\",\"@id\":\"https:\\\/\\\/www.eldigitaldeasturias.com\\\/noticias\\\/category\\\/actualidad\\\/#listItem\",\"name\":\"Actualidad\"}}]},{\"@type\":\"Organization\",\"@id\":\"https:\\\/\\\/www.eldigitaldeasturias.com\\\/noticias\\\/#organization\",\"name\":\"El Digital de Asturias\",\"description\":\"Hemeroteca\",\"url\":\"https:\\\/\\\/www.eldigitaldeasturias.com\\\/noticias\\\/\",\"email\":\"info@eldigitaldeasturias.com\",\"telephone\":\"+34652131393\",\"logo\":{\"@type\":\"ImageObject\",\"url\":\"https:\\\/\\\/www.eldigitaldeasturias.com\\\/noticias\\\/wp-content\\\/uploads\\\/2020\\\/12\\\/EDA.jpg\",\"@id\":\"https:\\\/\\\/www.eldigitaldeasturias.com\\\/noticias\\\/inaugurado-el-museo-del-jamon-de-calamocha\\\/#organizationLogo\"},\"image\":{\"@id\":\"https:\\\/\\\/www.eldigitaldeasturias.com\\\/noticias\\\/inaugurado-el-museo-del-jamon-de-calamocha\\\/#organizationLogo\"},\"sameAs\":[\"https:\\\/\\\/facebook.com\\\/eldigitaldeasturias\",\"https:\\\/\\\/www.youtube.com\\\/channel\\\/UCZP-2wLEB9Rv6erhFmqVnvg\"],\"address\":{\"@id\":\"https:\\\/\\\/www.eldigitaldeasturias.com\\\/noticias\\\/#postaladdress\",\"@type\":\"PostalAddress\",\"streetAddress\":\"san antonio 4\",\"postalCode\":\"33430\",\"addressLocality\":\"Cand\\u00e1s\",\"addressRegion\":\"Asturias\",\"addressCountry\":\"ES\"}},{\"@type\":\"Person\",\"@id\":\"https:\\\/\\\/www.eldigitaldeasturias.com\\\/noticias\\\/author\\\/admin\\\/#author\",\"url\":\"https:\\\/\\\/www.eldigitaldeasturias.com\\\/noticias\\\/author\\\/admin\\\/\",\"name\":\"El Digital de Asturias\",\"image\":{\"@type\":\"ImageObject\",\"@id\":\"https:\\\/\\\/www.eldigitaldeasturias.com\\\/noticias\\\/inaugurado-el-museo-del-jamon-de-calamocha\\\/#authorImage\",\"url\":\"https:\\\/\\\/secure.gravatar.com\\\/avatar\\\/df2aeffc32bcd13f8d26072ef8a91b623d677766deac7f97ca815868cd41bf5e?s=96&d=mm&r=g\",\"width\":96,\"height\":96,\"caption\":\"El Digital de Asturias\"}},{\"@type\":\"WebPage\",\"@id\":\"https:\\\/\\\/www.eldigitaldeasturias.com\\\/noticias\\\/inaugurado-el-museo-del-jamon-de-calamocha\\\/#webpage\",\"url\":\"https:\\\/\\\/www.eldigitaldeasturias.com\\\/noticias\\\/inaugurado-el-museo-del-jamon-de-calamocha\\\/\",\"name\":\"Inaugurado el Museo del Jam\\u00f3n de Calamocha - El Digital de Asturias\",\"description\":\"El presidente de Arag\\u00f3n, Javier Lamb\\u00e1n, ha inaugurado esta ma\\u00f1ana el nuevo Museo del Jam\\u00f3n de Calamocha en el marco de la apuesta del Ejecutivo por dos sectores estrat\\u00e9gicos: la industria agroalimentaria y la log\\u00edstica. El Gobierno de Arag\\u00f3n ha invertido en diferentes etapas m\\u00e1s de dos millones de euros en el Museo del Jam\\u00f3n,\",\"inLanguage\":\"es-ES\",\"isPartOf\":{\"@id\":\"https:\\\/\\\/www.eldigitaldeasturias.com\\\/noticias\\\/#website\"},\"breadcrumb\":{\"@id\":\"https:\\\/\\\/www.eldigitaldeasturias.com\\\/noticias\\\/inaugurado-el-museo-del-jamon-de-calamocha\\\/#breadcrumblist\"},\"author\":{\"@id\":\"https:\\\/\\\/www.eldigitaldeasturias.com\\\/noticias\\\/author\\\/admin\\\/#author\"},\"creator\":{\"@id\":\"https:\\\/\\\/www.eldigitaldeasturias.com\\\/noticias\\\/author\\\/admin\\\/#author\"},\"image\":{\"@type\":\"ImageObject\",\"url\":949339,\"@id\":\"https:\\\/\\\/www.eldigitaldeasturias.com\\\/noticias\\\/inaugurado-el-museo-del-jamon-de-calamocha\\\/#mainImage\"},\"primaryImageOfPage\":{\"@id\":\"https:\\\/\\\/www.eldigitaldeasturias.com\\\/noticias\\\/inaugurado-el-museo-del-jamon-de-calamocha\\\/#mainImage\"},\"datePublished\":\"2017-08-10T23:09:09+02:00\",\"dateModified\":\"2017-08-10T23:09:09+02:00\"},{\"@type\":\"WebSite\",\"@id\":\"https:\\\/\\\/www.eldigitaldeasturias.com\\\/noticias\\\/#website\",\"url\":\"https:\\\/\\\/www.eldigitaldeasturias.com\\\/noticias\\\/\",\"name\":\"El Digital de Asturias - Diario de actualidad y noticias\",\"alternateName\":\"El Digital de Asturias - Diario de actualidad y noticias\",\"description\":\"Hemeroteca\",\"inLanguage\":\"es-ES\",\"publisher\":{\"@id\":\"https:\\\/\\\/www.eldigitaldeasturias.com\\\/noticias\\\/#organization\"}}]}\n\t\t<\/script>\n\t\t<!-- All in One SEO Pro -->\r\n\t\t<title>Inaugurado el Museo del Jam\u00f3n de Calamocha - El Digital de Asturias<\/title>\n\n","aioseo_head_json":{"title":"Inaugurado el Museo del Jam\u00f3n de Calamocha - El Digital de Asturias","description":"El presidente de Arag\u00f3n, Javier Lamb\u00e1n, ha inaugurado esta ma\u00f1ana el nuevo Museo del Jam\u00f3n de Calamocha en el marco de la apuesta del Ejecutivo por dos sectores estrat\u00e9gicos: la industria agroalimentaria y la log\u00edstica. El Gobierno de Arag\u00f3n ha invertido en diferentes etapas m\u00e1s de dos millones de euros en el Museo del Jam\u00f3n,","canonical_url":"https:\/\/www.eldigitaldeasturias.com\/noticias\/inaugurado-el-museo-del-jamon-de-calamocha\/","robots":"max-image-preview:large","keywords":"actualidad","webmasterTools":{"google-site-verification":"UA-38556648-1","msvalidate.01":"7dfe9f3f1b24437ab69f4f2559babe99","miscellaneous":""},"schema":{"@context":"https:\/\/schema.org","@graph":[{"@type":"BlogPosting","@id":"https:\/\/www.eldigitaldeasturias.com\/noticias\/inaugurado-el-museo-del-jamon-de-calamocha\/#blogposting","name":"Inaugurado el Museo del Jam\u00f3n de Calamocha - El Digital de Asturias","headline":"Inaugurado el Museo del Jam\u00f3n de Calamocha","author":{"@id":"https:\/\/www.eldigitaldeasturias.com\/noticias\/author\/admin\/#author"},"publisher":{"@id":"https:\/\/www.eldigitaldeasturias.com\/noticias\/#organization"},"image":{"@type":"ImageObject","url":949339},"datePublished":"2017-08-10T23:09:09+02:00","dateModified":"2017-08-10T23:09:09+02:00","inLanguage":"es-ES","mainEntityOfPage":{"@id":"https:\/\/www.eldigitaldeasturias.com\/noticias\/inaugurado-el-museo-del-jamon-de-calamocha\/#webpage"},"isPartOf":{"@id":"https:\/\/www.eldigitaldeasturias.com\/noticias\/inaugurado-el-museo-del-jamon-de-calamocha\/#webpage"},"articleSection":"Actualidad"},{"@type":"BreadcrumbList","@id":"https:\/\/www.eldigitaldeasturias.com\/noticias\/inaugurado-el-museo-del-jamon-de-calamocha\/#breadcrumblist","itemListElement":[{"@type":"ListItem","@id":"https:\/\/www.eldigitaldeasturias.com\/noticias#listItem","position":1,"name":"Home","item":"https:\/\/www.eldigitaldeasturias.com\/noticias","nextItem":{"@type":"ListItem","@id":"https:\/\/www.eldigitaldeasturias.com\/noticias\/category\/actualidad\/#listItem","name":"Actualidad"}},{"@type":"ListItem","@id":"https:\/\/www.eldigitaldeasturias.com\/noticias\/category\/actualidad\/#listItem","position":2,"name":"Actualidad","item":"https:\/\/www.eldigitaldeasturias.com\/noticias\/category\/actualidad\/","nextItem":{"@type":"ListItem","@id":"https:\/\/www.eldigitaldeasturias.com\/noticias\/inaugurado-el-museo-del-jamon-de-calamocha\/#listItem","name":"Inaugurado el Museo del Jam\u00f3n de Calamocha"},"previousItem":{"@type":"ListItem","@id":"https:\/\/www.eldigitaldeasturias.com\/noticias#listItem","name":"Home"}},{"@type":"ListItem","@id":"https:\/\/www.eldigitaldeasturias.com\/noticias\/inaugurado-el-museo-del-jamon-de-calamocha\/#listItem","position":3,"name":"Inaugurado el Museo del Jam\u00f3n de Calamocha","previousItem":{"@type":"ListItem","@id":"https:\/\/www.eldigitaldeasturias.com\/noticias\/category\/actualidad\/#listItem","name":"Actualidad"}}]},{"@type":"Organization","@id":"https:\/\/www.eldigitaldeasturias.com\/noticias\/#organization","name":"El Digital de Asturias","description":"Hemeroteca","url":"https:\/\/www.eldigitaldeasturias.com\/noticias\/","email":"info@eldigitaldeasturias.com","telephone":"+34652131393","logo":{"@type":"ImageObject","url":"https:\/\/www.eldigitaldeasturias.com\/noticias\/wp-content\/uploads\/2020\/12\/EDA.jpg","@id":"https:\/\/www.eldigitaldeasturias.com\/noticias\/inaugurado-el-museo-del-jamon-de-calamocha\/#organizationLogo"},"image":{"@id":"https:\/\/www.eldigitaldeasturias.com\/noticias\/inaugurado-el-museo-del-jamon-de-calamocha\/#organizationLogo"},"sameAs":["https:\/\/facebook.com\/eldigitaldeasturias","https:\/\/www.youtube.com\/channel\/UCZP-2wLEB9Rv6erhFmqVnvg"],"address":{"@id":"https:\/\/www.eldigitaldeasturias.com\/noticias\/#postaladdress","@type":"PostalAddress","streetAddress":"san antonio 4","postalCode":"33430","addressLocality":"Cand\u00e1s","addressRegion":"Asturias","addressCountry":"ES"}},{"@type":"Person","@id":"https:\/\/www.eldigitaldeasturias.com\/noticias\/author\/admin\/#author","url":"https:\/\/www.eldigitaldeasturias.com\/noticias\/author\/admin\/","name":"El Digital de Asturias","image":{"@type":"ImageObject","@id":"https:\/\/www.eldigitaldeasturias.com\/noticias\/inaugurado-el-museo-del-jamon-de-calamocha\/#authorImage","url":"https:\/\/secure.gravatar.com\/avatar\/df2aeffc32bcd13f8d26072ef8a91b623d677766deac7f97ca815868cd41bf5e?s=96&d=mm&r=g","width":96,"height":96,"caption":"El Digital de Asturias"}},{"@type":"WebPage","@id":"https:\/\/www.eldigitaldeasturias.com\/noticias\/inaugurado-el-museo-del-jamon-de-calamocha\/#webpage","url":"https:\/\/www.eldigitaldeasturias.com\/noticias\/inaugurado-el-museo-del-jamon-de-calamocha\/","name":"Inaugurado el Museo del Jam\u00f3n de Calamocha - El Digital de Asturias","description":"El presidente de Arag\u00f3n, Javier Lamb\u00e1n, ha inaugurado esta ma\u00f1ana el nuevo Museo del Jam\u00f3n de Calamocha en el marco de la apuesta del Ejecutivo por dos sectores estrat\u00e9gicos: la industria agroalimentaria y la log\u00edstica. El Gobierno de Arag\u00f3n ha invertido en diferentes etapas m\u00e1s de dos millones de euros en el Museo del Jam\u00f3n,","inLanguage":"es-ES","isPartOf":{"@id":"https:\/\/www.eldigitaldeasturias.com\/noticias\/#website"},"breadcrumb":{"@id":"https:\/\/www.eldigitaldeasturias.com\/noticias\/inaugurado-el-museo-del-jamon-de-calamocha\/#breadcrumblist"},"author":{"@id":"https:\/\/www.eldigitaldeasturias.com\/noticias\/author\/admin\/#author"},"creator":{"@id":"https:\/\/www.eldigitaldeasturias.com\/noticias\/author\/admin\/#author"},"image":{"@type":"ImageObject","url":949339,"@id":"https:\/\/www.eldigitaldeasturias.com\/noticias\/inaugurado-el-museo-del-jamon-de-calamocha\/#mainImage"},"primaryImageOfPage":{"@id":"https:\/\/www.eldigitaldeasturias.com\/noticias\/inaugurado-el-museo-del-jamon-de-calamocha\/#mainImage"},"datePublished":"2017-08-10T23:09:09+02:00","dateModified":"2017-08-10T23:09:09+02:00"},{"@type":"WebSite","@id":"https:\/\/www.eldigitaldeasturias.com\/noticias\/#website","url":"https:\/\/www.eldigitaldeasturias.com\/noticias\/","name":"El Digital de Asturias - Diario de actualidad y noticias","alternateName":"El Digital de Asturias - Diario de actualidad y noticias","description":"Hemeroteca","inLanguage":"es-ES","publisher":{"@id":"https:\/\/www.eldigitaldeasturias.com\/noticias\/#organization"}}]},"og:locale":"es_ES","og:site_name":"El Digital de Asturias","og:type":"article","og:title":"Inaugurado el Museo del Jam\u00f3n de Calamocha - El Digital de Asturias","og:description":"El presidente de Arag\u00f3n, Javier Lamb\u00e1n, ha inaugurado esta ma\u00f1ana el nuevo Museo del Jam\u00f3n de Calamocha en el marco de la apuesta del Ejecutivo por dos sectores estrat\u00e9gicos: la industria agroalimentaria y la log\u00edstica. El Gobierno de Arag\u00f3n ha invertido en diferentes etapas m\u00e1s de dos millones de euros en el Museo del Jam\u00f3n,","og:url":"https:\/\/www.eldigitaldeasturias.com\/noticias\/inaugurado-el-museo-del-jamon-de-calamocha\/","article:tag":["actualidad"],"article:published_time":"2017-08-10T23:09:09+00:00","article:modified_time":"2017-08-10T23:09:09+00:00","article:publisher":"https:\/\/facebook.com\/eldigitaldeasturias","twitter:card":"summary_large_image","twitter:title":"Inaugurado el Museo del Jam\u00f3n de Calamocha - El Digital de Asturias","twitter:description":"El presidente de Arag\u00f3n, Javier Lamb\u00e1n, ha inaugurado esta ma\u00f1ana el nuevo Museo del Jam\u00f3n de Calamocha en el marco de la apuesta del Ejecutivo por dos sectores estrat\u00e9gicos: la industria agroalimentaria y la log\u00edstica. El Gobierno de Arag\u00f3n ha invertido en diferentes etapas m\u00e1s de dos millones de euros en el Museo del Jam\u00f3n,","twitter:image":"https:\/\/www.eldigitaldeasturias.com\/noticias\/wp-content\/uploads\/2020\/12\/EDA-1.jpg","twitter:label1":"Escrito por","twitter:data1":"El Digital de Asturias","twitter:label2":"Tiempo de lectura estimado","twitter:data2":"5 minutos"},"aioseo_meta_data":{"post_id":"949338","title":null,"description":null,"keywords":null,"keyphrases":null,"primary_term":null,"canonical_url":null,"og_title":null,"og_description":null,"og_object_type":"default","og_image_type":"default","og_image_url":null,"og_image_width":null,"og_image_height":null,"og_image_custom_url":null,"og_image_custom_fields":null,"og_video":null,"og_custom_url":null,"og_article_section":null,"og_article_tags":null,"twitter_use_og":false,"twitter_card":"default","twitter_image_type":"default","twitter_image_url":null,"twitter_image_custom_url":null,"twitter_image_custom_fields":null,"twitter_title":null,"twitter_description":null,"schema":{"blockGraphs":[],"customGraphs":[],"default":{"data":{"Article":[],"Course":[],"Dataset":[],"FAQPage":[],"Movie":[],"Person":[],"Product":[],"ProductReview":[],"Car":[],"Recipe":[],"Service":[],"SoftwareApplication":[],"WebPage":[]},"graphName":"","isEnabled":true},"graphs":[],"defaultGraph":"","defaultPostTypeGraph":""},"schema_type":null,"schema_type_options":null,"pillar_content":false,"robots_default":true,"robots_noindex":false,"robots_noarchive":false,"robots_nosnippet":false,"robots_nofollow":false,"robots_noimageindex":false,"robots_noodp":false,"robots_notranslate":false,"robots_max_snippet":null,"robots_max_videopreview":null,"robots_max_imagepreview":"large","priority":null,"frequency":null,"local_seo":null,"seo_analyzer_scan_date":"2025-12-05 12:02:12","breadcrumb_settings":null,"limit_modified_date":false,"open_ai":null,"ai":null,"created":"2020-12-21 13:02:37","updated":"2025-12-05 12:02:12","focus_keyword":null,"additional_keywords":null,"truseo_locale":null},"aioseo_breadcrumb":"<div class=\"aioseo-breadcrumbs\"><span class=\"aioseo-breadcrumb\">\n\t<a href=\"https:\/\/www.eldigitaldeasturias.com\/noticias\" title=\"Home\">Home<\/a>\n<\/span><span class=\"aioseo-breadcrumb-separator\">\u2013<\/span><span class=\"aioseo-breadcrumb\">\n\t<a href=\"https:\/\/www.eldigitaldeasturias.com\/noticias\/category\/actualidad\/\" title=\"Actualidad\">Actualidad<\/a>\n<\/span><span class=\"aioseo-breadcrumb-separator\">\u2013<\/span><span class=\"aioseo-breadcrumb\">\n\t<a href=\"https:\/\/www.eldigitaldeasturias.com\/noticias\/inaugurado-el-museo-del-jamon-de-calamocha\/\" title=\"Inaugurado el Museo del Jam\u00f3n de Calamocha\">Inaugurado el Museo del Jam\u00f3n de Calamocha<\/a>\n<\/span><\/div>","aioseo_breadcrumb_json":[{"label":"Home","link":"https:\/\/www.eldigitaldeasturias.com\/noticias"},{"label":"Actualidad","link":"https:\/\/www.eldigitaldeasturias.com\/noticias\/category\/actualidad\/"},{"label":"Inaugurado el Museo del Jam\u00f3n de Calamocha","link":"https:\/\/www.eldigitaldeasturias.com\/noticias\/inaugurado-el-museo-del-jamon-de-calamocha\/"}],"_links":{"self":[{"href":"https:\/\/www.eldigitaldeasturias.com\/noticias\/wp-json\/wp\/v2\/posts\/949338","targetHints":{"allow":["GET"]}}],"collection":[{"href":"https:\/\/www.eldigitaldeasturias.com\/noticias\/wp-json\/wp\/v2\/posts"}],"about":[{"href":"https:\/\/www.eldigitaldeasturias.com\/noticias\/wp-json\/wp\/v2\/types\/post"}],"author":[{"embeddable":true,"href":"https:\/\/www.eldigitaldeasturias.com\/noticias\/wp-json\/wp\/v2\/users\/1"}],"replies":[{"embeddable":true,"href":"https:\/\/www.eldigitaldeasturias.com\/noticias\/wp-json\/wp\/v2\/comments?post=949338"}],"version-history":[{"count":0,"href":"https:\/\/www.eldigitaldeasturias.com\/noticias\/wp-json\/wp\/v2\/posts\/949338\/revisions"}],"wp:attachment":[{"href":"https:\/\/www.eldigitaldeasturias.com\/noticias\/wp-json\/wp\/v2\/media?parent=949338"}],"wp:term":[{"taxonomy":"category","embeddable":true,"href":"https:\/\/www.eldigitaldeasturias.com\/noticias\/wp-json\/wp\/v2\/categories?post=949338"},{"taxonomy":"post_tag","embeddable":true,"href":"https:\/\/www.eldigitaldeasturias.com\/noticias\/wp-json\/wp\/v2\/tags?post=949338"}],"curies":[{"name":"wp","href":"https:\/\/api.w.org\/{rel}","templated":true}]}}