{"id":949332,"date":"2017-08-10T23:03:27","date_gmt":"2017-08-10T23:03:27","guid":{"rendered":"http:\/\/www.eldigitaldeasturias.com\/noticias\/?p=949332"},"modified":"2017-08-10T23:03:27","modified_gmt":"2017-08-10T23:03:27","slug":"aragon-apuesta-por-la-mejora-de-la-calidad-turistica","status":"publish","type":"post","link":"https:\/\/www.eldigitaldeasturias.com\/noticias\/aragon-apuesta-por-la-mejora-de-la-calidad-turistica\/","title":{"rendered":"Arag\u00f3n apuesta por la mejora de la calidad tur\u00edstica"},"content":{"rendered":"<p><img loading=\"lazy\" decoding=\"async\" class=\"alignleft size-medium wp-image-949333\" src=\"https:\/\/www.eldigitaldeasturias.com\/noticias\/wp-content\/uploads\/2017\/08\/MG_7700_Foto_Luis_Correas_GA-360x159.jpg\" alt=\"\" width=\"360\" height=\"159\" \/>El departamento de Vertebraci\u00f3n del Territorio, Movilidad y Vivienda, ha publicado la Orden por la que se resuelve la convocatoria de subvenciones con destino a entidades privadas tur\u00edsticas sin \u00e1nimo de lucro para actuaciones de promoci\u00f3n tur\u00edstica. Se destina un total de 681.295,63 euros para las acciones de promoci\u00f3n que llevar\u00e1n a cabo 88 entidades. La directora general de Turismo, Marisa Romero, explica que las principales acciones de promoci\u00f3n se centran en la asistencia a ferias, edici\u00f3n de materiales promocionales y puesta en marcha de eventos de promoci\u00f3n. En el caso de las subvenciones a las entidades se alcanza el 80% del importe de las propuestas presentadas.<\/p>\n<p>Por otro lado tambi\u00e9n, tambi\u00e9n se ha resuelto la convocatoria de subvenciones a fondo perdido con destino a empresas para actuaciones de infraestructuras tur\u00edsticas. En este caso la cuant\u00eda de las subvenciones alcanza los 569.046,06 euros y se beneficiar\u00e1n un total de 83 empresas. Las subvenciones pueden alcanzar como m\u00e1ximo el 20% del presupuesto, excepto en el caso de las empresas de turismo activo, que asciende hasta el 25%.<\/p>\n<p>Marisa Romero se\u00f1ala que \u201clas principales acciones que se subvencionan tienen que ver con las mejoras para el ahorro energ\u00e9tico\u201d y concreta que \u201cse destinar\u00e1n 138.000 euros del total de la subvenci\u00f3n para trabajos en este sentido\u201d. La eliminaci\u00f3n de las barreras arquitect\u00f3nicas en las infraestructuras tur\u00edsticas del sector privado recibir\u00e1, en total, 123.000 euros del importe total de la subvenci\u00f3n de 2017 y las mejoras en climatizaci\u00f3n y abastecimiento de agua recibir\u00e1n en total 118.000 euros. Otras las mejoras a las que se destina la subvenci\u00f3n son mejora de los elementos de descanso, mejora en la seguridad de las instalaciones, mejora de las telecomunicaciones\u2026<\/p>\n<p>Por otro lado, se destina otra cantidad importante a la adquisici\u00f3n de material para el desarrollo de deportes de aventura. Marisa Romero recuerda la importancia de las actividades \u201cpara seguir fomentando que Arag\u00f3n sea un destino de experiencias\u201d. Adem\u00e1s se\u00f1ala que este tipo de actividades \u201cson fundamentales para fijar poblaci\u00f3n y actividad econ\u00f3mica en el medio rural\u201d.<\/p>\n<p>&nbsp;<\/p>\n","protected":false},"excerpt":{"rendered":"<p>El departamento de Vertebraci\u00f3n del Territorio, Movilidad y Vivienda, ha publicado la Orden por la que se resuelve la convocatoria de subvenciones con destino a entidades privadas tur\u00edsticas sin \u00e1nimo de lucro para actuaciones de promoci\u00f3n tur\u00edstica. Se destina un total de 681.295,63 euros para las acciones de promoci\u00f3n que llevar\u00e1n a cabo 88 entidades. [&hellip;]<\/p>\n","protected":false},"author":1,"featured_media":949333,"comment_status":"closed","ping_status":"closed","sticky":false,"template":"","format":"standard","meta":{"footnotes":""},"categories":[1],"tags":[],"class_list":["post-949332","post","type-post","status-publish","format-standard","has-post-thumbnail","hentry","category-actualidad"],"aioseo_notices":[],"aioseo_head":"\n\t\t<!-- All in One SEO Pro 5.0.1 - aioseo.com -->\n\t<meta name=\"description\" content=\"El departamento de Vertebraci\u00f3n del Territorio, Movilidad y Vivienda, ha publicado la Orden por la que se resuelve la convocatoria de subvenciones con destino a entidades privadas tur\u00edsticas sin \u00e1nimo de lucro para actuaciones de promoci\u00f3n tur\u00edstica. Se destina un total de 681.295,63 euros para las acciones de promoci\u00f3n que llevar\u00e1n a cabo 88 entidades.\" \/>\n\t<meta name=\"robots\" content=\"max-image-preview:large\" \/>\n\t<meta name=\"author\" content=\"El Digital de Asturias\"\/>\n\t<meta name=\"google-site-verification\" content=\"UA-38556648-1\" \/>\n\t<meta name=\"msvalidate.01\" content=\"7dfe9f3f1b24437ab69f4f2559babe99\" \/>\n\t<meta name=\"keywords\" content=\"actualidad\" \/>\n\t<link rel=\"canonical\" href=\"https:\/\/www.eldigitaldeasturias.com\/noticias\/aragon-apuesta-por-la-mejora-de-la-calidad-turistica\/\" \/>\n\t<meta name=\"generator\" content=\"All in One SEO Pro (AIOSEO) 5.0.1\" \/>\n\t\t<meta property=\"og:locale\" content=\"es_ES\" \/>\n\t\t<meta property=\"og:site_name\" content=\"El Digital de Asturias\" \/>\n\t\t<meta property=\"og:type\" content=\"article\" \/>\n\t\t<meta property=\"og:title\" content=\"Arag\u00f3n apuesta por la mejora de la calidad tur\u00edstica - El Digital de Asturias\" \/>\n\t\t<meta property=\"og:description\" content=\"El departamento de Vertebraci\u00f3n del Territorio, Movilidad y Vivienda, ha publicado la Orden por la que se resuelve la convocatoria de subvenciones con destino a entidades privadas tur\u00edsticas sin \u00e1nimo de lucro para actuaciones de promoci\u00f3n tur\u00edstica. Se destina un total de 681.295,63 euros para las acciones de promoci\u00f3n que llevar\u00e1n a cabo 88 entidades.\" \/>\n\t\t<meta property=\"og:url\" content=\"https:\/\/www.eldigitaldeasturias.com\/noticias\/aragon-apuesta-por-la-mejora-de-la-calidad-turistica\/\" \/>\n\t\t<meta property=\"article:tag\" content=\"actualidad\" \/>\n\t\t<meta property=\"article:published_time\" content=\"2017-08-10T23:03:27+00:00\" \/>\n\t\t<meta property=\"article:modified_time\" content=\"2017-08-10T23:03:27+00:00\" \/>\n\t\t<meta property=\"article:publisher\" content=\"https:\/\/facebook.com\/eldigitaldeasturias\" \/>\n\t\t<meta name=\"twitter:card\" content=\"summary_large_image\" \/>\n\t\t<meta name=\"twitter:title\" content=\"Arag\u00f3n apuesta por la mejora de la calidad tur\u00edstica - El Digital de Asturias\" \/>\n\t\t<meta name=\"twitter:description\" content=\"El departamento de Vertebraci\u00f3n del Territorio, Movilidad y Vivienda, ha publicado la Orden por la que se resuelve la convocatoria de subvenciones con destino a entidades privadas tur\u00edsticas sin \u00e1nimo de lucro para actuaciones de promoci\u00f3n tur\u00edstica. Se destina un total de 681.295,63 euros para las acciones de promoci\u00f3n que llevar\u00e1n a cabo 88 entidades.\" \/>\n\t\t<meta name=\"twitter:image\" content=\"https:\/\/www.eldigitaldeasturias.com\/noticias\/wp-content\/uploads\/2020\/12\/EDA-1.jpg\" \/>\n\t\t<meta name=\"twitter:label1\" content=\"Escrito por\" \/>\n\t\t<meta name=\"twitter:data1\" content=\"El Digital de Asturias\" \/>\n\t\t<meta name=\"twitter:label2\" content=\"Tiempo de lectura estimado\" \/>\n\t\t<meta name=\"twitter:data2\" content=\"2 minutos\" \/>\n\t\t<script type=\"application\/ld+json\" class=\"aioseo-schema\">\n\t\t\t{\"@context\":\"https:\\\/\\\/schema.org\",\"@graph\":[{\"@type\":\"BlogPosting\",\"@id\":\"https:\\\/\\\/www.eldigitaldeasturias.com\\\/noticias\\\/aragon-apuesta-por-la-mejora-de-la-calidad-turistica\\\/#blogposting\",\"name\":\"Arag\\u00f3n apuesta por la mejora de la calidad tur\\u00edstica - El Digital de Asturias\",\"headline\":\"Arag\\u00f3n apuesta por la mejora de la calidad tur\\u00edstica\",\"author\":{\"@id\":\"https:\\\/\\\/www.eldigitaldeasturias.com\\\/noticias\\\/author\\\/admin\\\/#author\"},\"publisher\":{\"@id\":\"https:\\\/\\\/www.eldigitaldeasturias.com\\\/noticias\\\/#organization\"},\"image\":{\"@type\":\"ImageObject\",\"url\":949333},\"datePublished\":\"2017-08-10T23:03:27+02:00\",\"dateModified\":\"2017-08-10T23:03:27+02:00\",\"inLanguage\":\"es-ES\",\"mainEntityOfPage\":{\"@id\":\"https:\\\/\\\/www.eldigitaldeasturias.com\\\/noticias\\\/aragon-apuesta-por-la-mejora-de-la-calidad-turistica\\\/#webpage\"},\"isPartOf\":{\"@id\":\"https:\\\/\\\/www.eldigitaldeasturias.com\\\/noticias\\\/aragon-apuesta-por-la-mejora-de-la-calidad-turistica\\\/#webpage\"},\"articleSection\":\"Actualidad\"},{\"@type\":\"BreadcrumbList\",\"@id\":\"https:\\\/\\\/www.eldigitaldeasturias.com\\\/noticias\\\/aragon-apuesta-por-la-mejora-de-la-calidad-turistica\\\/#breadcrumblist\",\"itemListElement\":[{\"@type\":\"ListItem\",\"@id\":\"https:\\\/\\\/www.eldigitaldeasturias.com\\\/noticias#listItem\",\"position\":1,\"name\":\"Home\",\"item\":\"https:\\\/\\\/www.eldigitaldeasturias.com\\\/noticias\",\"nextItem\":{\"@type\":\"ListItem\",\"@id\":\"https:\\\/\\\/www.eldigitaldeasturias.com\\\/noticias\\\/category\\\/actualidad\\\/#listItem\",\"name\":\"Actualidad\"}},{\"@type\":\"ListItem\",\"@id\":\"https:\\\/\\\/www.eldigitaldeasturias.com\\\/noticias\\\/category\\\/actualidad\\\/#listItem\",\"position\":2,\"name\":\"Actualidad\",\"item\":\"https:\\\/\\\/www.eldigitaldeasturias.com\\\/noticias\\\/category\\\/actualidad\\\/\",\"nextItem\":{\"@type\":\"ListItem\",\"@id\":\"https:\\\/\\\/www.eldigitaldeasturias.com\\\/noticias\\\/aragon-apuesta-por-la-mejora-de-la-calidad-turistica\\\/#listItem\",\"name\":\"Arag\\u00f3n apuesta por la mejora de la calidad tur\\u00edstica\"},\"previousItem\":{\"@type\":\"ListItem\",\"@id\":\"https:\\\/\\\/www.eldigitaldeasturias.com\\\/noticias#listItem\",\"name\":\"Home\"}},{\"@type\":\"ListItem\",\"@id\":\"https:\\\/\\\/www.eldigitaldeasturias.com\\\/noticias\\\/aragon-apuesta-por-la-mejora-de-la-calidad-turistica\\\/#listItem\",\"position\":3,\"name\":\"Arag\\u00f3n apuesta por la mejora de la calidad tur\\u00edstica\",\"previousItem\":{\"@type\":\"ListItem\",\"@id\":\"https:\\\/\\\/www.eldigitaldeasturias.com\\\/noticias\\\/category\\\/actualidad\\\/#listItem\",\"name\":\"Actualidad\"}}]},{\"@type\":\"Organization\",\"@id\":\"https:\\\/\\\/www.eldigitaldeasturias.com\\\/noticias\\\/#organization\",\"name\":\"El Digital de Asturias\",\"description\":\"Hemeroteca\",\"url\":\"https:\\\/\\\/www.eldigitaldeasturias.com\\\/noticias\\\/\",\"email\":\"info@eldigitaldeasturias.com\",\"telephone\":\"+34652131393\",\"logo\":{\"@type\":\"ImageObject\",\"url\":\"https:\\\/\\\/www.eldigitaldeasturias.com\\\/noticias\\\/wp-content\\\/uploads\\\/2020\\\/12\\\/EDA.jpg\",\"@id\":\"https:\\\/\\\/www.eldigitaldeasturias.com\\\/noticias\\\/aragon-apuesta-por-la-mejora-de-la-calidad-turistica\\\/#organizationLogo\"},\"image\":{\"@id\":\"https:\\\/\\\/www.eldigitaldeasturias.com\\\/noticias\\\/aragon-apuesta-por-la-mejora-de-la-calidad-turistica\\\/#organizationLogo\"},\"sameAs\":[\"https:\\\/\\\/facebook.com\\\/eldigitaldeasturias\",\"https:\\\/\\\/www.youtube.com\\\/channel\\\/UCZP-2wLEB9Rv6erhFmqVnvg\"],\"address\":{\"@id\":\"https:\\\/\\\/www.eldigitaldeasturias.com\\\/noticias\\\/#postaladdress\",\"@type\":\"PostalAddress\",\"streetAddress\":\"san antonio 4\",\"postalCode\":\"33430\",\"addressLocality\":\"Cand\\u00e1s\",\"addressRegion\":\"Asturias\",\"addressCountry\":\"ES\"}},{\"@type\":\"Person\",\"@id\":\"https:\\\/\\\/www.eldigitaldeasturias.com\\\/noticias\\\/author\\\/admin\\\/#author\",\"url\":\"https:\\\/\\\/www.eldigitaldeasturias.com\\\/noticias\\\/author\\\/admin\\\/\",\"name\":\"El Digital de Asturias\",\"image\":{\"@type\":\"ImageObject\",\"@id\":\"https:\\\/\\\/www.eldigitaldeasturias.com\\\/noticias\\\/aragon-apuesta-por-la-mejora-de-la-calidad-turistica\\\/#authorImage\",\"url\":\"https:\\\/\\\/secure.gravatar.com\\\/avatar\\\/df2aeffc32bcd13f8d26072ef8a91b623d677766deac7f97ca815868cd41bf5e?s=96&d=mm&r=g\",\"width\":96,\"height\":96,\"caption\":\"El Digital de Asturias\"}},{\"@type\":\"WebPage\",\"@id\":\"https:\\\/\\\/www.eldigitaldeasturias.com\\\/noticias\\\/aragon-apuesta-por-la-mejora-de-la-calidad-turistica\\\/#webpage\",\"url\":\"https:\\\/\\\/www.eldigitaldeasturias.com\\\/noticias\\\/aragon-apuesta-por-la-mejora-de-la-calidad-turistica\\\/\",\"name\":\"Arag\\u00f3n apuesta por la mejora de la calidad tur\\u00edstica - El Digital de Asturias\",\"description\":\"El departamento de Vertebraci\\u00f3n del Territorio, Movilidad y Vivienda, ha publicado la Orden por la que se resuelve la convocatoria de subvenciones con destino a entidades privadas tur\\u00edsticas sin \\u00e1nimo de lucro para actuaciones de promoci\\u00f3n tur\\u00edstica. Se destina un total de 681.295,63 euros para las acciones de promoci\\u00f3n que llevar\\u00e1n a cabo 88 entidades.\",\"inLanguage\":\"es-ES\",\"isPartOf\":{\"@id\":\"https:\\\/\\\/www.eldigitaldeasturias.com\\\/noticias\\\/#website\"},\"breadcrumb\":{\"@id\":\"https:\\\/\\\/www.eldigitaldeasturias.com\\\/noticias\\\/aragon-apuesta-por-la-mejora-de-la-calidad-turistica\\\/#breadcrumblist\"},\"author\":{\"@id\":\"https:\\\/\\\/www.eldigitaldeasturias.com\\\/noticias\\\/author\\\/admin\\\/#author\"},\"creator\":{\"@id\":\"https:\\\/\\\/www.eldigitaldeasturias.com\\\/noticias\\\/author\\\/admin\\\/#author\"},\"image\":{\"@type\":\"ImageObject\",\"url\":949333,\"@id\":\"https:\\\/\\\/www.eldigitaldeasturias.com\\\/noticias\\\/aragon-apuesta-por-la-mejora-de-la-calidad-turistica\\\/#mainImage\"},\"primaryImageOfPage\":{\"@id\":\"https:\\\/\\\/www.eldigitaldeasturias.com\\\/noticias\\\/aragon-apuesta-por-la-mejora-de-la-calidad-turistica\\\/#mainImage\"},\"datePublished\":\"2017-08-10T23:03:27+02:00\",\"dateModified\":\"2017-08-10T23:03:27+02:00\"},{\"@type\":\"WebSite\",\"@id\":\"https:\\\/\\\/www.eldigitaldeasturias.com\\\/noticias\\\/#website\",\"url\":\"https:\\\/\\\/www.eldigitaldeasturias.com\\\/noticias\\\/\",\"name\":\"El Digital de Asturias - Diario de actualidad y noticias\",\"alternateName\":\"El Digital de Asturias - Diario de actualidad y noticias\",\"description\":\"Hemeroteca\",\"inLanguage\":\"es-ES\",\"publisher\":{\"@id\":\"https:\\\/\\\/www.eldigitaldeasturias.com\\\/noticias\\\/#organization\"}}]}\n\t\t<\/script>\n\t\t<!-- All in One SEO Pro -->\r\n\t\t<title>Arag\u00f3n apuesta por la mejora de la calidad tur\u00edstica - El Digital de Asturias<\/title>\n\n","aioseo_head_json":{"title":"Arag\u00f3n apuesta por la mejora de la calidad tur\u00edstica - El Digital de Asturias","description":"El departamento de Vertebraci\u00f3n del Territorio, Movilidad y Vivienda, ha publicado la Orden por la que se resuelve la convocatoria de subvenciones con destino a entidades privadas tur\u00edsticas sin \u00e1nimo de lucro para actuaciones de promoci\u00f3n tur\u00edstica. Se destina un total de 681.295,63 euros para las acciones de promoci\u00f3n que llevar\u00e1n a cabo 88 entidades.","canonical_url":"https:\/\/www.eldigitaldeasturias.com\/noticias\/aragon-apuesta-por-la-mejora-de-la-calidad-turistica\/","robots":"max-image-preview:large","keywords":"actualidad","webmasterTools":{"google-site-verification":"UA-38556648-1","msvalidate.01":"7dfe9f3f1b24437ab69f4f2559babe99","miscellaneous":""},"schema":{"@context":"https:\/\/schema.org","@graph":[{"@type":"BlogPosting","@id":"https:\/\/www.eldigitaldeasturias.com\/noticias\/aragon-apuesta-por-la-mejora-de-la-calidad-turistica\/#blogposting","name":"Arag\u00f3n apuesta por la mejora de la calidad tur\u00edstica - El Digital de Asturias","headline":"Arag\u00f3n apuesta por la mejora de la calidad tur\u00edstica","author":{"@id":"https:\/\/www.eldigitaldeasturias.com\/noticias\/author\/admin\/#author"},"publisher":{"@id":"https:\/\/www.eldigitaldeasturias.com\/noticias\/#organization"},"image":{"@type":"ImageObject","url":949333},"datePublished":"2017-08-10T23:03:27+02:00","dateModified":"2017-08-10T23:03:27+02:00","inLanguage":"es-ES","mainEntityOfPage":{"@id":"https:\/\/www.eldigitaldeasturias.com\/noticias\/aragon-apuesta-por-la-mejora-de-la-calidad-turistica\/#webpage"},"isPartOf":{"@id":"https:\/\/www.eldigitaldeasturias.com\/noticias\/aragon-apuesta-por-la-mejora-de-la-calidad-turistica\/#webpage"},"articleSection":"Actualidad"},{"@type":"BreadcrumbList","@id":"https:\/\/www.eldigitaldeasturias.com\/noticias\/aragon-apuesta-por-la-mejora-de-la-calidad-turistica\/#breadcrumblist","itemListElement":[{"@type":"ListItem","@id":"https:\/\/www.eldigitaldeasturias.com\/noticias#listItem","position":1,"name":"Home","item":"https:\/\/www.eldigitaldeasturias.com\/noticias","nextItem":{"@type":"ListItem","@id":"https:\/\/www.eldigitaldeasturias.com\/noticias\/category\/actualidad\/#listItem","name":"Actualidad"}},{"@type":"ListItem","@id":"https:\/\/www.eldigitaldeasturias.com\/noticias\/category\/actualidad\/#listItem","position":2,"name":"Actualidad","item":"https:\/\/www.eldigitaldeasturias.com\/noticias\/category\/actualidad\/","nextItem":{"@type":"ListItem","@id":"https:\/\/www.eldigitaldeasturias.com\/noticias\/aragon-apuesta-por-la-mejora-de-la-calidad-turistica\/#listItem","name":"Arag\u00f3n apuesta por la mejora de la calidad tur\u00edstica"},"previousItem":{"@type":"ListItem","@id":"https:\/\/www.eldigitaldeasturias.com\/noticias#listItem","name":"Home"}},{"@type":"ListItem","@id":"https:\/\/www.eldigitaldeasturias.com\/noticias\/aragon-apuesta-por-la-mejora-de-la-calidad-turistica\/#listItem","position":3,"name":"Arag\u00f3n apuesta por la mejora de la calidad tur\u00edstica","previousItem":{"@type":"ListItem","@id":"https:\/\/www.eldigitaldeasturias.com\/noticias\/category\/actualidad\/#listItem","name":"Actualidad"}}]},{"@type":"Organization","@id":"https:\/\/www.eldigitaldeasturias.com\/noticias\/#organization","name":"El Digital de Asturias","description":"Hemeroteca","url":"https:\/\/www.eldigitaldeasturias.com\/noticias\/","email":"info@eldigitaldeasturias.com","telephone":"+34652131393","logo":{"@type":"ImageObject","url":"https:\/\/www.eldigitaldeasturias.com\/noticias\/wp-content\/uploads\/2020\/12\/EDA.jpg","@id":"https:\/\/www.eldigitaldeasturias.com\/noticias\/aragon-apuesta-por-la-mejora-de-la-calidad-turistica\/#organizationLogo"},"image":{"@id":"https:\/\/www.eldigitaldeasturias.com\/noticias\/aragon-apuesta-por-la-mejora-de-la-calidad-turistica\/#organizationLogo"},"sameAs":["https:\/\/facebook.com\/eldigitaldeasturias","https:\/\/www.youtube.com\/channel\/UCZP-2wLEB9Rv6erhFmqVnvg"],"address":{"@id":"https:\/\/www.eldigitaldeasturias.com\/noticias\/#postaladdress","@type":"PostalAddress","streetAddress":"san antonio 4","postalCode":"33430","addressLocality":"Cand\u00e1s","addressRegion":"Asturias","addressCountry":"ES"}},{"@type":"Person","@id":"https:\/\/www.eldigitaldeasturias.com\/noticias\/author\/admin\/#author","url":"https:\/\/www.eldigitaldeasturias.com\/noticias\/author\/admin\/","name":"El Digital de Asturias","image":{"@type":"ImageObject","@id":"https:\/\/www.eldigitaldeasturias.com\/noticias\/aragon-apuesta-por-la-mejora-de-la-calidad-turistica\/#authorImage","url":"https:\/\/secure.gravatar.com\/avatar\/df2aeffc32bcd13f8d26072ef8a91b623d677766deac7f97ca815868cd41bf5e?s=96&d=mm&r=g","width":96,"height":96,"caption":"El Digital de Asturias"}},{"@type":"WebPage","@id":"https:\/\/www.eldigitaldeasturias.com\/noticias\/aragon-apuesta-por-la-mejora-de-la-calidad-turistica\/#webpage","url":"https:\/\/www.eldigitaldeasturias.com\/noticias\/aragon-apuesta-por-la-mejora-de-la-calidad-turistica\/","name":"Arag\u00f3n apuesta por la mejora de la calidad tur\u00edstica - El Digital de Asturias","description":"El departamento de Vertebraci\u00f3n del Territorio, Movilidad y Vivienda, ha publicado la Orden por la que se resuelve la convocatoria de subvenciones con destino a entidades privadas tur\u00edsticas sin \u00e1nimo de lucro para actuaciones de promoci\u00f3n tur\u00edstica. Se destina un total de 681.295,63 euros para las acciones de promoci\u00f3n que llevar\u00e1n a cabo 88 entidades.","inLanguage":"es-ES","isPartOf":{"@id":"https:\/\/www.eldigitaldeasturias.com\/noticias\/#website"},"breadcrumb":{"@id":"https:\/\/www.eldigitaldeasturias.com\/noticias\/aragon-apuesta-por-la-mejora-de-la-calidad-turistica\/#breadcrumblist"},"author":{"@id":"https:\/\/www.eldigitaldeasturias.com\/noticias\/author\/admin\/#author"},"creator":{"@id":"https:\/\/www.eldigitaldeasturias.com\/noticias\/author\/admin\/#author"},"image":{"@type":"ImageObject","url":949333,"@id":"https:\/\/www.eldigitaldeasturias.com\/noticias\/aragon-apuesta-por-la-mejora-de-la-calidad-turistica\/#mainImage"},"primaryImageOfPage":{"@id":"https:\/\/www.eldigitaldeasturias.com\/noticias\/aragon-apuesta-por-la-mejora-de-la-calidad-turistica\/#mainImage"},"datePublished":"2017-08-10T23:03:27+02:00","dateModified":"2017-08-10T23:03:27+02:00"},{"@type":"WebSite","@id":"https:\/\/www.eldigitaldeasturias.com\/noticias\/#website","url":"https:\/\/www.eldigitaldeasturias.com\/noticias\/","name":"El Digital de Asturias - Diario de actualidad y noticias","alternateName":"El Digital de Asturias - Diario de actualidad y noticias","description":"Hemeroteca","inLanguage":"es-ES","publisher":{"@id":"https:\/\/www.eldigitaldeasturias.com\/noticias\/#organization"}}]},"og:locale":"es_ES","og:site_name":"El Digital de Asturias","og:type":"article","og:title":"Arag\u00f3n apuesta por la mejora de la calidad tur\u00edstica - El Digital de Asturias","og:description":"El departamento de Vertebraci\u00f3n del Territorio, Movilidad y Vivienda, ha publicado la Orden por la que se resuelve la convocatoria de subvenciones con destino a entidades privadas tur\u00edsticas sin \u00e1nimo de lucro para actuaciones de promoci\u00f3n tur\u00edstica. Se destina un total de 681.295,63 euros para las acciones de promoci\u00f3n que llevar\u00e1n a cabo 88 entidades.","og:url":"https:\/\/www.eldigitaldeasturias.com\/noticias\/aragon-apuesta-por-la-mejora-de-la-calidad-turistica\/","article:tag":["actualidad"],"article:published_time":"2017-08-10T23:03:27+00:00","article:modified_time":"2017-08-10T23:03:27+00:00","article:publisher":"https:\/\/facebook.com\/eldigitaldeasturias","twitter:card":"summary_large_image","twitter:title":"Arag\u00f3n apuesta por la mejora de la calidad tur\u00edstica - El Digital de Asturias","twitter:description":"El departamento de Vertebraci\u00f3n del Territorio, Movilidad y Vivienda, ha publicado la Orden por la que se resuelve la convocatoria de subvenciones con destino a entidades privadas tur\u00edsticas sin \u00e1nimo de lucro para actuaciones de promoci\u00f3n tur\u00edstica. Se destina un total de 681.295,63 euros para las acciones de promoci\u00f3n que llevar\u00e1n a cabo 88 entidades.","twitter:image":"https:\/\/www.eldigitaldeasturias.com\/noticias\/wp-content\/uploads\/2020\/12\/EDA-1.jpg","twitter:label1":"Escrito por","twitter:data1":"El Digital de Asturias","twitter:label2":"Tiempo de lectura estimado","twitter:data2":"2 minutos"},"aioseo_meta_data":{"post_id":"949332","title":null,"description":null,"keywords":null,"keyphrases":null,"primary_term":null,"canonical_url":null,"og_title":null,"og_description":null,"og_object_type":"default","og_image_type":"default","og_image_url":null,"og_image_width":null,"og_image_height":null,"og_image_custom_url":null,"og_image_custom_fields":null,"og_video":null,"og_custom_url":null,"og_article_section":null,"og_article_tags":null,"twitter_use_og":false,"twitter_card":"default","twitter_image_type":"default","twitter_image_url":null,"twitter_image_custom_url":null,"twitter_image_custom_fields":null,"twitter_title":null,"twitter_description":null,"schema":{"blockGraphs":[],"customGraphs":[],"default":{"data":{"Article":[],"Course":[],"Dataset":[],"FAQPage":[],"Movie":[],"Person":[],"Product":[],"ProductReview":[],"Car":[],"Recipe":[],"Service":[],"SoftwareApplication":[],"WebPage":[]},"graphName":"","isEnabled":true},"graphs":[],"defaultGraph":"","defaultPostTypeGraph":""},"schema_type":null,"schema_type_options":null,"pillar_content":false,"robots_default":true,"robots_noindex":false,"robots_noarchive":false,"robots_nosnippet":false,"robots_nofollow":false,"robots_noimageindex":false,"robots_noodp":false,"robots_notranslate":false,"robots_max_snippet":null,"robots_max_videopreview":null,"robots_max_imagepreview":"large","priority":null,"frequency":null,"local_seo":null,"seo_analyzer_scan_date":"2025-12-05 12:00:20","breadcrumb_settings":null,"limit_modified_date":false,"open_ai":null,"ai":null,"created":"2020-12-21 13:02:37","updated":"2025-12-05 12:00:20","focus_keyword":null,"additional_keywords":null,"truseo_locale":null},"aioseo_breadcrumb":"<div class=\"aioseo-breadcrumbs\"><span class=\"aioseo-breadcrumb\">\n\t<a href=\"https:\/\/www.eldigitaldeasturias.com\/noticias\" title=\"Home\">Home<\/a>\n<\/span><span class=\"aioseo-breadcrumb-separator\">\u2013<\/span><span class=\"aioseo-breadcrumb\">\n\t<a href=\"https:\/\/www.eldigitaldeasturias.com\/noticias\/category\/actualidad\/\" title=\"Actualidad\">Actualidad<\/a>\n<\/span><span class=\"aioseo-breadcrumb-separator\">\u2013<\/span><span class=\"aioseo-breadcrumb\">\n\t<a href=\"https:\/\/www.eldigitaldeasturias.com\/noticias\/aragon-apuesta-por-la-mejora-de-la-calidad-turistica\/\" title=\"Arag\u00f3n apuesta por la mejora de la calidad tur\u00edstica\">Arag\u00f3n apuesta por la mejora de la calidad tur\u00edstica<\/a>\n<\/span><\/div>","aioseo_breadcrumb_json":[{"label":"Home","link":"https:\/\/www.eldigitaldeasturias.com\/noticias"},{"label":"Actualidad","link":"https:\/\/www.eldigitaldeasturias.com\/noticias\/category\/actualidad\/"},{"label":"Arag\u00f3n apuesta por la mejora de la calidad tur\u00edstica","link":"https:\/\/www.eldigitaldeasturias.com\/noticias\/aragon-apuesta-por-la-mejora-de-la-calidad-turistica\/"}],"_links":{"self":[{"href":"https:\/\/www.eldigitaldeasturias.com\/noticias\/wp-json\/wp\/v2\/posts\/949332","targetHints":{"allow":["GET"]}}],"collection":[{"href":"https:\/\/www.eldigitaldeasturias.com\/noticias\/wp-json\/wp\/v2\/posts"}],"about":[{"href":"https:\/\/www.eldigitaldeasturias.com\/noticias\/wp-json\/wp\/v2\/types\/post"}],"author":[{"embeddable":true,"href":"https:\/\/www.eldigitaldeasturias.com\/noticias\/wp-json\/wp\/v2\/users\/1"}],"replies":[{"embeddable":true,"href":"https:\/\/www.eldigitaldeasturias.com\/noticias\/wp-json\/wp\/v2\/comments?post=949332"}],"version-history":[{"count":0,"href":"https:\/\/www.eldigitaldeasturias.com\/noticias\/wp-json\/wp\/v2\/posts\/949332\/revisions"}],"wp:attachment":[{"href":"https:\/\/www.eldigitaldeasturias.com\/noticias\/wp-json\/wp\/v2\/media?parent=949332"}],"wp:term":[{"taxonomy":"category","embeddable":true,"href":"https:\/\/www.eldigitaldeasturias.com\/noticias\/wp-json\/wp\/v2\/categories?post=949332"},{"taxonomy":"post_tag","embeddable":true,"href":"https:\/\/www.eldigitaldeasturias.com\/noticias\/wp-json\/wp\/v2\/tags?post=949332"}],"curies":[{"name":"wp","href":"https:\/\/api.w.org\/{rel}","templated":true}]}}