{"id":949329,"date":"2017-08-10T23:00:30","date_gmt":"2017-08-10T23:00:30","guid":{"rendered":"http:\/\/www.eldigitaldeasturias.com\/noticias\/?p=949329"},"modified":"2017-08-10T23:00:30","modified_gmt":"2017-08-10T23:00:30","slug":"puente-de-agosto-de-2017-verde-y-ecologico-en-aragon","status":"publish","type":"post","link":"https:\/\/www.eldigitaldeasturias.com\/noticias\/puente-de-agosto-de-2017-verde-y-ecologico-en-aragon\/","title":{"rendered":"Puente de Agosto de 2017 \u201cverde y ecol\u00f3gico\u201d en Arag\u00f3n"},"content":{"rendered":"<p><img loading=\"lazy\" decoding=\"async\" class=\"alignleft size-medium wp-image-949330\" src=\"https:\/\/www.eldigitaldeasturias.com\/noticias\/wp-content\/uploads\/2017\/08\/Anon-tallerplantasmedicinales-360x159.jpg\" alt=\"\" width=\"360\" height=\"159\" \/>Conocer la flora y la fauna local a trav\u00e9s de un paseo guiado, descubrir la evoluci\u00f3n de los ibones, cuevas y barrancos o disfrutar de una tarde de cine de tem\u00e1tica ambiental son algunas de las m\u00e1s de 100 actividades que nos ofrece este verano la red de Centros de Interpretaci\u00f3n de los Espacios Naturales Protegidos de Arag\u00f3n.<\/p>\n<p>Y es que, debido a la gran afluencia de visitantes en los meses de verano, estos centros abren por vacaciones con nuevas propuestas que son posibles gracias a la financiaci\u00f3n de Ibercaja Obra Social, el programa europeo Feder \u201cConstruyendo Europa desde Arag\u00f3n\u201d y el Departamento de Desarrollo Rural y Sostenibilidad de Gobierno de Arag\u00f3n, ejecutado a trav\u00e9s de la empresa p\u00fablica Sarga.<\/p>\n<p>En concreto, durante el puente de agosto la programaci\u00f3n disponible es la siguiente:<\/p>\n<p>&#8211; Viernes 11 de agosto:<\/p>\n<p>Centro de Interpretaci\u00f3n de Ans\u00f3 (Huesca): de 10:30 a 13:30, paseo guiado \u201cPaco La Fuente\u201d.<br \/>\nCentro de Interpretaci\u00f3n de A\u00f1\u00f3n (Zaragoza): cine de 18:00 a 19:30.<br \/>\nCentro de Interpretaci\u00f3n de San Juan de Plan (Huesca): visita etnogr\u00e1fica al museo-taller de las Artes textiles y museo \u201cEl Mol\u00edn\u201d, de 18:00 a 19:30, y cine para pensar: \u00abEL OLIVO\u00bb (2016)\u201dde Ic\u00edar Bolla\u00edn. de 18:00 a 20:00.<br \/>\nCentro de Interpretaci\u00f3n de Eriste (Huesca): de 18:00 a 19:30, taller de detectives de jard\u00edn.<\/p>\n<p>&#8211; S\u00e1bado 12 de agosto:<\/p>\n<p>Centro de Interpretaci\u00f3n de San Juan de la Pe\u00f1a (Huesca): \u201cEl bosque de San Juan de la Pe\u00f1a a trav\u00e9s de los sentidos\u201d, de 11:00 a 13:30.<br \/>\nCentro de Interpretaci\u00f3n de Agramonte (Zaragoza): por el itinerario bot\u00e1nico de 10.30 a 12.30. Centro de Interpretaci\u00f3n Aneto (Huesca): sendero de La Creu, de 10:00 a 12:30.<br \/>\nCentro de Interpretaci\u00f3n de Santa Cilia de Panzano (Huesca): a las 11:00, paseo para observaci\u00f3n de aves.<br \/>\nCentro de Interpretaci\u00f3n de Calcena (Zaragoza): \u201cCuevas y barrancos de Calcena y Purujosa\u201d, de 10:30 a 13:00.<br \/>\nCentro de Interpretaci\u00f3n de Benasque (Huesca): salida tem\u00e1tica \u201cIbones y Glaciares, Ib\u00f3n de Billamorta\u201d, de 10:00 a 14:00.<br \/>\nCentro de Interpretaci\u00f3n de Dornaque (Teruel): paseo por el Paisaje Protegido de los Pinares de Rodeno, de 10:00 a 14:00.<br \/>\nCentro de Interpretaci\u00f3n de San Juan de Plan (Huesca): de 12:00 a 14:00, actividades para ni\u00f1os: \u201cTrabajando con las manos\u201d y visita etnogr\u00e1fica al museo-taller de las Artes Textiles y Museo \u201cEl Mol\u00edn\u201d, de 18:00 a 19:30.<br \/>\nCentro de Interpretaci\u00f3n de Eriste (Huesca): de 18:00 a 19:00, cinef\u00f3rum.<\/p>\n<p>&#8211; Domingo 13 de agosto:<\/p>\n<p>Centro de Interpretaci\u00f3n de Arguis (Huesca): visita guiada al Mirador de Belsu\u00e9, de 11:00 a 13:00.<br \/>\nCentro de Interpretaci\u00f3n de Calcena (Zaragoza): un paseo guiado para conocer \u201cCuevas y barrancos de Calcena y Purujosa\u201d, de 10:30 a 13:00.<br \/>\nCentro de Interpretaci\u00f3n de Benasque (Huesca): recorrido interpretativo por el Sendero Bot\u00e1nico, de 12:00 a 14:00.<br \/>\nCentro de Interpretaci\u00f3n de Sari\u00f1ena (Huesca): taller \u201cDescubre los \u00e1rboles y arbustos de los Monegros\u201d, duraci\u00f3n 1,15 horas en horario de ma\u00f1ana.<\/p>\n<p>&#8211; Lunes 14 de agosto:<\/p>\n<p>Centro de Interpretaci\u00f3n de A\u00f1\u00f3n del Moncayo (Zaragoza): de 10:30 a 11:30, paseo guiado \u201c\u00bfQui\u00e9n vive en el r\u00edo?, por el entorno de A\u00f1\u00f3n.<br \/>\nCentro de Interpretaci\u00f3n de Chiprana: de 10:00 a 14:00, Taller educativo \u201cReciclando ando\u201d.<\/p>\n<p>El ciclo de actividades, iniciado en el mes de julio, continuar\u00e1 a lo largo del mes de agosto. Esta informaci\u00f3n se completa en la web www.rednaturaldearagon.es<\/p>\n","protected":false},"excerpt":{"rendered":"<p>Conocer la flora y la fauna local a trav\u00e9s de un paseo guiado, descubrir la evoluci\u00f3n de los ibones, cuevas y barrancos o disfrutar de una tarde de cine de tem\u00e1tica ambiental son algunas de las m\u00e1s de 100 actividades que nos ofrece este verano la red de Centros de Interpretaci\u00f3n de los Espacios Naturales [&hellip;]<\/p>\n","protected":false},"author":1,"featured_media":949330,"comment_status":"closed","ping_status":"closed","sticky":false,"template":"","format":"standard","meta":{"footnotes":""},"categories":[1],"tags":[],"class_list":["post-949329","post","type-post","status-publish","format-standard","has-post-thumbnail","hentry","category-actualidad"],"aioseo_notices":[],"aioseo_head":"\n\t\t<!-- All in One SEO Pro 5.0.1 - aioseo.com -->\n\t<meta name=\"description\" content=\"Conocer la flora y la fauna local a trav\u00e9s de un paseo guiado, descubrir la evoluci\u00f3n de los ibones, cuevas y barrancos o disfrutar de una tarde de cine de tem\u00e1tica ambiental son algunas de las m\u00e1s de 100 actividades que nos ofrece este verano la red de Centros de Interpretaci\u00f3n de los Espacios Naturales\" \/>\n\t<meta name=\"robots\" content=\"max-image-preview:large\" \/>\n\t<meta name=\"author\" content=\"El Digital de Asturias\"\/>\n\t<meta name=\"google-site-verification\" content=\"UA-38556648-1\" \/>\n\t<meta name=\"msvalidate.01\" content=\"7dfe9f3f1b24437ab69f4f2559babe99\" \/>\n\t<meta name=\"keywords\" content=\"actualidad\" \/>\n\t<link rel=\"canonical\" href=\"https:\/\/www.eldigitaldeasturias.com\/noticias\/puente-de-agosto-de-2017-verde-y-ecologico-en-aragon\/\" \/>\n\t<meta name=\"generator\" content=\"All in One SEO Pro (AIOSEO) 5.0.1\" \/>\n\t\t<meta property=\"og:locale\" content=\"es_ES\" \/>\n\t\t<meta property=\"og:site_name\" content=\"El Digital de Asturias\" \/>\n\t\t<meta property=\"og:type\" content=\"article\" \/>\n\t\t<meta property=\"og:title\" content=\"Puente de Agosto de 2017 \u201cverde y ecol\u00f3gico\u201d en Arag\u00f3n - El Digital de Asturias\" \/>\n\t\t<meta property=\"og:description\" content=\"Conocer la flora y la fauna local a trav\u00e9s de un paseo guiado, descubrir la evoluci\u00f3n de los ibones, cuevas y barrancos o disfrutar de una tarde de cine de tem\u00e1tica ambiental son algunas de las m\u00e1s de 100 actividades que nos ofrece este verano la red de Centros de Interpretaci\u00f3n de los Espacios Naturales\" \/>\n\t\t<meta property=\"og:url\" content=\"https:\/\/www.eldigitaldeasturias.com\/noticias\/puente-de-agosto-de-2017-verde-y-ecologico-en-aragon\/\" \/>\n\t\t<meta property=\"article:tag\" content=\"actualidad\" \/>\n\t\t<meta property=\"article:published_time\" content=\"2017-08-10T23:00:30+00:00\" \/>\n\t\t<meta property=\"article:modified_time\" content=\"2017-08-10T23:00:30+00:00\" \/>\n\t\t<meta property=\"article:publisher\" content=\"https:\/\/facebook.com\/eldigitaldeasturias\" \/>\n\t\t<meta name=\"twitter:card\" content=\"summary_large_image\" \/>\n\t\t<meta name=\"twitter:title\" content=\"Puente de Agosto de 2017 \u201cverde y ecol\u00f3gico\u201d en Arag\u00f3n - El Digital de Asturias\" \/>\n\t\t<meta name=\"twitter:description\" content=\"Conocer la flora y la fauna local a trav\u00e9s de un paseo guiado, descubrir la evoluci\u00f3n de los ibones, cuevas y barrancos o disfrutar de una tarde de cine de tem\u00e1tica ambiental son algunas de las m\u00e1s de 100 actividades que nos ofrece este verano la red de Centros de Interpretaci\u00f3n de los Espacios Naturales\" \/>\n\t\t<meta name=\"twitter:image\" content=\"https:\/\/www.eldigitaldeasturias.com\/noticias\/wp-content\/uploads\/2020\/12\/EDA-1.jpg\" \/>\n\t\t<meta name=\"twitter:label1\" content=\"Escrito por\" \/>\n\t\t<meta name=\"twitter:data1\" content=\"El Digital de Asturias\" \/>\n\t\t<meta name=\"twitter:label2\" content=\"Tiempo de lectura estimado\" \/>\n\t\t<meta name=\"twitter:data2\" content=\"3 minutos\" \/>\n\t\t<script type=\"application\/ld+json\" class=\"aioseo-schema\">\n\t\t\t{\"@context\":\"https:\\\/\\\/schema.org\",\"@graph\":[{\"@type\":\"BlogPosting\",\"@id\":\"https:\\\/\\\/www.eldigitaldeasturias.com\\\/noticias\\\/puente-de-agosto-de-2017-verde-y-ecologico-en-aragon\\\/#blogposting\",\"name\":\"Puente de Agosto de 2017 \\u201cverde y ecol\\u00f3gico\\u201d en Arag\\u00f3n - El Digital de Asturias\",\"headline\":\"Puente de Agosto de 2017 \\u201cverde y ecol\\u00f3gico\\u201d en Arag\\u00f3n\",\"author\":{\"@id\":\"https:\\\/\\\/www.eldigitaldeasturias.com\\\/noticias\\\/author\\\/admin\\\/#author\"},\"publisher\":{\"@id\":\"https:\\\/\\\/www.eldigitaldeasturias.com\\\/noticias\\\/#organization\"},\"image\":{\"@type\":\"ImageObject\",\"url\":949330},\"datePublished\":\"2017-08-10T23:00:30+02:00\",\"dateModified\":\"2017-08-10T23:00:30+02:00\",\"inLanguage\":\"es-ES\",\"mainEntityOfPage\":{\"@id\":\"https:\\\/\\\/www.eldigitaldeasturias.com\\\/noticias\\\/puente-de-agosto-de-2017-verde-y-ecologico-en-aragon\\\/#webpage\"},\"isPartOf\":{\"@id\":\"https:\\\/\\\/www.eldigitaldeasturias.com\\\/noticias\\\/puente-de-agosto-de-2017-verde-y-ecologico-en-aragon\\\/#webpage\"},\"articleSection\":\"Actualidad\"},{\"@type\":\"BreadcrumbList\",\"@id\":\"https:\\\/\\\/www.eldigitaldeasturias.com\\\/noticias\\\/puente-de-agosto-de-2017-verde-y-ecologico-en-aragon\\\/#breadcrumblist\",\"itemListElement\":[{\"@type\":\"ListItem\",\"@id\":\"https:\\\/\\\/www.eldigitaldeasturias.com\\\/noticias#listItem\",\"position\":1,\"name\":\"Home\",\"item\":\"https:\\\/\\\/www.eldigitaldeasturias.com\\\/noticias\",\"nextItem\":{\"@type\":\"ListItem\",\"@id\":\"https:\\\/\\\/www.eldigitaldeasturias.com\\\/noticias\\\/category\\\/actualidad\\\/#listItem\",\"name\":\"Actualidad\"}},{\"@type\":\"ListItem\",\"@id\":\"https:\\\/\\\/www.eldigitaldeasturias.com\\\/noticias\\\/category\\\/actualidad\\\/#listItem\",\"position\":2,\"name\":\"Actualidad\",\"item\":\"https:\\\/\\\/www.eldigitaldeasturias.com\\\/noticias\\\/category\\\/actualidad\\\/\",\"nextItem\":{\"@type\":\"ListItem\",\"@id\":\"https:\\\/\\\/www.eldigitaldeasturias.com\\\/noticias\\\/puente-de-agosto-de-2017-verde-y-ecologico-en-aragon\\\/#listItem\",\"name\":\"Puente de Agosto de 2017 \\u201cverde y ecol\\u00f3gico\\u201d en Arag\\u00f3n\"},\"previousItem\":{\"@type\":\"ListItem\",\"@id\":\"https:\\\/\\\/www.eldigitaldeasturias.com\\\/noticias#listItem\",\"name\":\"Home\"}},{\"@type\":\"ListItem\",\"@id\":\"https:\\\/\\\/www.eldigitaldeasturias.com\\\/noticias\\\/puente-de-agosto-de-2017-verde-y-ecologico-en-aragon\\\/#listItem\",\"position\":3,\"name\":\"Puente de Agosto de 2017 \\u201cverde y ecol\\u00f3gico\\u201d en Arag\\u00f3n\",\"previousItem\":{\"@type\":\"ListItem\",\"@id\":\"https:\\\/\\\/www.eldigitaldeasturias.com\\\/noticias\\\/category\\\/actualidad\\\/#listItem\",\"name\":\"Actualidad\"}}]},{\"@type\":\"Organization\",\"@id\":\"https:\\\/\\\/www.eldigitaldeasturias.com\\\/noticias\\\/#organization\",\"name\":\"El Digital de Asturias\",\"description\":\"Hemeroteca\",\"url\":\"https:\\\/\\\/www.eldigitaldeasturias.com\\\/noticias\\\/\",\"email\":\"info@eldigitaldeasturias.com\",\"telephone\":\"+34652131393\",\"logo\":{\"@type\":\"ImageObject\",\"url\":\"https:\\\/\\\/www.eldigitaldeasturias.com\\\/noticias\\\/wp-content\\\/uploads\\\/2020\\\/12\\\/EDA.jpg\",\"@id\":\"https:\\\/\\\/www.eldigitaldeasturias.com\\\/noticias\\\/puente-de-agosto-de-2017-verde-y-ecologico-en-aragon\\\/#organizationLogo\"},\"image\":{\"@id\":\"https:\\\/\\\/www.eldigitaldeasturias.com\\\/noticias\\\/puente-de-agosto-de-2017-verde-y-ecologico-en-aragon\\\/#organizationLogo\"},\"sameAs\":[\"https:\\\/\\\/facebook.com\\\/eldigitaldeasturias\",\"https:\\\/\\\/www.youtube.com\\\/channel\\\/UCZP-2wLEB9Rv6erhFmqVnvg\"],\"address\":{\"@id\":\"https:\\\/\\\/www.eldigitaldeasturias.com\\\/noticias\\\/#postaladdress\",\"@type\":\"PostalAddress\",\"streetAddress\":\"san antonio 4\",\"postalCode\":\"33430\",\"addressLocality\":\"Cand\\u00e1s\",\"addressRegion\":\"Asturias\",\"addressCountry\":\"ES\"}},{\"@type\":\"Person\",\"@id\":\"https:\\\/\\\/www.eldigitaldeasturias.com\\\/noticias\\\/author\\\/admin\\\/#author\",\"url\":\"https:\\\/\\\/www.eldigitaldeasturias.com\\\/noticias\\\/author\\\/admin\\\/\",\"name\":\"El Digital de Asturias\",\"image\":{\"@type\":\"ImageObject\",\"@id\":\"https:\\\/\\\/www.eldigitaldeasturias.com\\\/noticias\\\/puente-de-agosto-de-2017-verde-y-ecologico-en-aragon\\\/#authorImage\",\"url\":\"https:\\\/\\\/secure.gravatar.com\\\/avatar\\\/df2aeffc32bcd13f8d26072ef8a91b623d677766deac7f97ca815868cd41bf5e?s=96&d=mm&r=g\",\"width\":96,\"height\":96,\"caption\":\"El Digital de Asturias\"}},{\"@type\":\"WebPage\",\"@id\":\"https:\\\/\\\/www.eldigitaldeasturias.com\\\/noticias\\\/puente-de-agosto-de-2017-verde-y-ecologico-en-aragon\\\/#webpage\",\"url\":\"https:\\\/\\\/www.eldigitaldeasturias.com\\\/noticias\\\/puente-de-agosto-de-2017-verde-y-ecologico-en-aragon\\\/\",\"name\":\"Puente de Agosto de 2017 \\u201cverde y ecol\\u00f3gico\\u201d en Arag\\u00f3n - El Digital de Asturias\",\"description\":\"Conocer la flora y la fauna local a trav\\u00e9s de un paseo guiado, descubrir la evoluci\\u00f3n de los ibones, cuevas y barrancos o disfrutar de una tarde de cine de tem\\u00e1tica ambiental son algunas de las m\\u00e1s de 100 actividades que nos ofrece este verano la red de Centros de Interpretaci\\u00f3n de los Espacios Naturales\",\"inLanguage\":\"es-ES\",\"isPartOf\":{\"@id\":\"https:\\\/\\\/www.eldigitaldeasturias.com\\\/noticias\\\/#website\"},\"breadcrumb\":{\"@id\":\"https:\\\/\\\/www.eldigitaldeasturias.com\\\/noticias\\\/puente-de-agosto-de-2017-verde-y-ecologico-en-aragon\\\/#breadcrumblist\"},\"author\":{\"@id\":\"https:\\\/\\\/www.eldigitaldeasturias.com\\\/noticias\\\/author\\\/admin\\\/#author\"},\"creator\":{\"@id\":\"https:\\\/\\\/www.eldigitaldeasturias.com\\\/noticias\\\/author\\\/admin\\\/#author\"},\"image\":{\"@type\":\"ImageObject\",\"url\":949330,\"@id\":\"https:\\\/\\\/www.eldigitaldeasturias.com\\\/noticias\\\/puente-de-agosto-de-2017-verde-y-ecologico-en-aragon\\\/#mainImage\"},\"primaryImageOfPage\":{\"@id\":\"https:\\\/\\\/www.eldigitaldeasturias.com\\\/noticias\\\/puente-de-agosto-de-2017-verde-y-ecologico-en-aragon\\\/#mainImage\"},\"datePublished\":\"2017-08-10T23:00:30+02:00\",\"dateModified\":\"2017-08-10T23:00:30+02:00\"},{\"@type\":\"WebSite\",\"@id\":\"https:\\\/\\\/www.eldigitaldeasturias.com\\\/noticias\\\/#website\",\"url\":\"https:\\\/\\\/www.eldigitaldeasturias.com\\\/noticias\\\/\",\"name\":\"El Digital de Asturias - Diario de actualidad y noticias\",\"alternateName\":\"El Digital de Asturias - Diario de actualidad y noticias\",\"description\":\"Hemeroteca\",\"inLanguage\":\"es-ES\",\"publisher\":{\"@id\":\"https:\\\/\\\/www.eldigitaldeasturias.com\\\/noticias\\\/#organization\"}}]}\n\t\t<\/script>\n\t\t<!-- All in One SEO Pro -->\r\n\t\t<title>Puente de Agosto de 2017 \u201cverde y ecol\u00f3gico\u201d en Arag\u00f3n - El Digital de Asturias<\/title>\n\n","aioseo_head_json":{"title":"Puente de Agosto de 2017 \u201cverde y ecol\u00f3gico\u201d en Arag\u00f3n - El Digital de Asturias","description":"Conocer la flora y la fauna local a trav\u00e9s de un paseo guiado, descubrir la evoluci\u00f3n de los ibones, cuevas y barrancos o disfrutar de una tarde de cine de tem\u00e1tica ambiental son algunas de las m\u00e1s de 100 actividades que nos ofrece este verano la red de Centros de Interpretaci\u00f3n de los Espacios Naturales","canonical_url":"https:\/\/www.eldigitaldeasturias.com\/noticias\/puente-de-agosto-de-2017-verde-y-ecologico-en-aragon\/","robots":"max-image-preview:large","keywords":"actualidad","webmasterTools":{"google-site-verification":"UA-38556648-1","msvalidate.01":"7dfe9f3f1b24437ab69f4f2559babe99","miscellaneous":""},"schema":{"@context":"https:\/\/schema.org","@graph":[{"@type":"BlogPosting","@id":"https:\/\/www.eldigitaldeasturias.com\/noticias\/puente-de-agosto-de-2017-verde-y-ecologico-en-aragon\/#blogposting","name":"Puente de Agosto de 2017 \u201cverde y ecol\u00f3gico\u201d en Arag\u00f3n - El Digital de Asturias","headline":"Puente de Agosto de 2017 \u201cverde y ecol\u00f3gico\u201d en Arag\u00f3n","author":{"@id":"https:\/\/www.eldigitaldeasturias.com\/noticias\/author\/admin\/#author"},"publisher":{"@id":"https:\/\/www.eldigitaldeasturias.com\/noticias\/#organization"},"image":{"@type":"ImageObject","url":949330},"datePublished":"2017-08-10T23:00:30+02:00","dateModified":"2017-08-10T23:00:30+02:00","inLanguage":"es-ES","mainEntityOfPage":{"@id":"https:\/\/www.eldigitaldeasturias.com\/noticias\/puente-de-agosto-de-2017-verde-y-ecologico-en-aragon\/#webpage"},"isPartOf":{"@id":"https:\/\/www.eldigitaldeasturias.com\/noticias\/puente-de-agosto-de-2017-verde-y-ecologico-en-aragon\/#webpage"},"articleSection":"Actualidad"},{"@type":"BreadcrumbList","@id":"https:\/\/www.eldigitaldeasturias.com\/noticias\/puente-de-agosto-de-2017-verde-y-ecologico-en-aragon\/#breadcrumblist","itemListElement":[{"@type":"ListItem","@id":"https:\/\/www.eldigitaldeasturias.com\/noticias#listItem","position":1,"name":"Home","item":"https:\/\/www.eldigitaldeasturias.com\/noticias","nextItem":{"@type":"ListItem","@id":"https:\/\/www.eldigitaldeasturias.com\/noticias\/category\/actualidad\/#listItem","name":"Actualidad"}},{"@type":"ListItem","@id":"https:\/\/www.eldigitaldeasturias.com\/noticias\/category\/actualidad\/#listItem","position":2,"name":"Actualidad","item":"https:\/\/www.eldigitaldeasturias.com\/noticias\/category\/actualidad\/","nextItem":{"@type":"ListItem","@id":"https:\/\/www.eldigitaldeasturias.com\/noticias\/puente-de-agosto-de-2017-verde-y-ecologico-en-aragon\/#listItem","name":"Puente de Agosto de 2017 \u201cverde y ecol\u00f3gico\u201d en Arag\u00f3n"},"previousItem":{"@type":"ListItem","@id":"https:\/\/www.eldigitaldeasturias.com\/noticias#listItem","name":"Home"}},{"@type":"ListItem","@id":"https:\/\/www.eldigitaldeasturias.com\/noticias\/puente-de-agosto-de-2017-verde-y-ecologico-en-aragon\/#listItem","position":3,"name":"Puente de Agosto de 2017 \u201cverde y ecol\u00f3gico\u201d en Arag\u00f3n","previousItem":{"@type":"ListItem","@id":"https:\/\/www.eldigitaldeasturias.com\/noticias\/category\/actualidad\/#listItem","name":"Actualidad"}}]},{"@type":"Organization","@id":"https:\/\/www.eldigitaldeasturias.com\/noticias\/#organization","name":"El Digital de Asturias","description":"Hemeroteca","url":"https:\/\/www.eldigitaldeasturias.com\/noticias\/","email":"info@eldigitaldeasturias.com","telephone":"+34652131393","logo":{"@type":"ImageObject","url":"https:\/\/www.eldigitaldeasturias.com\/noticias\/wp-content\/uploads\/2020\/12\/EDA.jpg","@id":"https:\/\/www.eldigitaldeasturias.com\/noticias\/puente-de-agosto-de-2017-verde-y-ecologico-en-aragon\/#organizationLogo"},"image":{"@id":"https:\/\/www.eldigitaldeasturias.com\/noticias\/puente-de-agosto-de-2017-verde-y-ecologico-en-aragon\/#organizationLogo"},"sameAs":["https:\/\/facebook.com\/eldigitaldeasturias","https:\/\/www.youtube.com\/channel\/UCZP-2wLEB9Rv6erhFmqVnvg"],"address":{"@id":"https:\/\/www.eldigitaldeasturias.com\/noticias\/#postaladdress","@type":"PostalAddress","streetAddress":"san antonio 4","postalCode":"33430","addressLocality":"Cand\u00e1s","addressRegion":"Asturias","addressCountry":"ES"}},{"@type":"Person","@id":"https:\/\/www.eldigitaldeasturias.com\/noticias\/author\/admin\/#author","url":"https:\/\/www.eldigitaldeasturias.com\/noticias\/author\/admin\/","name":"El Digital de Asturias","image":{"@type":"ImageObject","@id":"https:\/\/www.eldigitaldeasturias.com\/noticias\/puente-de-agosto-de-2017-verde-y-ecologico-en-aragon\/#authorImage","url":"https:\/\/secure.gravatar.com\/avatar\/df2aeffc32bcd13f8d26072ef8a91b623d677766deac7f97ca815868cd41bf5e?s=96&d=mm&r=g","width":96,"height":96,"caption":"El Digital de Asturias"}},{"@type":"WebPage","@id":"https:\/\/www.eldigitaldeasturias.com\/noticias\/puente-de-agosto-de-2017-verde-y-ecologico-en-aragon\/#webpage","url":"https:\/\/www.eldigitaldeasturias.com\/noticias\/puente-de-agosto-de-2017-verde-y-ecologico-en-aragon\/","name":"Puente de Agosto de 2017 \u201cverde y ecol\u00f3gico\u201d en Arag\u00f3n - El Digital de Asturias","description":"Conocer la flora y la fauna local a trav\u00e9s de un paseo guiado, descubrir la evoluci\u00f3n de los ibones, cuevas y barrancos o disfrutar de una tarde de cine de tem\u00e1tica ambiental son algunas de las m\u00e1s de 100 actividades que nos ofrece este verano la red de Centros de Interpretaci\u00f3n de los Espacios Naturales","inLanguage":"es-ES","isPartOf":{"@id":"https:\/\/www.eldigitaldeasturias.com\/noticias\/#website"},"breadcrumb":{"@id":"https:\/\/www.eldigitaldeasturias.com\/noticias\/puente-de-agosto-de-2017-verde-y-ecologico-en-aragon\/#breadcrumblist"},"author":{"@id":"https:\/\/www.eldigitaldeasturias.com\/noticias\/author\/admin\/#author"},"creator":{"@id":"https:\/\/www.eldigitaldeasturias.com\/noticias\/author\/admin\/#author"},"image":{"@type":"ImageObject","url":949330,"@id":"https:\/\/www.eldigitaldeasturias.com\/noticias\/puente-de-agosto-de-2017-verde-y-ecologico-en-aragon\/#mainImage"},"primaryImageOfPage":{"@id":"https:\/\/www.eldigitaldeasturias.com\/noticias\/puente-de-agosto-de-2017-verde-y-ecologico-en-aragon\/#mainImage"},"datePublished":"2017-08-10T23:00:30+02:00","dateModified":"2017-08-10T23:00:30+02:00"},{"@type":"WebSite","@id":"https:\/\/www.eldigitaldeasturias.com\/noticias\/#website","url":"https:\/\/www.eldigitaldeasturias.com\/noticias\/","name":"El Digital de Asturias - Diario de actualidad y noticias","alternateName":"El Digital de Asturias - Diario de actualidad y noticias","description":"Hemeroteca","inLanguage":"es-ES","publisher":{"@id":"https:\/\/www.eldigitaldeasturias.com\/noticias\/#organization"}}]},"og:locale":"es_ES","og:site_name":"El Digital de Asturias","og:type":"article","og:title":"Puente de Agosto de 2017 \u201cverde y ecol\u00f3gico\u201d en Arag\u00f3n - El Digital de Asturias","og:description":"Conocer la flora y la fauna local a trav\u00e9s de un paseo guiado, descubrir la evoluci\u00f3n de los ibones, cuevas y barrancos o disfrutar de una tarde de cine de tem\u00e1tica ambiental son algunas de las m\u00e1s de 100 actividades que nos ofrece este verano la red de Centros de Interpretaci\u00f3n de los Espacios Naturales","og:url":"https:\/\/www.eldigitaldeasturias.com\/noticias\/puente-de-agosto-de-2017-verde-y-ecologico-en-aragon\/","article:tag":["actualidad"],"article:published_time":"2017-08-10T23:00:30+00:00","article:modified_time":"2017-08-10T23:00:30+00:00","article:publisher":"https:\/\/facebook.com\/eldigitaldeasturias","twitter:card":"summary_large_image","twitter:title":"Puente de Agosto de 2017 \u201cverde y ecol\u00f3gico\u201d en Arag\u00f3n - El Digital de Asturias","twitter:description":"Conocer la flora y la fauna local a trav\u00e9s de un paseo guiado, descubrir la evoluci\u00f3n de los ibones, cuevas y barrancos o disfrutar de una tarde de cine de tem\u00e1tica ambiental son algunas de las m\u00e1s de 100 actividades que nos ofrece este verano la red de Centros de Interpretaci\u00f3n de los Espacios Naturales","twitter:image":"https:\/\/www.eldigitaldeasturias.com\/noticias\/wp-content\/uploads\/2020\/12\/EDA-1.jpg","twitter:label1":"Escrito por","twitter:data1":"El Digital de Asturias","twitter:label2":"Tiempo de lectura estimado","twitter:data2":"3 minutos"},"aioseo_meta_data":{"post_id":"949329","title":null,"description":null,"keywords":null,"keyphrases":null,"primary_term":null,"canonical_url":null,"og_title":null,"og_description":null,"og_object_type":"default","og_image_type":"default","og_image_url":null,"og_image_width":null,"og_image_height":null,"og_image_custom_url":null,"og_image_custom_fields":null,"og_video":null,"og_custom_url":null,"og_article_section":null,"og_article_tags":null,"twitter_use_og":false,"twitter_card":"default","twitter_image_type":"default","twitter_image_url":null,"twitter_image_custom_url":null,"twitter_image_custom_fields":null,"twitter_title":null,"twitter_description":null,"schema":{"blockGraphs":[],"customGraphs":[],"default":{"data":{"Article":[],"Course":[],"Dataset":[],"FAQPage":[],"Movie":[],"Person":[],"Product":[],"ProductReview":[],"Car":[],"Recipe":[],"Service":[],"SoftwareApplication":[],"WebPage":[]},"graphName":"","isEnabled":true},"graphs":[]},"schema_type":null,"schema_type_options":null,"pillar_content":false,"robots_default":true,"robots_noindex":false,"robots_noarchive":false,"robots_nosnippet":false,"robots_nofollow":false,"robots_noimageindex":false,"robots_noodp":false,"robots_notranslate":false,"robots_max_snippet":null,"robots_max_videopreview":null,"robots_max_imagepreview":"large","priority":null,"frequency":null,"local_seo":null,"seo_analyzer_scan_date":"2025-12-05 12:00:19","breadcrumb_settings":null,"limit_modified_date":false,"open_ai":null,"ai":null,"created":"2020-12-21 13:02:37","updated":"2025-12-05 12:00:19","focus_keyword":null,"additional_keywords":null,"truseo_locale":null},"aioseo_breadcrumb":"<div class=\"aioseo-breadcrumbs\"><span class=\"aioseo-breadcrumb\">\n\t<a href=\"https:\/\/www.eldigitaldeasturias.com\/noticias\" title=\"Home\">Home<\/a>\n<\/span><span class=\"aioseo-breadcrumb-separator\">\u2013<\/span><span class=\"aioseo-breadcrumb\">\n\t<a href=\"https:\/\/www.eldigitaldeasturias.com\/noticias\/category\/actualidad\/\" title=\"Actualidad\">Actualidad<\/a>\n<\/span><span class=\"aioseo-breadcrumb-separator\">\u2013<\/span><span class=\"aioseo-breadcrumb\">\n\t<a href=\"https:\/\/www.eldigitaldeasturias.com\/noticias\/puente-de-agosto-de-2017-verde-y-ecologico-en-aragon\/\" title=\"Puente de Agosto de 2017 \u201cverde y ecol\u00f3gico\u201d en Arag\u00f3n\">Puente de Agosto de 2017 \u201cverde y ecol\u00f3gico\u201d en Arag\u00f3n<\/a>\n<\/span><\/div>","aioseo_breadcrumb_json":[{"label":"Home","link":"https:\/\/www.eldigitaldeasturias.com\/noticias"},{"label":"Actualidad","link":"https:\/\/www.eldigitaldeasturias.com\/noticias\/category\/actualidad\/"},{"label":"Puente de Agosto de 2017 \u201cverde y ecol\u00f3gico\u201d en Arag\u00f3n","link":"https:\/\/www.eldigitaldeasturias.com\/noticias\/puente-de-agosto-de-2017-verde-y-ecologico-en-aragon\/"}],"_links":{"self":[{"href":"https:\/\/www.eldigitaldeasturias.com\/noticias\/wp-json\/wp\/v2\/posts\/949329","targetHints":{"allow":["GET"]}}],"collection":[{"href":"https:\/\/www.eldigitaldeasturias.com\/noticias\/wp-json\/wp\/v2\/posts"}],"about":[{"href":"https:\/\/www.eldigitaldeasturias.com\/noticias\/wp-json\/wp\/v2\/types\/post"}],"author":[{"embeddable":true,"href":"https:\/\/www.eldigitaldeasturias.com\/noticias\/wp-json\/wp\/v2\/users\/1"}],"replies":[{"embeddable":true,"href":"https:\/\/www.eldigitaldeasturias.com\/noticias\/wp-json\/wp\/v2\/comments?post=949329"}],"version-history":[{"count":0,"href":"https:\/\/www.eldigitaldeasturias.com\/noticias\/wp-json\/wp\/v2\/posts\/949329\/revisions"}],"wp:attachment":[{"href":"https:\/\/www.eldigitaldeasturias.com\/noticias\/wp-json\/wp\/v2\/media?parent=949329"}],"wp:term":[{"taxonomy":"category","embeddable":true,"href":"https:\/\/www.eldigitaldeasturias.com\/noticias\/wp-json\/wp\/v2\/categories?post=949329"},{"taxonomy":"post_tag","embeddable":true,"href":"https:\/\/www.eldigitaldeasturias.com\/noticias\/wp-json\/wp\/v2\/tags?post=949329"}],"curies":[{"name":"wp","href":"https:\/\/api.w.org\/{rel}","templated":true}]}}