{"id":949295,"date":"2017-08-10T20:43:00","date_gmt":"2017-08-10T20:43:00","guid":{"rendered":"http:\/\/www.eldigitaldeasturias.com\/noticias\/?p=949295"},"modified":"2017-08-10T20:43:00","modified_gmt":"2017-08-10T20:43:00","slug":"mas-de-35000-andaluces-ya-han-registrado-su-testamento-vital","status":"publish","type":"post","link":"https:\/\/www.eldigitaldeasturias.com\/noticias\/mas-de-35000-andaluces-ya-han-registrado-su-testamento-vital\/","title":{"rendered":"M\u00e1s de 35000 andaluces ya han registrado su testamento vital"},"content":{"rendered":"<p><img loading=\"lazy\" decoding=\"async\" class=\"alignleft size-medium wp-image-949296\" src=\"https:\/\/www.eldigitaldeasturias.com\/noticias\/wp-content\/uploads\/2017\/08\/1502192341796-360x203.jpg\" alt=\"\" width=\"360\" height=\"203\" \/>Un total de 35.517 personas ha registrado su testamento vital desde el reconocimiento de este derecho en Andaluc\u00eda, regulado por la Ley de Declaraci\u00f3n de Voluntad Vital Anticipada en 2003 y materializado con la puesta en marcha del Registro de Voluntades Anticipadas en 2004 hasta junio de 2017. Concretamente han sido 1.962 las personas que han registrado su voluntad vital anticipada en el primer semestre de 2017.<\/p>\n<p>La ciudadan\u00eda cuenta con esta herramienta para expresar su voluntad sobre la asistencia sanitaria y los tratamientos que se desea o no recibir en caso de no poder manifestarlo de forma consciente en el momento final de la vida. Adem\u00e1s, la persona puede tambi\u00e9n decidir el destino de sus \u00f3rganos e indicar qui\u00e9nes ser\u00e1n sus representantes.<\/p>\n<p>Andaluc\u00eda cuenta con un total de 56 puntos del Registro de Voluntades Vitales Anticipadas, por lo que todos los municipios andaluces est\u00e1n a menos de una hora de las sedes distribuidas por todas las provincias y el 80% a menos de 30 minutos, cumpliendo as\u00ed con el compromiso de mejorar la accesibilidad y el ejercicio de este derecho.<\/p>\n<p>A los ocho puntos habilitados en las delegaciones territoriales de Igualdad, Salud y Pol\u00edticas Sociales en 2004, se han sumado paulatinamente en los centros sanitarios p\u00fablicos el resto de sedes: 28 en hospitales, 14 en centros de salud, cuatro en distritos sanitarios y dos en centros perif\u00e9ricos de atenci\u00f3n especializada.<\/p>\n<p>Por provincias, Almer\u00eda tiene un total de seis puntos de registro operativos; mientras que C\u00e1diz dispone de seis sedes habilitadas; C\u00f3rdoba, cuatro, y Granada, siete. Asimismo, Huelva tiene seis sedes y Ja\u00e9n cuenta en funcionamiento con diez puntos habilitados. Adem\u00e1s, M\u00e1laga dispone de siete puntos y Sevilla de diez. Todos ellos situados en las delegaciones territoriales, centros hospitalarios o distritos sanitarios.<\/p>\n<p><strong>Acceso telem\u00e1tico para ciudadan\u00eda y profesionales<\/strong><\/p>\n<p>La Consejer\u00eda de Salud permite, a trav\u00e9s de su web, solicitar cita previa para poder inscribir posteriormente su testamento vital en un punto de registro habilitado a tal efecto, tambi\u00e9n se puede solicitar la cita a trav\u00e9s del tel\u00e9fono de Salud Responde (955 54 50 60) y en los 56 puntos habilitados del Registro de Voluntades Vitales Anticipadas de Andaluc\u00eda. Adem\u00e1s si el ciudadano no puede desplazarse hasta el registro, podr\u00e1 solicitar la cita a trav\u00e9s de Salud Responde y se realizar\u00e1 el registro en el propio domicilio.<\/p>\n<p>La p\u00e1gina web ofrece adem\u00e1s toda la informaci\u00f3n que requiera la persona interesada sobre la voluntad vital anticipada y la posibilidad de descargarse los documentos necesarios, como la Gu\u00eda de ayuda para registrar el testamento vital, que contribuye a resolver todas las dudas relacionadas con el registro de la voluntad vital anticipada, a trav\u00e9s de una serie de preguntas frecuentes.<\/p>\n<p>Este servicio &#8216;online&#8217; tambi\u00e9n tiene una secci\u00f3n espec\u00edfica con funcionalidades para profesionales, que pueden realizar diversas acciones como consultar el contenido de las voluntades vitales de sus pacientes; seguir resultados mensuales del registro, descargar la gu\u00eda de apoyo a los profesionales, as\u00ed como la informaci\u00f3n de la normativa auton\u00f3mica y nacional.<\/p>\n<p>Con la aprobaci\u00f3n de la Ley 2\/2010, de 8 de abril, de Derechos y Garant\u00edas en el proceso de la muerte, se concretan las acciones que han permitido el acercamiento del Registro de Voluntades Vitales al contexto sanitario, y la mejora de la accesibilidad a la ciudadan\u00eda. La Ley de Derechos y Garant\u00edas en el Proceso de la Muerte recoge que los profesionales deben proporcionar a las personas que se la soliciten, informaci\u00f3n acerca del derecho a formular la declaraci\u00f3n de voluntad vital anticipada y que consultar\u00e1n si existe en el registro constancia del otorgamiento de voluntad vital anticipad.<\/p>\n<p>As\u00ed, los profesionales del sistema sanitario p\u00fablico andaluz tienen acceso a consultar las voluntades vitales anticipadas desde atenci\u00f3n primaria y desde atenci\u00f3n especializada, adem\u00e1s de desde la Historia cl\u00ednica digital en movilidad. El sistema implantado en Andaluc\u00eda tambi\u00e9n permite a profesionales del sector privado darse de alta en el sistema y poder consultar las voluntades vitales anticipadas de sus pacientes, gracias al convenio firmado por la Consejer\u00eda de Salud y el Consejo General de Colegios de M\u00e9dicos de Andaluc\u00eda, en octubre del 2014.<\/p>\n<p>En cuanto a las consultas que realizan los profesionales al registro durante la asistencia sanitaria, los centros hospitalarios p\u00fablicos y las coordinaciones de trasplantes son los que las realizan principalmente. No obstante, se ha registrado un aumento de las consultas que hacen los profesionales de atenci\u00f3n primaria y los profesionales del 061 y de los dispositivos de cuidados cr\u00edticos y urgencias, ya que estos \u00faltimos disponen de acceso a trav\u00e9s de la historia cl\u00ednica digital en movilidad.<\/p>\n<p>&nbsp;<\/p>\n","protected":false},"excerpt":{"rendered":"<p>Un total de 35.517 personas ha registrado su testamento vital desde el reconocimiento de este derecho en Andaluc\u00eda, regulado por la Ley de Declaraci\u00f3n de Voluntad Vital Anticipada en 2003 y materializado con la puesta en marcha del Registro de Voluntades Anticipadas en 2004 hasta junio de 2017. Concretamente han sido 1.962 las personas que [&hellip;]<\/p>\n","protected":false},"author":1,"featured_media":949296,"comment_status":"closed","ping_status":"closed","sticky":false,"template":"","format":"standard","meta":{"footnotes":""},"categories":[1],"tags":[],"class_list":["post-949295","post","type-post","status-publish","format-standard","has-post-thumbnail","hentry","category-actualidad"],"aioseo_notices":[],"aioseo_head":"\n\t\t<!-- All in One SEO Pro 5.0.1 - aioseo.com -->\n\t<meta name=\"description\" content=\"Un total de 35.517 personas ha registrado su testamento vital desde el reconocimiento de este derecho en Andaluc\u00eda, regulado por la Ley de Declaraci\u00f3n de Voluntad Vital Anticipada en 2003 y materializado con la puesta en marcha del Registro de Voluntades Anticipadas en 2004 hasta junio de 2017. Concretamente han sido 1.962 las personas que\" \/>\n\t<meta name=\"robots\" content=\"max-image-preview:large\" \/>\n\t<meta name=\"author\" content=\"El Digital de Asturias\"\/>\n\t<meta name=\"google-site-verification\" content=\"UA-38556648-1\" \/>\n\t<meta name=\"msvalidate.01\" content=\"7dfe9f3f1b24437ab69f4f2559babe99\" \/>\n\t<meta name=\"keywords\" content=\"actualidad\" \/>\n\t<link rel=\"canonical\" href=\"https:\/\/www.eldigitaldeasturias.com\/noticias\/mas-de-35000-andaluces-ya-han-registrado-su-testamento-vital\/\" \/>\n\t<meta name=\"generator\" content=\"All in One SEO Pro (AIOSEO) 5.0.1\" \/>\n\t\t<meta property=\"og:locale\" content=\"es_ES\" \/>\n\t\t<meta property=\"og:site_name\" content=\"El Digital de Asturias\" \/>\n\t\t<meta property=\"og:type\" content=\"article\" \/>\n\t\t<meta property=\"og:title\" content=\"M\u00e1s de 35000 andaluces ya han registrado su testamento vital - El Digital de Asturias\" \/>\n\t\t<meta property=\"og:description\" content=\"Un total de 35.517 personas ha registrado su testamento vital desde el reconocimiento de este derecho en Andaluc\u00eda, regulado por la Ley de Declaraci\u00f3n de Voluntad Vital Anticipada en 2003 y materializado con la puesta en marcha del Registro de Voluntades Anticipadas en 2004 hasta junio de 2017. Concretamente han sido 1.962 las personas que\" \/>\n\t\t<meta property=\"og:url\" content=\"https:\/\/www.eldigitaldeasturias.com\/noticias\/mas-de-35000-andaluces-ya-han-registrado-su-testamento-vital\/\" \/>\n\t\t<meta property=\"article:tag\" content=\"actualidad\" \/>\n\t\t<meta property=\"article:published_time\" content=\"2017-08-10T20:43:00+00:00\" \/>\n\t\t<meta property=\"article:modified_time\" content=\"2017-08-10T20:43:00+00:00\" \/>\n\t\t<meta property=\"article:publisher\" content=\"https:\/\/facebook.com\/eldigitaldeasturias\" \/>\n\t\t<meta name=\"twitter:card\" content=\"summary_large_image\" \/>\n\t\t<meta name=\"twitter:title\" content=\"M\u00e1s de 35000 andaluces ya han registrado su testamento vital - El Digital de Asturias\" \/>\n\t\t<meta name=\"twitter:description\" content=\"Un total de 35.517 personas ha registrado su testamento vital desde el reconocimiento de este derecho en Andaluc\u00eda, regulado por la Ley de Declaraci\u00f3n de Voluntad Vital Anticipada en 2003 y materializado con la puesta en marcha del Registro de Voluntades Anticipadas en 2004 hasta junio de 2017. Concretamente han sido 1.962 las personas que\" \/>\n\t\t<meta name=\"twitter:image\" content=\"https:\/\/www.eldigitaldeasturias.com\/noticias\/wp-content\/uploads\/2020\/12\/EDA-1.jpg\" \/>\n\t\t<meta name=\"twitter:label1\" content=\"Escrito por\" \/>\n\t\t<meta name=\"twitter:data1\" content=\"El Digital de Asturias\" \/>\n\t\t<meta name=\"twitter:label2\" content=\"Tiempo de lectura estimado\" \/>\n\t\t<meta name=\"twitter:data2\" content=\"4 minutos\" \/>\n\t\t<script type=\"application\/ld+json\" class=\"aioseo-schema\">\n\t\t\t{\"@context\":\"https:\\\/\\\/schema.org\",\"@graph\":[{\"@type\":\"BlogPosting\",\"@id\":\"https:\\\/\\\/www.eldigitaldeasturias.com\\\/noticias\\\/mas-de-35000-andaluces-ya-han-registrado-su-testamento-vital\\\/#blogposting\",\"name\":\"M\\u00e1s de 35000 andaluces ya han registrado su testamento vital - El Digital de Asturias\",\"headline\":\"M\\u00e1s de 35000 andaluces ya han registrado su testamento vital\",\"author\":{\"@id\":\"https:\\\/\\\/www.eldigitaldeasturias.com\\\/noticias\\\/author\\\/admin\\\/#author\"},\"publisher\":{\"@id\":\"https:\\\/\\\/www.eldigitaldeasturias.com\\\/noticias\\\/#organization\"},\"image\":{\"@type\":\"ImageObject\",\"url\":949296},\"datePublished\":\"2017-08-10T20:43:00+02:00\",\"dateModified\":\"2017-08-10T20:43:00+02:00\",\"inLanguage\":\"es-ES\",\"mainEntityOfPage\":{\"@id\":\"https:\\\/\\\/www.eldigitaldeasturias.com\\\/noticias\\\/mas-de-35000-andaluces-ya-han-registrado-su-testamento-vital\\\/#webpage\"},\"isPartOf\":{\"@id\":\"https:\\\/\\\/www.eldigitaldeasturias.com\\\/noticias\\\/mas-de-35000-andaluces-ya-han-registrado-su-testamento-vital\\\/#webpage\"},\"articleSection\":\"Actualidad\"},{\"@type\":\"BreadcrumbList\",\"@id\":\"https:\\\/\\\/www.eldigitaldeasturias.com\\\/noticias\\\/mas-de-35000-andaluces-ya-han-registrado-su-testamento-vital\\\/#breadcrumblist\",\"itemListElement\":[{\"@type\":\"ListItem\",\"@id\":\"https:\\\/\\\/www.eldigitaldeasturias.com\\\/noticias#listItem\",\"position\":1,\"name\":\"Home\",\"item\":\"https:\\\/\\\/www.eldigitaldeasturias.com\\\/noticias\",\"nextItem\":{\"@type\":\"ListItem\",\"@id\":\"https:\\\/\\\/www.eldigitaldeasturias.com\\\/noticias\\\/category\\\/actualidad\\\/#listItem\",\"name\":\"Actualidad\"}},{\"@type\":\"ListItem\",\"@id\":\"https:\\\/\\\/www.eldigitaldeasturias.com\\\/noticias\\\/category\\\/actualidad\\\/#listItem\",\"position\":2,\"name\":\"Actualidad\",\"item\":\"https:\\\/\\\/www.eldigitaldeasturias.com\\\/noticias\\\/category\\\/actualidad\\\/\",\"nextItem\":{\"@type\":\"ListItem\",\"@id\":\"https:\\\/\\\/www.eldigitaldeasturias.com\\\/noticias\\\/mas-de-35000-andaluces-ya-han-registrado-su-testamento-vital\\\/#listItem\",\"name\":\"M\\u00e1s de 35000 andaluces ya han registrado su testamento vital\"},\"previousItem\":{\"@type\":\"ListItem\",\"@id\":\"https:\\\/\\\/www.eldigitaldeasturias.com\\\/noticias#listItem\",\"name\":\"Home\"}},{\"@type\":\"ListItem\",\"@id\":\"https:\\\/\\\/www.eldigitaldeasturias.com\\\/noticias\\\/mas-de-35000-andaluces-ya-han-registrado-su-testamento-vital\\\/#listItem\",\"position\":3,\"name\":\"M\\u00e1s de 35000 andaluces ya han registrado su testamento vital\",\"previousItem\":{\"@type\":\"ListItem\",\"@id\":\"https:\\\/\\\/www.eldigitaldeasturias.com\\\/noticias\\\/category\\\/actualidad\\\/#listItem\",\"name\":\"Actualidad\"}}]},{\"@type\":\"Organization\",\"@id\":\"https:\\\/\\\/www.eldigitaldeasturias.com\\\/noticias\\\/#organization\",\"name\":\"El Digital de Asturias\",\"description\":\"Hemeroteca\",\"url\":\"https:\\\/\\\/www.eldigitaldeasturias.com\\\/noticias\\\/\",\"email\":\"info@eldigitaldeasturias.com\",\"telephone\":\"+34652131393\",\"logo\":{\"@type\":\"ImageObject\",\"url\":\"https:\\\/\\\/www.eldigitaldeasturias.com\\\/noticias\\\/wp-content\\\/uploads\\\/2020\\\/12\\\/EDA.jpg\",\"@id\":\"https:\\\/\\\/www.eldigitaldeasturias.com\\\/noticias\\\/mas-de-35000-andaluces-ya-han-registrado-su-testamento-vital\\\/#organizationLogo\"},\"image\":{\"@id\":\"https:\\\/\\\/www.eldigitaldeasturias.com\\\/noticias\\\/mas-de-35000-andaluces-ya-han-registrado-su-testamento-vital\\\/#organizationLogo\"},\"sameAs\":[\"https:\\\/\\\/facebook.com\\\/eldigitaldeasturias\",\"https:\\\/\\\/www.youtube.com\\\/channel\\\/UCZP-2wLEB9Rv6erhFmqVnvg\"],\"address\":{\"@id\":\"https:\\\/\\\/www.eldigitaldeasturias.com\\\/noticias\\\/#postaladdress\",\"@type\":\"PostalAddress\",\"streetAddress\":\"san antonio 4\",\"postalCode\":\"33430\",\"addressLocality\":\"Cand\\u00e1s\",\"addressRegion\":\"Asturias\",\"addressCountry\":\"ES\"}},{\"@type\":\"Person\",\"@id\":\"https:\\\/\\\/www.eldigitaldeasturias.com\\\/noticias\\\/author\\\/admin\\\/#author\",\"url\":\"https:\\\/\\\/www.eldigitaldeasturias.com\\\/noticias\\\/author\\\/admin\\\/\",\"name\":\"El Digital de Asturias\",\"image\":{\"@type\":\"ImageObject\",\"@id\":\"https:\\\/\\\/www.eldigitaldeasturias.com\\\/noticias\\\/mas-de-35000-andaluces-ya-han-registrado-su-testamento-vital\\\/#authorImage\",\"url\":\"https:\\\/\\\/secure.gravatar.com\\\/avatar\\\/df2aeffc32bcd13f8d26072ef8a91b623d677766deac7f97ca815868cd41bf5e?s=96&d=mm&r=g\",\"width\":96,\"height\":96,\"caption\":\"El Digital de Asturias\"}},{\"@type\":\"WebPage\",\"@id\":\"https:\\\/\\\/www.eldigitaldeasturias.com\\\/noticias\\\/mas-de-35000-andaluces-ya-han-registrado-su-testamento-vital\\\/#webpage\",\"url\":\"https:\\\/\\\/www.eldigitaldeasturias.com\\\/noticias\\\/mas-de-35000-andaluces-ya-han-registrado-su-testamento-vital\\\/\",\"name\":\"M\\u00e1s de 35000 andaluces ya han registrado su testamento vital - El Digital de Asturias\",\"description\":\"Un total de 35.517 personas ha registrado su testamento vital desde el reconocimiento de este derecho en Andaluc\\u00eda, regulado por la Ley de Declaraci\\u00f3n de Voluntad Vital Anticipada en 2003 y materializado con la puesta en marcha del Registro de Voluntades Anticipadas en 2004 hasta junio de 2017. Concretamente han sido 1.962 las personas que\",\"inLanguage\":\"es-ES\",\"isPartOf\":{\"@id\":\"https:\\\/\\\/www.eldigitaldeasturias.com\\\/noticias\\\/#website\"},\"breadcrumb\":{\"@id\":\"https:\\\/\\\/www.eldigitaldeasturias.com\\\/noticias\\\/mas-de-35000-andaluces-ya-han-registrado-su-testamento-vital\\\/#breadcrumblist\"},\"author\":{\"@id\":\"https:\\\/\\\/www.eldigitaldeasturias.com\\\/noticias\\\/author\\\/admin\\\/#author\"},\"creator\":{\"@id\":\"https:\\\/\\\/www.eldigitaldeasturias.com\\\/noticias\\\/author\\\/admin\\\/#author\"},\"image\":{\"@type\":\"ImageObject\",\"url\":949296,\"@id\":\"https:\\\/\\\/www.eldigitaldeasturias.com\\\/noticias\\\/mas-de-35000-andaluces-ya-han-registrado-su-testamento-vital\\\/#mainImage\"},\"primaryImageOfPage\":{\"@id\":\"https:\\\/\\\/www.eldigitaldeasturias.com\\\/noticias\\\/mas-de-35000-andaluces-ya-han-registrado-su-testamento-vital\\\/#mainImage\"},\"datePublished\":\"2017-08-10T20:43:00+02:00\",\"dateModified\":\"2017-08-10T20:43:00+02:00\"},{\"@type\":\"WebSite\",\"@id\":\"https:\\\/\\\/www.eldigitaldeasturias.com\\\/noticias\\\/#website\",\"url\":\"https:\\\/\\\/www.eldigitaldeasturias.com\\\/noticias\\\/\",\"name\":\"El Digital de Asturias - Diario de actualidad y noticias\",\"alternateName\":\"El Digital de Asturias - Diario de actualidad y noticias\",\"description\":\"Hemeroteca\",\"inLanguage\":\"es-ES\",\"publisher\":{\"@id\":\"https:\\\/\\\/www.eldigitaldeasturias.com\\\/noticias\\\/#organization\"}}]}\n\t\t<\/script>\n\t\t<!-- All in One SEO Pro -->\r\n\t\t<title>M\u00e1s de 35000 andaluces ya han registrado su testamento vital - El Digital de Asturias<\/title>\n\n","aioseo_head_json":{"title":"M\u00e1s de 35000 andaluces ya han registrado su testamento vital - El Digital de Asturias","description":"Un total de 35.517 personas ha registrado su testamento vital desde el reconocimiento de este derecho en Andaluc\u00eda, regulado por la Ley de Declaraci\u00f3n de Voluntad Vital Anticipada en 2003 y materializado con la puesta en marcha del Registro de Voluntades Anticipadas en 2004 hasta junio de 2017. Concretamente han sido 1.962 las personas que","canonical_url":"https:\/\/www.eldigitaldeasturias.com\/noticias\/mas-de-35000-andaluces-ya-han-registrado-su-testamento-vital\/","robots":"max-image-preview:large","keywords":"actualidad","webmasterTools":{"google-site-verification":"UA-38556648-1","msvalidate.01":"7dfe9f3f1b24437ab69f4f2559babe99","miscellaneous":""},"schema":{"@context":"https:\/\/schema.org","@graph":[{"@type":"BlogPosting","@id":"https:\/\/www.eldigitaldeasturias.com\/noticias\/mas-de-35000-andaluces-ya-han-registrado-su-testamento-vital\/#blogposting","name":"M\u00e1s de 35000 andaluces ya han registrado su testamento vital - El Digital de Asturias","headline":"M\u00e1s de 35000 andaluces ya han registrado su testamento vital","author":{"@id":"https:\/\/www.eldigitaldeasturias.com\/noticias\/author\/admin\/#author"},"publisher":{"@id":"https:\/\/www.eldigitaldeasturias.com\/noticias\/#organization"},"image":{"@type":"ImageObject","url":949296},"datePublished":"2017-08-10T20:43:00+02:00","dateModified":"2017-08-10T20:43:00+02:00","inLanguage":"es-ES","mainEntityOfPage":{"@id":"https:\/\/www.eldigitaldeasturias.com\/noticias\/mas-de-35000-andaluces-ya-han-registrado-su-testamento-vital\/#webpage"},"isPartOf":{"@id":"https:\/\/www.eldigitaldeasturias.com\/noticias\/mas-de-35000-andaluces-ya-han-registrado-su-testamento-vital\/#webpage"},"articleSection":"Actualidad"},{"@type":"BreadcrumbList","@id":"https:\/\/www.eldigitaldeasturias.com\/noticias\/mas-de-35000-andaluces-ya-han-registrado-su-testamento-vital\/#breadcrumblist","itemListElement":[{"@type":"ListItem","@id":"https:\/\/www.eldigitaldeasturias.com\/noticias#listItem","position":1,"name":"Home","item":"https:\/\/www.eldigitaldeasturias.com\/noticias","nextItem":{"@type":"ListItem","@id":"https:\/\/www.eldigitaldeasturias.com\/noticias\/category\/actualidad\/#listItem","name":"Actualidad"}},{"@type":"ListItem","@id":"https:\/\/www.eldigitaldeasturias.com\/noticias\/category\/actualidad\/#listItem","position":2,"name":"Actualidad","item":"https:\/\/www.eldigitaldeasturias.com\/noticias\/category\/actualidad\/","nextItem":{"@type":"ListItem","@id":"https:\/\/www.eldigitaldeasturias.com\/noticias\/mas-de-35000-andaluces-ya-han-registrado-su-testamento-vital\/#listItem","name":"M\u00e1s de 35000 andaluces ya han registrado su testamento vital"},"previousItem":{"@type":"ListItem","@id":"https:\/\/www.eldigitaldeasturias.com\/noticias#listItem","name":"Home"}},{"@type":"ListItem","@id":"https:\/\/www.eldigitaldeasturias.com\/noticias\/mas-de-35000-andaluces-ya-han-registrado-su-testamento-vital\/#listItem","position":3,"name":"M\u00e1s de 35000 andaluces ya han registrado su testamento vital","previousItem":{"@type":"ListItem","@id":"https:\/\/www.eldigitaldeasturias.com\/noticias\/category\/actualidad\/#listItem","name":"Actualidad"}}]},{"@type":"Organization","@id":"https:\/\/www.eldigitaldeasturias.com\/noticias\/#organization","name":"El Digital de Asturias","description":"Hemeroteca","url":"https:\/\/www.eldigitaldeasturias.com\/noticias\/","email":"info@eldigitaldeasturias.com","telephone":"+34652131393","logo":{"@type":"ImageObject","url":"https:\/\/www.eldigitaldeasturias.com\/noticias\/wp-content\/uploads\/2020\/12\/EDA.jpg","@id":"https:\/\/www.eldigitaldeasturias.com\/noticias\/mas-de-35000-andaluces-ya-han-registrado-su-testamento-vital\/#organizationLogo"},"image":{"@id":"https:\/\/www.eldigitaldeasturias.com\/noticias\/mas-de-35000-andaluces-ya-han-registrado-su-testamento-vital\/#organizationLogo"},"sameAs":["https:\/\/facebook.com\/eldigitaldeasturias","https:\/\/www.youtube.com\/channel\/UCZP-2wLEB9Rv6erhFmqVnvg"],"address":{"@id":"https:\/\/www.eldigitaldeasturias.com\/noticias\/#postaladdress","@type":"PostalAddress","streetAddress":"san antonio 4","postalCode":"33430","addressLocality":"Cand\u00e1s","addressRegion":"Asturias","addressCountry":"ES"}},{"@type":"Person","@id":"https:\/\/www.eldigitaldeasturias.com\/noticias\/author\/admin\/#author","url":"https:\/\/www.eldigitaldeasturias.com\/noticias\/author\/admin\/","name":"El Digital de Asturias","image":{"@type":"ImageObject","@id":"https:\/\/www.eldigitaldeasturias.com\/noticias\/mas-de-35000-andaluces-ya-han-registrado-su-testamento-vital\/#authorImage","url":"https:\/\/secure.gravatar.com\/avatar\/df2aeffc32bcd13f8d26072ef8a91b623d677766deac7f97ca815868cd41bf5e?s=96&d=mm&r=g","width":96,"height":96,"caption":"El Digital de Asturias"}},{"@type":"WebPage","@id":"https:\/\/www.eldigitaldeasturias.com\/noticias\/mas-de-35000-andaluces-ya-han-registrado-su-testamento-vital\/#webpage","url":"https:\/\/www.eldigitaldeasturias.com\/noticias\/mas-de-35000-andaluces-ya-han-registrado-su-testamento-vital\/","name":"M\u00e1s de 35000 andaluces ya han registrado su testamento vital - El Digital de Asturias","description":"Un total de 35.517 personas ha registrado su testamento vital desde el reconocimiento de este derecho en Andaluc\u00eda, regulado por la Ley de Declaraci\u00f3n de Voluntad Vital Anticipada en 2003 y materializado con la puesta en marcha del Registro de Voluntades Anticipadas en 2004 hasta junio de 2017. Concretamente han sido 1.962 las personas que","inLanguage":"es-ES","isPartOf":{"@id":"https:\/\/www.eldigitaldeasturias.com\/noticias\/#website"},"breadcrumb":{"@id":"https:\/\/www.eldigitaldeasturias.com\/noticias\/mas-de-35000-andaluces-ya-han-registrado-su-testamento-vital\/#breadcrumblist"},"author":{"@id":"https:\/\/www.eldigitaldeasturias.com\/noticias\/author\/admin\/#author"},"creator":{"@id":"https:\/\/www.eldigitaldeasturias.com\/noticias\/author\/admin\/#author"},"image":{"@type":"ImageObject","url":949296,"@id":"https:\/\/www.eldigitaldeasturias.com\/noticias\/mas-de-35000-andaluces-ya-han-registrado-su-testamento-vital\/#mainImage"},"primaryImageOfPage":{"@id":"https:\/\/www.eldigitaldeasturias.com\/noticias\/mas-de-35000-andaluces-ya-han-registrado-su-testamento-vital\/#mainImage"},"datePublished":"2017-08-10T20:43:00+02:00","dateModified":"2017-08-10T20:43:00+02:00"},{"@type":"WebSite","@id":"https:\/\/www.eldigitaldeasturias.com\/noticias\/#website","url":"https:\/\/www.eldigitaldeasturias.com\/noticias\/","name":"El Digital de Asturias - Diario de actualidad y noticias","alternateName":"El Digital de Asturias - Diario de actualidad y noticias","description":"Hemeroteca","inLanguage":"es-ES","publisher":{"@id":"https:\/\/www.eldigitaldeasturias.com\/noticias\/#organization"}}]},"og:locale":"es_ES","og:site_name":"El Digital de Asturias","og:type":"article","og:title":"M\u00e1s de 35000 andaluces ya han registrado su testamento vital - El Digital de Asturias","og:description":"Un total de 35.517 personas ha registrado su testamento vital desde el reconocimiento de este derecho en Andaluc\u00eda, regulado por la Ley de Declaraci\u00f3n de Voluntad Vital Anticipada en 2003 y materializado con la puesta en marcha del Registro de Voluntades Anticipadas en 2004 hasta junio de 2017. Concretamente han sido 1.962 las personas que","og:url":"https:\/\/www.eldigitaldeasturias.com\/noticias\/mas-de-35000-andaluces-ya-han-registrado-su-testamento-vital\/","article:tag":["actualidad"],"article:published_time":"2017-08-10T20:43:00+00:00","article:modified_time":"2017-08-10T20:43:00+00:00","article:publisher":"https:\/\/facebook.com\/eldigitaldeasturias","twitter:card":"summary_large_image","twitter:title":"M\u00e1s de 35000 andaluces ya han registrado su testamento vital - El Digital de Asturias","twitter:description":"Un total de 35.517 personas ha registrado su testamento vital desde el reconocimiento de este derecho en Andaluc\u00eda, regulado por la Ley de Declaraci\u00f3n de Voluntad Vital Anticipada en 2003 y materializado con la puesta en marcha del Registro de Voluntades Anticipadas en 2004 hasta junio de 2017. Concretamente han sido 1.962 las personas que","twitter:image":"https:\/\/www.eldigitaldeasturias.com\/noticias\/wp-content\/uploads\/2020\/12\/EDA-1.jpg","twitter:label1":"Escrito por","twitter:data1":"El Digital de Asturias","twitter:label2":"Tiempo de lectura estimado","twitter:data2":"4 minutos"},"aioseo_meta_data":{"post_id":"949295","title":null,"description":null,"keywords":null,"keyphrases":null,"primary_term":null,"canonical_url":null,"og_title":null,"og_description":null,"og_object_type":"default","og_image_type":"default","og_image_url":null,"og_image_width":null,"og_image_height":null,"og_image_custom_url":null,"og_image_custom_fields":null,"og_video":null,"og_custom_url":null,"og_article_section":null,"og_article_tags":null,"twitter_use_og":false,"twitter_card":"default","twitter_image_type":"default","twitter_image_url":null,"twitter_image_custom_url":null,"twitter_image_custom_fields":null,"twitter_title":null,"twitter_description":null,"schema":{"blockGraphs":[],"customGraphs":[],"default":{"data":{"Article":[],"Course":[],"Dataset":[],"FAQPage":[],"Movie":[],"Person":[],"Product":[],"ProductReview":[],"Car":[],"Recipe":[],"Service":[],"SoftwareApplication":[],"WebPage":[]},"graphName":"","isEnabled":true},"graphs":[],"defaultGraph":"","defaultPostTypeGraph":""},"schema_type":null,"schema_type_options":null,"pillar_content":false,"robots_default":true,"robots_noindex":false,"robots_noarchive":false,"robots_nosnippet":false,"robots_nofollow":false,"robots_noimageindex":false,"robots_noodp":false,"robots_notranslate":false,"robots_max_snippet":null,"robots_max_videopreview":null,"robots_max_imagepreview":"large","priority":null,"frequency":null,"local_seo":null,"seo_analyzer_scan_date":"2025-12-05 11:52:30","breadcrumb_settings":null,"limit_modified_date":false,"open_ai":null,"ai":null,"created":"2020-12-21 13:02:37","updated":"2025-12-05 11:52:30","focus_keyword":null,"additional_keywords":null,"truseo_locale":null},"aioseo_breadcrumb":"<div class=\"aioseo-breadcrumbs\"><span class=\"aioseo-breadcrumb\">\n\t<a href=\"https:\/\/www.eldigitaldeasturias.com\/noticias\" title=\"Home\">Home<\/a>\n<\/span><span class=\"aioseo-breadcrumb-separator\">\u2013<\/span><span class=\"aioseo-breadcrumb\">\n\t<a href=\"https:\/\/www.eldigitaldeasturias.com\/noticias\/category\/actualidad\/\" title=\"Actualidad\">Actualidad<\/a>\n<\/span><span class=\"aioseo-breadcrumb-separator\">\u2013<\/span><span class=\"aioseo-breadcrumb\">\n\t<a href=\"https:\/\/www.eldigitaldeasturias.com\/noticias\/mas-de-35000-andaluces-ya-han-registrado-su-testamento-vital\/\" title=\"M\u00e1s de 35000 andaluces ya han registrado su testamento vital\">M\u00e1s de 35000 andaluces ya han registrado su testamento vital<\/a>\n<\/span><\/div>","aioseo_breadcrumb_json":[{"label":"Home","link":"https:\/\/www.eldigitaldeasturias.com\/noticias"},{"label":"Actualidad","link":"https:\/\/www.eldigitaldeasturias.com\/noticias\/category\/actualidad\/"},{"label":"M\u00e1s de 35000 andaluces ya han registrado su testamento vital","link":"https:\/\/www.eldigitaldeasturias.com\/noticias\/mas-de-35000-andaluces-ya-han-registrado-su-testamento-vital\/"}],"_links":{"self":[{"href":"https:\/\/www.eldigitaldeasturias.com\/noticias\/wp-json\/wp\/v2\/posts\/949295","targetHints":{"allow":["GET"]}}],"collection":[{"href":"https:\/\/www.eldigitaldeasturias.com\/noticias\/wp-json\/wp\/v2\/posts"}],"about":[{"href":"https:\/\/www.eldigitaldeasturias.com\/noticias\/wp-json\/wp\/v2\/types\/post"}],"author":[{"embeddable":true,"href":"https:\/\/www.eldigitaldeasturias.com\/noticias\/wp-json\/wp\/v2\/users\/1"}],"replies":[{"embeddable":true,"href":"https:\/\/www.eldigitaldeasturias.com\/noticias\/wp-json\/wp\/v2\/comments?post=949295"}],"version-history":[{"count":0,"href":"https:\/\/www.eldigitaldeasturias.com\/noticias\/wp-json\/wp\/v2\/posts\/949295\/revisions"}],"wp:attachment":[{"href":"https:\/\/www.eldigitaldeasturias.com\/noticias\/wp-json\/wp\/v2\/media?parent=949295"}],"wp:term":[{"taxonomy":"category","embeddable":true,"href":"https:\/\/www.eldigitaldeasturias.com\/noticias\/wp-json\/wp\/v2\/categories?post=949295"},{"taxonomy":"post_tag","embeddable":true,"href":"https:\/\/www.eldigitaldeasturias.com\/noticias\/wp-json\/wp\/v2\/tags?post=949295"}],"curies":[{"name":"wp","href":"https:\/\/api.w.org\/{rel}","templated":true}]}}