{"id":949241,"date":"2017-08-09T21:55:46","date_gmt":"2017-08-09T21:55:46","guid":{"rendered":"http:\/\/www.eldigitaldeasturias.com\/noticias\/?p=949241"},"modified":"2017-08-09T21:55:46","modified_gmt":"2017-08-09T21:55:46","slug":"aragon-subvenciona-el-acondicionamiento-de-los-alojamientos-para-los-los-trabajadores-temporeros","status":"publish","type":"post","link":"https:\/\/www.eldigitaldeasturias.com\/noticias\/aragon-subvenciona-el-acondicionamiento-de-los-alojamientos-para-los-los-trabajadores-temporeros\/","title":{"rendered":"Arag\u00f3n subvenciona el acondicionamiento de los alojamientos para los los trabajadores temporeros"},"content":{"rendered":"<p>El Bolet\u00edn Oficial de Arag\u00f3n (BOA) publica este mi\u00e9rcoles la convocatoria de subvenciones para financiar el acondicionamiento de alojamientos destinados a los trabajadores temporales del sector agropecuario en Arag\u00f3n. Esta l\u00ednea de ayudas, impulsada desde el Departamento de Econom\u00eda, Industria y Empleo, a trav\u00e9s de la Direcci\u00f3n General de Trabajo, est\u00e1 dirigida a empresarios y cooperativas agrarias, y cuenta con un presupuesto de 200.000 euros.<\/p>\n<p><img loading=\"lazy\" decoding=\"async\" class=\"size-large wp-image-949242 alignnone\" src=\"https:\/\/www.eldigitaldeasturias.com\/noticias\/wp-content\/uploads\/2017\/08\/1110124_AR_04aff4a3-650x288.jpg\" alt=\"\" width=\"650\" height=\"288\" \/><\/p>\n<p>Para adjudicar las subvenciones se valorar\u00e1n aquellos proyectos que beneficien al mayor n\u00famero de personas trabajadoras del sector y tendr\u00e1n preferencia las comarcas del Cinca Medio, Bajo Cinca y Monegros, en la provincia Huesca; Caspe, Campo de Cari\u00f1ena, Valdejal\u00f3n, Ribera Alta del Ebro y Cinco Villas, en Zaragoza; y en Teruel, la comarca del Bajo Arag\u00f3n.<\/p>\n<p>Esta convocatoria da respuesta a la demanda transmitida al Gobierno de Arag\u00f3n por parte de las asociaciones de empresarios agropecuarios y, de forma directa, por los propios agricultores. Adem\u00e1s, se enmarca dentro del objetivo prioritario del Departamento de Econom\u00eda, Industria y Empleo de mejorar las condiciones laborales, y de la Estrategia Aragonesa de Seguridad y Salud en el Trabajo 2017-2020, fruto del consenso con los agentes sociales.<\/p>\n<p><strong>Proyectos subvencionables<\/strong><\/p>\n<p>En el caso del acondicionamiento de inmuebles, la subvenci\u00f3n ser\u00e1 de 1.500 euros por plaza habilitada, con un m\u00e1ximo de 36.000 euros por solicitante y sin que el importe subvencionado supere el 50% de la inversi\u00f3n realizada.<\/p>\n<p>Tambi\u00e9n se ofrecer\u00e1n ayudas para la compra de m\u00f3dulos prefabricados y para los gastos de cimentaci\u00f3n para apoyo y nivelaci\u00f3n, arquetas y fosos, as\u00ed como las acometidas de agua y luz y hasta un 50% del valor de su compra.<\/p>\n<p>Subsidiariamente, y si existe presupuesto, se podr\u00e1 financiar tambi\u00e9n hasta el 50% de los gastos de adquisici\u00f3n del equipamiento y mobiliario b\u00e1sico necesario para acondicionar los alojamientos.<\/p>\n<p>Los empresarios y cooperativas podr\u00e1n presentar sus solicitudes en el plazo de 15 d\u00edas h\u00e1biles a partir del siguiente al de la publicaci\u00f3n de la convocatoria en el Bolet\u00edn Oficial de Arag\u00f3n. Los proyectos subvencionados deber\u00e1n ser ejecutados entre el 1 de enero hasta el 15 de noviembre de 2017.<\/p>\n","protected":false},"excerpt":{"rendered":"<p>El Bolet\u00edn Oficial de Arag\u00f3n (BOA) publica este mi\u00e9rcoles la convocatoria de subvenciones para financiar el acondicionamiento de alojamientos destinados a los trabajadores temporales del sector agropecuario en Arag\u00f3n. Esta l\u00ednea de ayudas, impulsada desde el Departamento de Econom\u00eda, Industria y Empleo, a trav\u00e9s de la Direcci\u00f3n General de Trabajo, est\u00e1 dirigida a empresarios y [&hellip;]<\/p>\n","protected":false},"author":1,"featured_media":949242,"comment_status":"closed","ping_status":"closed","sticky":false,"template":"","format":"standard","meta":{"footnotes":""},"categories":[1],"tags":[],"class_list":["post-949241","post","type-post","status-publish","format-standard","has-post-thumbnail","hentry","category-actualidad"],"aioseo_notices":[],"aioseo_head":"\n\t\t<!-- All in One SEO Pro 5.0.1 - aioseo.com -->\n\t<meta name=\"description\" content=\"El Bolet\u00edn Oficial de Arag\u00f3n (BOA) publica este mi\u00e9rcoles la convocatoria de subvenciones para financiar el acondicionamiento de alojamientos destinados a los trabajadores temporales del sector agropecuario en Arag\u00f3n. Esta l\u00ednea de ayudas, impulsada desde el Departamento de Econom\u00eda, Industria y Empleo, a trav\u00e9s de la Direcci\u00f3n General de Trabajo, est\u00e1 dirigida a empresarios y\" \/>\n\t<meta name=\"robots\" content=\"max-image-preview:large\" \/>\n\t<meta name=\"author\" content=\"El Digital de Asturias\"\/>\n\t<meta name=\"google-site-verification\" content=\"UA-38556648-1\" \/>\n\t<meta name=\"msvalidate.01\" content=\"7dfe9f3f1b24437ab69f4f2559babe99\" \/>\n\t<meta name=\"keywords\" content=\"actualidad\" \/>\n\t<link rel=\"canonical\" href=\"https:\/\/www.eldigitaldeasturias.com\/noticias\/aragon-subvenciona-el-acondicionamiento-de-los-alojamientos-para-los-los-trabajadores-temporeros\/\" \/>\n\t<meta name=\"generator\" content=\"All in One SEO Pro (AIOSEO) 5.0.1\" \/>\n\t\t<meta property=\"og:locale\" content=\"es_ES\" \/>\n\t\t<meta property=\"og:site_name\" content=\"El Digital de Asturias\" \/>\n\t\t<meta property=\"og:type\" content=\"article\" \/>\n\t\t<meta property=\"og:title\" content=\"Arag\u00f3n subvenciona el acondicionamiento de los alojamientos para los los trabajadores temporeros - El Digital de Asturias\" \/>\n\t\t<meta property=\"og:description\" content=\"El Bolet\u00edn Oficial de Arag\u00f3n (BOA) publica este mi\u00e9rcoles la convocatoria de subvenciones para financiar el acondicionamiento de alojamientos destinados a los trabajadores temporales del sector agropecuario en Arag\u00f3n. Esta l\u00ednea de ayudas, impulsada desde el Departamento de Econom\u00eda, Industria y Empleo, a trav\u00e9s de la Direcci\u00f3n General de Trabajo, est\u00e1 dirigida a empresarios y\" \/>\n\t\t<meta property=\"og:url\" content=\"https:\/\/www.eldigitaldeasturias.com\/noticias\/aragon-subvenciona-el-acondicionamiento-de-los-alojamientos-para-los-los-trabajadores-temporeros\/\" \/>\n\t\t<meta property=\"article:tag\" content=\"actualidad\" \/>\n\t\t<meta property=\"article:published_time\" content=\"2017-08-09T21:55:46+00:00\" \/>\n\t\t<meta property=\"article:modified_time\" content=\"2017-08-09T21:55:46+00:00\" \/>\n\t\t<meta property=\"article:publisher\" content=\"https:\/\/facebook.com\/eldigitaldeasturias\" \/>\n\t\t<meta name=\"twitter:card\" content=\"summary_large_image\" \/>\n\t\t<meta name=\"twitter:title\" content=\"Arag\u00f3n subvenciona el acondicionamiento de los alojamientos para los los trabajadores temporeros - El Digital de Asturias\" \/>\n\t\t<meta name=\"twitter:description\" content=\"El Bolet\u00edn Oficial de Arag\u00f3n (BOA) publica este mi\u00e9rcoles la convocatoria de subvenciones para financiar el acondicionamiento de alojamientos destinados a los trabajadores temporales del sector agropecuario en Arag\u00f3n. Esta l\u00ednea de ayudas, impulsada desde el Departamento de Econom\u00eda, Industria y Empleo, a trav\u00e9s de la Direcci\u00f3n General de Trabajo, est\u00e1 dirigida a empresarios y\" \/>\n\t\t<meta name=\"twitter:image\" content=\"https:\/\/www.eldigitaldeasturias.com\/noticias\/wp-content\/uploads\/2020\/12\/EDA-1.jpg\" \/>\n\t\t<meta name=\"twitter:label1\" content=\"Escrito por\" \/>\n\t\t<meta name=\"twitter:data1\" content=\"El Digital de Asturias\" \/>\n\t\t<meta name=\"twitter:label2\" content=\"Tiempo de lectura estimado\" \/>\n\t\t<meta name=\"twitter:data2\" content=\"2 minutos\" \/>\n\t\t<script type=\"application\/ld+json\" class=\"aioseo-schema\">\n\t\t\t{\"@context\":\"https:\\\/\\\/schema.org\",\"@graph\":[{\"@type\":\"BlogPosting\",\"@id\":\"https:\\\/\\\/www.eldigitaldeasturias.com\\\/noticias\\\/aragon-subvenciona-el-acondicionamiento-de-los-alojamientos-para-los-los-trabajadores-temporeros\\\/#blogposting\",\"name\":\"Arag\\u00f3n subvenciona el acondicionamiento de los alojamientos para los los trabajadores temporeros - El Digital de Asturias\",\"headline\":\"Arag\\u00f3n subvenciona el acondicionamiento de los alojamientos para los los trabajadores temporeros\",\"author\":{\"@id\":\"https:\\\/\\\/www.eldigitaldeasturias.com\\\/noticias\\\/author\\\/admin\\\/#author\"},\"publisher\":{\"@id\":\"https:\\\/\\\/www.eldigitaldeasturias.com\\\/noticias\\\/#organization\"},\"image\":{\"@type\":\"ImageObject\",\"url\":949242},\"datePublished\":\"2017-08-09T21:55:46+02:00\",\"dateModified\":\"2017-08-09T21:55:46+02:00\",\"inLanguage\":\"es-ES\",\"mainEntityOfPage\":{\"@id\":\"https:\\\/\\\/www.eldigitaldeasturias.com\\\/noticias\\\/aragon-subvenciona-el-acondicionamiento-de-los-alojamientos-para-los-los-trabajadores-temporeros\\\/#webpage\"},\"isPartOf\":{\"@id\":\"https:\\\/\\\/www.eldigitaldeasturias.com\\\/noticias\\\/aragon-subvenciona-el-acondicionamiento-de-los-alojamientos-para-los-los-trabajadores-temporeros\\\/#webpage\"},\"articleSection\":\"Actualidad\"},{\"@type\":\"BreadcrumbList\",\"@id\":\"https:\\\/\\\/www.eldigitaldeasturias.com\\\/noticias\\\/aragon-subvenciona-el-acondicionamiento-de-los-alojamientos-para-los-los-trabajadores-temporeros\\\/#breadcrumblist\",\"itemListElement\":[{\"@type\":\"ListItem\",\"@id\":\"https:\\\/\\\/www.eldigitaldeasturias.com\\\/noticias#listItem\",\"position\":1,\"name\":\"Home\",\"item\":\"https:\\\/\\\/www.eldigitaldeasturias.com\\\/noticias\",\"nextItem\":{\"@type\":\"ListItem\",\"@id\":\"https:\\\/\\\/www.eldigitaldeasturias.com\\\/noticias\\\/category\\\/actualidad\\\/#listItem\",\"name\":\"Actualidad\"}},{\"@type\":\"ListItem\",\"@id\":\"https:\\\/\\\/www.eldigitaldeasturias.com\\\/noticias\\\/category\\\/actualidad\\\/#listItem\",\"position\":2,\"name\":\"Actualidad\",\"item\":\"https:\\\/\\\/www.eldigitaldeasturias.com\\\/noticias\\\/category\\\/actualidad\\\/\",\"nextItem\":{\"@type\":\"ListItem\",\"@id\":\"https:\\\/\\\/www.eldigitaldeasturias.com\\\/noticias\\\/aragon-subvenciona-el-acondicionamiento-de-los-alojamientos-para-los-los-trabajadores-temporeros\\\/#listItem\",\"name\":\"Arag\\u00f3n subvenciona el acondicionamiento de los alojamientos para los los trabajadores temporeros\"},\"previousItem\":{\"@type\":\"ListItem\",\"@id\":\"https:\\\/\\\/www.eldigitaldeasturias.com\\\/noticias#listItem\",\"name\":\"Home\"}},{\"@type\":\"ListItem\",\"@id\":\"https:\\\/\\\/www.eldigitaldeasturias.com\\\/noticias\\\/aragon-subvenciona-el-acondicionamiento-de-los-alojamientos-para-los-los-trabajadores-temporeros\\\/#listItem\",\"position\":3,\"name\":\"Arag\\u00f3n subvenciona el acondicionamiento de los alojamientos para los los trabajadores temporeros\",\"previousItem\":{\"@type\":\"ListItem\",\"@id\":\"https:\\\/\\\/www.eldigitaldeasturias.com\\\/noticias\\\/category\\\/actualidad\\\/#listItem\",\"name\":\"Actualidad\"}}]},{\"@type\":\"Organization\",\"@id\":\"https:\\\/\\\/www.eldigitaldeasturias.com\\\/noticias\\\/#organization\",\"name\":\"El Digital de Asturias\",\"description\":\"Hemeroteca\",\"url\":\"https:\\\/\\\/www.eldigitaldeasturias.com\\\/noticias\\\/\",\"email\":\"info@eldigitaldeasturias.com\",\"telephone\":\"+34652131393\",\"logo\":{\"@type\":\"ImageObject\",\"url\":\"https:\\\/\\\/www.eldigitaldeasturias.com\\\/noticias\\\/wp-content\\\/uploads\\\/2020\\\/12\\\/EDA.jpg\",\"@id\":\"https:\\\/\\\/www.eldigitaldeasturias.com\\\/noticias\\\/aragon-subvenciona-el-acondicionamiento-de-los-alojamientos-para-los-los-trabajadores-temporeros\\\/#organizationLogo\"},\"image\":{\"@id\":\"https:\\\/\\\/www.eldigitaldeasturias.com\\\/noticias\\\/aragon-subvenciona-el-acondicionamiento-de-los-alojamientos-para-los-los-trabajadores-temporeros\\\/#organizationLogo\"},\"sameAs\":[\"https:\\\/\\\/facebook.com\\\/eldigitaldeasturias\",\"https:\\\/\\\/www.youtube.com\\\/channel\\\/UCZP-2wLEB9Rv6erhFmqVnvg\"],\"address\":{\"@id\":\"https:\\\/\\\/www.eldigitaldeasturias.com\\\/noticias\\\/#postaladdress\",\"@type\":\"PostalAddress\",\"streetAddress\":\"san antonio 4\",\"postalCode\":\"33430\",\"addressLocality\":\"Cand\\u00e1s\",\"addressRegion\":\"Asturias\",\"addressCountry\":\"ES\"}},{\"@type\":\"Person\",\"@id\":\"https:\\\/\\\/www.eldigitaldeasturias.com\\\/noticias\\\/author\\\/admin\\\/#author\",\"url\":\"https:\\\/\\\/www.eldigitaldeasturias.com\\\/noticias\\\/author\\\/admin\\\/\",\"name\":\"El Digital de Asturias\",\"image\":{\"@type\":\"ImageObject\",\"@id\":\"https:\\\/\\\/www.eldigitaldeasturias.com\\\/noticias\\\/aragon-subvenciona-el-acondicionamiento-de-los-alojamientos-para-los-los-trabajadores-temporeros\\\/#authorImage\",\"url\":\"https:\\\/\\\/secure.gravatar.com\\\/avatar\\\/df2aeffc32bcd13f8d26072ef8a91b623d677766deac7f97ca815868cd41bf5e?s=96&d=mm&r=g\",\"width\":96,\"height\":96,\"caption\":\"El Digital de Asturias\"}},{\"@type\":\"WebPage\",\"@id\":\"https:\\\/\\\/www.eldigitaldeasturias.com\\\/noticias\\\/aragon-subvenciona-el-acondicionamiento-de-los-alojamientos-para-los-los-trabajadores-temporeros\\\/#webpage\",\"url\":\"https:\\\/\\\/www.eldigitaldeasturias.com\\\/noticias\\\/aragon-subvenciona-el-acondicionamiento-de-los-alojamientos-para-los-los-trabajadores-temporeros\\\/\",\"name\":\"Arag\\u00f3n subvenciona el acondicionamiento de los alojamientos para los los trabajadores temporeros - El Digital de Asturias\",\"description\":\"El Bolet\\u00edn Oficial de Arag\\u00f3n (BOA) publica este mi\\u00e9rcoles la convocatoria de subvenciones para financiar el acondicionamiento de alojamientos destinados a los trabajadores temporales del sector agropecuario en Arag\\u00f3n. Esta l\\u00ednea de ayudas, impulsada desde el Departamento de Econom\\u00eda, Industria y Empleo, a trav\\u00e9s de la Direcci\\u00f3n General de Trabajo, est\\u00e1 dirigida a empresarios y\",\"inLanguage\":\"es-ES\",\"isPartOf\":{\"@id\":\"https:\\\/\\\/www.eldigitaldeasturias.com\\\/noticias\\\/#website\"},\"breadcrumb\":{\"@id\":\"https:\\\/\\\/www.eldigitaldeasturias.com\\\/noticias\\\/aragon-subvenciona-el-acondicionamiento-de-los-alojamientos-para-los-los-trabajadores-temporeros\\\/#breadcrumblist\"},\"author\":{\"@id\":\"https:\\\/\\\/www.eldigitaldeasturias.com\\\/noticias\\\/author\\\/admin\\\/#author\"},\"creator\":{\"@id\":\"https:\\\/\\\/www.eldigitaldeasturias.com\\\/noticias\\\/author\\\/admin\\\/#author\"},\"image\":{\"@type\":\"ImageObject\",\"url\":949242,\"@id\":\"https:\\\/\\\/www.eldigitaldeasturias.com\\\/noticias\\\/aragon-subvenciona-el-acondicionamiento-de-los-alojamientos-para-los-los-trabajadores-temporeros\\\/#mainImage\"},\"primaryImageOfPage\":{\"@id\":\"https:\\\/\\\/www.eldigitaldeasturias.com\\\/noticias\\\/aragon-subvenciona-el-acondicionamiento-de-los-alojamientos-para-los-los-trabajadores-temporeros\\\/#mainImage\"},\"datePublished\":\"2017-08-09T21:55:46+02:00\",\"dateModified\":\"2017-08-09T21:55:46+02:00\"},{\"@type\":\"WebSite\",\"@id\":\"https:\\\/\\\/www.eldigitaldeasturias.com\\\/noticias\\\/#website\",\"url\":\"https:\\\/\\\/www.eldigitaldeasturias.com\\\/noticias\\\/\",\"name\":\"El Digital de Asturias - Diario de actualidad y noticias\",\"alternateName\":\"El Digital de Asturias - Diario de actualidad y noticias\",\"description\":\"Hemeroteca\",\"inLanguage\":\"es-ES\",\"publisher\":{\"@id\":\"https:\\\/\\\/www.eldigitaldeasturias.com\\\/noticias\\\/#organization\"}}]}\n\t\t<\/script>\n\t\t<!-- All in One SEO Pro -->\r\n\t\t<title>Arag\u00f3n subvenciona el acondicionamiento de los alojamientos para los los trabajadores temporeros - El Digital de Asturias<\/title>\n\n","aioseo_head_json":{"title":"Arag\u00f3n subvenciona el acondicionamiento de los alojamientos para los los trabajadores temporeros - El Digital de Asturias","description":"El Bolet\u00edn Oficial de Arag\u00f3n (BOA) publica este mi\u00e9rcoles la convocatoria de subvenciones para financiar el acondicionamiento de alojamientos destinados a los trabajadores temporales del sector agropecuario en Arag\u00f3n. Esta l\u00ednea de ayudas, impulsada desde el Departamento de Econom\u00eda, Industria y Empleo, a trav\u00e9s de la Direcci\u00f3n General de Trabajo, est\u00e1 dirigida a empresarios y","canonical_url":"https:\/\/www.eldigitaldeasturias.com\/noticias\/aragon-subvenciona-el-acondicionamiento-de-los-alojamientos-para-los-los-trabajadores-temporeros\/","robots":"max-image-preview:large","keywords":"actualidad","webmasterTools":{"google-site-verification":"UA-38556648-1","msvalidate.01":"7dfe9f3f1b24437ab69f4f2559babe99","miscellaneous":""},"schema":{"@context":"https:\/\/schema.org","@graph":[{"@type":"BlogPosting","@id":"https:\/\/www.eldigitaldeasturias.com\/noticias\/aragon-subvenciona-el-acondicionamiento-de-los-alojamientos-para-los-los-trabajadores-temporeros\/#blogposting","name":"Arag\u00f3n subvenciona el acondicionamiento de los alojamientos para los los trabajadores temporeros - El Digital de Asturias","headline":"Arag\u00f3n subvenciona el acondicionamiento de los alojamientos para los los trabajadores temporeros","author":{"@id":"https:\/\/www.eldigitaldeasturias.com\/noticias\/author\/admin\/#author"},"publisher":{"@id":"https:\/\/www.eldigitaldeasturias.com\/noticias\/#organization"},"image":{"@type":"ImageObject","url":949242},"datePublished":"2017-08-09T21:55:46+02:00","dateModified":"2017-08-09T21:55:46+02:00","inLanguage":"es-ES","mainEntityOfPage":{"@id":"https:\/\/www.eldigitaldeasturias.com\/noticias\/aragon-subvenciona-el-acondicionamiento-de-los-alojamientos-para-los-los-trabajadores-temporeros\/#webpage"},"isPartOf":{"@id":"https:\/\/www.eldigitaldeasturias.com\/noticias\/aragon-subvenciona-el-acondicionamiento-de-los-alojamientos-para-los-los-trabajadores-temporeros\/#webpage"},"articleSection":"Actualidad"},{"@type":"BreadcrumbList","@id":"https:\/\/www.eldigitaldeasturias.com\/noticias\/aragon-subvenciona-el-acondicionamiento-de-los-alojamientos-para-los-los-trabajadores-temporeros\/#breadcrumblist","itemListElement":[{"@type":"ListItem","@id":"https:\/\/www.eldigitaldeasturias.com\/noticias#listItem","position":1,"name":"Home","item":"https:\/\/www.eldigitaldeasturias.com\/noticias","nextItem":{"@type":"ListItem","@id":"https:\/\/www.eldigitaldeasturias.com\/noticias\/category\/actualidad\/#listItem","name":"Actualidad"}},{"@type":"ListItem","@id":"https:\/\/www.eldigitaldeasturias.com\/noticias\/category\/actualidad\/#listItem","position":2,"name":"Actualidad","item":"https:\/\/www.eldigitaldeasturias.com\/noticias\/category\/actualidad\/","nextItem":{"@type":"ListItem","@id":"https:\/\/www.eldigitaldeasturias.com\/noticias\/aragon-subvenciona-el-acondicionamiento-de-los-alojamientos-para-los-los-trabajadores-temporeros\/#listItem","name":"Arag\u00f3n subvenciona el acondicionamiento de los alojamientos para los los trabajadores temporeros"},"previousItem":{"@type":"ListItem","@id":"https:\/\/www.eldigitaldeasturias.com\/noticias#listItem","name":"Home"}},{"@type":"ListItem","@id":"https:\/\/www.eldigitaldeasturias.com\/noticias\/aragon-subvenciona-el-acondicionamiento-de-los-alojamientos-para-los-los-trabajadores-temporeros\/#listItem","position":3,"name":"Arag\u00f3n subvenciona el acondicionamiento de los alojamientos para los los trabajadores temporeros","previousItem":{"@type":"ListItem","@id":"https:\/\/www.eldigitaldeasturias.com\/noticias\/category\/actualidad\/#listItem","name":"Actualidad"}}]},{"@type":"Organization","@id":"https:\/\/www.eldigitaldeasturias.com\/noticias\/#organization","name":"El Digital de Asturias","description":"Hemeroteca","url":"https:\/\/www.eldigitaldeasturias.com\/noticias\/","email":"info@eldigitaldeasturias.com","telephone":"+34652131393","logo":{"@type":"ImageObject","url":"https:\/\/www.eldigitaldeasturias.com\/noticias\/wp-content\/uploads\/2020\/12\/EDA.jpg","@id":"https:\/\/www.eldigitaldeasturias.com\/noticias\/aragon-subvenciona-el-acondicionamiento-de-los-alojamientos-para-los-los-trabajadores-temporeros\/#organizationLogo"},"image":{"@id":"https:\/\/www.eldigitaldeasturias.com\/noticias\/aragon-subvenciona-el-acondicionamiento-de-los-alojamientos-para-los-los-trabajadores-temporeros\/#organizationLogo"},"sameAs":["https:\/\/facebook.com\/eldigitaldeasturias","https:\/\/www.youtube.com\/channel\/UCZP-2wLEB9Rv6erhFmqVnvg"],"address":{"@id":"https:\/\/www.eldigitaldeasturias.com\/noticias\/#postaladdress","@type":"PostalAddress","streetAddress":"san antonio 4","postalCode":"33430","addressLocality":"Cand\u00e1s","addressRegion":"Asturias","addressCountry":"ES"}},{"@type":"Person","@id":"https:\/\/www.eldigitaldeasturias.com\/noticias\/author\/admin\/#author","url":"https:\/\/www.eldigitaldeasturias.com\/noticias\/author\/admin\/","name":"El Digital de Asturias","image":{"@type":"ImageObject","@id":"https:\/\/www.eldigitaldeasturias.com\/noticias\/aragon-subvenciona-el-acondicionamiento-de-los-alojamientos-para-los-los-trabajadores-temporeros\/#authorImage","url":"https:\/\/secure.gravatar.com\/avatar\/df2aeffc32bcd13f8d26072ef8a91b623d677766deac7f97ca815868cd41bf5e?s=96&d=mm&r=g","width":96,"height":96,"caption":"El Digital de Asturias"}},{"@type":"WebPage","@id":"https:\/\/www.eldigitaldeasturias.com\/noticias\/aragon-subvenciona-el-acondicionamiento-de-los-alojamientos-para-los-los-trabajadores-temporeros\/#webpage","url":"https:\/\/www.eldigitaldeasturias.com\/noticias\/aragon-subvenciona-el-acondicionamiento-de-los-alojamientos-para-los-los-trabajadores-temporeros\/","name":"Arag\u00f3n subvenciona el acondicionamiento de los alojamientos para los los trabajadores temporeros - El Digital de Asturias","description":"El Bolet\u00edn Oficial de Arag\u00f3n (BOA) publica este mi\u00e9rcoles la convocatoria de subvenciones para financiar el acondicionamiento de alojamientos destinados a los trabajadores temporales del sector agropecuario en Arag\u00f3n. Esta l\u00ednea de ayudas, impulsada desde el Departamento de Econom\u00eda, Industria y Empleo, a trav\u00e9s de la Direcci\u00f3n General de Trabajo, est\u00e1 dirigida a empresarios y","inLanguage":"es-ES","isPartOf":{"@id":"https:\/\/www.eldigitaldeasturias.com\/noticias\/#website"},"breadcrumb":{"@id":"https:\/\/www.eldigitaldeasturias.com\/noticias\/aragon-subvenciona-el-acondicionamiento-de-los-alojamientos-para-los-los-trabajadores-temporeros\/#breadcrumblist"},"author":{"@id":"https:\/\/www.eldigitaldeasturias.com\/noticias\/author\/admin\/#author"},"creator":{"@id":"https:\/\/www.eldigitaldeasturias.com\/noticias\/author\/admin\/#author"},"image":{"@type":"ImageObject","url":949242,"@id":"https:\/\/www.eldigitaldeasturias.com\/noticias\/aragon-subvenciona-el-acondicionamiento-de-los-alojamientos-para-los-los-trabajadores-temporeros\/#mainImage"},"primaryImageOfPage":{"@id":"https:\/\/www.eldigitaldeasturias.com\/noticias\/aragon-subvenciona-el-acondicionamiento-de-los-alojamientos-para-los-los-trabajadores-temporeros\/#mainImage"},"datePublished":"2017-08-09T21:55:46+02:00","dateModified":"2017-08-09T21:55:46+02:00"},{"@type":"WebSite","@id":"https:\/\/www.eldigitaldeasturias.com\/noticias\/#website","url":"https:\/\/www.eldigitaldeasturias.com\/noticias\/","name":"El Digital de Asturias - Diario de actualidad y noticias","alternateName":"El Digital de Asturias - Diario de actualidad y noticias","description":"Hemeroteca","inLanguage":"es-ES","publisher":{"@id":"https:\/\/www.eldigitaldeasturias.com\/noticias\/#organization"}}]},"og:locale":"es_ES","og:site_name":"El Digital de Asturias","og:type":"article","og:title":"Arag\u00f3n subvenciona el acondicionamiento de los alojamientos para los los trabajadores temporeros - El Digital de Asturias","og:description":"El Bolet\u00edn Oficial de Arag\u00f3n (BOA) publica este mi\u00e9rcoles la convocatoria de subvenciones para financiar el acondicionamiento de alojamientos destinados a los trabajadores temporales del sector agropecuario en Arag\u00f3n. Esta l\u00ednea de ayudas, impulsada desde el Departamento de Econom\u00eda, Industria y Empleo, a trav\u00e9s de la Direcci\u00f3n General de Trabajo, est\u00e1 dirigida a empresarios y","og:url":"https:\/\/www.eldigitaldeasturias.com\/noticias\/aragon-subvenciona-el-acondicionamiento-de-los-alojamientos-para-los-los-trabajadores-temporeros\/","article:tag":["actualidad"],"article:published_time":"2017-08-09T21:55:46+00:00","article:modified_time":"2017-08-09T21:55:46+00:00","article:publisher":"https:\/\/facebook.com\/eldigitaldeasturias","twitter:card":"summary_large_image","twitter:title":"Arag\u00f3n subvenciona el acondicionamiento de los alojamientos para los los trabajadores temporeros - El Digital de Asturias","twitter:description":"El Bolet\u00edn Oficial de Arag\u00f3n (BOA) publica este mi\u00e9rcoles la convocatoria de subvenciones para financiar el acondicionamiento de alojamientos destinados a los trabajadores temporales del sector agropecuario en Arag\u00f3n. Esta l\u00ednea de ayudas, impulsada desde el Departamento de Econom\u00eda, Industria y Empleo, a trav\u00e9s de la Direcci\u00f3n General de Trabajo, est\u00e1 dirigida a empresarios y","twitter:image":"https:\/\/www.eldigitaldeasturias.com\/noticias\/wp-content\/uploads\/2020\/12\/EDA-1.jpg","twitter:label1":"Escrito por","twitter:data1":"El Digital de Asturias","twitter:label2":"Tiempo de lectura estimado","twitter:data2":"2 minutos"},"aioseo_meta_data":{"post_id":"949241","title":null,"description":null,"keywords":null,"keyphrases":null,"primary_term":null,"canonical_url":null,"og_title":null,"og_description":null,"og_object_type":"default","og_image_type":"default","og_image_url":null,"og_image_width":null,"og_image_height":null,"og_image_custom_url":null,"og_image_custom_fields":null,"og_video":null,"og_custom_url":null,"og_article_section":null,"og_article_tags":null,"twitter_use_og":false,"twitter_card":"default","twitter_image_type":"default","twitter_image_url":null,"twitter_image_custom_url":null,"twitter_image_custom_fields":null,"twitter_title":null,"twitter_description":null,"schema":{"blockGraphs":[],"customGraphs":[],"default":{"data":{"Article":[],"Course":[],"Dataset":[],"FAQPage":[],"Movie":[],"Person":[],"Product":[],"ProductReview":[],"Car":[],"Recipe":[],"Service":[],"SoftwareApplication":[],"WebPage":[]},"graphName":"","isEnabled":true},"graphs":[],"defaultGraph":"","defaultPostTypeGraph":""},"schema_type":null,"schema_type_options":null,"pillar_content":false,"robots_default":true,"robots_noindex":false,"robots_noarchive":false,"robots_nosnippet":false,"robots_nofollow":false,"robots_noimageindex":false,"robots_noodp":false,"robots_notranslate":false,"robots_max_snippet":null,"robots_max_videopreview":null,"robots_max_imagepreview":"large","priority":null,"frequency":null,"local_seo":null,"seo_analyzer_scan_date":"2025-12-05 11:39:10","breadcrumb_settings":null,"limit_modified_date":false,"open_ai":null,"ai":null,"created":"2020-12-21 13:02:37","updated":"2025-12-05 11:39:10","focus_keyword":null,"additional_keywords":null,"truseo_locale":null},"aioseo_breadcrumb":"<div class=\"aioseo-breadcrumbs\"><span class=\"aioseo-breadcrumb\">\n\t<a href=\"https:\/\/www.eldigitaldeasturias.com\/noticias\" title=\"Home\">Home<\/a>\n<\/span><span class=\"aioseo-breadcrumb-separator\">\u2013<\/span><span class=\"aioseo-breadcrumb\">\n\t<a href=\"https:\/\/www.eldigitaldeasturias.com\/noticias\/category\/actualidad\/\" title=\"Actualidad\">Actualidad<\/a>\n<\/span><span class=\"aioseo-breadcrumb-separator\">\u2013<\/span><span class=\"aioseo-breadcrumb\">\n\t<a href=\"https:\/\/www.eldigitaldeasturias.com\/noticias\/aragon-subvenciona-el-acondicionamiento-de-los-alojamientos-para-los-los-trabajadores-temporeros\/\" title=\"Arag\u00f3n subvenciona el acondicionamiento de los alojamientos para los los trabajadores temporeros\">Arag\u00f3n subvenciona el acondicionamiento de los alojamientos para los los trabajadores temporeros<\/a>\n<\/span><\/div>","aioseo_breadcrumb_json":[{"label":"Home","link":"https:\/\/www.eldigitaldeasturias.com\/noticias"},{"label":"Actualidad","link":"https:\/\/www.eldigitaldeasturias.com\/noticias\/category\/actualidad\/"},{"label":"Arag\u00f3n subvenciona el acondicionamiento de los alojamientos para los los trabajadores temporeros","link":"https:\/\/www.eldigitaldeasturias.com\/noticias\/aragon-subvenciona-el-acondicionamiento-de-los-alojamientos-para-los-los-trabajadores-temporeros\/"}],"_links":{"self":[{"href":"https:\/\/www.eldigitaldeasturias.com\/noticias\/wp-json\/wp\/v2\/posts\/949241","targetHints":{"allow":["GET"]}}],"collection":[{"href":"https:\/\/www.eldigitaldeasturias.com\/noticias\/wp-json\/wp\/v2\/posts"}],"about":[{"href":"https:\/\/www.eldigitaldeasturias.com\/noticias\/wp-json\/wp\/v2\/types\/post"}],"author":[{"embeddable":true,"href":"https:\/\/www.eldigitaldeasturias.com\/noticias\/wp-json\/wp\/v2\/users\/1"}],"replies":[{"embeddable":true,"href":"https:\/\/www.eldigitaldeasturias.com\/noticias\/wp-json\/wp\/v2\/comments?post=949241"}],"version-history":[{"count":0,"href":"https:\/\/www.eldigitaldeasturias.com\/noticias\/wp-json\/wp\/v2\/posts\/949241\/revisions"}],"wp:attachment":[{"href":"https:\/\/www.eldigitaldeasturias.com\/noticias\/wp-json\/wp\/v2\/media?parent=949241"}],"wp:term":[{"taxonomy":"category","embeddable":true,"href":"https:\/\/www.eldigitaldeasturias.com\/noticias\/wp-json\/wp\/v2\/categories?post=949241"},{"taxonomy":"post_tag","embeddable":true,"href":"https:\/\/www.eldigitaldeasturias.com\/noticias\/wp-json\/wp\/v2\/tags?post=949241"}],"curies":[{"name":"wp","href":"https:\/\/api.w.org\/{rel}","templated":true}]}}