{"id":949238,"date":"2017-08-09T20:57:40","date_gmt":"2017-08-09T20:57:40","guid":{"rendered":"http:\/\/www.eldigitaldeasturias.com\/noticias\/?p=949238"},"modified":"2017-08-09T20:57:40","modified_gmt":"2017-08-09T20:57:40","slug":"parrilla-de-oro-de-la-ciudad-de-huesca-para-los-danzantes","status":"publish","type":"post","link":"https:\/\/www.eldigitaldeasturias.com\/noticias\/parrilla-de-oro-de-la-ciudad-de-huesca-para-los-danzantes\/","title":{"rendered":"Parrilla de Oro de la ciudad de Huesca para los Danzantes"},"content":{"rendered":"<p>El Presidente de Arag\u00f3n, Javier Lamb\u00e1n, ha participado en la entrega de la Parrilla de Oro y el lanzamiento del cohete anunciador de las fiestas de San Lorenzo de Huesca. \u00abEstas fiestas no son s\u00f3lo las fiestas de Huesca. Son por su alcance, por su entidad, por su originalidad y por su capacidad de producci\u00f3n de diversi\u00f3n, las fiestas de todo Arag\u00f3n\u00bb. Con estas palabras, el presidente ha querido felicitar las fiestas a todos los ocenses, a los que ha invitado a disfrutar \u00aba raudales\u00bb durante los pr\u00f3ximos siete d\u00edas.<\/p>\n<p><img loading=\"lazy\" decoding=\"async\" class=\"size-large wp-image-949239 alignnone\" src=\"https:\/\/www.eldigitaldeasturias.com\/noticias\/wp-content\/uploads\/2017\/08\/lambanDSC-650x288.jpg\" alt=\"\" width=\"650\" height=\"288\" \/><\/p>\n<p>Lamb\u00e1n ha destacado que una ciudad en fiestas es un momento de \u00abreencuentro consigo misma\u00bb y con sus gentes. Adem\u00e1s, ha elogiado \u00abla cultura y la tradici\u00f3n\u00bb que a\u00fanan los Danzantes de Huesca, que este a\u00f1o han recibido la Parrilla de Oro de la ciudad de Huesca.Tambi\u00e9n se ha referido a la elecci\u00f3n del Hospital San Jorge como lanzador del cohete de inicio de las fiestas. Ha sido la auxiliar de enfermer\u00eda Asunci\u00f3n Lanao la encargada de encenderlo. Lamb\u00e1n ha aprovechado para recordar que \u00aben tiempos de desigualdad, los poderes p\u00fablicos estamos obligados a prestar buenos servicios y el Hospital San Jorge presta unos excelentes servicios\u00bb .<\/p>\n<p>En su intervenci\u00f3n en el Ayuntamiento de Huesca y tras participar en el izado de banderas, ha abogado por mantener la cooperaci\u00f3n con la ciudad francesa de Tarbes (hermanada con la capital oscense) y ha aludido a los avances en la reapertura del Canfranc para conectar Arag\u00f3n con Francia y \u00abromper barreras\u00bb.<\/p>\n<p>El Presidente de Arag\u00f3n ha estado acompa\u00f1ado por las consejeras de Econom\u00eda y Empleo, Marta Gast\u00f3n, y Ciudadan\u00eda y Derechos Sociales, Maria Victoria Broto.<\/p>\n<p>&nbsp;<\/p>\n","protected":false},"excerpt":{"rendered":"<p>El Presidente de Arag\u00f3n, Javier Lamb\u00e1n, ha participado en la entrega de la Parrilla de Oro y el lanzamiento del cohete anunciador de las fiestas de San Lorenzo de Huesca. \u00abEstas fiestas no son s\u00f3lo las fiestas de Huesca. Son por su alcance, por su entidad, por su originalidad y por su capacidad de producci\u00f3n [&hellip;]<\/p>\n","protected":false},"author":1,"featured_media":949239,"comment_status":"closed","ping_status":"closed","sticky":false,"template":"","format":"standard","meta":{"footnotes":""},"categories":[1],"tags":[],"class_list":["post-949238","post","type-post","status-publish","format-standard","has-post-thumbnail","hentry","category-actualidad"],"aioseo_notices":[],"aioseo_head":"\n\t\t<!-- All in One SEO Pro 5.0.1 - aioseo.com -->\n\t<meta name=\"description\" content=\"El Presidente de Arag\u00f3n, Javier Lamb\u00e1n, ha participado en la entrega de la Parrilla de Oro y el lanzamiento del cohete anunciador de las fiestas de San Lorenzo de Huesca. &quot;Estas fiestas no son s\u00f3lo las fiestas de Huesca. Son por su alcance, por su entidad, por su originalidad y por su capacidad de producci\u00f3n\" \/>\n\t<meta name=\"robots\" content=\"max-image-preview:large\" \/>\n\t<meta name=\"author\" content=\"El Digital de Asturias\"\/>\n\t<meta name=\"google-site-verification\" content=\"UA-38556648-1\" \/>\n\t<meta name=\"msvalidate.01\" content=\"7dfe9f3f1b24437ab69f4f2559babe99\" \/>\n\t<meta name=\"keywords\" content=\"actualidad\" \/>\n\t<link rel=\"canonical\" href=\"https:\/\/www.eldigitaldeasturias.com\/noticias\/parrilla-de-oro-de-la-ciudad-de-huesca-para-los-danzantes\/\" \/>\n\t<meta name=\"generator\" content=\"All in One SEO Pro (AIOSEO) 5.0.1\" \/>\n\t\t<meta property=\"og:locale\" content=\"es_ES\" \/>\n\t\t<meta property=\"og:site_name\" content=\"El Digital de Asturias\" \/>\n\t\t<meta property=\"og:type\" content=\"article\" \/>\n\t\t<meta property=\"og:title\" content=\"Parrilla de Oro de la ciudad de Huesca para los Danzantes - El Digital de Asturias\" \/>\n\t\t<meta property=\"og:description\" content=\"El Presidente de Arag\u00f3n, Javier Lamb\u00e1n, ha participado en la entrega de la Parrilla de Oro y el lanzamiento del cohete anunciador de las fiestas de San Lorenzo de Huesca. &quot;Estas fiestas no son s\u00f3lo las fiestas de Huesca. Son por su alcance, por su entidad, por su originalidad y por su capacidad de producci\u00f3n\" \/>\n\t\t<meta property=\"og:url\" content=\"https:\/\/www.eldigitaldeasturias.com\/noticias\/parrilla-de-oro-de-la-ciudad-de-huesca-para-los-danzantes\/\" \/>\n\t\t<meta property=\"article:tag\" content=\"actualidad\" \/>\n\t\t<meta property=\"article:published_time\" content=\"2017-08-09T20:57:40+00:00\" \/>\n\t\t<meta property=\"article:modified_time\" content=\"2017-08-09T20:57:40+00:00\" \/>\n\t\t<meta property=\"article:publisher\" content=\"https:\/\/facebook.com\/eldigitaldeasturias\" \/>\n\t\t<meta name=\"twitter:card\" content=\"summary_large_image\" \/>\n\t\t<meta name=\"twitter:title\" content=\"Parrilla de Oro de la ciudad de Huesca para los Danzantes - El Digital de Asturias\" \/>\n\t\t<meta name=\"twitter:description\" content=\"El Presidente de Arag\u00f3n, Javier Lamb\u00e1n, ha participado en la entrega de la Parrilla de Oro y el lanzamiento del cohete anunciador de las fiestas de San Lorenzo de Huesca. &quot;Estas fiestas no son s\u00f3lo las fiestas de Huesca. Son por su alcance, por su entidad, por su originalidad y por su capacidad de producci\u00f3n\" \/>\n\t\t<meta name=\"twitter:image\" content=\"https:\/\/www.eldigitaldeasturias.com\/noticias\/wp-content\/uploads\/2020\/12\/EDA-1.jpg\" \/>\n\t\t<meta name=\"twitter:label1\" content=\"Escrito por\" \/>\n\t\t<meta name=\"twitter:data1\" content=\"El Digital de Asturias\" \/>\n\t\t<meta name=\"twitter:label2\" content=\"Tiempo de lectura estimado\" \/>\n\t\t<meta name=\"twitter:data2\" content=\"2 minutos\" \/>\n\t\t<script type=\"application\/ld+json\" class=\"aioseo-schema\">\n\t\t\t{\"@context\":\"https:\\\/\\\/schema.org\",\"@graph\":[{\"@type\":\"BlogPosting\",\"@id\":\"https:\\\/\\\/www.eldigitaldeasturias.com\\\/noticias\\\/parrilla-de-oro-de-la-ciudad-de-huesca-para-los-danzantes\\\/#blogposting\",\"name\":\"Parrilla de Oro de la ciudad de Huesca para los Danzantes - El Digital de Asturias\",\"headline\":\"Parrilla de Oro de la ciudad de Huesca para los Danzantes\",\"author\":{\"@id\":\"https:\\\/\\\/www.eldigitaldeasturias.com\\\/noticias\\\/author\\\/admin\\\/#author\"},\"publisher\":{\"@id\":\"https:\\\/\\\/www.eldigitaldeasturias.com\\\/noticias\\\/#organization\"},\"image\":{\"@type\":\"ImageObject\",\"url\":949239},\"datePublished\":\"2017-08-09T20:57:40+02:00\",\"dateModified\":\"2017-08-09T20:57:40+02:00\",\"inLanguage\":\"es-ES\",\"mainEntityOfPage\":{\"@id\":\"https:\\\/\\\/www.eldigitaldeasturias.com\\\/noticias\\\/parrilla-de-oro-de-la-ciudad-de-huesca-para-los-danzantes\\\/#webpage\"},\"isPartOf\":{\"@id\":\"https:\\\/\\\/www.eldigitaldeasturias.com\\\/noticias\\\/parrilla-de-oro-de-la-ciudad-de-huesca-para-los-danzantes\\\/#webpage\"},\"articleSection\":\"Actualidad\"},{\"@type\":\"BreadcrumbList\",\"@id\":\"https:\\\/\\\/www.eldigitaldeasturias.com\\\/noticias\\\/parrilla-de-oro-de-la-ciudad-de-huesca-para-los-danzantes\\\/#breadcrumblist\",\"itemListElement\":[{\"@type\":\"ListItem\",\"@id\":\"https:\\\/\\\/www.eldigitaldeasturias.com\\\/noticias#listItem\",\"position\":1,\"name\":\"Home\",\"item\":\"https:\\\/\\\/www.eldigitaldeasturias.com\\\/noticias\",\"nextItem\":{\"@type\":\"ListItem\",\"@id\":\"https:\\\/\\\/www.eldigitaldeasturias.com\\\/noticias\\\/category\\\/actualidad\\\/#listItem\",\"name\":\"Actualidad\"}},{\"@type\":\"ListItem\",\"@id\":\"https:\\\/\\\/www.eldigitaldeasturias.com\\\/noticias\\\/category\\\/actualidad\\\/#listItem\",\"position\":2,\"name\":\"Actualidad\",\"item\":\"https:\\\/\\\/www.eldigitaldeasturias.com\\\/noticias\\\/category\\\/actualidad\\\/\",\"nextItem\":{\"@type\":\"ListItem\",\"@id\":\"https:\\\/\\\/www.eldigitaldeasturias.com\\\/noticias\\\/parrilla-de-oro-de-la-ciudad-de-huesca-para-los-danzantes\\\/#listItem\",\"name\":\"Parrilla de Oro de la ciudad de Huesca para los Danzantes\"},\"previousItem\":{\"@type\":\"ListItem\",\"@id\":\"https:\\\/\\\/www.eldigitaldeasturias.com\\\/noticias#listItem\",\"name\":\"Home\"}},{\"@type\":\"ListItem\",\"@id\":\"https:\\\/\\\/www.eldigitaldeasturias.com\\\/noticias\\\/parrilla-de-oro-de-la-ciudad-de-huesca-para-los-danzantes\\\/#listItem\",\"position\":3,\"name\":\"Parrilla de Oro de la ciudad de Huesca para los Danzantes\",\"previousItem\":{\"@type\":\"ListItem\",\"@id\":\"https:\\\/\\\/www.eldigitaldeasturias.com\\\/noticias\\\/category\\\/actualidad\\\/#listItem\",\"name\":\"Actualidad\"}}]},{\"@type\":\"Organization\",\"@id\":\"https:\\\/\\\/www.eldigitaldeasturias.com\\\/noticias\\\/#organization\",\"name\":\"El Digital de Asturias\",\"description\":\"Hemeroteca\",\"url\":\"https:\\\/\\\/www.eldigitaldeasturias.com\\\/noticias\\\/\",\"email\":\"info@eldigitaldeasturias.com\",\"telephone\":\"+34652131393\",\"logo\":{\"@type\":\"ImageObject\",\"url\":\"https:\\\/\\\/www.eldigitaldeasturias.com\\\/noticias\\\/wp-content\\\/uploads\\\/2020\\\/12\\\/EDA.jpg\",\"@id\":\"https:\\\/\\\/www.eldigitaldeasturias.com\\\/noticias\\\/parrilla-de-oro-de-la-ciudad-de-huesca-para-los-danzantes\\\/#organizationLogo\"},\"image\":{\"@id\":\"https:\\\/\\\/www.eldigitaldeasturias.com\\\/noticias\\\/parrilla-de-oro-de-la-ciudad-de-huesca-para-los-danzantes\\\/#organizationLogo\"},\"sameAs\":[\"https:\\\/\\\/facebook.com\\\/eldigitaldeasturias\",\"https:\\\/\\\/www.youtube.com\\\/channel\\\/UCZP-2wLEB9Rv6erhFmqVnvg\"],\"address\":{\"@id\":\"https:\\\/\\\/www.eldigitaldeasturias.com\\\/noticias\\\/#postaladdress\",\"@type\":\"PostalAddress\",\"streetAddress\":\"san antonio 4\",\"postalCode\":\"33430\",\"addressLocality\":\"Cand\\u00e1s\",\"addressRegion\":\"Asturias\",\"addressCountry\":\"ES\"}},{\"@type\":\"Person\",\"@id\":\"https:\\\/\\\/www.eldigitaldeasturias.com\\\/noticias\\\/author\\\/admin\\\/#author\",\"url\":\"https:\\\/\\\/www.eldigitaldeasturias.com\\\/noticias\\\/author\\\/admin\\\/\",\"name\":\"El Digital de Asturias\",\"image\":{\"@type\":\"ImageObject\",\"@id\":\"https:\\\/\\\/www.eldigitaldeasturias.com\\\/noticias\\\/parrilla-de-oro-de-la-ciudad-de-huesca-para-los-danzantes\\\/#authorImage\",\"url\":\"https:\\\/\\\/secure.gravatar.com\\\/avatar\\\/df2aeffc32bcd13f8d26072ef8a91b623d677766deac7f97ca815868cd41bf5e?s=96&d=mm&r=g\",\"width\":96,\"height\":96,\"caption\":\"El Digital de Asturias\"}},{\"@type\":\"WebPage\",\"@id\":\"https:\\\/\\\/www.eldigitaldeasturias.com\\\/noticias\\\/parrilla-de-oro-de-la-ciudad-de-huesca-para-los-danzantes\\\/#webpage\",\"url\":\"https:\\\/\\\/www.eldigitaldeasturias.com\\\/noticias\\\/parrilla-de-oro-de-la-ciudad-de-huesca-para-los-danzantes\\\/\",\"name\":\"Parrilla de Oro de la ciudad de Huesca para los Danzantes - El Digital de Asturias\",\"description\":\"El Presidente de Arag\\u00f3n, Javier Lamb\\u00e1n, ha participado en la entrega de la Parrilla de Oro y el lanzamiento del cohete anunciador de las fiestas de San Lorenzo de Huesca. \\\"Estas fiestas no son s\\u00f3lo las fiestas de Huesca. Son por su alcance, por su entidad, por su originalidad y por su capacidad de producci\\u00f3n\",\"inLanguage\":\"es-ES\",\"isPartOf\":{\"@id\":\"https:\\\/\\\/www.eldigitaldeasturias.com\\\/noticias\\\/#website\"},\"breadcrumb\":{\"@id\":\"https:\\\/\\\/www.eldigitaldeasturias.com\\\/noticias\\\/parrilla-de-oro-de-la-ciudad-de-huesca-para-los-danzantes\\\/#breadcrumblist\"},\"author\":{\"@id\":\"https:\\\/\\\/www.eldigitaldeasturias.com\\\/noticias\\\/author\\\/admin\\\/#author\"},\"creator\":{\"@id\":\"https:\\\/\\\/www.eldigitaldeasturias.com\\\/noticias\\\/author\\\/admin\\\/#author\"},\"image\":{\"@type\":\"ImageObject\",\"url\":949239,\"@id\":\"https:\\\/\\\/www.eldigitaldeasturias.com\\\/noticias\\\/parrilla-de-oro-de-la-ciudad-de-huesca-para-los-danzantes\\\/#mainImage\"},\"primaryImageOfPage\":{\"@id\":\"https:\\\/\\\/www.eldigitaldeasturias.com\\\/noticias\\\/parrilla-de-oro-de-la-ciudad-de-huesca-para-los-danzantes\\\/#mainImage\"},\"datePublished\":\"2017-08-09T20:57:40+02:00\",\"dateModified\":\"2017-08-09T20:57:40+02:00\"},{\"@type\":\"WebSite\",\"@id\":\"https:\\\/\\\/www.eldigitaldeasturias.com\\\/noticias\\\/#website\",\"url\":\"https:\\\/\\\/www.eldigitaldeasturias.com\\\/noticias\\\/\",\"name\":\"El Digital de Asturias - Diario de actualidad y noticias\",\"alternateName\":\"El Digital de Asturias - Diario de actualidad y noticias\",\"description\":\"Hemeroteca\",\"inLanguage\":\"es-ES\",\"publisher\":{\"@id\":\"https:\\\/\\\/www.eldigitaldeasturias.com\\\/noticias\\\/#organization\"}}]}\n\t\t<\/script>\n\t\t<!-- All in One SEO Pro -->\r\n\t\t<title>Parrilla de Oro de la ciudad de Huesca para los Danzantes - El Digital de Asturias<\/title>\n\n","aioseo_head_json":{"title":"Parrilla de Oro de la ciudad de Huesca para los Danzantes - El Digital de Asturias","description":"El Presidente de Arag\u00f3n, Javier Lamb\u00e1n, ha participado en la entrega de la Parrilla de Oro y el lanzamiento del cohete anunciador de las fiestas de San Lorenzo de Huesca. \"Estas fiestas no son s\u00f3lo las fiestas de Huesca. Son por su alcance, por su entidad, por su originalidad y por su capacidad de producci\u00f3n","canonical_url":"https:\/\/www.eldigitaldeasturias.com\/noticias\/parrilla-de-oro-de-la-ciudad-de-huesca-para-los-danzantes\/","robots":"max-image-preview:large","keywords":"actualidad","webmasterTools":{"google-site-verification":"UA-38556648-1","msvalidate.01":"7dfe9f3f1b24437ab69f4f2559babe99","miscellaneous":""},"schema":{"@context":"https:\/\/schema.org","@graph":[{"@type":"BlogPosting","@id":"https:\/\/www.eldigitaldeasturias.com\/noticias\/parrilla-de-oro-de-la-ciudad-de-huesca-para-los-danzantes\/#blogposting","name":"Parrilla de Oro de la ciudad de Huesca para los Danzantes - El Digital de Asturias","headline":"Parrilla de Oro de la ciudad de Huesca para los Danzantes","author":{"@id":"https:\/\/www.eldigitaldeasturias.com\/noticias\/author\/admin\/#author"},"publisher":{"@id":"https:\/\/www.eldigitaldeasturias.com\/noticias\/#organization"},"image":{"@type":"ImageObject","url":949239},"datePublished":"2017-08-09T20:57:40+02:00","dateModified":"2017-08-09T20:57:40+02:00","inLanguage":"es-ES","mainEntityOfPage":{"@id":"https:\/\/www.eldigitaldeasturias.com\/noticias\/parrilla-de-oro-de-la-ciudad-de-huesca-para-los-danzantes\/#webpage"},"isPartOf":{"@id":"https:\/\/www.eldigitaldeasturias.com\/noticias\/parrilla-de-oro-de-la-ciudad-de-huesca-para-los-danzantes\/#webpage"},"articleSection":"Actualidad"},{"@type":"BreadcrumbList","@id":"https:\/\/www.eldigitaldeasturias.com\/noticias\/parrilla-de-oro-de-la-ciudad-de-huesca-para-los-danzantes\/#breadcrumblist","itemListElement":[{"@type":"ListItem","@id":"https:\/\/www.eldigitaldeasturias.com\/noticias#listItem","position":1,"name":"Home","item":"https:\/\/www.eldigitaldeasturias.com\/noticias","nextItem":{"@type":"ListItem","@id":"https:\/\/www.eldigitaldeasturias.com\/noticias\/category\/actualidad\/#listItem","name":"Actualidad"}},{"@type":"ListItem","@id":"https:\/\/www.eldigitaldeasturias.com\/noticias\/category\/actualidad\/#listItem","position":2,"name":"Actualidad","item":"https:\/\/www.eldigitaldeasturias.com\/noticias\/category\/actualidad\/","nextItem":{"@type":"ListItem","@id":"https:\/\/www.eldigitaldeasturias.com\/noticias\/parrilla-de-oro-de-la-ciudad-de-huesca-para-los-danzantes\/#listItem","name":"Parrilla de Oro de la ciudad de Huesca para los Danzantes"},"previousItem":{"@type":"ListItem","@id":"https:\/\/www.eldigitaldeasturias.com\/noticias#listItem","name":"Home"}},{"@type":"ListItem","@id":"https:\/\/www.eldigitaldeasturias.com\/noticias\/parrilla-de-oro-de-la-ciudad-de-huesca-para-los-danzantes\/#listItem","position":3,"name":"Parrilla de Oro de la ciudad de Huesca para los Danzantes","previousItem":{"@type":"ListItem","@id":"https:\/\/www.eldigitaldeasturias.com\/noticias\/category\/actualidad\/#listItem","name":"Actualidad"}}]},{"@type":"Organization","@id":"https:\/\/www.eldigitaldeasturias.com\/noticias\/#organization","name":"El Digital de Asturias","description":"Hemeroteca","url":"https:\/\/www.eldigitaldeasturias.com\/noticias\/","email":"info@eldigitaldeasturias.com","telephone":"+34652131393","logo":{"@type":"ImageObject","url":"https:\/\/www.eldigitaldeasturias.com\/noticias\/wp-content\/uploads\/2020\/12\/EDA.jpg","@id":"https:\/\/www.eldigitaldeasturias.com\/noticias\/parrilla-de-oro-de-la-ciudad-de-huesca-para-los-danzantes\/#organizationLogo"},"image":{"@id":"https:\/\/www.eldigitaldeasturias.com\/noticias\/parrilla-de-oro-de-la-ciudad-de-huesca-para-los-danzantes\/#organizationLogo"},"sameAs":["https:\/\/facebook.com\/eldigitaldeasturias","https:\/\/www.youtube.com\/channel\/UCZP-2wLEB9Rv6erhFmqVnvg"],"address":{"@id":"https:\/\/www.eldigitaldeasturias.com\/noticias\/#postaladdress","@type":"PostalAddress","streetAddress":"san antonio 4","postalCode":"33430","addressLocality":"Cand\u00e1s","addressRegion":"Asturias","addressCountry":"ES"}},{"@type":"Person","@id":"https:\/\/www.eldigitaldeasturias.com\/noticias\/author\/admin\/#author","url":"https:\/\/www.eldigitaldeasturias.com\/noticias\/author\/admin\/","name":"El Digital de Asturias","image":{"@type":"ImageObject","@id":"https:\/\/www.eldigitaldeasturias.com\/noticias\/parrilla-de-oro-de-la-ciudad-de-huesca-para-los-danzantes\/#authorImage","url":"https:\/\/secure.gravatar.com\/avatar\/df2aeffc32bcd13f8d26072ef8a91b623d677766deac7f97ca815868cd41bf5e?s=96&d=mm&r=g","width":96,"height":96,"caption":"El Digital de Asturias"}},{"@type":"WebPage","@id":"https:\/\/www.eldigitaldeasturias.com\/noticias\/parrilla-de-oro-de-la-ciudad-de-huesca-para-los-danzantes\/#webpage","url":"https:\/\/www.eldigitaldeasturias.com\/noticias\/parrilla-de-oro-de-la-ciudad-de-huesca-para-los-danzantes\/","name":"Parrilla de Oro de la ciudad de Huesca para los Danzantes - El Digital de Asturias","description":"El Presidente de Arag\u00f3n, Javier Lamb\u00e1n, ha participado en la entrega de la Parrilla de Oro y el lanzamiento del cohete anunciador de las fiestas de San Lorenzo de Huesca. \"Estas fiestas no son s\u00f3lo las fiestas de Huesca. Son por su alcance, por su entidad, por su originalidad y por su capacidad de producci\u00f3n","inLanguage":"es-ES","isPartOf":{"@id":"https:\/\/www.eldigitaldeasturias.com\/noticias\/#website"},"breadcrumb":{"@id":"https:\/\/www.eldigitaldeasturias.com\/noticias\/parrilla-de-oro-de-la-ciudad-de-huesca-para-los-danzantes\/#breadcrumblist"},"author":{"@id":"https:\/\/www.eldigitaldeasturias.com\/noticias\/author\/admin\/#author"},"creator":{"@id":"https:\/\/www.eldigitaldeasturias.com\/noticias\/author\/admin\/#author"},"image":{"@type":"ImageObject","url":949239,"@id":"https:\/\/www.eldigitaldeasturias.com\/noticias\/parrilla-de-oro-de-la-ciudad-de-huesca-para-los-danzantes\/#mainImage"},"primaryImageOfPage":{"@id":"https:\/\/www.eldigitaldeasturias.com\/noticias\/parrilla-de-oro-de-la-ciudad-de-huesca-para-los-danzantes\/#mainImage"},"datePublished":"2017-08-09T20:57:40+02:00","dateModified":"2017-08-09T20:57:40+02:00"},{"@type":"WebSite","@id":"https:\/\/www.eldigitaldeasturias.com\/noticias\/#website","url":"https:\/\/www.eldigitaldeasturias.com\/noticias\/","name":"El Digital de Asturias - Diario de actualidad y noticias","alternateName":"El Digital de Asturias - Diario de actualidad y noticias","description":"Hemeroteca","inLanguage":"es-ES","publisher":{"@id":"https:\/\/www.eldigitaldeasturias.com\/noticias\/#organization"}}]},"og:locale":"es_ES","og:site_name":"El Digital de Asturias","og:type":"article","og:title":"Parrilla de Oro de la ciudad de Huesca para los Danzantes - El Digital de Asturias","og:description":"El Presidente de Arag\u00f3n, Javier Lamb\u00e1n, ha participado en la entrega de la Parrilla de Oro y el lanzamiento del cohete anunciador de las fiestas de San Lorenzo de Huesca. &quot;Estas fiestas no son s\u00f3lo las fiestas de Huesca. Son por su alcance, por su entidad, por su originalidad y por su capacidad de producci\u00f3n","og:url":"https:\/\/www.eldigitaldeasturias.com\/noticias\/parrilla-de-oro-de-la-ciudad-de-huesca-para-los-danzantes\/","article:tag":["actualidad"],"article:published_time":"2017-08-09T20:57:40+00:00","article:modified_time":"2017-08-09T20:57:40+00:00","article:publisher":"https:\/\/facebook.com\/eldigitaldeasturias","twitter:card":"summary_large_image","twitter:title":"Parrilla de Oro de la ciudad de Huesca para los Danzantes - El Digital de Asturias","twitter:description":"El Presidente de Arag\u00f3n, Javier Lamb\u00e1n, ha participado en la entrega de la Parrilla de Oro y el lanzamiento del cohete anunciador de las fiestas de San Lorenzo de Huesca. &quot;Estas fiestas no son s\u00f3lo las fiestas de Huesca. Son por su alcance, por su entidad, por su originalidad y por su capacidad de producci\u00f3n","twitter:image":"https:\/\/www.eldigitaldeasturias.com\/noticias\/wp-content\/uploads\/2020\/12\/EDA-1.jpg","twitter:label1":"Escrito por","twitter:data1":"El Digital de Asturias","twitter:label2":"Tiempo de lectura estimado","twitter:data2":"2 minutos"},"aioseo_meta_data":{"post_id":"949238","title":null,"description":null,"keywords":null,"keyphrases":null,"primary_term":null,"canonical_url":null,"og_title":null,"og_description":null,"og_object_type":"default","og_image_type":"default","og_image_url":null,"og_image_width":null,"og_image_height":null,"og_image_custom_url":null,"og_image_custom_fields":null,"og_video":null,"og_custom_url":null,"og_article_section":null,"og_article_tags":null,"twitter_use_og":false,"twitter_card":"default","twitter_image_type":"default","twitter_image_url":null,"twitter_image_custom_url":null,"twitter_image_custom_fields":null,"twitter_title":null,"twitter_description":null,"schema":{"blockGraphs":[],"customGraphs":[],"default":{"data":{"Article":[],"Course":[],"Dataset":[],"FAQPage":[],"Movie":[],"Person":[],"Product":[],"ProductReview":[],"Car":[],"Recipe":[],"Service":[],"SoftwareApplication":[],"WebPage":[]},"graphName":"","isEnabled":true},"graphs":[],"defaultGraph":"","defaultPostTypeGraph":""},"schema_type":null,"schema_type_options":null,"pillar_content":false,"robots_default":true,"robots_noindex":false,"robots_noarchive":false,"robots_nosnippet":false,"robots_nofollow":false,"robots_noimageindex":false,"robots_noodp":false,"robots_notranslate":false,"robots_max_snippet":null,"robots_max_videopreview":null,"robots_max_imagepreview":"large","priority":null,"frequency":null,"local_seo":null,"seo_analyzer_scan_date":"2025-12-05 11:39:10","breadcrumb_settings":null,"limit_modified_date":false,"open_ai":null,"ai":null,"created":"2020-12-21 13:02:37","updated":"2025-12-05 11:39:10","focus_keyword":null,"additional_keywords":null,"truseo_locale":null},"aioseo_breadcrumb":"<div class=\"aioseo-breadcrumbs\"><span class=\"aioseo-breadcrumb\">\n\t<a href=\"https:\/\/www.eldigitaldeasturias.com\/noticias\" title=\"Home\">Home<\/a>\n<\/span><span class=\"aioseo-breadcrumb-separator\">\u2013<\/span><span class=\"aioseo-breadcrumb\">\n\t<a href=\"https:\/\/www.eldigitaldeasturias.com\/noticias\/category\/actualidad\/\" title=\"Actualidad\">Actualidad<\/a>\n<\/span><span class=\"aioseo-breadcrumb-separator\">\u2013<\/span><span class=\"aioseo-breadcrumb\">\n\t<a href=\"https:\/\/www.eldigitaldeasturias.com\/noticias\/parrilla-de-oro-de-la-ciudad-de-huesca-para-los-danzantes\/\" title=\"Parrilla de Oro de la ciudad de Huesca para los Danzantes\">Parrilla de Oro de la ciudad de Huesca para los Danzantes<\/a>\n<\/span><\/div>","aioseo_breadcrumb_json":[{"label":"Home","link":"https:\/\/www.eldigitaldeasturias.com\/noticias"},{"label":"Actualidad","link":"https:\/\/www.eldigitaldeasturias.com\/noticias\/category\/actualidad\/"},{"label":"Parrilla de Oro de la ciudad de Huesca para los Danzantes","link":"https:\/\/www.eldigitaldeasturias.com\/noticias\/parrilla-de-oro-de-la-ciudad-de-huesca-para-los-danzantes\/"}],"_links":{"self":[{"href":"https:\/\/www.eldigitaldeasturias.com\/noticias\/wp-json\/wp\/v2\/posts\/949238","targetHints":{"allow":["GET"]}}],"collection":[{"href":"https:\/\/www.eldigitaldeasturias.com\/noticias\/wp-json\/wp\/v2\/posts"}],"about":[{"href":"https:\/\/www.eldigitaldeasturias.com\/noticias\/wp-json\/wp\/v2\/types\/post"}],"author":[{"embeddable":true,"href":"https:\/\/www.eldigitaldeasturias.com\/noticias\/wp-json\/wp\/v2\/users\/1"}],"replies":[{"embeddable":true,"href":"https:\/\/www.eldigitaldeasturias.com\/noticias\/wp-json\/wp\/v2\/comments?post=949238"}],"version-history":[{"count":0,"href":"https:\/\/www.eldigitaldeasturias.com\/noticias\/wp-json\/wp\/v2\/posts\/949238\/revisions"}],"wp:attachment":[{"href":"https:\/\/www.eldigitaldeasturias.com\/noticias\/wp-json\/wp\/v2\/media?parent=949238"}],"wp:term":[{"taxonomy":"category","embeddable":true,"href":"https:\/\/www.eldigitaldeasturias.com\/noticias\/wp-json\/wp\/v2\/categories?post=949238"},{"taxonomy":"post_tag","embeddable":true,"href":"https:\/\/www.eldigitaldeasturias.com\/noticias\/wp-json\/wp\/v2\/tags?post=949238"}],"curies":[{"name":"wp","href":"https:\/\/api.w.org\/{rel}","templated":true}]}}