{"id":949207,"date":"2017-08-09T16:31:09","date_gmt":"2017-08-09T16:31:09","guid":{"rendered":"http:\/\/www.eldigitaldeasturias.com\/noticias\/?p=949207"},"modified":"2017-08-09T16:31:09","modified_gmt":"2017-08-09T16:31:09","slug":"repunte-de-las-reformas-del-hogar-durante-el-verano","status":"publish","type":"post","link":"https:\/\/www.eldigitaldeasturias.com\/noticias\/repunte-de-las-reformas-del-hogar-durante-el-verano\/","title":{"rendered":"Repunte de las reformas del hogar durante el verano"},"content":{"rendered":"<p><img loading=\"lazy\" decoding=\"async\" class=\"alignleft size-medium wp-image-949208\" src=\"https:\/\/www.eldigitaldeasturias.com\/noticias\/wp-content\/uploads\/2017\/08\/2222458_960_720-360x240.jpg\" alt=\"\" width=\"360\" height=\"240\" \/>El verano es una \u00e9poca del a\u00f1o que trae grandes beneficios a multitud de sectores de la econom\u00eda espa\u00f1ola, destacando el turismo por encima de cualquier otro. Sin embargo, hay un sector que se vio muy perjudicado durante la crisis econ\u00f3mica que est\u00e1 de nuevo en crecimiento: <strong>el sector de las reformas.<\/strong><\/p>\n<p>La mayor\u00eda de esos profesionales que trabajaban en la construcci\u00f3n de viviendas y se quedaron sin puestos de trabajo durante la crisis comenzaron una nueva andadura como profesionales aut\u00f3nomos y han encontrado el fil\u00f3n en el sector de las <strong>reformas particulares<\/strong>. As\u00ed, <a href=\"https:\/\/reformasalicante.es\/\" target=\"_blank\" rel=\"noopener\"><strong><span style=\"color: #ff0000;\">reformar<\/span> <span style=\"color: #ff0000;\">el hogar<\/span><\/strong><\/a> o reformar un local implica la llamada a un alba\u00f1il profesional que, acompa\u00f1ado de su equipo, se acerca hasta el domicilio a realizar un an\u00e1lisis precio para as\u00ed dar un presupuesto personalizado en funci\u00f3n de las horas de trabajo necesarias y de la complejidad de la reforma.<\/p>\n<p><strong>Meses de verano, ideales para realizar reformas<\/strong><\/p>\n<p>El verano es una buena \u00e9poca para comenzar una reforma porque el propietario del hogar suele estar en el domicilio durante la misma y as\u00ed puede supervisar su evoluci\u00f3n para ver si se ajusta a lo que realmente quer\u00eda. En los meses anteriores a la \u00e9poca estival y en los meses de julio, agosto y septiembre se producen miles de reformas en nuestro pa\u00eds y <strong>la gran mayor\u00eda tienen que ver con la construcci\u00f3n de piscinas particulares, la reforma del porche o cualquier otra relacionada con el jard\u00edn<\/strong> y la parte exterior de la casa.<\/p>\n<p>Las reformas de cocina, sal\u00f3n o ba\u00f1o tambi\u00e9n son muy demandadas, pero no solo durante el verano, sino tambi\u00e9n durante el resto del a\u00f1o.<\/p>\n<p>La presencia de profesionales de la construcci\u00f3n en Internet ha supuesto toda una revoluci\u00f3n en lo que al plano de competencia se refiere. Son muchas las empresas y alba\u00f1iles aut\u00f3nomos que se dedican a las reformas particulares y por eso, <strong>lograr un buen posicionamiento web en Google, captar la atenci\u00f3n de los potenciales clientes por medio de anuncios e invertir en la publicidad tradicional conocida como \u201cbuzoneo\u201d es de vital importancia para destacar sobre el resto<\/strong>. Eso s\u00ed, los precios finales del presupuesto ser\u00e1n los determinantes de la decisi\u00f3n de la persona que quiere realizar la reforma, que adem\u00e1s de calidad, suele buscar reformas de hogar baratas.<\/p>\n<p><strong>Reformas en el jard\u00edn<\/strong><\/p>\n<p>Lo m\u00e1s habitual es colocar suelo en el patio o jard\u00edn, cambiar el suelo desgastado que ya estaba instalado o reformas de este tipo que tienen que ver con la utilidad del jard\u00edn.<\/p>\n<p>Eso s\u00ed,<strong> la reforma estrella del verano es la construcci\u00f3n de piscinas<\/strong> de cualquier tama\u00f1o en funci\u00f3n de la disponibilidad de territorio del jard\u00edn. Una opci\u00f3n muy com\u00fan entre los espa\u00f1oles amantes del f\u00fatbol es la de colocar el escudo de su equipo de f\u00fatbol en el suelo del fondo de la piscina y los m\u00e1s freaks ya est\u00e1n pensando en c\u00f3mo incorporar Juego de Tronos o sus series favoritas a sus elementos decorativos del jard\u00edn. \u00bfVeremos pronto piscinas con el escudo de la casa Stark o con dibujos de dragones en el fondo?<\/p>\n<p><strong>Reformas de cocina y ba\u00f1o<\/strong><\/p>\n<p><strong>Elementos viejos y desgastados otuber\u00edas da\u00f1adas <\/strong>suelen ser las causas principales por las que una familia se decide a reformar la cocina o el ba\u00f1o de casa. Tambi\u00e9n influye el <strong>cambio de decoraci\u00f3n<\/strong> y la adaptaci\u00f3n a nuevas modas y materiales, pero no suele ser lo habitual debido al presupuesto necesario para realizar una reforma de estas caracter\u00edsticas.<\/p>\n<p>Cambiar los azulejos y los muebles de la cocina o <strong>quitar la ba\u00f1era e instalar un plato de ducha<\/strong> en el ba\u00f1o son las reformas m\u00e1s populares entre los espa\u00f1oles, aunque las opciones t\u00edpicas de tirar un muro que no sea de carga para hacer un espacio m\u00e1s grande o acciones similares tambi\u00e9n son muy demandadas.<\/p>\n<p>Lo que est\u00e1 claro es que<strong> los trabajadores aut\u00f3nomos y las empresas que se dedican a la realizaci\u00f3n de reformas est\u00e1n de enhorabuena<\/strong> porque se trata de una \u00e9poca realmente buena para coger trabajo y ahorrar para \u00e9pocas posteriores en las que, quiz\u00e1s, no se realicen tantas reformas particulares en Espa\u00f1a, como es el caso de los meses de invierno.<\/p>\n<p>&nbsp;<\/p>\n","protected":false},"excerpt":{"rendered":"<p>El verano es una \u00e9poca del a\u00f1o que trae grandes beneficios a multitud de sectores de la econom\u00eda espa\u00f1ola, destacando el turismo por encima de cualquier otro. Sin embargo, hay un sector que se vio muy perjudicado durante la crisis econ\u00f3mica que est\u00e1 de nuevo en crecimiento: el sector de las reformas. La mayor\u00eda de [&hellip;]<\/p>\n","protected":false},"author":1,"featured_media":949208,"comment_status":"closed","ping_status":"closed","sticky":false,"template":"","format":"standard","meta":{"footnotes":""},"categories":[1],"tags":[],"class_list":["post-949207","post","type-post","status-publish","format-standard","has-post-thumbnail","hentry","category-actualidad"],"aioseo_notices":[],"aioseo_head":"\n\t\t<!-- All in One SEO Pro 5.0.1 - aioseo.com -->\n\t<meta name=\"description\" content=\"El verano es una \u00e9poca del a\u00f1o que trae grandes beneficios a multitud de sectores de la econom\u00eda espa\u00f1ola, destacando el turismo por encima de cualquier otro. Sin embargo, hay un sector que se vio muy perjudicado durante la crisis econ\u00f3mica que est\u00e1 de nuevo en crecimiento: el sector de las reformas. La mayor\u00eda de\" \/>\n\t<meta name=\"robots\" content=\"max-image-preview:large\" \/>\n\t<meta name=\"author\" content=\"El Digital de Asturias\"\/>\n\t<meta name=\"google-site-verification\" content=\"UA-38556648-1\" \/>\n\t<meta name=\"msvalidate.01\" content=\"7dfe9f3f1b24437ab69f4f2559babe99\" \/>\n\t<meta name=\"keywords\" content=\"actualidad\" \/>\n\t<link rel=\"canonical\" href=\"https:\/\/www.eldigitaldeasturias.com\/noticias\/repunte-de-las-reformas-del-hogar-durante-el-verano\/\" \/>\n\t<meta name=\"generator\" content=\"All in One SEO Pro (AIOSEO) 5.0.1\" \/>\n\t\t<meta property=\"og:locale\" content=\"es_ES\" \/>\n\t\t<meta property=\"og:site_name\" content=\"El Digital de Asturias\" \/>\n\t\t<meta property=\"og:type\" content=\"article\" \/>\n\t\t<meta property=\"og:title\" content=\"Repunte de las reformas del hogar durante el verano - El Digital de Asturias\" \/>\n\t\t<meta property=\"og:description\" content=\"El verano es una \u00e9poca del a\u00f1o que trae grandes beneficios a multitud de sectores de la econom\u00eda espa\u00f1ola, destacando el turismo por encima de cualquier otro. Sin embargo, hay un sector que se vio muy perjudicado durante la crisis econ\u00f3mica que est\u00e1 de nuevo en crecimiento: el sector de las reformas. La mayor\u00eda de\" \/>\n\t\t<meta property=\"og:url\" content=\"https:\/\/www.eldigitaldeasturias.com\/noticias\/repunte-de-las-reformas-del-hogar-durante-el-verano\/\" \/>\n\t\t<meta property=\"article:tag\" content=\"actualidad\" \/>\n\t\t<meta property=\"article:published_time\" content=\"2017-08-09T16:31:09+00:00\" \/>\n\t\t<meta property=\"article:modified_time\" content=\"2017-08-09T16:31:09+00:00\" \/>\n\t\t<meta property=\"article:publisher\" content=\"https:\/\/facebook.com\/eldigitaldeasturias\" \/>\n\t\t<meta name=\"twitter:card\" content=\"summary_large_image\" \/>\n\t\t<meta name=\"twitter:title\" content=\"Repunte de las reformas del hogar durante el verano - El Digital de Asturias\" \/>\n\t\t<meta name=\"twitter:description\" content=\"El verano es una \u00e9poca del a\u00f1o que trae grandes beneficios a multitud de sectores de la econom\u00eda espa\u00f1ola, destacando el turismo por encima de cualquier otro. Sin embargo, hay un sector que se vio muy perjudicado durante la crisis econ\u00f3mica que est\u00e1 de nuevo en crecimiento: el sector de las reformas. La mayor\u00eda de\" \/>\n\t\t<meta name=\"twitter:image\" content=\"https:\/\/www.eldigitaldeasturias.com\/noticias\/wp-content\/uploads\/2020\/12\/EDA-1.jpg\" \/>\n\t\t<meta name=\"twitter:label1\" content=\"Escrito por\" \/>\n\t\t<meta name=\"twitter:data1\" content=\"El Digital de Asturias\" \/>\n\t\t<meta name=\"twitter:label2\" content=\"Tiempo de lectura estimado\" \/>\n\t\t<meta name=\"twitter:data2\" content=\"4 minutos\" \/>\n\t\t<script type=\"application\/ld+json\" class=\"aioseo-schema\">\n\t\t\t{\"@context\":\"https:\\\/\\\/schema.org\",\"@graph\":[{\"@type\":\"BlogPosting\",\"@id\":\"https:\\\/\\\/www.eldigitaldeasturias.com\\\/noticias\\\/repunte-de-las-reformas-del-hogar-durante-el-verano\\\/#blogposting\",\"name\":\"Repunte de las reformas del hogar durante el verano - El Digital de Asturias\",\"headline\":\"Repunte de las reformas del hogar durante el verano\",\"author\":{\"@id\":\"https:\\\/\\\/www.eldigitaldeasturias.com\\\/noticias\\\/author\\\/admin\\\/#author\"},\"publisher\":{\"@id\":\"https:\\\/\\\/www.eldigitaldeasturias.com\\\/noticias\\\/#organization\"},\"image\":{\"@type\":\"ImageObject\",\"url\":949208},\"datePublished\":\"2017-08-09T16:31:09+02:00\",\"dateModified\":\"2017-08-09T16:31:09+02:00\",\"inLanguage\":\"es-ES\",\"mainEntityOfPage\":{\"@id\":\"https:\\\/\\\/www.eldigitaldeasturias.com\\\/noticias\\\/repunte-de-las-reformas-del-hogar-durante-el-verano\\\/#webpage\"},\"isPartOf\":{\"@id\":\"https:\\\/\\\/www.eldigitaldeasturias.com\\\/noticias\\\/repunte-de-las-reformas-del-hogar-durante-el-verano\\\/#webpage\"},\"articleSection\":\"Actualidad\"},{\"@type\":\"BreadcrumbList\",\"@id\":\"https:\\\/\\\/www.eldigitaldeasturias.com\\\/noticias\\\/repunte-de-las-reformas-del-hogar-durante-el-verano\\\/#breadcrumblist\",\"itemListElement\":[{\"@type\":\"ListItem\",\"@id\":\"https:\\\/\\\/www.eldigitaldeasturias.com\\\/noticias#listItem\",\"position\":1,\"name\":\"Home\",\"item\":\"https:\\\/\\\/www.eldigitaldeasturias.com\\\/noticias\",\"nextItem\":{\"@type\":\"ListItem\",\"@id\":\"https:\\\/\\\/www.eldigitaldeasturias.com\\\/noticias\\\/category\\\/actualidad\\\/#listItem\",\"name\":\"Actualidad\"}},{\"@type\":\"ListItem\",\"@id\":\"https:\\\/\\\/www.eldigitaldeasturias.com\\\/noticias\\\/category\\\/actualidad\\\/#listItem\",\"position\":2,\"name\":\"Actualidad\",\"item\":\"https:\\\/\\\/www.eldigitaldeasturias.com\\\/noticias\\\/category\\\/actualidad\\\/\",\"nextItem\":{\"@type\":\"ListItem\",\"@id\":\"https:\\\/\\\/www.eldigitaldeasturias.com\\\/noticias\\\/repunte-de-las-reformas-del-hogar-durante-el-verano\\\/#listItem\",\"name\":\"Repunte de las reformas del hogar durante el verano\"},\"previousItem\":{\"@type\":\"ListItem\",\"@id\":\"https:\\\/\\\/www.eldigitaldeasturias.com\\\/noticias#listItem\",\"name\":\"Home\"}},{\"@type\":\"ListItem\",\"@id\":\"https:\\\/\\\/www.eldigitaldeasturias.com\\\/noticias\\\/repunte-de-las-reformas-del-hogar-durante-el-verano\\\/#listItem\",\"position\":3,\"name\":\"Repunte de las reformas del hogar durante el verano\",\"previousItem\":{\"@type\":\"ListItem\",\"@id\":\"https:\\\/\\\/www.eldigitaldeasturias.com\\\/noticias\\\/category\\\/actualidad\\\/#listItem\",\"name\":\"Actualidad\"}}]},{\"@type\":\"Organization\",\"@id\":\"https:\\\/\\\/www.eldigitaldeasturias.com\\\/noticias\\\/#organization\",\"name\":\"El Digital de Asturias\",\"description\":\"Hemeroteca\",\"url\":\"https:\\\/\\\/www.eldigitaldeasturias.com\\\/noticias\\\/\",\"email\":\"info@eldigitaldeasturias.com\",\"telephone\":\"+34652131393\",\"logo\":{\"@type\":\"ImageObject\",\"url\":\"https:\\\/\\\/www.eldigitaldeasturias.com\\\/noticias\\\/wp-content\\\/uploads\\\/2020\\\/12\\\/EDA.jpg\",\"@id\":\"https:\\\/\\\/www.eldigitaldeasturias.com\\\/noticias\\\/repunte-de-las-reformas-del-hogar-durante-el-verano\\\/#organizationLogo\"},\"image\":{\"@id\":\"https:\\\/\\\/www.eldigitaldeasturias.com\\\/noticias\\\/repunte-de-las-reformas-del-hogar-durante-el-verano\\\/#organizationLogo\"},\"sameAs\":[\"https:\\\/\\\/facebook.com\\\/eldigitaldeasturias\",\"https:\\\/\\\/www.youtube.com\\\/channel\\\/UCZP-2wLEB9Rv6erhFmqVnvg\"],\"address\":{\"@id\":\"https:\\\/\\\/www.eldigitaldeasturias.com\\\/noticias\\\/#postaladdress\",\"@type\":\"PostalAddress\",\"streetAddress\":\"san antonio 4\",\"postalCode\":\"33430\",\"addressLocality\":\"Cand\\u00e1s\",\"addressRegion\":\"Asturias\",\"addressCountry\":\"ES\"}},{\"@type\":\"Person\",\"@id\":\"https:\\\/\\\/www.eldigitaldeasturias.com\\\/noticias\\\/author\\\/admin\\\/#author\",\"url\":\"https:\\\/\\\/www.eldigitaldeasturias.com\\\/noticias\\\/author\\\/admin\\\/\",\"name\":\"El Digital de Asturias\",\"image\":{\"@type\":\"ImageObject\",\"@id\":\"https:\\\/\\\/www.eldigitaldeasturias.com\\\/noticias\\\/repunte-de-las-reformas-del-hogar-durante-el-verano\\\/#authorImage\",\"url\":\"https:\\\/\\\/secure.gravatar.com\\\/avatar\\\/df2aeffc32bcd13f8d26072ef8a91b623d677766deac7f97ca815868cd41bf5e?s=96&d=mm&r=g\",\"width\":96,\"height\":96,\"caption\":\"El Digital de Asturias\"}},{\"@type\":\"WebPage\",\"@id\":\"https:\\\/\\\/www.eldigitaldeasturias.com\\\/noticias\\\/repunte-de-las-reformas-del-hogar-durante-el-verano\\\/#webpage\",\"url\":\"https:\\\/\\\/www.eldigitaldeasturias.com\\\/noticias\\\/repunte-de-las-reformas-del-hogar-durante-el-verano\\\/\",\"name\":\"Repunte de las reformas del hogar durante el verano - El Digital de Asturias\",\"description\":\"El verano es una \\u00e9poca del a\\u00f1o que trae grandes beneficios a multitud de sectores de la econom\\u00eda espa\\u00f1ola, destacando el turismo por encima de cualquier otro. Sin embargo, hay un sector que se vio muy perjudicado durante la crisis econ\\u00f3mica que est\\u00e1 de nuevo en crecimiento: el sector de las reformas. La mayor\\u00eda de\",\"inLanguage\":\"es-ES\",\"isPartOf\":{\"@id\":\"https:\\\/\\\/www.eldigitaldeasturias.com\\\/noticias\\\/#website\"},\"breadcrumb\":{\"@id\":\"https:\\\/\\\/www.eldigitaldeasturias.com\\\/noticias\\\/repunte-de-las-reformas-del-hogar-durante-el-verano\\\/#breadcrumblist\"},\"author\":{\"@id\":\"https:\\\/\\\/www.eldigitaldeasturias.com\\\/noticias\\\/author\\\/admin\\\/#author\"},\"creator\":{\"@id\":\"https:\\\/\\\/www.eldigitaldeasturias.com\\\/noticias\\\/author\\\/admin\\\/#author\"},\"image\":{\"@type\":\"ImageObject\",\"url\":949208,\"@id\":\"https:\\\/\\\/www.eldigitaldeasturias.com\\\/noticias\\\/repunte-de-las-reformas-del-hogar-durante-el-verano\\\/#mainImage\"},\"primaryImageOfPage\":{\"@id\":\"https:\\\/\\\/www.eldigitaldeasturias.com\\\/noticias\\\/repunte-de-las-reformas-del-hogar-durante-el-verano\\\/#mainImage\"},\"datePublished\":\"2017-08-09T16:31:09+02:00\",\"dateModified\":\"2017-08-09T16:31:09+02:00\"},{\"@type\":\"WebSite\",\"@id\":\"https:\\\/\\\/www.eldigitaldeasturias.com\\\/noticias\\\/#website\",\"url\":\"https:\\\/\\\/www.eldigitaldeasturias.com\\\/noticias\\\/\",\"name\":\"El Digital de Asturias - Diario de actualidad y noticias\",\"alternateName\":\"El Digital de Asturias - Diario de actualidad y noticias\",\"description\":\"Hemeroteca\",\"inLanguage\":\"es-ES\",\"publisher\":{\"@id\":\"https:\\\/\\\/www.eldigitaldeasturias.com\\\/noticias\\\/#organization\"}}]}\n\t\t<\/script>\n\t\t<!-- All in One SEO Pro -->\r\n\t\t<title>Repunte de las reformas del hogar durante el verano - El Digital de Asturias<\/title>\n\n","aioseo_head_json":{"title":"Repunte de las reformas del hogar durante el verano - El Digital de Asturias","description":"El verano es una \u00e9poca del a\u00f1o que trae grandes beneficios a multitud de sectores de la econom\u00eda espa\u00f1ola, destacando el turismo por encima de cualquier otro. Sin embargo, hay un sector que se vio muy perjudicado durante la crisis econ\u00f3mica que est\u00e1 de nuevo en crecimiento: el sector de las reformas. La mayor\u00eda de","canonical_url":"https:\/\/www.eldigitaldeasturias.com\/noticias\/repunte-de-las-reformas-del-hogar-durante-el-verano\/","robots":"max-image-preview:large","keywords":"actualidad","webmasterTools":{"google-site-verification":"UA-38556648-1","msvalidate.01":"7dfe9f3f1b24437ab69f4f2559babe99","miscellaneous":""},"schema":{"@context":"https:\/\/schema.org","@graph":[{"@type":"BlogPosting","@id":"https:\/\/www.eldigitaldeasturias.com\/noticias\/repunte-de-las-reformas-del-hogar-durante-el-verano\/#blogposting","name":"Repunte de las reformas del hogar durante el verano - El Digital de Asturias","headline":"Repunte de las reformas del hogar durante el verano","author":{"@id":"https:\/\/www.eldigitaldeasturias.com\/noticias\/author\/admin\/#author"},"publisher":{"@id":"https:\/\/www.eldigitaldeasturias.com\/noticias\/#organization"},"image":{"@type":"ImageObject","url":949208},"datePublished":"2017-08-09T16:31:09+02:00","dateModified":"2017-08-09T16:31:09+02:00","inLanguage":"es-ES","mainEntityOfPage":{"@id":"https:\/\/www.eldigitaldeasturias.com\/noticias\/repunte-de-las-reformas-del-hogar-durante-el-verano\/#webpage"},"isPartOf":{"@id":"https:\/\/www.eldigitaldeasturias.com\/noticias\/repunte-de-las-reformas-del-hogar-durante-el-verano\/#webpage"},"articleSection":"Actualidad"},{"@type":"BreadcrumbList","@id":"https:\/\/www.eldigitaldeasturias.com\/noticias\/repunte-de-las-reformas-del-hogar-durante-el-verano\/#breadcrumblist","itemListElement":[{"@type":"ListItem","@id":"https:\/\/www.eldigitaldeasturias.com\/noticias#listItem","position":1,"name":"Home","item":"https:\/\/www.eldigitaldeasturias.com\/noticias","nextItem":{"@type":"ListItem","@id":"https:\/\/www.eldigitaldeasturias.com\/noticias\/category\/actualidad\/#listItem","name":"Actualidad"}},{"@type":"ListItem","@id":"https:\/\/www.eldigitaldeasturias.com\/noticias\/category\/actualidad\/#listItem","position":2,"name":"Actualidad","item":"https:\/\/www.eldigitaldeasturias.com\/noticias\/category\/actualidad\/","nextItem":{"@type":"ListItem","@id":"https:\/\/www.eldigitaldeasturias.com\/noticias\/repunte-de-las-reformas-del-hogar-durante-el-verano\/#listItem","name":"Repunte de las reformas del hogar durante el verano"},"previousItem":{"@type":"ListItem","@id":"https:\/\/www.eldigitaldeasturias.com\/noticias#listItem","name":"Home"}},{"@type":"ListItem","@id":"https:\/\/www.eldigitaldeasturias.com\/noticias\/repunte-de-las-reformas-del-hogar-durante-el-verano\/#listItem","position":3,"name":"Repunte de las reformas del hogar durante el verano","previousItem":{"@type":"ListItem","@id":"https:\/\/www.eldigitaldeasturias.com\/noticias\/category\/actualidad\/#listItem","name":"Actualidad"}}]},{"@type":"Organization","@id":"https:\/\/www.eldigitaldeasturias.com\/noticias\/#organization","name":"El Digital de Asturias","description":"Hemeroteca","url":"https:\/\/www.eldigitaldeasturias.com\/noticias\/","email":"info@eldigitaldeasturias.com","telephone":"+34652131393","logo":{"@type":"ImageObject","url":"https:\/\/www.eldigitaldeasturias.com\/noticias\/wp-content\/uploads\/2020\/12\/EDA.jpg","@id":"https:\/\/www.eldigitaldeasturias.com\/noticias\/repunte-de-las-reformas-del-hogar-durante-el-verano\/#organizationLogo"},"image":{"@id":"https:\/\/www.eldigitaldeasturias.com\/noticias\/repunte-de-las-reformas-del-hogar-durante-el-verano\/#organizationLogo"},"sameAs":["https:\/\/facebook.com\/eldigitaldeasturias","https:\/\/www.youtube.com\/channel\/UCZP-2wLEB9Rv6erhFmqVnvg"],"address":{"@id":"https:\/\/www.eldigitaldeasturias.com\/noticias\/#postaladdress","@type":"PostalAddress","streetAddress":"san antonio 4","postalCode":"33430","addressLocality":"Cand\u00e1s","addressRegion":"Asturias","addressCountry":"ES"}},{"@type":"Person","@id":"https:\/\/www.eldigitaldeasturias.com\/noticias\/author\/admin\/#author","url":"https:\/\/www.eldigitaldeasturias.com\/noticias\/author\/admin\/","name":"El Digital de Asturias","image":{"@type":"ImageObject","@id":"https:\/\/www.eldigitaldeasturias.com\/noticias\/repunte-de-las-reformas-del-hogar-durante-el-verano\/#authorImage","url":"https:\/\/secure.gravatar.com\/avatar\/df2aeffc32bcd13f8d26072ef8a91b623d677766deac7f97ca815868cd41bf5e?s=96&d=mm&r=g","width":96,"height":96,"caption":"El Digital de Asturias"}},{"@type":"WebPage","@id":"https:\/\/www.eldigitaldeasturias.com\/noticias\/repunte-de-las-reformas-del-hogar-durante-el-verano\/#webpage","url":"https:\/\/www.eldigitaldeasturias.com\/noticias\/repunte-de-las-reformas-del-hogar-durante-el-verano\/","name":"Repunte de las reformas del hogar durante el verano - El Digital de Asturias","description":"El verano es una \u00e9poca del a\u00f1o que trae grandes beneficios a multitud de sectores de la econom\u00eda espa\u00f1ola, destacando el turismo por encima de cualquier otro. Sin embargo, hay un sector que se vio muy perjudicado durante la crisis econ\u00f3mica que est\u00e1 de nuevo en crecimiento: el sector de las reformas. La mayor\u00eda de","inLanguage":"es-ES","isPartOf":{"@id":"https:\/\/www.eldigitaldeasturias.com\/noticias\/#website"},"breadcrumb":{"@id":"https:\/\/www.eldigitaldeasturias.com\/noticias\/repunte-de-las-reformas-del-hogar-durante-el-verano\/#breadcrumblist"},"author":{"@id":"https:\/\/www.eldigitaldeasturias.com\/noticias\/author\/admin\/#author"},"creator":{"@id":"https:\/\/www.eldigitaldeasturias.com\/noticias\/author\/admin\/#author"},"image":{"@type":"ImageObject","url":949208,"@id":"https:\/\/www.eldigitaldeasturias.com\/noticias\/repunte-de-las-reformas-del-hogar-durante-el-verano\/#mainImage"},"primaryImageOfPage":{"@id":"https:\/\/www.eldigitaldeasturias.com\/noticias\/repunte-de-las-reformas-del-hogar-durante-el-verano\/#mainImage"},"datePublished":"2017-08-09T16:31:09+02:00","dateModified":"2017-08-09T16:31:09+02:00"},{"@type":"WebSite","@id":"https:\/\/www.eldigitaldeasturias.com\/noticias\/#website","url":"https:\/\/www.eldigitaldeasturias.com\/noticias\/","name":"El Digital de Asturias - Diario de actualidad y noticias","alternateName":"El Digital de Asturias - Diario de actualidad y noticias","description":"Hemeroteca","inLanguage":"es-ES","publisher":{"@id":"https:\/\/www.eldigitaldeasturias.com\/noticias\/#organization"}}]},"og:locale":"es_ES","og:site_name":"El Digital de Asturias","og:type":"article","og:title":"Repunte de las reformas del hogar durante el verano - El Digital de Asturias","og:description":"El verano es una \u00e9poca del a\u00f1o que trae grandes beneficios a multitud de sectores de la econom\u00eda espa\u00f1ola, destacando el turismo por encima de cualquier otro. Sin embargo, hay un sector que se vio muy perjudicado durante la crisis econ\u00f3mica que est\u00e1 de nuevo en crecimiento: el sector de las reformas. La mayor\u00eda de","og:url":"https:\/\/www.eldigitaldeasturias.com\/noticias\/repunte-de-las-reformas-del-hogar-durante-el-verano\/","article:tag":["actualidad"],"article:published_time":"2017-08-09T16:31:09+00:00","article:modified_time":"2017-08-09T16:31:09+00:00","article:publisher":"https:\/\/facebook.com\/eldigitaldeasturias","twitter:card":"summary_large_image","twitter:title":"Repunte de las reformas del hogar durante el verano - El Digital de Asturias","twitter:description":"El verano es una \u00e9poca del a\u00f1o que trae grandes beneficios a multitud de sectores de la econom\u00eda espa\u00f1ola, destacando el turismo por encima de cualquier otro. Sin embargo, hay un sector que se vio muy perjudicado durante la crisis econ\u00f3mica que est\u00e1 de nuevo en crecimiento: el sector de las reformas. La mayor\u00eda de","twitter:image":"https:\/\/www.eldigitaldeasturias.com\/noticias\/wp-content\/uploads\/2020\/12\/EDA-1.jpg","twitter:label1":"Escrito por","twitter:data1":"El Digital de Asturias","twitter:label2":"Tiempo de lectura estimado","twitter:data2":"4 minutos"},"aioseo_meta_data":{"post_id":"949207","title":null,"description":null,"keywords":null,"keyphrases":null,"primary_term":null,"canonical_url":null,"og_title":null,"og_description":null,"og_object_type":"default","og_image_type":"default","og_image_url":null,"og_image_width":null,"og_image_height":null,"og_image_custom_url":null,"og_image_custom_fields":null,"og_video":null,"og_custom_url":null,"og_article_section":null,"og_article_tags":null,"twitter_use_og":false,"twitter_card":"default","twitter_image_type":"default","twitter_image_url":null,"twitter_image_custom_url":null,"twitter_image_custom_fields":null,"twitter_title":null,"twitter_description":null,"schema":{"blockGraphs":[],"customGraphs":[],"default":{"data":{"Article":[],"Course":[],"Dataset":[],"FAQPage":[],"Movie":[],"Person":[],"Product":[],"ProductReview":[],"Car":[],"Recipe":[],"Service":[],"SoftwareApplication":[],"WebPage":[]},"graphName":"","isEnabled":true},"graphs":[],"defaultGraph":"","defaultPostTypeGraph":""},"schema_type":null,"schema_type_options":null,"pillar_content":false,"robots_default":true,"robots_noindex":false,"robots_noarchive":false,"robots_nosnippet":false,"robots_nofollow":false,"robots_noimageindex":false,"robots_noodp":false,"robots_notranslate":false,"robots_max_snippet":null,"robots_max_videopreview":null,"robots_max_imagepreview":"large","priority":null,"frequency":null,"local_seo":null,"seo_analyzer_scan_date":"2025-12-05 11:33:24","breadcrumb_settings":null,"limit_modified_date":false,"open_ai":null,"ai":null,"created":"2020-12-21 13:02:38","updated":"2025-12-05 11:33:24","focus_keyword":null,"additional_keywords":null,"truseo_locale":null},"aioseo_breadcrumb":"<div class=\"aioseo-breadcrumbs\"><span class=\"aioseo-breadcrumb\">\n\t<a href=\"https:\/\/www.eldigitaldeasturias.com\/noticias\" title=\"Home\">Home<\/a>\n<\/span><span class=\"aioseo-breadcrumb-separator\">\u2013<\/span><span class=\"aioseo-breadcrumb\">\n\t<a href=\"https:\/\/www.eldigitaldeasturias.com\/noticias\/category\/actualidad\/\" title=\"Actualidad\">Actualidad<\/a>\n<\/span><span class=\"aioseo-breadcrumb-separator\">\u2013<\/span><span class=\"aioseo-breadcrumb\">\n\t<a href=\"https:\/\/www.eldigitaldeasturias.com\/noticias\/repunte-de-las-reformas-del-hogar-durante-el-verano\/\" title=\"Repunte de las reformas del hogar durante el verano\">Repunte de las reformas del hogar durante el verano<\/a>\n<\/span><\/div>","aioseo_breadcrumb_json":[{"label":"Home","link":"https:\/\/www.eldigitaldeasturias.com\/noticias"},{"label":"Actualidad","link":"https:\/\/www.eldigitaldeasturias.com\/noticias\/category\/actualidad\/"},{"label":"Repunte de las reformas del hogar durante el verano","link":"https:\/\/www.eldigitaldeasturias.com\/noticias\/repunte-de-las-reformas-del-hogar-durante-el-verano\/"}],"_links":{"self":[{"href":"https:\/\/www.eldigitaldeasturias.com\/noticias\/wp-json\/wp\/v2\/posts\/949207","targetHints":{"allow":["GET"]}}],"collection":[{"href":"https:\/\/www.eldigitaldeasturias.com\/noticias\/wp-json\/wp\/v2\/posts"}],"about":[{"href":"https:\/\/www.eldigitaldeasturias.com\/noticias\/wp-json\/wp\/v2\/types\/post"}],"author":[{"embeddable":true,"href":"https:\/\/www.eldigitaldeasturias.com\/noticias\/wp-json\/wp\/v2\/users\/1"}],"replies":[{"embeddable":true,"href":"https:\/\/www.eldigitaldeasturias.com\/noticias\/wp-json\/wp\/v2\/comments?post=949207"}],"version-history":[{"count":0,"href":"https:\/\/www.eldigitaldeasturias.com\/noticias\/wp-json\/wp\/v2\/posts\/949207\/revisions"}],"wp:attachment":[{"href":"https:\/\/www.eldigitaldeasturias.com\/noticias\/wp-json\/wp\/v2\/media?parent=949207"}],"wp:term":[{"taxonomy":"category","embeddable":true,"href":"https:\/\/www.eldigitaldeasturias.com\/noticias\/wp-json\/wp\/v2\/categories?post=949207"},{"taxonomy":"post_tag","embeddable":true,"href":"https:\/\/www.eldigitaldeasturias.com\/noticias\/wp-json\/wp\/v2\/tags?post=949207"}],"curies":[{"name":"wp","href":"https:\/\/api.w.org\/{rel}","templated":true}]}}