{"id":949199,"date":"2017-08-09T13:28:01","date_gmt":"2017-08-09T13:28:01","guid":{"rendered":"http:\/\/www.eldigitaldeasturias.com\/noticias\/?p=949199"},"modified":"2017-08-09T13:28:01","modified_gmt":"2017-08-09T13:28:01","slug":"el-hospital-san-jorge-protagoniza-el-inicio-de-las-fiestas-de-san-lorenzo","status":"publish","type":"post","link":"https:\/\/www.eldigitaldeasturias.com\/noticias\/el-hospital-san-jorge-protagoniza-el-inicio-de-las-fiestas-de-san-lorenzo\/","title":{"rendered":"El Hospital San Jorge protagoniza el inicio de las fiestas de San Lorenzo"},"content":{"rendered":"<p><img loading=\"lazy\" decoding=\"async\" class=\"alignleft size-medium wp-image-949200\" src=\"https:\/\/www.eldigitaldeasturias.com\/noticias\/wp-content\/uploads\/2017\/08\/lambanDSC_1039-360x159.jpg\" alt=\"\" width=\"360\" height=\"159\" \/>Asunci\u00f3n Lanao Ot\u00edn comenz\u00f3 a trabajar como auxiliar de enfermer\u00eda en el Hospital San Jorge de Huesca el 1 de julio de 1971. Esta ma\u00f1ana, ha sido la encargada de encender el cohete anunciador del comienzo de las fiestas de su ciudad. El Hospital San Jorge, que este a\u00f1o celebra su cincuenta aniversario, fue elegido en votaci\u00f3n popular para este evento y ella, que es la trabajadora en activo que m\u00e1s a\u00f1os lleva en el centro, ha sido la representante de todos sus compa\u00f1eros en el balc\u00f3n del Ayuntamiento.<\/p>\n<p>Tras lanzar el cohete anunicador de las fiestas, Lanao ha dicho que es una sensaci\u00f3n que \u00abno se puede explicar\u00bb. \u00abEs tener un nudo en la garganta que casi te impide respirar de la emoci\u00f3n y la ilusi\u00f3n\u201d, ha detallado la vetarana. Adem\u00e1s, ha destacado la importancia y el orgullo de representar a los 200 trabajador del Hospital San Jorge y ha confesado que tener a toda Huesca mirando hacia el balc\u00f3n es algo que \u00abimpresiona mucho\u00bb.<\/p>\n<p><strong>Actividad del centro<\/strong><\/p>\n<p>Actualmente, el Hospital San Jorge de Huesca cuenta con 257 camas funcionantes. En 2016 ha registrado en torno a 10.300 ingresos, m\u00e1s de 600 partos, 151.000 consultas externas, 6.500 intervenciones quir\u00fargicas, 20.000 pruebas de radiodiagn\u00f3stico entre TAC, Mamograf\u00edas y Ecograf\u00edas, as\u00ed como 59.400 pruebas radiol\u00f3gicas simples.<\/p>\n<p>El centro cuenta con los siguientes servicios: an\u00e1lisis cl\u00ednicos, anatom\u00eda patol\u00f3gica, anestesiolog\u00eda y reanimaci\u00f3n, angiolog\u00eda y cirug\u00eda vascular, aparato digestivo, cardiolog\u00eda, cirug\u00eda general y digestiva, cirug\u00eda ortop\u00e9dica y traumatolog\u00eda, cuidados intensivos, dermatolog\u00eda, endocrinolog\u00eda y nutrici\u00f3n, farmacia hospitalaria, ginecolog\u00eda y obstetricia, hematolog\u00eda y hemoterapia, medicina interna, medicina preventiva, microbiolog\u00eda, nefrolog\u00eda, neumolog\u00eda, neurofisiolog\u00eda, neurolog\u00eda, oftalmolog\u00eda, oncolog\u00eda m\u00e9dica, otorrinolaringolog\u00eda, pediatr\u00eda, prevenci\u00f3n de riesgos laborales, psiquiatr\u00eda, radiodiagn\u00f3stico, rehabilitaci\u00f3n, reumatolog\u00eda, urgencias y urolog\u00eda.<\/p>\n<p><strong>Inaugurado un 14 de noviembre<\/strong><\/p>\n<p>La Residencia Sanitaria \u201cSan Jorge\u201d se inaugur\u00f3 el 14 de noviembre de 1967, teniendo una actividad fundamentalmente quir\u00fargica, aunque tambi\u00e9n ten\u00eda especialista en medicina interna y pediatr\u00eda. El proyecto lo realiz\u00f3 el arquitecto Fernando Garc\u00eda Mercadal y se eligi\u00f3 ese nombre por estar ubicado a los pies del cerro y ermita de San Jorge, del siglo XV. Aquel primer edificio ten\u00eda seis plantas, unas 200 camas y supuso una inversi\u00f3n de algo m\u00e1s de 120 millones de pesetas.<\/p>\n<p>Progresivamente se fueron incorporando especialidades y servicios centrales, como la UCI o el laboratorio de Anatom\u00eda Patol\u00f3gica. Los primeros MIR se incorporan en 1984 y, en 1986, la Ley General de Sanidad universaliza la asistencia sanitaria y da un nuevo impulso a todo el hospital. En los a\u00f1os 90 el centro fue reformado, incluyendo una nueva planta destinada a los pacientes de Salud Mental. En el a\u00f1o 2002 se produce la transferencia de las competencias del INSALUD al Gobierno de Arag\u00f3n. A partir de ah\u00ed, el hospital ha seguido creciendo.<\/p>\n<p>&nbsp;<\/p>\n","protected":false},"excerpt":{"rendered":"<p>Asunci\u00f3n Lanao Ot\u00edn comenz\u00f3 a trabajar como auxiliar de enfermer\u00eda en el Hospital San Jorge de Huesca el 1 de julio de 1971. Esta ma\u00f1ana, ha sido la encargada de encender el cohete anunciador del comienzo de las fiestas de su ciudad. El Hospital San Jorge, que este a\u00f1o celebra su cincuenta aniversario, fue elegido [&hellip;]<\/p>\n","protected":false},"author":1,"featured_media":949200,"comment_status":"closed","ping_status":"closed","sticky":false,"template":"","format":"standard","meta":{"footnotes":""},"categories":[1],"tags":[],"class_list":["post-949199","post","type-post","status-publish","format-standard","has-post-thumbnail","hentry","category-actualidad"],"aioseo_notices":[],"aioseo_head":"\n\t\t<!-- All in One SEO Pro 5.0.1 - aioseo.com -->\n\t<meta name=\"description\" content=\"Asunci\u00f3n Lanao Ot\u00edn comenz\u00f3 a trabajar como auxiliar de enfermer\u00eda en el Hospital San Jorge de Huesca el 1 de julio de 1971. Esta ma\u00f1ana, ha sido la encargada de encender el cohete anunciador del comienzo de las fiestas de su ciudad. El Hospital San Jorge, que este a\u00f1o celebra su cincuenta aniversario, fue elegido\" \/>\n\t<meta name=\"robots\" content=\"max-image-preview:large\" \/>\n\t<meta name=\"author\" content=\"El Digital de Asturias\"\/>\n\t<meta name=\"google-site-verification\" content=\"UA-38556648-1\" \/>\n\t<meta name=\"msvalidate.01\" content=\"7dfe9f3f1b24437ab69f4f2559babe99\" \/>\n\t<meta name=\"keywords\" content=\"actualidad\" \/>\n\t<link rel=\"canonical\" href=\"https:\/\/www.eldigitaldeasturias.com\/noticias\/el-hospital-san-jorge-protagoniza-el-inicio-de-las-fiestas-de-san-lorenzo\/\" \/>\n\t<meta name=\"generator\" content=\"All in One SEO Pro (AIOSEO) 5.0.1\" \/>\n\t\t<meta property=\"og:locale\" content=\"es_ES\" \/>\n\t\t<meta property=\"og:site_name\" content=\"El Digital de Asturias\" \/>\n\t\t<meta property=\"og:type\" content=\"article\" \/>\n\t\t<meta property=\"og:title\" content=\"El Hospital San Jorge protagoniza el inicio de las fiestas de San Lorenzo - El Digital de Asturias\" \/>\n\t\t<meta property=\"og:description\" content=\"Asunci\u00f3n Lanao Ot\u00edn comenz\u00f3 a trabajar como auxiliar de enfermer\u00eda en el Hospital San Jorge de Huesca el 1 de julio de 1971. Esta ma\u00f1ana, ha sido la encargada de encender el cohete anunciador del comienzo de las fiestas de su ciudad. El Hospital San Jorge, que este a\u00f1o celebra su cincuenta aniversario, fue elegido\" \/>\n\t\t<meta property=\"og:url\" content=\"https:\/\/www.eldigitaldeasturias.com\/noticias\/el-hospital-san-jorge-protagoniza-el-inicio-de-las-fiestas-de-san-lorenzo\/\" \/>\n\t\t<meta property=\"article:tag\" content=\"actualidad\" \/>\n\t\t<meta property=\"article:published_time\" content=\"2017-08-09T13:28:01+00:00\" \/>\n\t\t<meta property=\"article:modified_time\" content=\"2017-08-09T13:28:01+00:00\" \/>\n\t\t<meta property=\"article:publisher\" content=\"https:\/\/facebook.com\/eldigitaldeasturias\" \/>\n\t\t<meta name=\"twitter:card\" content=\"summary_large_image\" \/>\n\t\t<meta name=\"twitter:title\" content=\"El Hospital San Jorge protagoniza el inicio de las fiestas de San Lorenzo - El Digital de Asturias\" \/>\n\t\t<meta name=\"twitter:description\" content=\"Asunci\u00f3n Lanao Ot\u00edn comenz\u00f3 a trabajar como auxiliar de enfermer\u00eda en el Hospital San Jorge de Huesca el 1 de julio de 1971. Esta ma\u00f1ana, ha sido la encargada de encender el cohete anunciador del comienzo de las fiestas de su ciudad. El Hospital San Jorge, que este a\u00f1o celebra su cincuenta aniversario, fue elegido\" \/>\n\t\t<meta name=\"twitter:image\" content=\"https:\/\/www.eldigitaldeasturias.com\/noticias\/wp-content\/uploads\/2020\/12\/EDA-1.jpg\" \/>\n\t\t<meta name=\"twitter:label1\" content=\"Escrito por\" \/>\n\t\t<meta name=\"twitter:data1\" content=\"El Digital de Asturias\" \/>\n\t\t<meta name=\"twitter:label2\" content=\"Tiempo de lectura estimado\" \/>\n\t\t<meta name=\"twitter:data2\" content=\"3 minutos\" \/>\n\t\t<script type=\"application\/ld+json\" class=\"aioseo-schema\">\n\t\t\t{\"@context\":\"https:\\\/\\\/schema.org\",\"@graph\":[{\"@type\":\"BlogPosting\",\"@id\":\"https:\\\/\\\/www.eldigitaldeasturias.com\\\/noticias\\\/el-hospital-san-jorge-protagoniza-el-inicio-de-las-fiestas-de-san-lorenzo\\\/#blogposting\",\"name\":\"El Hospital San Jorge protagoniza el inicio de las fiestas de San Lorenzo - El Digital de Asturias\",\"headline\":\"El Hospital San Jorge protagoniza el inicio de las fiestas de San Lorenzo\",\"author\":{\"@id\":\"https:\\\/\\\/www.eldigitaldeasturias.com\\\/noticias\\\/author\\\/admin\\\/#author\"},\"publisher\":{\"@id\":\"https:\\\/\\\/www.eldigitaldeasturias.com\\\/noticias\\\/#organization\"},\"image\":{\"@type\":\"ImageObject\",\"url\":949200},\"datePublished\":\"2017-08-09T13:28:01+02:00\",\"dateModified\":\"2017-08-09T13:28:01+02:00\",\"inLanguage\":\"es-ES\",\"mainEntityOfPage\":{\"@id\":\"https:\\\/\\\/www.eldigitaldeasturias.com\\\/noticias\\\/el-hospital-san-jorge-protagoniza-el-inicio-de-las-fiestas-de-san-lorenzo\\\/#webpage\"},\"isPartOf\":{\"@id\":\"https:\\\/\\\/www.eldigitaldeasturias.com\\\/noticias\\\/el-hospital-san-jorge-protagoniza-el-inicio-de-las-fiestas-de-san-lorenzo\\\/#webpage\"},\"articleSection\":\"Actualidad\"},{\"@type\":\"BreadcrumbList\",\"@id\":\"https:\\\/\\\/www.eldigitaldeasturias.com\\\/noticias\\\/el-hospital-san-jorge-protagoniza-el-inicio-de-las-fiestas-de-san-lorenzo\\\/#breadcrumblist\",\"itemListElement\":[{\"@type\":\"ListItem\",\"@id\":\"https:\\\/\\\/www.eldigitaldeasturias.com\\\/noticias#listItem\",\"position\":1,\"name\":\"Home\",\"item\":\"https:\\\/\\\/www.eldigitaldeasturias.com\\\/noticias\",\"nextItem\":{\"@type\":\"ListItem\",\"@id\":\"https:\\\/\\\/www.eldigitaldeasturias.com\\\/noticias\\\/category\\\/actualidad\\\/#listItem\",\"name\":\"Actualidad\"}},{\"@type\":\"ListItem\",\"@id\":\"https:\\\/\\\/www.eldigitaldeasturias.com\\\/noticias\\\/category\\\/actualidad\\\/#listItem\",\"position\":2,\"name\":\"Actualidad\",\"item\":\"https:\\\/\\\/www.eldigitaldeasturias.com\\\/noticias\\\/category\\\/actualidad\\\/\",\"nextItem\":{\"@type\":\"ListItem\",\"@id\":\"https:\\\/\\\/www.eldigitaldeasturias.com\\\/noticias\\\/el-hospital-san-jorge-protagoniza-el-inicio-de-las-fiestas-de-san-lorenzo\\\/#listItem\",\"name\":\"El Hospital San Jorge protagoniza el inicio de las fiestas de San Lorenzo\"},\"previousItem\":{\"@type\":\"ListItem\",\"@id\":\"https:\\\/\\\/www.eldigitaldeasturias.com\\\/noticias#listItem\",\"name\":\"Home\"}},{\"@type\":\"ListItem\",\"@id\":\"https:\\\/\\\/www.eldigitaldeasturias.com\\\/noticias\\\/el-hospital-san-jorge-protagoniza-el-inicio-de-las-fiestas-de-san-lorenzo\\\/#listItem\",\"position\":3,\"name\":\"El Hospital San Jorge protagoniza el inicio de las fiestas de San Lorenzo\",\"previousItem\":{\"@type\":\"ListItem\",\"@id\":\"https:\\\/\\\/www.eldigitaldeasturias.com\\\/noticias\\\/category\\\/actualidad\\\/#listItem\",\"name\":\"Actualidad\"}}]},{\"@type\":\"Organization\",\"@id\":\"https:\\\/\\\/www.eldigitaldeasturias.com\\\/noticias\\\/#organization\",\"name\":\"El Digital de Asturias\",\"description\":\"Hemeroteca\",\"url\":\"https:\\\/\\\/www.eldigitaldeasturias.com\\\/noticias\\\/\",\"email\":\"info@eldigitaldeasturias.com\",\"telephone\":\"+34652131393\",\"logo\":{\"@type\":\"ImageObject\",\"url\":\"https:\\\/\\\/www.eldigitaldeasturias.com\\\/noticias\\\/wp-content\\\/uploads\\\/2020\\\/12\\\/EDA.jpg\",\"@id\":\"https:\\\/\\\/www.eldigitaldeasturias.com\\\/noticias\\\/el-hospital-san-jorge-protagoniza-el-inicio-de-las-fiestas-de-san-lorenzo\\\/#organizationLogo\"},\"image\":{\"@id\":\"https:\\\/\\\/www.eldigitaldeasturias.com\\\/noticias\\\/el-hospital-san-jorge-protagoniza-el-inicio-de-las-fiestas-de-san-lorenzo\\\/#organizationLogo\"},\"sameAs\":[\"https:\\\/\\\/facebook.com\\\/eldigitaldeasturias\",\"https:\\\/\\\/www.youtube.com\\\/channel\\\/UCZP-2wLEB9Rv6erhFmqVnvg\"],\"address\":{\"@id\":\"https:\\\/\\\/www.eldigitaldeasturias.com\\\/noticias\\\/#postaladdress\",\"@type\":\"PostalAddress\",\"streetAddress\":\"san antonio 4\",\"postalCode\":\"33430\",\"addressLocality\":\"Cand\\u00e1s\",\"addressRegion\":\"Asturias\",\"addressCountry\":\"ES\"}},{\"@type\":\"Person\",\"@id\":\"https:\\\/\\\/www.eldigitaldeasturias.com\\\/noticias\\\/author\\\/admin\\\/#author\",\"url\":\"https:\\\/\\\/www.eldigitaldeasturias.com\\\/noticias\\\/author\\\/admin\\\/\",\"name\":\"El Digital de Asturias\",\"image\":{\"@type\":\"ImageObject\",\"@id\":\"https:\\\/\\\/www.eldigitaldeasturias.com\\\/noticias\\\/el-hospital-san-jorge-protagoniza-el-inicio-de-las-fiestas-de-san-lorenzo\\\/#authorImage\",\"url\":\"https:\\\/\\\/secure.gravatar.com\\\/avatar\\\/df2aeffc32bcd13f8d26072ef8a91b623d677766deac7f97ca815868cd41bf5e?s=96&d=mm&r=g\",\"width\":96,\"height\":96,\"caption\":\"El Digital de Asturias\"}},{\"@type\":\"WebPage\",\"@id\":\"https:\\\/\\\/www.eldigitaldeasturias.com\\\/noticias\\\/el-hospital-san-jorge-protagoniza-el-inicio-de-las-fiestas-de-san-lorenzo\\\/#webpage\",\"url\":\"https:\\\/\\\/www.eldigitaldeasturias.com\\\/noticias\\\/el-hospital-san-jorge-protagoniza-el-inicio-de-las-fiestas-de-san-lorenzo\\\/\",\"name\":\"El Hospital San Jorge protagoniza el inicio de las fiestas de San Lorenzo - El Digital de Asturias\",\"description\":\"Asunci\\u00f3n Lanao Ot\\u00edn comenz\\u00f3 a trabajar como auxiliar de enfermer\\u00eda en el Hospital San Jorge de Huesca el 1 de julio de 1971. Esta ma\\u00f1ana, ha sido la encargada de encender el cohete anunciador del comienzo de las fiestas de su ciudad. El Hospital San Jorge, que este a\\u00f1o celebra su cincuenta aniversario, fue elegido\",\"inLanguage\":\"es-ES\",\"isPartOf\":{\"@id\":\"https:\\\/\\\/www.eldigitaldeasturias.com\\\/noticias\\\/#website\"},\"breadcrumb\":{\"@id\":\"https:\\\/\\\/www.eldigitaldeasturias.com\\\/noticias\\\/el-hospital-san-jorge-protagoniza-el-inicio-de-las-fiestas-de-san-lorenzo\\\/#breadcrumblist\"},\"author\":{\"@id\":\"https:\\\/\\\/www.eldigitaldeasturias.com\\\/noticias\\\/author\\\/admin\\\/#author\"},\"creator\":{\"@id\":\"https:\\\/\\\/www.eldigitaldeasturias.com\\\/noticias\\\/author\\\/admin\\\/#author\"},\"image\":{\"@type\":\"ImageObject\",\"url\":949200,\"@id\":\"https:\\\/\\\/www.eldigitaldeasturias.com\\\/noticias\\\/el-hospital-san-jorge-protagoniza-el-inicio-de-las-fiestas-de-san-lorenzo\\\/#mainImage\"},\"primaryImageOfPage\":{\"@id\":\"https:\\\/\\\/www.eldigitaldeasturias.com\\\/noticias\\\/el-hospital-san-jorge-protagoniza-el-inicio-de-las-fiestas-de-san-lorenzo\\\/#mainImage\"},\"datePublished\":\"2017-08-09T13:28:01+02:00\",\"dateModified\":\"2017-08-09T13:28:01+02:00\"},{\"@type\":\"WebSite\",\"@id\":\"https:\\\/\\\/www.eldigitaldeasturias.com\\\/noticias\\\/#website\",\"url\":\"https:\\\/\\\/www.eldigitaldeasturias.com\\\/noticias\\\/\",\"name\":\"El Digital de Asturias - Diario de actualidad y noticias\",\"alternateName\":\"El Digital de Asturias - Diario de actualidad y noticias\",\"description\":\"Hemeroteca\",\"inLanguage\":\"es-ES\",\"publisher\":{\"@id\":\"https:\\\/\\\/www.eldigitaldeasturias.com\\\/noticias\\\/#organization\"}}]}\n\t\t<\/script>\n\t\t<!-- All in One SEO Pro -->\r\n\t\t<title>El Hospital San Jorge protagoniza el inicio de las fiestas de San Lorenzo - El Digital de Asturias<\/title>\n\n","aioseo_head_json":{"title":"El Hospital San Jorge protagoniza el inicio de las fiestas de San Lorenzo - El Digital de Asturias","description":"Asunci\u00f3n Lanao Ot\u00edn comenz\u00f3 a trabajar como auxiliar de enfermer\u00eda en el Hospital San Jorge de Huesca el 1 de julio de 1971. Esta ma\u00f1ana, ha sido la encargada de encender el cohete anunciador del comienzo de las fiestas de su ciudad. El Hospital San Jorge, que este a\u00f1o celebra su cincuenta aniversario, fue elegido","canonical_url":"https:\/\/www.eldigitaldeasturias.com\/noticias\/el-hospital-san-jorge-protagoniza-el-inicio-de-las-fiestas-de-san-lorenzo\/","robots":"max-image-preview:large","keywords":"actualidad","webmasterTools":{"google-site-verification":"UA-38556648-1","msvalidate.01":"7dfe9f3f1b24437ab69f4f2559babe99","miscellaneous":""},"schema":{"@context":"https:\/\/schema.org","@graph":[{"@type":"BlogPosting","@id":"https:\/\/www.eldigitaldeasturias.com\/noticias\/el-hospital-san-jorge-protagoniza-el-inicio-de-las-fiestas-de-san-lorenzo\/#blogposting","name":"El Hospital San Jorge protagoniza el inicio de las fiestas de San Lorenzo - El Digital de Asturias","headline":"El Hospital San Jorge protagoniza el inicio de las fiestas de San Lorenzo","author":{"@id":"https:\/\/www.eldigitaldeasturias.com\/noticias\/author\/admin\/#author"},"publisher":{"@id":"https:\/\/www.eldigitaldeasturias.com\/noticias\/#organization"},"image":{"@type":"ImageObject","url":949200},"datePublished":"2017-08-09T13:28:01+02:00","dateModified":"2017-08-09T13:28:01+02:00","inLanguage":"es-ES","mainEntityOfPage":{"@id":"https:\/\/www.eldigitaldeasturias.com\/noticias\/el-hospital-san-jorge-protagoniza-el-inicio-de-las-fiestas-de-san-lorenzo\/#webpage"},"isPartOf":{"@id":"https:\/\/www.eldigitaldeasturias.com\/noticias\/el-hospital-san-jorge-protagoniza-el-inicio-de-las-fiestas-de-san-lorenzo\/#webpage"},"articleSection":"Actualidad"},{"@type":"BreadcrumbList","@id":"https:\/\/www.eldigitaldeasturias.com\/noticias\/el-hospital-san-jorge-protagoniza-el-inicio-de-las-fiestas-de-san-lorenzo\/#breadcrumblist","itemListElement":[{"@type":"ListItem","@id":"https:\/\/www.eldigitaldeasturias.com\/noticias#listItem","position":1,"name":"Home","item":"https:\/\/www.eldigitaldeasturias.com\/noticias","nextItem":{"@type":"ListItem","@id":"https:\/\/www.eldigitaldeasturias.com\/noticias\/category\/actualidad\/#listItem","name":"Actualidad"}},{"@type":"ListItem","@id":"https:\/\/www.eldigitaldeasturias.com\/noticias\/category\/actualidad\/#listItem","position":2,"name":"Actualidad","item":"https:\/\/www.eldigitaldeasturias.com\/noticias\/category\/actualidad\/","nextItem":{"@type":"ListItem","@id":"https:\/\/www.eldigitaldeasturias.com\/noticias\/el-hospital-san-jorge-protagoniza-el-inicio-de-las-fiestas-de-san-lorenzo\/#listItem","name":"El Hospital San Jorge protagoniza el inicio de las fiestas de San Lorenzo"},"previousItem":{"@type":"ListItem","@id":"https:\/\/www.eldigitaldeasturias.com\/noticias#listItem","name":"Home"}},{"@type":"ListItem","@id":"https:\/\/www.eldigitaldeasturias.com\/noticias\/el-hospital-san-jorge-protagoniza-el-inicio-de-las-fiestas-de-san-lorenzo\/#listItem","position":3,"name":"El Hospital San Jorge protagoniza el inicio de las fiestas de San Lorenzo","previousItem":{"@type":"ListItem","@id":"https:\/\/www.eldigitaldeasturias.com\/noticias\/category\/actualidad\/#listItem","name":"Actualidad"}}]},{"@type":"Organization","@id":"https:\/\/www.eldigitaldeasturias.com\/noticias\/#organization","name":"El Digital de Asturias","description":"Hemeroteca","url":"https:\/\/www.eldigitaldeasturias.com\/noticias\/","email":"info@eldigitaldeasturias.com","telephone":"+34652131393","logo":{"@type":"ImageObject","url":"https:\/\/www.eldigitaldeasturias.com\/noticias\/wp-content\/uploads\/2020\/12\/EDA.jpg","@id":"https:\/\/www.eldigitaldeasturias.com\/noticias\/el-hospital-san-jorge-protagoniza-el-inicio-de-las-fiestas-de-san-lorenzo\/#organizationLogo"},"image":{"@id":"https:\/\/www.eldigitaldeasturias.com\/noticias\/el-hospital-san-jorge-protagoniza-el-inicio-de-las-fiestas-de-san-lorenzo\/#organizationLogo"},"sameAs":["https:\/\/facebook.com\/eldigitaldeasturias","https:\/\/www.youtube.com\/channel\/UCZP-2wLEB9Rv6erhFmqVnvg"],"address":{"@id":"https:\/\/www.eldigitaldeasturias.com\/noticias\/#postaladdress","@type":"PostalAddress","streetAddress":"san antonio 4","postalCode":"33430","addressLocality":"Cand\u00e1s","addressRegion":"Asturias","addressCountry":"ES"}},{"@type":"Person","@id":"https:\/\/www.eldigitaldeasturias.com\/noticias\/author\/admin\/#author","url":"https:\/\/www.eldigitaldeasturias.com\/noticias\/author\/admin\/","name":"El Digital de Asturias","image":{"@type":"ImageObject","@id":"https:\/\/www.eldigitaldeasturias.com\/noticias\/el-hospital-san-jorge-protagoniza-el-inicio-de-las-fiestas-de-san-lorenzo\/#authorImage","url":"https:\/\/secure.gravatar.com\/avatar\/df2aeffc32bcd13f8d26072ef8a91b623d677766deac7f97ca815868cd41bf5e?s=96&d=mm&r=g","width":96,"height":96,"caption":"El Digital de Asturias"}},{"@type":"WebPage","@id":"https:\/\/www.eldigitaldeasturias.com\/noticias\/el-hospital-san-jorge-protagoniza-el-inicio-de-las-fiestas-de-san-lorenzo\/#webpage","url":"https:\/\/www.eldigitaldeasturias.com\/noticias\/el-hospital-san-jorge-protagoniza-el-inicio-de-las-fiestas-de-san-lorenzo\/","name":"El Hospital San Jorge protagoniza el inicio de las fiestas de San Lorenzo - El Digital de Asturias","description":"Asunci\u00f3n Lanao Ot\u00edn comenz\u00f3 a trabajar como auxiliar de enfermer\u00eda en el Hospital San Jorge de Huesca el 1 de julio de 1971. Esta ma\u00f1ana, ha sido la encargada de encender el cohete anunciador del comienzo de las fiestas de su ciudad. El Hospital San Jorge, que este a\u00f1o celebra su cincuenta aniversario, fue elegido","inLanguage":"es-ES","isPartOf":{"@id":"https:\/\/www.eldigitaldeasturias.com\/noticias\/#website"},"breadcrumb":{"@id":"https:\/\/www.eldigitaldeasturias.com\/noticias\/el-hospital-san-jorge-protagoniza-el-inicio-de-las-fiestas-de-san-lorenzo\/#breadcrumblist"},"author":{"@id":"https:\/\/www.eldigitaldeasturias.com\/noticias\/author\/admin\/#author"},"creator":{"@id":"https:\/\/www.eldigitaldeasturias.com\/noticias\/author\/admin\/#author"},"image":{"@type":"ImageObject","url":949200,"@id":"https:\/\/www.eldigitaldeasturias.com\/noticias\/el-hospital-san-jorge-protagoniza-el-inicio-de-las-fiestas-de-san-lorenzo\/#mainImage"},"primaryImageOfPage":{"@id":"https:\/\/www.eldigitaldeasturias.com\/noticias\/el-hospital-san-jorge-protagoniza-el-inicio-de-las-fiestas-de-san-lorenzo\/#mainImage"},"datePublished":"2017-08-09T13:28:01+02:00","dateModified":"2017-08-09T13:28:01+02:00"},{"@type":"WebSite","@id":"https:\/\/www.eldigitaldeasturias.com\/noticias\/#website","url":"https:\/\/www.eldigitaldeasturias.com\/noticias\/","name":"El Digital de Asturias - Diario de actualidad y noticias","alternateName":"El Digital de Asturias - Diario de actualidad y noticias","description":"Hemeroteca","inLanguage":"es-ES","publisher":{"@id":"https:\/\/www.eldigitaldeasturias.com\/noticias\/#organization"}}]},"og:locale":"es_ES","og:site_name":"El Digital de Asturias","og:type":"article","og:title":"El Hospital San Jorge protagoniza el inicio de las fiestas de San Lorenzo - El Digital de Asturias","og:description":"Asunci\u00f3n Lanao Ot\u00edn comenz\u00f3 a trabajar como auxiliar de enfermer\u00eda en el Hospital San Jorge de Huesca el 1 de julio de 1971. Esta ma\u00f1ana, ha sido la encargada de encender el cohete anunciador del comienzo de las fiestas de su ciudad. El Hospital San Jorge, que este a\u00f1o celebra su cincuenta aniversario, fue elegido","og:url":"https:\/\/www.eldigitaldeasturias.com\/noticias\/el-hospital-san-jorge-protagoniza-el-inicio-de-las-fiestas-de-san-lorenzo\/","article:tag":["actualidad"],"article:published_time":"2017-08-09T13:28:01+00:00","article:modified_time":"2017-08-09T13:28:01+00:00","article:publisher":"https:\/\/facebook.com\/eldigitaldeasturias","twitter:card":"summary_large_image","twitter:title":"El Hospital San Jorge protagoniza el inicio de las fiestas de San Lorenzo - El Digital de Asturias","twitter:description":"Asunci\u00f3n Lanao Ot\u00edn comenz\u00f3 a trabajar como auxiliar de enfermer\u00eda en el Hospital San Jorge de Huesca el 1 de julio de 1971. Esta ma\u00f1ana, ha sido la encargada de encender el cohete anunciador del comienzo de las fiestas de su ciudad. El Hospital San Jorge, que este a\u00f1o celebra su cincuenta aniversario, fue elegido","twitter:image":"https:\/\/www.eldigitaldeasturias.com\/noticias\/wp-content\/uploads\/2020\/12\/EDA-1.jpg","twitter:label1":"Escrito por","twitter:data1":"El Digital de Asturias","twitter:label2":"Tiempo de lectura estimado","twitter:data2":"3 minutos"},"aioseo_meta_data":{"post_id":"949199","title":null,"description":null,"keywords":null,"keyphrases":null,"primary_term":null,"canonical_url":null,"og_title":null,"og_description":null,"og_object_type":"default","og_image_type":"default","og_image_url":null,"og_image_width":null,"og_image_height":null,"og_image_custom_url":null,"og_image_custom_fields":null,"og_video":null,"og_custom_url":null,"og_article_section":null,"og_article_tags":null,"twitter_use_og":false,"twitter_card":"default","twitter_image_type":"default","twitter_image_url":null,"twitter_image_custom_url":null,"twitter_image_custom_fields":null,"twitter_title":null,"twitter_description":null,"schema":{"blockGraphs":[],"customGraphs":[],"default":{"data":{"Article":[],"Course":[],"Dataset":[],"FAQPage":[],"Movie":[],"Person":[],"Product":[],"ProductReview":[],"Car":[],"Recipe":[],"Service":[],"SoftwareApplication":[],"WebPage":[]},"graphName":"","isEnabled":true},"graphs":[],"defaultGraph":"","defaultPostTypeGraph":""},"schema_type":null,"schema_type_options":null,"pillar_content":false,"robots_default":true,"robots_noindex":false,"robots_noarchive":false,"robots_nosnippet":false,"robots_nofollow":false,"robots_noimageindex":false,"robots_noodp":false,"robots_notranslate":false,"robots_max_snippet":null,"robots_max_videopreview":null,"robots_max_imagepreview":"large","priority":null,"frequency":null,"local_seo":null,"seo_analyzer_scan_date":"2025-12-05 11:30:17","breadcrumb_settings":null,"limit_modified_date":false,"open_ai":null,"ai":null,"created":"2020-12-21 13:02:38","updated":"2025-12-05 11:30:17","focus_keyword":null,"additional_keywords":null,"truseo_locale":null},"aioseo_breadcrumb":"<div class=\"aioseo-breadcrumbs\"><span class=\"aioseo-breadcrumb\">\n\t<a href=\"https:\/\/www.eldigitaldeasturias.com\/noticias\" title=\"Home\">Home<\/a>\n<\/span><span class=\"aioseo-breadcrumb-separator\">\u2013<\/span><span class=\"aioseo-breadcrumb\">\n\t<a href=\"https:\/\/www.eldigitaldeasturias.com\/noticias\/category\/actualidad\/\" title=\"Actualidad\">Actualidad<\/a>\n<\/span><span class=\"aioseo-breadcrumb-separator\">\u2013<\/span><span class=\"aioseo-breadcrumb\">\n\t<a href=\"https:\/\/www.eldigitaldeasturias.com\/noticias\/el-hospital-san-jorge-protagoniza-el-inicio-de-las-fiestas-de-san-lorenzo\/\" title=\"El Hospital San Jorge protagoniza el inicio de las fiestas de San Lorenzo\">El Hospital San Jorge protagoniza el inicio de las fiestas de San Lorenzo<\/a>\n<\/span><\/div>","aioseo_breadcrumb_json":[{"label":"Home","link":"https:\/\/www.eldigitaldeasturias.com\/noticias"},{"label":"Actualidad","link":"https:\/\/www.eldigitaldeasturias.com\/noticias\/category\/actualidad\/"},{"label":"El Hospital San Jorge protagoniza el inicio de las fiestas de San Lorenzo","link":"https:\/\/www.eldigitaldeasturias.com\/noticias\/el-hospital-san-jorge-protagoniza-el-inicio-de-las-fiestas-de-san-lorenzo\/"}],"_links":{"self":[{"href":"https:\/\/www.eldigitaldeasturias.com\/noticias\/wp-json\/wp\/v2\/posts\/949199","targetHints":{"allow":["GET"]}}],"collection":[{"href":"https:\/\/www.eldigitaldeasturias.com\/noticias\/wp-json\/wp\/v2\/posts"}],"about":[{"href":"https:\/\/www.eldigitaldeasturias.com\/noticias\/wp-json\/wp\/v2\/types\/post"}],"author":[{"embeddable":true,"href":"https:\/\/www.eldigitaldeasturias.com\/noticias\/wp-json\/wp\/v2\/users\/1"}],"replies":[{"embeddable":true,"href":"https:\/\/www.eldigitaldeasturias.com\/noticias\/wp-json\/wp\/v2\/comments?post=949199"}],"version-history":[{"count":0,"href":"https:\/\/www.eldigitaldeasturias.com\/noticias\/wp-json\/wp\/v2\/posts\/949199\/revisions"}],"wp:attachment":[{"href":"https:\/\/www.eldigitaldeasturias.com\/noticias\/wp-json\/wp\/v2\/media?parent=949199"}],"wp:term":[{"taxonomy":"category","embeddable":true,"href":"https:\/\/www.eldigitaldeasturias.com\/noticias\/wp-json\/wp\/v2\/categories?post=949199"},{"taxonomy":"post_tag","embeddable":true,"href":"https:\/\/www.eldigitaldeasturias.com\/noticias\/wp-json\/wp\/v2\/tags?post=949199"}],"curies":[{"name":"wp","href":"https:\/\/api.w.org\/{rel}","templated":true}]}}