{"id":949154,"date":"2017-08-08T21:14:34","date_gmt":"2017-08-08T21:14:34","guid":{"rendered":"http:\/\/www.eldigitaldeasturias.com\/noticias\/?p=949154"},"modified":"2017-08-08T21:14:34","modified_gmt":"2017-08-08T21:14:34","slug":"lamban-ha-visitado-el-rodaje-de-la-pelicula-les-freres-sisters","status":"publish","type":"post","link":"https:\/\/www.eldigitaldeasturias.com\/noticias\/lamban-ha-visitado-el-rodaje-de-la-pelicula-les-freres-sisters\/","title":{"rendered":"Lamb\u00e1n ha visitado el rodaje de la pel\u00edcula \u00abLes Fr\u00e9r\u00e8s Sisters\u00bb"},"content":{"rendered":"<p><img loading=\"lazy\" decoding=\"async\" class=\"alignleft size-medium wp-image-949155\" src=\"https:\/\/www.eldigitaldeasturias.com\/noticias\/wp-content\/uploads\/2017\/08\/MG_3146_9af55f9a-360x243.jpg\" alt=\"\" width=\"360\" height=\"243\" \/>El Presidente de Arag\u00f3n, Javier Lamb\u00e1n, ha visitado este martes el rodaje de la pel\u00edcula Les Fr\u00e9r\u00e8s Sisters, en Pe\u00f1as de Riglos, donde ha destacado el impacto econ\u00f3mico de tres millones en Arag\u00f3n y la promoci\u00f3n mundial que supondr\u00e1 su estreno para la Comunidad Aut\u00f3noma. \u201cEst\u00e1n a punto de acabar su estancia aqu\u00ed y estamos francamente satisfechos de que desde la Administraci\u00f3n hayamos sido \u00fatiles para que la pel\u00edcula se haya rodado en gran parte aqu\u00ed y que haya supuesto un impacto econ\u00f3mico de en torno a los 3 millones, sin contar el intangible que supondr\u00e1 la promoci\u00f3n para todas estas localidades y su visionado por parte de millones de espectadores en todo el mundo cuando la pel\u00edcula se estrene\u201d, ha subrayado el Presidente tras recorrer el campamento base.<\/p>\n<p>Acompa\u00f1ado por el responsable de la producci\u00f3n ejecutiva de la pel\u00edcula en Espa\u00f1a, Fernando Victoria de Lecea, el Presidente de Arag\u00f3n ha recorrido el campamento donde se encuentra alojada toda la log\u00edstica de producci\u00f3n y ha podido ver en directo la grabaci\u00f3n de una escena de Joaquin Phoenix en el r\u00edo. All\u00ed ha tenido la oportunidad de conversar con uno de los protagonistas del largometraje, John C. Reilly, quien ha se\u00f1alado que el entorno de la Pe\u00f1a de Riglos va a ser uno de los protagonistas indiscutibles de la pel\u00edcula. Adem\u00e1s, el actor ha destacado el buen trato que han recibido en todos los lugares aragoneses por los que han pasado.<\/p>\n<p>Lamb\u00e1n ha detallado que durante el mes de rodaje la productora ha contado con un equipo de 250 personas y ha movilizado a unos 400 figurantes, creando unos 100 empleos directos. En total, se estima que han tenido un gasto de 700.000 \u20ac en alojamientos y otros 500.000 \u20ac en proveedores y servicios de la zona. Adem\u00e1s, el territorio tambi\u00e9n se ha beneficiado de la utilizaci\u00f3n de proveedores y empresas de servicios locales como gr\u00faas, estructuras y andamios, personal de seguridad, compra de materiales para decoraci\u00f3n o catering, entre otros servicios. Fernando Victoria de Lecea ha a\u00f1adido que se han alquilado cerca de 100 coches, 25 furgonetas y se han alojado en 115 hoteles de la zona.<\/p>\n<p>Despu\u00e9s de pasar por Navarra y Almer\u00eda, el rodaje de \u2018Les Fr\u00e9r\u00e8s Sisters\u2019 comenzaba a rodarse en tierras aragonesas el pasado 10 de julio. Al tratarse de una pel\u00edcula de \u00e9poca, las localizaciones se han basado en espacios alejados y con poca intervenci\u00f3n humana para tratar de recrear los lugares y ambientes del siglo XIX, la conquista del oeste o la fiebre del oro. En concreto, las c\u00e1maras han filmado en Ans\u00f3, Hecho, Pe\u00f1as de Riglos, Yesa, Salinas de Jaca, Ayerbe o Yeste, entre otras localizaciones.<\/p>\n<p>El campamento base se levantar\u00e1 el pr\u00f3ximo viernes para trasladarse a Ruman\u00eda, donde rodar\u00e1n durante cuatro semanas. El largometraje cuenta con actores de la talla de Jake Gyllenhaal, Riz Ahmed, John C. Reilly y Joaquin Phoenix, entre otros.<\/p>\n<p>Inicialmente, la pel\u00edcula se iba a rodar entre Estados Unidos y Canad\u00e1, pero al final, gracias a la mediaci\u00f3n de Arag\u00f3n Film Commission, se ha rodado la Comunidad Aut\u00f3noma. De hecho, tal y como ha asegurado Victoria de Lecea, \u201cla mitad de las grabaciones espa\u00f1olas han tenido lugar en Arag\u00f3n\u201d.<\/p>\n<p>Adem\u00e1s, Victoria de Lecea ha querido insistir y dar las gracias a la Administraci\u00f3n aragonesa por la creaci\u00f3n de la Film Commission y por ser consciente de todo lo que entra\u00f1a una producci\u00f3n de cine internacional de esta envergadura. Tambi\u00e9n ha recordado que esta pel\u00edcula puede ser un gran aliciente para el turismo, puesto que es una producci\u00f3n entre Francia y Espa\u00f1a y Arag\u00f3n recibe un gran n\u00famero de turistas franceses cada a\u00f1o.<\/p>\n<p>El estreno de la pel\u00edcula est\u00e1 previsto para primavera u oto\u00f1o del 2018.<\/p>\n<p><strong>M\u00e1s de 560.000 euros en ayudas para el sector audiovisual<\/strong><\/p>\n<p>\u201cArag\u00f3n es en s\u00ed mismo un magn\u00edfico plat\u00f3 de cine todo el territorio por su patrimonio natural y cultural. Tambi\u00e9n es tierra de cine porque ya saben que en Zaragoza se grab\u00f3 la primera pel\u00edcula del cine espa\u00f1ol a finales del S. XIX\u201d, ha recordado Lamb\u00e1n. Durante su intervenci\u00f3n, Lamb\u00e1n tambi\u00e9n ha explicado que \u00abeste a\u00f1o, el gobierno de Arag\u00f3n ha hecho un esfuerzo muy importante para el desarrollo del sector audiovisual y desde el Departamento de Educaci\u00f3n, Cultura y Deporte se ha convocado ayudas por valor de 560.000 euros\u00bb, ha dicho. En concreto, se otorgar\u00e1n 500.000 euros para mediometrajes o largometrajes y 60.750 euros para cortometrajes. \u00abAdem\u00f1as, a trav\u00e9s del IAF tmabi\u00e9n se dispone de un mill\u00f3n de euros para fortalecer os proyectos de la Film Commission\u00bb, ha a\u00f1adido.<\/p>\n<p>De este modo, el Gobierno de Arag\u00f3n refuerza su impulso al sector del cine en la Comunidad y la recuperaci\u00f3n e impulso al tejido cultural. Estas subvenciones se suman a las convocadas para otros sectores de la industria cultural y los creadores aragoneses y suponen en total un incremento del presupuesto de ayudas directas e indirectas de casi 5 millones de euros. Estas subvenciones han sido consensuadas con las asociaciones profesionales y el Consejo de la Cultura y son las mayores que ha concedido el Gobierno de Arag\u00f3n para estos sectores.<\/p>\n<p>&nbsp;<\/p>\n","protected":false},"excerpt":{"rendered":"<p>El Presidente de Arag\u00f3n, Javier Lamb\u00e1n, ha visitado este martes el rodaje de la pel\u00edcula Les Fr\u00e9r\u00e8s Sisters, en Pe\u00f1as de Riglos, donde ha destacado el impacto econ\u00f3mico de tres millones en Arag\u00f3n y la promoci\u00f3n mundial que supondr\u00e1 su estreno para la Comunidad Aut\u00f3noma. \u201cEst\u00e1n a punto de acabar su estancia aqu\u00ed y estamos [&hellip;]<\/p>\n","protected":false},"author":1,"featured_media":949156,"comment_status":"closed","ping_status":"closed","sticky":false,"template":"","format":"standard","meta":{"footnotes":""},"categories":[1],"tags":[],"class_list":["post-949154","post","type-post","status-publish","format-standard","has-post-thumbnail","hentry","category-actualidad"],"aioseo_notices":[],"aioseo_head":"\n\t\t<!-- All in One SEO Pro 5.0.1 - aioseo.com -->\n\t<meta name=\"description\" content=\"El Presidente de Arag\u00f3n, Javier Lamb\u00e1n, ha visitado este martes el rodaje de la pel\u00edcula Les Fr\u00e9r\u00e8s Sisters, en Pe\u00f1as de Riglos, donde ha destacado el impacto econ\u00f3mico de tres millones en Arag\u00f3n y la promoci\u00f3n mundial que supondr\u00e1 su estreno para la Comunidad Aut\u00f3noma. \u201cEst\u00e1n a punto de acabar su estancia aqu\u00ed y estamos\" \/>\n\t<meta name=\"robots\" content=\"max-image-preview:large\" \/>\n\t<meta name=\"author\" content=\"El Digital de Asturias\"\/>\n\t<meta name=\"google-site-verification\" content=\"UA-38556648-1\" \/>\n\t<meta name=\"msvalidate.01\" content=\"7dfe9f3f1b24437ab69f4f2559babe99\" \/>\n\t<meta name=\"keywords\" content=\"actualidad\" \/>\n\t<link rel=\"canonical\" href=\"https:\/\/www.eldigitaldeasturias.com\/noticias\/lamban-ha-visitado-el-rodaje-de-la-pelicula-les-freres-sisters\/\" \/>\n\t<meta name=\"generator\" content=\"All in One SEO Pro (AIOSEO) 5.0.1\" \/>\n\t\t<meta property=\"og:locale\" content=\"es_ES\" \/>\n\t\t<meta property=\"og:site_name\" content=\"El Digital de Asturias\" \/>\n\t\t<meta property=\"og:type\" content=\"article\" \/>\n\t\t<meta property=\"og:title\" content=\"Lamb\u00e1n ha visitado el rodaje de la pel\u00edcula \u00abLes Fr\u00e9r\u00e8s Sisters\u00bb - El Digital de Asturias\" \/>\n\t\t<meta property=\"og:description\" content=\"El Presidente de Arag\u00f3n, Javier Lamb\u00e1n, ha visitado este martes el rodaje de la pel\u00edcula Les Fr\u00e9r\u00e8s Sisters, en Pe\u00f1as de Riglos, donde ha destacado el impacto econ\u00f3mico de tres millones en Arag\u00f3n y la promoci\u00f3n mundial que supondr\u00e1 su estreno para la Comunidad Aut\u00f3noma. \u201cEst\u00e1n a punto de acabar su estancia aqu\u00ed y estamos\" \/>\n\t\t<meta property=\"og:url\" content=\"https:\/\/www.eldigitaldeasturias.com\/noticias\/lamban-ha-visitado-el-rodaje-de-la-pelicula-les-freres-sisters\/\" \/>\n\t\t<meta property=\"article:tag\" content=\"actualidad\" \/>\n\t\t<meta property=\"article:published_time\" content=\"2017-08-08T21:14:34+00:00\" \/>\n\t\t<meta property=\"article:modified_time\" content=\"2017-08-08T21:14:34+00:00\" \/>\n\t\t<meta property=\"article:publisher\" content=\"https:\/\/facebook.com\/eldigitaldeasturias\" \/>\n\t\t<meta name=\"twitter:card\" content=\"summary_large_image\" \/>\n\t\t<meta name=\"twitter:title\" content=\"Lamb\u00e1n ha visitado el rodaje de la pel\u00edcula \u00abLes Fr\u00e9r\u00e8s Sisters\u00bb - El Digital de Asturias\" \/>\n\t\t<meta name=\"twitter:description\" content=\"El Presidente de Arag\u00f3n, Javier Lamb\u00e1n, ha visitado este martes el rodaje de la pel\u00edcula Les Fr\u00e9r\u00e8s Sisters, en Pe\u00f1as de Riglos, donde ha destacado el impacto econ\u00f3mico de tres millones en Arag\u00f3n y la promoci\u00f3n mundial que supondr\u00e1 su estreno para la Comunidad Aut\u00f3noma. \u201cEst\u00e1n a punto de acabar su estancia aqu\u00ed y estamos\" \/>\n\t\t<meta name=\"twitter:image\" content=\"https:\/\/www.eldigitaldeasturias.com\/noticias\/wp-content\/uploads\/2020\/12\/EDA-1.jpg\" \/>\n\t\t<meta name=\"twitter:label1\" content=\"Escrito por\" \/>\n\t\t<meta name=\"twitter:data1\" content=\"El Digital de Asturias\" \/>\n\t\t<meta name=\"twitter:label2\" content=\"Tiempo de lectura estimado\" \/>\n\t\t<meta name=\"twitter:data2\" content=\"5 minutos\" \/>\n\t\t<script type=\"application\/ld+json\" class=\"aioseo-schema\">\n\t\t\t{\"@context\":\"https:\\\/\\\/schema.org\",\"@graph\":[{\"@type\":\"BlogPosting\",\"@id\":\"https:\\\/\\\/www.eldigitaldeasturias.com\\\/noticias\\\/lamban-ha-visitado-el-rodaje-de-la-pelicula-les-freres-sisters\\\/#blogposting\",\"name\":\"Lamb\\u00e1n ha visitado el rodaje de la pel\\u00edcula \\u00abLes Fr\\u00e9r\\u00e8s Sisters\\u00bb - El Digital de Asturias\",\"headline\":\"Lamb\\u00e1n ha visitado el rodaje de la pel\\u00edcula \\u00abLes Fr\\u00e9r\\u00e8s Sisters\\u00bb\",\"author\":{\"@id\":\"https:\\\/\\\/www.eldigitaldeasturias.com\\\/noticias\\\/author\\\/admin\\\/#author\"},\"publisher\":{\"@id\":\"https:\\\/\\\/www.eldigitaldeasturias.com\\\/noticias\\\/#organization\"},\"image\":{\"@type\":\"ImageObject\",\"url\":949156},\"datePublished\":\"2017-08-08T21:14:34+02:00\",\"dateModified\":\"2017-08-08T21:14:34+02:00\",\"inLanguage\":\"es-ES\",\"mainEntityOfPage\":{\"@id\":\"https:\\\/\\\/www.eldigitaldeasturias.com\\\/noticias\\\/lamban-ha-visitado-el-rodaje-de-la-pelicula-les-freres-sisters\\\/#webpage\"},\"isPartOf\":{\"@id\":\"https:\\\/\\\/www.eldigitaldeasturias.com\\\/noticias\\\/lamban-ha-visitado-el-rodaje-de-la-pelicula-les-freres-sisters\\\/#webpage\"},\"articleSection\":\"Actualidad\"},{\"@type\":\"BreadcrumbList\",\"@id\":\"https:\\\/\\\/www.eldigitaldeasturias.com\\\/noticias\\\/lamban-ha-visitado-el-rodaje-de-la-pelicula-les-freres-sisters\\\/#breadcrumblist\",\"itemListElement\":[{\"@type\":\"ListItem\",\"@id\":\"https:\\\/\\\/www.eldigitaldeasturias.com\\\/noticias#listItem\",\"position\":1,\"name\":\"Home\",\"item\":\"https:\\\/\\\/www.eldigitaldeasturias.com\\\/noticias\",\"nextItem\":{\"@type\":\"ListItem\",\"@id\":\"https:\\\/\\\/www.eldigitaldeasturias.com\\\/noticias\\\/category\\\/actualidad\\\/#listItem\",\"name\":\"Actualidad\"}},{\"@type\":\"ListItem\",\"@id\":\"https:\\\/\\\/www.eldigitaldeasturias.com\\\/noticias\\\/category\\\/actualidad\\\/#listItem\",\"position\":2,\"name\":\"Actualidad\",\"item\":\"https:\\\/\\\/www.eldigitaldeasturias.com\\\/noticias\\\/category\\\/actualidad\\\/\",\"nextItem\":{\"@type\":\"ListItem\",\"@id\":\"https:\\\/\\\/www.eldigitaldeasturias.com\\\/noticias\\\/lamban-ha-visitado-el-rodaje-de-la-pelicula-les-freres-sisters\\\/#listItem\",\"name\":\"Lamb\\u00e1n ha visitado el rodaje de la pel\\u00edcula \\u00abLes Fr\\u00e9r\\u00e8s Sisters\\u00bb\"},\"previousItem\":{\"@type\":\"ListItem\",\"@id\":\"https:\\\/\\\/www.eldigitaldeasturias.com\\\/noticias#listItem\",\"name\":\"Home\"}},{\"@type\":\"ListItem\",\"@id\":\"https:\\\/\\\/www.eldigitaldeasturias.com\\\/noticias\\\/lamban-ha-visitado-el-rodaje-de-la-pelicula-les-freres-sisters\\\/#listItem\",\"position\":3,\"name\":\"Lamb\\u00e1n ha visitado el rodaje de la pel\\u00edcula \\u00abLes Fr\\u00e9r\\u00e8s Sisters\\u00bb\",\"previousItem\":{\"@type\":\"ListItem\",\"@id\":\"https:\\\/\\\/www.eldigitaldeasturias.com\\\/noticias\\\/category\\\/actualidad\\\/#listItem\",\"name\":\"Actualidad\"}}]},{\"@type\":\"Organization\",\"@id\":\"https:\\\/\\\/www.eldigitaldeasturias.com\\\/noticias\\\/#organization\",\"name\":\"El Digital de Asturias\",\"description\":\"Hemeroteca\",\"url\":\"https:\\\/\\\/www.eldigitaldeasturias.com\\\/noticias\\\/\",\"email\":\"info@eldigitaldeasturias.com\",\"telephone\":\"+34652131393\",\"logo\":{\"@type\":\"ImageObject\",\"url\":\"https:\\\/\\\/www.eldigitaldeasturias.com\\\/noticias\\\/wp-content\\\/uploads\\\/2020\\\/12\\\/EDA.jpg\",\"@id\":\"https:\\\/\\\/www.eldigitaldeasturias.com\\\/noticias\\\/lamban-ha-visitado-el-rodaje-de-la-pelicula-les-freres-sisters\\\/#organizationLogo\"},\"image\":{\"@id\":\"https:\\\/\\\/www.eldigitaldeasturias.com\\\/noticias\\\/lamban-ha-visitado-el-rodaje-de-la-pelicula-les-freres-sisters\\\/#organizationLogo\"},\"sameAs\":[\"https:\\\/\\\/facebook.com\\\/eldigitaldeasturias\",\"https:\\\/\\\/www.youtube.com\\\/channel\\\/UCZP-2wLEB9Rv6erhFmqVnvg\"],\"address\":{\"@id\":\"https:\\\/\\\/www.eldigitaldeasturias.com\\\/noticias\\\/#postaladdress\",\"@type\":\"PostalAddress\",\"streetAddress\":\"san antonio 4\",\"postalCode\":\"33430\",\"addressLocality\":\"Cand\\u00e1s\",\"addressRegion\":\"Asturias\",\"addressCountry\":\"ES\"}},{\"@type\":\"Person\",\"@id\":\"https:\\\/\\\/www.eldigitaldeasturias.com\\\/noticias\\\/author\\\/admin\\\/#author\",\"url\":\"https:\\\/\\\/www.eldigitaldeasturias.com\\\/noticias\\\/author\\\/admin\\\/\",\"name\":\"El Digital de Asturias\",\"image\":{\"@type\":\"ImageObject\",\"@id\":\"https:\\\/\\\/www.eldigitaldeasturias.com\\\/noticias\\\/lamban-ha-visitado-el-rodaje-de-la-pelicula-les-freres-sisters\\\/#authorImage\",\"url\":\"https:\\\/\\\/secure.gravatar.com\\\/avatar\\\/df2aeffc32bcd13f8d26072ef8a91b623d677766deac7f97ca815868cd41bf5e?s=96&d=mm&r=g\",\"width\":96,\"height\":96,\"caption\":\"El Digital de Asturias\"}},{\"@type\":\"WebPage\",\"@id\":\"https:\\\/\\\/www.eldigitaldeasturias.com\\\/noticias\\\/lamban-ha-visitado-el-rodaje-de-la-pelicula-les-freres-sisters\\\/#webpage\",\"url\":\"https:\\\/\\\/www.eldigitaldeasturias.com\\\/noticias\\\/lamban-ha-visitado-el-rodaje-de-la-pelicula-les-freres-sisters\\\/\",\"name\":\"Lamb\\u00e1n ha visitado el rodaje de la pel\\u00edcula \\u00abLes Fr\\u00e9r\\u00e8s Sisters\\u00bb - El Digital de Asturias\",\"description\":\"El Presidente de Arag\\u00f3n, Javier Lamb\\u00e1n, ha visitado este martes el rodaje de la pel\\u00edcula Les Fr\\u00e9r\\u00e8s Sisters, en Pe\\u00f1as de Riglos, donde ha destacado el impacto econ\\u00f3mico de tres millones en Arag\\u00f3n y la promoci\\u00f3n mundial que supondr\\u00e1 su estreno para la Comunidad Aut\\u00f3noma. \\u201cEst\\u00e1n a punto de acabar su estancia aqu\\u00ed y estamos\",\"inLanguage\":\"es-ES\",\"isPartOf\":{\"@id\":\"https:\\\/\\\/www.eldigitaldeasturias.com\\\/noticias\\\/#website\"},\"breadcrumb\":{\"@id\":\"https:\\\/\\\/www.eldigitaldeasturias.com\\\/noticias\\\/lamban-ha-visitado-el-rodaje-de-la-pelicula-les-freres-sisters\\\/#breadcrumblist\"},\"author\":{\"@id\":\"https:\\\/\\\/www.eldigitaldeasturias.com\\\/noticias\\\/author\\\/admin\\\/#author\"},\"creator\":{\"@id\":\"https:\\\/\\\/www.eldigitaldeasturias.com\\\/noticias\\\/author\\\/admin\\\/#author\"},\"image\":{\"@type\":\"ImageObject\",\"url\":949156,\"@id\":\"https:\\\/\\\/www.eldigitaldeasturias.com\\\/noticias\\\/lamban-ha-visitado-el-rodaje-de-la-pelicula-les-freres-sisters\\\/#mainImage\"},\"primaryImageOfPage\":{\"@id\":\"https:\\\/\\\/www.eldigitaldeasturias.com\\\/noticias\\\/lamban-ha-visitado-el-rodaje-de-la-pelicula-les-freres-sisters\\\/#mainImage\"},\"datePublished\":\"2017-08-08T21:14:34+02:00\",\"dateModified\":\"2017-08-08T21:14:34+02:00\"},{\"@type\":\"WebSite\",\"@id\":\"https:\\\/\\\/www.eldigitaldeasturias.com\\\/noticias\\\/#website\",\"url\":\"https:\\\/\\\/www.eldigitaldeasturias.com\\\/noticias\\\/\",\"name\":\"El Digital de Asturias - Diario de actualidad y noticias\",\"alternateName\":\"El Digital de Asturias - Diario de actualidad y noticias\",\"description\":\"Hemeroteca\",\"inLanguage\":\"es-ES\",\"publisher\":{\"@id\":\"https:\\\/\\\/www.eldigitaldeasturias.com\\\/noticias\\\/#organization\"}}]}\n\t\t<\/script>\n\t\t<!-- All in One SEO Pro -->\r\n\t\t<title>Lamb\u00e1n ha visitado el rodaje de la pel\u00edcula \u00abLes Fr\u00e9r\u00e8s Sisters\u00bb - El Digital de Asturias<\/title>\n\n","aioseo_head_json":{"title":"Lamb\u00e1n ha visitado el rodaje de la pel\u00edcula \u00abLes Fr\u00e9r\u00e8s Sisters\u00bb - El Digital de Asturias","description":"El Presidente de Arag\u00f3n, Javier Lamb\u00e1n, ha visitado este martes el rodaje de la pel\u00edcula Les Fr\u00e9r\u00e8s Sisters, en Pe\u00f1as de Riglos, donde ha destacado el impacto econ\u00f3mico de tres millones en Arag\u00f3n y la promoci\u00f3n mundial que supondr\u00e1 su estreno para la Comunidad Aut\u00f3noma. \u201cEst\u00e1n a punto de acabar su estancia aqu\u00ed y estamos","canonical_url":"https:\/\/www.eldigitaldeasturias.com\/noticias\/lamban-ha-visitado-el-rodaje-de-la-pelicula-les-freres-sisters\/","robots":"max-image-preview:large","keywords":"actualidad","webmasterTools":{"google-site-verification":"UA-38556648-1","msvalidate.01":"7dfe9f3f1b24437ab69f4f2559babe99","miscellaneous":""},"schema":{"@context":"https:\/\/schema.org","@graph":[{"@type":"BlogPosting","@id":"https:\/\/www.eldigitaldeasturias.com\/noticias\/lamban-ha-visitado-el-rodaje-de-la-pelicula-les-freres-sisters\/#blogposting","name":"Lamb\u00e1n ha visitado el rodaje de la pel\u00edcula \u00abLes Fr\u00e9r\u00e8s Sisters\u00bb - El Digital de Asturias","headline":"Lamb\u00e1n ha visitado el rodaje de la pel\u00edcula \u00abLes Fr\u00e9r\u00e8s Sisters\u00bb","author":{"@id":"https:\/\/www.eldigitaldeasturias.com\/noticias\/author\/admin\/#author"},"publisher":{"@id":"https:\/\/www.eldigitaldeasturias.com\/noticias\/#organization"},"image":{"@type":"ImageObject","url":949156},"datePublished":"2017-08-08T21:14:34+02:00","dateModified":"2017-08-08T21:14:34+02:00","inLanguage":"es-ES","mainEntityOfPage":{"@id":"https:\/\/www.eldigitaldeasturias.com\/noticias\/lamban-ha-visitado-el-rodaje-de-la-pelicula-les-freres-sisters\/#webpage"},"isPartOf":{"@id":"https:\/\/www.eldigitaldeasturias.com\/noticias\/lamban-ha-visitado-el-rodaje-de-la-pelicula-les-freres-sisters\/#webpage"},"articleSection":"Actualidad"},{"@type":"BreadcrumbList","@id":"https:\/\/www.eldigitaldeasturias.com\/noticias\/lamban-ha-visitado-el-rodaje-de-la-pelicula-les-freres-sisters\/#breadcrumblist","itemListElement":[{"@type":"ListItem","@id":"https:\/\/www.eldigitaldeasturias.com\/noticias#listItem","position":1,"name":"Home","item":"https:\/\/www.eldigitaldeasturias.com\/noticias","nextItem":{"@type":"ListItem","@id":"https:\/\/www.eldigitaldeasturias.com\/noticias\/category\/actualidad\/#listItem","name":"Actualidad"}},{"@type":"ListItem","@id":"https:\/\/www.eldigitaldeasturias.com\/noticias\/category\/actualidad\/#listItem","position":2,"name":"Actualidad","item":"https:\/\/www.eldigitaldeasturias.com\/noticias\/category\/actualidad\/","nextItem":{"@type":"ListItem","@id":"https:\/\/www.eldigitaldeasturias.com\/noticias\/lamban-ha-visitado-el-rodaje-de-la-pelicula-les-freres-sisters\/#listItem","name":"Lamb\u00e1n ha visitado el rodaje de la pel\u00edcula \u00abLes Fr\u00e9r\u00e8s Sisters\u00bb"},"previousItem":{"@type":"ListItem","@id":"https:\/\/www.eldigitaldeasturias.com\/noticias#listItem","name":"Home"}},{"@type":"ListItem","@id":"https:\/\/www.eldigitaldeasturias.com\/noticias\/lamban-ha-visitado-el-rodaje-de-la-pelicula-les-freres-sisters\/#listItem","position":3,"name":"Lamb\u00e1n ha visitado el rodaje de la pel\u00edcula \u00abLes Fr\u00e9r\u00e8s Sisters\u00bb","previousItem":{"@type":"ListItem","@id":"https:\/\/www.eldigitaldeasturias.com\/noticias\/category\/actualidad\/#listItem","name":"Actualidad"}}]},{"@type":"Organization","@id":"https:\/\/www.eldigitaldeasturias.com\/noticias\/#organization","name":"El Digital de Asturias","description":"Hemeroteca","url":"https:\/\/www.eldigitaldeasturias.com\/noticias\/","email":"info@eldigitaldeasturias.com","telephone":"+34652131393","logo":{"@type":"ImageObject","url":"https:\/\/www.eldigitaldeasturias.com\/noticias\/wp-content\/uploads\/2020\/12\/EDA.jpg","@id":"https:\/\/www.eldigitaldeasturias.com\/noticias\/lamban-ha-visitado-el-rodaje-de-la-pelicula-les-freres-sisters\/#organizationLogo"},"image":{"@id":"https:\/\/www.eldigitaldeasturias.com\/noticias\/lamban-ha-visitado-el-rodaje-de-la-pelicula-les-freres-sisters\/#organizationLogo"},"sameAs":["https:\/\/facebook.com\/eldigitaldeasturias","https:\/\/www.youtube.com\/channel\/UCZP-2wLEB9Rv6erhFmqVnvg"],"address":{"@id":"https:\/\/www.eldigitaldeasturias.com\/noticias\/#postaladdress","@type":"PostalAddress","streetAddress":"san antonio 4","postalCode":"33430","addressLocality":"Cand\u00e1s","addressRegion":"Asturias","addressCountry":"ES"}},{"@type":"Person","@id":"https:\/\/www.eldigitaldeasturias.com\/noticias\/author\/admin\/#author","url":"https:\/\/www.eldigitaldeasturias.com\/noticias\/author\/admin\/","name":"El Digital de Asturias","image":{"@type":"ImageObject","@id":"https:\/\/www.eldigitaldeasturias.com\/noticias\/lamban-ha-visitado-el-rodaje-de-la-pelicula-les-freres-sisters\/#authorImage","url":"https:\/\/secure.gravatar.com\/avatar\/df2aeffc32bcd13f8d26072ef8a91b623d677766deac7f97ca815868cd41bf5e?s=96&d=mm&r=g","width":96,"height":96,"caption":"El Digital de Asturias"}},{"@type":"WebPage","@id":"https:\/\/www.eldigitaldeasturias.com\/noticias\/lamban-ha-visitado-el-rodaje-de-la-pelicula-les-freres-sisters\/#webpage","url":"https:\/\/www.eldigitaldeasturias.com\/noticias\/lamban-ha-visitado-el-rodaje-de-la-pelicula-les-freres-sisters\/","name":"Lamb\u00e1n ha visitado el rodaje de la pel\u00edcula \u00abLes Fr\u00e9r\u00e8s Sisters\u00bb - El Digital de Asturias","description":"El Presidente de Arag\u00f3n, Javier Lamb\u00e1n, ha visitado este martes el rodaje de la pel\u00edcula Les Fr\u00e9r\u00e8s Sisters, en Pe\u00f1as de Riglos, donde ha destacado el impacto econ\u00f3mico de tres millones en Arag\u00f3n y la promoci\u00f3n mundial que supondr\u00e1 su estreno para la Comunidad Aut\u00f3noma. \u201cEst\u00e1n a punto de acabar su estancia aqu\u00ed y estamos","inLanguage":"es-ES","isPartOf":{"@id":"https:\/\/www.eldigitaldeasturias.com\/noticias\/#website"},"breadcrumb":{"@id":"https:\/\/www.eldigitaldeasturias.com\/noticias\/lamban-ha-visitado-el-rodaje-de-la-pelicula-les-freres-sisters\/#breadcrumblist"},"author":{"@id":"https:\/\/www.eldigitaldeasturias.com\/noticias\/author\/admin\/#author"},"creator":{"@id":"https:\/\/www.eldigitaldeasturias.com\/noticias\/author\/admin\/#author"},"image":{"@type":"ImageObject","url":949156,"@id":"https:\/\/www.eldigitaldeasturias.com\/noticias\/lamban-ha-visitado-el-rodaje-de-la-pelicula-les-freres-sisters\/#mainImage"},"primaryImageOfPage":{"@id":"https:\/\/www.eldigitaldeasturias.com\/noticias\/lamban-ha-visitado-el-rodaje-de-la-pelicula-les-freres-sisters\/#mainImage"},"datePublished":"2017-08-08T21:14:34+02:00","dateModified":"2017-08-08T21:14:34+02:00"},{"@type":"WebSite","@id":"https:\/\/www.eldigitaldeasturias.com\/noticias\/#website","url":"https:\/\/www.eldigitaldeasturias.com\/noticias\/","name":"El Digital de Asturias - Diario de actualidad y noticias","alternateName":"El Digital de Asturias - Diario de actualidad y noticias","description":"Hemeroteca","inLanguage":"es-ES","publisher":{"@id":"https:\/\/www.eldigitaldeasturias.com\/noticias\/#organization"}}]},"og:locale":"es_ES","og:site_name":"El Digital de Asturias","og:type":"article","og:title":"Lamb\u00e1n ha visitado el rodaje de la pel\u00edcula \u00abLes Fr\u00e9r\u00e8s Sisters\u00bb - El Digital de Asturias","og:description":"El Presidente de Arag\u00f3n, Javier Lamb\u00e1n, ha visitado este martes el rodaje de la pel\u00edcula Les Fr\u00e9r\u00e8s Sisters, en Pe\u00f1as de Riglos, donde ha destacado el impacto econ\u00f3mico de tres millones en Arag\u00f3n y la promoci\u00f3n mundial que supondr\u00e1 su estreno para la Comunidad Aut\u00f3noma. \u201cEst\u00e1n a punto de acabar su estancia aqu\u00ed y estamos","og:url":"https:\/\/www.eldigitaldeasturias.com\/noticias\/lamban-ha-visitado-el-rodaje-de-la-pelicula-les-freres-sisters\/","article:tag":["actualidad"],"article:published_time":"2017-08-08T21:14:34+00:00","article:modified_time":"2017-08-08T21:14:34+00:00","article:publisher":"https:\/\/facebook.com\/eldigitaldeasturias","twitter:card":"summary_large_image","twitter:title":"Lamb\u00e1n ha visitado el rodaje de la pel\u00edcula \u00abLes Fr\u00e9r\u00e8s Sisters\u00bb - El Digital de Asturias","twitter:description":"El Presidente de Arag\u00f3n, Javier Lamb\u00e1n, ha visitado este martes el rodaje de la pel\u00edcula Les Fr\u00e9r\u00e8s Sisters, en Pe\u00f1as de Riglos, donde ha destacado el impacto econ\u00f3mico de tres millones en Arag\u00f3n y la promoci\u00f3n mundial que supondr\u00e1 su estreno para la Comunidad Aut\u00f3noma. \u201cEst\u00e1n a punto de acabar su estancia aqu\u00ed y estamos","twitter:image":"https:\/\/www.eldigitaldeasturias.com\/noticias\/wp-content\/uploads\/2020\/12\/EDA-1.jpg","twitter:label1":"Escrito por","twitter:data1":"El Digital de Asturias","twitter:label2":"Tiempo de lectura estimado","twitter:data2":"5 minutos"},"aioseo_meta_data":{"post_id":"949154","title":null,"description":null,"keywords":null,"keyphrases":null,"primary_term":null,"canonical_url":null,"og_title":null,"og_description":null,"og_object_type":"default","og_image_type":"default","og_image_url":null,"og_image_width":null,"og_image_height":null,"og_image_custom_url":null,"og_image_custom_fields":null,"og_video":null,"og_custom_url":null,"og_article_section":null,"og_article_tags":null,"twitter_use_og":false,"twitter_card":"default","twitter_image_type":"default","twitter_image_url":null,"twitter_image_custom_url":null,"twitter_image_custom_fields":null,"twitter_title":null,"twitter_description":null,"schema":{"blockGraphs":[],"customGraphs":[],"default":{"data":{"Article":[],"Course":[],"Dataset":[],"FAQPage":[],"Movie":[],"Person":[],"Product":[],"ProductReview":[],"Car":[],"Recipe":[],"Service":[],"SoftwareApplication":[],"WebPage":[]},"graphName":"","isEnabled":true},"graphs":[],"defaultGraph":"","defaultPostTypeGraph":""},"schema_type":null,"schema_type_options":null,"pillar_content":false,"robots_default":true,"robots_noindex":false,"robots_noarchive":false,"robots_nosnippet":false,"robots_nofollow":false,"robots_noimageindex":false,"robots_noodp":false,"robots_notranslate":false,"robots_max_snippet":null,"robots_max_videopreview":null,"robots_max_imagepreview":"large","priority":null,"frequency":null,"local_seo":null,"seo_analyzer_scan_date":"2025-12-05 11:21:12","breadcrumb_settings":null,"limit_modified_date":false,"open_ai":null,"ai":null,"created":"2020-12-21 13:02:38","updated":"2025-12-05 11:21:12","focus_keyword":null,"additional_keywords":null,"truseo_locale":null},"aioseo_breadcrumb":"<div class=\"aioseo-breadcrumbs\"><span class=\"aioseo-breadcrumb\">\n\t<a href=\"https:\/\/www.eldigitaldeasturias.com\/noticias\" title=\"Home\">Home<\/a>\n<\/span><span class=\"aioseo-breadcrumb-separator\">\u2013<\/span><span class=\"aioseo-breadcrumb\">\n\t<a href=\"https:\/\/www.eldigitaldeasturias.com\/noticias\/category\/actualidad\/\" title=\"Actualidad\">Actualidad<\/a>\n<\/span><span class=\"aioseo-breadcrumb-separator\">\u2013<\/span><span class=\"aioseo-breadcrumb\">\n\t<a href=\"https:\/\/www.eldigitaldeasturias.com\/noticias\/lamban-ha-visitado-el-rodaje-de-la-pelicula-les-freres-sisters\/\" title=\"Lamb\u00e1n ha visitado el rodaje de la pel\u00edcula \u00abLes Fr\u00e9r\u00e8s Sisters\u00bb\">Lamb\u00e1n ha visitado el rodaje de la pel\u00edcula \u00abLes Fr\u00e9r\u00e8s Sisters\u00bb<\/a>\n<\/span><\/div>","aioseo_breadcrumb_json":[{"label":"Home","link":"https:\/\/www.eldigitaldeasturias.com\/noticias"},{"label":"Actualidad","link":"https:\/\/www.eldigitaldeasturias.com\/noticias\/category\/actualidad\/"},{"label":"Lamb\u00e1n ha visitado el rodaje de la pel\u00edcula \u00abLes Fr\u00e9r\u00e8s Sisters\u00bb","link":"https:\/\/www.eldigitaldeasturias.com\/noticias\/lamban-ha-visitado-el-rodaje-de-la-pelicula-les-freres-sisters\/"}],"_links":{"self":[{"href":"https:\/\/www.eldigitaldeasturias.com\/noticias\/wp-json\/wp\/v2\/posts\/949154","targetHints":{"allow":["GET"]}}],"collection":[{"href":"https:\/\/www.eldigitaldeasturias.com\/noticias\/wp-json\/wp\/v2\/posts"}],"about":[{"href":"https:\/\/www.eldigitaldeasturias.com\/noticias\/wp-json\/wp\/v2\/types\/post"}],"author":[{"embeddable":true,"href":"https:\/\/www.eldigitaldeasturias.com\/noticias\/wp-json\/wp\/v2\/users\/1"}],"replies":[{"embeddable":true,"href":"https:\/\/www.eldigitaldeasturias.com\/noticias\/wp-json\/wp\/v2\/comments?post=949154"}],"version-history":[{"count":0,"href":"https:\/\/www.eldigitaldeasturias.com\/noticias\/wp-json\/wp\/v2\/posts\/949154\/revisions"}],"wp:attachment":[{"href":"https:\/\/www.eldigitaldeasturias.com\/noticias\/wp-json\/wp\/v2\/media?parent=949154"}],"wp:term":[{"taxonomy":"category","embeddable":true,"href":"https:\/\/www.eldigitaldeasturias.com\/noticias\/wp-json\/wp\/v2\/categories?post=949154"},{"taxonomy":"post_tag","embeddable":true,"href":"https:\/\/www.eldigitaldeasturias.com\/noticias\/wp-json\/wp\/v2\/tags?post=949154"}],"curies":[{"name":"wp","href":"https:\/\/api.w.org\/{rel}","templated":true}]}}