{"id":949117,"date":"2017-08-08T18:23:31","date_gmt":"2017-08-08T18:23:31","guid":{"rendered":"http:\/\/www.eldigitaldeasturias.com\/noticias\/?p=949117"},"modified":"2017-08-08T18:25:26","modified_gmt":"2017-08-08T18:25:26","slug":"cinco-proyectos-aragoneses-son-seleccionados-como-finalistas-del-premio-a-la-accion-magistral-2017","status":"publish","type":"post","link":"https:\/\/www.eldigitaldeasturias.com\/noticias\/cinco-proyectos-aragoneses-son-seleccionados-como-finalistas-del-premio-a-la-accion-magistral-2017\/","title":{"rendered":"Cinco proyectos aragoneses son seleccionados como finalistas del Premio a la Acci\u00f3n Magistral 2017"},"content":{"rendered":"<p><img loading=\"lazy\" decoding=\"async\" class=\"alignleft size-medium wp-image-949118\" src=\"https:\/\/www.eldigitaldeasturias.com\/noticias\/wp-content\/uploads\/2017\/08\/imagenes_20160203_113553_83ff32ac-360x159.jpg\" alt=\"\" width=\"360\" height=\"159\" \/>Cinco proyectos de educaci\u00f3n en valores elaborados por centros educativos aragoneses han sido seleccionados como finalistas auton\u00f3micos del Premio a la Acci\u00f3n Magistral 2017, convocado por la Fundaci\u00f3n de Ayuda contra la Drogadicci\u00f3n, la Comisi\u00f3n Nacional de Cooperaci\u00f3n con la UNESCO y BBVA y cuenta con la colaboraci\u00f3n del Departamento de Educaci\u00f3n, Cultura y Deporte del Gobierno de Arag\u00f3n.<\/p>\n<p>Durante la primera fase de evaluaci\u00f3n del Premio que selecciona a los finalistas auton\u00f3micos se ha contado con la participaci\u00f3n en Arag\u00f3n de representantes del Gobierno auton\u00f3mico, de docentes de la comunidad virtual Acci\u00f3n Magistral con experiencia en educaci\u00f3n en valores as\u00ed como de representantes de las instituciones convocantes.<\/p>\n<p><strong>En la categor\u00eda A (Educaci\u00f3n Infantil y Primaria), los proyectos seleccionados como finalistas han sido:<\/strong><\/p>\n<ul>\n<li>\u201cCanta conmigo y me descubrir\u00e1s. Un proyecto inclusivo de cortos\u201d presentado por el CPEE La alegr\u00eda de Monz\u00f3n. Este proyecto busca fomentar el desarrollo de la autonom\u00eda personal, social y comunicativa de los alumnos para mejorar su inclusi\u00f3n social y su calidad de vida. Para conseguir este objetivo, el centro realiz\u00f3 un encuentro provincial de coros. Los alumnos pudieron participar en talleres y actividades llevadas a cabo por los alumnos con discapacidad para dar a conocer las capacidades de este colectivo y sus necesidades de apoyo y su metodolog\u00eda de trabajo, para que este conocimiento fomente la tolerancia, el respeto, y la igualdad en alumnos de otros centros.<\/li>\n<li>\u201cHakuna Matata, vive y s\u00e9 feliz\u201d, presentado por el Colegio Santa Ana de Sabi\u00f1\u00e1nigo. Esta iniciativa pretende potenciar la inclusi\u00f3n social y el crecimiento individual de los alumnos de este centro. Para conseguirlo, se ha desarrollado un programa de educaci\u00f3n emocional para fomentar el respeto, la autoestima, la consideraci\u00f3n hacia el trabajo de los dem\u00e1s y el desarrollo de la creatividad, la imaginaci\u00f3n, la observaci\u00f3n, la sensibilidad y la tolerancia.<\/li>\n<\/ul>\n<p>&nbsp;<\/p>\n<p><strong>En la categor\u00eda B (ESO, Bachillerato, ciclos formativos y programas de cualificaci\u00f3n profesional inicial):<\/strong><\/p>\n<ul>\n<li>\u201cEnl\u00e1zate a la igualdad\u201d presentado por el CPIFP Los Enlaces de Zaragoza. La iniciativa se centra en trabajar de una forma consciente la igualdad de g\u00e9nero dentro de la comunidad educativa con el fin de transferir los resultados al conjunto de la sociedad, para que sean conscientes de la importancia de la socializaci\u00f3n en igualdad. Es un proyecto que trabaja la auto-aceptaci\u00f3n y autoestima del alumnado, fomentando su desarrollo personal y profesional m\u00e1s all\u00e1 de su condici\u00f3n de g\u00e9nero y despertando su capacidad cr\u00edtica y de reacci\u00f3n ante situaciones sexistas.<\/li>\n<li>\u201cEl objeto m\u00e1s valioso de mi abuela\u201d presentado por el IES Parque Goya de Zaragoza. Con este proyecto, este centro educativo quiere acercar a los alumnos a sus mayores, para que aprendan de ellos y valoren su figura y la forma de vida actual para crear ciudadanos responsables y respetuosos. M\u00e1s de 900 familias de este instituto y los dos colegios del barrio Parque Goya han elaborado una ficha sobre el objeto m\u00e1s valioso de su abuela. Este encuentro entre j\u00f3venes y mayores ha generado emociones, empat\u00eda y conocimiento y ha mejorado la convivencia en el centro y en el barrio<\/li>\n<li>\u201cRodando en verde\u201d presentado por el IES Pablo Serrano de Andorra. La tem\u00e1tica del proyecto se centra en el medio ambiente, el uso excesivo del coche y el gran n\u00famero de poblaci\u00f3n sedentaria que hay, especialmente entre los m\u00e1s j\u00f3venes. El proyecto persigue que los alumnos y ciudadanos adopten en la vida cotidiana un comportamiento de defensa de la naturaleza y una vida m\u00e1s saludable a trav\u00e9s de propuestas como el uso de la bicicleta, plantando un bosque y conociendo posibles rutas para realizar excursiones que aporten un conocimiento del entorno patrimonial, natural y cultural.<\/li>\n<\/ul>\n<p>&nbsp;<\/p>\n<p>El Premio a la Acci\u00f3n Magistral celebra este a\u00f1o su decimotercera edici\u00f3n y en \u00e9l participan docentes que desarrollan proyectos educativos relevantes en el \u00e1mbito de la promoci\u00f3n de valores sociales en centros de Educaci\u00f3n Infantil, Primaria, Secundaria y Educaci\u00f3n Especial. A la convocatoria de 2017 se han presentado 389 proyectos educativos, 25 de ellos procedentes de Arag\u00f3n.<\/p>\n<p>El premio cuenta con dos categor\u00edas: categor\u00eda A, de alumnos y alumnas de Infantil y Primaria; y categor\u00eda B, de alumnos y alumnas de Secundaria. Los premiados de ambas categor\u00edas A y B recibir\u00e1n 4.000 euros para el\/la docente o docentes autores del proyecto y 4.000 euros para el centro donde se desarrolle el mismo.<\/p>\n<p>&nbsp;<\/p>\n<p>&nbsp;<\/p>\n","protected":false},"excerpt":{"rendered":"<p>Cinco proyectos de educaci\u00f3n en valores elaborados por centros educativos aragoneses han sido seleccionados como finalistas auton\u00f3micos del Premio a la Acci\u00f3n Magistral 2017, convocado por la Fundaci\u00f3n de Ayuda contra la Drogadicci\u00f3n, la Comisi\u00f3n Nacional de Cooperaci\u00f3n con la UNESCO y BBVA y cuenta con la colaboraci\u00f3n del Departamento de Educaci\u00f3n, Cultura y Deporte [&hellip;]<\/p>\n","protected":false},"author":1,"featured_media":949118,"comment_status":"closed","ping_status":"closed","sticky":false,"template":"","format":"standard","meta":{"footnotes":""},"categories":[1],"tags":[],"class_list":["post-949117","post","type-post","status-publish","format-standard","has-post-thumbnail","hentry","category-actualidad"],"aioseo_notices":[],"aioseo_head":"\n\t\t<!-- All in One SEO Pro 5.0.1 - aioseo.com -->\n\t<meta name=\"description\" content=\"Cinco proyectos de educaci\u00f3n en valores elaborados por centros educativos aragoneses han sido seleccionados como finalistas auton\u00f3micos del Premio a la Acci\u00f3n Magistral 2017, convocado por la Fundaci\u00f3n de Ayuda contra la Drogadicci\u00f3n, la Comisi\u00f3n Nacional de Cooperaci\u00f3n con la UNESCO y BBVA y cuenta con la colaboraci\u00f3n del Departamento de Educaci\u00f3n, Cultura y Deporte\" \/>\n\t<meta name=\"robots\" content=\"max-image-preview:large\" \/>\n\t<meta name=\"author\" content=\"El Digital de Asturias\"\/>\n\t<meta name=\"google-site-verification\" content=\"UA-38556648-1\" \/>\n\t<meta name=\"msvalidate.01\" content=\"7dfe9f3f1b24437ab69f4f2559babe99\" \/>\n\t<meta name=\"keywords\" content=\"actualidad\" \/>\n\t<link rel=\"canonical\" href=\"https:\/\/www.eldigitaldeasturias.com\/noticias\/cinco-proyectos-aragoneses-son-seleccionados-como-finalistas-del-premio-a-la-accion-magistral-2017\/\" \/>\n\t<meta name=\"generator\" content=\"All in One SEO Pro (AIOSEO) 5.0.1\" \/>\n\t\t<meta property=\"og:locale\" content=\"es_ES\" \/>\n\t\t<meta property=\"og:site_name\" content=\"El Digital de Asturias\" \/>\n\t\t<meta property=\"og:type\" content=\"article\" \/>\n\t\t<meta property=\"og:title\" content=\"Cinco proyectos aragoneses son seleccionados como finalistas del Premio a la Acci\u00f3n Magistral 2017 - El Digital de Asturias\" \/>\n\t\t<meta property=\"og:description\" content=\"Cinco proyectos de educaci\u00f3n en valores elaborados por centros educativos aragoneses han sido seleccionados como finalistas auton\u00f3micos del Premio a la Acci\u00f3n Magistral 2017, convocado por la Fundaci\u00f3n de Ayuda contra la Drogadicci\u00f3n, la Comisi\u00f3n Nacional de Cooperaci\u00f3n con la UNESCO y BBVA y cuenta con la colaboraci\u00f3n del Departamento de Educaci\u00f3n, Cultura y Deporte\" \/>\n\t\t<meta property=\"og:url\" content=\"https:\/\/www.eldigitaldeasturias.com\/noticias\/cinco-proyectos-aragoneses-son-seleccionados-como-finalistas-del-premio-a-la-accion-magistral-2017\/\" \/>\n\t\t<meta property=\"article:tag\" content=\"actualidad\" \/>\n\t\t<meta property=\"article:published_time\" content=\"2017-08-08T18:23:31+00:00\" \/>\n\t\t<meta property=\"article:modified_time\" content=\"2017-08-08T18:25:26+00:00\" \/>\n\t\t<meta property=\"article:publisher\" content=\"https:\/\/facebook.com\/eldigitaldeasturias\" \/>\n\t\t<meta name=\"twitter:card\" content=\"summary_large_image\" \/>\n\t\t<meta name=\"twitter:title\" content=\"Cinco proyectos aragoneses son seleccionados como finalistas del Premio a la Acci\u00f3n Magistral 2017 - El Digital de Asturias\" \/>\n\t\t<meta name=\"twitter:description\" content=\"Cinco proyectos de educaci\u00f3n en valores elaborados por centros educativos aragoneses han sido seleccionados como finalistas auton\u00f3micos del Premio a la Acci\u00f3n Magistral 2017, convocado por la Fundaci\u00f3n de Ayuda contra la Drogadicci\u00f3n, la Comisi\u00f3n Nacional de Cooperaci\u00f3n con la UNESCO y BBVA y cuenta con la colaboraci\u00f3n del Departamento de Educaci\u00f3n, Cultura y Deporte\" \/>\n\t\t<meta name=\"twitter:image\" content=\"https:\/\/www.eldigitaldeasturias.com\/noticias\/wp-content\/uploads\/2020\/12\/EDA-1.jpg\" \/>\n\t\t<meta name=\"twitter:label1\" content=\"Escrito por\" \/>\n\t\t<meta name=\"twitter:data1\" content=\"El Digital de Asturias\" \/>\n\t\t<meta name=\"twitter:label2\" content=\"Tiempo de lectura estimado\" \/>\n\t\t<meta name=\"twitter:data2\" content=\"4 minutos\" \/>\n\t\t<script type=\"application\/ld+json\" class=\"aioseo-schema\">\n\t\t\t{\"@context\":\"https:\\\/\\\/schema.org\",\"@graph\":[{\"@type\":\"BlogPosting\",\"@id\":\"https:\\\/\\\/www.eldigitaldeasturias.com\\\/noticias\\\/cinco-proyectos-aragoneses-son-seleccionados-como-finalistas-del-premio-a-la-accion-magistral-2017\\\/#blogposting\",\"name\":\"Cinco proyectos aragoneses son seleccionados como finalistas del Premio a la Acci\\u00f3n Magistral 2017 - El Digital de Asturias\",\"headline\":\"Cinco proyectos aragoneses son seleccionados como finalistas del Premio a la Acci\\u00f3n Magistral 2017\",\"author\":{\"@id\":\"https:\\\/\\\/www.eldigitaldeasturias.com\\\/noticias\\\/author\\\/admin\\\/#author\"},\"publisher\":{\"@id\":\"https:\\\/\\\/www.eldigitaldeasturias.com\\\/noticias\\\/#organization\"},\"image\":{\"@type\":\"ImageObject\",\"url\":949118},\"datePublished\":\"2017-08-08T18:23:31+02:00\",\"dateModified\":\"2017-08-08T18:25:26+02:00\",\"inLanguage\":\"es-ES\",\"mainEntityOfPage\":{\"@id\":\"https:\\\/\\\/www.eldigitaldeasturias.com\\\/noticias\\\/cinco-proyectos-aragoneses-son-seleccionados-como-finalistas-del-premio-a-la-accion-magistral-2017\\\/#webpage\"},\"isPartOf\":{\"@id\":\"https:\\\/\\\/www.eldigitaldeasturias.com\\\/noticias\\\/cinco-proyectos-aragoneses-son-seleccionados-como-finalistas-del-premio-a-la-accion-magistral-2017\\\/#webpage\"},\"articleSection\":\"Actualidad\"},{\"@type\":\"BreadcrumbList\",\"@id\":\"https:\\\/\\\/www.eldigitaldeasturias.com\\\/noticias\\\/cinco-proyectos-aragoneses-son-seleccionados-como-finalistas-del-premio-a-la-accion-magistral-2017\\\/#breadcrumblist\",\"itemListElement\":[{\"@type\":\"ListItem\",\"@id\":\"https:\\\/\\\/www.eldigitaldeasturias.com\\\/noticias#listItem\",\"position\":1,\"name\":\"Home\",\"item\":\"https:\\\/\\\/www.eldigitaldeasturias.com\\\/noticias\",\"nextItem\":{\"@type\":\"ListItem\",\"@id\":\"https:\\\/\\\/www.eldigitaldeasturias.com\\\/noticias\\\/category\\\/actualidad\\\/#listItem\",\"name\":\"Actualidad\"}},{\"@type\":\"ListItem\",\"@id\":\"https:\\\/\\\/www.eldigitaldeasturias.com\\\/noticias\\\/category\\\/actualidad\\\/#listItem\",\"position\":2,\"name\":\"Actualidad\",\"item\":\"https:\\\/\\\/www.eldigitaldeasturias.com\\\/noticias\\\/category\\\/actualidad\\\/\",\"nextItem\":{\"@type\":\"ListItem\",\"@id\":\"https:\\\/\\\/www.eldigitaldeasturias.com\\\/noticias\\\/cinco-proyectos-aragoneses-son-seleccionados-como-finalistas-del-premio-a-la-accion-magistral-2017\\\/#listItem\",\"name\":\"Cinco proyectos aragoneses son seleccionados como finalistas del Premio a la Acci\\u00f3n Magistral 2017\"},\"previousItem\":{\"@type\":\"ListItem\",\"@id\":\"https:\\\/\\\/www.eldigitaldeasturias.com\\\/noticias#listItem\",\"name\":\"Home\"}},{\"@type\":\"ListItem\",\"@id\":\"https:\\\/\\\/www.eldigitaldeasturias.com\\\/noticias\\\/cinco-proyectos-aragoneses-son-seleccionados-como-finalistas-del-premio-a-la-accion-magistral-2017\\\/#listItem\",\"position\":3,\"name\":\"Cinco proyectos aragoneses son seleccionados como finalistas del Premio a la Acci\\u00f3n Magistral 2017\",\"previousItem\":{\"@type\":\"ListItem\",\"@id\":\"https:\\\/\\\/www.eldigitaldeasturias.com\\\/noticias\\\/category\\\/actualidad\\\/#listItem\",\"name\":\"Actualidad\"}}]},{\"@type\":\"Organization\",\"@id\":\"https:\\\/\\\/www.eldigitaldeasturias.com\\\/noticias\\\/#organization\",\"name\":\"El Digital de Asturias\",\"description\":\"Hemeroteca\",\"url\":\"https:\\\/\\\/www.eldigitaldeasturias.com\\\/noticias\\\/\",\"email\":\"info@eldigitaldeasturias.com\",\"telephone\":\"+34652131393\",\"logo\":{\"@type\":\"ImageObject\",\"url\":\"https:\\\/\\\/www.eldigitaldeasturias.com\\\/noticias\\\/wp-content\\\/uploads\\\/2020\\\/12\\\/EDA.jpg\",\"@id\":\"https:\\\/\\\/www.eldigitaldeasturias.com\\\/noticias\\\/cinco-proyectos-aragoneses-son-seleccionados-como-finalistas-del-premio-a-la-accion-magistral-2017\\\/#organizationLogo\"},\"image\":{\"@id\":\"https:\\\/\\\/www.eldigitaldeasturias.com\\\/noticias\\\/cinco-proyectos-aragoneses-son-seleccionados-como-finalistas-del-premio-a-la-accion-magistral-2017\\\/#organizationLogo\"},\"sameAs\":[\"https:\\\/\\\/facebook.com\\\/eldigitaldeasturias\",\"https:\\\/\\\/www.youtube.com\\\/channel\\\/UCZP-2wLEB9Rv6erhFmqVnvg\"],\"address\":{\"@id\":\"https:\\\/\\\/www.eldigitaldeasturias.com\\\/noticias\\\/#postaladdress\",\"@type\":\"PostalAddress\",\"streetAddress\":\"san antonio 4\",\"postalCode\":\"33430\",\"addressLocality\":\"Cand\\u00e1s\",\"addressRegion\":\"Asturias\",\"addressCountry\":\"ES\"}},{\"@type\":\"Person\",\"@id\":\"https:\\\/\\\/www.eldigitaldeasturias.com\\\/noticias\\\/author\\\/admin\\\/#author\",\"url\":\"https:\\\/\\\/www.eldigitaldeasturias.com\\\/noticias\\\/author\\\/admin\\\/\",\"name\":\"El Digital de Asturias\",\"image\":{\"@type\":\"ImageObject\",\"@id\":\"https:\\\/\\\/www.eldigitaldeasturias.com\\\/noticias\\\/cinco-proyectos-aragoneses-son-seleccionados-como-finalistas-del-premio-a-la-accion-magistral-2017\\\/#authorImage\",\"url\":\"https:\\\/\\\/secure.gravatar.com\\\/avatar\\\/df2aeffc32bcd13f8d26072ef8a91b623d677766deac7f97ca815868cd41bf5e?s=96&d=mm&r=g\",\"width\":96,\"height\":96,\"caption\":\"El Digital de Asturias\"}},{\"@type\":\"WebPage\",\"@id\":\"https:\\\/\\\/www.eldigitaldeasturias.com\\\/noticias\\\/cinco-proyectos-aragoneses-son-seleccionados-como-finalistas-del-premio-a-la-accion-magistral-2017\\\/#webpage\",\"url\":\"https:\\\/\\\/www.eldigitaldeasturias.com\\\/noticias\\\/cinco-proyectos-aragoneses-son-seleccionados-como-finalistas-del-premio-a-la-accion-magistral-2017\\\/\",\"name\":\"Cinco proyectos aragoneses son seleccionados como finalistas del Premio a la Acci\\u00f3n Magistral 2017 - El Digital de Asturias\",\"description\":\"Cinco proyectos de educaci\\u00f3n en valores elaborados por centros educativos aragoneses han sido seleccionados como finalistas auton\\u00f3micos del Premio a la Acci\\u00f3n Magistral 2017, convocado por la Fundaci\\u00f3n de Ayuda contra la Drogadicci\\u00f3n, la Comisi\\u00f3n Nacional de Cooperaci\\u00f3n con la UNESCO y BBVA y cuenta con la colaboraci\\u00f3n del Departamento de Educaci\\u00f3n, Cultura y Deporte\",\"inLanguage\":\"es-ES\",\"isPartOf\":{\"@id\":\"https:\\\/\\\/www.eldigitaldeasturias.com\\\/noticias\\\/#website\"},\"breadcrumb\":{\"@id\":\"https:\\\/\\\/www.eldigitaldeasturias.com\\\/noticias\\\/cinco-proyectos-aragoneses-son-seleccionados-como-finalistas-del-premio-a-la-accion-magistral-2017\\\/#breadcrumblist\"},\"author\":{\"@id\":\"https:\\\/\\\/www.eldigitaldeasturias.com\\\/noticias\\\/author\\\/admin\\\/#author\"},\"creator\":{\"@id\":\"https:\\\/\\\/www.eldigitaldeasturias.com\\\/noticias\\\/author\\\/admin\\\/#author\"},\"image\":{\"@type\":\"ImageObject\",\"url\":949118,\"@id\":\"https:\\\/\\\/www.eldigitaldeasturias.com\\\/noticias\\\/cinco-proyectos-aragoneses-son-seleccionados-como-finalistas-del-premio-a-la-accion-magistral-2017\\\/#mainImage\"},\"primaryImageOfPage\":{\"@id\":\"https:\\\/\\\/www.eldigitaldeasturias.com\\\/noticias\\\/cinco-proyectos-aragoneses-son-seleccionados-como-finalistas-del-premio-a-la-accion-magistral-2017\\\/#mainImage\"},\"datePublished\":\"2017-08-08T18:23:31+02:00\",\"dateModified\":\"2017-08-08T18:25:26+02:00\"},{\"@type\":\"WebSite\",\"@id\":\"https:\\\/\\\/www.eldigitaldeasturias.com\\\/noticias\\\/#website\",\"url\":\"https:\\\/\\\/www.eldigitaldeasturias.com\\\/noticias\\\/\",\"name\":\"El Digital de Asturias - Diario de actualidad y noticias\",\"alternateName\":\"El Digital de Asturias - Diario de actualidad y noticias\",\"description\":\"Hemeroteca\",\"inLanguage\":\"es-ES\",\"publisher\":{\"@id\":\"https:\\\/\\\/www.eldigitaldeasturias.com\\\/noticias\\\/#organization\"}}]}\n\t\t<\/script>\n\t\t<!-- All in One SEO Pro -->\r\n\t\t<title>Cinco proyectos aragoneses son seleccionados como finalistas del Premio a la Acci\u00f3n Magistral 2017 - El Digital de Asturias<\/title>\n\n","aioseo_head_json":{"title":"Cinco proyectos aragoneses son seleccionados como finalistas del Premio a la Acci\u00f3n Magistral 2017 - El Digital de Asturias","description":"Cinco proyectos de educaci\u00f3n en valores elaborados por centros educativos aragoneses han sido seleccionados como finalistas auton\u00f3micos del Premio a la Acci\u00f3n Magistral 2017, convocado por la Fundaci\u00f3n de Ayuda contra la Drogadicci\u00f3n, la Comisi\u00f3n Nacional de Cooperaci\u00f3n con la UNESCO y BBVA y cuenta con la colaboraci\u00f3n del Departamento de Educaci\u00f3n, Cultura y Deporte","canonical_url":"https:\/\/www.eldigitaldeasturias.com\/noticias\/cinco-proyectos-aragoneses-son-seleccionados-como-finalistas-del-premio-a-la-accion-magistral-2017\/","robots":"max-image-preview:large","keywords":"actualidad","webmasterTools":{"google-site-verification":"UA-38556648-1","msvalidate.01":"7dfe9f3f1b24437ab69f4f2559babe99","miscellaneous":""},"schema":{"@context":"https:\/\/schema.org","@graph":[{"@type":"BlogPosting","@id":"https:\/\/www.eldigitaldeasturias.com\/noticias\/cinco-proyectos-aragoneses-son-seleccionados-como-finalistas-del-premio-a-la-accion-magistral-2017\/#blogposting","name":"Cinco proyectos aragoneses son seleccionados como finalistas del Premio a la Acci\u00f3n Magistral 2017 - El Digital de Asturias","headline":"Cinco proyectos aragoneses son seleccionados como finalistas del Premio a la Acci\u00f3n Magistral 2017","author":{"@id":"https:\/\/www.eldigitaldeasturias.com\/noticias\/author\/admin\/#author"},"publisher":{"@id":"https:\/\/www.eldigitaldeasturias.com\/noticias\/#organization"},"image":{"@type":"ImageObject","url":949118},"datePublished":"2017-08-08T18:23:31+02:00","dateModified":"2017-08-08T18:25:26+02:00","inLanguage":"es-ES","mainEntityOfPage":{"@id":"https:\/\/www.eldigitaldeasturias.com\/noticias\/cinco-proyectos-aragoneses-son-seleccionados-como-finalistas-del-premio-a-la-accion-magistral-2017\/#webpage"},"isPartOf":{"@id":"https:\/\/www.eldigitaldeasturias.com\/noticias\/cinco-proyectos-aragoneses-son-seleccionados-como-finalistas-del-premio-a-la-accion-magistral-2017\/#webpage"},"articleSection":"Actualidad"},{"@type":"BreadcrumbList","@id":"https:\/\/www.eldigitaldeasturias.com\/noticias\/cinco-proyectos-aragoneses-son-seleccionados-como-finalistas-del-premio-a-la-accion-magistral-2017\/#breadcrumblist","itemListElement":[{"@type":"ListItem","@id":"https:\/\/www.eldigitaldeasturias.com\/noticias#listItem","position":1,"name":"Home","item":"https:\/\/www.eldigitaldeasturias.com\/noticias","nextItem":{"@type":"ListItem","@id":"https:\/\/www.eldigitaldeasturias.com\/noticias\/category\/actualidad\/#listItem","name":"Actualidad"}},{"@type":"ListItem","@id":"https:\/\/www.eldigitaldeasturias.com\/noticias\/category\/actualidad\/#listItem","position":2,"name":"Actualidad","item":"https:\/\/www.eldigitaldeasturias.com\/noticias\/category\/actualidad\/","nextItem":{"@type":"ListItem","@id":"https:\/\/www.eldigitaldeasturias.com\/noticias\/cinco-proyectos-aragoneses-son-seleccionados-como-finalistas-del-premio-a-la-accion-magistral-2017\/#listItem","name":"Cinco proyectos aragoneses son seleccionados como finalistas del Premio a la Acci\u00f3n Magistral 2017"},"previousItem":{"@type":"ListItem","@id":"https:\/\/www.eldigitaldeasturias.com\/noticias#listItem","name":"Home"}},{"@type":"ListItem","@id":"https:\/\/www.eldigitaldeasturias.com\/noticias\/cinco-proyectos-aragoneses-son-seleccionados-como-finalistas-del-premio-a-la-accion-magistral-2017\/#listItem","position":3,"name":"Cinco proyectos aragoneses son seleccionados como finalistas del Premio a la Acci\u00f3n Magistral 2017","previousItem":{"@type":"ListItem","@id":"https:\/\/www.eldigitaldeasturias.com\/noticias\/category\/actualidad\/#listItem","name":"Actualidad"}}]},{"@type":"Organization","@id":"https:\/\/www.eldigitaldeasturias.com\/noticias\/#organization","name":"El Digital de Asturias","description":"Hemeroteca","url":"https:\/\/www.eldigitaldeasturias.com\/noticias\/","email":"info@eldigitaldeasturias.com","telephone":"+34652131393","logo":{"@type":"ImageObject","url":"https:\/\/www.eldigitaldeasturias.com\/noticias\/wp-content\/uploads\/2020\/12\/EDA.jpg","@id":"https:\/\/www.eldigitaldeasturias.com\/noticias\/cinco-proyectos-aragoneses-son-seleccionados-como-finalistas-del-premio-a-la-accion-magistral-2017\/#organizationLogo"},"image":{"@id":"https:\/\/www.eldigitaldeasturias.com\/noticias\/cinco-proyectos-aragoneses-son-seleccionados-como-finalistas-del-premio-a-la-accion-magistral-2017\/#organizationLogo"},"sameAs":["https:\/\/facebook.com\/eldigitaldeasturias","https:\/\/www.youtube.com\/channel\/UCZP-2wLEB9Rv6erhFmqVnvg"],"address":{"@id":"https:\/\/www.eldigitaldeasturias.com\/noticias\/#postaladdress","@type":"PostalAddress","streetAddress":"san antonio 4","postalCode":"33430","addressLocality":"Cand\u00e1s","addressRegion":"Asturias","addressCountry":"ES"}},{"@type":"Person","@id":"https:\/\/www.eldigitaldeasturias.com\/noticias\/author\/admin\/#author","url":"https:\/\/www.eldigitaldeasturias.com\/noticias\/author\/admin\/","name":"El Digital de Asturias","image":{"@type":"ImageObject","@id":"https:\/\/www.eldigitaldeasturias.com\/noticias\/cinco-proyectos-aragoneses-son-seleccionados-como-finalistas-del-premio-a-la-accion-magistral-2017\/#authorImage","url":"https:\/\/secure.gravatar.com\/avatar\/df2aeffc32bcd13f8d26072ef8a91b623d677766deac7f97ca815868cd41bf5e?s=96&d=mm&r=g","width":96,"height":96,"caption":"El Digital de Asturias"}},{"@type":"WebPage","@id":"https:\/\/www.eldigitaldeasturias.com\/noticias\/cinco-proyectos-aragoneses-son-seleccionados-como-finalistas-del-premio-a-la-accion-magistral-2017\/#webpage","url":"https:\/\/www.eldigitaldeasturias.com\/noticias\/cinco-proyectos-aragoneses-son-seleccionados-como-finalistas-del-premio-a-la-accion-magistral-2017\/","name":"Cinco proyectos aragoneses son seleccionados como finalistas del Premio a la Acci\u00f3n Magistral 2017 - El Digital de Asturias","description":"Cinco proyectos de educaci\u00f3n en valores elaborados por centros educativos aragoneses han sido seleccionados como finalistas auton\u00f3micos del Premio a la Acci\u00f3n Magistral 2017, convocado por la Fundaci\u00f3n de Ayuda contra la Drogadicci\u00f3n, la Comisi\u00f3n Nacional de Cooperaci\u00f3n con la UNESCO y BBVA y cuenta con la colaboraci\u00f3n del Departamento de Educaci\u00f3n, Cultura y Deporte","inLanguage":"es-ES","isPartOf":{"@id":"https:\/\/www.eldigitaldeasturias.com\/noticias\/#website"},"breadcrumb":{"@id":"https:\/\/www.eldigitaldeasturias.com\/noticias\/cinco-proyectos-aragoneses-son-seleccionados-como-finalistas-del-premio-a-la-accion-magistral-2017\/#breadcrumblist"},"author":{"@id":"https:\/\/www.eldigitaldeasturias.com\/noticias\/author\/admin\/#author"},"creator":{"@id":"https:\/\/www.eldigitaldeasturias.com\/noticias\/author\/admin\/#author"},"image":{"@type":"ImageObject","url":949118,"@id":"https:\/\/www.eldigitaldeasturias.com\/noticias\/cinco-proyectos-aragoneses-son-seleccionados-como-finalistas-del-premio-a-la-accion-magistral-2017\/#mainImage"},"primaryImageOfPage":{"@id":"https:\/\/www.eldigitaldeasturias.com\/noticias\/cinco-proyectos-aragoneses-son-seleccionados-como-finalistas-del-premio-a-la-accion-magistral-2017\/#mainImage"},"datePublished":"2017-08-08T18:23:31+02:00","dateModified":"2017-08-08T18:25:26+02:00"},{"@type":"WebSite","@id":"https:\/\/www.eldigitaldeasturias.com\/noticias\/#website","url":"https:\/\/www.eldigitaldeasturias.com\/noticias\/","name":"El Digital de Asturias - Diario de actualidad y noticias","alternateName":"El Digital de Asturias - Diario de actualidad y noticias","description":"Hemeroteca","inLanguage":"es-ES","publisher":{"@id":"https:\/\/www.eldigitaldeasturias.com\/noticias\/#organization"}}]},"og:locale":"es_ES","og:site_name":"El Digital de Asturias","og:type":"article","og:title":"Cinco proyectos aragoneses son seleccionados como finalistas del Premio a la Acci\u00f3n Magistral 2017 - El Digital de Asturias","og:description":"Cinco proyectos de educaci\u00f3n en valores elaborados por centros educativos aragoneses han sido seleccionados como finalistas auton\u00f3micos del Premio a la Acci\u00f3n Magistral 2017, convocado por la Fundaci\u00f3n de Ayuda contra la Drogadicci\u00f3n, la Comisi\u00f3n Nacional de Cooperaci\u00f3n con la UNESCO y BBVA y cuenta con la colaboraci\u00f3n del Departamento de Educaci\u00f3n, Cultura y Deporte","og:url":"https:\/\/www.eldigitaldeasturias.com\/noticias\/cinco-proyectos-aragoneses-son-seleccionados-como-finalistas-del-premio-a-la-accion-magistral-2017\/","article:tag":["actualidad"],"article:published_time":"2017-08-08T18:23:31+00:00","article:modified_time":"2017-08-08T18:25:26+00:00","article:publisher":"https:\/\/facebook.com\/eldigitaldeasturias","twitter:card":"summary_large_image","twitter:title":"Cinco proyectos aragoneses son seleccionados como finalistas del Premio a la Acci\u00f3n Magistral 2017 - El Digital de Asturias","twitter:description":"Cinco proyectos de educaci\u00f3n en valores elaborados por centros educativos aragoneses han sido seleccionados como finalistas auton\u00f3micos del Premio a la Acci\u00f3n Magistral 2017, convocado por la Fundaci\u00f3n de Ayuda contra la Drogadicci\u00f3n, la Comisi\u00f3n Nacional de Cooperaci\u00f3n con la UNESCO y BBVA y cuenta con la colaboraci\u00f3n del Departamento de Educaci\u00f3n, Cultura y Deporte","twitter:image":"https:\/\/www.eldigitaldeasturias.com\/noticias\/wp-content\/uploads\/2020\/12\/EDA-1.jpg","twitter:label1":"Escrito por","twitter:data1":"El Digital de Asturias","twitter:label2":"Tiempo de lectura estimado","twitter:data2":"4 minutos"},"aioseo_meta_data":{"post_id":"949117","title":null,"description":null,"keywords":null,"keyphrases":null,"primary_term":null,"canonical_url":null,"og_title":null,"og_description":null,"og_object_type":"default","og_image_type":"default","og_image_url":null,"og_image_width":null,"og_image_height":null,"og_image_custom_url":null,"og_image_custom_fields":null,"og_video":null,"og_custom_url":null,"og_article_section":null,"og_article_tags":null,"twitter_use_og":false,"twitter_card":"default","twitter_image_type":"default","twitter_image_url":null,"twitter_image_custom_url":null,"twitter_image_custom_fields":null,"twitter_title":null,"twitter_description":null,"schema":{"blockGraphs":[],"customGraphs":[],"default":{"data":{"Article":[],"Course":[],"Dataset":[],"FAQPage":[],"Movie":[],"Person":[],"Product":[],"ProductReview":[],"Car":[],"Recipe":[],"Service":[],"SoftwareApplication":[],"WebPage":[]},"graphName":"","isEnabled":true},"graphs":[],"defaultGraph":"","defaultPostTypeGraph":""},"schema_type":null,"schema_type_options":null,"pillar_content":false,"robots_default":true,"robots_noindex":false,"robots_noarchive":false,"robots_nosnippet":false,"robots_nofollow":false,"robots_noimageindex":false,"robots_noodp":false,"robots_notranslate":false,"robots_max_snippet":null,"robots_max_videopreview":null,"robots_max_imagepreview":"large","priority":null,"frequency":null,"local_seo":null,"seo_analyzer_scan_date":"2025-12-05 11:14:13","breadcrumb_settings":null,"limit_modified_date":false,"open_ai":null,"ai":null,"created":"2020-12-21 13:02:38","updated":"2025-12-05 11:14:13","focus_keyword":null,"additional_keywords":null,"truseo_locale":null},"aioseo_breadcrumb":"<div class=\"aioseo-breadcrumbs\"><span class=\"aioseo-breadcrumb\">\n\t<a href=\"https:\/\/www.eldigitaldeasturias.com\/noticias\" title=\"Home\">Home<\/a>\n<\/span><span class=\"aioseo-breadcrumb-separator\">\u2013<\/span><span class=\"aioseo-breadcrumb\">\n\t<a href=\"https:\/\/www.eldigitaldeasturias.com\/noticias\/category\/actualidad\/\" title=\"Actualidad\">Actualidad<\/a>\n<\/span><span class=\"aioseo-breadcrumb-separator\">\u2013<\/span><span class=\"aioseo-breadcrumb\">\n\t<a href=\"https:\/\/www.eldigitaldeasturias.com\/noticias\/cinco-proyectos-aragoneses-son-seleccionados-como-finalistas-del-premio-a-la-accion-magistral-2017\/\" title=\"Cinco proyectos aragoneses son seleccionados como finalistas del Premio a la Acci\u00f3n Magistral 2017\">Cinco proyectos aragoneses son seleccionados como finalistas del Premio a la Acci\u00f3n Magistral 2017<\/a>\n<\/span><\/div>","aioseo_breadcrumb_json":[{"label":"Home","link":"https:\/\/www.eldigitaldeasturias.com\/noticias"},{"label":"Actualidad","link":"https:\/\/www.eldigitaldeasturias.com\/noticias\/category\/actualidad\/"},{"label":"Cinco proyectos aragoneses son seleccionados como finalistas del Premio a la Acci\u00f3n Magistral 2017","link":"https:\/\/www.eldigitaldeasturias.com\/noticias\/cinco-proyectos-aragoneses-son-seleccionados-como-finalistas-del-premio-a-la-accion-magistral-2017\/"}],"_links":{"self":[{"href":"https:\/\/www.eldigitaldeasturias.com\/noticias\/wp-json\/wp\/v2\/posts\/949117","targetHints":{"allow":["GET"]}}],"collection":[{"href":"https:\/\/www.eldigitaldeasturias.com\/noticias\/wp-json\/wp\/v2\/posts"}],"about":[{"href":"https:\/\/www.eldigitaldeasturias.com\/noticias\/wp-json\/wp\/v2\/types\/post"}],"author":[{"embeddable":true,"href":"https:\/\/www.eldigitaldeasturias.com\/noticias\/wp-json\/wp\/v2\/users\/1"}],"replies":[{"embeddable":true,"href":"https:\/\/www.eldigitaldeasturias.com\/noticias\/wp-json\/wp\/v2\/comments?post=949117"}],"version-history":[{"count":0,"href":"https:\/\/www.eldigitaldeasturias.com\/noticias\/wp-json\/wp\/v2\/posts\/949117\/revisions"}],"wp:attachment":[{"href":"https:\/\/www.eldigitaldeasturias.com\/noticias\/wp-json\/wp\/v2\/media?parent=949117"}],"wp:term":[{"taxonomy":"category","embeddable":true,"href":"https:\/\/www.eldigitaldeasturias.com\/noticias\/wp-json\/wp\/v2\/categories?post=949117"},{"taxonomy":"post_tag","embeddable":true,"href":"https:\/\/www.eldigitaldeasturias.com\/noticias\/wp-json\/wp\/v2\/tags?post=949117"}],"curies":[{"name":"wp","href":"https:\/\/api.w.org\/{rel}","templated":true}]}}