{"id":949112,"date":"2017-08-08T17:37:20","date_gmt":"2017-08-08T17:37:20","guid":{"rendered":"http:\/\/www.eldigitaldeasturias.com\/noticias\/?p=949112"},"modified":"2017-08-08T17:37:20","modified_gmt":"2017-08-08T17:37:20","slug":"el-gobierno-de-aragon-recurrira-las-medidas-cautelares-impuestas-para-mantener-el-actual-horario-de-religion-en-primaria","status":"publish","type":"post","link":"https:\/\/www.eldigitaldeasturias.com\/noticias\/el-gobierno-de-aragon-recurrira-las-medidas-cautelares-impuestas-para-mantener-el-actual-horario-de-religion-en-primaria\/","title":{"rendered":"El Gobierno de Arag\u00f3n recurrir\u00e1 las medidas cautelares impuestas para mantener el actual horario de Religi\u00f3n en primaria"},"content":{"rendered":"<p><img loading=\"lazy\" decoding=\"async\" class=\"alignleft size-medium wp-image-801268\" src=\"https:\/\/www.eldigitaldeasturias.com\/noticias\/wp-content\/uploads\/2015\/08\/aula-360x270.jpg\" alt=\"\" width=\"360\" height=\"270\" \/>El Gobierno de Arag\u00f3n recurrir\u00e1 las medidas cautelares que el Tribunal Superior de Justicia de Arag\u00f3n anunci\u00f3 ayer que mantendr\u00e1 para el horario de la asignatura de Religi\u00f3n en Primaria, a pesar de que una sentencia del mismo \u00f3rgano judicial reconoc\u00eda hace solo quince d\u00edas la legalidad del curr\u00edculo de Primaria del Departamento de Educaci\u00f3n, y que establec\u00eda un m\u00ednimo de 45 minutos semanales para esta materia.<\/p>\n<p>Seg\u00fan el Departamento, numerosos centros, tambi\u00e9n concertados, hab\u00edan mostrado su intenci\u00f3n de reducir este horario a 45 minutos para dedicar los otros 45 que ten\u00eda hasta ahora Religi\u00f3n a otras asignaturas, dentro de la autonom\u00eda de centro. Educaci\u00f3n sigue apostando por reducir el horario de Religi\u00f3n al m\u00ednimo exigido por ley, como ocurre, por ejemplo, en el caso de Ceuta y Melilla, donde es competente el Ministerio de Educaci\u00f3n y, por tanto, el Gobierno central; en Andaluc\u00eda, donde su TSJ aval\u00f3 la decisi\u00f3n de la Junta; o en Canarias, donde desde hace dos cursos se dan 45 minutos de religi\u00f3n en primaria y no ha habido recursos.<\/p>\n<p>El director general de Planificaci\u00f3n y Formaci\u00f3n Profesional, Ricardo Almal\u00e9, ha mostrado su sorpresa por la decisi\u00f3n del TSJA de mantener unas medidas cautelares que ya dict\u00f3 hace un a\u00f1o cuando hace solo dos semanas hab\u00eda dado la raz\u00f3n al Departamento. Por este motivo, ha anunciado que se estudiar\u00e1n las acciones pertinentes para solucionar esta cuesti\u00f3n \u201clo antes posible\u201d y la sentencia dictada sea ya vigente a partir del pr\u00f3ximo curso. Adem\u00e1s, Almal\u00e9 ha declarado que Educaci\u00f3n sigue apostando por minimizar la ense\u00f1anza confesional en las aulas, con total respeto al hecho religioso.<\/p>\n","protected":false},"excerpt":{"rendered":"<p>El Gobierno de Arag\u00f3n recurrir\u00e1 las medidas cautelares que el Tribunal Superior de Justicia de Arag\u00f3n anunci\u00f3 ayer que mantendr\u00e1 para el horario de la asignatura de Religi\u00f3n en Primaria, a pesar de que una sentencia del mismo \u00f3rgano judicial reconoc\u00eda hace solo quince d\u00edas la legalidad del curr\u00edculo de Primaria del Departamento de Educaci\u00f3n, [&hellip;]<\/p>\n","protected":false},"author":1,"featured_media":801268,"comment_status":"closed","ping_status":"closed","sticky":false,"template":"","format":"standard","meta":{"footnotes":""},"categories":[1],"tags":[],"class_list":["post-949112","post","type-post","status-publish","format-standard","has-post-thumbnail","hentry","category-actualidad"],"aioseo_notices":[],"aioseo_head":"\n\t\t<!-- All in One SEO Pro 5.0.1 - aioseo.com -->\n\t<meta name=\"description\" content=\"El Gobierno de Arag\u00f3n recurrir\u00e1 las medidas cautelares que el Tribunal Superior de Justicia de Arag\u00f3n anunci\u00f3 ayer que mantendr\u00e1 para el horario de la asignatura de Religi\u00f3n en Primaria, a pesar de que una sentencia del mismo \u00f3rgano judicial reconoc\u00eda hace solo quince d\u00edas la legalidad del curr\u00edculo de Primaria del Departamento de Educaci\u00f3n,\" \/>\n\t<meta name=\"robots\" content=\"max-image-preview:large\" \/>\n\t<meta name=\"author\" content=\"El Digital de Asturias\"\/>\n\t<meta name=\"google-site-verification\" content=\"UA-38556648-1\" \/>\n\t<meta name=\"msvalidate.01\" content=\"7dfe9f3f1b24437ab69f4f2559babe99\" \/>\n\t<meta name=\"keywords\" content=\"actualidad\" \/>\n\t<link rel=\"canonical\" href=\"https:\/\/www.eldigitaldeasturias.com\/noticias\/el-gobierno-de-aragon-recurrira-las-medidas-cautelares-impuestas-para-mantener-el-actual-horario-de-religion-en-primaria\/\" \/>\n\t<meta name=\"generator\" content=\"All in One SEO Pro (AIOSEO) 5.0.1\" \/>\n\t\t<meta property=\"og:locale\" content=\"es_ES\" \/>\n\t\t<meta property=\"og:site_name\" content=\"El Digital de Asturias\" \/>\n\t\t<meta property=\"og:type\" content=\"article\" \/>\n\t\t<meta property=\"og:title\" content=\"El Gobierno de Arag\u00f3n recurrir\u00e1 las medidas cautelares impuestas para mantener el actual horario de Religi\u00f3n en primaria - El Digital de Asturias\" \/>\n\t\t<meta property=\"og:description\" content=\"El Gobierno de Arag\u00f3n recurrir\u00e1 las medidas cautelares que el Tribunal Superior de Justicia de Arag\u00f3n anunci\u00f3 ayer que mantendr\u00e1 para el horario de la asignatura de Religi\u00f3n en Primaria, a pesar de que una sentencia del mismo \u00f3rgano judicial reconoc\u00eda hace solo quince d\u00edas la legalidad del curr\u00edculo de Primaria del Departamento de Educaci\u00f3n,\" \/>\n\t\t<meta property=\"og:url\" content=\"https:\/\/www.eldigitaldeasturias.com\/noticias\/el-gobierno-de-aragon-recurrira-las-medidas-cautelares-impuestas-para-mantener-el-actual-horario-de-religion-en-primaria\/\" \/>\n\t\t<meta property=\"article:tag\" content=\"actualidad\" \/>\n\t\t<meta property=\"article:published_time\" content=\"2017-08-08T17:37:20+00:00\" \/>\n\t\t<meta property=\"article:modified_time\" content=\"2017-08-08T17:37:20+00:00\" \/>\n\t\t<meta property=\"article:publisher\" content=\"https:\/\/facebook.com\/eldigitaldeasturias\" \/>\n\t\t<meta name=\"twitter:card\" content=\"summary_large_image\" \/>\n\t\t<meta name=\"twitter:title\" content=\"El Gobierno de Arag\u00f3n recurrir\u00e1 las medidas cautelares impuestas para mantener el actual horario de Religi\u00f3n en primaria - El Digital de Asturias\" \/>\n\t\t<meta name=\"twitter:description\" content=\"El Gobierno de Arag\u00f3n recurrir\u00e1 las medidas cautelares que el Tribunal Superior de Justicia de Arag\u00f3n anunci\u00f3 ayer que mantendr\u00e1 para el horario de la asignatura de Religi\u00f3n en Primaria, a pesar de que una sentencia del mismo \u00f3rgano judicial reconoc\u00eda hace solo quince d\u00edas la legalidad del curr\u00edculo de Primaria del Departamento de Educaci\u00f3n,\" \/>\n\t\t<meta name=\"twitter:image\" content=\"https:\/\/www.eldigitaldeasturias.com\/noticias\/wp-content\/uploads\/2020\/12\/EDA-1.jpg\" \/>\n\t\t<meta name=\"twitter:label1\" content=\"Escrito por\" \/>\n\t\t<meta name=\"twitter:data1\" content=\"El Digital de Asturias\" \/>\n\t\t<meta name=\"twitter:label2\" content=\"Tiempo de lectura estimado\" \/>\n\t\t<meta name=\"twitter:data2\" content=\"1 minuto\" \/>\n\t\t<script type=\"application\/ld+json\" class=\"aioseo-schema\">\n\t\t\t{\"@context\":\"https:\\\/\\\/schema.org\",\"@graph\":[{\"@type\":\"BlogPosting\",\"@id\":\"https:\\\/\\\/www.eldigitaldeasturias.com\\\/noticias\\\/el-gobierno-de-aragon-recurrira-las-medidas-cautelares-impuestas-para-mantener-el-actual-horario-de-religion-en-primaria\\\/#blogposting\",\"name\":\"El Gobierno de Arag\\u00f3n recurrir\\u00e1 las medidas cautelares impuestas para mantener el actual horario de Religi\\u00f3n en primaria - El Digital de Asturias\",\"headline\":\"El Gobierno de Arag\\u00f3n recurrir\\u00e1 las medidas cautelares impuestas para mantener el actual horario de Religi\\u00f3n en primaria\",\"author\":{\"@id\":\"https:\\\/\\\/www.eldigitaldeasturias.com\\\/noticias\\\/author\\\/admin\\\/#author\"},\"publisher\":{\"@id\":\"https:\\\/\\\/www.eldigitaldeasturias.com\\\/noticias\\\/#organization\"},\"image\":{\"@type\":\"ImageObject\",\"url\":801268},\"datePublished\":\"2017-08-08T17:37:20+02:00\",\"dateModified\":\"2017-08-08T17:37:20+02:00\",\"inLanguage\":\"es-ES\",\"mainEntityOfPage\":{\"@id\":\"https:\\\/\\\/www.eldigitaldeasturias.com\\\/noticias\\\/el-gobierno-de-aragon-recurrira-las-medidas-cautelares-impuestas-para-mantener-el-actual-horario-de-religion-en-primaria\\\/#webpage\"},\"isPartOf\":{\"@id\":\"https:\\\/\\\/www.eldigitaldeasturias.com\\\/noticias\\\/el-gobierno-de-aragon-recurrira-las-medidas-cautelares-impuestas-para-mantener-el-actual-horario-de-religion-en-primaria\\\/#webpage\"},\"articleSection\":\"Actualidad\"},{\"@type\":\"BreadcrumbList\",\"@id\":\"https:\\\/\\\/www.eldigitaldeasturias.com\\\/noticias\\\/el-gobierno-de-aragon-recurrira-las-medidas-cautelares-impuestas-para-mantener-el-actual-horario-de-religion-en-primaria\\\/#breadcrumblist\",\"itemListElement\":[{\"@type\":\"ListItem\",\"@id\":\"https:\\\/\\\/www.eldigitaldeasturias.com\\\/noticias#listItem\",\"position\":1,\"name\":\"Home\",\"item\":\"https:\\\/\\\/www.eldigitaldeasturias.com\\\/noticias\",\"nextItem\":{\"@type\":\"ListItem\",\"@id\":\"https:\\\/\\\/www.eldigitaldeasturias.com\\\/noticias\\\/category\\\/actualidad\\\/#listItem\",\"name\":\"Actualidad\"}},{\"@type\":\"ListItem\",\"@id\":\"https:\\\/\\\/www.eldigitaldeasturias.com\\\/noticias\\\/category\\\/actualidad\\\/#listItem\",\"position\":2,\"name\":\"Actualidad\",\"item\":\"https:\\\/\\\/www.eldigitaldeasturias.com\\\/noticias\\\/category\\\/actualidad\\\/\",\"nextItem\":{\"@type\":\"ListItem\",\"@id\":\"https:\\\/\\\/www.eldigitaldeasturias.com\\\/noticias\\\/el-gobierno-de-aragon-recurrira-las-medidas-cautelares-impuestas-para-mantener-el-actual-horario-de-religion-en-primaria\\\/#listItem\",\"name\":\"El Gobierno de Arag\\u00f3n recurrir\\u00e1 las medidas cautelares impuestas para mantener el actual horario de Religi\\u00f3n en primaria\"},\"previousItem\":{\"@type\":\"ListItem\",\"@id\":\"https:\\\/\\\/www.eldigitaldeasturias.com\\\/noticias#listItem\",\"name\":\"Home\"}},{\"@type\":\"ListItem\",\"@id\":\"https:\\\/\\\/www.eldigitaldeasturias.com\\\/noticias\\\/el-gobierno-de-aragon-recurrira-las-medidas-cautelares-impuestas-para-mantener-el-actual-horario-de-religion-en-primaria\\\/#listItem\",\"position\":3,\"name\":\"El Gobierno de Arag\\u00f3n recurrir\\u00e1 las medidas cautelares impuestas para mantener el actual horario de Religi\\u00f3n en primaria\",\"previousItem\":{\"@type\":\"ListItem\",\"@id\":\"https:\\\/\\\/www.eldigitaldeasturias.com\\\/noticias\\\/category\\\/actualidad\\\/#listItem\",\"name\":\"Actualidad\"}}]},{\"@type\":\"Organization\",\"@id\":\"https:\\\/\\\/www.eldigitaldeasturias.com\\\/noticias\\\/#organization\",\"name\":\"El Digital de Asturias\",\"description\":\"Hemeroteca\",\"url\":\"https:\\\/\\\/www.eldigitaldeasturias.com\\\/noticias\\\/\",\"email\":\"info@eldigitaldeasturias.com\",\"telephone\":\"+34652131393\",\"logo\":{\"@type\":\"ImageObject\",\"url\":\"https:\\\/\\\/www.eldigitaldeasturias.com\\\/noticias\\\/wp-content\\\/uploads\\\/2020\\\/12\\\/EDA.jpg\",\"@id\":\"https:\\\/\\\/www.eldigitaldeasturias.com\\\/noticias\\\/el-gobierno-de-aragon-recurrira-las-medidas-cautelares-impuestas-para-mantener-el-actual-horario-de-religion-en-primaria\\\/#organizationLogo\"},\"image\":{\"@id\":\"https:\\\/\\\/www.eldigitaldeasturias.com\\\/noticias\\\/el-gobierno-de-aragon-recurrira-las-medidas-cautelares-impuestas-para-mantener-el-actual-horario-de-religion-en-primaria\\\/#organizationLogo\"},\"sameAs\":[\"https:\\\/\\\/facebook.com\\\/eldigitaldeasturias\",\"https:\\\/\\\/www.youtube.com\\\/channel\\\/UCZP-2wLEB9Rv6erhFmqVnvg\"],\"address\":{\"@id\":\"https:\\\/\\\/www.eldigitaldeasturias.com\\\/noticias\\\/#postaladdress\",\"@type\":\"PostalAddress\",\"streetAddress\":\"san antonio 4\",\"postalCode\":\"33430\",\"addressLocality\":\"Cand\\u00e1s\",\"addressRegion\":\"Asturias\",\"addressCountry\":\"ES\"}},{\"@type\":\"Person\",\"@id\":\"https:\\\/\\\/www.eldigitaldeasturias.com\\\/noticias\\\/author\\\/admin\\\/#author\",\"url\":\"https:\\\/\\\/www.eldigitaldeasturias.com\\\/noticias\\\/author\\\/admin\\\/\",\"name\":\"El Digital de Asturias\",\"image\":{\"@type\":\"ImageObject\",\"@id\":\"https:\\\/\\\/www.eldigitaldeasturias.com\\\/noticias\\\/el-gobierno-de-aragon-recurrira-las-medidas-cautelares-impuestas-para-mantener-el-actual-horario-de-religion-en-primaria\\\/#authorImage\",\"url\":\"https:\\\/\\\/secure.gravatar.com\\\/avatar\\\/df2aeffc32bcd13f8d26072ef8a91b623d677766deac7f97ca815868cd41bf5e?s=96&d=mm&r=g\",\"width\":96,\"height\":96,\"caption\":\"El Digital de Asturias\"}},{\"@type\":\"WebPage\",\"@id\":\"https:\\\/\\\/www.eldigitaldeasturias.com\\\/noticias\\\/el-gobierno-de-aragon-recurrira-las-medidas-cautelares-impuestas-para-mantener-el-actual-horario-de-religion-en-primaria\\\/#webpage\",\"url\":\"https:\\\/\\\/www.eldigitaldeasturias.com\\\/noticias\\\/el-gobierno-de-aragon-recurrira-las-medidas-cautelares-impuestas-para-mantener-el-actual-horario-de-religion-en-primaria\\\/\",\"name\":\"El Gobierno de Arag\\u00f3n recurrir\\u00e1 las medidas cautelares impuestas para mantener el actual horario de Religi\\u00f3n en primaria - El Digital de Asturias\",\"description\":\"El Gobierno de Arag\\u00f3n recurrir\\u00e1 las medidas cautelares que el Tribunal Superior de Justicia de Arag\\u00f3n anunci\\u00f3 ayer que mantendr\\u00e1 para el horario de la asignatura de Religi\\u00f3n en Primaria, a pesar de que una sentencia del mismo \\u00f3rgano judicial reconoc\\u00eda hace solo quince d\\u00edas la legalidad del curr\\u00edculo de Primaria del Departamento de Educaci\\u00f3n,\",\"inLanguage\":\"es-ES\",\"isPartOf\":{\"@id\":\"https:\\\/\\\/www.eldigitaldeasturias.com\\\/noticias\\\/#website\"},\"breadcrumb\":{\"@id\":\"https:\\\/\\\/www.eldigitaldeasturias.com\\\/noticias\\\/el-gobierno-de-aragon-recurrira-las-medidas-cautelares-impuestas-para-mantener-el-actual-horario-de-religion-en-primaria\\\/#breadcrumblist\"},\"author\":{\"@id\":\"https:\\\/\\\/www.eldigitaldeasturias.com\\\/noticias\\\/author\\\/admin\\\/#author\"},\"creator\":{\"@id\":\"https:\\\/\\\/www.eldigitaldeasturias.com\\\/noticias\\\/author\\\/admin\\\/#author\"},\"image\":{\"@type\":\"ImageObject\",\"url\":801268,\"@id\":\"https:\\\/\\\/www.eldigitaldeasturias.com\\\/noticias\\\/el-gobierno-de-aragon-recurrira-las-medidas-cautelares-impuestas-para-mantener-el-actual-horario-de-religion-en-primaria\\\/#mainImage\"},\"primaryImageOfPage\":{\"@id\":\"https:\\\/\\\/www.eldigitaldeasturias.com\\\/noticias\\\/el-gobierno-de-aragon-recurrira-las-medidas-cautelares-impuestas-para-mantener-el-actual-horario-de-religion-en-primaria\\\/#mainImage\"},\"datePublished\":\"2017-08-08T17:37:20+02:00\",\"dateModified\":\"2017-08-08T17:37:20+02:00\"},{\"@type\":\"WebSite\",\"@id\":\"https:\\\/\\\/www.eldigitaldeasturias.com\\\/noticias\\\/#website\",\"url\":\"https:\\\/\\\/www.eldigitaldeasturias.com\\\/noticias\\\/\",\"name\":\"El Digital de Asturias - Diario de actualidad y noticias\",\"alternateName\":\"El Digital de Asturias - Diario de actualidad y noticias\",\"description\":\"Hemeroteca\",\"inLanguage\":\"es-ES\",\"publisher\":{\"@id\":\"https:\\\/\\\/www.eldigitaldeasturias.com\\\/noticias\\\/#organization\"}}]}\n\t\t<\/script>\n\t\t<!-- All in One SEO Pro -->\r\n\t\t<title>El Gobierno de Arag\u00f3n recurrir\u00e1 las medidas cautelares impuestas para mantener el actual horario de Religi\u00f3n en primaria - El Digital de Asturias<\/title>\n\n","aioseo_head_json":{"title":"El Gobierno de Arag\u00f3n recurrir\u00e1 las medidas cautelares impuestas para mantener el actual horario de Religi\u00f3n en primaria - El Digital de Asturias","description":"El Gobierno de Arag\u00f3n recurrir\u00e1 las medidas cautelares que el Tribunal Superior de Justicia de Arag\u00f3n anunci\u00f3 ayer que mantendr\u00e1 para el horario de la asignatura de Religi\u00f3n en Primaria, a pesar de que una sentencia del mismo \u00f3rgano judicial reconoc\u00eda hace solo quince d\u00edas la legalidad del curr\u00edculo de Primaria del Departamento de Educaci\u00f3n,","canonical_url":"https:\/\/www.eldigitaldeasturias.com\/noticias\/el-gobierno-de-aragon-recurrira-las-medidas-cautelares-impuestas-para-mantener-el-actual-horario-de-religion-en-primaria\/","robots":"max-image-preview:large","keywords":"actualidad","webmasterTools":{"google-site-verification":"UA-38556648-1","msvalidate.01":"7dfe9f3f1b24437ab69f4f2559babe99","miscellaneous":""},"schema":{"@context":"https:\/\/schema.org","@graph":[{"@type":"BlogPosting","@id":"https:\/\/www.eldigitaldeasturias.com\/noticias\/el-gobierno-de-aragon-recurrira-las-medidas-cautelares-impuestas-para-mantener-el-actual-horario-de-religion-en-primaria\/#blogposting","name":"El Gobierno de Arag\u00f3n recurrir\u00e1 las medidas cautelares impuestas para mantener el actual horario de Religi\u00f3n en primaria - El Digital de Asturias","headline":"El Gobierno de Arag\u00f3n recurrir\u00e1 las medidas cautelares impuestas para mantener el actual horario de Religi\u00f3n en primaria","author":{"@id":"https:\/\/www.eldigitaldeasturias.com\/noticias\/author\/admin\/#author"},"publisher":{"@id":"https:\/\/www.eldigitaldeasturias.com\/noticias\/#organization"},"image":{"@type":"ImageObject","url":801268},"datePublished":"2017-08-08T17:37:20+02:00","dateModified":"2017-08-08T17:37:20+02:00","inLanguage":"es-ES","mainEntityOfPage":{"@id":"https:\/\/www.eldigitaldeasturias.com\/noticias\/el-gobierno-de-aragon-recurrira-las-medidas-cautelares-impuestas-para-mantener-el-actual-horario-de-religion-en-primaria\/#webpage"},"isPartOf":{"@id":"https:\/\/www.eldigitaldeasturias.com\/noticias\/el-gobierno-de-aragon-recurrira-las-medidas-cautelares-impuestas-para-mantener-el-actual-horario-de-religion-en-primaria\/#webpage"},"articleSection":"Actualidad"},{"@type":"BreadcrumbList","@id":"https:\/\/www.eldigitaldeasturias.com\/noticias\/el-gobierno-de-aragon-recurrira-las-medidas-cautelares-impuestas-para-mantener-el-actual-horario-de-religion-en-primaria\/#breadcrumblist","itemListElement":[{"@type":"ListItem","@id":"https:\/\/www.eldigitaldeasturias.com\/noticias#listItem","position":1,"name":"Home","item":"https:\/\/www.eldigitaldeasturias.com\/noticias","nextItem":{"@type":"ListItem","@id":"https:\/\/www.eldigitaldeasturias.com\/noticias\/category\/actualidad\/#listItem","name":"Actualidad"}},{"@type":"ListItem","@id":"https:\/\/www.eldigitaldeasturias.com\/noticias\/category\/actualidad\/#listItem","position":2,"name":"Actualidad","item":"https:\/\/www.eldigitaldeasturias.com\/noticias\/category\/actualidad\/","nextItem":{"@type":"ListItem","@id":"https:\/\/www.eldigitaldeasturias.com\/noticias\/el-gobierno-de-aragon-recurrira-las-medidas-cautelares-impuestas-para-mantener-el-actual-horario-de-religion-en-primaria\/#listItem","name":"El Gobierno de Arag\u00f3n recurrir\u00e1 las medidas cautelares impuestas para mantener el actual horario de Religi\u00f3n en primaria"},"previousItem":{"@type":"ListItem","@id":"https:\/\/www.eldigitaldeasturias.com\/noticias#listItem","name":"Home"}},{"@type":"ListItem","@id":"https:\/\/www.eldigitaldeasturias.com\/noticias\/el-gobierno-de-aragon-recurrira-las-medidas-cautelares-impuestas-para-mantener-el-actual-horario-de-religion-en-primaria\/#listItem","position":3,"name":"El Gobierno de Arag\u00f3n recurrir\u00e1 las medidas cautelares impuestas para mantener el actual horario de Religi\u00f3n en primaria","previousItem":{"@type":"ListItem","@id":"https:\/\/www.eldigitaldeasturias.com\/noticias\/category\/actualidad\/#listItem","name":"Actualidad"}}]},{"@type":"Organization","@id":"https:\/\/www.eldigitaldeasturias.com\/noticias\/#organization","name":"El Digital de Asturias","description":"Hemeroteca","url":"https:\/\/www.eldigitaldeasturias.com\/noticias\/","email":"info@eldigitaldeasturias.com","telephone":"+34652131393","logo":{"@type":"ImageObject","url":"https:\/\/www.eldigitaldeasturias.com\/noticias\/wp-content\/uploads\/2020\/12\/EDA.jpg","@id":"https:\/\/www.eldigitaldeasturias.com\/noticias\/el-gobierno-de-aragon-recurrira-las-medidas-cautelares-impuestas-para-mantener-el-actual-horario-de-religion-en-primaria\/#organizationLogo"},"image":{"@id":"https:\/\/www.eldigitaldeasturias.com\/noticias\/el-gobierno-de-aragon-recurrira-las-medidas-cautelares-impuestas-para-mantener-el-actual-horario-de-religion-en-primaria\/#organizationLogo"},"sameAs":["https:\/\/facebook.com\/eldigitaldeasturias","https:\/\/www.youtube.com\/channel\/UCZP-2wLEB9Rv6erhFmqVnvg"],"address":{"@id":"https:\/\/www.eldigitaldeasturias.com\/noticias\/#postaladdress","@type":"PostalAddress","streetAddress":"san antonio 4","postalCode":"33430","addressLocality":"Cand\u00e1s","addressRegion":"Asturias","addressCountry":"ES"}},{"@type":"Person","@id":"https:\/\/www.eldigitaldeasturias.com\/noticias\/author\/admin\/#author","url":"https:\/\/www.eldigitaldeasturias.com\/noticias\/author\/admin\/","name":"El Digital de Asturias","image":{"@type":"ImageObject","@id":"https:\/\/www.eldigitaldeasturias.com\/noticias\/el-gobierno-de-aragon-recurrira-las-medidas-cautelares-impuestas-para-mantener-el-actual-horario-de-religion-en-primaria\/#authorImage","url":"https:\/\/secure.gravatar.com\/avatar\/df2aeffc32bcd13f8d26072ef8a91b623d677766deac7f97ca815868cd41bf5e?s=96&d=mm&r=g","width":96,"height":96,"caption":"El Digital de Asturias"}},{"@type":"WebPage","@id":"https:\/\/www.eldigitaldeasturias.com\/noticias\/el-gobierno-de-aragon-recurrira-las-medidas-cautelares-impuestas-para-mantener-el-actual-horario-de-religion-en-primaria\/#webpage","url":"https:\/\/www.eldigitaldeasturias.com\/noticias\/el-gobierno-de-aragon-recurrira-las-medidas-cautelares-impuestas-para-mantener-el-actual-horario-de-religion-en-primaria\/","name":"El Gobierno de Arag\u00f3n recurrir\u00e1 las medidas cautelares impuestas para mantener el actual horario de Religi\u00f3n en primaria - El Digital de Asturias","description":"El Gobierno de Arag\u00f3n recurrir\u00e1 las medidas cautelares que el Tribunal Superior de Justicia de Arag\u00f3n anunci\u00f3 ayer que mantendr\u00e1 para el horario de la asignatura de Religi\u00f3n en Primaria, a pesar de que una sentencia del mismo \u00f3rgano judicial reconoc\u00eda hace solo quince d\u00edas la legalidad del curr\u00edculo de Primaria del Departamento de Educaci\u00f3n,","inLanguage":"es-ES","isPartOf":{"@id":"https:\/\/www.eldigitaldeasturias.com\/noticias\/#website"},"breadcrumb":{"@id":"https:\/\/www.eldigitaldeasturias.com\/noticias\/el-gobierno-de-aragon-recurrira-las-medidas-cautelares-impuestas-para-mantener-el-actual-horario-de-religion-en-primaria\/#breadcrumblist"},"author":{"@id":"https:\/\/www.eldigitaldeasturias.com\/noticias\/author\/admin\/#author"},"creator":{"@id":"https:\/\/www.eldigitaldeasturias.com\/noticias\/author\/admin\/#author"},"image":{"@type":"ImageObject","url":801268,"@id":"https:\/\/www.eldigitaldeasturias.com\/noticias\/el-gobierno-de-aragon-recurrira-las-medidas-cautelares-impuestas-para-mantener-el-actual-horario-de-religion-en-primaria\/#mainImage"},"primaryImageOfPage":{"@id":"https:\/\/www.eldigitaldeasturias.com\/noticias\/el-gobierno-de-aragon-recurrira-las-medidas-cautelares-impuestas-para-mantener-el-actual-horario-de-religion-en-primaria\/#mainImage"},"datePublished":"2017-08-08T17:37:20+02:00","dateModified":"2017-08-08T17:37:20+02:00"},{"@type":"WebSite","@id":"https:\/\/www.eldigitaldeasturias.com\/noticias\/#website","url":"https:\/\/www.eldigitaldeasturias.com\/noticias\/","name":"El Digital de Asturias - Diario de actualidad y noticias","alternateName":"El Digital de Asturias - Diario de actualidad y noticias","description":"Hemeroteca","inLanguage":"es-ES","publisher":{"@id":"https:\/\/www.eldigitaldeasturias.com\/noticias\/#organization"}}]},"og:locale":"es_ES","og:site_name":"El Digital de Asturias","og:type":"article","og:title":"El Gobierno de Arag\u00f3n recurrir\u00e1 las medidas cautelares impuestas para mantener el actual horario de Religi\u00f3n en primaria - El Digital de Asturias","og:description":"El Gobierno de Arag\u00f3n recurrir\u00e1 las medidas cautelares que el Tribunal Superior de Justicia de Arag\u00f3n anunci\u00f3 ayer que mantendr\u00e1 para el horario de la asignatura de Religi\u00f3n en Primaria, a pesar de que una sentencia del mismo \u00f3rgano judicial reconoc\u00eda hace solo quince d\u00edas la legalidad del curr\u00edculo de Primaria del Departamento de Educaci\u00f3n,","og:url":"https:\/\/www.eldigitaldeasturias.com\/noticias\/el-gobierno-de-aragon-recurrira-las-medidas-cautelares-impuestas-para-mantener-el-actual-horario-de-religion-en-primaria\/","article:tag":["actualidad"],"article:published_time":"2017-08-08T17:37:20+00:00","article:modified_time":"2017-08-08T17:37:20+00:00","article:publisher":"https:\/\/facebook.com\/eldigitaldeasturias","twitter:card":"summary_large_image","twitter:title":"El Gobierno de Arag\u00f3n recurrir\u00e1 las medidas cautelares impuestas para mantener el actual horario de Religi\u00f3n en primaria - El Digital de Asturias","twitter:description":"El Gobierno de Arag\u00f3n recurrir\u00e1 las medidas cautelares que el Tribunal Superior de Justicia de Arag\u00f3n anunci\u00f3 ayer que mantendr\u00e1 para el horario de la asignatura de Religi\u00f3n en Primaria, a pesar de que una sentencia del mismo \u00f3rgano judicial reconoc\u00eda hace solo quince d\u00edas la legalidad del curr\u00edculo de Primaria del Departamento de Educaci\u00f3n,","twitter:image":"https:\/\/www.eldigitaldeasturias.com\/noticias\/wp-content\/uploads\/2020\/12\/EDA-1.jpg","twitter:label1":"Escrito por","twitter:data1":"El Digital de Asturias","twitter:label2":"Tiempo de lectura estimado","twitter:data2":"1 minuto"},"aioseo_meta_data":{"post_id":"949112","title":null,"description":null,"keywords":null,"keyphrases":null,"primary_term":null,"canonical_url":null,"og_title":null,"og_description":null,"og_object_type":"default","og_image_type":"default","og_image_url":null,"og_image_width":null,"og_image_height":null,"og_image_custom_url":null,"og_image_custom_fields":null,"og_video":null,"og_custom_url":null,"og_article_section":null,"og_article_tags":null,"twitter_use_og":false,"twitter_card":"default","twitter_image_type":"default","twitter_image_url":null,"twitter_image_custom_url":null,"twitter_image_custom_fields":null,"twitter_title":null,"twitter_description":null,"schema":{"blockGraphs":[],"customGraphs":[],"default":{"data":{"Article":[],"Course":[],"Dataset":[],"FAQPage":[],"Movie":[],"Person":[],"Product":[],"ProductReview":[],"Car":[],"Recipe":[],"Service":[],"SoftwareApplication":[],"WebPage":[]},"graphName":"","isEnabled":true},"graphs":[],"defaultGraph":"","defaultPostTypeGraph":""},"schema_type":null,"schema_type_options":null,"pillar_content":false,"robots_default":true,"robots_noindex":false,"robots_noarchive":false,"robots_nosnippet":false,"robots_nofollow":false,"robots_noimageindex":false,"robots_noodp":false,"robots_notranslate":false,"robots_max_snippet":null,"robots_max_videopreview":null,"robots_max_imagepreview":"large","priority":null,"frequency":null,"local_seo":null,"seo_analyzer_scan_date":"2025-12-05 11:12:21","breadcrumb_settings":null,"limit_modified_date":false,"open_ai":null,"ai":null,"created":"2020-12-21 13:02:38","updated":"2025-12-05 11:12:21","focus_keyword":null,"additional_keywords":null,"truseo_locale":null},"aioseo_breadcrumb":"<div class=\"aioseo-breadcrumbs\"><span class=\"aioseo-breadcrumb\">\n\t<a href=\"https:\/\/www.eldigitaldeasturias.com\/noticias\" title=\"Home\">Home<\/a>\n<\/span><span class=\"aioseo-breadcrumb-separator\">\u2013<\/span><span class=\"aioseo-breadcrumb\">\n\t<a href=\"https:\/\/www.eldigitaldeasturias.com\/noticias\/category\/actualidad\/\" title=\"Actualidad\">Actualidad<\/a>\n<\/span><span class=\"aioseo-breadcrumb-separator\">\u2013<\/span><span class=\"aioseo-breadcrumb\">\n\t<a href=\"https:\/\/www.eldigitaldeasturias.com\/noticias\/el-gobierno-de-aragon-recurrira-las-medidas-cautelares-impuestas-para-mantener-el-actual-horario-de-religion-en-primaria\/\" title=\"El Gobierno de Arag\u00f3n recurrir\u00e1 las medidas cautelares impuestas para mantener el actual horario de Religi\u00f3n en primaria\">El Gobierno de Arag\u00f3n recurrir\u00e1 las medidas cautelares impuestas para mantener el actual horario de Religi\u00f3n en primaria<\/a>\n<\/span><\/div>","aioseo_breadcrumb_json":[{"label":"Home","link":"https:\/\/www.eldigitaldeasturias.com\/noticias"},{"label":"Actualidad","link":"https:\/\/www.eldigitaldeasturias.com\/noticias\/category\/actualidad\/"},{"label":"El Gobierno de Arag\u00f3n recurrir\u00e1 las medidas cautelares impuestas para mantener el actual horario de Religi\u00f3n en primaria","link":"https:\/\/www.eldigitaldeasturias.com\/noticias\/el-gobierno-de-aragon-recurrira-las-medidas-cautelares-impuestas-para-mantener-el-actual-horario-de-religion-en-primaria\/"}],"_links":{"self":[{"href":"https:\/\/www.eldigitaldeasturias.com\/noticias\/wp-json\/wp\/v2\/posts\/949112","targetHints":{"allow":["GET"]}}],"collection":[{"href":"https:\/\/www.eldigitaldeasturias.com\/noticias\/wp-json\/wp\/v2\/posts"}],"about":[{"href":"https:\/\/www.eldigitaldeasturias.com\/noticias\/wp-json\/wp\/v2\/types\/post"}],"author":[{"embeddable":true,"href":"https:\/\/www.eldigitaldeasturias.com\/noticias\/wp-json\/wp\/v2\/users\/1"}],"replies":[{"embeddable":true,"href":"https:\/\/www.eldigitaldeasturias.com\/noticias\/wp-json\/wp\/v2\/comments?post=949112"}],"version-history":[{"count":0,"href":"https:\/\/www.eldigitaldeasturias.com\/noticias\/wp-json\/wp\/v2\/posts\/949112\/revisions"}],"wp:attachment":[{"href":"https:\/\/www.eldigitaldeasturias.com\/noticias\/wp-json\/wp\/v2\/media?parent=949112"}],"wp:term":[{"taxonomy":"category","embeddable":true,"href":"https:\/\/www.eldigitaldeasturias.com\/noticias\/wp-json\/wp\/v2\/categories?post=949112"},{"taxonomy":"post_tag","embeddable":true,"href":"https:\/\/www.eldigitaldeasturias.com\/noticias\/wp-json\/wp\/v2\/tags?post=949112"}],"curies":[{"name":"wp","href":"https:\/\/api.w.org\/{rel}","templated":true}]}}