{"id":949107,"date":"2017-08-08T17:31:21","date_gmt":"2017-08-08T17:31:21","guid":{"rendered":"http:\/\/www.eldigitaldeasturias.com\/noticias\/?p=949107"},"modified":"2017-08-08T17:31:21","modified_gmt":"2017-08-08T17:31:21","slug":"los-acuerdos-entre-el-inaem-y-las-empresas-aragonesas-han-permitido-formar-a-639-personas-este-ano","status":"publish","type":"post","link":"https:\/\/www.eldigitaldeasturias.com\/noticias\/los-acuerdos-entre-el-inaem-y-las-empresas-aragonesas-han-permitido-formar-a-639-personas-este-ano\/","title":{"rendered":"Los acuerdos entre el INAEM y las empresas aragonesas han permitido formar a 639 personas este a\u00f1o"},"content":{"rendered":"<p><img loading=\"lazy\" decoding=\"async\" class=\"alignleft size-medium wp-image-949108\" src=\"https:\/\/www.eldigitaldeasturias.com\/noticias\/wp-content\/uploads\/2017\/08\/bdd13b66-360x243.jpg\" alt=\"\" width=\"360\" height=\"243\" \/>Los Acuerdos de Formaci\u00f3n con Compromiso de Contrataci\u00f3n establecidos entre el Instituto Aragon\u00e9s de Empleo (INAEM) y empresas o entidades sociales han permitido formar en lo que va de a\u00f1o a 639 personas para incorporarlas posteriormente a las plantillas. Estos acuerdos, que las propias organizaciones solicitan cuando necesitan contratar personal con una cualificaci\u00f3n concreta, alcanzaron en 2016 una tasa de contrataci\u00f3n del 74% de los participantes. Precisamente este martes, la directora gerente del INAEM, Ana V\u00e1zquez, y Jill Halliday, responsable de Recursos Humanos de Android Industries Zaragoza, han sellado uno de estos acuerdos.<\/p>\n<p>Este convenio ha permitido formar alrededor de 30 alumnos como operarios de montaje en automoci\u00f3n, en concreto para suspensiones y puertas. En el caso de Android Industries, la subvenci\u00f3n concedida por el INAEM es de 22.464 euros y a trav\u00e9s de este acuerdo, la empresa se ha comprometido a contratar al menos al 60% de los alumnos participantes. En concreto, 22 de las personas formadas se incorporar\u00e1n a la plantilla de esta empresa el pr\u00f3ximo 21 de agosto, con un contrato inicial de seis meses. Tanto por parte de Android Industries como del INAEM, esperan que este sea \u201cel inicio de una colaboraci\u00f3n estable\u201d que permita formar y contratar a m\u00e1s empleados de cara al pr\u00f3ximo a\u00f1o.<\/p>\n<p>El uso por parte de las empresas de esta herramienta y el porcentaje de contrataciones que se logra gracias a ella van incrementando a\u00f1o a a\u00f1o. El nuevo Real Decreto 694\/2017, del 3 de julio, por el que se regula el Sistema de Formaci\u00f3n Profesional para el Empleo en el \u00e1mbito laboral a nivel nacional obligar\u00e1 a partir de ahora a realizar una convocatoria previa en lugar de establecer estos acuerdos en funci\u00f3n de la demanda de las empresas interesadas. La directora gerente del INAEM ha manifestado la voluntad del Gobierno de Arag\u00f3n de publicar esta convocatoria en el mes de septiembre, con un presupuesto inicial de 1,1 mill\u00f3n de euros para el \u00faltimo cuatrimestre del a\u00f1o. Ana V\u00e1zquez ha subrayado que se llevar\u00e1 a cabo mediante un \u201cprocedimiento simplificado\u201d para tratar de agilizar el proceso y que este cambio normativo no afecte a los buenos resultados y la eficacia de este tipo de Acuerdos.<\/p>\n<p>En este tipo de acuerdos, el INAEM ofrece a las organizaciones informaci\u00f3n, asesoramiento y financiaci\u00f3n para la formaci\u00f3n de los trabajadores, adem\u00e1s de realizar la selecci\u00f3n de posibles candidatos para participa en la formaci\u00f3n a trav\u00e9s del Espacio Empresas. Por su parte, las empresas son las encargadas de llevar a cabo la formaci\u00f3n especializado, con el compromiso de contratar al menos el 60% de los alumnos participantes. Este tipo de acuerdos se han establecido con compa\u00f1\u00edas como General Motors, Yudigar, Carreras Grupo Log\u00edstico, Plataforma Europa, Grupo Ses\u00e9 o Schmitz Cargobull, entre otros.<\/p>\n<p>&nbsp;<\/p>\n","protected":false},"excerpt":{"rendered":"<p>Los Acuerdos de Formaci\u00f3n con Compromiso de Contrataci\u00f3n establecidos entre el Instituto Aragon\u00e9s de Empleo (INAEM) y empresas o entidades sociales han permitido formar en lo que va de a\u00f1o a 639 personas para incorporarlas posteriormente a las plantillas. Estos acuerdos, que las propias organizaciones solicitan cuando necesitan contratar personal con una cualificaci\u00f3n concreta, alcanzaron [&hellip;]<\/p>\n","protected":false},"author":1,"featured_media":949108,"comment_status":"closed","ping_status":"closed","sticky":false,"template":"","format":"standard","meta":{"footnotes":""},"categories":[1],"tags":[],"class_list":["post-949107","post","type-post","status-publish","format-standard","has-post-thumbnail","hentry","category-actualidad"],"aioseo_notices":[],"aioseo_head":"\n\t\t<!-- All in One SEO Pro 5.0.1 - aioseo.com -->\n\t<meta name=\"description\" content=\"Los Acuerdos de Formaci\u00f3n con Compromiso de Contrataci\u00f3n establecidos entre el Instituto Aragon\u00e9s de Empleo (INAEM) y empresas o entidades sociales han permitido formar en lo que va de a\u00f1o a 639 personas para incorporarlas posteriormente a las plantillas. Estos acuerdos, que las propias organizaciones solicitan cuando necesitan contratar personal con una cualificaci\u00f3n concreta, alcanzaron\" \/>\n\t<meta name=\"robots\" content=\"max-image-preview:large\" \/>\n\t<meta name=\"author\" content=\"El Digital de Asturias\"\/>\n\t<meta name=\"google-site-verification\" content=\"UA-38556648-1\" \/>\n\t<meta name=\"msvalidate.01\" content=\"7dfe9f3f1b24437ab69f4f2559babe99\" \/>\n\t<meta name=\"keywords\" content=\"actualidad\" \/>\n\t<link rel=\"canonical\" href=\"https:\/\/www.eldigitaldeasturias.com\/noticias\/los-acuerdos-entre-el-inaem-y-las-empresas-aragonesas-han-permitido-formar-a-639-personas-este-ano\/\" \/>\n\t<meta name=\"generator\" content=\"All in One SEO Pro (AIOSEO) 5.0.1\" \/>\n\t\t<meta property=\"og:locale\" content=\"es_ES\" \/>\n\t\t<meta property=\"og:site_name\" content=\"El Digital de Asturias\" \/>\n\t\t<meta property=\"og:type\" content=\"article\" \/>\n\t\t<meta property=\"og:title\" content=\"Los acuerdos entre el INAEM y las empresas aragonesas han permitido formar a 639 personas este a\u00f1o - El Digital de Asturias\" \/>\n\t\t<meta property=\"og:description\" content=\"Los Acuerdos de Formaci\u00f3n con Compromiso de Contrataci\u00f3n establecidos entre el Instituto Aragon\u00e9s de Empleo (INAEM) y empresas o entidades sociales han permitido formar en lo que va de a\u00f1o a 639 personas para incorporarlas posteriormente a las plantillas. Estos acuerdos, que las propias organizaciones solicitan cuando necesitan contratar personal con una cualificaci\u00f3n concreta, alcanzaron\" \/>\n\t\t<meta property=\"og:url\" content=\"https:\/\/www.eldigitaldeasturias.com\/noticias\/los-acuerdos-entre-el-inaem-y-las-empresas-aragonesas-han-permitido-formar-a-639-personas-este-ano\/\" \/>\n\t\t<meta property=\"article:tag\" content=\"actualidad\" \/>\n\t\t<meta property=\"article:published_time\" content=\"2017-08-08T17:31:21+00:00\" \/>\n\t\t<meta property=\"article:modified_time\" content=\"2017-08-08T17:31:21+00:00\" \/>\n\t\t<meta property=\"article:publisher\" content=\"https:\/\/facebook.com\/eldigitaldeasturias\" \/>\n\t\t<meta name=\"twitter:card\" content=\"summary_large_image\" \/>\n\t\t<meta name=\"twitter:title\" content=\"Los acuerdos entre el INAEM y las empresas aragonesas han permitido formar a 639 personas este a\u00f1o - El Digital de Asturias\" \/>\n\t\t<meta name=\"twitter:description\" content=\"Los Acuerdos de Formaci\u00f3n con Compromiso de Contrataci\u00f3n establecidos entre el Instituto Aragon\u00e9s de Empleo (INAEM) y empresas o entidades sociales han permitido formar en lo que va de a\u00f1o a 639 personas para incorporarlas posteriormente a las plantillas. Estos acuerdos, que las propias organizaciones solicitan cuando necesitan contratar personal con una cualificaci\u00f3n concreta, alcanzaron\" \/>\n\t\t<meta name=\"twitter:image\" content=\"https:\/\/www.eldigitaldeasturias.com\/noticias\/wp-content\/uploads\/2020\/12\/EDA-1.jpg\" \/>\n\t\t<meta name=\"twitter:label1\" content=\"Escrito por\" \/>\n\t\t<meta name=\"twitter:data1\" content=\"El Digital de Asturias\" \/>\n\t\t<meta name=\"twitter:label2\" content=\"Tiempo de lectura estimado\" \/>\n\t\t<meta name=\"twitter:data2\" content=\"2 minutos\" \/>\n\t\t<script type=\"application\/ld+json\" class=\"aioseo-schema\">\n\t\t\t{\"@context\":\"https:\\\/\\\/schema.org\",\"@graph\":[{\"@type\":\"BlogPosting\",\"@id\":\"https:\\\/\\\/www.eldigitaldeasturias.com\\\/noticias\\\/los-acuerdos-entre-el-inaem-y-las-empresas-aragonesas-han-permitido-formar-a-639-personas-este-ano\\\/#blogposting\",\"name\":\"Los acuerdos entre el INAEM y las empresas aragonesas han permitido formar a 639 personas este a\\u00f1o - El Digital de Asturias\",\"headline\":\"Los acuerdos entre el INAEM y las empresas aragonesas han permitido formar a 639 personas este a\\u00f1o\",\"author\":{\"@id\":\"https:\\\/\\\/www.eldigitaldeasturias.com\\\/noticias\\\/author\\\/admin\\\/#author\"},\"publisher\":{\"@id\":\"https:\\\/\\\/www.eldigitaldeasturias.com\\\/noticias\\\/#organization\"},\"image\":{\"@type\":\"ImageObject\",\"url\":949108},\"datePublished\":\"2017-08-08T17:31:21+02:00\",\"dateModified\":\"2017-08-08T17:31:21+02:00\",\"inLanguage\":\"es-ES\",\"mainEntityOfPage\":{\"@id\":\"https:\\\/\\\/www.eldigitaldeasturias.com\\\/noticias\\\/los-acuerdos-entre-el-inaem-y-las-empresas-aragonesas-han-permitido-formar-a-639-personas-este-ano\\\/#webpage\"},\"isPartOf\":{\"@id\":\"https:\\\/\\\/www.eldigitaldeasturias.com\\\/noticias\\\/los-acuerdos-entre-el-inaem-y-las-empresas-aragonesas-han-permitido-formar-a-639-personas-este-ano\\\/#webpage\"},\"articleSection\":\"Actualidad\"},{\"@type\":\"BreadcrumbList\",\"@id\":\"https:\\\/\\\/www.eldigitaldeasturias.com\\\/noticias\\\/los-acuerdos-entre-el-inaem-y-las-empresas-aragonesas-han-permitido-formar-a-639-personas-este-ano\\\/#breadcrumblist\",\"itemListElement\":[{\"@type\":\"ListItem\",\"@id\":\"https:\\\/\\\/www.eldigitaldeasturias.com\\\/noticias#listItem\",\"position\":1,\"name\":\"Home\",\"item\":\"https:\\\/\\\/www.eldigitaldeasturias.com\\\/noticias\",\"nextItem\":{\"@type\":\"ListItem\",\"@id\":\"https:\\\/\\\/www.eldigitaldeasturias.com\\\/noticias\\\/category\\\/actualidad\\\/#listItem\",\"name\":\"Actualidad\"}},{\"@type\":\"ListItem\",\"@id\":\"https:\\\/\\\/www.eldigitaldeasturias.com\\\/noticias\\\/category\\\/actualidad\\\/#listItem\",\"position\":2,\"name\":\"Actualidad\",\"item\":\"https:\\\/\\\/www.eldigitaldeasturias.com\\\/noticias\\\/category\\\/actualidad\\\/\",\"nextItem\":{\"@type\":\"ListItem\",\"@id\":\"https:\\\/\\\/www.eldigitaldeasturias.com\\\/noticias\\\/los-acuerdos-entre-el-inaem-y-las-empresas-aragonesas-han-permitido-formar-a-639-personas-este-ano\\\/#listItem\",\"name\":\"Los acuerdos entre el INAEM y las empresas aragonesas han permitido formar a 639 personas este a\\u00f1o\"},\"previousItem\":{\"@type\":\"ListItem\",\"@id\":\"https:\\\/\\\/www.eldigitaldeasturias.com\\\/noticias#listItem\",\"name\":\"Home\"}},{\"@type\":\"ListItem\",\"@id\":\"https:\\\/\\\/www.eldigitaldeasturias.com\\\/noticias\\\/los-acuerdos-entre-el-inaem-y-las-empresas-aragonesas-han-permitido-formar-a-639-personas-este-ano\\\/#listItem\",\"position\":3,\"name\":\"Los acuerdos entre el INAEM y las empresas aragonesas han permitido formar a 639 personas este a\\u00f1o\",\"previousItem\":{\"@type\":\"ListItem\",\"@id\":\"https:\\\/\\\/www.eldigitaldeasturias.com\\\/noticias\\\/category\\\/actualidad\\\/#listItem\",\"name\":\"Actualidad\"}}]},{\"@type\":\"Organization\",\"@id\":\"https:\\\/\\\/www.eldigitaldeasturias.com\\\/noticias\\\/#organization\",\"name\":\"El Digital de Asturias\",\"description\":\"Hemeroteca\",\"url\":\"https:\\\/\\\/www.eldigitaldeasturias.com\\\/noticias\\\/\",\"email\":\"info@eldigitaldeasturias.com\",\"telephone\":\"+34652131393\",\"logo\":{\"@type\":\"ImageObject\",\"url\":\"https:\\\/\\\/www.eldigitaldeasturias.com\\\/noticias\\\/wp-content\\\/uploads\\\/2020\\\/12\\\/EDA.jpg\",\"@id\":\"https:\\\/\\\/www.eldigitaldeasturias.com\\\/noticias\\\/los-acuerdos-entre-el-inaem-y-las-empresas-aragonesas-han-permitido-formar-a-639-personas-este-ano\\\/#organizationLogo\"},\"image\":{\"@id\":\"https:\\\/\\\/www.eldigitaldeasturias.com\\\/noticias\\\/los-acuerdos-entre-el-inaem-y-las-empresas-aragonesas-han-permitido-formar-a-639-personas-este-ano\\\/#organizationLogo\"},\"sameAs\":[\"https:\\\/\\\/facebook.com\\\/eldigitaldeasturias\",\"https:\\\/\\\/www.youtube.com\\\/channel\\\/UCZP-2wLEB9Rv6erhFmqVnvg\"],\"address\":{\"@id\":\"https:\\\/\\\/www.eldigitaldeasturias.com\\\/noticias\\\/#postaladdress\",\"@type\":\"PostalAddress\",\"streetAddress\":\"san antonio 4\",\"postalCode\":\"33430\",\"addressLocality\":\"Cand\\u00e1s\",\"addressRegion\":\"Asturias\",\"addressCountry\":\"ES\"}},{\"@type\":\"Person\",\"@id\":\"https:\\\/\\\/www.eldigitaldeasturias.com\\\/noticias\\\/author\\\/admin\\\/#author\",\"url\":\"https:\\\/\\\/www.eldigitaldeasturias.com\\\/noticias\\\/author\\\/admin\\\/\",\"name\":\"El Digital de Asturias\",\"image\":{\"@type\":\"ImageObject\",\"@id\":\"https:\\\/\\\/www.eldigitaldeasturias.com\\\/noticias\\\/los-acuerdos-entre-el-inaem-y-las-empresas-aragonesas-han-permitido-formar-a-639-personas-este-ano\\\/#authorImage\",\"url\":\"https:\\\/\\\/secure.gravatar.com\\\/avatar\\\/df2aeffc32bcd13f8d26072ef8a91b623d677766deac7f97ca815868cd41bf5e?s=96&d=mm&r=g\",\"width\":96,\"height\":96,\"caption\":\"El Digital de Asturias\"}},{\"@type\":\"WebPage\",\"@id\":\"https:\\\/\\\/www.eldigitaldeasturias.com\\\/noticias\\\/los-acuerdos-entre-el-inaem-y-las-empresas-aragonesas-han-permitido-formar-a-639-personas-este-ano\\\/#webpage\",\"url\":\"https:\\\/\\\/www.eldigitaldeasturias.com\\\/noticias\\\/los-acuerdos-entre-el-inaem-y-las-empresas-aragonesas-han-permitido-formar-a-639-personas-este-ano\\\/\",\"name\":\"Los acuerdos entre el INAEM y las empresas aragonesas han permitido formar a 639 personas este a\\u00f1o - El Digital de Asturias\",\"description\":\"Los Acuerdos de Formaci\\u00f3n con Compromiso de Contrataci\\u00f3n establecidos entre el Instituto Aragon\\u00e9s de Empleo (INAEM) y empresas o entidades sociales han permitido formar en lo que va de a\\u00f1o a 639 personas para incorporarlas posteriormente a las plantillas. Estos acuerdos, que las propias organizaciones solicitan cuando necesitan contratar personal con una cualificaci\\u00f3n concreta, alcanzaron\",\"inLanguage\":\"es-ES\",\"isPartOf\":{\"@id\":\"https:\\\/\\\/www.eldigitaldeasturias.com\\\/noticias\\\/#website\"},\"breadcrumb\":{\"@id\":\"https:\\\/\\\/www.eldigitaldeasturias.com\\\/noticias\\\/los-acuerdos-entre-el-inaem-y-las-empresas-aragonesas-han-permitido-formar-a-639-personas-este-ano\\\/#breadcrumblist\"},\"author\":{\"@id\":\"https:\\\/\\\/www.eldigitaldeasturias.com\\\/noticias\\\/author\\\/admin\\\/#author\"},\"creator\":{\"@id\":\"https:\\\/\\\/www.eldigitaldeasturias.com\\\/noticias\\\/author\\\/admin\\\/#author\"},\"image\":{\"@type\":\"ImageObject\",\"url\":949108,\"@id\":\"https:\\\/\\\/www.eldigitaldeasturias.com\\\/noticias\\\/los-acuerdos-entre-el-inaem-y-las-empresas-aragonesas-han-permitido-formar-a-639-personas-este-ano\\\/#mainImage\"},\"primaryImageOfPage\":{\"@id\":\"https:\\\/\\\/www.eldigitaldeasturias.com\\\/noticias\\\/los-acuerdos-entre-el-inaem-y-las-empresas-aragonesas-han-permitido-formar-a-639-personas-este-ano\\\/#mainImage\"},\"datePublished\":\"2017-08-08T17:31:21+02:00\",\"dateModified\":\"2017-08-08T17:31:21+02:00\"},{\"@type\":\"WebSite\",\"@id\":\"https:\\\/\\\/www.eldigitaldeasturias.com\\\/noticias\\\/#website\",\"url\":\"https:\\\/\\\/www.eldigitaldeasturias.com\\\/noticias\\\/\",\"name\":\"El Digital de Asturias - Diario de actualidad y noticias\",\"alternateName\":\"El Digital de Asturias - Diario de actualidad y noticias\",\"description\":\"Hemeroteca\",\"inLanguage\":\"es-ES\",\"publisher\":{\"@id\":\"https:\\\/\\\/www.eldigitaldeasturias.com\\\/noticias\\\/#organization\"}}]}\n\t\t<\/script>\n\t\t<!-- All in One SEO Pro -->\r\n\t\t<title>Los acuerdos entre el INAEM y las empresas aragonesas han permitido formar a 639 personas este a\u00f1o - El Digital de Asturias<\/title>\n\n","aioseo_head_json":{"title":"Los acuerdos entre el INAEM y las empresas aragonesas han permitido formar a 639 personas este a\u00f1o - El Digital de Asturias","description":"Los Acuerdos de Formaci\u00f3n con Compromiso de Contrataci\u00f3n establecidos entre el Instituto Aragon\u00e9s de Empleo (INAEM) y empresas o entidades sociales han permitido formar en lo que va de a\u00f1o a 639 personas para incorporarlas posteriormente a las plantillas. Estos acuerdos, que las propias organizaciones solicitan cuando necesitan contratar personal con una cualificaci\u00f3n concreta, alcanzaron","canonical_url":"https:\/\/www.eldigitaldeasturias.com\/noticias\/los-acuerdos-entre-el-inaem-y-las-empresas-aragonesas-han-permitido-formar-a-639-personas-este-ano\/","robots":"max-image-preview:large","keywords":"actualidad","webmasterTools":{"google-site-verification":"UA-38556648-1","msvalidate.01":"7dfe9f3f1b24437ab69f4f2559babe99","miscellaneous":""},"schema":{"@context":"https:\/\/schema.org","@graph":[{"@type":"BlogPosting","@id":"https:\/\/www.eldigitaldeasturias.com\/noticias\/los-acuerdos-entre-el-inaem-y-las-empresas-aragonesas-han-permitido-formar-a-639-personas-este-ano\/#blogposting","name":"Los acuerdos entre el INAEM y las empresas aragonesas han permitido formar a 639 personas este a\u00f1o - El Digital de Asturias","headline":"Los acuerdos entre el INAEM y las empresas aragonesas han permitido formar a 639 personas este a\u00f1o","author":{"@id":"https:\/\/www.eldigitaldeasturias.com\/noticias\/author\/admin\/#author"},"publisher":{"@id":"https:\/\/www.eldigitaldeasturias.com\/noticias\/#organization"},"image":{"@type":"ImageObject","url":949108},"datePublished":"2017-08-08T17:31:21+02:00","dateModified":"2017-08-08T17:31:21+02:00","inLanguage":"es-ES","mainEntityOfPage":{"@id":"https:\/\/www.eldigitaldeasturias.com\/noticias\/los-acuerdos-entre-el-inaem-y-las-empresas-aragonesas-han-permitido-formar-a-639-personas-este-ano\/#webpage"},"isPartOf":{"@id":"https:\/\/www.eldigitaldeasturias.com\/noticias\/los-acuerdos-entre-el-inaem-y-las-empresas-aragonesas-han-permitido-formar-a-639-personas-este-ano\/#webpage"},"articleSection":"Actualidad"},{"@type":"BreadcrumbList","@id":"https:\/\/www.eldigitaldeasturias.com\/noticias\/los-acuerdos-entre-el-inaem-y-las-empresas-aragonesas-han-permitido-formar-a-639-personas-este-ano\/#breadcrumblist","itemListElement":[{"@type":"ListItem","@id":"https:\/\/www.eldigitaldeasturias.com\/noticias#listItem","position":1,"name":"Home","item":"https:\/\/www.eldigitaldeasturias.com\/noticias","nextItem":{"@type":"ListItem","@id":"https:\/\/www.eldigitaldeasturias.com\/noticias\/category\/actualidad\/#listItem","name":"Actualidad"}},{"@type":"ListItem","@id":"https:\/\/www.eldigitaldeasturias.com\/noticias\/category\/actualidad\/#listItem","position":2,"name":"Actualidad","item":"https:\/\/www.eldigitaldeasturias.com\/noticias\/category\/actualidad\/","nextItem":{"@type":"ListItem","@id":"https:\/\/www.eldigitaldeasturias.com\/noticias\/los-acuerdos-entre-el-inaem-y-las-empresas-aragonesas-han-permitido-formar-a-639-personas-este-ano\/#listItem","name":"Los acuerdos entre el INAEM y las empresas aragonesas han permitido formar a 639 personas este a\u00f1o"},"previousItem":{"@type":"ListItem","@id":"https:\/\/www.eldigitaldeasturias.com\/noticias#listItem","name":"Home"}},{"@type":"ListItem","@id":"https:\/\/www.eldigitaldeasturias.com\/noticias\/los-acuerdos-entre-el-inaem-y-las-empresas-aragonesas-han-permitido-formar-a-639-personas-este-ano\/#listItem","position":3,"name":"Los acuerdos entre el INAEM y las empresas aragonesas han permitido formar a 639 personas este a\u00f1o","previousItem":{"@type":"ListItem","@id":"https:\/\/www.eldigitaldeasturias.com\/noticias\/category\/actualidad\/#listItem","name":"Actualidad"}}]},{"@type":"Organization","@id":"https:\/\/www.eldigitaldeasturias.com\/noticias\/#organization","name":"El Digital de Asturias","description":"Hemeroteca","url":"https:\/\/www.eldigitaldeasturias.com\/noticias\/","email":"info@eldigitaldeasturias.com","telephone":"+34652131393","logo":{"@type":"ImageObject","url":"https:\/\/www.eldigitaldeasturias.com\/noticias\/wp-content\/uploads\/2020\/12\/EDA.jpg","@id":"https:\/\/www.eldigitaldeasturias.com\/noticias\/los-acuerdos-entre-el-inaem-y-las-empresas-aragonesas-han-permitido-formar-a-639-personas-este-ano\/#organizationLogo"},"image":{"@id":"https:\/\/www.eldigitaldeasturias.com\/noticias\/los-acuerdos-entre-el-inaem-y-las-empresas-aragonesas-han-permitido-formar-a-639-personas-este-ano\/#organizationLogo"},"sameAs":["https:\/\/facebook.com\/eldigitaldeasturias","https:\/\/www.youtube.com\/channel\/UCZP-2wLEB9Rv6erhFmqVnvg"],"address":{"@id":"https:\/\/www.eldigitaldeasturias.com\/noticias\/#postaladdress","@type":"PostalAddress","streetAddress":"san antonio 4","postalCode":"33430","addressLocality":"Cand\u00e1s","addressRegion":"Asturias","addressCountry":"ES"}},{"@type":"Person","@id":"https:\/\/www.eldigitaldeasturias.com\/noticias\/author\/admin\/#author","url":"https:\/\/www.eldigitaldeasturias.com\/noticias\/author\/admin\/","name":"El Digital de Asturias","image":{"@type":"ImageObject","@id":"https:\/\/www.eldigitaldeasturias.com\/noticias\/los-acuerdos-entre-el-inaem-y-las-empresas-aragonesas-han-permitido-formar-a-639-personas-este-ano\/#authorImage","url":"https:\/\/secure.gravatar.com\/avatar\/df2aeffc32bcd13f8d26072ef8a91b623d677766deac7f97ca815868cd41bf5e?s=96&d=mm&r=g","width":96,"height":96,"caption":"El Digital de Asturias"}},{"@type":"WebPage","@id":"https:\/\/www.eldigitaldeasturias.com\/noticias\/los-acuerdos-entre-el-inaem-y-las-empresas-aragonesas-han-permitido-formar-a-639-personas-este-ano\/#webpage","url":"https:\/\/www.eldigitaldeasturias.com\/noticias\/los-acuerdos-entre-el-inaem-y-las-empresas-aragonesas-han-permitido-formar-a-639-personas-este-ano\/","name":"Los acuerdos entre el INAEM y las empresas aragonesas han permitido formar a 639 personas este a\u00f1o - El Digital de Asturias","description":"Los Acuerdos de Formaci\u00f3n con Compromiso de Contrataci\u00f3n establecidos entre el Instituto Aragon\u00e9s de Empleo (INAEM) y empresas o entidades sociales han permitido formar en lo que va de a\u00f1o a 639 personas para incorporarlas posteriormente a las plantillas. Estos acuerdos, que las propias organizaciones solicitan cuando necesitan contratar personal con una cualificaci\u00f3n concreta, alcanzaron","inLanguage":"es-ES","isPartOf":{"@id":"https:\/\/www.eldigitaldeasturias.com\/noticias\/#website"},"breadcrumb":{"@id":"https:\/\/www.eldigitaldeasturias.com\/noticias\/los-acuerdos-entre-el-inaem-y-las-empresas-aragonesas-han-permitido-formar-a-639-personas-este-ano\/#breadcrumblist"},"author":{"@id":"https:\/\/www.eldigitaldeasturias.com\/noticias\/author\/admin\/#author"},"creator":{"@id":"https:\/\/www.eldigitaldeasturias.com\/noticias\/author\/admin\/#author"},"image":{"@type":"ImageObject","url":949108,"@id":"https:\/\/www.eldigitaldeasturias.com\/noticias\/los-acuerdos-entre-el-inaem-y-las-empresas-aragonesas-han-permitido-formar-a-639-personas-este-ano\/#mainImage"},"primaryImageOfPage":{"@id":"https:\/\/www.eldigitaldeasturias.com\/noticias\/los-acuerdos-entre-el-inaem-y-las-empresas-aragonesas-han-permitido-formar-a-639-personas-este-ano\/#mainImage"},"datePublished":"2017-08-08T17:31:21+02:00","dateModified":"2017-08-08T17:31:21+02:00"},{"@type":"WebSite","@id":"https:\/\/www.eldigitaldeasturias.com\/noticias\/#website","url":"https:\/\/www.eldigitaldeasturias.com\/noticias\/","name":"El Digital de Asturias - Diario de actualidad y noticias","alternateName":"El Digital de Asturias - Diario de actualidad y noticias","description":"Hemeroteca","inLanguage":"es-ES","publisher":{"@id":"https:\/\/www.eldigitaldeasturias.com\/noticias\/#organization"}}]},"og:locale":"es_ES","og:site_name":"El Digital de Asturias","og:type":"article","og:title":"Los acuerdos entre el INAEM y las empresas aragonesas han permitido formar a 639 personas este a\u00f1o - El Digital de Asturias","og:description":"Los Acuerdos de Formaci\u00f3n con Compromiso de Contrataci\u00f3n establecidos entre el Instituto Aragon\u00e9s de Empleo (INAEM) y empresas o entidades sociales han permitido formar en lo que va de a\u00f1o a 639 personas para incorporarlas posteriormente a las plantillas. Estos acuerdos, que las propias organizaciones solicitan cuando necesitan contratar personal con una cualificaci\u00f3n concreta, alcanzaron","og:url":"https:\/\/www.eldigitaldeasturias.com\/noticias\/los-acuerdos-entre-el-inaem-y-las-empresas-aragonesas-han-permitido-formar-a-639-personas-este-ano\/","article:tag":["actualidad"],"article:published_time":"2017-08-08T17:31:21+00:00","article:modified_time":"2017-08-08T17:31:21+00:00","article:publisher":"https:\/\/facebook.com\/eldigitaldeasturias","twitter:card":"summary_large_image","twitter:title":"Los acuerdos entre el INAEM y las empresas aragonesas han permitido formar a 639 personas este a\u00f1o - El Digital de Asturias","twitter:description":"Los Acuerdos de Formaci\u00f3n con Compromiso de Contrataci\u00f3n establecidos entre el Instituto Aragon\u00e9s de Empleo (INAEM) y empresas o entidades sociales han permitido formar en lo que va de a\u00f1o a 639 personas para incorporarlas posteriormente a las plantillas. Estos acuerdos, que las propias organizaciones solicitan cuando necesitan contratar personal con una cualificaci\u00f3n concreta, alcanzaron","twitter:image":"https:\/\/www.eldigitaldeasturias.com\/noticias\/wp-content\/uploads\/2020\/12\/EDA-1.jpg","twitter:label1":"Escrito por","twitter:data1":"El Digital de Asturias","twitter:label2":"Tiempo de lectura estimado","twitter:data2":"2 minutos"},"aioseo_meta_data":{"post_id":"949107","title":null,"description":null,"keywords":null,"keyphrases":null,"primary_term":null,"canonical_url":null,"og_title":null,"og_description":null,"og_object_type":"default","og_image_type":"default","og_image_url":null,"og_image_width":null,"og_image_height":null,"og_image_custom_url":null,"og_image_custom_fields":null,"og_video":null,"og_custom_url":null,"og_article_section":null,"og_article_tags":null,"twitter_use_og":false,"twitter_card":"default","twitter_image_type":"default","twitter_image_url":null,"twitter_image_custom_url":null,"twitter_image_custom_fields":null,"twitter_title":null,"twitter_description":null,"schema":{"blockGraphs":[],"customGraphs":[],"default":{"data":{"Article":[],"Course":[],"Dataset":[],"FAQPage":[],"Movie":[],"Person":[],"Product":[],"ProductReview":[],"Car":[],"Recipe":[],"Service":[],"SoftwareApplication":[],"WebPage":[]},"graphName":"","isEnabled":true},"graphs":[],"defaultGraph":"","defaultPostTypeGraph":""},"schema_type":null,"schema_type_options":null,"pillar_content":false,"robots_default":true,"robots_noindex":false,"robots_noarchive":false,"robots_nosnippet":false,"robots_nofollow":false,"robots_noimageindex":false,"robots_noodp":false,"robots_notranslate":false,"robots_max_snippet":null,"robots_max_videopreview":null,"robots_max_imagepreview":"large","priority":null,"frequency":null,"local_seo":null,"seo_analyzer_scan_date":"2025-12-05 11:12:18","breadcrumb_settings":null,"limit_modified_date":false,"open_ai":null,"ai":null,"created":"2020-12-21 13:02:38","updated":"2025-12-05 11:12:18","focus_keyword":null,"additional_keywords":null,"truseo_locale":null},"aioseo_breadcrumb":"<div class=\"aioseo-breadcrumbs\"><span class=\"aioseo-breadcrumb\">\n\t<a href=\"https:\/\/www.eldigitaldeasturias.com\/noticias\" title=\"Home\">Home<\/a>\n<\/span><span class=\"aioseo-breadcrumb-separator\">\u2013<\/span><span class=\"aioseo-breadcrumb\">\n\t<a href=\"https:\/\/www.eldigitaldeasturias.com\/noticias\/category\/actualidad\/\" title=\"Actualidad\">Actualidad<\/a>\n<\/span><span class=\"aioseo-breadcrumb-separator\">\u2013<\/span><span class=\"aioseo-breadcrumb\">\n\t<a href=\"https:\/\/www.eldigitaldeasturias.com\/noticias\/los-acuerdos-entre-el-inaem-y-las-empresas-aragonesas-han-permitido-formar-a-639-personas-este-ano\/\" title=\"Los acuerdos entre el INAEM y las empresas aragonesas han permitido formar a 639 personas este a\u00f1o\">Los acuerdos entre el INAEM y las empresas aragonesas han permitido formar a 639 personas este a\u00f1o<\/a>\n<\/span><\/div>","aioseo_breadcrumb_json":[{"label":"Home","link":"https:\/\/www.eldigitaldeasturias.com\/noticias"},{"label":"Actualidad","link":"https:\/\/www.eldigitaldeasturias.com\/noticias\/category\/actualidad\/"},{"label":"Los acuerdos entre el INAEM y las empresas aragonesas han permitido formar a 639 personas este a\u00f1o","link":"https:\/\/www.eldigitaldeasturias.com\/noticias\/los-acuerdos-entre-el-inaem-y-las-empresas-aragonesas-han-permitido-formar-a-639-personas-este-ano\/"}],"_links":{"self":[{"href":"https:\/\/www.eldigitaldeasturias.com\/noticias\/wp-json\/wp\/v2\/posts\/949107","targetHints":{"allow":["GET"]}}],"collection":[{"href":"https:\/\/www.eldigitaldeasturias.com\/noticias\/wp-json\/wp\/v2\/posts"}],"about":[{"href":"https:\/\/www.eldigitaldeasturias.com\/noticias\/wp-json\/wp\/v2\/types\/post"}],"author":[{"embeddable":true,"href":"https:\/\/www.eldigitaldeasturias.com\/noticias\/wp-json\/wp\/v2\/users\/1"}],"replies":[{"embeddable":true,"href":"https:\/\/www.eldigitaldeasturias.com\/noticias\/wp-json\/wp\/v2\/comments?post=949107"}],"version-history":[{"count":0,"href":"https:\/\/www.eldigitaldeasturias.com\/noticias\/wp-json\/wp\/v2\/posts\/949107\/revisions"}],"wp:attachment":[{"href":"https:\/\/www.eldigitaldeasturias.com\/noticias\/wp-json\/wp\/v2\/media?parent=949107"}],"wp:term":[{"taxonomy":"category","embeddable":true,"href":"https:\/\/www.eldigitaldeasturias.com\/noticias\/wp-json\/wp\/v2\/categories?post=949107"},{"taxonomy":"post_tag","embeddable":true,"href":"https:\/\/www.eldigitaldeasturias.com\/noticias\/wp-json\/wp\/v2\/tags?post=949107"}],"curies":[{"name":"wp","href":"https:\/\/api.w.org\/{rel}","templated":true}]}}