{"id":949094,"date":"2017-08-08T17:10:35","date_gmt":"2017-08-08T17:10:35","guid":{"rendered":"http:\/\/www.eldigitaldeasturias.com\/noticias\/?p=949094"},"modified":"2017-08-08T17:10:35","modified_gmt":"2017-08-08T17:10:35","slug":"consejos-para-actuar-ante-un-despido-improcedente","status":"publish","type":"post","link":"https:\/\/www.eldigitaldeasturias.com\/noticias\/consejos-para-actuar-ante-un-despido-improcedente\/","title":{"rendered":"Consejos para actuar ante un despido improcedente"},"content":{"rendered":"<p><img loading=\"lazy\" decoding=\"async\" class=\"alignleft size-medium wp-image-949095\" src=\"https:\/\/www.eldigitaldeasturias.com\/noticias\/wp-content\/uploads\/2017\/08\/abogados-360x270.jpg\" alt=\"\" width=\"360\" height=\"270\" \/>Todos los d\u00edas se publica, como m\u00ednimo, una noticia relacionada con un despido masivo de trabajadores o con alg\u00fan tema relacionado con una empresa multinacional y el despido de uno o varios de sus empleados. Con la legislaci\u00f3n actual en la mano, son muchos los jueces que dictan sentencias favorables a los trabajadores. De hecho, hace solo unos d\u00edas le\u00edamos c\u00f3mo <strong>Privalia hab\u00eda sido condenada<\/strong> a readmitir a un trabajador despedido por cuidado de su esposa enferma o c\u00f3mo se declar\u00f3 <strong>improcedente el despido de la famosa trabajadora de Mercadona <\/strong>que regal\u00f3 una pescadilla.<\/p>\n<p>El caso de Adidas saltaba a las noticias justo ayer. Los trabajadores que fueron despedidos por la multinacional deportiva piden su reincorporaci\u00f3n y han conseguido una audiencia con los empresarios de Adidas, funcionarios del Ministerio de Trabajo y, por supuesto, los representantes del gremio del calzado.<\/p>\n<p>Sea como sea, y a pesar de la aprobaci\u00f3n de la \u00faltima Reforma Laboral que empeor\u00f3 las condiciones laborales de los trabajadores espa\u00f1oles,<strong> parece que la Ley sigue estando del lado del m\u00e1s d\u00e9bil cuando se tr<\/strong><strong>ata de despidos improcedentes.<\/strong> Y es que, cuando un trabajador cree que su despido puede declararse nulo y que debe ser readmitido en su puesto, opta por acudir a bufetes de abogados profesionales como <a href=\"http:\/\/www.3detresabogados.com\/\" target=\"_blank\" rel=\"noopener\"><strong><span style=\"color: #ff0000;\">www.3detresabogados.com<\/span><\/strong><\/a><\/p>\n<p><strong>Factores a tener en cuenta en un despido<\/strong><\/p>\n<p>Algunos de los consejos que los <strong>abogados laborales expertos<\/strong> transmiten a la poblaci\u00f3n se deben llevar a cabo desde el mismo momento en el que la empresa te comunica el despido.<\/p>\n<p><strong>Carta de despido por escrito<\/strong><\/p>\n<p>Es fundamental a la hora de exigir derechos ante un despido. El trabajador debe exigirla sea cual sea el tipo de despido justificado por la empresa: disciplinario, por causas objetivas, por fin del contrato, etc.<strong> La gran mayor\u00eda de empresas no cumplen los requisitos formales que son necesarios a la hora de elaborar esta carta <\/strong>y eso lleva a declarar el despido como nulo y solicitar la readmisi\u00f3n del trabajador. De ah\u00ed que sea tan importante solicitar la carta de despido por escrito para que as\u00ed tu abogado pueda analizarla al detalle y determinar si es correcta. Aseg\u00farate adem\u00e1s de que la <strong>copia de la carta de despido<\/strong> que te entregan coincide con la que se queda la empresa.<\/p>\n<p><strong>Preaviso en despidos objetivos<\/strong><\/p>\n<p>En los despidos por causas objetivas es obligaci\u00f3n del empresario <strong>comunicar el despido con 15 d\u00edas de antelaci\u00f3n<\/strong>, es decir, entre la entrega de la carta de despido al trabajador y el d\u00eda que se hace efectivo tal despido debe haber al menos 15 d\u00edas.<\/p>\n<p><strong>Conceptos del finiquito<\/strong><\/p>\n<p>El finiquito incluye todas las <strong>cantidades de dinero pendientes de percibir<\/strong> por parte del trabajador que va a ser despedido. Dichas cantidades vienen establecidas en funci\u00f3n de los d\u00edas de vacaciones pendientes no disfrutadas, la parte proporcional de las famosas \u201cpagas extra\u201d e incluso la prorrata de beneficios en el caso de que est\u00e9 incluido en contrato.<\/p>\n<p>En el caso de que firmes el finiquito antes de percibir las cantidades es recomendable que a\u00f1adas junto a la firma frases del tipo \u201cpendiente de recibir las cantidades\u201d o, en caso de incorfomidad, agregar frases del tipo \u201cno conforme\u201d o \u201cpendiente de revisar las cantidades\u201d.<\/p>\n<p><strong>Indemnizaci\u00f3n por despido<\/strong><\/p>\n<p>Es independiente del propio finiquito porque se refiere a la <strong>indemnizaci\u00f3n de los d\u00edas que pertenecen al trabajador por a\u00f1o trabajado<\/strong>. En el caso del despido objetivo hablamos de 20 d\u00edas por a\u00f1o y debe recibirse en el momento que tiene lugar la entrega de la carta de despido. En el caso de los contratos temporales dirmados a partir del 1 de enero de 2015 la indemnizaci\u00f3n asciende a doce d\u00edas por a\u00f1o trabajado.<\/p>\n<p><strong>Impugnaci\u00f3n del despido<\/strong><\/p>\n<p>Para tener acceso a realizar la impugnaci\u00f3n del despido es necesario atenerse a los plazos habilitados para ello. Concretamente, <strong>el trabajador dispone de 20 d\u00edas h\u00e1biles <\/strong>sin contar s\u00e1bados, domingos ni festivos. En el caso de que pase dicho plazo, el trabajador perder\u00e1 el derecho de reclamar judicialmente.<\/p>\n<p>Es importante tener en cuenta todos estos factores cuando eres sometido a un despido, pero en cualquiera de los casos lo mejor siempre es <strong>acudir a un abogado laboralista<\/strong> capaz de proteger tus derechos como trabajador ante el juzgado y frente a la empresa.<\/p>\n<p>&nbsp;<\/p>\n","protected":false},"excerpt":{"rendered":"<p>Todos los d\u00edas se publica, como m\u00ednimo, una noticia relacionada con un despido masivo de trabajadores o con alg\u00fan tema relacionado con una empresa multinacional y el despido de uno o varios de sus empleados. Con la legislaci\u00f3n actual en la mano, son muchos los jueces que dictan sentencias favorables a los trabajadores. De hecho, [&hellip;]<\/p>\n","protected":false},"author":1,"featured_media":949095,"comment_status":"closed","ping_status":"closed","sticky":false,"template":"","format":"standard","meta":{"footnotes":""},"categories":[1],"tags":[],"class_list":["post-949094","post","type-post","status-publish","format-standard","has-post-thumbnail","hentry","category-actualidad"],"aioseo_notices":[],"aioseo_head":"\n\t\t<!-- All in One SEO Pro 5.0.1 - aioseo.com -->\n\t<meta name=\"description\" content=\"Todos los d\u00edas se publica, como m\u00ednimo, una noticia relacionada con un despido masivo de trabajadores o con alg\u00fan tema relacionado con una empresa multinacional y el despido de uno o varios de sus empleados. Con la legislaci\u00f3n actual en la mano, son muchos los jueces que dictan sentencias favorables a los trabajadores. De hecho,\" \/>\n\t<meta name=\"robots\" content=\"max-image-preview:large\" \/>\n\t<meta name=\"author\" content=\"El Digital de Asturias\"\/>\n\t<meta name=\"google-site-verification\" content=\"UA-38556648-1\" \/>\n\t<meta name=\"msvalidate.01\" content=\"7dfe9f3f1b24437ab69f4f2559babe99\" \/>\n\t<meta name=\"keywords\" content=\"actualidad\" \/>\n\t<link rel=\"canonical\" href=\"https:\/\/www.eldigitaldeasturias.com\/noticias\/consejos-para-actuar-ante-un-despido-improcedente\/\" \/>\n\t<meta name=\"generator\" content=\"All in One SEO Pro (AIOSEO) 5.0.1\" \/>\n\t\t<meta property=\"og:locale\" content=\"es_ES\" \/>\n\t\t<meta property=\"og:site_name\" content=\"El Digital de Asturias\" \/>\n\t\t<meta property=\"og:type\" content=\"article\" \/>\n\t\t<meta property=\"og:title\" content=\"Consejos para actuar ante un despido improcedente - El Digital de Asturias\" \/>\n\t\t<meta property=\"og:description\" content=\"Todos los d\u00edas se publica, como m\u00ednimo, una noticia relacionada con un despido masivo de trabajadores o con alg\u00fan tema relacionado con una empresa multinacional y el despido de uno o varios de sus empleados. Con la legislaci\u00f3n actual en la mano, son muchos los jueces que dictan sentencias favorables a los trabajadores. De hecho,\" \/>\n\t\t<meta property=\"og:url\" content=\"https:\/\/www.eldigitaldeasturias.com\/noticias\/consejos-para-actuar-ante-un-despido-improcedente\/\" \/>\n\t\t<meta property=\"article:tag\" content=\"actualidad\" \/>\n\t\t<meta property=\"article:published_time\" content=\"2017-08-08T17:10:35+00:00\" \/>\n\t\t<meta property=\"article:modified_time\" content=\"2017-08-08T17:10:35+00:00\" \/>\n\t\t<meta property=\"article:publisher\" content=\"https:\/\/facebook.com\/eldigitaldeasturias\" \/>\n\t\t<meta name=\"twitter:card\" content=\"summary_large_image\" \/>\n\t\t<meta name=\"twitter:title\" content=\"Consejos para actuar ante un despido improcedente - El Digital de Asturias\" \/>\n\t\t<meta name=\"twitter:description\" content=\"Todos los d\u00edas se publica, como m\u00ednimo, una noticia relacionada con un despido masivo de trabajadores o con alg\u00fan tema relacionado con una empresa multinacional y el despido de uno o varios de sus empleados. Con la legislaci\u00f3n actual en la mano, son muchos los jueces que dictan sentencias favorables a los trabajadores. De hecho,\" \/>\n\t\t<meta name=\"twitter:image\" content=\"https:\/\/www.eldigitaldeasturias.com\/noticias\/wp-content\/uploads\/2020\/12\/EDA-1.jpg\" \/>\n\t\t<meta name=\"twitter:label1\" content=\"Escrito por\" \/>\n\t\t<meta name=\"twitter:data1\" content=\"El Digital de Asturias\" \/>\n\t\t<meta name=\"twitter:label2\" content=\"Tiempo de lectura estimado\" \/>\n\t\t<meta name=\"twitter:data2\" content=\"4 minutos\" \/>\n\t\t<script type=\"application\/ld+json\" class=\"aioseo-schema\">\n\t\t\t{\"@context\":\"https:\\\/\\\/schema.org\",\"@graph\":[{\"@type\":\"BlogPosting\",\"@id\":\"https:\\\/\\\/www.eldigitaldeasturias.com\\\/noticias\\\/consejos-para-actuar-ante-un-despido-improcedente\\\/#blogposting\",\"name\":\"Consejos para actuar ante un despido improcedente - El Digital de Asturias\",\"headline\":\"Consejos para actuar ante un despido improcedente\",\"author\":{\"@id\":\"https:\\\/\\\/www.eldigitaldeasturias.com\\\/noticias\\\/author\\\/admin\\\/#author\"},\"publisher\":{\"@id\":\"https:\\\/\\\/www.eldigitaldeasturias.com\\\/noticias\\\/#organization\"},\"image\":{\"@type\":\"ImageObject\",\"url\":949095},\"datePublished\":\"2017-08-08T17:10:35+02:00\",\"dateModified\":\"2017-08-08T17:10:35+02:00\",\"inLanguage\":\"es-ES\",\"mainEntityOfPage\":{\"@id\":\"https:\\\/\\\/www.eldigitaldeasturias.com\\\/noticias\\\/consejos-para-actuar-ante-un-despido-improcedente\\\/#webpage\"},\"isPartOf\":{\"@id\":\"https:\\\/\\\/www.eldigitaldeasturias.com\\\/noticias\\\/consejos-para-actuar-ante-un-despido-improcedente\\\/#webpage\"},\"articleSection\":\"Actualidad\"},{\"@type\":\"BreadcrumbList\",\"@id\":\"https:\\\/\\\/www.eldigitaldeasturias.com\\\/noticias\\\/consejos-para-actuar-ante-un-despido-improcedente\\\/#breadcrumblist\",\"itemListElement\":[{\"@type\":\"ListItem\",\"@id\":\"https:\\\/\\\/www.eldigitaldeasturias.com\\\/noticias#listItem\",\"position\":1,\"name\":\"Home\",\"item\":\"https:\\\/\\\/www.eldigitaldeasturias.com\\\/noticias\",\"nextItem\":{\"@type\":\"ListItem\",\"@id\":\"https:\\\/\\\/www.eldigitaldeasturias.com\\\/noticias\\\/category\\\/actualidad\\\/#listItem\",\"name\":\"Actualidad\"}},{\"@type\":\"ListItem\",\"@id\":\"https:\\\/\\\/www.eldigitaldeasturias.com\\\/noticias\\\/category\\\/actualidad\\\/#listItem\",\"position\":2,\"name\":\"Actualidad\",\"item\":\"https:\\\/\\\/www.eldigitaldeasturias.com\\\/noticias\\\/category\\\/actualidad\\\/\",\"nextItem\":{\"@type\":\"ListItem\",\"@id\":\"https:\\\/\\\/www.eldigitaldeasturias.com\\\/noticias\\\/consejos-para-actuar-ante-un-despido-improcedente\\\/#listItem\",\"name\":\"Consejos para actuar ante un despido improcedente\"},\"previousItem\":{\"@type\":\"ListItem\",\"@id\":\"https:\\\/\\\/www.eldigitaldeasturias.com\\\/noticias#listItem\",\"name\":\"Home\"}},{\"@type\":\"ListItem\",\"@id\":\"https:\\\/\\\/www.eldigitaldeasturias.com\\\/noticias\\\/consejos-para-actuar-ante-un-despido-improcedente\\\/#listItem\",\"position\":3,\"name\":\"Consejos para actuar ante un despido improcedente\",\"previousItem\":{\"@type\":\"ListItem\",\"@id\":\"https:\\\/\\\/www.eldigitaldeasturias.com\\\/noticias\\\/category\\\/actualidad\\\/#listItem\",\"name\":\"Actualidad\"}}]},{\"@type\":\"Organization\",\"@id\":\"https:\\\/\\\/www.eldigitaldeasturias.com\\\/noticias\\\/#organization\",\"name\":\"El Digital de Asturias\",\"description\":\"Hemeroteca\",\"url\":\"https:\\\/\\\/www.eldigitaldeasturias.com\\\/noticias\\\/\",\"email\":\"info@eldigitaldeasturias.com\",\"telephone\":\"+34652131393\",\"logo\":{\"@type\":\"ImageObject\",\"url\":\"https:\\\/\\\/www.eldigitaldeasturias.com\\\/noticias\\\/wp-content\\\/uploads\\\/2020\\\/12\\\/EDA.jpg\",\"@id\":\"https:\\\/\\\/www.eldigitaldeasturias.com\\\/noticias\\\/consejos-para-actuar-ante-un-despido-improcedente\\\/#organizationLogo\"},\"image\":{\"@id\":\"https:\\\/\\\/www.eldigitaldeasturias.com\\\/noticias\\\/consejos-para-actuar-ante-un-despido-improcedente\\\/#organizationLogo\"},\"sameAs\":[\"https:\\\/\\\/facebook.com\\\/eldigitaldeasturias\",\"https:\\\/\\\/www.youtube.com\\\/channel\\\/UCZP-2wLEB9Rv6erhFmqVnvg\"],\"address\":{\"@id\":\"https:\\\/\\\/www.eldigitaldeasturias.com\\\/noticias\\\/#postaladdress\",\"@type\":\"PostalAddress\",\"streetAddress\":\"san antonio 4\",\"postalCode\":\"33430\",\"addressLocality\":\"Cand\\u00e1s\",\"addressRegion\":\"Asturias\",\"addressCountry\":\"ES\"}},{\"@type\":\"Person\",\"@id\":\"https:\\\/\\\/www.eldigitaldeasturias.com\\\/noticias\\\/author\\\/admin\\\/#author\",\"url\":\"https:\\\/\\\/www.eldigitaldeasturias.com\\\/noticias\\\/author\\\/admin\\\/\",\"name\":\"El Digital de Asturias\",\"image\":{\"@type\":\"ImageObject\",\"@id\":\"https:\\\/\\\/www.eldigitaldeasturias.com\\\/noticias\\\/consejos-para-actuar-ante-un-despido-improcedente\\\/#authorImage\",\"url\":\"https:\\\/\\\/secure.gravatar.com\\\/avatar\\\/df2aeffc32bcd13f8d26072ef8a91b623d677766deac7f97ca815868cd41bf5e?s=96&d=mm&r=g\",\"width\":96,\"height\":96,\"caption\":\"El Digital de Asturias\"}},{\"@type\":\"WebPage\",\"@id\":\"https:\\\/\\\/www.eldigitaldeasturias.com\\\/noticias\\\/consejos-para-actuar-ante-un-despido-improcedente\\\/#webpage\",\"url\":\"https:\\\/\\\/www.eldigitaldeasturias.com\\\/noticias\\\/consejos-para-actuar-ante-un-despido-improcedente\\\/\",\"name\":\"Consejos para actuar ante un despido improcedente - El Digital de Asturias\",\"description\":\"Todos los d\\u00edas se publica, como m\\u00ednimo, una noticia relacionada con un despido masivo de trabajadores o con alg\\u00fan tema relacionado con una empresa multinacional y el despido de uno o varios de sus empleados. Con la legislaci\\u00f3n actual en la mano, son muchos los jueces que dictan sentencias favorables a los trabajadores. De hecho,\",\"inLanguage\":\"es-ES\",\"isPartOf\":{\"@id\":\"https:\\\/\\\/www.eldigitaldeasturias.com\\\/noticias\\\/#website\"},\"breadcrumb\":{\"@id\":\"https:\\\/\\\/www.eldigitaldeasturias.com\\\/noticias\\\/consejos-para-actuar-ante-un-despido-improcedente\\\/#breadcrumblist\"},\"author\":{\"@id\":\"https:\\\/\\\/www.eldigitaldeasturias.com\\\/noticias\\\/author\\\/admin\\\/#author\"},\"creator\":{\"@id\":\"https:\\\/\\\/www.eldigitaldeasturias.com\\\/noticias\\\/author\\\/admin\\\/#author\"},\"image\":{\"@type\":\"ImageObject\",\"url\":949095,\"@id\":\"https:\\\/\\\/www.eldigitaldeasturias.com\\\/noticias\\\/consejos-para-actuar-ante-un-despido-improcedente\\\/#mainImage\"},\"primaryImageOfPage\":{\"@id\":\"https:\\\/\\\/www.eldigitaldeasturias.com\\\/noticias\\\/consejos-para-actuar-ante-un-despido-improcedente\\\/#mainImage\"},\"datePublished\":\"2017-08-08T17:10:35+02:00\",\"dateModified\":\"2017-08-08T17:10:35+02:00\"},{\"@type\":\"WebSite\",\"@id\":\"https:\\\/\\\/www.eldigitaldeasturias.com\\\/noticias\\\/#website\",\"url\":\"https:\\\/\\\/www.eldigitaldeasturias.com\\\/noticias\\\/\",\"name\":\"El Digital de Asturias - Diario de actualidad y noticias\",\"alternateName\":\"El Digital de Asturias - Diario de actualidad y noticias\",\"description\":\"Hemeroteca\",\"inLanguage\":\"es-ES\",\"publisher\":{\"@id\":\"https:\\\/\\\/www.eldigitaldeasturias.com\\\/noticias\\\/#organization\"}}]}\n\t\t<\/script>\n\t\t<!-- All in One SEO Pro -->\r\n\t\t<title>Consejos para actuar ante un despido improcedente - El Digital de Asturias<\/title>\n\n","aioseo_head_json":{"title":"Consejos para actuar ante un despido improcedente - El Digital de Asturias","description":"Todos los d\u00edas se publica, como m\u00ednimo, una noticia relacionada con un despido masivo de trabajadores o con alg\u00fan tema relacionado con una empresa multinacional y el despido de uno o varios de sus empleados. Con la legislaci\u00f3n actual en la mano, son muchos los jueces que dictan sentencias favorables a los trabajadores. De hecho,","canonical_url":"https:\/\/www.eldigitaldeasturias.com\/noticias\/consejos-para-actuar-ante-un-despido-improcedente\/","robots":"max-image-preview:large","keywords":"actualidad","webmasterTools":{"google-site-verification":"UA-38556648-1","msvalidate.01":"7dfe9f3f1b24437ab69f4f2559babe99","miscellaneous":""},"schema":{"@context":"https:\/\/schema.org","@graph":[{"@type":"BlogPosting","@id":"https:\/\/www.eldigitaldeasturias.com\/noticias\/consejos-para-actuar-ante-un-despido-improcedente\/#blogposting","name":"Consejos para actuar ante un despido improcedente - El Digital de Asturias","headline":"Consejos para actuar ante un despido improcedente","author":{"@id":"https:\/\/www.eldigitaldeasturias.com\/noticias\/author\/admin\/#author"},"publisher":{"@id":"https:\/\/www.eldigitaldeasturias.com\/noticias\/#organization"},"image":{"@type":"ImageObject","url":949095},"datePublished":"2017-08-08T17:10:35+02:00","dateModified":"2017-08-08T17:10:35+02:00","inLanguage":"es-ES","mainEntityOfPage":{"@id":"https:\/\/www.eldigitaldeasturias.com\/noticias\/consejos-para-actuar-ante-un-despido-improcedente\/#webpage"},"isPartOf":{"@id":"https:\/\/www.eldigitaldeasturias.com\/noticias\/consejos-para-actuar-ante-un-despido-improcedente\/#webpage"},"articleSection":"Actualidad"},{"@type":"BreadcrumbList","@id":"https:\/\/www.eldigitaldeasturias.com\/noticias\/consejos-para-actuar-ante-un-despido-improcedente\/#breadcrumblist","itemListElement":[{"@type":"ListItem","@id":"https:\/\/www.eldigitaldeasturias.com\/noticias#listItem","position":1,"name":"Home","item":"https:\/\/www.eldigitaldeasturias.com\/noticias","nextItem":{"@type":"ListItem","@id":"https:\/\/www.eldigitaldeasturias.com\/noticias\/category\/actualidad\/#listItem","name":"Actualidad"}},{"@type":"ListItem","@id":"https:\/\/www.eldigitaldeasturias.com\/noticias\/category\/actualidad\/#listItem","position":2,"name":"Actualidad","item":"https:\/\/www.eldigitaldeasturias.com\/noticias\/category\/actualidad\/","nextItem":{"@type":"ListItem","@id":"https:\/\/www.eldigitaldeasturias.com\/noticias\/consejos-para-actuar-ante-un-despido-improcedente\/#listItem","name":"Consejos para actuar ante un despido improcedente"},"previousItem":{"@type":"ListItem","@id":"https:\/\/www.eldigitaldeasturias.com\/noticias#listItem","name":"Home"}},{"@type":"ListItem","@id":"https:\/\/www.eldigitaldeasturias.com\/noticias\/consejos-para-actuar-ante-un-despido-improcedente\/#listItem","position":3,"name":"Consejos para actuar ante un despido improcedente","previousItem":{"@type":"ListItem","@id":"https:\/\/www.eldigitaldeasturias.com\/noticias\/category\/actualidad\/#listItem","name":"Actualidad"}}]},{"@type":"Organization","@id":"https:\/\/www.eldigitaldeasturias.com\/noticias\/#organization","name":"El Digital de Asturias","description":"Hemeroteca","url":"https:\/\/www.eldigitaldeasturias.com\/noticias\/","email":"info@eldigitaldeasturias.com","telephone":"+34652131393","logo":{"@type":"ImageObject","url":"https:\/\/www.eldigitaldeasturias.com\/noticias\/wp-content\/uploads\/2020\/12\/EDA.jpg","@id":"https:\/\/www.eldigitaldeasturias.com\/noticias\/consejos-para-actuar-ante-un-despido-improcedente\/#organizationLogo"},"image":{"@id":"https:\/\/www.eldigitaldeasturias.com\/noticias\/consejos-para-actuar-ante-un-despido-improcedente\/#organizationLogo"},"sameAs":["https:\/\/facebook.com\/eldigitaldeasturias","https:\/\/www.youtube.com\/channel\/UCZP-2wLEB9Rv6erhFmqVnvg"],"address":{"@id":"https:\/\/www.eldigitaldeasturias.com\/noticias\/#postaladdress","@type":"PostalAddress","streetAddress":"san antonio 4","postalCode":"33430","addressLocality":"Cand\u00e1s","addressRegion":"Asturias","addressCountry":"ES"}},{"@type":"Person","@id":"https:\/\/www.eldigitaldeasturias.com\/noticias\/author\/admin\/#author","url":"https:\/\/www.eldigitaldeasturias.com\/noticias\/author\/admin\/","name":"El Digital de Asturias","image":{"@type":"ImageObject","@id":"https:\/\/www.eldigitaldeasturias.com\/noticias\/consejos-para-actuar-ante-un-despido-improcedente\/#authorImage","url":"https:\/\/secure.gravatar.com\/avatar\/df2aeffc32bcd13f8d26072ef8a91b623d677766deac7f97ca815868cd41bf5e?s=96&d=mm&r=g","width":96,"height":96,"caption":"El Digital de Asturias"}},{"@type":"WebPage","@id":"https:\/\/www.eldigitaldeasturias.com\/noticias\/consejos-para-actuar-ante-un-despido-improcedente\/#webpage","url":"https:\/\/www.eldigitaldeasturias.com\/noticias\/consejos-para-actuar-ante-un-despido-improcedente\/","name":"Consejos para actuar ante un despido improcedente - El Digital de Asturias","description":"Todos los d\u00edas se publica, como m\u00ednimo, una noticia relacionada con un despido masivo de trabajadores o con alg\u00fan tema relacionado con una empresa multinacional y el despido de uno o varios de sus empleados. Con la legislaci\u00f3n actual en la mano, son muchos los jueces que dictan sentencias favorables a los trabajadores. De hecho,","inLanguage":"es-ES","isPartOf":{"@id":"https:\/\/www.eldigitaldeasturias.com\/noticias\/#website"},"breadcrumb":{"@id":"https:\/\/www.eldigitaldeasturias.com\/noticias\/consejos-para-actuar-ante-un-despido-improcedente\/#breadcrumblist"},"author":{"@id":"https:\/\/www.eldigitaldeasturias.com\/noticias\/author\/admin\/#author"},"creator":{"@id":"https:\/\/www.eldigitaldeasturias.com\/noticias\/author\/admin\/#author"},"image":{"@type":"ImageObject","url":949095,"@id":"https:\/\/www.eldigitaldeasturias.com\/noticias\/consejos-para-actuar-ante-un-despido-improcedente\/#mainImage"},"primaryImageOfPage":{"@id":"https:\/\/www.eldigitaldeasturias.com\/noticias\/consejos-para-actuar-ante-un-despido-improcedente\/#mainImage"},"datePublished":"2017-08-08T17:10:35+02:00","dateModified":"2017-08-08T17:10:35+02:00"},{"@type":"WebSite","@id":"https:\/\/www.eldigitaldeasturias.com\/noticias\/#website","url":"https:\/\/www.eldigitaldeasturias.com\/noticias\/","name":"El Digital de Asturias - Diario de actualidad y noticias","alternateName":"El Digital de Asturias - Diario de actualidad y noticias","description":"Hemeroteca","inLanguage":"es-ES","publisher":{"@id":"https:\/\/www.eldigitaldeasturias.com\/noticias\/#organization"}}]},"og:locale":"es_ES","og:site_name":"El Digital de Asturias","og:type":"article","og:title":"Consejos para actuar ante un despido improcedente - El Digital de Asturias","og:description":"Todos los d\u00edas se publica, como m\u00ednimo, una noticia relacionada con un despido masivo de trabajadores o con alg\u00fan tema relacionado con una empresa multinacional y el despido de uno o varios de sus empleados. Con la legislaci\u00f3n actual en la mano, son muchos los jueces que dictan sentencias favorables a los trabajadores. De hecho,","og:url":"https:\/\/www.eldigitaldeasturias.com\/noticias\/consejos-para-actuar-ante-un-despido-improcedente\/","article:tag":["actualidad"],"article:published_time":"2017-08-08T17:10:35+00:00","article:modified_time":"2017-08-08T17:10:35+00:00","article:publisher":"https:\/\/facebook.com\/eldigitaldeasturias","twitter:card":"summary_large_image","twitter:title":"Consejos para actuar ante un despido improcedente - El Digital de Asturias","twitter:description":"Todos los d\u00edas se publica, como m\u00ednimo, una noticia relacionada con un despido masivo de trabajadores o con alg\u00fan tema relacionado con una empresa multinacional y el despido de uno o varios de sus empleados. Con la legislaci\u00f3n actual en la mano, son muchos los jueces que dictan sentencias favorables a los trabajadores. De hecho,","twitter:image":"https:\/\/www.eldigitaldeasturias.com\/noticias\/wp-content\/uploads\/2020\/12\/EDA-1.jpg","twitter:label1":"Escrito por","twitter:data1":"El Digital de Asturias","twitter:label2":"Tiempo de lectura estimado","twitter:data2":"4 minutos"},"aioseo_meta_data":{"post_id":"949094","title":null,"description":null,"keywords":null,"keyphrases":null,"primary_term":null,"canonical_url":null,"og_title":null,"og_description":null,"og_object_type":"default","og_image_type":"default","og_image_url":null,"og_image_width":null,"og_image_height":null,"og_image_custom_url":null,"og_image_custom_fields":null,"og_video":null,"og_custom_url":null,"og_article_section":null,"og_article_tags":null,"twitter_use_og":false,"twitter_card":"default","twitter_image_type":"default","twitter_image_url":null,"twitter_image_custom_url":null,"twitter_image_custom_fields":null,"twitter_title":null,"twitter_description":null,"schema":{"blockGraphs":[],"customGraphs":[],"default":{"data":{"Article":[],"Course":[],"Dataset":[],"FAQPage":[],"Movie":[],"Person":[],"Product":[],"ProductReview":[],"Car":[],"Recipe":[],"Service":[],"SoftwareApplication":[],"WebPage":[]},"graphName":"","isEnabled":true},"graphs":[],"defaultGraph":"","defaultPostTypeGraph":""},"schema_type":null,"schema_type_options":null,"pillar_content":false,"robots_default":true,"robots_noindex":false,"robots_noarchive":false,"robots_nosnippet":false,"robots_nofollow":false,"robots_noimageindex":false,"robots_noodp":false,"robots_notranslate":false,"robots_max_snippet":null,"robots_max_videopreview":null,"robots_max_imagepreview":"large","priority":null,"frequency":null,"local_seo":null,"seo_analyzer_scan_date":"2025-12-05 11:09:47","breadcrumb_settings":null,"limit_modified_date":false,"open_ai":null,"ai":null,"created":"2020-12-21 13:02:38","updated":"2025-12-05 11:09:47","focus_keyword":null,"additional_keywords":null,"truseo_locale":null},"aioseo_breadcrumb":"<div class=\"aioseo-breadcrumbs\"><span class=\"aioseo-breadcrumb\">\n\t<a href=\"https:\/\/www.eldigitaldeasturias.com\/noticias\" title=\"Home\">Home<\/a>\n<\/span><span class=\"aioseo-breadcrumb-separator\">\u2013<\/span><span class=\"aioseo-breadcrumb\">\n\t<a href=\"https:\/\/www.eldigitaldeasturias.com\/noticias\/category\/actualidad\/\" title=\"Actualidad\">Actualidad<\/a>\n<\/span><span class=\"aioseo-breadcrumb-separator\">\u2013<\/span><span class=\"aioseo-breadcrumb\">\n\t<a href=\"https:\/\/www.eldigitaldeasturias.com\/noticias\/consejos-para-actuar-ante-un-despido-improcedente\/\" title=\"Consejos para actuar ante un despido improcedente\">Consejos para actuar ante un despido improcedente<\/a>\n<\/span><\/div>","aioseo_breadcrumb_json":[{"label":"Home","link":"https:\/\/www.eldigitaldeasturias.com\/noticias"},{"label":"Actualidad","link":"https:\/\/www.eldigitaldeasturias.com\/noticias\/category\/actualidad\/"},{"label":"Consejos para actuar ante un despido improcedente","link":"https:\/\/www.eldigitaldeasturias.com\/noticias\/consejos-para-actuar-ante-un-despido-improcedente\/"}],"_links":{"self":[{"href":"https:\/\/www.eldigitaldeasturias.com\/noticias\/wp-json\/wp\/v2\/posts\/949094","targetHints":{"allow":["GET"]}}],"collection":[{"href":"https:\/\/www.eldigitaldeasturias.com\/noticias\/wp-json\/wp\/v2\/posts"}],"about":[{"href":"https:\/\/www.eldigitaldeasturias.com\/noticias\/wp-json\/wp\/v2\/types\/post"}],"author":[{"embeddable":true,"href":"https:\/\/www.eldigitaldeasturias.com\/noticias\/wp-json\/wp\/v2\/users\/1"}],"replies":[{"embeddable":true,"href":"https:\/\/www.eldigitaldeasturias.com\/noticias\/wp-json\/wp\/v2\/comments?post=949094"}],"version-history":[{"count":0,"href":"https:\/\/www.eldigitaldeasturias.com\/noticias\/wp-json\/wp\/v2\/posts\/949094\/revisions"}],"wp:attachment":[{"href":"https:\/\/www.eldigitaldeasturias.com\/noticias\/wp-json\/wp\/v2\/media?parent=949094"}],"wp:term":[{"taxonomy":"category","embeddable":true,"href":"https:\/\/www.eldigitaldeasturias.com\/noticias\/wp-json\/wp\/v2\/categories?post=949094"},{"taxonomy":"post_tag","embeddable":true,"href":"https:\/\/www.eldigitaldeasturias.com\/noticias\/wp-json\/wp\/v2\/tags?post=949094"}],"curies":[{"name":"wp","href":"https:\/\/api.w.org\/{rel}","templated":true}]}}