{"id":949065,"date":"2017-08-07T22:36:48","date_gmt":"2017-08-07T22:36:48","guid":{"rendered":"http:\/\/www.eldigitaldeasturias.com\/noticias\/?p=949065"},"modified":"2017-08-07T22:36:48","modified_gmt":"2017-08-07T22:36:48","slug":"willie-marquez-presenta-su-nuevo-proyecto-artistico-en-ibiza","status":"publish","type":"post","link":"https:\/\/www.eldigitaldeasturias.com\/noticias\/willie-marquez-presenta-su-nuevo-proyecto-artistico-en-ibiza\/","title":{"rendered":"Willie M\u00e1rquez presenta su nuevo proyecto art\u00edstico en Ibiza"},"content":{"rendered":"<p><img loading=\"lazy\" decoding=\"async\" class=\"alignleft size-medium wp-image-949066\" src=\"https:\/\/www.eldigitaldeasturias.com\/noticias\/wp-content\/uploads\/2017\/08\/1501849273-360x259.jpg\" alt=\"\" width=\"360\" height=\"259\" \/>El artista Willie M\u00e1rquez presenta hoy en el Nobu Hotel Ibiza Bay su nuevo proyecto art\u00edstico. M\u00e1rquez ha sido el encargado de intervenir en la decoraci\u00f3n de las habitaciones del hotel con su particular obra art\u00edstica. De esta forma, el artista se convierte en uno de los pintores de cabecera de este nuevo establecimiento tur\u00edstico de la isla. Esta intervenci\u00f3n es un paso m\u00e1s en la trayectoria de M\u00e1rquez, que ha conseguido posicionar en el mundo del arte su reconocible y particular estilo de caligraf\u00eda.<\/p>\n<p>Esta intervenci\u00f3n art\u00edstica es la primera que se lleva a cabo en el Nobu Hotel Ibiza Bay, el ambicioso proyecto hotelero y gastron\u00f3mico del actor Robert de Niro y el chef Nobu Matsushisha. Un establecimiento que, adem\u00e1s de ofrecer las mejores propuestas art\u00edsticas, quiere enfocarse en familias y en ofrecer una atenci\u00f3n personalizada a sus clientes.<\/p>\n<p><strong>Arte y gastronom\u00eda: el maridaje perfecto<\/strong><\/p>\n<p>El nuevo proyecto de Willie M\u00e1rquez se presenta en el restaurante Chambao del Nobu Hotel Ibiza Bay en un evento que combina arte y gastronom\u00eda de primer nivel, gracias a la degustaci\u00f3n de los productos m\u00e1s Premium de la casa Osborne: jam\u00f3n Cinco Jotas, Brandy Carlos I y Nordes Premium Gin. Se trata de un maridaje de excepci\u00f3n que el hotel quiere hacer con propuestas de corte cultural de reconocidos artistas nacionales e internacionales.<\/p>\n<p>El evento dar\u00e1 comienzo a las 21:00 horas y dar\u00e1 cita a una amplia representaci\u00f3n de la sociedad, la cultura y los medios de comunicaci\u00f3n de la isla, que podr\u00e1 disfrutar de una proyecci\u00f3n audiovisual preparada para la ocasi\u00f3n por el videoartista Rob Loren: una serie de proyecciones de sus \u00faltimos trabajos que ha intervenido M\u00e1rquez, entre ellos su particular homenaje al Toro de Osborne con motivo de su 60 aniversario.<\/p>\n<p><strong>El traje de cristal de M\u00e1rquez para el Toro de Osborne<\/strong><\/p>\n<p>No es la primera vez que M\u00e1rquez colabora con el Grupo Osborne. El artista llev\u00f3 a cabo en 2013 una de las intervenciones m\u00e1s espectaculares que ha realizado hasta la fecha: junto con Swarovski Elements reinterpret\u00f3 el ic\u00f3nico Toro de Osborne, con una pieza realizada con m\u00e1s de 2.000 cristales engarzados en el emblem\u00e1tico astado y que actualmente se puede visitar en la portuense bodega de Mora.<\/p>\n<p>&nbsp;<\/p>\n","protected":false},"excerpt":{"rendered":"<p>El artista Willie M\u00e1rquez presenta hoy en el Nobu Hotel Ibiza Bay su nuevo proyecto art\u00edstico. M\u00e1rquez ha sido el encargado de intervenir en la decoraci\u00f3n de las habitaciones del hotel con su particular obra art\u00edstica. De esta forma, el artista se convierte en uno de los pintores de cabecera de este nuevo establecimiento tur\u00edstico [&hellip;]<\/p>\n","protected":false},"author":1,"featured_media":949066,"comment_status":"closed","ping_status":"closed","sticky":false,"template":"","format":"standard","meta":{"footnotes":""},"categories":[1],"tags":[],"class_list":["post-949065","post","type-post","status-publish","format-standard","has-post-thumbnail","hentry","category-actualidad"],"aioseo_notices":[],"aioseo_head":"\n\t\t<!-- All in One SEO Pro 5.0.1 - aioseo.com -->\n\t<meta name=\"description\" content=\"El artista Willie M\u00e1rquez presenta hoy en el Nobu Hotel Ibiza Bay su nuevo proyecto art\u00edstico. M\u00e1rquez ha sido el encargado de intervenir en la decoraci\u00f3n de las habitaciones del hotel con su particular obra art\u00edstica. De esta forma, el artista se convierte en uno de los pintores de cabecera de este nuevo establecimiento tur\u00edstico\" \/>\n\t<meta name=\"robots\" content=\"max-image-preview:large\" \/>\n\t<meta name=\"author\" content=\"El Digital de Asturias\"\/>\n\t<meta name=\"google-site-verification\" content=\"UA-38556648-1\" \/>\n\t<meta name=\"msvalidate.01\" content=\"7dfe9f3f1b24437ab69f4f2559babe99\" \/>\n\t<meta name=\"keywords\" content=\"actualidad\" \/>\n\t<link rel=\"canonical\" href=\"https:\/\/www.eldigitaldeasturias.com\/noticias\/willie-marquez-presenta-su-nuevo-proyecto-artistico-en-ibiza\/\" \/>\n\t<meta name=\"generator\" content=\"All in One SEO Pro (AIOSEO) 5.0.1\" \/>\n\t\t<meta property=\"og:locale\" content=\"es_ES\" \/>\n\t\t<meta property=\"og:site_name\" content=\"El Digital de Asturias\" \/>\n\t\t<meta property=\"og:type\" content=\"article\" \/>\n\t\t<meta property=\"og:title\" content=\"Willie M\u00e1rquez presenta su nuevo proyecto art\u00edstico en Ibiza - El Digital de Asturias\" \/>\n\t\t<meta property=\"og:description\" content=\"El artista Willie M\u00e1rquez presenta hoy en el Nobu Hotel Ibiza Bay su nuevo proyecto art\u00edstico. M\u00e1rquez ha sido el encargado de intervenir en la decoraci\u00f3n de las habitaciones del hotel con su particular obra art\u00edstica. De esta forma, el artista se convierte en uno de los pintores de cabecera de este nuevo establecimiento tur\u00edstico\" \/>\n\t\t<meta property=\"og:url\" content=\"https:\/\/www.eldigitaldeasturias.com\/noticias\/willie-marquez-presenta-su-nuevo-proyecto-artistico-en-ibiza\/\" \/>\n\t\t<meta property=\"article:tag\" content=\"actualidad\" \/>\n\t\t<meta property=\"article:published_time\" content=\"2017-08-07T22:36:48+00:00\" \/>\n\t\t<meta property=\"article:modified_time\" content=\"2017-08-07T22:36:48+00:00\" \/>\n\t\t<meta property=\"article:publisher\" content=\"https:\/\/facebook.com\/eldigitaldeasturias\" \/>\n\t\t<meta name=\"twitter:card\" content=\"summary_large_image\" \/>\n\t\t<meta name=\"twitter:title\" content=\"Willie M\u00e1rquez presenta su nuevo proyecto art\u00edstico en Ibiza - El Digital de Asturias\" \/>\n\t\t<meta name=\"twitter:description\" content=\"El artista Willie M\u00e1rquez presenta hoy en el Nobu Hotel Ibiza Bay su nuevo proyecto art\u00edstico. M\u00e1rquez ha sido el encargado de intervenir en la decoraci\u00f3n de las habitaciones del hotel con su particular obra art\u00edstica. De esta forma, el artista se convierte en uno de los pintores de cabecera de este nuevo establecimiento tur\u00edstico\" \/>\n\t\t<meta name=\"twitter:image\" content=\"https:\/\/www.eldigitaldeasturias.com\/noticias\/wp-content\/uploads\/2020\/12\/EDA-1.jpg\" \/>\n\t\t<meta name=\"twitter:label1\" content=\"Escrito por\" \/>\n\t\t<meta name=\"twitter:data1\" content=\"El Digital de Asturias\" \/>\n\t\t<meta name=\"twitter:label2\" content=\"Tiempo de lectura estimado\" \/>\n\t\t<meta name=\"twitter:data2\" content=\"2 minutos\" \/>\n\t\t<script type=\"application\/ld+json\" class=\"aioseo-schema\">\n\t\t\t{\"@context\":\"https:\\\/\\\/schema.org\",\"@graph\":[{\"@type\":\"BlogPosting\",\"@id\":\"https:\\\/\\\/www.eldigitaldeasturias.com\\\/noticias\\\/willie-marquez-presenta-su-nuevo-proyecto-artistico-en-ibiza\\\/#blogposting\",\"name\":\"Willie M\\u00e1rquez presenta su nuevo proyecto art\\u00edstico en Ibiza - El Digital de Asturias\",\"headline\":\"Willie M\\u00e1rquez presenta su nuevo proyecto art\\u00edstico en Ibiza\",\"author\":{\"@id\":\"https:\\\/\\\/www.eldigitaldeasturias.com\\\/noticias\\\/author\\\/admin\\\/#author\"},\"publisher\":{\"@id\":\"https:\\\/\\\/www.eldigitaldeasturias.com\\\/noticias\\\/#organization\"},\"image\":{\"@type\":\"ImageObject\",\"url\":949066},\"datePublished\":\"2017-08-07T22:36:48+02:00\",\"dateModified\":\"2017-08-07T22:36:48+02:00\",\"inLanguage\":\"es-ES\",\"mainEntityOfPage\":{\"@id\":\"https:\\\/\\\/www.eldigitaldeasturias.com\\\/noticias\\\/willie-marquez-presenta-su-nuevo-proyecto-artistico-en-ibiza\\\/#webpage\"},\"isPartOf\":{\"@id\":\"https:\\\/\\\/www.eldigitaldeasturias.com\\\/noticias\\\/willie-marquez-presenta-su-nuevo-proyecto-artistico-en-ibiza\\\/#webpage\"},\"articleSection\":\"Actualidad\"},{\"@type\":\"BreadcrumbList\",\"@id\":\"https:\\\/\\\/www.eldigitaldeasturias.com\\\/noticias\\\/willie-marquez-presenta-su-nuevo-proyecto-artistico-en-ibiza\\\/#breadcrumblist\",\"itemListElement\":[{\"@type\":\"ListItem\",\"@id\":\"https:\\\/\\\/www.eldigitaldeasturias.com\\\/noticias#listItem\",\"position\":1,\"name\":\"Home\",\"item\":\"https:\\\/\\\/www.eldigitaldeasturias.com\\\/noticias\",\"nextItem\":{\"@type\":\"ListItem\",\"@id\":\"https:\\\/\\\/www.eldigitaldeasturias.com\\\/noticias\\\/category\\\/actualidad\\\/#listItem\",\"name\":\"Actualidad\"}},{\"@type\":\"ListItem\",\"@id\":\"https:\\\/\\\/www.eldigitaldeasturias.com\\\/noticias\\\/category\\\/actualidad\\\/#listItem\",\"position\":2,\"name\":\"Actualidad\",\"item\":\"https:\\\/\\\/www.eldigitaldeasturias.com\\\/noticias\\\/category\\\/actualidad\\\/\",\"nextItem\":{\"@type\":\"ListItem\",\"@id\":\"https:\\\/\\\/www.eldigitaldeasturias.com\\\/noticias\\\/willie-marquez-presenta-su-nuevo-proyecto-artistico-en-ibiza\\\/#listItem\",\"name\":\"Willie M\\u00e1rquez presenta su nuevo proyecto art\\u00edstico en Ibiza\"},\"previousItem\":{\"@type\":\"ListItem\",\"@id\":\"https:\\\/\\\/www.eldigitaldeasturias.com\\\/noticias#listItem\",\"name\":\"Home\"}},{\"@type\":\"ListItem\",\"@id\":\"https:\\\/\\\/www.eldigitaldeasturias.com\\\/noticias\\\/willie-marquez-presenta-su-nuevo-proyecto-artistico-en-ibiza\\\/#listItem\",\"position\":3,\"name\":\"Willie M\\u00e1rquez presenta su nuevo proyecto art\\u00edstico en Ibiza\",\"previousItem\":{\"@type\":\"ListItem\",\"@id\":\"https:\\\/\\\/www.eldigitaldeasturias.com\\\/noticias\\\/category\\\/actualidad\\\/#listItem\",\"name\":\"Actualidad\"}}]},{\"@type\":\"Organization\",\"@id\":\"https:\\\/\\\/www.eldigitaldeasturias.com\\\/noticias\\\/#organization\",\"name\":\"El Digital de Asturias\",\"description\":\"Hemeroteca\",\"url\":\"https:\\\/\\\/www.eldigitaldeasturias.com\\\/noticias\\\/\",\"email\":\"info@eldigitaldeasturias.com\",\"telephone\":\"+34652131393\",\"logo\":{\"@type\":\"ImageObject\",\"url\":\"https:\\\/\\\/www.eldigitaldeasturias.com\\\/noticias\\\/wp-content\\\/uploads\\\/2020\\\/12\\\/EDA.jpg\",\"@id\":\"https:\\\/\\\/www.eldigitaldeasturias.com\\\/noticias\\\/willie-marquez-presenta-su-nuevo-proyecto-artistico-en-ibiza\\\/#organizationLogo\"},\"image\":{\"@id\":\"https:\\\/\\\/www.eldigitaldeasturias.com\\\/noticias\\\/willie-marquez-presenta-su-nuevo-proyecto-artistico-en-ibiza\\\/#organizationLogo\"},\"sameAs\":[\"https:\\\/\\\/facebook.com\\\/eldigitaldeasturias\",\"https:\\\/\\\/www.youtube.com\\\/channel\\\/UCZP-2wLEB9Rv6erhFmqVnvg\"],\"address\":{\"@id\":\"https:\\\/\\\/www.eldigitaldeasturias.com\\\/noticias\\\/#postaladdress\",\"@type\":\"PostalAddress\",\"streetAddress\":\"san antonio 4\",\"postalCode\":\"33430\",\"addressLocality\":\"Cand\\u00e1s\",\"addressRegion\":\"Asturias\",\"addressCountry\":\"ES\"}},{\"@type\":\"Person\",\"@id\":\"https:\\\/\\\/www.eldigitaldeasturias.com\\\/noticias\\\/author\\\/admin\\\/#author\",\"url\":\"https:\\\/\\\/www.eldigitaldeasturias.com\\\/noticias\\\/author\\\/admin\\\/\",\"name\":\"El Digital de Asturias\",\"image\":{\"@type\":\"ImageObject\",\"@id\":\"https:\\\/\\\/www.eldigitaldeasturias.com\\\/noticias\\\/willie-marquez-presenta-su-nuevo-proyecto-artistico-en-ibiza\\\/#authorImage\",\"url\":\"https:\\\/\\\/secure.gravatar.com\\\/avatar\\\/df2aeffc32bcd13f8d26072ef8a91b623d677766deac7f97ca815868cd41bf5e?s=96&d=mm&r=g\",\"width\":96,\"height\":96,\"caption\":\"El Digital de Asturias\"}},{\"@type\":\"WebPage\",\"@id\":\"https:\\\/\\\/www.eldigitaldeasturias.com\\\/noticias\\\/willie-marquez-presenta-su-nuevo-proyecto-artistico-en-ibiza\\\/#webpage\",\"url\":\"https:\\\/\\\/www.eldigitaldeasturias.com\\\/noticias\\\/willie-marquez-presenta-su-nuevo-proyecto-artistico-en-ibiza\\\/\",\"name\":\"Willie M\\u00e1rquez presenta su nuevo proyecto art\\u00edstico en Ibiza - El Digital de Asturias\",\"description\":\"El artista Willie M\\u00e1rquez presenta hoy en el Nobu Hotel Ibiza Bay su nuevo proyecto art\\u00edstico. M\\u00e1rquez ha sido el encargado de intervenir en la decoraci\\u00f3n de las habitaciones del hotel con su particular obra art\\u00edstica. De esta forma, el artista se convierte en uno de los pintores de cabecera de este nuevo establecimiento tur\\u00edstico\",\"inLanguage\":\"es-ES\",\"isPartOf\":{\"@id\":\"https:\\\/\\\/www.eldigitaldeasturias.com\\\/noticias\\\/#website\"},\"breadcrumb\":{\"@id\":\"https:\\\/\\\/www.eldigitaldeasturias.com\\\/noticias\\\/willie-marquez-presenta-su-nuevo-proyecto-artistico-en-ibiza\\\/#breadcrumblist\"},\"author\":{\"@id\":\"https:\\\/\\\/www.eldigitaldeasturias.com\\\/noticias\\\/author\\\/admin\\\/#author\"},\"creator\":{\"@id\":\"https:\\\/\\\/www.eldigitaldeasturias.com\\\/noticias\\\/author\\\/admin\\\/#author\"},\"image\":{\"@type\":\"ImageObject\",\"url\":949066,\"@id\":\"https:\\\/\\\/www.eldigitaldeasturias.com\\\/noticias\\\/willie-marquez-presenta-su-nuevo-proyecto-artistico-en-ibiza\\\/#mainImage\"},\"primaryImageOfPage\":{\"@id\":\"https:\\\/\\\/www.eldigitaldeasturias.com\\\/noticias\\\/willie-marquez-presenta-su-nuevo-proyecto-artistico-en-ibiza\\\/#mainImage\"},\"datePublished\":\"2017-08-07T22:36:48+02:00\",\"dateModified\":\"2017-08-07T22:36:48+02:00\"},{\"@type\":\"WebSite\",\"@id\":\"https:\\\/\\\/www.eldigitaldeasturias.com\\\/noticias\\\/#website\",\"url\":\"https:\\\/\\\/www.eldigitaldeasturias.com\\\/noticias\\\/\",\"name\":\"El Digital de Asturias - Diario de actualidad y noticias\",\"alternateName\":\"El Digital de Asturias - Diario de actualidad y noticias\",\"description\":\"Hemeroteca\",\"inLanguage\":\"es-ES\",\"publisher\":{\"@id\":\"https:\\\/\\\/www.eldigitaldeasturias.com\\\/noticias\\\/#organization\"}}]}\n\t\t<\/script>\n\t\t<!-- All in One SEO Pro -->\r\n\t\t<title>Willie M\u00e1rquez presenta su nuevo proyecto art\u00edstico en Ibiza - El Digital de Asturias<\/title>\n\n","aioseo_head_json":{"title":"Willie M\u00e1rquez presenta su nuevo proyecto art\u00edstico en Ibiza - El Digital de Asturias","description":"El artista Willie M\u00e1rquez presenta hoy en el Nobu Hotel Ibiza Bay su nuevo proyecto art\u00edstico. M\u00e1rquez ha sido el encargado de intervenir en la decoraci\u00f3n de las habitaciones del hotel con su particular obra art\u00edstica. De esta forma, el artista se convierte en uno de los pintores de cabecera de este nuevo establecimiento tur\u00edstico","canonical_url":"https:\/\/www.eldigitaldeasturias.com\/noticias\/willie-marquez-presenta-su-nuevo-proyecto-artistico-en-ibiza\/","robots":"max-image-preview:large","keywords":"actualidad","webmasterTools":{"google-site-verification":"UA-38556648-1","msvalidate.01":"7dfe9f3f1b24437ab69f4f2559babe99","miscellaneous":""},"schema":{"@context":"https:\/\/schema.org","@graph":[{"@type":"BlogPosting","@id":"https:\/\/www.eldigitaldeasturias.com\/noticias\/willie-marquez-presenta-su-nuevo-proyecto-artistico-en-ibiza\/#blogposting","name":"Willie M\u00e1rquez presenta su nuevo proyecto art\u00edstico en Ibiza - El Digital de Asturias","headline":"Willie M\u00e1rquez presenta su nuevo proyecto art\u00edstico en Ibiza","author":{"@id":"https:\/\/www.eldigitaldeasturias.com\/noticias\/author\/admin\/#author"},"publisher":{"@id":"https:\/\/www.eldigitaldeasturias.com\/noticias\/#organization"},"image":{"@type":"ImageObject","url":949066},"datePublished":"2017-08-07T22:36:48+02:00","dateModified":"2017-08-07T22:36:48+02:00","inLanguage":"es-ES","mainEntityOfPage":{"@id":"https:\/\/www.eldigitaldeasturias.com\/noticias\/willie-marquez-presenta-su-nuevo-proyecto-artistico-en-ibiza\/#webpage"},"isPartOf":{"@id":"https:\/\/www.eldigitaldeasturias.com\/noticias\/willie-marquez-presenta-su-nuevo-proyecto-artistico-en-ibiza\/#webpage"},"articleSection":"Actualidad"},{"@type":"BreadcrumbList","@id":"https:\/\/www.eldigitaldeasturias.com\/noticias\/willie-marquez-presenta-su-nuevo-proyecto-artistico-en-ibiza\/#breadcrumblist","itemListElement":[{"@type":"ListItem","@id":"https:\/\/www.eldigitaldeasturias.com\/noticias#listItem","position":1,"name":"Home","item":"https:\/\/www.eldigitaldeasturias.com\/noticias","nextItem":{"@type":"ListItem","@id":"https:\/\/www.eldigitaldeasturias.com\/noticias\/category\/actualidad\/#listItem","name":"Actualidad"}},{"@type":"ListItem","@id":"https:\/\/www.eldigitaldeasturias.com\/noticias\/category\/actualidad\/#listItem","position":2,"name":"Actualidad","item":"https:\/\/www.eldigitaldeasturias.com\/noticias\/category\/actualidad\/","nextItem":{"@type":"ListItem","@id":"https:\/\/www.eldigitaldeasturias.com\/noticias\/willie-marquez-presenta-su-nuevo-proyecto-artistico-en-ibiza\/#listItem","name":"Willie M\u00e1rquez presenta su nuevo proyecto art\u00edstico en Ibiza"},"previousItem":{"@type":"ListItem","@id":"https:\/\/www.eldigitaldeasturias.com\/noticias#listItem","name":"Home"}},{"@type":"ListItem","@id":"https:\/\/www.eldigitaldeasturias.com\/noticias\/willie-marquez-presenta-su-nuevo-proyecto-artistico-en-ibiza\/#listItem","position":3,"name":"Willie M\u00e1rquez presenta su nuevo proyecto art\u00edstico en Ibiza","previousItem":{"@type":"ListItem","@id":"https:\/\/www.eldigitaldeasturias.com\/noticias\/category\/actualidad\/#listItem","name":"Actualidad"}}]},{"@type":"Organization","@id":"https:\/\/www.eldigitaldeasturias.com\/noticias\/#organization","name":"El Digital de Asturias","description":"Hemeroteca","url":"https:\/\/www.eldigitaldeasturias.com\/noticias\/","email":"info@eldigitaldeasturias.com","telephone":"+34652131393","logo":{"@type":"ImageObject","url":"https:\/\/www.eldigitaldeasturias.com\/noticias\/wp-content\/uploads\/2020\/12\/EDA.jpg","@id":"https:\/\/www.eldigitaldeasturias.com\/noticias\/willie-marquez-presenta-su-nuevo-proyecto-artistico-en-ibiza\/#organizationLogo"},"image":{"@id":"https:\/\/www.eldigitaldeasturias.com\/noticias\/willie-marquez-presenta-su-nuevo-proyecto-artistico-en-ibiza\/#organizationLogo"},"sameAs":["https:\/\/facebook.com\/eldigitaldeasturias","https:\/\/www.youtube.com\/channel\/UCZP-2wLEB9Rv6erhFmqVnvg"],"address":{"@id":"https:\/\/www.eldigitaldeasturias.com\/noticias\/#postaladdress","@type":"PostalAddress","streetAddress":"san antonio 4","postalCode":"33430","addressLocality":"Cand\u00e1s","addressRegion":"Asturias","addressCountry":"ES"}},{"@type":"Person","@id":"https:\/\/www.eldigitaldeasturias.com\/noticias\/author\/admin\/#author","url":"https:\/\/www.eldigitaldeasturias.com\/noticias\/author\/admin\/","name":"El Digital de Asturias","image":{"@type":"ImageObject","@id":"https:\/\/www.eldigitaldeasturias.com\/noticias\/willie-marquez-presenta-su-nuevo-proyecto-artistico-en-ibiza\/#authorImage","url":"https:\/\/secure.gravatar.com\/avatar\/df2aeffc32bcd13f8d26072ef8a91b623d677766deac7f97ca815868cd41bf5e?s=96&d=mm&r=g","width":96,"height":96,"caption":"El Digital de Asturias"}},{"@type":"WebPage","@id":"https:\/\/www.eldigitaldeasturias.com\/noticias\/willie-marquez-presenta-su-nuevo-proyecto-artistico-en-ibiza\/#webpage","url":"https:\/\/www.eldigitaldeasturias.com\/noticias\/willie-marquez-presenta-su-nuevo-proyecto-artistico-en-ibiza\/","name":"Willie M\u00e1rquez presenta su nuevo proyecto art\u00edstico en Ibiza - El Digital de Asturias","description":"El artista Willie M\u00e1rquez presenta hoy en el Nobu Hotel Ibiza Bay su nuevo proyecto art\u00edstico. M\u00e1rquez ha sido el encargado de intervenir en la decoraci\u00f3n de las habitaciones del hotel con su particular obra art\u00edstica. De esta forma, el artista se convierte en uno de los pintores de cabecera de este nuevo establecimiento tur\u00edstico","inLanguage":"es-ES","isPartOf":{"@id":"https:\/\/www.eldigitaldeasturias.com\/noticias\/#website"},"breadcrumb":{"@id":"https:\/\/www.eldigitaldeasturias.com\/noticias\/willie-marquez-presenta-su-nuevo-proyecto-artistico-en-ibiza\/#breadcrumblist"},"author":{"@id":"https:\/\/www.eldigitaldeasturias.com\/noticias\/author\/admin\/#author"},"creator":{"@id":"https:\/\/www.eldigitaldeasturias.com\/noticias\/author\/admin\/#author"},"image":{"@type":"ImageObject","url":949066,"@id":"https:\/\/www.eldigitaldeasturias.com\/noticias\/willie-marquez-presenta-su-nuevo-proyecto-artistico-en-ibiza\/#mainImage"},"primaryImageOfPage":{"@id":"https:\/\/www.eldigitaldeasturias.com\/noticias\/willie-marquez-presenta-su-nuevo-proyecto-artistico-en-ibiza\/#mainImage"},"datePublished":"2017-08-07T22:36:48+02:00","dateModified":"2017-08-07T22:36:48+02:00"},{"@type":"WebSite","@id":"https:\/\/www.eldigitaldeasturias.com\/noticias\/#website","url":"https:\/\/www.eldigitaldeasturias.com\/noticias\/","name":"El Digital de Asturias - Diario de actualidad y noticias","alternateName":"El Digital de Asturias - Diario de actualidad y noticias","description":"Hemeroteca","inLanguage":"es-ES","publisher":{"@id":"https:\/\/www.eldigitaldeasturias.com\/noticias\/#organization"}}]},"og:locale":"es_ES","og:site_name":"El Digital de Asturias","og:type":"article","og:title":"Willie M\u00e1rquez presenta su nuevo proyecto art\u00edstico en Ibiza - El Digital de Asturias","og:description":"El artista Willie M\u00e1rquez presenta hoy en el Nobu Hotel Ibiza Bay su nuevo proyecto art\u00edstico. M\u00e1rquez ha sido el encargado de intervenir en la decoraci\u00f3n de las habitaciones del hotel con su particular obra art\u00edstica. De esta forma, el artista se convierte en uno de los pintores de cabecera de este nuevo establecimiento tur\u00edstico","og:url":"https:\/\/www.eldigitaldeasturias.com\/noticias\/willie-marquez-presenta-su-nuevo-proyecto-artistico-en-ibiza\/","article:tag":["actualidad"],"article:published_time":"2017-08-07T22:36:48+00:00","article:modified_time":"2017-08-07T22:36:48+00:00","article:publisher":"https:\/\/facebook.com\/eldigitaldeasturias","twitter:card":"summary_large_image","twitter:title":"Willie M\u00e1rquez presenta su nuevo proyecto art\u00edstico en Ibiza - El Digital de Asturias","twitter:description":"El artista Willie M\u00e1rquez presenta hoy en el Nobu Hotel Ibiza Bay su nuevo proyecto art\u00edstico. M\u00e1rquez ha sido el encargado de intervenir en la decoraci\u00f3n de las habitaciones del hotel con su particular obra art\u00edstica. De esta forma, el artista se convierte en uno de los pintores de cabecera de este nuevo establecimiento tur\u00edstico","twitter:image":"https:\/\/www.eldigitaldeasturias.com\/noticias\/wp-content\/uploads\/2020\/12\/EDA-1.jpg","twitter:label1":"Escrito por","twitter:data1":"El Digital de Asturias","twitter:label2":"Tiempo de lectura estimado","twitter:data2":"2 minutos"},"aioseo_meta_data":{"post_id":"949065","title":null,"description":null,"keywords":null,"keyphrases":null,"primary_term":null,"canonical_url":null,"og_title":null,"og_description":null,"og_object_type":"default","og_image_type":"default","og_image_url":null,"og_image_width":null,"og_image_height":null,"og_image_custom_url":null,"og_image_custom_fields":null,"og_video":null,"og_custom_url":null,"og_article_section":null,"og_article_tags":null,"twitter_use_og":false,"twitter_card":"default","twitter_image_type":"default","twitter_image_url":null,"twitter_image_custom_url":null,"twitter_image_custom_fields":null,"twitter_title":null,"twitter_description":null,"schema":{"blockGraphs":[],"customGraphs":[],"default":{"data":{"Article":[],"Course":[],"Dataset":[],"FAQPage":[],"Movie":[],"Person":[],"Product":[],"ProductReview":[],"Car":[],"Recipe":[],"Service":[],"SoftwareApplication":[],"WebPage":[]},"graphName":"","isEnabled":true},"graphs":[],"defaultGraph":"","defaultPostTypeGraph":""},"schema_type":null,"schema_type_options":null,"pillar_content":false,"robots_default":true,"robots_noindex":false,"robots_noarchive":false,"robots_nosnippet":false,"robots_nofollow":false,"robots_noimageindex":false,"robots_noodp":false,"robots_notranslate":false,"robots_max_snippet":null,"robots_max_videopreview":null,"robots_max_imagepreview":"large","priority":null,"frequency":null,"local_seo":null,"seo_analyzer_scan_date":"2025-12-05 11:03:23","breadcrumb_settings":null,"limit_modified_date":false,"open_ai":null,"ai":null,"created":"2020-12-21 13:02:39","updated":"2025-12-05 11:03:23","focus_keyword":null,"additional_keywords":null,"truseo_locale":null},"aioseo_breadcrumb":"<div class=\"aioseo-breadcrumbs\"><span class=\"aioseo-breadcrumb\">\n\t<a href=\"https:\/\/www.eldigitaldeasturias.com\/noticias\" title=\"Home\">Home<\/a>\n<\/span><span class=\"aioseo-breadcrumb-separator\">\u2013<\/span><span class=\"aioseo-breadcrumb\">\n\t<a href=\"https:\/\/www.eldigitaldeasturias.com\/noticias\/category\/actualidad\/\" title=\"Actualidad\">Actualidad<\/a>\n<\/span><span class=\"aioseo-breadcrumb-separator\">\u2013<\/span><span class=\"aioseo-breadcrumb\">\n\t<a href=\"https:\/\/www.eldigitaldeasturias.com\/noticias\/willie-marquez-presenta-su-nuevo-proyecto-artistico-en-ibiza\/\" title=\"Willie M\u00e1rquez presenta su nuevo proyecto art\u00edstico en Ibiza\">Willie M\u00e1rquez presenta su nuevo proyecto art\u00edstico en Ibiza<\/a>\n<\/span><\/div>","aioseo_breadcrumb_json":[{"label":"Home","link":"https:\/\/www.eldigitaldeasturias.com\/noticias"},{"label":"Actualidad","link":"https:\/\/www.eldigitaldeasturias.com\/noticias\/category\/actualidad\/"},{"label":"Willie M\u00e1rquez presenta su nuevo proyecto art\u00edstico en Ibiza","link":"https:\/\/www.eldigitaldeasturias.com\/noticias\/willie-marquez-presenta-su-nuevo-proyecto-artistico-en-ibiza\/"}],"_links":{"self":[{"href":"https:\/\/www.eldigitaldeasturias.com\/noticias\/wp-json\/wp\/v2\/posts\/949065","targetHints":{"allow":["GET"]}}],"collection":[{"href":"https:\/\/www.eldigitaldeasturias.com\/noticias\/wp-json\/wp\/v2\/posts"}],"about":[{"href":"https:\/\/www.eldigitaldeasturias.com\/noticias\/wp-json\/wp\/v2\/types\/post"}],"author":[{"embeddable":true,"href":"https:\/\/www.eldigitaldeasturias.com\/noticias\/wp-json\/wp\/v2\/users\/1"}],"replies":[{"embeddable":true,"href":"https:\/\/www.eldigitaldeasturias.com\/noticias\/wp-json\/wp\/v2\/comments?post=949065"}],"version-history":[{"count":0,"href":"https:\/\/www.eldigitaldeasturias.com\/noticias\/wp-json\/wp\/v2\/posts\/949065\/revisions"}],"wp:attachment":[{"href":"https:\/\/www.eldigitaldeasturias.com\/noticias\/wp-json\/wp\/v2\/media?parent=949065"}],"wp:term":[{"taxonomy":"category","embeddable":true,"href":"https:\/\/www.eldigitaldeasturias.com\/noticias\/wp-json\/wp\/v2\/categories?post=949065"},{"taxonomy":"post_tag","embeddable":true,"href":"https:\/\/www.eldigitaldeasturias.com\/noticias\/wp-json\/wp\/v2\/tags?post=949065"}],"curies":[{"name":"wp","href":"https:\/\/api.w.org\/{rel}","templated":true}]}}