{"id":949047,"date":"2017-08-07T21:14:42","date_gmt":"2017-08-07T21:14:42","guid":{"rendered":"http:\/\/www.eldigitaldeasturias.com\/noticias\/?p=949047"},"modified":"2017-08-07T21:14:42","modified_gmt":"2017-08-07T21:14:42","slug":"andalucia-abona-el-ultimo-pago-de-la-beca-segunda-oportunidad","status":"publish","type":"post","link":"https:\/\/www.eldigitaldeasturias.com\/noticias\/andalucia-abona-el-ultimo-pago-de-la-beca-segunda-oportunidad\/","title":{"rendered":"Andaluc\u00eda abona el \u00faltimo pago de la Beca Segunda Oportunidad"},"content":{"rendered":"<p><img loading=\"lazy\" decoding=\"async\" class=\"alignleft size-full wp-image-949048\" src=\"https:\/\/www.eldigitaldeasturias.com\/noticias\/wp-content\/uploads\/2017\/08\/1502109313415.jpg\" alt=\"\" width=\"312\" height=\"190\" \/>La Consejer\u00eda de Educaci\u00f3n ha publicado la resoluci\u00f3n definitiva de la Beca Segunda Oportunidad (BASO) para el curso 2016\/17, dirigida a facilitar la reincorporaci\u00f3n de los j\u00f3venes que en su d\u00eda abandonaron el sistema educativo sin titulaci\u00f3n.<\/p>\n<p>De esta manera, la Consejer\u00eda cumple con el compromiso de abonar estas ayudas financiadas con fondos auton\u00f3micos en plazo e, incluso, ha adelantado en varios meses los pagos, mientras que el Ministerio de Educaci\u00f3n, Cultura y Deporte sigue sin transferir el pago de la beca general, a pesar de que el Ministerio dispone de toda la documentaci\u00f3n requerida.<\/p>\n<p>Educaci\u00f3n pide que en pol\u00edticas de becas el Gobierno de la Naci\u00f3n \u00abtome nota de la gesti\u00f3n de la Junta\u00bb, ya que el Ejecutivo andaluz incrementa las cuant\u00edas para las becas auton\u00f3micas mientras que el presupuesto del Ministerio para estas partidas ha descendido en 52 millones menos que el a\u00f1o pasado en las becas generales y tres millones menos para las becas de Educaci\u00f3n Especial.<\/p>\n<p>Asimismo, las becas y ayudas al estudio son una prioridad de la Consejer\u00eda de Educaci\u00f3n ya que posibilitan un refuerzo a la equidad y garant\u00eda de igualdad de oportunidades para el sistema educativo andaluz.<\/p>\n<p><strong>BASO<\/strong><\/p>\n<p>Esta ayuda tiene como prop\u00f3sito fundamental fomentar los principios de equidad e igualdad de oportunidades, de forma que la beca act\u00fae como correctora de las desigualdades socioecon\u00f3micas y faciliten el desarrollo educativo de los estudiantes independientemente de su situaci\u00f3n familiar.<\/p>\n<p>La finalidad de la BASO es dar una segunda oportunidad a los j\u00f3venes de entre 18 y 24 a\u00f1os que abandonaron su formaci\u00f3n, para que puedan completar sus estudios de ESO, Bachillerato o ciclos formativos de Grado Medio o de Artes pl\u00e1sticas y Dise\u00f1o, facilitando la obtenci\u00f3n de una titulaci\u00f3n. Los estudiantes que quieran acceder a estas ayudas deben participar en la convocatoria general de becas del Ministerio de Educaci\u00f3n, Cultura y Deporte y adjuntar una copia de la solicitud a la convocatoria andaluza.<\/p>\n<p>Los interesados pueden consultar el estado de su solicitud tanto en las delegaciones territoriales de Educaci\u00f3n como a trav\u00e9s de la p\u00e1gina web de la Consejer\u00eda.<\/p>\n<p><strong>Resoluci\u00f3n provisional Beca 6000<\/strong><\/p>\n<p>La Consejer\u00eda de Educaci\u00f3n ha publicado tambi\u00e9n la resoluci\u00f3n provisional de la Beca 6000 para el curso 2016\/17, dirigida a incentivar la permanencia en el sistema educativo del alumnado tras los estudios obligatorios. La Consejer\u00eda ha destinado este curso 27 millones a la Beca 6000, que tiene como objetivo evitar el abandono educativo temprano y facilitar la continuidad en sus estudios del alumnado de Bachillerato y ciclos formativos de Grado Medio.<\/p>\n<p>De esta forma, los estudiantes de familias con rentas bajas que terminen la ense\u00f1anza obligatoria percibir\u00e1n 6.000 euros por curso para que puedan seguir sus formaci\u00f3n. Se trata de la ayuda al estudio de ense\u00f1anzas posobligatorias de mayor cuant\u00eda de todo el territorio nacional.<\/p>\n<p>Los estudiantes que quieran acceder a la Beca 6000 deber\u00e1n haber participado en la convocatoria general de ayudas del Ministerio de Educaci\u00f3n. La beca est\u00e1 ligada asimismo al esfuerzo acad\u00e9mico y a la superaci\u00f3n de todas las asignaturas.<\/p>\n<p>&nbsp;<\/p>\n","protected":false},"excerpt":{"rendered":"<p>La Consejer\u00eda de Educaci\u00f3n ha publicado la resoluci\u00f3n definitiva de la Beca Segunda Oportunidad (BASO) para el curso 2016\/17, dirigida a facilitar la reincorporaci\u00f3n de los j\u00f3venes que en su d\u00eda abandonaron el sistema educativo sin titulaci\u00f3n. De esta manera, la Consejer\u00eda cumple con el compromiso de abonar estas ayudas financiadas con fondos auton\u00f3micos en [&hellip;]<\/p>\n","protected":false},"author":1,"featured_media":949048,"comment_status":"closed","ping_status":"closed","sticky":false,"template":"","format":"standard","meta":{"footnotes":""},"categories":[1],"tags":[],"class_list":["post-949047","post","type-post","status-publish","format-standard","has-post-thumbnail","hentry","category-actualidad"],"aioseo_notices":[],"aioseo_head":"\n\t\t<!-- All in One SEO Pro 5.0.1 - aioseo.com -->\n\t<meta name=\"description\" content=\"La Consejer\u00eda de Educaci\u00f3n ha publicado la resoluci\u00f3n definitiva de la Beca Segunda Oportunidad (BASO) para el curso 2016\/17, dirigida a facilitar la reincorporaci\u00f3n de los j\u00f3venes que en su d\u00eda abandonaron el sistema educativo sin titulaci\u00f3n. De esta manera, la Consejer\u00eda cumple con el compromiso de abonar estas ayudas financiadas con fondos auton\u00f3micos en\" \/>\n\t<meta name=\"robots\" content=\"max-image-preview:large\" \/>\n\t<meta name=\"author\" content=\"El Digital de Asturias\"\/>\n\t<meta name=\"google-site-verification\" content=\"UA-38556648-1\" \/>\n\t<meta name=\"msvalidate.01\" content=\"7dfe9f3f1b24437ab69f4f2559babe99\" \/>\n\t<meta name=\"keywords\" content=\"actualidad\" \/>\n\t<link rel=\"canonical\" href=\"https:\/\/www.eldigitaldeasturias.com\/noticias\/andalucia-abona-el-ultimo-pago-de-la-beca-segunda-oportunidad\/\" \/>\n\t<meta name=\"generator\" content=\"All in One SEO Pro (AIOSEO) 5.0.1\" \/>\n\t\t<meta property=\"og:locale\" content=\"es_ES\" \/>\n\t\t<meta property=\"og:site_name\" content=\"El Digital de Asturias\" \/>\n\t\t<meta property=\"og:type\" content=\"article\" \/>\n\t\t<meta property=\"og:title\" content=\"Andaluc\u00eda abona el \u00faltimo pago de la Beca Segunda Oportunidad - El Digital de Asturias\" \/>\n\t\t<meta property=\"og:description\" content=\"La Consejer\u00eda de Educaci\u00f3n ha publicado la resoluci\u00f3n definitiva de la Beca Segunda Oportunidad (BASO) para el curso 2016\/17, dirigida a facilitar la reincorporaci\u00f3n de los j\u00f3venes que en su d\u00eda abandonaron el sistema educativo sin titulaci\u00f3n. De esta manera, la Consejer\u00eda cumple con el compromiso de abonar estas ayudas financiadas con fondos auton\u00f3micos en\" \/>\n\t\t<meta property=\"og:url\" content=\"https:\/\/www.eldigitaldeasturias.com\/noticias\/andalucia-abona-el-ultimo-pago-de-la-beca-segunda-oportunidad\/\" \/>\n\t\t<meta property=\"article:tag\" content=\"actualidad\" \/>\n\t\t<meta property=\"article:published_time\" content=\"2017-08-07T21:14:42+00:00\" \/>\n\t\t<meta property=\"article:modified_time\" content=\"2017-08-07T21:14:42+00:00\" \/>\n\t\t<meta property=\"article:publisher\" content=\"https:\/\/facebook.com\/eldigitaldeasturias\" \/>\n\t\t<meta name=\"twitter:card\" content=\"summary_large_image\" \/>\n\t\t<meta name=\"twitter:title\" content=\"Andaluc\u00eda abona el \u00faltimo pago de la Beca Segunda Oportunidad - El Digital de Asturias\" \/>\n\t\t<meta name=\"twitter:description\" content=\"La Consejer\u00eda de Educaci\u00f3n ha publicado la resoluci\u00f3n definitiva de la Beca Segunda Oportunidad (BASO) para el curso 2016\/17, dirigida a facilitar la reincorporaci\u00f3n de los j\u00f3venes que en su d\u00eda abandonaron el sistema educativo sin titulaci\u00f3n. De esta manera, la Consejer\u00eda cumple con el compromiso de abonar estas ayudas financiadas con fondos auton\u00f3micos en\" \/>\n\t\t<meta name=\"twitter:image\" content=\"https:\/\/www.eldigitaldeasturias.com\/noticias\/wp-content\/uploads\/2020\/12\/EDA-1.jpg\" \/>\n\t\t<meta name=\"twitter:label1\" content=\"Escrito por\" \/>\n\t\t<meta name=\"twitter:data1\" content=\"El Digital de Asturias\" \/>\n\t\t<meta name=\"twitter:label2\" content=\"Tiempo de lectura estimado\" \/>\n\t\t<meta name=\"twitter:data2\" content=\"3 minutos\" \/>\n\t\t<script type=\"application\/ld+json\" class=\"aioseo-schema\">\n\t\t\t{\"@context\":\"https:\\\/\\\/schema.org\",\"@graph\":[{\"@type\":\"BlogPosting\",\"@id\":\"https:\\\/\\\/www.eldigitaldeasturias.com\\\/noticias\\\/andalucia-abona-el-ultimo-pago-de-la-beca-segunda-oportunidad\\\/#blogposting\",\"name\":\"Andaluc\\u00eda abona el \\u00faltimo pago de la Beca Segunda Oportunidad - El Digital de Asturias\",\"headline\":\"Andaluc\\u00eda abona el \\u00faltimo pago de la Beca Segunda Oportunidad\",\"author\":{\"@id\":\"https:\\\/\\\/www.eldigitaldeasturias.com\\\/noticias\\\/author\\\/admin\\\/#author\"},\"publisher\":{\"@id\":\"https:\\\/\\\/www.eldigitaldeasturias.com\\\/noticias\\\/#organization\"},\"image\":{\"@type\":\"ImageObject\",\"url\":949048},\"datePublished\":\"2017-08-07T21:14:42+02:00\",\"dateModified\":\"2017-08-07T21:14:42+02:00\",\"inLanguage\":\"es-ES\",\"mainEntityOfPage\":{\"@id\":\"https:\\\/\\\/www.eldigitaldeasturias.com\\\/noticias\\\/andalucia-abona-el-ultimo-pago-de-la-beca-segunda-oportunidad\\\/#webpage\"},\"isPartOf\":{\"@id\":\"https:\\\/\\\/www.eldigitaldeasturias.com\\\/noticias\\\/andalucia-abona-el-ultimo-pago-de-la-beca-segunda-oportunidad\\\/#webpage\"},\"articleSection\":\"Actualidad\"},{\"@type\":\"BreadcrumbList\",\"@id\":\"https:\\\/\\\/www.eldigitaldeasturias.com\\\/noticias\\\/andalucia-abona-el-ultimo-pago-de-la-beca-segunda-oportunidad\\\/#breadcrumblist\",\"itemListElement\":[{\"@type\":\"ListItem\",\"@id\":\"https:\\\/\\\/www.eldigitaldeasturias.com\\\/noticias#listItem\",\"position\":1,\"name\":\"Home\",\"item\":\"https:\\\/\\\/www.eldigitaldeasturias.com\\\/noticias\",\"nextItem\":{\"@type\":\"ListItem\",\"@id\":\"https:\\\/\\\/www.eldigitaldeasturias.com\\\/noticias\\\/category\\\/actualidad\\\/#listItem\",\"name\":\"Actualidad\"}},{\"@type\":\"ListItem\",\"@id\":\"https:\\\/\\\/www.eldigitaldeasturias.com\\\/noticias\\\/category\\\/actualidad\\\/#listItem\",\"position\":2,\"name\":\"Actualidad\",\"item\":\"https:\\\/\\\/www.eldigitaldeasturias.com\\\/noticias\\\/category\\\/actualidad\\\/\",\"nextItem\":{\"@type\":\"ListItem\",\"@id\":\"https:\\\/\\\/www.eldigitaldeasturias.com\\\/noticias\\\/andalucia-abona-el-ultimo-pago-de-la-beca-segunda-oportunidad\\\/#listItem\",\"name\":\"Andaluc\\u00eda abona el \\u00faltimo pago de la Beca Segunda Oportunidad\"},\"previousItem\":{\"@type\":\"ListItem\",\"@id\":\"https:\\\/\\\/www.eldigitaldeasturias.com\\\/noticias#listItem\",\"name\":\"Home\"}},{\"@type\":\"ListItem\",\"@id\":\"https:\\\/\\\/www.eldigitaldeasturias.com\\\/noticias\\\/andalucia-abona-el-ultimo-pago-de-la-beca-segunda-oportunidad\\\/#listItem\",\"position\":3,\"name\":\"Andaluc\\u00eda abona el \\u00faltimo pago de la Beca Segunda Oportunidad\",\"previousItem\":{\"@type\":\"ListItem\",\"@id\":\"https:\\\/\\\/www.eldigitaldeasturias.com\\\/noticias\\\/category\\\/actualidad\\\/#listItem\",\"name\":\"Actualidad\"}}]},{\"@type\":\"Organization\",\"@id\":\"https:\\\/\\\/www.eldigitaldeasturias.com\\\/noticias\\\/#organization\",\"name\":\"El Digital de Asturias\",\"description\":\"Hemeroteca\",\"url\":\"https:\\\/\\\/www.eldigitaldeasturias.com\\\/noticias\\\/\",\"email\":\"info@eldigitaldeasturias.com\",\"telephone\":\"+34652131393\",\"logo\":{\"@type\":\"ImageObject\",\"url\":\"https:\\\/\\\/www.eldigitaldeasturias.com\\\/noticias\\\/wp-content\\\/uploads\\\/2020\\\/12\\\/EDA.jpg\",\"@id\":\"https:\\\/\\\/www.eldigitaldeasturias.com\\\/noticias\\\/andalucia-abona-el-ultimo-pago-de-la-beca-segunda-oportunidad\\\/#organizationLogo\"},\"image\":{\"@id\":\"https:\\\/\\\/www.eldigitaldeasturias.com\\\/noticias\\\/andalucia-abona-el-ultimo-pago-de-la-beca-segunda-oportunidad\\\/#organizationLogo\"},\"sameAs\":[\"https:\\\/\\\/facebook.com\\\/eldigitaldeasturias\",\"https:\\\/\\\/www.youtube.com\\\/channel\\\/UCZP-2wLEB9Rv6erhFmqVnvg\"],\"address\":{\"@id\":\"https:\\\/\\\/www.eldigitaldeasturias.com\\\/noticias\\\/#postaladdress\",\"@type\":\"PostalAddress\",\"streetAddress\":\"san antonio 4\",\"postalCode\":\"33430\",\"addressLocality\":\"Cand\\u00e1s\",\"addressRegion\":\"Asturias\",\"addressCountry\":\"ES\"}},{\"@type\":\"Person\",\"@id\":\"https:\\\/\\\/www.eldigitaldeasturias.com\\\/noticias\\\/author\\\/admin\\\/#author\",\"url\":\"https:\\\/\\\/www.eldigitaldeasturias.com\\\/noticias\\\/author\\\/admin\\\/\",\"name\":\"El Digital de Asturias\",\"image\":{\"@type\":\"ImageObject\",\"@id\":\"https:\\\/\\\/www.eldigitaldeasturias.com\\\/noticias\\\/andalucia-abona-el-ultimo-pago-de-la-beca-segunda-oportunidad\\\/#authorImage\",\"url\":\"https:\\\/\\\/secure.gravatar.com\\\/avatar\\\/df2aeffc32bcd13f8d26072ef8a91b623d677766deac7f97ca815868cd41bf5e?s=96&d=mm&r=g\",\"width\":96,\"height\":96,\"caption\":\"El Digital de Asturias\"}},{\"@type\":\"WebPage\",\"@id\":\"https:\\\/\\\/www.eldigitaldeasturias.com\\\/noticias\\\/andalucia-abona-el-ultimo-pago-de-la-beca-segunda-oportunidad\\\/#webpage\",\"url\":\"https:\\\/\\\/www.eldigitaldeasturias.com\\\/noticias\\\/andalucia-abona-el-ultimo-pago-de-la-beca-segunda-oportunidad\\\/\",\"name\":\"Andaluc\\u00eda abona el \\u00faltimo pago de la Beca Segunda Oportunidad - El Digital de Asturias\",\"description\":\"La Consejer\\u00eda de Educaci\\u00f3n ha publicado la resoluci\\u00f3n definitiva de la Beca Segunda Oportunidad (BASO) para el curso 2016\\\/17, dirigida a facilitar la reincorporaci\\u00f3n de los j\\u00f3venes que en su d\\u00eda abandonaron el sistema educativo sin titulaci\\u00f3n. De esta manera, la Consejer\\u00eda cumple con el compromiso de abonar estas ayudas financiadas con fondos auton\\u00f3micos en\",\"inLanguage\":\"es-ES\",\"isPartOf\":{\"@id\":\"https:\\\/\\\/www.eldigitaldeasturias.com\\\/noticias\\\/#website\"},\"breadcrumb\":{\"@id\":\"https:\\\/\\\/www.eldigitaldeasturias.com\\\/noticias\\\/andalucia-abona-el-ultimo-pago-de-la-beca-segunda-oportunidad\\\/#breadcrumblist\"},\"author\":{\"@id\":\"https:\\\/\\\/www.eldigitaldeasturias.com\\\/noticias\\\/author\\\/admin\\\/#author\"},\"creator\":{\"@id\":\"https:\\\/\\\/www.eldigitaldeasturias.com\\\/noticias\\\/author\\\/admin\\\/#author\"},\"image\":{\"@type\":\"ImageObject\",\"url\":949048,\"@id\":\"https:\\\/\\\/www.eldigitaldeasturias.com\\\/noticias\\\/andalucia-abona-el-ultimo-pago-de-la-beca-segunda-oportunidad\\\/#mainImage\"},\"primaryImageOfPage\":{\"@id\":\"https:\\\/\\\/www.eldigitaldeasturias.com\\\/noticias\\\/andalucia-abona-el-ultimo-pago-de-la-beca-segunda-oportunidad\\\/#mainImage\"},\"datePublished\":\"2017-08-07T21:14:42+02:00\",\"dateModified\":\"2017-08-07T21:14:42+02:00\"},{\"@type\":\"WebSite\",\"@id\":\"https:\\\/\\\/www.eldigitaldeasturias.com\\\/noticias\\\/#website\",\"url\":\"https:\\\/\\\/www.eldigitaldeasturias.com\\\/noticias\\\/\",\"name\":\"El Digital de Asturias - Diario de actualidad y noticias\",\"alternateName\":\"El Digital de Asturias - Diario de actualidad y noticias\",\"description\":\"Hemeroteca\",\"inLanguage\":\"es-ES\",\"publisher\":{\"@id\":\"https:\\\/\\\/www.eldigitaldeasturias.com\\\/noticias\\\/#organization\"}}]}\n\t\t<\/script>\n\t\t<!-- All in One SEO Pro -->\r\n\t\t<title>Andaluc\u00eda abona el \u00faltimo pago de la Beca Segunda Oportunidad - El Digital de Asturias<\/title>\n\n","aioseo_head_json":{"title":"Andaluc\u00eda abona el \u00faltimo pago de la Beca Segunda Oportunidad - El Digital de Asturias","description":"La Consejer\u00eda de Educaci\u00f3n ha publicado la resoluci\u00f3n definitiva de la Beca Segunda Oportunidad (BASO) para el curso 2016\/17, dirigida a facilitar la reincorporaci\u00f3n de los j\u00f3venes que en su d\u00eda abandonaron el sistema educativo sin titulaci\u00f3n. De esta manera, la Consejer\u00eda cumple con el compromiso de abonar estas ayudas financiadas con fondos auton\u00f3micos en","canonical_url":"https:\/\/www.eldigitaldeasturias.com\/noticias\/andalucia-abona-el-ultimo-pago-de-la-beca-segunda-oportunidad\/","robots":"max-image-preview:large","keywords":"actualidad","webmasterTools":{"google-site-verification":"UA-38556648-1","msvalidate.01":"7dfe9f3f1b24437ab69f4f2559babe99","miscellaneous":""},"schema":{"@context":"https:\/\/schema.org","@graph":[{"@type":"BlogPosting","@id":"https:\/\/www.eldigitaldeasturias.com\/noticias\/andalucia-abona-el-ultimo-pago-de-la-beca-segunda-oportunidad\/#blogposting","name":"Andaluc\u00eda abona el \u00faltimo pago de la Beca Segunda Oportunidad - El Digital de Asturias","headline":"Andaluc\u00eda abona el \u00faltimo pago de la Beca Segunda Oportunidad","author":{"@id":"https:\/\/www.eldigitaldeasturias.com\/noticias\/author\/admin\/#author"},"publisher":{"@id":"https:\/\/www.eldigitaldeasturias.com\/noticias\/#organization"},"image":{"@type":"ImageObject","url":949048},"datePublished":"2017-08-07T21:14:42+02:00","dateModified":"2017-08-07T21:14:42+02:00","inLanguage":"es-ES","mainEntityOfPage":{"@id":"https:\/\/www.eldigitaldeasturias.com\/noticias\/andalucia-abona-el-ultimo-pago-de-la-beca-segunda-oportunidad\/#webpage"},"isPartOf":{"@id":"https:\/\/www.eldigitaldeasturias.com\/noticias\/andalucia-abona-el-ultimo-pago-de-la-beca-segunda-oportunidad\/#webpage"},"articleSection":"Actualidad"},{"@type":"BreadcrumbList","@id":"https:\/\/www.eldigitaldeasturias.com\/noticias\/andalucia-abona-el-ultimo-pago-de-la-beca-segunda-oportunidad\/#breadcrumblist","itemListElement":[{"@type":"ListItem","@id":"https:\/\/www.eldigitaldeasturias.com\/noticias#listItem","position":1,"name":"Home","item":"https:\/\/www.eldigitaldeasturias.com\/noticias","nextItem":{"@type":"ListItem","@id":"https:\/\/www.eldigitaldeasturias.com\/noticias\/category\/actualidad\/#listItem","name":"Actualidad"}},{"@type":"ListItem","@id":"https:\/\/www.eldigitaldeasturias.com\/noticias\/category\/actualidad\/#listItem","position":2,"name":"Actualidad","item":"https:\/\/www.eldigitaldeasturias.com\/noticias\/category\/actualidad\/","nextItem":{"@type":"ListItem","@id":"https:\/\/www.eldigitaldeasturias.com\/noticias\/andalucia-abona-el-ultimo-pago-de-la-beca-segunda-oportunidad\/#listItem","name":"Andaluc\u00eda abona el \u00faltimo pago de la Beca Segunda Oportunidad"},"previousItem":{"@type":"ListItem","@id":"https:\/\/www.eldigitaldeasturias.com\/noticias#listItem","name":"Home"}},{"@type":"ListItem","@id":"https:\/\/www.eldigitaldeasturias.com\/noticias\/andalucia-abona-el-ultimo-pago-de-la-beca-segunda-oportunidad\/#listItem","position":3,"name":"Andaluc\u00eda abona el \u00faltimo pago de la Beca Segunda Oportunidad","previousItem":{"@type":"ListItem","@id":"https:\/\/www.eldigitaldeasturias.com\/noticias\/category\/actualidad\/#listItem","name":"Actualidad"}}]},{"@type":"Organization","@id":"https:\/\/www.eldigitaldeasturias.com\/noticias\/#organization","name":"El Digital de Asturias","description":"Hemeroteca","url":"https:\/\/www.eldigitaldeasturias.com\/noticias\/","email":"info@eldigitaldeasturias.com","telephone":"+34652131393","logo":{"@type":"ImageObject","url":"https:\/\/www.eldigitaldeasturias.com\/noticias\/wp-content\/uploads\/2020\/12\/EDA.jpg","@id":"https:\/\/www.eldigitaldeasturias.com\/noticias\/andalucia-abona-el-ultimo-pago-de-la-beca-segunda-oportunidad\/#organizationLogo"},"image":{"@id":"https:\/\/www.eldigitaldeasturias.com\/noticias\/andalucia-abona-el-ultimo-pago-de-la-beca-segunda-oportunidad\/#organizationLogo"},"sameAs":["https:\/\/facebook.com\/eldigitaldeasturias","https:\/\/www.youtube.com\/channel\/UCZP-2wLEB9Rv6erhFmqVnvg"],"address":{"@id":"https:\/\/www.eldigitaldeasturias.com\/noticias\/#postaladdress","@type":"PostalAddress","streetAddress":"san antonio 4","postalCode":"33430","addressLocality":"Cand\u00e1s","addressRegion":"Asturias","addressCountry":"ES"}},{"@type":"Person","@id":"https:\/\/www.eldigitaldeasturias.com\/noticias\/author\/admin\/#author","url":"https:\/\/www.eldigitaldeasturias.com\/noticias\/author\/admin\/","name":"El Digital de Asturias","image":{"@type":"ImageObject","@id":"https:\/\/www.eldigitaldeasturias.com\/noticias\/andalucia-abona-el-ultimo-pago-de-la-beca-segunda-oportunidad\/#authorImage","url":"https:\/\/secure.gravatar.com\/avatar\/df2aeffc32bcd13f8d26072ef8a91b623d677766deac7f97ca815868cd41bf5e?s=96&d=mm&r=g","width":96,"height":96,"caption":"El Digital de Asturias"}},{"@type":"WebPage","@id":"https:\/\/www.eldigitaldeasturias.com\/noticias\/andalucia-abona-el-ultimo-pago-de-la-beca-segunda-oportunidad\/#webpage","url":"https:\/\/www.eldigitaldeasturias.com\/noticias\/andalucia-abona-el-ultimo-pago-de-la-beca-segunda-oportunidad\/","name":"Andaluc\u00eda abona el \u00faltimo pago de la Beca Segunda Oportunidad - El Digital de Asturias","description":"La Consejer\u00eda de Educaci\u00f3n ha publicado la resoluci\u00f3n definitiva de la Beca Segunda Oportunidad (BASO) para el curso 2016\/17, dirigida a facilitar la reincorporaci\u00f3n de los j\u00f3venes que en su d\u00eda abandonaron el sistema educativo sin titulaci\u00f3n. De esta manera, la Consejer\u00eda cumple con el compromiso de abonar estas ayudas financiadas con fondos auton\u00f3micos en","inLanguage":"es-ES","isPartOf":{"@id":"https:\/\/www.eldigitaldeasturias.com\/noticias\/#website"},"breadcrumb":{"@id":"https:\/\/www.eldigitaldeasturias.com\/noticias\/andalucia-abona-el-ultimo-pago-de-la-beca-segunda-oportunidad\/#breadcrumblist"},"author":{"@id":"https:\/\/www.eldigitaldeasturias.com\/noticias\/author\/admin\/#author"},"creator":{"@id":"https:\/\/www.eldigitaldeasturias.com\/noticias\/author\/admin\/#author"},"image":{"@type":"ImageObject","url":949048,"@id":"https:\/\/www.eldigitaldeasturias.com\/noticias\/andalucia-abona-el-ultimo-pago-de-la-beca-segunda-oportunidad\/#mainImage"},"primaryImageOfPage":{"@id":"https:\/\/www.eldigitaldeasturias.com\/noticias\/andalucia-abona-el-ultimo-pago-de-la-beca-segunda-oportunidad\/#mainImage"},"datePublished":"2017-08-07T21:14:42+02:00","dateModified":"2017-08-07T21:14:42+02:00"},{"@type":"WebSite","@id":"https:\/\/www.eldigitaldeasturias.com\/noticias\/#website","url":"https:\/\/www.eldigitaldeasturias.com\/noticias\/","name":"El Digital de Asturias - Diario de actualidad y noticias","alternateName":"El Digital de Asturias - Diario de actualidad y noticias","description":"Hemeroteca","inLanguage":"es-ES","publisher":{"@id":"https:\/\/www.eldigitaldeasturias.com\/noticias\/#organization"}}]},"og:locale":"es_ES","og:site_name":"El Digital de Asturias","og:type":"article","og:title":"Andaluc\u00eda abona el \u00faltimo pago de la Beca Segunda Oportunidad - El Digital de Asturias","og:description":"La Consejer\u00eda de Educaci\u00f3n ha publicado la resoluci\u00f3n definitiva de la Beca Segunda Oportunidad (BASO) para el curso 2016\/17, dirigida a facilitar la reincorporaci\u00f3n de los j\u00f3venes que en su d\u00eda abandonaron el sistema educativo sin titulaci\u00f3n. De esta manera, la Consejer\u00eda cumple con el compromiso de abonar estas ayudas financiadas con fondos auton\u00f3micos en","og:url":"https:\/\/www.eldigitaldeasturias.com\/noticias\/andalucia-abona-el-ultimo-pago-de-la-beca-segunda-oportunidad\/","article:tag":["actualidad"],"article:published_time":"2017-08-07T21:14:42+00:00","article:modified_time":"2017-08-07T21:14:42+00:00","article:publisher":"https:\/\/facebook.com\/eldigitaldeasturias","twitter:card":"summary_large_image","twitter:title":"Andaluc\u00eda abona el \u00faltimo pago de la Beca Segunda Oportunidad - El Digital de Asturias","twitter:description":"La Consejer\u00eda de Educaci\u00f3n ha publicado la resoluci\u00f3n definitiva de la Beca Segunda Oportunidad (BASO) para el curso 2016\/17, dirigida a facilitar la reincorporaci\u00f3n de los j\u00f3venes que en su d\u00eda abandonaron el sistema educativo sin titulaci\u00f3n. De esta manera, la Consejer\u00eda cumple con el compromiso de abonar estas ayudas financiadas con fondos auton\u00f3micos en","twitter:image":"https:\/\/www.eldigitaldeasturias.com\/noticias\/wp-content\/uploads\/2020\/12\/EDA-1.jpg","twitter:label1":"Escrito por","twitter:data1":"El Digital de Asturias","twitter:label2":"Tiempo de lectura estimado","twitter:data2":"3 minutos"},"aioseo_meta_data":{"post_id":"949047","title":null,"description":null,"keywords":null,"keyphrases":null,"primary_term":null,"canonical_url":null,"og_title":null,"og_description":null,"og_object_type":"default","og_image_type":"default","og_image_url":null,"og_image_width":null,"og_image_height":null,"og_image_custom_url":null,"og_image_custom_fields":null,"og_video":null,"og_custom_url":null,"og_article_section":null,"og_article_tags":null,"twitter_use_og":false,"twitter_card":"default","twitter_image_type":"default","twitter_image_url":null,"twitter_image_custom_url":null,"twitter_image_custom_fields":null,"twitter_title":null,"twitter_description":null,"schema":{"blockGraphs":[],"customGraphs":[],"default":{"data":{"Article":[],"Course":[],"Dataset":[],"FAQPage":[],"Movie":[],"Person":[],"Product":[],"ProductReview":[],"Car":[],"Recipe":[],"Service":[],"SoftwareApplication":[],"WebPage":[]},"graphName":"","isEnabled":true},"graphs":[],"defaultGraph":"","defaultPostTypeGraph":""},"schema_type":null,"schema_type_options":null,"pillar_content":false,"robots_default":true,"robots_noindex":false,"robots_noarchive":false,"robots_nosnippet":false,"robots_nofollow":false,"robots_noimageindex":false,"robots_noodp":false,"robots_notranslate":false,"robots_max_snippet":null,"robots_max_videopreview":null,"robots_max_imagepreview":"large","priority":null,"frequency":null,"local_seo":null,"seo_analyzer_scan_date":"2025-12-05 10:57:44","breadcrumb_settings":null,"limit_modified_date":false,"open_ai":null,"ai":null,"created":"2020-12-21 13:03:36","updated":"2025-12-05 10:57:44","focus_keyword":null,"additional_keywords":null,"truseo_locale":null},"aioseo_breadcrumb":"<div class=\"aioseo-breadcrumbs\"><span class=\"aioseo-breadcrumb\">\n\t<a href=\"https:\/\/www.eldigitaldeasturias.com\/noticias\" title=\"Home\">Home<\/a>\n<\/span><span class=\"aioseo-breadcrumb-separator\">\u2013<\/span><span class=\"aioseo-breadcrumb\">\n\t<a href=\"https:\/\/www.eldigitaldeasturias.com\/noticias\/category\/actualidad\/\" title=\"Actualidad\">Actualidad<\/a>\n<\/span><span class=\"aioseo-breadcrumb-separator\">\u2013<\/span><span class=\"aioseo-breadcrumb\">\n\t<a href=\"https:\/\/www.eldigitaldeasturias.com\/noticias\/andalucia-abona-el-ultimo-pago-de-la-beca-segunda-oportunidad\/\" title=\"Andaluc\u00eda abona el \u00faltimo pago de la Beca Segunda Oportunidad\">Andaluc\u00eda abona el \u00faltimo pago de la Beca Segunda Oportunidad<\/a>\n<\/span><\/div>","aioseo_breadcrumb_json":[{"label":"Home","link":"https:\/\/www.eldigitaldeasturias.com\/noticias"},{"label":"Actualidad","link":"https:\/\/www.eldigitaldeasturias.com\/noticias\/category\/actualidad\/"},{"label":"Andaluc\u00eda abona el \u00faltimo pago de la Beca Segunda Oportunidad","link":"https:\/\/www.eldigitaldeasturias.com\/noticias\/andalucia-abona-el-ultimo-pago-de-la-beca-segunda-oportunidad\/"}],"_links":{"self":[{"href":"https:\/\/www.eldigitaldeasturias.com\/noticias\/wp-json\/wp\/v2\/posts\/949047","targetHints":{"allow":["GET"]}}],"collection":[{"href":"https:\/\/www.eldigitaldeasturias.com\/noticias\/wp-json\/wp\/v2\/posts"}],"about":[{"href":"https:\/\/www.eldigitaldeasturias.com\/noticias\/wp-json\/wp\/v2\/types\/post"}],"author":[{"embeddable":true,"href":"https:\/\/www.eldigitaldeasturias.com\/noticias\/wp-json\/wp\/v2\/users\/1"}],"replies":[{"embeddable":true,"href":"https:\/\/www.eldigitaldeasturias.com\/noticias\/wp-json\/wp\/v2\/comments?post=949047"}],"version-history":[{"count":0,"href":"https:\/\/www.eldigitaldeasturias.com\/noticias\/wp-json\/wp\/v2\/posts\/949047\/revisions"}],"wp:attachment":[{"href":"https:\/\/www.eldigitaldeasturias.com\/noticias\/wp-json\/wp\/v2\/media?parent=949047"}],"wp:term":[{"taxonomy":"category","embeddable":true,"href":"https:\/\/www.eldigitaldeasturias.com\/noticias\/wp-json\/wp\/v2\/categories?post=949047"},{"taxonomy":"post_tag","embeddable":true,"href":"https:\/\/www.eldigitaldeasturias.com\/noticias\/wp-json\/wp\/v2\/tags?post=949047"}],"curies":[{"name":"wp","href":"https:\/\/api.w.org\/{rel}","templated":true}]}}