{"id":949042,"date":"2017-08-07T20:44:01","date_gmt":"2017-08-07T20:44:01","guid":{"rendered":"http:\/\/www.eldigitaldeasturias.com\/noticias\/?p=949042"},"modified":"2017-08-07T20:44:01","modified_gmt":"2017-08-07T20:44:01","slug":"junio-y-julio-de-2017-los-mas-calurosos-en-aragon-de-los-ultimos-22-anos","status":"publish","type":"post","link":"https:\/\/www.eldigitaldeasturias.com\/noticias\/junio-y-julio-de-2017-los-mas-calurosos-en-aragon-de-los-ultimos-22-anos\/","title":{"rendered":"Junio y Julio de 2017, los m\u00e1s calurosos en Arag\u00f3n de los \u00faltimos 22 a\u00f1os"},"content":{"rendered":"<p><img loading=\"lazy\" decoding=\"async\" class=\"alignleft size-medium wp-image-949043\" src=\"https:\/\/www.eldigitaldeasturias.com\/noticias\/wp-content\/uploads\/2017\/08\/calor_295b713f-360x159.jpg\" alt=\"\" width=\"360\" height=\"159\" \/>Las tres capitales aragonesas han registrado durante junio y julio temperaturas m\u00e1ximas y m\u00ednimas por encima de la media de los \u00faltimos 22 a\u00f1os. As\u00ed se desprende del primer balance del Plan de Acci\u00f3n sobre efectos de las temperaturas extremas que coordina la Direcci\u00f3n General de Salud P\u00fablica y que se prolonga del 1 de junio al 15 de septiembre.<\/p>\n<p>Respecto a 2016, destaca un mes de junio con temperaturas mucho m\u00e1s altas y un mes de julio con temperaturas inferiores a 2016, aunque siempre por encima de la media. En cuanto a ciudades, Teruel destaca por haber tenido las desviaciones m\u00e1s pronunciadas en junio, tanto en m\u00e1ximas como en m\u00ednimas. Y, como d\u00eda particularmente caluroso, el 22 de junio se alcanz\u00f3 una temperatura m\u00e1xima en Zaragoza de 40,5 grados.<\/p>\n<p>Las temperaturas reales han superado simult\u00e1neamente los umbrales m\u00e1ximo y m\u00ednimo en seis d\u00edas en Huesca, en Teruel en nueve ocasiones y en Zaragoza en catorce. En 2016, se superaron en cuatro, seis y seis, respectivamente.<\/p>\n<p><strong>Urgencias hospitalarias<\/strong><\/p>\n<p>Respecto a las urgencias hospitalarias, entre junio y julio se han notificado 88 atenciones en urgencias hospitalarias de hospitales p\u00fablicos de todo Arag\u00f3n de patolog\u00edas relacionadas con las altas temperaturas, frente a las 61 del a\u00f1o anterior, y en 2 casos se precis\u00f3 ingreso hospitalario. Destacan las atenciones del mes de junio, que suponen el 76 % del total.<\/p>\n<p>En Huesca capital las urgencias hospitalarias han superado el umbral superior de casos atendidos en 3 semanas: a principio del periodo, del 19 a 25 de junio y del 10 al 16 de julio. En Teruel se ha superado el umbral superior en 3 semanas de mitad y final de junio y en dos semanas de julio, tambi\u00e9n a mitad y final de mes. En Zaragoza capital se han superado en 6 semanas los umbrales, estando solo dentro de los intervalos la semana del 10 a 16 de julio y del 24 al 30. Para el c\u00e1lculo de los datos esperados se han utilizado datos de los cinco a\u00f1os anteriores.<\/p>\n<p>La mortalidad general para todas las edades, seg\u00fan datos provisionales y solo de las tres capitales, se ha mantenido dentro de los intervalos esperados, con la excepci\u00f3n de la semana del 19 al 25 de junio en Zaragoza capital y del 17 al 23 de julio en Huesca y Teruel capital. En los mayores de 64 a\u00f1os, en Zaragoza capital ha sido similar respecto a todas las edades y en Huesca capital ha rebasado ligeramente el l\u00edmite superior en la semana del 19 al 25 de junio y del 3 al 9 de julio.<\/p>\n<p><strong>Un plan para prevenir<\/strong><\/p>\n<p>El Plan de acci\u00f3n para la prevenci\u00f3n de los efectos de las temperaturas extremas sobre la salud en Arag\u00f3n tiene el objetivo de prever posibles problemas para la salud de los ciudadanos relacionados con las situaciones de calor extremo. Cuenta con la colaboraci\u00f3n de varios departamentos, instituciones y organizaciones y se realiza en coordinaci\u00f3n con el Ministerio de Sanidad, Servicios Sociales e Igualdad.<\/p>\n<p>En general, las temperaturas excesivas afectan desde un punto de vista sanitario m\u00e1s a las personas mayores, ni\u00f1os y aquellas que tienen enfermedades cr\u00f3nicas. Otros factores como determinados tratamientos m\u00e9dicos, trastornos de la memoria, enfermedades agudas o consumo de alcohol u otras sustancias tambi\u00e9n se han descrito como de riesgo. Desde un punto de vista social, las personas m\u00e1s vulnerables son aquellas que tienen menos recursos (con imposibilidad de refrigerar sus viviendas o acceder a sitios refrigerados), con discapacidades, dependencia, aislamiento y marginaci\u00f3n. Tambi\u00e9n puede haber una exposici\u00f3n excesiva al calor por razones laborales, deportivas o de ocio.<\/p>\n<p>Por este motivo, es necesario planificar una serie de actuaciones de salud p\u00fablica para prevenir los posibles efectos para la salud de las temperaturas extremas. Este plan de acci\u00f3n recoge las siguientes l\u00edneas de actuaci\u00f3n: predicci\u00f3n de temperaturas; informaci\u00f3n a la poblaci\u00f3n; vigilancia de la mortalidad y morbilidad; e informaci\u00f3n, coordinaci\u00f3n y alerta de servicios sanitarios y sociales.<\/p>\n<p>&nbsp;<\/p>\n","protected":false},"excerpt":{"rendered":"<p>Las tres capitales aragonesas han registrado durante junio y julio temperaturas m\u00e1ximas y m\u00ednimas por encima de la media de los \u00faltimos 22 a\u00f1os. As\u00ed se desprende del primer balance del Plan de Acci\u00f3n sobre efectos de las temperaturas extremas que coordina la Direcci\u00f3n General de Salud P\u00fablica y que se prolonga del 1 de [&hellip;]<\/p>\n","protected":false},"author":1,"featured_media":949043,"comment_status":"closed","ping_status":"closed","sticky":false,"template":"","format":"standard","meta":{"footnotes":""},"categories":[1],"tags":[],"class_list":["post-949042","post","type-post","status-publish","format-standard","has-post-thumbnail","hentry","category-actualidad"],"aioseo_notices":[],"aioseo_head":"\n\t\t<!-- All in One SEO Pro 5.0.1 - aioseo.com -->\n\t<meta name=\"description\" content=\"Las tres capitales aragonesas han registrado durante junio y julio temperaturas m\u00e1ximas y m\u00ednimas por encima de la media de los \u00faltimos 22 a\u00f1os. As\u00ed se desprende del primer balance del Plan de Acci\u00f3n sobre efectos de las temperaturas extremas que coordina la Direcci\u00f3n General de Salud P\u00fablica y que se prolonga del 1 de\" \/>\n\t<meta name=\"robots\" content=\"max-image-preview:large\" \/>\n\t<meta name=\"author\" content=\"El Digital de Asturias\"\/>\n\t<meta name=\"google-site-verification\" content=\"UA-38556648-1\" \/>\n\t<meta name=\"msvalidate.01\" content=\"7dfe9f3f1b24437ab69f4f2559babe99\" \/>\n\t<meta name=\"keywords\" content=\"actualidad\" \/>\n\t<link rel=\"canonical\" href=\"https:\/\/www.eldigitaldeasturias.com\/noticias\/junio-y-julio-de-2017-los-mas-calurosos-en-aragon-de-los-ultimos-22-anos\/\" \/>\n\t<meta name=\"generator\" content=\"All in One SEO Pro (AIOSEO) 5.0.1\" \/>\n\t\t<meta property=\"og:locale\" content=\"es_ES\" \/>\n\t\t<meta property=\"og:site_name\" content=\"El Digital de Asturias\" \/>\n\t\t<meta property=\"og:type\" content=\"article\" \/>\n\t\t<meta property=\"og:title\" content=\"Junio y Julio de 2017, los m\u00e1s calurosos en Arag\u00f3n de los \u00faltimos 22 a\u00f1os - El Digital de Asturias\" \/>\n\t\t<meta property=\"og:description\" content=\"Las tres capitales aragonesas han registrado durante junio y julio temperaturas m\u00e1ximas y m\u00ednimas por encima de la media de los \u00faltimos 22 a\u00f1os. As\u00ed se desprende del primer balance del Plan de Acci\u00f3n sobre efectos de las temperaturas extremas que coordina la Direcci\u00f3n General de Salud P\u00fablica y que se prolonga del 1 de\" \/>\n\t\t<meta property=\"og:url\" content=\"https:\/\/www.eldigitaldeasturias.com\/noticias\/junio-y-julio-de-2017-los-mas-calurosos-en-aragon-de-los-ultimos-22-anos\/\" \/>\n\t\t<meta property=\"article:tag\" content=\"actualidad\" \/>\n\t\t<meta property=\"article:published_time\" content=\"2017-08-07T20:44:01+00:00\" \/>\n\t\t<meta property=\"article:modified_time\" content=\"2017-08-07T20:44:01+00:00\" \/>\n\t\t<meta property=\"article:publisher\" content=\"https:\/\/facebook.com\/eldigitaldeasturias\" \/>\n\t\t<meta name=\"twitter:card\" content=\"summary_large_image\" \/>\n\t\t<meta name=\"twitter:title\" content=\"Junio y Julio de 2017, los m\u00e1s calurosos en Arag\u00f3n de los \u00faltimos 22 a\u00f1os - El Digital de Asturias\" \/>\n\t\t<meta name=\"twitter:description\" content=\"Las tres capitales aragonesas han registrado durante junio y julio temperaturas m\u00e1ximas y m\u00ednimas por encima de la media de los \u00faltimos 22 a\u00f1os. As\u00ed se desprende del primer balance del Plan de Acci\u00f3n sobre efectos de las temperaturas extremas que coordina la Direcci\u00f3n General de Salud P\u00fablica y que se prolonga del 1 de\" \/>\n\t\t<meta name=\"twitter:image\" content=\"https:\/\/www.eldigitaldeasturias.com\/noticias\/wp-content\/uploads\/2020\/12\/EDA-1.jpg\" \/>\n\t\t<meta name=\"twitter:label1\" content=\"Escrito por\" \/>\n\t\t<meta name=\"twitter:data1\" content=\"El Digital de Asturias\" \/>\n\t\t<meta name=\"twitter:label2\" content=\"Tiempo de lectura estimado\" \/>\n\t\t<meta name=\"twitter:data2\" content=\"3 minutos\" \/>\n\t\t<script type=\"application\/ld+json\" class=\"aioseo-schema\">\n\t\t\t{\"@context\":\"https:\\\/\\\/schema.org\",\"@graph\":[{\"@type\":\"BlogPosting\",\"@id\":\"https:\\\/\\\/www.eldigitaldeasturias.com\\\/noticias\\\/junio-y-julio-de-2017-los-mas-calurosos-en-aragon-de-los-ultimos-22-anos\\\/#blogposting\",\"name\":\"Junio y Julio de 2017, los m\\u00e1s calurosos en Arag\\u00f3n de los \\u00faltimos 22 a\\u00f1os - El Digital de Asturias\",\"headline\":\"Junio y Julio de 2017, los m\\u00e1s calurosos en Arag\\u00f3n de los \\u00faltimos 22 a\\u00f1os\",\"author\":{\"@id\":\"https:\\\/\\\/www.eldigitaldeasturias.com\\\/noticias\\\/author\\\/admin\\\/#author\"},\"publisher\":{\"@id\":\"https:\\\/\\\/www.eldigitaldeasturias.com\\\/noticias\\\/#organization\"},\"image\":{\"@type\":\"ImageObject\",\"url\":949043},\"datePublished\":\"2017-08-07T20:44:01+02:00\",\"dateModified\":\"2017-08-07T20:44:01+02:00\",\"inLanguage\":\"es-ES\",\"mainEntityOfPage\":{\"@id\":\"https:\\\/\\\/www.eldigitaldeasturias.com\\\/noticias\\\/junio-y-julio-de-2017-los-mas-calurosos-en-aragon-de-los-ultimos-22-anos\\\/#webpage\"},\"isPartOf\":{\"@id\":\"https:\\\/\\\/www.eldigitaldeasturias.com\\\/noticias\\\/junio-y-julio-de-2017-los-mas-calurosos-en-aragon-de-los-ultimos-22-anos\\\/#webpage\"},\"articleSection\":\"Actualidad\"},{\"@type\":\"BreadcrumbList\",\"@id\":\"https:\\\/\\\/www.eldigitaldeasturias.com\\\/noticias\\\/junio-y-julio-de-2017-los-mas-calurosos-en-aragon-de-los-ultimos-22-anos\\\/#breadcrumblist\",\"itemListElement\":[{\"@type\":\"ListItem\",\"@id\":\"https:\\\/\\\/www.eldigitaldeasturias.com\\\/noticias#listItem\",\"position\":1,\"name\":\"Home\",\"item\":\"https:\\\/\\\/www.eldigitaldeasturias.com\\\/noticias\",\"nextItem\":{\"@type\":\"ListItem\",\"@id\":\"https:\\\/\\\/www.eldigitaldeasturias.com\\\/noticias\\\/category\\\/actualidad\\\/#listItem\",\"name\":\"Actualidad\"}},{\"@type\":\"ListItem\",\"@id\":\"https:\\\/\\\/www.eldigitaldeasturias.com\\\/noticias\\\/category\\\/actualidad\\\/#listItem\",\"position\":2,\"name\":\"Actualidad\",\"item\":\"https:\\\/\\\/www.eldigitaldeasturias.com\\\/noticias\\\/category\\\/actualidad\\\/\",\"nextItem\":{\"@type\":\"ListItem\",\"@id\":\"https:\\\/\\\/www.eldigitaldeasturias.com\\\/noticias\\\/junio-y-julio-de-2017-los-mas-calurosos-en-aragon-de-los-ultimos-22-anos\\\/#listItem\",\"name\":\"Junio y Julio de 2017, los m\\u00e1s calurosos en Arag\\u00f3n de los \\u00faltimos 22 a\\u00f1os\"},\"previousItem\":{\"@type\":\"ListItem\",\"@id\":\"https:\\\/\\\/www.eldigitaldeasturias.com\\\/noticias#listItem\",\"name\":\"Home\"}},{\"@type\":\"ListItem\",\"@id\":\"https:\\\/\\\/www.eldigitaldeasturias.com\\\/noticias\\\/junio-y-julio-de-2017-los-mas-calurosos-en-aragon-de-los-ultimos-22-anos\\\/#listItem\",\"position\":3,\"name\":\"Junio y Julio de 2017, los m\\u00e1s calurosos en Arag\\u00f3n de los \\u00faltimos 22 a\\u00f1os\",\"previousItem\":{\"@type\":\"ListItem\",\"@id\":\"https:\\\/\\\/www.eldigitaldeasturias.com\\\/noticias\\\/category\\\/actualidad\\\/#listItem\",\"name\":\"Actualidad\"}}]},{\"@type\":\"Organization\",\"@id\":\"https:\\\/\\\/www.eldigitaldeasturias.com\\\/noticias\\\/#organization\",\"name\":\"El Digital de Asturias\",\"description\":\"Hemeroteca\",\"url\":\"https:\\\/\\\/www.eldigitaldeasturias.com\\\/noticias\\\/\",\"email\":\"info@eldigitaldeasturias.com\",\"telephone\":\"+34652131393\",\"logo\":{\"@type\":\"ImageObject\",\"url\":\"https:\\\/\\\/www.eldigitaldeasturias.com\\\/noticias\\\/wp-content\\\/uploads\\\/2020\\\/12\\\/EDA.jpg\",\"@id\":\"https:\\\/\\\/www.eldigitaldeasturias.com\\\/noticias\\\/junio-y-julio-de-2017-los-mas-calurosos-en-aragon-de-los-ultimos-22-anos\\\/#organizationLogo\"},\"image\":{\"@id\":\"https:\\\/\\\/www.eldigitaldeasturias.com\\\/noticias\\\/junio-y-julio-de-2017-los-mas-calurosos-en-aragon-de-los-ultimos-22-anos\\\/#organizationLogo\"},\"sameAs\":[\"https:\\\/\\\/facebook.com\\\/eldigitaldeasturias\",\"https:\\\/\\\/www.youtube.com\\\/channel\\\/UCZP-2wLEB9Rv6erhFmqVnvg\"],\"address\":{\"@id\":\"https:\\\/\\\/www.eldigitaldeasturias.com\\\/noticias\\\/#postaladdress\",\"@type\":\"PostalAddress\",\"streetAddress\":\"san antonio 4\",\"postalCode\":\"33430\",\"addressLocality\":\"Cand\\u00e1s\",\"addressRegion\":\"Asturias\",\"addressCountry\":\"ES\"}},{\"@type\":\"Person\",\"@id\":\"https:\\\/\\\/www.eldigitaldeasturias.com\\\/noticias\\\/author\\\/admin\\\/#author\",\"url\":\"https:\\\/\\\/www.eldigitaldeasturias.com\\\/noticias\\\/author\\\/admin\\\/\",\"name\":\"El Digital de Asturias\",\"image\":{\"@type\":\"ImageObject\",\"@id\":\"https:\\\/\\\/www.eldigitaldeasturias.com\\\/noticias\\\/junio-y-julio-de-2017-los-mas-calurosos-en-aragon-de-los-ultimos-22-anos\\\/#authorImage\",\"url\":\"https:\\\/\\\/secure.gravatar.com\\\/avatar\\\/df2aeffc32bcd13f8d26072ef8a91b623d677766deac7f97ca815868cd41bf5e?s=96&d=mm&r=g\",\"width\":96,\"height\":96,\"caption\":\"El Digital de Asturias\"}},{\"@type\":\"WebPage\",\"@id\":\"https:\\\/\\\/www.eldigitaldeasturias.com\\\/noticias\\\/junio-y-julio-de-2017-los-mas-calurosos-en-aragon-de-los-ultimos-22-anos\\\/#webpage\",\"url\":\"https:\\\/\\\/www.eldigitaldeasturias.com\\\/noticias\\\/junio-y-julio-de-2017-los-mas-calurosos-en-aragon-de-los-ultimos-22-anos\\\/\",\"name\":\"Junio y Julio de 2017, los m\\u00e1s calurosos en Arag\\u00f3n de los \\u00faltimos 22 a\\u00f1os - El Digital de Asturias\",\"description\":\"Las tres capitales aragonesas han registrado durante junio y julio temperaturas m\\u00e1ximas y m\\u00ednimas por encima de la media de los \\u00faltimos 22 a\\u00f1os. As\\u00ed se desprende del primer balance del Plan de Acci\\u00f3n sobre efectos de las temperaturas extremas que coordina la Direcci\\u00f3n General de Salud P\\u00fablica y que se prolonga del 1 de\",\"inLanguage\":\"es-ES\",\"isPartOf\":{\"@id\":\"https:\\\/\\\/www.eldigitaldeasturias.com\\\/noticias\\\/#website\"},\"breadcrumb\":{\"@id\":\"https:\\\/\\\/www.eldigitaldeasturias.com\\\/noticias\\\/junio-y-julio-de-2017-los-mas-calurosos-en-aragon-de-los-ultimos-22-anos\\\/#breadcrumblist\"},\"author\":{\"@id\":\"https:\\\/\\\/www.eldigitaldeasturias.com\\\/noticias\\\/author\\\/admin\\\/#author\"},\"creator\":{\"@id\":\"https:\\\/\\\/www.eldigitaldeasturias.com\\\/noticias\\\/author\\\/admin\\\/#author\"},\"image\":{\"@type\":\"ImageObject\",\"url\":949043,\"@id\":\"https:\\\/\\\/www.eldigitaldeasturias.com\\\/noticias\\\/junio-y-julio-de-2017-los-mas-calurosos-en-aragon-de-los-ultimos-22-anos\\\/#mainImage\"},\"primaryImageOfPage\":{\"@id\":\"https:\\\/\\\/www.eldigitaldeasturias.com\\\/noticias\\\/junio-y-julio-de-2017-los-mas-calurosos-en-aragon-de-los-ultimos-22-anos\\\/#mainImage\"},\"datePublished\":\"2017-08-07T20:44:01+02:00\",\"dateModified\":\"2017-08-07T20:44:01+02:00\"},{\"@type\":\"WebSite\",\"@id\":\"https:\\\/\\\/www.eldigitaldeasturias.com\\\/noticias\\\/#website\",\"url\":\"https:\\\/\\\/www.eldigitaldeasturias.com\\\/noticias\\\/\",\"name\":\"El Digital de Asturias - Diario de actualidad y noticias\",\"alternateName\":\"El Digital de Asturias - Diario de actualidad y noticias\",\"description\":\"Hemeroteca\",\"inLanguage\":\"es-ES\",\"publisher\":{\"@id\":\"https:\\\/\\\/www.eldigitaldeasturias.com\\\/noticias\\\/#organization\"}}]}\n\t\t<\/script>\n\t\t<!-- All in One SEO Pro -->\r\n\t\t<title>Junio y Julio de 2017, los m\u00e1s calurosos en Arag\u00f3n de los \u00faltimos 22 a\u00f1os - El Digital de Asturias<\/title>\n\n","aioseo_head_json":{"title":"Junio y Julio de 2017, los m\u00e1s calurosos en Arag\u00f3n de los \u00faltimos 22 a\u00f1os - El Digital de Asturias","description":"Las tres capitales aragonesas han registrado durante junio y julio temperaturas m\u00e1ximas y m\u00ednimas por encima de la media de los \u00faltimos 22 a\u00f1os. As\u00ed se desprende del primer balance del Plan de Acci\u00f3n sobre efectos de las temperaturas extremas que coordina la Direcci\u00f3n General de Salud P\u00fablica y que se prolonga del 1 de","canonical_url":"https:\/\/www.eldigitaldeasturias.com\/noticias\/junio-y-julio-de-2017-los-mas-calurosos-en-aragon-de-los-ultimos-22-anos\/","robots":"max-image-preview:large","keywords":"actualidad","webmasterTools":{"google-site-verification":"UA-38556648-1","msvalidate.01":"7dfe9f3f1b24437ab69f4f2559babe99","miscellaneous":""},"schema":{"@context":"https:\/\/schema.org","@graph":[{"@type":"BlogPosting","@id":"https:\/\/www.eldigitaldeasturias.com\/noticias\/junio-y-julio-de-2017-los-mas-calurosos-en-aragon-de-los-ultimos-22-anos\/#blogposting","name":"Junio y Julio de 2017, los m\u00e1s calurosos en Arag\u00f3n de los \u00faltimos 22 a\u00f1os - El Digital de Asturias","headline":"Junio y Julio de 2017, los m\u00e1s calurosos en Arag\u00f3n de los \u00faltimos 22 a\u00f1os","author":{"@id":"https:\/\/www.eldigitaldeasturias.com\/noticias\/author\/admin\/#author"},"publisher":{"@id":"https:\/\/www.eldigitaldeasturias.com\/noticias\/#organization"},"image":{"@type":"ImageObject","url":949043},"datePublished":"2017-08-07T20:44:01+02:00","dateModified":"2017-08-07T20:44:01+02:00","inLanguage":"es-ES","mainEntityOfPage":{"@id":"https:\/\/www.eldigitaldeasturias.com\/noticias\/junio-y-julio-de-2017-los-mas-calurosos-en-aragon-de-los-ultimos-22-anos\/#webpage"},"isPartOf":{"@id":"https:\/\/www.eldigitaldeasturias.com\/noticias\/junio-y-julio-de-2017-los-mas-calurosos-en-aragon-de-los-ultimos-22-anos\/#webpage"},"articleSection":"Actualidad"},{"@type":"BreadcrumbList","@id":"https:\/\/www.eldigitaldeasturias.com\/noticias\/junio-y-julio-de-2017-los-mas-calurosos-en-aragon-de-los-ultimos-22-anos\/#breadcrumblist","itemListElement":[{"@type":"ListItem","@id":"https:\/\/www.eldigitaldeasturias.com\/noticias#listItem","position":1,"name":"Home","item":"https:\/\/www.eldigitaldeasturias.com\/noticias","nextItem":{"@type":"ListItem","@id":"https:\/\/www.eldigitaldeasturias.com\/noticias\/category\/actualidad\/#listItem","name":"Actualidad"}},{"@type":"ListItem","@id":"https:\/\/www.eldigitaldeasturias.com\/noticias\/category\/actualidad\/#listItem","position":2,"name":"Actualidad","item":"https:\/\/www.eldigitaldeasturias.com\/noticias\/category\/actualidad\/","nextItem":{"@type":"ListItem","@id":"https:\/\/www.eldigitaldeasturias.com\/noticias\/junio-y-julio-de-2017-los-mas-calurosos-en-aragon-de-los-ultimos-22-anos\/#listItem","name":"Junio y Julio de 2017, los m\u00e1s calurosos en Arag\u00f3n de los \u00faltimos 22 a\u00f1os"},"previousItem":{"@type":"ListItem","@id":"https:\/\/www.eldigitaldeasturias.com\/noticias#listItem","name":"Home"}},{"@type":"ListItem","@id":"https:\/\/www.eldigitaldeasturias.com\/noticias\/junio-y-julio-de-2017-los-mas-calurosos-en-aragon-de-los-ultimos-22-anos\/#listItem","position":3,"name":"Junio y Julio de 2017, los m\u00e1s calurosos en Arag\u00f3n de los \u00faltimos 22 a\u00f1os","previousItem":{"@type":"ListItem","@id":"https:\/\/www.eldigitaldeasturias.com\/noticias\/category\/actualidad\/#listItem","name":"Actualidad"}}]},{"@type":"Organization","@id":"https:\/\/www.eldigitaldeasturias.com\/noticias\/#organization","name":"El Digital de Asturias","description":"Hemeroteca","url":"https:\/\/www.eldigitaldeasturias.com\/noticias\/","email":"info@eldigitaldeasturias.com","telephone":"+34652131393","logo":{"@type":"ImageObject","url":"https:\/\/www.eldigitaldeasturias.com\/noticias\/wp-content\/uploads\/2020\/12\/EDA.jpg","@id":"https:\/\/www.eldigitaldeasturias.com\/noticias\/junio-y-julio-de-2017-los-mas-calurosos-en-aragon-de-los-ultimos-22-anos\/#organizationLogo"},"image":{"@id":"https:\/\/www.eldigitaldeasturias.com\/noticias\/junio-y-julio-de-2017-los-mas-calurosos-en-aragon-de-los-ultimos-22-anos\/#organizationLogo"},"sameAs":["https:\/\/facebook.com\/eldigitaldeasturias","https:\/\/www.youtube.com\/channel\/UCZP-2wLEB9Rv6erhFmqVnvg"],"address":{"@id":"https:\/\/www.eldigitaldeasturias.com\/noticias\/#postaladdress","@type":"PostalAddress","streetAddress":"san antonio 4","postalCode":"33430","addressLocality":"Cand\u00e1s","addressRegion":"Asturias","addressCountry":"ES"}},{"@type":"Person","@id":"https:\/\/www.eldigitaldeasturias.com\/noticias\/author\/admin\/#author","url":"https:\/\/www.eldigitaldeasturias.com\/noticias\/author\/admin\/","name":"El Digital de Asturias","image":{"@type":"ImageObject","@id":"https:\/\/www.eldigitaldeasturias.com\/noticias\/junio-y-julio-de-2017-los-mas-calurosos-en-aragon-de-los-ultimos-22-anos\/#authorImage","url":"https:\/\/secure.gravatar.com\/avatar\/df2aeffc32bcd13f8d26072ef8a91b623d677766deac7f97ca815868cd41bf5e?s=96&d=mm&r=g","width":96,"height":96,"caption":"El Digital de Asturias"}},{"@type":"WebPage","@id":"https:\/\/www.eldigitaldeasturias.com\/noticias\/junio-y-julio-de-2017-los-mas-calurosos-en-aragon-de-los-ultimos-22-anos\/#webpage","url":"https:\/\/www.eldigitaldeasturias.com\/noticias\/junio-y-julio-de-2017-los-mas-calurosos-en-aragon-de-los-ultimos-22-anos\/","name":"Junio y Julio de 2017, los m\u00e1s calurosos en Arag\u00f3n de los \u00faltimos 22 a\u00f1os - El Digital de Asturias","description":"Las tres capitales aragonesas han registrado durante junio y julio temperaturas m\u00e1ximas y m\u00ednimas por encima de la media de los \u00faltimos 22 a\u00f1os. As\u00ed se desprende del primer balance del Plan de Acci\u00f3n sobre efectos de las temperaturas extremas que coordina la Direcci\u00f3n General de Salud P\u00fablica y que se prolonga del 1 de","inLanguage":"es-ES","isPartOf":{"@id":"https:\/\/www.eldigitaldeasturias.com\/noticias\/#website"},"breadcrumb":{"@id":"https:\/\/www.eldigitaldeasturias.com\/noticias\/junio-y-julio-de-2017-los-mas-calurosos-en-aragon-de-los-ultimos-22-anos\/#breadcrumblist"},"author":{"@id":"https:\/\/www.eldigitaldeasturias.com\/noticias\/author\/admin\/#author"},"creator":{"@id":"https:\/\/www.eldigitaldeasturias.com\/noticias\/author\/admin\/#author"},"image":{"@type":"ImageObject","url":949043,"@id":"https:\/\/www.eldigitaldeasturias.com\/noticias\/junio-y-julio-de-2017-los-mas-calurosos-en-aragon-de-los-ultimos-22-anos\/#mainImage"},"primaryImageOfPage":{"@id":"https:\/\/www.eldigitaldeasturias.com\/noticias\/junio-y-julio-de-2017-los-mas-calurosos-en-aragon-de-los-ultimos-22-anos\/#mainImage"},"datePublished":"2017-08-07T20:44:01+02:00","dateModified":"2017-08-07T20:44:01+02:00"},{"@type":"WebSite","@id":"https:\/\/www.eldigitaldeasturias.com\/noticias\/#website","url":"https:\/\/www.eldigitaldeasturias.com\/noticias\/","name":"El Digital de Asturias - Diario de actualidad y noticias","alternateName":"El Digital de Asturias - Diario de actualidad y noticias","description":"Hemeroteca","inLanguage":"es-ES","publisher":{"@id":"https:\/\/www.eldigitaldeasturias.com\/noticias\/#organization"}}]},"og:locale":"es_ES","og:site_name":"El Digital de Asturias","og:type":"article","og:title":"Junio y Julio de 2017, los m\u00e1s calurosos en Arag\u00f3n de los \u00faltimos 22 a\u00f1os - El Digital de Asturias","og:description":"Las tres capitales aragonesas han registrado durante junio y julio temperaturas m\u00e1ximas y m\u00ednimas por encima de la media de los \u00faltimos 22 a\u00f1os. As\u00ed se desprende del primer balance del Plan de Acci\u00f3n sobre efectos de las temperaturas extremas que coordina la Direcci\u00f3n General de Salud P\u00fablica y que se prolonga del 1 de","og:url":"https:\/\/www.eldigitaldeasturias.com\/noticias\/junio-y-julio-de-2017-los-mas-calurosos-en-aragon-de-los-ultimos-22-anos\/","article:tag":["actualidad"],"article:published_time":"2017-08-07T20:44:01+00:00","article:modified_time":"2017-08-07T20:44:01+00:00","article:publisher":"https:\/\/facebook.com\/eldigitaldeasturias","twitter:card":"summary_large_image","twitter:title":"Junio y Julio de 2017, los m\u00e1s calurosos en Arag\u00f3n de los \u00faltimos 22 a\u00f1os - El Digital de Asturias","twitter:description":"Las tres capitales aragonesas han registrado durante junio y julio temperaturas m\u00e1ximas y m\u00ednimas por encima de la media de los \u00faltimos 22 a\u00f1os. As\u00ed se desprende del primer balance del Plan de Acci\u00f3n sobre efectos de las temperaturas extremas que coordina la Direcci\u00f3n General de Salud P\u00fablica y que se prolonga del 1 de","twitter:image":"https:\/\/www.eldigitaldeasturias.com\/noticias\/wp-content\/uploads\/2020\/12\/EDA-1.jpg","twitter:label1":"Escrito por","twitter:data1":"El Digital de Asturias","twitter:label2":"Tiempo de lectura estimado","twitter:data2":"3 minutos"},"aioseo_meta_data":{"post_id":"949042","title":null,"description":null,"keywords":null,"keyphrases":null,"primary_term":null,"canonical_url":null,"og_title":null,"og_description":null,"og_object_type":"default","og_image_type":"default","og_image_url":null,"og_image_width":null,"og_image_height":null,"og_image_custom_url":null,"og_image_custom_fields":null,"og_video":null,"og_custom_url":null,"og_article_section":null,"og_article_tags":null,"twitter_use_og":false,"twitter_card":"default","twitter_image_type":"default","twitter_image_url":null,"twitter_image_custom_url":null,"twitter_image_custom_fields":null,"twitter_title":null,"twitter_description":null,"schema":{"blockGraphs":[],"customGraphs":[],"default":{"data":{"Article":[],"Course":[],"Dataset":[],"FAQPage":[],"Movie":[],"Person":[],"Product":[],"ProductReview":[],"Car":[],"Recipe":[],"Service":[],"SoftwareApplication":[],"WebPage":[]},"graphName":"","isEnabled":true},"graphs":[],"defaultGraph":"","defaultPostTypeGraph":""},"schema_type":null,"schema_type_options":null,"pillar_content":false,"robots_default":true,"robots_noindex":false,"robots_noarchive":false,"robots_nosnippet":false,"robots_nofollow":false,"robots_noimageindex":false,"robots_noodp":false,"robots_notranslate":false,"robots_max_snippet":null,"robots_max_videopreview":null,"robots_max_imagepreview":"large","priority":null,"frequency":null,"local_seo":null,"seo_analyzer_scan_date":"2025-12-05 10:57:41","breadcrumb_settings":null,"limit_modified_date":false,"open_ai":null,"ai":null,"created":"2020-12-21 13:03:36","updated":"2025-12-05 10:57:41","focus_keyword":null,"additional_keywords":null,"truseo_locale":null},"aioseo_breadcrumb":"<div class=\"aioseo-breadcrumbs\"><span class=\"aioseo-breadcrumb\">\n\t<a href=\"https:\/\/www.eldigitaldeasturias.com\/noticias\" title=\"Home\">Home<\/a>\n<\/span><span class=\"aioseo-breadcrumb-separator\">\u2013<\/span><span class=\"aioseo-breadcrumb\">\n\t<a href=\"https:\/\/www.eldigitaldeasturias.com\/noticias\/category\/actualidad\/\" title=\"Actualidad\">Actualidad<\/a>\n<\/span><span class=\"aioseo-breadcrumb-separator\">\u2013<\/span><span class=\"aioseo-breadcrumb\">\n\t<a href=\"https:\/\/www.eldigitaldeasturias.com\/noticias\/junio-y-julio-de-2017-los-mas-calurosos-en-aragon-de-los-ultimos-22-anos\/\" title=\"Junio y Julio de 2017, los m\u00e1s calurosos en Arag\u00f3n de los \u00faltimos 22 a\u00f1os\">Junio y Julio de 2017, los m\u00e1s calurosos en Arag\u00f3n de los \u00faltimos 22 a\u00f1os<\/a>\n<\/span><\/div>","aioseo_breadcrumb_json":[{"label":"Home","link":"https:\/\/www.eldigitaldeasturias.com\/noticias"},{"label":"Actualidad","link":"https:\/\/www.eldigitaldeasturias.com\/noticias\/category\/actualidad\/"},{"label":"Junio y Julio de 2017, los m\u00e1s calurosos en Arag\u00f3n de los \u00faltimos 22 a\u00f1os","link":"https:\/\/www.eldigitaldeasturias.com\/noticias\/junio-y-julio-de-2017-los-mas-calurosos-en-aragon-de-los-ultimos-22-anos\/"}],"_links":{"self":[{"href":"https:\/\/www.eldigitaldeasturias.com\/noticias\/wp-json\/wp\/v2\/posts\/949042","targetHints":{"allow":["GET"]}}],"collection":[{"href":"https:\/\/www.eldigitaldeasturias.com\/noticias\/wp-json\/wp\/v2\/posts"}],"about":[{"href":"https:\/\/www.eldigitaldeasturias.com\/noticias\/wp-json\/wp\/v2\/types\/post"}],"author":[{"embeddable":true,"href":"https:\/\/www.eldigitaldeasturias.com\/noticias\/wp-json\/wp\/v2\/users\/1"}],"replies":[{"embeddable":true,"href":"https:\/\/www.eldigitaldeasturias.com\/noticias\/wp-json\/wp\/v2\/comments?post=949042"}],"version-history":[{"count":0,"href":"https:\/\/www.eldigitaldeasturias.com\/noticias\/wp-json\/wp\/v2\/posts\/949042\/revisions"}],"wp:attachment":[{"href":"https:\/\/www.eldigitaldeasturias.com\/noticias\/wp-json\/wp\/v2\/media?parent=949042"}],"wp:term":[{"taxonomy":"category","embeddable":true,"href":"https:\/\/www.eldigitaldeasturias.com\/noticias\/wp-json\/wp\/v2\/categories?post=949042"},{"taxonomy":"post_tag","embeddable":true,"href":"https:\/\/www.eldigitaldeasturias.com\/noticias\/wp-json\/wp\/v2\/tags?post=949042"}],"curies":[{"name":"wp","href":"https:\/\/api.w.org\/{rel}","templated":true}]}}