{"id":948966,"date":"2017-08-07T12:57:05","date_gmt":"2017-08-07T12:57:05","guid":{"rendered":"http:\/\/www.eldigitaldeasturias.com\/noticias\/?p=948966"},"modified":"2017-08-07T12:57:05","modified_gmt":"2017-08-07T12:57:05","slug":"andalucia-conmemorara-el-v-centenario-de-la-circunnavegacion","status":"publish","type":"post","link":"https:\/\/www.eldigitaldeasturias.com\/noticias\/andalucia-conmemorara-el-v-centenario-de-la-circunnavegacion\/","title":{"rendered":"Andaluc\u00eda conmemorar\u00e1 el V Centenario de la Circunnavegaci\u00f3n"},"content":{"rendered":"<p><img loading=\"lazy\" decoding=\"async\" class=\"alignleft size-medium wp-image-948967\" src=\"https:\/\/www.eldigitaldeasturias.com\/noticias\/wp-content\/uploads\/2017\/08\/1501847116478-360x240.jpg\" alt=\"\" width=\"360\" height=\"240\" \/>El vicepresidente de la Junta y consejero de la Presidencia, Administraci\u00f3n Local y Memoria Democr\u00e1tica, Manuel Jim\u00e9nez Barrios, ha presidido en Sanl\u00facar de Barrameda (C\u00e1diz) la firma de un protocolo de colaboraci\u00f3n de las distintas administraciones que participan en la organizaci\u00f3n de los actos para conmemorar el V Centenario de la Circunnavegaci\u00f3n de la Tierra (1519-1522).<\/p>\n<p>En total, ocho administraciones -cuatro consejer\u00edas, dos diputaciones y dos ayuntamientos- coordinar\u00e1n sus aportaciones al evento tras la firma de este protocolo que ha sido rubricado tambi\u00e9n por el consejero de Cultura, Miguel \u00c1ngel V\u00e1zquez; los presidentes de las diputaciones de Sevilla, Fernando Rodr\u00edguez Villalobos, y C\u00e1diz, Irene Garc\u00eda; y los alcaldes de Sevilla, Juan Espadas; y Sanl\u00facar de Barrameda (C\u00e1diz), V\u00edctor Mora. Esta colaboraci\u00f3n tambi\u00e9n contar\u00e1 con la participaci\u00f3n de la Consejer\u00eda de Turismo y Deporte y la de Medio Ambiente.<\/p>\n<p>En el acto de la firma, Jim\u00e9nez Barrios ha puesto de manifiesto que \u00abel objetivo principal es coordinar y canalizar todas las actuaciones, proyectos e iniciativas, adem\u00e1s de buscar la participaci\u00f3n de la ciudadan\u00eda en este gran acontecimiento\u00bb. La conmemoraci\u00f3n del V Centenario de la primera Circunnavegaci\u00f3n de la Tierra es, seg\u00fan palabras del vicepresidente de la Junta, \u00abuna oportunidad para el turismo y la dinamizaci\u00f3n social y cultural de los municipios de Sanl\u00facar de Barrameda y Sevilla\u00bb.<\/p>\n<p>Para Jim\u00e9nez Barrios, la idea es unir fuerzas en torno a este evento hist\u00f3rico y lograr una interlocuci\u00f3n activa con las entidades sociales y ciudadanas\u00bb.<\/p>\n<p>La conmemoraci\u00f3n del V centenario tiene ya una \u00abhoja de ruta\u00bb porque las instituciones participantes vienen trabajando en este evento desde hace tiempo. En este sentido, el Gobierno andaluz dio sus primeros pasos para respaldar esta iniciativa, tras la aprobaci\u00f3n de una proposici\u00f3n no de ley en la Comisi\u00f3n de Cultura, el 2 de septiembre 2015, relativa a esta conmemoraci\u00f3n. A lo que ha seguido su participaci\u00f3n y compromiso evidenciado por la inclusi\u00f3n en el presupuesto de la Junta de Andaluc\u00eda de una partida de 150.000 euros en 2016 y nuevamente en 2017 para las actividades anuales.<\/p>\n<p>La firma de este protocolo establece las bases para una colaboraci\u00f3n entre estas administraciones que se traducir\u00e1 en un intenso y extenso programa de actividades de promoci\u00f3n y difusi\u00f3n de la primera vuelta al mundo, de la que se cumplen quinientos a\u00f1os en 2019.<\/p>\n<p>Entre las actividades que se desarrollar\u00e1n conjuntamente se encuentran exposiciones en museos e instituciones, la restauraci\u00f3n de bienes del Patrimonio Hist\u00f3rico de Andaluc\u00eda y de los paisajes vinculados a la primera circunnavegaci\u00f3n de la tierra, publicaci\u00f3n de ediciones, conciertos, obras de teatro, espect\u00e1culos audiovisuales o la convocatoria cursos, jornadas, premios y concursos. Estas iniciativas que servir\u00e1n para promocionar y difundir este acontecimiento hist\u00f3rico, poner en valor la trascendencia que supuso la gesta y acercarla a la ciudadan\u00eda para que puedan comprender mejor y valorar lo que supuso esta hist\u00f3rica primera vuelta al mundo.<\/p>\n<p>Uniendo fuerzas<\/p>\n<p>La conmemoraci\u00f3n del V centenario de la Circunnavegaci\u00f3n ser\u00e1 multidisciplinar y transversal e implica a varias administraciones e instituciones. En este sentido, la Consejer\u00eda de Presidencia ser\u00e1 la encargada de realizar labores de coordinaci\u00f3n y organizaci\u00f3n. Las primeras actividades previstas para este a\u00f1o arrancar\u00e1n en el mes de septiembre y tendr\u00e1n como foco Sevilla y Sanl\u00facar de Barrameda, donde los ayuntamientos colaborar\u00e1n en la organizaci\u00f3n y financiaci\u00f3n de los actos. Se trata de actividades art\u00edsticas, tur\u00edsticas, l\u00fadicas y educativas; algunas de ellas se extender\u00e1n por toda Andaluc\u00eda.<\/p>\n<p>El presupuesto de 150.000 euros de la Consejer\u00eda de Cultural permitir\u00e1 realizar muestras de teatro cl\u00e1sico, varios ciclos de m\u00fasica y de escritores; o la publicaci\u00f3n de un c\u00f3mic para difundir y explicar la importancia de la primera vuelta al mundo entre los m\u00e1s j\u00f3venes.<\/p>\n<p>Por su parte, la Consejer\u00eda de Turismo subvencionar\u00e1 un nuevo premio con motivo de esta efem\u00e9ride en las Carreras de Caballos de Sanl\u00facar de Barrameda; y la Consejer\u00eda de Medio Ambiente ha participado asesorando en la publicaci\u00f3n del libro &#8216;Sevilla primera vuelta al mundo 1519&#8217;.<\/p>\n<p>Hito cultural, tur\u00edstico y econ\u00f3mico<\/p>\n<p>El compromiso de las ocho instituciones firmantes del protocolo de colaboraci\u00f3n es que la conmemoraci\u00f3n de esta efem\u00e9ride tenga car\u00e1cter multidisciplinar, es decir, que potencie el turismo, la cultura y que sirva adem\u00e1s para dinamizar la econom\u00eda y crear empleo. De esta forma, la celebraci\u00f3n de los quinientos a\u00f1os de la primera vuelta al mundo se convertir\u00e1 tambi\u00e9n en un hito cultural, tur\u00edstico y econ\u00f3mico para Andaluc\u00eda.<\/p>\n<p>Catalogada como la haza\u00f1a m\u00e1s importante de nuestra historia moderna, la Primera Circunnavegaci\u00f3n de la Tierra se llev\u00f3 a cabo entre 1519 y 1522. Una expedici\u00f3n hist\u00f3rica, cuyos protagonistas fueron Fernando de Magallanes y Juan Sebasti\u00e1n Elcano, que parti\u00f3 de Sanl\u00facar de Barrameda y finaliz\u00f3 en Sevilla tres a\u00f1os y catorce mil cuatrocientas sesenta leguas despu\u00e9s.<\/p>\n","protected":false},"excerpt":{"rendered":"<p>El vicepresidente de la Junta y consejero de la Presidencia, Administraci\u00f3n Local y Memoria Democr\u00e1tica, Manuel Jim\u00e9nez Barrios, ha presidido en Sanl\u00facar de Barrameda (C\u00e1diz) la firma de un protocolo de colaboraci\u00f3n de las distintas administraciones que participan en la organizaci\u00f3n de los actos para conmemorar el V Centenario de la Circunnavegaci\u00f3n de la Tierra [&hellip;]<\/p>\n","protected":false},"author":1,"featured_media":948967,"comment_status":"closed","ping_status":"closed","sticky":false,"template":"","format":"standard","meta":{"footnotes":""},"categories":[1],"tags":[],"class_list":["post-948966","post","type-post","status-publish","format-standard","has-post-thumbnail","hentry","category-actualidad"],"aioseo_notices":[],"aioseo_head":"\n\t\t<!-- All in One SEO Pro 5.0.1 - aioseo.com -->\n\t<meta name=\"description\" content=\"El vicepresidente de la Junta y consejero de la Presidencia, Administraci\u00f3n Local y Memoria Democr\u00e1tica, Manuel Jim\u00e9nez Barrios, ha presidido en Sanl\u00facar de Barrameda (C\u00e1diz) la firma de un protocolo de colaboraci\u00f3n de las distintas administraciones que participan en la organizaci\u00f3n de los actos para conmemorar el V Centenario de la Circunnavegaci\u00f3n de la Tierra\" \/>\n\t<meta name=\"robots\" content=\"max-image-preview:large\" \/>\n\t<meta name=\"author\" content=\"El Digital de Asturias\"\/>\n\t<meta name=\"google-site-verification\" content=\"UA-38556648-1\" \/>\n\t<meta name=\"msvalidate.01\" content=\"7dfe9f3f1b24437ab69f4f2559babe99\" \/>\n\t<meta name=\"keywords\" content=\"actualidad\" \/>\n\t<link rel=\"canonical\" href=\"https:\/\/www.eldigitaldeasturias.com\/noticias\/andalucia-conmemorara-el-v-centenario-de-la-circunnavegacion\/\" \/>\n\t<meta name=\"generator\" content=\"All in One SEO Pro (AIOSEO) 5.0.1\" \/>\n\t\t<meta property=\"og:locale\" content=\"es_ES\" \/>\n\t\t<meta property=\"og:site_name\" content=\"El Digital de Asturias\" \/>\n\t\t<meta property=\"og:type\" content=\"article\" \/>\n\t\t<meta property=\"og:title\" content=\"Andaluc\u00eda conmemorar\u00e1 el V Centenario de la Circunnavegaci\u00f3n - El Digital de Asturias\" \/>\n\t\t<meta property=\"og:description\" content=\"El vicepresidente de la Junta y consejero de la Presidencia, Administraci\u00f3n Local y Memoria Democr\u00e1tica, Manuel Jim\u00e9nez Barrios, ha presidido en Sanl\u00facar de Barrameda (C\u00e1diz) la firma de un protocolo de colaboraci\u00f3n de las distintas administraciones que participan en la organizaci\u00f3n de los actos para conmemorar el V Centenario de la Circunnavegaci\u00f3n de la Tierra\" \/>\n\t\t<meta property=\"og:url\" content=\"https:\/\/www.eldigitaldeasturias.com\/noticias\/andalucia-conmemorara-el-v-centenario-de-la-circunnavegacion\/\" \/>\n\t\t<meta property=\"article:tag\" content=\"actualidad\" \/>\n\t\t<meta property=\"article:published_time\" content=\"2017-08-07T12:57:05+00:00\" \/>\n\t\t<meta property=\"article:modified_time\" content=\"2017-08-07T12:57:05+00:00\" \/>\n\t\t<meta property=\"article:publisher\" content=\"https:\/\/facebook.com\/eldigitaldeasturias\" \/>\n\t\t<meta name=\"twitter:card\" content=\"summary_large_image\" \/>\n\t\t<meta name=\"twitter:title\" content=\"Andaluc\u00eda conmemorar\u00e1 el V Centenario de la Circunnavegaci\u00f3n - El Digital de Asturias\" \/>\n\t\t<meta name=\"twitter:description\" content=\"El vicepresidente de la Junta y consejero de la Presidencia, Administraci\u00f3n Local y Memoria Democr\u00e1tica, Manuel Jim\u00e9nez Barrios, ha presidido en Sanl\u00facar de Barrameda (C\u00e1diz) la firma de un protocolo de colaboraci\u00f3n de las distintas administraciones que participan en la organizaci\u00f3n de los actos para conmemorar el V Centenario de la Circunnavegaci\u00f3n de la Tierra\" \/>\n\t\t<meta name=\"twitter:image\" content=\"https:\/\/www.eldigitaldeasturias.com\/noticias\/wp-content\/uploads\/2020\/12\/EDA-1.jpg\" \/>\n\t\t<meta name=\"twitter:label1\" content=\"Escrito por\" \/>\n\t\t<meta name=\"twitter:data1\" content=\"El Digital de Asturias\" \/>\n\t\t<meta name=\"twitter:label2\" content=\"Tiempo de lectura estimado\" \/>\n\t\t<meta name=\"twitter:data2\" content=\"4 minutos\" \/>\n\t\t<script type=\"application\/ld+json\" class=\"aioseo-schema\">\n\t\t\t{\"@context\":\"https:\\\/\\\/schema.org\",\"@graph\":[{\"@type\":\"BlogPosting\",\"@id\":\"https:\\\/\\\/www.eldigitaldeasturias.com\\\/noticias\\\/andalucia-conmemorara-el-v-centenario-de-la-circunnavegacion\\\/#blogposting\",\"name\":\"Andaluc\\u00eda conmemorar\\u00e1 el V Centenario de la Circunnavegaci\\u00f3n - El Digital de Asturias\",\"headline\":\"Andaluc\\u00eda conmemorar\\u00e1 el V Centenario de la Circunnavegaci\\u00f3n\",\"author\":{\"@id\":\"https:\\\/\\\/www.eldigitaldeasturias.com\\\/noticias\\\/author\\\/admin\\\/#author\"},\"publisher\":{\"@id\":\"https:\\\/\\\/www.eldigitaldeasturias.com\\\/noticias\\\/#organization\"},\"image\":{\"@type\":\"ImageObject\",\"url\":948967},\"datePublished\":\"2017-08-07T12:57:05+02:00\",\"dateModified\":\"2017-08-07T12:57:05+02:00\",\"inLanguage\":\"es-ES\",\"mainEntityOfPage\":{\"@id\":\"https:\\\/\\\/www.eldigitaldeasturias.com\\\/noticias\\\/andalucia-conmemorara-el-v-centenario-de-la-circunnavegacion\\\/#webpage\"},\"isPartOf\":{\"@id\":\"https:\\\/\\\/www.eldigitaldeasturias.com\\\/noticias\\\/andalucia-conmemorara-el-v-centenario-de-la-circunnavegacion\\\/#webpage\"},\"articleSection\":\"Actualidad\"},{\"@type\":\"BreadcrumbList\",\"@id\":\"https:\\\/\\\/www.eldigitaldeasturias.com\\\/noticias\\\/andalucia-conmemorara-el-v-centenario-de-la-circunnavegacion\\\/#breadcrumblist\",\"itemListElement\":[{\"@type\":\"ListItem\",\"@id\":\"https:\\\/\\\/www.eldigitaldeasturias.com\\\/noticias#listItem\",\"position\":1,\"name\":\"Home\",\"item\":\"https:\\\/\\\/www.eldigitaldeasturias.com\\\/noticias\",\"nextItem\":{\"@type\":\"ListItem\",\"@id\":\"https:\\\/\\\/www.eldigitaldeasturias.com\\\/noticias\\\/category\\\/actualidad\\\/#listItem\",\"name\":\"Actualidad\"}},{\"@type\":\"ListItem\",\"@id\":\"https:\\\/\\\/www.eldigitaldeasturias.com\\\/noticias\\\/category\\\/actualidad\\\/#listItem\",\"position\":2,\"name\":\"Actualidad\",\"item\":\"https:\\\/\\\/www.eldigitaldeasturias.com\\\/noticias\\\/category\\\/actualidad\\\/\",\"nextItem\":{\"@type\":\"ListItem\",\"@id\":\"https:\\\/\\\/www.eldigitaldeasturias.com\\\/noticias\\\/andalucia-conmemorara-el-v-centenario-de-la-circunnavegacion\\\/#listItem\",\"name\":\"Andaluc\\u00eda conmemorar\\u00e1 el V Centenario de la Circunnavegaci\\u00f3n\"},\"previousItem\":{\"@type\":\"ListItem\",\"@id\":\"https:\\\/\\\/www.eldigitaldeasturias.com\\\/noticias#listItem\",\"name\":\"Home\"}},{\"@type\":\"ListItem\",\"@id\":\"https:\\\/\\\/www.eldigitaldeasturias.com\\\/noticias\\\/andalucia-conmemorara-el-v-centenario-de-la-circunnavegacion\\\/#listItem\",\"position\":3,\"name\":\"Andaluc\\u00eda conmemorar\\u00e1 el V Centenario de la Circunnavegaci\\u00f3n\",\"previousItem\":{\"@type\":\"ListItem\",\"@id\":\"https:\\\/\\\/www.eldigitaldeasturias.com\\\/noticias\\\/category\\\/actualidad\\\/#listItem\",\"name\":\"Actualidad\"}}]},{\"@type\":\"Organization\",\"@id\":\"https:\\\/\\\/www.eldigitaldeasturias.com\\\/noticias\\\/#organization\",\"name\":\"El Digital de Asturias\",\"description\":\"Hemeroteca\",\"url\":\"https:\\\/\\\/www.eldigitaldeasturias.com\\\/noticias\\\/\",\"email\":\"info@eldigitaldeasturias.com\",\"telephone\":\"+34652131393\",\"logo\":{\"@type\":\"ImageObject\",\"url\":\"https:\\\/\\\/www.eldigitaldeasturias.com\\\/noticias\\\/wp-content\\\/uploads\\\/2020\\\/12\\\/EDA.jpg\",\"@id\":\"https:\\\/\\\/www.eldigitaldeasturias.com\\\/noticias\\\/andalucia-conmemorara-el-v-centenario-de-la-circunnavegacion\\\/#organizationLogo\"},\"image\":{\"@id\":\"https:\\\/\\\/www.eldigitaldeasturias.com\\\/noticias\\\/andalucia-conmemorara-el-v-centenario-de-la-circunnavegacion\\\/#organizationLogo\"},\"sameAs\":[\"https:\\\/\\\/facebook.com\\\/eldigitaldeasturias\",\"https:\\\/\\\/www.youtube.com\\\/channel\\\/UCZP-2wLEB9Rv6erhFmqVnvg\"],\"address\":{\"@id\":\"https:\\\/\\\/www.eldigitaldeasturias.com\\\/noticias\\\/#postaladdress\",\"@type\":\"PostalAddress\",\"streetAddress\":\"san antonio 4\",\"postalCode\":\"33430\",\"addressLocality\":\"Cand\\u00e1s\",\"addressRegion\":\"Asturias\",\"addressCountry\":\"ES\"}},{\"@type\":\"Person\",\"@id\":\"https:\\\/\\\/www.eldigitaldeasturias.com\\\/noticias\\\/author\\\/admin\\\/#author\",\"url\":\"https:\\\/\\\/www.eldigitaldeasturias.com\\\/noticias\\\/author\\\/admin\\\/\",\"name\":\"El Digital de Asturias\",\"image\":{\"@type\":\"ImageObject\",\"@id\":\"https:\\\/\\\/www.eldigitaldeasturias.com\\\/noticias\\\/andalucia-conmemorara-el-v-centenario-de-la-circunnavegacion\\\/#authorImage\",\"url\":\"https:\\\/\\\/secure.gravatar.com\\\/avatar\\\/df2aeffc32bcd13f8d26072ef8a91b623d677766deac7f97ca815868cd41bf5e?s=96&d=mm&r=g\",\"width\":96,\"height\":96,\"caption\":\"El Digital de Asturias\"}},{\"@type\":\"WebPage\",\"@id\":\"https:\\\/\\\/www.eldigitaldeasturias.com\\\/noticias\\\/andalucia-conmemorara-el-v-centenario-de-la-circunnavegacion\\\/#webpage\",\"url\":\"https:\\\/\\\/www.eldigitaldeasturias.com\\\/noticias\\\/andalucia-conmemorara-el-v-centenario-de-la-circunnavegacion\\\/\",\"name\":\"Andaluc\\u00eda conmemorar\\u00e1 el V Centenario de la Circunnavegaci\\u00f3n - El Digital de Asturias\",\"description\":\"El vicepresidente de la Junta y consejero de la Presidencia, Administraci\\u00f3n Local y Memoria Democr\\u00e1tica, Manuel Jim\\u00e9nez Barrios, ha presidido en Sanl\\u00facar de Barrameda (C\\u00e1diz) la firma de un protocolo de colaboraci\\u00f3n de las distintas administraciones que participan en la organizaci\\u00f3n de los actos para conmemorar el V Centenario de la Circunnavegaci\\u00f3n de la Tierra\",\"inLanguage\":\"es-ES\",\"isPartOf\":{\"@id\":\"https:\\\/\\\/www.eldigitaldeasturias.com\\\/noticias\\\/#website\"},\"breadcrumb\":{\"@id\":\"https:\\\/\\\/www.eldigitaldeasturias.com\\\/noticias\\\/andalucia-conmemorara-el-v-centenario-de-la-circunnavegacion\\\/#breadcrumblist\"},\"author\":{\"@id\":\"https:\\\/\\\/www.eldigitaldeasturias.com\\\/noticias\\\/author\\\/admin\\\/#author\"},\"creator\":{\"@id\":\"https:\\\/\\\/www.eldigitaldeasturias.com\\\/noticias\\\/author\\\/admin\\\/#author\"},\"image\":{\"@type\":\"ImageObject\",\"url\":948967,\"@id\":\"https:\\\/\\\/www.eldigitaldeasturias.com\\\/noticias\\\/andalucia-conmemorara-el-v-centenario-de-la-circunnavegacion\\\/#mainImage\"},\"primaryImageOfPage\":{\"@id\":\"https:\\\/\\\/www.eldigitaldeasturias.com\\\/noticias\\\/andalucia-conmemorara-el-v-centenario-de-la-circunnavegacion\\\/#mainImage\"},\"datePublished\":\"2017-08-07T12:57:05+02:00\",\"dateModified\":\"2017-08-07T12:57:05+02:00\"},{\"@type\":\"WebSite\",\"@id\":\"https:\\\/\\\/www.eldigitaldeasturias.com\\\/noticias\\\/#website\",\"url\":\"https:\\\/\\\/www.eldigitaldeasturias.com\\\/noticias\\\/\",\"name\":\"El Digital de Asturias - Diario de actualidad y noticias\",\"alternateName\":\"El Digital de Asturias - Diario de actualidad y noticias\",\"description\":\"Hemeroteca\",\"inLanguage\":\"es-ES\",\"publisher\":{\"@id\":\"https:\\\/\\\/www.eldigitaldeasturias.com\\\/noticias\\\/#organization\"}}]}\n\t\t<\/script>\n\t\t<!-- All in One SEO Pro -->\r\n\t\t<title>Andaluc\u00eda conmemorar\u00e1 el V Centenario de la Circunnavegaci\u00f3n - El Digital de Asturias<\/title>\n\n","aioseo_head_json":{"title":"Andaluc\u00eda conmemorar\u00e1 el V Centenario de la Circunnavegaci\u00f3n - El Digital de Asturias","description":"El vicepresidente de la Junta y consejero de la Presidencia, Administraci\u00f3n Local y Memoria Democr\u00e1tica, Manuel Jim\u00e9nez Barrios, ha presidido en Sanl\u00facar de Barrameda (C\u00e1diz) la firma de un protocolo de colaboraci\u00f3n de las distintas administraciones que participan en la organizaci\u00f3n de los actos para conmemorar el V Centenario de la Circunnavegaci\u00f3n de la Tierra","canonical_url":"https:\/\/www.eldigitaldeasturias.com\/noticias\/andalucia-conmemorara-el-v-centenario-de-la-circunnavegacion\/","robots":"max-image-preview:large","keywords":"actualidad","webmasterTools":{"google-site-verification":"UA-38556648-1","msvalidate.01":"7dfe9f3f1b24437ab69f4f2559babe99","miscellaneous":""},"schema":{"@context":"https:\/\/schema.org","@graph":[{"@type":"BlogPosting","@id":"https:\/\/www.eldigitaldeasturias.com\/noticias\/andalucia-conmemorara-el-v-centenario-de-la-circunnavegacion\/#blogposting","name":"Andaluc\u00eda conmemorar\u00e1 el V Centenario de la Circunnavegaci\u00f3n - El Digital de Asturias","headline":"Andaluc\u00eda conmemorar\u00e1 el V Centenario de la Circunnavegaci\u00f3n","author":{"@id":"https:\/\/www.eldigitaldeasturias.com\/noticias\/author\/admin\/#author"},"publisher":{"@id":"https:\/\/www.eldigitaldeasturias.com\/noticias\/#organization"},"image":{"@type":"ImageObject","url":948967},"datePublished":"2017-08-07T12:57:05+02:00","dateModified":"2017-08-07T12:57:05+02:00","inLanguage":"es-ES","mainEntityOfPage":{"@id":"https:\/\/www.eldigitaldeasturias.com\/noticias\/andalucia-conmemorara-el-v-centenario-de-la-circunnavegacion\/#webpage"},"isPartOf":{"@id":"https:\/\/www.eldigitaldeasturias.com\/noticias\/andalucia-conmemorara-el-v-centenario-de-la-circunnavegacion\/#webpage"},"articleSection":"Actualidad"},{"@type":"BreadcrumbList","@id":"https:\/\/www.eldigitaldeasturias.com\/noticias\/andalucia-conmemorara-el-v-centenario-de-la-circunnavegacion\/#breadcrumblist","itemListElement":[{"@type":"ListItem","@id":"https:\/\/www.eldigitaldeasturias.com\/noticias#listItem","position":1,"name":"Home","item":"https:\/\/www.eldigitaldeasturias.com\/noticias","nextItem":{"@type":"ListItem","@id":"https:\/\/www.eldigitaldeasturias.com\/noticias\/category\/actualidad\/#listItem","name":"Actualidad"}},{"@type":"ListItem","@id":"https:\/\/www.eldigitaldeasturias.com\/noticias\/category\/actualidad\/#listItem","position":2,"name":"Actualidad","item":"https:\/\/www.eldigitaldeasturias.com\/noticias\/category\/actualidad\/","nextItem":{"@type":"ListItem","@id":"https:\/\/www.eldigitaldeasturias.com\/noticias\/andalucia-conmemorara-el-v-centenario-de-la-circunnavegacion\/#listItem","name":"Andaluc\u00eda conmemorar\u00e1 el V Centenario de la Circunnavegaci\u00f3n"},"previousItem":{"@type":"ListItem","@id":"https:\/\/www.eldigitaldeasturias.com\/noticias#listItem","name":"Home"}},{"@type":"ListItem","@id":"https:\/\/www.eldigitaldeasturias.com\/noticias\/andalucia-conmemorara-el-v-centenario-de-la-circunnavegacion\/#listItem","position":3,"name":"Andaluc\u00eda conmemorar\u00e1 el V Centenario de la Circunnavegaci\u00f3n","previousItem":{"@type":"ListItem","@id":"https:\/\/www.eldigitaldeasturias.com\/noticias\/category\/actualidad\/#listItem","name":"Actualidad"}}]},{"@type":"Organization","@id":"https:\/\/www.eldigitaldeasturias.com\/noticias\/#organization","name":"El Digital de Asturias","description":"Hemeroteca","url":"https:\/\/www.eldigitaldeasturias.com\/noticias\/","email":"info@eldigitaldeasturias.com","telephone":"+34652131393","logo":{"@type":"ImageObject","url":"https:\/\/www.eldigitaldeasturias.com\/noticias\/wp-content\/uploads\/2020\/12\/EDA.jpg","@id":"https:\/\/www.eldigitaldeasturias.com\/noticias\/andalucia-conmemorara-el-v-centenario-de-la-circunnavegacion\/#organizationLogo"},"image":{"@id":"https:\/\/www.eldigitaldeasturias.com\/noticias\/andalucia-conmemorara-el-v-centenario-de-la-circunnavegacion\/#organizationLogo"},"sameAs":["https:\/\/facebook.com\/eldigitaldeasturias","https:\/\/www.youtube.com\/channel\/UCZP-2wLEB9Rv6erhFmqVnvg"],"address":{"@id":"https:\/\/www.eldigitaldeasturias.com\/noticias\/#postaladdress","@type":"PostalAddress","streetAddress":"san antonio 4","postalCode":"33430","addressLocality":"Cand\u00e1s","addressRegion":"Asturias","addressCountry":"ES"}},{"@type":"Person","@id":"https:\/\/www.eldigitaldeasturias.com\/noticias\/author\/admin\/#author","url":"https:\/\/www.eldigitaldeasturias.com\/noticias\/author\/admin\/","name":"El Digital de Asturias","image":{"@type":"ImageObject","@id":"https:\/\/www.eldigitaldeasturias.com\/noticias\/andalucia-conmemorara-el-v-centenario-de-la-circunnavegacion\/#authorImage","url":"https:\/\/secure.gravatar.com\/avatar\/df2aeffc32bcd13f8d26072ef8a91b623d677766deac7f97ca815868cd41bf5e?s=96&d=mm&r=g","width":96,"height":96,"caption":"El Digital de Asturias"}},{"@type":"WebPage","@id":"https:\/\/www.eldigitaldeasturias.com\/noticias\/andalucia-conmemorara-el-v-centenario-de-la-circunnavegacion\/#webpage","url":"https:\/\/www.eldigitaldeasturias.com\/noticias\/andalucia-conmemorara-el-v-centenario-de-la-circunnavegacion\/","name":"Andaluc\u00eda conmemorar\u00e1 el V Centenario de la Circunnavegaci\u00f3n - El Digital de Asturias","description":"El vicepresidente de la Junta y consejero de la Presidencia, Administraci\u00f3n Local y Memoria Democr\u00e1tica, Manuel Jim\u00e9nez Barrios, ha presidido en Sanl\u00facar de Barrameda (C\u00e1diz) la firma de un protocolo de colaboraci\u00f3n de las distintas administraciones que participan en la organizaci\u00f3n de los actos para conmemorar el V Centenario de la Circunnavegaci\u00f3n de la Tierra","inLanguage":"es-ES","isPartOf":{"@id":"https:\/\/www.eldigitaldeasturias.com\/noticias\/#website"},"breadcrumb":{"@id":"https:\/\/www.eldigitaldeasturias.com\/noticias\/andalucia-conmemorara-el-v-centenario-de-la-circunnavegacion\/#breadcrumblist"},"author":{"@id":"https:\/\/www.eldigitaldeasturias.com\/noticias\/author\/admin\/#author"},"creator":{"@id":"https:\/\/www.eldigitaldeasturias.com\/noticias\/author\/admin\/#author"},"image":{"@type":"ImageObject","url":948967,"@id":"https:\/\/www.eldigitaldeasturias.com\/noticias\/andalucia-conmemorara-el-v-centenario-de-la-circunnavegacion\/#mainImage"},"primaryImageOfPage":{"@id":"https:\/\/www.eldigitaldeasturias.com\/noticias\/andalucia-conmemorara-el-v-centenario-de-la-circunnavegacion\/#mainImage"},"datePublished":"2017-08-07T12:57:05+02:00","dateModified":"2017-08-07T12:57:05+02:00"},{"@type":"WebSite","@id":"https:\/\/www.eldigitaldeasturias.com\/noticias\/#website","url":"https:\/\/www.eldigitaldeasturias.com\/noticias\/","name":"El Digital de Asturias - Diario de actualidad y noticias","alternateName":"El Digital de Asturias - Diario de actualidad y noticias","description":"Hemeroteca","inLanguage":"es-ES","publisher":{"@id":"https:\/\/www.eldigitaldeasturias.com\/noticias\/#organization"}}]},"og:locale":"es_ES","og:site_name":"El Digital de Asturias","og:type":"article","og:title":"Andaluc\u00eda conmemorar\u00e1 el V Centenario de la Circunnavegaci\u00f3n - El Digital de Asturias","og:description":"El vicepresidente de la Junta y consejero de la Presidencia, Administraci\u00f3n Local y Memoria Democr\u00e1tica, Manuel Jim\u00e9nez Barrios, ha presidido en Sanl\u00facar de Barrameda (C\u00e1diz) la firma de un protocolo de colaboraci\u00f3n de las distintas administraciones que participan en la organizaci\u00f3n de los actos para conmemorar el V Centenario de la Circunnavegaci\u00f3n de la Tierra","og:url":"https:\/\/www.eldigitaldeasturias.com\/noticias\/andalucia-conmemorara-el-v-centenario-de-la-circunnavegacion\/","article:tag":["actualidad"],"article:published_time":"2017-08-07T12:57:05+00:00","article:modified_time":"2017-08-07T12:57:05+00:00","article:publisher":"https:\/\/facebook.com\/eldigitaldeasturias","twitter:card":"summary_large_image","twitter:title":"Andaluc\u00eda conmemorar\u00e1 el V Centenario de la Circunnavegaci\u00f3n - El Digital de Asturias","twitter:description":"El vicepresidente de la Junta y consejero de la Presidencia, Administraci\u00f3n Local y Memoria Democr\u00e1tica, Manuel Jim\u00e9nez Barrios, ha presidido en Sanl\u00facar de Barrameda (C\u00e1diz) la firma de un protocolo de colaboraci\u00f3n de las distintas administraciones que participan en la organizaci\u00f3n de los actos para conmemorar el V Centenario de la Circunnavegaci\u00f3n de la Tierra","twitter:image":"https:\/\/www.eldigitaldeasturias.com\/noticias\/wp-content\/uploads\/2020\/12\/EDA-1.jpg","twitter:label1":"Escrito por","twitter:data1":"El Digital de Asturias","twitter:label2":"Tiempo de lectura estimado","twitter:data2":"4 minutos"},"aioseo_meta_data":{"post_id":"948966","title":null,"description":null,"keywords":null,"keyphrases":null,"primary_term":null,"canonical_url":null,"og_title":null,"og_description":null,"og_object_type":"default","og_image_type":"default","og_image_url":null,"og_image_width":null,"og_image_height":null,"og_image_custom_url":null,"og_image_custom_fields":null,"og_video":null,"og_custom_url":null,"og_article_section":null,"og_article_tags":null,"twitter_use_og":false,"twitter_card":"default","twitter_image_type":"default","twitter_image_url":null,"twitter_image_custom_url":null,"twitter_image_custom_fields":null,"twitter_title":null,"twitter_description":null,"schema":{"blockGraphs":[],"customGraphs":[],"default":{"data":{"Article":[],"Course":[],"Dataset":[],"FAQPage":[],"Movie":[],"Person":[],"Product":[],"ProductReview":[],"Car":[],"Recipe":[],"Service":[],"SoftwareApplication":[],"WebPage":[]},"graphName":"","isEnabled":true},"graphs":[],"defaultGraph":"","defaultPostTypeGraph":""},"schema_type":null,"schema_type_options":null,"pillar_content":false,"robots_default":true,"robots_noindex":false,"robots_noarchive":false,"robots_nosnippet":false,"robots_nofollow":false,"robots_noimageindex":false,"robots_noodp":false,"robots_notranslate":false,"robots_max_snippet":null,"robots_max_videopreview":null,"robots_max_imagepreview":"large","priority":null,"frequency":null,"local_seo":null,"seo_analyzer_scan_date":"2025-12-05 10:40:12","breadcrumb_settings":null,"limit_modified_date":false,"open_ai":null,"ai":null,"created":"2020-12-21 13:03:36","updated":"2025-12-05 10:40:12","focus_keyword":null,"additional_keywords":null,"truseo_locale":null},"aioseo_breadcrumb":"<div class=\"aioseo-breadcrumbs\"><span class=\"aioseo-breadcrumb\">\n\t<a href=\"https:\/\/www.eldigitaldeasturias.com\/noticias\" title=\"Home\">Home<\/a>\n<\/span><span class=\"aioseo-breadcrumb-separator\">\u2013<\/span><span class=\"aioseo-breadcrumb\">\n\t<a href=\"https:\/\/www.eldigitaldeasturias.com\/noticias\/category\/actualidad\/\" title=\"Actualidad\">Actualidad<\/a>\n<\/span><span class=\"aioseo-breadcrumb-separator\">\u2013<\/span><span class=\"aioseo-breadcrumb\">\n\t<a href=\"https:\/\/www.eldigitaldeasturias.com\/noticias\/andalucia-conmemorara-el-v-centenario-de-la-circunnavegacion\/\" title=\"Andaluc\u00eda conmemorar\u00e1 el V Centenario de la Circunnavegaci\u00f3n\">Andaluc\u00eda conmemorar\u00e1 el V Centenario de la Circunnavegaci\u00f3n<\/a>\n<\/span><\/div>","aioseo_breadcrumb_json":[{"label":"Home","link":"https:\/\/www.eldigitaldeasturias.com\/noticias"},{"label":"Actualidad","link":"https:\/\/www.eldigitaldeasturias.com\/noticias\/category\/actualidad\/"},{"label":"Andaluc\u00eda conmemorar\u00e1 el V Centenario de la Circunnavegaci\u00f3n","link":"https:\/\/www.eldigitaldeasturias.com\/noticias\/andalucia-conmemorara-el-v-centenario-de-la-circunnavegacion\/"}],"_links":{"self":[{"href":"https:\/\/www.eldigitaldeasturias.com\/noticias\/wp-json\/wp\/v2\/posts\/948966","targetHints":{"allow":["GET"]}}],"collection":[{"href":"https:\/\/www.eldigitaldeasturias.com\/noticias\/wp-json\/wp\/v2\/posts"}],"about":[{"href":"https:\/\/www.eldigitaldeasturias.com\/noticias\/wp-json\/wp\/v2\/types\/post"}],"author":[{"embeddable":true,"href":"https:\/\/www.eldigitaldeasturias.com\/noticias\/wp-json\/wp\/v2\/users\/1"}],"replies":[{"embeddable":true,"href":"https:\/\/www.eldigitaldeasturias.com\/noticias\/wp-json\/wp\/v2\/comments?post=948966"}],"version-history":[{"count":0,"href":"https:\/\/www.eldigitaldeasturias.com\/noticias\/wp-json\/wp\/v2\/posts\/948966\/revisions"}],"wp:attachment":[{"href":"https:\/\/www.eldigitaldeasturias.com\/noticias\/wp-json\/wp\/v2\/media?parent=948966"}],"wp:term":[{"taxonomy":"category","embeddable":true,"href":"https:\/\/www.eldigitaldeasturias.com\/noticias\/wp-json\/wp\/v2\/categories?post=948966"},{"taxonomy":"post_tag","embeddable":true,"href":"https:\/\/www.eldigitaldeasturias.com\/noticias\/wp-json\/wp\/v2\/tags?post=948966"}],"curies":[{"name":"wp","href":"https:\/\/api.w.org\/{rel}","templated":true}]}}