{"id":948963,"date":"2017-08-07T12:53:52","date_gmt":"2017-08-07T12:53:52","guid":{"rendered":"http:\/\/www.eldigitaldeasturias.com\/noticias\/?p=948963"},"modified":"2017-08-07T12:53:52","modified_gmt":"2017-08-07T12:53:52","slug":"mas-de-580-000-andaluces-tienen-reconocido-un-grado-de-discapacidad-igual-o-superior-al-33","status":"publish","type":"post","link":"https:\/\/www.eldigitaldeasturias.com\/noticias\/mas-de-580-000-andaluces-tienen-reconocido-un-grado-de-discapacidad-igual-o-superior-al-33\/","title":{"rendered":"M\u00e1s de 580.000 andaluces tienen reconocido un grado de discapacidad igual o superior al 33%"},"content":{"rendered":"<p><img loading=\"lazy\" decoding=\"async\" class=\"alignleft size-medium wp-image-948964\" src=\"https:\/\/www.eldigitaldeasturias.com\/noticias\/wp-content\/uploads\/2017\/08\/1501839664488-360x240.jpg\" alt=\"\" width=\"360\" height=\"240\" \/>M\u00e1s de 580.000 personas tienen reconocido en Andaluc\u00eda un grado de discapacidad igual o superior al 33%. En concreto son 580.843 personas, de las que 286.644 son mujeres y 294.199 hombres, seg\u00fan las resoluciones emitidas por los centros de valoraci\u00f3n y orientaci\u00f3n de la Consejer\u00eda de Igualdad y Pol\u00edticas Sociales en las distintas provincias.<\/p>\n<p>Del total de valorados, en Almer\u00eda se encuentran 43.796 (23.992 mujeres y 19.804 hombres); en C\u00e1diz, 108.695 (50.954 mujeres y 57.741 hombres); en C\u00f3rdoba, 50.865 (24.084 mujeres y 26.781 hombres); en Granada, 58.697 (27.725 mujeres y 30.972 hombres); en Huelva 38.741 (19.388 mujeres y 19.353 hombres); en Ja\u00e9n 42.049 (19.586 mujeres y 22.463 hombres); en M\u00e1laga 121.509 (63.398 mujeres y 58.111 hombres), y en Sevilla 116.491 personas (57.517 mujeres y 58.974 hombres).<\/p>\n<p>La consejera de Igualdad y Pol\u00edticas Sociales, Mar\u00eda Jos\u00e9 S\u00e1nchez Rubio, ha destacado que \u00aben cuanto al grado de discapacidad, un total de 315.672 personas tienen reconocido entre el 33% y el 64% (170.113 hombres y 145.559 mujeres) y 265.171 igual o m\u00e1s del 65% (141.085 mujeres y 124.086 hombres).<\/p>\n<p>Por tramos de edad, en el caso de los hombres el mayor n\u00famero de reconocimientos se sit\u00faa entre los 16 y 64 a\u00f1os, con un total de 168.170; de 65 a\u00f1os o m\u00e1s hay 110.117 hombres y de 0 a 15 a\u00f1os un total de 15.852. Por su parte, en el grupo de mujeres el mayor n\u00famero de reconocimientos corresponde a las de 65 o m\u00e1s edad, con un total de 147.456; de entre 16 y 64 a\u00f1os hay 131.178 reconocimientos y de entre 0 y 15 a\u00f1os un total de 8.010.<\/p>\n<p><strong>Tarjetas de aparcamiento<\/strong><\/p>\n<p>En la actualidad en la comunidad andaluza hay 63.553 personas que tienen concedida y en vigor la tarjeta de aparcamiento de veh\u00edculos para personas con movilidad reducida. De \u00e9stas, un total de 34.075 son hombres y 29.478 mujeres.<\/p>\n<p>La distribuci\u00f3n de tarjetas por provincias es la siguiente: Almer\u00eda 4.292; C\u00e1diz 11.296; C\u00f3rdoba 4.140; Granada 6.808; Huelva 4.932; Ja\u00e9n 4.146; M\u00e1laga 14.222 y Sevilla 13.717.<\/p>\n<p>La consejera de Igualdad y Pol\u00edticas Sociales, Mar\u00eda Jos\u00e9 S\u00e1nchez Rubio, ha explicado que los centros de valoraci\u00f3n y orientaci\u00f3n, que dependen de las delegaciones territoriales, son los encargados entre otras funciones de valorar el grado de discapacidad de las personas que as\u00ed lo solicitan, as\u00ed como informar, orientar y asesorar a las personas con discapacidad y sus familiares. Igualmente, son los responsables de emitir los certificados de grado de discapacidad y los dict\u00e1menes t\u00e9cnicos facultativos para el acceso a aquellas medidas de protecci\u00f3n social vigentes para este colectivo.<\/p>\n<p>En este sentido, se encargan, entre otras tareas, del reconocimiento del grado de discapacidad y de elaborar dict\u00e1menes para poder recibir una pensi\u00f3n no contributiva por discapacidad, as\u00ed como de la expedici\u00f3n de tarjetas de aparcamiento para personas con movilidad reducida, la emisi\u00f3n de dict\u00e1menes vinculantes sobre la aptitud para el desempe\u00f1o de funciones y tareas en ofertas de empleo p\u00fablico, la emisi\u00f3n de dict\u00e1menes sobre adaptaci\u00f3n de tiempos y medios para la realizaci\u00f3n de ex\u00e1menes y pruebas selectivas, la emisi\u00f3n de certificado de necesidad de vivienda adaptada y certificado para la jubilaci\u00f3n anticipada en aquellas personas con discapacidad enumeradas en el art\u00edculo 2 del Real Decreto 1851\/2009, de 4 de diciembre, por el que se desarrolla el art\u00edculo 206 del Texto Refundido de la Ley General de la Seguridad Social en cuando a la anticipaci\u00f3n de la jubilaci\u00f3n de las personas trabajadoras con discapacidad en grado igual o superior al 45%.<\/p>\n<p>La Consejer\u00eda de Igualdad y Pol\u00edticas Sociales dispone actualmente de un total de nueve centros de valoraci\u00f3n y orientaci\u00f3n, uno en cada capital de provincia y otro m\u00e1s ubicado en Algeciras (C\u00e1diz), que en 2016 han atendido un total de 178.345 solicitudes en sus centros.<\/p>\n<p>&nbsp;<\/p>\n","protected":false},"excerpt":{"rendered":"<p>M\u00e1s de 580.000 personas tienen reconocido en Andaluc\u00eda un grado de discapacidad igual o superior al 33%. En concreto son 580.843 personas, de las que 286.644 son mujeres y 294.199 hombres, seg\u00fan las resoluciones emitidas por los centros de valoraci\u00f3n y orientaci\u00f3n de la Consejer\u00eda de Igualdad y Pol\u00edticas Sociales en las distintas provincias. Del [&hellip;]<\/p>\n","protected":false},"author":1,"featured_media":948964,"comment_status":"closed","ping_status":"closed","sticky":false,"template":"","format":"standard","meta":{"footnotes":""},"categories":[1],"tags":[],"class_list":["post-948963","post","type-post","status-publish","format-standard","has-post-thumbnail","hentry","category-actualidad"],"aioseo_notices":[],"aioseo_head":"\n\t\t<!-- All in One SEO Pro 5.0.1 - aioseo.com -->\n\t<meta name=\"description\" content=\"M\u00e1s de 580.000 personas tienen reconocido en Andaluc\u00eda un grado de discapacidad igual o superior al 33%. En concreto son 580.843 personas, de las que 286.644 son mujeres y 294.199 hombres, seg\u00fan las resoluciones emitidas por los centros de valoraci\u00f3n y orientaci\u00f3n de la Consejer\u00eda de Igualdad y Pol\u00edticas Sociales en las distintas provincias. Del\" \/>\n\t<meta name=\"robots\" content=\"max-image-preview:large\" \/>\n\t<meta name=\"author\" content=\"El Digital de Asturias\"\/>\n\t<meta name=\"google-site-verification\" content=\"UA-38556648-1\" \/>\n\t<meta name=\"msvalidate.01\" content=\"7dfe9f3f1b24437ab69f4f2559babe99\" \/>\n\t<meta name=\"keywords\" content=\"actualidad\" \/>\n\t<link rel=\"canonical\" href=\"https:\/\/www.eldigitaldeasturias.com\/noticias\/mas-de-580-000-andaluces-tienen-reconocido-un-grado-de-discapacidad-igual-o-superior-al-33\/\" \/>\n\t<meta name=\"generator\" content=\"All in One SEO Pro (AIOSEO) 5.0.1\" \/>\n\t\t<meta property=\"og:locale\" content=\"es_ES\" \/>\n\t\t<meta property=\"og:site_name\" content=\"El Digital de Asturias\" \/>\n\t\t<meta property=\"og:type\" content=\"article\" \/>\n\t\t<meta property=\"og:title\" content=\"M\u00e1s de 580.000 andaluces tienen reconocido un grado de discapacidad igual o superior al 33% - El Digital de Asturias\" \/>\n\t\t<meta property=\"og:description\" content=\"M\u00e1s de 580.000 personas tienen reconocido en Andaluc\u00eda un grado de discapacidad igual o superior al 33%. En concreto son 580.843 personas, de las que 286.644 son mujeres y 294.199 hombres, seg\u00fan las resoluciones emitidas por los centros de valoraci\u00f3n y orientaci\u00f3n de la Consejer\u00eda de Igualdad y Pol\u00edticas Sociales en las distintas provincias. Del\" \/>\n\t\t<meta property=\"og:url\" content=\"https:\/\/www.eldigitaldeasturias.com\/noticias\/mas-de-580-000-andaluces-tienen-reconocido-un-grado-de-discapacidad-igual-o-superior-al-33\/\" \/>\n\t\t<meta property=\"article:tag\" content=\"actualidad\" \/>\n\t\t<meta property=\"article:published_time\" content=\"2017-08-07T12:53:52+00:00\" \/>\n\t\t<meta property=\"article:modified_time\" content=\"2017-08-07T12:53:52+00:00\" \/>\n\t\t<meta property=\"article:publisher\" content=\"https:\/\/facebook.com\/eldigitaldeasturias\" \/>\n\t\t<meta name=\"twitter:card\" content=\"summary_large_image\" \/>\n\t\t<meta name=\"twitter:title\" content=\"M\u00e1s de 580.000 andaluces tienen reconocido un grado de discapacidad igual o superior al 33% - El Digital de Asturias\" \/>\n\t\t<meta name=\"twitter:description\" content=\"M\u00e1s de 580.000 personas tienen reconocido en Andaluc\u00eda un grado de discapacidad igual o superior al 33%. En concreto son 580.843 personas, de las que 286.644 son mujeres y 294.199 hombres, seg\u00fan las resoluciones emitidas por los centros de valoraci\u00f3n y orientaci\u00f3n de la Consejer\u00eda de Igualdad y Pol\u00edticas Sociales en las distintas provincias. Del\" \/>\n\t\t<meta name=\"twitter:image\" content=\"https:\/\/www.eldigitaldeasturias.com\/noticias\/wp-content\/uploads\/2020\/12\/EDA-1.jpg\" \/>\n\t\t<meta name=\"twitter:label1\" content=\"Escrito por\" \/>\n\t\t<meta name=\"twitter:data1\" content=\"El Digital de Asturias\" \/>\n\t\t<meta name=\"twitter:label2\" content=\"Tiempo de lectura estimado\" \/>\n\t\t<meta name=\"twitter:data2\" content=\"3 minutos\" \/>\n\t\t<script type=\"application\/ld+json\" class=\"aioseo-schema\">\n\t\t\t{\"@context\":\"https:\\\/\\\/schema.org\",\"@graph\":[{\"@type\":\"BlogPosting\",\"@id\":\"https:\\\/\\\/www.eldigitaldeasturias.com\\\/noticias\\\/mas-de-580-000-andaluces-tienen-reconocido-un-grado-de-discapacidad-igual-o-superior-al-33\\\/#blogposting\",\"name\":\"M\\u00e1s de 580.000 andaluces tienen reconocido un grado de discapacidad igual o superior al 33% - El Digital de Asturias\",\"headline\":\"M\\u00e1s de 580.000 andaluces tienen reconocido un grado de discapacidad igual o superior al 33%\",\"author\":{\"@id\":\"https:\\\/\\\/www.eldigitaldeasturias.com\\\/noticias\\\/author\\\/admin\\\/#author\"},\"publisher\":{\"@id\":\"https:\\\/\\\/www.eldigitaldeasturias.com\\\/noticias\\\/#organization\"},\"image\":{\"@type\":\"ImageObject\",\"url\":948964},\"datePublished\":\"2017-08-07T12:53:52+02:00\",\"dateModified\":\"2017-08-07T12:53:52+02:00\",\"inLanguage\":\"es-ES\",\"mainEntityOfPage\":{\"@id\":\"https:\\\/\\\/www.eldigitaldeasturias.com\\\/noticias\\\/mas-de-580-000-andaluces-tienen-reconocido-un-grado-de-discapacidad-igual-o-superior-al-33\\\/#webpage\"},\"isPartOf\":{\"@id\":\"https:\\\/\\\/www.eldigitaldeasturias.com\\\/noticias\\\/mas-de-580-000-andaluces-tienen-reconocido-un-grado-de-discapacidad-igual-o-superior-al-33\\\/#webpage\"},\"articleSection\":\"Actualidad\"},{\"@type\":\"BreadcrumbList\",\"@id\":\"https:\\\/\\\/www.eldigitaldeasturias.com\\\/noticias\\\/mas-de-580-000-andaluces-tienen-reconocido-un-grado-de-discapacidad-igual-o-superior-al-33\\\/#breadcrumblist\",\"itemListElement\":[{\"@type\":\"ListItem\",\"@id\":\"https:\\\/\\\/www.eldigitaldeasturias.com\\\/noticias#listItem\",\"position\":1,\"name\":\"Home\",\"item\":\"https:\\\/\\\/www.eldigitaldeasturias.com\\\/noticias\",\"nextItem\":{\"@type\":\"ListItem\",\"@id\":\"https:\\\/\\\/www.eldigitaldeasturias.com\\\/noticias\\\/category\\\/actualidad\\\/#listItem\",\"name\":\"Actualidad\"}},{\"@type\":\"ListItem\",\"@id\":\"https:\\\/\\\/www.eldigitaldeasturias.com\\\/noticias\\\/category\\\/actualidad\\\/#listItem\",\"position\":2,\"name\":\"Actualidad\",\"item\":\"https:\\\/\\\/www.eldigitaldeasturias.com\\\/noticias\\\/category\\\/actualidad\\\/\",\"nextItem\":{\"@type\":\"ListItem\",\"@id\":\"https:\\\/\\\/www.eldigitaldeasturias.com\\\/noticias\\\/mas-de-580-000-andaluces-tienen-reconocido-un-grado-de-discapacidad-igual-o-superior-al-33\\\/#listItem\",\"name\":\"M\\u00e1s de 580.000 andaluces tienen reconocido un grado de discapacidad igual o superior al 33%\"},\"previousItem\":{\"@type\":\"ListItem\",\"@id\":\"https:\\\/\\\/www.eldigitaldeasturias.com\\\/noticias#listItem\",\"name\":\"Home\"}},{\"@type\":\"ListItem\",\"@id\":\"https:\\\/\\\/www.eldigitaldeasturias.com\\\/noticias\\\/mas-de-580-000-andaluces-tienen-reconocido-un-grado-de-discapacidad-igual-o-superior-al-33\\\/#listItem\",\"position\":3,\"name\":\"M\\u00e1s de 580.000 andaluces tienen reconocido un grado de discapacidad igual o superior al 33%\",\"previousItem\":{\"@type\":\"ListItem\",\"@id\":\"https:\\\/\\\/www.eldigitaldeasturias.com\\\/noticias\\\/category\\\/actualidad\\\/#listItem\",\"name\":\"Actualidad\"}}]},{\"@type\":\"Organization\",\"@id\":\"https:\\\/\\\/www.eldigitaldeasturias.com\\\/noticias\\\/#organization\",\"name\":\"El Digital de Asturias\",\"description\":\"Hemeroteca\",\"url\":\"https:\\\/\\\/www.eldigitaldeasturias.com\\\/noticias\\\/\",\"email\":\"info@eldigitaldeasturias.com\",\"telephone\":\"+34652131393\",\"logo\":{\"@type\":\"ImageObject\",\"url\":\"https:\\\/\\\/www.eldigitaldeasturias.com\\\/noticias\\\/wp-content\\\/uploads\\\/2020\\\/12\\\/EDA.jpg\",\"@id\":\"https:\\\/\\\/www.eldigitaldeasturias.com\\\/noticias\\\/mas-de-580-000-andaluces-tienen-reconocido-un-grado-de-discapacidad-igual-o-superior-al-33\\\/#organizationLogo\"},\"image\":{\"@id\":\"https:\\\/\\\/www.eldigitaldeasturias.com\\\/noticias\\\/mas-de-580-000-andaluces-tienen-reconocido-un-grado-de-discapacidad-igual-o-superior-al-33\\\/#organizationLogo\"},\"sameAs\":[\"https:\\\/\\\/facebook.com\\\/eldigitaldeasturias\",\"https:\\\/\\\/www.youtube.com\\\/channel\\\/UCZP-2wLEB9Rv6erhFmqVnvg\"],\"address\":{\"@id\":\"https:\\\/\\\/www.eldigitaldeasturias.com\\\/noticias\\\/#postaladdress\",\"@type\":\"PostalAddress\",\"streetAddress\":\"san antonio 4\",\"postalCode\":\"33430\",\"addressLocality\":\"Cand\\u00e1s\",\"addressRegion\":\"Asturias\",\"addressCountry\":\"ES\"}},{\"@type\":\"Person\",\"@id\":\"https:\\\/\\\/www.eldigitaldeasturias.com\\\/noticias\\\/author\\\/admin\\\/#author\",\"url\":\"https:\\\/\\\/www.eldigitaldeasturias.com\\\/noticias\\\/author\\\/admin\\\/\",\"name\":\"El Digital de Asturias\",\"image\":{\"@type\":\"ImageObject\",\"@id\":\"https:\\\/\\\/www.eldigitaldeasturias.com\\\/noticias\\\/mas-de-580-000-andaluces-tienen-reconocido-un-grado-de-discapacidad-igual-o-superior-al-33\\\/#authorImage\",\"url\":\"https:\\\/\\\/secure.gravatar.com\\\/avatar\\\/df2aeffc32bcd13f8d26072ef8a91b623d677766deac7f97ca815868cd41bf5e?s=96&d=mm&r=g\",\"width\":96,\"height\":96,\"caption\":\"El Digital de Asturias\"}},{\"@type\":\"WebPage\",\"@id\":\"https:\\\/\\\/www.eldigitaldeasturias.com\\\/noticias\\\/mas-de-580-000-andaluces-tienen-reconocido-un-grado-de-discapacidad-igual-o-superior-al-33\\\/#webpage\",\"url\":\"https:\\\/\\\/www.eldigitaldeasturias.com\\\/noticias\\\/mas-de-580-000-andaluces-tienen-reconocido-un-grado-de-discapacidad-igual-o-superior-al-33\\\/\",\"name\":\"M\\u00e1s de 580.000 andaluces tienen reconocido un grado de discapacidad igual o superior al 33% - El Digital de Asturias\",\"description\":\"M\\u00e1s de 580.000 personas tienen reconocido en Andaluc\\u00eda un grado de discapacidad igual o superior al 33%. En concreto son 580.843 personas, de las que 286.644 son mujeres y 294.199 hombres, seg\\u00fan las resoluciones emitidas por los centros de valoraci\\u00f3n y orientaci\\u00f3n de la Consejer\\u00eda de Igualdad y Pol\\u00edticas Sociales en las distintas provincias. Del\",\"inLanguage\":\"es-ES\",\"isPartOf\":{\"@id\":\"https:\\\/\\\/www.eldigitaldeasturias.com\\\/noticias\\\/#website\"},\"breadcrumb\":{\"@id\":\"https:\\\/\\\/www.eldigitaldeasturias.com\\\/noticias\\\/mas-de-580-000-andaluces-tienen-reconocido-un-grado-de-discapacidad-igual-o-superior-al-33\\\/#breadcrumblist\"},\"author\":{\"@id\":\"https:\\\/\\\/www.eldigitaldeasturias.com\\\/noticias\\\/author\\\/admin\\\/#author\"},\"creator\":{\"@id\":\"https:\\\/\\\/www.eldigitaldeasturias.com\\\/noticias\\\/author\\\/admin\\\/#author\"},\"image\":{\"@type\":\"ImageObject\",\"url\":948964,\"@id\":\"https:\\\/\\\/www.eldigitaldeasturias.com\\\/noticias\\\/mas-de-580-000-andaluces-tienen-reconocido-un-grado-de-discapacidad-igual-o-superior-al-33\\\/#mainImage\"},\"primaryImageOfPage\":{\"@id\":\"https:\\\/\\\/www.eldigitaldeasturias.com\\\/noticias\\\/mas-de-580-000-andaluces-tienen-reconocido-un-grado-de-discapacidad-igual-o-superior-al-33\\\/#mainImage\"},\"datePublished\":\"2017-08-07T12:53:52+02:00\",\"dateModified\":\"2017-08-07T12:53:52+02:00\"},{\"@type\":\"WebSite\",\"@id\":\"https:\\\/\\\/www.eldigitaldeasturias.com\\\/noticias\\\/#website\",\"url\":\"https:\\\/\\\/www.eldigitaldeasturias.com\\\/noticias\\\/\",\"name\":\"El Digital de Asturias - Diario de actualidad y noticias\",\"alternateName\":\"El Digital de Asturias - Diario de actualidad y noticias\",\"description\":\"Hemeroteca\",\"inLanguage\":\"es-ES\",\"publisher\":{\"@id\":\"https:\\\/\\\/www.eldigitaldeasturias.com\\\/noticias\\\/#organization\"}}]}\n\t\t<\/script>\n\t\t<!-- All in One SEO Pro -->\r\n\t\t<title>M\u00e1s de 580.000 andaluces tienen reconocido un grado de discapacidad igual o superior al 33% - El Digital de Asturias<\/title>\n\n","aioseo_head_json":{"title":"M\u00e1s de 580.000 andaluces tienen reconocido un grado de discapacidad igual o superior al 33% - El Digital de Asturias","description":"M\u00e1s de 580.000 personas tienen reconocido en Andaluc\u00eda un grado de discapacidad igual o superior al 33%. En concreto son 580.843 personas, de las que 286.644 son mujeres y 294.199 hombres, seg\u00fan las resoluciones emitidas por los centros de valoraci\u00f3n y orientaci\u00f3n de la Consejer\u00eda de Igualdad y Pol\u00edticas Sociales en las distintas provincias. Del","canonical_url":"https:\/\/www.eldigitaldeasturias.com\/noticias\/mas-de-580-000-andaluces-tienen-reconocido-un-grado-de-discapacidad-igual-o-superior-al-33\/","robots":"max-image-preview:large","keywords":"actualidad","webmasterTools":{"google-site-verification":"UA-38556648-1","msvalidate.01":"7dfe9f3f1b24437ab69f4f2559babe99","miscellaneous":""},"schema":{"@context":"https:\/\/schema.org","@graph":[{"@type":"BlogPosting","@id":"https:\/\/www.eldigitaldeasturias.com\/noticias\/mas-de-580-000-andaluces-tienen-reconocido-un-grado-de-discapacidad-igual-o-superior-al-33\/#blogposting","name":"M\u00e1s de 580.000 andaluces tienen reconocido un grado de discapacidad igual o superior al 33% - El Digital de Asturias","headline":"M\u00e1s de 580.000 andaluces tienen reconocido un grado de discapacidad igual o superior al 33%","author":{"@id":"https:\/\/www.eldigitaldeasturias.com\/noticias\/author\/admin\/#author"},"publisher":{"@id":"https:\/\/www.eldigitaldeasturias.com\/noticias\/#organization"},"image":{"@type":"ImageObject","url":948964},"datePublished":"2017-08-07T12:53:52+02:00","dateModified":"2017-08-07T12:53:52+02:00","inLanguage":"es-ES","mainEntityOfPage":{"@id":"https:\/\/www.eldigitaldeasturias.com\/noticias\/mas-de-580-000-andaluces-tienen-reconocido-un-grado-de-discapacidad-igual-o-superior-al-33\/#webpage"},"isPartOf":{"@id":"https:\/\/www.eldigitaldeasturias.com\/noticias\/mas-de-580-000-andaluces-tienen-reconocido-un-grado-de-discapacidad-igual-o-superior-al-33\/#webpage"},"articleSection":"Actualidad"},{"@type":"BreadcrumbList","@id":"https:\/\/www.eldigitaldeasturias.com\/noticias\/mas-de-580-000-andaluces-tienen-reconocido-un-grado-de-discapacidad-igual-o-superior-al-33\/#breadcrumblist","itemListElement":[{"@type":"ListItem","@id":"https:\/\/www.eldigitaldeasturias.com\/noticias#listItem","position":1,"name":"Home","item":"https:\/\/www.eldigitaldeasturias.com\/noticias","nextItem":{"@type":"ListItem","@id":"https:\/\/www.eldigitaldeasturias.com\/noticias\/category\/actualidad\/#listItem","name":"Actualidad"}},{"@type":"ListItem","@id":"https:\/\/www.eldigitaldeasturias.com\/noticias\/category\/actualidad\/#listItem","position":2,"name":"Actualidad","item":"https:\/\/www.eldigitaldeasturias.com\/noticias\/category\/actualidad\/","nextItem":{"@type":"ListItem","@id":"https:\/\/www.eldigitaldeasturias.com\/noticias\/mas-de-580-000-andaluces-tienen-reconocido-un-grado-de-discapacidad-igual-o-superior-al-33\/#listItem","name":"M\u00e1s de 580.000 andaluces tienen reconocido un grado de discapacidad igual o superior al 33%"},"previousItem":{"@type":"ListItem","@id":"https:\/\/www.eldigitaldeasturias.com\/noticias#listItem","name":"Home"}},{"@type":"ListItem","@id":"https:\/\/www.eldigitaldeasturias.com\/noticias\/mas-de-580-000-andaluces-tienen-reconocido-un-grado-de-discapacidad-igual-o-superior-al-33\/#listItem","position":3,"name":"M\u00e1s de 580.000 andaluces tienen reconocido un grado de discapacidad igual o superior al 33%","previousItem":{"@type":"ListItem","@id":"https:\/\/www.eldigitaldeasturias.com\/noticias\/category\/actualidad\/#listItem","name":"Actualidad"}}]},{"@type":"Organization","@id":"https:\/\/www.eldigitaldeasturias.com\/noticias\/#organization","name":"El Digital de Asturias","description":"Hemeroteca","url":"https:\/\/www.eldigitaldeasturias.com\/noticias\/","email":"info@eldigitaldeasturias.com","telephone":"+34652131393","logo":{"@type":"ImageObject","url":"https:\/\/www.eldigitaldeasturias.com\/noticias\/wp-content\/uploads\/2020\/12\/EDA.jpg","@id":"https:\/\/www.eldigitaldeasturias.com\/noticias\/mas-de-580-000-andaluces-tienen-reconocido-un-grado-de-discapacidad-igual-o-superior-al-33\/#organizationLogo"},"image":{"@id":"https:\/\/www.eldigitaldeasturias.com\/noticias\/mas-de-580-000-andaluces-tienen-reconocido-un-grado-de-discapacidad-igual-o-superior-al-33\/#organizationLogo"},"sameAs":["https:\/\/facebook.com\/eldigitaldeasturias","https:\/\/www.youtube.com\/channel\/UCZP-2wLEB9Rv6erhFmqVnvg"],"address":{"@id":"https:\/\/www.eldigitaldeasturias.com\/noticias\/#postaladdress","@type":"PostalAddress","streetAddress":"san antonio 4","postalCode":"33430","addressLocality":"Cand\u00e1s","addressRegion":"Asturias","addressCountry":"ES"}},{"@type":"Person","@id":"https:\/\/www.eldigitaldeasturias.com\/noticias\/author\/admin\/#author","url":"https:\/\/www.eldigitaldeasturias.com\/noticias\/author\/admin\/","name":"El Digital de Asturias","image":{"@type":"ImageObject","@id":"https:\/\/www.eldigitaldeasturias.com\/noticias\/mas-de-580-000-andaluces-tienen-reconocido-un-grado-de-discapacidad-igual-o-superior-al-33\/#authorImage","url":"https:\/\/secure.gravatar.com\/avatar\/df2aeffc32bcd13f8d26072ef8a91b623d677766deac7f97ca815868cd41bf5e?s=96&d=mm&r=g","width":96,"height":96,"caption":"El Digital de Asturias"}},{"@type":"WebPage","@id":"https:\/\/www.eldigitaldeasturias.com\/noticias\/mas-de-580-000-andaluces-tienen-reconocido-un-grado-de-discapacidad-igual-o-superior-al-33\/#webpage","url":"https:\/\/www.eldigitaldeasturias.com\/noticias\/mas-de-580-000-andaluces-tienen-reconocido-un-grado-de-discapacidad-igual-o-superior-al-33\/","name":"M\u00e1s de 580.000 andaluces tienen reconocido un grado de discapacidad igual o superior al 33% - El Digital de Asturias","description":"M\u00e1s de 580.000 personas tienen reconocido en Andaluc\u00eda un grado de discapacidad igual o superior al 33%. En concreto son 580.843 personas, de las que 286.644 son mujeres y 294.199 hombres, seg\u00fan las resoluciones emitidas por los centros de valoraci\u00f3n y orientaci\u00f3n de la Consejer\u00eda de Igualdad y Pol\u00edticas Sociales en las distintas provincias. Del","inLanguage":"es-ES","isPartOf":{"@id":"https:\/\/www.eldigitaldeasturias.com\/noticias\/#website"},"breadcrumb":{"@id":"https:\/\/www.eldigitaldeasturias.com\/noticias\/mas-de-580-000-andaluces-tienen-reconocido-un-grado-de-discapacidad-igual-o-superior-al-33\/#breadcrumblist"},"author":{"@id":"https:\/\/www.eldigitaldeasturias.com\/noticias\/author\/admin\/#author"},"creator":{"@id":"https:\/\/www.eldigitaldeasturias.com\/noticias\/author\/admin\/#author"},"image":{"@type":"ImageObject","url":948964,"@id":"https:\/\/www.eldigitaldeasturias.com\/noticias\/mas-de-580-000-andaluces-tienen-reconocido-un-grado-de-discapacidad-igual-o-superior-al-33\/#mainImage"},"primaryImageOfPage":{"@id":"https:\/\/www.eldigitaldeasturias.com\/noticias\/mas-de-580-000-andaluces-tienen-reconocido-un-grado-de-discapacidad-igual-o-superior-al-33\/#mainImage"},"datePublished":"2017-08-07T12:53:52+02:00","dateModified":"2017-08-07T12:53:52+02:00"},{"@type":"WebSite","@id":"https:\/\/www.eldigitaldeasturias.com\/noticias\/#website","url":"https:\/\/www.eldigitaldeasturias.com\/noticias\/","name":"El Digital de Asturias - Diario de actualidad y noticias","alternateName":"El Digital de Asturias - Diario de actualidad y noticias","description":"Hemeroteca","inLanguage":"es-ES","publisher":{"@id":"https:\/\/www.eldigitaldeasturias.com\/noticias\/#organization"}}]},"og:locale":"es_ES","og:site_name":"El Digital de Asturias","og:type":"article","og:title":"M\u00e1s de 580.000 andaluces tienen reconocido un grado de discapacidad igual o superior al 33% - El Digital de Asturias","og:description":"M\u00e1s de 580.000 personas tienen reconocido en Andaluc\u00eda un grado de discapacidad igual o superior al 33%. En concreto son 580.843 personas, de las que 286.644 son mujeres y 294.199 hombres, seg\u00fan las resoluciones emitidas por los centros de valoraci\u00f3n y orientaci\u00f3n de la Consejer\u00eda de Igualdad y Pol\u00edticas Sociales en las distintas provincias. Del","og:url":"https:\/\/www.eldigitaldeasturias.com\/noticias\/mas-de-580-000-andaluces-tienen-reconocido-un-grado-de-discapacidad-igual-o-superior-al-33\/","article:tag":["actualidad"],"article:published_time":"2017-08-07T12:53:52+00:00","article:modified_time":"2017-08-07T12:53:52+00:00","article:publisher":"https:\/\/facebook.com\/eldigitaldeasturias","twitter:card":"summary_large_image","twitter:title":"M\u00e1s de 580.000 andaluces tienen reconocido un grado de discapacidad igual o superior al 33% - El Digital de Asturias","twitter:description":"M\u00e1s de 580.000 personas tienen reconocido en Andaluc\u00eda un grado de discapacidad igual o superior al 33%. En concreto son 580.843 personas, de las que 286.644 son mujeres y 294.199 hombres, seg\u00fan las resoluciones emitidas por los centros de valoraci\u00f3n y orientaci\u00f3n de la Consejer\u00eda de Igualdad y Pol\u00edticas Sociales en las distintas provincias. Del","twitter:image":"https:\/\/www.eldigitaldeasturias.com\/noticias\/wp-content\/uploads\/2020\/12\/EDA-1.jpg","twitter:label1":"Escrito por","twitter:data1":"El Digital de Asturias","twitter:label2":"Tiempo de lectura estimado","twitter:data2":"3 minutos"},"aioseo_meta_data":{"post_id":"948963","title":null,"description":null,"keywords":null,"keyphrases":null,"primary_term":null,"canonical_url":null,"og_title":null,"og_description":null,"og_object_type":"default","og_image_type":"default","og_image_url":null,"og_image_width":null,"og_image_height":null,"og_image_custom_url":null,"og_image_custom_fields":null,"og_video":null,"og_custom_url":null,"og_article_section":null,"og_article_tags":null,"twitter_use_og":false,"twitter_card":"default","twitter_image_type":"default","twitter_image_url":null,"twitter_image_custom_url":null,"twitter_image_custom_fields":null,"twitter_title":null,"twitter_description":null,"schema":{"blockGraphs":[],"customGraphs":[],"default":{"data":{"Article":[],"Course":[],"Dataset":[],"FAQPage":[],"Movie":[],"Person":[],"Product":[],"ProductReview":[],"Car":[],"Recipe":[],"Service":[],"SoftwareApplication":[],"WebPage":[]},"graphName":"","isEnabled":true},"graphs":[],"defaultGraph":"","defaultPostTypeGraph":""},"schema_type":null,"schema_type_options":null,"pillar_content":false,"robots_default":true,"robots_noindex":false,"robots_noarchive":false,"robots_nosnippet":false,"robots_nofollow":false,"robots_noimageindex":false,"robots_noodp":false,"robots_notranslate":false,"robots_max_snippet":null,"robots_max_videopreview":null,"robots_max_imagepreview":"large","priority":null,"frequency":null,"local_seo":null,"seo_analyzer_scan_date":"2025-12-05 10:40:11","breadcrumb_settings":null,"limit_modified_date":false,"open_ai":null,"ai":null,"created":"2020-12-21 13:03:36","updated":"2025-12-05 10:40:11","focus_keyword":null,"additional_keywords":null,"truseo_locale":null},"aioseo_breadcrumb":"<div class=\"aioseo-breadcrumbs\"><span class=\"aioseo-breadcrumb\">\n\t<a href=\"https:\/\/www.eldigitaldeasturias.com\/noticias\" title=\"Home\">Home<\/a>\n<\/span><span class=\"aioseo-breadcrumb-separator\">\u2013<\/span><span class=\"aioseo-breadcrumb\">\n\t<a href=\"https:\/\/www.eldigitaldeasturias.com\/noticias\/category\/actualidad\/\" title=\"Actualidad\">Actualidad<\/a>\n<\/span><span class=\"aioseo-breadcrumb-separator\">\u2013<\/span><span class=\"aioseo-breadcrumb\">\n\t<a href=\"https:\/\/www.eldigitaldeasturias.com\/noticias\/mas-de-580-000-andaluces-tienen-reconocido-un-grado-de-discapacidad-igual-o-superior-al-33\/\" title=\"M\u00e1s de 580.000 andaluces tienen reconocido un grado de discapacidad igual o superior al 33%\">M\u00e1s de 580.000 andaluces tienen reconocido un grado de discapacidad igual o superior al 33%<\/a>\n<\/span><\/div>","aioseo_breadcrumb_json":[{"label":"Home","link":"https:\/\/www.eldigitaldeasturias.com\/noticias"},{"label":"Actualidad","link":"https:\/\/www.eldigitaldeasturias.com\/noticias\/category\/actualidad\/"},{"label":"M\u00e1s de 580.000 andaluces tienen reconocido un grado de discapacidad igual o superior al 33%","link":"https:\/\/www.eldigitaldeasturias.com\/noticias\/mas-de-580-000-andaluces-tienen-reconocido-un-grado-de-discapacidad-igual-o-superior-al-33\/"}],"_links":{"self":[{"href":"https:\/\/www.eldigitaldeasturias.com\/noticias\/wp-json\/wp\/v2\/posts\/948963","targetHints":{"allow":["GET"]}}],"collection":[{"href":"https:\/\/www.eldigitaldeasturias.com\/noticias\/wp-json\/wp\/v2\/posts"}],"about":[{"href":"https:\/\/www.eldigitaldeasturias.com\/noticias\/wp-json\/wp\/v2\/types\/post"}],"author":[{"embeddable":true,"href":"https:\/\/www.eldigitaldeasturias.com\/noticias\/wp-json\/wp\/v2\/users\/1"}],"replies":[{"embeddable":true,"href":"https:\/\/www.eldigitaldeasturias.com\/noticias\/wp-json\/wp\/v2\/comments?post=948963"}],"version-history":[{"count":0,"href":"https:\/\/www.eldigitaldeasturias.com\/noticias\/wp-json\/wp\/v2\/posts\/948963\/revisions"}],"wp:attachment":[{"href":"https:\/\/www.eldigitaldeasturias.com\/noticias\/wp-json\/wp\/v2\/media?parent=948963"}],"wp:term":[{"taxonomy":"category","embeddable":true,"href":"https:\/\/www.eldigitaldeasturias.com\/noticias\/wp-json\/wp\/v2\/categories?post=948963"},{"taxonomy":"post_tag","embeddable":true,"href":"https:\/\/www.eldigitaldeasturias.com\/noticias\/wp-json\/wp\/v2\/tags?post=948963"}],"curies":[{"name":"wp","href":"https:\/\/api.w.org\/{rel}","templated":true}]}}