{"id":948878,"date":"2017-08-06T16:04:02","date_gmt":"2017-08-06T16:04:02","guid":{"rendered":"http:\/\/www.eldigitaldeasturias.com\/noticias\/?p=948878"},"modified":"2017-08-07T13:41:35","modified_gmt":"2017-08-07T13:41:35","slug":"los-sabores-de-aragon-tendran-su-espacio-en-el-libro-de-cocina-de-las-reservas-de-la-biosfera","status":"publish","type":"post","link":"https:\/\/www.eldigitaldeasturias.com\/noticias\/los-sabores-de-aragon-tendran-su-espacio-en-el-libro-de-cocina-de-las-reservas-de-la-biosfera\/","title":{"rendered":"Los sabores de Arag\u00f3n tendr\u00e1n su espacio en el libro de cocina de las reservas de la biosfera"},"content":{"rendered":"<p><img loading=\"lazy\" decoding=\"async\" class=\"alignleft size-medium wp-image-948879\" src=\"https:\/\/www.eldigitaldeasturias.com\/noticias\/wp-content\/uploads\/2017\/08\/Biosfera_Ordesa-Vinamala_Francho_Beltran-360x159.jpg\" alt=\"\" width=\"360\" height=\"159\" \/>Dos recetas tradicionales del Alto Arag\u00f3n y dos tapas aparecer\u00e1n pr\u00f3ximamente en el libro que la Red Espa\u00f1ola de Reservas de la Biosfera ya tiene listo para su publicaci\u00f3n.<\/p>\n<p>Ambas han sido aportadas por la Reserva de la Biosfera Ordesa-Vi\u00f1amala tras un concurso en el que se han seleccionado los men\u00fas elaborados por participantes de Broto, Hoz de Jaca, Bielsa y Panticosa y en los que se recogen recetas tradicionales con una vinculaci\u00f3n especial con el territorio.<\/p>\n<p>As\u00ed, el men\u00fa ganador est\u00e1 compuesto por chiretas, cabrito guisado en salsa al huevo al estilo Bielsa y crespillos como postre. Por su parte, el men\u00fa finalista lleva un guiso de patatas de Hoz con cordero, estofado de sarrio y sopas de Santa Teresa de postre. Ambos van acompa\u00f1ados de una tapa inicial que en el primer caso es un rulo de rabo de ternera de Altos Pirineos y, en el segundo, ajaceite belset\u00e1n.<\/p>\n<p>El concurso, dirigido a aficionados a la gastronom\u00eda del conjunto de los territorios de la red espa\u00f1ola de reservas de la biosfera, pretende recoger los mejores ejemplos de cada una de ellas en una serie de men\u00fas y tapas. En \u00e9l se ha valorado especialmente la vinculaci\u00f3n de los men\u00fas y los productos con el territorio y sus costumbres o tradiciones, adem\u00e1s de la sostenibilidad de los mismos.<\/p>\n<p>Entre los principales objetivos del proyecto y del Programa MAB (siglas en ingl\u00e9s del Programa Hombre y Biosfera) se encuentran los de fomentar la sostenibilidad y el desarrollo socioecon\u00f3mico, incrementar el consumo de los productos de proximidad y mantener la cultura y las tradiciones populares.<\/p>\n<p>En este sentido, la gastronom\u00eda tradicional, una sabidur\u00eda acumulada durante siglos, puede jugar un papel clave para cumplir estos objetivos y difundir la calidad de los productos originarios del medio rural y sus valores nutricionales, ayudando al desarrollo econ\u00f3mico de la poblaci\u00f3n mediante la promoci\u00f3n tur\u00edstica.<\/p>\n<p>Para quienes est\u00e9n interesados en estas recetas de la Reserva de la Biosfera Ordesa-Vi\u00f1amala y de toda la red espa\u00f1ola, pr\u00f3ximamente ser\u00e1n publicadas tambi\u00e9n en la web de la misma, <span style=\"color: #ff0000;\"><strong>reservabiosferaordesavinamala.com<\/strong><\/span>, donde se podr\u00e1 descargar el libro de forma gratuita. Tambi\u00e9n se podr\u00e1n encontrar las correspondientes a este espacio natural en su perfil de Facebook.<\/p>\n<p>&nbsp;<\/p>\n","protected":false},"excerpt":{"rendered":"<p>Dos recetas tradicionales del Alto Arag\u00f3n y dos tapas aparecer\u00e1n pr\u00f3ximamente en el libro que la Red Espa\u00f1ola de Reservas de la Biosfera ya tiene listo para su publicaci\u00f3n. Ambas han sido aportadas por la Reserva de la Biosfera Ordesa-Vi\u00f1amala tras un concurso en el que se han seleccionado los men\u00fas elaborados por participantes de [&hellip;]<\/p>\n","protected":false},"author":1,"featured_media":948879,"comment_status":"closed","ping_status":"closed","sticky":false,"template":"","format":"standard","meta":{"footnotes":""},"categories":[1],"tags":[],"class_list":["post-948878","post","type-post","status-publish","format-standard","has-post-thumbnail","hentry","category-actualidad"],"aioseo_notices":[],"aioseo_head":"\n\t\t<!-- All in One SEO Pro 5.0.1 - aioseo.com -->\n\t<meta name=\"description\" content=\"Dos recetas tradicionales del Alto Arag\u00f3n y dos tapas aparecer\u00e1n pr\u00f3ximamente en el libro que la Red Espa\u00f1ola de Reservas de la Biosfera ya tiene listo para su publicaci\u00f3n. Ambas han sido aportadas por la Reserva de la Biosfera Ordesa-Vi\u00f1amala tras un concurso en el que se han seleccionado los men\u00fas elaborados por participantes de\" \/>\n\t<meta name=\"robots\" content=\"max-image-preview:large\" \/>\n\t<meta name=\"author\" content=\"El Digital de Asturias\"\/>\n\t<meta name=\"google-site-verification\" content=\"UA-38556648-1\" \/>\n\t<meta name=\"msvalidate.01\" content=\"7dfe9f3f1b24437ab69f4f2559babe99\" \/>\n\t<meta name=\"keywords\" content=\"actualidad\" \/>\n\t<link rel=\"canonical\" href=\"https:\/\/www.eldigitaldeasturias.com\/noticias\/los-sabores-de-aragon-tendran-su-espacio-en-el-libro-de-cocina-de-las-reservas-de-la-biosfera\/\" \/>\n\t<meta name=\"generator\" content=\"All in One SEO Pro (AIOSEO) 5.0.1\" \/>\n\t\t<meta property=\"og:locale\" content=\"es_ES\" \/>\n\t\t<meta property=\"og:site_name\" content=\"El Digital de Asturias\" \/>\n\t\t<meta property=\"og:type\" content=\"article\" \/>\n\t\t<meta property=\"og:title\" content=\"Los sabores de Arag\u00f3n tendr\u00e1n su espacio en el libro de cocina de las reservas de la biosfera - El Digital de Asturias\" \/>\n\t\t<meta property=\"og:description\" content=\"Dos recetas tradicionales del Alto Arag\u00f3n y dos tapas aparecer\u00e1n pr\u00f3ximamente en el libro que la Red Espa\u00f1ola de Reservas de la Biosfera ya tiene listo para su publicaci\u00f3n. Ambas han sido aportadas por la Reserva de la Biosfera Ordesa-Vi\u00f1amala tras un concurso en el que se han seleccionado los men\u00fas elaborados por participantes de\" \/>\n\t\t<meta property=\"og:url\" content=\"https:\/\/www.eldigitaldeasturias.com\/noticias\/los-sabores-de-aragon-tendran-su-espacio-en-el-libro-de-cocina-de-las-reservas-de-la-biosfera\/\" \/>\n\t\t<meta property=\"article:tag\" content=\"actualidad\" \/>\n\t\t<meta property=\"article:published_time\" content=\"2017-08-06T16:04:02+00:00\" \/>\n\t\t<meta property=\"article:modified_time\" content=\"2017-08-07T13:41:35+00:00\" \/>\n\t\t<meta property=\"article:publisher\" content=\"https:\/\/facebook.com\/eldigitaldeasturias\" \/>\n\t\t<meta name=\"twitter:card\" content=\"summary_large_image\" \/>\n\t\t<meta name=\"twitter:title\" content=\"Los sabores de Arag\u00f3n tendr\u00e1n su espacio en el libro de cocina de las reservas de la biosfera - El Digital de Asturias\" \/>\n\t\t<meta name=\"twitter:description\" content=\"Dos recetas tradicionales del Alto Arag\u00f3n y dos tapas aparecer\u00e1n pr\u00f3ximamente en el libro que la Red Espa\u00f1ola de Reservas de la Biosfera ya tiene listo para su publicaci\u00f3n. Ambas han sido aportadas por la Reserva de la Biosfera Ordesa-Vi\u00f1amala tras un concurso en el que se han seleccionado los men\u00fas elaborados por participantes de\" \/>\n\t\t<meta name=\"twitter:image\" content=\"https:\/\/www.eldigitaldeasturias.com\/noticias\/wp-content\/uploads\/2020\/12\/EDA-1.jpg\" \/>\n\t\t<meta name=\"twitter:label1\" content=\"Escrito por\" \/>\n\t\t<meta name=\"twitter:data1\" content=\"El Digital de Asturias\" \/>\n\t\t<meta name=\"twitter:label2\" content=\"Tiempo de lectura estimado\" \/>\n\t\t<meta name=\"twitter:data2\" content=\"2 minutos\" \/>\n\t\t<script type=\"application\/ld+json\" class=\"aioseo-schema\">\n\t\t\t{\"@context\":\"https:\\\/\\\/schema.org\",\"@graph\":[{\"@type\":\"BlogPosting\",\"@id\":\"https:\\\/\\\/www.eldigitaldeasturias.com\\\/noticias\\\/los-sabores-de-aragon-tendran-su-espacio-en-el-libro-de-cocina-de-las-reservas-de-la-biosfera\\\/#blogposting\",\"name\":\"Los sabores de Arag\\u00f3n tendr\\u00e1n su espacio en el libro de cocina de las reservas de la biosfera - El Digital de Asturias\",\"headline\":\"Los sabores de Arag\\u00f3n tendr\\u00e1n su espacio en el libro de cocina de las reservas de la biosfera\",\"author\":{\"@id\":\"https:\\\/\\\/www.eldigitaldeasturias.com\\\/noticias\\\/author\\\/admin\\\/#author\"},\"publisher\":{\"@id\":\"https:\\\/\\\/www.eldigitaldeasturias.com\\\/noticias\\\/#organization\"},\"image\":{\"@type\":\"ImageObject\",\"url\":948879},\"datePublished\":\"2017-08-06T16:04:02+02:00\",\"dateModified\":\"2017-08-07T13:41:35+02:00\",\"inLanguage\":\"es-ES\",\"mainEntityOfPage\":{\"@id\":\"https:\\\/\\\/www.eldigitaldeasturias.com\\\/noticias\\\/los-sabores-de-aragon-tendran-su-espacio-en-el-libro-de-cocina-de-las-reservas-de-la-biosfera\\\/#webpage\"},\"isPartOf\":{\"@id\":\"https:\\\/\\\/www.eldigitaldeasturias.com\\\/noticias\\\/los-sabores-de-aragon-tendran-su-espacio-en-el-libro-de-cocina-de-las-reservas-de-la-biosfera\\\/#webpage\"},\"articleSection\":\"Actualidad\"},{\"@type\":\"BreadcrumbList\",\"@id\":\"https:\\\/\\\/www.eldigitaldeasturias.com\\\/noticias\\\/los-sabores-de-aragon-tendran-su-espacio-en-el-libro-de-cocina-de-las-reservas-de-la-biosfera\\\/#breadcrumblist\",\"itemListElement\":[{\"@type\":\"ListItem\",\"@id\":\"https:\\\/\\\/www.eldigitaldeasturias.com\\\/noticias#listItem\",\"position\":1,\"name\":\"Home\",\"item\":\"https:\\\/\\\/www.eldigitaldeasturias.com\\\/noticias\",\"nextItem\":{\"@type\":\"ListItem\",\"@id\":\"https:\\\/\\\/www.eldigitaldeasturias.com\\\/noticias\\\/category\\\/actualidad\\\/#listItem\",\"name\":\"Actualidad\"}},{\"@type\":\"ListItem\",\"@id\":\"https:\\\/\\\/www.eldigitaldeasturias.com\\\/noticias\\\/category\\\/actualidad\\\/#listItem\",\"position\":2,\"name\":\"Actualidad\",\"item\":\"https:\\\/\\\/www.eldigitaldeasturias.com\\\/noticias\\\/category\\\/actualidad\\\/\",\"nextItem\":{\"@type\":\"ListItem\",\"@id\":\"https:\\\/\\\/www.eldigitaldeasturias.com\\\/noticias\\\/los-sabores-de-aragon-tendran-su-espacio-en-el-libro-de-cocina-de-las-reservas-de-la-biosfera\\\/#listItem\",\"name\":\"Los sabores de Arag\\u00f3n tendr\\u00e1n su espacio en el libro de cocina de las reservas de la biosfera\"},\"previousItem\":{\"@type\":\"ListItem\",\"@id\":\"https:\\\/\\\/www.eldigitaldeasturias.com\\\/noticias#listItem\",\"name\":\"Home\"}},{\"@type\":\"ListItem\",\"@id\":\"https:\\\/\\\/www.eldigitaldeasturias.com\\\/noticias\\\/los-sabores-de-aragon-tendran-su-espacio-en-el-libro-de-cocina-de-las-reservas-de-la-biosfera\\\/#listItem\",\"position\":3,\"name\":\"Los sabores de Arag\\u00f3n tendr\\u00e1n su espacio en el libro de cocina de las reservas de la biosfera\",\"previousItem\":{\"@type\":\"ListItem\",\"@id\":\"https:\\\/\\\/www.eldigitaldeasturias.com\\\/noticias\\\/category\\\/actualidad\\\/#listItem\",\"name\":\"Actualidad\"}}]},{\"@type\":\"Organization\",\"@id\":\"https:\\\/\\\/www.eldigitaldeasturias.com\\\/noticias\\\/#organization\",\"name\":\"El Digital de Asturias\",\"description\":\"Hemeroteca\",\"url\":\"https:\\\/\\\/www.eldigitaldeasturias.com\\\/noticias\\\/\",\"email\":\"info@eldigitaldeasturias.com\",\"telephone\":\"+34652131393\",\"logo\":{\"@type\":\"ImageObject\",\"url\":\"https:\\\/\\\/www.eldigitaldeasturias.com\\\/noticias\\\/wp-content\\\/uploads\\\/2020\\\/12\\\/EDA.jpg\",\"@id\":\"https:\\\/\\\/www.eldigitaldeasturias.com\\\/noticias\\\/los-sabores-de-aragon-tendran-su-espacio-en-el-libro-de-cocina-de-las-reservas-de-la-biosfera\\\/#organizationLogo\"},\"image\":{\"@id\":\"https:\\\/\\\/www.eldigitaldeasturias.com\\\/noticias\\\/los-sabores-de-aragon-tendran-su-espacio-en-el-libro-de-cocina-de-las-reservas-de-la-biosfera\\\/#organizationLogo\"},\"sameAs\":[\"https:\\\/\\\/facebook.com\\\/eldigitaldeasturias\",\"https:\\\/\\\/www.youtube.com\\\/channel\\\/UCZP-2wLEB9Rv6erhFmqVnvg\"],\"address\":{\"@id\":\"https:\\\/\\\/www.eldigitaldeasturias.com\\\/noticias\\\/#postaladdress\",\"@type\":\"PostalAddress\",\"streetAddress\":\"san antonio 4\",\"postalCode\":\"33430\",\"addressLocality\":\"Cand\\u00e1s\",\"addressRegion\":\"Asturias\",\"addressCountry\":\"ES\"}},{\"@type\":\"Person\",\"@id\":\"https:\\\/\\\/www.eldigitaldeasturias.com\\\/noticias\\\/author\\\/admin\\\/#author\",\"url\":\"https:\\\/\\\/www.eldigitaldeasturias.com\\\/noticias\\\/author\\\/admin\\\/\",\"name\":\"El Digital de Asturias\",\"image\":{\"@type\":\"ImageObject\",\"@id\":\"https:\\\/\\\/www.eldigitaldeasturias.com\\\/noticias\\\/los-sabores-de-aragon-tendran-su-espacio-en-el-libro-de-cocina-de-las-reservas-de-la-biosfera\\\/#authorImage\",\"url\":\"https:\\\/\\\/secure.gravatar.com\\\/avatar\\\/df2aeffc32bcd13f8d26072ef8a91b623d677766deac7f97ca815868cd41bf5e?s=96&d=mm&r=g\",\"width\":96,\"height\":96,\"caption\":\"El Digital de Asturias\"}},{\"@type\":\"WebPage\",\"@id\":\"https:\\\/\\\/www.eldigitaldeasturias.com\\\/noticias\\\/los-sabores-de-aragon-tendran-su-espacio-en-el-libro-de-cocina-de-las-reservas-de-la-biosfera\\\/#webpage\",\"url\":\"https:\\\/\\\/www.eldigitaldeasturias.com\\\/noticias\\\/los-sabores-de-aragon-tendran-su-espacio-en-el-libro-de-cocina-de-las-reservas-de-la-biosfera\\\/\",\"name\":\"Los sabores de Arag\\u00f3n tendr\\u00e1n su espacio en el libro de cocina de las reservas de la biosfera - El Digital de Asturias\",\"description\":\"Dos recetas tradicionales del Alto Arag\\u00f3n y dos tapas aparecer\\u00e1n pr\\u00f3ximamente en el libro que la Red Espa\\u00f1ola de Reservas de la Biosfera ya tiene listo para su publicaci\\u00f3n. Ambas han sido aportadas por la Reserva de la Biosfera Ordesa-Vi\\u00f1amala tras un concurso en el que se han seleccionado los men\\u00fas elaborados por participantes de\",\"inLanguage\":\"es-ES\",\"isPartOf\":{\"@id\":\"https:\\\/\\\/www.eldigitaldeasturias.com\\\/noticias\\\/#website\"},\"breadcrumb\":{\"@id\":\"https:\\\/\\\/www.eldigitaldeasturias.com\\\/noticias\\\/los-sabores-de-aragon-tendran-su-espacio-en-el-libro-de-cocina-de-las-reservas-de-la-biosfera\\\/#breadcrumblist\"},\"author\":{\"@id\":\"https:\\\/\\\/www.eldigitaldeasturias.com\\\/noticias\\\/author\\\/admin\\\/#author\"},\"creator\":{\"@id\":\"https:\\\/\\\/www.eldigitaldeasturias.com\\\/noticias\\\/author\\\/admin\\\/#author\"},\"image\":{\"@type\":\"ImageObject\",\"url\":948879,\"@id\":\"https:\\\/\\\/www.eldigitaldeasturias.com\\\/noticias\\\/los-sabores-de-aragon-tendran-su-espacio-en-el-libro-de-cocina-de-las-reservas-de-la-biosfera\\\/#mainImage\"},\"primaryImageOfPage\":{\"@id\":\"https:\\\/\\\/www.eldigitaldeasturias.com\\\/noticias\\\/los-sabores-de-aragon-tendran-su-espacio-en-el-libro-de-cocina-de-las-reservas-de-la-biosfera\\\/#mainImage\"},\"datePublished\":\"2017-08-06T16:04:02+02:00\",\"dateModified\":\"2017-08-07T13:41:35+02:00\"},{\"@type\":\"WebSite\",\"@id\":\"https:\\\/\\\/www.eldigitaldeasturias.com\\\/noticias\\\/#website\",\"url\":\"https:\\\/\\\/www.eldigitaldeasturias.com\\\/noticias\\\/\",\"name\":\"El Digital de Asturias - Diario de actualidad y noticias\",\"alternateName\":\"El Digital de Asturias - Diario de actualidad y noticias\",\"description\":\"Hemeroteca\",\"inLanguage\":\"es-ES\",\"publisher\":{\"@id\":\"https:\\\/\\\/www.eldigitaldeasturias.com\\\/noticias\\\/#organization\"}}]}\n\t\t<\/script>\n\t\t<!-- All in One SEO Pro -->\r\n\t\t<title>Los sabores de Arag\u00f3n tendr\u00e1n su espacio en el libro de cocina de las reservas de la biosfera - El Digital de Asturias<\/title>\n\n","aioseo_head_json":{"title":"Los sabores de Arag\u00f3n tendr\u00e1n su espacio en el libro de cocina de las reservas de la biosfera - El Digital de Asturias","description":"Dos recetas tradicionales del Alto Arag\u00f3n y dos tapas aparecer\u00e1n pr\u00f3ximamente en el libro que la Red Espa\u00f1ola de Reservas de la Biosfera ya tiene listo para su publicaci\u00f3n. Ambas han sido aportadas por la Reserva de la Biosfera Ordesa-Vi\u00f1amala tras un concurso en el que se han seleccionado los men\u00fas elaborados por participantes de","canonical_url":"https:\/\/www.eldigitaldeasturias.com\/noticias\/los-sabores-de-aragon-tendran-su-espacio-en-el-libro-de-cocina-de-las-reservas-de-la-biosfera\/","robots":"max-image-preview:large","keywords":"actualidad","webmasterTools":{"google-site-verification":"UA-38556648-1","msvalidate.01":"7dfe9f3f1b24437ab69f4f2559babe99","miscellaneous":""},"schema":{"@context":"https:\/\/schema.org","@graph":[{"@type":"BlogPosting","@id":"https:\/\/www.eldigitaldeasturias.com\/noticias\/los-sabores-de-aragon-tendran-su-espacio-en-el-libro-de-cocina-de-las-reservas-de-la-biosfera\/#blogposting","name":"Los sabores de Arag\u00f3n tendr\u00e1n su espacio en el libro de cocina de las reservas de la biosfera - El Digital de Asturias","headline":"Los sabores de Arag\u00f3n tendr\u00e1n su espacio en el libro de cocina de las reservas de la biosfera","author":{"@id":"https:\/\/www.eldigitaldeasturias.com\/noticias\/author\/admin\/#author"},"publisher":{"@id":"https:\/\/www.eldigitaldeasturias.com\/noticias\/#organization"},"image":{"@type":"ImageObject","url":948879},"datePublished":"2017-08-06T16:04:02+02:00","dateModified":"2017-08-07T13:41:35+02:00","inLanguage":"es-ES","mainEntityOfPage":{"@id":"https:\/\/www.eldigitaldeasturias.com\/noticias\/los-sabores-de-aragon-tendran-su-espacio-en-el-libro-de-cocina-de-las-reservas-de-la-biosfera\/#webpage"},"isPartOf":{"@id":"https:\/\/www.eldigitaldeasturias.com\/noticias\/los-sabores-de-aragon-tendran-su-espacio-en-el-libro-de-cocina-de-las-reservas-de-la-biosfera\/#webpage"},"articleSection":"Actualidad"},{"@type":"BreadcrumbList","@id":"https:\/\/www.eldigitaldeasturias.com\/noticias\/los-sabores-de-aragon-tendran-su-espacio-en-el-libro-de-cocina-de-las-reservas-de-la-biosfera\/#breadcrumblist","itemListElement":[{"@type":"ListItem","@id":"https:\/\/www.eldigitaldeasturias.com\/noticias#listItem","position":1,"name":"Home","item":"https:\/\/www.eldigitaldeasturias.com\/noticias","nextItem":{"@type":"ListItem","@id":"https:\/\/www.eldigitaldeasturias.com\/noticias\/category\/actualidad\/#listItem","name":"Actualidad"}},{"@type":"ListItem","@id":"https:\/\/www.eldigitaldeasturias.com\/noticias\/category\/actualidad\/#listItem","position":2,"name":"Actualidad","item":"https:\/\/www.eldigitaldeasturias.com\/noticias\/category\/actualidad\/","nextItem":{"@type":"ListItem","@id":"https:\/\/www.eldigitaldeasturias.com\/noticias\/los-sabores-de-aragon-tendran-su-espacio-en-el-libro-de-cocina-de-las-reservas-de-la-biosfera\/#listItem","name":"Los sabores de Arag\u00f3n tendr\u00e1n su espacio en el libro de cocina de las reservas de la biosfera"},"previousItem":{"@type":"ListItem","@id":"https:\/\/www.eldigitaldeasturias.com\/noticias#listItem","name":"Home"}},{"@type":"ListItem","@id":"https:\/\/www.eldigitaldeasturias.com\/noticias\/los-sabores-de-aragon-tendran-su-espacio-en-el-libro-de-cocina-de-las-reservas-de-la-biosfera\/#listItem","position":3,"name":"Los sabores de Arag\u00f3n tendr\u00e1n su espacio en el libro de cocina de las reservas de la biosfera","previousItem":{"@type":"ListItem","@id":"https:\/\/www.eldigitaldeasturias.com\/noticias\/category\/actualidad\/#listItem","name":"Actualidad"}}]},{"@type":"Organization","@id":"https:\/\/www.eldigitaldeasturias.com\/noticias\/#organization","name":"El Digital de Asturias","description":"Hemeroteca","url":"https:\/\/www.eldigitaldeasturias.com\/noticias\/","email":"info@eldigitaldeasturias.com","telephone":"+34652131393","logo":{"@type":"ImageObject","url":"https:\/\/www.eldigitaldeasturias.com\/noticias\/wp-content\/uploads\/2020\/12\/EDA.jpg","@id":"https:\/\/www.eldigitaldeasturias.com\/noticias\/los-sabores-de-aragon-tendran-su-espacio-en-el-libro-de-cocina-de-las-reservas-de-la-biosfera\/#organizationLogo"},"image":{"@id":"https:\/\/www.eldigitaldeasturias.com\/noticias\/los-sabores-de-aragon-tendran-su-espacio-en-el-libro-de-cocina-de-las-reservas-de-la-biosfera\/#organizationLogo"},"sameAs":["https:\/\/facebook.com\/eldigitaldeasturias","https:\/\/www.youtube.com\/channel\/UCZP-2wLEB9Rv6erhFmqVnvg"],"address":{"@id":"https:\/\/www.eldigitaldeasturias.com\/noticias\/#postaladdress","@type":"PostalAddress","streetAddress":"san antonio 4","postalCode":"33430","addressLocality":"Cand\u00e1s","addressRegion":"Asturias","addressCountry":"ES"}},{"@type":"Person","@id":"https:\/\/www.eldigitaldeasturias.com\/noticias\/author\/admin\/#author","url":"https:\/\/www.eldigitaldeasturias.com\/noticias\/author\/admin\/","name":"El Digital de Asturias","image":{"@type":"ImageObject","@id":"https:\/\/www.eldigitaldeasturias.com\/noticias\/los-sabores-de-aragon-tendran-su-espacio-en-el-libro-de-cocina-de-las-reservas-de-la-biosfera\/#authorImage","url":"https:\/\/secure.gravatar.com\/avatar\/df2aeffc32bcd13f8d26072ef8a91b623d677766deac7f97ca815868cd41bf5e?s=96&d=mm&r=g","width":96,"height":96,"caption":"El Digital de Asturias"}},{"@type":"WebPage","@id":"https:\/\/www.eldigitaldeasturias.com\/noticias\/los-sabores-de-aragon-tendran-su-espacio-en-el-libro-de-cocina-de-las-reservas-de-la-biosfera\/#webpage","url":"https:\/\/www.eldigitaldeasturias.com\/noticias\/los-sabores-de-aragon-tendran-su-espacio-en-el-libro-de-cocina-de-las-reservas-de-la-biosfera\/","name":"Los sabores de Arag\u00f3n tendr\u00e1n su espacio en el libro de cocina de las reservas de la biosfera - El Digital de Asturias","description":"Dos recetas tradicionales del Alto Arag\u00f3n y dos tapas aparecer\u00e1n pr\u00f3ximamente en el libro que la Red Espa\u00f1ola de Reservas de la Biosfera ya tiene listo para su publicaci\u00f3n. Ambas han sido aportadas por la Reserva de la Biosfera Ordesa-Vi\u00f1amala tras un concurso en el que se han seleccionado los men\u00fas elaborados por participantes de","inLanguage":"es-ES","isPartOf":{"@id":"https:\/\/www.eldigitaldeasturias.com\/noticias\/#website"},"breadcrumb":{"@id":"https:\/\/www.eldigitaldeasturias.com\/noticias\/los-sabores-de-aragon-tendran-su-espacio-en-el-libro-de-cocina-de-las-reservas-de-la-biosfera\/#breadcrumblist"},"author":{"@id":"https:\/\/www.eldigitaldeasturias.com\/noticias\/author\/admin\/#author"},"creator":{"@id":"https:\/\/www.eldigitaldeasturias.com\/noticias\/author\/admin\/#author"},"image":{"@type":"ImageObject","url":948879,"@id":"https:\/\/www.eldigitaldeasturias.com\/noticias\/los-sabores-de-aragon-tendran-su-espacio-en-el-libro-de-cocina-de-las-reservas-de-la-biosfera\/#mainImage"},"primaryImageOfPage":{"@id":"https:\/\/www.eldigitaldeasturias.com\/noticias\/los-sabores-de-aragon-tendran-su-espacio-en-el-libro-de-cocina-de-las-reservas-de-la-biosfera\/#mainImage"},"datePublished":"2017-08-06T16:04:02+02:00","dateModified":"2017-08-07T13:41:35+02:00"},{"@type":"WebSite","@id":"https:\/\/www.eldigitaldeasturias.com\/noticias\/#website","url":"https:\/\/www.eldigitaldeasturias.com\/noticias\/","name":"El Digital de Asturias - Diario de actualidad y noticias","alternateName":"El Digital de Asturias - Diario de actualidad y noticias","description":"Hemeroteca","inLanguage":"es-ES","publisher":{"@id":"https:\/\/www.eldigitaldeasturias.com\/noticias\/#organization"}}]},"og:locale":"es_ES","og:site_name":"El Digital de Asturias","og:type":"article","og:title":"Los sabores de Arag\u00f3n tendr\u00e1n su espacio en el libro de cocina de las reservas de la biosfera - El Digital de Asturias","og:description":"Dos recetas tradicionales del Alto Arag\u00f3n y dos tapas aparecer\u00e1n pr\u00f3ximamente en el libro que la Red Espa\u00f1ola de Reservas de la Biosfera ya tiene listo para su publicaci\u00f3n. Ambas han sido aportadas por la Reserva de la Biosfera Ordesa-Vi\u00f1amala tras un concurso en el que se han seleccionado los men\u00fas elaborados por participantes de","og:url":"https:\/\/www.eldigitaldeasturias.com\/noticias\/los-sabores-de-aragon-tendran-su-espacio-en-el-libro-de-cocina-de-las-reservas-de-la-biosfera\/","article:tag":["actualidad"],"article:published_time":"2017-08-06T16:04:02+00:00","article:modified_time":"2017-08-07T13:41:35+00:00","article:publisher":"https:\/\/facebook.com\/eldigitaldeasturias","twitter:card":"summary_large_image","twitter:title":"Los sabores de Arag\u00f3n tendr\u00e1n su espacio en el libro de cocina de las reservas de la biosfera - El Digital de Asturias","twitter:description":"Dos recetas tradicionales del Alto Arag\u00f3n y dos tapas aparecer\u00e1n pr\u00f3ximamente en el libro que la Red Espa\u00f1ola de Reservas de la Biosfera ya tiene listo para su publicaci\u00f3n. Ambas han sido aportadas por la Reserva de la Biosfera Ordesa-Vi\u00f1amala tras un concurso en el que se han seleccionado los men\u00fas elaborados por participantes de","twitter:image":"https:\/\/www.eldigitaldeasturias.com\/noticias\/wp-content\/uploads\/2020\/12\/EDA-1.jpg","twitter:label1":"Escrito por","twitter:data1":"El Digital de Asturias","twitter:label2":"Tiempo de lectura estimado","twitter:data2":"2 minutos"},"aioseo_meta_data":{"post_id":"948878","title":null,"description":null,"keywords":null,"keyphrases":null,"primary_term":null,"canonical_url":null,"og_title":null,"og_description":null,"og_object_type":"default","og_image_type":"default","og_image_url":null,"og_image_width":null,"og_image_height":null,"og_image_custom_url":null,"og_image_custom_fields":null,"og_video":null,"og_custom_url":null,"og_article_section":null,"og_article_tags":null,"twitter_use_og":false,"twitter_card":"default","twitter_image_type":"default","twitter_image_url":null,"twitter_image_custom_url":null,"twitter_image_custom_fields":null,"twitter_title":null,"twitter_description":null,"schema":{"blockGraphs":[],"customGraphs":[],"default":{"data":{"Article":[],"Course":[],"Dataset":[],"FAQPage":[],"Movie":[],"Person":[],"Product":[],"ProductReview":[],"Car":[],"Recipe":[],"Service":[],"SoftwareApplication":[],"WebPage":[]},"graphName":"","isEnabled":true},"graphs":[],"defaultGraph":"","defaultPostTypeGraph":""},"schema_type":null,"schema_type_options":null,"pillar_content":false,"robots_default":true,"robots_noindex":false,"robots_noarchive":false,"robots_nosnippet":false,"robots_nofollow":false,"robots_noimageindex":false,"robots_noodp":false,"robots_notranslate":false,"robots_max_snippet":null,"robots_max_videopreview":null,"robots_max_imagepreview":"large","priority":null,"frequency":null,"local_seo":null,"seo_analyzer_scan_date":"2025-12-05 10:20:12","breadcrumb_settings":null,"limit_modified_date":false,"open_ai":null,"ai":null,"created":"2020-12-21 13:03:36","updated":"2025-12-05 10:20:12","focus_keyword":null,"additional_keywords":null,"truseo_locale":null},"aioseo_breadcrumb":"<div class=\"aioseo-breadcrumbs\"><span class=\"aioseo-breadcrumb\">\n\t<a href=\"https:\/\/www.eldigitaldeasturias.com\/noticias\" title=\"Home\">Home<\/a>\n<\/span><span class=\"aioseo-breadcrumb-separator\">\u2013<\/span><span class=\"aioseo-breadcrumb\">\n\t<a href=\"https:\/\/www.eldigitaldeasturias.com\/noticias\/category\/actualidad\/\" title=\"Actualidad\">Actualidad<\/a>\n<\/span><span class=\"aioseo-breadcrumb-separator\">\u2013<\/span><span class=\"aioseo-breadcrumb\">\n\t<a href=\"https:\/\/www.eldigitaldeasturias.com\/noticias\/los-sabores-de-aragon-tendran-su-espacio-en-el-libro-de-cocina-de-las-reservas-de-la-biosfera\/\" title=\"Los sabores de Arag\u00f3n tendr\u00e1n su espacio en el libro de cocina de las reservas de la biosfera\">Los sabores de Arag\u00f3n tendr\u00e1n su espacio en el libro de cocina de las reservas de la biosfera<\/a>\n<\/span><\/div>","aioseo_breadcrumb_json":[{"label":"Home","link":"https:\/\/www.eldigitaldeasturias.com\/noticias"},{"label":"Actualidad","link":"https:\/\/www.eldigitaldeasturias.com\/noticias\/category\/actualidad\/"},{"label":"Los sabores de Arag\u00f3n tendr\u00e1n su espacio en el libro de cocina de las reservas de la biosfera","link":"https:\/\/www.eldigitaldeasturias.com\/noticias\/los-sabores-de-aragon-tendran-su-espacio-en-el-libro-de-cocina-de-las-reservas-de-la-biosfera\/"}],"_links":{"self":[{"href":"https:\/\/www.eldigitaldeasturias.com\/noticias\/wp-json\/wp\/v2\/posts\/948878","targetHints":{"allow":["GET"]}}],"collection":[{"href":"https:\/\/www.eldigitaldeasturias.com\/noticias\/wp-json\/wp\/v2\/posts"}],"about":[{"href":"https:\/\/www.eldigitaldeasturias.com\/noticias\/wp-json\/wp\/v2\/types\/post"}],"author":[{"embeddable":true,"href":"https:\/\/www.eldigitaldeasturias.com\/noticias\/wp-json\/wp\/v2\/users\/1"}],"replies":[{"embeddable":true,"href":"https:\/\/www.eldigitaldeasturias.com\/noticias\/wp-json\/wp\/v2\/comments?post=948878"}],"version-history":[{"count":0,"href":"https:\/\/www.eldigitaldeasturias.com\/noticias\/wp-json\/wp\/v2\/posts\/948878\/revisions"}],"wp:attachment":[{"href":"https:\/\/www.eldigitaldeasturias.com\/noticias\/wp-json\/wp\/v2\/media?parent=948878"}],"wp:term":[{"taxonomy":"category","embeddable":true,"href":"https:\/\/www.eldigitaldeasturias.com\/noticias\/wp-json\/wp\/v2\/categories?post=948878"},{"taxonomy":"post_tag","embeddable":true,"href":"https:\/\/www.eldigitaldeasturias.com\/noticias\/wp-json\/wp\/v2\/tags?post=948878"}],"curies":[{"name":"wp","href":"https:\/\/api.w.org\/{rel}","templated":true}]}}