{"id":948799,"date":"2017-08-05T12:33:42","date_gmt":"2017-08-05T12:33:42","guid":{"rendered":"http:\/\/www.eldigitaldeasturias.com\/noticias\/?p=948799"},"modified":"2017-08-05T12:33:42","modified_gmt":"2017-08-05T12:33:42","slug":"el-periodo-medio-de-pago-a-proveedores-se-situo-en-aragon-en-el-mes-de-junio-en-1587-dias","status":"publish","type":"post","link":"https:\/\/www.eldigitaldeasturias.com\/noticias\/el-periodo-medio-de-pago-a-proveedores-se-situo-en-aragon-en-el-mes-de-junio-en-1587-dias\/","title":{"rendered":"El Periodo Medio de Pago a Proveedores se situ\u00f3 en Arag\u00f3n en el mes de junio en 15,87 d\u00edas"},"content":{"rendered":"<p><img loading=\"lazy\" decoding=\"async\" class=\"alignleft size-medium wp-image-780683\" src=\"https:\/\/www.eldigitaldeasturias.com\/noticias\/wp-content\/uploads\/2015\/04\/euros1-360x198.jpg\" alt=\"\" width=\"360\" height=\"198\" \/>Seg\u00fan los datos del Departamento de Hacienda y Administraci\u00f3n P\u00fablica del Gobierno de Arag\u00f3n, el pasado mes de junio, el Periodo Medio de Pago a Proveedores se situ\u00f3 en 15,87 d\u00edas, mejorando as\u00ed la cifra de mayo (17,45 d\u00edas) y alcanzando el mejor ratio del \u00faltimo a\u00f1o. As\u00ed las cosas, las cifras de pago que ha registrado el Ejecutivo desde julio de 2016 hacen que la Comunidad haya cumplido la Ley 3\/2004, de 29 de diciembre, por la que se establecen las medidas de lucha contra la morosidad en operaciones comerciales y fija en 30 d\u00edas el plazo m\u00e1ximo de la normativa de morosidad.<\/p>\n<p>Esta evoluci\u00f3n ha sido posible gracias al esfuerzo realizado por el Gobierno de Arag\u00f3n y sus organismos adscritos para mejorar su ratio temporal de operaciones comerciales pagadas, que ha pasado desde los 78,59 d\u00edas de media que costaba abonar las facturas en julio de 2015, hasta los 15,87 del mes de junio. De esta manera se pone fin a lo ocurrido durante el periodo previo en el que el Periodo Medio de Pago a Proveedores lleg\u00f3 a superar en algunos meses los 116 d\u00edas de media.<\/p>\n<p>Por lo que respecta a la evoluci\u00f3n experimentada por el PMP en los \u00faltimos meses, es importante destacar, por ejemplo, la positiva evoluci\u00f3n que ha experimentado el Instituto Aragon\u00e9s de la Juventud, que ha reducido el PMP desde los 171,88 d\u00edas del mes de julio de 2016 hasta los 20,44 del pasado mes de junio.<\/p>\n<p>Destacan tambi\u00e9n por el cumplimiento en el pago a sus proveedores la Universidad de Zaragoza (que ha pasado de 42,97 d\u00edas a 15,05 en el periodo referido), el Instituto Aragon\u00e9s de Fomento (de 28,87 a 8,12) o el Instituto Aragon\u00e9s de la Mujer (de 55,27 a 26,94).<\/p>\n<p>&nbsp;<\/p>\n","protected":false},"excerpt":{"rendered":"<p>Seg\u00fan los datos del Departamento de Hacienda y Administraci\u00f3n P\u00fablica del Gobierno de Arag\u00f3n, el pasado mes de junio, el Periodo Medio de Pago a Proveedores se situ\u00f3 en 15,87 d\u00edas, mejorando as\u00ed la cifra de mayo (17,45 d\u00edas) y alcanzando el mejor ratio del \u00faltimo a\u00f1o. As\u00ed las cosas, las cifras de pago que [&hellip;]<\/p>\n","protected":false},"author":1,"featured_media":780683,"comment_status":"closed","ping_status":"closed","sticky":false,"template":"","format":"standard","meta":{"footnotes":""},"categories":[1],"tags":[],"class_list":["post-948799","post","type-post","status-publish","format-standard","has-post-thumbnail","hentry","category-actualidad"],"aioseo_notices":[],"aioseo_head":"\n\t\t<!-- All in One SEO Pro 5.0.1 - aioseo.com -->\n\t<meta name=\"description\" content=\"Seg\u00fan los datos del Departamento de Hacienda y Administraci\u00f3n P\u00fablica del Gobierno de Arag\u00f3n, el pasado mes de junio, el Periodo Medio de Pago a Proveedores se situ\u00f3 en 15,87 d\u00edas, mejorando as\u00ed la cifra de mayo (17,45 d\u00edas) y alcanzando el mejor ratio del \u00faltimo a\u00f1o. As\u00ed las cosas, las cifras de pago que\" \/>\n\t<meta name=\"robots\" content=\"max-image-preview:large\" \/>\n\t<meta name=\"author\" content=\"El Digital de Asturias\"\/>\n\t<meta name=\"google-site-verification\" content=\"UA-38556648-1\" \/>\n\t<meta name=\"msvalidate.01\" content=\"7dfe9f3f1b24437ab69f4f2559babe99\" \/>\n\t<meta name=\"keywords\" content=\"actualidad\" \/>\n\t<link rel=\"canonical\" href=\"https:\/\/www.eldigitaldeasturias.com\/noticias\/el-periodo-medio-de-pago-a-proveedores-se-situo-en-aragon-en-el-mes-de-junio-en-1587-dias\/\" \/>\n\t<meta name=\"generator\" content=\"All in One SEO Pro (AIOSEO) 5.0.1\" \/>\n\t\t<meta property=\"og:locale\" content=\"es_ES\" \/>\n\t\t<meta property=\"og:site_name\" content=\"El Digital de Asturias\" \/>\n\t\t<meta property=\"og:type\" content=\"article\" \/>\n\t\t<meta property=\"og:title\" content=\"El Periodo Medio de Pago a Proveedores se situ\u00f3 en Arag\u00f3n en el mes de junio en 15,87 d\u00edas - El Digital de Asturias\" \/>\n\t\t<meta property=\"og:description\" content=\"Seg\u00fan los datos del Departamento de Hacienda y Administraci\u00f3n P\u00fablica del Gobierno de Arag\u00f3n, el pasado mes de junio, el Periodo Medio de Pago a Proveedores se situ\u00f3 en 15,87 d\u00edas, mejorando as\u00ed la cifra de mayo (17,45 d\u00edas) y alcanzando el mejor ratio del \u00faltimo a\u00f1o. As\u00ed las cosas, las cifras de pago que\" \/>\n\t\t<meta property=\"og:url\" content=\"https:\/\/www.eldigitaldeasturias.com\/noticias\/el-periodo-medio-de-pago-a-proveedores-se-situo-en-aragon-en-el-mes-de-junio-en-1587-dias\/\" \/>\n\t\t<meta property=\"article:tag\" content=\"actualidad\" \/>\n\t\t<meta property=\"article:published_time\" content=\"2017-08-05T12:33:42+00:00\" \/>\n\t\t<meta property=\"article:modified_time\" content=\"2017-08-05T12:33:42+00:00\" \/>\n\t\t<meta property=\"article:publisher\" content=\"https:\/\/facebook.com\/eldigitaldeasturias\" \/>\n\t\t<meta name=\"twitter:card\" content=\"summary_large_image\" \/>\n\t\t<meta name=\"twitter:title\" content=\"El Periodo Medio de Pago a Proveedores se situ\u00f3 en Arag\u00f3n en el mes de junio en 15,87 d\u00edas - El Digital de Asturias\" \/>\n\t\t<meta name=\"twitter:description\" content=\"Seg\u00fan los datos del Departamento de Hacienda y Administraci\u00f3n P\u00fablica del Gobierno de Arag\u00f3n, el pasado mes de junio, el Periodo Medio de Pago a Proveedores se situ\u00f3 en 15,87 d\u00edas, mejorando as\u00ed la cifra de mayo (17,45 d\u00edas) y alcanzando el mejor ratio del \u00faltimo a\u00f1o. As\u00ed las cosas, las cifras de pago que\" \/>\n\t\t<meta name=\"twitter:image\" content=\"https:\/\/www.eldigitaldeasturias.com\/noticias\/wp-content\/uploads\/2020\/12\/EDA-1.jpg\" \/>\n\t\t<meta name=\"twitter:label1\" content=\"Escrito por\" \/>\n\t\t<meta name=\"twitter:data1\" content=\"El Digital de Asturias\" \/>\n\t\t<meta name=\"twitter:label2\" content=\"Tiempo de lectura estimado\" \/>\n\t\t<meta name=\"twitter:data2\" content=\"1 minuto\" \/>\n\t\t<script type=\"application\/ld+json\" class=\"aioseo-schema\">\n\t\t\t{\"@context\":\"https:\\\/\\\/schema.org\",\"@graph\":[{\"@type\":\"BlogPosting\",\"@id\":\"https:\\\/\\\/www.eldigitaldeasturias.com\\\/noticias\\\/el-periodo-medio-de-pago-a-proveedores-se-situo-en-aragon-en-el-mes-de-junio-en-1587-dias\\\/#blogposting\",\"name\":\"El Periodo Medio de Pago a Proveedores se situ\\u00f3 en Arag\\u00f3n en el mes de junio en 15,87 d\\u00edas - El Digital de Asturias\",\"headline\":\"El Periodo Medio de Pago a Proveedores se situ\\u00f3 en Arag\\u00f3n en el mes de junio en 15,87 d\\u00edas\",\"author\":{\"@id\":\"https:\\\/\\\/www.eldigitaldeasturias.com\\\/noticias\\\/author\\\/admin\\\/#author\"},\"publisher\":{\"@id\":\"https:\\\/\\\/www.eldigitaldeasturias.com\\\/noticias\\\/#organization\"},\"image\":{\"@type\":\"ImageObject\",\"url\":780683},\"datePublished\":\"2017-08-05T12:33:42+02:00\",\"dateModified\":\"2017-08-05T12:33:42+02:00\",\"inLanguage\":\"es-ES\",\"mainEntityOfPage\":{\"@id\":\"https:\\\/\\\/www.eldigitaldeasturias.com\\\/noticias\\\/el-periodo-medio-de-pago-a-proveedores-se-situo-en-aragon-en-el-mes-de-junio-en-1587-dias\\\/#webpage\"},\"isPartOf\":{\"@id\":\"https:\\\/\\\/www.eldigitaldeasturias.com\\\/noticias\\\/el-periodo-medio-de-pago-a-proveedores-se-situo-en-aragon-en-el-mes-de-junio-en-1587-dias\\\/#webpage\"},\"articleSection\":\"Actualidad\"},{\"@type\":\"BreadcrumbList\",\"@id\":\"https:\\\/\\\/www.eldigitaldeasturias.com\\\/noticias\\\/el-periodo-medio-de-pago-a-proveedores-se-situo-en-aragon-en-el-mes-de-junio-en-1587-dias\\\/#breadcrumblist\",\"itemListElement\":[{\"@type\":\"ListItem\",\"@id\":\"https:\\\/\\\/www.eldigitaldeasturias.com\\\/noticias#listItem\",\"position\":1,\"name\":\"Home\",\"item\":\"https:\\\/\\\/www.eldigitaldeasturias.com\\\/noticias\",\"nextItem\":{\"@type\":\"ListItem\",\"@id\":\"https:\\\/\\\/www.eldigitaldeasturias.com\\\/noticias\\\/category\\\/actualidad\\\/#listItem\",\"name\":\"Actualidad\"}},{\"@type\":\"ListItem\",\"@id\":\"https:\\\/\\\/www.eldigitaldeasturias.com\\\/noticias\\\/category\\\/actualidad\\\/#listItem\",\"position\":2,\"name\":\"Actualidad\",\"item\":\"https:\\\/\\\/www.eldigitaldeasturias.com\\\/noticias\\\/category\\\/actualidad\\\/\",\"nextItem\":{\"@type\":\"ListItem\",\"@id\":\"https:\\\/\\\/www.eldigitaldeasturias.com\\\/noticias\\\/el-periodo-medio-de-pago-a-proveedores-se-situo-en-aragon-en-el-mes-de-junio-en-1587-dias\\\/#listItem\",\"name\":\"El Periodo Medio de Pago a Proveedores se situ\\u00f3 en Arag\\u00f3n en el mes de junio en 15,87 d\\u00edas\"},\"previousItem\":{\"@type\":\"ListItem\",\"@id\":\"https:\\\/\\\/www.eldigitaldeasturias.com\\\/noticias#listItem\",\"name\":\"Home\"}},{\"@type\":\"ListItem\",\"@id\":\"https:\\\/\\\/www.eldigitaldeasturias.com\\\/noticias\\\/el-periodo-medio-de-pago-a-proveedores-se-situo-en-aragon-en-el-mes-de-junio-en-1587-dias\\\/#listItem\",\"position\":3,\"name\":\"El Periodo Medio de Pago a Proveedores se situ\\u00f3 en Arag\\u00f3n en el mes de junio en 15,87 d\\u00edas\",\"previousItem\":{\"@type\":\"ListItem\",\"@id\":\"https:\\\/\\\/www.eldigitaldeasturias.com\\\/noticias\\\/category\\\/actualidad\\\/#listItem\",\"name\":\"Actualidad\"}}]},{\"@type\":\"Organization\",\"@id\":\"https:\\\/\\\/www.eldigitaldeasturias.com\\\/noticias\\\/#organization\",\"name\":\"El Digital de Asturias\",\"description\":\"Hemeroteca\",\"url\":\"https:\\\/\\\/www.eldigitaldeasturias.com\\\/noticias\\\/\",\"email\":\"info@eldigitaldeasturias.com\",\"telephone\":\"+34652131393\",\"logo\":{\"@type\":\"ImageObject\",\"url\":\"https:\\\/\\\/www.eldigitaldeasturias.com\\\/noticias\\\/wp-content\\\/uploads\\\/2020\\\/12\\\/EDA.jpg\",\"@id\":\"https:\\\/\\\/www.eldigitaldeasturias.com\\\/noticias\\\/el-periodo-medio-de-pago-a-proveedores-se-situo-en-aragon-en-el-mes-de-junio-en-1587-dias\\\/#organizationLogo\"},\"image\":{\"@id\":\"https:\\\/\\\/www.eldigitaldeasturias.com\\\/noticias\\\/el-periodo-medio-de-pago-a-proveedores-se-situo-en-aragon-en-el-mes-de-junio-en-1587-dias\\\/#organizationLogo\"},\"sameAs\":[\"https:\\\/\\\/facebook.com\\\/eldigitaldeasturias\",\"https:\\\/\\\/www.youtube.com\\\/channel\\\/UCZP-2wLEB9Rv6erhFmqVnvg\"],\"address\":{\"@id\":\"https:\\\/\\\/www.eldigitaldeasturias.com\\\/noticias\\\/#postaladdress\",\"@type\":\"PostalAddress\",\"streetAddress\":\"san antonio 4\",\"postalCode\":\"33430\",\"addressLocality\":\"Cand\\u00e1s\",\"addressRegion\":\"Asturias\",\"addressCountry\":\"ES\"}},{\"@type\":\"Person\",\"@id\":\"https:\\\/\\\/www.eldigitaldeasturias.com\\\/noticias\\\/author\\\/admin\\\/#author\",\"url\":\"https:\\\/\\\/www.eldigitaldeasturias.com\\\/noticias\\\/author\\\/admin\\\/\",\"name\":\"El Digital de Asturias\",\"image\":{\"@type\":\"ImageObject\",\"@id\":\"https:\\\/\\\/www.eldigitaldeasturias.com\\\/noticias\\\/el-periodo-medio-de-pago-a-proveedores-se-situo-en-aragon-en-el-mes-de-junio-en-1587-dias\\\/#authorImage\",\"url\":\"https:\\\/\\\/secure.gravatar.com\\\/avatar\\\/df2aeffc32bcd13f8d26072ef8a91b623d677766deac7f97ca815868cd41bf5e?s=96&d=mm&r=g\",\"width\":96,\"height\":96,\"caption\":\"El Digital de Asturias\"}},{\"@type\":\"WebPage\",\"@id\":\"https:\\\/\\\/www.eldigitaldeasturias.com\\\/noticias\\\/el-periodo-medio-de-pago-a-proveedores-se-situo-en-aragon-en-el-mes-de-junio-en-1587-dias\\\/#webpage\",\"url\":\"https:\\\/\\\/www.eldigitaldeasturias.com\\\/noticias\\\/el-periodo-medio-de-pago-a-proveedores-se-situo-en-aragon-en-el-mes-de-junio-en-1587-dias\\\/\",\"name\":\"El Periodo Medio de Pago a Proveedores se situ\\u00f3 en Arag\\u00f3n en el mes de junio en 15,87 d\\u00edas - El Digital de Asturias\",\"description\":\"Seg\\u00fan los datos del Departamento de Hacienda y Administraci\\u00f3n P\\u00fablica del Gobierno de Arag\\u00f3n, el pasado mes de junio, el Periodo Medio de Pago a Proveedores se situ\\u00f3 en 15,87 d\\u00edas, mejorando as\\u00ed la cifra de mayo (17,45 d\\u00edas) y alcanzando el mejor ratio del \\u00faltimo a\\u00f1o. As\\u00ed las cosas, las cifras de pago que\",\"inLanguage\":\"es-ES\",\"isPartOf\":{\"@id\":\"https:\\\/\\\/www.eldigitaldeasturias.com\\\/noticias\\\/#website\"},\"breadcrumb\":{\"@id\":\"https:\\\/\\\/www.eldigitaldeasturias.com\\\/noticias\\\/el-periodo-medio-de-pago-a-proveedores-se-situo-en-aragon-en-el-mes-de-junio-en-1587-dias\\\/#breadcrumblist\"},\"author\":{\"@id\":\"https:\\\/\\\/www.eldigitaldeasturias.com\\\/noticias\\\/author\\\/admin\\\/#author\"},\"creator\":{\"@id\":\"https:\\\/\\\/www.eldigitaldeasturias.com\\\/noticias\\\/author\\\/admin\\\/#author\"},\"image\":{\"@type\":\"ImageObject\",\"url\":780683,\"@id\":\"https:\\\/\\\/www.eldigitaldeasturias.com\\\/noticias\\\/el-periodo-medio-de-pago-a-proveedores-se-situo-en-aragon-en-el-mes-de-junio-en-1587-dias\\\/#mainImage\"},\"primaryImageOfPage\":{\"@id\":\"https:\\\/\\\/www.eldigitaldeasturias.com\\\/noticias\\\/el-periodo-medio-de-pago-a-proveedores-se-situo-en-aragon-en-el-mes-de-junio-en-1587-dias\\\/#mainImage\"},\"datePublished\":\"2017-08-05T12:33:42+02:00\",\"dateModified\":\"2017-08-05T12:33:42+02:00\"},{\"@type\":\"WebSite\",\"@id\":\"https:\\\/\\\/www.eldigitaldeasturias.com\\\/noticias\\\/#website\",\"url\":\"https:\\\/\\\/www.eldigitaldeasturias.com\\\/noticias\\\/\",\"name\":\"El Digital de Asturias - Diario de actualidad y noticias\",\"alternateName\":\"El Digital de Asturias - Diario de actualidad y noticias\",\"description\":\"Hemeroteca\",\"inLanguage\":\"es-ES\",\"publisher\":{\"@id\":\"https:\\\/\\\/www.eldigitaldeasturias.com\\\/noticias\\\/#organization\"}}]}\n\t\t<\/script>\n\t\t<!-- All in One SEO Pro -->\r\n\t\t<title>El Periodo Medio de Pago a Proveedores se situ\u00f3 en Arag\u00f3n en el mes de junio en 15,87 d\u00edas - El Digital de Asturias<\/title>\n\n","aioseo_head_json":{"title":"El Periodo Medio de Pago a Proveedores se situ\u00f3 en Arag\u00f3n en el mes de junio en 15,87 d\u00edas - El Digital de Asturias","description":"Seg\u00fan los datos del Departamento de Hacienda y Administraci\u00f3n P\u00fablica del Gobierno de Arag\u00f3n, el pasado mes de junio, el Periodo Medio de Pago a Proveedores se situ\u00f3 en 15,87 d\u00edas, mejorando as\u00ed la cifra de mayo (17,45 d\u00edas) y alcanzando el mejor ratio del \u00faltimo a\u00f1o. As\u00ed las cosas, las cifras de pago que","canonical_url":"https:\/\/www.eldigitaldeasturias.com\/noticias\/el-periodo-medio-de-pago-a-proveedores-se-situo-en-aragon-en-el-mes-de-junio-en-1587-dias\/","robots":"max-image-preview:large","keywords":"actualidad","webmasterTools":{"google-site-verification":"UA-38556648-1","msvalidate.01":"7dfe9f3f1b24437ab69f4f2559babe99","miscellaneous":""},"schema":{"@context":"https:\/\/schema.org","@graph":[{"@type":"BlogPosting","@id":"https:\/\/www.eldigitaldeasturias.com\/noticias\/el-periodo-medio-de-pago-a-proveedores-se-situo-en-aragon-en-el-mes-de-junio-en-1587-dias\/#blogposting","name":"El Periodo Medio de Pago a Proveedores se situ\u00f3 en Arag\u00f3n en el mes de junio en 15,87 d\u00edas - El Digital de Asturias","headline":"El Periodo Medio de Pago a Proveedores se situ\u00f3 en Arag\u00f3n en el mes de junio en 15,87 d\u00edas","author":{"@id":"https:\/\/www.eldigitaldeasturias.com\/noticias\/author\/admin\/#author"},"publisher":{"@id":"https:\/\/www.eldigitaldeasturias.com\/noticias\/#organization"},"image":{"@type":"ImageObject","url":780683},"datePublished":"2017-08-05T12:33:42+02:00","dateModified":"2017-08-05T12:33:42+02:00","inLanguage":"es-ES","mainEntityOfPage":{"@id":"https:\/\/www.eldigitaldeasturias.com\/noticias\/el-periodo-medio-de-pago-a-proveedores-se-situo-en-aragon-en-el-mes-de-junio-en-1587-dias\/#webpage"},"isPartOf":{"@id":"https:\/\/www.eldigitaldeasturias.com\/noticias\/el-periodo-medio-de-pago-a-proveedores-se-situo-en-aragon-en-el-mes-de-junio-en-1587-dias\/#webpage"},"articleSection":"Actualidad"},{"@type":"BreadcrumbList","@id":"https:\/\/www.eldigitaldeasturias.com\/noticias\/el-periodo-medio-de-pago-a-proveedores-se-situo-en-aragon-en-el-mes-de-junio-en-1587-dias\/#breadcrumblist","itemListElement":[{"@type":"ListItem","@id":"https:\/\/www.eldigitaldeasturias.com\/noticias#listItem","position":1,"name":"Home","item":"https:\/\/www.eldigitaldeasturias.com\/noticias","nextItem":{"@type":"ListItem","@id":"https:\/\/www.eldigitaldeasturias.com\/noticias\/category\/actualidad\/#listItem","name":"Actualidad"}},{"@type":"ListItem","@id":"https:\/\/www.eldigitaldeasturias.com\/noticias\/category\/actualidad\/#listItem","position":2,"name":"Actualidad","item":"https:\/\/www.eldigitaldeasturias.com\/noticias\/category\/actualidad\/","nextItem":{"@type":"ListItem","@id":"https:\/\/www.eldigitaldeasturias.com\/noticias\/el-periodo-medio-de-pago-a-proveedores-se-situo-en-aragon-en-el-mes-de-junio-en-1587-dias\/#listItem","name":"El Periodo Medio de Pago a Proveedores se situ\u00f3 en Arag\u00f3n en el mes de junio en 15,87 d\u00edas"},"previousItem":{"@type":"ListItem","@id":"https:\/\/www.eldigitaldeasturias.com\/noticias#listItem","name":"Home"}},{"@type":"ListItem","@id":"https:\/\/www.eldigitaldeasturias.com\/noticias\/el-periodo-medio-de-pago-a-proveedores-se-situo-en-aragon-en-el-mes-de-junio-en-1587-dias\/#listItem","position":3,"name":"El Periodo Medio de Pago a Proveedores se situ\u00f3 en Arag\u00f3n en el mes de junio en 15,87 d\u00edas","previousItem":{"@type":"ListItem","@id":"https:\/\/www.eldigitaldeasturias.com\/noticias\/category\/actualidad\/#listItem","name":"Actualidad"}}]},{"@type":"Organization","@id":"https:\/\/www.eldigitaldeasturias.com\/noticias\/#organization","name":"El Digital de Asturias","description":"Hemeroteca","url":"https:\/\/www.eldigitaldeasturias.com\/noticias\/","email":"info@eldigitaldeasturias.com","telephone":"+34652131393","logo":{"@type":"ImageObject","url":"https:\/\/www.eldigitaldeasturias.com\/noticias\/wp-content\/uploads\/2020\/12\/EDA.jpg","@id":"https:\/\/www.eldigitaldeasturias.com\/noticias\/el-periodo-medio-de-pago-a-proveedores-se-situo-en-aragon-en-el-mes-de-junio-en-1587-dias\/#organizationLogo"},"image":{"@id":"https:\/\/www.eldigitaldeasturias.com\/noticias\/el-periodo-medio-de-pago-a-proveedores-se-situo-en-aragon-en-el-mes-de-junio-en-1587-dias\/#organizationLogo"},"sameAs":["https:\/\/facebook.com\/eldigitaldeasturias","https:\/\/www.youtube.com\/channel\/UCZP-2wLEB9Rv6erhFmqVnvg"],"address":{"@id":"https:\/\/www.eldigitaldeasturias.com\/noticias\/#postaladdress","@type":"PostalAddress","streetAddress":"san antonio 4","postalCode":"33430","addressLocality":"Cand\u00e1s","addressRegion":"Asturias","addressCountry":"ES"}},{"@type":"Person","@id":"https:\/\/www.eldigitaldeasturias.com\/noticias\/author\/admin\/#author","url":"https:\/\/www.eldigitaldeasturias.com\/noticias\/author\/admin\/","name":"El Digital de Asturias","image":{"@type":"ImageObject","@id":"https:\/\/www.eldigitaldeasturias.com\/noticias\/el-periodo-medio-de-pago-a-proveedores-se-situo-en-aragon-en-el-mes-de-junio-en-1587-dias\/#authorImage","url":"https:\/\/secure.gravatar.com\/avatar\/df2aeffc32bcd13f8d26072ef8a91b623d677766deac7f97ca815868cd41bf5e?s=96&d=mm&r=g","width":96,"height":96,"caption":"El Digital de Asturias"}},{"@type":"WebPage","@id":"https:\/\/www.eldigitaldeasturias.com\/noticias\/el-periodo-medio-de-pago-a-proveedores-se-situo-en-aragon-en-el-mes-de-junio-en-1587-dias\/#webpage","url":"https:\/\/www.eldigitaldeasturias.com\/noticias\/el-periodo-medio-de-pago-a-proveedores-se-situo-en-aragon-en-el-mes-de-junio-en-1587-dias\/","name":"El Periodo Medio de Pago a Proveedores se situ\u00f3 en Arag\u00f3n en el mes de junio en 15,87 d\u00edas - El Digital de Asturias","description":"Seg\u00fan los datos del Departamento de Hacienda y Administraci\u00f3n P\u00fablica del Gobierno de Arag\u00f3n, el pasado mes de junio, el Periodo Medio de Pago a Proveedores se situ\u00f3 en 15,87 d\u00edas, mejorando as\u00ed la cifra de mayo (17,45 d\u00edas) y alcanzando el mejor ratio del \u00faltimo a\u00f1o. As\u00ed las cosas, las cifras de pago que","inLanguage":"es-ES","isPartOf":{"@id":"https:\/\/www.eldigitaldeasturias.com\/noticias\/#website"},"breadcrumb":{"@id":"https:\/\/www.eldigitaldeasturias.com\/noticias\/el-periodo-medio-de-pago-a-proveedores-se-situo-en-aragon-en-el-mes-de-junio-en-1587-dias\/#breadcrumblist"},"author":{"@id":"https:\/\/www.eldigitaldeasturias.com\/noticias\/author\/admin\/#author"},"creator":{"@id":"https:\/\/www.eldigitaldeasturias.com\/noticias\/author\/admin\/#author"},"image":{"@type":"ImageObject","url":780683,"@id":"https:\/\/www.eldigitaldeasturias.com\/noticias\/el-periodo-medio-de-pago-a-proveedores-se-situo-en-aragon-en-el-mes-de-junio-en-1587-dias\/#mainImage"},"primaryImageOfPage":{"@id":"https:\/\/www.eldigitaldeasturias.com\/noticias\/el-periodo-medio-de-pago-a-proveedores-se-situo-en-aragon-en-el-mes-de-junio-en-1587-dias\/#mainImage"},"datePublished":"2017-08-05T12:33:42+02:00","dateModified":"2017-08-05T12:33:42+02:00"},{"@type":"WebSite","@id":"https:\/\/www.eldigitaldeasturias.com\/noticias\/#website","url":"https:\/\/www.eldigitaldeasturias.com\/noticias\/","name":"El Digital de Asturias - Diario de actualidad y noticias","alternateName":"El Digital de Asturias - Diario de actualidad y noticias","description":"Hemeroteca","inLanguage":"es-ES","publisher":{"@id":"https:\/\/www.eldigitaldeasturias.com\/noticias\/#organization"}}]},"og:locale":"es_ES","og:site_name":"El Digital de Asturias","og:type":"article","og:title":"El Periodo Medio de Pago a Proveedores se situ\u00f3 en Arag\u00f3n en el mes de junio en 15,87 d\u00edas - El Digital de Asturias","og:description":"Seg\u00fan los datos del Departamento de Hacienda y Administraci\u00f3n P\u00fablica del Gobierno de Arag\u00f3n, el pasado mes de junio, el Periodo Medio de Pago a Proveedores se situ\u00f3 en 15,87 d\u00edas, mejorando as\u00ed la cifra de mayo (17,45 d\u00edas) y alcanzando el mejor ratio del \u00faltimo a\u00f1o. As\u00ed las cosas, las cifras de pago que","og:url":"https:\/\/www.eldigitaldeasturias.com\/noticias\/el-periodo-medio-de-pago-a-proveedores-se-situo-en-aragon-en-el-mes-de-junio-en-1587-dias\/","article:tag":["actualidad"],"article:published_time":"2017-08-05T12:33:42+00:00","article:modified_time":"2017-08-05T12:33:42+00:00","article:publisher":"https:\/\/facebook.com\/eldigitaldeasturias","twitter:card":"summary_large_image","twitter:title":"El Periodo Medio de Pago a Proveedores se situ\u00f3 en Arag\u00f3n en el mes de junio en 15,87 d\u00edas - El Digital de Asturias","twitter:description":"Seg\u00fan los datos del Departamento de Hacienda y Administraci\u00f3n P\u00fablica del Gobierno de Arag\u00f3n, el pasado mes de junio, el Periodo Medio de Pago a Proveedores se situ\u00f3 en 15,87 d\u00edas, mejorando as\u00ed la cifra de mayo (17,45 d\u00edas) y alcanzando el mejor ratio del \u00faltimo a\u00f1o. As\u00ed las cosas, las cifras de pago que","twitter:image":"https:\/\/www.eldigitaldeasturias.com\/noticias\/wp-content\/uploads\/2020\/12\/EDA-1.jpg","twitter:label1":"Escrito por","twitter:data1":"El Digital de Asturias","twitter:label2":"Tiempo de lectura estimado","twitter:data2":"1 minuto"},"aioseo_meta_data":{"post_id":"948799","title":null,"description":null,"keywords":null,"keyphrases":null,"primary_term":null,"canonical_url":null,"og_title":null,"og_description":null,"og_object_type":"default","og_image_type":"default","og_image_url":null,"og_image_width":null,"og_image_height":null,"og_image_custom_url":null,"og_image_custom_fields":null,"og_video":null,"og_custom_url":null,"og_article_section":null,"og_article_tags":null,"twitter_use_og":false,"twitter_card":"default","twitter_image_type":"default","twitter_image_url":null,"twitter_image_custom_url":null,"twitter_image_custom_fields":null,"twitter_title":null,"twitter_description":null,"schema":{"blockGraphs":[],"customGraphs":[],"default":{"data":{"Article":[],"Course":[],"Dataset":[],"FAQPage":[],"Movie":[],"Person":[],"Product":[],"ProductReview":[],"Car":[],"Recipe":[],"Service":[],"SoftwareApplication":[],"WebPage":[]},"graphName":"","isEnabled":true},"graphs":[],"defaultGraph":"","defaultPostTypeGraph":""},"schema_type":null,"schema_type_options":null,"pillar_content":false,"robots_default":true,"robots_noindex":false,"robots_noarchive":false,"robots_nosnippet":false,"robots_nofollow":false,"robots_noimageindex":false,"robots_noodp":false,"robots_notranslate":false,"robots_max_snippet":null,"robots_max_videopreview":null,"robots_max_imagepreview":"large","priority":null,"frequency":null,"local_seo":null,"seo_analyzer_scan_date":"2025-12-05 10:00:17","breadcrumb_settings":null,"limit_modified_date":false,"open_ai":null,"ai":null,"created":"2020-12-21 13:03:37","updated":"2025-12-05 10:00:17","focus_keyword":null,"additional_keywords":null,"truseo_locale":null},"aioseo_breadcrumb":"<div class=\"aioseo-breadcrumbs\"><span class=\"aioseo-breadcrumb\">\n\t<a href=\"https:\/\/www.eldigitaldeasturias.com\/noticias\" title=\"Home\">Home<\/a>\n<\/span><span class=\"aioseo-breadcrumb-separator\">\u2013<\/span><span class=\"aioseo-breadcrumb\">\n\t<a href=\"https:\/\/www.eldigitaldeasturias.com\/noticias\/category\/actualidad\/\" title=\"Actualidad\">Actualidad<\/a>\n<\/span><span class=\"aioseo-breadcrumb-separator\">\u2013<\/span><span class=\"aioseo-breadcrumb\">\n\t<a href=\"https:\/\/www.eldigitaldeasturias.com\/noticias\/el-periodo-medio-de-pago-a-proveedores-se-situo-en-aragon-en-el-mes-de-junio-en-1587-dias\/\" title=\"El Periodo Medio de Pago a Proveedores se situ\u00f3 en Arag\u00f3n en el mes de junio en 15,87 d\u00edas\">El Periodo Medio de Pago a Proveedores se situ\u00f3 en Arag\u00f3n en el mes de junio en 15,87 d\u00edas<\/a>\n<\/span><\/div>","aioseo_breadcrumb_json":[{"label":"Home","link":"https:\/\/www.eldigitaldeasturias.com\/noticias"},{"label":"Actualidad","link":"https:\/\/www.eldigitaldeasturias.com\/noticias\/category\/actualidad\/"},{"label":"El Periodo Medio de Pago a Proveedores se situ\u00f3 en Arag\u00f3n en el mes de junio en 15,87 d\u00edas","link":"https:\/\/www.eldigitaldeasturias.com\/noticias\/el-periodo-medio-de-pago-a-proveedores-se-situo-en-aragon-en-el-mes-de-junio-en-1587-dias\/"}],"_links":{"self":[{"href":"https:\/\/www.eldigitaldeasturias.com\/noticias\/wp-json\/wp\/v2\/posts\/948799","targetHints":{"allow":["GET"]}}],"collection":[{"href":"https:\/\/www.eldigitaldeasturias.com\/noticias\/wp-json\/wp\/v2\/posts"}],"about":[{"href":"https:\/\/www.eldigitaldeasturias.com\/noticias\/wp-json\/wp\/v2\/types\/post"}],"author":[{"embeddable":true,"href":"https:\/\/www.eldigitaldeasturias.com\/noticias\/wp-json\/wp\/v2\/users\/1"}],"replies":[{"embeddable":true,"href":"https:\/\/www.eldigitaldeasturias.com\/noticias\/wp-json\/wp\/v2\/comments?post=948799"}],"version-history":[{"count":0,"href":"https:\/\/www.eldigitaldeasturias.com\/noticias\/wp-json\/wp\/v2\/posts\/948799\/revisions"}],"wp:attachment":[{"href":"https:\/\/www.eldigitaldeasturias.com\/noticias\/wp-json\/wp\/v2\/media?parent=948799"}],"wp:term":[{"taxonomy":"category","embeddable":true,"href":"https:\/\/www.eldigitaldeasturias.com\/noticias\/wp-json\/wp\/v2\/categories?post=948799"},{"taxonomy":"post_tag","embeddable":true,"href":"https:\/\/www.eldigitaldeasturias.com\/noticias\/wp-json\/wp\/v2\/tags?post=948799"}],"curies":[{"name":"wp","href":"https:\/\/api.w.org\/{rel}","templated":true}]}}