{"id":948783,"date":"2017-08-05T12:09:49","date_gmt":"2017-08-05T12:09:49","guid":{"rendered":"http:\/\/www.eldigitaldeasturias.com\/noticias\/?p=948783"},"modified":"2017-08-05T12:09:49","modified_gmt":"2017-08-05T12:09:49","slug":"el-tiempo-en-madrid-domingo-6-de-agosto-de-2017","status":"publish","type":"post","link":"https:\/\/www.eldigitaldeasturias.com\/noticias\/el-tiempo-en-madrid-domingo-6-de-agosto-de-2017\/","title":{"rendered":"El tiempo en Madrid, domingo 6 de agosto de 2017"},"content":{"rendered":"<p><img loading=\"lazy\" decoding=\"async\" class=\"alignleft size-medium wp-image-804451\" src=\"https:\/\/www.eldigitaldeasturias.com\/noticias\/wp-content\/uploads\/2015\/08\/madrid1-360x198.jpg\" alt=\"\" width=\"360\" height=\"198\" \/>Domingo con predominio de cielos despejados con alguna nubosidad de evoluci\u00f3n en el extremo norte de la Sierra.<\/p>\n<p>Temperaturas en descenso, con m\u00ednimas que podr\u00e1n alcanzar localmente los 20 grados en la Sierra y los 22 grados en el resto, y m\u00e1ximas que alcanzar\u00e1n los 34 grados en la Sierra y los 37 grados en puntos del sur de la Comunidad.<\/p>\n<p>Vientos flojos variables con predominio de la direcci\u00f3n noreste a primeras horas y de la direcci\u00f3n suroeste por la tarde.<\/p>\n","protected":false},"excerpt":{"rendered":"<p>Domingo con predominio de cielos despejados con alguna nubosidad de evoluci\u00f3n en el extremo norte de la Sierra. Temperaturas en descenso, con m\u00ednimas que podr\u00e1n alcanzar localmente los 20 grados en la Sierra y los 22 grados en el resto, y m\u00e1ximas que alcanzar\u00e1n los 34 grados en la Sierra y los 37 grados en [&hellip;]<\/p>\n","protected":false},"author":1,"featured_media":804451,"comment_status":"closed","ping_status":"closed","sticky":false,"template":"","format":"standard","meta":{"footnotes":""},"categories":[1],"tags":[],"class_list":["post-948783","post","type-post","status-publish","format-standard","has-post-thumbnail","hentry","category-actualidad"],"aioseo_notices":[],"aioseo_head":"\n\t\t<!-- All in One SEO Pro 5.0.1 - aioseo.com -->\n\t<meta name=\"description\" content=\"Domingo con predominio de cielos despejados con alguna nubosidad de evoluci\u00f3n en el extremo norte de la Sierra. Temperaturas en descenso, con m\u00ednimas que podr\u00e1n alcanzar localmente los 20 grados en la Sierra y los 22 grados en el resto, y m\u00e1ximas que alcanzar\u00e1n los 34 grados en la Sierra y los 37 grados en\" \/>\n\t<meta name=\"robots\" content=\"max-image-preview:large\" \/>\n\t<meta name=\"author\" content=\"El Digital de Asturias\"\/>\n\t<meta name=\"google-site-verification\" content=\"UA-38556648-1\" \/>\n\t<meta name=\"msvalidate.01\" content=\"7dfe9f3f1b24437ab69f4f2559babe99\" \/>\n\t<meta name=\"keywords\" content=\"actualidad\" \/>\n\t<link rel=\"canonical\" href=\"https:\/\/www.eldigitaldeasturias.com\/noticias\/el-tiempo-en-madrid-domingo-6-de-agosto-de-2017\/\" \/>\n\t<meta name=\"generator\" content=\"All in One SEO Pro (AIOSEO) 5.0.1\" \/>\n\t\t<meta property=\"og:locale\" content=\"es_ES\" \/>\n\t\t<meta property=\"og:site_name\" content=\"El Digital de Asturias\" \/>\n\t\t<meta property=\"og:type\" content=\"article\" \/>\n\t\t<meta property=\"og:title\" content=\"El tiempo en Madrid, domingo 6 de agosto de 2017 - El Digital de Asturias\" \/>\n\t\t<meta property=\"og:description\" content=\"Domingo con predominio de cielos despejados con alguna nubosidad de evoluci\u00f3n en el extremo norte de la Sierra. Temperaturas en descenso, con m\u00ednimas que podr\u00e1n alcanzar localmente los 20 grados en la Sierra y los 22 grados en el resto, y m\u00e1ximas que alcanzar\u00e1n los 34 grados en la Sierra y los 37 grados en\" \/>\n\t\t<meta property=\"og:url\" content=\"https:\/\/www.eldigitaldeasturias.com\/noticias\/el-tiempo-en-madrid-domingo-6-de-agosto-de-2017\/\" \/>\n\t\t<meta property=\"article:tag\" content=\"actualidad\" \/>\n\t\t<meta property=\"article:published_time\" content=\"2017-08-05T12:09:49+00:00\" \/>\n\t\t<meta property=\"article:modified_time\" content=\"2017-08-05T12:09:49+00:00\" \/>\n\t\t<meta property=\"article:publisher\" content=\"https:\/\/facebook.com\/eldigitaldeasturias\" \/>\n\t\t<meta name=\"twitter:card\" content=\"summary_large_image\" \/>\n\t\t<meta name=\"twitter:title\" content=\"El tiempo en Madrid, domingo 6 de agosto de 2017 - El Digital de Asturias\" \/>\n\t\t<meta name=\"twitter:description\" content=\"Domingo con predominio de cielos despejados con alguna nubosidad de evoluci\u00f3n en el extremo norte de la Sierra. Temperaturas en descenso, con m\u00ednimas que podr\u00e1n alcanzar localmente los 20 grados en la Sierra y los 22 grados en el resto, y m\u00e1ximas que alcanzar\u00e1n los 34 grados en la Sierra y los 37 grados en\" \/>\n\t\t<meta name=\"twitter:image\" content=\"https:\/\/www.eldigitaldeasturias.com\/noticias\/wp-content\/uploads\/2020\/12\/EDA-1.jpg\" \/>\n\t\t<meta name=\"twitter:label1\" content=\"Escrito por\" \/>\n\t\t<meta name=\"twitter:data1\" content=\"El Digital de Asturias\" \/>\n\t\t<script type=\"application\/ld+json\" class=\"aioseo-schema\">\n\t\t\t{\"@context\":\"https:\\\/\\\/schema.org\",\"@graph\":[{\"@type\":\"BlogPosting\",\"@id\":\"https:\\\/\\\/www.eldigitaldeasturias.com\\\/noticias\\\/el-tiempo-en-madrid-domingo-6-de-agosto-de-2017\\\/#blogposting\",\"name\":\"El tiempo en Madrid, domingo 6 de agosto de 2017 - El Digital de Asturias\",\"headline\":\"El tiempo en Madrid, domingo 6 de agosto de 2017\",\"author\":{\"@id\":\"https:\\\/\\\/www.eldigitaldeasturias.com\\\/noticias\\\/author\\\/admin\\\/#author\"},\"publisher\":{\"@id\":\"https:\\\/\\\/www.eldigitaldeasturias.com\\\/noticias\\\/#organization\"},\"image\":{\"@type\":\"ImageObject\",\"url\":804451},\"datePublished\":\"2017-08-05T12:09:49+02:00\",\"dateModified\":\"2017-08-05T12:09:49+02:00\",\"inLanguage\":\"es-ES\",\"mainEntityOfPage\":{\"@id\":\"https:\\\/\\\/www.eldigitaldeasturias.com\\\/noticias\\\/el-tiempo-en-madrid-domingo-6-de-agosto-de-2017\\\/#webpage\"},\"isPartOf\":{\"@id\":\"https:\\\/\\\/www.eldigitaldeasturias.com\\\/noticias\\\/el-tiempo-en-madrid-domingo-6-de-agosto-de-2017\\\/#webpage\"},\"articleSection\":\"Actualidad\"},{\"@type\":\"BreadcrumbList\",\"@id\":\"https:\\\/\\\/www.eldigitaldeasturias.com\\\/noticias\\\/el-tiempo-en-madrid-domingo-6-de-agosto-de-2017\\\/#breadcrumblist\",\"itemListElement\":[{\"@type\":\"ListItem\",\"@id\":\"https:\\\/\\\/www.eldigitaldeasturias.com\\\/noticias#listItem\",\"position\":1,\"name\":\"Home\",\"item\":\"https:\\\/\\\/www.eldigitaldeasturias.com\\\/noticias\",\"nextItem\":{\"@type\":\"ListItem\",\"@id\":\"https:\\\/\\\/www.eldigitaldeasturias.com\\\/noticias\\\/category\\\/actualidad\\\/#listItem\",\"name\":\"Actualidad\"}},{\"@type\":\"ListItem\",\"@id\":\"https:\\\/\\\/www.eldigitaldeasturias.com\\\/noticias\\\/category\\\/actualidad\\\/#listItem\",\"position\":2,\"name\":\"Actualidad\",\"item\":\"https:\\\/\\\/www.eldigitaldeasturias.com\\\/noticias\\\/category\\\/actualidad\\\/\",\"nextItem\":{\"@type\":\"ListItem\",\"@id\":\"https:\\\/\\\/www.eldigitaldeasturias.com\\\/noticias\\\/el-tiempo-en-madrid-domingo-6-de-agosto-de-2017\\\/#listItem\",\"name\":\"El tiempo en Madrid, domingo 6 de agosto de 2017\"},\"previousItem\":{\"@type\":\"ListItem\",\"@id\":\"https:\\\/\\\/www.eldigitaldeasturias.com\\\/noticias#listItem\",\"name\":\"Home\"}},{\"@type\":\"ListItem\",\"@id\":\"https:\\\/\\\/www.eldigitaldeasturias.com\\\/noticias\\\/el-tiempo-en-madrid-domingo-6-de-agosto-de-2017\\\/#listItem\",\"position\":3,\"name\":\"El tiempo en Madrid, domingo 6 de agosto de 2017\",\"previousItem\":{\"@type\":\"ListItem\",\"@id\":\"https:\\\/\\\/www.eldigitaldeasturias.com\\\/noticias\\\/category\\\/actualidad\\\/#listItem\",\"name\":\"Actualidad\"}}]},{\"@type\":\"Organization\",\"@id\":\"https:\\\/\\\/www.eldigitaldeasturias.com\\\/noticias\\\/#organization\",\"name\":\"El Digital de Asturias\",\"description\":\"Hemeroteca\",\"url\":\"https:\\\/\\\/www.eldigitaldeasturias.com\\\/noticias\\\/\",\"email\":\"info@eldigitaldeasturias.com\",\"telephone\":\"+34652131393\",\"logo\":{\"@type\":\"ImageObject\",\"url\":\"https:\\\/\\\/www.eldigitaldeasturias.com\\\/noticias\\\/wp-content\\\/uploads\\\/2020\\\/12\\\/EDA.jpg\",\"@id\":\"https:\\\/\\\/www.eldigitaldeasturias.com\\\/noticias\\\/el-tiempo-en-madrid-domingo-6-de-agosto-de-2017\\\/#organizationLogo\"},\"image\":{\"@id\":\"https:\\\/\\\/www.eldigitaldeasturias.com\\\/noticias\\\/el-tiempo-en-madrid-domingo-6-de-agosto-de-2017\\\/#organizationLogo\"},\"sameAs\":[\"https:\\\/\\\/facebook.com\\\/eldigitaldeasturias\",\"https:\\\/\\\/www.youtube.com\\\/channel\\\/UCZP-2wLEB9Rv6erhFmqVnvg\"],\"address\":{\"@id\":\"https:\\\/\\\/www.eldigitaldeasturias.com\\\/noticias\\\/#postaladdress\",\"@type\":\"PostalAddress\",\"streetAddress\":\"san antonio 4\",\"postalCode\":\"33430\",\"addressLocality\":\"Cand\\u00e1s\",\"addressRegion\":\"Asturias\",\"addressCountry\":\"ES\"}},{\"@type\":\"Person\",\"@id\":\"https:\\\/\\\/www.eldigitaldeasturias.com\\\/noticias\\\/author\\\/admin\\\/#author\",\"url\":\"https:\\\/\\\/www.eldigitaldeasturias.com\\\/noticias\\\/author\\\/admin\\\/\",\"name\":\"El Digital de Asturias\",\"image\":{\"@type\":\"ImageObject\",\"@id\":\"https:\\\/\\\/www.eldigitaldeasturias.com\\\/noticias\\\/el-tiempo-en-madrid-domingo-6-de-agosto-de-2017\\\/#authorImage\",\"url\":\"https:\\\/\\\/secure.gravatar.com\\\/avatar\\\/df2aeffc32bcd13f8d26072ef8a91b623d677766deac7f97ca815868cd41bf5e?s=96&d=mm&r=g\",\"width\":96,\"height\":96,\"caption\":\"El Digital de Asturias\"}},{\"@type\":\"WebPage\",\"@id\":\"https:\\\/\\\/www.eldigitaldeasturias.com\\\/noticias\\\/el-tiempo-en-madrid-domingo-6-de-agosto-de-2017\\\/#webpage\",\"url\":\"https:\\\/\\\/www.eldigitaldeasturias.com\\\/noticias\\\/el-tiempo-en-madrid-domingo-6-de-agosto-de-2017\\\/\",\"name\":\"El tiempo en Madrid, domingo 6 de agosto de 2017 - El Digital de Asturias\",\"description\":\"Domingo con predominio de cielos despejados con alguna nubosidad de evoluci\\u00f3n en el extremo norte de la Sierra. Temperaturas en descenso, con m\\u00ednimas que podr\\u00e1n alcanzar localmente los 20 grados en la Sierra y los 22 grados en el resto, y m\\u00e1ximas que alcanzar\\u00e1n los 34 grados en la Sierra y los 37 grados en\",\"inLanguage\":\"es-ES\",\"isPartOf\":{\"@id\":\"https:\\\/\\\/www.eldigitaldeasturias.com\\\/noticias\\\/#website\"},\"breadcrumb\":{\"@id\":\"https:\\\/\\\/www.eldigitaldeasturias.com\\\/noticias\\\/el-tiempo-en-madrid-domingo-6-de-agosto-de-2017\\\/#breadcrumblist\"},\"author\":{\"@id\":\"https:\\\/\\\/www.eldigitaldeasturias.com\\\/noticias\\\/author\\\/admin\\\/#author\"},\"creator\":{\"@id\":\"https:\\\/\\\/www.eldigitaldeasturias.com\\\/noticias\\\/author\\\/admin\\\/#author\"},\"image\":{\"@type\":\"ImageObject\",\"url\":804451,\"@id\":\"https:\\\/\\\/www.eldigitaldeasturias.com\\\/noticias\\\/el-tiempo-en-madrid-domingo-6-de-agosto-de-2017\\\/#mainImage\"},\"primaryImageOfPage\":{\"@id\":\"https:\\\/\\\/www.eldigitaldeasturias.com\\\/noticias\\\/el-tiempo-en-madrid-domingo-6-de-agosto-de-2017\\\/#mainImage\"},\"datePublished\":\"2017-08-05T12:09:49+02:00\",\"dateModified\":\"2017-08-05T12:09:49+02:00\"},{\"@type\":\"WebSite\",\"@id\":\"https:\\\/\\\/www.eldigitaldeasturias.com\\\/noticias\\\/#website\",\"url\":\"https:\\\/\\\/www.eldigitaldeasturias.com\\\/noticias\\\/\",\"name\":\"El Digital de Asturias - Diario de actualidad y noticias\",\"alternateName\":\"El Digital de Asturias - Diario de actualidad y noticias\",\"description\":\"Hemeroteca\",\"inLanguage\":\"es-ES\",\"publisher\":{\"@id\":\"https:\\\/\\\/www.eldigitaldeasturias.com\\\/noticias\\\/#organization\"}}]}\n\t\t<\/script>\n\t\t<!-- All in One SEO Pro -->\r\n\t\t<title>El tiempo en Madrid, domingo 6 de agosto de 2017 - El Digital de Asturias<\/title>\n\n","aioseo_head_json":{"title":"El tiempo en Madrid, domingo 6 de agosto de 2017 - El Digital de Asturias","description":"Domingo con predominio de cielos despejados con alguna nubosidad de evoluci\u00f3n en el extremo norte de la Sierra. Temperaturas en descenso, con m\u00ednimas que podr\u00e1n alcanzar localmente los 20 grados en la Sierra y los 22 grados en el resto, y m\u00e1ximas que alcanzar\u00e1n los 34 grados en la Sierra y los 37 grados en","canonical_url":"https:\/\/www.eldigitaldeasturias.com\/noticias\/el-tiempo-en-madrid-domingo-6-de-agosto-de-2017\/","robots":"max-image-preview:large","keywords":"actualidad","webmasterTools":{"google-site-verification":"UA-38556648-1","msvalidate.01":"7dfe9f3f1b24437ab69f4f2559babe99","miscellaneous":""},"schema":{"@context":"https:\/\/schema.org","@graph":[{"@type":"BlogPosting","@id":"https:\/\/www.eldigitaldeasturias.com\/noticias\/el-tiempo-en-madrid-domingo-6-de-agosto-de-2017\/#blogposting","name":"El tiempo en Madrid, domingo 6 de agosto de 2017 - El Digital de Asturias","headline":"El tiempo en Madrid, domingo 6 de agosto de 2017","author":{"@id":"https:\/\/www.eldigitaldeasturias.com\/noticias\/author\/admin\/#author"},"publisher":{"@id":"https:\/\/www.eldigitaldeasturias.com\/noticias\/#organization"},"image":{"@type":"ImageObject","url":804451},"datePublished":"2017-08-05T12:09:49+02:00","dateModified":"2017-08-05T12:09:49+02:00","inLanguage":"es-ES","mainEntityOfPage":{"@id":"https:\/\/www.eldigitaldeasturias.com\/noticias\/el-tiempo-en-madrid-domingo-6-de-agosto-de-2017\/#webpage"},"isPartOf":{"@id":"https:\/\/www.eldigitaldeasturias.com\/noticias\/el-tiempo-en-madrid-domingo-6-de-agosto-de-2017\/#webpage"},"articleSection":"Actualidad"},{"@type":"BreadcrumbList","@id":"https:\/\/www.eldigitaldeasturias.com\/noticias\/el-tiempo-en-madrid-domingo-6-de-agosto-de-2017\/#breadcrumblist","itemListElement":[{"@type":"ListItem","@id":"https:\/\/www.eldigitaldeasturias.com\/noticias#listItem","position":1,"name":"Home","item":"https:\/\/www.eldigitaldeasturias.com\/noticias","nextItem":{"@type":"ListItem","@id":"https:\/\/www.eldigitaldeasturias.com\/noticias\/category\/actualidad\/#listItem","name":"Actualidad"}},{"@type":"ListItem","@id":"https:\/\/www.eldigitaldeasturias.com\/noticias\/category\/actualidad\/#listItem","position":2,"name":"Actualidad","item":"https:\/\/www.eldigitaldeasturias.com\/noticias\/category\/actualidad\/","nextItem":{"@type":"ListItem","@id":"https:\/\/www.eldigitaldeasturias.com\/noticias\/el-tiempo-en-madrid-domingo-6-de-agosto-de-2017\/#listItem","name":"El tiempo en Madrid, domingo 6 de agosto de 2017"},"previousItem":{"@type":"ListItem","@id":"https:\/\/www.eldigitaldeasturias.com\/noticias#listItem","name":"Home"}},{"@type":"ListItem","@id":"https:\/\/www.eldigitaldeasturias.com\/noticias\/el-tiempo-en-madrid-domingo-6-de-agosto-de-2017\/#listItem","position":3,"name":"El tiempo en Madrid, domingo 6 de agosto de 2017","previousItem":{"@type":"ListItem","@id":"https:\/\/www.eldigitaldeasturias.com\/noticias\/category\/actualidad\/#listItem","name":"Actualidad"}}]},{"@type":"Organization","@id":"https:\/\/www.eldigitaldeasturias.com\/noticias\/#organization","name":"El Digital de Asturias","description":"Hemeroteca","url":"https:\/\/www.eldigitaldeasturias.com\/noticias\/","email":"info@eldigitaldeasturias.com","telephone":"+34652131393","logo":{"@type":"ImageObject","url":"https:\/\/www.eldigitaldeasturias.com\/noticias\/wp-content\/uploads\/2020\/12\/EDA.jpg","@id":"https:\/\/www.eldigitaldeasturias.com\/noticias\/el-tiempo-en-madrid-domingo-6-de-agosto-de-2017\/#organizationLogo"},"image":{"@id":"https:\/\/www.eldigitaldeasturias.com\/noticias\/el-tiempo-en-madrid-domingo-6-de-agosto-de-2017\/#organizationLogo"},"sameAs":["https:\/\/facebook.com\/eldigitaldeasturias","https:\/\/www.youtube.com\/channel\/UCZP-2wLEB9Rv6erhFmqVnvg"],"address":{"@id":"https:\/\/www.eldigitaldeasturias.com\/noticias\/#postaladdress","@type":"PostalAddress","streetAddress":"san antonio 4","postalCode":"33430","addressLocality":"Cand\u00e1s","addressRegion":"Asturias","addressCountry":"ES"}},{"@type":"Person","@id":"https:\/\/www.eldigitaldeasturias.com\/noticias\/author\/admin\/#author","url":"https:\/\/www.eldigitaldeasturias.com\/noticias\/author\/admin\/","name":"El Digital de Asturias","image":{"@type":"ImageObject","@id":"https:\/\/www.eldigitaldeasturias.com\/noticias\/el-tiempo-en-madrid-domingo-6-de-agosto-de-2017\/#authorImage","url":"https:\/\/secure.gravatar.com\/avatar\/df2aeffc32bcd13f8d26072ef8a91b623d677766deac7f97ca815868cd41bf5e?s=96&d=mm&r=g","width":96,"height":96,"caption":"El Digital de Asturias"}},{"@type":"WebPage","@id":"https:\/\/www.eldigitaldeasturias.com\/noticias\/el-tiempo-en-madrid-domingo-6-de-agosto-de-2017\/#webpage","url":"https:\/\/www.eldigitaldeasturias.com\/noticias\/el-tiempo-en-madrid-domingo-6-de-agosto-de-2017\/","name":"El tiempo en Madrid, domingo 6 de agosto de 2017 - El Digital de Asturias","description":"Domingo con predominio de cielos despejados con alguna nubosidad de evoluci\u00f3n en el extremo norte de la Sierra. Temperaturas en descenso, con m\u00ednimas que podr\u00e1n alcanzar localmente los 20 grados en la Sierra y los 22 grados en el resto, y m\u00e1ximas que alcanzar\u00e1n los 34 grados en la Sierra y los 37 grados en","inLanguage":"es-ES","isPartOf":{"@id":"https:\/\/www.eldigitaldeasturias.com\/noticias\/#website"},"breadcrumb":{"@id":"https:\/\/www.eldigitaldeasturias.com\/noticias\/el-tiempo-en-madrid-domingo-6-de-agosto-de-2017\/#breadcrumblist"},"author":{"@id":"https:\/\/www.eldigitaldeasturias.com\/noticias\/author\/admin\/#author"},"creator":{"@id":"https:\/\/www.eldigitaldeasturias.com\/noticias\/author\/admin\/#author"},"image":{"@type":"ImageObject","url":804451,"@id":"https:\/\/www.eldigitaldeasturias.com\/noticias\/el-tiempo-en-madrid-domingo-6-de-agosto-de-2017\/#mainImage"},"primaryImageOfPage":{"@id":"https:\/\/www.eldigitaldeasturias.com\/noticias\/el-tiempo-en-madrid-domingo-6-de-agosto-de-2017\/#mainImage"},"datePublished":"2017-08-05T12:09:49+02:00","dateModified":"2017-08-05T12:09:49+02:00"},{"@type":"WebSite","@id":"https:\/\/www.eldigitaldeasturias.com\/noticias\/#website","url":"https:\/\/www.eldigitaldeasturias.com\/noticias\/","name":"El Digital de Asturias - Diario de actualidad y noticias","alternateName":"El Digital de Asturias - Diario de actualidad y noticias","description":"Hemeroteca","inLanguage":"es-ES","publisher":{"@id":"https:\/\/www.eldigitaldeasturias.com\/noticias\/#organization"}}]},"og:locale":"es_ES","og:site_name":"El Digital de Asturias","og:type":"article","og:title":"El tiempo en Madrid, domingo 6 de agosto de 2017 - El Digital de Asturias","og:description":"Domingo con predominio de cielos despejados con alguna nubosidad de evoluci\u00f3n en el extremo norte de la Sierra. Temperaturas en descenso, con m\u00ednimas que podr\u00e1n alcanzar localmente los 20 grados en la Sierra y los 22 grados en el resto, y m\u00e1ximas que alcanzar\u00e1n los 34 grados en la Sierra y los 37 grados en","og:url":"https:\/\/www.eldigitaldeasturias.com\/noticias\/el-tiempo-en-madrid-domingo-6-de-agosto-de-2017\/","article:tag":["actualidad"],"article:published_time":"2017-08-05T12:09:49+00:00","article:modified_time":"2017-08-05T12:09:49+00:00","article:publisher":"https:\/\/facebook.com\/eldigitaldeasturias","twitter:card":"summary_large_image","twitter:title":"El tiempo en Madrid, domingo 6 de agosto de 2017 - El Digital de Asturias","twitter:description":"Domingo con predominio de cielos despejados con alguna nubosidad de evoluci\u00f3n en el extremo norte de la Sierra. Temperaturas en descenso, con m\u00ednimas que podr\u00e1n alcanzar localmente los 20 grados en la Sierra y los 22 grados en el resto, y m\u00e1ximas que alcanzar\u00e1n los 34 grados en la Sierra y los 37 grados en","twitter:image":"https:\/\/www.eldigitaldeasturias.com\/noticias\/wp-content\/uploads\/2020\/12\/EDA-1.jpg","twitter:label1":"Escrito por","twitter:data1":"El Digital de Asturias"},"aioseo_meta_data":{"post_id":"948783","title":null,"description":null,"keywords":null,"keyphrases":null,"primary_term":null,"canonical_url":null,"og_title":null,"og_description":null,"og_object_type":"default","og_image_type":"default","og_image_url":null,"og_image_width":null,"og_image_height":null,"og_image_custom_url":null,"og_image_custom_fields":null,"og_video":null,"og_custom_url":null,"og_article_section":null,"og_article_tags":null,"twitter_use_og":false,"twitter_card":"default","twitter_image_type":"default","twitter_image_url":null,"twitter_image_custom_url":null,"twitter_image_custom_fields":null,"twitter_title":null,"twitter_description":null,"schema":{"blockGraphs":[],"customGraphs":[],"default":{"data":{"Article":[],"Course":[],"Dataset":[],"FAQPage":[],"Movie":[],"Person":[],"Product":[],"ProductReview":[],"Car":[],"Recipe":[],"Service":[],"SoftwareApplication":[],"WebPage":[]},"graphName":"","isEnabled":true},"graphs":[]},"schema_type":null,"schema_type_options":null,"pillar_content":false,"robots_default":true,"robots_noindex":false,"robots_noarchive":false,"robots_nosnippet":false,"robots_nofollow":false,"robots_noimageindex":false,"robots_noodp":false,"robots_notranslate":false,"robots_max_snippet":null,"robots_max_videopreview":null,"robots_max_imagepreview":"large","priority":null,"frequency":null,"local_seo":null,"seo_analyzer_scan_date":"2025-12-05 09:56:14","breadcrumb_settings":null,"limit_modified_date":false,"open_ai":null,"ai":null,"created":"2020-12-21 13:03:37","updated":"2025-12-05 09:56:14","focus_keyword":null,"additional_keywords":null,"truseo_locale":null},"aioseo_breadcrumb":"<div class=\"aioseo-breadcrumbs\"><span class=\"aioseo-breadcrumb\">\n\t<a href=\"https:\/\/www.eldigitaldeasturias.com\/noticias\" title=\"Home\">Home<\/a>\n<\/span><span class=\"aioseo-breadcrumb-separator\">\u2013<\/span><span class=\"aioseo-breadcrumb\">\n\t<a href=\"https:\/\/www.eldigitaldeasturias.com\/noticias\/category\/actualidad\/\" title=\"Actualidad\">Actualidad<\/a>\n<\/span><span class=\"aioseo-breadcrumb-separator\">\u2013<\/span><span class=\"aioseo-breadcrumb\">\n\t<a href=\"https:\/\/www.eldigitaldeasturias.com\/noticias\/el-tiempo-en-madrid-domingo-6-de-agosto-de-2017\/\" title=\"El tiempo en Madrid, domingo 6 de agosto de 2017\">El tiempo en Madrid, domingo 6 de agosto de 2017<\/a>\n<\/span><\/div>","aioseo_breadcrumb_json":[{"label":"Home","link":"https:\/\/www.eldigitaldeasturias.com\/noticias"},{"label":"Actualidad","link":"https:\/\/www.eldigitaldeasturias.com\/noticias\/category\/actualidad\/"},{"label":"El tiempo en Madrid, domingo 6 de agosto de 2017","link":"https:\/\/www.eldigitaldeasturias.com\/noticias\/el-tiempo-en-madrid-domingo-6-de-agosto-de-2017\/"}],"_links":{"self":[{"href":"https:\/\/www.eldigitaldeasturias.com\/noticias\/wp-json\/wp\/v2\/posts\/948783","targetHints":{"allow":["GET"]}}],"collection":[{"href":"https:\/\/www.eldigitaldeasturias.com\/noticias\/wp-json\/wp\/v2\/posts"}],"about":[{"href":"https:\/\/www.eldigitaldeasturias.com\/noticias\/wp-json\/wp\/v2\/types\/post"}],"author":[{"embeddable":true,"href":"https:\/\/www.eldigitaldeasturias.com\/noticias\/wp-json\/wp\/v2\/users\/1"}],"replies":[{"embeddable":true,"href":"https:\/\/www.eldigitaldeasturias.com\/noticias\/wp-json\/wp\/v2\/comments?post=948783"}],"version-history":[{"count":0,"href":"https:\/\/www.eldigitaldeasturias.com\/noticias\/wp-json\/wp\/v2\/posts\/948783\/revisions"}],"wp:attachment":[{"href":"https:\/\/www.eldigitaldeasturias.com\/noticias\/wp-json\/wp\/v2\/media?parent=948783"}],"wp:term":[{"taxonomy":"category","embeddable":true,"href":"https:\/\/www.eldigitaldeasturias.com\/noticias\/wp-json\/wp\/v2\/categories?post=948783"},{"taxonomy":"post_tag","embeddable":true,"href":"https:\/\/www.eldigitaldeasturias.com\/noticias\/wp-json\/wp\/v2\/tags?post=948783"}],"curies":[{"name":"wp","href":"https:\/\/api.w.org\/{rel}","templated":true}]}}