{"id":948773,"date":"2017-08-05T11:59:46","date_gmt":"2017-08-05T11:59:46","guid":{"rendered":"http:\/\/www.eldigitaldeasturias.com\/noticias\/?p=948773"},"modified":"2017-08-05T11:59:46","modified_gmt":"2017-08-05T11:59:46","slug":"el-festival-puerta-al-mediterraneo-celebra-sus-30-anos","status":"publish","type":"post","link":"https:\/\/www.eldigitaldeasturias.com\/noticias\/el-festival-puerta-al-mediterraneo-celebra-sus-30-anos\/","title":{"rendered":"El Festival Puerta al Mediterr\u00e1neo celebra sus 30 a\u00f1os"},"content":{"rendered":"<p><img loading=\"lazy\" decoding=\"async\" class=\"alignleft size-medium wp-image-948774\" src=\"https:\/\/www.eldigitaldeasturias.com\/noticias\/wp-content\/uploads\/2017\/08\/Teatro_del_Temple-360x159.jpg\" alt=\"\" width=\"360\" height=\"159\" \/>Los municipios turolenses de Rubielos de Mora y Mora de Rubielos vuelven a abrir sus puertas no solo al Mediterr\u00e1neo sino tambi\u00e9n a todos los visitantes que quieran dejarse seducir por una completa y cuidada programaci\u00f3n en la que la m\u00fasica, el circo y el teatro son protagonistas. El Festival Puerta al Mediterr\u00e1neo sopla en la presente edici\u00f3n 30 velas, una celebraci\u00f3n por la que pasar\u00e1n importantes compa\u00f1\u00edas de la tierra y de todo el pa\u00eds, y que se complementar\u00e1 con tres espect\u00e1culos de calle.<\/p>\n<p>Los primeros en pisar las tablas del festival ser\u00e1n los integrantes de Teatro del Temple, que llevar\u00e1n su versi\u00f3n de &#8216;La vida es sue\u00f1o&#8217; al anfiteatro de Rubielos ma\u00f1ana por la noche. Con este cl\u00e1sico en verso de Calder\u00f3n de la Barca, la compa\u00f1\u00eda aragonesa inaugura un Puerta al Mediterr\u00e1neo especial que se extender\u00e1 hasta el 19 de agosto y por el que pasar\u00e1n reconocidos nombres de la m\u00fasica y la interpretaci\u00f3n, como Silvia Mars\u00f3, Gorka Otxoa, Carmen Ruiz, Fele Mart\u00ednez, Manuela Velasco, Guillermo Ortega o los aragoneses Carmen Barrantes y Rafa Blanca. Son solo algunos de los artistas que amenizar\u00e1n las noches de verano de la comarca de G\u00fadar-Javalambre en los 11 espect\u00e1culos programados.<\/p>\n<p>El martes 8 de agosto, regresa al festival Ara Malikian, con su &#8216;Incre\u00edble gira de viol\u00edn&#8217; (Castillo de Mora) y el viernes, en el anfiteatro de Rubielos, recoger\u00e1 el testigo Silvia Mars\u00f3, que ha elegido Puerta al Mediterr\u00e1neo para estrenar su espect\u00e1culo &#8217;24 horas en la vida de una mujer&#8217;, basado en la novela de Stefan Zweig, en el 75 aniversario de la muerte del escritor austriaco. Un d\u00eda despu\u00e9s, populares y televisivos int\u00e9rpretes se pondr\u00e1n \u2018Bajo terapia\u2019 en el Castillo de Mora, en una comedia coral por la que pasar\u00e1n Gorka Otxoa, Manuela Velasco, Carmen Barrantes, Fele Mart\u00ednez, Juan Carlos Vellido y Carmen Ruiz.<\/p>\n<p>El domingo 13, el anfiteatro de Rubielos programa &#8216;Cl\u00edmax&#8217;, que fusiona con \u00e9xito distintas historias en una misma obra, en un montaje que lleva cuatro a\u00f1os en cartel en el circuito teatral madrile\u00f1o. Un d\u00eda m\u00e1s tarde, el castillo de Mora vuelve a los cl\u00e1sicos con la obra m\u00e1s corta de Shakespeare, &#8216;La comedia de los enredos&#8217;, bajo la direcci\u00f3n del aragon\u00e9s Alberto Castrillo-Ferre y la participaci\u00f3n del tambi\u00e9n actor de la tierra Rafa Blanca. El universo del circo estar\u00e1 presente en el festival el viernes 18 de agosto en el castillo de Mora con Circo Gran Fele y su espect\u00e1culo &#8216;El Tren&#8217;, que fusiona el teatro, la danza contempor\u00e1nea con las distintas disciplinas circenses y m\u00fasica en directo. Clausurar\u00e1 el festival el s\u00e1bado 19 de agosto en el anfiteatro de Rubielos la obra contempor\u00e1nea &#8216;P\u00e1nico&#8217;, interpretada por Guillermo ortega, Felipe andr\u00e9s y Mon Ceballos.<\/p>\n<p>Como novedad, la XXX edici\u00f3n retoma los espect\u00e1culos de calle gratuitos con la participaci\u00f3n de la Promotora de Animaci\u00f3n Infantil (PAI), el jueves 10 de agosto en la plaza de la Villa de Mora; la voz y guitarra de Celino Gracia, que presenta &#8216;Canciones que son canciones&#8217; el martes 15 de agosto en el auditorio del Convento Carmelitas Descalzas de Rubielos; y &#8216;Chimichurri&#8217; con Circo Chicharr\u00f3n, el viernes 18 de agosto en la plaza de la Villa de Mora de Rubielos.<\/p>\n<p>El festival, organizado por los dos ayuntamientos de las localidades anfitrionas, cuenta con la colaboraci\u00f3n del Gobierno de Arag\u00f3n, adem\u00e1s de la del Ministerio de Cultura, la Diputaci\u00f3n de Teruel y la Comarca de G\u00fadar- Javalambre.<\/p>\n<p>&nbsp;<\/p>\n","protected":false},"excerpt":{"rendered":"<p>Los municipios turolenses de Rubielos de Mora y Mora de Rubielos vuelven a abrir sus puertas no solo al Mediterr\u00e1neo sino tambi\u00e9n a todos los visitantes que quieran dejarse seducir por una completa y cuidada programaci\u00f3n en la que la m\u00fasica, el circo y el teatro son protagonistas. El Festival Puerta al Mediterr\u00e1neo sopla en [&hellip;]<\/p>\n","protected":false},"author":1,"featured_media":948774,"comment_status":"closed","ping_status":"closed","sticky":false,"template":"","format":"standard","meta":{"footnotes":""},"categories":[1],"tags":[],"class_list":["post-948773","post","type-post","status-publish","format-standard","has-post-thumbnail","hentry","category-actualidad"],"aioseo_notices":[],"aioseo_head":"\n\t\t<!-- All in One SEO Pro 5.0.1 - aioseo.com -->\n\t<meta name=\"description\" content=\"Los municipios turolenses de Rubielos de Mora y Mora de Rubielos vuelven a abrir sus puertas no solo al Mediterr\u00e1neo sino tambi\u00e9n a todos los visitantes que quieran dejarse seducir por una completa y cuidada programaci\u00f3n en la que la m\u00fasica, el circo y el teatro son protagonistas. El Festival Puerta al Mediterr\u00e1neo sopla en\" \/>\n\t<meta name=\"robots\" content=\"max-image-preview:large\" \/>\n\t<meta name=\"author\" content=\"El Digital de Asturias\"\/>\n\t<meta name=\"google-site-verification\" content=\"UA-38556648-1\" \/>\n\t<meta name=\"msvalidate.01\" content=\"7dfe9f3f1b24437ab69f4f2559babe99\" \/>\n\t<meta name=\"keywords\" content=\"actualidad\" \/>\n\t<link rel=\"canonical\" href=\"https:\/\/www.eldigitaldeasturias.com\/noticias\/el-festival-puerta-al-mediterraneo-celebra-sus-30-anos\/\" \/>\n\t<meta name=\"generator\" content=\"All in One SEO Pro (AIOSEO) 5.0.1\" \/>\n\t\t<meta property=\"og:locale\" content=\"es_ES\" \/>\n\t\t<meta property=\"og:site_name\" content=\"El Digital de Asturias\" \/>\n\t\t<meta property=\"og:type\" content=\"article\" \/>\n\t\t<meta property=\"og:title\" content=\"El Festival Puerta al Mediterr\u00e1neo celebra sus 30 a\u00f1os - El Digital de Asturias\" \/>\n\t\t<meta property=\"og:description\" content=\"Los municipios turolenses de Rubielos de Mora y Mora de Rubielos vuelven a abrir sus puertas no solo al Mediterr\u00e1neo sino tambi\u00e9n a todos los visitantes que quieran dejarse seducir por una completa y cuidada programaci\u00f3n en la que la m\u00fasica, el circo y el teatro son protagonistas. El Festival Puerta al Mediterr\u00e1neo sopla en\" \/>\n\t\t<meta property=\"og:url\" content=\"https:\/\/www.eldigitaldeasturias.com\/noticias\/el-festival-puerta-al-mediterraneo-celebra-sus-30-anos\/\" \/>\n\t\t<meta property=\"article:tag\" content=\"actualidad\" \/>\n\t\t<meta property=\"article:published_time\" content=\"2017-08-05T11:59:46+00:00\" \/>\n\t\t<meta property=\"article:modified_time\" content=\"2017-08-05T11:59:46+00:00\" \/>\n\t\t<meta property=\"article:publisher\" content=\"https:\/\/facebook.com\/eldigitaldeasturias\" \/>\n\t\t<meta name=\"twitter:card\" content=\"summary_large_image\" \/>\n\t\t<meta name=\"twitter:title\" content=\"El Festival Puerta al Mediterr\u00e1neo celebra sus 30 a\u00f1os - El Digital de Asturias\" \/>\n\t\t<meta name=\"twitter:description\" content=\"Los municipios turolenses de Rubielos de Mora y Mora de Rubielos vuelven a abrir sus puertas no solo al Mediterr\u00e1neo sino tambi\u00e9n a todos los visitantes que quieran dejarse seducir por una completa y cuidada programaci\u00f3n en la que la m\u00fasica, el circo y el teatro son protagonistas. El Festival Puerta al Mediterr\u00e1neo sopla en\" \/>\n\t\t<meta name=\"twitter:image\" content=\"https:\/\/www.eldigitaldeasturias.com\/noticias\/wp-content\/uploads\/2020\/12\/EDA-1.jpg\" \/>\n\t\t<meta name=\"twitter:label1\" content=\"Escrito por\" \/>\n\t\t<meta name=\"twitter:data1\" content=\"El Digital de Asturias\" \/>\n\t\t<meta name=\"twitter:label2\" content=\"Tiempo de lectura estimado\" \/>\n\t\t<meta name=\"twitter:data2\" content=\"3 minutos\" \/>\n\t\t<script type=\"application\/ld+json\" class=\"aioseo-schema\">\n\t\t\t{\"@context\":\"https:\\\/\\\/schema.org\",\"@graph\":[{\"@type\":\"BlogPosting\",\"@id\":\"https:\\\/\\\/www.eldigitaldeasturias.com\\\/noticias\\\/el-festival-puerta-al-mediterraneo-celebra-sus-30-anos\\\/#blogposting\",\"name\":\"El Festival Puerta al Mediterr\\u00e1neo celebra sus 30 a\\u00f1os - El Digital de Asturias\",\"headline\":\"El Festival Puerta al Mediterr\\u00e1neo celebra sus 30 a\\u00f1os\",\"author\":{\"@id\":\"https:\\\/\\\/www.eldigitaldeasturias.com\\\/noticias\\\/author\\\/admin\\\/#author\"},\"publisher\":{\"@id\":\"https:\\\/\\\/www.eldigitaldeasturias.com\\\/noticias\\\/#organization\"},\"image\":{\"@type\":\"ImageObject\",\"url\":948774},\"datePublished\":\"2017-08-05T11:59:46+02:00\",\"dateModified\":\"2017-08-05T11:59:46+02:00\",\"inLanguage\":\"es-ES\",\"mainEntityOfPage\":{\"@id\":\"https:\\\/\\\/www.eldigitaldeasturias.com\\\/noticias\\\/el-festival-puerta-al-mediterraneo-celebra-sus-30-anos\\\/#webpage\"},\"isPartOf\":{\"@id\":\"https:\\\/\\\/www.eldigitaldeasturias.com\\\/noticias\\\/el-festival-puerta-al-mediterraneo-celebra-sus-30-anos\\\/#webpage\"},\"articleSection\":\"Actualidad\"},{\"@type\":\"BreadcrumbList\",\"@id\":\"https:\\\/\\\/www.eldigitaldeasturias.com\\\/noticias\\\/el-festival-puerta-al-mediterraneo-celebra-sus-30-anos\\\/#breadcrumblist\",\"itemListElement\":[{\"@type\":\"ListItem\",\"@id\":\"https:\\\/\\\/www.eldigitaldeasturias.com\\\/noticias#listItem\",\"position\":1,\"name\":\"Home\",\"item\":\"https:\\\/\\\/www.eldigitaldeasturias.com\\\/noticias\",\"nextItem\":{\"@type\":\"ListItem\",\"@id\":\"https:\\\/\\\/www.eldigitaldeasturias.com\\\/noticias\\\/category\\\/actualidad\\\/#listItem\",\"name\":\"Actualidad\"}},{\"@type\":\"ListItem\",\"@id\":\"https:\\\/\\\/www.eldigitaldeasturias.com\\\/noticias\\\/category\\\/actualidad\\\/#listItem\",\"position\":2,\"name\":\"Actualidad\",\"item\":\"https:\\\/\\\/www.eldigitaldeasturias.com\\\/noticias\\\/category\\\/actualidad\\\/\",\"nextItem\":{\"@type\":\"ListItem\",\"@id\":\"https:\\\/\\\/www.eldigitaldeasturias.com\\\/noticias\\\/el-festival-puerta-al-mediterraneo-celebra-sus-30-anos\\\/#listItem\",\"name\":\"El Festival Puerta al Mediterr\\u00e1neo celebra sus 30 a\\u00f1os\"},\"previousItem\":{\"@type\":\"ListItem\",\"@id\":\"https:\\\/\\\/www.eldigitaldeasturias.com\\\/noticias#listItem\",\"name\":\"Home\"}},{\"@type\":\"ListItem\",\"@id\":\"https:\\\/\\\/www.eldigitaldeasturias.com\\\/noticias\\\/el-festival-puerta-al-mediterraneo-celebra-sus-30-anos\\\/#listItem\",\"position\":3,\"name\":\"El Festival Puerta al Mediterr\\u00e1neo celebra sus 30 a\\u00f1os\",\"previousItem\":{\"@type\":\"ListItem\",\"@id\":\"https:\\\/\\\/www.eldigitaldeasturias.com\\\/noticias\\\/category\\\/actualidad\\\/#listItem\",\"name\":\"Actualidad\"}}]},{\"@type\":\"Organization\",\"@id\":\"https:\\\/\\\/www.eldigitaldeasturias.com\\\/noticias\\\/#organization\",\"name\":\"El Digital de Asturias\",\"description\":\"Hemeroteca\",\"url\":\"https:\\\/\\\/www.eldigitaldeasturias.com\\\/noticias\\\/\",\"email\":\"info@eldigitaldeasturias.com\",\"telephone\":\"+34652131393\",\"logo\":{\"@type\":\"ImageObject\",\"url\":\"https:\\\/\\\/www.eldigitaldeasturias.com\\\/noticias\\\/wp-content\\\/uploads\\\/2020\\\/12\\\/EDA.jpg\",\"@id\":\"https:\\\/\\\/www.eldigitaldeasturias.com\\\/noticias\\\/el-festival-puerta-al-mediterraneo-celebra-sus-30-anos\\\/#organizationLogo\"},\"image\":{\"@id\":\"https:\\\/\\\/www.eldigitaldeasturias.com\\\/noticias\\\/el-festival-puerta-al-mediterraneo-celebra-sus-30-anos\\\/#organizationLogo\"},\"sameAs\":[\"https:\\\/\\\/facebook.com\\\/eldigitaldeasturias\",\"https:\\\/\\\/www.youtube.com\\\/channel\\\/UCZP-2wLEB9Rv6erhFmqVnvg\"],\"address\":{\"@id\":\"https:\\\/\\\/www.eldigitaldeasturias.com\\\/noticias\\\/#postaladdress\",\"@type\":\"PostalAddress\",\"streetAddress\":\"san antonio 4\",\"postalCode\":\"33430\",\"addressLocality\":\"Cand\\u00e1s\",\"addressRegion\":\"Asturias\",\"addressCountry\":\"ES\"}},{\"@type\":\"Person\",\"@id\":\"https:\\\/\\\/www.eldigitaldeasturias.com\\\/noticias\\\/author\\\/admin\\\/#author\",\"url\":\"https:\\\/\\\/www.eldigitaldeasturias.com\\\/noticias\\\/author\\\/admin\\\/\",\"name\":\"El Digital de Asturias\",\"image\":{\"@type\":\"ImageObject\",\"@id\":\"https:\\\/\\\/www.eldigitaldeasturias.com\\\/noticias\\\/el-festival-puerta-al-mediterraneo-celebra-sus-30-anos\\\/#authorImage\",\"url\":\"https:\\\/\\\/secure.gravatar.com\\\/avatar\\\/df2aeffc32bcd13f8d26072ef8a91b623d677766deac7f97ca815868cd41bf5e?s=96&d=mm&r=g\",\"width\":96,\"height\":96,\"caption\":\"El Digital de Asturias\"}},{\"@type\":\"WebPage\",\"@id\":\"https:\\\/\\\/www.eldigitaldeasturias.com\\\/noticias\\\/el-festival-puerta-al-mediterraneo-celebra-sus-30-anos\\\/#webpage\",\"url\":\"https:\\\/\\\/www.eldigitaldeasturias.com\\\/noticias\\\/el-festival-puerta-al-mediterraneo-celebra-sus-30-anos\\\/\",\"name\":\"El Festival Puerta al Mediterr\\u00e1neo celebra sus 30 a\\u00f1os - El Digital de Asturias\",\"description\":\"Los municipios turolenses de Rubielos de Mora y Mora de Rubielos vuelven a abrir sus puertas no solo al Mediterr\\u00e1neo sino tambi\\u00e9n a todos los visitantes que quieran dejarse seducir por una completa y cuidada programaci\\u00f3n en la que la m\\u00fasica, el circo y el teatro son protagonistas. El Festival Puerta al Mediterr\\u00e1neo sopla en\",\"inLanguage\":\"es-ES\",\"isPartOf\":{\"@id\":\"https:\\\/\\\/www.eldigitaldeasturias.com\\\/noticias\\\/#website\"},\"breadcrumb\":{\"@id\":\"https:\\\/\\\/www.eldigitaldeasturias.com\\\/noticias\\\/el-festival-puerta-al-mediterraneo-celebra-sus-30-anos\\\/#breadcrumblist\"},\"author\":{\"@id\":\"https:\\\/\\\/www.eldigitaldeasturias.com\\\/noticias\\\/author\\\/admin\\\/#author\"},\"creator\":{\"@id\":\"https:\\\/\\\/www.eldigitaldeasturias.com\\\/noticias\\\/author\\\/admin\\\/#author\"},\"image\":{\"@type\":\"ImageObject\",\"url\":948774,\"@id\":\"https:\\\/\\\/www.eldigitaldeasturias.com\\\/noticias\\\/el-festival-puerta-al-mediterraneo-celebra-sus-30-anos\\\/#mainImage\"},\"primaryImageOfPage\":{\"@id\":\"https:\\\/\\\/www.eldigitaldeasturias.com\\\/noticias\\\/el-festival-puerta-al-mediterraneo-celebra-sus-30-anos\\\/#mainImage\"},\"datePublished\":\"2017-08-05T11:59:46+02:00\",\"dateModified\":\"2017-08-05T11:59:46+02:00\"},{\"@type\":\"WebSite\",\"@id\":\"https:\\\/\\\/www.eldigitaldeasturias.com\\\/noticias\\\/#website\",\"url\":\"https:\\\/\\\/www.eldigitaldeasturias.com\\\/noticias\\\/\",\"name\":\"El Digital de Asturias - Diario de actualidad y noticias\",\"alternateName\":\"El Digital de Asturias - Diario de actualidad y noticias\",\"description\":\"Hemeroteca\",\"inLanguage\":\"es-ES\",\"publisher\":{\"@id\":\"https:\\\/\\\/www.eldigitaldeasturias.com\\\/noticias\\\/#organization\"}}]}\n\t\t<\/script>\n\t\t<!-- All in One SEO Pro -->\r\n\t\t<title>El Festival Puerta al Mediterr\u00e1neo celebra sus 30 a\u00f1os - El Digital de Asturias<\/title>\n\n","aioseo_head_json":{"title":"El Festival Puerta al Mediterr\u00e1neo celebra sus 30 a\u00f1os - El Digital de Asturias","description":"Los municipios turolenses de Rubielos de Mora y Mora de Rubielos vuelven a abrir sus puertas no solo al Mediterr\u00e1neo sino tambi\u00e9n a todos los visitantes que quieran dejarse seducir por una completa y cuidada programaci\u00f3n en la que la m\u00fasica, el circo y el teatro son protagonistas. El Festival Puerta al Mediterr\u00e1neo sopla en","canonical_url":"https:\/\/www.eldigitaldeasturias.com\/noticias\/el-festival-puerta-al-mediterraneo-celebra-sus-30-anos\/","robots":"max-image-preview:large","keywords":"actualidad","webmasterTools":{"google-site-verification":"UA-38556648-1","msvalidate.01":"7dfe9f3f1b24437ab69f4f2559babe99","miscellaneous":""},"schema":{"@context":"https:\/\/schema.org","@graph":[{"@type":"BlogPosting","@id":"https:\/\/www.eldigitaldeasturias.com\/noticias\/el-festival-puerta-al-mediterraneo-celebra-sus-30-anos\/#blogposting","name":"El Festival Puerta al Mediterr\u00e1neo celebra sus 30 a\u00f1os - El Digital de Asturias","headline":"El Festival Puerta al Mediterr\u00e1neo celebra sus 30 a\u00f1os","author":{"@id":"https:\/\/www.eldigitaldeasturias.com\/noticias\/author\/admin\/#author"},"publisher":{"@id":"https:\/\/www.eldigitaldeasturias.com\/noticias\/#organization"},"image":{"@type":"ImageObject","url":948774},"datePublished":"2017-08-05T11:59:46+02:00","dateModified":"2017-08-05T11:59:46+02:00","inLanguage":"es-ES","mainEntityOfPage":{"@id":"https:\/\/www.eldigitaldeasturias.com\/noticias\/el-festival-puerta-al-mediterraneo-celebra-sus-30-anos\/#webpage"},"isPartOf":{"@id":"https:\/\/www.eldigitaldeasturias.com\/noticias\/el-festival-puerta-al-mediterraneo-celebra-sus-30-anos\/#webpage"},"articleSection":"Actualidad"},{"@type":"BreadcrumbList","@id":"https:\/\/www.eldigitaldeasturias.com\/noticias\/el-festival-puerta-al-mediterraneo-celebra-sus-30-anos\/#breadcrumblist","itemListElement":[{"@type":"ListItem","@id":"https:\/\/www.eldigitaldeasturias.com\/noticias#listItem","position":1,"name":"Home","item":"https:\/\/www.eldigitaldeasturias.com\/noticias","nextItem":{"@type":"ListItem","@id":"https:\/\/www.eldigitaldeasturias.com\/noticias\/category\/actualidad\/#listItem","name":"Actualidad"}},{"@type":"ListItem","@id":"https:\/\/www.eldigitaldeasturias.com\/noticias\/category\/actualidad\/#listItem","position":2,"name":"Actualidad","item":"https:\/\/www.eldigitaldeasturias.com\/noticias\/category\/actualidad\/","nextItem":{"@type":"ListItem","@id":"https:\/\/www.eldigitaldeasturias.com\/noticias\/el-festival-puerta-al-mediterraneo-celebra-sus-30-anos\/#listItem","name":"El Festival Puerta al Mediterr\u00e1neo celebra sus 30 a\u00f1os"},"previousItem":{"@type":"ListItem","@id":"https:\/\/www.eldigitaldeasturias.com\/noticias#listItem","name":"Home"}},{"@type":"ListItem","@id":"https:\/\/www.eldigitaldeasturias.com\/noticias\/el-festival-puerta-al-mediterraneo-celebra-sus-30-anos\/#listItem","position":3,"name":"El Festival Puerta al Mediterr\u00e1neo celebra sus 30 a\u00f1os","previousItem":{"@type":"ListItem","@id":"https:\/\/www.eldigitaldeasturias.com\/noticias\/category\/actualidad\/#listItem","name":"Actualidad"}}]},{"@type":"Organization","@id":"https:\/\/www.eldigitaldeasturias.com\/noticias\/#organization","name":"El Digital de Asturias","description":"Hemeroteca","url":"https:\/\/www.eldigitaldeasturias.com\/noticias\/","email":"info@eldigitaldeasturias.com","telephone":"+34652131393","logo":{"@type":"ImageObject","url":"https:\/\/www.eldigitaldeasturias.com\/noticias\/wp-content\/uploads\/2020\/12\/EDA.jpg","@id":"https:\/\/www.eldigitaldeasturias.com\/noticias\/el-festival-puerta-al-mediterraneo-celebra-sus-30-anos\/#organizationLogo"},"image":{"@id":"https:\/\/www.eldigitaldeasturias.com\/noticias\/el-festival-puerta-al-mediterraneo-celebra-sus-30-anos\/#organizationLogo"},"sameAs":["https:\/\/facebook.com\/eldigitaldeasturias","https:\/\/www.youtube.com\/channel\/UCZP-2wLEB9Rv6erhFmqVnvg"],"address":{"@id":"https:\/\/www.eldigitaldeasturias.com\/noticias\/#postaladdress","@type":"PostalAddress","streetAddress":"san antonio 4","postalCode":"33430","addressLocality":"Cand\u00e1s","addressRegion":"Asturias","addressCountry":"ES"}},{"@type":"Person","@id":"https:\/\/www.eldigitaldeasturias.com\/noticias\/author\/admin\/#author","url":"https:\/\/www.eldigitaldeasturias.com\/noticias\/author\/admin\/","name":"El Digital de Asturias","image":{"@type":"ImageObject","@id":"https:\/\/www.eldigitaldeasturias.com\/noticias\/el-festival-puerta-al-mediterraneo-celebra-sus-30-anos\/#authorImage","url":"https:\/\/secure.gravatar.com\/avatar\/df2aeffc32bcd13f8d26072ef8a91b623d677766deac7f97ca815868cd41bf5e?s=96&d=mm&r=g","width":96,"height":96,"caption":"El Digital de Asturias"}},{"@type":"WebPage","@id":"https:\/\/www.eldigitaldeasturias.com\/noticias\/el-festival-puerta-al-mediterraneo-celebra-sus-30-anos\/#webpage","url":"https:\/\/www.eldigitaldeasturias.com\/noticias\/el-festival-puerta-al-mediterraneo-celebra-sus-30-anos\/","name":"El Festival Puerta al Mediterr\u00e1neo celebra sus 30 a\u00f1os - El Digital de Asturias","description":"Los municipios turolenses de Rubielos de Mora y Mora de Rubielos vuelven a abrir sus puertas no solo al Mediterr\u00e1neo sino tambi\u00e9n a todos los visitantes que quieran dejarse seducir por una completa y cuidada programaci\u00f3n en la que la m\u00fasica, el circo y el teatro son protagonistas. El Festival Puerta al Mediterr\u00e1neo sopla en","inLanguage":"es-ES","isPartOf":{"@id":"https:\/\/www.eldigitaldeasturias.com\/noticias\/#website"},"breadcrumb":{"@id":"https:\/\/www.eldigitaldeasturias.com\/noticias\/el-festival-puerta-al-mediterraneo-celebra-sus-30-anos\/#breadcrumblist"},"author":{"@id":"https:\/\/www.eldigitaldeasturias.com\/noticias\/author\/admin\/#author"},"creator":{"@id":"https:\/\/www.eldigitaldeasturias.com\/noticias\/author\/admin\/#author"},"image":{"@type":"ImageObject","url":948774,"@id":"https:\/\/www.eldigitaldeasturias.com\/noticias\/el-festival-puerta-al-mediterraneo-celebra-sus-30-anos\/#mainImage"},"primaryImageOfPage":{"@id":"https:\/\/www.eldigitaldeasturias.com\/noticias\/el-festival-puerta-al-mediterraneo-celebra-sus-30-anos\/#mainImage"},"datePublished":"2017-08-05T11:59:46+02:00","dateModified":"2017-08-05T11:59:46+02:00"},{"@type":"WebSite","@id":"https:\/\/www.eldigitaldeasturias.com\/noticias\/#website","url":"https:\/\/www.eldigitaldeasturias.com\/noticias\/","name":"El Digital de Asturias - Diario de actualidad y noticias","alternateName":"El Digital de Asturias - Diario de actualidad y noticias","description":"Hemeroteca","inLanguage":"es-ES","publisher":{"@id":"https:\/\/www.eldigitaldeasturias.com\/noticias\/#organization"}}]},"og:locale":"es_ES","og:site_name":"El Digital de Asturias","og:type":"article","og:title":"El Festival Puerta al Mediterr\u00e1neo celebra sus 30 a\u00f1os - El Digital de Asturias","og:description":"Los municipios turolenses de Rubielos de Mora y Mora de Rubielos vuelven a abrir sus puertas no solo al Mediterr\u00e1neo sino tambi\u00e9n a todos los visitantes que quieran dejarse seducir por una completa y cuidada programaci\u00f3n en la que la m\u00fasica, el circo y el teatro son protagonistas. El Festival Puerta al Mediterr\u00e1neo sopla en","og:url":"https:\/\/www.eldigitaldeasturias.com\/noticias\/el-festival-puerta-al-mediterraneo-celebra-sus-30-anos\/","article:tag":["actualidad"],"article:published_time":"2017-08-05T11:59:46+00:00","article:modified_time":"2017-08-05T11:59:46+00:00","article:publisher":"https:\/\/facebook.com\/eldigitaldeasturias","twitter:card":"summary_large_image","twitter:title":"El Festival Puerta al Mediterr\u00e1neo celebra sus 30 a\u00f1os - El Digital de Asturias","twitter:description":"Los municipios turolenses de Rubielos de Mora y Mora de Rubielos vuelven a abrir sus puertas no solo al Mediterr\u00e1neo sino tambi\u00e9n a todos los visitantes que quieran dejarse seducir por una completa y cuidada programaci\u00f3n en la que la m\u00fasica, el circo y el teatro son protagonistas. El Festival Puerta al Mediterr\u00e1neo sopla en","twitter:image":"https:\/\/www.eldigitaldeasturias.com\/noticias\/wp-content\/uploads\/2020\/12\/EDA-1.jpg","twitter:label1":"Escrito por","twitter:data1":"El Digital de Asturias","twitter:label2":"Tiempo de lectura estimado","twitter:data2":"3 minutos"},"aioseo_meta_data":{"post_id":"948773","title":null,"description":null,"keywords":null,"keyphrases":null,"primary_term":null,"canonical_url":null,"og_title":null,"og_description":null,"og_object_type":"default","og_image_type":"default","og_image_url":null,"og_image_width":null,"og_image_height":null,"og_image_custom_url":null,"og_image_custom_fields":null,"og_video":null,"og_custom_url":null,"og_article_section":null,"og_article_tags":null,"twitter_use_og":false,"twitter_card":"default","twitter_image_type":"default","twitter_image_url":null,"twitter_image_custom_url":null,"twitter_image_custom_fields":null,"twitter_title":null,"twitter_description":null,"schema":{"blockGraphs":[],"customGraphs":[],"default":{"data":{"Article":[],"Course":[],"Dataset":[],"FAQPage":[],"Movie":[],"Person":[],"Product":[],"ProductReview":[],"Car":[],"Recipe":[],"Service":[],"SoftwareApplication":[],"WebPage":[]},"graphName":"","isEnabled":true},"graphs":[],"defaultGraph":"","defaultPostTypeGraph":""},"schema_type":null,"schema_type_options":null,"pillar_content":false,"robots_default":true,"robots_noindex":false,"robots_noarchive":false,"robots_nosnippet":false,"robots_nofollow":false,"robots_noimageindex":false,"robots_noodp":false,"robots_notranslate":false,"robots_max_snippet":null,"robots_max_videopreview":null,"robots_max_imagepreview":"large","priority":null,"frequency":null,"local_seo":null,"seo_analyzer_scan_date":"2025-12-05 09:52:47","breadcrumb_settings":null,"limit_modified_date":false,"open_ai":null,"ai":null,"created":"2020-12-21 13:03:37","updated":"2025-12-05 09:52:47","focus_keyword":null,"additional_keywords":null,"truseo_locale":null},"aioseo_breadcrumb":"<div class=\"aioseo-breadcrumbs\"><span class=\"aioseo-breadcrumb\">\n\t<a href=\"https:\/\/www.eldigitaldeasturias.com\/noticias\" title=\"Home\">Home<\/a>\n<\/span><span class=\"aioseo-breadcrumb-separator\">\u2013<\/span><span class=\"aioseo-breadcrumb\">\n\t<a href=\"https:\/\/www.eldigitaldeasturias.com\/noticias\/category\/actualidad\/\" title=\"Actualidad\">Actualidad<\/a>\n<\/span><span class=\"aioseo-breadcrumb-separator\">\u2013<\/span><span class=\"aioseo-breadcrumb\">\n\t<a href=\"https:\/\/www.eldigitaldeasturias.com\/noticias\/el-festival-puerta-al-mediterraneo-celebra-sus-30-anos\/\" title=\"El Festival Puerta al Mediterr\u00e1neo celebra sus 30 a\u00f1os\">El Festival Puerta al Mediterr\u00e1neo celebra sus 30 a\u00f1os<\/a>\n<\/span><\/div>","aioseo_breadcrumb_json":[{"label":"Home","link":"https:\/\/www.eldigitaldeasturias.com\/noticias"},{"label":"Actualidad","link":"https:\/\/www.eldigitaldeasturias.com\/noticias\/category\/actualidad\/"},{"label":"El Festival Puerta al Mediterr\u00e1neo celebra sus 30 a\u00f1os","link":"https:\/\/www.eldigitaldeasturias.com\/noticias\/el-festival-puerta-al-mediterraneo-celebra-sus-30-anos\/"}],"_links":{"self":[{"href":"https:\/\/www.eldigitaldeasturias.com\/noticias\/wp-json\/wp\/v2\/posts\/948773","targetHints":{"allow":["GET"]}}],"collection":[{"href":"https:\/\/www.eldigitaldeasturias.com\/noticias\/wp-json\/wp\/v2\/posts"}],"about":[{"href":"https:\/\/www.eldigitaldeasturias.com\/noticias\/wp-json\/wp\/v2\/types\/post"}],"author":[{"embeddable":true,"href":"https:\/\/www.eldigitaldeasturias.com\/noticias\/wp-json\/wp\/v2\/users\/1"}],"replies":[{"embeddable":true,"href":"https:\/\/www.eldigitaldeasturias.com\/noticias\/wp-json\/wp\/v2\/comments?post=948773"}],"version-history":[{"count":0,"href":"https:\/\/www.eldigitaldeasturias.com\/noticias\/wp-json\/wp\/v2\/posts\/948773\/revisions"}],"wp:attachment":[{"href":"https:\/\/www.eldigitaldeasturias.com\/noticias\/wp-json\/wp\/v2\/media?parent=948773"}],"wp:term":[{"taxonomy":"category","embeddable":true,"href":"https:\/\/www.eldigitaldeasturias.com\/noticias\/wp-json\/wp\/v2\/categories?post=948773"},{"taxonomy":"post_tag","embeddable":true,"href":"https:\/\/www.eldigitaldeasturias.com\/noticias\/wp-json\/wp\/v2\/tags?post=948773"}],"curies":[{"name":"wp","href":"https:\/\/api.w.org\/{rel}","templated":true}]}}