{"id":948756,"date":"2017-08-04T18:07:23","date_gmt":"2017-08-04T18:07:23","guid":{"rendered":"http:\/\/www.eldigitaldeasturias.com\/noticias\/?p=948756"},"modified":"2017-08-04T18:07:23","modified_gmt":"2017-08-04T18:07:23","slug":"las-novedades-del-congreso-andalucia-sabor-2017","status":"publish","type":"post","link":"https:\/\/www.eldigitaldeasturias.com\/noticias\/las-novedades-del-congreso-andalucia-sabor-2017\/","title":{"rendered":"Las novedades del Congreso Andaluc\u00eda Sabor 2017"},"content":{"rendered":"<p><img loading=\"lazy\" decoding=\"async\" class=\"alignleft size-medium wp-image-948757\" src=\"https:\/\/www.eldigitaldeasturias.com\/noticias\/wp-content\/uploads\/2017\/08\/1501754335243-360x175.jpg\" alt=\"\" width=\"360\" height=\"175\" \/>El Congreso Gastron\u00f3mico Andaluc\u00eda Sabor, que se celebra en el marco de la Feria Andaluc\u00eda Sabor, incorpora como novedad en 2017 una zona expositiva dedicada a la industria auxiliar en el \u00e1mbito de la gastronom\u00eda. Adem\u00e1s, esta cita, que tendr\u00e1 lugar en el Palacio de Congresos de Sevilla (Fibes) del 25 al 27 de septiembre, contar\u00e1 tambi\u00e9n por primera vez con un nuevo espacio denominado &#8216;Encuentros con el chef&#8217;, que dar\u00e1 la oportunidad a los participantes a tener un contacto directo con los ponentes que conforman el programa de esta sexta edici\u00f3n.<\/p>\n<p>El \u00e1rea expositiva, que dar\u00e1 espacio a industrias auxiliares y de servicios de la gastronom\u00eda, reunir\u00e1 a empresas de equipamiento y servicios para hosteler\u00eda, industria hostelera, medios de comunicaci\u00f3n especializados del sector o m\u00e1quinas de distribuci\u00f3n autom\u00e1tica (vending). Asimismo, tambi\u00e9n estar\u00e1n representadas las entidades dedicadas al turismo gastron\u00f3mico y a la promoci\u00f3n de productos agroalimentarios y pesqueros. El acceso a esta zona ser\u00e1 libre tanto para los asistentes al congreso como para los visitantes de la feria.<\/p>\n<p>Por su parte, &#8216;Encuentros con el chef&#8217; permitir\u00e1 al congresista compartir experiencia y nutrirse a\u00fan m\u00e1s del conocimiento de los cocineros que participan en el evento a trav\u00e9s de una agenda de reuniones. Esta iniciativa aportar\u00e1 un valor a\u00f1adido a un acontecimiento que se erige en un verdadero referente para el sector. No en vano, ya en la \u00faltima edici\u00f3n cont\u00f3 con m\u00e1s de 700 asistentes.<\/p>\n<p><strong>Aula gastron\u00f3mica<\/strong><\/p>\n<p>Otro de los atractivos del Congreso Andaluc\u00eda Sabor 2017 es la creaci\u00f3n de un aula gastron\u00f3mica con una decena de talleres que abordar\u00e1n, entre otros asuntos, los m\u00e9todos de selecci\u00f3n y elaboraci\u00f3n de cartas de vinos y la cata profesional de aceites de oliva virgen extra y cervezas artesanas, as\u00ed como el maridaje de esta \u00faltima bebida con quesos artesanos andaluces.<\/p>\n<p>Tambi\u00e9n acoger\u00e1 talleres de cocina en vivo y actividades centradas en la importancia de apostar por la excelencia gastron\u00f3mica para las cadenas hoteleras o el dise\u00f1o y elaboraci\u00f3n de men\u00fas para restaurantes y hoteles, incluyendo informaci\u00f3n sobre intolerancias alimentarias.<\/p>\n<p>El Congreso, para ello, ampl\u00eda su duraci\u00f3n en una jornada con respecto a la edici\u00f3n de 2015. Se celebrar\u00e1, por tanto, a lo largo de tres d\u00edas, los dos primeros, en horario de ma\u00f1ana y tarde; y el tercero, por la ma\u00f1ana.<\/p>\n<p><strong>Gastronom\u00eda y turismo<\/strong><\/p>\n<p>El principal objetivo de esta nueva cita es poner en valor los productos agroalimentarios y pesqueros de calidad, as\u00ed como el patrimonio gastron\u00f3mico de Andaluc\u00eda en el \u00e1mbito del turismo. Esta cuesti\u00f3n entronca de un modo directo con la declaraci\u00f3n de 2017 como A\u00f1o Internacional del Turismo Sostenible para el Desarrollo por parte de la ONU. Vincular la riqueza gastron\u00f3mica con el turismo de la comunidad aut\u00f3noma emerge, en este sentido, como una v\u00eda de \u00e9xito para aprovechar las sinergias entre dos sectores econ\u00f3micos con gran peso en la regi\u00f3n.<\/p>\n<p>&nbsp;<\/p>\n","protected":false},"excerpt":{"rendered":"<p>El Congreso Gastron\u00f3mico Andaluc\u00eda Sabor, que se celebra en el marco de la Feria Andaluc\u00eda Sabor, incorpora como novedad en 2017 una zona expositiva dedicada a la industria auxiliar en el \u00e1mbito de la gastronom\u00eda. Adem\u00e1s, esta cita, que tendr\u00e1 lugar en el Palacio de Congresos de Sevilla (Fibes) del 25 al 27 de septiembre, [&hellip;]<\/p>\n","protected":false},"author":1,"featured_media":948757,"comment_status":"closed","ping_status":"closed","sticky":false,"template":"","format":"standard","meta":{"footnotes":""},"categories":[1],"tags":[],"class_list":["post-948756","post","type-post","status-publish","format-standard","has-post-thumbnail","hentry","category-actualidad"],"aioseo_notices":[],"aioseo_head":"\n\t\t<!-- All in One SEO Pro 5.0.1 - aioseo.com -->\n\t<meta name=\"description\" content=\"El Congreso Gastron\u00f3mico Andaluc\u00eda Sabor, que se celebra en el marco de la Feria Andaluc\u00eda Sabor, incorpora como novedad en 2017 una zona expositiva dedicada a la industria auxiliar en el \u00e1mbito de la gastronom\u00eda. Adem\u00e1s, esta cita, que tendr\u00e1 lugar en el Palacio de Congresos de Sevilla (Fibes) del 25 al 27 de septiembre,\" \/>\n\t<meta name=\"robots\" content=\"max-image-preview:large\" \/>\n\t<meta name=\"author\" content=\"El Digital de Asturias\"\/>\n\t<meta name=\"google-site-verification\" content=\"UA-38556648-1\" \/>\n\t<meta name=\"msvalidate.01\" content=\"7dfe9f3f1b24437ab69f4f2559babe99\" \/>\n\t<meta name=\"keywords\" content=\"actualidad\" \/>\n\t<link rel=\"canonical\" href=\"https:\/\/www.eldigitaldeasturias.com\/noticias\/las-novedades-del-congreso-andalucia-sabor-2017\/\" \/>\n\t<meta name=\"generator\" content=\"All in One SEO Pro (AIOSEO) 5.0.1\" \/>\n\t\t<meta property=\"og:locale\" content=\"es_ES\" \/>\n\t\t<meta property=\"og:site_name\" content=\"El Digital de Asturias\" \/>\n\t\t<meta property=\"og:type\" content=\"article\" \/>\n\t\t<meta property=\"og:title\" content=\"Las novedades del Congreso Andaluc\u00eda Sabor 2017 - El Digital de Asturias\" \/>\n\t\t<meta property=\"og:description\" content=\"El Congreso Gastron\u00f3mico Andaluc\u00eda Sabor, que se celebra en el marco de la Feria Andaluc\u00eda Sabor, incorpora como novedad en 2017 una zona expositiva dedicada a la industria auxiliar en el \u00e1mbito de la gastronom\u00eda. Adem\u00e1s, esta cita, que tendr\u00e1 lugar en el Palacio de Congresos de Sevilla (Fibes) del 25 al 27 de septiembre,\" \/>\n\t\t<meta property=\"og:url\" content=\"https:\/\/www.eldigitaldeasturias.com\/noticias\/las-novedades-del-congreso-andalucia-sabor-2017\/\" \/>\n\t\t<meta property=\"article:tag\" content=\"actualidad\" \/>\n\t\t<meta property=\"article:published_time\" content=\"2017-08-04T18:07:23+00:00\" \/>\n\t\t<meta property=\"article:modified_time\" content=\"2017-08-04T18:07:23+00:00\" \/>\n\t\t<meta property=\"article:publisher\" content=\"https:\/\/facebook.com\/eldigitaldeasturias\" \/>\n\t\t<meta name=\"twitter:card\" content=\"summary_large_image\" \/>\n\t\t<meta name=\"twitter:title\" content=\"Las novedades del Congreso Andaluc\u00eda Sabor 2017 - El Digital de Asturias\" \/>\n\t\t<meta name=\"twitter:description\" content=\"El Congreso Gastron\u00f3mico Andaluc\u00eda Sabor, que se celebra en el marco de la Feria Andaluc\u00eda Sabor, incorpora como novedad en 2017 una zona expositiva dedicada a la industria auxiliar en el \u00e1mbito de la gastronom\u00eda. Adem\u00e1s, esta cita, que tendr\u00e1 lugar en el Palacio de Congresos de Sevilla (Fibes) del 25 al 27 de septiembre,\" \/>\n\t\t<meta name=\"twitter:image\" content=\"https:\/\/www.eldigitaldeasturias.com\/noticias\/wp-content\/uploads\/2020\/12\/EDA-1.jpg\" \/>\n\t\t<meta name=\"twitter:label1\" content=\"Escrito por\" \/>\n\t\t<meta name=\"twitter:data1\" content=\"El Digital de Asturias\" \/>\n\t\t<meta name=\"twitter:label2\" content=\"Tiempo de lectura estimado\" \/>\n\t\t<meta name=\"twitter:data2\" content=\"3 minutos\" \/>\n\t\t<script type=\"application\/ld+json\" class=\"aioseo-schema\">\n\t\t\t{\"@context\":\"https:\\\/\\\/schema.org\",\"@graph\":[{\"@type\":\"BlogPosting\",\"@id\":\"https:\\\/\\\/www.eldigitaldeasturias.com\\\/noticias\\\/las-novedades-del-congreso-andalucia-sabor-2017\\\/#blogposting\",\"name\":\"Las novedades del Congreso Andaluc\\u00eda Sabor 2017 - El Digital de Asturias\",\"headline\":\"Las novedades del Congreso Andaluc\\u00eda Sabor 2017\",\"author\":{\"@id\":\"https:\\\/\\\/www.eldigitaldeasturias.com\\\/noticias\\\/author\\\/admin\\\/#author\"},\"publisher\":{\"@id\":\"https:\\\/\\\/www.eldigitaldeasturias.com\\\/noticias\\\/#organization\"},\"image\":{\"@type\":\"ImageObject\",\"url\":948757},\"datePublished\":\"2017-08-04T18:07:23+02:00\",\"dateModified\":\"2017-08-04T18:07:23+02:00\",\"inLanguage\":\"es-ES\",\"mainEntityOfPage\":{\"@id\":\"https:\\\/\\\/www.eldigitaldeasturias.com\\\/noticias\\\/las-novedades-del-congreso-andalucia-sabor-2017\\\/#webpage\"},\"isPartOf\":{\"@id\":\"https:\\\/\\\/www.eldigitaldeasturias.com\\\/noticias\\\/las-novedades-del-congreso-andalucia-sabor-2017\\\/#webpage\"},\"articleSection\":\"Actualidad\"},{\"@type\":\"BreadcrumbList\",\"@id\":\"https:\\\/\\\/www.eldigitaldeasturias.com\\\/noticias\\\/las-novedades-del-congreso-andalucia-sabor-2017\\\/#breadcrumblist\",\"itemListElement\":[{\"@type\":\"ListItem\",\"@id\":\"https:\\\/\\\/www.eldigitaldeasturias.com\\\/noticias#listItem\",\"position\":1,\"name\":\"Home\",\"item\":\"https:\\\/\\\/www.eldigitaldeasturias.com\\\/noticias\",\"nextItem\":{\"@type\":\"ListItem\",\"@id\":\"https:\\\/\\\/www.eldigitaldeasturias.com\\\/noticias\\\/category\\\/actualidad\\\/#listItem\",\"name\":\"Actualidad\"}},{\"@type\":\"ListItem\",\"@id\":\"https:\\\/\\\/www.eldigitaldeasturias.com\\\/noticias\\\/category\\\/actualidad\\\/#listItem\",\"position\":2,\"name\":\"Actualidad\",\"item\":\"https:\\\/\\\/www.eldigitaldeasturias.com\\\/noticias\\\/category\\\/actualidad\\\/\",\"nextItem\":{\"@type\":\"ListItem\",\"@id\":\"https:\\\/\\\/www.eldigitaldeasturias.com\\\/noticias\\\/las-novedades-del-congreso-andalucia-sabor-2017\\\/#listItem\",\"name\":\"Las novedades del Congreso Andaluc\\u00eda Sabor 2017\"},\"previousItem\":{\"@type\":\"ListItem\",\"@id\":\"https:\\\/\\\/www.eldigitaldeasturias.com\\\/noticias#listItem\",\"name\":\"Home\"}},{\"@type\":\"ListItem\",\"@id\":\"https:\\\/\\\/www.eldigitaldeasturias.com\\\/noticias\\\/las-novedades-del-congreso-andalucia-sabor-2017\\\/#listItem\",\"position\":3,\"name\":\"Las novedades del Congreso Andaluc\\u00eda Sabor 2017\",\"previousItem\":{\"@type\":\"ListItem\",\"@id\":\"https:\\\/\\\/www.eldigitaldeasturias.com\\\/noticias\\\/category\\\/actualidad\\\/#listItem\",\"name\":\"Actualidad\"}}]},{\"@type\":\"Organization\",\"@id\":\"https:\\\/\\\/www.eldigitaldeasturias.com\\\/noticias\\\/#organization\",\"name\":\"El Digital de Asturias\",\"description\":\"Hemeroteca\",\"url\":\"https:\\\/\\\/www.eldigitaldeasturias.com\\\/noticias\\\/\",\"email\":\"info@eldigitaldeasturias.com\",\"telephone\":\"+34652131393\",\"logo\":{\"@type\":\"ImageObject\",\"url\":\"https:\\\/\\\/www.eldigitaldeasturias.com\\\/noticias\\\/wp-content\\\/uploads\\\/2020\\\/12\\\/EDA.jpg\",\"@id\":\"https:\\\/\\\/www.eldigitaldeasturias.com\\\/noticias\\\/las-novedades-del-congreso-andalucia-sabor-2017\\\/#organizationLogo\"},\"image\":{\"@id\":\"https:\\\/\\\/www.eldigitaldeasturias.com\\\/noticias\\\/las-novedades-del-congreso-andalucia-sabor-2017\\\/#organizationLogo\"},\"sameAs\":[\"https:\\\/\\\/facebook.com\\\/eldigitaldeasturias\",\"https:\\\/\\\/www.youtube.com\\\/channel\\\/UCZP-2wLEB9Rv6erhFmqVnvg\"],\"address\":{\"@id\":\"https:\\\/\\\/www.eldigitaldeasturias.com\\\/noticias\\\/#postaladdress\",\"@type\":\"PostalAddress\",\"streetAddress\":\"san antonio 4\",\"postalCode\":\"33430\",\"addressLocality\":\"Cand\\u00e1s\",\"addressRegion\":\"Asturias\",\"addressCountry\":\"ES\"}},{\"@type\":\"Person\",\"@id\":\"https:\\\/\\\/www.eldigitaldeasturias.com\\\/noticias\\\/author\\\/admin\\\/#author\",\"url\":\"https:\\\/\\\/www.eldigitaldeasturias.com\\\/noticias\\\/author\\\/admin\\\/\",\"name\":\"El Digital de Asturias\",\"image\":{\"@type\":\"ImageObject\",\"@id\":\"https:\\\/\\\/www.eldigitaldeasturias.com\\\/noticias\\\/las-novedades-del-congreso-andalucia-sabor-2017\\\/#authorImage\",\"url\":\"https:\\\/\\\/secure.gravatar.com\\\/avatar\\\/df2aeffc32bcd13f8d26072ef8a91b623d677766deac7f97ca815868cd41bf5e?s=96&d=mm&r=g\",\"width\":96,\"height\":96,\"caption\":\"El Digital de Asturias\"}},{\"@type\":\"WebPage\",\"@id\":\"https:\\\/\\\/www.eldigitaldeasturias.com\\\/noticias\\\/las-novedades-del-congreso-andalucia-sabor-2017\\\/#webpage\",\"url\":\"https:\\\/\\\/www.eldigitaldeasturias.com\\\/noticias\\\/las-novedades-del-congreso-andalucia-sabor-2017\\\/\",\"name\":\"Las novedades del Congreso Andaluc\\u00eda Sabor 2017 - El Digital de Asturias\",\"description\":\"El Congreso Gastron\\u00f3mico Andaluc\\u00eda Sabor, que se celebra en el marco de la Feria Andaluc\\u00eda Sabor, incorpora como novedad en 2017 una zona expositiva dedicada a la industria auxiliar en el \\u00e1mbito de la gastronom\\u00eda. Adem\\u00e1s, esta cita, que tendr\\u00e1 lugar en el Palacio de Congresos de Sevilla (Fibes) del 25 al 27 de septiembre,\",\"inLanguage\":\"es-ES\",\"isPartOf\":{\"@id\":\"https:\\\/\\\/www.eldigitaldeasturias.com\\\/noticias\\\/#website\"},\"breadcrumb\":{\"@id\":\"https:\\\/\\\/www.eldigitaldeasturias.com\\\/noticias\\\/las-novedades-del-congreso-andalucia-sabor-2017\\\/#breadcrumblist\"},\"author\":{\"@id\":\"https:\\\/\\\/www.eldigitaldeasturias.com\\\/noticias\\\/author\\\/admin\\\/#author\"},\"creator\":{\"@id\":\"https:\\\/\\\/www.eldigitaldeasturias.com\\\/noticias\\\/author\\\/admin\\\/#author\"},\"image\":{\"@type\":\"ImageObject\",\"url\":948757,\"@id\":\"https:\\\/\\\/www.eldigitaldeasturias.com\\\/noticias\\\/las-novedades-del-congreso-andalucia-sabor-2017\\\/#mainImage\"},\"primaryImageOfPage\":{\"@id\":\"https:\\\/\\\/www.eldigitaldeasturias.com\\\/noticias\\\/las-novedades-del-congreso-andalucia-sabor-2017\\\/#mainImage\"},\"datePublished\":\"2017-08-04T18:07:23+02:00\",\"dateModified\":\"2017-08-04T18:07:23+02:00\"},{\"@type\":\"WebSite\",\"@id\":\"https:\\\/\\\/www.eldigitaldeasturias.com\\\/noticias\\\/#website\",\"url\":\"https:\\\/\\\/www.eldigitaldeasturias.com\\\/noticias\\\/\",\"name\":\"El Digital de Asturias - Diario de actualidad y noticias\",\"alternateName\":\"El Digital de Asturias - Diario de actualidad y noticias\",\"description\":\"Hemeroteca\",\"inLanguage\":\"es-ES\",\"publisher\":{\"@id\":\"https:\\\/\\\/www.eldigitaldeasturias.com\\\/noticias\\\/#organization\"}}]}\n\t\t<\/script>\n\t\t<!-- All in One SEO Pro -->\r\n\t\t<title>Las novedades del Congreso Andaluc\u00eda Sabor 2017 - El Digital de Asturias<\/title>\n\n","aioseo_head_json":{"title":"Las novedades del Congreso Andaluc\u00eda Sabor 2017 - El Digital de Asturias","description":"El Congreso Gastron\u00f3mico Andaluc\u00eda Sabor, que se celebra en el marco de la Feria Andaluc\u00eda Sabor, incorpora como novedad en 2017 una zona expositiva dedicada a la industria auxiliar en el \u00e1mbito de la gastronom\u00eda. Adem\u00e1s, esta cita, que tendr\u00e1 lugar en el Palacio de Congresos de Sevilla (Fibes) del 25 al 27 de septiembre,","canonical_url":"https:\/\/www.eldigitaldeasturias.com\/noticias\/las-novedades-del-congreso-andalucia-sabor-2017\/","robots":"max-image-preview:large","keywords":"actualidad","webmasterTools":{"google-site-verification":"UA-38556648-1","msvalidate.01":"7dfe9f3f1b24437ab69f4f2559babe99","miscellaneous":""},"schema":{"@context":"https:\/\/schema.org","@graph":[{"@type":"BlogPosting","@id":"https:\/\/www.eldigitaldeasturias.com\/noticias\/las-novedades-del-congreso-andalucia-sabor-2017\/#blogposting","name":"Las novedades del Congreso Andaluc\u00eda Sabor 2017 - El Digital de Asturias","headline":"Las novedades del Congreso Andaluc\u00eda Sabor 2017","author":{"@id":"https:\/\/www.eldigitaldeasturias.com\/noticias\/author\/admin\/#author"},"publisher":{"@id":"https:\/\/www.eldigitaldeasturias.com\/noticias\/#organization"},"image":{"@type":"ImageObject","url":948757},"datePublished":"2017-08-04T18:07:23+02:00","dateModified":"2017-08-04T18:07:23+02:00","inLanguage":"es-ES","mainEntityOfPage":{"@id":"https:\/\/www.eldigitaldeasturias.com\/noticias\/las-novedades-del-congreso-andalucia-sabor-2017\/#webpage"},"isPartOf":{"@id":"https:\/\/www.eldigitaldeasturias.com\/noticias\/las-novedades-del-congreso-andalucia-sabor-2017\/#webpage"},"articleSection":"Actualidad"},{"@type":"BreadcrumbList","@id":"https:\/\/www.eldigitaldeasturias.com\/noticias\/las-novedades-del-congreso-andalucia-sabor-2017\/#breadcrumblist","itemListElement":[{"@type":"ListItem","@id":"https:\/\/www.eldigitaldeasturias.com\/noticias#listItem","position":1,"name":"Home","item":"https:\/\/www.eldigitaldeasturias.com\/noticias","nextItem":{"@type":"ListItem","@id":"https:\/\/www.eldigitaldeasturias.com\/noticias\/category\/actualidad\/#listItem","name":"Actualidad"}},{"@type":"ListItem","@id":"https:\/\/www.eldigitaldeasturias.com\/noticias\/category\/actualidad\/#listItem","position":2,"name":"Actualidad","item":"https:\/\/www.eldigitaldeasturias.com\/noticias\/category\/actualidad\/","nextItem":{"@type":"ListItem","@id":"https:\/\/www.eldigitaldeasturias.com\/noticias\/las-novedades-del-congreso-andalucia-sabor-2017\/#listItem","name":"Las novedades del Congreso Andaluc\u00eda Sabor 2017"},"previousItem":{"@type":"ListItem","@id":"https:\/\/www.eldigitaldeasturias.com\/noticias#listItem","name":"Home"}},{"@type":"ListItem","@id":"https:\/\/www.eldigitaldeasturias.com\/noticias\/las-novedades-del-congreso-andalucia-sabor-2017\/#listItem","position":3,"name":"Las novedades del Congreso Andaluc\u00eda Sabor 2017","previousItem":{"@type":"ListItem","@id":"https:\/\/www.eldigitaldeasturias.com\/noticias\/category\/actualidad\/#listItem","name":"Actualidad"}}]},{"@type":"Organization","@id":"https:\/\/www.eldigitaldeasturias.com\/noticias\/#organization","name":"El Digital de Asturias","description":"Hemeroteca","url":"https:\/\/www.eldigitaldeasturias.com\/noticias\/","email":"info@eldigitaldeasturias.com","telephone":"+34652131393","logo":{"@type":"ImageObject","url":"https:\/\/www.eldigitaldeasturias.com\/noticias\/wp-content\/uploads\/2020\/12\/EDA.jpg","@id":"https:\/\/www.eldigitaldeasturias.com\/noticias\/las-novedades-del-congreso-andalucia-sabor-2017\/#organizationLogo"},"image":{"@id":"https:\/\/www.eldigitaldeasturias.com\/noticias\/las-novedades-del-congreso-andalucia-sabor-2017\/#organizationLogo"},"sameAs":["https:\/\/facebook.com\/eldigitaldeasturias","https:\/\/www.youtube.com\/channel\/UCZP-2wLEB9Rv6erhFmqVnvg"],"address":{"@id":"https:\/\/www.eldigitaldeasturias.com\/noticias\/#postaladdress","@type":"PostalAddress","streetAddress":"san antonio 4","postalCode":"33430","addressLocality":"Cand\u00e1s","addressRegion":"Asturias","addressCountry":"ES"}},{"@type":"Person","@id":"https:\/\/www.eldigitaldeasturias.com\/noticias\/author\/admin\/#author","url":"https:\/\/www.eldigitaldeasturias.com\/noticias\/author\/admin\/","name":"El Digital de Asturias","image":{"@type":"ImageObject","@id":"https:\/\/www.eldigitaldeasturias.com\/noticias\/las-novedades-del-congreso-andalucia-sabor-2017\/#authorImage","url":"https:\/\/secure.gravatar.com\/avatar\/df2aeffc32bcd13f8d26072ef8a91b623d677766deac7f97ca815868cd41bf5e?s=96&d=mm&r=g","width":96,"height":96,"caption":"El Digital de Asturias"}},{"@type":"WebPage","@id":"https:\/\/www.eldigitaldeasturias.com\/noticias\/las-novedades-del-congreso-andalucia-sabor-2017\/#webpage","url":"https:\/\/www.eldigitaldeasturias.com\/noticias\/las-novedades-del-congreso-andalucia-sabor-2017\/","name":"Las novedades del Congreso Andaluc\u00eda Sabor 2017 - El Digital de Asturias","description":"El Congreso Gastron\u00f3mico Andaluc\u00eda Sabor, que se celebra en el marco de la Feria Andaluc\u00eda Sabor, incorpora como novedad en 2017 una zona expositiva dedicada a la industria auxiliar en el \u00e1mbito de la gastronom\u00eda. Adem\u00e1s, esta cita, que tendr\u00e1 lugar en el Palacio de Congresos de Sevilla (Fibes) del 25 al 27 de septiembre,","inLanguage":"es-ES","isPartOf":{"@id":"https:\/\/www.eldigitaldeasturias.com\/noticias\/#website"},"breadcrumb":{"@id":"https:\/\/www.eldigitaldeasturias.com\/noticias\/las-novedades-del-congreso-andalucia-sabor-2017\/#breadcrumblist"},"author":{"@id":"https:\/\/www.eldigitaldeasturias.com\/noticias\/author\/admin\/#author"},"creator":{"@id":"https:\/\/www.eldigitaldeasturias.com\/noticias\/author\/admin\/#author"},"image":{"@type":"ImageObject","url":948757,"@id":"https:\/\/www.eldigitaldeasturias.com\/noticias\/las-novedades-del-congreso-andalucia-sabor-2017\/#mainImage"},"primaryImageOfPage":{"@id":"https:\/\/www.eldigitaldeasturias.com\/noticias\/las-novedades-del-congreso-andalucia-sabor-2017\/#mainImage"},"datePublished":"2017-08-04T18:07:23+02:00","dateModified":"2017-08-04T18:07:23+02:00"},{"@type":"WebSite","@id":"https:\/\/www.eldigitaldeasturias.com\/noticias\/#website","url":"https:\/\/www.eldigitaldeasturias.com\/noticias\/","name":"El Digital de Asturias - Diario de actualidad y noticias","alternateName":"El Digital de Asturias - Diario de actualidad y noticias","description":"Hemeroteca","inLanguage":"es-ES","publisher":{"@id":"https:\/\/www.eldigitaldeasturias.com\/noticias\/#organization"}}]},"og:locale":"es_ES","og:site_name":"El Digital de Asturias","og:type":"article","og:title":"Las novedades del Congreso Andaluc\u00eda Sabor 2017 - El Digital de Asturias","og:description":"El Congreso Gastron\u00f3mico Andaluc\u00eda Sabor, que se celebra en el marco de la Feria Andaluc\u00eda Sabor, incorpora como novedad en 2017 una zona expositiva dedicada a la industria auxiliar en el \u00e1mbito de la gastronom\u00eda. Adem\u00e1s, esta cita, que tendr\u00e1 lugar en el Palacio de Congresos de Sevilla (Fibes) del 25 al 27 de septiembre,","og:url":"https:\/\/www.eldigitaldeasturias.com\/noticias\/las-novedades-del-congreso-andalucia-sabor-2017\/","article:tag":["actualidad"],"article:published_time":"2017-08-04T18:07:23+00:00","article:modified_time":"2017-08-04T18:07:23+00:00","article:publisher":"https:\/\/facebook.com\/eldigitaldeasturias","twitter:card":"summary_large_image","twitter:title":"Las novedades del Congreso Andaluc\u00eda Sabor 2017 - El Digital de Asturias","twitter:description":"El Congreso Gastron\u00f3mico Andaluc\u00eda Sabor, que se celebra en el marco de la Feria Andaluc\u00eda Sabor, incorpora como novedad en 2017 una zona expositiva dedicada a la industria auxiliar en el \u00e1mbito de la gastronom\u00eda. Adem\u00e1s, esta cita, que tendr\u00e1 lugar en el Palacio de Congresos de Sevilla (Fibes) del 25 al 27 de septiembre,","twitter:image":"https:\/\/www.eldigitaldeasturias.com\/noticias\/wp-content\/uploads\/2020\/12\/EDA-1.jpg","twitter:label1":"Escrito por","twitter:data1":"El Digital de Asturias","twitter:label2":"Tiempo de lectura estimado","twitter:data2":"3 minutos"},"aioseo_meta_data":{"post_id":"948756","title":null,"description":null,"keywords":null,"keyphrases":null,"primary_term":null,"canonical_url":null,"og_title":null,"og_description":null,"og_object_type":"default","og_image_type":"default","og_image_url":null,"og_image_width":null,"og_image_height":null,"og_image_custom_url":null,"og_image_custom_fields":null,"og_video":null,"og_custom_url":null,"og_article_section":null,"og_article_tags":null,"twitter_use_og":false,"twitter_card":"default","twitter_image_type":"default","twitter_image_url":null,"twitter_image_custom_url":null,"twitter_image_custom_fields":null,"twitter_title":null,"twitter_description":null,"schema":{"blockGraphs":[],"customGraphs":[],"default":{"data":{"Article":[],"Course":[],"Dataset":[],"FAQPage":[],"Movie":[],"Person":[],"Product":[],"ProductReview":[],"Car":[],"Recipe":[],"Service":[],"SoftwareApplication":[],"WebPage":[]},"graphName":"","isEnabled":true},"graphs":[]},"schema_type":null,"schema_type_options":null,"pillar_content":false,"robots_default":true,"robots_noindex":false,"robots_noarchive":false,"robots_nosnippet":false,"robots_nofollow":false,"robots_noimageindex":false,"robots_noodp":false,"robots_notranslate":false,"robots_max_snippet":null,"robots_max_videopreview":null,"robots_max_imagepreview":"large","priority":null,"frequency":null,"local_seo":null,"seo_analyzer_scan_date":"2025-12-05 09:48:13","breadcrumb_settings":null,"limit_modified_date":false,"open_ai":null,"ai":null,"created":"2020-12-21 13:03:37","updated":"2025-12-05 09:48:13","focus_keyword":null,"additional_keywords":null,"truseo_locale":null},"aioseo_breadcrumb":"<div class=\"aioseo-breadcrumbs\"><span class=\"aioseo-breadcrumb\">\n\t<a href=\"https:\/\/www.eldigitaldeasturias.com\/noticias\" title=\"Home\">Home<\/a>\n<\/span><span class=\"aioseo-breadcrumb-separator\">\u2013<\/span><span class=\"aioseo-breadcrumb\">\n\t<a href=\"https:\/\/www.eldigitaldeasturias.com\/noticias\/category\/actualidad\/\" title=\"Actualidad\">Actualidad<\/a>\n<\/span><span class=\"aioseo-breadcrumb-separator\">\u2013<\/span><span class=\"aioseo-breadcrumb\">\n\t<a href=\"https:\/\/www.eldigitaldeasturias.com\/noticias\/las-novedades-del-congreso-andalucia-sabor-2017\/\" title=\"Las novedades del Congreso Andaluc\u00eda Sabor 2017\">Las novedades del Congreso Andaluc\u00eda Sabor 2017<\/a>\n<\/span><\/div>","aioseo_breadcrumb_json":[{"label":"Home","link":"https:\/\/www.eldigitaldeasturias.com\/noticias"},{"label":"Actualidad","link":"https:\/\/www.eldigitaldeasturias.com\/noticias\/category\/actualidad\/"},{"label":"Las novedades del Congreso Andaluc\u00eda Sabor 2017","link":"https:\/\/www.eldigitaldeasturias.com\/noticias\/las-novedades-del-congreso-andalucia-sabor-2017\/"}],"_links":{"self":[{"href":"https:\/\/www.eldigitaldeasturias.com\/noticias\/wp-json\/wp\/v2\/posts\/948756","targetHints":{"allow":["GET"]}}],"collection":[{"href":"https:\/\/www.eldigitaldeasturias.com\/noticias\/wp-json\/wp\/v2\/posts"}],"about":[{"href":"https:\/\/www.eldigitaldeasturias.com\/noticias\/wp-json\/wp\/v2\/types\/post"}],"author":[{"embeddable":true,"href":"https:\/\/www.eldigitaldeasturias.com\/noticias\/wp-json\/wp\/v2\/users\/1"}],"replies":[{"embeddable":true,"href":"https:\/\/www.eldigitaldeasturias.com\/noticias\/wp-json\/wp\/v2\/comments?post=948756"}],"version-history":[{"count":0,"href":"https:\/\/www.eldigitaldeasturias.com\/noticias\/wp-json\/wp\/v2\/posts\/948756\/revisions"}],"wp:attachment":[{"href":"https:\/\/www.eldigitaldeasturias.com\/noticias\/wp-json\/wp\/v2\/media?parent=948756"}],"wp:term":[{"taxonomy":"category","embeddable":true,"href":"https:\/\/www.eldigitaldeasturias.com\/noticias\/wp-json\/wp\/v2\/categories?post=948756"},{"taxonomy":"post_tag","embeddable":true,"href":"https:\/\/www.eldigitaldeasturias.com\/noticias\/wp-json\/wp\/v2\/tags?post=948756"}],"curies":[{"name":"wp","href":"https:\/\/api.w.org\/{rel}","templated":true}]}}