{"id":948753,"date":"2017-08-04T18:05:33","date_gmt":"2017-08-04T18:05:33","guid":{"rendered":"http:\/\/www.eldigitaldeasturias.com\/noticias\/?p=948753"},"modified":"2017-08-04T18:05:33","modified_gmt":"2017-08-04T18:05:33","slug":"infoca-vigila-desde-el-aire-las-zonas-con-mayor-numero-de-incendios-forestales","status":"publish","type":"post","link":"https:\/\/www.eldigitaldeasturias.com\/noticias\/infoca-vigila-desde-el-aire-las-zonas-con-mayor-numero-de-incendios-forestales\/","title":{"rendered":"Infoca vigila desde el aire las zonas con mayor n\u00famero de incendios forestales"},"content":{"rendered":"<p><img loading=\"lazy\" decoding=\"async\" class=\"alignleft size-medium wp-image-948754\" src=\"https:\/\/www.eldigitaldeasturias.com\/noticias\/wp-content\/uploads\/2017\/08\/1501755239658-360x211.jpg\" alt=\"\" width=\"360\" height=\"211\" \/>La Consejer\u00eda de Medio Ambiente y Ordenaci\u00f3n del Territorio, a trav\u00e9s del dispositivo para la prevenci\u00f3n y extinci\u00f3n de incendios forestales de Andaluc\u00eda, el Plan Infoca, pone en servicio un avi\u00f3n de vigilancia y coordinaci\u00f3n (Sierra 3), modelo Cessnna 337, posicionado en el aeropuerto de Sevilla. Esta aeronave realiza misiones de vigilancia preventiva, observaci\u00f3n y toma de im\u00e1genes en diferentes zonas de Andaluc\u00eda en las que los incendios forestales son m\u00e1s frecuentes.<\/p>\n<p>El avi\u00f3n lleva a bordo un piloto y un t\u00e9cnico de coordinaci\u00f3n a\u00e9rea del dispositivo Infoca, encargado de realizar las tareas encomendadas. El plan de trabajo consiste en la observaci\u00f3n de zonas concretas con riesgo por fen\u00f3menos meteorol\u00f3gicos adversos, como el viento de terral en M\u00e1laga; fotograf\u00eda y filmaci\u00f3n de aquellos espacios forestales incendiados recientemente, y presencia disuasoria en puntos en los que suceden incendios de forma recurrente durante la actual campa\u00f1a o en anteriores.<\/p>\n<p>As\u00ed, el servicio de vigilancia a\u00e9rea permite tener un campo de visi\u00f3n instant\u00e1neo y amplio y distinguir entre falsas y verdaderas alarmas de incendios, en este caso el avi\u00f3n se convierte en una fuente de informaci\u00f3n precisa de cuanto sucede en los primeros momentos del fuego. Para ello, el t\u00e9cnico est\u00e1 en constante comunicaci\u00f3n con los respectivos centros operativos de las provincias que sobrevuela mediante la banda a\u00e9rea correspondiente. Desde tierra tambi\u00e9n se puede desviar el medio a\u00e9reo a un incendio detectado por la red de vigilancia terrestre o a trav\u00e9s de aviso al tel\u00e9fono de emergencias 112.<\/p>\n<p>Las rutas de vigilancia se centran en el Parque Natural de Los Alcornocales, en C\u00e1diz; Sierra y And\u00e9valo de la provincia, de Huelva, y Sierra Norte de Sevilla, aunque podr\u00e1n ampliarse si fuese necesario. Adem\u00e1s se realizar\u00e1n vuelos de reconocimiento en aquellas localizaciones que sufrieron incendios durante campa\u00f1as pasadas, para comprobar cu\u00e1l es la evoluci\u00f3n del terreno calcinado.<\/p>\n<p>El dispositivo Infoca cuenta con tres aviones de estas caracter\u00edsticas con base en los aeropuertos de Sevilla (dos) y Granada (uno) que, adem\u00e1s de las labores de vigilancia, ejecutan trabajos de coordinaci\u00f3n en aquellos incendios forestales de importancia, donde intervienen simult\u00e1neamente cuatro o m\u00e1s medios a\u00e9reos. El objetivo de su presencia es facilitar el tr\u00e1fico a\u00e9reo, aumentando la eficacia de las descargas sobre las llamas y la seguridad de los pilotos, as\u00ed como asesorar a los responsables de los trabajos de extinci\u00f3n que toman las decisiones desde el puesto de mando.<\/p>\n<p><strong>Flota de aeronaves<\/strong><\/p>\n<p>Ya est\u00e1n operativas las 38 unidades de la presente campa\u00f1a de incendios. En cuanto a aviones, se tratan de dos anfibios de 5.500 litros de descarga; siete de carga en tierra de entre 2.100 y 3.100 litros de capacidad, y tres de vigilancia y coordinaci\u00f3n. A estos se sumas cuatro helic\u00f3pteros de gran capacidad con 4.500 litros; 19 de extinci\u00f3n y transporte para grupos especialistas, y tres de extinci\u00f3n y transporte de brigadas de refuerzo (Brica). Todos lanzan de 900 a 1.200 litros. De estos medios, el Ministerio de Agricultura y Pesca, Alimentaci\u00f3n y Medio Ambiente aporta cinco y la empresa p\u00fablica Enresa uno.<\/p>\n<p>&nbsp;<\/p>\n","protected":false},"excerpt":{"rendered":"<p>La Consejer\u00eda de Medio Ambiente y Ordenaci\u00f3n del Territorio, a trav\u00e9s del dispositivo para la prevenci\u00f3n y extinci\u00f3n de incendios forestales de Andaluc\u00eda, el Plan Infoca, pone en servicio un avi\u00f3n de vigilancia y coordinaci\u00f3n (Sierra 3), modelo Cessnna 337, posicionado en el aeropuerto de Sevilla. Esta aeronave realiza misiones de vigilancia preventiva, observaci\u00f3n y [&hellip;]<\/p>\n","protected":false},"author":1,"featured_media":948754,"comment_status":"closed","ping_status":"closed","sticky":false,"template":"","format":"standard","meta":{"footnotes":""},"categories":[1],"tags":[],"class_list":["post-948753","post","type-post","status-publish","format-standard","has-post-thumbnail","hentry","category-actualidad"],"aioseo_notices":[],"aioseo_head":"\n\t\t<!-- All in One SEO Pro 5.0.1 - aioseo.com -->\n\t<meta name=\"description\" content=\"La Consejer\u00eda de Medio Ambiente y Ordenaci\u00f3n del Territorio, a trav\u00e9s del dispositivo para la prevenci\u00f3n y extinci\u00f3n de incendios forestales de Andaluc\u00eda, el Plan Infoca, pone en servicio un avi\u00f3n de vigilancia y coordinaci\u00f3n (Sierra 3), modelo Cessnna 337, posicionado en el aeropuerto de Sevilla. Esta aeronave realiza misiones de vigilancia preventiva, observaci\u00f3n y\" \/>\n\t<meta name=\"robots\" content=\"max-image-preview:large\" \/>\n\t<meta name=\"author\" content=\"El Digital de Asturias\"\/>\n\t<meta name=\"google-site-verification\" content=\"UA-38556648-1\" \/>\n\t<meta name=\"msvalidate.01\" content=\"7dfe9f3f1b24437ab69f4f2559babe99\" \/>\n\t<meta name=\"keywords\" content=\"actualidad\" \/>\n\t<link rel=\"canonical\" href=\"https:\/\/www.eldigitaldeasturias.com\/noticias\/infoca-vigila-desde-el-aire-las-zonas-con-mayor-numero-de-incendios-forestales\/\" \/>\n\t<meta name=\"generator\" content=\"All in One SEO Pro (AIOSEO) 5.0.1\" \/>\n\t\t<meta property=\"og:locale\" content=\"es_ES\" \/>\n\t\t<meta property=\"og:site_name\" content=\"El Digital de Asturias\" \/>\n\t\t<meta property=\"og:type\" content=\"article\" \/>\n\t\t<meta property=\"og:title\" content=\"Infoca vigila desde el aire las zonas con mayor n\u00famero de incendios forestales - El Digital de Asturias\" \/>\n\t\t<meta property=\"og:description\" content=\"La Consejer\u00eda de Medio Ambiente y Ordenaci\u00f3n del Territorio, a trav\u00e9s del dispositivo para la prevenci\u00f3n y extinci\u00f3n de incendios forestales de Andaluc\u00eda, el Plan Infoca, pone en servicio un avi\u00f3n de vigilancia y coordinaci\u00f3n (Sierra 3), modelo Cessnna 337, posicionado en el aeropuerto de Sevilla. Esta aeronave realiza misiones de vigilancia preventiva, observaci\u00f3n y\" \/>\n\t\t<meta property=\"og:url\" content=\"https:\/\/www.eldigitaldeasturias.com\/noticias\/infoca-vigila-desde-el-aire-las-zonas-con-mayor-numero-de-incendios-forestales\/\" \/>\n\t\t<meta property=\"article:tag\" content=\"actualidad\" \/>\n\t\t<meta property=\"article:published_time\" content=\"2017-08-04T18:05:33+00:00\" \/>\n\t\t<meta property=\"article:modified_time\" content=\"2017-08-04T18:05:33+00:00\" \/>\n\t\t<meta property=\"article:publisher\" content=\"https:\/\/facebook.com\/eldigitaldeasturias\" \/>\n\t\t<meta name=\"twitter:card\" content=\"summary_large_image\" \/>\n\t\t<meta name=\"twitter:title\" content=\"Infoca vigila desde el aire las zonas con mayor n\u00famero de incendios forestales - El Digital de Asturias\" \/>\n\t\t<meta name=\"twitter:description\" content=\"La Consejer\u00eda de Medio Ambiente y Ordenaci\u00f3n del Territorio, a trav\u00e9s del dispositivo para la prevenci\u00f3n y extinci\u00f3n de incendios forestales de Andaluc\u00eda, el Plan Infoca, pone en servicio un avi\u00f3n de vigilancia y coordinaci\u00f3n (Sierra 3), modelo Cessnna 337, posicionado en el aeropuerto de Sevilla. Esta aeronave realiza misiones de vigilancia preventiva, observaci\u00f3n y\" \/>\n\t\t<meta name=\"twitter:image\" content=\"https:\/\/www.eldigitaldeasturias.com\/noticias\/wp-content\/uploads\/2020\/12\/EDA-1.jpg\" \/>\n\t\t<meta name=\"twitter:label1\" content=\"Escrito por\" \/>\n\t\t<meta name=\"twitter:data1\" content=\"El Digital de Asturias\" \/>\n\t\t<meta name=\"twitter:label2\" content=\"Tiempo de lectura estimado\" \/>\n\t\t<meta name=\"twitter:data2\" content=\"3 minutos\" \/>\n\t\t<script type=\"application\/ld+json\" class=\"aioseo-schema\">\n\t\t\t{\"@context\":\"https:\\\/\\\/schema.org\",\"@graph\":[{\"@type\":\"BlogPosting\",\"@id\":\"https:\\\/\\\/www.eldigitaldeasturias.com\\\/noticias\\\/infoca-vigila-desde-el-aire-las-zonas-con-mayor-numero-de-incendios-forestales\\\/#blogposting\",\"name\":\"Infoca vigila desde el aire las zonas con mayor n\\u00famero de incendios forestales - El Digital de Asturias\",\"headline\":\"Infoca vigila desde el aire las zonas con mayor n\\u00famero de incendios forestales\",\"author\":{\"@id\":\"https:\\\/\\\/www.eldigitaldeasturias.com\\\/noticias\\\/author\\\/admin\\\/#author\"},\"publisher\":{\"@id\":\"https:\\\/\\\/www.eldigitaldeasturias.com\\\/noticias\\\/#organization\"},\"image\":{\"@type\":\"ImageObject\",\"url\":948754},\"datePublished\":\"2017-08-04T18:05:33+02:00\",\"dateModified\":\"2017-08-04T18:05:33+02:00\",\"inLanguage\":\"es-ES\",\"mainEntityOfPage\":{\"@id\":\"https:\\\/\\\/www.eldigitaldeasturias.com\\\/noticias\\\/infoca-vigila-desde-el-aire-las-zonas-con-mayor-numero-de-incendios-forestales\\\/#webpage\"},\"isPartOf\":{\"@id\":\"https:\\\/\\\/www.eldigitaldeasturias.com\\\/noticias\\\/infoca-vigila-desde-el-aire-las-zonas-con-mayor-numero-de-incendios-forestales\\\/#webpage\"},\"articleSection\":\"Actualidad\"},{\"@type\":\"BreadcrumbList\",\"@id\":\"https:\\\/\\\/www.eldigitaldeasturias.com\\\/noticias\\\/infoca-vigila-desde-el-aire-las-zonas-con-mayor-numero-de-incendios-forestales\\\/#breadcrumblist\",\"itemListElement\":[{\"@type\":\"ListItem\",\"@id\":\"https:\\\/\\\/www.eldigitaldeasturias.com\\\/noticias#listItem\",\"position\":1,\"name\":\"Home\",\"item\":\"https:\\\/\\\/www.eldigitaldeasturias.com\\\/noticias\",\"nextItem\":{\"@type\":\"ListItem\",\"@id\":\"https:\\\/\\\/www.eldigitaldeasturias.com\\\/noticias\\\/category\\\/actualidad\\\/#listItem\",\"name\":\"Actualidad\"}},{\"@type\":\"ListItem\",\"@id\":\"https:\\\/\\\/www.eldigitaldeasturias.com\\\/noticias\\\/category\\\/actualidad\\\/#listItem\",\"position\":2,\"name\":\"Actualidad\",\"item\":\"https:\\\/\\\/www.eldigitaldeasturias.com\\\/noticias\\\/category\\\/actualidad\\\/\",\"nextItem\":{\"@type\":\"ListItem\",\"@id\":\"https:\\\/\\\/www.eldigitaldeasturias.com\\\/noticias\\\/infoca-vigila-desde-el-aire-las-zonas-con-mayor-numero-de-incendios-forestales\\\/#listItem\",\"name\":\"Infoca vigila desde el aire las zonas con mayor n\\u00famero de incendios forestales\"},\"previousItem\":{\"@type\":\"ListItem\",\"@id\":\"https:\\\/\\\/www.eldigitaldeasturias.com\\\/noticias#listItem\",\"name\":\"Home\"}},{\"@type\":\"ListItem\",\"@id\":\"https:\\\/\\\/www.eldigitaldeasturias.com\\\/noticias\\\/infoca-vigila-desde-el-aire-las-zonas-con-mayor-numero-de-incendios-forestales\\\/#listItem\",\"position\":3,\"name\":\"Infoca vigila desde el aire las zonas con mayor n\\u00famero de incendios forestales\",\"previousItem\":{\"@type\":\"ListItem\",\"@id\":\"https:\\\/\\\/www.eldigitaldeasturias.com\\\/noticias\\\/category\\\/actualidad\\\/#listItem\",\"name\":\"Actualidad\"}}]},{\"@type\":\"Organization\",\"@id\":\"https:\\\/\\\/www.eldigitaldeasturias.com\\\/noticias\\\/#organization\",\"name\":\"El Digital de Asturias\",\"description\":\"Hemeroteca\",\"url\":\"https:\\\/\\\/www.eldigitaldeasturias.com\\\/noticias\\\/\",\"email\":\"info@eldigitaldeasturias.com\",\"telephone\":\"+34652131393\",\"logo\":{\"@type\":\"ImageObject\",\"url\":\"https:\\\/\\\/www.eldigitaldeasturias.com\\\/noticias\\\/wp-content\\\/uploads\\\/2020\\\/12\\\/EDA.jpg\",\"@id\":\"https:\\\/\\\/www.eldigitaldeasturias.com\\\/noticias\\\/infoca-vigila-desde-el-aire-las-zonas-con-mayor-numero-de-incendios-forestales\\\/#organizationLogo\"},\"image\":{\"@id\":\"https:\\\/\\\/www.eldigitaldeasturias.com\\\/noticias\\\/infoca-vigila-desde-el-aire-las-zonas-con-mayor-numero-de-incendios-forestales\\\/#organizationLogo\"},\"sameAs\":[\"https:\\\/\\\/facebook.com\\\/eldigitaldeasturias\",\"https:\\\/\\\/www.youtube.com\\\/channel\\\/UCZP-2wLEB9Rv6erhFmqVnvg\"],\"address\":{\"@id\":\"https:\\\/\\\/www.eldigitaldeasturias.com\\\/noticias\\\/#postaladdress\",\"@type\":\"PostalAddress\",\"streetAddress\":\"san antonio 4\",\"postalCode\":\"33430\",\"addressLocality\":\"Cand\\u00e1s\",\"addressRegion\":\"Asturias\",\"addressCountry\":\"ES\"}},{\"@type\":\"Person\",\"@id\":\"https:\\\/\\\/www.eldigitaldeasturias.com\\\/noticias\\\/author\\\/admin\\\/#author\",\"url\":\"https:\\\/\\\/www.eldigitaldeasturias.com\\\/noticias\\\/author\\\/admin\\\/\",\"name\":\"El Digital de Asturias\",\"image\":{\"@type\":\"ImageObject\",\"@id\":\"https:\\\/\\\/www.eldigitaldeasturias.com\\\/noticias\\\/infoca-vigila-desde-el-aire-las-zonas-con-mayor-numero-de-incendios-forestales\\\/#authorImage\",\"url\":\"https:\\\/\\\/secure.gravatar.com\\\/avatar\\\/df2aeffc32bcd13f8d26072ef8a91b623d677766deac7f97ca815868cd41bf5e?s=96&d=mm&r=g\",\"width\":96,\"height\":96,\"caption\":\"El Digital de Asturias\"}},{\"@type\":\"WebPage\",\"@id\":\"https:\\\/\\\/www.eldigitaldeasturias.com\\\/noticias\\\/infoca-vigila-desde-el-aire-las-zonas-con-mayor-numero-de-incendios-forestales\\\/#webpage\",\"url\":\"https:\\\/\\\/www.eldigitaldeasturias.com\\\/noticias\\\/infoca-vigila-desde-el-aire-las-zonas-con-mayor-numero-de-incendios-forestales\\\/\",\"name\":\"Infoca vigila desde el aire las zonas con mayor n\\u00famero de incendios forestales - El Digital de Asturias\",\"description\":\"La Consejer\\u00eda de Medio Ambiente y Ordenaci\\u00f3n del Territorio, a trav\\u00e9s del dispositivo para la prevenci\\u00f3n y extinci\\u00f3n de incendios forestales de Andaluc\\u00eda, el Plan Infoca, pone en servicio un avi\\u00f3n de vigilancia y coordinaci\\u00f3n (Sierra 3), modelo Cessnna 337, posicionado en el aeropuerto de Sevilla. Esta aeronave realiza misiones de vigilancia preventiva, observaci\\u00f3n y\",\"inLanguage\":\"es-ES\",\"isPartOf\":{\"@id\":\"https:\\\/\\\/www.eldigitaldeasturias.com\\\/noticias\\\/#website\"},\"breadcrumb\":{\"@id\":\"https:\\\/\\\/www.eldigitaldeasturias.com\\\/noticias\\\/infoca-vigila-desde-el-aire-las-zonas-con-mayor-numero-de-incendios-forestales\\\/#breadcrumblist\"},\"author\":{\"@id\":\"https:\\\/\\\/www.eldigitaldeasturias.com\\\/noticias\\\/author\\\/admin\\\/#author\"},\"creator\":{\"@id\":\"https:\\\/\\\/www.eldigitaldeasturias.com\\\/noticias\\\/author\\\/admin\\\/#author\"},\"image\":{\"@type\":\"ImageObject\",\"url\":948754,\"@id\":\"https:\\\/\\\/www.eldigitaldeasturias.com\\\/noticias\\\/infoca-vigila-desde-el-aire-las-zonas-con-mayor-numero-de-incendios-forestales\\\/#mainImage\"},\"primaryImageOfPage\":{\"@id\":\"https:\\\/\\\/www.eldigitaldeasturias.com\\\/noticias\\\/infoca-vigila-desde-el-aire-las-zonas-con-mayor-numero-de-incendios-forestales\\\/#mainImage\"},\"datePublished\":\"2017-08-04T18:05:33+02:00\",\"dateModified\":\"2017-08-04T18:05:33+02:00\"},{\"@type\":\"WebSite\",\"@id\":\"https:\\\/\\\/www.eldigitaldeasturias.com\\\/noticias\\\/#website\",\"url\":\"https:\\\/\\\/www.eldigitaldeasturias.com\\\/noticias\\\/\",\"name\":\"El Digital de Asturias - Diario de actualidad y noticias\",\"alternateName\":\"El Digital de Asturias - Diario de actualidad y noticias\",\"description\":\"Hemeroteca\",\"inLanguage\":\"es-ES\",\"publisher\":{\"@id\":\"https:\\\/\\\/www.eldigitaldeasturias.com\\\/noticias\\\/#organization\"}}]}\n\t\t<\/script>\n\t\t<!-- All in One SEO Pro -->\r\n\t\t<title>Infoca vigila desde el aire las zonas con mayor n\u00famero de incendios forestales - El Digital de Asturias<\/title>\n\n","aioseo_head_json":{"title":"Infoca vigila desde el aire las zonas con mayor n\u00famero de incendios forestales - El Digital de Asturias","description":"La Consejer\u00eda de Medio Ambiente y Ordenaci\u00f3n del Territorio, a trav\u00e9s del dispositivo para la prevenci\u00f3n y extinci\u00f3n de incendios forestales de Andaluc\u00eda, el Plan Infoca, pone en servicio un avi\u00f3n de vigilancia y coordinaci\u00f3n (Sierra 3), modelo Cessnna 337, posicionado en el aeropuerto de Sevilla. Esta aeronave realiza misiones de vigilancia preventiva, observaci\u00f3n y","canonical_url":"https:\/\/www.eldigitaldeasturias.com\/noticias\/infoca-vigila-desde-el-aire-las-zonas-con-mayor-numero-de-incendios-forestales\/","robots":"max-image-preview:large","keywords":"actualidad","webmasterTools":{"google-site-verification":"UA-38556648-1","msvalidate.01":"7dfe9f3f1b24437ab69f4f2559babe99","miscellaneous":""},"schema":{"@context":"https:\/\/schema.org","@graph":[{"@type":"BlogPosting","@id":"https:\/\/www.eldigitaldeasturias.com\/noticias\/infoca-vigila-desde-el-aire-las-zonas-con-mayor-numero-de-incendios-forestales\/#blogposting","name":"Infoca vigila desde el aire las zonas con mayor n\u00famero de incendios forestales - El Digital de Asturias","headline":"Infoca vigila desde el aire las zonas con mayor n\u00famero de incendios forestales","author":{"@id":"https:\/\/www.eldigitaldeasturias.com\/noticias\/author\/admin\/#author"},"publisher":{"@id":"https:\/\/www.eldigitaldeasturias.com\/noticias\/#organization"},"image":{"@type":"ImageObject","url":948754},"datePublished":"2017-08-04T18:05:33+02:00","dateModified":"2017-08-04T18:05:33+02:00","inLanguage":"es-ES","mainEntityOfPage":{"@id":"https:\/\/www.eldigitaldeasturias.com\/noticias\/infoca-vigila-desde-el-aire-las-zonas-con-mayor-numero-de-incendios-forestales\/#webpage"},"isPartOf":{"@id":"https:\/\/www.eldigitaldeasturias.com\/noticias\/infoca-vigila-desde-el-aire-las-zonas-con-mayor-numero-de-incendios-forestales\/#webpage"},"articleSection":"Actualidad"},{"@type":"BreadcrumbList","@id":"https:\/\/www.eldigitaldeasturias.com\/noticias\/infoca-vigila-desde-el-aire-las-zonas-con-mayor-numero-de-incendios-forestales\/#breadcrumblist","itemListElement":[{"@type":"ListItem","@id":"https:\/\/www.eldigitaldeasturias.com\/noticias#listItem","position":1,"name":"Home","item":"https:\/\/www.eldigitaldeasturias.com\/noticias","nextItem":{"@type":"ListItem","@id":"https:\/\/www.eldigitaldeasturias.com\/noticias\/category\/actualidad\/#listItem","name":"Actualidad"}},{"@type":"ListItem","@id":"https:\/\/www.eldigitaldeasturias.com\/noticias\/category\/actualidad\/#listItem","position":2,"name":"Actualidad","item":"https:\/\/www.eldigitaldeasturias.com\/noticias\/category\/actualidad\/","nextItem":{"@type":"ListItem","@id":"https:\/\/www.eldigitaldeasturias.com\/noticias\/infoca-vigila-desde-el-aire-las-zonas-con-mayor-numero-de-incendios-forestales\/#listItem","name":"Infoca vigila desde el aire las zonas con mayor n\u00famero de incendios forestales"},"previousItem":{"@type":"ListItem","@id":"https:\/\/www.eldigitaldeasturias.com\/noticias#listItem","name":"Home"}},{"@type":"ListItem","@id":"https:\/\/www.eldigitaldeasturias.com\/noticias\/infoca-vigila-desde-el-aire-las-zonas-con-mayor-numero-de-incendios-forestales\/#listItem","position":3,"name":"Infoca vigila desde el aire las zonas con mayor n\u00famero de incendios forestales","previousItem":{"@type":"ListItem","@id":"https:\/\/www.eldigitaldeasturias.com\/noticias\/category\/actualidad\/#listItem","name":"Actualidad"}}]},{"@type":"Organization","@id":"https:\/\/www.eldigitaldeasturias.com\/noticias\/#organization","name":"El Digital de Asturias","description":"Hemeroteca","url":"https:\/\/www.eldigitaldeasturias.com\/noticias\/","email":"info@eldigitaldeasturias.com","telephone":"+34652131393","logo":{"@type":"ImageObject","url":"https:\/\/www.eldigitaldeasturias.com\/noticias\/wp-content\/uploads\/2020\/12\/EDA.jpg","@id":"https:\/\/www.eldigitaldeasturias.com\/noticias\/infoca-vigila-desde-el-aire-las-zonas-con-mayor-numero-de-incendios-forestales\/#organizationLogo"},"image":{"@id":"https:\/\/www.eldigitaldeasturias.com\/noticias\/infoca-vigila-desde-el-aire-las-zonas-con-mayor-numero-de-incendios-forestales\/#organizationLogo"},"sameAs":["https:\/\/facebook.com\/eldigitaldeasturias","https:\/\/www.youtube.com\/channel\/UCZP-2wLEB9Rv6erhFmqVnvg"],"address":{"@id":"https:\/\/www.eldigitaldeasturias.com\/noticias\/#postaladdress","@type":"PostalAddress","streetAddress":"san antonio 4","postalCode":"33430","addressLocality":"Cand\u00e1s","addressRegion":"Asturias","addressCountry":"ES"}},{"@type":"Person","@id":"https:\/\/www.eldigitaldeasturias.com\/noticias\/author\/admin\/#author","url":"https:\/\/www.eldigitaldeasturias.com\/noticias\/author\/admin\/","name":"El Digital de Asturias","image":{"@type":"ImageObject","@id":"https:\/\/www.eldigitaldeasturias.com\/noticias\/infoca-vigila-desde-el-aire-las-zonas-con-mayor-numero-de-incendios-forestales\/#authorImage","url":"https:\/\/secure.gravatar.com\/avatar\/df2aeffc32bcd13f8d26072ef8a91b623d677766deac7f97ca815868cd41bf5e?s=96&d=mm&r=g","width":96,"height":96,"caption":"El Digital de Asturias"}},{"@type":"WebPage","@id":"https:\/\/www.eldigitaldeasturias.com\/noticias\/infoca-vigila-desde-el-aire-las-zonas-con-mayor-numero-de-incendios-forestales\/#webpage","url":"https:\/\/www.eldigitaldeasturias.com\/noticias\/infoca-vigila-desde-el-aire-las-zonas-con-mayor-numero-de-incendios-forestales\/","name":"Infoca vigila desde el aire las zonas con mayor n\u00famero de incendios forestales - El Digital de Asturias","description":"La Consejer\u00eda de Medio Ambiente y Ordenaci\u00f3n del Territorio, a trav\u00e9s del dispositivo para la prevenci\u00f3n y extinci\u00f3n de incendios forestales de Andaluc\u00eda, el Plan Infoca, pone en servicio un avi\u00f3n de vigilancia y coordinaci\u00f3n (Sierra 3), modelo Cessnna 337, posicionado en el aeropuerto de Sevilla. Esta aeronave realiza misiones de vigilancia preventiva, observaci\u00f3n y","inLanguage":"es-ES","isPartOf":{"@id":"https:\/\/www.eldigitaldeasturias.com\/noticias\/#website"},"breadcrumb":{"@id":"https:\/\/www.eldigitaldeasturias.com\/noticias\/infoca-vigila-desde-el-aire-las-zonas-con-mayor-numero-de-incendios-forestales\/#breadcrumblist"},"author":{"@id":"https:\/\/www.eldigitaldeasturias.com\/noticias\/author\/admin\/#author"},"creator":{"@id":"https:\/\/www.eldigitaldeasturias.com\/noticias\/author\/admin\/#author"},"image":{"@type":"ImageObject","url":948754,"@id":"https:\/\/www.eldigitaldeasturias.com\/noticias\/infoca-vigila-desde-el-aire-las-zonas-con-mayor-numero-de-incendios-forestales\/#mainImage"},"primaryImageOfPage":{"@id":"https:\/\/www.eldigitaldeasturias.com\/noticias\/infoca-vigila-desde-el-aire-las-zonas-con-mayor-numero-de-incendios-forestales\/#mainImage"},"datePublished":"2017-08-04T18:05:33+02:00","dateModified":"2017-08-04T18:05:33+02:00"},{"@type":"WebSite","@id":"https:\/\/www.eldigitaldeasturias.com\/noticias\/#website","url":"https:\/\/www.eldigitaldeasturias.com\/noticias\/","name":"El Digital de Asturias - Diario de actualidad y noticias","alternateName":"El Digital de Asturias - Diario de actualidad y noticias","description":"Hemeroteca","inLanguage":"es-ES","publisher":{"@id":"https:\/\/www.eldigitaldeasturias.com\/noticias\/#organization"}}]},"og:locale":"es_ES","og:site_name":"El Digital de Asturias","og:type":"article","og:title":"Infoca vigila desde el aire las zonas con mayor n\u00famero de incendios forestales - El Digital de Asturias","og:description":"La Consejer\u00eda de Medio Ambiente y Ordenaci\u00f3n del Territorio, a trav\u00e9s del dispositivo para la prevenci\u00f3n y extinci\u00f3n de incendios forestales de Andaluc\u00eda, el Plan Infoca, pone en servicio un avi\u00f3n de vigilancia y coordinaci\u00f3n (Sierra 3), modelo Cessnna 337, posicionado en el aeropuerto de Sevilla. Esta aeronave realiza misiones de vigilancia preventiva, observaci\u00f3n y","og:url":"https:\/\/www.eldigitaldeasturias.com\/noticias\/infoca-vigila-desde-el-aire-las-zonas-con-mayor-numero-de-incendios-forestales\/","article:tag":["actualidad"],"article:published_time":"2017-08-04T18:05:33+00:00","article:modified_time":"2017-08-04T18:05:33+00:00","article:publisher":"https:\/\/facebook.com\/eldigitaldeasturias","twitter:card":"summary_large_image","twitter:title":"Infoca vigila desde el aire las zonas con mayor n\u00famero de incendios forestales - El Digital de Asturias","twitter:description":"La Consejer\u00eda de Medio Ambiente y Ordenaci\u00f3n del Territorio, a trav\u00e9s del dispositivo para la prevenci\u00f3n y extinci\u00f3n de incendios forestales de Andaluc\u00eda, el Plan Infoca, pone en servicio un avi\u00f3n de vigilancia y coordinaci\u00f3n (Sierra 3), modelo Cessnna 337, posicionado en el aeropuerto de Sevilla. Esta aeronave realiza misiones de vigilancia preventiva, observaci\u00f3n y","twitter:image":"https:\/\/www.eldigitaldeasturias.com\/noticias\/wp-content\/uploads\/2020\/12\/EDA-1.jpg","twitter:label1":"Escrito por","twitter:data1":"El Digital de Asturias","twitter:label2":"Tiempo de lectura estimado","twitter:data2":"3 minutos"},"aioseo_meta_data":{"post_id":"948753","title":null,"description":null,"keywords":null,"keyphrases":null,"primary_term":null,"canonical_url":null,"og_title":null,"og_description":null,"og_object_type":"default","og_image_type":"default","og_image_url":null,"og_image_width":null,"og_image_height":null,"og_image_custom_url":null,"og_image_custom_fields":null,"og_video":null,"og_custom_url":null,"og_article_section":null,"og_article_tags":null,"twitter_use_og":false,"twitter_card":"default","twitter_image_type":"default","twitter_image_url":null,"twitter_image_custom_url":null,"twitter_image_custom_fields":null,"twitter_title":null,"twitter_description":null,"schema":{"blockGraphs":[],"customGraphs":[],"default":{"data":{"Article":[],"Course":[],"Dataset":[],"FAQPage":[],"Movie":[],"Person":[],"Product":[],"ProductReview":[],"Car":[],"Recipe":[],"Service":[],"SoftwareApplication":[],"WebPage":[]},"graphName":"","isEnabled":true},"graphs":[],"defaultGraph":"","defaultPostTypeGraph":""},"schema_type":null,"schema_type_options":null,"pillar_content":false,"robots_default":true,"robots_noindex":false,"robots_noarchive":false,"robots_nosnippet":false,"robots_nofollow":false,"robots_noimageindex":false,"robots_noodp":false,"robots_notranslate":false,"robots_max_snippet":null,"robots_max_videopreview":null,"robots_max_imagepreview":"large","priority":null,"frequency":null,"local_seo":null,"seo_analyzer_scan_date":"2025-12-05 09:48:12","breadcrumb_settings":null,"limit_modified_date":false,"open_ai":null,"ai":null,"created":"2020-12-21 13:03:37","updated":"2025-12-05 09:48:12","focus_keyword":null,"additional_keywords":null,"truseo_locale":null},"aioseo_breadcrumb":"<div class=\"aioseo-breadcrumbs\"><span class=\"aioseo-breadcrumb\">\n\t<a href=\"https:\/\/www.eldigitaldeasturias.com\/noticias\" title=\"Home\">Home<\/a>\n<\/span><span class=\"aioseo-breadcrumb-separator\">\u2013<\/span><span class=\"aioseo-breadcrumb\">\n\t<a href=\"https:\/\/www.eldigitaldeasturias.com\/noticias\/category\/actualidad\/\" title=\"Actualidad\">Actualidad<\/a>\n<\/span><span class=\"aioseo-breadcrumb-separator\">\u2013<\/span><span class=\"aioseo-breadcrumb\">\n\t<a href=\"https:\/\/www.eldigitaldeasturias.com\/noticias\/infoca-vigila-desde-el-aire-las-zonas-con-mayor-numero-de-incendios-forestales\/\" title=\"Infoca vigila desde el aire las zonas con mayor n\u00famero de incendios forestales\">Infoca vigila desde el aire las zonas con mayor n\u00famero de incendios forestales<\/a>\n<\/span><\/div>","aioseo_breadcrumb_json":[{"label":"Home","link":"https:\/\/www.eldigitaldeasturias.com\/noticias"},{"label":"Actualidad","link":"https:\/\/www.eldigitaldeasturias.com\/noticias\/category\/actualidad\/"},{"label":"Infoca vigila desde el aire las zonas con mayor n\u00famero de incendios forestales","link":"https:\/\/www.eldigitaldeasturias.com\/noticias\/infoca-vigila-desde-el-aire-las-zonas-con-mayor-numero-de-incendios-forestales\/"}],"_links":{"self":[{"href":"https:\/\/www.eldigitaldeasturias.com\/noticias\/wp-json\/wp\/v2\/posts\/948753","targetHints":{"allow":["GET"]}}],"collection":[{"href":"https:\/\/www.eldigitaldeasturias.com\/noticias\/wp-json\/wp\/v2\/posts"}],"about":[{"href":"https:\/\/www.eldigitaldeasturias.com\/noticias\/wp-json\/wp\/v2\/types\/post"}],"author":[{"embeddable":true,"href":"https:\/\/www.eldigitaldeasturias.com\/noticias\/wp-json\/wp\/v2\/users\/1"}],"replies":[{"embeddable":true,"href":"https:\/\/www.eldigitaldeasturias.com\/noticias\/wp-json\/wp\/v2\/comments?post=948753"}],"version-history":[{"count":0,"href":"https:\/\/www.eldigitaldeasturias.com\/noticias\/wp-json\/wp\/v2\/posts\/948753\/revisions"}],"wp:attachment":[{"href":"https:\/\/www.eldigitaldeasturias.com\/noticias\/wp-json\/wp\/v2\/media?parent=948753"}],"wp:term":[{"taxonomy":"category","embeddable":true,"href":"https:\/\/www.eldigitaldeasturias.com\/noticias\/wp-json\/wp\/v2\/categories?post=948753"},{"taxonomy":"post_tag","embeddable":true,"href":"https:\/\/www.eldigitaldeasturias.com\/noticias\/wp-json\/wp\/v2\/tags?post=948753"}],"curies":[{"name":"wp","href":"https:\/\/api.w.org\/{rel}","templated":true}]}}