{"id":948751,"date":"2017-08-04T18:04:09","date_gmt":"2017-08-04T18:04:09","guid":{"rendered":"http:\/\/www.eldigitaldeasturias.com\/noticias\/?p=948751"},"modified":"2017-08-04T18:04:09","modified_gmt":"2017-08-04T18:04:09","slug":"convocados-los-xi-premios-andaluna-de-atencion-a-la-infancia","status":"publish","type":"post","link":"https:\/\/www.eldigitaldeasturias.com\/noticias\/convocados-los-xi-premios-andaluna-de-atencion-a-la-infancia\/","title":{"rendered":"Convocados los XI premios Andaluna de atenci\u00f3n a la infancia"},"content":{"rendered":"<p>La Consejer\u00eda de Igualdad y Pol\u00edticas Sociales ha convocado la und\u00e9cima edici\u00f3n de los Premios Andaluna de atenci\u00f3n a la infancia con el fin de reconocer p\u00fablicamente la labor de administraciones p\u00fablicas, instituciones, entidades sociales, personas f\u00edsicas y jur\u00eddicas y medios de comunicaci\u00f3n que m\u00e1s hayan contribuido a divulgar los derechos de las personas menores, as\u00ed como su respeto y protecci\u00f3n en la sociedad andaluza.<\/p>\n<p>La convocatoria establece cinco modalidades, la primera denominada &#8216;Promoci\u00f3n de los Derechos de la Infancia a las iniciativas p\u00fablicas locales&#8217; pretende distinguir a las corporaciones locales que hayan destacado por la adopci\u00f3n de medidas de car\u00e1cter innovador, defensa y protecci\u00f3n a favor de esta poblaci\u00f3n, con especial atenci\u00f3n al derecho de participaci\u00f3n de la infancia y de la adolescencia en el desarrollo de planes locales.<\/p>\n<p>En &#8216;Defensa de los Derechos de la Infancia&#8217; el objetivo es reconocer a instituciones, entidades sociales, personas f\u00edsicas y jur\u00eddicas y medios de comunicaci\u00f3n que hayan llevado a cabo acciones para evitar situaciones de desprotecci\u00f3n o bien para promover la atenci\u00f3n integral de menores de edad que se encuentren en estas circunstancias.<\/p>\n<p>Por su parte, en &#8216;Trayectoria en Defensa de los Derechos de la Infancia&#8217;, otra de las modalidades, se distinguir\u00e1 la labor permanente y duradera en la promoci\u00f3n, prevenci\u00f3n, protecci\u00f3n o defensa, en general, de los derechos de este colectivo. Asimismo, en la categor\u00eda de &#8216;Defensa y Protecci\u00f3n de los Derechos de la Infancia por personas Menores de edad o J\u00f3venes de hasta 21 a\u00f1os&#8217; se reconocer\u00e1 actuaciones concretas y dignas de especial significaci\u00f3n en defensa y protecci\u00f3n de los derechos de la infancia, teniendo en cuenta especialmente la juventud.<\/p>\n<p>La quinta y \u00faltima categor\u00eda distingue el &#8216;Acogimiento familiar&#8217; y, por tanto, a las familias que participan activamente en las diferentes modalidades de este programa de la Junta de Andaluc\u00eda, que promueve la integraci\u00f3n social de los menores en situaciones de especial dificultad garantiz\u00e1ndoles el derecho a crecer en el seno de una familia.<\/p>\n<p>Las personas o entidades interesadas podr\u00e1n presentar sus candidaturas hasta el pr\u00f3ximo 20 de septiembre, preferentemente en el Registro General de la Consejer\u00eda de Igualdad y Pol\u00edticas Sociales. El jurado fallar\u00e1 los premios antes del 31 de octubre.<\/p>\n","protected":false},"excerpt":{"rendered":"<p>La Consejer\u00eda de Igualdad y Pol\u00edticas Sociales ha convocado la und\u00e9cima edici\u00f3n de los Premios Andaluna de atenci\u00f3n a la infancia con el fin de reconocer p\u00fablicamente la labor de administraciones p\u00fablicas, instituciones, entidades sociales, personas f\u00edsicas y jur\u00eddicas y medios de comunicaci\u00f3n que m\u00e1s hayan contribuido a divulgar los derechos de las personas menores, [&hellip;]<\/p>\n","protected":false},"author":1,"featured_media":431792,"comment_status":"closed","ping_status":"closed","sticky":false,"template":"","format":"standard","meta":{"footnotes":""},"categories":[1],"tags":[],"class_list":["post-948751","post","type-post","status-publish","format-standard","has-post-thumbnail","hentry","category-actualidad"],"aioseo_notices":[],"aioseo_head":"\n\t\t<!-- All in One SEO Pro 5.0.1 - aioseo.com -->\n\t<meta name=\"description\" content=\"La Consejer\u00eda de Igualdad y Pol\u00edticas Sociales ha convocado la und\u00e9cima edici\u00f3n de los Premios Andaluna de atenci\u00f3n a la infancia con el fin de reconocer p\u00fablicamente la labor de administraciones p\u00fablicas, instituciones, entidades sociales, personas f\u00edsicas y jur\u00eddicas y medios de comunicaci\u00f3n que m\u00e1s hayan contribuido a divulgar los derechos de las personas menores,\" \/>\n\t<meta name=\"robots\" content=\"max-image-preview:large\" \/>\n\t<meta name=\"author\" content=\"El Digital de Asturias\"\/>\n\t<meta name=\"google-site-verification\" content=\"UA-38556648-1\" \/>\n\t<meta name=\"msvalidate.01\" content=\"7dfe9f3f1b24437ab69f4f2559babe99\" \/>\n\t<meta name=\"keywords\" content=\"actualidad\" \/>\n\t<link rel=\"canonical\" href=\"https:\/\/www.eldigitaldeasturias.com\/noticias\/convocados-los-xi-premios-andaluna-de-atencion-a-la-infancia\/\" \/>\n\t<meta name=\"generator\" content=\"All in One SEO Pro (AIOSEO) 5.0.1\" \/>\n\t\t<meta property=\"og:locale\" content=\"es_ES\" \/>\n\t\t<meta property=\"og:site_name\" content=\"El Digital de Asturias\" \/>\n\t\t<meta property=\"og:type\" content=\"article\" \/>\n\t\t<meta property=\"og:title\" content=\"Convocados los XI premios Andaluna de atenci\u00f3n a la infancia - El Digital de Asturias\" \/>\n\t\t<meta property=\"og:description\" content=\"La Consejer\u00eda de Igualdad y Pol\u00edticas Sociales ha convocado la und\u00e9cima edici\u00f3n de los Premios Andaluna de atenci\u00f3n a la infancia con el fin de reconocer p\u00fablicamente la labor de administraciones p\u00fablicas, instituciones, entidades sociales, personas f\u00edsicas y jur\u00eddicas y medios de comunicaci\u00f3n que m\u00e1s hayan contribuido a divulgar los derechos de las personas menores,\" \/>\n\t\t<meta property=\"og:url\" content=\"https:\/\/www.eldigitaldeasturias.com\/noticias\/convocados-los-xi-premios-andaluna-de-atencion-a-la-infancia\/\" \/>\n\t\t<meta property=\"article:tag\" content=\"actualidad\" \/>\n\t\t<meta property=\"article:published_time\" content=\"2017-08-04T18:04:09+00:00\" \/>\n\t\t<meta property=\"article:modified_time\" content=\"2017-08-04T18:04:09+00:00\" \/>\n\t\t<meta property=\"article:publisher\" content=\"https:\/\/facebook.com\/eldigitaldeasturias\" \/>\n\t\t<meta name=\"twitter:card\" content=\"summary_large_image\" \/>\n\t\t<meta name=\"twitter:title\" content=\"Convocados los XI premios Andaluna de atenci\u00f3n a la infancia - El Digital de Asturias\" \/>\n\t\t<meta name=\"twitter:description\" content=\"La Consejer\u00eda de Igualdad y Pol\u00edticas Sociales ha convocado la und\u00e9cima edici\u00f3n de los Premios Andaluna de atenci\u00f3n a la infancia con el fin de reconocer p\u00fablicamente la labor de administraciones p\u00fablicas, instituciones, entidades sociales, personas f\u00edsicas y jur\u00eddicas y medios de comunicaci\u00f3n que m\u00e1s hayan contribuido a divulgar los derechos de las personas menores,\" \/>\n\t\t<meta name=\"twitter:image\" content=\"https:\/\/www.eldigitaldeasturias.com\/noticias\/wp-content\/uploads\/2020\/12\/EDA-1.jpg\" \/>\n\t\t<meta name=\"twitter:label1\" content=\"Escrito por\" \/>\n\t\t<meta name=\"twitter:data1\" content=\"El Digital de Asturias\" \/>\n\t\t<meta name=\"twitter:label2\" content=\"Tiempo de lectura estimado\" \/>\n\t\t<meta name=\"twitter:data2\" content=\"2 minutos\" \/>\n\t\t<script type=\"application\/ld+json\" class=\"aioseo-schema\">\n\t\t\t{\"@context\":\"https:\\\/\\\/schema.org\",\"@graph\":[{\"@type\":\"BlogPosting\",\"@id\":\"https:\\\/\\\/www.eldigitaldeasturias.com\\\/noticias\\\/convocados-los-xi-premios-andaluna-de-atencion-a-la-infancia\\\/#blogposting\",\"name\":\"Convocados los XI premios Andaluna de atenci\\u00f3n a la infancia - El Digital de Asturias\",\"headline\":\"Convocados los XI premios Andaluna de atenci\\u00f3n a la infancia\",\"author\":{\"@id\":\"https:\\\/\\\/www.eldigitaldeasturias.com\\\/noticias\\\/author\\\/admin\\\/#author\"},\"publisher\":{\"@id\":\"https:\\\/\\\/www.eldigitaldeasturias.com\\\/noticias\\\/#organization\"},\"image\":{\"@type\":\"ImageObject\",\"url\":431792},\"datePublished\":\"2017-08-04T18:04:09+02:00\",\"dateModified\":\"2017-08-04T18:04:09+02:00\",\"inLanguage\":\"es-ES\",\"mainEntityOfPage\":{\"@id\":\"https:\\\/\\\/www.eldigitaldeasturias.com\\\/noticias\\\/convocados-los-xi-premios-andaluna-de-atencion-a-la-infancia\\\/#webpage\"},\"isPartOf\":{\"@id\":\"https:\\\/\\\/www.eldigitaldeasturias.com\\\/noticias\\\/convocados-los-xi-premios-andaluna-de-atencion-a-la-infancia\\\/#webpage\"},\"articleSection\":\"Actualidad\"},{\"@type\":\"BreadcrumbList\",\"@id\":\"https:\\\/\\\/www.eldigitaldeasturias.com\\\/noticias\\\/convocados-los-xi-premios-andaluna-de-atencion-a-la-infancia\\\/#breadcrumblist\",\"itemListElement\":[{\"@type\":\"ListItem\",\"@id\":\"https:\\\/\\\/www.eldigitaldeasturias.com\\\/noticias#listItem\",\"position\":1,\"name\":\"Home\",\"item\":\"https:\\\/\\\/www.eldigitaldeasturias.com\\\/noticias\",\"nextItem\":{\"@type\":\"ListItem\",\"@id\":\"https:\\\/\\\/www.eldigitaldeasturias.com\\\/noticias\\\/category\\\/actualidad\\\/#listItem\",\"name\":\"Actualidad\"}},{\"@type\":\"ListItem\",\"@id\":\"https:\\\/\\\/www.eldigitaldeasturias.com\\\/noticias\\\/category\\\/actualidad\\\/#listItem\",\"position\":2,\"name\":\"Actualidad\",\"item\":\"https:\\\/\\\/www.eldigitaldeasturias.com\\\/noticias\\\/category\\\/actualidad\\\/\",\"nextItem\":{\"@type\":\"ListItem\",\"@id\":\"https:\\\/\\\/www.eldigitaldeasturias.com\\\/noticias\\\/convocados-los-xi-premios-andaluna-de-atencion-a-la-infancia\\\/#listItem\",\"name\":\"Convocados los XI premios Andaluna de atenci\\u00f3n a la infancia\"},\"previousItem\":{\"@type\":\"ListItem\",\"@id\":\"https:\\\/\\\/www.eldigitaldeasturias.com\\\/noticias#listItem\",\"name\":\"Home\"}},{\"@type\":\"ListItem\",\"@id\":\"https:\\\/\\\/www.eldigitaldeasturias.com\\\/noticias\\\/convocados-los-xi-premios-andaluna-de-atencion-a-la-infancia\\\/#listItem\",\"position\":3,\"name\":\"Convocados los XI premios Andaluna de atenci\\u00f3n a la infancia\",\"previousItem\":{\"@type\":\"ListItem\",\"@id\":\"https:\\\/\\\/www.eldigitaldeasturias.com\\\/noticias\\\/category\\\/actualidad\\\/#listItem\",\"name\":\"Actualidad\"}}]},{\"@type\":\"Organization\",\"@id\":\"https:\\\/\\\/www.eldigitaldeasturias.com\\\/noticias\\\/#organization\",\"name\":\"El Digital de Asturias\",\"description\":\"Hemeroteca\",\"url\":\"https:\\\/\\\/www.eldigitaldeasturias.com\\\/noticias\\\/\",\"email\":\"info@eldigitaldeasturias.com\",\"telephone\":\"+34652131393\",\"logo\":{\"@type\":\"ImageObject\",\"url\":\"https:\\\/\\\/www.eldigitaldeasturias.com\\\/noticias\\\/wp-content\\\/uploads\\\/2020\\\/12\\\/EDA.jpg\",\"@id\":\"https:\\\/\\\/www.eldigitaldeasturias.com\\\/noticias\\\/convocados-los-xi-premios-andaluna-de-atencion-a-la-infancia\\\/#organizationLogo\"},\"image\":{\"@id\":\"https:\\\/\\\/www.eldigitaldeasturias.com\\\/noticias\\\/convocados-los-xi-premios-andaluna-de-atencion-a-la-infancia\\\/#organizationLogo\"},\"sameAs\":[\"https:\\\/\\\/facebook.com\\\/eldigitaldeasturias\",\"https:\\\/\\\/www.youtube.com\\\/channel\\\/UCZP-2wLEB9Rv6erhFmqVnvg\"],\"address\":{\"@id\":\"https:\\\/\\\/www.eldigitaldeasturias.com\\\/noticias\\\/#postaladdress\",\"@type\":\"PostalAddress\",\"streetAddress\":\"san antonio 4\",\"postalCode\":\"33430\",\"addressLocality\":\"Cand\\u00e1s\",\"addressRegion\":\"Asturias\",\"addressCountry\":\"ES\"}},{\"@type\":\"Person\",\"@id\":\"https:\\\/\\\/www.eldigitaldeasturias.com\\\/noticias\\\/author\\\/admin\\\/#author\",\"url\":\"https:\\\/\\\/www.eldigitaldeasturias.com\\\/noticias\\\/author\\\/admin\\\/\",\"name\":\"El Digital de Asturias\",\"image\":{\"@type\":\"ImageObject\",\"@id\":\"https:\\\/\\\/www.eldigitaldeasturias.com\\\/noticias\\\/convocados-los-xi-premios-andaluna-de-atencion-a-la-infancia\\\/#authorImage\",\"url\":\"https:\\\/\\\/secure.gravatar.com\\\/avatar\\\/df2aeffc32bcd13f8d26072ef8a91b623d677766deac7f97ca815868cd41bf5e?s=96&d=mm&r=g\",\"width\":96,\"height\":96,\"caption\":\"El Digital de Asturias\"}},{\"@type\":\"WebPage\",\"@id\":\"https:\\\/\\\/www.eldigitaldeasturias.com\\\/noticias\\\/convocados-los-xi-premios-andaluna-de-atencion-a-la-infancia\\\/#webpage\",\"url\":\"https:\\\/\\\/www.eldigitaldeasturias.com\\\/noticias\\\/convocados-los-xi-premios-andaluna-de-atencion-a-la-infancia\\\/\",\"name\":\"Convocados los XI premios Andaluna de atenci\\u00f3n a la infancia - El Digital de Asturias\",\"description\":\"La Consejer\\u00eda de Igualdad y Pol\\u00edticas Sociales ha convocado la und\\u00e9cima edici\\u00f3n de los Premios Andaluna de atenci\\u00f3n a la infancia con el fin de reconocer p\\u00fablicamente la labor de administraciones p\\u00fablicas, instituciones, entidades sociales, personas f\\u00edsicas y jur\\u00eddicas y medios de comunicaci\\u00f3n que m\\u00e1s hayan contribuido a divulgar los derechos de las personas menores,\",\"inLanguage\":\"es-ES\",\"isPartOf\":{\"@id\":\"https:\\\/\\\/www.eldigitaldeasturias.com\\\/noticias\\\/#website\"},\"breadcrumb\":{\"@id\":\"https:\\\/\\\/www.eldigitaldeasturias.com\\\/noticias\\\/convocados-los-xi-premios-andaluna-de-atencion-a-la-infancia\\\/#breadcrumblist\"},\"author\":{\"@id\":\"https:\\\/\\\/www.eldigitaldeasturias.com\\\/noticias\\\/author\\\/admin\\\/#author\"},\"creator\":{\"@id\":\"https:\\\/\\\/www.eldigitaldeasturias.com\\\/noticias\\\/author\\\/admin\\\/#author\"},\"image\":{\"@type\":\"ImageObject\",\"url\":431792,\"@id\":\"https:\\\/\\\/www.eldigitaldeasturias.com\\\/noticias\\\/convocados-los-xi-premios-andaluna-de-atencion-a-la-infancia\\\/#mainImage\"},\"primaryImageOfPage\":{\"@id\":\"https:\\\/\\\/www.eldigitaldeasturias.com\\\/noticias\\\/convocados-los-xi-premios-andaluna-de-atencion-a-la-infancia\\\/#mainImage\"},\"datePublished\":\"2017-08-04T18:04:09+02:00\",\"dateModified\":\"2017-08-04T18:04:09+02:00\"},{\"@type\":\"WebSite\",\"@id\":\"https:\\\/\\\/www.eldigitaldeasturias.com\\\/noticias\\\/#website\",\"url\":\"https:\\\/\\\/www.eldigitaldeasturias.com\\\/noticias\\\/\",\"name\":\"El Digital de Asturias - Diario de actualidad y noticias\",\"alternateName\":\"El Digital de Asturias - Diario de actualidad y noticias\",\"description\":\"Hemeroteca\",\"inLanguage\":\"es-ES\",\"publisher\":{\"@id\":\"https:\\\/\\\/www.eldigitaldeasturias.com\\\/noticias\\\/#organization\"}}]}\n\t\t<\/script>\n\t\t<!-- All in One SEO Pro -->\r\n\t\t<title>Convocados los XI premios Andaluna de atenci\u00f3n a la infancia - El Digital de Asturias<\/title>\n\n","aioseo_head_json":{"title":"Convocados los XI premios Andaluna de atenci\u00f3n a la infancia - El Digital de Asturias","description":"La Consejer\u00eda de Igualdad y Pol\u00edticas Sociales ha convocado la und\u00e9cima edici\u00f3n de los Premios Andaluna de atenci\u00f3n a la infancia con el fin de reconocer p\u00fablicamente la labor de administraciones p\u00fablicas, instituciones, entidades sociales, personas f\u00edsicas y jur\u00eddicas y medios de comunicaci\u00f3n que m\u00e1s hayan contribuido a divulgar los derechos de las personas menores,","canonical_url":"https:\/\/www.eldigitaldeasturias.com\/noticias\/convocados-los-xi-premios-andaluna-de-atencion-a-la-infancia\/","robots":"max-image-preview:large","keywords":"actualidad","webmasterTools":{"google-site-verification":"UA-38556648-1","msvalidate.01":"7dfe9f3f1b24437ab69f4f2559babe99","miscellaneous":""},"schema":{"@context":"https:\/\/schema.org","@graph":[{"@type":"BlogPosting","@id":"https:\/\/www.eldigitaldeasturias.com\/noticias\/convocados-los-xi-premios-andaluna-de-atencion-a-la-infancia\/#blogposting","name":"Convocados los XI premios Andaluna de atenci\u00f3n a la infancia - El Digital de Asturias","headline":"Convocados los XI premios Andaluna de atenci\u00f3n a la infancia","author":{"@id":"https:\/\/www.eldigitaldeasturias.com\/noticias\/author\/admin\/#author"},"publisher":{"@id":"https:\/\/www.eldigitaldeasturias.com\/noticias\/#organization"},"image":{"@type":"ImageObject","url":431792},"datePublished":"2017-08-04T18:04:09+02:00","dateModified":"2017-08-04T18:04:09+02:00","inLanguage":"es-ES","mainEntityOfPage":{"@id":"https:\/\/www.eldigitaldeasturias.com\/noticias\/convocados-los-xi-premios-andaluna-de-atencion-a-la-infancia\/#webpage"},"isPartOf":{"@id":"https:\/\/www.eldigitaldeasturias.com\/noticias\/convocados-los-xi-premios-andaluna-de-atencion-a-la-infancia\/#webpage"},"articleSection":"Actualidad"},{"@type":"BreadcrumbList","@id":"https:\/\/www.eldigitaldeasturias.com\/noticias\/convocados-los-xi-premios-andaluna-de-atencion-a-la-infancia\/#breadcrumblist","itemListElement":[{"@type":"ListItem","@id":"https:\/\/www.eldigitaldeasturias.com\/noticias#listItem","position":1,"name":"Home","item":"https:\/\/www.eldigitaldeasturias.com\/noticias","nextItem":{"@type":"ListItem","@id":"https:\/\/www.eldigitaldeasturias.com\/noticias\/category\/actualidad\/#listItem","name":"Actualidad"}},{"@type":"ListItem","@id":"https:\/\/www.eldigitaldeasturias.com\/noticias\/category\/actualidad\/#listItem","position":2,"name":"Actualidad","item":"https:\/\/www.eldigitaldeasturias.com\/noticias\/category\/actualidad\/","nextItem":{"@type":"ListItem","@id":"https:\/\/www.eldigitaldeasturias.com\/noticias\/convocados-los-xi-premios-andaluna-de-atencion-a-la-infancia\/#listItem","name":"Convocados los XI premios Andaluna de atenci\u00f3n a la infancia"},"previousItem":{"@type":"ListItem","@id":"https:\/\/www.eldigitaldeasturias.com\/noticias#listItem","name":"Home"}},{"@type":"ListItem","@id":"https:\/\/www.eldigitaldeasturias.com\/noticias\/convocados-los-xi-premios-andaluna-de-atencion-a-la-infancia\/#listItem","position":3,"name":"Convocados los XI premios Andaluna de atenci\u00f3n a la infancia","previousItem":{"@type":"ListItem","@id":"https:\/\/www.eldigitaldeasturias.com\/noticias\/category\/actualidad\/#listItem","name":"Actualidad"}}]},{"@type":"Organization","@id":"https:\/\/www.eldigitaldeasturias.com\/noticias\/#organization","name":"El Digital de Asturias","description":"Hemeroteca","url":"https:\/\/www.eldigitaldeasturias.com\/noticias\/","email":"info@eldigitaldeasturias.com","telephone":"+34652131393","logo":{"@type":"ImageObject","url":"https:\/\/www.eldigitaldeasturias.com\/noticias\/wp-content\/uploads\/2020\/12\/EDA.jpg","@id":"https:\/\/www.eldigitaldeasturias.com\/noticias\/convocados-los-xi-premios-andaluna-de-atencion-a-la-infancia\/#organizationLogo"},"image":{"@id":"https:\/\/www.eldigitaldeasturias.com\/noticias\/convocados-los-xi-premios-andaluna-de-atencion-a-la-infancia\/#organizationLogo"},"sameAs":["https:\/\/facebook.com\/eldigitaldeasturias","https:\/\/www.youtube.com\/channel\/UCZP-2wLEB9Rv6erhFmqVnvg"],"address":{"@id":"https:\/\/www.eldigitaldeasturias.com\/noticias\/#postaladdress","@type":"PostalAddress","streetAddress":"san antonio 4","postalCode":"33430","addressLocality":"Cand\u00e1s","addressRegion":"Asturias","addressCountry":"ES"}},{"@type":"Person","@id":"https:\/\/www.eldigitaldeasturias.com\/noticias\/author\/admin\/#author","url":"https:\/\/www.eldigitaldeasturias.com\/noticias\/author\/admin\/","name":"El Digital de Asturias","image":{"@type":"ImageObject","@id":"https:\/\/www.eldigitaldeasturias.com\/noticias\/convocados-los-xi-premios-andaluna-de-atencion-a-la-infancia\/#authorImage","url":"https:\/\/secure.gravatar.com\/avatar\/df2aeffc32bcd13f8d26072ef8a91b623d677766deac7f97ca815868cd41bf5e?s=96&d=mm&r=g","width":96,"height":96,"caption":"El Digital de Asturias"}},{"@type":"WebPage","@id":"https:\/\/www.eldigitaldeasturias.com\/noticias\/convocados-los-xi-premios-andaluna-de-atencion-a-la-infancia\/#webpage","url":"https:\/\/www.eldigitaldeasturias.com\/noticias\/convocados-los-xi-premios-andaluna-de-atencion-a-la-infancia\/","name":"Convocados los XI premios Andaluna de atenci\u00f3n a la infancia - El Digital de Asturias","description":"La Consejer\u00eda de Igualdad y Pol\u00edticas Sociales ha convocado la und\u00e9cima edici\u00f3n de los Premios Andaluna de atenci\u00f3n a la infancia con el fin de reconocer p\u00fablicamente la labor de administraciones p\u00fablicas, instituciones, entidades sociales, personas f\u00edsicas y jur\u00eddicas y medios de comunicaci\u00f3n que m\u00e1s hayan contribuido a divulgar los derechos de las personas menores,","inLanguage":"es-ES","isPartOf":{"@id":"https:\/\/www.eldigitaldeasturias.com\/noticias\/#website"},"breadcrumb":{"@id":"https:\/\/www.eldigitaldeasturias.com\/noticias\/convocados-los-xi-premios-andaluna-de-atencion-a-la-infancia\/#breadcrumblist"},"author":{"@id":"https:\/\/www.eldigitaldeasturias.com\/noticias\/author\/admin\/#author"},"creator":{"@id":"https:\/\/www.eldigitaldeasturias.com\/noticias\/author\/admin\/#author"},"image":{"@type":"ImageObject","url":431792,"@id":"https:\/\/www.eldigitaldeasturias.com\/noticias\/convocados-los-xi-premios-andaluna-de-atencion-a-la-infancia\/#mainImage"},"primaryImageOfPage":{"@id":"https:\/\/www.eldigitaldeasturias.com\/noticias\/convocados-los-xi-premios-andaluna-de-atencion-a-la-infancia\/#mainImage"},"datePublished":"2017-08-04T18:04:09+02:00","dateModified":"2017-08-04T18:04:09+02:00"},{"@type":"WebSite","@id":"https:\/\/www.eldigitaldeasturias.com\/noticias\/#website","url":"https:\/\/www.eldigitaldeasturias.com\/noticias\/","name":"El Digital de Asturias - Diario de actualidad y noticias","alternateName":"El Digital de Asturias - Diario de actualidad y noticias","description":"Hemeroteca","inLanguage":"es-ES","publisher":{"@id":"https:\/\/www.eldigitaldeasturias.com\/noticias\/#organization"}}]},"og:locale":"es_ES","og:site_name":"El Digital de Asturias","og:type":"article","og:title":"Convocados los XI premios Andaluna de atenci\u00f3n a la infancia - El Digital de Asturias","og:description":"La Consejer\u00eda de Igualdad y Pol\u00edticas Sociales ha convocado la und\u00e9cima edici\u00f3n de los Premios Andaluna de atenci\u00f3n a la infancia con el fin de reconocer p\u00fablicamente la labor de administraciones p\u00fablicas, instituciones, entidades sociales, personas f\u00edsicas y jur\u00eddicas y medios de comunicaci\u00f3n que m\u00e1s hayan contribuido a divulgar los derechos de las personas menores,","og:url":"https:\/\/www.eldigitaldeasturias.com\/noticias\/convocados-los-xi-premios-andaluna-de-atencion-a-la-infancia\/","article:tag":["actualidad"],"article:published_time":"2017-08-04T18:04:09+00:00","article:modified_time":"2017-08-04T18:04:09+00:00","article:publisher":"https:\/\/facebook.com\/eldigitaldeasturias","twitter:card":"summary_large_image","twitter:title":"Convocados los XI premios Andaluna de atenci\u00f3n a la infancia - El Digital de Asturias","twitter:description":"La Consejer\u00eda de Igualdad y Pol\u00edticas Sociales ha convocado la und\u00e9cima edici\u00f3n de los Premios Andaluna de atenci\u00f3n a la infancia con el fin de reconocer p\u00fablicamente la labor de administraciones p\u00fablicas, instituciones, entidades sociales, personas f\u00edsicas y jur\u00eddicas y medios de comunicaci\u00f3n que m\u00e1s hayan contribuido a divulgar los derechos de las personas menores,","twitter:image":"https:\/\/www.eldigitaldeasturias.com\/noticias\/wp-content\/uploads\/2020\/12\/EDA-1.jpg","twitter:label1":"Escrito por","twitter:data1":"El Digital de Asturias","twitter:label2":"Tiempo de lectura estimado","twitter:data2":"2 minutos"},"aioseo_meta_data":{"post_id":"948751","title":null,"description":null,"keywords":null,"keyphrases":null,"primary_term":null,"canonical_url":null,"og_title":null,"og_description":null,"og_object_type":"default","og_image_type":"default","og_image_url":null,"og_image_width":null,"og_image_height":null,"og_image_custom_url":null,"og_image_custom_fields":null,"og_video":null,"og_custom_url":null,"og_article_section":null,"og_article_tags":null,"twitter_use_og":false,"twitter_card":"default","twitter_image_type":"default","twitter_image_url":null,"twitter_image_custom_url":null,"twitter_image_custom_fields":null,"twitter_title":null,"twitter_description":null,"schema":{"blockGraphs":[],"customGraphs":[],"default":{"data":{"Article":[],"Course":[],"Dataset":[],"FAQPage":[],"Movie":[],"Person":[],"Product":[],"ProductReview":[],"Car":[],"Recipe":[],"Service":[],"SoftwareApplication":[],"WebPage":[]},"graphName":"","isEnabled":true},"graphs":[],"defaultGraph":"","defaultPostTypeGraph":""},"schema_type":null,"schema_type_options":null,"pillar_content":false,"robots_default":true,"robots_noindex":false,"robots_noarchive":false,"robots_nosnippet":false,"robots_nofollow":false,"robots_noimageindex":false,"robots_noodp":false,"robots_notranslate":false,"robots_max_snippet":null,"robots_max_videopreview":null,"robots_max_imagepreview":"large","priority":null,"frequency":null,"local_seo":null,"seo_analyzer_scan_date":"2025-12-05 09:48:11","breadcrumb_settings":null,"limit_modified_date":false,"open_ai":null,"ai":null,"created":"2020-12-21 13:03:37","updated":"2025-12-05 09:48:11","focus_keyword":null,"additional_keywords":null,"truseo_locale":null},"aioseo_breadcrumb":"<div class=\"aioseo-breadcrumbs\"><span class=\"aioseo-breadcrumb\">\n\t<a href=\"https:\/\/www.eldigitaldeasturias.com\/noticias\" title=\"Home\">Home<\/a>\n<\/span><span class=\"aioseo-breadcrumb-separator\">\u2013<\/span><span class=\"aioseo-breadcrumb\">\n\t<a href=\"https:\/\/www.eldigitaldeasturias.com\/noticias\/category\/actualidad\/\" title=\"Actualidad\">Actualidad<\/a>\n<\/span><span class=\"aioseo-breadcrumb-separator\">\u2013<\/span><span class=\"aioseo-breadcrumb\">\n\t<a href=\"https:\/\/www.eldigitaldeasturias.com\/noticias\/convocados-los-xi-premios-andaluna-de-atencion-a-la-infancia\/\" title=\"Convocados los XI premios Andaluna de atenci\u00f3n a la infancia\">Convocados los XI premios Andaluna de atenci\u00f3n a la infancia<\/a>\n<\/span><\/div>","aioseo_breadcrumb_json":[{"label":"Home","link":"https:\/\/www.eldigitaldeasturias.com\/noticias"},{"label":"Actualidad","link":"https:\/\/www.eldigitaldeasturias.com\/noticias\/category\/actualidad\/"},{"label":"Convocados los XI premios Andaluna de atenci\u00f3n a la infancia","link":"https:\/\/www.eldigitaldeasturias.com\/noticias\/convocados-los-xi-premios-andaluna-de-atencion-a-la-infancia\/"}],"_links":{"self":[{"href":"https:\/\/www.eldigitaldeasturias.com\/noticias\/wp-json\/wp\/v2\/posts\/948751","targetHints":{"allow":["GET"]}}],"collection":[{"href":"https:\/\/www.eldigitaldeasturias.com\/noticias\/wp-json\/wp\/v2\/posts"}],"about":[{"href":"https:\/\/www.eldigitaldeasturias.com\/noticias\/wp-json\/wp\/v2\/types\/post"}],"author":[{"embeddable":true,"href":"https:\/\/www.eldigitaldeasturias.com\/noticias\/wp-json\/wp\/v2\/users\/1"}],"replies":[{"embeddable":true,"href":"https:\/\/www.eldigitaldeasturias.com\/noticias\/wp-json\/wp\/v2\/comments?post=948751"}],"version-history":[{"count":0,"href":"https:\/\/www.eldigitaldeasturias.com\/noticias\/wp-json\/wp\/v2\/posts\/948751\/revisions"}],"wp:attachment":[{"href":"https:\/\/www.eldigitaldeasturias.com\/noticias\/wp-json\/wp\/v2\/media?parent=948751"}],"wp:term":[{"taxonomy":"category","embeddable":true,"href":"https:\/\/www.eldigitaldeasturias.com\/noticias\/wp-json\/wp\/v2\/categories?post=948751"},{"taxonomy":"post_tag","embeddable":true,"href":"https:\/\/www.eldigitaldeasturias.com\/noticias\/wp-json\/wp\/v2\/tags?post=948751"}],"curies":[{"name":"wp","href":"https:\/\/api.w.org\/{rel}","templated":true}]}}