{"id":948747,"date":"2017-08-04T18:01:51","date_gmt":"2017-08-04T18:01:51","guid":{"rendered":"http:\/\/www.eldigitaldeasturias.com\/noticias\/?p=948747"},"modified":"2017-08-04T18:01:51","modified_gmt":"2017-08-04T18:01:51","slug":"abierto-hasta-el-7-de-agosto-el-plazo-para-ayudas-de-rehabilitacion-y-alquiler-en-andalucia","status":"publish","type":"post","link":"https:\/\/www.eldigitaldeasturias.com\/noticias\/abierto-hasta-el-7-de-agosto-el-plazo-para-ayudas-de-rehabilitacion-y-alquiler-en-andalucia\/","title":{"rendered":"Abierto hasta el 7 de agosto el plazo para ayudas de rehabilitaci\u00f3n y alquiler en Andaluc\u00eda"},"content":{"rendered":"<p>La Consejer\u00eda de Fomento y Vivienda mantiene abierto hasta el pr\u00f3ximo 7 de agosto el plazo de presentaci\u00f3n de solicitudes para optar a las ayudas recogidas en las dos convocatorias destinadas a familias andaluzas con escasos recursos que regulan la concesi\u00f3n de subvenciones al alquiler de viviendas y la rehabilitaci\u00f3n de edificios y que est\u00e1n dotadas de 29,5 millones de euros. Esta cantidad se incrementar\u00e1 con una aportaci\u00f3n adicional de la Junta de 1,3 millones, sumando un montante global de unos 31.<\/p>\n<p>Las ayudas, que se convocan en r\u00e9gimen de competencia competitiva, podr\u00e1n beneficiar a 19.000 familias y se conceden a trav\u00e9s de los programas de Alquila y Rehabilita, recogidos en el Plan de Vivienda y Rehabilitaci\u00f3n de Andaluc\u00eda, en vigor hasta 2020.<\/p>\n<p>Las ayudas de alquiler, que podr\u00edan alcanzar a casi 12.500 familias andaluzas y que cuentan con un presupuesto de 15 millones de euros, subvencionar\u00e1 el 40% de la renta de arrendamiento de la vivienda para contratos no superiores a los 500 euros mensuales. No obstante, podr\u00e1 alcanzar hasta el 80% para personas que acrediten estar en situaci\u00f3n de especial vulnerabilidad por encontrarse en riesgo de exclusi\u00f3n social. Esa ampliaci\u00f3n de la cobertura estar\u00e1 financiada con un montante adicional de 1,3 millones que la Junta aprobar\u00e1 pr\u00f3ximamente, por lo que los recursos a esta finalidad se incrementan hasta los 16,3 millones.<\/p>\n<p>Los solicitantes tendr\u00e1n que ser los titulares del contrato y no superar unos ingresos calculados en funci\u00f3n de los miembros de la unidad familiar, fruto de la suma de los ingresos de todos, referidos al ejercicio 2016. Se tendr\u00e1n en cuenta a todos los que compongan la unidad de convivencia del solicitante, entendiendo como tal el conjunto de personas que est\u00e9n empadronadas en la vivienda para la que se pide la ayuda en el momento de presentaci\u00f3n de la solicitud y no se podr\u00e1 disponer de la titularidad ni derecho de uso sobre alguna otra vivienda.<\/p>\n<p>Los interesados podr\u00e1n presentar las solicitudes en las delegaciones territoriales de Fomento y Vivienda de la provincia en la que se ubique la vivienda objeto del contrato de arrendamiento o en la entidad colaboradora seleccionada para la gesti\u00f3n de las ayudas. Tambi\u00e9n podr\u00e1n presentarla en el Portal de Atenci\u00f3n a la Ciudadan\u00eda o cualquier otro registro p\u00fablico.<\/p>\n<p><strong>14,5 millones para rehabilitaci\u00f3n<\/strong><\/p>\n<p>En lo que respecta a la rehabilitaci\u00f3n de edificios, la convocatoria cuenta con una dotaci\u00f3n de 14,5 millones de euros, unos fondos con los que se pretende prestar apoyo para ejecutar obras de conservaci\u00f3n, mejora de la calidad y sostenibilidad, as\u00ed como de la accesibilidad de las zonas comunes.<\/p>\n<p>Estos incentivos podr\u00e1n alcanzar a m\u00e1s de 400 edificios, compuestos por m\u00e1s de 6.500 viviendas de toda Andaluc\u00eda, y establecen como beneficiarias las comunidades de propietarios en las que, al menos, la mitad de las viviendas que componen el edificio tengan ingresos familiares ponderados no superiores a 3,5 veces el IPREM. La cuant\u00eda m\u00e1xima de la subvenci\u00f3n por edificio ser\u00e1 el 35% del coste subvencionable de las actuaciones. No obstante, en el caso de aquellas que incluyan ajustes razonables en materia de accesibilidad, y solo en la partida correspondiente a la misma, se podr\u00e1 alcanzar el 50% del coste.<\/p>\n<p>Como actuaciones subvencionables para la mejora de la calidad y sostenibilidad en los edificios se incluyen las obras para la mejora de la envolvente t\u00e9rmica del edificio, la instalaci\u00f3n de sistemas de calefacci\u00f3n, refrigeraci\u00f3n y ventilaci\u00f3n, o el incremento de la eficiencia energ\u00e9tica de los ya existentes, y la instalaci\u00f3n de equipos de generaci\u00f3n o que permitan la utilizaci\u00f3n de energ\u00edas renovables (energ\u00eda solar, biomasa o geotermia), la mejora de la eficiencia energ\u00e9tica de las instalaciones comunes de ascensores e iluminaci\u00f3n, la instalaci\u00f3n de reductores de agua, as\u00ed como el acondicionamiento de instalaciones para la separaci\u00f3n de los residuos dom\u00e9sticos en el interior de los domicilios y en los espacios comunes de las edificaciones.<\/p>\n<p>En cuanto a las actuaciones subvencionables en materia de accesibilidad, se incluyen la instalaci\u00f3n de ascensores, salvaescaleras, rampas, gr\u00faas o artefactos an\u00e1logos que permitan el acceso y uso por parte de las personas con discapacidad a elementos comunes del edificio, tales como jardines, zonas deportivas, piscinas y otros similares, la colocaci\u00f3n de avisos mediante se\u00f1ales luminosas o sonoras que faciliten la orientaci\u00f3n en el uso de escaleras y ascensores.<\/p>\n<p>Los edificios objeto de las actuaciones, que deber\u00e1n contar con el Informe de Evaluaci\u00f3n del Edificio cumplimentado y suscrito por un profesional t\u00e9cnico competente, con fecha anterior a la solicitud de la ayuda, no podr\u00e1n estar calificados urban\u00edsticamente como fuera de ordenaci\u00f3n o en situaci\u00f3n de asimilaci\u00f3n a la fuera de ordenaci\u00f3n, su construcci\u00f3n debe haberse finalizado antes de 1981 y tendr\u00e1n que presentar unas condiciones de seguridad estructural y constructiva que garanticen la viabilidad de la intervenci\u00f3n, salvo que las adquiera como resultado de las actuaciones. Adem\u00e1s, al menos un 70% de sus viviendas han de estar ocupadas y constituir el domicilio habitual de sus residentes.<\/p>\n<p>Una vez obtenida la subvenci\u00f3n, la comunidad de propietarios contar\u00e1 con un mes de plazo para solicitar la licencia de obras. El abono de las ayudas se realizar\u00e1 en dos pagos del 50%, uno al inicio tras la presentaci\u00f3n de la licencia de las obras y otra al final, una vez entreguen el certificado de finalizaci\u00f3n de los trabajos. El periodo m\u00e1ximo para ejecutar las mejoras no podr\u00e1 exceder de 16 meses, aunque dicho plazo podr\u00e1 ampliarse excepcionalmente hasta 18 cuando se trate de obras que afecten a 40 o m\u00e1s viviendas.<\/p>\n<p>&nbsp;<\/p>\n","protected":false},"excerpt":{"rendered":"<p>La Consejer\u00eda de Fomento y Vivienda mantiene abierto hasta el pr\u00f3ximo 7 de agosto el plazo de presentaci\u00f3n de solicitudes para optar a las ayudas recogidas en las dos convocatorias destinadas a familias andaluzas con escasos recursos que regulan la concesi\u00f3n de subvenciones al alquiler de viviendas y la rehabilitaci\u00f3n de edificios y que est\u00e1n [&hellip;]<\/p>\n","protected":false},"author":1,"featured_media":822740,"comment_status":"closed","ping_status":"closed","sticky":false,"template":"","format":"standard","meta":{"footnotes":""},"categories":[1],"tags":[],"class_list":["post-948747","post","type-post","status-publish","format-standard","has-post-thumbnail","hentry","category-actualidad"],"aioseo_notices":[],"aioseo_head":"\n\t\t<!-- All in One SEO Pro 5.0.1 - aioseo.com -->\n\t<meta name=\"description\" content=\"La Consejer\u00eda de Fomento y Vivienda mantiene abierto hasta el pr\u00f3ximo 7 de agosto el plazo de presentaci\u00f3n de solicitudes para optar a las ayudas recogidas en las dos convocatorias destinadas a familias andaluzas con escasos recursos que regulan la concesi\u00f3n de subvenciones al alquiler de viviendas y la rehabilitaci\u00f3n de edificios y que est\u00e1n\" \/>\n\t<meta name=\"robots\" content=\"max-image-preview:large\" \/>\n\t<meta name=\"author\" content=\"El Digital de Asturias\"\/>\n\t<meta name=\"google-site-verification\" content=\"UA-38556648-1\" \/>\n\t<meta name=\"msvalidate.01\" content=\"7dfe9f3f1b24437ab69f4f2559babe99\" \/>\n\t<meta name=\"keywords\" content=\"actualidad\" \/>\n\t<link rel=\"canonical\" href=\"https:\/\/www.eldigitaldeasturias.com\/noticias\/abierto-hasta-el-7-de-agosto-el-plazo-para-ayudas-de-rehabilitacion-y-alquiler-en-andalucia\/\" \/>\n\t<meta name=\"generator\" content=\"All in One SEO Pro (AIOSEO) 5.0.1\" \/>\n\t\t<meta property=\"og:locale\" content=\"es_ES\" \/>\n\t\t<meta property=\"og:site_name\" content=\"El Digital de Asturias\" \/>\n\t\t<meta property=\"og:type\" content=\"article\" \/>\n\t\t<meta property=\"og:title\" content=\"Abierto hasta el 7 de agosto el plazo para ayudas de rehabilitaci\u00f3n y alquiler en Andaluc\u00eda - El Digital de Asturias\" \/>\n\t\t<meta property=\"og:description\" content=\"La Consejer\u00eda de Fomento y Vivienda mantiene abierto hasta el pr\u00f3ximo 7 de agosto el plazo de presentaci\u00f3n de solicitudes para optar a las ayudas recogidas en las dos convocatorias destinadas a familias andaluzas con escasos recursos que regulan la concesi\u00f3n de subvenciones al alquiler de viviendas y la rehabilitaci\u00f3n de edificios y que est\u00e1n\" \/>\n\t\t<meta property=\"og:url\" content=\"https:\/\/www.eldigitaldeasturias.com\/noticias\/abierto-hasta-el-7-de-agosto-el-plazo-para-ayudas-de-rehabilitacion-y-alquiler-en-andalucia\/\" \/>\n\t\t<meta property=\"article:tag\" content=\"actualidad\" \/>\n\t\t<meta property=\"article:published_time\" content=\"2017-08-04T18:01:51+00:00\" \/>\n\t\t<meta property=\"article:modified_time\" content=\"2017-08-04T18:01:51+00:00\" \/>\n\t\t<meta property=\"article:publisher\" content=\"https:\/\/facebook.com\/eldigitaldeasturias\" \/>\n\t\t<meta name=\"twitter:card\" content=\"summary_large_image\" \/>\n\t\t<meta name=\"twitter:title\" content=\"Abierto hasta el 7 de agosto el plazo para ayudas de rehabilitaci\u00f3n y alquiler en Andaluc\u00eda - El Digital de Asturias\" \/>\n\t\t<meta name=\"twitter:description\" content=\"La Consejer\u00eda de Fomento y Vivienda mantiene abierto hasta el pr\u00f3ximo 7 de agosto el plazo de presentaci\u00f3n de solicitudes para optar a las ayudas recogidas en las dos convocatorias destinadas a familias andaluzas con escasos recursos que regulan la concesi\u00f3n de subvenciones al alquiler de viviendas y la rehabilitaci\u00f3n de edificios y que est\u00e1n\" \/>\n\t\t<meta name=\"twitter:image\" content=\"https:\/\/www.eldigitaldeasturias.com\/noticias\/wp-content\/uploads\/2020\/12\/EDA-1.jpg\" \/>\n\t\t<meta name=\"twitter:label1\" content=\"Escrito por\" \/>\n\t\t<meta name=\"twitter:data1\" content=\"El Digital de Asturias\" \/>\n\t\t<meta name=\"twitter:label2\" content=\"Tiempo de lectura estimado\" \/>\n\t\t<meta name=\"twitter:data2\" content=\"5 minutos\" \/>\n\t\t<script type=\"application\/ld+json\" class=\"aioseo-schema\">\n\t\t\t{\"@context\":\"https:\\\/\\\/schema.org\",\"@graph\":[{\"@type\":\"BlogPosting\",\"@id\":\"https:\\\/\\\/www.eldigitaldeasturias.com\\\/noticias\\\/abierto-hasta-el-7-de-agosto-el-plazo-para-ayudas-de-rehabilitacion-y-alquiler-en-andalucia\\\/#blogposting\",\"name\":\"Abierto hasta el 7 de agosto el plazo para ayudas de rehabilitaci\\u00f3n y alquiler en Andaluc\\u00eda - El Digital de Asturias\",\"headline\":\"Abierto hasta el 7 de agosto el plazo para ayudas de rehabilitaci\\u00f3n y alquiler en Andaluc\\u00eda\",\"author\":{\"@id\":\"https:\\\/\\\/www.eldigitaldeasturias.com\\\/noticias\\\/author\\\/admin\\\/#author\"},\"publisher\":{\"@id\":\"https:\\\/\\\/www.eldigitaldeasturias.com\\\/noticias\\\/#organization\"},\"image\":{\"@type\":\"ImageObject\",\"url\":822740},\"datePublished\":\"2017-08-04T18:01:51+02:00\",\"dateModified\":\"2017-08-04T18:01:51+02:00\",\"inLanguage\":\"es-ES\",\"mainEntityOfPage\":{\"@id\":\"https:\\\/\\\/www.eldigitaldeasturias.com\\\/noticias\\\/abierto-hasta-el-7-de-agosto-el-plazo-para-ayudas-de-rehabilitacion-y-alquiler-en-andalucia\\\/#webpage\"},\"isPartOf\":{\"@id\":\"https:\\\/\\\/www.eldigitaldeasturias.com\\\/noticias\\\/abierto-hasta-el-7-de-agosto-el-plazo-para-ayudas-de-rehabilitacion-y-alquiler-en-andalucia\\\/#webpage\"},\"articleSection\":\"Actualidad\"},{\"@type\":\"BreadcrumbList\",\"@id\":\"https:\\\/\\\/www.eldigitaldeasturias.com\\\/noticias\\\/abierto-hasta-el-7-de-agosto-el-plazo-para-ayudas-de-rehabilitacion-y-alquiler-en-andalucia\\\/#breadcrumblist\",\"itemListElement\":[{\"@type\":\"ListItem\",\"@id\":\"https:\\\/\\\/www.eldigitaldeasturias.com\\\/noticias#listItem\",\"position\":1,\"name\":\"Home\",\"item\":\"https:\\\/\\\/www.eldigitaldeasturias.com\\\/noticias\",\"nextItem\":{\"@type\":\"ListItem\",\"@id\":\"https:\\\/\\\/www.eldigitaldeasturias.com\\\/noticias\\\/category\\\/actualidad\\\/#listItem\",\"name\":\"Actualidad\"}},{\"@type\":\"ListItem\",\"@id\":\"https:\\\/\\\/www.eldigitaldeasturias.com\\\/noticias\\\/category\\\/actualidad\\\/#listItem\",\"position\":2,\"name\":\"Actualidad\",\"item\":\"https:\\\/\\\/www.eldigitaldeasturias.com\\\/noticias\\\/category\\\/actualidad\\\/\",\"nextItem\":{\"@type\":\"ListItem\",\"@id\":\"https:\\\/\\\/www.eldigitaldeasturias.com\\\/noticias\\\/abierto-hasta-el-7-de-agosto-el-plazo-para-ayudas-de-rehabilitacion-y-alquiler-en-andalucia\\\/#listItem\",\"name\":\"Abierto hasta el 7 de agosto el plazo para ayudas de rehabilitaci\\u00f3n y alquiler en Andaluc\\u00eda\"},\"previousItem\":{\"@type\":\"ListItem\",\"@id\":\"https:\\\/\\\/www.eldigitaldeasturias.com\\\/noticias#listItem\",\"name\":\"Home\"}},{\"@type\":\"ListItem\",\"@id\":\"https:\\\/\\\/www.eldigitaldeasturias.com\\\/noticias\\\/abierto-hasta-el-7-de-agosto-el-plazo-para-ayudas-de-rehabilitacion-y-alquiler-en-andalucia\\\/#listItem\",\"position\":3,\"name\":\"Abierto hasta el 7 de agosto el plazo para ayudas de rehabilitaci\\u00f3n y alquiler en Andaluc\\u00eda\",\"previousItem\":{\"@type\":\"ListItem\",\"@id\":\"https:\\\/\\\/www.eldigitaldeasturias.com\\\/noticias\\\/category\\\/actualidad\\\/#listItem\",\"name\":\"Actualidad\"}}]},{\"@type\":\"Organization\",\"@id\":\"https:\\\/\\\/www.eldigitaldeasturias.com\\\/noticias\\\/#organization\",\"name\":\"El Digital de Asturias\",\"description\":\"Hemeroteca\",\"url\":\"https:\\\/\\\/www.eldigitaldeasturias.com\\\/noticias\\\/\",\"email\":\"info@eldigitaldeasturias.com\",\"telephone\":\"+34652131393\",\"logo\":{\"@type\":\"ImageObject\",\"url\":\"https:\\\/\\\/www.eldigitaldeasturias.com\\\/noticias\\\/wp-content\\\/uploads\\\/2020\\\/12\\\/EDA.jpg\",\"@id\":\"https:\\\/\\\/www.eldigitaldeasturias.com\\\/noticias\\\/abierto-hasta-el-7-de-agosto-el-plazo-para-ayudas-de-rehabilitacion-y-alquiler-en-andalucia\\\/#organizationLogo\"},\"image\":{\"@id\":\"https:\\\/\\\/www.eldigitaldeasturias.com\\\/noticias\\\/abierto-hasta-el-7-de-agosto-el-plazo-para-ayudas-de-rehabilitacion-y-alquiler-en-andalucia\\\/#organizationLogo\"},\"sameAs\":[\"https:\\\/\\\/facebook.com\\\/eldigitaldeasturias\",\"https:\\\/\\\/www.youtube.com\\\/channel\\\/UCZP-2wLEB9Rv6erhFmqVnvg\"],\"address\":{\"@id\":\"https:\\\/\\\/www.eldigitaldeasturias.com\\\/noticias\\\/#postaladdress\",\"@type\":\"PostalAddress\",\"streetAddress\":\"san antonio 4\",\"postalCode\":\"33430\",\"addressLocality\":\"Cand\\u00e1s\",\"addressRegion\":\"Asturias\",\"addressCountry\":\"ES\"}},{\"@type\":\"Person\",\"@id\":\"https:\\\/\\\/www.eldigitaldeasturias.com\\\/noticias\\\/author\\\/admin\\\/#author\",\"url\":\"https:\\\/\\\/www.eldigitaldeasturias.com\\\/noticias\\\/author\\\/admin\\\/\",\"name\":\"El Digital de Asturias\",\"image\":{\"@type\":\"ImageObject\",\"@id\":\"https:\\\/\\\/www.eldigitaldeasturias.com\\\/noticias\\\/abierto-hasta-el-7-de-agosto-el-plazo-para-ayudas-de-rehabilitacion-y-alquiler-en-andalucia\\\/#authorImage\",\"url\":\"https:\\\/\\\/secure.gravatar.com\\\/avatar\\\/df2aeffc32bcd13f8d26072ef8a91b623d677766deac7f97ca815868cd41bf5e?s=96&d=mm&r=g\",\"width\":96,\"height\":96,\"caption\":\"El Digital de Asturias\"}},{\"@type\":\"WebPage\",\"@id\":\"https:\\\/\\\/www.eldigitaldeasturias.com\\\/noticias\\\/abierto-hasta-el-7-de-agosto-el-plazo-para-ayudas-de-rehabilitacion-y-alquiler-en-andalucia\\\/#webpage\",\"url\":\"https:\\\/\\\/www.eldigitaldeasturias.com\\\/noticias\\\/abierto-hasta-el-7-de-agosto-el-plazo-para-ayudas-de-rehabilitacion-y-alquiler-en-andalucia\\\/\",\"name\":\"Abierto hasta el 7 de agosto el plazo para ayudas de rehabilitaci\\u00f3n y alquiler en Andaluc\\u00eda - El Digital de Asturias\",\"description\":\"La Consejer\\u00eda de Fomento y Vivienda mantiene abierto hasta el pr\\u00f3ximo 7 de agosto el plazo de presentaci\\u00f3n de solicitudes para optar a las ayudas recogidas en las dos convocatorias destinadas a familias andaluzas con escasos recursos que regulan la concesi\\u00f3n de subvenciones al alquiler de viviendas y la rehabilitaci\\u00f3n de edificios y que est\\u00e1n\",\"inLanguage\":\"es-ES\",\"isPartOf\":{\"@id\":\"https:\\\/\\\/www.eldigitaldeasturias.com\\\/noticias\\\/#website\"},\"breadcrumb\":{\"@id\":\"https:\\\/\\\/www.eldigitaldeasturias.com\\\/noticias\\\/abierto-hasta-el-7-de-agosto-el-plazo-para-ayudas-de-rehabilitacion-y-alquiler-en-andalucia\\\/#breadcrumblist\"},\"author\":{\"@id\":\"https:\\\/\\\/www.eldigitaldeasturias.com\\\/noticias\\\/author\\\/admin\\\/#author\"},\"creator\":{\"@id\":\"https:\\\/\\\/www.eldigitaldeasturias.com\\\/noticias\\\/author\\\/admin\\\/#author\"},\"image\":{\"@type\":\"ImageObject\",\"url\":822740,\"@id\":\"https:\\\/\\\/www.eldigitaldeasturias.com\\\/noticias\\\/abierto-hasta-el-7-de-agosto-el-plazo-para-ayudas-de-rehabilitacion-y-alquiler-en-andalucia\\\/#mainImage\"},\"primaryImageOfPage\":{\"@id\":\"https:\\\/\\\/www.eldigitaldeasturias.com\\\/noticias\\\/abierto-hasta-el-7-de-agosto-el-plazo-para-ayudas-de-rehabilitacion-y-alquiler-en-andalucia\\\/#mainImage\"},\"datePublished\":\"2017-08-04T18:01:51+02:00\",\"dateModified\":\"2017-08-04T18:01:51+02:00\"},{\"@type\":\"WebSite\",\"@id\":\"https:\\\/\\\/www.eldigitaldeasturias.com\\\/noticias\\\/#website\",\"url\":\"https:\\\/\\\/www.eldigitaldeasturias.com\\\/noticias\\\/\",\"name\":\"El Digital de Asturias - Diario de actualidad y noticias\",\"alternateName\":\"El Digital de Asturias - Diario de actualidad y noticias\",\"description\":\"Hemeroteca\",\"inLanguage\":\"es-ES\",\"publisher\":{\"@id\":\"https:\\\/\\\/www.eldigitaldeasturias.com\\\/noticias\\\/#organization\"}}]}\n\t\t<\/script>\n\t\t<!-- All in One SEO Pro -->\r\n\t\t<title>Abierto hasta el 7 de agosto el plazo para ayudas de rehabilitaci\u00f3n y alquiler en Andaluc\u00eda - El Digital de Asturias<\/title>\n\n","aioseo_head_json":{"title":"Abierto hasta el 7 de agosto el plazo para ayudas de rehabilitaci\u00f3n y alquiler en Andaluc\u00eda - El Digital de Asturias","description":"La Consejer\u00eda de Fomento y Vivienda mantiene abierto hasta el pr\u00f3ximo 7 de agosto el plazo de presentaci\u00f3n de solicitudes para optar a las ayudas recogidas en las dos convocatorias destinadas a familias andaluzas con escasos recursos que regulan la concesi\u00f3n de subvenciones al alquiler de viviendas y la rehabilitaci\u00f3n de edificios y que est\u00e1n","canonical_url":"https:\/\/www.eldigitaldeasturias.com\/noticias\/abierto-hasta-el-7-de-agosto-el-plazo-para-ayudas-de-rehabilitacion-y-alquiler-en-andalucia\/","robots":"max-image-preview:large","keywords":"actualidad","webmasterTools":{"google-site-verification":"UA-38556648-1","msvalidate.01":"7dfe9f3f1b24437ab69f4f2559babe99","miscellaneous":""},"schema":{"@context":"https:\/\/schema.org","@graph":[{"@type":"BlogPosting","@id":"https:\/\/www.eldigitaldeasturias.com\/noticias\/abierto-hasta-el-7-de-agosto-el-plazo-para-ayudas-de-rehabilitacion-y-alquiler-en-andalucia\/#blogposting","name":"Abierto hasta el 7 de agosto el plazo para ayudas de rehabilitaci\u00f3n y alquiler en Andaluc\u00eda - El Digital de Asturias","headline":"Abierto hasta el 7 de agosto el plazo para ayudas de rehabilitaci\u00f3n y alquiler en Andaluc\u00eda","author":{"@id":"https:\/\/www.eldigitaldeasturias.com\/noticias\/author\/admin\/#author"},"publisher":{"@id":"https:\/\/www.eldigitaldeasturias.com\/noticias\/#organization"},"image":{"@type":"ImageObject","url":822740},"datePublished":"2017-08-04T18:01:51+02:00","dateModified":"2017-08-04T18:01:51+02:00","inLanguage":"es-ES","mainEntityOfPage":{"@id":"https:\/\/www.eldigitaldeasturias.com\/noticias\/abierto-hasta-el-7-de-agosto-el-plazo-para-ayudas-de-rehabilitacion-y-alquiler-en-andalucia\/#webpage"},"isPartOf":{"@id":"https:\/\/www.eldigitaldeasturias.com\/noticias\/abierto-hasta-el-7-de-agosto-el-plazo-para-ayudas-de-rehabilitacion-y-alquiler-en-andalucia\/#webpage"},"articleSection":"Actualidad"},{"@type":"BreadcrumbList","@id":"https:\/\/www.eldigitaldeasturias.com\/noticias\/abierto-hasta-el-7-de-agosto-el-plazo-para-ayudas-de-rehabilitacion-y-alquiler-en-andalucia\/#breadcrumblist","itemListElement":[{"@type":"ListItem","@id":"https:\/\/www.eldigitaldeasturias.com\/noticias#listItem","position":1,"name":"Home","item":"https:\/\/www.eldigitaldeasturias.com\/noticias","nextItem":{"@type":"ListItem","@id":"https:\/\/www.eldigitaldeasturias.com\/noticias\/category\/actualidad\/#listItem","name":"Actualidad"}},{"@type":"ListItem","@id":"https:\/\/www.eldigitaldeasturias.com\/noticias\/category\/actualidad\/#listItem","position":2,"name":"Actualidad","item":"https:\/\/www.eldigitaldeasturias.com\/noticias\/category\/actualidad\/","nextItem":{"@type":"ListItem","@id":"https:\/\/www.eldigitaldeasturias.com\/noticias\/abierto-hasta-el-7-de-agosto-el-plazo-para-ayudas-de-rehabilitacion-y-alquiler-en-andalucia\/#listItem","name":"Abierto hasta el 7 de agosto el plazo para ayudas de rehabilitaci\u00f3n y alquiler en Andaluc\u00eda"},"previousItem":{"@type":"ListItem","@id":"https:\/\/www.eldigitaldeasturias.com\/noticias#listItem","name":"Home"}},{"@type":"ListItem","@id":"https:\/\/www.eldigitaldeasturias.com\/noticias\/abierto-hasta-el-7-de-agosto-el-plazo-para-ayudas-de-rehabilitacion-y-alquiler-en-andalucia\/#listItem","position":3,"name":"Abierto hasta el 7 de agosto el plazo para ayudas de rehabilitaci\u00f3n y alquiler en Andaluc\u00eda","previousItem":{"@type":"ListItem","@id":"https:\/\/www.eldigitaldeasturias.com\/noticias\/category\/actualidad\/#listItem","name":"Actualidad"}}]},{"@type":"Organization","@id":"https:\/\/www.eldigitaldeasturias.com\/noticias\/#organization","name":"El Digital de Asturias","description":"Hemeroteca","url":"https:\/\/www.eldigitaldeasturias.com\/noticias\/","email":"info@eldigitaldeasturias.com","telephone":"+34652131393","logo":{"@type":"ImageObject","url":"https:\/\/www.eldigitaldeasturias.com\/noticias\/wp-content\/uploads\/2020\/12\/EDA.jpg","@id":"https:\/\/www.eldigitaldeasturias.com\/noticias\/abierto-hasta-el-7-de-agosto-el-plazo-para-ayudas-de-rehabilitacion-y-alquiler-en-andalucia\/#organizationLogo"},"image":{"@id":"https:\/\/www.eldigitaldeasturias.com\/noticias\/abierto-hasta-el-7-de-agosto-el-plazo-para-ayudas-de-rehabilitacion-y-alquiler-en-andalucia\/#organizationLogo"},"sameAs":["https:\/\/facebook.com\/eldigitaldeasturias","https:\/\/www.youtube.com\/channel\/UCZP-2wLEB9Rv6erhFmqVnvg"],"address":{"@id":"https:\/\/www.eldigitaldeasturias.com\/noticias\/#postaladdress","@type":"PostalAddress","streetAddress":"san antonio 4","postalCode":"33430","addressLocality":"Cand\u00e1s","addressRegion":"Asturias","addressCountry":"ES"}},{"@type":"Person","@id":"https:\/\/www.eldigitaldeasturias.com\/noticias\/author\/admin\/#author","url":"https:\/\/www.eldigitaldeasturias.com\/noticias\/author\/admin\/","name":"El Digital de Asturias","image":{"@type":"ImageObject","@id":"https:\/\/www.eldigitaldeasturias.com\/noticias\/abierto-hasta-el-7-de-agosto-el-plazo-para-ayudas-de-rehabilitacion-y-alquiler-en-andalucia\/#authorImage","url":"https:\/\/secure.gravatar.com\/avatar\/df2aeffc32bcd13f8d26072ef8a91b623d677766deac7f97ca815868cd41bf5e?s=96&d=mm&r=g","width":96,"height":96,"caption":"El Digital de Asturias"}},{"@type":"WebPage","@id":"https:\/\/www.eldigitaldeasturias.com\/noticias\/abierto-hasta-el-7-de-agosto-el-plazo-para-ayudas-de-rehabilitacion-y-alquiler-en-andalucia\/#webpage","url":"https:\/\/www.eldigitaldeasturias.com\/noticias\/abierto-hasta-el-7-de-agosto-el-plazo-para-ayudas-de-rehabilitacion-y-alquiler-en-andalucia\/","name":"Abierto hasta el 7 de agosto el plazo para ayudas de rehabilitaci\u00f3n y alquiler en Andaluc\u00eda - El Digital de Asturias","description":"La Consejer\u00eda de Fomento y Vivienda mantiene abierto hasta el pr\u00f3ximo 7 de agosto el plazo de presentaci\u00f3n de solicitudes para optar a las ayudas recogidas en las dos convocatorias destinadas a familias andaluzas con escasos recursos que regulan la concesi\u00f3n de subvenciones al alquiler de viviendas y la rehabilitaci\u00f3n de edificios y que est\u00e1n","inLanguage":"es-ES","isPartOf":{"@id":"https:\/\/www.eldigitaldeasturias.com\/noticias\/#website"},"breadcrumb":{"@id":"https:\/\/www.eldigitaldeasturias.com\/noticias\/abierto-hasta-el-7-de-agosto-el-plazo-para-ayudas-de-rehabilitacion-y-alquiler-en-andalucia\/#breadcrumblist"},"author":{"@id":"https:\/\/www.eldigitaldeasturias.com\/noticias\/author\/admin\/#author"},"creator":{"@id":"https:\/\/www.eldigitaldeasturias.com\/noticias\/author\/admin\/#author"},"image":{"@type":"ImageObject","url":822740,"@id":"https:\/\/www.eldigitaldeasturias.com\/noticias\/abierto-hasta-el-7-de-agosto-el-plazo-para-ayudas-de-rehabilitacion-y-alquiler-en-andalucia\/#mainImage"},"primaryImageOfPage":{"@id":"https:\/\/www.eldigitaldeasturias.com\/noticias\/abierto-hasta-el-7-de-agosto-el-plazo-para-ayudas-de-rehabilitacion-y-alquiler-en-andalucia\/#mainImage"},"datePublished":"2017-08-04T18:01:51+02:00","dateModified":"2017-08-04T18:01:51+02:00"},{"@type":"WebSite","@id":"https:\/\/www.eldigitaldeasturias.com\/noticias\/#website","url":"https:\/\/www.eldigitaldeasturias.com\/noticias\/","name":"El Digital de Asturias - Diario de actualidad y noticias","alternateName":"El Digital de Asturias - Diario de actualidad y noticias","description":"Hemeroteca","inLanguage":"es-ES","publisher":{"@id":"https:\/\/www.eldigitaldeasturias.com\/noticias\/#organization"}}]},"og:locale":"es_ES","og:site_name":"El Digital de Asturias","og:type":"article","og:title":"Abierto hasta el 7 de agosto el plazo para ayudas de rehabilitaci\u00f3n y alquiler en Andaluc\u00eda - El Digital de Asturias","og:description":"La Consejer\u00eda de Fomento y Vivienda mantiene abierto hasta el pr\u00f3ximo 7 de agosto el plazo de presentaci\u00f3n de solicitudes para optar a las ayudas recogidas en las dos convocatorias destinadas a familias andaluzas con escasos recursos que regulan la concesi\u00f3n de subvenciones al alquiler de viviendas y la rehabilitaci\u00f3n de edificios y que est\u00e1n","og:url":"https:\/\/www.eldigitaldeasturias.com\/noticias\/abierto-hasta-el-7-de-agosto-el-plazo-para-ayudas-de-rehabilitacion-y-alquiler-en-andalucia\/","article:tag":["actualidad"],"article:published_time":"2017-08-04T18:01:51+00:00","article:modified_time":"2017-08-04T18:01:51+00:00","article:publisher":"https:\/\/facebook.com\/eldigitaldeasturias","twitter:card":"summary_large_image","twitter:title":"Abierto hasta el 7 de agosto el plazo para ayudas de rehabilitaci\u00f3n y alquiler en Andaluc\u00eda - El Digital de Asturias","twitter:description":"La Consejer\u00eda de Fomento y Vivienda mantiene abierto hasta el pr\u00f3ximo 7 de agosto el plazo de presentaci\u00f3n de solicitudes para optar a las ayudas recogidas en las dos convocatorias destinadas a familias andaluzas con escasos recursos que regulan la concesi\u00f3n de subvenciones al alquiler de viviendas y la rehabilitaci\u00f3n de edificios y que est\u00e1n","twitter:image":"https:\/\/www.eldigitaldeasturias.com\/noticias\/wp-content\/uploads\/2020\/12\/EDA-1.jpg","twitter:label1":"Escrito por","twitter:data1":"El Digital de Asturias","twitter:label2":"Tiempo de lectura estimado","twitter:data2":"5 minutos"},"aioseo_meta_data":{"post_id":"948747","title":null,"description":null,"keywords":null,"keyphrases":null,"primary_term":null,"canonical_url":null,"og_title":null,"og_description":null,"og_object_type":"default","og_image_type":"default","og_image_url":null,"og_image_width":null,"og_image_height":null,"og_image_custom_url":null,"og_image_custom_fields":null,"og_video":null,"og_custom_url":null,"og_article_section":null,"og_article_tags":null,"twitter_use_og":false,"twitter_card":"default","twitter_image_type":"default","twitter_image_url":null,"twitter_image_custom_url":null,"twitter_image_custom_fields":null,"twitter_title":null,"twitter_description":null,"schema":{"blockGraphs":[],"customGraphs":[],"default":{"data":{"Article":[],"Course":[],"Dataset":[],"FAQPage":[],"Movie":[],"Person":[],"Product":[],"ProductReview":[],"Car":[],"Recipe":[],"Service":[],"SoftwareApplication":[],"WebPage":[]},"graphName":"","isEnabled":true},"graphs":[],"defaultGraph":"","defaultPostTypeGraph":""},"schema_type":null,"schema_type_options":null,"pillar_content":false,"robots_default":true,"robots_noindex":false,"robots_noarchive":false,"robots_nosnippet":false,"robots_nofollow":false,"robots_noimageindex":false,"robots_noodp":false,"robots_notranslate":false,"robots_max_snippet":null,"robots_max_videopreview":null,"robots_max_imagepreview":"large","priority":null,"frequency":null,"local_seo":null,"seo_analyzer_scan_date":"2025-12-05 09:46:10","breadcrumb_settings":null,"limit_modified_date":false,"open_ai":null,"ai":null,"created":"2020-12-21 13:03:37","updated":"2025-12-05 09:46:10","focus_keyword":null,"additional_keywords":null,"truseo_locale":null},"aioseo_breadcrumb":"<div class=\"aioseo-breadcrumbs\"><span class=\"aioseo-breadcrumb\">\n\t<a href=\"https:\/\/www.eldigitaldeasturias.com\/noticias\" title=\"Home\">Home<\/a>\n<\/span><span class=\"aioseo-breadcrumb-separator\">\u2013<\/span><span class=\"aioseo-breadcrumb\">\n\t<a href=\"https:\/\/www.eldigitaldeasturias.com\/noticias\/category\/actualidad\/\" title=\"Actualidad\">Actualidad<\/a>\n<\/span><span class=\"aioseo-breadcrumb-separator\">\u2013<\/span><span class=\"aioseo-breadcrumb\">\n\t<a href=\"https:\/\/www.eldigitaldeasturias.com\/noticias\/abierto-hasta-el-7-de-agosto-el-plazo-para-ayudas-de-rehabilitacion-y-alquiler-en-andalucia\/\" title=\"Abierto hasta el 7 de agosto el plazo para ayudas de rehabilitaci\u00f3n y alquiler en Andaluc\u00eda\">Abierto hasta el 7 de agosto el plazo para ayudas de rehabilitaci\u00f3n y alquiler en Andaluc\u00eda<\/a>\n<\/span><\/div>","aioseo_breadcrumb_json":[{"label":"Home","link":"https:\/\/www.eldigitaldeasturias.com\/noticias"},{"label":"Actualidad","link":"https:\/\/www.eldigitaldeasturias.com\/noticias\/category\/actualidad\/"},{"label":"Abierto hasta el 7 de agosto el plazo para ayudas de rehabilitaci\u00f3n y alquiler en Andaluc\u00eda","link":"https:\/\/www.eldigitaldeasturias.com\/noticias\/abierto-hasta-el-7-de-agosto-el-plazo-para-ayudas-de-rehabilitacion-y-alquiler-en-andalucia\/"}],"_links":{"self":[{"href":"https:\/\/www.eldigitaldeasturias.com\/noticias\/wp-json\/wp\/v2\/posts\/948747","targetHints":{"allow":["GET"]}}],"collection":[{"href":"https:\/\/www.eldigitaldeasturias.com\/noticias\/wp-json\/wp\/v2\/posts"}],"about":[{"href":"https:\/\/www.eldigitaldeasturias.com\/noticias\/wp-json\/wp\/v2\/types\/post"}],"author":[{"embeddable":true,"href":"https:\/\/www.eldigitaldeasturias.com\/noticias\/wp-json\/wp\/v2\/users\/1"}],"replies":[{"embeddable":true,"href":"https:\/\/www.eldigitaldeasturias.com\/noticias\/wp-json\/wp\/v2\/comments?post=948747"}],"version-history":[{"count":0,"href":"https:\/\/www.eldigitaldeasturias.com\/noticias\/wp-json\/wp\/v2\/posts\/948747\/revisions"}],"wp:attachment":[{"href":"https:\/\/www.eldigitaldeasturias.com\/noticias\/wp-json\/wp\/v2\/media?parent=948747"}],"wp:term":[{"taxonomy":"category","embeddable":true,"href":"https:\/\/www.eldigitaldeasturias.com\/noticias\/wp-json\/wp\/v2\/categories?post=948747"},{"taxonomy":"post_tag","embeddable":true,"href":"https:\/\/www.eldigitaldeasturias.com\/noticias\/wp-json\/wp\/v2\/tags?post=948747"}],"curies":[{"name":"wp","href":"https:\/\/api.w.org\/{rel}","templated":true}]}}