{"id":948745,"date":"2017-08-04T18:00:35","date_gmt":"2017-08-04T18:00:35","guid":{"rendered":"http:\/\/www.eldigitaldeasturias.com\/noticias\/?p=948745"},"modified":"2017-08-04T18:00:35","modified_gmt":"2017-08-04T18:00:35","slug":"andalucia-incrementa-las-prestaciones-economicas-para-las-familias-acogedoras","status":"publish","type":"post","link":"https:\/\/www.eldigitaldeasturias.com\/noticias\/andalucia-incrementa-las-prestaciones-economicas-para-las-familias-acogedoras\/","title":{"rendered":"Andaluc\u00eda incrementa las prestaciones econ\u00f3micas para las familias acogedoras"},"content":{"rendered":"<p>La Consejer\u00eda de Igualdad y Pol\u00edticas Sociales ha incrementado las cuant\u00edas de las prestaciones econ\u00f3micas para las familias acogedoras de menores. As\u00ed lo recoge el Bolet\u00edn Oficial de la Junta de Andaluc\u00eda (BOJA), mediante la publicaci\u00f3n de una nueva Orden que modifica a la anterior de 2004.<\/p>\n<p>La consejera de Igualdad y Pol\u00edticas Sociales, Mar\u00eda Jos\u00e9 S\u00e1nchez Rubio, ha destacado que la prestaci\u00f3n b\u00e1sica tiene por objeto atender los gastos de manutenci\u00f3n de car\u00e1cter peri\u00f3dico, derivados de la obligaci\u00f3n de cuidar, alimentar y educar al menor, estableci\u00e9ndose que la cuant\u00eda general asciende a 324 euros mensuales, por cada ni\u00f1o o ni\u00f1a, y para acogimientos temporales en familia ajena un total de 450 euros mensuales, por menor.<\/p>\n<p>\u00abCon respecto a la prestaci\u00f3n espec\u00edfica para los acogimientos de urgencia y especializado, tiene por objeto remunerar la especial disponibilidad y cualificaci\u00f3n de las personas acogedoras, que percibir\u00e1n, adem\u00e1s de la prestaci\u00f3n b\u00e1sica general que corresponda seg\u00fan el n\u00famero de menores acogidos, una prestaci\u00f3n de 576 euros mensuales, por cada modalidad de acogimiento\u00bb, ha informado S\u00e1nchez Rubio.<\/p>\n<p>La responsable de las pol\u00edticas sociales ha subrayado que \u00abestas prestaciones econ\u00f3micas son compatibles entre s\u00ed, pudiendo coincidir varias en una misma familia acogedora de manera simult\u00e1nea y\/o consecutiva\u00bb.<\/p>\n<p>La nueva norma recoge adem\u00e1s que podr\u00e1 ser remunerado el acogimiento permanente tanto en familia extensa como en ajena. La Orden define el acogimiento permanente en familia extensa como el que se formaliza con personas f\u00edsicas a quienes se le haya conferido la guarda de alg\u00fan menor conforme a la legislaci\u00f3n civil, en virtud de la vinculaci\u00f3n existente por raz\u00f3n de parentesco, mediante la correspondiente resoluci\u00f3n administrativa.<\/p>\n<p>Por su parte, se\u00f1ala que el acogimiento con familia acogedora de urgencia se formaliza con personas f\u00edsicas inscritas en el Registro de Solicitantes de Acogimiento y Adopci\u00f3n de Andaluc\u00eda, que hayan sido calificadas para este acogimiento por la Comisi\u00f3n Provincial de Medidas de Protecci\u00f3n.<\/p>\n<p>S\u00e1nchez Rubio ha destacado que la Junta de Andaluc\u00eda promueve el acogimiento en familia de menores que no pueden ser atendidos por las suyas. Para ello, ha informado de que su departamento ha puesto en marcha la campa\u00f1a &#8216;Siempre en familia: acoger, adoptar, ayudar&#8217; para concienciar a la sociedad de lo importante que es ofrecer un hogar temporal o permanente a aquellas ni\u00f1as y ni\u00f1os que, por diversos motivos, se ven obligados a dejar su familia.<\/p>\n<p>El objetivo es que puedan crecer con una familia que est\u00e9 \u00abdispuesta a darles el afecto y la estimulaci\u00f3n que necesitan para su desarrollo\u00bb. S\u00e1nchez Rubio ha recordado que esta campa\u00f1a \u00abes imprescindible para promover familias dispuestas a formar parte de la vida de los m\u00e1s de 2.000 ni\u00f1os y adolescentes que no pueden ser atendidos de forma adecuada por las suyas\u00bb.<\/p>\n<p>La integraci\u00f3n familiar del sistema de protecci\u00f3n, aqu\u00e9llos que est\u00e1n tutelados por la Junta por abandono o malos tratos, es uno de los objetivos del II Plan de Infancia y Adolescencia de Andaluc\u00eda 2016-2020, aprobado por el Consejo de Gobierno en junio del pasado a\u00f1o, seg\u00fan ha recordado la m\u00e1xima responsable de las pol\u00edticas sociales en Andaluc\u00eda.<\/p>\n<p>De este modo, se trata de sumar nuevas familias a las m\u00e1s de 3.200 que \u00abya han abierto sus hogares a quienes m\u00e1s lo necesitan\u00bb. La consejera ha mostrado su agradecimiento a estas familias pero ha indicado que \u00abno son suficientes\u00bb puesto que hay m\u00e1s de 2.000 menores que viven en centros de protecci\u00f3n.<\/p>\n<p>En este sentido, ha recalcado que \u00abaunque nuestros centros est\u00e1n atendidos por excelentes profesionales que cuidan de que no les falte de nada\u00bb, el fin es proporcionar al menor un entorno familiar como n\u00facleo donde mejor se adquiere y fomenta el v\u00ednculo afectivo, necesario para el desarrollo emocional y social sobre todo en edades tempranas (0 a 6 a\u00f1os).<\/p>\n<p>Junto con las familias acogedoras, que \u00ababren su hogar a los peque\u00f1os\u00bb, S\u00e1nchez Rubio ha resaltado otra modalidad de acogimiento como son las familias colaboradoras que comparten tiempo de ocio y vacaciones con menores que actualmente viven en centros de protecci\u00f3n. Estas familias les permiten acumular experiencias normalizadoras.<\/p>\n","protected":false},"excerpt":{"rendered":"<p>La Consejer\u00eda de Igualdad y Pol\u00edticas Sociales ha incrementado las cuant\u00edas de las prestaciones econ\u00f3micas para las familias acogedoras de menores. As\u00ed lo recoge el Bolet\u00edn Oficial de la Junta de Andaluc\u00eda (BOJA), mediante la publicaci\u00f3n de una nueva Orden que modifica a la anterior de 2004. La consejera de Igualdad y Pol\u00edticas Sociales, Mar\u00eda [&hellip;]<\/p>\n","protected":false},"author":1,"featured_media":780683,"comment_status":"closed","ping_status":"closed","sticky":false,"template":"","format":"standard","meta":{"footnotes":""},"categories":[1],"tags":[],"class_list":["post-948745","post","type-post","status-publish","format-standard","has-post-thumbnail","hentry","category-actualidad"],"aioseo_notices":[],"aioseo_head":"\n\t\t<!-- All in One SEO Pro 5.0.1 - aioseo.com -->\n\t<meta name=\"description\" content=\"La Consejer\u00eda de Igualdad y Pol\u00edticas Sociales ha incrementado las cuant\u00edas de las prestaciones econ\u00f3micas para las familias acogedoras de menores. As\u00ed lo recoge el Bolet\u00edn Oficial de la Junta de Andaluc\u00eda (BOJA), mediante la publicaci\u00f3n de una nueva Orden que modifica a la anterior de 2004. La consejera de Igualdad y Pol\u00edticas Sociales, Mar\u00eda\" \/>\n\t<meta name=\"robots\" content=\"max-image-preview:large\" \/>\n\t<meta name=\"author\" content=\"El Digital de Asturias\"\/>\n\t<meta name=\"google-site-verification\" content=\"UA-38556648-1\" \/>\n\t<meta name=\"msvalidate.01\" content=\"7dfe9f3f1b24437ab69f4f2559babe99\" \/>\n\t<meta name=\"keywords\" content=\"actualidad\" \/>\n\t<link rel=\"canonical\" href=\"https:\/\/www.eldigitaldeasturias.com\/noticias\/andalucia-incrementa-las-prestaciones-economicas-para-las-familias-acogedoras\/\" \/>\n\t<meta name=\"generator\" content=\"All in One SEO Pro (AIOSEO) 5.0.1\" \/>\n\t\t<meta property=\"og:locale\" content=\"es_ES\" \/>\n\t\t<meta property=\"og:site_name\" content=\"El Digital de Asturias\" \/>\n\t\t<meta property=\"og:type\" content=\"article\" \/>\n\t\t<meta property=\"og:title\" content=\"Andaluc\u00eda incrementa las prestaciones econ\u00f3micas para las familias acogedoras - El Digital de Asturias\" \/>\n\t\t<meta property=\"og:description\" content=\"La Consejer\u00eda de Igualdad y Pol\u00edticas Sociales ha incrementado las cuant\u00edas de las prestaciones econ\u00f3micas para las familias acogedoras de menores. As\u00ed lo recoge el Bolet\u00edn Oficial de la Junta de Andaluc\u00eda (BOJA), mediante la publicaci\u00f3n de una nueva Orden que modifica a la anterior de 2004. La consejera de Igualdad y Pol\u00edticas Sociales, Mar\u00eda\" \/>\n\t\t<meta property=\"og:url\" content=\"https:\/\/www.eldigitaldeasturias.com\/noticias\/andalucia-incrementa-las-prestaciones-economicas-para-las-familias-acogedoras\/\" \/>\n\t\t<meta property=\"article:tag\" content=\"actualidad\" \/>\n\t\t<meta property=\"article:published_time\" content=\"2017-08-04T18:00:35+00:00\" \/>\n\t\t<meta property=\"article:modified_time\" content=\"2017-08-04T18:00:35+00:00\" \/>\n\t\t<meta property=\"article:publisher\" content=\"https:\/\/facebook.com\/eldigitaldeasturias\" \/>\n\t\t<meta name=\"twitter:card\" content=\"summary_large_image\" \/>\n\t\t<meta name=\"twitter:title\" content=\"Andaluc\u00eda incrementa las prestaciones econ\u00f3micas para las familias acogedoras - El Digital de Asturias\" \/>\n\t\t<meta name=\"twitter:description\" content=\"La Consejer\u00eda de Igualdad y Pol\u00edticas Sociales ha incrementado las cuant\u00edas de las prestaciones econ\u00f3micas para las familias acogedoras de menores. As\u00ed lo recoge el Bolet\u00edn Oficial de la Junta de Andaluc\u00eda (BOJA), mediante la publicaci\u00f3n de una nueva Orden que modifica a la anterior de 2004. La consejera de Igualdad y Pol\u00edticas Sociales, Mar\u00eda\" \/>\n\t\t<meta name=\"twitter:image\" content=\"https:\/\/www.eldigitaldeasturias.com\/noticias\/wp-content\/uploads\/2020\/12\/EDA-1.jpg\" \/>\n\t\t<meta name=\"twitter:label1\" content=\"Escrito por\" \/>\n\t\t<meta name=\"twitter:data1\" content=\"El Digital de Asturias\" \/>\n\t\t<meta name=\"twitter:label2\" content=\"Tiempo de lectura estimado\" \/>\n\t\t<meta name=\"twitter:data2\" content=\"4 minutos\" \/>\n\t\t<script type=\"application\/ld+json\" class=\"aioseo-schema\">\n\t\t\t{\"@context\":\"https:\\\/\\\/schema.org\",\"@graph\":[{\"@type\":\"BlogPosting\",\"@id\":\"https:\\\/\\\/www.eldigitaldeasturias.com\\\/noticias\\\/andalucia-incrementa-las-prestaciones-economicas-para-las-familias-acogedoras\\\/#blogposting\",\"name\":\"Andaluc\\u00eda incrementa las prestaciones econ\\u00f3micas para las familias acogedoras - El Digital de Asturias\",\"headline\":\"Andaluc\\u00eda incrementa las prestaciones econ\\u00f3micas para las familias acogedoras\",\"author\":{\"@id\":\"https:\\\/\\\/www.eldigitaldeasturias.com\\\/noticias\\\/author\\\/admin\\\/#author\"},\"publisher\":{\"@id\":\"https:\\\/\\\/www.eldigitaldeasturias.com\\\/noticias\\\/#organization\"},\"image\":{\"@type\":\"ImageObject\",\"url\":780683},\"datePublished\":\"2017-08-04T18:00:35+02:00\",\"dateModified\":\"2017-08-04T18:00:35+02:00\",\"inLanguage\":\"es-ES\",\"mainEntityOfPage\":{\"@id\":\"https:\\\/\\\/www.eldigitaldeasturias.com\\\/noticias\\\/andalucia-incrementa-las-prestaciones-economicas-para-las-familias-acogedoras\\\/#webpage\"},\"isPartOf\":{\"@id\":\"https:\\\/\\\/www.eldigitaldeasturias.com\\\/noticias\\\/andalucia-incrementa-las-prestaciones-economicas-para-las-familias-acogedoras\\\/#webpage\"},\"articleSection\":\"Actualidad\"},{\"@type\":\"BreadcrumbList\",\"@id\":\"https:\\\/\\\/www.eldigitaldeasturias.com\\\/noticias\\\/andalucia-incrementa-las-prestaciones-economicas-para-las-familias-acogedoras\\\/#breadcrumblist\",\"itemListElement\":[{\"@type\":\"ListItem\",\"@id\":\"https:\\\/\\\/www.eldigitaldeasturias.com\\\/noticias#listItem\",\"position\":1,\"name\":\"Home\",\"item\":\"https:\\\/\\\/www.eldigitaldeasturias.com\\\/noticias\",\"nextItem\":{\"@type\":\"ListItem\",\"@id\":\"https:\\\/\\\/www.eldigitaldeasturias.com\\\/noticias\\\/category\\\/actualidad\\\/#listItem\",\"name\":\"Actualidad\"}},{\"@type\":\"ListItem\",\"@id\":\"https:\\\/\\\/www.eldigitaldeasturias.com\\\/noticias\\\/category\\\/actualidad\\\/#listItem\",\"position\":2,\"name\":\"Actualidad\",\"item\":\"https:\\\/\\\/www.eldigitaldeasturias.com\\\/noticias\\\/category\\\/actualidad\\\/\",\"nextItem\":{\"@type\":\"ListItem\",\"@id\":\"https:\\\/\\\/www.eldigitaldeasturias.com\\\/noticias\\\/andalucia-incrementa-las-prestaciones-economicas-para-las-familias-acogedoras\\\/#listItem\",\"name\":\"Andaluc\\u00eda incrementa las prestaciones econ\\u00f3micas para las familias acogedoras\"},\"previousItem\":{\"@type\":\"ListItem\",\"@id\":\"https:\\\/\\\/www.eldigitaldeasturias.com\\\/noticias#listItem\",\"name\":\"Home\"}},{\"@type\":\"ListItem\",\"@id\":\"https:\\\/\\\/www.eldigitaldeasturias.com\\\/noticias\\\/andalucia-incrementa-las-prestaciones-economicas-para-las-familias-acogedoras\\\/#listItem\",\"position\":3,\"name\":\"Andaluc\\u00eda incrementa las prestaciones econ\\u00f3micas para las familias acogedoras\",\"previousItem\":{\"@type\":\"ListItem\",\"@id\":\"https:\\\/\\\/www.eldigitaldeasturias.com\\\/noticias\\\/category\\\/actualidad\\\/#listItem\",\"name\":\"Actualidad\"}}]},{\"@type\":\"Organization\",\"@id\":\"https:\\\/\\\/www.eldigitaldeasturias.com\\\/noticias\\\/#organization\",\"name\":\"El Digital de Asturias\",\"description\":\"Hemeroteca\",\"url\":\"https:\\\/\\\/www.eldigitaldeasturias.com\\\/noticias\\\/\",\"email\":\"info@eldigitaldeasturias.com\",\"telephone\":\"+34652131393\",\"logo\":{\"@type\":\"ImageObject\",\"url\":\"https:\\\/\\\/www.eldigitaldeasturias.com\\\/noticias\\\/wp-content\\\/uploads\\\/2020\\\/12\\\/EDA.jpg\",\"@id\":\"https:\\\/\\\/www.eldigitaldeasturias.com\\\/noticias\\\/andalucia-incrementa-las-prestaciones-economicas-para-las-familias-acogedoras\\\/#organizationLogo\"},\"image\":{\"@id\":\"https:\\\/\\\/www.eldigitaldeasturias.com\\\/noticias\\\/andalucia-incrementa-las-prestaciones-economicas-para-las-familias-acogedoras\\\/#organizationLogo\"},\"sameAs\":[\"https:\\\/\\\/facebook.com\\\/eldigitaldeasturias\",\"https:\\\/\\\/www.youtube.com\\\/channel\\\/UCZP-2wLEB9Rv6erhFmqVnvg\"],\"address\":{\"@id\":\"https:\\\/\\\/www.eldigitaldeasturias.com\\\/noticias\\\/#postaladdress\",\"@type\":\"PostalAddress\",\"streetAddress\":\"san antonio 4\",\"postalCode\":\"33430\",\"addressLocality\":\"Cand\\u00e1s\",\"addressRegion\":\"Asturias\",\"addressCountry\":\"ES\"}},{\"@type\":\"Person\",\"@id\":\"https:\\\/\\\/www.eldigitaldeasturias.com\\\/noticias\\\/author\\\/admin\\\/#author\",\"url\":\"https:\\\/\\\/www.eldigitaldeasturias.com\\\/noticias\\\/author\\\/admin\\\/\",\"name\":\"El Digital de Asturias\",\"image\":{\"@type\":\"ImageObject\",\"@id\":\"https:\\\/\\\/www.eldigitaldeasturias.com\\\/noticias\\\/andalucia-incrementa-las-prestaciones-economicas-para-las-familias-acogedoras\\\/#authorImage\",\"url\":\"https:\\\/\\\/secure.gravatar.com\\\/avatar\\\/df2aeffc32bcd13f8d26072ef8a91b623d677766deac7f97ca815868cd41bf5e?s=96&d=mm&r=g\",\"width\":96,\"height\":96,\"caption\":\"El Digital de Asturias\"}},{\"@type\":\"WebPage\",\"@id\":\"https:\\\/\\\/www.eldigitaldeasturias.com\\\/noticias\\\/andalucia-incrementa-las-prestaciones-economicas-para-las-familias-acogedoras\\\/#webpage\",\"url\":\"https:\\\/\\\/www.eldigitaldeasturias.com\\\/noticias\\\/andalucia-incrementa-las-prestaciones-economicas-para-las-familias-acogedoras\\\/\",\"name\":\"Andaluc\\u00eda incrementa las prestaciones econ\\u00f3micas para las familias acogedoras - El Digital de Asturias\",\"description\":\"La Consejer\\u00eda de Igualdad y Pol\\u00edticas Sociales ha incrementado las cuant\\u00edas de las prestaciones econ\\u00f3micas para las familias acogedoras de menores. As\\u00ed lo recoge el Bolet\\u00edn Oficial de la Junta de Andaluc\\u00eda (BOJA), mediante la publicaci\\u00f3n de una nueva Orden que modifica a la anterior de 2004. La consejera de Igualdad y Pol\\u00edticas Sociales, Mar\\u00eda\",\"inLanguage\":\"es-ES\",\"isPartOf\":{\"@id\":\"https:\\\/\\\/www.eldigitaldeasturias.com\\\/noticias\\\/#website\"},\"breadcrumb\":{\"@id\":\"https:\\\/\\\/www.eldigitaldeasturias.com\\\/noticias\\\/andalucia-incrementa-las-prestaciones-economicas-para-las-familias-acogedoras\\\/#breadcrumblist\"},\"author\":{\"@id\":\"https:\\\/\\\/www.eldigitaldeasturias.com\\\/noticias\\\/author\\\/admin\\\/#author\"},\"creator\":{\"@id\":\"https:\\\/\\\/www.eldigitaldeasturias.com\\\/noticias\\\/author\\\/admin\\\/#author\"},\"image\":{\"@type\":\"ImageObject\",\"url\":780683,\"@id\":\"https:\\\/\\\/www.eldigitaldeasturias.com\\\/noticias\\\/andalucia-incrementa-las-prestaciones-economicas-para-las-familias-acogedoras\\\/#mainImage\"},\"primaryImageOfPage\":{\"@id\":\"https:\\\/\\\/www.eldigitaldeasturias.com\\\/noticias\\\/andalucia-incrementa-las-prestaciones-economicas-para-las-familias-acogedoras\\\/#mainImage\"},\"datePublished\":\"2017-08-04T18:00:35+02:00\",\"dateModified\":\"2017-08-04T18:00:35+02:00\"},{\"@type\":\"WebSite\",\"@id\":\"https:\\\/\\\/www.eldigitaldeasturias.com\\\/noticias\\\/#website\",\"url\":\"https:\\\/\\\/www.eldigitaldeasturias.com\\\/noticias\\\/\",\"name\":\"El Digital de Asturias - Diario de actualidad y noticias\",\"alternateName\":\"El Digital de Asturias - Diario de actualidad y noticias\",\"description\":\"Hemeroteca\",\"inLanguage\":\"es-ES\",\"publisher\":{\"@id\":\"https:\\\/\\\/www.eldigitaldeasturias.com\\\/noticias\\\/#organization\"}}]}\n\t\t<\/script>\n\t\t<!-- All in One SEO Pro -->\r\n\t\t<title>Andaluc\u00eda incrementa las prestaciones econ\u00f3micas para las familias acogedoras - El Digital de Asturias<\/title>\n\n","aioseo_head_json":{"title":"Andaluc\u00eda incrementa las prestaciones econ\u00f3micas para las familias acogedoras - El Digital de Asturias","description":"La Consejer\u00eda de Igualdad y Pol\u00edticas Sociales ha incrementado las cuant\u00edas de las prestaciones econ\u00f3micas para las familias acogedoras de menores. As\u00ed lo recoge el Bolet\u00edn Oficial de la Junta de Andaluc\u00eda (BOJA), mediante la publicaci\u00f3n de una nueva Orden que modifica a la anterior de 2004. La consejera de Igualdad y Pol\u00edticas Sociales, Mar\u00eda","canonical_url":"https:\/\/www.eldigitaldeasturias.com\/noticias\/andalucia-incrementa-las-prestaciones-economicas-para-las-familias-acogedoras\/","robots":"max-image-preview:large","keywords":"actualidad","webmasterTools":{"google-site-verification":"UA-38556648-1","msvalidate.01":"7dfe9f3f1b24437ab69f4f2559babe99","miscellaneous":""},"schema":{"@context":"https:\/\/schema.org","@graph":[{"@type":"BlogPosting","@id":"https:\/\/www.eldigitaldeasturias.com\/noticias\/andalucia-incrementa-las-prestaciones-economicas-para-las-familias-acogedoras\/#blogposting","name":"Andaluc\u00eda incrementa las prestaciones econ\u00f3micas para las familias acogedoras - El Digital de Asturias","headline":"Andaluc\u00eda incrementa las prestaciones econ\u00f3micas para las familias acogedoras","author":{"@id":"https:\/\/www.eldigitaldeasturias.com\/noticias\/author\/admin\/#author"},"publisher":{"@id":"https:\/\/www.eldigitaldeasturias.com\/noticias\/#organization"},"image":{"@type":"ImageObject","url":780683},"datePublished":"2017-08-04T18:00:35+02:00","dateModified":"2017-08-04T18:00:35+02:00","inLanguage":"es-ES","mainEntityOfPage":{"@id":"https:\/\/www.eldigitaldeasturias.com\/noticias\/andalucia-incrementa-las-prestaciones-economicas-para-las-familias-acogedoras\/#webpage"},"isPartOf":{"@id":"https:\/\/www.eldigitaldeasturias.com\/noticias\/andalucia-incrementa-las-prestaciones-economicas-para-las-familias-acogedoras\/#webpage"},"articleSection":"Actualidad"},{"@type":"BreadcrumbList","@id":"https:\/\/www.eldigitaldeasturias.com\/noticias\/andalucia-incrementa-las-prestaciones-economicas-para-las-familias-acogedoras\/#breadcrumblist","itemListElement":[{"@type":"ListItem","@id":"https:\/\/www.eldigitaldeasturias.com\/noticias#listItem","position":1,"name":"Home","item":"https:\/\/www.eldigitaldeasturias.com\/noticias","nextItem":{"@type":"ListItem","@id":"https:\/\/www.eldigitaldeasturias.com\/noticias\/category\/actualidad\/#listItem","name":"Actualidad"}},{"@type":"ListItem","@id":"https:\/\/www.eldigitaldeasturias.com\/noticias\/category\/actualidad\/#listItem","position":2,"name":"Actualidad","item":"https:\/\/www.eldigitaldeasturias.com\/noticias\/category\/actualidad\/","nextItem":{"@type":"ListItem","@id":"https:\/\/www.eldigitaldeasturias.com\/noticias\/andalucia-incrementa-las-prestaciones-economicas-para-las-familias-acogedoras\/#listItem","name":"Andaluc\u00eda incrementa las prestaciones econ\u00f3micas para las familias acogedoras"},"previousItem":{"@type":"ListItem","@id":"https:\/\/www.eldigitaldeasturias.com\/noticias#listItem","name":"Home"}},{"@type":"ListItem","@id":"https:\/\/www.eldigitaldeasturias.com\/noticias\/andalucia-incrementa-las-prestaciones-economicas-para-las-familias-acogedoras\/#listItem","position":3,"name":"Andaluc\u00eda incrementa las prestaciones econ\u00f3micas para las familias acogedoras","previousItem":{"@type":"ListItem","@id":"https:\/\/www.eldigitaldeasturias.com\/noticias\/category\/actualidad\/#listItem","name":"Actualidad"}}]},{"@type":"Organization","@id":"https:\/\/www.eldigitaldeasturias.com\/noticias\/#organization","name":"El Digital de Asturias","description":"Hemeroteca","url":"https:\/\/www.eldigitaldeasturias.com\/noticias\/","email":"info@eldigitaldeasturias.com","telephone":"+34652131393","logo":{"@type":"ImageObject","url":"https:\/\/www.eldigitaldeasturias.com\/noticias\/wp-content\/uploads\/2020\/12\/EDA.jpg","@id":"https:\/\/www.eldigitaldeasturias.com\/noticias\/andalucia-incrementa-las-prestaciones-economicas-para-las-familias-acogedoras\/#organizationLogo"},"image":{"@id":"https:\/\/www.eldigitaldeasturias.com\/noticias\/andalucia-incrementa-las-prestaciones-economicas-para-las-familias-acogedoras\/#organizationLogo"},"sameAs":["https:\/\/facebook.com\/eldigitaldeasturias","https:\/\/www.youtube.com\/channel\/UCZP-2wLEB9Rv6erhFmqVnvg"],"address":{"@id":"https:\/\/www.eldigitaldeasturias.com\/noticias\/#postaladdress","@type":"PostalAddress","streetAddress":"san antonio 4","postalCode":"33430","addressLocality":"Cand\u00e1s","addressRegion":"Asturias","addressCountry":"ES"}},{"@type":"Person","@id":"https:\/\/www.eldigitaldeasturias.com\/noticias\/author\/admin\/#author","url":"https:\/\/www.eldigitaldeasturias.com\/noticias\/author\/admin\/","name":"El Digital de Asturias","image":{"@type":"ImageObject","@id":"https:\/\/www.eldigitaldeasturias.com\/noticias\/andalucia-incrementa-las-prestaciones-economicas-para-las-familias-acogedoras\/#authorImage","url":"https:\/\/secure.gravatar.com\/avatar\/df2aeffc32bcd13f8d26072ef8a91b623d677766deac7f97ca815868cd41bf5e?s=96&d=mm&r=g","width":96,"height":96,"caption":"El Digital de Asturias"}},{"@type":"WebPage","@id":"https:\/\/www.eldigitaldeasturias.com\/noticias\/andalucia-incrementa-las-prestaciones-economicas-para-las-familias-acogedoras\/#webpage","url":"https:\/\/www.eldigitaldeasturias.com\/noticias\/andalucia-incrementa-las-prestaciones-economicas-para-las-familias-acogedoras\/","name":"Andaluc\u00eda incrementa las prestaciones econ\u00f3micas para las familias acogedoras - El Digital de Asturias","description":"La Consejer\u00eda de Igualdad y Pol\u00edticas Sociales ha incrementado las cuant\u00edas de las prestaciones econ\u00f3micas para las familias acogedoras de menores. As\u00ed lo recoge el Bolet\u00edn Oficial de la Junta de Andaluc\u00eda (BOJA), mediante la publicaci\u00f3n de una nueva Orden que modifica a la anterior de 2004. La consejera de Igualdad y Pol\u00edticas Sociales, Mar\u00eda","inLanguage":"es-ES","isPartOf":{"@id":"https:\/\/www.eldigitaldeasturias.com\/noticias\/#website"},"breadcrumb":{"@id":"https:\/\/www.eldigitaldeasturias.com\/noticias\/andalucia-incrementa-las-prestaciones-economicas-para-las-familias-acogedoras\/#breadcrumblist"},"author":{"@id":"https:\/\/www.eldigitaldeasturias.com\/noticias\/author\/admin\/#author"},"creator":{"@id":"https:\/\/www.eldigitaldeasturias.com\/noticias\/author\/admin\/#author"},"image":{"@type":"ImageObject","url":780683,"@id":"https:\/\/www.eldigitaldeasturias.com\/noticias\/andalucia-incrementa-las-prestaciones-economicas-para-las-familias-acogedoras\/#mainImage"},"primaryImageOfPage":{"@id":"https:\/\/www.eldigitaldeasturias.com\/noticias\/andalucia-incrementa-las-prestaciones-economicas-para-las-familias-acogedoras\/#mainImage"},"datePublished":"2017-08-04T18:00:35+02:00","dateModified":"2017-08-04T18:00:35+02:00"},{"@type":"WebSite","@id":"https:\/\/www.eldigitaldeasturias.com\/noticias\/#website","url":"https:\/\/www.eldigitaldeasturias.com\/noticias\/","name":"El Digital de Asturias - Diario de actualidad y noticias","alternateName":"El Digital de Asturias - Diario de actualidad y noticias","description":"Hemeroteca","inLanguage":"es-ES","publisher":{"@id":"https:\/\/www.eldigitaldeasturias.com\/noticias\/#organization"}}]},"og:locale":"es_ES","og:site_name":"El Digital de Asturias","og:type":"article","og:title":"Andaluc\u00eda incrementa las prestaciones econ\u00f3micas para las familias acogedoras - El Digital de Asturias","og:description":"La Consejer\u00eda de Igualdad y Pol\u00edticas Sociales ha incrementado las cuant\u00edas de las prestaciones econ\u00f3micas para las familias acogedoras de menores. As\u00ed lo recoge el Bolet\u00edn Oficial de la Junta de Andaluc\u00eda (BOJA), mediante la publicaci\u00f3n de una nueva Orden que modifica a la anterior de 2004. La consejera de Igualdad y Pol\u00edticas Sociales, Mar\u00eda","og:url":"https:\/\/www.eldigitaldeasturias.com\/noticias\/andalucia-incrementa-las-prestaciones-economicas-para-las-familias-acogedoras\/","article:tag":["actualidad"],"article:published_time":"2017-08-04T18:00:35+00:00","article:modified_time":"2017-08-04T18:00:35+00:00","article:publisher":"https:\/\/facebook.com\/eldigitaldeasturias","twitter:card":"summary_large_image","twitter:title":"Andaluc\u00eda incrementa las prestaciones econ\u00f3micas para las familias acogedoras - El Digital de Asturias","twitter:description":"La Consejer\u00eda de Igualdad y Pol\u00edticas Sociales ha incrementado las cuant\u00edas de las prestaciones econ\u00f3micas para las familias acogedoras de menores. As\u00ed lo recoge el Bolet\u00edn Oficial de la Junta de Andaluc\u00eda (BOJA), mediante la publicaci\u00f3n de una nueva Orden que modifica a la anterior de 2004. La consejera de Igualdad y Pol\u00edticas Sociales, Mar\u00eda","twitter:image":"https:\/\/www.eldigitaldeasturias.com\/noticias\/wp-content\/uploads\/2020\/12\/EDA-1.jpg","twitter:label1":"Escrito por","twitter:data1":"El Digital de Asturias","twitter:label2":"Tiempo de lectura estimado","twitter:data2":"4 minutos"},"aioseo_meta_data":{"post_id":"948745","title":null,"description":null,"keywords":null,"keyphrases":null,"primary_term":null,"canonical_url":null,"og_title":null,"og_description":null,"og_object_type":"default","og_image_type":"default","og_image_url":null,"og_image_width":null,"og_image_height":null,"og_image_custom_url":null,"og_image_custom_fields":null,"og_video":null,"og_custom_url":null,"og_article_section":null,"og_article_tags":null,"twitter_use_og":false,"twitter_card":"default","twitter_image_type":"default","twitter_image_url":null,"twitter_image_custom_url":null,"twitter_image_custom_fields":null,"twitter_title":null,"twitter_description":null,"schema":{"blockGraphs":[],"customGraphs":[],"default":{"data":{"Article":[],"Course":[],"Dataset":[],"FAQPage":[],"Movie":[],"Person":[],"Product":[],"ProductReview":[],"Car":[],"Recipe":[],"Service":[],"SoftwareApplication":[],"WebPage":[]},"graphName":"","isEnabled":true},"graphs":[],"defaultGraph":"","defaultPostTypeGraph":""},"schema_type":null,"schema_type_options":null,"pillar_content":false,"robots_default":true,"robots_noindex":false,"robots_noarchive":false,"robots_nosnippet":false,"robots_nofollow":false,"robots_noimageindex":false,"robots_noodp":false,"robots_notranslate":false,"robots_max_snippet":null,"robots_max_videopreview":null,"robots_max_imagepreview":"large","priority":null,"frequency":null,"local_seo":null,"seo_analyzer_scan_date":"2025-12-05 09:46:08","breadcrumb_settings":null,"limit_modified_date":false,"open_ai":null,"ai":null,"created":"2020-12-21 13:03:37","updated":"2025-12-05 09:46:08","focus_keyword":null,"additional_keywords":null,"truseo_locale":null},"aioseo_breadcrumb":"<div class=\"aioseo-breadcrumbs\"><span class=\"aioseo-breadcrumb\">\n\t<a href=\"https:\/\/www.eldigitaldeasturias.com\/noticias\" title=\"Home\">Home<\/a>\n<\/span><span class=\"aioseo-breadcrumb-separator\">\u2013<\/span><span class=\"aioseo-breadcrumb\">\n\t<a href=\"https:\/\/www.eldigitaldeasturias.com\/noticias\/category\/actualidad\/\" title=\"Actualidad\">Actualidad<\/a>\n<\/span><span class=\"aioseo-breadcrumb-separator\">\u2013<\/span><span class=\"aioseo-breadcrumb\">\n\t<a href=\"https:\/\/www.eldigitaldeasturias.com\/noticias\/andalucia-incrementa-las-prestaciones-economicas-para-las-familias-acogedoras\/\" title=\"Andaluc\u00eda incrementa las prestaciones econ\u00f3micas para las familias acogedoras\">Andaluc\u00eda incrementa las prestaciones econ\u00f3micas para las familias acogedoras<\/a>\n<\/span><\/div>","aioseo_breadcrumb_json":[{"label":"Home","link":"https:\/\/www.eldigitaldeasturias.com\/noticias"},{"label":"Actualidad","link":"https:\/\/www.eldigitaldeasturias.com\/noticias\/category\/actualidad\/"},{"label":"Andaluc\u00eda incrementa las prestaciones econ\u00f3micas para las familias acogedoras","link":"https:\/\/www.eldigitaldeasturias.com\/noticias\/andalucia-incrementa-las-prestaciones-economicas-para-las-familias-acogedoras\/"}],"_links":{"self":[{"href":"https:\/\/www.eldigitaldeasturias.com\/noticias\/wp-json\/wp\/v2\/posts\/948745","targetHints":{"allow":["GET"]}}],"collection":[{"href":"https:\/\/www.eldigitaldeasturias.com\/noticias\/wp-json\/wp\/v2\/posts"}],"about":[{"href":"https:\/\/www.eldigitaldeasturias.com\/noticias\/wp-json\/wp\/v2\/types\/post"}],"author":[{"embeddable":true,"href":"https:\/\/www.eldigitaldeasturias.com\/noticias\/wp-json\/wp\/v2\/users\/1"}],"replies":[{"embeddable":true,"href":"https:\/\/www.eldigitaldeasturias.com\/noticias\/wp-json\/wp\/v2\/comments?post=948745"}],"version-history":[{"count":0,"href":"https:\/\/www.eldigitaldeasturias.com\/noticias\/wp-json\/wp\/v2\/posts\/948745\/revisions"}],"wp:attachment":[{"href":"https:\/\/www.eldigitaldeasturias.com\/noticias\/wp-json\/wp\/v2\/media?parent=948745"}],"wp:term":[{"taxonomy":"category","embeddable":true,"href":"https:\/\/www.eldigitaldeasturias.com\/noticias\/wp-json\/wp\/v2\/categories?post=948745"},{"taxonomy":"post_tag","embeddable":true,"href":"https:\/\/www.eldigitaldeasturias.com\/noticias\/wp-json\/wp\/v2\/tags?post=948745"}],"curies":[{"name":"wp","href":"https:\/\/api.w.org\/{rel}","templated":true}]}}