{"id":948739,"date":"2017-08-04T17:57:15","date_gmt":"2017-08-04T17:57:15","guid":{"rendered":"http:\/\/www.eldigitaldeasturias.com\/noticias\/?p=948739"},"modified":"2017-08-04T17:57:15","modified_gmt":"2017-08-04T17:57:15","slug":"la-consejeria-de-salud-de-andalucia-y-la-asociacion-apice-firman-un-convenio-de-colaboracion","status":"publish","type":"post","link":"https:\/\/www.eldigitaldeasturias.com\/noticias\/la-consejeria-de-salud-de-andalucia-y-la-asociacion-apice-firman-un-convenio-de-colaboracion\/","title":{"rendered":"La Consejer\u00eda de Salud de Andaluc\u00eda y la asociaci\u00f3n \u00c1pice firman un convenio de colaboraci\u00f3n"},"content":{"rendered":"<p><img loading=\"lazy\" decoding=\"async\" class=\"alignleft size-medium wp-image-948740\" src=\"https:\/\/www.eldigitaldeasturias.com\/noticias\/wp-content\/uploads\/2017\/08\/1501759517291-360x240.jpg\" alt=\"\" width=\"360\" height=\"240\" \/>La Consejer\u00eda de Salud y la Asociaci\u00f3n Andaluza de Epilepsia \u2013\u00c1pice- colaborar\u00e1n para mejorar la salud de las personas que viven con epilepsia, una enfermedad cr\u00f3nica de car\u00e1cter neurol\u00f3gico, que afecta a personas de todas las edades aunque se incrementa en mayores de 65 a\u00f1os. Para ello, la consejera de Salud, Marina \u00c1lvarez, y la presidenta de la Asociaci\u00f3n \u00c1pice, Rosario Cantera, han rubricado en Sevilla un convenio para el desarrollo conjunto de una estrategia de &#8216;Actuaci\u00f3n, Estudio e Investigaci\u00f3n frente a la enfermedad de epilepsia&#8217;, y que se dirige espec\u00edficamente a mejorar el diagn\u00f3stico precoz y la atenci\u00f3n integral en Andaluc\u00eda de las personas con esta enfermedad, as\u00ed como de las personas cuidadoras, en el marco de la &#8216;Estrategia de atenci\u00f3n a la cronicidad y del Plan Andaluz de Atenci\u00f3n a las Personas con Enfermedades Cr\u00f3nicas&#8217;.<\/p>\n<p>La responsable de la sanidad p\u00fablica andaluza ha expresado que la firma de este convenio, que tendr\u00e1 una vigencia inicial de cuatro a\u00f1os prorrogables, pone de manifiesto \u00abel compromiso de la comunidad andaluza con el trabajo colaborativo que venimos desarrollando con \u00c1pice para una atenci\u00f3n integral y de calidad a las personas que viven con epilepsia en Andaluc\u00eda\u00bb. Adem\u00e1s, se da respuesta al respaldo que el Parlamento de Andaluc\u00eda ha otorgado a esta labor conjunta, concretado en la Proposici\u00f3n no de Ley aprobada en diciembre de 2016, en la que se insta a establecer un marco de colaboraci\u00f3n estable con la Asociaci\u00f3n Andaluza de Epilepsia.<\/p>\n<p>Por otra parte, Marina \u00c1lvarez ha resaltado que este convenio continuar\u00e1 impulsando estrategias de sensibilizaci\u00f3n para visibilizar la enfermedad y as\u00ed evitar estigmas y discriminaci\u00f3n; la investigaci\u00f3n cient\u00edfica en este \u00e1mbito; y un marco de colaboraci\u00f3n estable con la Asociaci\u00f3n Andaluza de Epilepsia para desarrollar actuaciones dirigidas a estos fines.<\/p>\n<p>Marina \u00c1lvarez ha tenido palabras de agradecimiento y de reconocimiento hacia la Asociaci\u00f3n \u00c1pice por \u00abla importante labor que viene realizando desde su nacimiento\u00bb y ha resaltado su trayectoria de atenci\u00f3n a este colectivo y en defensa para la integraci\u00f3n social de todas las personas con epilepsia, prestando ayuda a los afectados y familiares, promoviendo el conocimiento, la aceptaci\u00f3n, la igualdad de oportunidades y la inclusi\u00f3n social, en colaboraci\u00f3n con profesionales y asociaciones.<\/p>\n<p>Durante su intervenci\u00f3n, Marina \u00c1lvarez ha querido destacar tambi\u00e9n la labor de la Unidad de Referencia para el Sistema Nacional de Salud en la t\u00e9cnica de cirug\u00eda de la epilepsia refractaria, ubicada en el Hospital Virgen de las Nieves de Granada. En esta unidad de la sanidad p\u00fablica andaluza trabajan, de manera integrada, especialistas en Neurolog\u00eda, Neurocirug\u00eda y Neurofisiolog\u00eda, \u00abpara prestar la mejor atenci\u00f3n, con la mejor evidencia cient\u00edfica disponible a las personas con epilepsia refractaria a la medicaci\u00f3n\u00bb.<\/p>\n<p>Finalmente, ha puesto en valor que, en las \u00faltimas d\u00e9cadas y trabajando conjuntamente, se ha avanzado en diagn\u00f3stico, tratamiento y ayuda mutua, al tiempo que ha reconocido que \u00abse debe seguir avanzando y este convenio es el instrumento que lo va a posibilitar\u00bb.<\/p>\n<p><strong>Objetivos del acuerdo<\/strong><\/p>\n<p>Con la firma del acuerdo, se pretende lograr diferentes objetivos como son establecer una estrategia de informaci\u00f3n y de formaci\u00f3n entre los profesionales del \u00e1mbito sanitario y asociativo para facilitar un diagn\u00f3stico precoz de esta enfermedad.<\/p>\n<p>Adem\u00e1s, se plantea ofrecer una atenci\u00f3n integral a personas afectadas por epilepsia en el marco de la atenci\u00f3n a la cronicidad y de la estrategia andaluza de atenci\u00f3n a las personas con enfermedades cr\u00f3nicas.<\/p>\n<p>Por otra parte, el convenio promover\u00e1 e impulsar\u00e1 l\u00edneas de investigaci\u00f3n en el \u00e1mbito de esta enfermedad y fomentar\u00e1 el conocimiento social de la misma en orden a lograr una mayor sensibilizaci\u00f3n, con el fin de evitar el aislamiento de estos enfermos y de las personas cuidadoras, ya que \u00abuno de los problemas m\u00e1s importantes que se presentan ante el diagn\u00f3stico de la epilepsia es la discriminaci\u00f3n y la estigmatizaci\u00f3n social que rodea esta enfermedad, como consecuencia de la falta de informaci\u00f3n y los estereotipos\u00bb, ha asegurado \u00c1lvarez.<\/p>\n<p>En esta l\u00ednea, el acuerdo se propone tambi\u00e9n dar un impulso y favorecer las relaciones y apoyo mutuo entre el movimiento asociativo y los servicios sanitarios, \u00abcomo elementos clave para el soporte de las personas afectadas y sus familias\u00bb.<\/p>\n<p>Para el cumplimiento de las actuaciones que se acuerden en este marco, la Consejer\u00eda de Salud se compromete a que los distintos programas, actuaciones y medidas que se incluyan en las propuestas de actuaciones conjuntas cuenten con la financiaci\u00f3n adecuada as\u00ed como a realizar la supervisi\u00f3n de su calidad cient\u00edfico-t\u00e9cnica.<\/p>\n<p>Por su parte, la Asociaci\u00f3n \u00c1pice se compromete a consolidar e impulsar el movimiento y el tejido asociativo, as\u00ed como la calidad de sus servicios, manteniendo actualizado el Censo de Asociaciones de Familiares y facilitando el intercambio de informaci\u00f3n entre ellas. Adem\u00e1s, la Asociaci\u00f3n colaborar\u00e1 en la planificaci\u00f3n de las actividades que se pacten y se encargar\u00e1 de la ejecuci\u00f3n de las mismas, apoy\u00e1ndose y coordin\u00e1ndose con los servicios p\u00fablicos que la prestan.<\/p>\n<p>&nbsp;<\/p>\n","protected":false},"excerpt":{"rendered":"<p>La Consejer\u00eda de Salud y la Asociaci\u00f3n Andaluza de Epilepsia \u2013\u00c1pice- colaborar\u00e1n para mejorar la salud de las personas que viven con epilepsia, una enfermedad cr\u00f3nica de car\u00e1cter neurol\u00f3gico, que afecta a personas de todas las edades aunque se incrementa en mayores de 65 a\u00f1os. Para ello, la consejera de Salud, Marina \u00c1lvarez, y la [&hellip;]<\/p>\n","protected":false},"author":1,"featured_media":948740,"comment_status":"closed","ping_status":"closed","sticky":false,"template":"","format":"standard","meta":{"footnotes":""},"categories":[1],"tags":[],"class_list":["post-948739","post","type-post","status-publish","format-standard","has-post-thumbnail","hentry","category-actualidad"],"aioseo_notices":[],"aioseo_head":"\n\t\t<!-- All in One SEO Pro 5.0.1 - aioseo.com -->\n\t<meta name=\"description\" content=\"La Consejer\u00eda de Salud y la Asociaci\u00f3n Andaluza de Epilepsia \u2013\u00c1pice- colaborar\u00e1n para mejorar la salud de las personas que viven con epilepsia, una enfermedad cr\u00f3nica de car\u00e1cter neurol\u00f3gico, que afecta a personas de todas las edades aunque se incrementa en mayores de 65 a\u00f1os. Para ello, la consejera de Salud, Marina \u00c1lvarez, y la\" \/>\n\t<meta name=\"robots\" content=\"max-image-preview:large\" \/>\n\t<meta name=\"author\" content=\"El Digital de Asturias\"\/>\n\t<meta name=\"google-site-verification\" content=\"UA-38556648-1\" \/>\n\t<meta name=\"msvalidate.01\" content=\"7dfe9f3f1b24437ab69f4f2559babe99\" \/>\n\t<meta name=\"keywords\" content=\"actualidad\" \/>\n\t<link rel=\"canonical\" href=\"https:\/\/www.eldigitaldeasturias.com\/noticias\/la-consejeria-de-salud-de-andalucia-y-la-asociacion-apice-firman-un-convenio-de-colaboracion\/\" \/>\n\t<meta name=\"generator\" content=\"All in One SEO Pro (AIOSEO) 5.0.1\" \/>\n\t\t<meta property=\"og:locale\" content=\"es_ES\" \/>\n\t\t<meta property=\"og:site_name\" content=\"El Digital de Asturias\" \/>\n\t\t<meta property=\"og:type\" content=\"article\" \/>\n\t\t<meta property=\"og:title\" content=\"La Consejer\u00eda de Salud de Andaluc\u00eda y la asociaci\u00f3n \u00c1pice firman un convenio de colaboraci\u00f3n - El Digital de Asturias\" \/>\n\t\t<meta property=\"og:description\" content=\"La Consejer\u00eda de Salud y la Asociaci\u00f3n Andaluza de Epilepsia \u2013\u00c1pice- colaborar\u00e1n para mejorar la salud de las personas que viven con epilepsia, una enfermedad cr\u00f3nica de car\u00e1cter neurol\u00f3gico, que afecta a personas de todas las edades aunque se incrementa en mayores de 65 a\u00f1os. Para ello, la consejera de Salud, Marina \u00c1lvarez, y la\" \/>\n\t\t<meta property=\"og:url\" content=\"https:\/\/www.eldigitaldeasturias.com\/noticias\/la-consejeria-de-salud-de-andalucia-y-la-asociacion-apice-firman-un-convenio-de-colaboracion\/\" \/>\n\t\t<meta property=\"article:tag\" content=\"actualidad\" \/>\n\t\t<meta property=\"article:published_time\" content=\"2017-08-04T17:57:15+00:00\" \/>\n\t\t<meta property=\"article:modified_time\" content=\"2017-08-04T17:57:15+00:00\" \/>\n\t\t<meta property=\"article:publisher\" content=\"https:\/\/facebook.com\/eldigitaldeasturias\" \/>\n\t\t<meta name=\"twitter:card\" content=\"summary_large_image\" \/>\n\t\t<meta name=\"twitter:title\" content=\"La Consejer\u00eda de Salud de Andaluc\u00eda y la asociaci\u00f3n \u00c1pice firman un convenio de colaboraci\u00f3n - El Digital de Asturias\" \/>\n\t\t<meta name=\"twitter:description\" content=\"La Consejer\u00eda de Salud y la Asociaci\u00f3n Andaluza de Epilepsia \u2013\u00c1pice- colaborar\u00e1n para mejorar la salud de las personas que viven con epilepsia, una enfermedad cr\u00f3nica de car\u00e1cter neurol\u00f3gico, que afecta a personas de todas las edades aunque se incrementa en mayores de 65 a\u00f1os. Para ello, la consejera de Salud, Marina \u00c1lvarez, y la\" \/>\n\t\t<meta name=\"twitter:image\" content=\"https:\/\/www.eldigitaldeasturias.com\/noticias\/wp-content\/uploads\/2020\/12\/EDA-1.jpg\" \/>\n\t\t<meta name=\"twitter:label1\" content=\"Escrito por\" \/>\n\t\t<meta name=\"twitter:data1\" content=\"El Digital de Asturias\" \/>\n\t\t<meta name=\"twitter:label2\" content=\"Tiempo de lectura estimado\" \/>\n\t\t<meta name=\"twitter:data2\" content=\"4 minutos\" \/>\n\t\t<script type=\"application\/ld+json\" class=\"aioseo-schema\">\n\t\t\t{\"@context\":\"https:\\\/\\\/schema.org\",\"@graph\":[{\"@type\":\"BlogPosting\",\"@id\":\"https:\\\/\\\/www.eldigitaldeasturias.com\\\/noticias\\\/la-consejeria-de-salud-de-andalucia-y-la-asociacion-apice-firman-un-convenio-de-colaboracion\\\/#blogposting\",\"name\":\"La Consejer\\u00eda de Salud de Andaluc\\u00eda y la asociaci\\u00f3n \\u00c1pice firman un convenio de colaboraci\\u00f3n - El Digital de Asturias\",\"headline\":\"La Consejer\\u00eda de Salud de Andaluc\\u00eda y la asociaci\\u00f3n \\u00c1pice firman un convenio de colaboraci\\u00f3n\",\"author\":{\"@id\":\"https:\\\/\\\/www.eldigitaldeasturias.com\\\/noticias\\\/author\\\/admin\\\/#author\"},\"publisher\":{\"@id\":\"https:\\\/\\\/www.eldigitaldeasturias.com\\\/noticias\\\/#organization\"},\"image\":{\"@type\":\"ImageObject\",\"url\":948740},\"datePublished\":\"2017-08-04T17:57:15+02:00\",\"dateModified\":\"2017-08-04T17:57:15+02:00\",\"inLanguage\":\"es-ES\",\"mainEntityOfPage\":{\"@id\":\"https:\\\/\\\/www.eldigitaldeasturias.com\\\/noticias\\\/la-consejeria-de-salud-de-andalucia-y-la-asociacion-apice-firman-un-convenio-de-colaboracion\\\/#webpage\"},\"isPartOf\":{\"@id\":\"https:\\\/\\\/www.eldigitaldeasturias.com\\\/noticias\\\/la-consejeria-de-salud-de-andalucia-y-la-asociacion-apice-firman-un-convenio-de-colaboracion\\\/#webpage\"},\"articleSection\":\"Actualidad\"},{\"@type\":\"BreadcrumbList\",\"@id\":\"https:\\\/\\\/www.eldigitaldeasturias.com\\\/noticias\\\/la-consejeria-de-salud-de-andalucia-y-la-asociacion-apice-firman-un-convenio-de-colaboracion\\\/#breadcrumblist\",\"itemListElement\":[{\"@type\":\"ListItem\",\"@id\":\"https:\\\/\\\/www.eldigitaldeasturias.com\\\/noticias#listItem\",\"position\":1,\"name\":\"Home\",\"item\":\"https:\\\/\\\/www.eldigitaldeasturias.com\\\/noticias\",\"nextItem\":{\"@type\":\"ListItem\",\"@id\":\"https:\\\/\\\/www.eldigitaldeasturias.com\\\/noticias\\\/category\\\/actualidad\\\/#listItem\",\"name\":\"Actualidad\"}},{\"@type\":\"ListItem\",\"@id\":\"https:\\\/\\\/www.eldigitaldeasturias.com\\\/noticias\\\/category\\\/actualidad\\\/#listItem\",\"position\":2,\"name\":\"Actualidad\",\"item\":\"https:\\\/\\\/www.eldigitaldeasturias.com\\\/noticias\\\/category\\\/actualidad\\\/\",\"nextItem\":{\"@type\":\"ListItem\",\"@id\":\"https:\\\/\\\/www.eldigitaldeasturias.com\\\/noticias\\\/la-consejeria-de-salud-de-andalucia-y-la-asociacion-apice-firman-un-convenio-de-colaboracion\\\/#listItem\",\"name\":\"La Consejer\\u00eda de Salud de Andaluc\\u00eda y la asociaci\\u00f3n \\u00c1pice firman un convenio de colaboraci\\u00f3n\"},\"previousItem\":{\"@type\":\"ListItem\",\"@id\":\"https:\\\/\\\/www.eldigitaldeasturias.com\\\/noticias#listItem\",\"name\":\"Home\"}},{\"@type\":\"ListItem\",\"@id\":\"https:\\\/\\\/www.eldigitaldeasturias.com\\\/noticias\\\/la-consejeria-de-salud-de-andalucia-y-la-asociacion-apice-firman-un-convenio-de-colaboracion\\\/#listItem\",\"position\":3,\"name\":\"La Consejer\\u00eda de Salud de Andaluc\\u00eda y la asociaci\\u00f3n \\u00c1pice firman un convenio de colaboraci\\u00f3n\",\"previousItem\":{\"@type\":\"ListItem\",\"@id\":\"https:\\\/\\\/www.eldigitaldeasturias.com\\\/noticias\\\/category\\\/actualidad\\\/#listItem\",\"name\":\"Actualidad\"}}]},{\"@type\":\"Organization\",\"@id\":\"https:\\\/\\\/www.eldigitaldeasturias.com\\\/noticias\\\/#organization\",\"name\":\"El Digital de Asturias\",\"description\":\"Hemeroteca\",\"url\":\"https:\\\/\\\/www.eldigitaldeasturias.com\\\/noticias\\\/\",\"email\":\"info@eldigitaldeasturias.com\",\"telephone\":\"+34652131393\",\"logo\":{\"@type\":\"ImageObject\",\"url\":\"https:\\\/\\\/www.eldigitaldeasturias.com\\\/noticias\\\/wp-content\\\/uploads\\\/2020\\\/12\\\/EDA.jpg\",\"@id\":\"https:\\\/\\\/www.eldigitaldeasturias.com\\\/noticias\\\/la-consejeria-de-salud-de-andalucia-y-la-asociacion-apice-firman-un-convenio-de-colaboracion\\\/#organizationLogo\"},\"image\":{\"@id\":\"https:\\\/\\\/www.eldigitaldeasturias.com\\\/noticias\\\/la-consejeria-de-salud-de-andalucia-y-la-asociacion-apice-firman-un-convenio-de-colaboracion\\\/#organizationLogo\"},\"sameAs\":[\"https:\\\/\\\/facebook.com\\\/eldigitaldeasturias\",\"https:\\\/\\\/www.youtube.com\\\/channel\\\/UCZP-2wLEB9Rv6erhFmqVnvg\"],\"address\":{\"@id\":\"https:\\\/\\\/www.eldigitaldeasturias.com\\\/noticias\\\/#postaladdress\",\"@type\":\"PostalAddress\",\"streetAddress\":\"san antonio 4\",\"postalCode\":\"33430\",\"addressLocality\":\"Cand\\u00e1s\",\"addressRegion\":\"Asturias\",\"addressCountry\":\"ES\"}},{\"@type\":\"Person\",\"@id\":\"https:\\\/\\\/www.eldigitaldeasturias.com\\\/noticias\\\/author\\\/admin\\\/#author\",\"url\":\"https:\\\/\\\/www.eldigitaldeasturias.com\\\/noticias\\\/author\\\/admin\\\/\",\"name\":\"El Digital de Asturias\",\"image\":{\"@type\":\"ImageObject\",\"@id\":\"https:\\\/\\\/www.eldigitaldeasturias.com\\\/noticias\\\/la-consejeria-de-salud-de-andalucia-y-la-asociacion-apice-firman-un-convenio-de-colaboracion\\\/#authorImage\",\"url\":\"https:\\\/\\\/secure.gravatar.com\\\/avatar\\\/df2aeffc32bcd13f8d26072ef8a91b623d677766deac7f97ca815868cd41bf5e?s=96&d=mm&r=g\",\"width\":96,\"height\":96,\"caption\":\"El Digital de Asturias\"}},{\"@type\":\"WebPage\",\"@id\":\"https:\\\/\\\/www.eldigitaldeasturias.com\\\/noticias\\\/la-consejeria-de-salud-de-andalucia-y-la-asociacion-apice-firman-un-convenio-de-colaboracion\\\/#webpage\",\"url\":\"https:\\\/\\\/www.eldigitaldeasturias.com\\\/noticias\\\/la-consejeria-de-salud-de-andalucia-y-la-asociacion-apice-firman-un-convenio-de-colaboracion\\\/\",\"name\":\"La Consejer\\u00eda de Salud de Andaluc\\u00eda y la asociaci\\u00f3n \\u00c1pice firman un convenio de colaboraci\\u00f3n - El Digital de Asturias\",\"description\":\"La Consejer\\u00eda de Salud y la Asociaci\\u00f3n Andaluza de Epilepsia \\u2013\\u00c1pice- colaborar\\u00e1n para mejorar la salud de las personas que viven con epilepsia, una enfermedad cr\\u00f3nica de car\\u00e1cter neurol\\u00f3gico, que afecta a personas de todas las edades aunque se incrementa en mayores de 65 a\\u00f1os. Para ello, la consejera de Salud, Marina \\u00c1lvarez, y la\",\"inLanguage\":\"es-ES\",\"isPartOf\":{\"@id\":\"https:\\\/\\\/www.eldigitaldeasturias.com\\\/noticias\\\/#website\"},\"breadcrumb\":{\"@id\":\"https:\\\/\\\/www.eldigitaldeasturias.com\\\/noticias\\\/la-consejeria-de-salud-de-andalucia-y-la-asociacion-apice-firman-un-convenio-de-colaboracion\\\/#breadcrumblist\"},\"author\":{\"@id\":\"https:\\\/\\\/www.eldigitaldeasturias.com\\\/noticias\\\/author\\\/admin\\\/#author\"},\"creator\":{\"@id\":\"https:\\\/\\\/www.eldigitaldeasturias.com\\\/noticias\\\/author\\\/admin\\\/#author\"},\"image\":{\"@type\":\"ImageObject\",\"url\":948740,\"@id\":\"https:\\\/\\\/www.eldigitaldeasturias.com\\\/noticias\\\/la-consejeria-de-salud-de-andalucia-y-la-asociacion-apice-firman-un-convenio-de-colaboracion\\\/#mainImage\"},\"primaryImageOfPage\":{\"@id\":\"https:\\\/\\\/www.eldigitaldeasturias.com\\\/noticias\\\/la-consejeria-de-salud-de-andalucia-y-la-asociacion-apice-firman-un-convenio-de-colaboracion\\\/#mainImage\"},\"datePublished\":\"2017-08-04T17:57:15+02:00\",\"dateModified\":\"2017-08-04T17:57:15+02:00\"},{\"@type\":\"WebSite\",\"@id\":\"https:\\\/\\\/www.eldigitaldeasturias.com\\\/noticias\\\/#website\",\"url\":\"https:\\\/\\\/www.eldigitaldeasturias.com\\\/noticias\\\/\",\"name\":\"El Digital de Asturias - Diario de actualidad y noticias\",\"alternateName\":\"El Digital de Asturias - Diario de actualidad y noticias\",\"description\":\"Hemeroteca\",\"inLanguage\":\"es-ES\",\"publisher\":{\"@id\":\"https:\\\/\\\/www.eldigitaldeasturias.com\\\/noticias\\\/#organization\"}}]}\n\t\t<\/script>\n\t\t<!-- All in One SEO Pro -->\r\n\t\t<title>La Consejer\u00eda de Salud de Andaluc\u00eda y la asociaci\u00f3n \u00c1pice firman un convenio de colaboraci\u00f3n - El Digital de Asturias<\/title>\n\n","aioseo_head_json":{"title":"La Consejer\u00eda de Salud de Andaluc\u00eda y la asociaci\u00f3n \u00c1pice firman un convenio de colaboraci\u00f3n - El Digital de Asturias","description":"La Consejer\u00eda de Salud y la Asociaci\u00f3n Andaluza de Epilepsia \u2013\u00c1pice- colaborar\u00e1n para mejorar la salud de las personas que viven con epilepsia, una enfermedad cr\u00f3nica de car\u00e1cter neurol\u00f3gico, que afecta a personas de todas las edades aunque se incrementa en mayores de 65 a\u00f1os. Para ello, la consejera de Salud, Marina \u00c1lvarez, y la","canonical_url":"https:\/\/www.eldigitaldeasturias.com\/noticias\/la-consejeria-de-salud-de-andalucia-y-la-asociacion-apice-firman-un-convenio-de-colaboracion\/","robots":"max-image-preview:large","keywords":"actualidad","webmasterTools":{"google-site-verification":"UA-38556648-1","msvalidate.01":"7dfe9f3f1b24437ab69f4f2559babe99","miscellaneous":""},"schema":{"@context":"https:\/\/schema.org","@graph":[{"@type":"BlogPosting","@id":"https:\/\/www.eldigitaldeasturias.com\/noticias\/la-consejeria-de-salud-de-andalucia-y-la-asociacion-apice-firman-un-convenio-de-colaboracion\/#blogposting","name":"La Consejer\u00eda de Salud de Andaluc\u00eda y la asociaci\u00f3n \u00c1pice firman un convenio de colaboraci\u00f3n - El Digital de Asturias","headline":"La Consejer\u00eda de Salud de Andaluc\u00eda y la asociaci\u00f3n \u00c1pice firman un convenio de colaboraci\u00f3n","author":{"@id":"https:\/\/www.eldigitaldeasturias.com\/noticias\/author\/admin\/#author"},"publisher":{"@id":"https:\/\/www.eldigitaldeasturias.com\/noticias\/#organization"},"image":{"@type":"ImageObject","url":948740},"datePublished":"2017-08-04T17:57:15+02:00","dateModified":"2017-08-04T17:57:15+02:00","inLanguage":"es-ES","mainEntityOfPage":{"@id":"https:\/\/www.eldigitaldeasturias.com\/noticias\/la-consejeria-de-salud-de-andalucia-y-la-asociacion-apice-firman-un-convenio-de-colaboracion\/#webpage"},"isPartOf":{"@id":"https:\/\/www.eldigitaldeasturias.com\/noticias\/la-consejeria-de-salud-de-andalucia-y-la-asociacion-apice-firman-un-convenio-de-colaboracion\/#webpage"},"articleSection":"Actualidad"},{"@type":"BreadcrumbList","@id":"https:\/\/www.eldigitaldeasturias.com\/noticias\/la-consejeria-de-salud-de-andalucia-y-la-asociacion-apice-firman-un-convenio-de-colaboracion\/#breadcrumblist","itemListElement":[{"@type":"ListItem","@id":"https:\/\/www.eldigitaldeasturias.com\/noticias#listItem","position":1,"name":"Home","item":"https:\/\/www.eldigitaldeasturias.com\/noticias","nextItem":{"@type":"ListItem","@id":"https:\/\/www.eldigitaldeasturias.com\/noticias\/category\/actualidad\/#listItem","name":"Actualidad"}},{"@type":"ListItem","@id":"https:\/\/www.eldigitaldeasturias.com\/noticias\/category\/actualidad\/#listItem","position":2,"name":"Actualidad","item":"https:\/\/www.eldigitaldeasturias.com\/noticias\/category\/actualidad\/","nextItem":{"@type":"ListItem","@id":"https:\/\/www.eldigitaldeasturias.com\/noticias\/la-consejeria-de-salud-de-andalucia-y-la-asociacion-apice-firman-un-convenio-de-colaboracion\/#listItem","name":"La Consejer\u00eda de Salud de Andaluc\u00eda y la asociaci\u00f3n \u00c1pice firman un convenio de colaboraci\u00f3n"},"previousItem":{"@type":"ListItem","@id":"https:\/\/www.eldigitaldeasturias.com\/noticias#listItem","name":"Home"}},{"@type":"ListItem","@id":"https:\/\/www.eldigitaldeasturias.com\/noticias\/la-consejeria-de-salud-de-andalucia-y-la-asociacion-apice-firman-un-convenio-de-colaboracion\/#listItem","position":3,"name":"La Consejer\u00eda de Salud de Andaluc\u00eda y la asociaci\u00f3n \u00c1pice firman un convenio de colaboraci\u00f3n","previousItem":{"@type":"ListItem","@id":"https:\/\/www.eldigitaldeasturias.com\/noticias\/category\/actualidad\/#listItem","name":"Actualidad"}}]},{"@type":"Organization","@id":"https:\/\/www.eldigitaldeasturias.com\/noticias\/#organization","name":"El Digital de Asturias","description":"Hemeroteca","url":"https:\/\/www.eldigitaldeasturias.com\/noticias\/","email":"info@eldigitaldeasturias.com","telephone":"+34652131393","logo":{"@type":"ImageObject","url":"https:\/\/www.eldigitaldeasturias.com\/noticias\/wp-content\/uploads\/2020\/12\/EDA.jpg","@id":"https:\/\/www.eldigitaldeasturias.com\/noticias\/la-consejeria-de-salud-de-andalucia-y-la-asociacion-apice-firman-un-convenio-de-colaboracion\/#organizationLogo"},"image":{"@id":"https:\/\/www.eldigitaldeasturias.com\/noticias\/la-consejeria-de-salud-de-andalucia-y-la-asociacion-apice-firman-un-convenio-de-colaboracion\/#organizationLogo"},"sameAs":["https:\/\/facebook.com\/eldigitaldeasturias","https:\/\/www.youtube.com\/channel\/UCZP-2wLEB9Rv6erhFmqVnvg"],"address":{"@id":"https:\/\/www.eldigitaldeasturias.com\/noticias\/#postaladdress","@type":"PostalAddress","streetAddress":"san antonio 4","postalCode":"33430","addressLocality":"Cand\u00e1s","addressRegion":"Asturias","addressCountry":"ES"}},{"@type":"Person","@id":"https:\/\/www.eldigitaldeasturias.com\/noticias\/author\/admin\/#author","url":"https:\/\/www.eldigitaldeasturias.com\/noticias\/author\/admin\/","name":"El Digital de Asturias","image":{"@type":"ImageObject","@id":"https:\/\/www.eldigitaldeasturias.com\/noticias\/la-consejeria-de-salud-de-andalucia-y-la-asociacion-apice-firman-un-convenio-de-colaboracion\/#authorImage","url":"https:\/\/secure.gravatar.com\/avatar\/df2aeffc32bcd13f8d26072ef8a91b623d677766deac7f97ca815868cd41bf5e?s=96&d=mm&r=g","width":96,"height":96,"caption":"El Digital de Asturias"}},{"@type":"WebPage","@id":"https:\/\/www.eldigitaldeasturias.com\/noticias\/la-consejeria-de-salud-de-andalucia-y-la-asociacion-apice-firman-un-convenio-de-colaboracion\/#webpage","url":"https:\/\/www.eldigitaldeasturias.com\/noticias\/la-consejeria-de-salud-de-andalucia-y-la-asociacion-apice-firman-un-convenio-de-colaboracion\/","name":"La Consejer\u00eda de Salud de Andaluc\u00eda y la asociaci\u00f3n \u00c1pice firman un convenio de colaboraci\u00f3n - El Digital de Asturias","description":"La Consejer\u00eda de Salud y la Asociaci\u00f3n Andaluza de Epilepsia \u2013\u00c1pice- colaborar\u00e1n para mejorar la salud de las personas que viven con epilepsia, una enfermedad cr\u00f3nica de car\u00e1cter neurol\u00f3gico, que afecta a personas de todas las edades aunque se incrementa en mayores de 65 a\u00f1os. Para ello, la consejera de Salud, Marina \u00c1lvarez, y la","inLanguage":"es-ES","isPartOf":{"@id":"https:\/\/www.eldigitaldeasturias.com\/noticias\/#website"},"breadcrumb":{"@id":"https:\/\/www.eldigitaldeasturias.com\/noticias\/la-consejeria-de-salud-de-andalucia-y-la-asociacion-apice-firman-un-convenio-de-colaboracion\/#breadcrumblist"},"author":{"@id":"https:\/\/www.eldigitaldeasturias.com\/noticias\/author\/admin\/#author"},"creator":{"@id":"https:\/\/www.eldigitaldeasturias.com\/noticias\/author\/admin\/#author"},"image":{"@type":"ImageObject","url":948740,"@id":"https:\/\/www.eldigitaldeasturias.com\/noticias\/la-consejeria-de-salud-de-andalucia-y-la-asociacion-apice-firman-un-convenio-de-colaboracion\/#mainImage"},"primaryImageOfPage":{"@id":"https:\/\/www.eldigitaldeasturias.com\/noticias\/la-consejeria-de-salud-de-andalucia-y-la-asociacion-apice-firman-un-convenio-de-colaboracion\/#mainImage"},"datePublished":"2017-08-04T17:57:15+02:00","dateModified":"2017-08-04T17:57:15+02:00"},{"@type":"WebSite","@id":"https:\/\/www.eldigitaldeasturias.com\/noticias\/#website","url":"https:\/\/www.eldigitaldeasturias.com\/noticias\/","name":"El Digital de Asturias - Diario de actualidad y noticias","alternateName":"El Digital de Asturias - Diario de actualidad y noticias","description":"Hemeroteca","inLanguage":"es-ES","publisher":{"@id":"https:\/\/www.eldigitaldeasturias.com\/noticias\/#organization"}}]},"og:locale":"es_ES","og:site_name":"El Digital de Asturias","og:type":"article","og:title":"La Consejer\u00eda de Salud de Andaluc\u00eda y la asociaci\u00f3n \u00c1pice firman un convenio de colaboraci\u00f3n - El Digital de Asturias","og:description":"La Consejer\u00eda de Salud y la Asociaci\u00f3n Andaluza de Epilepsia \u2013\u00c1pice- colaborar\u00e1n para mejorar la salud de las personas que viven con epilepsia, una enfermedad cr\u00f3nica de car\u00e1cter neurol\u00f3gico, que afecta a personas de todas las edades aunque se incrementa en mayores de 65 a\u00f1os. Para ello, la consejera de Salud, Marina \u00c1lvarez, y la","og:url":"https:\/\/www.eldigitaldeasturias.com\/noticias\/la-consejeria-de-salud-de-andalucia-y-la-asociacion-apice-firman-un-convenio-de-colaboracion\/","article:tag":["actualidad"],"article:published_time":"2017-08-04T17:57:15+00:00","article:modified_time":"2017-08-04T17:57:15+00:00","article:publisher":"https:\/\/facebook.com\/eldigitaldeasturias","twitter:card":"summary_large_image","twitter:title":"La Consejer\u00eda de Salud de Andaluc\u00eda y la asociaci\u00f3n \u00c1pice firman un convenio de colaboraci\u00f3n - El Digital de Asturias","twitter:description":"La Consejer\u00eda de Salud y la Asociaci\u00f3n Andaluza de Epilepsia \u2013\u00c1pice- colaborar\u00e1n para mejorar la salud de las personas que viven con epilepsia, una enfermedad cr\u00f3nica de car\u00e1cter neurol\u00f3gico, que afecta a personas de todas las edades aunque se incrementa en mayores de 65 a\u00f1os. Para ello, la consejera de Salud, Marina \u00c1lvarez, y la","twitter:image":"https:\/\/www.eldigitaldeasturias.com\/noticias\/wp-content\/uploads\/2020\/12\/EDA-1.jpg","twitter:label1":"Escrito por","twitter:data1":"El Digital de Asturias","twitter:label2":"Tiempo de lectura estimado","twitter:data2":"4 minutos"},"aioseo_meta_data":{"post_id":"948739","title":null,"description":null,"keywords":null,"keyphrases":null,"primary_term":null,"canonical_url":null,"og_title":null,"og_description":null,"og_object_type":"default","og_image_type":"default","og_image_url":null,"og_image_width":null,"og_image_height":null,"og_image_custom_url":null,"og_image_custom_fields":null,"og_video":null,"og_custom_url":null,"og_article_section":null,"og_article_tags":null,"twitter_use_og":false,"twitter_card":"default","twitter_image_type":"default","twitter_image_url":null,"twitter_image_custom_url":null,"twitter_image_custom_fields":null,"twitter_title":null,"twitter_description":null,"schema":{"blockGraphs":[],"customGraphs":[],"default":{"data":{"Article":[],"Course":[],"Dataset":[],"FAQPage":[],"Movie":[],"Person":[],"Product":[],"ProductReview":[],"Car":[],"Recipe":[],"Service":[],"SoftwareApplication":[],"WebPage":[]},"graphName":"","isEnabled":true},"graphs":[],"defaultGraph":"","defaultPostTypeGraph":""},"schema_type":null,"schema_type_options":null,"pillar_content":false,"robots_default":true,"robots_noindex":false,"robots_noarchive":false,"robots_nosnippet":false,"robots_nofollow":false,"robots_noimageindex":false,"robots_noodp":false,"robots_notranslate":false,"robots_max_snippet":null,"robots_max_videopreview":null,"robots_max_imagepreview":"large","priority":null,"frequency":null,"local_seo":null,"seo_analyzer_scan_date":"2025-12-05 09:46:06","breadcrumb_settings":null,"limit_modified_date":false,"open_ai":null,"ai":null,"created":"2020-12-21 13:03:37","updated":"2025-12-05 09:46:06","focus_keyword":null,"additional_keywords":null,"truseo_locale":null},"aioseo_breadcrumb":"<div class=\"aioseo-breadcrumbs\"><span class=\"aioseo-breadcrumb\">\n\t<a href=\"https:\/\/www.eldigitaldeasturias.com\/noticias\" title=\"Home\">Home<\/a>\n<\/span><span class=\"aioseo-breadcrumb-separator\">\u2013<\/span><span class=\"aioseo-breadcrumb\">\n\t<a href=\"https:\/\/www.eldigitaldeasturias.com\/noticias\/category\/actualidad\/\" title=\"Actualidad\">Actualidad<\/a>\n<\/span><span class=\"aioseo-breadcrumb-separator\">\u2013<\/span><span class=\"aioseo-breadcrumb\">\n\t<a href=\"https:\/\/www.eldigitaldeasturias.com\/noticias\/la-consejeria-de-salud-de-andalucia-y-la-asociacion-apice-firman-un-convenio-de-colaboracion\/\" title=\"La Consejer\u00eda de Salud de Andaluc\u00eda y la asociaci\u00f3n \u00c1pice firman un convenio de colaboraci\u00f3n\">La Consejer\u00eda de Salud de Andaluc\u00eda y la asociaci\u00f3n \u00c1pice firman un convenio de colaboraci\u00f3n<\/a>\n<\/span><\/div>","aioseo_breadcrumb_json":[{"label":"Home","link":"https:\/\/www.eldigitaldeasturias.com\/noticias"},{"label":"Actualidad","link":"https:\/\/www.eldigitaldeasturias.com\/noticias\/category\/actualidad\/"},{"label":"La Consejer\u00eda de Salud de Andaluc\u00eda y la asociaci\u00f3n \u00c1pice firman un convenio de colaboraci\u00f3n","link":"https:\/\/www.eldigitaldeasturias.com\/noticias\/la-consejeria-de-salud-de-andalucia-y-la-asociacion-apice-firman-un-convenio-de-colaboracion\/"}],"_links":{"self":[{"href":"https:\/\/www.eldigitaldeasturias.com\/noticias\/wp-json\/wp\/v2\/posts\/948739","targetHints":{"allow":["GET"]}}],"collection":[{"href":"https:\/\/www.eldigitaldeasturias.com\/noticias\/wp-json\/wp\/v2\/posts"}],"about":[{"href":"https:\/\/www.eldigitaldeasturias.com\/noticias\/wp-json\/wp\/v2\/types\/post"}],"author":[{"embeddable":true,"href":"https:\/\/www.eldigitaldeasturias.com\/noticias\/wp-json\/wp\/v2\/users\/1"}],"replies":[{"embeddable":true,"href":"https:\/\/www.eldigitaldeasturias.com\/noticias\/wp-json\/wp\/v2\/comments?post=948739"}],"version-history":[{"count":0,"href":"https:\/\/www.eldigitaldeasturias.com\/noticias\/wp-json\/wp\/v2\/posts\/948739\/revisions"}],"wp:attachment":[{"href":"https:\/\/www.eldigitaldeasturias.com\/noticias\/wp-json\/wp\/v2\/media?parent=948739"}],"wp:term":[{"taxonomy":"category","embeddable":true,"href":"https:\/\/www.eldigitaldeasturias.com\/noticias\/wp-json\/wp\/v2\/categories?post=948739"},{"taxonomy":"post_tag","embeddable":true,"href":"https:\/\/www.eldigitaldeasturias.com\/noticias\/wp-json\/wp\/v2\/tags?post=948739"}],"curies":[{"name":"wp","href":"https:\/\/api.w.org\/{rel}","templated":true}]}}