{"id":948734,"date":"2017-08-04T17:53:50","date_gmt":"2017-08-04T17:53:50","guid":{"rendered":"http:\/\/www.eldigitaldeasturias.com\/noticias\/?p=948734"},"modified":"2017-08-04T17:53:50","modified_gmt":"2017-08-04T17:53:50","slug":"el-gobierno-andaluz-publica-las-declaraciones-del-impuesto-de-la-renta-del-ejercicio-2016","status":"publish","type":"post","link":"https:\/\/www.eldigitaldeasturias.com\/noticias\/el-gobierno-andaluz-publica-las-declaraciones-del-impuesto-de-la-renta-del-ejercicio-2016\/","title":{"rendered":"El Gobierno andaluz publica las declaraciones del impuesto de la renta del ejercicio 2016"},"content":{"rendered":"<p>El Gobierno andaluz ha hecho p\u00fablicas las declaraciones del Impuesto de la Renta de las Personas F\u00edsicas de la presidenta de la Junta, Susana D\u00edaz, y de los consejeros y consejeras del Ejecutivo, correspondientes al ejercicio 2016, as\u00ed como del viceconsejero de la Presidencia y el secretario general de la Oficina del Portavoz. De igual forma, se pueden consultar en el Portal de la Transparencia los datos fiscales relativos a los c\u00f3nyuges y parejas de los integrantes del Ejecutivo auton\u00f3mico.<\/p>\n<p>Se trata del quinto a\u00f1o consecutivo en que el Gobierno andaluz protagoniza este ejercicio de transparencia informativa, dando cumplimiento as\u00ed al compromiso adquirido por Susana D\u00edaz al asumir su responsabilidad al frente de la Presidencia de la Junta de Andaluc\u00eda.<\/p>\n<p>Esta medida se enmarca, entre otras actuaciones puestas en marcha en la Ley de Transparencia, una norma dirigida a propiciar una Administraci\u00f3n m\u00e1s cercana que incremente la confianza de los ciudadanos en las instituciones p\u00fablicas. Es en esta l\u00ednea donde se sit\u00faa el Portal de la Transparencia de la Junta de Andaluc\u00eda, una herramienta din\u00e1mica que ofrece a la poblaci\u00f3n toda la informaci\u00f3n relativa a la Administraci\u00f3n p\u00fablica andaluza, como las declaraciones de actividades, bienes y retribuciones de responsables auton\u00f3micos.<\/p>\n","protected":false},"excerpt":{"rendered":"<p>El Gobierno andaluz ha hecho p\u00fablicas las declaraciones del Impuesto de la Renta de las Personas F\u00edsicas de la presidenta de la Junta, Susana D\u00edaz, y de los consejeros y consejeras del Ejecutivo, correspondientes al ejercicio 2016, as\u00ed como del viceconsejero de la Presidencia y el secretario general de la Oficina del Portavoz. De igual [&hellip;]<\/p>\n","protected":false},"author":1,"featured_media":780675,"comment_status":"closed","ping_status":"closed","sticky":false,"template":"","format":"standard","meta":{"footnotes":""},"categories":[1],"tags":[],"class_list":["post-948734","post","type-post","status-publish","format-standard","has-post-thumbnail","hentry","category-actualidad"],"aioseo_notices":[],"aioseo_head":"\n\t\t<!-- All in One SEO Pro 5.0.1 - aioseo.com -->\n\t<meta name=\"description\" content=\"El Gobierno andaluz ha hecho p\u00fablicas las declaraciones del Impuesto de la Renta de las Personas F\u00edsicas de la presidenta de la Junta, Susana D\u00edaz, y de los consejeros y consejeras del Ejecutivo, correspondientes al ejercicio 2016, as\u00ed como del viceconsejero de la Presidencia y el secretario general de la Oficina del Portavoz. De igual\" \/>\n\t<meta name=\"robots\" content=\"max-image-preview:large\" \/>\n\t<meta name=\"author\" content=\"El Digital de Asturias\"\/>\n\t<meta name=\"google-site-verification\" content=\"UA-38556648-1\" \/>\n\t<meta name=\"msvalidate.01\" content=\"7dfe9f3f1b24437ab69f4f2559babe99\" \/>\n\t<meta name=\"keywords\" content=\"actualidad\" \/>\n\t<link rel=\"canonical\" href=\"https:\/\/www.eldigitaldeasturias.com\/noticias\/el-gobierno-andaluz-publica-las-declaraciones-del-impuesto-de-la-renta-del-ejercicio-2016\/\" \/>\n\t<meta name=\"generator\" content=\"All in One SEO Pro (AIOSEO) 5.0.1\" \/>\n\t\t<meta property=\"og:locale\" content=\"es_ES\" \/>\n\t\t<meta property=\"og:site_name\" content=\"El Digital de Asturias\" \/>\n\t\t<meta property=\"og:type\" content=\"article\" \/>\n\t\t<meta property=\"og:title\" content=\"El Gobierno andaluz publica las declaraciones del impuesto de la renta del ejercicio 2016 - El Digital de Asturias\" \/>\n\t\t<meta property=\"og:description\" content=\"El Gobierno andaluz ha hecho p\u00fablicas las declaraciones del Impuesto de la Renta de las Personas F\u00edsicas de la presidenta de la Junta, Susana D\u00edaz, y de los consejeros y consejeras del Ejecutivo, correspondientes al ejercicio 2016, as\u00ed como del viceconsejero de la Presidencia y el secretario general de la Oficina del Portavoz. De igual\" \/>\n\t\t<meta property=\"og:url\" content=\"https:\/\/www.eldigitaldeasturias.com\/noticias\/el-gobierno-andaluz-publica-las-declaraciones-del-impuesto-de-la-renta-del-ejercicio-2016\/\" \/>\n\t\t<meta property=\"article:tag\" content=\"actualidad\" \/>\n\t\t<meta property=\"article:published_time\" content=\"2017-08-04T17:53:50+00:00\" \/>\n\t\t<meta property=\"article:modified_time\" content=\"2017-08-04T17:53:50+00:00\" \/>\n\t\t<meta property=\"article:publisher\" content=\"https:\/\/facebook.com\/eldigitaldeasturias\" \/>\n\t\t<meta name=\"twitter:card\" content=\"summary_large_image\" \/>\n\t\t<meta name=\"twitter:title\" content=\"El Gobierno andaluz publica las declaraciones del impuesto de la renta del ejercicio 2016 - El Digital de Asturias\" \/>\n\t\t<meta name=\"twitter:description\" content=\"El Gobierno andaluz ha hecho p\u00fablicas las declaraciones del Impuesto de la Renta de las Personas F\u00edsicas de la presidenta de la Junta, Susana D\u00edaz, y de los consejeros y consejeras del Ejecutivo, correspondientes al ejercicio 2016, as\u00ed como del viceconsejero de la Presidencia y el secretario general de la Oficina del Portavoz. De igual\" \/>\n\t\t<meta name=\"twitter:image\" content=\"https:\/\/www.eldigitaldeasturias.com\/noticias\/wp-content\/uploads\/2020\/12\/EDA-1.jpg\" \/>\n\t\t<meta name=\"twitter:label1\" content=\"Escrito por\" \/>\n\t\t<meta name=\"twitter:data1\" content=\"El Digital de Asturias\" \/>\n\t\t<meta name=\"twitter:label2\" content=\"Tiempo de lectura estimado\" \/>\n\t\t<meta name=\"twitter:data2\" content=\"1 minuto\" \/>\n\t\t<script type=\"application\/ld+json\" class=\"aioseo-schema\">\n\t\t\t{\"@context\":\"https:\\\/\\\/schema.org\",\"@graph\":[{\"@type\":\"BlogPosting\",\"@id\":\"https:\\\/\\\/www.eldigitaldeasturias.com\\\/noticias\\\/el-gobierno-andaluz-publica-las-declaraciones-del-impuesto-de-la-renta-del-ejercicio-2016\\\/#blogposting\",\"name\":\"El Gobierno andaluz publica las declaraciones del impuesto de la renta del ejercicio 2016 - El Digital de Asturias\",\"headline\":\"El Gobierno andaluz publica las declaraciones del impuesto de la renta del ejercicio 2016\",\"author\":{\"@id\":\"https:\\\/\\\/www.eldigitaldeasturias.com\\\/noticias\\\/author\\\/admin\\\/#author\"},\"publisher\":{\"@id\":\"https:\\\/\\\/www.eldigitaldeasturias.com\\\/noticias\\\/#organization\"},\"image\":{\"@type\":\"ImageObject\",\"url\":780675},\"datePublished\":\"2017-08-04T17:53:50+02:00\",\"dateModified\":\"2017-08-04T17:53:50+02:00\",\"inLanguage\":\"es-ES\",\"mainEntityOfPage\":{\"@id\":\"https:\\\/\\\/www.eldigitaldeasturias.com\\\/noticias\\\/el-gobierno-andaluz-publica-las-declaraciones-del-impuesto-de-la-renta-del-ejercicio-2016\\\/#webpage\"},\"isPartOf\":{\"@id\":\"https:\\\/\\\/www.eldigitaldeasturias.com\\\/noticias\\\/el-gobierno-andaluz-publica-las-declaraciones-del-impuesto-de-la-renta-del-ejercicio-2016\\\/#webpage\"},\"articleSection\":\"Actualidad\"},{\"@type\":\"BreadcrumbList\",\"@id\":\"https:\\\/\\\/www.eldigitaldeasturias.com\\\/noticias\\\/el-gobierno-andaluz-publica-las-declaraciones-del-impuesto-de-la-renta-del-ejercicio-2016\\\/#breadcrumblist\",\"itemListElement\":[{\"@type\":\"ListItem\",\"@id\":\"https:\\\/\\\/www.eldigitaldeasturias.com\\\/noticias#listItem\",\"position\":1,\"name\":\"Home\",\"item\":\"https:\\\/\\\/www.eldigitaldeasturias.com\\\/noticias\",\"nextItem\":{\"@type\":\"ListItem\",\"@id\":\"https:\\\/\\\/www.eldigitaldeasturias.com\\\/noticias\\\/category\\\/actualidad\\\/#listItem\",\"name\":\"Actualidad\"}},{\"@type\":\"ListItem\",\"@id\":\"https:\\\/\\\/www.eldigitaldeasturias.com\\\/noticias\\\/category\\\/actualidad\\\/#listItem\",\"position\":2,\"name\":\"Actualidad\",\"item\":\"https:\\\/\\\/www.eldigitaldeasturias.com\\\/noticias\\\/category\\\/actualidad\\\/\",\"nextItem\":{\"@type\":\"ListItem\",\"@id\":\"https:\\\/\\\/www.eldigitaldeasturias.com\\\/noticias\\\/el-gobierno-andaluz-publica-las-declaraciones-del-impuesto-de-la-renta-del-ejercicio-2016\\\/#listItem\",\"name\":\"El Gobierno andaluz publica las declaraciones del impuesto de la renta del ejercicio 2016\"},\"previousItem\":{\"@type\":\"ListItem\",\"@id\":\"https:\\\/\\\/www.eldigitaldeasturias.com\\\/noticias#listItem\",\"name\":\"Home\"}},{\"@type\":\"ListItem\",\"@id\":\"https:\\\/\\\/www.eldigitaldeasturias.com\\\/noticias\\\/el-gobierno-andaluz-publica-las-declaraciones-del-impuesto-de-la-renta-del-ejercicio-2016\\\/#listItem\",\"position\":3,\"name\":\"El Gobierno andaluz publica las declaraciones del impuesto de la renta del ejercicio 2016\",\"previousItem\":{\"@type\":\"ListItem\",\"@id\":\"https:\\\/\\\/www.eldigitaldeasturias.com\\\/noticias\\\/category\\\/actualidad\\\/#listItem\",\"name\":\"Actualidad\"}}]},{\"@type\":\"Organization\",\"@id\":\"https:\\\/\\\/www.eldigitaldeasturias.com\\\/noticias\\\/#organization\",\"name\":\"El Digital de Asturias\",\"description\":\"Hemeroteca\",\"url\":\"https:\\\/\\\/www.eldigitaldeasturias.com\\\/noticias\\\/\",\"email\":\"info@eldigitaldeasturias.com\",\"telephone\":\"+34652131393\",\"logo\":{\"@type\":\"ImageObject\",\"url\":\"https:\\\/\\\/www.eldigitaldeasturias.com\\\/noticias\\\/wp-content\\\/uploads\\\/2020\\\/12\\\/EDA.jpg\",\"@id\":\"https:\\\/\\\/www.eldigitaldeasturias.com\\\/noticias\\\/el-gobierno-andaluz-publica-las-declaraciones-del-impuesto-de-la-renta-del-ejercicio-2016\\\/#organizationLogo\"},\"image\":{\"@id\":\"https:\\\/\\\/www.eldigitaldeasturias.com\\\/noticias\\\/el-gobierno-andaluz-publica-las-declaraciones-del-impuesto-de-la-renta-del-ejercicio-2016\\\/#organizationLogo\"},\"sameAs\":[\"https:\\\/\\\/facebook.com\\\/eldigitaldeasturias\",\"https:\\\/\\\/www.youtube.com\\\/channel\\\/UCZP-2wLEB9Rv6erhFmqVnvg\"],\"address\":{\"@id\":\"https:\\\/\\\/www.eldigitaldeasturias.com\\\/noticias\\\/#postaladdress\",\"@type\":\"PostalAddress\",\"streetAddress\":\"san antonio 4\",\"postalCode\":\"33430\",\"addressLocality\":\"Cand\\u00e1s\",\"addressRegion\":\"Asturias\",\"addressCountry\":\"ES\"}},{\"@type\":\"Person\",\"@id\":\"https:\\\/\\\/www.eldigitaldeasturias.com\\\/noticias\\\/author\\\/admin\\\/#author\",\"url\":\"https:\\\/\\\/www.eldigitaldeasturias.com\\\/noticias\\\/author\\\/admin\\\/\",\"name\":\"El Digital de Asturias\",\"image\":{\"@type\":\"ImageObject\",\"@id\":\"https:\\\/\\\/www.eldigitaldeasturias.com\\\/noticias\\\/el-gobierno-andaluz-publica-las-declaraciones-del-impuesto-de-la-renta-del-ejercicio-2016\\\/#authorImage\",\"url\":\"https:\\\/\\\/secure.gravatar.com\\\/avatar\\\/df2aeffc32bcd13f8d26072ef8a91b623d677766deac7f97ca815868cd41bf5e?s=96&d=mm&r=g\",\"width\":96,\"height\":96,\"caption\":\"El Digital de Asturias\"}},{\"@type\":\"WebPage\",\"@id\":\"https:\\\/\\\/www.eldigitaldeasturias.com\\\/noticias\\\/el-gobierno-andaluz-publica-las-declaraciones-del-impuesto-de-la-renta-del-ejercicio-2016\\\/#webpage\",\"url\":\"https:\\\/\\\/www.eldigitaldeasturias.com\\\/noticias\\\/el-gobierno-andaluz-publica-las-declaraciones-del-impuesto-de-la-renta-del-ejercicio-2016\\\/\",\"name\":\"El Gobierno andaluz publica las declaraciones del impuesto de la renta del ejercicio 2016 - El Digital de Asturias\",\"description\":\"El Gobierno andaluz ha hecho p\\u00fablicas las declaraciones del Impuesto de la Renta de las Personas F\\u00edsicas de la presidenta de la Junta, Susana D\\u00edaz, y de los consejeros y consejeras del Ejecutivo, correspondientes al ejercicio 2016, as\\u00ed como del viceconsejero de la Presidencia y el secretario general de la Oficina del Portavoz. De igual\",\"inLanguage\":\"es-ES\",\"isPartOf\":{\"@id\":\"https:\\\/\\\/www.eldigitaldeasturias.com\\\/noticias\\\/#website\"},\"breadcrumb\":{\"@id\":\"https:\\\/\\\/www.eldigitaldeasturias.com\\\/noticias\\\/el-gobierno-andaluz-publica-las-declaraciones-del-impuesto-de-la-renta-del-ejercicio-2016\\\/#breadcrumblist\"},\"author\":{\"@id\":\"https:\\\/\\\/www.eldigitaldeasturias.com\\\/noticias\\\/author\\\/admin\\\/#author\"},\"creator\":{\"@id\":\"https:\\\/\\\/www.eldigitaldeasturias.com\\\/noticias\\\/author\\\/admin\\\/#author\"},\"image\":{\"@type\":\"ImageObject\",\"url\":780675,\"@id\":\"https:\\\/\\\/www.eldigitaldeasturias.com\\\/noticias\\\/el-gobierno-andaluz-publica-las-declaraciones-del-impuesto-de-la-renta-del-ejercicio-2016\\\/#mainImage\"},\"primaryImageOfPage\":{\"@id\":\"https:\\\/\\\/www.eldigitaldeasturias.com\\\/noticias\\\/el-gobierno-andaluz-publica-las-declaraciones-del-impuesto-de-la-renta-del-ejercicio-2016\\\/#mainImage\"},\"datePublished\":\"2017-08-04T17:53:50+02:00\",\"dateModified\":\"2017-08-04T17:53:50+02:00\"},{\"@type\":\"WebSite\",\"@id\":\"https:\\\/\\\/www.eldigitaldeasturias.com\\\/noticias\\\/#website\",\"url\":\"https:\\\/\\\/www.eldigitaldeasturias.com\\\/noticias\\\/\",\"name\":\"El Digital de Asturias - Diario de actualidad y noticias\",\"alternateName\":\"El Digital de Asturias - Diario de actualidad y noticias\",\"description\":\"Hemeroteca\",\"inLanguage\":\"es-ES\",\"publisher\":{\"@id\":\"https:\\\/\\\/www.eldigitaldeasturias.com\\\/noticias\\\/#organization\"}}]}\n\t\t<\/script>\n\t\t<!-- All in One SEO Pro -->\r\n\t\t<title>El Gobierno andaluz publica las declaraciones del impuesto de la renta del ejercicio 2016 - El Digital de Asturias<\/title>\n\n","aioseo_head_json":{"title":"El Gobierno andaluz publica las declaraciones del impuesto de la renta del ejercicio 2016 - El Digital de Asturias","description":"El Gobierno andaluz ha hecho p\u00fablicas las declaraciones del Impuesto de la Renta de las Personas F\u00edsicas de la presidenta de la Junta, Susana D\u00edaz, y de los consejeros y consejeras del Ejecutivo, correspondientes al ejercicio 2016, as\u00ed como del viceconsejero de la Presidencia y el secretario general de la Oficina del Portavoz. De igual","canonical_url":"https:\/\/www.eldigitaldeasturias.com\/noticias\/el-gobierno-andaluz-publica-las-declaraciones-del-impuesto-de-la-renta-del-ejercicio-2016\/","robots":"max-image-preview:large","keywords":"actualidad","webmasterTools":{"google-site-verification":"UA-38556648-1","msvalidate.01":"7dfe9f3f1b24437ab69f4f2559babe99","miscellaneous":""},"schema":{"@context":"https:\/\/schema.org","@graph":[{"@type":"BlogPosting","@id":"https:\/\/www.eldigitaldeasturias.com\/noticias\/el-gobierno-andaluz-publica-las-declaraciones-del-impuesto-de-la-renta-del-ejercicio-2016\/#blogposting","name":"El Gobierno andaluz publica las declaraciones del impuesto de la renta del ejercicio 2016 - El Digital de Asturias","headline":"El Gobierno andaluz publica las declaraciones del impuesto de la renta del ejercicio 2016","author":{"@id":"https:\/\/www.eldigitaldeasturias.com\/noticias\/author\/admin\/#author"},"publisher":{"@id":"https:\/\/www.eldigitaldeasturias.com\/noticias\/#organization"},"image":{"@type":"ImageObject","url":780675},"datePublished":"2017-08-04T17:53:50+02:00","dateModified":"2017-08-04T17:53:50+02:00","inLanguage":"es-ES","mainEntityOfPage":{"@id":"https:\/\/www.eldigitaldeasturias.com\/noticias\/el-gobierno-andaluz-publica-las-declaraciones-del-impuesto-de-la-renta-del-ejercicio-2016\/#webpage"},"isPartOf":{"@id":"https:\/\/www.eldigitaldeasturias.com\/noticias\/el-gobierno-andaluz-publica-las-declaraciones-del-impuesto-de-la-renta-del-ejercicio-2016\/#webpage"},"articleSection":"Actualidad"},{"@type":"BreadcrumbList","@id":"https:\/\/www.eldigitaldeasturias.com\/noticias\/el-gobierno-andaluz-publica-las-declaraciones-del-impuesto-de-la-renta-del-ejercicio-2016\/#breadcrumblist","itemListElement":[{"@type":"ListItem","@id":"https:\/\/www.eldigitaldeasturias.com\/noticias#listItem","position":1,"name":"Home","item":"https:\/\/www.eldigitaldeasturias.com\/noticias","nextItem":{"@type":"ListItem","@id":"https:\/\/www.eldigitaldeasturias.com\/noticias\/category\/actualidad\/#listItem","name":"Actualidad"}},{"@type":"ListItem","@id":"https:\/\/www.eldigitaldeasturias.com\/noticias\/category\/actualidad\/#listItem","position":2,"name":"Actualidad","item":"https:\/\/www.eldigitaldeasturias.com\/noticias\/category\/actualidad\/","nextItem":{"@type":"ListItem","@id":"https:\/\/www.eldigitaldeasturias.com\/noticias\/el-gobierno-andaluz-publica-las-declaraciones-del-impuesto-de-la-renta-del-ejercicio-2016\/#listItem","name":"El Gobierno andaluz publica las declaraciones del impuesto de la renta del ejercicio 2016"},"previousItem":{"@type":"ListItem","@id":"https:\/\/www.eldigitaldeasturias.com\/noticias#listItem","name":"Home"}},{"@type":"ListItem","@id":"https:\/\/www.eldigitaldeasturias.com\/noticias\/el-gobierno-andaluz-publica-las-declaraciones-del-impuesto-de-la-renta-del-ejercicio-2016\/#listItem","position":3,"name":"El Gobierno andaluz publica las declaraciones del impuesto de la renta del ejercicio 2016","previousItem":{"@type":"ListItem","@id":"https:\/\/www.eldigitaldeasturias.com\/noticias\/category\/actualidad\/#listItem","name":"Actualidad"}}]},{"@type":"Organization","@id":"https:\/\/www.eldigitaldeasturias.com\/noticias\/#organization","name":"El Digital de Asturias","description":"Hemeroteca","url":"https:\/\/www.eldigitaldeasturias.com\/noticias\/","email":"info@eldigitaldeasturias.com","telephone":"+34652131393","logo":{"@type":"ImageObject","url":"https:\/\/www.eldigitaldeasturias.com\/noticias\/wp-content\/uploads\/2020\/12\/EDA.jpg","@id":"https:\/\/www.eldigitaldeasturias.com\/noticias\/el-gobierno-andaluz-publica-las-declaraciones-del-impuesto-de-la-renta-del-ejercicio-2016\/#organizationLogo"},"image":{"@id":"https:\/\/www.eldigitaldeasturias.com\/noticias\/el-gobierno-andaluz-publica-las-declaraciones-del-impuesto-de-la-renta-del-ejercicio-2016\/#organizationLogo"},"sameAs":["https:\/\/facebook.com\/eldigitaldeasturias","https:\/\/www.youtube.com\/channel\/UCZP-2wLEB9Rv6erhFmqVnvg"],"address":{"@id":"https:\/\/www.eldigitaldeasturias.com\/noticias\/#postaladdress","@type":"PostalAddress","streetAddress":"san antonio 4","postalCode":"33430","addressLocality":"Cand\u00e1s","addressRegion":"Asturias","addressCountry":"ES"}},{"@type":"Person","@id":"https:\/\/www.eldigitaldeasturias.com\/noticias\/author\/admin\/#author","url":"https:\/\/www.eldigitaldeasturias.com\/noticias\/author\/admin\/","name":"El Digital de Asturias","image":{"@type":"ImageObject","@id":"https:\/\/www.eldigitaldeasturias.com\/noticias\/el-gobierno-andaluz-publica-las-declaraciones-del-impuesto-de-la-renta-del-ejercicio-2016\/#authorImage","url":"https:\/\/secure.gravatar.com\/avatar\/df2aeffc32bcd13f8d26072ef8a91b623d677766deac7f97ca815868cd41bf5e?s=96&d=mm&r=g","width":96,"height":96,"caption":"El Digital de Asturias"}},{"@type":"WebPage","@id":"https:\/\/www.eldigitaldeasturias.com\/noticias\/el-gobierno-andaluz-publica-las-declaraciones-del-impuesto-de-la-renta-del-ejercicio-2016\/#webpage","url":"https:\/\/www.eldigitaldeasturias.com\/noticias\/el-gobierno-andaluz-publica-las-declaraciones-del-impuesto-de-la-renta-del-ejercicio-2016\/","name":"El Gobierno andaluz publica las declaraciones del impuesto de la renta del ejercicio 2016 - El Digital de Asturias","description":"El Gobierno andaluz ha hecho p\u00fablicas las declaraciones del Impuesto de la Renta de las Personas F\u00edsicas de la presidenta de la Junta, Susana D\u00edaz, y de los consejeros y consejeras del Ejecutivo, correspondientes al ejercicio 2016, as\u00ed como del viceconsejero de la Presidencia y el secretario general de la Oficina del Portavoz. De igual","inLanguage":"es-ES","isPartOf":{"@id":"https:\/\/www.eldigitaldeasturias.com\/noticias\/#website"},"breadcrumb":{"@id":"https:\/\/www.eldigitaldeasturias.com\/noticias\/el-gobierno-andaluz-publica-las-declaraciones-del-impuesto-de-la-renta-del-ejercicio-2016\/#breadcrumblist"},"author":{"@id":"https:\/\/www.eldigitaldeasturias.com\/noticias\/author\/admin\/#author"},"creator":{"@id":"https:\/\/www.eldigitaldeasturias.com\/noticias\/author\/admin\/#author"},"image":{"@type":"ImageObject","url":780675,"@id":"https:\/\/www.eldigitaldeasturias.com\/noticias\/el-gobierno-andaluz-publica-las-declaraciones-del-impuesto-de-la-renta-del-ejercicio-2016\/#mainImage"},"primaryImageOfPage":{"@id":"https:\/\/www.eldigitaldeasturias.com\/noticias\/el-gobierno-andaluz-publica-las-declaraciones-del-impuesto-de-la-renta-del-ejercicio-2016\/#mainImage"},"datePublished":"2017-08-04T17:53:50+02:00","dateModified":"2017-08-04T17:53:50+02:00"},{"@type":"WebSite","@id":"https:\/\/www.eldigitaldeasturias.com\/noticias\/#website","url":"https:\/\/www.eldigitaldeasturias.com\/noticias\/","name":"El Digital de Asturias - Diario de actualidad y noticias","alternateName":"El Digital de Asturias - Diario de actualidad y noticias","description":"Hemeroteca","inLanguage":"es-ES","publisher":{"@id":"https:\/\/www.eldigitaldeasturias.com\/noticias\/#organization"}}]},"og:locale":"es_ES","og:site_name":"El Digital de Asturias","og:type":"article","og:title":"El Gobierno andaluz publica las declaraciones del impuesto de la renta del ejercicio 2016 - El Digital de Asturias","og:description":"El Gobierno andaluz ha hecho p\u00fablicas las declaraciones del Impuesto de la Renta de las Personas F\u00edsicas de la presidenta de la Junta, Susana D\u00edaz, y de los consejeros y consejeras del Ejecutivo, correspondientes al ejercicio 2016, as\u00ed como del viceconsejero de la Presidencia y el secretario general de la Oficina del Portavoz. De igual","og:url":"https:\/\/www.eldigitaldeasturias.com\/noticias\/el-gobierno-andaluz-publica-las-declaraciones-del-impuesto-de-la-renta-del-ejercicio-2016\/","article:tag":["actualidad"],"article:published_time":"2017-08-04T17:53:50+00:00","article:modified_time":"2017-08-04T17:53:50+00:00","article:publisher":"https:\/\/facebook.com\/eldigitaldeasturias","twitter:card":"summary_large_image","twitter:title":"El Gobierno andaluz publica las declaraciones del impuesto de la renta del ejercicio 2016 - El Digital de Asturias","twitter:description":"El Gobierno andaluz ha hecho p\u00fablicas las declaraciones del Impuesto de la Renta de las Personas F\u00edsicas de la presidenta de la Junta, Susana D\u00edaz, y de los consejeros y consejeras del Ejecutivo, correspondientes al ejercicio 2016, as\u00ed como del viceconsejero de la Presidencia y el secretario general de la Oficina del Portavoz. De igual","twitter:image":"https:\/\/www.eldigitaldeasturias.com\/noticias\/wp-content\/uploads\/2020\/12\/EDA-1.jpg","twitter:label1":"Escrito por","twitter:data1":"El Digital de Asturias","twitter:label2":"Tiempo de lectura estimado","twitter:data2":"1 minuto"},"aioseo_meta_data":{"post_id":"948734","title":null,"description":null,"keywords":null,"keyphrases":null,"primary_term":null,"canonical_url":null,"og_title":null,"og_description":null,"og_object_type":"default","og_image_type":"default","og_image_url":null,"og_image_width":null,"og_image_height":null,"og_image_custom_url":null,"og_image_custom_fields":null,"og_video":null,"og_custom_url":null,"og_article_section":null,"og_article_tags":null,"twitter_use_og":false,"twitter_card":"default","twitter_image_type":"default","twitter_image_url":null,"twitter_image_custom_url":null,"twitter_image_custom_fields":null,"twitter_title":null,"twitter_description":null,"schema":{"blockGraphs":[],"customGraphs":[],"default":{"data":{"Article":[],"Course":[],"Dataset":[],"FAQPage":[],"Movie":[],"Person":[],"Product":[],"ProductReview":[],"Car":[],"Recipe":[],"Service":[],"SoftwareApplication":[],"WebPage":[]},"graphName":"","isEnabled":true},"graphs":[]},"schema_type":null,"schema_type_options":null,"pillar_content":false,"robots_default":true,"robots_noindex":false,"robots_noarchive":false,"robots_nosnippet":false,"robots_nofollow":false,"robots_noimageindex":false,"robots_noodp":false,"robots_notranslate":false,"robots_max_snippet":null,"robots_max_videopreview":null,"robots_max_imagepreview":"large","priority":null,"frequency":null,"local_seo":null,"seo_analyzer_scan_date":"2025-12-05 09:44:15","breadcrumb_settings":null,"limit_modified_date":false,"open_ai":null,"ai":null,"created":"2020-12-21 13:03:37","updated":"2025-12-05 09:44:15","focus_keyword":null,"additional_keywords":null,"truseo_locale":null},"aioseo_breadcrumb":"<div class=\"aioseo-breadcrumbs\"><span class=\"aioseo-breadcrumb\">\n\t<a href=\"https:\/\/www.eldigitaldeasturias.com\/noticias\" title=\"Home\">Home<\/a>\n<\/span><span class=\"aioseo-breadcrumb-separator\">\u2013<\/span><span class=\"aioseo-breadcrumb\">\n\t<a href=\"https:\/\/www.eldigitaldeasturias.com\/noticias\/category\/actualidad\/\" title=\"Actualidad\">Actualidad<\/a>\n<\/span><span class=\"aioseo-breadcrumb-separator\">\u2013<\/span><span class=\"aioseo-breadcrumb\">\n\t<a href=\"https:\/\/www.eldigitaldeasturias.com\/noticias\/el-gobierno-andaluz-publica-las-declaraciones-del-impuesto-de-la-renta-del-ejercicio-2016\/\" title=\"El Gobierno andaluz publica las declaraciones del impuesto de la renta del ejercicio 2016\">El Gobierno andaluz publica las declaraciones del impuesto de la renta del ejercicio 2016<\/a>\n<\/span><\/div>","aioseo_breadcrumb_json":[{"label":"Home","link":"https:\/\/www.eldigitaldeasturias.com\/noticias"},{"label":"Actualidad","link":"https:\/\/www.eldigitaldeasturias.com\/noticias\/category\/actualidad\/"},{"label":"El Gobierno andaluz publica las declaraciones del impuesto de la renta del ejercicio 2016","link":"https:\/\/www.eldigitaldeasturias.com\/noticias\/el-gobierno-andaluz-publica-las-declaraciones-del-impuesto-de-la-renta-del-ejercicio-2016\/"}],"_links":{"self":[{"href":"https:\/\/www.eldigitaldeasturias.com\/noticias\/wp-json\/wp\/v2\/posts\/948734","targetHints":{"allow":["GET"]}}],"collection":[{"href":"https:\/\/www.eldigitaldeasturias.com\/noticias\/wp-json\/wp\/v2\/posts"}],"about":[{"href":"https:\/\/www.eldigitaldeasturias.com\/noticias\/wp-json\/wp\/v2\/types\/post"}],"author":[{"embeddable":true,"href":"https:\/\/www.eldigitaldeasturias.com\/noticias\/wp-json\/wp\/v2\/users\/1"}],"replies":[{"embeddable":true,"href":"https:\/\/www.eldigitaldeasturias.com\/noticias\/wp-json\/wp\/v2\/comments?post=948734"}],"version-history":[{"count":0,"href":"https:\/\/www.eldigitaldeasturias.com\/noticias\/wp-json\/wp\/v2\/posts\/948734\/revisions"}],"wp:attachment":[{"href":"https:\/\/www.eldigitaldeasturias.com\/noticias\/wp-json\/wp\/v2\/media?parent=948734"}],"wp:term":[{"taxonomy":"category","embeddable":true,"href":"https:\/\/www.eldigitaldeasturias.com\/noticias\/wp-json\/wp\/v2\/categories?post=948734"},{"taxonomy":"post_tag","embeddable":true,"href":"https:\/\/www.eldigitaldeasturias.com\/noticias\/wp-json\/wp\/v2\/tags?post=948734"}],"curies":[{"name":"wp","href":"https:\/\/api.w.org\/{rel}","templated":true}]}}