{"id":948728,"date":"2017-08-04T17:49:41","date_gmt":"2017-08-04T17:49:41","guid":{"rendered":"http:\/\/www.eldigitaldeasturias.com\/noticias\/?p=948728"},"modified":"2017-08-04T17:49:41","modified_gmt":"2017-08-04T17:49:41","slug":"extenda-potencia-la-creacion-y-consolidacion-de-marcas-andaluzas-en-los-mercados-internacionales","status":"publish","type":"post","link":"https:\/\/www.eldigitaldeasturias.com\/noticias\/extenda-potencia-la-creacion-y-consolidacion-de-marcas-andaluzas-en-los-mercados-internacionales\/","title":{"rendered":"Extenda potencia la creaci\u00f3n y consolidaci\u00f3n de marcas andaluzas en los mercados internacionales"},"content":{"rendered":"<p>Extenda-Agencia Andaluza de Promoci\u00f3n Exterior, dependiente de la Consejer\u00eda de Econom\u00eda y Conocimiento, pone a disposici\u00f3n de las empresas andaluzas un programa dirigido a potenciar la creaci\u00f3n y consolidaci\u00f3n de la imagen de marca de las firmas de Andaluc\u00eda en el exterior, con el fin de mejorar su posici\u00f3n competitiva en mercados internacionales.<\/p>\n<p>Este programa, denominado &#8216;Extenda Asesoramiento sobre Estrategia y Posicionamiento de Marca para la Internacionalizaci\u00f3n&#8217;, se enmarca dentro del servicio de consultor\u00eda de Extenda y est\u00e1 coordinado por un equipo de consultores con alta especializaci\u00f3n y dilatada experiencia en proyectos de internacionalizaci\u00f3n de marcas.<\/p>\n<p>A trav\u00e9s de este programa, en el que han participado hasta ahora 15 empresas, Extenda pone a disposici\u00f3n de las firmas andaluzas un servicio de asesoramiento especializado en estrategia y posicionamiento de marca, con especial atenci\u00f3n a la sensibilizaci\u00f3n del empresariado andaluz en la importancia de disponer de una buena t\u00e1ctica de marca.<\/p>\n<p>Esta estrategia es uno de los factores m\u00e1s relevantes para posicionar los productos y servicios en mercados internacionales frente a la competencia y convertirlos en una opci\u00f3n de compra real para nuevos consumidores.<\/p>\n<p>De este modo, el programa Extenda Asesoramiento sobre Estrategia y Posicionamiento de Marca para la Internacionalizaci\u00f3n&#8217; parte del an\u00e1lisis del plan de acci\u00f3n internacional de cada empresa, con la idea de ayudarle a definir desde un primer momento la estrategia de identidad y posicionamiento m\u00e1s adecuada para su marca, producto o servicio y convertirlos en un elemento de valor a\u00f1adido en los mercados internacionales.<\/p>\n<p>Requisitos de participaci\u00f3n<\/p>\n<p>Asimismo, pueden acceder a este programa las empresas andaluzas de cualquier sector de actividad que posean una antig\u00fcedad m\u00ednima de dos a\u00f1os (salvo empresas cuya mayor\u00eda de capital social sea propiedad de una empresa o empresas con m\u00e1s de dos a\u00f1os de trayectoria) y emitan una facturaci\u00f3n m\u00ednima de 50.000 euros (salvo empresas que en las anteriores circunstancias facturen como m\u00ednimo la cantidad indicada).<\/p>\n<p>Por otra parte, deben tener un m\u00ednimo de dos trabajadores (los aut\u00f3nomos tienen esta condici\u00f3n a efectos de este programa, por lo que solo se requiere que tengan contratado a un trabajador adicional); y las empresas deben contar con un plan de internacionalizaci\u00f3n suficientemente definido.<\/p>\n<p>Un mercado, un producto<\/p>\n<p>El asesoramiento, de car\u00e1cter individualizado y adaptado a las necesidades particulares de cada firma, se enfoca en una categor\u00eda o familia de productos y a un pa\u00eds de destino, y se realiza en tres fases. En la primera de ellas, el panel de expertos de Extenda realiza una auditor\u00eda de la imagen de marca frente a la expansi\u00f3n internacional, para conocer todos aquellos aspectos que deben conformar la identidad e imagen de cada empresa.<\/p>\n<p>En segundo lugar, se aborda el desarrollo de la estrategia de identidad y posicionamiento de las marcas para fortalecer su posici\u00f3n competitiva en el mercado de destino. Esta estrategia define las condiciones de marca m\u00e1s adecuadas para cumplir los objetivos estrat\u00e9gicos de cada compa\u00f1\u00eda. Por \u00faltimo, en la tercera fase se lleva a cabo un informe final con las conclusiones y recomendaciones generales derivadas de todo el proceso de trabajo.<\/p>\n<p>El programa se desarrolla en un m\u00ednimo de tres sesiones presenciales entre la empresa y el consultor en la sede de la misma, con la opci\u00f3n de acordar sesiones adicionales, tanto presenciales como por videoconferencia.<\/p>\n<p>El plazo de presentaci\u00f3n de solicitudes a la participaci\u00f3n en este programa estar\u00e1 abierto hasta el pr\u00f3ximo 15 de septiembre de 2017. La puesta en marcha de este servicio por parte de Extenda est\u00e1 cofinanciada con fondos procedentes de la Uni\u00f3n Europea a trav\u00e9s del FEDER de Andaluc\u00eda 2014-2020, dotado con una contribuci\u00f3n comunitaria del 80%.<\/p>\n<p>Las empresas que ya han realizado el programa proceden de Sevilla (Polygroup Europe, C&amp;O Asesores, Isotrol, Agraria Vecino Hens y AGA Pharma&amp;Supplements), C\u00f3rdoba (Daplast, Higar Moda, Rodriguez Chiachio, Aceite Aroden Hispania, Joymart Dise\u00f1os y Compa\u00f1\u00eda Norteafricana de Comercio), C\u00e1diz (G Y J Macpherson), Almer\u00eda (Maher Electronica Aplicada), Granada (Centro de Diagn\u00f3stico Granada) y M\u00e1laga (Green Food Import- Export).<\/p>\n<p>Consultor\u00eda en Extenda<\/p>\n<p>Este programa viene a sumarse a otros servicios que presta Extenda en el \u00e1rea de Consultor\u00eda para apoyar la internacionalizaci\u00f3n de las empresas andaluzas, entre los que destaca el programa Proyectos individuales de la Red Exterior, o los nuevos puestos en marcha el pasado 2016 para el Asesoramiento y acceso a financiaci\u00f3n para la internacionalizaci\u00f3n y el Servicio de atenci\u00f3n a consultas financieras.<\/p>\n<p>Adem\u00e1s, se realizan otros programas de alto inter\u00e9s para la empresa andaluza como los de Diagn\u00f3stico, el de Implantaci\u00f3n internacional, el Extenda-Multilateral, o el programa de Profesionales Internacionales.<\/p>\n<p>En concreto, el de Proyectos Individuales de la Red Exterior pone a disposici\u00f3n de las firmas andaluzas toda la informaci\u00f3n y el trabajo generado por la Red de Oficinas de Promoci\u00f3n de Negocios y Antenas de la agencia, con el objetivo de favorecer la prospecci\u00f3n de nuevos mercados, as\u00ed como la consolidaci\u00f3n y crecimiento de las empresas en los pa\u00edses atendidos por la Red.<\/p>\n<p>Actualmente, dicha red exterior abarca 41 pa\u00edses de 4 continentes, con 29 sedes: 18 oficinas de promoci\u00f3n de negocios en 17 pa\u00edses que engloban 21 mercados, y 11 antenas de negocios en 11 pa\u00edses, que dan servicio a 20 mercados.<\/p>\n<p>En 2016, abri\u00f3 la Antena de Sud\u00e1frica y la Oficina de Italia y la de Canad\u00e1, y se incorporaron nuevos mercados en los que se presta servicios a trav\u00e9s de sedes ya operativas en otros pa\u00edses como Eslovenia, Hungr\u00eda y Ruman\u00eda (Antena Rep\u00fablica Checa) y Singapur, Tailandia y Malasia (Antena India).<\/p>\n<p>De este modo, maximizando el servicio de las sedes ya operativas, y con solo tres aperturas (Antena Sud\u00e1frica y oficinas en Italia y Canad\u00e1) en 2016, pasamos de dar servicio en 32 pa\u00edses a hacerlo en 41, cumpliendo as\u00ed en menos de un a\u00f1o el objetivo PIH2020 m\u00e1s ligado a la actividad de Extenda.<\/p>\n","protected":false},"excerpt":{"rendered":"<p>Extenda-Agencia Andaluza de Promoci\u00f3n Exterior, dependiente de la Consejer\u00eda de Econom\u00eda y Conocimiento, pone a disposici\u00f3n de las empresas andaluzas un programa dirigido a potenciar la creaci\u00f3n y consolidaci\u00f3n de la imagen de marca de las firmas de Andaluc\u00eda en el exterior, con el fin de mejorar su posici\u00f3n competitiva en mercados internacionales. Este programa, [&hellip;]<\/p>\n","protected":false},"author":1,"featured_media":1132184,"comment_status":"closed","ping_status":"closed","sticky":false,"template":"","format":"standard","meta":{"footnotes":""},"categories":[1],"tags":[],"class_list":["post-948728","post","type-post","status-publish","format-standard","has-post-thumbnail","hentry","category-actualidad"],"aioseo_notices":[],"aioseo_head":"\n\t\t<!-- All in One SEO Pro 5.0.1 - aioseo.com -->\n\t<meta name=\"description\" content=\"Extenda-Agencia Andaluza de Promoci\u00f3n Exterior, dependiente de la Consejer\u00eda de Econom\u00eda y Conocimiento, pone a disposici\u00f3n de las empresas andaluzas un programa dirigido a potenciar la creaci\u00f3n y consolidaci\u00f3n de la imagen de marca de las firmas de Andaluc\u00eda en el exterior, con el fin de mejorar su posici\u00f3n competitiva en mercados internacionales. Este programa,\" \/>\n\t<meta name=\"robots\" content=\"max-image-preview:large\" \/>\n\t<meta name=\"author\" content=\"El Digital de Asturias\"\/>\n\t<meta name=\"google-site-verification\" content=\"UA-38556648-1\" \/>\n\t<meta name=\"msvalidate.01\" content=\"7dfe9f3f1b24437ab69f4f2559babe99\" \/>\n\t<meta name=\"keywords\" content=\"actualidad\" \/>\n\t<link rel=\"canonical\" href=\"https:\/\/www.eldigitaldeasturias.com\/noticias\/extenda-potencia-la-creacion-y-consolidacion-de-marcas-andaluzas-en-los-mercados-internacionales\/\" \/>\n\t<meta name=\"generator\" content=\"All in One SEO Pro (AIOSEO) 5.0.1\" \/>\n\t\t<meta property=\"og:locale\" content=\"es_ES\" \/>\n\t\t<meta property=\"og:site_name\" content=\"El Digital de Asturias\" \/>\n\t\t<meta property=\"og:type\" content=\"article\" \/>\n\t\t<meta property=\"og:title\" content=\"Extenda potencia la creaci\u00f3n y consolidaci\u00f3n de marcas andaluzas en los mercados internacionales - El Digital de Asturias\" \/>\n\t\t<meta property=\"og:description\" content=\"Extenda-Agencia Andaluza de Promoci\u00f3n Exterior, dependiente de la Consejer\u00eda de Econom\u00eda y Conocimiento, pone a disposici\u00f3n de las empresas andaluzas un programa dirigido a potenciar la creaci\u00f3n y consolidaci\u00f3n de la imagen de marca de las firmas de Andaluc\u00eda en el exterior, con el fin de mejorar su posici\u00f3n competitiva en mercados internacionales. Este programa,\" \/>\n\t\t<meta property=\"og:url\" content=\"https:\/\/www.eldigitaldeasturias.com\/noticias\/extenda-potencia-la-creacion-y-consolidacion-de-marcas-andaluzas-en-los-mercados-internacionales\/\" \/>\n\t\t<meta property=\"og:image\" content=\"https:\/\/www.eldigitaldeasturias.com\/noticias\/wp-content\/uploads\/2026\/06\/Contenidos.jpg\" \/>\n\t\t<meta property=\"og:image:secure_url\" content=\"https:\/\/www.eldigitaldeasturias.com\/noticias\/wp-content\/uploads\/2026\/06\/Contenidos.jpg\" \/>\n\t\t<meta property=\"og:image:width\" content=\"1265\" \/>\n\t\t<meta property=\"og:image:height\" content=\"697\" \/>\n\t\t<meta property=\"article:tag\" content=\"actualidad\" \/>\n\t\t<meta property=\"article:published_time\" content=\"2017-08-04T17:49:41+00:00\" \/>\n\t\t<meta property=\"article:modified_time\" content=\"2017-08-04T17:49:41+00:00\" \/>\n\t\t<meta property=\"article:publisher\" content=\"https:\/\/facebook.com\/eldigitaldeasturias\" \/>\n\t\t<meta name=\"twitter:card\" content=\"summary_large_image\" \/>\n\t\t<meta name=\"twitter:title\" content=\"Extenda potencia la creaci\u00f3n y consolidaci\u00f3n de marcas andaluzas en los mercados internacionales - El Digital de Asturias\" \/>\n\t\t<meta name=\"twitter:description\" content=\"Extenda-Agencia Andaluza de Promoci\u00f3n Exterior, dependiente de la Consejer\u00eda de Econom\u00eda y Conocimiento, pone a disposici\u00f3n de las empresas andaluzas un programa dirigido a potenciar la creaci\u00f3n y consolidaci\u00f3n de la imagen de marca de las firmas de Andaluc\u00eda en el exterior, con el fin de mejorar su posici\u00f3n competitiva en mercados internacionales. Este programa,\" \/>\n\t\t<meta name=\"twitter:image\" content=\"https:\/\/www.eldigitaldeasturias.com\/noticias\/wp-content\/uploads\/2026\/06\/Contenidos.jpg\" \/>\n\t\t<meta name=\"twitter:label1\" content=\"Escrito por\" \/>\n\t\t<meta name=\"twitter:data1\" content=\"El Digital de Asturias\" \/>\n\t\t<meta name=\"twitter:label2\" content=\"Tiempo de lectura estimado\" \/>\n\t\t<meta name=\"twitter:data2\" content=\"5 minutos\" \/>\n\t\t<script type=\"application\/ld+json\" class=\"aioseo-schema\">\n\t\t\t{\"@context\":\"https:\\\/\\\/schema.org\",\"@graph\":[{\"@type\":\"BlogPosting\",\"@id\":\"https:\\\/\\\/www.eldigitaldeasturias.com\\\/noticias\\\/extenda-potencia-la-creacion-y-consolidacion-de-marcas-andaluzas-en-los-mercados-internacionales\\\/#blogposting\",\"name\":\"Extenda potencia la creaci\\u00f3n y consolidaci\\u00f3n de marcas andaluzas en los mercados internacionales - El Digital de Asturias\",\"headline\":\"Extenda potencia la creaci\\u00f3n y consolidaci\\u00f3n de marcas andaluzas en los mercados internacionales\",\"author\":{\"@id\":\"https:\\\/\\\/www.eldigitaldeasturias.com\\\/noticias\\\/author\\\/admin\\\/#author\"},\"publisher\":{\"@id\":\"https:\\\/\\\/www.eldigitaldeasturias.com\\\/noticias\\\/#organization\"},\"image\":{\"@type\":\"ImageObject\",\"url\":\"https:\\\/\\\/www.eldigitaldeasturias.com\\\/noticias\\\/wp-content\\\/uploads\\\/2026\\\/06\\\/Contenidos.jpg\",\"width\":1265,\"height\":697,\"caption\":\"Contenidos\"},\"datePublished\":\"2017-08-04T17:49:41+02:00\",\"dateModified\":\"2017-08-04T17:49:41+02:00\",\"inLanguage\":\"es-ES\",\"mainEntityOfPage\":{\"@id\":\"https:\\\/\\\/www.eldigitaldeasturias.com\\\/noticias\\\/extenda-potencia-la-creacion-y-consolidacion-de-marcas-andaluzas-en-los-mercados-internacionales\\\/#webpage\"},\"isPartOf\":{\"@id\":\"https:\\\/\\\/www.eldigitaldeasturias.com\\\/noticias\\\/extenda-potencia-la-creacion-y-consolidacion-de-marcas-andaluzas-en-los-mercados-internacionales\\\/#webpage\"},\"articleSection\":\"Actualidad\"},{\"@type\":\"BreadcrumbList\",\"@id\":\"https:\\\/\\\/www.eldigitaldeasturias.com\\\/noticias\\\/extenda-potencia-la-creacion-y-consolidacion-de-marcas-andaluzas-en-los-mercados-internacionales\\\/#breadcrumblist\",\"itemListElement\":[{\"@type\":\"ListItem\",\"@id\":\"https:\\\/\\\/www.eldigitaldeasturias.com\\\/noticias#listItem\",\"position\":1,\"name\":\"Home\",\"item\":\"https:\\\/\\\/www.eldigitaldeasturias.com\\\/noticias\",\"nextItem\":{\"@type\":\"ListItem\",\"@id\":\"https:\\\/\\\/www.eldigitaldeasturias.com\\\/noticias\\\/category\\\/actualidad\\\/#listItem\",\"name\":\"Actualidad\"}},{\"@type\":\"ListItem\",\"@id\":\"https:\\\/\\\/www.eldigitaldeasturias.com\\\/noticias\\\/category\\\/actualidad\\\/#listItem\",\"position\":2,\"name\":\"Actualidad\",\"item\":\"https:\\\/\\\/www.eldigitaldeasturias.com\\\/noticias\\\/category\\\/actualidad\\\/\",\"nextItem\":{\"@type\":\"ListItem\",\"@id\":\"https:\\\/\\\/www.eldigitaldeasturias.com\\\/noticias\\\/extenda-potencia-la-creacion-y-consolidacion-de-marcas-andaluzas-en-los-mercados-internacionales\\\/#listItem\",\"name\":\"Extenda potencia la creaci\\u00f3n y consolidaci\\u00f3n de marcas andaluzas en los mercados internacionales\"},\"previousItem\":{\"@type\":\"ListItem\",\"@id\":\"https:\\\/\\\/www.eldigitaldeasturias.com\\\/noticias#listItem\",\"name\":\"Home\"}},{\"@type\":\"ListItem\",\"@id\":\"https:\\\/\\\/www.eldigitaldeasturias.com\\\/noticias\\\/extenda-potencia-la-creacion-y-consolidacion-de-marcas-andaluzas-en-los-mercados-internacionales\\\/#listItem\",\"position\":3,\"name\":\"Extenda potencia la creaci\\u00f3n y consolidaci\\u00f3n de marcas andaluzas en los mercados internacionales\",\"previousItem\":{\"@type\":\"ListItem\",\"@id\":\"https:\\\/\\\/www.eldigitaldeasturias.com\\\/noticias\\\/category\\\/actualidad\\\/#listItem\",\"name\":\"Actualidad\"}}]},{\"@type\":\"Organization\",\"@id\":\"https:\\\/\\\/www.eldigitaldeasturias.com\\\/noticias\\\/#organization\",\"name\":\"El Digital de Asturias\",\"description\":\"Hemeroteca\",\"url\":\"https:\\\/\\\/www.eldigitaldeasturias.com\\\/noticias\\\/\",\"email\":\"info@eldigitaldeasturias.com\",\"telephone\":\"+34652131393\",\"logo\":{\"@type\":\"ImageObject\",\"url\":\"https:\\\/\\\/www.eldigitaldeasturias.com\\\/noticias\\\/wp-content\\\/uploads\\\/2020\\\/12\\\/EDA.jpg\",\"@id\":\"https:\\\/\\\/www.eldigitaldeasturias.com\\\/noticias\\\/extenda-potencia-la-creacion-y-consolidacion-de-marcas-andaluzas-en-los-mercados-internacionales\\\/#organizationLogo\"},\"image\":{\"@id\":\"https:\\\/\\\/www.eldigitaldeasturias.com\\\/noticias\\\/extenda-potencia-la-creacion-y-consolidacion-de-marcas-andaluzas-en-los-mercados-internacionales\\\/#organizationLogo\"},\"sameAs\":[\"https:\\\/\\\/facebook.com\\\/eldigitaldeasturias\",\"https:\\\/\\\/www.youtube.com\\\/channel\\\/UCZP-2wLEB9Rv6erhFmqVnvg\"],\"address\":{\"@id\":\"https:\\\/\\\/www.eldigitaldeasturias.com\\\/noticias\\\/#postaladdress\",\"@type\":\"PostalAddress\",\"streetAddress\":\"san antonio 4\",\"postalCode\":\"33430\",\"addressLocality\":\"Cand\\u00e1s\",\"addressRegion\":\"Asturias\",\"addressCountry\":\"ES\"}},{\"@type\":\"Person\",\"@id\":\"https:\\\/\\\/www.eldigitaldeasturias.com\\\/noticias\\\/author\\\/admin\\\/#author\",\"url\":\"https:\\\/\\\/www.eldigitaldeasturias.com\\\/noticias\\\/author\\\/admin\\\/\",\"name\":\"El Digital de Asturias\",\"image\":{\"@type\":\"ImageObject\",\"@id\":\"https:\\\/\\\/www.eldigitaldeasturias.com\\\/noticias\\\/extenda-potencia-la-creacion-y-consolidacion-de-marcas-andaluzas-en-los-mercados-internacionales\\\/#authorImage\",\"url\":\"https:\\\/\\\/secure.gravatar.com\\\/avatar\\\/df2aeffc32bcd13f8d26072ef8a91b623d677766deac7f97ca815868cd41bf5e?s=96&d=mm&r=g\",\"width\":96,\"height\":96,\"caption\":\"El Digital de Asturias\"}},{\"@type\":\"WebPage\",\"@id\":\"https:\\\/\\\/www.eldigitaldeasturias.com\\\/noticias\\\/extenda-potencia-la-creacion-y-consolidacion-de-marcas-andaluzas-en-los-mercados-internacionales\\\/#webpage\",\"url\":\"https:\\\/\\\/www.eldigitaldeasturias.com\\\/noticias\\\/extenda-potencia-la-creacion-y-consolidacion-de-marcas-andaluzas-en-los-mercados-internacionales\\\/\",\"name\":\"Extenda potencia la creaci\\u00f3n y consolidaci\\u00f3n de marcas andaluzas en los mercados internacionales - El Digital de Asturias\",\"description\":\"Extenda-Agencia Andaluza de Promoci\\u00f3n Exterior, dependiente de la Consejer\\u00eda de Econom\\u00eda y Conocimiento, pone a disposici\\u00f3n de las empresas andaluzas un programa dirigido a potenciar la creaci\\u00f3n y consolidaci\\u00f3n de la imagen de marca de las firmas de Andaluc\\u00eda en el exterior, con el fin de mejorar su posici\\u00f3n competitiva en mercados internacionales. Este programa,\",\"inLanguage\":\"es-ES\",\"isPartOf\":{\"@id\":\"https:\\\/\\\/www.eldigitaldeasturias.com\\\/noticias\\\/#website\"},\"breadcrumb\":{\"@id\":\"https:\\\/\\\/www.eldigitaldeasturias.com\\\/noticias\\\/extenda-potencia-la-creacion-y-consolidacion-de-marcas-andaluzas-en-los-mercados-internacionales\\\/#breadcrumblist\"},\"author\":{\"@id\":\"https:\\\/\\\/www.eldigitaldeasturias.com\\\/noticias\\\/author\\\/admin\\\/#author\"},\"creator\":{\"@id\":\"https:\\\/\\\/www.eldigitaldeasturias.com\\\/noticias\\\/author\\\/admin\\\/#author\"},\"image\":{\"@type\":\"ImageObject\",\"url\":\"https:\\\/\\\/www.eldigitaldeasturias.com\\\/noticias\\\/wp-content\\\/uploads\\\/2026\\\/06\\\/Contenidos.jpg\",\"@id\":\"https:\\\/\\\/www.eldigitaldeasturias.com\\\/noticias\\\/extenda-potencia-la-creacion-y-consolidacion-de-marcas-andaluzas-en-los-mercados-internacionales\\\/#mainImage\",\"width\":1265,\"height\":697,\"caption\":\"Contenidos\"},\"primaryImageOfPage\":{\"@id\":\"https:\\\/\\\/www.eldigitaldeasturias.com\\\/noticias\\\/extenda-potencia-la-creacion-y-consolidacion-de-marcas-andaluzas-en-los-mercados-internacionales\\\/#mainImage\"},\"datePublished\":\"2017-08-04T17:49:41+02:00\",\"dateModified\":\"2017-08-04T17:49:41+02:00\"},{\"@type\":\"WebSite\",\"@id\":\"https:\\\/\\\/www.eldigitaldeasturias.com\\\/noticias\\\/#website\",\"url\":\"https:\\\/\\\/www.eldigitaldeasturias.com\\\/noticias\\\/\",\"name\":\"El Digital de Asturias - Diario de actualidad y noticias\",\"alternateName\":\"El Digital de Asturias - Diario de actualidad y noticias\",\"description\":\"Hemeroteca\",\"inLanguage\":\"es-ES\",\"publisher\":{\"@id\":\"https:\\\/\\\/www.eldigitaldeasturias.com\\\/noticias\\\/#organization\"}}]}\n\t\t<\/script>\n\t\t<!-- All in One SEO Pro -->\r\n\t\t<title>Extenda potencia la creaci\u00f3n y consolidaci\u00f3n de marcas andaluzas en los mercados internacionales - El Digital de Asturias<\/title>\n\n","aioseo_head_json":{"title":"Extenda potencia la creaci\u00f3n y consolidaci\u00f3n de marcas andaluzas en los mercados internacionales - El Digital de Asturias","description":"Extenda-Agencia Andaluza de Promoci\u00f3n Exterior, dependiente de la Consejer\u00eda de Econom\u00eda y Conocimiento, pone a disposici\u00f3n de las empresas andaluzas un programa dirigido a potenciar la creaci\u00f3n y consolidaci\u00f3n de la imagen de marca de las firmas de Andaluc\u00eda en el exterior, con el fin de mejorar su posici\u00f3n competitiva en mercados internacionales. Este programa,","canonical_url":"https:\/\/www.eldigitaldeasturias.com\/noticias\/extenda-potencia-la-creacion-y-consolidacion-de-marcas-andaluzas-en-los-mercados-internacionales\/","robots":"max-image-preview:large","keywords":"actualidad","webmasterTools":{"google-site-verification":"UA-38556648-1","msvalidate.01":"7dfe9f3f1b24437ab69f4f2559babe99","miscellaneous":""},"schema":{"@context":"https:\/\/schema.org","@graph":[{"@type":"BlogPosting","@id":"https:\/\/www.eldigitaldeasturias.com\/noticias\/extenda-potencia-la-creacion-y-consolidacion-de-marcas-andaluzas-en-los-mercados-internacionales\/#blogposting","name":"Extenda potencia la creaci\u00f3n y consolidaci\u00f3n de marcas andaluzas en los mercados internacionales - El Digital de Asturias","headline":"Extenda potencia la creaci\u00f3n y consolidaci\u00f3n de marcas andaluzas en los mercados internacionales","author":{"@id":"https:\/\/www.eldigitaldeasturias.com\/noticias\/author\/admin\/#author"},"publisher":{"@id":"https:\/\/www.eldigitaldeasturias.com\/noticias\/#organization"},"image":{"@type":"ImageObject","url":"https:\/\/www.eldigitaldeasturias.com\/noticias\/wp-content\/uploads\/2026\/06\/Contenidos.jpg","width":1265,"height":697,"caption":"Contenidos"},"datePublished":"2017-08-04T17:49:41+02:00","dateModified":"2017-08-04T17:49:41+02:00","inLanguage":"es-ES","mainEntityOfPage":{"@id":"https:\/\/www.eldigitaldeasturias.com\/noticias\/extenda-potencia-la-creacion-y-consolidacion-de-marcas-andaluzas-en-los-mercados-internacionales\/#webpage"},"isPartOf":{"@id":"https:\/\/www.eldigitaldeasturias.com\/noticias\/extenda-potencia-la-creacion-y-consolidacion-de-marcas-andaluzas-en-los-mercados-internacionales\/#webpage"},"articleSection":"Actualidad"},{"@type":"BreadcrumbList","@id":"https:\/\/www.eldigitaldeasturias.com\/noticias\/extenda-potencia-la-creacion-y-consolidacion-de-marcas-andaluzas-en-los-mercados-internacionales\/#breadcrumblist","itemListElement":[{"@type":"ListItem","@id":"https:\/\/www.eldigitaldeasturias.com\/noticias#listItem","position":1,"name":"Home","item":"https:\/\/www.eldigitaldeasturias.com\/noticias","nextItem":{"@type":"ListItem","@id":"https:\/\/www.eldigitaldeasturias.com\/noticias\/category\/actualidad\/#listItem","name":"Actualidad"}},{"@type":"ListItem","@id":"https:\/\/www.eldigitaldeasturias.com\/noticias\/category\/actualidad\/#listItem","position":2,"name":"Actualidad","item":"https:\/\/www.eldigitaldeasturias.com\/noticias\/category\/actualidad\/","nextItem":{"@type":"ListItem","@id":"https:\/\/www.eldigitaldeasturias.com\/noticias\/extenda-potencia-la-creacion-y-consolidacion-de-marcas-andaluzas-en-los-mercados-internacionales\/#listItem","name":"Extenda potencia la creaci\u00f3n y consolidaci\u00f3n de marcas andaluzas en los mercados internacionales"},"previousItem":{"@type":"ListItem","@id":"https:\/\/www.eldigitaldeasturias.com\/noticias#listItem","name":"Home"}},{"@type":"ListItem","@id":"https:\/\/www.eldigitaldeasturias.com\/noticias\/extenda-potencia-la-creacion-y-consolidacion-de-marcas-andaluzas-en-los-mercados-internacionales\/#listItem","position":3,"name":"Extenda potencia la creaci\u00f3n y consolidaci\u00f3n de marcas andaluzas en los mercados internacionales","previousItem":{"@type":"ListItem","@id":"https:\/\/www.eldigitaldeasturias.com\/noticias\/category\/actualidad\/#listItem","name":"Actualidad"}}]},{"@type":"Organization","@id":"https:\/\/www.eldigitaldeasturias.com\/noticias\/#organization","name":"El Digital de Asturias","description":"Hemeroteca","url":"https:\/\/www.eldigitaldeasturias.com\/noticias\/","email":"info@eldigitaldeasturias.com","telephone":"+34652131393","logo":{"@type":"ImageObject","url":"https:\/\/www.eldigitaldeasturias.com\/noticias\/wp-content\/uploads\/2020\/12\/EDA.jpg","@id":"https:\/\/www.eldigitaldeasturias.com\/noticias\/extenda-potencia-la-creacion-y-consolidacion-de-marcas-andaluzas-en-los-mercados-internacionales\/#organizationLogo"},"image":{"@id":"https:\/\/www.eldigitaldeasturias.com\/noticias\/extenda-potencia-la-creacion-y-consolidacion-de-marcas-andaluzas-en-los-mercados-internacionales\/#organizationLogo"},"sameAs":["https:\/\/facebook.com\/eldigitaldeasturias","https:\/\/www.youtube.com\/channel\/UCZP-2wLEB9Rv6erhFmqVnvg"],"address":{"@id":"https:\/\/www.eldigitaldeasturias.com\/noticias\/#postaladdress","@type":"PostalAddress","streetAddress":"san antonio 4","postalCode":"33430","addressLocality":"Cand\u00e1s","addressRegion":"Asturias","addressCountry":"ES"}},{"@type":"Person","@id":"https:\/\/www.eldigitaldeasturias.com\/noticias\/author\/admin\/#author","url":"https:\/\/www.eldigitaldeasturias.com\/noticias\/author\/admin\/","name":"El Digital de Asturias","image":{"@type":"ImageObject","@id":"https:\/\/www.eldigitaldeasturias.com\/noticias\/extenda-potencia-la-creacion-y-consolidacion-de-marcas-andaluzas-en-los-mercados-internacionales\/#authorImage","url":"https:\/\/secure.gravatar.com\/avatar\/df2aeffc32bcd13f8d26072ef8a91b623d677766deac7f97ca815868cd41bf5e?s=96&d=mm&r=g","width":96,"height":96,"caption":"El Digital de Asturias"}},{"@type":"WebPage","@id":"https:\/\/www.eldigitaldeasturias.com\/noticias\/extenda-potencia-la-creacion-y-consolidacion-de-marcas-andaluzas-en-los-mercados-internacionales\/#webpage","url":"https:\/\/www.eldigitaldeasturias.com\/noticias\/extenda-potencia-la-creacion-y-consolidacion-de-marcas-andaluzas-en-los-mercados-internacionales\/","name":"Extenda potencia la creaci\u00f3n y consolidaci\u00f3n de marcas andaluzas en los mercados internacionales - El Digital de Asturias","description":"Extenda-Agencia Andaluza de Promoci\u00f3n Exterior, dependiente de la Consejer\u00eda de Econom\u00eda y Conocimiento, pone a disposici\u00f3n de las empresas andaluzas un programa dirigido a potenciar la creaci\u00f3n y consolidaci\u00f3n de la imagen de marca de las firmas de Andaluc\u00eda en el exterior, con el fin de mejorar su posici\u00f3n competitiva en mercados internacionales. Este programa,","inLanguage":"es-ES","isPartOf":{"@id":"https:\/\/www.eldigitaldeasturias.com\/noticias\/#website"},"breadcrumb":{"@id":"https:\/\/www.eldigitaldeasturias.com\/noticias\/extenda-potencia-la-creacion-y-consolidacion-de-marcas-andaluzas-en-los-mercados-internacionales\/#breadcrumblist"},"author":{"@id":"https:\/\/www.eldigitaldeasturias.com\/noticias\/author\/admin\/#author"},"creator":{"@id":"https:\/\/www.eldigitaldeasturias.com\/noticias\/author\/admin\/#author"},"image":{"@type":"ImageObject","url":"https:\/\/www.eldigitaldeasturias.com\/noticias\/wp-content\/uploads\/2026\/06\/Contenidos.jpg","@id":"https:\/\/www.eldigitaldeasturias.com\/noticias\/extenda-potencia-la-creacion-y-consolidacion-de-marcas-andaluzas-en-los-mercados-internacionales\/#mainImage","width":1265,"height":697,"caption":"Contenidos"},"primaryImageOfPage":{"@id":"https:\/\/www.eldigitaldeasturias.com\/noticias\/extenda-potencia-la-creacion-y-consolidacion-de-marcas-andaluzas-en-los-mercados-internacionales\/#mainImage"},"datePublished":"2017-08-04T17:49:41+02:00","dateModified":"2017-08-04T17:49:41+02:00"},{"@type":"WebSite","@id":"https:\/\/www.eldigitaldeasturias.com\/noticias\/#website","url":"https:\/\/www.eldigitaldeasturias.com\/noticias\/","name":"El Digital de Asturias - Diario de actualidad y noticias","alternateName":"El Digital de Asturias - Diario de actualidad y noticias","description":"Hemeroteca","inLanguage":"es-ES","publisher":{"@id":"https:\/\/www.eldigitaldeasturias.com\/noticias\/#organization"}}]},"og:locale":"es_ES","og:site_name":"El Digital de Asturias","og:type":"article","og:title":"Extenda potencia la creaci\u00f3n y consolidaci\u00f3n de marcas andaluzas en los mercados internacionales - El Digital de Asturias","og:description":"Extenda-Agencia Andaluza de Promoci\u00f3n Exterior, dependiente de la Consejer\u00eda de Econom\u00eda y Conocimiento, pone a disposici\u00f3n de las empresas andaluzas un programa dirigido a potenciar la creaci\u00f3n y consolidaci\u00f3n de la imagen de marca de las firmas de Andaluc\u00eda en el exterior, con el fin de mejorar su posici\u00f3n competitiva en mercados internacionales. Este programa,","og:url":"https:\/\/www.eldigitaldeasturias.com\/noticias\/extenda-potencia-la-creacion-y-consolidacion-de-marcas-andaluzas-en-los-mercados-internacionales\/","og:image":"https:\/\/www.eldigitaldeasturias.com\/noticias\/wp-content\/uploads\/2026\/06\/Contenidos.jpg","og:image:secure_url":"https:\/\/www.eldigitaldeasturias.com\/noticias\/wp-content\/uploads\/2026\/06\/Contenidos.jpg","og:image:width":1265,"og:image:height":697,"article:tag":["actualidad"],"article:published_time":"2017-08-04T17:49:41+00:00","article:modified_time":"2017-08-04T17:49:41+00:00","article:publisher":"https:\/\/facebook.com\/eldigitaldeasturias","twitter:card":"summary_large_image","twitter:title":"Extenda potencia la creaci\u00f3n y consolidaci\u00f3n de marcas andaluzas en los mercados internacionales - El Digital de Asturias","twitter:description":"Extenda-Agencia Andaluza de Promoci\u00f3n Exterior, dependiente de la Consejer\u00eda de Econom\u00eda y Conocimiento, pone a disposici\u00f3n de las empresas andaluzas un programa dirigido a potenciar la creaci\u00f3n y consolidaci\u00f3n de la imagen de marca de las firmas de Andaluc\u00eda en el exterior, con el fin de mejorar su posici\u00f3n competitiva en mercados internacionales. Este programa,","twitter:image":"https:\/\/www.eldigitaldeasturias.com\/noticias\/wp-content\/uploads\/2026\/06\/Contenidos.jpg","twitter:label1":"Escrito por","twitter:data1":"El Digital de Asturias","twitter:label2":"Tiempo de lectura estimado","twitter:data2":"5 minutos"},"aioseo_meta_data":{"post_id":"948728","title":null,"description":null,"keywords":null,"keyphrases":null,"primary_term":null,"canonical_url":null,"og_title":null,"og_description":null,"og_object_type":"default","og_image_type":"default","og_image_url":null,"og_image_width":null,"og_image_height":null,"og_image_custom_url":null,"og_image_custom_fields":null,"og_video":null,"og_custom_url":null,"og_article_section":null,"og_article_tags":null,"twitter_use_og":false,"twitter_card":"default","twitter_image_type":"default","twitter_image_url":null,"twitter_image_custom_url":null,"twitter_image_custom_fields":null,"twitter_title":null,"twitter_description":null,"schema":{"blockGraphs":[],"customGraphs":[],"default":{"data":{"Article":[],"Course":[],"Dataset":[],"FAQPage":[],"Movie":[],"Person":[],"Product":[],"ProductReview":[],"Car":[],"Recipe":[],"Service":[],"SoftwareApplication":[],"WebPage":[]},"graphName":"","isEnabled":true},"graphs":[],"defaultGraph":"","defaultPostTypeGraph":""},"schema_type":null,"schema_type_options":null,"pillar_content":false,"robots_default":true,"robots_noindex":false,"robots_noarchive":false,"robots_nosnippet":false,"robots_nofollow":false,"robots_noimageindex":false,"robots_noodp":false,"robots_notranslate":false,"robots_max_snippet":null,"robots_max_videopreview":null,"robots_max_imagepreview":"large","priority":null,"frequency":null,"local_seo":null,"seo_analyzer_scan_date":"2025-12-05 09:42:18","breadcrumb_settings":null,"limit_modified_date":false,"open_ai":null,"ai":null,"created":"2020-12-21 13:03:37","updated":"2025-12-05 09:42:18","focus_keyword":null,"additional_keywords":null,"truseo_locale":null},"aioseo_breadcrumb":"<div class=\"aioseo-breadcrumbs\"><span class=\"aioseo-breadcrumb\">\n\t<a href=\"https:\/\/www.eldigitaldeasturias.com\/noticias\" title=\"Home\">Home<\/a>\n<\/span><span class=\"aioseo-breadcrumb-separator\">\u2013<\/span><span class=\"aioseo-breadcrumb\">\n\t<a href=\"https:\/\/www.eldigitaldeasturias.com\/noticias\/category\/actualidad\/\" title=\"Actualidad\">Actualidad<\/a>\n<\/span><span class=\"aioseo-breadcrumb-separator\">\u2013<\/span><span class=\"aioseo-breadcrumb\">\n\t<a href=\"https:\/\/www.eldigitaldeasturias.com\/noticias\/extenda-potencia-la-creacion-y-consolidacion-de-marcas-andaluzas-en-los-mercados-internacionales\/\" title=\"Extenda potencia la creaci\u00f3n y consolidaci\u00f3n de marcas andaluzas en los mercados internacionales\">Extenda potencia la creaci\u00f3n y consolidaci\u00f3n de marcas andaluzas en los mercados internacionales<\/a>\n<\/span><\/div>","aioseo_breadcrumb_json":[{"label":"Home","link":"https:\/\/www.eldigitaldeasturias.com\/noticias"},{"label":"Actualidad","link":"https:\/\/www.eldigitaldeasturias.com\/noticias\/category\/actualidad\/"},{"label":"Extenda potencia la creaci\u00f3n y consolidaci\u00f3n de marcas andaluzas en los mercados internacionales","link":"https:\/\/www.eldigitaldeasturias.com\/noticias\/extenda-potencia-la-creacion-y-consolidacion-de-marcas-andaluzas-en-los-mercados-internacionales\/"}],"_links":{"self":[{"href":"https:\/\/www.eldigitaldeasturias.com\/noticias\/wp-json\/wp\/v2\/posts\/948728","targetHints":{"allow":["GET"]}}],"collection":[{"href":"https:\/\/www.eldigitaldeasturias.com\/noticias\/wp-json\/wp\/v2\/posts"}],"about":[{"href":"https:\/\/www.eldigitaldeasturias.com\/noticias\/wp-json\/wp\/v2\/types\/post"}],"author":[{"embeddable":true,"href":"https:\/\/www.eldigitaldeasturias.com\/noticias\/wp-json\/wp\/v2\/users\/1"}],"replies":[{"embeddable":true,"href":"https:\/\/www.eldigitaldeasturias.com\/noticias\/wp-json\/wp\/v2\/comments?post=948728"}],"version-history":[{"count":0,"href":"https:\/\/www.eldigitaldeasturias.com\/noticias\/wp-json\/wp\/v2\/posts\/948728\/revisions"}],"wp:featuredmedia":[{"embeddable":true,"href":"https:\/\/www.eldigitaldeasturias.com\/noticias\/wp-json\/wp\/v2\/media\/1132184"}],"wp:attachment":[{"href":"https:\/\/www.eldigitaldeasturias.com\/noticias\/wp-json\/wp\/v2\/media?parent=948728"}],"wp:term":[{"taxonomy":"category","embeddable":true,"href":"https:\/\/www.eldigitaldeasturias.com\/noticias\/wp-json\/wp\/v2\/categories?post=948728"},{"taxonomy":"post_tag","embeddable":true,"href":"https:\/\/www.eldigitaldeasturias.com\/noticias\/wp-json\/wp\/v2\/tags?post=948728"}],"curies":[{"name":"wp","href":"https:\/\/api.w.org\/{rel}","templated":true}]}}