{"id":948726,"date":"2017-08-04T17:48:59","date_gmt":"2017-08-04T17:48:59","guid":{"rendered":"http:\/\/www.eldigitaldeasturias.com\/noticias\/?p=948726"},"modified":"2017-08-04T17:48:59","modified_gmt":"2017-08-04T17:48:59","slug":"publicada-en-boja-la-orden-general-de-vedas-de-la-temporada-cinegetica-2017-2018-en-andalucia","status":"publish","type":"post","link":"https:\/\/www.eldigitaldeasturias.com\/noticias\/publicada-en-boja-la-orden-general-de-vedas-de-la-temporada-cinegetica-2017-2018-en-andalucia\/","title":{"rendered":"Publicada en BOJA la Orden General de Vedas de la temporada cineg\u00e9tica 2017-2018 en Andaluc\u00eda"},"content":{"rendered":"<p>El Bolet\u00edn Oficial de la Junta de Andaluc\u00eda ha publicado la nueva orden en la que se recogen las vedas y per\u00edodos h\u00e1biles de caza y en la que se dan a conocer las novedades para la temporada 2017\/2018 en Andaluc\u00eda. En esta norma, que modifica la del 5 de junio de 2015, se incluyen las medidas acordadas en el \u00faltimo Comit\u00e9 de Caza y que tienen como objetivo favorecer una actividad cineg\u00e9tica respetuosa, ordenada y sostenible en todo el territorio andaluz.<\/p>\n<p>Entre los cambios registrados este a\u00f1o sobresale la modificaci\u00f3n del per\u00edodo h\u00e1bil para la caza de zorzales y estornino pinto, retrasando tanto el inicio como el final de su periodo al 12 de noviembre y 4 de febrero, para adaptarlo al estudio denominado &#8216;Fenolog\u00eda migratoria del zorzal com\u00fan. Levantamiento de informaci\u00f3n con referencia geogr\u00e1fica en Andaluc\u00eda para su conservaci\u00f3n como patrimonio natural\u00bb. Igualmente se procede para la zona costera de C\u00e1diz, que se desplaza el inicio del periodo h\u00e1bil al 15 de octubre y el final al 4 de febrero.<\/p>\n<p>Respecto a la modalidad de perdiz roja con reclamo se ha aprobado que los cotos de caza de la provincia de M\u00e1laga, adscritos a las \u00e1reas cineg\u00e9ticas de Tejeda-Almijara y Ronda-Grazalema, puedan optar entre el periodo h\u00e1bil de caza de su grupo de zonas cineg\u00e9ticas y el correspondiente al de fechas m\u00e1s tempranas, al tratarse de una medida de conservaci\u00f3n respecto al periodo de reproducci\u00f3n de la especie, tal y como recomienda la Comisi\u00f3n Europea.<\/p>\n<p>En relaci\u00f3n con la caza del conejo y la t\u00f3rtola com\u00fan se reduce el cupo de captura de los mismos y se excluye la t\u00f3rtola del periodo general de caza, es decir, del 8 de octubre al 31 de diciembre, con el fin de favorecer el estado de sus poblaciones. Entre las causas que han provocado el declive de las poblaciones de t\u00f3rtola com\u00fan en todo el territorio nacional y europeo se encuentran la destrucci\u00f3n y alteraci\u00f3n de su h\u00e1bitat de cr\u00eda, la intensificaci\u00f3n agr\u00edcola en zonas productivas, el empleo masivo de fitosanitarios, la desaparici\u00f3n de linderos arbolados y bosques de ribera, la caza abusiva o las pr\u00e1cticas ilegales.<\/p>\n<p>\u00d3rgano de participaci\u00f3n<\/p>\n<p>El Comit\u00e9 Andaluz de Caza, en el que est\u00e1n representados todos los sectores econ\u00f3micos y sociales que participan de alg\u00fan modo en el desarrollo de las actividades cineg\u00e9ticas, colabora en los cambios que se producen en la orden general de vedas y en la que se recoge la mayor\u00eda de las propuestas realizadas por el sector. De esta manera se pretende garantizar, con una oferta atractiva, el ejercicio de la caza de manera sostenible adem\u00e1s de consolidarlo como un medio de desarrollo socioecon\u00f3mico en los n\u00facleos rurales.<\/p>\n","protected":false},"excerpt":{"rendered":"<p>El Bolet\u00edn Oficial de la Junta de Andaluc\u00eda ha publicado la nueva orden en la que se recogen las vedas y per\u00edodos h\u00e1biles de caza y en la que se dan a conocer las novedades para la temporada 2017\/2018 en Andaluc\u00eda. En esta norma, que modifica la del 5 de junio de 2015, se incluyen [&hellip;]<\/p>\n","protected":false},"author":1,"featured_media":1132184,"comment_status":"closed","ping_status":"closed","sticky":false,"template":"","format":"standard","meta":{"footnotes":""},"categories":[1],"tags":[],"class_list":["post-948726","post","type-post","status-publish","format-standard","has-post-thumbnail","hentry","category-actualidad"],"aioseo_notices":[],"aioseo_head":"\n\t\t<!-- All in One SEO Pro 5.0.1 - aioseo.com -->\n\t<meta name=\"description\" content=\"El Bolet\u00edn Oficial de la Junta de Andaluc\u00eda ha publicado la nueva orden en la que se recogen las vedas y per\u00edodos h\u00e1biles de caza y en la que se dan a conocer las novedades para la temporada 2017\/2018 en Andaluc\u00eda. En esta norma, que modifica la del 5 de junio de 2015, se incluyen\" \/>\n\t<meta name=\"robots\" content=\"max-image-preview:large\" \/>\n\t<meta name=\"author\" content=\"El Digital de Asturias\"\/>\n\t<meta name=\"google-site-verification\" content=\"UA-38556648-1\" \/>\n\t<meta name=\"msvalidate.01\" content=\"7dfe9f3f1b24437ab69f4f2559babe99\" \/>\n\t<meta name=\"keywords\" content=\"actualidad\" \/>\n\t<link rel=\"canonical\" href=\"https:\/\/www.eldigitaldeasturias.com\/noticias\/publicada-en-boja-la-orden-general-de-vedas-de-la-temporada-cinegetica-2017-2018-en-andalucia\/\" \/>\n\t<meta name=\"generator\" content=\"All in One SEO Pro (AIOSEO) 5.0.1\" \/>\n\t\t<meta property=\"og:locale\" content=\"es_ES\" \/>\n\t\t<meta property=\"og:site_name\" content=\"El Digital de Asturias\" \/>\n\t\t<meta property=\"og:type\" content=\"article\" \/>\n\t\t<meta property=\"og:title\" content=\"Publicada en BOJA la Orden General de Vedas de la temporada cineg\u00e9tica 2017-2018 en Andaluc\u00eda - El Digital de Asturias\" \/>\n\t\t<meta property=\"og:description\" content=\"El Bolet\u00edn Oficial de la Junta de Andaluc\u00eda ha publicado la nueva orden en la que se recogen las vedas y per\u00edodos h\u00e1biles de caza y en la que se dan a conocer las novedades para la temporada 2017\/2018 en Andaluc\u00eda. En esta norma, que modifica la del 5 de junio de 2015, se incluyen\" \/>\n\t\t<meta property=\"og:url\" content=\"https:\/\/www.eldigitaldeasturias.com\/noticias\/publicada-en-boja-la-orden-general-de-vedas-de-la-temporada-cinegetica-2017-2018-en-andalucia\/\" \/>\n\t\t<meta property=\"og:image\" content=\"https:\/\/www.eldigitaldeasturias.com\/noticias\/wp-content\/uploads\/2026\/06\/Contenidos.jpg\" \/>\n\t\t<meta property=\"og:image:secure_url\" content=\"https:\/\/www.eldigitaldeasturias.com\/noticias\/wp-content\/uploads\/2026\/06\/Contenidos.jpg\" \/>\n\t\t<meta property=\"og:image:width\" content=\"1265\" \/>\n\t\t<meta property=\"og:image:height\" content=\"697\" \/>\n\t\t<meta property=\"article:tag\" content=\"actualidad\" \/>\n\t\t<meta property=\"article:published_time\" content=\"2017-08-04T17:48:59+00:00\" \/>\n\t\t<meta property=\"article:modified_time\" content=\"2017-08-04T17:48:59+00:00\" \/>\n\t\t<meta property=\"article:publisher\" content=\"https:\/\/facebook.com\/eldigitaldeasturias\" \/>\n\t\t<meta name=\"twitter:card\" content=\"summary_large_image\" \/>\n\t\t<meta name=\"twitter:title\" content=\"Publicada en BOJA la Orden General de Vedas de la temporada cineg\u00e9tica 2017-2018 en Andaluc\u00eda - El Digital de Asturias\" \/>\n\t\t<meta name=\"twitter:description\" content=\"El Bolet\u00edn Oficial de la Junta de Andaluc\u00eda ha publicado la nueva orden en la que se recogen las vedas y per\u00edodos h\u00e1biles de caza y en la que se dan a conocer las novedades para la temporada 2017\/2018 en Andaluc\u00eda. En esta norma, que modifica la del 5 de junio de 2015, se incluyen\" \/>\n\t\t<meta name=\"twitter:image\" content=\"https:\/\/www.eldigitaldeasturias.com\/noticias\/wp-content\/uploads\/2026\/06\/Contenidos.jpg\" \/>\n\t\t<meta name=\"twitter:label1\" content=\"Escrito por\" \/>\n\t\t<meta name=\"twitter:data1\" content=\"El Digital de Asturias\" \/>\n\t\t<meta name=\"twitter:label2\" content=\"Tiempo de lectura estimado\" \/>\n\t\t<meta name=\"twitter:data2\" content=\"2 minutos\" \/>\n\t\t<script type=\"application\/ld+json\" class=\"aioseo-schema\">\n\t\t\t{\"@context\":\"https:\\\/\\\/schema.org\",\"@graph\":[{\"@type\":\"BlogPosting\",\"@id\":\"https:\\\/\\\/www.eldigitaldeasturias.com\\\/noticias\\\/publicada-en-boja-la-orden-general-de-vedas-de-la-temporada-cinegetica-2017-2018-en-andalucia\\\/#blogposting\",\"name\":\"Publicada en BOJA la Orden General de Vedas de la temporada cineg\\u00e9tica 2017-2018 en Andaluc\\u00eda - El Digital de Asturias\",\"headline\":\"Publicada en BOJA la Orden General de Vedas de la temporada cineg\\u00e9tica 2017-2018 en Andaluc\\u00eda\",\"author\":{\"@id\":\"https:\\\/\\\/www.eldigitaldeasturias.com\\\/noticias\\\/author\\\/admin\\\/#author\"},\"publisher\":{\"@id\":\"https:\\\/\\\/www.eldigitaldeasturias.com\\\/noticias\\\/#organization\"},\"image\":{\"@type\":\"ImageObject\",\"url\":\"https:\\\/\\\/www.eldigitaldeasturias.com\\\/noticias\\\/wp-content\\\/uploads\\\/2026\\\/06\\\/Contenidos.jpg\",\"width\":1265,\"height\":697,\"caption\":\"Contenidos\"},\"datePublished\":\"2017-08-04T17:48:59+02:00\",\"dateModified\":\"2017-08-04T17:48:59+02:00\",\"inLanguage\":\"es-ES\",\"mainEntityOfPage\":{\"@id\":\"https:\\\/\\\/www.eldigitaldeasturias.com\\\/noticias\\\/publicada-en-boja-la-orden-general-de-vedas-de-la-temporada-cinegetica-2017-2018-en-andalucia\\\/#webpage\"},\"isPartOf\":{\"@id\":\"https:\\\/\\\/www.eldigitaldeasturias.com\\\/noticias\\\/publicada-en-boja-la-orden-general-de-vedas-de-la-temporada-cinegetica-2017-2018-en-andalucia\\\/#webpage\"},\"articleSection\":\"Actualidad\"},{\"@type\":\"BreadcrumbList\",\"@id\":\"https:\\\/\\\/www.eldigitaldeasturias.com\\\/noticias\\\/publicada-en-boja-la-orden-general-de-vedas-de-la-temporada-cinegetica-2017-2018-en-andalucia\\\/#breadcrumblist\",\"itemListElement\":[{\"@type\":\"ListItem\",\"@id\":\"https:\\\/\\\/www.eldigitaldeasturias.com\\\/noticias#listItem\",\"position\":1,\"name\":\"Home\",\"item\":\"https:\\\/\\\/www.eldigitaldeasturias.com\\\/noticias\",\"nextItem\":{\"@type\":\"ListItem\",\"@id\":\"https:\\\/\\\/www.eldigitaldeasturias.com\\\/noticias\\\/category\\\/actualidad\\\/#listItem\",\"name\":\"Actualidad\"}},{\"@type\":\"ListItem\",\"@id\":\"https:\\\/\\\/www.eldigitaldeasturias.com\\\/noticias\\\/category\\\/actualidad\\\/#listItem\",\"position\":2,\"name\":\"Actualidad\",\"item\":\"https:\\\/\\\/www.eldigitaldeasturias.com\\\/noticias\\\/category\\\/actualidad\\\/\",\"nextItem\":{\"@type\":\"ListItem\",\"@id\":\"https:\\\/\\\/www.eldigitaldeasturias.com\\\/noticias\\\/publicada-en-boja-la-orden-general-de-vedas-de-la-temporada-cinegetica-2017-2018-en-andalucia\\\/#listItem\",\"name\":\"Publicada en BOJA la Orden General de Vedas de la temporada cineg\\u00e9tica 2017-2018 en Andaluc\\u00eda\"},\"previousItem\":{\"@type\":\"ListItem\",\"@id\":\"https:\\\/\\\/www.eldigitaldeasturias.com\\\/noticias#listItem\",\"name\":\"Home\"}},{\"@type\":\"ListItem\",\"@id\":\"https:\\\/\\\/www.eldigitaldeasturias.com\\\/noticias\\\/publicada-en-boja-la-orden-general-de-vedas-de-la-temporada-cinegetica-2017-2018-en-andalucia\\\/#listItem\",\"position\":3,\"name\":\"Publicada en BOJA la Orden General de Vedas de la temporada cineg\\u00e9tica 2017-2018 en Andaluc\\u00eda\",\"previousItem\":{\"@type\":\"ListItem\",\"@id\":\"https:\\\/\\\/www.eldigitaldeasturias.com\\\/noticias\\\/category\\\/actualidad\\\/#listItem\",\"name\":\"Actualidad\"}}]},{\"@type\":\"Organization\",\"@id\":\"https:\\\/\\\/www.eldigitaldeasturias.com\\\/noticias\\\/#organization\",\"name\":\"El Digital de Asturias\",\"description\":\"Hemeroteca\",\"url\":\"https:\\\/\\\/www.eldigitaldeasturias.com\\\/noticias\\\/\",\"email\":\"info@eldigitaldeasturias.com\",\"telephone\":\"+34652131393\",\"logo\":{\"@type\":\"ImageObject\",\"url\":\"https:\\\/\\\/www.eldigitaldeasturias.com\\\/noticias\\\/wp-content\\\/uploads\\\/2020\\\/12\\\/EDA.jpg\",\"@id\":\"https:\\\/\\\/www.eldigitaldeasturias.com\\\/noticias\\\/publicada-en-boja-la-orden-general-de-vedas-de-la-temporada-cinegetica-2017-2018-en-andalucia\\\/#organizationLogo\"},\"image\":{\"@id\":\"https:\\\/\\\/www.eldigitaldeasturias.com\\\/noticias\\\/publicada-en-boja-la-orden-general-de-vedas-de-la-temporada-cinegetica-2017-2018-en-andalucia\\\/#organizationLogo\"},\"sameAs\":[\"https:\\\/\\\/facebook.com\\\/eldigitaldeasturias\",\"https:\\\/\\\/www.youtube.com\\\/channel\\\/UCZP-2wLEB9Rv6erhFmqVnvg\"],\"address\":{\"@id\":\"https:\\\/\\\/www.eldigitaldeasturias.com\\\/noticias\\\/#postaladdress\",\"@type\":\"PostalAddress\",\"streetAddress\":\"san antonio 4\",\"postalCode\":\"33430\",\"addressLocality\":\"Cand\\u00e1s\",\"addressRegion\":\"Asturias\",\"addressCountry\":\"ES\"}},{\"@type\":\"Person\",\"@id\":\"https:\\\/\\\/www.eldigitaldeasturias.com\\\/noticias\\\/author\\\/admin\\\/#author\",\"url\":\"https:\\\/\\\/www.eldigitaldeasturias.com\\\/noticias\\\/author\\\/admin\\\/\",\"name\":\"El Digital de Asturias\",\"image\":{\"@type\":\"ImageObject\",\"@id\":\"https:\\\/\\\/www.eldigitaldeasturias.com\\\/noticias\\\/publicada-en-boja-la-orden-general-de-vedas-de-la-temporada-cinegetica-2017-2018-en-andalucia\\\/#authorImage\",\"url\":\"https:\\\/\\\/secure.gravatar.com\\\/avatar\\\/df2aeffc32bcd13f8d26072ef8a91b623d677766deac7f97ca815868cd41bf5e?s=96&d=mm&r=g\",\"width\":96,\"height\":96,\"caption\":\"El Digital de Asturias\"}},{\"@type\":\"WebPage\",\"@id\":\"https:\\\/\\\/www.eldigitaldeasturias.com\\\/noticias\\\/publicada-en-boja-la-orden-general-de-vedas-de-la-temporada-cinegetica-2017-2018-en-andalucia\\\/#webpage\",\"url\":\"https:\\\/\\\/www.eldigitaldeasturias.com\\\/noticias\\\/publicada-en-boja-la-orden-general-de-vedas-de-la-temporada-cinegetica-2017-2018-en-andalucia\\\/\",\"name\":\"Publicada en BOJA la Orden General de Vedas de la temporada cineg\\u00e9tica 2017-2018 en Andaluc\\u00eda - El Digital de Asturias\",\"description\":\"El Bolet\\u00edn Oficial de la Junta de Andaluc\\u00eda ha publicado la nueva orden en la que se recogen las vedas y per\\u00edodos h\\u00e1biles de caza y en la que se dan a conocer las novedades para la temporada 2017\\\/2018 en Andaluc\\u00eda. En esta norma, que modifica la del 5 de junio de 2015, se incluyen\",\"inLanguage\":\"es-ES\",\"isPartOf\":{\"@id\":\"https:\\\/\\\/www.eldigitaldeasturias.com\\\/noticias\\\/#website\"},\"breadcrumb\":{\"@id\":\"https:\\\/\\\/www.eldigitaldeasturias.com\\\/noticias\\\/publicada-en-boja-la-orden-general-de-vedas-de-la-temporada-cinegetica-2017-2018-en-andalucia\\\/#breadcrumblist\"},\"author\":{\"@id\":\"https:\\\/\\\/www.eldigitaldeasturias.com\\\/noticias\\\/author\\\/admin\\\/#author\"},\"creator\":{\"@id\":\"https:\\\/\\\/www.eldigitaldeasturias.com\\\/noticias\\\/author\\\/admin\\\/#author\"},\"image\":{\"@type\":\"ImageObject\",\"url\":\"https:\\\/\\\/www.eldigitaldeasturias.com\\\/noticias\\\/wp-content\\\/uploads\\\/2026\\\/06\\\/Contenidos.jpg\",\"@id\":\"https:\\\/\\\/www.eldigitaldeasturias.com\\\/noticias\\\/publicada-en-boja-la-orden-general-de-vedas-de-la-temporada-cinegetica-2017-2018-en-andalucia\\\/#mainImage\",\"width\":1265,\"height\":697,\"caption\":\"Contenidos\"},\"primaryImageOfPage\":{\"@id\":\"https:\\\/\\\/www.eldigitaldeasturias.com\\\/noticias\\\/publicada-en-boja-la-orden-general-de-vedas-de-la-temporada-cinegetica-2017-2018-en-andalucia\\\/#mainImage\"},\"datePublished\":\"2017-08-04T17:48:59+02:00\",\"dateModified\":\"2017-08-04T17:48:59+02:00\"},{\"@type\":\"WebSite\",\"@id\":\"https:\\\/\\\/www.eldigitaldeasturias.com\\\/noticias\\\/#website\",\"url\":\"https:\\\/\\\/www.eldigitaldeasturias.com\\\/noticias\\\/\",\"name\":\"El Digital de Asturias - Diario de actualidad y noticias\",\"alternateName\":\"El Digital de Asturias - Diario de actualidad y noticias\",\"description\":\"Hemeroteca\",\"inLanguage\":\"es-ES\",\"publisher\":{\"@id\":\"https:\\\/\\\/www.eldigitaldeasturias.com\\\/noticias\\\/#organization\"}}]}\n\t\t<\/script>\n\t\t<!-- All in One SEO Pro -->\r\n\t\t<title>Publicada en BOJA la Orden General de Vedas de la temporada cineg\u00e9tica 2017-2018 en Andaluc\u00eda - El Digital de Asturias<\/title>\n\n","aioseo_head_json":{"title":"Publicada en BOJA la Orden General de Vedas de la temporada cineg\u00e9tica 2017-2018 en Andaluc\u00eda - El Digital de Asturias","description":"El Bolet\u00edn Oficial de la Junta de Andaluc\u00eda ha publicado la nueva orden en la que se recogen las vedas y per\u00edodos h\u00e1biles de caza y en la que se dan a conocer las novedades para la temporada 2017\/2018 en Andaluc\u00eda. En esta norma, que modifica la del 5 de junio de 2015, se incluyen","canonical_url":"https:\/\/www.eldigitaldeasturias.com\/noticias\/publicada-en-boja-la-orden-general-de-vedas-de-la-temporada-cinegetica-2017-2018-en-andalucia\/","robots":"max-image-preview:large","keywords":"actualidad","webmasterTools":{"google-site-verification":"UA-38556648-1","msvalidate.01":"7dfe9f3f1b24437ab69f4f2559babe99","miscellaneous":""},"schema":{"@context":"https:\/\/schema.org","@graph":[{"@type":"BlogPosting","@id":"https:\/\/www.eldigitaldeasturias.com\/noticias\/publicada-en-boja-la-orden-general-de-vedas-de-la-temporada-cinegetica-2017-2018-en-andalucia\/#blogposting","name":"Publicada en BOJA la Orden General de Vedas de la temporada cineg\u00e9tica 2017-2018 en Andaluc\u00eda - El Digital de Asturias","headline":"Publicada en BOJA la Orden General de Vedas de la temporada cineg\u00e9tica 2017-2018 en Andaluc\u00eda","author":{"@id":"https:\/\/www.eldigitaldeasturias.com\/noticias\/author\/admin\/#author"},"publisher":{"@id":"https:\/\/www.eldigitaldeasturias.com\/noticias\/#organization"},"image":{"@type":"ImageObject","url":"https:\/\/www.eldigitaldeasturias.com\/noticias\/wp-content\/uploads\/2026\/06\/Contenidos.jpg","width":1265,"height":697,"caption":"Contenidos"},"datePublished":"2017-08-04T17:48:59+02:00","dateModified":"2017-08-04T17:48:59+02:00","inLanguage":"es-ES","mainEntityOfPage":{"@id":"https:\/\/www.eldigitaldeasturias.com\/noticias\/publicada-en-boja-la-orden-general-de-vedas-de-la-temporada-cinegetica-2017-2018-en-andalucia\/#webpage"},"isPartOf":{"@id":"https:\/\/www.eldigitaldeasturias.com\/noticias\/publicada-en-boja-la-orden-general-de-vedas-de-la-temporada-cinegetica-2017-2018-en-andalucia\/#webpage"},"articleSection":"Actualidad"},{"@type":"BreadcrumbList","@id":"https:\/\/www.eldigitaldeasturias.com\/noticias\/publicada-en-boja-la-orden-general-de-vedas-de-la-temporada-cinegetica-2017-2018-en-andalucia\/#breadcrumblist","itemListElement":[{"@type":"ListItem","@id":"https:\/\/www.eldigitaldeasturias.com\/noticias#listItem","position":1,"name":"Home","item":"https:\/\/www.eldigitaldeasturias.com\/noticias","nextItem":{"@type":"ListItem","@id":"https:\/\/www.eldigitaldeasturias.com\/noticias\/category\/actualidad\/#listItem","name":"Actualidad"}},{"@type":"ListItem","@id":"https:\/\/www.eldigitaldeasturias.com\/noticias\/category\/actualidad\/#listItem","position":2,"name":"Actualidad","item":"https:\/\/www.eldigitaldeasturias.com\/noticias\/category\/actualidad\/","nextItem":{"@type":"ListItem","@id":"https:\/\/www.eldigitaldeasturias.com\/noticias\/publicada-en-boja-la-orden-general-de-vedas-de-la-temporada-cinegetica-2017-2018-en-andalucia\/#listItem","name":"Publicada en BOJA la Orden General de Vedas de la temporada cineg\u00e9tica 2017-2018 en Andaluc\u00eda"},"previousItem":{"@type":"ListItem","@id":"https:\/\/www.eldigitaldeasturias.com\/noticias#listItem","name":"Home"}},{"@type":"ListItem","@id":"https:\/\/www.eldigitaldeasturias.com\/noticias\/publicada-en-boja-la-orden-general-de-vedas-de-la-temporada-cinegetica-2017-2018-en-andalucia\/#listItem","position":3,"name":"Publicada en BOJA la Orden General de Vedas de la temporada cineg\u00e9tica 2017-2018 en Andaluc\u00eda","previousItem":{"@type":"ListItem","@id":"https:\/\/www.eldigitaldeasturias.com\/noticias\/category\/actualidad\/#listItem","name":"Actualidad"}}]},{"@type":"Organization","@id":"https:\/\/www.eldigitaldeasturias.com\/noticias\/#organization","name":"El Digital de Asturias","description":"Hemeroteca","url":"https:\/\/www.eldigitaldeasturias.com\/noticias\/","email":"info@eldigitaldeasturias.com","telephone":"+34652131393","logo":{"@type":"ImageObject","url":"https:\/\/www.eldigitaldeasturias.com\/noticias\/wp-content\/uploads\/2020\/12\/EDA.jpg","@id":"https:\/\/www.eldigitaldeasturias.com\/noticias\/publicada-en-boja-la-orden-general-de-vedas-de-la-temporada-cinegetica-2017-2018-en-andalucia\/#organizationLogo"},"image":{"@id":"https:\/\/www.eldigitaldeasturias.com\/noticias\/publicada-en-boja-la-orden-general-de-vedas-de-la-temporada-cinegetica-2017-2018-en-andalucia\/#organizationLogo"},"sameAs":["https:\/\/facebook.com\/eldigitaldeasturias","https:\/\/www.youtube.com\/channel\/UCZP-2wLEB9Rv6erhFmqVnvg"],"address":{"@id":"https:\/\/www.eldigitaldeasturias.com\/noticias\/#postaladdress","@type":"PostalAddress","streetAddress":"san antonio 4","postalCode":"33430","addressLocality":"Cand\u00e1s","addressRegion":"Asturias","addressCountry":"ES"}},{"@type":"Person","@id":"https:\/\/www.eldigitaldeasturias.com\/noticias\/author\/admin\/#author","url":"https:\/\/www.eldigitaldeasturias.com\/noticias\/author\/admin\/","name":"El Digital de Asturias","image":{"@type":"ImageObject","@id":"https:\/\/www.eldigitaldeasturias.com\/noticias\/publicada-en-boja-la-orden-general-de-vedas-de-la-temporada-cinegetica-2017-2018-en-andalucia\/#authorImage","url":"https:\/\/secure.gravatar.com\/avatar\/df2aeffc32bcd13f8d26072ef8a91b623d677766deac7f97ca815868cd41bf5e?s=96&d=mm&r=g","width":96,"height":96,"caption":"El Digital de Asturias"}},{"@type":"WebPage","@id":"https:\/\/www.eldigitaldeasturias.com\/noticias\/publicada-en-boja-la-orden-general-de-vedas-de-la-temporada-cinegetica-2017-2018-en-andalucia\/#webpage","url":"https:\/\/www.eldigitaldeasturias.com\/noticias\/publicada-en-boja-la-orden-general-de-vedas-de-la-temporada-cinegetica-2017-2018-en-andalucia\/","name":"Publicada en BOJA la Orden General de Vedas de la temporada cineg\u00e9tica 2017-2018 en Andaluc\u00eda - El Digital de Asturias","description":"El Bolet\u00edn Oficial de la Junta de Andaluc\u00eda ha publicado la nueva orden en la que se recogen las vedas y per\u00edodos h\u00e1biles de caza y en la que se dan a conocer las novedades para la temporada 2017\/2018 en Andaluc\u00eda. En esta norma, que modifica la del 5 de junio de 2015, se incluyen","inLanguage":"es-ES","isPartOf":{"@id":"https:\/\/www.eldigitaldeasturias.com\/noticias\/#website"},"breadcrumb":{"@id":"https:\/\/www.eldigitaldeasturias.com\/noticias\/publicada-en-boja-la-orden-general-de-vedas-de-la-temporada-cinegetica-2017-2018-en-andalucia\/#breadcrumblist"},"author":{"@id":"https:\/\/www.eldigitaldeasturias.com\/noticias\/author\/admin\/#author"},"creator":{"@id":"https:\/\/www.eldigitaldeasturias.com\/noticias\/author\/admin\/#author"},"image":{"@type":"ImageObject","url":"https:\/\/www.eldigitaldeasturias.com\/noticias\/wp-content\/uploads\/2026\/06\/Contenidos.jpg","@id":"https:\/\/www.eldigitaldeasturias.com\/noticias\/publicada-en-boja-la-orden-general-de-vedas-de-la-temporada-cinegetica-2017-2018-en-andalucia\/#mainImage","width":1265,"height":697,"caption":"Contenidos"},"primaryImageOfPage":{"@id":"https:\/\/www.eldigitaldeasturias.com\/noticias\/publicada-en-boja-la-orden-general-de-vedas-de-la-temporada-cinegetica-2017-2018-en-andalucia\/#mainImage"},"datePublished":"2017-08-04T17:48:59+02:00","dateModified":"2017-08-04T17:48:59+02:00"},{"@type":"WebSite","@id":"https:\/\/www.eldigitaldeasturias.com\/noticias\/#website","url":"https:\/\/www.eldigitaldeasturias.com\/noticias\/","name":"El Digital de Asturias - Diario de actualidad y noticias","alternateName":"El Digital de Asturias - Diario de actualidad y noticias","description":"Hemeroteca","inLanguage":"es-ES","publisher":{"@id":"https:\/\/www.eldigitaldeasturias.com\/noticias\/#organization"}}]},"og:locale":"es_ES","og:site_name":"El Digital de Asturias","og:type":"article","og:title":"Publicada en BOJA la Orden General de Vedas de la temporada cineg\u00e9tica 2017-2018 en Andaluc\u00eda - El Digital de Asturias","og:description":"El Bolet\u00edn Oficial de la Junta de Andaluc\u00eda ha publicado la nueva orden en la que se recogen las vedas y per\u00edodos h\u00e1biles de caza y en la que se dan a conocer las novedades para la temporada 2017\/2018 en Andaluc\u00eda. En esta norma, que modifica la del 5 de junio de 2015, se incluyen","og:url":"https:\/\/www.eldigitaldeasturias.com\/noticias\/publicada-en-boja-la-orden-general-de-vedas-de-la-temporada-cinegetica-2017-2018-en-andalucia\/","og:image":"https:\/\/www.eldigitaldeasturias.com\/noticias\/wp-content\/uploads\/2026\/06\/Contenidos.jpg","og:image:secure_url":"https:\/\/www.eldigitaldeasturias.com\/noticias\/wp-content\/uploads\/2026\/06\/Contenidos.jpg","og:image:width":1265,"og:image:height":697,"article:tag":["actualidad"],"article:published_time":"2017-08-04T17:48:59+00:00","article:modified_time":"2017-08-04T17:48:59+00:00","article:publisher":"https:\/\/facebook.com\/eldigitaldeasturias","twitter:card":"summary_large_image","twitter:title":"Publicada en BOJA la Orden General de Vedas de la temporada cineg\u00e9tica 2017-2018 en Andaluc\u00eda - El Digital de Asturias","twitter:description":"El Bolet\u00edn Oficial de la Junta de Andaluc\u00eda ha publicado la nueva orden en la que se recogen las vedas y per\u00edodos h\u00e1biles de caza y en la que se dan a conocer las novedades para la temporada 2017\/2018 en Andaluc\u00eda. En esta norma, que modifica la del 5 de junio de 2015, se incluyen","twitter:image":"https:\/\/www.eldigitaldeasturias.com\/noticias\/wp-content\/uploads\/2026\/06\/Contenidos.jpg","twitter:label1":"Escrito por","twitter:data1":"El Digital de Asturias","twitter:label2":"Tiempo de lectura estimado","twitter:data2":"2 minutos"},"aioseo_meta_data":{"post_id":"948726","title":null,"description":null,"keywords":null,"keyphrases":null,"primary_term":null,"canonical_url":null,"og_title":null,"og_description":null,"og_object_type":"default","og_image_type":"default","og_image_url":null,"og_image_width":null,"og_image_height":null,"og_image_custom_url":null,"og_image_custom_fields":null,"og_video":null,"og_custom_url":null,"og_article_section":null,"og_article_tags":null,"twitter_use_og":false,"twitter_card":"default","twitter_image_type":"default","twitter_image_url":null,"twitter_image_custom_url":null,"twitter_image_custom_fields":null,"twitter_title":null,"twitter_description":null,"schema":{"blockGraphs":[],"customGraphs":[],"default":{"data":{"Article":[],"Course":[],"Dataset":[],"FAQPage":[],"Movie":[],"Person":[],"Product":[],"ProductReview":[],"Car":[],"Recipe":[],"Service":[],"SoftwareApplication":[],"WebPage":[]},"graphName":"","isEnabled":true},"graphs":[]},"schema_type":null,"schema_type_options":null,"pillar_content":false,"robots_default":true,"robots_noindex":false,"robots_noarchive":false,"robots_nosnippet":false,"robots_nofollow":false,"robots_noimageindex":false,"robots_noodp":false,"robots_notranslate":false,"robots_max_snippet":null,"robots_max_videopreview":null,"robots_max_imagepreview":"large","priority":null,"frequency":null,"local_seo":null,"seo_analyzer_scan_date":"2025-12-05 09:42:17","breadcrumb_settings":null,"limit_modified_date":false,"open_ai":null,"ai":null,"created":"2020-12-21 13:03:37","updated":"2025-12-05 09:42:17","focus_keyword":null,"additional_keywords":null,"truseo_locale":null},"aioseo_breadcrumb":"<div class=\"aioseo-breadcrumbs\"><span class=\"aioseo-breadcrumb\">\n\t<a href=\"https:\/\/www.eldigitaldeasturias.com\/noticias\" title=\"Home\">Home<\/a>\n<\/span><span class=\"aioseo-breadcrumb-separator\">\u2013<\/span><span class=\"aioseo-breadcrumb\">\n\t<a href=\"https:\/\/www.eldigitaldeasturias.com\/noticias\/category\/actualidad\/\" title=\"Actualidad\">Actualidad<\/a>\n<\/span><span class=\"aioseo-breadcrumb-separator\">\u2013<\/span><span class=\"aioseo-breadcrumb\">\n\t<a href=\"https:\/\/www.eldigitaldeasturias.com\/noticias\/publicada-en-boja-la-orden-general-de-vedas-de-la-temporada-cinegetica-2017-2018-en-andalucia\/\" title=\"Publicada en BOJA la Orden General de Vedas de la temporada cineg\u00e9tica 2017-2018 en Andaluc\u00eda\">Publicada en BOJA la Orden General de Vedas de la temporada cineg\u00e9tica 2017-2018 en Andaluc\u00eda<\/a>\n<\/span><\/div>","aioseo_breadcrumb_json":[{"label":"Home","link":"https:\/\/www.eldigitaldeasturias.com\/noticias"},{"label":"Actualidad","link":"https:\/\/www.eldigitaldeasturias.com\/noticias\/category\/actualidad\/"},{"label":"Publicada en BOJA la Orden General de Vedas de la temporada cineg\u00e9tica 2017-2018 en Andaluc\u00eda","link":"https:\/\/www.eldigitaldeasturias.com\/noticias\/publicada-en-boja-la-orden-general-de-vedas-de-la-temporada-cinegetica-2017-2018-en-andalucia\/"}],"_links":{"self":[{"href":"https:\/\/www.eldigitaldeasturias.com\/noticias\/wp-json\/wp\/v2\/posts\/948726","targetHints":{"allow":["GET"]}}],"collection":[{"href":"https:\/\/www.eldigitaldeasturias.com\/noticias\/wp-json\/wp\/v2\/posts"}],"about":[{"href":"https:\/\/www.eldigitaldeasturias.com\/noticias\/wp-json\/wp\/v2\/types\/post"}],"author":[{"embeddable":true,"href":"https:\/\/www.eldigitaldeasturias.com\/noticias\/wp-json\/wp\/v2\/users\/1"}],"replies":[{"embeddable":true,"href":"https:\/\/www.eldigitaldeasturias.com\/noticias\/wp-json\/wp\/v2\/comments?post=948726"}],"version-history":[{"count":0,"href":"https:\/\/www.eldigitaldeasturias.com\/noticias\/wp-json\/wp\/v2\/posts\/948726\/revisions"}],"wp:featuredmedia":[{"embeddable":true,"href":"https:\/\/www.eldigitaldeasturias.com\/noticias\/wp-json\/wp\/v2\/media\/1132184"}],"wp:attachment":[{"href":"https:\/\/www.eldigitaldeasturias.com\/noticias\/wp-json\/wp\/v2\/media?parent=948726"}],"wp:term":[{"taxonomy":"category","embeddable":true,"href":"https:\/\/www.eldigitaldeasturias.com\/noticias\/wp-json\/wp\/v2\/categories?post=948726"},{"taxonomy":"post_tag","embeddable":true,"href":"https:\/\/www.eldigitaldeasturias.com\/noticias\/wp-json\/wp\/v2\/tags?post=948726"}],"curies":[{"name":"wp","href":"https:\/\/api.w.org\/{rel}","templated":true}]}}