{"id":948721,"date":"2017-08-04T17:46:58","date_gmt":"2017-08-04T17:46:58","guid":{"rendered":"http:\/\/www.eldigitaldeasturias.com\/noticias\/?p=948721"},"modified":"2017-08-04T17:46:58","modified_gmt":"2017-08-04T17:46:58","slug":"doce-proyectos-andaluces-de-educacion-en-valores-finalistas-del-premio-a-la-accion-magistral-2017","status":"publish","type":"post","link":"https:\/\/www.eldigitaldeasturias.com\/noticias\/doce-proyectos-andaluces-de-educacion-en-valores-finalistas-del-premio-a-la-accion-magistral-2017\/","title":{"rendered":"Doce proyectos andaluces de educaci\u00f3n en valores, finalistas del Premio a la Acci\u00f3n Magistral 2017"},"content":{"rendered":"<p><img loading=\"lazy\" decoding=\"async\" class=\"alignleft size-medium wp-image-948722\" src=\"https:\/\/www.eldigitaldeasturias.com\/noticias\/wp-content\/uploads\/2017\/08\/1501665866803-360x302.jpg\" alt=\"\" width=\"360\" height=\"302\" \/>Doce proyectos de educaci\u00f3n en valores realizado en centros educativos andaluces han sido seleccionados como finalistas auton\u00f3micos del Premio a la Acci\u00f3n Magistral 2017. Las iniciativas proceden de centros de Sevilla (cinco), M\u00e1laga (cuatro), Granada (dos) y C\u00e1diz (uno). Andaluc\u00eda es la comunidad que llega a la segunda fase del certamen con mayor n\u00famero de proyectos entre los 80 finalistas.<\/p>\n<p>El Premio a la Acci\u00f3n Magistral est\u00e1 convocado por la Federaci\u00f3n de Ayuda a la Drogadicci\u00f3n (FAD), la Comisi\u00f3n Nacional Espa\u00f1ola de Cooperaci\u00f3n con la Unesco y BBVA, y cuenta con la colaboraci\u00f3n de la Consejer\u00eda de Educaci\u00f3n de la Junta de Andaluc\u00eda. Al concurso se han presentado 389 proyectos educativos desarrollados durante el pasado curso 2016\/17, de los que 59 han sido andaluces.<\/p>\n<p>En la categor\u00eda A (Educaci\u00f3n Infantil y Primaria), los proyectos seleccionados de Sevilla han sido &#8216;A convivir tambi\u00e9n se aprende&#8217;, presentado por el CEIP Manuel Altolaguirre; &#8216;Proyecto COMBA: ense\u00f1ar y aprender&#8217;, del CEIP Federico Garc\u00eda Lorca de El Real de la Jara; y &#8216;Escuela de Teatro. Inclusi\u00f3n de alumnado con autismo&#8217;, desarrollado por el Colegio \u00c1ngel Rivi\u00e8re para mejorar la inclusi\u00f3n de los estudiantes con TEA a trav\u00e9s de su participaci\u00f3n en eventos culturales.<\/p>\n<p>Dentro de esta misma modalidad de Infantil y Primaria, en M\u00e1laga los proyectos escogidos han sido &#8216;Imaginando Mobile: arte, emociones y mindfulness para una cultura de paz&#8217;, del CEIP Ciudad de Mobile, y &#8216;Educar la mente sin educar el coraz\u00f3n, no es educar en absoluto&#8217;, presentado por el CEIP Reina Sof\u00eda de Antequera para fomentar en el alumando la capacidad de expresar e identificar sentimientos siendo capaz de autorregularse ante situaciones que no les satisfacen.<\/p>\n<p>En la categor\u00eda B (Educaci\u00f3n Secundaria Obligatoria, Bachillerato, Ciclos Formativos de Grado Medio y Programas de Cualificaci\u00f3n Profesional Inicial), uno de los proyectos finalistas ha sido &#8216;Infusi\u00f3n de valores&#8217; del CCEE Luis Pastor de Motril (Granada), que consiste en la creaci\u00f3n y cuidado de huertos y viveros escolares donde el alumnado puede desarrollar habilidades para el emprendimiento social o las finanzas, entre otros.<\/p>\n<p><strong>Arte y medio ambiente<\/strong><\/p>\n<p>Otros clasificados han sido &#8216;Por amor al arte: integraci\u00f3n y convivencia positiva entre adolescentes&#8217;, del IES Escultor S\u00e1nchez Mesa de Otura, tambi\u00e9n de Granada, y que pretende relacionar las artes esc\u00e9nicas con la transmisi\u00f3n de valores universales entre el alumnado; y &#8216;Arquitectura bioclim\u00e1tica y desarrollo sostenible&#8217;, del IES Gustavo Adolfo B\u00e9cquer de Sevilla, que aborda c\u00f3mo otras formas de vida m\u00e1s respetuosas con el medio ambiente son posibles y busca concienciar a la comunidad educativa.<\/p>\n<p>Los restantes finalistas son &#8216;Mejora con Inteligencia Emocional y Mindfulness&#8217;, del IES Punta del Verde de Sevilla; &#8216;Survival Algeciras&#8217;, presentado por el CEPER Juan Ram\u00f3n Jim\u00e9nez de Algeciras (C\u00e1diz); &#8216;Navegando en un Mar de Paz&#8217;, del IES Monterroso de Estepona (M\u00e1laga) y, por \u00faltimo, &#8216;Los muros&#8217; realizado el IES Ciudad Jard\u00edn de M\u00e1laga, que tiene como objetivo tomar conciencia de los muros existentes que impiden una convivencia pac\u00edfica y justa, desde los muros territoriales a los muros invisibles, y que depende de todos derribarlos.<\/p>\n<p>En el Premio a la Acci\u00f3n Magistral 2017, que celebra este a\u00f1o su decimotercera edici\u00f3n, han podido participar docentes que realicen proyectos educativos relevantes en el \u00e1mbito de la promoci\u00f3n de valores sociales en centros espa\u00f1oles de Educaci\u00f3n Infantil, Primaria, Secundaria y Educaci\u00f3n Especial. Los premios, patrocinados por BBVA, son 4.000 euros para los docentes autores del proyecto y 4.000 euros para el centro educativo donde se desarrolle el mismo.<\/p>\n<p>El galard\u00f3n forma parte de un proyecto de ayuda al profesorado que trabaja la educaci\u00f3n en valores en el aula, donde se ofrece a los docentes posibilidades de formaci\u00f3n (cursos online y becas), recursos y programas para su utilizaci\u00f3n en clase, blogs informativos sobre actualidad educativa, espacios para el debate y la reflexi\u00f3n, encuentros virtuales con expertos educativos de diferentes \u00e1mbitos o encuentros presenciales.<\/p>\n<p>&nbsp;<\/p>\n","protected":false},"excerpt":{"rendered":"<p>Doce proyectos de educaci\u00f3n en valores realizado en centros educativos andaluces han sido seleccionados como finalistas auton\u00f3micos del Premio a la Acci\u00f3n Magistral 2017. Las iniciativas proceden de centros de Sevilla (cinco), M\u00e1laga (cuatro), Granada (dos) y C\u00e1diz (uno). Andaluc\u00eda es la comunidad que llega a la segunda fase del certamen con mayor n\u00famero de [&hellip;]<\/p>\n","protected":false},"author":1,"featured_media":948722,"comment_status":"closed","ping_status":"closed","sticky":false,"template":"","format":"standard","meta":{"footnotes":""},"categories":[1],"tags":[],"class_list":["post-948721","post","type-post","status-publish","format-standard","has-post-thumbnail","hentry","category-actualidad"],"aioseo_notices":[],"aioseo_head":"\n\t\t<!-- All in One SEO Pro 5.0.1 - aioseo.com -->\n\t<meta name=\"description\" content=\"Doce proyectos de educaci\u00f3n en valores realizado en centros educativos andaluces han sido seleccionados como finalistas auton\u00f3micos del Premio a la Acci\u00f3n Magistral 2017. Las iniciativas proceden de centros de Sevilla (cinco), M\u00e1laga (cuatro), Granada (dos) y C\u00e1diz (uno). Andaluc\u00eda es la comunidad que llega a la segunda fase del certamen con mayor n\u00famero de\" \/>\n\t<meta name=\"robots\" content=\"max-image-preview:large\" \/>\n\t<meta name=\"author\" content=\"El Digital de Asturias\"\/>\n\t<meta name=\"google-site-verification\" content=\"UA-38556648-1\" \/>\n\t<meta name=\"msvalidate.01\" content=\"7dfe9f3f1b24437ab69f4f2559babe99\" \/>\n\t<meta name=\"keywords\" content=\"actualidad\" \/>\n\t<link rel=\"canonical\" href=\"https:\/\/www.eldigitaldeasturias.com\/noticias\/doce-proyectos-andaluces-de-educacion-en-valores-finalistas-del-premio-a-la-accion-magistral-2017\/\" \/>\n\t<meta name=\"generator\" content=\"All in One SEO Pro (AIOSEO) 5.0.1\" \/>\n\t\t<meta property=\"og:locale\" content=\"es_ES\" \/>\n\t\t<meta property=\"og:site_name\" content=\"El Digital de Asturias\" \/>\n\t\t<meta property=\"og:type\" content=\"article\" \/>\n\t\t<meta property=\"og:title\" content=\"Doce proyectos andaluces de educaci\u00f3n en valores, finalistas del Premio a la Acci\u00f3n Magistral 2017 - El Digital de Asturias\" \/>\n\t\t<meta property=\"og:description\" content=\"Doce proyectos de educaci\u00f3n en valores realizado en centros educativos andaluces han sido seleccionados como finalistas auton\u00f3micos del Premio a la Acci\u00f3n Magistral 2017. Las iniciativas proceden de centros de Sevilla (cinco), M\u00e1laga (cuatro), Granada (dos) y C\u00e1diz (uno). Andaluc\u00eda es la comunidad que llega a la segunda fase del certamen con mayor n\u00famero de\" \/>\n\t\t<meta property=\"og:url\" content=\"https:\/\/www.eldigitaldeasturias.com\/noticias\/doce-proyectos-andaluces-de-educacion-en-valores-finalistas-del-premio-a-la-accion-magistral-2017\/\" \/>\n\t\t<meta property=\"article:tag\" content=\"actualidad\" \/>\n\t\t<meta property=\"article:published_time\" content=\"2017-08-04T17:46:58+00:00\" \/>\n\t\t<meta property=\"article:modified_time\" content=\"2017-08-04T17:46:58+00:00\" \/>\n\t\t<meta property=\"article:publisher\" content=\"https:\/\/facebook.com\/eldigitaldeasturias\" \/>\n\t\t<meta name=\"twitter:card\" content=\"summary_large_image\" \/>\n\t\t<meta name=\"twitter:title\" content=\"Doce proyectos andaluces de educaci\u00f3n en valores, finalistas del Premio a la Acci\u00f3n Magistral 2017 - El Digital de Asturias\" \/>\n\t\t<meta name=\"twitter:description\" content=\"Doce proyectos de educaci\u00f3n en valores realizado en centros educativos andaluces han sido seleccionados como finalistas auton\u00f3micos del Premio a la Acci\u00f3n Magistral 2017. Las iniciativas proceden de centros de Sevilla (cinco), M\u00e1laga (cuatro), Granada (dos) y C\u00e1diz (uno). Andaluc\u00eda es la comunidad que llega a la segunda fase del certamen con mayor n\u00famero de\" \/>\n\t\t<meta name=\"twitter:image\" content=\"https:\/\/www.eldigitaldeasturias.com\/noticias\/wp-content\/uploads\/2020\/12\/EDA-1.jpg\" \/>\n\t\t<meta name=\"twitter:label1\" content=\"Escrito por\" \/>\n\t\t<meta name=\"twitter:data1\" content=\"El Digital de Asturias\" \/>\n\t\t<meta name=\"twitter:label2\" content=\"Tiempo de lectura estimado\" \/>\n\t\t<meta name=\"twitter:data2\" content=\"3 minutos\" \/>\n\t\t<script type=\"application\/ld+json\" class=\"aioseo-schema\">\n\t\t\t{\"@context\":\"https:\\\/\\\/schema.org\",\"@graph\":[{\"@type\":\"BlogPosting\",\"@id\":\"https:\\\/\\\/www.eldigitaldeasturias.com\\\/noticias\\\/doce-proyectos-andaluces-de-educacion-en-valores-finalistas-del-premio-a-la-accion-magistral-2017\\\/#blogposting\",\"name\":\"Doce proyectos andaluces de educaci\\u00f3n en valores, finalistas del Premio a la Acci\\u00f3n Magistral 2017 - El Digital de Asturias\",\"headline\":\"Doce proyectos andaluces de educaci\\u00f3n en valores, finalistas del Premio a la Acci\\u00f3n Magistral 2017\",\"author\":{\"@id\":\"https:\\\/\\\/www.eldigitaldeasturias.com\\\/noticias\\\/author\\\/admin\\\/#author\"},\"publisher\":{\"@id\":\"https:\\\/\\\/www.eldigitaldeasturias.com\\\/noticias\\\/#organization\"},\"image\":{\"@type\":\"ImageObject\",\"url\":948722},\"datePublished\":\"2017-08-04T17:46:58+02:00\",\"dateModified\":\"2017-08-04T17:46:58+02:00\",\"inLanguage\":\"es-ES\",\"mainEntityOfPage\":{\"@id\":\"https:\\\/\\\/www.eldigitaldeasturias.com\\\/noticias\\\/doce-proyectos-andaluces-de-educacion-en-valores-finalistas-del-premio-a-la-accion-magistral-2017\\\/#webpage\"},\"isPartOf\":{\"@id\":\"https:\\\/\\\/www.eldigitaldeasturias.com\\\/noticias\\\/doce-proyectos-andaluces-de-educacion-en-valores-finalistas-del-premio-a-la-accion-magistral-2017\\\/#webpage\"},\"articleSection\":\"Actualidad\"},{\"@type\":\"BreadcrumbList\",\"@id\":\"https:\\\/\\\/www.eldigitaldeasturias.com\\\/noticias\\\/doce-proyectos-andaluces-de-educacion-en-valores-finalistas-del-premio-a-la-accion-magistral-2017\\\/#breadcrumblist\",\"itemListElement\":[{\"@type\":\"ListItem\",\"@id\":\"https:\\\/\\\/www.eldigitaldeasturias.com\\\/noticias#listItem\",\"position\":1,\"name\":\"Home\",\"item\":\"https:\\\/\\\/www.eldigitaldeasturias.com\\\/noticias\",\"nextItem\":{\"@type\":\"ListItem\",\"@id\":\"https:\\\/\\\/www.eldigitaldeasturias.com\\\/noticias\\\/category\\\/actualidad\\\/#listItem\",\"name\":\"Actualidad\"}},{\"@type\":\"ListItem\",\"@id\":\"https:\\\/\\\/www.eldigitaldeasturias.com\\\/noticias\\\/category\\\/actualidad\\\/#listItem\",\"position\":2,\"name\":\"Actualidad\",\"item\":\"https:\\\/\\\/www.eldigitaldeasturias.com\\\/noticias\\\/category\\\/actualidad\\\/\",\"nextItem\":{\"@type\":\"ListItem\",\"@id\":\"https:\\\/\\\/www.eldigitaldeasturias.com\\\/noticias\\\/doce-proyectos-andaluces-de-educacion-en-valores-finalistas-del-premio-a-la-accion-magistral-2017\\\/#listItem\",\"name\":\"Doce proyectos andaluces de educaci\\u00f3n en valores, finalistas del Premio a la Acci\\u00f3n Magistral 2017\"},\"previousItem\":{\"@type\":\"ListItem\",\"@id\":\"https:\\\/\\\/www.eldigitaldeasturias.com\\\/noticias#listItem\",\"name\":\"Home\"}},{\"@type\":\"ListItem\",\"@id\":\"https:\\\/\\\/www.eldigitaldeasturias.com\\\/noticias\\\/doce-proyectos-andaluces-de-educacion-en-valores-finalistas-del-premio-a-la-accion-magistral-2017\\\/#listItem\",\"position\":3,\"name\":\"Doce proyectos andaluces de educaci\\u00f3n en valores, finalistas del Premio a la Acci\\u00f3n Magistral 2017\",\"previousItem\":{\"@type\":\"ListItem\",\"@id\":\"https:\\\/\\\/www.eldigitaldeasturias.com\\\/noticias\\\/category\\\/actualidad\\\/#listItem\",\"name\":\"Actualidad\"}}]},{\"@type\":\"Organization\",\"@id\":\"https:\\\/\\\/www.eldigitaldeasturias.com\\\/noticias\\\/#organization\",\"name\":\"El Digital de Asturias\",\"description\":\"Hemeroteca\",\"url\":\"https:\\\/\\\/www.eldigitaldeasturias.com\\\/noticias\\\/\",\"email\":\"info@eldigitaldeasturias.com\",\"telephone\":\"+34652131393\",\"logo\":{\"@type\":\"ImageObject\",\"url\":\"https:\\\/\\\/www.eldigitaldeasturias.com\\\/noticias\\\/wp-content\\\/uploads\\\/2020\\\/12\\\/EDA.jpg\",\"@id\":\"https:\\\/\\\/www.eldigitaldeasturias.com\\\/noticias\\\/doce-proyectos-andaluces-de-educacion-en-valores-finalistas-del-premio-a-la-accion-magistral-2017\\\/#organizationLogo\"},\"image\":{\"@id\":\"https:\\\/\\\/www.eldigitaldeasturias.com\\\/noticias\\\/doce-proyectos-andaluces-de-educacion-en-valores-finalistas-del-premio-a-la-accion-magistral-2017\\\/#organizationLogo\"},\"sameAs\":[\"https:\\\/\\\/facebook.com\\\/eldigitaldeasturias\",\"https:\\\/\\\/www.youtube.com\\\/channel\\\/UCZP-2wLEB9Rv6erhFmqVnvg\"],\"address\":{\"@id\":\"https:\\\/\\\/www.eldigitaldeasturias.com\\\/noticias\\\/#postaladdress\",\"@type\":\"PostalAddress\",\"streetAddress\":\"san antonio 4\",\"postalCode\":\"33430\",\"addressLocality\":\"Cand\\u00e1s\",\"addressRegion\":\"Asturias\",\"addressCountry\":\"ES\"}},{\"@type\":\"Person\",\"@id\":\"https:\\\/\\\/www.eldigitaldeasturias.com\\\/noticias\\\/author\\\/admin\\\/#author\",\"url\":\"https:\\\/\\\/www.eldigitaldeasturias.com\\\/noticias\\\/author\\\/admin\\\/\",\"name\":\"El Digital de Asturias\",\"image\":{\"@type\":\"ImageObject\",\"@id\":\"https:\\\/\\\/www.eldigitaldeasturias.com\\\/noticias\\\/doce-proyectos-andaluces-de-educacion-en-valores-finalistas-del-premio-a-la-accion-magistral-2017\\\/#authorImage\",\"url\":\"https:\\\/\\\/secure.gravatar.com\\\/avatar\\\/df2aeffc32bcd13f8d26072ef8a91b623d677766deac7f97ca815868cd41bf5e?s=96&d=mm&r=g\",\"width\":96,\"height\":96,\"caption\":\"El Digital de Asturias\"}},{\"@type\":\"WebPage\",\"@id\":\"https:\\\/\\\/www.eldigitaldeasturias.com\\\/noticias\\\/doce-proyectos-andaluces-de-educacion-en-valores-finalistas-del-premio-a-la-accion-magistral-2017\\\/#webpage\",\"url\":\"https:\\\/\\\/www.eldigitaldeasturias.com\\\/noticias\\\/doce-proyectos-andaluces-de-educacion-en-valores-finalistas-del-premio-a-la-accion-magistral-2017\\\/\",\"name\":\"Doce proyectos andaluces de educaci\\u00f3n en valores, finalistas del Premio a la Acci\\u00f3n Magistral 2017 - El Digital de Asturias\",\"description\":\"Doce proyectos de educaci\\u00f3n en valores realizado en centros educativos andaluces han sido seleccionados como finalistas auton\\u00f3micos del Premio a la Acci\\u00f3n Magistral 2017. Las iniciativas proceden de centros de Sevilla (cinco), M\\u00e1laga (cuatro), Granada (dos) y C\\u00e1diz (uno). Andaluc\\u00eda es la comunidad que llega a la segunda fase del certamen con mayor n\\u00famero de\",\"inLanguage\":\"es-ES\",\"isPartOf\":{\"@id\":\"https:\\\/\\\/www.eldigitaldeasturias.com\\\/noticias\\\/#website\"},\"breadcrumb\":{\"@id\":\"https:\\\/\\\/www.eldigitaldeasturias.com\\\/noticias\\\/doce-proyectos-andaluces-de-educacion-en-valores-finalistas-del-premio-a-la-accion-magistral-2017\\\/#breadcrumblist\"},\"author\":{\"@id\":\"https:\\\/\\\/www.eldigitaldeasturias.com\\\/noticias\\\/author\\\/admin\\\/#author\"},\"creator\":{\"@id\":\"https:\\\/\\\/www.eldigitaldeasturias.com\\\/noticias\\\/author\\\/admin\\\/#author\"},\"image\":{\"@type\":\"ImageObject\",\"url\":948722,\"@id\":\"https:\\\/\\\/www.eldigitaldeasturias.com\\\/noticias\\\/doce-proyectos-andaluces-de-educacion-en-valores-finalistas-del-premio-a-la-accion-magistral-2017\\\/#mainImage\"},\"primaryImageOfPage\":{\"@id\":\"https:\\\/\\\/www.eldigitaldeasturias.com\\\/noticias\\\/doce-proyectos-andaluces-de-educacion-en-valores-finalistas-del-premio-a-la-accion-magistral-2017\\\/#mainImage\"},\"datePublished\":\"2017-08-04T17:46:58+02:00\",\"dateModified\":\"2017-08-04T17:46:58+02:00\"},{\"@type\":\"WebSite\",\"@id\":\"https:\\\/\\\/www.eldigitaldeasturias.com\\\/noticias\\\/#website\",\"url\":\"https:\\\/\\\/www.eldigitaldeasturias.com\\\/noticias\\\/\",\"name\":\"El Digital de Asturias - Diario de actualidad y noticias\",\"alternateName\":\"El Digital de Asturias - Diario de actualidad y noticias\",\"description\":\"Hemeroteca\",\"inLanguage\":\"es-ES\",\"publisher\":{\"@id\":\"https:\\\/\\\/www.eldigitaldeasturias.com\\\/noticias\\\/#organization\"}}]}\n\t\t<\/script>\n\t\t<!-- All in One SEO Pro -->\r\n\t\t<title>Doce proyectos andaluces de educaci\u00f3n en valores, finalistas del Premio a la Acci\u00f3n Magistral 2017 - El Digital de Asturias<\/title>\n\n","aioseo_head_json":{"title":"Doce proyectos andaluces de educaci\u00f3n en valores, finalistas del Premio a la Acci\u00f3n Magistral 2017 - El Digital de Asturias","description":"Doce proyectos de educaci\u00f3n en valores realizado en centros educativos andaluces han sido seleccionados como finalistas auton\u00f3micos del Premio a la Acci\u00f3n Magistral 2017. Las iniciativas proceden de centros de Sevilla (cinco), M\u00e1laga (cuatro), Granada (dos) y C\u00e1diz (uno). Andaluc\u00eda es la comunidad que llega a la segunda fase del certamen con mayor n\u00famero de","canonical_url":"https:\/\/www.eldigitaldeasturias.com\/noticias\/doce-proyectos-andaluces-de-educacion-en-valores-finalistas-del-premio-a-la-accion-magistral-2017\/","robots":"max-image-preview:large","keywords":"actualidad","webmasterTools":{"google-site-verification":"UA-38556648-1","msvalidate.01":"7dfe9f3f1b24437ab69f4f2559babe99","miscellaneous":""},"schema":{"@context":"https:\/\/schema.org","@graph":[{"@type":"BlogPosting","@id":"https:\/\/www.eldigitaldeasturias.com\/noticias\/doce-proyectos-andaluces-de-educacion-en-valores-finalistas-del-premio-a-la-accion-magistral-2017\/#blogposting","name":"Doce proyectos andaluces de educaci\u00f3n en valores, finalistas del Premio a la Acci\u00f3n Magistral 2017 - El Digital de Asturias","headline":"Doce proyectos andaluces de educaci\u00f3n en valores, finalistas del Premio a la Acci\u00f3n Magistral 2017","author":{"@id":"https:\/\/www.eldigitaldeasturias.com\/noticias\/author\/admin\/#author"},"publisher":{"@id":"https:\/\/www.eldigitaldeasturias.com\/noticias\/#organization"},"image":{"@type":"ImageObject","url":948722},"datePublished":"2017-08-04T17:46:58+02:00","dateModified":"2017-08-04T17:46:58+02:00","inLanguage":"es-ES","mainEntityOfPage":{"@id":"https:\/\/www.eldigitaldeasturias.com\/noticias\/doce-proyectos-andaluces-de-educacion-en-valores-finalistas-del-premio-a-la-accion-magistral-2017\/#webpage"},"isPartOf":{"@id":"https:\/\/www.eldigitaldeasturias.com\/noticias\/doce-proyectos-andaluces-de-educacion-en-valores-finalistas-del-premio-a-la-accion-magistral-2017\/#webpage"},"articleSection":"Actualidad"},{"@type":"BreadcrumbList","@id":"https:\/\/www.eldigitaldeasturias.com\/noticias\/doce-proyectos-andaluces-de-educacion-en-valores-finalistas-del-premio-a-la-accion-magistral-2017\/#breadcrumblist","itemListElement":[{"@type":"ListItem","@id":"https:\/\/www.eldigitaldeasturias.com\/noticias#listItem","position":1,"name":"Home","item":"https:\/\/www.eldigitaldeasturias.com\/noticias","nextItem":{"@type":"ListItem","@id":"https:\/\/www.eldigitaldeasturias.com\/noticias\/category\/actualidad\/#listItem","name":"Actualidad"}},{"@type":"ListItem","@id":"https:\/\/www.eldigitaldeasturias.com\/noticias\/category\/actualidad\/#listItem","position":2,"name":"Actualidad","item":"https:\/\/www.eldigitaldeasturias.com\/noticias\/category\/actualidad\/","nextItem":{"@type":"ListItem","@id":"https:\/\/www.eldigitaldeasturias.com\/noticias\/doce-proyectos-andaluces-de-educacion-en-valores-finalistas-del-premio-a-la-accion-magistral-2017\/#listItem","name":"Doce proyectos andaluces de educaci\u00f3n en valores, finalistas del Premio a la Acci\u00f3n Magistral 2017"},"previousItem":{"@type":"ListItem","@id":"https:\/\/www.eldigitaldeasturias.com\/noticias#listItem","name":"Home"}},{"@type":"ListItem","@id":"https:\/\/www.eldigitaldeasturias.com\/noticias\/doce-proyectos-andaluces-de-educacion-en-valores-finalistas-del-premio-a-la-accion-magistral-2017\/#listItem","position":3,"name":"Doce proyectos andaluces de educaci\u00f3n en valores, finalistas del Premio a la Acci\u00f3n Magistral 2017","previousItem":{"@type":"ListItem","@id":"https:\/\/www.eldigitaldeasturias.com\/noticias\/category\/actualidad\/#listItem","name":"Actualidad"}}]},{"@type":"Organization","@id":"https:\/\/www.eldigitaldeasturias.com\/noticias\/#organization","name":"El Digital de Asturias","description":"Hemeroteca","url":"https:\/\/www.eldigitaldeasturias.com\/noticias\/","email":"info@eldigitaldeasturias.com","telephone":"+34652131393","logo":{"@type":"ImageObject","url":"https:\/\/www.eldigitaldeasturias.com\/noticias\/wp-content\/uploads\/2020\/12\/EDA.jpg","@id":"https:\/\/www.eldigitaldeasturias.com\/noticias\/doce-proyectos-andaluces-de-educacion-en-valores-finalistas-del-premio-a-la-accion-magistral-2017\/#organizationLogo"},"image":{"@id":"https:\/\/www.eldigitaldeasturias.com\/noticias\/doce-proyectos-andaluces-de-educacion-en-valores-finalistas-del-premio-a-la-accion-magistral-2017\/#organizationLogo"},"sameAs":["https:\/\/facebook.com\/eldigitaldeasturias","https:\/\/www.youtube.com\/channel\/UCZP-2wLEB9Rv6erhFmqVnvg"],"address":{"@id":"https:\/\/www.eldigitaldeasturias.com\/noticias\/#postaladdress","@type":"PostalAddress","streetAddress":"san antonio 4","postalCode":"33430","addressLocality":"Cand\u00e1s","addressRegion":"Asturias","addressCountry":"ES"}},{"@type":"Person","@id":"https:\/\/www.eldigitaldeasturias.com\/noticias\/author\/admin\/#author","url":"https:\/\/www.eldigitaldeasturias.com\/noticias\/author\/admin\/","name":"El Digital de Asturias","image":{"@type":"ImageObject","@id":"https:\/\/www.eldigitaldeasturias.com\/noticias\/doce-proyectos-andaluces-de-educacion-en-valores-finalistas-del-premio-a-la-accion-magistral-2017\/#authorImage","url":"https:\/\/secure.gravatar.com\/avatar\/df2aeffc32bcd13f8d26072ef8a91b623d677766deac7f97ca815868cd41bf5e?s=96&d=mm&r=g","width":96,"height":96,"caption":"El Digital de Asturias"}},{"@type":"WebPage","@id":"https:\/\/www.eldigitaldeasturias.com\/noticias\/doce-proyectos-andaluces-de-educacion-en-valores-finalistas-del-premio-a-la-accion-magistral-2017\/#webpage","url":"https:\/\/www.eldigitaldeasturias.com\/noticias\/doce-proyectos-andaluces-de-educacion-en-valores-finalistas-del-premio-a-la-accion-magistral-2017\/","name":"Doce proyectos andaluces de educaci\u00f3n en valores, finalistas del Premio a la Acci\u00f3n Magistral 2017 - El Digital de Asturias","description":"Doce proyectos de educaci\u00f3n en valores realizado en centros educativos andaluces han sido seleccionados como finalistas auton\u00f3micos del Premio a la Acci\u00f3n Magistral 2017. Las iniciativas proceden de centros de Sevilla (cinco), M\u00e1laga (cuatro), Granada (dos) y C\u00e1diz (uno). Andaluc\u00eda es la comunidad que llega a la segunda fase del certamen con mayor n\u00famero de","inLanguage":"es-ES","isPartOf":{"@id":"https:\/\/www.eldigitaldeasturias.com\/noticias\/#website"},"breadcrumb":{"@id":"https:\/\/www.eldigitaldeasturias.com\/noticias\/doce-proyectos-andaluces-de-educacion-en-valores-finalistas-del-premio-a-la-accion-magistral-2017\/#breadcrumblist"},"author":{"@id":"https:\/\/www.eldigitaldeasturias.com\/noticias\/author\/admin\/#author"},"creator":{"@id":"https:\/\/www.eldigitaldeasturias.com\/noticias\/author\/admin\/#author"},"image":{"@type":"ImageObject","url":948722,"@id":"https:\/\/www.eldigitaldeasturias.com\/noticias\/doce-proyectos-andaluces-de-educacion-en-valores-finalistas-del-premio-a-la-accion-magistral-2017\/#mainImage"},"primaryImageOfPage":{"@id":"https:\/\/www.eldigitaldeasturias.com\/noticias\/doce-proyectos-andaluces-de-educacion-en-valores-finalistas-del-premio-a-la-accion-magistral-2017\/#mainImage"},"datePublished":"2017-08-04T17:46:58+02:00","dateModified":"2017-08-04T17:46:58+02:00"},{"@type":"WebSite","@id":"https:\/\/www.eldigitaldeasturias.com\/noticias\/#website","url":"https:\/\/www.eldigitaldeasturias.com\/noticias\/","name":"El Digital de Asturias - Diario de actualidad y noticias","alternateName":"El Digital de Asturias - Diario de actualidad y noticias","description":"Hemeroteca","inLanguage":"es-ES","publisher":{"@id":"https:\/\/www.eldigitaldeasturias.com\/noticias\/#organization"}}]},"og:locale":"es_ES","og:site_name":"El Digital de Asturias","og:type":"article","og:title":"Doce proyectos andaluces de educaci\u00f3n en valores, finalistas del Premio a la Acci\u00f3n Magistral 2017 - El Digital de Asturias","og:description":"Doce proyectos de educaci\u00f3n en valores realizado en centros educativos andaluces han sido seleccionados como finalistas auton\u00f3micos del Premio a la Acci\u00f3n Magistral 2017. Las iniciativas proceden de centros de Sevilla (cinco), M\u00e1laga (cuatro), Granada (dos) y C\u00e1diz (uno). Andaluc\u00eda es la comunidad que llega a la segunda fase del certamen con mayor n\u00famero de","og:url":"https:\/\/www.eldigitaldeasturias.com\/noticias\/doce-proyectos-andaluces-de-educacion-en-valores-finalistas-del-premio-a-la-accion-magistral-2017\/","article:tag":["actualidad"],"article:published_time":"2017-08-04T17:46:58+00:00","article:modified_time":"2017-08-04T17:46:58+00:00","article:publisher":"https:\/\/facebook.com\/eldigitaldeasturias","twitter:card":"summary_large_image","twitter:title":"Doce proyectos andaluces de educaci\u00f3n en valores, finalistas del Premio a la Acci\u00f3n Magistral 2017 - El Digital de Asturias","twitter:description":"Doce proyectos de educaci\u00f3n en valores realizado en centros educativos andaluces han sido seleccionados como finalistas auton\u00f3micos del Premio a la Acci\u00f3n Magistral 2017. Las iniciativas proceden de centros de Sevilla (cinco), M\u00e1laga (cuatro), Granada (dos) y C\u00e1diz (uno). Andaluc\u00eda es la comunidad que llega a la segunda fase del certamen con mayor n\u00famero de","twitter:image":"https:\/\/www.eldigitaldeasturias.com\/noticias\/wp-content\/uploads\/2020\/12\/EDA-1.jpg","twitter:label1":"Escrito por","twitter:data1":"El Digital de Asturias","twitter:label2":"Tiempo de lectura estimado","twitter:data2":"3 minutos"},"aioseo_meta_data":{"post_id":"948721","title":null,"description":null,"keywords":null,"keyphrases":null,"primary_term":null,"canonical_url":null,"og_title":null,"og_description":null,"og_object_type":"default","og_image_type":"default","og_image_url":null,"og_image_width":null,"og_image_height":null,"og_image_custom_url":null,"og_image_custom_fields":null,"og_video":null,"og_custom_url":null,"og_article_section":null,"og_article_tags":null,"twitter_use_og":false,"twitter_card":"default","twitter_image_type":"default","twitter_image_url":null,"twitter_image_custom_url":null,"twitter_image_custom_fields":null,"twitter_title":null,"twitter_description":null,"schema":{"blockGraphs":[],"customGraphs":[],"default":{"data":{"Article":[],"Course":[],"Dataset":[],"FAQPage":[],"Movie":[],"Person":[],"Product":[],"ProductReview":[],"Car":[],"Recipe":[],"Service":[],"SoftwareApplication":[],"WebPage":[]},"graphName":"","isEnabled":true},"graphs":[],"defaultGraph":"","defaultPostTypeGraph":""},"schema_type":null,"schema_type_options":null,"pillar_content":false,"robots_default":true,"robots_noindex":false,"robots_noarchive":false,"robots_nosnippet":false,"robots_nofollow":false,"robots_noimageindex":false,"robots_noodp":false,"robots_notranslate":false,"robots_max_snippet":null,"robots_max_videopreview":null,"robots_max_imagepreview":"large","priority":null,"frequency":null,"local_seo":null,"seo_analyzer_scan_date":"2025-12-05 09:42:15","breadcrumb_settings":null,"limit_modified_date":false,"open_ai":null,"ai":null,"created":"2020-12-21 13:03:37","updated":"2025-12-05 09:42:15","focus_keyword":null,"additional_keywords":null,"truseo_locale":null},"aioseo_breadcrumb":"<div class=\"aioseo-breadcrumbs\"><span class=\"aioseo-breadcrumb\">\n\t<a href=\"https:\/\/www.eldigitaldeasturias.com\/noticias\" title=\"Home\">Home<\/a>\n<\/span><span class=\"aioseo-breadcrumb-separator\">\u2013<\/span><span class=\"aioseo-breadcrumb\">\n\t<a href=\"https:\/\/www.eldigitaldeasturias.com\/noticias\/category\/actualidad\/\" title=\"Actualidad\">Actualidad<\/a>\n<\/span><span class=\"aioseo-breadcrumb-separator\">\u2013<\/span><span class=\"aioseo-breadcrumb\">\n\t<a href=\"https:\/\/www.eldigitaldeasturias.com\/noticias\/doce-proyectos-andaluces-de-educacion-en-valores-finalistas-del-premio-a-la-accion-magistral-2017\/\" title=\"Doce proyectos andaluces de educaci\u00f3n en valores, finalistas del Premio a la Acci\u00f3n Magistral 2017\">Doce proyectos andaluces de educaci\u00f3n en valores, finalistas del Premio a la Acci\u00f3n Magistral 2017<\/a>\n<\/span><\/div>","aioseo_breadcrumb_json":[{"label":"Home","link":"https:\/\/www.eldigitaldeasturias.com\/noticias"},{"label":"Actualidad","link":"https:\/\/www.eldigitaldeasturias.com\/noticias\/category\/actualidad\/"},{"label":"Doce proyectos andaluces de educaci\u00f3n en valores, finalistas del Premio a la Acci\u00f3n Magistral 2017","link":"https:\/\/www.eldigitaldeasturias.com\/noticias\/doce-proyectos-andaluces-de-educacion-en-valores-finalistas-del-premio-a-la-accion-magistral-2017\/"}],"_links":{"self":[{"href":"https:\/\/www.eldigitaldeasturias.com\/noticias\/wp-json\/wp\/v2\/posts\/948721","targetHints":{"allow":["GET"]}}],"collection":[{"href":"https:\/\/www.eldigitaldeasturias.com\/noticias\/wp-json\/wp\/v2\/posts"}],"about":[{"href":"https:\/\/www.eldigitaldeasturias.com\/noticias\/wp-json\/wp\/v2\/types\/post"}],"author":[{"embeddable":true,"href":"https:\/\/www.eldigitaldeasturias.com\/noticias\/wp-json\/wp\/v2\/users\/1"}],"replies":[{"embeddable":true,"href":"https:\/\/www.eldigitaldeasturias.com\/noticias\/wp-json\/wp\/v2\/comments?post=948721"}],"version-history":[{"count":0,"href":"https:\/\/www.eldigitaldeasturias.com\/noticias\/wp-json\/wp\/v2\/posts\/948721\/revisions"}],"wp:attachment":[{"href":"https:\/\/www.eldigitaldeasturias.com\/noticias\/wp-json\/wp\/v2\/media?parent=948721"}],"wp:term":[{"taxonomy":"category","embeddable":true,"href":"https:\/\/www.eldigitaldeasturias.com\/noticias\/wp-json\/wp\/v2\/categories?post=948721"},{"taxonomy":"post_tag","embeddable":true,"href":"https:\/\/www.eldigitaldeasturias.com\/noticias\/wp-json\/wp\/v2\/tags?post=948721"}],"curies":[{"name":"wp","href":"https:\/\/api.w.org\/{rel}","templated":true}]}}