{"id":948665,"date":"2017-08-03T21:38:25","date_gmt":"2017-08-03T21:38:25","guid":{"rendered":"http:\/\/www.eldigitaldeasturias.com\/noticias\/?p=948665"},"modified":"2017-08-03T21:38:25","modified_gmt":"2017-08-03T21:38:25","slug":"abierto-el-plazo-de-presentacion-de-ofertas-para-la-construccion-del-centro-de-salud-los-olivos","status":"publish","type":"post","link":"https:\/\/www.eldigitaldeasturias.com\/noticias\/abierto-el-plazo-de-presentacion-de-ofertas-para-la-construccion-del-centro-de-salud-los-olivos\/","title":{"rendered":"Abierto el plazo de presentaci\u00f3n de ofertas para la construcci\u00f3n del centro de salud Los Olivos"},"content":{"rendered":"<p><img loading=\"lazy\" decoding=\"async\" class=\"alignleft size-medium wp-image-948666\" src=\"https:\/\/www.eldigitaldeasturias.com\/noticias\/wp-content\/uploads\/2017\/08\/imagenes_CentrodeSAludLosOlivos_6730647a-360x159.jpg\" alt=\"\" width=\"360\" height=\"159\" \/>El Bolet\u00edn Oficial de Arag\u00f3n (BOA) publica hoy tres anuncios relativos a la construcci\u00f3n del nuevo centro de salud Los Olivos de Huesca: la licitaci\u00f3n de la direcci\u00f3n de la obra (arquitecto e ingeniero); la licitaci\u00f3n de direcci\u00f3n de ejecuci\u00f3n y la coordinaci\u00f3n de seguridad y salud; y la licitaci\u00f3n de las obras de construcci\u00f3n.<\/p>\n<p>Para todas ellas, el plazo de recepci\u00f3n de proposiciones finalizar\u00e1 el pr\u00f3ximo 15 de septiembre, sumando un importe de licitaci\u00f3n de casi 2.5 millones de euros (IVA excluido). El plazo de ejecuci\u00f3n de los trabajos ser\u00e1 de quince meses desde su adjudicaci\u00f3n.<\/p>\n<p>El nuevo centro de salud Los Olivos de Huesca se ubicar\u00e1 en el barrio del mismo nombre, en la confluencia de las calles Calatayud y Zaragoza, dando as\u00ed respuesta a las necesidades de la poblaci\u00f3n oscense en t\u00e9rminos de calidad y equidad.<\/p>\n<p>Contar\u00e1 con una superficie construida de 2.382 metros cuadrados, distribuidos en dos plantas. En la planta baja se situar\u00e1n el acceso principal, \u00e1rea de diagn\u00f3sticos y tratamientos (que incluye una consulta de urgencias), \u00e1rea de Pediatr\u00eda, consulta de matrona y m\u00f3dulo polivalente, y el \u00e1rea administrativa, de formaci\u00f3n y servicios. La planta primera se destinar\u00e1 completamente a medicina de familia.<\/p>\n<p>El edificio contar\u00e1 con unas prestaciones y caracter\u00edsticas superiores a las establecidas como exigencias b\u00e1sicas en la normativa en cuanto a ahorro y eficiencia energ\u00e9tica, para asegurar una importante reducci\u00f3n en emisiones de CO2 y una mejora significativa de los consumos comparados con edificios similares, y ha obtenido la mejor certificaci\u00f3n energ\u00e9tica posible, la clase A.<\/p>\n<p>&nbsp;<\/p>\n","protected":false},"excerpt":{"rendered":"<p>El Bolet\u00edn Oficial de Arag\u00f3n (BOA) publica hoy tres anuncios relativos a la construcci\u00f3n del nuevo centro de salud Los Olivos de Huesca: la licitaci\u00f3n de la direcci\u00f3n de la obra (arquitecto e ingeniero); la licitaci\u00f3n de direcci\u00f3n de ejecuci\u00f3n y la coordinaci\u00f3n de seguridad y salud; y la licitaci\u00f3n de las obras de construcci\u00f3n. [&hellip;]<\/p>\n","protected":false},"author":1,"featured_media":948666,"comment_status":"closed","ping_status":"closed","sticky":false,"template":"","format":"standard","meta":{"footnotes":""},"categories":[1],"tags":[],"class_list":["post-948665","post","type-post","status-publish","format-standard","has-post-thumbnail","hentry","category-actualidad"],"aioseo_notices":[],"aioseo_head":"\n\t\t<!-- All in One SEO Pro 5.0.1 - aioseo.com -->\n\t<meta name=\"description\" content=\"El Bolet\u00edn Oficial de Arag\u00f3n (BOA) publica hoy tres anuncios relativos a la construcci\u00f3n del nuevo centro de salud Los Olivos de Huesca: la licitaci\u00f3n de la direcci\u00f3n de la obra (arquitecto e ingeniero); la licitaci\u00f3n de direcci\u00f3n de ejecuci\u00f3n y la coordinaci\u00f3n de seguridad y salud; y la licitaci\u00f3n de las obras de construcci\u00f3n.\" \/>\n\t<meta name=\"robots\" content=\"max-image-preview:large\" \/>\n\t<meta name=\"author\" content=\"El Digital de Asturias\"\/>\n\t<meta name=\"google-site-verification\" content=\"UA-38556648-1\" \/>\n\t<meta name=\"msvalidate.01\" content=\"7dfe9f3f1b24437ab69f4f2559babe99\" \/>\n\t<meta name=\"keywords\" content=\"actualidad\" \/>\n\t<link rel=\"canonical\" href=\"https:\/\/www.eldigitaldeasturias.com\/noticias\/abierto-el-plazo-de-presentacion-de-ofertas-para-la-construccion-del-centro-de-salud-los-olivos\/\" \/>\n\t<meta name=\"generator\" content=\"All in One SEO Pro (AIOSEO) 5.0.1\" \/>\n\t\t<meta property=\"og:locale\" content=\"es_ES\" \/>\n\t\t<meta property=\"og:site_name\" content=\"El Digital de Asturias\" \/>\n\t\t<meta property=\"og:type\" content=\"article\" \/>\n\t\t<meta property=\"og:title\" content=\"Abierto el plazo de presentaci\u00f3n de ofertas para la construcci\u00f3n del centro de salud Los Olivos - El Digital de Asturias\" \/>\n\t\t<meta property=\"og:description\" content=\"El Bolet\u00edn Oficial de Arag\u00f3n (BOA) publica hoy tres anuncios relativos a la construcci\u00f3n del nuevo centro de salud Los Olivos de Huesca: la licitaci\u00f3n de la direcci\u00f3n de la obra (arquitecto e ingeniero); la licitaci\u00f3n de direcci\u00f3n de ejecuci\u00f3n y la coordinaci\u00f3n de seguridad y salud; y la licitaci\u00f3n de las obras de construcci\u00f3n.\" \/>\n\t\t<meta property=\"og:url\" content=\"https:\/\/www.eldigitaldeasturias.com\/noticias\/abierto-el-plazo-de-presentacion-de-ofertas-para-la-construccion-del-centro-de-salud-los-olivos\/\" \/>\n\t\t<meta property=\"article:tag\" content=\"actualidad\" \/>\n\t\t<meta property=\"article:published_time\" content=\"2017-08-03T21:38:25+00:00\" \/>\n\t\t<meta property=\"article:modified_time\" content=\"2017-08-03T21:38:25+00:00\" \/>\n\t\t<meta property=\"article:publisher\" content=\"https:\/\/facebook.com\/eldigitaldeasturias\" \/>\n\t\t<meta name=\"twitter:card\" content=\"summary_large_image\" \/>\n\t\t<meta name=\"twitter:title\" content=\"Abierto el plazo de presentaci\u00f3n de ofertas para la construcci\u00f3n del centro de salud Los Olivos - El Digital de Asturias\" \/>\n\t\t<meta name=\"twitter:description\" content=\"El Bolet\u00edn Oficial de Arag\u00f3n (BOA) publica hoy tres anuncios relativos a la construcci\u00f3n del nuevo centro de salud Los Olivos de Huesca: la licitaci\u00f3n de la direcci\u00f3n de la obra (arquitecto e ingeniero); la licitaci\u00f3n de direcci\u00f3n de ejecuci\u00f3n y la coordinaci\u00f3n de seguridad y salud; y la licitaci\u00f3n de las obras de construcci\u00f3n.\" \/>\n\t\t<meta name=\"twitter:image\" content=\"https:\/\/www.eldigitaldeasturias.com\/noticias\/wp-content\/uploads\/2020\/12\/EDA-1.jpg\" \/>\n\t\t<meta name=\"twitter:label1\" content=\"Escrito por\" \/>\n\t\t<meta name=\"twitter:data1\" content=\"El Digital de Asturias\" \/>\n\t\t<meta name=\"twitter:label2\" content=\"Tiempo de lectura estimado\" \/>\n\t\t<meta name=\"twitter:data2\" content=\"1 minuto\" \/>\n\t\t<script type=\"application\/ld+json\" class=\"aioseo-schema\">\n\t\t\t{\"@context\":\"https:\\\/\\\/schema.org\",\"@graph\":[{\"@type\":\"BlogPosting\",\"@id\":\"https:\\\/\\\/www.eldigitaldeasturias.com\\\/noticias\\\/abierto-el-plazo-de-presentacion-de-ofertas-para-la-construccion-del-centro-de-salud-los-olivos\\\/#blogposting\",\"name\":\"Abierto el plazo de presentaci\\u00f3n de ofertas para la construcci\\u00f3n del centro de salud Los Olivos - El Digital de Asturias\",\"headline\":\"Abierto el plazo de presentaci\\u00f3n de ofertas para la construcci\\u00f3n del centro de salud Los Olivos\",\"author\":{\"@id\":\"https:\\\/\\\/www.eldigitaldeasturias.com\\\/noticias\\\/author\\\/admin\\\/#author\"},\"publisher\":{\"@id\":\"https:\\\/\\\/www.eldigitaldeasturias.com\\\/noticias\\\/#organization\"},\"image\":{\"@type\":\"ImageObject\",\"url\":948666},\"datePublished\":\"2017-08-03T21:38:25+02:00\",\"dateModified\":\"2017-08-03T21:38:25+02:00\",\"inLanguage\":\"es-ES\",\"mainEntityOfPage\":{\"@id\":\"https:\\\/\\\/www.eldigitaldeasturias.com\\\/noticias\\\/abierto-el-plazo-de-presentacion-de-ofertas-para-la-construccion-del-centro-de-salud-los-olivos\\\/#webpage\"},\"isPartOf\":{\"@id\":\"https:\\\/\\\/www.eldigitaldeasturias.com\\\/noticias\\\/abierto-el-plazo-de-presentacion-de-ofertas-para-la-construccion-del-centro-de-salud-los-olivos\\\/#webpage\"},\"articleSection\":\"Actualidad\"},{\"@type\":\"BreadcrumbList\",\"@id\":\"https:\\\/\\\/www.eldigitaldeasturias.com\\\/noticias\\\/abierto-el-plazo-de-presentacion-de-ofertas-para-la-construccion-del-centro-de-salud-los-olivos\\\/#breadcrumblist\",\"itemListElement\":[{\"@type\":\"ListItem\",\"@id\":\"https:\\\/\\\/www.eldigitaldeasturias.com\\\/noticias#listItem\",\"position\":1,\"name\":\"Home\",\"item\":\"https:\\\/\\\/www.eldigitaldeasturias.com\\\/noticias\",\"nextItem\":{\"@type\":\"ListItem\",\"@id\":\"https:\\\/\\\/www.eldigitaldeasturias.com\\\/noticias\\\/category\\\/actualidad\\\/#listItem\",\"name\":\"Actualidad\"}},{\"@type\":\"ListItem\",\"@id\":\"https:\\\/\\\/www.eldigitaldeasturias.com\\\/noticias\\\/category\\\/actualidad\\\/#listItem\",\"position\":2,\"name\":\"Actualidad\",\"item\":\"https:\\\/\\\/www.eldigitaldeasturias.com\\\/noticias\\\/category\\\/actualidad\\\/\",\"nextItem\":{\"@type\":\"ListItem\",\"@id\":\"https:\\\/\\\/www.eldigitaldeasturias.com\\\/noticias\\\/abierto-el-plazo-de-presentacion-de-ofertas-para-la-construccion-del-centro-de-salud-los-olivos\\\/#listItem\",\"name\":\"Abierto el plazo de presentaci\\u00f3n de ofertas para la construcci\\u00f3n del centro de salud Los Olivos\"},\"previousItem\":{\"@type\":\"ListItem\",\"@id\":\"https:\\\/\\\/www.eldigitaldeasturias.com\\\/noticias#listItem\",\"name\":\"Home\"}},{\"@type\":\"ListItem\",\"@id\":\"https:\\\/\\\/www.eldigitaldeasturias.com\\\/noticias\\\/abierto-el-plazo-de-presentacion-de-ofertas-para-la-construccion-del-centro-de-salud-los-olivos\\\/#listItem\",\"position\":3,\"name\":\"Abierto el plazo de presentaci\\u00f3n de ofertas para la construcci\\u00f3n del centro de salud Los Olivos\",\"previousItem\":{\"@type\":\"ListItem\",\"@id\":\"https:\\\/\\\/www.eldigitaldeasturias.com\\\/noticias\\\/category\\\/actualidad\\\/#listItem\",\"name\":\"Actualidad\"}}]},{\"@type\":\"Organization\",\"@id\":\"https:\\\/\\\/www.eldigitaldeasturias.com\\\/noticias\\\/#organization\",\"name\":\"El Digital de Asturias\",\"description\":\"Hemeroteca\",\"url\":\"https:\\\/\\\/www.eldigitaldeasturias.com\\\/noticias\\\/\",\"email\":\"info@eldigitaldeasturias.com\",\"telephone\":\"+34652131393\",\"logo\":{\"@type\":\"ImageObject\",\"url\":\"https:\\\/\\\/www.eldigitaldeasturias.com\\\/noticias\\\/wp-content\\\/uploads\\\/2020\\\/12\\\/EDA.jpg\",\"@id\":\"https:\\\/\\\/www.eldigitaldeasturias.com\\\/noticias\\\/abierto-el-plazo-de-presentacion-de-ofertas-para-la-construccion-del-centro-de-salud-los-olivos\\\/#organizationLogo\"},\"image\":{\"@id\":\"https:\\\/\\\/www.eldigitaldeasturias.com\\\/noticias\\\/abierto-el-plazo-de-presentacion-de-ofertas-para-la-construccion-del-centro-de-salud-los-olivos\\\/#organizationLogo\"},\"sameAs\":[\"https:\\\/\\\/facebook.com\\\/eldigitaldeasturias\",\"https:\\\/\\\/www.youtube.com\\\/channel\\\/UCZP-2wLEB9Rv6erhFmqVnvg\"],\"address\":{\"@id\":\"https:\\\/\\\/www.eldigitaldeasturias.com\\\/noticias\\\/#postaladdress\",\"@type\":\"PostalAddress\",\"streetAddress\":\"san antonio 4\",\"postalCode\":\"33430\",\"addressLocality\":\"Cand\\u00e1s\",\"addressRegion\":\"Asturias\",\"addressCountry\":\"ES\"}},{\"@type\":\"Person\",\"@id\":\"https:\\\/\\\/www.eldigitaldeasturias.com\\\/noticias\\\/author\\\/admin\\\/#author\",\"url\":\"https:\\\/\\\/www.eldigitaldeasturias.com\\\/noticias\\\/author\\\/admin\\\/\",\"name\":\"El Digital de Asturias\",\"image\":{\"@type\":\"ImageObject\",\"@id\":\"https:\\\/\\\/www.eldigitaldeasturias.com\\\/noticias\\\/abierto-el-plazo-de-presentacion-de-ofertas-para-la-construccion-del-centro-de-salud-los-olivos\\\/#authorImage\",\"url\":\"https:\\\/\\\/secure.gravatar.com\\\/avatar\\\/df2aeffc32bcd13f8d26072ef8a91b623d677766deac7f97ca815868cd41bf5e?s=96&d=mm&r=g\",\"width\":96,\"height\":96,\"caption\":\"El Digital de Asturias\"}},{\"@type\":\"WebPage\",\"@id\":\"https:\\\/\\\/www.eldigitaldeasturias.com\\\/noticias\\\/abierto-el-plazo-de-presentacion-de-ofertas-para-la-construccion-del-centro-de-salud-los-olivos\\\/#webpage\",\"url\":\"https:\\\/\\\/www.eldigitaldeasturias.com\\\/noticias\\\/abierto-el-plazo-de-presentacion-de-ofertas-para-la-construccion-del-centro-de-salud-los-olivos\\\/\",\"name\":\"Abierto el plazo de presentaci\\u00f3n de ofertas para la construcci\\u00f3n del centro de salud Los Olivos - El Digital de Asturias\",\"description\":\"El Bolet\\u00edn Oficial de Arag\\u00f3n (BOA) publica hoy tres anuncios relativos a la construcci\\u00f3n del nuevo centro de salud Los Olivos de Huesca: la licitaci\\u00f3n de la direcci\\u00f3n de la obra (arquitecto e ingeniero); la licitaci\\u00f3n de direcci\\u00f3n de ejecuci\\u00f3n y la coordinaci\\u00f3n de seguridad y salud; y la licitaci\\u00f3n de las obras de construcci\\u00f3n.\",\"inLanguage\":\"es-ES\",\"isPartOf\":{\"@id\":\"https:\\\/\\\/www.eldigitaldeasturias.com\\\/noticias\\\/#website\"},\"breadcrumb\":{\"@id\":\"https:\\\/\\\/www.eldigitaldeasturias.com\\\/noticias\\\/abierto-el-plazo-de-presentacion-de-ofertas-para-la-construccion-del-centro-de-salud-los-olivos\\\/#breadcrumblist\"},\"author\":{\"@id\":\"https:\\\/\\\/www.eldigitaldeasturias.com\\\/noticias\\\/author\\\/admin\\\/#author\"},\"creator\":{\"@id\":\"https:\\\/\\\/www.eldigitaldeasturias.com\\\/noticias\\\/author\\\/admin\\\/#author\"},\"image\":{\"@type\":\"ImageObject\",\"url\":948666,\"@id\":\"https:\\\/\\\/www.eldigitaldeasturias.com\\\/noticias\\\/abierto-el-plazo-de-presentacion-de-ofertas-para-la-construccion-del-centro-de-salud-los-olivos\\\/#mainImage\"},\"primaryImageOfPage\":{\"@id\":\"https:\\\/\\\/www.eldigitaldeasturias.com\\\/noticias\\\/abierto-el-plazo-de-presentacion-de-ofertas-para-la-construccion-del-centro-de-salud-los-olivos\\\/#mainImage\"},\"datePublished\":\"2017-08-03T21:38:25+02:00\",\"dateModified\":\"2017-08-03T21:38:25+02:00\"},{\"@type\":\"WebSite\",\"@id\":\"https:\\\/\\\/www.eldigitaldeasturias.com\\\/noticias\\\/#website\",\"url\":\"https:\\\/\\\/www.eldigitaldeasturias.com\\\/noticias\\\/\",\"name\":\"El Digital de Asturias - Diario de actualidad y noticias\",\"alternateName\":\"El Digital de Asturias - Diario de actualidad y noticias\",\"description\":\"Hemeroteca\",\"inLanguage\":\"es-ES\",\"publisher\":{\"@id\":\"https:\\\/\\\/www.eldigitaldeasturias.com\\\/noticias\\\/#organization\"}}]}\n\t\t<\/script>\n\t\t<!-- All in One SEO Pro -->\r\n\t\t<title>Abierto el plazo de presentaci\u00f3n de ofertas para la construcci\u00f3n del centro de salud Los Olivos - El Digital de Asturias<\/title>\n\n","aioseo_head_json":{"title":"Abierto el plazo de presentaci\u00f3n de ofertas para la construcci\u00f3n del centro de salud Los Olivos - El Digital de Asturias","description":"El Bolet\u00edn Oficial de Arag\u00f3n (BOA) publica hoy tres anuncios relativos a la construcci\u00f3n del nuevo centro de salud Los Olivos de Huesca: la licitaci\u00f3n de la direcci\u00f3n de la obra (arquitecto e ingeniero); la licitaci\u00f3n de direcci\u00f3n de ejecuci\u00f3n y la coordinaci\u00f3n de seguridad y salud; y la licitaci\u00f3n de las obras de construcci\u00f3n.","canonical_url":"https:\/\/www.eldigitaldeasturias.com\/noticias\/abierto-el-plazo-de-presentacion-de-ofertas-para-la-construccion-del-centro-de-salud-los-olivos\/","robots":"max-image-preview:large","keywords":"actualidad","webmasterTools":{"google-site-verification":"UA-38556648-1","msvalidate.01":"7dfe9f3f1b24437ab69f4f2559babe99","miscellaneous":""},"schema":{"@context":"https:\/\/schema.org","@graph":[{"@type":"BlogPosting","@id":"https:\/\/www.eldigitaldeasturias.com\/noticias\/abierto-el-plazo-de-presentacion-de-ofertas-para-la-construccion-del-centro-de-salud-los-olivos\/#blogposting","name":"Abierto el plazo de presentaci\u00f3n de ofertas para la construcci\u00f3n del centro de salud Los Olivos - El Digital de Asturias","headline":"Abierto el plazo de presentaci\u00f3n de ofertas para la construcci\u00f3n del centro de salud Los Olivos","author":{"@id":"https:\/\/www.eldigitaldeasturias.com\/noticias\/author\/admin\/#author"},"publisher":{"@id":"https:\/\/www.eldigitaldeasturias.com\/noticias\/#organization"},"image":{"@type":"ImageObject","url":948666},"datePublished":"2017-08-03T21:38:25+02:00","dateModified":"2017-08-03T21:38:25+02:00","inLanguage":"es-ES","mainEntityOfPage":{"@id":"https:\/\/www.eldigitaldeasturias.com\/noticias\/abierto-el-plazo-de-presentacion-de-ofertas-para-la-construccion-del-centro-de-salud-los-olivos\/#webpage"},"isPartOf":{"@id":"https:\/\/www.eldigitaldeasturias.com\/noticias\/abierto-el-plazo-de-presentacion-de-ofertas-para-la-construccion-del-centro-de-salud-los-olivos\/#webpage"},"articleSection":"Actualidad"},{"@type":"BreadcrumbList","@id":"https:\/\/www.eldigitaldeasturias.com\/noticias\/abierto-el-plazo-de-presentacion-de-ofertas-para-la-construccion-del-centro-de-salud-los-olivos\/#breadcrumblist","itemListElement":[{"@type":"ListItem","@id":"https:\/\/www.eldigitaldeasturias.com\/noticias#listItem","position":1,"name":"Home","item":"https:\/\/www.eldigitaldeasturias.com\/noticias","nextItem":{"@type":"ListItem","@id":"https:\/\/www.eldigitaldeasturias.com\/noticias\/category\/actualidad\/#listItem","name":"Actualidad"}},{"@type":"ListItem","@id":"https:\/\/www.eldigitaldeasturias.com\/noticias\/category\/actualidad\/#listItem","position":2,"name":"Actualidad","item":"https:\/\/www.eldigitaldeasturias.com\/noticias\/category\/actualidad\/","nextItem":{"@type":"ListItem","@id":"https:\/\/www.eldigitaldeasturias.com\/noticias\/abierto-el-plazo-de-presentacion-de-ofertas-para-la-construccion-del-centro-de-salud-los-olivos\/#listItem","name":"Abierto el plazo de presentaci\u00f3n de ofertas para la construcci\u00f3n del centro de salud Los Olivos"},"previousItem":{"@type":"ListItem","@id":"https:\/\/www.eldigitaldeasturias.com\/noticias#listItem","name":"Home"}},{"@type":"ListItem","@id":"https:\/\/www.eldigitaldeasturias.com\/noticias\/abierto-el-plazo-de-presentacion-de-ofertas-para-la-construccion-del-centro-de-salud-los-olivos\/#listItem","position":3,"name":"Abierto el plazo de presentaci\u00f3n de ofertas para la construcci\u00f3n del centro de salud Los Olivos","previousItem":{"@type":"ListItem","@id":"https:\/\/www.eldigitaldeasturias.com\/noticias\/category\/actualidad\/#listItem","name":"Actualidad"}}]},{"@type":"Organization","@id":"https:\/\/www.eldigitaldeasturias.com\/noticias\/#organization","name":"El Digital de Asturias","description":"Hemeroteca","url":"https:\/\/www.eldigitaldeasturias.com\/noticias\/","email":"info@eldigitaldeasturias.com","telephone":"+34652131393","logo":{"@type":"ImageObject","url":"https:\/\/www.eldigitaldeasturias.com\/noticias\/wp-content\/uploads\/2020\/12\/EDA.jpg","@id":"https:\/\/www.eldigitaldeasturias.com\/noticias\/abierto-el-plazo-de-presentacion-de-ofertas-para-la-construccion-del-centro-de-salud-los-olivos\/#organizationLogo"},"image":{"@id":"https:\/\/www.eldigitaldeasturias.com\/noticias\/abierto-el-plazo-de-presentacion-de-ofertas-para-la-construccion-del-centro-de-salud-los-olivos\/#organizationLogo"},"sameAs":["https:\/\/facebook.com\/eldigitaldeasturias","https:\/\/www.youtube.com\/channel\/UCZP-2wLEB9Rv6erhFmqVnvg"],"address":{"@id":"https:\/\/www.eldigitaldeasturias.com\/noticias\/#postaladdress","@type":"PostalAddress","streetAddress":"san antonio 4","postalCode":"33430","addressLocality":"Cand\u00e1s","addressRegion":"Asturias","addressCountry":"ES"}},{"@type":"Person","@id":"https:\/\/www.eldigitaldeasturias.com\/noticias\/author\/admin\/#author","url":"https:\/\/www.eldigitaldeasturias.com\/noticias\/author\/admin\/","name":"El Digital de Asturias","image":{"@type":"ImageObject","@id":"https:\/\/www.eldigitaldeasturias.com\/noticias\/abierto-el-plazo-de-presentacion-de-ofertas-para-la-construccion-del-centro-de-salud-los-olivos\/#authorImage","url":"https:\/\/secure.gravatar.com\/avatar\/df2aeffc32bcd13f8d26072ef8a91b623d677766deac7f97ca815868cd41bf5e?s=96&d=mm&r=g","width":96,"height":96,"caption":"El Digital de Asturias"}},{"@type":"WebPage","@id":"https:\/\/www.eldigitaldeasturias.com\/noticias\/abierto-el-plazo-de-presentacion-de-ofertas-para-la-construccion-del-centro-de-salud-los-olivos\/#webpage","url":"https:\/\/www.eldigitaldeasturias.com\/noticias\/abierto-el-plazo-de-presentacion-de-ofertas-para-la-construccion-del-centro-de-salud-los-olivos\/","name":"Abierto el plazo de presentaci\u00f3n de ofertas para la construcci\u00f3n del centro de salud Los Olivos - El Digital de Asturias","description":"El Bolet\u00edn Oficial de Arag\u00f3n (BOA) publica hoy tres anuncios relativos a la construcci\u00f3n del nuevo centro de salud Los Olivos de Huesca: la licitaci\u00f3n de la direcci\u00f3n de la obra (arquitecto e ingeniero); la licitaci\u00f3n de direcci\u00f3n de ejecuci\u00f3n y la coordinaci\u00f3n de seguridad y salud; y la licitaci\u00f3n de las obras de construcci\u00f3n.","inLanguage":"es-ES","isPartOf":{"@id":"https:\/\/www.eldigitaldeasturias.com\/noticias\/#website"},"breadcrumb":{"@id":"https:\/\/www.eldigitaldeasturias.com\/noticias\/abierto-el-plazo-de-presentacion-de-ofertas-para-la-construccion-del-centro-de-salud-los-olivos\/#breadcrumblist"},"author":{"@id":"https:\/\/www.eldigitaldeasturias.com\/noticias\/author\/admin\/#author"},"creator":{"@id":"https:\/\/www.eldigitaldeasturias.com\/noticias\/author\/admin\/#author"},"image":{"@type":"ImageObject","url":948666,"@id":"https:\/\/www.eldigitaldeasturias.com\/noticias\/abierto-el-plazo-de-presentacion-de-ofertas-para-la-construccion-del-centro-de-salud-los-olivos\/#mainImage"},"primaryImageOfPage":{"@id":"https:\/\/www.eldigitaldeasturias.com\/noticias\/abierto-el-plazo-de-presentacion-de-ofertas-para-la-construccion-del-centro-de-salud-los-olivos\/#mainImage"},"datePublished":"2017-08-03T21:38:25+02:00","dateModified":"2017-08-03T21:38:25+02:00"},{"@type":"WebSite","@id":"https:\/\/www.eldigitaldeasturias.com\/noticias\/#website","url":"https:\/\/www.eldigitaldeasturias.com\/noticias\/","name":"El Digital de Asturias - Diario de actualidad y noticias","alternateName":"El Digital de Asturias - Diario de actualidad y noticias","description":"Hemeroteca","inLanguage":"es-ES","publisher":{"@id":"https:\/\/www.eldigitaldeasturias.com\/noticias\/#organization"}}]},"og:locale":"es_ES","og:site_name":"El Digital de Asturias","og:type":"article","og:title":"Abierto el plazo de presentaci\u00f3n de ofertas para la construcci\u00f3n del centro de salud Los Olivos - El Digital de Asturias","og:description":"El Bolet\u00edn Oficial de Arag\u00f3n (BOA) publica hoy tres anuncios relativos a la construcci\u00f3n del nuevo centro de salud Los Olivos de Huesca: la licitaci\u00f3n de la direcci\u00f3n de la obra (arquitecto e ingeniero); la licitaci\u00f3n de direcci\u00f3n de ejecuci\u00f3n y la coordinaci\u00f3n de seguridad y salud; y la licitaci\u00f3n de las obras de construcci\u00f3n.","og:url":"https:\/\/www.eldigitaldeasturias.com\/noticias\/abierto-el-plazo-de-presentacion-de-ofertas-para-la-construccion-del-centro-de-salud-los-olivos\/","article:tag":["actualidad"],"article:published_time":"2017-08-03T21:38:25+00:00","article:modified_time":"2017-08-03T21:38:25+00:00","article:publisher":"https:\/\/facebook.com\/eldigitaldeasturias","twitter:card":"summary_large_image","twitter:title":"Abierto el plazo de presentaci\u00f3n de ofertas para la construcci\u00f3n del centro de salud Los Olivos - El Digital de Asturias","twitter:description":"El Bolet\u00edn Oficial de Arag\u00f3n (BOA) publica hoy tres anuncios relativos a la construcci\u00f3n del nuevo centro de salud Los Olivos de Huesca: la licitaci\u00f3n de la direcci\u00f3n de la obra (arquitecto e ingeniero); la licitaci\u00f3n de direcci\u00f3n de ejecuci\u00f3n y la coordinaci\u00f3n de seguridad y salud; y la licitaci\u00f3n de las obras de construcci\u00f3n.","twitter:image":"https:\/\/www.eldigitaldeasturias.com\/noticias\/wp-content\/uploads\/2020\/12\/EDA-1.jpg","twitter:label1":"Escrito por","twitter:data1":"El Digital de Asturias","twitter:label2":"Tiempo de lectura estimado","twitter:data2":"1 minuto"},"aioseo_meta_data":{"post_id":"948665","title":null,"description":null,"keywords":null,"keyphrases":null,"primary_term":null,"canonical_url":null,"og_title":null,"og_description":null,"og_object_type":"default","og_image_type":"default","og_image_url":null,"og_image_width":null,"og_image_height":null,"og_image_custom_url":null,"og_image_custom_fields":null,"og_video":null,"og_custom_url":null,"og_article_section":null,"og_article_tags":null,"twitter_use_og":false,"twitter_card":"default","twitter_image_type":"default","twitter_image_url":null,"twitter_image_custom_url":null,"twitter_image_custom_fields":null,"twitter_title":null,"twitter_description":null,"schema":{"blockGraphs":[],"customGraphs":[],"default":{"data":{"Article":[],"Course":[],"Dataset":[],"FAQPage":[],"Movie":[],"Person":[],"Product":[],"ProductReview":[],"Car":[],"Recipe":[],"Service":[],"SoftwareApplication":[],"WebPage":[]},"graphName":"","isEnabled":true},"graphs":[],"defaultGraph":"","defaultPostTypeGraph":""},"schema_type":null,"schema_type_options":null,"pillar_content":false,"robots_default":true,"robots_noindex":false,"robots_noarchive":false,"robots_nosnippet":false,"robots_nofollow":false,"robots_noimageindex":false,"robots_noodp":false,"robots_notranslate":false,"robots_max_snippet":null,"robots_max_videopreview":null,"robots_max_imagepreview":"large","priority":null,"frequency":null,"local_seo":null,"seo_analyzer_scan_date":"2025-12-05 09:28:08","breadcrumb_settings":null,"limit_modified_date":false,"open_ai":null,"ai":null,"created":"2020-12-21 13:04:36","updated":"2025-12-05 09:28:08","focus_keyword":null,"additional_keywords":null,"truseo_locale":null},"aioseo_breadcrumb":"<div class=\"aioseo-breadcrumbs\"><span class=\"aioseo-breadcrumb\">\n\t<a href=\"https:\/\/www.eldigitaldeasturias.com\/noticias\" title=\"Home\">Home<\/a>\n<\/span><span class=\"aioseo-breadcrumb-separator\">\u2013<\/span><span class=\"aioseo-breadcrumb\">\n\t<a href=\"https:\/\/www.eldigitaldeasturias.com\/noticias\/category\/actualidad\/\" title=\"Actualidad\">Actualidad<\/a>\n<\/span><span class=\"aioseo-breadcrumb-separator\">\u2013<\/span><span class=\"aioseo-breadcrumb\">\n\t<a href=\"https:\/\/www.eldigitaldeasturias.com\/noticias\/abierto-el-plazo-de-presentacion-de-ofertas-para-la-construccion-del-centro-de-salud-los-olivos\/\" title=\"Abierto el plazo de presentaci\u00f3n de ofertas para la construcci\u00f3n del centro de salud Los Olivos\">Abierto el plazo de presentaci\u00f3n de ofertas para la construcci\u00f3n del centro de salud Los Olivos<\/a>\n<\/span><\/div>","aioseo_breadcrumb_json":[{"label":"Home","link":"https:\/\/www.eldigitaldeasturias.com\/noticias"},{"label":"Actualidad","link":"https:\/\/www.eldigitaldeasturias.com\/noticias\/category\/actualidad\/"},{"label":"Abierto el plazo de presentaci\u00f3n de ofertas para la construcci\u00f3n del centro de salud Los Olivos","link":"https:\/\/www.eldigitaldeasturias.com\/noticias\/abierto-el-plazo-de-presentacion-de-ofertas-para-la-construccion-del-centro-de-salud-los-olivos\/"}],"_links":{"self":[{"href":"https:\/\/www.eldigitaldeasturias.com\/noticias\/wp-json\/wp\/v2\/posts\/948665","targetHints":{"allow":["GET"]}}],"collection":[{"href":"https:\/\/www.eldigitaldeasturias.com\/noticias\/wp-json\/wp\/v2\/posts"}],"about":[{"href":"https:\/\/www.eldigitaldeasturias.com\/noticias\/wp-json\/wp\/v2\/types\/post"}],"author":[{"embeddable":true,"href":"https:\/\/www.eldigitaldeasturias.com\/noticias\/wp-json\/wp\/v2\/users\/1"}],"replies":[{"embeddable":true,"href":"https:\/\/www.eldigitaldeasturias.com\/noticias\/wp-json\/wp\/v2\/comments?post=948665"}],"version-history":[{"count":0,"href":"https:\/\/www.eldigitaldeasturias.com\/noticias\/wp-json\/wp\/v2\/posts\/948665\/revisions"}],"wp:attachment":[{"href":"https:\/\/www.eldigitaldeasturias.com\/noticias\/wp-json\/wp\/v2\/media?parent=948665"}],"wp:term":[{"taxonomy":"category","embeddable":true,"href":"https:\/\/www.eldigitaldeasturias.com\/noticias\/wp-json\/wp\/v2\/categories?post=948665"},{"taxonomy":"post_tag","embeddable":true,"href":"https:\/\/www.eldigitaldeasturias.com\/noticias\/wp-json\/wp\/v2\/tags?post=948665"}],"curies":[{"name":"wp","href":"https:\/\/api.w.org\/{rel}","templated":true}]}}