{"id":948662,"date":"2017-08-03T21:37:06","date_gmt":"2017-08-03T21:37:06","guid":{"rendered":"http:\/\/www.eldigitaldeasturias.com\/noticias\/?p=948662"},"modified":"2017-08-03T21:37:06","modified_gmt":"2017-08-03T21:37:06","slug":"los-funcionarios-destinados-en-los-juzgados-de-violencia-de-genero-de-aragon-recibiran-un-complemento","status":"publish","type":"post","link":"https:\/\/www.eldigitaldeasturias.com\/noticias\/los-funcionarios-destinados-en-los-juzgados-de-violencia-de-genero-de-aragon-recibiran-un-complemento\/","title":{"rendered":"Los funcionarios destinados en los Juzgados de Violencia de G\u00e9nero de Arag\u00f3n recibir\u00e1n un complemento"},"content":{"rendered":"<p><img loading=\"lazy\" decoding=\"async\" class=\"alignleft size-medium wp-image-948663\" src=\"https:\/\/www.eldigitaldeasturias.com\/noticias\/wp-content\/uploads\/2017\/08\/iMG_4987-360x159.jpg\" alt=\"\" width=\"360\" height=\"159\" \/>La Direcci\u00f3n General de Justicia e Interior del Departamento de Presidencia ha reconocido el pago de un complemento salarial para los funcionarios destinados en los Juzgados de Violencia de G\u00e9nero y para el resto de funcionarios que tramitan asuntos en esta materia.<\/p>\n<p>La Direcci\u00f3n General de Justicia e Interior del Gobierno de Arag\u00f3n entiende que \u201clos funcionarios que prestan sus servicios en los \u00f3rganos judiciales con competencia en materia de violencia sobre la mujer tienen una carga de trabajo a\u00f1adida por su atenci\u00f3n directa y r\u00e1pida en la soluci\u00f3n de las diligencias urgentes\u201d.<\/p>\n<p>En el caso de los juzgados de Zaragoza capital los funcionarios percibir\u00e1n al mes las siguientes cuant\u00edas como complemento: funcionarios de gesti\u00f3n procesal y administrativa (185 euros), funcionarios de tramitaci\u00f3n (145 euros) y funcionarios de auxilio judicial (45 euros).<\/p>\n<p>En el caso de los juzgados de los partidos judiciales de la Comunidad Aut\u00f3noma el complemento ser\u00e1, mensualmente, de 85 euros (funcionarios de gesti\u00f3n procesal y administrativa), 65 euros (funcionarios de tramitaci\u00f3n) y 45 euros (funcionarios de auxilio judicial).<\/p>\n<p>Los presupuestos de la Comunidad Aut\u00f3noma recogen una cuant\u00eda de 150.000 euros para hacer frente a estas retribuciones, por otra parte largamente reivindicadas por las organizaciones sindicales implantadas en el \u00e1mbito judicial.<\/p>\n<p><strong>Tres nuevas plazas<\/strong><\/p>\n<p>Por otra parte, el Gobierno de Arag\u00f3n ha dado el visto bueno a la creaci\u00f3n de dos plazas de psic\u00f3logos, con destino a Huesca y Teruel, que reforzar\u00e1n la Unidades de Valoraci\u00f3n Integral Forense, y un trabajador social que reforzar\u00e1 los juzgados de familia y violencia de g\u00e9nero en Zaragoza.<\/p>\n<p>Las tres plazas han sido publicadas ya en el <strong>Bolet\u00edn Oficial de Arag\u00f3n<\/strong> (BOA).<\/p>\n","protected":false},"excerpt":{"rendered":"<p>La Direcci\u00f3n General de Justicia e Interior del Departamento de Presidencia ha reconocido el pago de un complemento salarial para los funcionarios destinados en los Juzgados de Violencia de G\u00e9nero y para el resto de funcionarios que tramitan asuntos en esta materia. La Direcci\u00f3n General de Justicia e Interior del Gobierno de Arag\u00f3n entiende que [&hellip;]<\/p>\n","protected":false},"author":1,"featured_media":948663,"comment_status":"closed","ping_status":"closed","sticky":false,"template":"","format":"standard","meta":{"footnotes":""},"categories":[1],"tags":[],"class_list":["post-948662","post","type-post","status-publish","format-standard","has-post-thumbnail","hentry","category-actualidad"],"aioseo_notices":[],"aioseo_head":"\n\t\t<!-- All in One SEO Pro 5.0.1 - aioseo.com -->\n\t<meta name=\"description\" content=\"La Direcci\u00f3n General de Justicia e Interior del Departamento de Presidencia ha reconocido el pago de un complemento salarial para los funcionarios destinados en los Juzgados de Violencia de G\u00e9nero y para el resto de funcionarios que tramitan asuntos en esta materia. La Direcci\u00f3n General de Justicia e Interior del Gobierno de Arag\u00f3n entiende que\" \/>\n\t<meta name=\"robots\" content=\"max-image-preview:large\" \/>\n\t<meta name=\"author\" content=\"El Digital de Asturias\"\/>\n\t<meta name=\"google-site-verification\" content=\"UA-38556648-1\" \/>\n\t<meta name=\"msvalidate.01\" content=\"7dfe9f3f1b24437ab69f4f2559babe99\" \/>\n\t<meta name=\"keywords\" content=\"actualidad\" \/>\n\t<link rel=\"canonical\" href=\"https:\/\/www.eldigitaldeasturias.com\/noticias\/los-funcionarios-destinados-en-los-juzgados-de-violencia-de-genero-de-aragon-recibiran-un-complemento\/\" \/>\n\t<meta name=\"generator\" content=\"All in One SEO Pro (AIOSEO) 5.0.1\" \/>\n\t\t<meta property=\"og:locale\" content=\"es_ES\" \/>\n\t\t<meta property=\"og:site_name\" content=\"El Digital de Asturias\" \/>\n\t\t<meta property=\"og:type\" content=\"article\" \/>\n\t\t<meta property=\"og:title\" content=\"Los funcionarios destinados en los Juzgados de Violencia de G\u00e9nero de Arag\u00f3n recibir\u00e1n un complemento - El Digital de Asturias\" \/>\n\t\t<meta property=\"og:description\" content=\"La Direcci\u00f3n General de Justicia e Interior del Departamento de Presidencia ha reconocido el pago de un complemento salarial para los funcionarios destinados en los Juzgados de Violencia de G\u00e9nero y para el resto de funcionarios que tramitan asuntos en esta materia. La Direcci\u00f3n General de Justicia e Interior del Gobierno de Arag\u00f3n entiende que\" \/>\n\t\t<meta property=\"og:url\" content=\"https:\/\/www.eldigitaldeasturias.com\/noticias\/los-funcionarios-destinados-en-los-juzgados-de-violencia-de-genero-de-aragon-recibiran-un-complemento\/\" \/>\n\t\t<meta property=\"article:tag\" content=\"actualidad\" \/>\n\t\t<meta property=\"article:published_time\" content=\"2017-08-03T21:37:06+00:00\" \/>\n\t\t<meta property=\"article:modified_time\" content=\"2017-08-03T21:37:06+00:00\" \/>\n\t\t<meta property=\"article:publisher\" content=\"https:\/\/facebook.com\/eldigitaldeasturias\" \/>\n\t\t<meta name=\"twitter:card\" content=\"summary_large_image\" \/>\n\t\t<meta name=\"twitter:title\" content=\"Los funcionarios destinados en los Juzgados de Violencia de G\u00e9nero de Arag\u00f3n recibir\u00e1n un complemento - El Digital de Asturias\" \/>\n\t\t<meta name=\"twitter:description\" content=\"La Direcci\u00f3n General de Justicia e Interior del Departamento de Presidencia ha reconocido el pago de un complemento salarial para los funcionarios destinados en los Juzgados de Violencia de G\u00e9nero y para el resto de funcionarios que tramitan asuntos en esta materia. La Direcci\u00f3n General de Justicia e Interior del Gobierno de Arag\u00f3n entiende que\" \/>\n\t\t<meta name=\"twitter:image\" content=\"https:\/\/www.eldigitaldeasturias.com\/noticias\/wp-content\/uploads\/2020\/12\/EDA-1.jpg\" \/>\n\t\t<meta name=\"twitter:label1\" content=\"Escrito por\" \/>\n\t\t<meta name=\"twitter:data1\" content=\"El Digital de Asturias\" \/>\n\t\t<meta name=\"twitter:label2\" content=\"Tiempo de lectura estimado\" \/>\n\t\t<meta name=\"twitter:data2\" content=\"1 minuto\" \/>\n\t\t<script type=\"application\/ld+json\" class=\"aioseo-schema\">\n\t\t\t{\"@context\":\"https:\\\/\\\/schema.org\",\"@graph\":[{\"@type\":\"BlogPosting\",\"@id\":\"https:\\\/\\\/www.eldigitaldeasturias.com\\\/noticias\\\/los-funcionarios-destinados-en-los-juzgados-de-violencia-de-genero-de-aragon-recibiran-un-complemento\\\/#blogposting\",\"name\":\"Los funcionarios destinados en los Juzgados de Violencia de G\\u00e9nero de Arag\\u00f3n recibir\\u00e1n un complemento - El Digital de Asturias\",\"headline\":\"Los funcionarios destinados en los Juzgados de Violencia de G\\u00e9nero de Arag\\u00f3n recibir\\u00e1n un complemento\",\"author\":{\"@id\":\"https:\\\/\\\/www.eldigitaldeasturias.com\\\/noticias\\\/author\\\/admin\\\/#author\"},\"publisher\":{\"@id\":\"https:\\\/\\\/www.eldigitaldeasturias.com\\\/noticias\\\/#organization\"},\"image\":{\"@type\":\"ImageObject\",\"url\":948663},\"datePublished\":\"2017-08-03T21:37:06+02:00\",\"dateModified\":\"2017-08-03T21:37:06+02:00\",\"inLanguage\":\"es-ES\",\"mainEntityOfPage\":{\"@id\":\"https:\\\/\\\/www.eldigitaldeasturias.com\\\/noticias\\\/los-funcionarios-destinados-en-los-juzgados-de-violencia-de-genero-de-aragon-recibiran-un-complemento\\\/#webpage\"},\"isPartOf\":{\"@id\":\"https:\\\/\\\/www.eldigitaldeasturias.com\\\/noticias\\\/los-funcionarios-destinados-en-los-juzgados-de-violencia-de-genero-de-aragon-recibiran-un-complemento\\\/#webpage\"},\"articleSection\":\"Actualidad\"},{\"@type\":\"BreadcrumbList\",\"@id\":\"https:\\\/\\\/www.eldigitaldeasturias.com\\\/noticias\\\/los-funcionarios-destinados-en-los-juzgados-de-violencia-de-genero-de-aragon-recibiran-un-complemento\\\/#breadcrumblist\",\"itemListElement\":[{\"@type\":\"ListItem\",\"@id\":\"https:\\\/\\\/www.eldigitaldeasturias.com\\\/noticias#listItem\",\"position\":1,\"name\":\"Home\",\"item\":\"https:\\\/\\\/www.eldigitaldeasturias.com\\\/noticias\",\"nextItem\":{\"@type\":\"ListItem\",\"@id\":\"https:\\\/\\\/www.eldigitaldeasturias.com\\\/noticias\\\/category\\\/actualidad\\\/#listItem\",\"name\":\"Actualidad\"}},{\"@type\":\"ListItem\",\"@id\":\"https:\\\/\\\/www.eldigitaldeasturias.com\\\/noticias\\\/category\\\/actualidad\\\/#listItem\",\"position\":2,\"name\":\"Actualidad\",\"item\":\"https:\\\/\\\/www.eldigitaldeasturias.com\\\/noticias\\\/category\\\/actualidad\\\/\",\"nextItem\":{\"@type\":\"ListItem\",\"@id\":\"https:\\\/\\\/www.eldigitaldeasturias.com\\\/noticias\\\/los-funcionarios-destinados-en-los-juzgados-de-violencia-de-genero-de-aragon-recibiran-un-complemento\\\/#listItem\",\"name\":\"Los funcionarios destinados en los Juzgados de Violencia de G\\u00e9nero de Arag\\u00f3n recibir\\u00e1n un complemento\"},\"previousItem\":{\"@type\":\"ListItem\",\"@id\":\"https:\\\/\\\/www.eldigitaldeasturias.com\\\/noticias#listItem\",\"name\":\"Home\"}},{\"@type\":\"ListItem\",\"@id\":\"https:\\\/\\\/www.eldigitaldeasturias.com\\\/noticias\\\/los-funcionarios-destinados-en-los-juzgados-de-violencia-de-genero-de-aragon-recibiran-un-complemento\\\/#listItem\",\"position\":3,\"name\":\"Los funcionarios destinados en los Juzgados de Violencia de G\\u00e9nero de Arag\\u00f3n recibir\\u00e1n un complemento\",\"previousItem\":{\"@type\":\"ListItem\",\"@id\":\"https:\\\/\\\/www.eldigitaldeasturias.com\\\/noticias\\\/category\\\/actualidad\\\/#listItem\",\"name\":\"Actualidad\"}}]},{\"@type\":\"Organization\",\"@id\":\"https:\\\/\\\/www.eldigitaldeasturias.com\\\/noticias\\\/#organization\",\"name\":\"El Digital de Asturias\",\"description\":\"Hemeroteca\",\"url\":\"https:\\\/\\\/www.eldigitaldeasturias.com\\\/noticias\\\/\",\"email\":\"info@eldigitaldeasturias.com\",\"telephone\":\"+34652131393\",\"logo\":{\"@type\":\"ImageObject\",\"url\":\"https:\\\/\\\/www.eldigitaldeasturias.com\\\/noticias\\\/wp-content\\\/uploads\\\/2020\\\/12\\\/EDA.jpg\",\"@id\":\"https:\\\/\\\/www.eldigitaldeasturias.com\\\/noticias\\\/los-funcionarios-destinados-en-los-juzgados-de-violencia-de-genero-de-aragon-recibiran-un-complemento\\\/#organizationLogo\"},\"image\":{\"@id\":\"https:\\\/\\\/www.eldigitaldeasturias.com\\\/noticias\\\/los-funcionarios-destinados-en-los-juzgados-de-violencia-de-genero-de-aragon-recibiran-un-complemento\\\/#organizationLogo\"},\"sameAs\":[\"https:\\\/\\\/facebook.com\\\/eldigitaldeasturias\",\"https:\\\/\\\/www.youtube.com\\\/channel\\\/UCZP-2wLEB9Rv6erhFmqVnvg\"],\"address\":{\"@id\":\"https:\\\/\\\/www.eldigitaldeasturias.com\\\/noticias\\\/#postaladdress\",\"@type\":\"PostalAddress\",\"streetAddress\":\"san antonio 4\",\"postalCode\":\"33430\",\"addressLocality\":\"Cand\\u00e1s\",\"addressRegion\":\"Asturias\",\"addressCountry\":\"ES\"}},{\"@type\":\"Person\",\"@id\":\"https:\\\/\\\/www.eldigitaldeasturias.com\\\/noticias\\\/author\\\/admin\\\/#author\",\"url\":\"https:\\\/\\\/www.eldigitaldeasturias.com\\\/noticias\\\/author\\\/admin\\\/\",\"name\":\"El Digital de Asturias\",\"image\":{\"@type\":\"ImageObject\",\"@id\":\"https:\\\/\\\/www.eldigitaldeasturias.com\\\/noticias\\\/los-funcionarios-destinados-en-los-juzgados-de-violencia-de-genero-de-aragon-recibiran-un-complemento\\\/#authorImage\",\"url\":\"https:\\\/\\\/secure.gravatar.com\\\/avatar\\\/df2aeffc32bcd13f8d26072ef8a91b623d677766deac7f97ca815868cd41bf5e?s=96&d=mm&r=g\",\"width\":96,\"height\":96,\"caption\":\"El Digital de Asturias\"}},{\"@type\":\"WebPage\",\"@id\":\"https:\\\/\\\/www.eldigitaldeasturias.com\\\/noticias\\\/los-funcionarios-destinados-en-los-juzgados-de-violencia-de-genero-de-aragon-recibiran-un-complemento\\\/#webpage\",\"url\":\"https:\\\/\\\/www.eldigitaldeasturias.com\\\/noticias\\\/los-funcionarios-destinados-en-los-juzgados-de-violencia-de-genero-de-aragon-recibiran-un-complemento\\\/\",\"name\":\"Los funcionarios destinados en los Juzgados de Violencia de G\\u00e9nero de Arag\\u00f3n recibir\\u00e1n un complemento - El Digital de Asturias\",\"description\":\"La Direcci\\u00f3n General de Justicia e Interior del Departamento de Presidencia ha reconocido el pago de un complemento salarial para los funcionarios destinados en los Juzgados de Violencia de G\\u00e9nero y para el resto de funcionarios que tramitan asuntos en esta materia. La Direcci\\u00f3n General de Justicia e Interior del Gobierno de Arag\\u00f3n entiende que\",\"inLanguage\":\"es-ES\",\"isPartOf\":{\"@id\":\"https:\\\/\\\/www.eldigitaldeasturias.com\\\/noticias\\\/#website\"},\"breadcrumb\":{\"@id\":\"https:\\\/\\\/www.eldigitaldeasturias.com\\\/noticias\\\/los-funcionarios-destinados-en-los-juzgados-de-violencia-de-genero-de-aragon-recibiran-un-complemento\\\/#breadcrumblist\"},\"author\":{\"@id\":\"https:\\\/\\\/www.eldigitaldeasturias.com\\\/noticias\\\/author\\\/admin\\\/#author\"},\"creator\":{\"@id\":\"https:\\\/\\\/www.eldigitaldeasturias.com\\\/noticias\\\/author\\\/admin\\\/#author\"},\"image\":{\"@type\":\"ImageObject\",\"url\":948663,\"@id\":\"https:\\\/\\\/www.eldigitaldeasturias.com\\\/noticias\\\/los-funcionarios-destinados-en-los-juzgados-de-violencia-de-genero-de-aragon-recibiran-un-complemento\\\/#mainImage\"},\"primaryImageOfPage\":{\"@id\":\"https:\\\/\\\/www.eldigitaldeasturias.com\\\/noticias\\\/los-funcionarios-destinados-en-los-juzgados-de-violencia-de-genero-de-aragon-recibiran-un-complemento\\\/#mainImage\"},\"datePublished\":\"2017-08-03T21:37:06+02:00\",\"dateModified\":\"2017-08-03T21:37:06+02:00\"},{\"@type\":\"WebSite\",\"@id\":\"https:\\\/\\\/www.eldigitaldeasturias.com\\\/noticias\\\/#website\",\"url\":\"https:\\\/\\\/www.eldigitaldeasturias.com\\\/noticias\\\/\",\"name\":\"El Digital de Asturias - Diario de actualidad y noticias\",\"alternateName\":\"El Digital de Asturias - Diario de actualidad y noticias\",\"description\":\"Hemeroteca\",\"inLanguage\":\"es-ES\",\"publisher\":{\"@id\":\"https:\\\/\\\/www.eldigitaldeasturias.com\\\/noticias\\\/#organization\"}}]}\n\t\t<\/script>\n\t\t<!-- All in One SEO Pro -->\r\n\t\t<title>Los funcionarios destinados en los Juzgados de Violencia de G\u00e9nero de Arag\u00f3n recibir\u00e1n un complemento - El Digital de Asturias<\/title>\n\n","aioseo_head_json":{"title":"Los funcionarios destinados en los Juzgados de Violencia de G\u00e9nero de Arag\u00f3n recibir\u00e1n un complemento - El Digital de Asturias","description":"La Direcci\u00f3n General de Justicia e Interior del Departamento de Presidencia ha reconocido el pago de un complemento salarial para los funcionarios destinados en los Juzgados de Violencia de G\u00e9nero y para el resto de funcionarios que tramitan asuntos en esta materia. La Direcci\u00f3n General de Justicia e Interior del Gobierno de Arag\u00f3n entiende que","canonical_url":"https:\/\/www.eldigitaldeasturias.com\/noticias\/los-funcionarios-destinados-en-los-juzgados-de-violencia-de-genero-de-aragon-recibiran-un-complemento\/","robots":"max-image-preview:large","keywords":"actualidad","webmasterTools":{"google-site-verification":"UA-38556648-1","msvalidate.01":"7dfe9f3f1b24437ab69f4f2559babe99","miscellaneous":""},"schema":{"@context":"https:\/\/schema.org","@graph":[{"@type":"BlogPosting","@id":"https:\/\/www.eldigitaldeasturias.com\/noticias\/los-funcionarios-destinados-en-los-juzgados-de-violencia-de-genero-de-aragon-recibiran-un-complemento\/#blogposting","name":"Los funcionarios destinados en los Juzgados de Violencia de G\u00e9nero de Arag\u00f3n recibir\u00e1n un complemento - El Digital de Asturias","headline":"Los funcionarios destinados en los Juzgados de Violencia de G\u00e9nero de Arag\u00f3n recibir\u00e1n un complemento","author":{"@id":"https:\/\/www.eldigitaldeasturias.com\/noticias\/author\/admin\/#author"},"publisher":{"@id":"https:\/\/www.eldigitaldeasturias.com\/noticias\/#organization"},"image":{"@type":"ImageObject","url":948663},"datePublished":"2017-08-03T21:37:06+02:00","dateModified":"2017-08-03T21:37:06+02:00","inLanguage":"es-ES","mainEntityOfPage":{"@id":"https:\/\/www.eldigitaldeasturias.com\/noticias\/los-funcionarios-destinados-en-los-juzgados-de-violencia-de-genero-de-aragon-recibiran-un-complemento\/#webpage"},"isPartOf":{"@id":"https:\/\/www.eldigitaldeasturias.com\/noticias\/los-funcionarios-destinados-en-los-juzgados-de-violencia-de-genero-de-aragon-recibiran-un-complemento\/#webpage"},"articleSection":"Actualidad"},{"@type":"BreadcrumbList","@id":"https:\/\/www.eldigitaldeasturias.com\/noticias\/los-funcionarios-destinados-en-los-juzgados-de-violencia-de-genero-de-aragon-recibiran-un-complemento\/#breadcrumblist","itemListElement":[{"@type":"ListItem","@id":"https:\/\/www.eldigitaldeasturias.com\/noticias#listItem","position":1,"name":"Home","item":"https:\/\/www.eldigitaldeasturias.com\/noticias","nextItem":{"@type":"ListItem","@id":"https:\/\/www.eldigitaldeasturias.com\/noticias\/category\/actualidad\/#listItem","name":"Actualidad"}},{"@type":"ListItem","@id":"https:\/\/www.eldigitaldeasturias.com\/noticias\/category\/actualidad\/#listItem","position":2,"name":"Actualidad","item":"https:\/\/www.eldigitaldeasturias.com\/noticias\/category\/actualidad\/","nextItem":{"@type":"ListItem","@id":"https:\/\/www.eldigitaldeasturias.com\/noticias\/los-funcionarios-destinados-en-los-juzgados-de-violencia-de-genero-de-aragon-recibiran-un-complemento\/#listItem","name":"Los funcionarios destinados en los Juzgados de Violencia de G\u00e9nero de Arag\u00f3n recibir\u00e1n un complemento"},"previousItem":{"@type":"ListItem","@id":"https:\/\/www.eldigitaldeasturias.com\/noticias#listItem","name":"Home"}},{"@type":"ListItem","@id":"https:\/\/www.eldigitaldeasturias.com\/noticias\/los-funcionarios-destinados-en-los-juzgados-de-violencia-de-genero-de-aragon-recibiran-un-complemento\/#listItem","position":3,"name":"Los funcionarios destinados en los Juzgados de Violencia de G\u00e9nero de Arag\u00f3n recibir\u00e1n un complemento","previousItem":{"@type":"ListItem","@id":"https:\/\/www.eldigitaldeasturias.com\/noticias\/category\/actualidad\/#listItem","name":"Actualidad"}}]},{"@type":"Organization","@id":"https:\/\/www.eldigitaldeasturias.com\/noticias\/#organization","name":"El Digital de Asturias","description":"Hemeroteca","url":"https:\/\/www.eldigitaldeasturias.com\/noticias\/","email":"info@eldigitaldeasturias.com","telephone":"+34652131393","logo":{"@type":"ImageObject","url":"https:\/\/www.eldigitaldeasturias.com\/noticias\/wp-content\/uploads\/2020\/12\/EDA.jpg","@id":"https:\/\/www.eldigitaldeasturias.com\/noticias\/los-funcionarios-destinados-en-los-juzgados-de-violencia-de-genero-de-aragon-recibiran-un-complemento\/#organizationLogo"},"image":{"@id":"https:\/\/www.eldigitaldeasturias.com\/noticias\/los-funcionarios-destinados-en-los-juzgados-de-violencia-de-genero-de-aragon-recibiran-un-complemento\/#organizationLogo"},"sameAs":["https:\/\/facebook.com\/eldigitaldeasturias","https:\/\/www.youtube.com\/channel\/UCZP-2wLEB9Rv6erhFmqVnvg"],"address":{"@id":"https:\/\/www.eldigitaldeasturias.com\/noticias\/#postaladdress","@type":"PostalAddress","streetAddress":"san antonio 4","postalCode":"33430","addressLocality":"Cand\u00e1s","addressRegion":"Asturias","addressCountry":"ES"}},{"@type":"Person","@id":"https:\/\/www.eldigitaldeasturias.com\/noticias\/author\/admin\/#author","url":"https:\/\/www.eldigitaldeasturias.com\/noticias\/author\/admin\/","name":"El Digital de Asturias","image":{"@type":"ImageObject","@id":"https:\/\/www.eldigitaldeasturias.com\/noticias\/los-funcionarios-destinados-en-los-juzgados-de-violencia-de-genero-de-aragon-recibiran-un-complemento\/#authorImage","url":"https:\/\/secure.gravatar.com\/avatar\/df2aeffc32bcd13f8d26072ef8a91b623d677766deac7f97ca815868cd41bf5e?s=96&d=mm&r=g","width":96,"height":96,"caption":"El Digital de Asturias"}},{"@type":"WebPage","@id":"https:\/\/www.eldigitaldeasturias.com\/noticias\/los-funcionarios-destinados-en-los-juzgados-de-violencia-de-genero-de-aragon-recibiran-un-complemento\/#webpage","url":"https:\/\/www.eldigitaldeasturias.com\/noticias\/los-funcionarios-destinados-en-los-juzgados-de-violencia-de-genero-de-aragon-recibiran-un-complemento\/","name":"Los funcionarios destinados en los Juzgados de Violencia de G\u00e9nero de Arag\u00f3n recibir\u00e1n un complemento - El Digital de Asturias","description":"La Direcci\u00f3n General de Justicia e Interior del Departamento de Presidencia ha reconocido el pago de un complemento salarial para los funcionarios destinados en los Juzgados de Violencia de G\u00e9nero y para el resto de funcionarios que tramitan asuntos en esta materia. La Direcci\u00f3n General de Justicia e Interior del Gobierno de Arag\u00f3n entiende que","inLanguage":"es-ES","isPartOf":{"@id":"https:\/\/www.eldigitaldeasturias.com\/noticias\/#website"},"breadcrumb":{"@id":"https:\/\/www.eldigitaldeasturias.com\/noticias\/los-funcionarios-destinados-en-los-juzgados-de-violencia-de-genero-de-aragon-recibiran-un-complemento\/#breadcrumblist"},"author":{"@id":"https:\/\/www.eldigitaldeasturias.com\/noticias\/author\/admin\/#author"},"creator":{"@id":"https:\/\/www.eldigitaldeasturias.com\/noticias\/author\/admin\/#author"},"image":{"@type":"ImageObject","url":948663,"@id":"https:\/\/www.eldigitaldeasturias.com\/noticias\/los-funcionarios-destinados-en-los-juzgados-de-violencia-de-genero-de-aragon-recibiran-un-complemento\/#mainImage"},"primaryImageOfPage":{"@id":"https:\/\/www.eldigitaldeasturias.com\/noticias\/los-funcionarios-destinados-en-los-juzgados-de-violencia-de-genero-de-aragon-recibiran-un-complemento\/#mainImage"},"datePublished":"2017-08-03T21:37:06+02:00","dateModified":"2017-08-03T21:37:06+02:00"},{"@type":"WebSite","@id":"https:\/\/www.eldigitaldeasturias.com\/noticias\/#website","url":"https:\/\/www.eldigitaldeasturias.com\/noticias\/","name":"El Digital de Asturias - Diario de actualidad y noticias","alternateName":"El Digital de Asturias - Diario de actualidad y noticias","description":"Hemeroteca","inLanguage":"es-ES","publisher":{"@id":"https:\/\/www.eldigitaldeasturias.com\/noticias\/#organization"}}]},"og:locale":"es_ES","og:site_name":"El Digital de Asturias","og:type":"article","og:title":"Los funcionarios destinados en los Juzgados de Violencia de G\u00e9nero de Arag\u00f3n recibir\u00e1n un complemento - El Digital de Asturias","og:description":"La Direcci\u00f3n General de Justicia e Interior del Departamento de Presidencia ha reconocido el pago de un complemento salarial para los funcionarios destinados en los Juzgados de Violencia de G\u00e9nero y para el resto de funcionarios que tramitan asuntos en esta materia. La Direcci\u00f3n General de Justicia e Interior del Gobierno de Arag\u00f3n entiende que","og:url":"https:\/\/www.eldigitaldeasturias.com\/noticias\/los-funcionarios-destinados-en-los-juzgados-de-violencia-de-genero-de-aragon-recibiran-un-complemento\/","article:tag":["actualidad"],"article:published_time":"2017-08-03T21:37:06+00:00","article:modified_time":"2017-08-03T21:37:06+00:00","article:publisher":"https:\/\/facebook.com\/eldigitaldeasturias","twitter:card":"summary_large_image","twitter:title":"Los funcionarios destinados en los Juzgados de Violencia de G\u00e9nero de Arag\u00f3n recibir\u00e1n un complemento - El Digital de Asturias","twitter:description":"La Direcci\u00f3n General de Justicia e Interior del Departamento de Presidencia ha reconocido el pago de un complemento salarial para los funcionarios destinados en los Juzgados de Violencia de G\u00e9nero y para el resto de funcionarios que tramitan asuntos en esta materia. La Direcci\u00f3n General de Justicia e Interior del Gobierno de Arag\u00f3n entiende que","twitter:image":"https:\/\/www.eldigitaldeasturias.com\/noticias\/wp-content\/uploads\/2020\/12\/EDA-1.jpg","twitter:label1":"Escrito por","twitter:data1":"El Digital de Asturias","twitter:label2":"Tiempo de lectura estimado","twitter:data2":"1 minuto"},"aioseo_meta_data":{"post_id":"948662","title":null,"description":null,"keywords":null,"keyphrases":null,"primary_term":null,"canonical_url":null,"og_title":null,"og_description":null,"og_object_type":"default","og_image_type":"default","og_image_url":null,"og_image_width":null,"og_image_height":null,"og_image_custom_url":null,"og_image_custom_fields":null,"og_video":null,"og_custom_url":null,"og_article_section":null,"og_article_tags":null,"twitter_use_og":false,"twitter_card":"default","twitter_image_type":"default","twitter_image_url":null,"twitter_image_custom_url":null,"twitter_image_custom_fields":null,"twitter_title":null,"twitter_description":null,"schema":{"blockGraphs":[],"customGraphs":[],"default":{"data":{"Article":[],"Course":[],"Dataset":[],"FAQPage":[],"Movie":[],"Person":[],"Product":[],"ProductReview":[],"Car":[],"Recipe":[],"Service":[],"SoftwareApplication":[],"WebPage":[]},"graphName":"","isEnabled":true},"graphs":[],"defaultGraph":"","defaultPostTypeGraph":""},"schema_type":null,"schema_type_options":null,"pillar_content":false,"robots_default":true,"robots_noindex":false,"robots_noarchive":false,"robots_nosnippet":false,"robots_nofollow":false,"robots_noimageindex":false,"robots_noodp":false,"robots_notranslate":false,"robots_max_snippet":null,"robots_max_videopreview":null,"robots_max_imagepreview":"large","priority":null,"frequency":null,"local_seo":null,"seo_analyzer_scan_date":"2025-12-05 09:28:07","breadcrumb_settings":null,"limit_modified_date":false,"open_ai":null,"ai":null,"created":"2020-12-21 13:04:36","updated":"2025-12-05 09:28:07","focus_keyword":null,"additional_keywords":null,"truseo_locale":null},"aioseo_breadcrumb":"<div class=\"aioseo-breadcrumbs\"><span class=\"aioseo-breadcrumb\">\n\t<a href=\"https:\/\/www.eldigitaldeasturias.com\/noticias\" title=\"Home\">Home<\/a>\n<\/span><span class=\"aioseo-breadcrumb-separator\">\u2013<\/span><span class=\"aioseo-breadcrumb\">\n\t<a href=\"https:\/\/www.eldigitaldeasturias.com\/noticias\/category\/actualidad\/\" title=\"Actualidad\">Actualidad<\/a>\n<\/span><span class=\"aioseo-breadcrumb-separator\">\u2013<\/span><span class=\"aioseo-breadcrumb\">\n\t<a href=\"https:\/\/www.eldigitaldeasturias.com\/noticias\/los-funcionarios-destinados-en-los-juzgados-de-violencia-de-genero-de-aragon-recibiran-un-complemento\/\" title=\"Los funcionarios destinados en los Juzgados de Violencia de G\u00e9nero de Arag\u00f3n recibir\u00e1n un complemento\">Los funcionarios destinados en los Juzgados de Violencia de G\u00e9nero de Arag\u00f3n recibir\u00e1n un complemento<\/a>\n<\/span><\/div>","aioseo_breadcrumb_json":[{"label":"Home","link":"https:\/\/www.eldigitaldeasturias.com\/noticias"},{"label":"Actualidad","link":"https:\/\/www.eldigitaldeasturias.com\/noticias\/category\/actualidad\/"},{"label":"Los funcionarios destinados en los Juzgados de Violencia de G\u00e9nero de Arag\u00f3n recibir\u00e1n un complemento","link":"https:\/\/www.eldigitaldeasturias.com\/noticias\/los-funcionarios-destinados-en-los-juzgados-de-violencia-de-genero-de-aragon-recibiran-un-complemento\/"}],"_links":{"self":[{"href":"https:\/\/www.eldigitaldeasturias.com\/noticias\/wp-json\/wp\/v2\/posts\/948662","targetHints":{"allow":["GET"]}}],"collection":[{"href":"https:\/\/www.eldigitaldeasturias.com\/noticias\/wp-json\/wp\/v2\/posts"}],"about":[{"href":"https:\/\/www.eldigitaldeasturias.com\/noticias\/wp-json\/wp\/v2\/types\/post"}],"author":[{"embeddable":true,"href":"https:\/\/www.eldigitaldeasturias.com\/noticias\/wp-json\/wp\/v2\/users\/1"}],"replies":[{"embeddable":true,"href":"https:\/\/www.eldigitaldeasturias.com\/noticias\/wp-json\/wp\/v2\/comments?post=948662"}],"version-history":[{"count":0,"href":"https:\/\/www.eldigitaldeasturias.com\/noticias\/wp-json\/wp\/v2\/posts\/948662\/revisions"}],"wp:attachment":[{"href":"https:\/\/www.eldigitaldeasturias.com\/noticias\/wp-json\/wp\/v2\/media?parent=948662"}],"wp:term":[{"taxonomy":"category","embeddable":true,"href":"https:\/\/www.eldigitaldeasturias.com\/noticias\/wp-json\/wp\/v2\/categories?post=948662"},{"taxonomy":"post_tag","embeddable":true,"href":"https:\/\/www.eldigitaldeasturias.com\/noticias\/wp-json\/wp\/v2\/tags?post=948662"}],"curies":[{"name":"wp","href":"https:\/\/api.w.org\/{rel}","templated":true}]}}