{"id":948659,"date":"2017-08-03T21:33:59","date_gmt":"2017-08-03T21:33:59","guid":{"rendered":"http:\/\/www.eldigitaldeasturias.com\/noticias\/?p=948659"},"modified":"2017-08-03T21:33:59","modified_gmt":"2017-08-03T21:33:59","slug":"los-espacios-naturales-protegidos-de-aragon-ofrecen-un-fin-de-semana-muy-activo","status":"publish","type":"post","link":"https:\/\/www.eldigitaldeasturias.com\/noticias\/los-espacios-naturales-protegidos-de-aragon-ofrecen-un-fin-de-semana-muy-activo\/","title":{"rendered":"Los espacios naturales protegidos de Arag\u00f3n ofrecen un fin de semana muy activo"},"content":{"rendered":"<p><img loading=\"lazy\" decoding=\"async\" class=\"alignleft size-medium wp-image-948660\" src=\"https:\/\/www.eldigitaldeasturias.com\/noticias\/wp-content\/uploads\/2017\/08\/Mariposa_apolo_d3c8f964-360x159.jpg\" alt=\"\" width=\"360\" height=\"159\" \/>El Departamento de Desarrollo Rural y Sostenibilidad, a trav\u00e9s de los centros de interpretaci\u00f3n correspondientes, ha programado un buen n\u00famero de actividades para el pr\u00f3ximo fin de semana en torno a los espacios naturales protegidos de Arag\u00f3n.<br \/>\nAs\u00ed, los educadores ambientales de estos centros han preparado rutas guiadas para los d\u00edas cuatro, cinco y seis de agosto, de acuerdo con el siguiente plan:<\/p>\n<p>Viernes 4 de agosto :<\/p>\n<p>Ruta para conocer las plantas medicinales y sus usos. Centro de Interpretaci\u00f3n de A\u00f1\u00f3n, de 10.30 a 14 horas.<\/p>\n<p>S\u00e1bado 5 de agosto:<\/p>\n<p>Paseos guiados desde el Centro de Interpretaci\u00f3n de San Juan de la Pe\u00f1a por los miradores de San Juan de la Pe\u00f1a (10.30 a 14 horas).<\/p>\n<p>Desde el Centro de Interpretaci\u00f3n de Agramonte, en el Parque Natural del Moncayo, se ha organizado una ruta bot\u00e1nica de 10.30 a 12.30 horas.<\/p>\n<p>En el Parque Natural de Posets-Maladeta se llevar\u00e1 a cabo un paseo interpretativo por las Gorgas de Alba, organizado por el Centro de Interpretaci\u00f3n de Benasque, de 10. 30 a 14h.<\/p>\n<p>Desde el Centro de Interpretaci\u00f3n Aneto la convocatoria es para pasear por el sendero de La Creu, de 10 a 12.30 horas.<\/p>\n<p>El Paisaje Protegido de los Pinares de Rodeno (Centro de Interpretaci\u00f3n Donarque) ser\u00e1 el escenario de un taller para descubrir la pureza de nuestros r\u00edos, de 10 a 14 horas.<\/p>\n<p>En el Parque Natural de la Sierra y Ca\u00f1ones de Guara tendr\u00e1 lugar un paseo para observaci\u00f3n de aves organizado por el Centro de Interpretaci\u00f3n de Santa Cilia de Panzano; ser\u00e1 a las 11 y a las 13 horas.<\/p>\n<p>Por \u00faltimo, tambi\u00e9n el Centro de Interpretaci\u00f3n de Chiprana tiene previsto llevar a cabo un paseo did\u00e1ctico por el entorno de la Salada Grande, en la Reserva Natural de las Saladas de Chiprana; ser\u00e1 de 10 a 13 horas.<\/p>\n<p>Domingo 6 de agosto:<\/p>\n<p>El Centro de Interpretaci\u00f3n de Argu\u00eds organiza un paseo por el propio pueblo entre las 11 y las 13 horas.<\/p>\n<p>Para realizar cualquiera de estas actividades es recomendable llevar ropa y calzado adecuado, agua, algo de comer y protecci\u00f3n solar, seg\u00fan indican los organizadores.<\/p>\n<p>Por otra parte, existe tambi\u00e9n la posibilidad de participar en otra serie de actividades, como las se\u00f1aladas a continuaci\u00f3n:<\/p>\n<p>En A\u00f1\u00f3n se est\u00e1 celebrando la semana de las plantas medicinales y sus usos desde el mi\u00e9rcoles con actividades y talleres.<\/p>\n<p>En el Centro de Interpretaci\u00f3n de San Juan de Plan el viernes hay \u201ccine para pensar\u201d, con la protecci\u00f3n de la pel\u00edcula WALL-E (2008), a las 18 horas. El s\u00e1bado, de 12 a 14, habr\u00e1 un taller con palos y s\u00edlex bajo el t\u00edtulo de \u201cEl descubrimiento del fuego\u201d.<\/p>\n<p>En el Centro de Interpretaci\u00f3n de Aneto, el domingo, de 18 a 20 horas, cinef\u00f3rum sobre las labores tradicionales del Pirineo.<\/p>\n<p>Y en el Centro de Interpretaci\u00f3n de Eriste, el viernes tendr\u00e1 lugar un taller bajo la convocatoria de \u00abConociendo a la Mariposa Apolo\u201d, de 18 a 19.30 horas.<\/p>\n<p>Finalmente, cabe recordar que en el centro de San Juan de la Pe\u00f1a se puede disfrutar de la exposici\u00f3n \u201cLos Rastros del bosque\u201d, en horario de apertura del centro (de 10 a 14 y de 15 a 19 horas). Igualmente, en el de la Laguna de Sari\u00f1ena este fin de semana, 5 y 6 de agosto, estar\u00e1 abierta la exposici\u00f3n de fauna de la laguna, tambi\u00e9n en horario de apertura del centro (10 a 14 y 16 a 20).<\/p>\n<p>En los respectivos centros de interpretaci\u00f3n ofrecer\u00e1n informaci\u00f3n detallada sobre las actividades, para las que es recomendable hacer reserva previa de plaza<\/p>\n<p>&nbsp;<\/p>\n","protected":false},"excerpt":{"rendered":"<p>El Departamento de Desarrollo Rural y Sostenibilidad, a trav\u00e9s de los centros de interpretaci\u00f3n correspondientes, ha programado un buen n\u00famero de actividades para el pr\u00f3ximo fin de semana en torno a los espacios naturales protegidos de Arag\u00f3n. As\u00ed, los educadores ambientales de estos centros han preparado rutas guiadas para los d\u00edas cuatro, cinco y seis [&hellip;]<\/p>\n","protected":false},"author":1,"featured_media":948660,"comment_status":"closed","ping_status":"closed","sticky":false,"template":"","format":"standard","meta":{"footnotes":""},"categories":[1],"tags":[],"class_list":["post-948659","post","type-post","status-publish","format-standard","has-post-thumbnail","hentry","category-actualidad"],"aioseo_notices":[],"aioseo_head":"\n\t\t<!-- All in One SEO Pro 5.0.1 - aioseo.com -->\n\t<meta name=\"description\" content=\"El Departamento de Desarrollo Rural y Sostenibilidad, a trav\u00e9s de los centros de interpretaci\u00f3n correspondientes, ha programado un buen n\u00famero de actividades para el pr\u00f3ximo fin de semana en torno a los espacios naturales protegidos de Arag\u00f3n. As\u00ed, los educadores ambientales de estos centros han preparado rutas guiadas para los d\u00edas cuatro, cinco y seis\" \/>\n\t<meta name=\"robots\" content=\"max-image-preview:large\" \/>\n\t<meta name=\"author\" content=\"El Digital de Asturias\"\/>\n\t<meta name=\"google-site-verification\" content=\"UA-38556648-1\" \/>\n\t<meta name=\"msvalidate.01\" content=\"7dfe9f3f1b24437ab69f4f2559babe99\" \/>\n\t<meta name=\"keywords\" content=\"actualidad\" \/>\n\t<link rel=\"canonical\" href=\"https:\/\/www.eldigitaldeasturias.com\/noticias\/los-espacios-naturales-protegidos-de-aragon-ofrecen-un-fin-de-semana-muy-activo\/\" \/>\n\t<meta name=\"generator\" content=\"All in One SEO Pro (AIOSEO) 5.0.1\" \/>\n\t\t<meta property=\"og:locale\" content=\"es_ES\" \/>\n\t\t<meta property=\"og:site_name\" content=\"El Digital de Asturias\" \/>\n\t\t<meta property=\"og:type\" content=\"article\" \/>\n\t\t<meta property=\"og:title\" content=\"Los espacios naturales protegidos de Arag\u00f3n ofrecen un fin de semana muy activo - El Digital de Asturias\" \/>\n\t\t<meta property=\"og:description\" content=\"El Departamento de Desarrollo Rural y Sostenibilidad, a trav\u00e9s de los centros de interpretaci\u00f3n correspondientes, ha programado un buen n\u00famero de actividades para el pr\u00f3ximo fin de semana en torno a los espacios naturales protegidos de Arag\u00f3n. As\u00ed, los educadores ambientales de estos centros han preparado rutas guiadas para los d\u00edas cuatro, cinco y seis\" \/>\n\t\t<meta property=\"og:url\" content=\"https:\/\/www.eldigitaldeasturias.com\/noticias\/los-espacios-naturales-protegidos-de-aragon-ofrecen-un-fin-de-semana-muy-activo\/\" \/>\n\t\t<meta property=\"article:tag\" content=\"actualidad\" \/>\n\t\t<meta property=\"article:published_time\" content=\"2017-08-03T21:33:59+00:00\" \/>\n\t\t<meta property=\"article:modified_time\" content=\"2017-08-03T21:33:59+00:00\" \/>\n\t\t<meta property=\"article:publisher\" content=\"https:\/\/facebook.com\/eldigitaldeasturias\" \/>\n\t\t<meta name=\"twitter:card\" content=\"summary_large_image\" \/>\n\t\t<meta name=\"twitter:title\" content=\"Los espacios naturales protegidos de Arag\u00f3n ofrecen un fin de semana muy activo - El Digital de Asturias\" \/>\n\t\t<meta name=\"twitter:description\" content=\"El Departamento de Desarrollo Rural y Sostenibilidad, a trav\u00e9s de los centros de interpretaci\u00f3n correspondientes, ha programado un buen n\u00famero de actividades para el pr\u00f3ximo fin de semana en torno a los espacios naturales protegidos de Arag\u00f3n. As\u00ed, los educadores ambientales de estos centros han preparado rutas guiadas para los d\u00edas cuatro, cinco y seis\" \/>\n\t\t<meta name=\"twitter:image\" content=\"https:\/\/www.eldigitaldeasturias.com\/noticias\/wp-content\/uploads\/2020\/12\/EDA-1.jpg\" \/>\n\t\t<meta name=\"twitter:label1\" content=\"Escrito por\" \/>\n\t\t<meta name=\"twitter:data1\" content=\"El Digital de Asturias\" \/>\n\t\t<meta name=\"twitter:label2\" content=\"Tiempo de lectura estimado\" \/>\n\t\t<meta name=\"twitter:data2\" content=\"3 minutos\" \/>\n\t\t<script type=\"application\/ld+json\" class=\"aioseo-schema\">\n\t\t\t{\"@context\":\"https:\\\/\\\/schema.org\",\"@graph\":[{\"@type\":\"BlogPosting\",\"@id\":\"https:\\\/\\\/www.eldigitaldeasturias.com\\\/noticias\\\/los-espacios-naturales-protegidos-de-aragon-ofrecen-un-fin-de-semana-muy-activo\\\/#blogposting\",\"name\":\"Los espacios naturales protegidos de Arag\\u00f3n ofrecen un fin de semana muy activo - El Digital de Asturias\",\"headline\":\"Los espacios naturales protegidos de Arag\\u00f3n ofrecen un fin de semana muy activo\",\"author\":{\"@id\":\"https:\\\/\\\/www.eldigitaldeasturias.com\\\/noticias\\\/author\\\/admin\\\/#author\"},\"publisher\":{\"@id\":\"https:\\\/\\\/www.eldigitaldeasturias.com\\\/noticias\\\/#organization\"},\"image\":{\"@type\":\"ImageObject\",\"url\":948660},\"datePublished\":\"2017-08-03T21:33:59+02:00\",\"dateModified\":\"2017-08-03T21:33:59+02:00\",\"inLanguage\":\"es-ES\",\"mainEntityOfPage\":{\"@id\":\"https:\\\/\\\/www.eldigitaldeasturias.com\\\/noticias\\\/los-espacios-naturales-protegidos-de-aragon-ofrecen-un-fin-de-semana-muy-activo\\\/#webpage\"},\"isPartOf\":{\"@id\":\"https:\\\/\\\/www.eldigitaldeasturias.com\\\/noticias\\\/los-espacios-naturales-protegidos-de-aragon-ofrecen-un-fin-de-semana-muy-activo\\\/#webpage\"},\"articleSection\":\"Actualidad\"},{\"@type\":\"BreadcrumbList\",\"@id\":\"https:\\\/\\\/www.eldigitaldeasturias.com\\\/noticias\\\/los-espacios-naturales-protegidos-de-aragon-ofrecen-un-fin-de-semana-muy-activo\\\/#breadcrumblist\",\"itemListElement\":[{\"@type\":\"ListItem\",\"@id\":\"https:\\\/\\\/www.eldigitaldeasturias.com\\\/noticias#listItem\",\"position\":1,\"name\":\"Home\",\"item\":\"https:\\\/\\\/www.eldigitaldeasturias.com\\\/noticias\",\"nextItem\":{\"@type\":\"ListItem\",\"@id\":\"https:\\\/\\\/www.eldigitaldeasturias.com\\\/noticias\\\/category\\\/actualidad\\\/#listItem\",\"name\":\"Actualidad\"}},{\"@type\":\"ListItem\",\"@id\":\"https:\\\/\\\/www.eldigitaldeasturias.com\\\/noticias\\\/category\\\/actualidad\\\/#listItem\",\"position\":2,\"name\":\"Actualidad\",\"item\":\"https:\\\/\\\/www.eldigitaldeasturias.com\\\/noticias\\\/category\\\/actualidad\\\/\",\"nextItem\":{\"@type\":\"ListItem\",\"@id\":\"https:\\\/\\\/www.eldigitaldeasturias.com\\\/noticias\\\/los-espacios-naturales-protegidos-de-aragon-ofrecen-un-fin-de-semana-muy-activo\\\/#listItem\",\"name\":\"Los espacios naturales protegidos de Arag\\u00f3n ofrecen un fin de semana muy activo\"},\"previousItem\":{\"@type\":\"ListItem\",\"@id\":\"https:\\\/\\\/www.eldigitaldeasturias.com\\\/noticias#listItem\",\"name\":\"Home\"}},{\"@type\":\"ListItem\",\"@id\":\"https:\\\/\\\/www.eldigitaldeasturias.com\\\/noticias\\\/los-espacios-naturales-protegidos-de-aragon-ofrecen-un-fin-de-semana-muy-activo\\\/#listItem\",\"position\":3,\"name\":\"Los espacios naturales protegidos de Arag\\u00f3n ofrecen un fin de semana muy activo\",\"previousItem\":{\"@type\":\"ListItem\",\"@id\":\"https:\\\/\\\/www.eldigitaldeasturias.com\\\/noticias\\\/category\\\/actualidad\\\/#listItem\",\"name\":\"Actualidad\"}}]},{\"@type\":\"Organization\",\"@id\":\"https:\\\/\\\/www.eldigitaldeasturias.com\\\/noticias\\\/#organization\",\"name\":\"El Digital de Asturias\",\"description\":\"Hemeroteca\",\"url\":\"https:\\\/\\\/www.eldigitaldeasturias.com\\\/noticias\\\/\",\"email\":\"info@eldigitaldeasturias.com\",\"telephone\":\"+34652131393\",\"logo\":{\"@type\":\"ImageObject\",\"url\":\"https:\\\/\\\/www.eldigitaldeasturias.com\\\/noticias\\\/wp-content\\\/uploads\\\/2020\\\/12\\\/EDA.jpg\",\"@id\":\"https:\\\/\\\/www.eldigitaldeasturias.com\\\/noticias\\\/los-espacios-naturales-protegidos-de-aragon-ofrecen-un-fin-de-semana-muy-activo\\\/#organizationLogo\"},\"image\":{\"@id\":\"https:\\\/\\\/www.eldigitaldeasturias.com\\\/noticias\\\/los-espacios-naturales-protegidos-de-aragon-ofrecen-un-fin-de-semana-muy-activo\\\/#organizationLogo\"},\"sameAs\":[\"https:\\\/\\\/facebook.com\\\/eldigitaldeasturias\",\"https:\\\/\\\/www.youtube.com\\\/channel\\\/UCZP-2wLEB9Rv6erhFmqVnvg\"],\"address\":{\"@id\":\"https:\\\/\\\/www.eldigitaldeasturias.com\\\/noticias\\\/#postaladdress\",\"@type\":\"PostalAddress\",\"streetAddress\":\"san antonio 4\",\"postalCode\":\"33430\",\"addressLocality\":\"Cand\\u00e1s\",\"addressRegion\":\"Asturias\",\"addressCountry\":\"ES\"}},{\"@type\":\"Person\",\"@id\":\"https:\\\/\\\/www.eldigitaldeasturias.com\\\/noticias\\\/author\\\/admin\\\/#author\",\"url\":\"https:\\\/\\\/www.eldigitaldeasturias.com\\\/noticias\\\/author\\\/admin\\\/\",\"name\":\"El Digital de Asturias\",\"image\":{\"@type\":\"ImageObject\",\"@id\":\"https:\\\/\\\/www.eldigitaldeasturias.com\\\/noticias\\\/los-espacios-naturales-protegidos-de-aragon-ofrecen-un-fin-de-semana-muy-activo\\\/#authorImage\",\"url\":\"https:\\\/\\\/secure.gravatar.com\\\/avatar\\\/df2aeffc32bcd13f8d26072ef8a91b623d677766deac7f97ca815868cd41bf5e?s=96&d=mm&r=g\",\"width\":96,\"height\":96,\"caption\":\"El Digital de Asturias\"}},{\"@type\":\"WebPage\",\"@id\":\"https:\\\/\\\/www.eldigitaldeasturias.com\\\/noticias\\\/los-espacios-naturales-protegidos-de-aragon-ofrecen-un-fin-de-semana-muy-activo\\\/#webpage\",\"url\":\"https:\\\/\\\/www.eldigitaldeasturias.com\\\/noticias\\\/los-espacios-naturales-protegidos-de-aragon-ofrecen-un-fin-de-semana-muy-activo\\\/\",\"name\":\"Los espacios naturales protegidos de Arag\\u00f3n ofrecen un fin de semana muy activo - El Digital de Asturias\",\"description\":\"El Departamento de Desarrollo Rural y Sostenibilidad, a trav\\u00e9s de los centros de interpretaci\\u00f3n correspondientes, ha programado un buen n\\u00famero de actividades para el pr\\u00f3ximo fin de semana en torno a los espacios naturales protegidos de Arag\\u00f3n. As\\u00ed, los educadores ambientales de estos centros han preparado rutas guiadas para los d\\u00edas cuatro, cinco y seis\",\"inLanguage\":\"es-ES\",\"isPartOf\":{\"@id\":\"https:\\\/\\\/www.eldigitaldeasturias.com\\\/noticias\\\/#website\"},\"breadcrumb\":{\"@id\":\"https:\\\/\\\/www.eldigitaldeasturias.com\\\/noticias\\\/los-espacios-naturales-protegidos-de-aragon-ofrecen-un-fin-de-semana-muy-activo\\\/#breadcrumblist\"},\"author\":{\"@id\":\"https:\\\/\\\/www.eldigitaldeasturias.com\\\/noticias\\\/author\\\/admin\\\/#author\"},\"creator\":{\"@id\":\"https:\\\/\\\/www.eldigitaldeasturias.com\\\/noticias\\\/author\\\/admin\\\/#author\"},\"image\":{\"@type\":\"ImageObject\",\"url\":948660,\"@id\":\"https:\\\/\\\/www.eldigitaldeasturias.com\\\/noticias\\\/los-espacios-naturales-protegidos-de-aragon-ofrecen-un-fin-de-semana-muy-activo\\\/#mainImage\"},\"primaryImageOfPage\":{\"@id\":\"https:\\\/\\\/www.eldigitaldeasturias.com\\\/noticias\\\/los-espacios-naturales-protegidos-de-aragon-ofrecen-un-fin-de-semana-muy-activo\\\/#mainImage\"},\"datePublished\":\"2017-08-03T21:33:59+02:00\",\"dateModified\":\"2017-08-03T21:33:59+02:00\"},{\"@type\":\"WebSite\",\"@id\":\"https:\\\/\\\/www.eldigitaldeasturias.com\\\/noticias\\\/#website\",\"url\":\"https:\\\/\\\/www.eldigitaldeasturias.com\\\/noticias\\\/\",\"name\":\"El Digital de Asturias - Diario de actualidad y noticias\",\"alternateName\":\"El Digital de Asturias - Diario de actualidad y noticias\",\"description\":\"Hemeroteca\",\"inLanguage\":\"es-ES\",\"publisher\":{\"@id\":\"https:\\\/\\\/www.eldigitaldeasturias.com\\\/noticias\\\/#organization\"}}]}\n\t\t<\/script>\n\t\t<!-- All in One SEO Pro -->\r\n\t\t<title>Los espacios naturales protegidos de Arag\u00f3n ofrecen un fin de semana muy activo - El Digital de Asturias<\/title>\n\n","aioseo_head_json":{"title":"Los espacios naturales protegidos de Arag\u00f3n ofrecen un fin de semana muy activo - El Digital de Asturias","description":"El Departamento de Desarrollo Rural y Sostenibilidad, a trav\u00e9s de los centros de interpretaci\u00f3n correspondientes, ha programado un buen n\u00famero de actividades para el pr\u00f3ximo fin de semana en torno a los espacios naturales protegidos de Arag\u00f3n. As\u00ed, los educadores ambientales de estos centros han preparado rutas guiadas para los d\u00edas cuatro, cinco y seis","canonical_url":"https:\/\/www.eldigitaldeasturias.com\/noticias\/los-espacios-naturales-protegidos-de-aragon-ofrecen-un-fin-de-semana-muy-activo\/","robots":"max-image-preview:large","keywords":"actualidad","webmasterTools":{"google-site-verification":"UA-38556648-1","msvalidate.01":"7dfe9f3f1b24437ab69f4f2559babe99","miscellaneous":""},"schema":{"@context":"https:\/\/schema.org","@graph":[{"@type":"BlogPosting","@id":"https:\/\/www.eldigitaldeasturias.com\/noticias\/los-espacios-naturales-protegidos-de-aragon-ofrecen-un-fin-de-semana-muy-activo\/#blogposting","name":"Los espacios naturales protegidos de Arag\u00f3n ofrecen un fin de semana muy activo - El Digital de Asturias","headline":"Los espacios naturales protegidos de Arag\u00f3n ofrecen un fin de semana muy activo","author":{"@id":"https:\/\/www.eldigitaldeasturias.com\/noticias\/author\/admin\/#author"},"publisher":{"@id":"https:\/\/www.eldigitaldeasturias.com\/noticias\/#organization"},"image":{"@type":"ImageObject","url":948660},"datePublished":"2017-08-03T21:33:59+02:00","dateModified":"2017-08-03T21:33:59+02:00","inLanguage":"es-ES","mainEntityOfPage":{"@id":"https:\/\/www.eldigitaldeasturias.com\/noticias\/los-espacios-naturales-protegidos-de-aragon-ofrecen-un-fin-de-semana-muy-activo\/#webpage"},"isPartOf":{"@id":"https:\/\/www.eldigitaldeasturias.com\/noticias\/los-espacios-naturales-protegidos-de-aragon-ofrecen-un-fin-de-semana-muy-activo\/#webpage"},"articleSection":"Actualidad"},{"@type":"BreadcrumbList","@id":"https:\/\/www.eldigitaldeasturias.com\/noticias\/los-espacios-naturales-protegidos-de-aragon-ofrecen-un-fin-de-semana-muy-activo\/#breadcrumblist","itemListElement":[{"@type":"ListItem","@id":"https:\/\/www.eldigitaldeasturias.com\/noticias#listItem","position":1,"name":"Home","item":"https:\/\/www.eldigitaldeasturias.com\/noticias","nextItem":{"@type":"ListItem","@id":"https:\/\/www.eldigitaldeasturias.com\/noticias\/category\/actualidad\/#listItem","name":"Actualidad"}},{"@type":"ListItem","@id":"https:\/\/www.eldigitaldeasturias.com\/noticias\/category\/actualidad\/#listItem","position":2,"name":"Actualidad","item":"https:\/\/www.eldigitaldeasturias.com\/noticias\/category\/actualidad\/","nextItem":{"@type":"ListItem","@id":"https:\/\/www.eldigitaldeasturias.com\/noticias\/los-espacios-naturales-protegidos-de-aragon-ofrecen-un-fin-de-semana-muy-activo\/#listItem","name":"Los espacios naturales protegidos de Arag\u00f3n ofrecen un fin de semana muy activo"},"previousItem":{"@type":"ListItem","@id":"https:\/\/www.eldigitaldeasturias.com\/noticias#listItem","name":"Home"}},{"@type":"ListItem","@id":"https:\/\/www.eldigitaldeasturias.com\/noticias\/los-espacios-naturales-protegidos-de-aragon-ofrecen-un-fin-de-semana-muy-activo\/#listItem","position":3,"name":"Los espacios naturales protegidos de Arag\u00f3n ofrecen un fin de semana muy activo","previousItem":{"@type":"ListItem","@id":"https:\/\/www.eldigitaldeasturias.com\/noticias\/category\/actualidad\/#listItem","name":"Actualidad"}}]},{"@type":"Organization","@id":"https:\/\/www.eldigitaldeasturias.com\/noticias\/#organization","name":"El Digital de Asturias","description":"Hemeroteca","url":"https:\/\/www.eldigitaldeasturias.com\/noticias\/","email":"info@eldigitaldeasturias.com","telephone":"+34652131393","logo":{"@type":"ImageObject","url":"https:\/\/www.eldigitaldeasturias.com\/noticias\/wp-content\/uploads\/2020\/12\/EDA.jpg","@id":"https:\/\/www.eldigitaldeasturias.com\/noticias\/los-espacios-naturales-protegidos-de-aragon-ofrecen-un-fin-de-semana-muy-activo\/#organizationLogo"},"image":{"@id":"https:\/\/www.eldigitaldeasturias.com\/noticias\/los-espacios-naturales-protegidos-de-aragon-ofrecen-un-fin-de-semana-muy-activo\/#organizationLogo"},"sameAs":["https:\/\/facebook.com\/eldigitaldeasturias","https:\/\/www.youtube.com\/channel\/UCZP-2wLEB9Rv6erhFmqVnvg"],"address":{"@id":"https:\/\/www.eldigitaldeasturias.com\/noticias\/#postaladdress","@type":"PostalAddress","streetAddress":"san antonio 4","postalCode":"33430","addressLocality":"Cand\u00e1s","addressRegion":"Asturias","addressCountry":"ES"}},{"@type":"Person","@id":"https:\/\/www.eldigitaldeasturias.com\/noticias\/author\/admin\/#author","url":"https:\/\/www.eldigitaldeasturias.com\/noticias\/author\/admin\/","name":"El Digital de Asturias","image":{"@type":"ImageObject","@id":"https:\/\/www.eldigitaldeasturias.com\/noticias\/los-espacios-naturales-protegidos-de-aragon-ofrecen-un-fin-de-semana-muy-activo\/#authorImage","url":"https:\/\/secure.gravatar.com\/avatar\/df2aeffc32bcd13f8d26072ef8a91b623d677766deac7f97ca815868cd41bf5e?s=96&d=mm&r=g","width":96,"height":96,"caption":"El Digital de Asturias"}},{"@type":"WebPage","@id":"https:\/\/www.eldigitaldeasturias.com\/noticias\/los-espacios-naturales-protegidos-de-aragon-ofrecen-un-fin-de-semana-muy-activo\/#webpage","url":"https:\/\/www.eldigitaldeasturias.com\/noticias\/los-espacios-naturales-protegidos-de-aragon-ofrecen-un-fin-de-semana-muy-activo\/","name":"Los espacios naturales protegidos de Arag\u00f3n ofrecen un fin de semana muy activo - El Digital de Asturias","description":"El Departamento de Desarrollo Rural y Sostenibilidad, a trav\u00e9s de los centros de interpretaci\u00f3n correspondientes, ha programado un buen n\u00famero de actividades para el pr\u00f3ximo fin de semana en torno a los espacios naturales protegidos de Arag\u00f3n. As\u00ed, los educadores ambientales de estos centros han preparado rutas guiadas para los d\u00edas cuatro, cinco y seis","inLanguage":"es-ES","isPartOf":{"@id":"https:\/\/www.eldigitaldeasturias.com\/noticias\/#website"},"breadcrumb":{"@id":"https:\/\/www.eldigitaldeasturias.com\/noticias\/los-espacios-naturales-protegidos-de-aragon-ofrecen-un-fin-de-semana-muy-activo\/#breadcrumblist"},"author":{"@id":"https:\/\/www.eldigitaldeasturias.com\/noticias\/author\/admin\/#author"},"creator":{"@id":"https:\/\/www.eldigitaldeasturias.com\/noticias\/author\/admin\/#author"},"image":{"@type":"ImageObject","url":948660,"@id":"https:\/\/www.eldigitaldeasturias.com\/noticias\/los-espacios-naturales-protegidos-de-aragon-ofrecen-un-fin-de-semana-muy-activo\/#mainImage"},"primaryImageOfPage":{"@id":"https:\/\/www.eldigitaldeasturias.com\/noticias\/los-espacios-naturales-protegidos-de-aragon-ofrecen-un-fin-de-semana-muy-activo\/#mainImage"},"datePublished":"2017-08-03T21:33:59+02:00","dateModified":"2017-08-03T21:33:59+02:00"},{"@type":"WebSite","@id":"https:\/\/www.eldigitaldeasturias.com\/noticias\/#website","url":"https:\/\/www.eldigitaldeasturias.com\/noticias\/","name":"El Digital de Asturias - Diario de actualidad y noticias","alternateName":"El Digital de Asturias - Diario de actualidad y noticias","description":"Hemeroteca","inLanguage":"es-ES","publisher":{"@id":"https:\/\/www.eldigitaldeasturias.com\/noticias\/#organization"}}]},"og:locale":"es_ES","og:site_name":"El Digital de Asturias","og:type":"article","og:title":"Los espacios naturales protegidos de Arag\u00f3n ofrecen un fin de semana muy activo - El Digital de Asturias","og:description":"El Departamento de Desarrollo Rural y Sostenibilidad, a trav\u00e9s de los centros de interpretaci\u00f3n correspondientes, ha programado un buen n\u00famero de actividades para el pr\u00f3ximo fin de semana en torno a los espacios naturales protegidos de Arag\u00f3n. As\u00ed, los educadores ambientales de estos centros han preparado rutas guiadas para los d\u00edas cuatro, cinco y seis","og:url":"https:\/\/www.eldigitaldeasturias.com\/noticias\/los-espacios-naturales-protegidos-de-aragon-ofrecen-un-fin-de-semana-muy-activo\/","article:tag":["actualidad"],"article:published_time":"2017-08-03T21:33:59+00:00","article:modified_time":"2017-08-03T21:33:59+00:00","article:publisher":"https:\/\/facebook.com\/eldigitaldeasturias","twitter:card":"summary_large_image","twitter:title":"Los espacios naturales protegidos de Arag\u00f3n ofrecen un fin de semana muy activo - El Digital de Asturias","twitter:description":"El Departamento de Desarrollo Rural y Sostenibilidad, a trav\u00e9s de los centros de interpretaci\u00f3n correspondientes, ha programado un buen n\u00famero de actividades para el pr\u00f3ximo fin de semana en torno a los espacios naturales protegidos de Arag\u00f3n. As\u00ed, los educadores ambientales de estos centros han preparado rutas guiadas para los d\u00edas cuatro, cinco y seis","twitter:image":"https:\/\/www.eldigitaldeasturias.com\/noticias\/wp-content\/uploads\/2020\/12\/EDA-1.jpg","twitter:label1":"Escrito por","twitter:data1":"El Digital de Asturias","twitter:label2":"Tiempo de lectura estimado","twitter:data2":"3 minutos"},"aioseo_meta_data":{"post_id":"948659","title":null,"description":null,"keywords":null,"keyphrases":null,"primary_term":null,"canonical_url":null,"og_title":null,"og_description":null,"og_object_type":"default","og_image_type":"default","og_image_url":null,"og_image_width":null,"og_image_height":null,"og_image_custom_url":null,"og_image_custom_fields":null,"og_video":null,"og_custom_url":null,"og_article_section":null,"og_article_tags":null,"twitter_use_og":false,"twitter_card":"default","twitter_image_type":"default","twitter_image_url":null,"twitter_image_custom_url":null,"twitter_image_custom_fields":null,"twitter_title":null,"twitter_description":null,"schema":{"blockGraphs":[],"customGraphs":[],"default":{"data":{"Article":[],"Course":[],"Dataset":[],"FAQPage":[],"Movie":[],"Person":[],"Product":[],"ProductReview":[],"Car":[],"Recipe":[],"Service":[],"SoftwareApplication":[],"WebPage":[]},"graphName":"","isEnabled":true},"graphs":[],"defaultGraph":"","defaultPostTypeGraph":""},"schema_type":null,"schema_type_options":null,"pillar_content":false,"robots_default":true,"robots_noindex":false,"robots_noarchive":false,"robots_nosnippet":false,"robots_nofollow":false,"robots_noimageindex":false,"robots_noodp":false,"robots_notranslate":false,"robots_max_snippet":null,"robots_max_videopreview":null,"robots_max_imagepreview":"large","priority":null,"frequency":null,"local_seo":null,"seo_analyzer_scan_date":"2025-12-05 09:26:15","breadcrumb_settings":null,"limit_modified_date":false,"open_ai":null,"ai":null,"created":"2020-12-21 13:04:36","updated":"2025-12-05 09:26:15","focus_keyword":null,"additional_keywords":null,"truseo_locale":null},"aioseo_breadcrumb":"<div class=\"aioseo-breadcrumbs\"><span class=\"aioseo-breadcrumb\">\n\t<a href=\"https:\/\/www.eldigitaldeasturias.com\/noticias\" title=\"Home\">Home<\/a>\n<\/span><span class=\"aioseo-breadcrumb-separator\">\u2013<\/span><span class=\"aioseo-breadcrumb\">\n\t<a href=\"https:\/\/www.eldigitaldeasturias.com\/noticias\/category\/actualidad\/\" title=\"Actualidad\">Actualidad<\/a>\n<\/span><span class=\"aioseo-breadcrumb-separator\">\u2013<\/span><span class=\"aioseo-breadcrumb\">\n\t<a href=\"https:\/\/www.eldigitaldeasturias.com\/noticias\/los-espacios-naturales-protegidos-de-aragon-ofrecen-un-fin-de-semana-muy-activo\/\" title=\"Los espacios naturales protegidos de Arag\u00f3n ofrecen un fin de semana muy activo\">Los espacios naturales protegidos de Arag\u00f3n ofrecen un fin de semana muy activo<\/a>\n<\/span><\/div>","aioseo_breadcrumb_json":[{"label":"Home","link":"https:\/\/www.eldigitaldeasturias.com\/noticias"},{"label":"Actualidad","link":"https:\/\/www.eldigitaldeasturias.com\/noticias\/category\/actualidad\/"},{"label":"Los espacios naturales protegidos de Arag\u00f3n ofrecen un fin de semana muy activo","link":"https:\/\/www.eldigitaldeasturias.com\/noticias\/los-espacios-naturales-protegidos-de-aragon-ofrecen-un-fin-de-semana-muy-activo\/"}],"_links":{"self":[{"href":"https:\/\/www.eldigitaldeasturias.com\/noticias\/wp-json\/wp\/v2\/posts\/948659","targetHints":{"allow":["GET"]}}],"collection":[{"href":"https:\/\/www.eldigitaldeasturias.com\/noticias\/wp-json\/wp\/v2\/posts"}],"about":[{"href":"https:\/\/www.eldigitaldeasturias.com\/noticias\/wp-json\/wp\/v2\/types\/post"}],"author":[{"embeddable":true,"href":"https:\/\/www.eldigitaldeasturias.com\/noticias\/wp-json\/wp\/v2\/users\/1"}],"replies":[{"embeddable":true,"href":"https:\/\/www.eldigitaldeasturias.com\/noticias\/wp-json\/wp\/v2\/comments?post=948659"}],"version-history":[{"count":0,"href":"https:\/\/www.eldigitaldeasturias.com\/noticias\/wp-json\/wp\/v2\/posts\/948659\/revisions"}],"wp:attachment":[{"href":"https:\/\/www.eldigitaldeasturias.com\/noticias\/wp-json\/wp\/v2\/media?parent=948659"}],"wp:term":[{"taxonomy":"category","embeddable":true,"href":"https:\/\/www.eldigitaldeasturias.com\/noticias\/wp-json\/wp\/v2\/categories?post=948659"},{"taxonomy":"post_tag","embeddable":true,"href":"https:\/\/www.eldigitaldeasturias.com\/noticias\/wp-json\/wp\/v2\/tags?post=948659"}],"curies":[{"name":"wp","href":"https:\/\/api.w.org\/{rel}","templated":true}]}}