{"id":948590,"date":"2017-08-03T11:01:19","date_gmt":"2017-08-03T11:01:19","guid":{"rendered":"http:\/\/www.eldigitaldeasturias.com\/noticias\/?p=948590"},"modified":"2017-08-03T11:01:19","modified_gmt":"2017-08-03T11:01:19","slug":"musica-para-las-noches-de-verano-en-el-museo-de-zaragoza","status":"publish","type":"post","link":"https:\/\/www.eldigitaldeasturias.com\/noticias\/musica-para-las-noches-de-verano-en-el-museo-de-zaragoza\/","title":{"rendered":"M\u00fasica para las \u201cNoches de Verano\u201d, en el Museo de Zaragoza"},"content":{"rendered":"<p><img loading=\"lazy\" decoding=\"async\" class=\"alignleft size-medium wp-image-948591\" src=\"https:\/\/www.eldigitaldeasturias.com\/noticias\/wp-content\/uploads\/2017\/08\/El_tenor_Francisco_Corujo-360x159.jpg\" alt=\"\" width=\"360\" height=\"159\" \/>Los ritmos de jazz dejan paso los fines de semana de agosto en el Museo de Zaragoza a las voces privilegiadas de tenores y sopranos. El ciclo M\u00fasica para noches de verano prosigue su curso y lo hace, durante el presente mes, inaugurando una serie dedicada a la m\u00fasica l\u00edrica, que dar\u00e1 la bienvenida a grandes figuras de la \u00f3pera, zarzuela, lied y canci\u00f3n espa\u00f1ola. Esta nueva oferta cultural del Gobierno de Arag\u00f3n comienza el pr\u00f3ximo d\u00eda 5 con la actuaci\u00f3n del tenor Francisco Corujo que estar\u00e1 acompa\u00f1ado al piano por \u00c1ngel Cabrera. En las pr\u00f3ximas fechas pasar\u00e1n por el privilegiado escenario la mezzosoprano Carol Garc\u00eda, junto al pianista Rub\u00e9n Fern\u00e1ndez (d\u00eda 12); el contratenor Carlos Mena y la soprano Eugenia Boix, acompa\u00f1ados por Daniel Zapico en la tiorba (19 de agosto); mientras que el 26 ser\u00e1 el turno de la soprano Cristina Toledo, el tenor Alejando del Cerro y el pianista Aurelio Viribay. Esta programaci\u00f3n ha sido promovida por el Departamento de Educaci\u00f3n, Cultura y Deporte del Gobierno de Arag\u00f3n y cuenta con la colaboraci\u00f3n de la Asociaci\u00f3n Aragonesa de la \u00d3pera Miguel Fleta.<\/p>\n<p>Los conciertos ser\u00e1n todos a las 21.00 horas y tienen un precio de 5 euros para el p\u00fablico en general y de 3 euros para los usuarios de Arag\u00f3n es Cultura, los socios de las Armas y los miembros de la Asociaci\u00f3n Aragonesa de la \u00d3pera Miguel Fleta. La venta se llevar\u00e1 a cabo una hora antes de la actuaci\u00f3n, a partir de las 20.00, en la taquilla habilitada en el propio museo.<\/p>\n<p>Una vez concluida la programaci\u00f3n l\u00edrica, el mes de septiembre se dedicar\u00e1 al canto a capella, con un festival que arrancar\u00e1 el viernes, d\u00eda 8, con tres actuaciones en tres espacios llenos de encanto de la ciudad de Zaragoza: el entorno de La Seo, el Arco del De\u00e1n y el Pasaje del Cicl\u00f3n donde se podr\u00e1n escuchar las voces de B Vocal, Vocal Tempo, Sometimes y Lecl\u00e9 &amp; Box. El festival culminar\u00e1 el s\u00e1bado, d\u00eda 9, con un concierto conjunto en el Museo de Zaragoza.<\/p>\n<p>&nbsp;<\/p>\n","protected":false},"excerpt":{"rendered":"<p>Los ritmos de jazz dejan paso los fines de semana de agosto en el Museo de Zaragoza a las voces privilegiadas de tenores y sopranos. El ciclo M\u00fasica para noches de verano prosigue su curso y lo hace, durante el presente mes, inaugurando una serie dedicada a la m\u00fasica l\u00edrica, que dar\u00e1 la bienvenida a [&hellip;]<\/p>\n","protected":false},"author":1,"featured_media":948591,"comment_status":"closed","ping_status":"closed","sticky":false,"template":"","format":"standard","meta":{"footnotes":""},"categories":[1],"tags":[],"class_list":["post-948590","post","type-post","status-publish","format-standard","has-post-thumbnail","hentry","category-actualidad"],"aioseo_notices":[],"aioseo_head":"\n\t\t<!-- All in One SEO Pro 5.0.1 - aioseo.com -->\n\t<meta name=\"description\" content=\"Los ritmos de jazz dejan paso los fines de semana de agosto en el Museo de Zaragoza a las voces privilegiadas de tenores y sopranos. El ciclo M\u00fasica para noches de verano prosigue su curso y lo hace, durante el presente mes, inaugurando una serie dedicada a la m\u00fasica l\u00edrica, que dar\u00e1 la bienvenida a\" \/>\n\t<meta name=\"robots\" content=\"max-image-preview:large\" \/>\n\t<meta name=\"author\" content=\"El Digital de Asturias\"\/>\n\t<meta name=\"google-site-verification\" content=\"UA-38556648-1\" \/>\n\t<meta name=\"msvalidate.01\" content=\"7dfe9f3f1b24437ab69f4f2559babe99\" \/>\n\t<meta name=\"keywords\" content=\"actualidad\" \/>\n\t<link rel=\"canonical\" href=\"https:\/\/www.eldigitaldeasturias.com\/noticias\/musica-para-las-noches-de-verano-en-el-museo-de-zaragoza\/\" \/>\n\t<meta name=\"generator\" content=\"All in One SEO Pro (AIOSEO) 5.0.1\" \/>\n\t\t<meta property=\"og:locale\" content=\"es_ES\" \/>\n\t\t<meta property=\"og:site_name\" content=\"El Digital de Asturias\" \/>\n\t\t<meta property=\"og:type\" content=\"article\" \/>\n\t\t<meta property=\"og:title\" content=\"M\u00fasica para las \u201cNoches de Verano\u201d, en el Museo de Zaragoza - El Digital de Asturias\" \/>\n\t\t<meta property=\"og:description\" content=\"Los ritmos de jazz dejan paso los fines de semana de agosto en el Museo de Zaragoza a las voces privilegiadas de tenores y sopranos. El ciclo M\u00fasica para noches de verano prosigue su curso y lo hace, durante el presente mes, inaugurando una serie dedicada a la m\u00fasica l\u00edrica, que dar\u00e1 la bienvenida a\" \/>\n\t\t<meta property=\"og:url\" content=\"https:\/\/www.eldigitaldeasturias.com\/noticias\/musica-para-las-noches-de-verano-en-el-museo-de-zaragoza\/\" \/>\n\t\t<meta property=\"article:tag\" content=\"actualidad\" \/>\n\t\t<meta property=\"article:published_time\" content=\"2017-08-03T11:01:19+00:00\" \/>\n\t\t<meta property=\"article:modified_time\" content=\"2017-08-03T11:01:19+00:00\" \/>\n\t\t<meta property=\"article:publisher\" content=\"https:\/\/facebook.com\/eldigitaldeasturias\" \/>\n\t\t<meta name=\"twitter:card\" content=\"summary_large_image\" \/>\n\t\t<meta name=\"twitter:title\" content=\"M\u00fasica para las \u201cNoches de Verano\u201d, en el Museo de Zaragoza - El Digital de Asturias\" \/>\n\t\t<meta name=\"twitter:description\" content=\"Los ritmos de jazz dejan paso los fines de semana de agosto en el Museo de Zaragoza a las voces privilegiadas de tenores y sopranos. El ciclo M\u00fasica para noches de verano prosigue su curso y lo hace, durante el presente mes, inaugurando una serie dedicada a la m\u00fasica l\u00edrica, que dar\u00e1 la bienvenida a\" \/>\n\t\t<meta name=\"twitter:image\" content=\"https:\/\/www.eldigitaldeasturias.com\/noticias\/wp-content\/uploads\/2020\/12\/EDA-1.jpg\" \/>\n\t\t<meta name=\"twitter:label1\" content=\"Escrito por\" \/>\n\t\t<meta name=\"twitter:data1\" content=\"El Digital de Asturias\" \/>\n\t\t<meta name=\"twitter:label2\" content=\"Tiempo de lectura estimado\" \/>\n\t\t<meta name=\"twitter:data2\" content=\"2 minutos\" \/>\n\t\t<script type=\"application\/ld+json\" class=\"aioseo-schema\">\n\t\t\t{\"@context\":\"https:\\\/\\\/schema.org\",\"@graph\":[{\"@type\":\"BlogPosting\",\"@id\":\"https:\\\/\\\/www.eldigitaldeasturias.com\\\/noticias\\\/musica-para-las-noches-de-verano-en-el-museo-de-zaragoza\\\/#blogposting\",\"name\":\"M\\u00fasica para las \\u201cNoches de Verano\\u201d, en el Museo de Zaragoza - El Digital de Asturias\",\"headline\":\"M\\u00fasica para las \\u201cNoches de Verano\\u201d, en el Museo de Zaragoza\",\"author\":{\"@id\":\"https:\\\/\\\/www.eldigitaldeasturias.com\\\/noticias\\\/author\\\/admin\\\/#author\"},\"publisher\":{\"@id\":\"https:\\\/\\\/www.eldigitaldeasturias.com\\\/noticias\\\/#organization\"},\"image\":{\"@type\":\"ImageObject\",\"url\":948591},\"datePublished\":\"2017-08-03T11:01:19+02:00\",\"dateModified\":\"2017-08-03T11:01:19+02:00\",\"inLanguage\":\"es-ES\",\"mainEntityOfPage\":{\"@id\":\"https:\\\/\\\/www.eldigitaldeasturias.com\\\/noticias\\\/musica-para-las-noches-de-verano-en-el-museo-de-zaragoza\\\/#webpage\"},\"isPartOf\":{\"@id\":\"https:\\\/\\\/www.eldigitaldeasturias.com\\\/noticias\\\/musica-para-las-noches-de-verano-en-el-museo-de-zaragoza\\\/#webpage\"},\"articleSection\":\"Actualidad\"},{\"@type\":\"BreadcrumbList\",\"@id\":\"https:\\\/\\\/www.eldigitaldeasturias.com\\\/noticias\\\/musica-para-las-noches-de-verano-en-el-museo-de-zaragoza\\\/#breadcrumblist\",\"itemListElement\":[{\"@type\":\"ListItem\",\"@id\":\"https:\\\/\\\/www.eldigitaldeasturias.com\\\/noticias#listItem\",\"position\":1,\"name\":\"Home\",\"item\":\"https:\\\/\\\/www.eldigitaldeasturias.com\\\/noticias\",\"nextItem\":{\"@type\":\"ListItem\",\"@id\":\"https:\\\/\\\/www.eldigitaldeasturias.com\\\/noticias\\\/category\\\/actualidad\\\/#listItem\",\"name\":\"Actualidad\"}},{\"@type\":\"ListItem\",\"@id\":\"https:\\\/\\\/www.eldigitaldeasturias.com\\\/noticias\\\/category\\\/actualidad\\\/#listItem\",\"position\":2,\"name\":\"Actualidad\",\"item\":\"https:\\\/\\\/www.eldigitaldeasturias.com\\\/noticias\\\/category\\\/actualidad\\\/\",\"nextItem\":{\"@type\":\"ListItem\",\"@id\":\"https:\\\/\\\/www.eldigitaldeasturias.com\\\/noticias\\\/musica-para-las-noches-de-verano-en-el-museo-de-zaragoza\\\/#listItem\",\"name\":\"M\\u00fasica para las \\u201cNoches de Verano\\u201d, en el Museo de Zaragoza\"},\"previousItem\":{\"@type\":\"ListItem\",\"@id\":\"https:\\\/\\\/www.eldigitaldeasturias.com\\\/noticias#listItem\",\"name\":\"Home\"}},{\"@type\":\"ListItem\",\"@id\":\"https:\\\/\\\/www.eldigitaldeasturias.com\\\/noticias\\\/musica-para-las-noches-de-verano-en-el-museo-de-zaragoza\\\/#listItem\",\"position\":3,\"name\":\"M\\u00fasica para las \\u201cNoches de Verano\\u201d, en el Museo de Zaragoza\",\"previousItem\":{\"@type\":\"ListItem\",\"@id\":\"https:\\\/\\\/www.eldigitaldeasturias.com\\\/noticias\\\/category\\\/actualidad\\\/#listItem\",\"name\":\"Actualidad\"}}]},{\"@type\":\"Organization\",\"@id\":\"https:\\\/\\\/www.eldigitaldeasturias.com\\\/noticias\\\/#organization\",\"name\":\"El Digital de Asturias\",\"description\":\"Hemeroteca\",\"url\":\"https:\\\/\\\/www.eldigitaldeasturias.com\\\/noticias\\\/\",\"email\":\"info@eldigitaldeasturias.com\",\"telephone\":\"+34652131393\",\"logo\":{\"@type\":\"ImageObject\",\"url\":\"https:\\\/\\\/www.eldigitaldeasturias.com\\\/noticias\\\/wp-content\\\/uploads\\\/2020\\\/12\\\/EDA.jpg\",\"@id\":\"https:\\\/\\\/www.eldigitaldeasturias.com\\\/noticias\\\/musica-para-las-noches-de-verano-en-el-museo-de-zaragoza\\\/#organizationLogo\"},\"image\":{\"@id\":\"https:\\\/\\\/www.eldigitaldeasturias.com\\\/noticias\\\/musica-para-las-noches-de-verano-en-el-museo-de-zaragoza\\\/#organizationLogo\"},\"sameAs\":[\"https:\\\/\\\/facebook.com\\\/eldigitaldeasturias\",\"https:\\\/\\\/www.youtube.com\\\/channel\\\/UCZP-2wLEB9Rv6erhFmqVnvg\"],\"address\":{\"@id\":\"https:\\\/\\\/www.eldigitaldeasturias.com\\\/noticias\\\/#postaladdress\",\"@type\":\"PostalAddress\",\"streetAddress\":\"san antonio 4\",\"postalCode\":\"33430\",\"addressLocality\":\"Cand\\u00e1s\",\"addressRegion\":\"Asturias\",\"addressCountry\":\"ES\"}},{\"@type\":\"Person\",\"@id\":\"https:\\\/\\\/www.eldigitaldeasturias.com\\\/noticias\\\/author\\\/admin\\\/#author\",\"url\":\"https:\\\/\\\/www.eldigitaldeasturias.com\\\/noticias\\\/author\\\/admin\\\/\",\"name\":\"El Digital de Asturias\",\"image\":{\"@type\":\"ImageObject\",\"@id\":\"https:\\\/\\\/www.eldigitaldeasturias.com\\\/noticias\\\/musica-para-las-noches-de-verano-en-el-museo-de-zaragoza\\\/#authorImage\",\"url\":\"https:\\\/\\\/secure.gravatar.com\\\/avatar\\\/df2aeffc32bcd13f8d26072ef8a91b623d677766deac7f97ca815868cd41bf5e?s=96&d=mm&r=g\",\"width\":96,\"height\":96,\"caption\":\"El Digital de Asturias\"}},{\"@type\":\"WebPage\",\"@id\":\"https:\\\/\\\/www.eldigitaldeasturias.com\\\/noticias\\\/musica-para-las-noches-de-verano-en-el-museo-de-zaragoza\\\/#webpage\",\"url\":\"https:\\\/\\\/www.eldigitaldeasturias.com\\\/noticias\\\/musica-para-las-noches-de-verano-en-el-museo-de-zaragoza\\\/\",\"name\":\"M\\u00fasica para las \\u201cNoches de Verano\\u201d, en el Museo de Zaragoza - El Digital de Asturias\",\"description\":\"Los ritmos de jazz dejan paso los fines de semana de agosto en el Museo de Zaragoza a las voces privilegiadas de tenores y sopranos. El ciclo M\\u00fasica para noches de verano prosigue su curso y lo hace, durante el presente mes, inaugurando una serie dedicada a la m\\u00fasica l\\u00edrica, que dar\\u00e1 la bienvenida a\",\"inLanguage\":\"es-ES\",\"isPartOf\":{\"@id\":\"https:\\\/\\\/www.eldigitaldeasturias.com\\\/noticias\\\/#website\"},\"breadcrumb\":{\"@id\":\"https:\\\/\\\/www.eldigitaldeasturias.com\\\/noticias\\\/musica-para-las-noches-de-verano-en-el-museo-de-zaragoza\\\/#breadcrumblist\"},\"author\":{\"@id\":\"https:\\\/\\\/www.eldigitaldeasturias.com\\\/noticias\\\/author\\\/admin\\\/#author\"},\"creator\":{\"@id\":\"https:\\\/\\\/www.eldigitaldeasturias.com\\\/noticias\\\/author\\\/admin\\\/#author\"},\"image\":{\"@type\":\"ImageObject\",\"url\":948591,\"@id\":\"https:\\\/\\\/www.eldigitaldeasturias.com\\\/noticias\\\/musica-para-las-noches-de-verano-en-el-museo-de-zaragoza\\\/#mainImage\"},\"primaryImageOfPage\":{\"@id\":\"https:\\\/\\\/www.eldigitaldeasturias.com\\\/noticias\\\/musica-para-las-noches-de-verano-en-el-museo-de-zaragoza\\\/#mainImage\"},\"datePublished\":\"2017-08-03T11:01:19+02:00\",\"dateModified\":\"2017-08-03T11:01:19+02:00\"},{\"@type\":\"WebSite\",\"@id\":\"https:\\\/\\\/www.eldigitaldeasturias.com\\\/noticias\\\/#website\",\"url\":\"https:\\\/\\\/www.eldigitaldeasturias.com\\\/noticias\\\/\",\"name\":\"El Digital de Asturias - Diario de actualidad y noticias\",\"alternateName\":\"El Digital de Asturias - Diario de actualidad y noticias\",\"description\":\"Hemeroteca\",\"inLanguage\":\"es-ES\",\"publisher\":{\"@id\":\"https:\\\/\\\/www.eldigitaldeasturias.com\\\/noticias\\\/#organization\"}}]}\n\t\t<\/script>\n\t\t<!-- All in One SEO Pro -->\r\n\t\t<title>M\u00fasica para las \u201cNoches de Verano\u201d, en el Museo de Zaragoza - El Digital de Asturias<\/title>\n\n","aioseo_head_json":{"title":"M\u00fasica para las \u201cNoches de Verano\u201d, en el Museo de Zaragoza - El Digital de Asturias","description":"Los ritmos de jazz dejan paso los fines de semana de agosto en el Museo de Zaragoza a las voces privilegiadas de tenores y sopranos. El ciclo M\u00fasica para noches de verano prosigue su curso y lo hace, durante el presente mes, inaugurando una serie dedicada a la m\u00fasica l\u00edrica, que dar\u00e1 la bienvenida a","canonical_url":"https:\/\/www.eldigitaldeasturias.com\/noticias\/musica-para-las-noches-de-verano-en-el-museo-de-zaragoza\/","robots":"max-image-preview:large","keywords":"actualidad","webmasterTools":{"google-site-verification":"UA-38556648-1","msvalidate.01":"7dfe9f3f1b24437ab69f4f2559babe99","miscellaneous":""},"schema":{"@context":"https:\/\/schema.org","@graph":[{"@type":"BlogPosting","@id":"https:\/\/www.eldigitaldeasturias.com\/noticias\/musica-para-las-noches-de-verano-en-el-museo-de-zaragoza\/#blogposting","name":"M\u00fasica para las \u201cNoches de Verano\u201d, en el Museo de Zaragoza - El Digital de Asturias","headline":"M\u00fasica para las \u201cNoches de Verano\u201d, en el Museo de Zaragoza","author":{"@id":"https:\/\/www.eldigitaldeasturias.com\/noticias\/author\/admin\/#author"},"publisher":{"@id":"https:\/\/www.eldigitaldeasturias.com\/noticias\/#organization"},"image":{"@type":"ImageObject","url":948591},"datePublished":"2017-08-03T11:01:19+02:00","dateModified":"2017-08-03T11:01:19+02:00","inLanguage":"es-ES","mainEntityOfPage":{"@id":"https:\/\/www.eldigitaldeasturias.com\/noticias\/musica-para-las-noches-de-verano-en-el-museo-de-zaragoza\/#webpage"},"isPartOf":{"@id":"https:\/\/www.eldigitaldeasturias.com\/noticias\/musica-para-las-noches-de-verano-en-el-museo-de-zaragoza\/#webpage"},"articleSection":"Actualidad"},{"@type":"BreadcrumbList","@id":"https:\/\/www.eldigitaldeasturias.com\/noticias\/musica-para-las-noches-de-verano-en-el-museo-de-zaragoza\/#breadcrumblist","itemListElement":[{"@type":"ListItem","@id":"https:\/\/www.eldigitaldeasturias.com\/noticias#listItem","position":1,"name":"Home","item":"https:\/\/www.eldigitaldeasturias.com\/noticias","nextItem":{"@type":"ListItem","@id":"https:\/\/www.eldigitaldeasturias.com\/noticias\/category\/actualidad\/#listItem","name":"Actualidad"}},{"@type":"ListItem","@id":"https:\/\/www.eldigitaldeasturias.com\/noticias\/category\/actualidad\/#listItem","position":2,"name":"Actualidad","item":"https:\/\/www.eldigitaldeasturias.com\/noticias\/category\/actualidad\/","nextItem":{"@type":"ListItem","@id":"https:\/\/www.eldigitaldeasturias.com\/noticias\/musica-para-las-noches-de-verano-en-el-museo-de-zaragoza\/#listItem","name":"M\u00fasica para las \u201cNoches de Verano\u201d, en el Museo de Zaragoza"},"previousItem":{"@type":"ListItem","@id":"https:\/\/www.eldigitaldeasturias.com\/noticias#listItem","name":"Home"}},{"@type":"ListItem","@id":"https:\/\/www.eldigitaldeasturias.com\/noticias\/musica-para-las-noches-de-verano-en-el-museo-de-zaragoza\/#listItem","position":3,"name":"M\u00fasica para las \u201cNoches de Verano\u201d, en el Museo de Zaragoza","previousItem":{"@type":"ListItem","@id":"https:\/\/www.eldigitaldeasturias.com\/noticias\/category\/actualidad\/#listItem","name":"Actualidad"}}]},{"@type":"Organization","@id":"https:\/\/www.eldigitaldeasturias.com\/noticias\/#organization","name":"El Digital de Asturias","description":"Hemeroteca","url":"https:\/\/www.eldigitaldeasturias.com\/noticias\/","email":"info@eldigitaldeasturias.com","telephone":"+34652131393","logo":{"@type":"ImageObject","url":"https:\/\/www.eldigitaldeasturias.com\/noticias\/wp-content\/uploads\/2020\/12\/EDA.jpg","@id":"https:\/\/www.eldigitaldeasturias.com\/noticias\/musica-para-las-noches-de-verano-en-el-museo-de-zaragoza\/#organizationLogo"},"image":{"@id":"https:\/\/www.eldigitaldeasturias.com\/noticias\/musica-para-las-noches-de-verano-en-el-museo-de-zaragoza\/#organizationLogo"},"sameAs":["https:\/\/facebook.com\/eldigitaldeasturias","https:\/\/www.youtube.com\/channel\/UCZP-2wLEB9Rv6erhFmqVnvg"],"address":{"@id":"https:\/\/www.eldigitaldeasturias.com\/noticias\/#postaladdress","@type":"PostalAddress","streetAddress":"san antonio 4","postalCode":"33430","addressLocality":"Cand\u00e1s","addressRegion":"Asturias","addressCountry":"ES"}},{"@type":"Person","@id":"https:\/\/www.eldigitaldeasturias.com\/noticias\/author\/admin\/#author","url":"https:\/\/www.eldigitaldeasturias.com\/noticias\/author\/admin\/","name":"El Digital de Asturias","image":{"@type":"ImageObject","@id":"https:\/\/www.eldigitaldeasturias.com\/noticias\/musica-para-las-noches-de-verano-en-el-museo-de-zaragoza\/#authorImage","url":"https:\/\/secure.gravatar.com\/avatar\/df2aeffc32bcd13f8d26072ef8a91b623d677766deac7f97ca815868cd41bf5e?s=96&d=mm&r=g","width":96,"height":96,"caption":"El Digital de Asturias"}},{"@type":"WebPage","@id":"https:\/\/www.eldigitaldeasturias.com\/noticias\/musica-para-las-noches-de-verano-en-el-museo-de-zaragoza\/#webpage","url":"https:\/\/www.eldigitaldeasturias.com\/noticias\/musica-para-las-noches-de-verano-en-el-museo-de-zaragoza\/","name":"M\u00fasica para las \u201cNoches de Verano\u201d, en el Museo de Zaragoza - El Digital de Asturias","description":"Los ritmos de jazz dejan paso los fines de semana de agosto en el Museo de Zaragoza a las voces privilegiadas de tenores y sopranos. El ciclo M\u00fasica para noches de verano prosigue su curso y lo hace, durante el presente mes, inaugurando una serie dedicada a la m\u00fasica l\u00edrica, que dar\u00e1 la bienvenida a","inLanguage":"es-ES","isPartOf":{"@id":"https:\/\/www.eldigitaldeasturias.com\/noticias\/#website"},"breadcrumb":{"@id":"https:\/\/www.eldigitaldeasturias.com\/noticias\/musica-para-las-noches-de-verano-en-el-museo-de-zaragoza\/#breadcrumblist"},"author":{"@id":"https:\/\/www.eldigitaldeasturias.com\/noticias\/author\/admin\/#author"},"creator":{"@id":"https:\/\/www.eldigitaldeasturias.com\/noticias\/author\/admin\/#author"},"image":{"@type":"ImageObject","url":948591,"@id":"https:\/\/www.eldigitaldeasturias.com\/noticias\/musica-para-las-noches-de-verano-en-el-museo-de-zaragoza\/#mainImage"},"primaryImageOfPage":{"@id":"https:\/\/www.eldigitaldeasturias.com\/noticias\/musica-para-las-noches-de-verano-en-el-museo-de-zaragoza\/#mainImage"},"datePublished":"2017-08-03T11:01:19+02:00","dateModified":"2017-08-03T11:01:19+02:00"},{"@type":"WebSite","@id":"https:\/\/www.eldigitaldeasturias.com\/noticias\/#website","url":"https:\/\/www.eldigitaldeasturias.com\/noticias\/","name":"El Digital de Asturias - Diario de actualidad y noticias","alternateName":"El Digital de Asturias - Diario de actualidad y noticias","description":"Hemeroteca","inLanguage":"es-ES","publisher":{"@id":"https:\/\/www.eldigitaldeasturias.com\/noticias\/#organization"}}]},"og:locale":"es_ES","og:site_name":"El Digital de Asturias","og:type":"article","og:title":"M\u00fasica para las \u201cNoches de Verano\u201d, en el Museo de Zaragoza - El Digital de Asturias","og:description":"Los ritmos de jazz dejan paso los fines de semana de agosto en el Museo de Zaragoza a las voces privilegiadas de tenores y sopranos. El ciclo M\u00fasica para noches de verano prosigue su curso y lo hace, durante el presente mes, inaugurando una serie dedicada a la m\u00fasica l\u00edrica, que dar\u00e1 la bienvenida a","og:url":"https:\/\/www.eldigitaldeasturias.com\/noticias\/musica-para-las-noches-de-verano-en-el-museo-de-zaragoza\/","article:tag":["actualidad"],"article:published_time":"2017-08-03T11:01:19+00:00","article:modified_time":"2017-08-03T11:01:19+00:00","article:publisher":"https:\/\/facebook.com\/eldigitaldeasturias","twitter:card":"summary_large_image","twitter:title":"M\u00fasica para las \u201cNoches de Verano\u201d, en el Museo de Zaragoza - El Digital de Asturias","twitter:description":"Los ritmos de jazz dejan paso los fines de semana de agosto en el Museo de Zaragoza a las voces privilegiadas de tenores y sopranos. El ciclo M\u00fasica para noches de verano prosigue su curso y lo hace, durante el presente mes, inaugurando una serie dedicada a la m\u00fasica l\u00edrica, que dar\u00e1 la bienvenida a","twitter:image":"https:\/\/www.eldigitaldeasturias.com\/noticias\/wp-content\/uploads\/2020\/12\/EDA-1.jpg","twitter:label1":"Escrito por","twitter:data1":"El Digital de Asturias","twitter:label2":"Tiempo de lectura estimado","twitter:data2":"2 minutos"},"aioseo_meta_data":{"post_id":"948590","title":null,"description":null,"keywords":null,"keyphrases":null,"primary_term":null,"canonical_url":null,"og_title":null,"og_description":null,"og_object_type":"default","og_image_type":"default","og_image_url":null,"og_image_width":null,"og_image_height":null,"og_image_custom_url":null,"og_image_custom_fields":null,"og_video":null,"og_custom_url":null,"og_article_section":null,"og_article_tags":null,"twitter_use_og":false,"twitter_card":"default","twitter_image_type":"default","twitter_image_url":null,"twitter_image_custom_url":null,"twitter_image_custom_fields":null,"twitter_title":null,"twitter_description":null,"schema":{"blockGraphs":[],"customGraphs":[],"default":{"data":{"Article":[],"Course":[],"Dataset":[],"FAQPage":[],"Movie":[],"Person":[],"Product":[],"ProductReview":[],"Car":[],"Recipe":[],"Service":[],"SoftwareApplication":[],"WebPage":[]},"graphName":"","isEnabled":true},"graphs":[],"defaultGraph":"","defaultPostTypeGraph":""},"schema_type":null,"schema_type_options":null,"pillar_content":false,"robots_default":true,"robots_noindex":false,"robots_noarchive":false,"robots_nosnippet":false,"robots_nofollow":false,"robots_noimageindex":false,"robots_noodp":false,"robots_notranslate":false,"robots_max_snippet":null,"robots_max_videopreview":null,"robots_max_imagepreview":"large","priority":null,"frequency":null,"local_seo":null,"seo_analyzer_scan_date":"2025-12-05 09:13:12","breadcrumb_settings":null,"limit_modified_date":false,"open_ai":null,"ai":null,"created":"2020-12-21 13:04:36","updated":"2025-12-05 09:13:12","focus_keyword":null,"additional_keywords":null,"truseo_locale":null},"aioseo_breadcrumb":"<div class=\"aioseo-breadcrumbs\"><span class=\"aioseo-breadcrumb\">\n\t<a href=\"https:\/\/www.eldigitaldeasturias.com\/noticias\" title=\"Home\">Home<\/a>\n<\/span><span class=\"aioseo-breadcrumb-separator\">\u2013<\/span><span class=\"aioseo-breadcrumb\">\n\t<a href=\"https:\/\/www.eldigitaldeasturias.com\/noticias\/category\/actualidad\/\" title=\"Actualidad\">Actualidad<\/a>\n<\/span><span class=\"aioseo-breadcrumb-separator\">\u2013<\/span><span class=\"aioseo-breadcrumb\">\n\t<a href=\"https:\/\/www.eldigitaldeasturias.com\/noticias\/musica-para-las-noches-de-verano-en-el-museo-de-zaragoza\/\" title=\"M\u00fasica para las \u201cNoches de Verano\u201d, en el Museo de Zaragoza\">M\u00fasica para las \u201cNoches de Verano\u201d, en el Museo de Zaragoza<\/a>\n<\/span><\/div>","aioseo_breadcrumb_json":[{"label":"Home","link":"https:\/\/www.eldigitaldeasturias.com\/noticias"},{"label":"Actualidad","link":"https:\/\/www.eldigitaldeasturias.com\/noticias\/category\/actualidad\/"},{"label":"M\u00fasica para las \u201cNoches de Verano\u201d, en el Museo de Zaragoza","link":"https:\/\/www.eldigitaldeasturias.com\/noticias\/musica-para-las-noches-de-verano-en-el-museo-de-zaragoza\/"}],"_links":{"self":[{"href":"https:\/\/www.eldigitaldeasturias.com\/noticias\/wp-json\/wp\/v2\/posts\/948590","targetHints":{"allow":["GET"]}}],"collection":[{"href":"https:\/\/www.eldigitaldeasturias.com\/noticias\/wp-json\/wp\/v2\/posts"}],"about":[{"href":"https:\/\/www.eldigitaldeasturias.com\/noticias\/wp-json\/wp\/v2\/types\/post"}],"author":[{"embeddable":true,"href":"https:\/\/www.eldigitaldeasturias.com\/noticias\/wp-json\/wp\/v2\/users\/1"}],"replies":[{"embeddable":true,"href":"https:\/\/www.eldigitaldeasturias.com\/noticias\/wp-json\/wp\/v2\/comments?post=948590"}],"version-history":[{"count":0,"href":"https:\/\/www.eldigitaldeasturias.com\/noticias\/wp-json\/wp\/v2\/posts\/948590\/revisions"}],"wp:attachment":[{"href":"https:\/\/www.eldigitaldeasturias.com\/noticias\/wp-json\/wp\/v2\/media?parent=948590"}],"wp:term":[{"taxonomy":"category","embeddable":true,"href":"https:\/\/www.eldigitaldeasturias.com\/noticias\/wp-json\/wp\/v2\/categories?post=948590"},{"taxonomy":"post_tag","embeddable":true,"href":"https:\/\/www.eldigitaldeasturias.com\/noticias\/wp-json\/wp\/v2\/tags?post=948590"}],"curies":[{"name":"wp","href":"https:\/\/api.w.org\/{rel}","templated":true}]}}