{"id":948545,"date":"2017-08-02T19:05:44","date_gmt":"2017-08-02T19:05:44","guid":{"rendered":"http:\/\/www.eldigitaldeasturias.com\/noticias\/?p=948545"},"modified":"2017-08-02T19:05:44","modified_gmt":"2017-08-02T19:05:44","slug":"la-junta-de-andalucia-finalizara-en-septiembre-las-obras-de-la-carretera-a-6052","status":"publish","type":"post","link":"https:\/\/www.eldigitaldeasturias.com\/noticias\/la-junta-de-andalucia-finalizara-en-septiembre-las-obras-de-la-carretera-a-6052\/","title":{"rendered":"La Junta de Andaluc\u00eda finalizar\u00e1 en septiembre las obras de la carretera A-6052"},"content":{"rendered":"<p>La Consejer\u00eda de Fomento y Vivienda finalizar\u00e1 el pr\u00f3ximo mes de septiembre tras una inversi\u00f3n de 3,4 millones las obras para la mejora de la seguridad vial de los 32,8 kil\u00f3metros que componen la A-6052, carretera que une Martos con Porcuna y \u00fanica v\u00eda de comunicaci\u00f3n de los vecinos del municipio de Santiago de Calatrava con Ja\u00e9n capital. As\u00ed lo ha anunciado el responsable de este departamento del Gobierno andaluz, Felipe L\u00f3pez, durante la visita a los trabajos.<\/p>\n<p>L\u00f3pez ha destacado que \u00abesta actuaci\u00f3n es una aspiraci\u00f3n largamente acariciada y al final la Administraci\u00f3n auton\u00f3mica, pese a las dificultades y restricciones presupuestarias, ha conseguido impulsarla con una importante inversi\u00f3n econ\u00f3mica\u00bb, para a\u00f1adir que \u00abdicha obra, que mejorar\u00e1 las comunicaciones entre municipios, representa una apuesta por la igualdad de oportunidades entre el mundo rural y el mundo urbano\u00bb. En ese sentido, ha apuntado que \u00abse trata de una apuesta por la integraci\u00f3n del desarrollo rural y porque las infraestructuras sean un vector de dinamizaci\u00f3n econ\u00f3mica, ya que la actividad agroindustrial y tur\u00edstica de la zona requiere de desplazamientos que han de realizarse con todas las garant\u00edas de seguridad y rapidez\u00bb.<\/p>\n<p>L\u00f3pez tambi\u00e9n se ha referido a otras actuaciones que desarrolla la Junta en la provincia, aludiendo a la variante de Quesada, pr\u00f3xima a iniciarse las obras; o la mejora de la seguridad vial en la traves\u00eda de Bedmar, en avanzado estado de tramitaci\u00f3n. Igualmente, ha hecho hincapi\u00e9 en que su departamento trabaja en el proyecto de adecuaci\u00f3n de la A-317, entre Puente del Aguadero y Cortijos Nuevos, o en los accesos a Geolit. \u00abTodas estas intervenciones representan un importante volumen de inversiones que contribuyen a mejorar la seguridad y las comunicaciones con una incidencia clara en las expectativas de desarrollo\u00bb, ha matizado.<\/p>\n<p>La carretera A-6052 presenta una afluencia de 1.030 veh\u00edculos al d\u00eda, con un 5% de tr\u00e1fico pesado en el tramo de mayor circulaci\u00f3n, entre Santiago de Calatrava y Martos. El uso de la v\u00eda ha provocado un desgaste del firme, sobre todo en los m\u00e1rgenes con la aparici\u00f3n de ondulaciones y baches, de ah\u00ed que la Consejer\u00eda de Fomento y Vivienda emprendiera en febrero esta intervenci\u00f3n con el fin de mejorar la seguridad vial y las condiciones de confortabilidad en la conducci\u00f3n.<\/p>\n<p>La principal actuaci\u00f3n consiste en el refuerzo del firme con el que se pretende obtener una plataforma uniforme que permita una circulaci\u00f3n m\u00e1s c\u00f3moda y segura. El proyecto divide las obras en dos tramos; uno inicial entre los kil\u00f3metros 0 y 18,6 y otro hasta el 32,8. En el primer tramo se ejecutan mejoras de arcenes, ampliando su espacio, y del sistema de drenaje, a las que seguir\u00e1 el refuerzo de la calzada, as\u00ed como labores de saneo y de correcci\u00f3n del firme deteriorado para finalmente proceder el extendido de la capa de rodadura. En esta zona tambi\u00e9n se incluye la protecci\u00f3n con escollera de los estribos del puente en el paso de la carretera sobre el r\u00edo Salado. En el segundo se est\u00e1 desarrollando un refuerzo del firme existente, sin afectar a arcenes ni drenajes. En toda la A-6052 se renovar\u00e1 la se\u00f1alizaci\u00f3n vertical y horizontal y se colocar\u00e1n los elementos de defensa en los tramos que as\u00ed lo requieran.<\/p>\n<p>Los trabajos se encuentran al 80% de ejecuci\u00f3n, habi\u00e9ndose finalizado ya los movimientos de tierra, a excepci\u00f3n del tramo de 200 metros comprendido entre los puntos kilom\u00e9tricos 1,6 y 1,8, donde hay un servicio de riego que est\u00e1 siendo repuesto y se est\u00e1 ejecutando un muro de contenci\u00f3n de escollera. Tambi\u00e9n han culminado ya los muros de escollera en el tramo entre Higuera de Calatrava y Porcuna, donde igualmente se ha realizado la intervenci\u00f3n en el drenaje transversal.<\/p>\n<p>En cuanto a la renovaci\u00f3n del firme, se est\u00e1 terminando la reposici\u00f3n de la capa intermedia de aglomerado y la empresa adjudicataria de las obras ya ha comenzado a extender la capa de rodadura, para lo que la Junta ha decidido utilizar un aglomerado asf\u00e1ltico con bet\u00fan mejorado mediante caucho procedente de polvo de neum\u00e1tico. El uso de este material, que ha posibilitado el reciclaje y reutilizaci\u00f3n de 240.000 neum\u00e1ticos retirados, supone una mejora con respecto a la resistencia del asfalto al envejecimiento y a la acci\u00f3n del agua de lluvia y reduce la sonoridad del pavimento. Adem\u00e1s, esta soluci\u00f3n constituye la forma m\u00e1s ecol\u00f3gica y econ\u00f3mica de lograr mezclas de alta calidad. Este mismo material ya lo emple\u00f3 la Consejer\u00eda de Fomento y Vivienda en los \u00faltimos tramos de la Autov\u00eda del Olivar, entre Puente del Obispo y Baeza.<\/p>\n<p>La carretera A-6052, de Martos a Porcuna, pertenece a la red auton\u00f3mica complementaria de Andaluc\u00eda, tiene una longitud de 32,8 kil\u00f3metros con su origen en la variante de Martos, en la A-316 (de \u00dabeda a la carretera de Granada-C\u00f3rdoba) y su final en Porcuna, en la intersecci\u00f3n con la A-305 (de And\u00fajar a Baena).<\/p>\n<p>&nbsp;<\/p>\n","protected":false},"excerpt":{"rendered":"<p>La Consejer\u00eda de Fomento y Vivienda finalizar\u00e1 el pr\u00f3ximo mes de septiembre tras una inversi\u00f3n de 3,4 millones las obras para la mejora de la seguridad vial de los 32,8 kil\u00f3metros que componen la A-6052, carretera que une Martos con Porcuna y \u00fanica v\u00eda de comunicaci\u00f3n de los vecinos del municipio de Santiago de Calatrava [&hellip;]<\/p>\n","protected":false},"author":1,"featured_media":943770,"comment_status":"closed","ping_status":"closed","sticky":false,"template":"","format":"standard","meta":{"footnotes":""},"categories":[1],"tags":[],"class_list":["post-948545","post","type-post","status-publish","format-standard","has-post-thumbnail","hentry","category-actualidad"],"aioseo_notices":[],"aioseo_head":"\n\t\t<!-- All in One SEO Pro 5.0.1 - aioseo.com -->\n\t<meta name=\"description\" content=\"La Consejer\u00eda de Fomento y Vivienda finalizar\u00e1 el pr\u00f3ximo mes de septiembre tras una inversi\u00f3n de 3,4 millones las obras para la mejora de la seguridad vial de los 32,8 kil\u00f3metros que componen la A-6052, carretera que une Martos con Porcuna y \u00fanica v\u00eda de comunicaci\u00f3n de los vecinos del municipio de Santiago de Calatrava\" \/>\n\t<meta name=\"robots\" content=\"max-image-preview:large\" \/>\n\t<meta name=\"author\" content=\"El Digital de Asturias\"\/>\n\t<meta name=\"google-site-verification\" content=\"UA-38556648-1\" \/>\n\t<meta name=\"msvalidate.01\" content=\"7dfe9f3f1b24437ab69f4f2559babe99\" \/>\n\t<meta name=\"keywords\" content=\"actualidad\" \/>\n\t<link rel=\"canonical\" href=\"https:\/\/www.eldigitaldeasturias.com\/noticias\/la-junta-de-andalucia-finalizara-en-septiembre-las-obras-de-la-carretera-a-6052\/\" \/>\n\t<meta name=\"generator\" content=\"All in One SEO Pro (AIOSEO) 5.0.1\" \/>\n\t\t<meta property=\"og:locale\" content=\"es_ES\" \/>\n\t\t<meta property=\"og:site_name\" content=\"El Digital de Asturias\" \/>\n\t\t<meta property=\"og:type\" content=\"article\" \/>\n\t\t<meta property=\"og:title\" content=\"La Junta de Andaluc\u00eda finalizar\u00e1 en septiembre las obras de la carretera A-6052 - El Digital de Asturias\" \/>\n\t\t<meta property=\"og:description\" content=\"La Consejer\u00eda de Fomento y Vivienda finalizar\u00e1 el pr\u00f3ximo mes de septiembre tras una inversi\u00f3n de 3,4 millones las obras para la mejora de la seguridad vial de los 32,8 kil\u00f3metros que componen la A-6052, carretera que une Martos con Porcuna y \u00fanica v\u00eda de comunicaci\u00f3n de los vecinos del municipio de Santiago de Calatrava\" \/>\n\t\t<meta property=\"og:url\" content=\"https:\/\/www.eldigitaldeasturias.com\/noticias\/la-junta-de-andalucia-finalizara-en-septiembre-las-obras-de-la-carretera-a-6052\/\" \/>\n\t\t<meta property=\"article:tag\" content=\"actualidad\" \/>\n\t\t<meta property=\"article:published_time\" content=\"2017-08-02T19:05:44+00:00\" \/>\n\t\t<meta property=\"article:modified_time\" content=\"2017-08-02T19:05:44+00:00\" \/>\n\t\t<meta property=\"article:publisher\" content=\"https:\/\/facebook.com\/eldigitaldeasturias\" \/>\n\t\t<meta name=\"twitter:card\" content=\"summary_large_image\" \/>\n\t\t<meta name=\"twitter:title\" content=\"La Junta de Andaluc\u00eda finalizar\u00e1 en septiembre las obras de la carretera A-6052 - El Digital de Asturias\" \/>\n\t\t<meta name=\"twitter:description\" content=\"La Consejer\u00eda de Fomento y Vivienda finalizar\u00e1 el pr\u00f3ximo mes de septiembre tras una inversi\u00f3n de 3,4 millones las obras para la mejora de la seguridad vial de los 32,8 kil\u00f3metros que componen la A-6052, carretera que une Martos con Porcuna y \u00fanica v\u00eda de comunicaci\u00f3n de los vecinos del municipio de Santiago de Calatrava\" \/>\n\t\t<meta name=\"twitter:image\" content=\"https:\/\/www.eldigitaldeasturias.com\/noticias\/wp-content\/uploads\/2020\/12\/EDA-1.jpg\" \/>\n\t\t<meta name=\"twitter:label1\" content=\"Escrito por\" \/>\n\t\t<meta name=\"twitter:data1\" content=\"El Digital de Asturias\" \/>\n\t\t<meta name=\"twitter:label2\" content=\"Tiempo de lectura estimado\" \/>\n\t\t<meta name=\"twitter:data2\" content=\"4 minutos\" \/>\n\t\t<script type=\"application\/ld+json\" class=\"aioseo-schema\">\n\t\t\t{\"@context\":\"https:\\\/\\\/schema.org\",\"@graph\":[{\"@type\":\"BlogPosting\",\"@id\":\"https:\\\/\\\/www.eldigitaldeasturias.com\\\/noticias\\\/la-junta-de-andalucia-finalizara-en-septiembre-las-obras-de-la-carretera-a-6052\\\/#blogposting\",\"name\":\"La Junta de Andaluc\\u00eda finalizar\\u00e1 en septiembre las obras de la carretera A-6052 - El Digital de Asturias\",\"headline\":\"La Junta de Andaluc\\u00eda finalizar\\u00e1 en septiembre las obras de la carretera A-6052\",\"author\":{\"@id\":\"https:\\\/\\\/www.eldigitaldeasturias.com\\\/noticias\\\/author\\\/admin\\\/#author\"},\"publisher\":{\"@id\":\"https:\\\/\\\/www.eldigitaldeasturias.com\\\/noticias\\\/#organization\"},\"image\":{\"@type\":\"ImageObject\",\"url\":943770},\"datePublished\":\"2017-08-02T19:05:44+02:00\",\"dateModified\":\"2017-08-02T19:05:44+02:00\",\"inLanguage\":\"es-ES\",\"mainEntityOfPage\":{\"@id\":\"https:\\\/\\\/www.eldigitaldeasturias.com\\\/noticias\\\/la-junta-de-andalucia-finalizara-en-septiembre-las-obras-de-la-carretera-a-6052\\\/#webpage\"},\"isPartOf\":{\"@id\":\"https:\\\/\\\/www.eldigitaldeasturias.com\\\/noticias\\\/la-junta-de-andalucia-finalizara-en-septiembre-las-obras-de-la-carretera-a-6052\\\/#webpage\"},\"articleSection\":\"Actualidad\"},{\"@type\":\"BreadcrumbList\",\"@id\":\"https:\\\/\\\/www.eldigitaldeasturias.com\\\/noticias\\\/la-junta-de-andalucia-finalizara-en-septiembre-las-obras-de-la-carretera-a-6052\\\/#breadcrumblist\",\"itemListElement\":[{\"@type\":\"ListItem\",\"@id\":\"https:\\\/\\\/www.eldigitaldeasturias.com\\\/noticias#listItem\",\"position\":1,\"name\":\"Home\",\"item\":\"https:\\\/\\\/www.eldigitaldeasturias.com\\\/noticias\",\"nextItem\":{\"@type\":\"ListItem\",\"@id\":\"https:\\\/\\\/www.eldigitaldeasturias.com\\\/noticias\\\/category\\\/actualidad\\\/#listItem\",\"name\":\"Actualidad\"}},{\"@type\":\"ListItem\",\"@id\":\"https:\\\/\\\/www.eldigitaldeasturias.com\\\/noticias\\\/category\\\/actualidad\\\/#listItem\",\"position\":2,\"name\":\"Actualidad\",\"item\":\"https:\\\/\\\/www.eldigitaldeasturias.com\\\/noticias\\\/category\\\/actualidad\\\/\",\"nextItem\":{\"@type\":\"ListItem\",\"@id\":\"https:\\\/\\\/www.eldigitaldeasturias.com\\\/noticias\\\/la-junta-de-andalucia-finalizara-en-septiembre-las-obras-de-la-carretera-a-6052\\\/#listItem\",\"name\":\"La Junta de Andaluc\\u00eda finalizar\\u00e1 en septiembre las obras de la carretera A-6052\"},\"previousItem\":{\"@type\":\"ListItem\",\"@id\":\"https:\\\/\\\/www.eldigitaldeasturias.com\\\/noticias#listItem\",\"name\":\"Home\"}},{\"@type\":\"ListItem\",\"@id\":\"https:\\\/\\\/www.eldigitaldeasturias.com\\\/noticias\\\/la-junta-de-andalucia-finalizara-en-septiembre-las-obras-de-la-carretera-a-6052\\\/#listItem\",\"position\":3,\"name\":\"La Junta de Andaluc\\u00eda finalizar\\u00e1 en septiembre las obras de la carretera A-6052\",\"previousItem\":{\"@type\":\"ListItem\",\"@id\":\"https:\\\/\\\/www.eldigitaldeasturias.com\\\/noticias\\\/category\\\/actualidad\\\/#listItem\",\"name\":\"Actualidad\"}}]},{\"@type\":\"Organization\",\"@id\":\"https:\\\/\\\/www.eldigitaldeasturias.com\\\/noticias\\\/#organization\",\"name\":\"El Digital de Asturias\",\"description\":\"Hemeroteca\",\"url\":\"https:\\\/\\\/www.eldigitaldeasturias.com\\\/noticias\\\/\",\"email\":\"info@eldigitaldeasturias.com\",\"telephone\":\"+34652131393\",\"logo\":{\"@type\":\"ImageObject\",\"url\":\"https:\\\/\\\/www.eldigitaldeasturias.com\\\/noticias\\\/wp-content\\\/uploads\\\/2020\\\/12\\\/EDA.jpg\",\"@id\":\"https:\\\/\\\/www.eldigitaldeasturias.com\\\/noticias\\\/la-junta-de-andalucia-finalizara-en-septiembre-las-obras-de-la-carretera-a-6052\\\/#organizationLogo\"},\"image\":{\"@id\":\"https:\\\/\\\/www.eldigitaldeasturias.com\\\/noticias\\\/la-junta-de-andalucia-finalizara-en-septiembre-las-obras-de-la-carretera-a-6052\\\/#organizationLogo\"},\"sameAs\":[\"https:\\\/\\\/facebook.com\\\/eldigitaldeasturias\",\"https:\\\/\\\/www.youtube.com\\\/channel\\\/UCZP-2wLEB9Rv6erhFmqVnvg\"],\"address\":{\"@id\":\"https:\\\/\\\/www.eldigitaldeasturias.com\\\/noticias\\\/#postaladdress\",\"@type\":\"PostalAddress\",\"streetAddress\":\"san antonio 4\",\"postalCode\":\"33430\",\"addressLocality\":\"Cand\\u00e1s\",\"addressRegion\":\"Asturias\",\"addressCountry\":\"ES\"}},{\"@type\":\"Person\",\"@id\":\"https:\\\/\\\/www.eldigitaldeasturias.com\\\/noticias\\\/author\\\/admin\\\/#author\",\"url\":\"https:\\\/\\\/www.eldigitaldeasturias.com\\\/noticias\\\/author\\\/admin\\\/\",\"name\":\"El Digital de Asturias\",\"image\":{\"@type\":\"ImageObject\",\"@id\":\"https:\\\/\\\/www.eldigitaldeasturias.com\\\/noticias\\\/la-junta-de-andalucia-finalizara-en-septiembre-las-obras-de-la-carretera-a-6052\\\/#authorImage\",\"url\":\"https:\\\/\\\/secure.gravatar.com\\\/avatar\\\/df2aeffc32bcd13f8d26072ef8a91b623d677766deac7f97ca815868cd41bf5e?s=96&d=mm&r=g\",\"width\":96,\"height\":96,\"caption\":\"El Digital de Asturias\"}},{\"@type\":\"WebPage\",\"@id\":\"https:\\\/\\\/www.eldigitaldeasturias.com\\\/noticias\\\/la-junta-de-andalucia-finalizara-en-septiembre-las-obras-de-la-carretera-a-6052\\\/#webpage\",\"url\":\"https:\\\/\\\/www.eldigitaldeasturias.com\\\/noticias\\\/la-junta-de-andalucia-finalizara-en-septiembre-las-obras-de-la-carretera-a-6052\\\/\",\"name\":\"La Junta de Andaluc\\u00eda finalizar\\u00e1 en septiembre las obras de la carretera A-6052 - El Digital de Asturias\",\"description\":\"La Consejer\\u00eda de Fomento y Vivienda finalizar\\u00e1 el pr\\u00f3ximo mes de septiembre tras una inversi\\u00f3n de 3,4 millones las obras para la mejora de la seguridad vial de los 32,8 kil\\u00f3metros que componen la A-6052, carretera que une Martos con Porcuna y \\u00fanica v\\u00eda de comunicaci\\u00f3n de los vecinos del municipio de Santiago de Calatrava\",\"inLanguage\":\"es-ES\",\"isPartOf\":{\"@id\":\"https:\\\/\\\/www.eldigitaldeasturias.com\\\/noticias\\\/#website\"},\"breadcrumb\":{\"@id\":\"https:\\\/\\\/www.eldigitaldeasturias.com\\\/noticias\\\/la-junta-de-andalucia-finalizara-en-septiembre-las-obras-de-la-carretera-a-6052\\\/#breadcrumblist\"},\"author\":{\"@id\":\"https:\\\/\\\/www.eldigitaldeasturias.com\\\/noticias\\\/author\\\/admin\\\/#author\"},\"creator\":{\"@id\":\"https:\\\/\\\/www.eldigitaldeasturias.com\\\/noticias\\\/author\\\/admin\\\/#author\"},\"image\":{\"@type\":\"ImageObject\",\"url\":943770,\"@id\":\"https:\\\/\\\/www.eldigitaldeasturias.com\\\/noticias\\\/la-junta-de-andalucia-finalizara-en-septiembre-las-obras-de-la-carretera-a-6052\\\/#mainImage\"},\"primaryImageOfPage\":{\"@id\":\"https:\\\/\\\/www.eldigitaldeasturias.com\\\/noticias\\\/la-junta-de-andalucia-finalizara-en-septiembre-las-obras-de-la-carretera-a-6052\\\/#mainImage\"},\"datePublished\":\"2017-08-02T19:05:44+02:00\",\"dateModified\":\"2017-08-02T19:05:44+02:00\"},{\"@type\":\"WebSite\",\"@id\":\"https:\\\/\\\/www.eldigitaldeasturias.com\\\/noticias\\\/#website\",\"url\":\"https:\\\/\\\/www.eldigitaldeasturias.com\\\/noticias\\\/\",\"name\":\"El Digital de Asturias - Diario de actualidad y noticias\",\"alternateName\":\"El Digital de Asturias - Diario de actualidad y noticias\",\"description\":\"Hemeroteca\",\"inLanguage\":\"es-ES\",\"publisher\":{\"@id\":\"https:\\\/\\\/www.eldigitaldeasturias.com\\\/noticias\\\/#organization\"}}]}\n\t\t<\/script>\n\t\t<!-- All in One SEO Pro -->\r\n\t\t<title>La Junta de Andaluc\u00eda finalizar\u00e1 en septiembre las obras de la carretera A-6052 - El Digital de Asturias<\/title>\n\n","aioseo_head_json":{"title":"La Junta de Andaluc\u00eda finalizar\u00e1 en septiembre las obras de la carretera A-6052 - El Digital de Asturias","description":"La Consejer\u00eda de Fomento y Vivienda finalizar\u00e1 el pr\u00f3ximo mes de septiembre tras una inversi\u00f3n de 3,4 millones las obras para la mejora de la seguridad vial de los 32,8 kil\u00f3metros que componen la A-6052, carretera que une Martos con Porcuna y \u00fanica v\u00eda de comunicaci\u00f3n de los vecinos del municipio de Santiago de Calatrava","canonical_url":"https:\/\/www.eldigitaldeasturias.com\/noticias\/la-junta-de-andalucia-finalizara-en-septiembre-las-obras-de-la-carretera-a-6052\/","robots":"max-image-preview:large","keywords":"actualidad","webmasterTools":{"google-site-verification":"UA-38556648-1","msvalidate.01":"7dfe9f3f1b24437ab69f4f2559babe99","miscellaneous":""},"schema":{"@context":"https:\/\/schema.org","@graph":[{"@type":"BlogPosting","@id":"https:\/\/www.eldigitaldeasturias.com\/noticias\/la-junta-de-andalucia-finalizara-en-septiembre-las-obras-de-la-carretera-a-6052\/#blogposting","name":"La Junta de Andaluc\u00eda finalizar\u00e1 en septiembre las obras de la carretera A-6052 - El Digital de Asturias","headline":"La Junta de Andaluc\u00eda finalizar\u00e1 en septiembre las obras de la carretera A-6052","author":{"@id":"https:\/\/www.eldigitaldeasturias.com\/noticias\/author\/admin\/#author"},"publisher":{"@id":"https:\/\/www.eldigitaldeasturias.com\/noticias\/#organization"},"image":{"@type":"ImageObject","url":943770},"datePublished":"2017-08-02T19:05:44+02:00","dateModified":"2017-08-02T19:05:44+02:00","inLanguage":"es-ES","mainEntityOfPage":{"@id":"https:\/\/www.eldigitaldeasturias.com\/noticias\/la-junta-de-andalucia-finalizara-en-septiembre-las-obras-de-la-carretera-a-6052\/#webpage"},"isPartOf":{"@id":"https:\/\/www.eldigitaldeasturias.com\/noticias\/la-junta-de-andalucia-finalizara-en-septiembre-las-obras-de-la-carretera-a-6052\/#webpage"},"articleSection":"Actualidad"},{"@type":"BreadcrumbList","@id":"https:\/\/www.eldigitaldeasturias.com\/noticias\/la-junta-de-andalucia-finalizara-en-septiembre-las-obras-de-la-carretera-a-6052\/#breadcrumblist","itemListElement":[{"@type":"ListItem","@id":"https:\/\/www.eldigitaldeasturias.com\/noticias#listItem","position":1,"name":"Home","item":"https:\/\/www.eldigitaldeasturias.com\/noticias","nextItem":{"@type":"ListItem","@id":"https:\/\/www.eldigitaldeasturias.com\/noticias\/category\/actualidad\/#listItem","name":"Actualidad"}},{"@type":"ListItem","@id":"https:\/\/www.eldigitaldeasturias.com\/noticias\/category\/actualidad\/#listItem","position":2,"name":"Actualidad","item":"https:\/\/www.eldigitaldeasturias.com\/noticias\/category\/actualidad\/","nextItem":{"@type":"ListItem","@id":"https:\/\/www.eldigitaldeasturias.com\/noticias\/la-junta-de-andalucia-finalizara-en-septiembre-las-obras-de-la-carretera-a-6052\/#listItem","name":"La Junta de Andaluc\u00eda finalizar\u00e1 en septiembre las obras de la carretera A-6052"},"previousItem":{"@type":"ListItem","@id":"https:\/\/www.eldigitaldeasturias.com\/noticias#listItem","name":"Home"}},{"@type":"ListItem","@id":"https:\/\/www.eldigitaldeasturias.com\/noticias\/la-junta-de-andalucia-finalizara-en-septiembre-las-obras-de-la-carretera-a-6052\/#listItem","position":3,"name":"La Junta de Andaluc\u00eda finalizar\u00e1 en septiembre las obras de la carretera A-6052","previousItem":{"@type":"ListItem","@id":"https:\/\/www.eldigitaldeasturias.com\/noticias\/category\/actualidad\/#listItem","name":"Actualidad"}}]},{"@type":"Organization","@id":"https:\/\/www.eldigitaldeasturias.com\/noticias\/#organization","name":"El Digital de Asturias","description":"Hemeroteca","url":"https:\/\/www.eldigitaldeasturias.com\/noticias\/","email":"info@eldigitaldeasturias.com","telephone":"+34652131393","logo":{"@type":"ImageObject","url":"https:\/\/www.eldigitaldeasturias.com\/noticias\/wp-content\/uploads\/2020\/12\/EDA.jpg","@id":"https:\/\/www.eldigitaldeasturias.com\/noticias\/la-junta-de-andalucia-finalizara-en-septiembre-las-obras-de-la-carretera-a-6052\/#organizationLogo"},"image":{"@id":"https:\/\/www.eldigitaldeasturias.com\/noticias\/la-junta-de-andalucia-finalizara-en-septiembre-las-obras-de-la-carretera-a-6052\/#organizationLogo"},"sameAs":["https:\/\/facebook.com\/eldigitaldeasturias","https:\/\/www.youtube.com\/channel\/UCZP-2wLEB9Rv6erhFmqVnvg"],"address":{"@id":"https:\/\/www.eldigitaldeasturias.com\/noticias\/#postaladdress","@type":"PostalAddress","streetAddress":"san antonio 4","postalCode":"33430","addressLocality":"Cand\u00e1s","addressRegion":"Asturias","addressCountry":"ES"}},{"@type":"Person","@id":"https:\/\/www.eldigitaldeasturias.com\/noticias\/author\/admin\/#author","url":"https:\/\/www.eldigitaldeasturias.com\/noticias\/author\/admin\/","name":"El Digital de Asturias","image":{"@type":"ImageObject","@id":"https:\/\/www.eldigitaldeasturias.com\/noticias\/la-junta-de-andalucia-finalizara-en-septiembre-las-obras-de-la-carretera-a-6052\/#authorImage","url":"https:\/\/secure.gravatar.com\/avatar\/df2aeffc32bcd13f8d26072ef8a91b623d677766deac7f97ca815868cd41bf5e?s=96&d=mm&r=g","width":96,"height":96,"caption":"El Digital de Asturias"}},{"@type":"WebPage","@id":"https:\/\/www.eldigitaldeasturias.com\/noticias\/la-junta-de-andalucia-finalizara-en-septiembre-las-obras-de-la-carretera-a-6052\/#webpage","url":"https:\/\/www.eldigitaldeasturias.com\/noticias\/la-junta-de-andalucia-finalizara-en-septiembre-las-obras-de-la-carretera-a-6052\/","name":"La Junta de Andaluc\u00eda finalizar\u00e1 en septiembre las obras de la carretera A-6052 - El Digital de Asturias","description":"La Consejer\u00eda de Fomento y Vivienda finalizar\u00e1 el pr\u00f3ximo mes de septiembre tras una inversi\u00f3n de 3,4 millones las obras para la mejora de la seguridad vial de los 32,8 kil\u00f3metros que componen la A-6052, carretera que une Martos con Porcuna y \u00fanica v\u00eda de comunicaci\u00f3n de los vecinos del municipio de Santiago de Calatrava","inLanguage":"es-ES","isPartOf":{"@id":"https:\/\/www.eldigitaldeasturias.com\/noticias\/#website"},"breadcrumb":{"@id":"https:\/\/www.eldigitaldeasturias.com\/noticias\/la-junta-de-andalucia-finalizara-en-septiembre-las-obras-de-la-carretera-a-6052\/#breadcrumblist"},"author":{"@id":"https:\/\/www.eldigitaldeasturias.com\/noticias\/author\/admin\/#author"},"creator":{"@id":"https:\/\/www.eldigitaldeasturias.com\/noticias\/author\/admin\/#author"},"image":{"@type":"ImageObject","url":943770,"@id":"https:\/\/www.eldigitaldeasturias.com\/noticias\/la-junta-de-andalucia-finalizara-en-septiembre-las-obras-de-la-carretera-a-6052\/#mainImage"},"primaryImageOfPage":{"@id":"https:\/\/www.eldigitaldeasturias.com\/noticias\/la-junta-de-andalucia-finalizara-en-septiembre-las-obras-de-la-carretera-a-6052\/#mainImage"},"datePublished":"2017-08-02T19:05:44+02:00","dateModified":"2017-08-02T19:05:44+02:00"},{"@type":"WebSite","@id":"https:\/\/www.eldigitaldeasturias.com\/noticias\/#website","url":"https:\/\/www.eldigitaldeasturias.com\/noticias\/","name":"El Digital de Asturias - Diario de actualidad y noticias","alternateName":"El Digital de Asturias - Diario de actualidad y noticias","description":"Hemeroteca","inLanguage":"es-ES","publisher":{"@id":"https:\/\/www.eldigitaldeasturias.com\/noticias\/#organization"}}]},"og:locale":"es_ES","og:site_name":"El Digital de Asturias","og:type":"article","og:title":"La Junta de Andaluc\u00eda finalizar\u00e1 en septiembre las obras de la carretera A-6052 - El Digital de Asturias","og:description":"La Consejer\u00eda de Fomento y Vivienda finalizar\u00e1 el pr\u00f3ximo mes de septiembre tras una inversi\u00f3n de 3,4 millones las obras para la mejora de la seguridad vial de los 32,8 kil\u00f3metros que componen la A-6052, carretera que une Martos con Porcuna y \u00fanica v\u00eda de comunicaci\u00f3n de los vecinos del municipio de Santiago de Calatrava","og:url":"https:\/\/www.eldigitaldeasturias.com\/noticias\/la-junta-de-andalucia-finalizara-en-septiembre-las-obras-de-la-carretera-a-6052\/","article:tag":["actualidad"],"article:published_time":"2017-08-02T19:05:44+00:00","article:modified_time":"2017-08-02T19:05:44+00:00","article:publisher":"https:\/\/facebook.com\/eldigitaldeasturias","twitter:card":"summary_large_image","twitter:title":"La Junta de Andaluc\u00eda finalizar\u00e1 en septiembre las obras de la carretera A-6052 - El Digital de Asturias","twitter:description":"La Consejer\u00eda de Fomento y Vivienda finalizar\u00e1 el pr\u00f3ximo mes de septiembre tras una inversi\u00f3n de 3,4 millones las obras para la mejora de la seguridad vial de los 32,8 kil\u00f3metros que componen la A-6052, carretera que une Martos con Porcuna y \u00fanica v\u00eda de comunicaci\u00f3n de los vecinos del municipio de Santiago de Calatrava","twitter:image":"https:\/\/www.eldigitaldeasturias.com\/noticias\/wp-content\/uploads\/2020\/12\/EDA-1.jpg","twitter:label1":"Escrito por","twitter:data1":"El Digital de Asturias","twitter:label2":"Tiempo de lectura estimado","twitter:data2":"4 minutos"},"aioseo_meta_data":{"post_id":"948545","title":null,"description":null,"keywords":null,"keyphrases":null,"primary_term":null,"canonical_url":null,"og_title":null,"og_description":null,"og_object_type":"default","og_image_type":"default","og_image_url":null,"og_image_width":null,"og_image_height":null,"og_image_custom_url":null,"og_image_custom_fields":null,"og_video":null,"og_custom_url":null,"og_article_section":null,"og_article_tags":null,"twitter_use_og":false,"twitter_card":"default","twitter_image_type":"default","twitter_image_url":null,"twitter_image_custom_url":null,"twitter_image_custom_fields":null,"twitter_title":null,"twitter_description":null,"schema":{"blockGraphs":[],"customGraphs":[],"default":{"data":{"Article":[],"Course":[],"Dataset":[],"FAQPage":[],"Movie":[],"Person":[],"Product":[],"ProductReview":[],"Car":[],"Recipe":[],"Service":[],"SoftwareApplication":[],"WebPage":[]},"graphName":"","isEnabled":true},"graphs":[],"defaultGraph":"","defaultPostTypeGraph":""},"schema_type":null,"schema_type_options":null,"pillar_content":false,"robots_default":true,"robots_noindex":false,"robots_noarchive":false,"robots_nosnippet":false,"robots_nofollow":false,"robots_noimageindex":false,"robots_noodp":false,"robots_notranslate":false,"robots_max_snippet":null,"robots_max_videopreview":null,"robots_max_imagepreview":"large","priority":null,"frequency":null,"local_seo":null,"seo_analyzer_scan_date":"2025-12-05 09:02:22","breadcrumb_settings":null,"limit_modified_date":false,"open_ai":null,"ai":null,"created":"2020-12-21 13:04:36","updated":"2025-12-05 09:02:22","focus_keyword":null,"additional_keywords":null,"truseo_locale":null},"aioseo_breadcrumb":"<div class=\"aioseo-breadcrumbs\"><span class=\"aioseo-breadcrumb\">\n\t<a href=\"https:\/\/www.eldigitaldeasturias.com\/noticias\" title=\"Home\">Home<\/a>\n<\/span><span class=\"aioseo-breadcrumb-separator\">\u2013<\/span><span class=\"aioseo-breadcrumb\">\n\t<a href=\"https:\/\/www.eldigitaldeasturias.com\/noticias\/category\/actualidad\/\" title=\"Actualidad\">Actualidad<\/a>\n<\/span><span class=\"aioseo-breadcrumb-separator\">\u2013<\/span><span class=\"aioseo-breadcrumb\">\n\t<a href=\"https:\/\/www.eldigitaldeasturias.com\/noticias\/la-junta-de-andalucia-finalizara-en-septiembre-las-obras-de-la-carretera-a-6052\/\" title=\"La Junta de Andaluc\u00eda finalizar\u00e1 en septiembre las obras de la carretera A-6052\">La Junta de Andaluc\u00eda finalizar\u00e1 en septiembre las obras de la carretera A-6052<\/a>\n<\/span><\/div>","aioseo_breadcrumb_json":[{"label":"Home","link":"https:\/\/www.eldigitaldeasturias.com\/noticias"},{"label":"Actualidad","link":"https:\/\/www.eldigitaldeasturias.com\/noticias\/category\/actualidad\/"},{"label":"La Junta de Andaluc\u00eda finalizar\u00e1 en septiembre las obras de la carretera A-6052","link":"https:\/\/www.eldigitaldeasturias.com\/noticias\/la-junta-de-andalucia-finalizara-en-septiembre-las-obras-de-la-carretera-a-6052\/"}],"_links":{"self":[{"href":"https:\/\/www.eldigitaldeasturias.com\/noticias\/wp-json\/wp\/v2\/posts\/948545","targetHints":{"allow":["GET"]}}],"collection":[{"href":"https:\/\/www.eldigitaldeasturias.com\/noticias\/wp-json\/wp\/v2\/posts"}],"about":[{"href":"https:\/\/www.eldigitaldeasturias.com\/noticias\/wp-json\/wp\/v2\/types\/post"}],"author":[{"embeddable":true,"href":"https:\/\/www.eldigitaldeasturias.com\/noticias\/wp-json\/wp\/v2\/users\/1"}],"replies":[{"embeddable":true,"href":"https:\/\/www.eldigitaldeasturias.com\/noticias\/wp-json\/wp\/v2\/comments?post=948545"}],"version-history":[{"count":0,"href":"https:\/\/www.eldigitaldeasturias.com\/noticias\/wp-json\/wp\/v2\/posts\/948545\/revisions"}],"wp:attachment":[{"href":"https:\/\/www.eldigitaldeasturias.com\/noticias\/wp-json\/wp\/v2\/media?parent=948545"}],"wp:term":[{"taxonomy":"category","embeddable":true,"href":"https:\/\/www.eldigitaldeasturias.com\/noticias\/wp-json\/wp\/v2\/categories?post=948545"},{"taxonomy":"post_tag","embeddable":true,"href":"https:\/\/www.eldigitaldeasturias.com\/noticias\/wp-json\/wp\/v2\/tags?post=948545"}],"curies":[{"name":"wp","href":"https:\/\/api.w.org\/{rel}","templated":true}]}}