{"id":948543,"date":"2017-08-02T19:02:59","date_gmt":"2017-08-02T19:02:59","guid":{"rendered":"http:\/\/www.eldigitaldeasturias.com\/noticias\/?p=948543"},"modified":"2017-08-02T19:02:59","modified_gmt":"2017-08-02T19:02:59","slug":"andalucia-continua-liderando-el-descenso-nacional-del-paro","status":"publish","type":"post","link":"https:\/\/www.eldigitaldeasturias.com\/noticias\/andalucia-continua-liderando-el-descenso-nacional-del-paro\/","title":{"rendered":"Andaluc\u00eda contin\u00faa liderando el descenso nacional del paro"},"content":{"rendered":"<p><img loading=\"lazy\" decoding=\"async\" class=\"alignleft size-medium wp-image-781858\" src=\"https:\/\/www.eldigitaldeasturias.com\/noticias\/wp-content\/uploads\/2015\/05\/paro-asturias-360x240.jpg\" alt=\"\" width=\"360\" height=\"240\" \/>Andaluc\u00eda fue la comunidad aut\u00f3noma en la que m\u00e1s se redujo el paro en el \u00faltimo a\u00f1o, con 87.620 desempleados menos (-9,71%), lo que supone uno de cada cuatro parados menos de los registrados en Espa\u00f1a, donde el descenso fue de 347.137 personas (-9,71%). Con respecto al mes anterior, la comunidad registr\u00f3 un descenso de 4.245 desempleados (-0,52%) que sit\u00faa la cifra total de parados en la comunidad aut\u00f3noma en 814.518 personas. El descenso de julio es, adem\u00e1s, el quinto consecutivo. En el conjunto del pa\u00eds baj\u00f3 en 26.887 personas (-0,80%) en ese per\u00edodo.<\/p>\n<p>El paro se redujo en julio en Andaluc\u00eda especialmente en los servicios en t\u00e9rminos absolutos (-4.621 y un -0,90%), aunque en t\u00e9rminos porcentuales la mayor bajada la protagoniz\u00f3 la industria (-581 y \u20131,12%). El paro tambi\u00e9n baj\u00f3 levemente en la construcci\u00f3n (-98 y -0,12%) y subi\u00f3 en la agricultura (749 y 1,03%) y en el colectivo sin empleo anterior (306 y 0,32%).<\/p>\n<p>En relaci\u00f3n al mismo mes del a\u00f1o anterior, el paro disminuy\u00f3 en la comunidad aut\u00f3noma andaluza de manera significativa en la construcci\u00f3n (-17,04%), el colectivo sin empleo anterior (-13,8%), la industria (-11,47%), los servicios (-7,92%) y la agricultura (-5,96%).<\/p>\n<p>Por sexos, el paro disminuy\u00f3 el pasado mes de julio un -0,95% en las mujeres y subi\u00f3 un leve 0,07% en los hombres. Respecto a julio de 2016, baj\u00f3 en el colectivo masculino (-13,68%) y en el femenino (-6,50%).<\/p>\n<p>Por edades, el paro subi\u00f3 el pasado mes un 2,56% entre los menores de 25 a\u00f1os y baj\u00f3 un -1,01% en los comprendidos entre 25 y 44 a\u00f1os, y un -0,62% entre los mayores de 45 a\u00f1os. En t\u00e9rminos interanuales, disminuy\u00f3 un -19,82% entre los menores de 25 a\u00f1os, un -12,24% en el colectivo de entre 25 y 44 a\u00f1os, y un -4,84% entre los mayores de 45 a\u00f1os.<\/p>\n<p><strong>Datos provincializados<\/strong><\/p>\n<p>El paro baj\u00f3 el pasado mes en cuatro provincias, encabezadas por C\u00e1diz (-2,28%), y seguida de M\u00e1laga (-1,87%), Ja\u00e9n (-0,60%) y Granada (-0,47%). En Huelva se mantuvo estable y se increment\u00f3 en Almer\u00eda (2,94%), C\u00f3rdoba (0,82) y Sevilla (0,05%).<\/p>\n<p>Con respecto a julio de 2016, el paro baj\u00f3 en todas las provincias andaluzas: Ja\u00e9n (-10,69%), M\u00e1laga (10,57%), C\u00f3rdoba (-10,14%), C\u00e1diz (-9,85%), Sevilla (-9,74%), Granada (-9,09%), Huelva (-8,25%) y Almer\u00eda (-7,98%).<\/p>\n<p>En cuanto a la afiliaci\u00f3n a la Seguridad Social, Andaluc\u00eda registr\u00f3 el pasado mes un descenso de 10.939 cotizantes (-0,37%), lo que sit\u00faa la cifra total de afiliados en la comunidad en 2.959.187. En el \u00faltimo a\u00f1o, Andaluc\u00eda aument\u00f3 fuertemente sus afiliados a la Seguridad Social, con 115.142 cotizantes m\u00e1s, un 4,05%.<\/p>\n<p>Con respecto a la contrataci\u00f3n, en Andaluc\u00eda creci\u00f3 el n\u00famero de contratos un 3,52% en julio en comparaci\u00f3n con el mismo mes del a\u00f1o pasado. En cambio, en comparaci\u00f3n con junio de este a\u00f1o, bajo un -11,85%.<\/p>\n<p>&nbsp;<\/p>\n<p>&nbsp;<\/p>\n","protected":false},"excerpt":{"rendered":"<p>Andaluc\u00eda fue la comunidad aut\u00f3noma en la que m\u00e1s se redujo el paro en el \u00faltimo a\u00f1o, con 87.620 desempleados menos (-9,71%), lo que supone uno de cada cuatro parados menos de los registrados en Espa\u00f1a, donde el descenso fue de 347.137 personas (-9,71%). Con respecto al mes anterior, la comunidad registr\u00f3 un descenso de [&hellip;]<\/p>\n","protected":false},"author":1,"featured_media":781858,"comment_status":"closed","ping_status":"closed","sticky":false,"template":"","format":"standard","meta":{"footnotes":""},"categories":[1],"tags":[],"class_list":["post-948543","post","type-post","status-publish","format-standard","has-post-thumbnail","hentry","category-actualidad"],"aioseo_notices":[],"aioseo_head":"\n\t\t<!-- All in One SEO Pro 5.0.1 - aioseo.com -->\n\t<meta name=\"description\" content=\"Andaluc\u00eda fue la comunidad aut\u00f3noma en la que m\u00e1s se redujo el paro en el \u00faltimo a\u00f1o, con 87.620 desempleados menos (-9,71%), lo que supone uno de cada cuatro parados menos de los registrados en Espa\u00f1a, donde el descenso fue de 347.137 personas (-9,71%). Con respecto al mes anterior, la comunidad registr\u00f3 un descenso de\" \/>\n\t<meta name=\"robots\" content=\"max-image-preview:large\" \/>\n\t<meta name=\"author\" content=\"El Digital de Asturias\"\/>\n\t<meta name=\"google-site-verification\" content=\"UA-38556648-1\" \/>\n\t<meta name=\"msvalidate.01\" content=\"7dfe9f3f1b24437ab69f4f2559babe99\" \/>\n\t<meta name=\"keywords\" content=\"actualidad\" \/>\n\t<link rel=\"canonical\" href=\"https:\/\/www.eldigitaldeasturias.com\/noticias\/andalucia-continua-liderando-el-descenso-nacional-del-paro\/\" \/>\n\t<meta name=\"generator\" content=\"All in One SEO Pro (AIOSEO) 5.0.1\" \/>\n\t\t<meta property=\"og:locale\" content=\"es_ES\" \/>\n\t\t<meta property=\"og:site_name\" content=\"El Digital de Asturias\" \/>\n\t\t<meta property=\"og:type\" content=\"article\" \/>\n\t\t<meta property=\"og:title\" content=\"Andaluc\u00eda contin\u00faa liderando el descenso nacional del paro - El Digital de Asturias\" \/>\n\t\t<meta property=\"og:description\" content=\"Andaluc\u00eda fue la comunidad aut\u00f3noma en la que m\u00e1s se redujo el paro en el \u00faltimo a\u00f1o, con 87.620 desempleados menos (-9,71%), lo que supone uno de cada cuatro parados menos de los registrados en Espa\u00f1a, donde el descenso fue de 347.137 personas (-9,71%). Con respecto al mes anterior, la comunidad registr\u00f3 un descenso de\" \/>\n\t\t<meta property=\"og:url\" content=\"https:\/\/www.eldigitaldeasturias.com\/noticias\/andalucia-continua-liderando-el-descenso-nacional-del-paro\/\" \/>\n\t\t<meta property=\"article:tag\" content=\"actualidad\" \/>\n\t\t<meta property=\"article:published_time\" content=\"2017-08-02T19:02:59+00:00\" \/>\n\t\t<meta property=\"article:modified_time\" content=\"2017-08-02T19:02:59+00:00\" \/>\n\t\t<meta property=\"article:publisher\" content=\"https:\/\/facebook.com\/eldigitaldeasturias\" \/>\n\t\t<meta name=\"twitter:card\" content=\"summary_large_image\" \/>\n\t\t<meta name=\"twitter:title\" content=\"Andaluc\u00eda contin\u00faa liderando el descenso nacional del paro - El Digital de Asturias\" \/>\n\t\t<meta name=\"twitter:description\" content=\"Andaluc\u00eda fue la comunidad aut\u00f3noma en la que m\u00e1s se redujo el paro en el \u00faltimo a\u00f1o, con 87.620 desempleados menos (-9,71%), lo que supone uno de cada cuatro parados menos de los registrados en Espa\u00f1a, donde el descenso fue de 347.137 personas (-9,71%). Con respecto al mes anterior, la comunidad registr\u00f3 un descenso de\" \/>\n\t\t<meta name=\"twitter:image\" content=\"https:\/\/www.eldigitaldeasturias.com\/noticias\/wp-content\/uploads\/2020\/12\/EDA-1.jpg\" \/>\n\t\t<meta name=\"twitter:label1\" content=\"Escrito por\" \/>\n\t\t<meta name=\"twitter:data1\" content=\"El Digital de Asturias\" \/>\n\t\t<meta name=\"twitter:label2\" content=\"Tiempo de lectura estimado\" \/>\n\t\t<meta name=\"twitter:data2\" content=\"2 minutos\" \/>\n\t\t<script type=\"application\/ld+json\" class=\"aioseo-schema\">\n\t\t\t{\"@context\":\"https:\\\/\\\/schema.org\",\"@graph\":[{\"@type\":\"BlogPosting\",\"@id\":\"https:\\\/\\\/www.eldigitaldeasturias.com\\\/noticias\\\/andalucia-continua-liderando-el-descenso-nacional-del-paro\\\/#blogposting\",\"name\":\"Andaluc\\u00eda contin\\u00faa liderando el descenso nacional del paro - El Digital de Asturias\",\"headline\":\"Andaluc\\u00eda contin\\u00faa liderando el descenso nacional del paro\",\"author\":{\"@id\":\"https:\\\/\\\/www.eldigitaldeasturias.com\\\/noticias\\\/author\\\/admin\\\/#author\"},\"publisher\":{\"@id\":\"https:\\\/\\\/www.eldigitaldeasturias.com\\\/noticias\\\/#organization\"},\"image\":{\"@type\":\"ImageObject\",\"url\":781858},\"datePublished\":\"2017-08-02T19:02:59+02:00\",\"dateModified\":\"2017-08-02T19:02:59+02:00\",\"inLanguage\":\"es-ES\",\"mainEntityOfPage\":{\"@id\":\"https:\\\/\\\/www.eldigitaldeasturias.com\\\/noticias\\\/andalucia-continua-liderando-el-descenso-nacional-del-paro\\\/#webpage\"},\"isPartOf\":{\"@id\":\"https:\\\/\\\/www.eldigitaldeasturias.com\\\/noticias\\\/andalucia-continua-liderando-el-descenso-nacional-del-paro\\\/#webpage\"},\"articleSection\":\"Actualidad\"},{\"@type\":\"BreadcrumbList\",\"@id\":\"https:\\\/\\\/www.eldigitaldeasturias.com\\\/noticias\\\/andalucia-continua-liderando-el-descenso-nacional-del-paro\\\/#breadcrumblist\",\"itemListElement\":[{\"@type\":\"ListItem\",\"@id\":\"https:\\\/\\\/www.eldigitaldeasturias.com\\\/noticias#listItem\",\"position\":1,\"name\":\"Home\",\"item\":\"https:\\\/\\\/www.eldigitaldeasturias.com\\\/noticias\",\"nextItem\":{\"@type\":\"ListItem\",\"@id\":\"https:\\\/\\\/www.eldigitaldeasturias.com\\\/noticias\\\/category\\\/actualidad\\\/#listItem\",\"name\":\"Actualidad\"}},{\"@type\":\"ListItem\",\"@id\":\"https:\\\/\\\/www.eldigitaldeasturias.com\\\/noticias\\\/category\\\/actualidad\\\/#listItem\",\"position\":2,\"name\":\"Actualidad\",\"item\":\"https:\\\/\\\/www.eldigitaldeasturias.com\\\/noticias\\\/category\\\/actualidad\\\/\",\"nextItem\":{\"@type\":\"ListItem\",\"@id\":\"https:\\\/\\\/www.eldigitaldeasturias.com\\\/noticias\\\/andalucia-continua-liderando-el-descenso-nacional-del-paro\\\/#listItem\",\"name\":\"Andaluc\\u00eda contin\\u00faa liderando el descenso nacional del paro\"},\"previousItem\":{\"@type\":\"ListItem\",\"@id\":\"https:\\\/\\\/www.eldigitaldeasturias.com\\\/noticias#listItem\",\"name\":\"Home\"}},{\"@type\":\"ListItem\",\"@id\":\"https:\\\/\\\/www.eldigitaldeasturias.com\\\/noticias\\\/andalucia-continua-liderando-el-descenso-nacional-del-paro\\\/#listItem\",\"position\":3,\"name\":\"Andaluc\\u00eda contin\\u00faa liderando el descenso nacional del paro\",\"previousItem\":{\"@type\":\"ListItem\",\"@id\":\"https:\\\/\\\/www.eldigitaldeasturias.com\\\/noticias\\\/category\\\/actualidad\\\/#listItem\",\"name\":\"Actualidad\"}}]},{\"@type\":\"Organization\",\"@id\":\"https:\\\/\\\/www.eldigitaldeasturias.com\\\/noticias\\\/#organization\",\"name\":\"El Digital de Asturias\",\"description\":\"Hemeroteca\",\"url\":\"https:\\\/\\\/www.eldigitaldeasturias.com\\\/noticias\\\/\",\"email\":\"info@eldigitaldeasturias.com\",\"telephone\":\"+34652131393\",\"logo\":{\"@type\":\"ImageObject\",\"url\":\"https:\\\/\\\/www.eldigitaldeasturias.com\\\/noticias\\\/wp-content\\\/uploads\\\/2020\\\/12\\\/EDA.jpg\",\"@id\":\"https:\\\/\\\/www.eldigitaldeasturias.com\\\/noticias\\\/andalucia-continua-liderando-el-descenso-nacional-del-paro\\\/#organizationLogo\"},\"image\":{\"@id\":\"https:\\\/\\\/www.eldigitaldeasturias.com\\\/noticias\\\/andalucia-continua-liderando-el-descenso-nacional-del-paro\\\/#organizationLogo\"},\"sameAs\":[\"https:\\\/\\\/facebook.com\\\/eldigitaldeasturias\",\"https:\\\/\\\/www.youtube.com\\\/channel\\\/UCZP-2wLEB9Rv6erhFmqVnvg\"],\"address\":{\"@id\":\"https:\\\/\\\/www.eldigitaldeasturias.com\\\/noticias\\\/#postaladdress\",\"@type\":\"PostalAddress\",\"streetAddress\":\"san antonio 4\",\"postalCode\":\"33430\",\"addressLocality\":\"Cand\\u00e1s\",\"addressRegion\":\"Asturias\",\"addressCountry\":\"ES\"}},{\"@type\":\"Person\",\"@id\":\"https:\\\/\\\/www.eldigitaldeasturias.com\\\/noticias\\\/author\\\/admin\\\/#author\",\"url\":\"https:\\\/\\\/www.eldigitaldeasturias.com\\\/noticias\\\/author\\\/admin\\\/\",\"name\":\"El Digital de Asturias\",\"image\":{\"@type\":\"ImageObject\",\"@id\":\"https:\\\/\\\/www.eldigitaldeasturias.com\\\/noticias\\\/andalucia-continua-liderando-el-descenso-nacional-del-paro\\\/#authorImage\",\"url\":\"https:\\\/\\\/secure.gravatar.com\\\/avatar\\\/df2aeffc32bcd13f8d26072ef8a91b623d677766deac7f97ca815868cd41bf5e?s=96&d=mm&r=g\",\"width\":96,\"height\":96,\"caption\":\"El Digital de Asturias\"}},{\"@type\":\"WebPage\",\"@id\":\"https:\\\/\\\/www.eldigitaldeasturias.com\\\/noticias\\\/andalucia-continua-liderando-el-descenso-nacional-del-paro\\\/#webpage\",\"url\":\"https:\\\/\\\/www.eldigitaldeasturias.com\\\/noticias\\\/andalucia-continua-liderando-el-descenso-nacional-del-paro\\\/\",\"name\":\"Andaluc\\u00eda contin\\u00faa liderando el descenso nacional del paro - El Digital de Asturias\",\"description\":\"Andaluc\\u00eda fue la comunidad aut\\u00f3noma en la que m\\u00e1s se redujo el paro en el \\u00faltimo a\\u00f1o, con 87.620 desempleados menos (-9,71%), lo que supone uno de cada cuatro parados menos de los registrados en Espa\\u00f1a, donde el descenso fue de 347.137 personas (-9,71%). Con respecto al mes anterior, la comunidad registr\\u00f3 un descenso de\",\"inLanguage\":\"es-ES\",\"isPartOf\":{\"@id\":\"https:\\\/\\\/www.eldigitaldeasturias.com\\\/noticias\\\/#website\"},\"breadcrumb\":{\"@id\":\"https:\\\/\\\/www.eldigitaldeasturias.com\\\/noticias\\\/andalucia-continua-liderando-el-descenso-nacional-del-paro\\\/#breadcrumblist\"},\"author\":{\"@id\":\"https:\\\/\\\/www.eldigitaldeasturias.com\\\/noticias\\\/author\\\/admin\\\/#author\"},\"creator\":{\"@id\":\"https:\\\/\\\/www.eldigitaldeasturias.com\\\/noticias\\\/author\\\/admin\\\/#author\"},\"image\":{\"@type\":\"ImageObject\",\"url\":781858,\"@id\":\"https:\\\/\\\/www.eldigitaldeasturias.com\\\/noticias\\\/andalucia-continua-liderando-el-descenso-nacional-del-paro\\\/#mainImage\"},\"primaryImageOfPage\":{\"@id\":\"https:\\\/\\\/www.eldigitaldeasturias.com\\\/noticias\\\/andalucia-continua-liderando-el-descenso-nacional-del-paro\\\/#mainImage\"},\"datePublished\":\"2017-08-02T19:02:59+02:00\",\"dateModified\":\"2017-08-02T19:02:59+02:00\"},{\"@type\":\"WebSite\",\"@id\":\"https:\\\/\\\/www.eldigitaldeasturias.com\\\/noticias\\\/#website\",\"url\":\"https:\\\/\\\/www.eldigitaldeasturias.com\\\/noticias\\\/\",\"name\":\"El Digital de Asturias - Diario de actualidad y noticias\",\"alternateName\":\"El Digital de Asturias - Diario de actualidad y noticias\",\"description\":\"Hemeroteca\",\"inLanguage\":\"es-ES\",\"publisher\":{\"@id\":\"https:\\\/\\\/www.eldigitaldeasturias.com\\\/noticias\\\/#organization\"}}]}\n\t\t<\/script>\n\t\t<!-- All in One SEO Pro -->\r\n\t\t<title>Andaluc\u00eda contin\u00faa liderando el descenso nacional del paro - El Digital de Asturias<\/title>\n\n","aioseo_head_json":{"title":"Andaluc\u00eda contin\u00faa liderando el descenso nacional del paro - El Digital de Asturias","description":"Andaluc\u00eda fue la comunidad aut\u00f3noma en la que m\u00e1s se redujo el paro en el \u00faltimo a\u00f1o, con 87.620 desempleados menos (-9,71%), lo que supone uno de cada cuatro parados menos de los registrados en Espa\u00f1a, donde el descenso fue de 347.137 personas (-9,71%). Con respecto al mes anterior, la comunidad registr\u00f3 un descenso de","canonical_url":"https:\/\/www.eldigitaldeasturias.com\/noticias\/andalucia-continua-liderando-el-descenso-nacional-del-paro\/","robots":"max-image-preview:large","keywords":"actualidad","webmasterTools":{"google-site-verification":"UA-38556648-1","msvalidate.01":"7dfe9f3f1b24437ab69f4f2559babe99","miscellaneous":""},"schema":{"@context":"https:\/\/schema.org","@graph":[{"@type":"BlogPosting","@id":"https:\/\/www.eldigitaldeasturias.com\/noticias\/andalucia-continua-liderando-el-descenso-nacional-del-paro\/#blogposting","name":"Andaluc\u00eda contin\u00faa liderando el descenso nacional del paro - El Digital de Asturias","headline":"Andaluc\u00eda contin\u00faa liderando el descenso nacional del paro","author":{"@id":"https:\/\/www.eldigitaldeasturias.com\/noticias\/author\/admin\/#author"},"publisher":{"@id":"https:\/\/www.eldigitaldeasturias.com\/noticias\/#organization"},"image":{"@type":"ImageObject","url":781858},"datePublished":"2017-08-02T19:02:59+02:00","dateModified":"2017-08-02T19:02:59+02:00","inLanguage":"es-ES","mainEntityOfPage":{"@id":"https:\/\/www.eldigitaldeasturias.com\/noticias\/andalucia-continua-liderando-el-descenso-nacional-del-paro\/#webpage"},"isPartOf":{"@id":"https:\/\/www.eldigitaldeasturias.com\/noticias\/andalucia-continua-liderando-el-descenso-nacional-del-paro\/#webpage"},"articleSection":"Actualidad"},{"@type":"BreadcrumbList","@id":"https:\/\/www.eldigitaldeasturias.com\/noticias\/andalucia-continua-liderando-el-descenso-nacional-del-paro\/#breadcrumblist","itemListElement":[{"@type":"ListItem","@id":"https:\/\/www.eldigitaldeasturias.com\/noticias#listItem","position":1,"name":"Home","item":"https:\/\/www.eldigitaldeasturias.com\/noticias","nextItem":{"@type":"ListItem","@id":"https:\/\/www.eldigitaldeasturias.com\/noticias\/category\/actualidad\/#listItem","name":"Actualidad"}},{"@type":"ListItem","@id":"https:\/\/www.eldigitaldeasturias.com\/noticias\/category\/actualidad\/#listItem","position":2,"name":"Actualidad","item":"https:\/\/www.eldigitaldeasturias.com\/noticias\/category\/actualidad\/","nextItem":{"@type":"ListItem","@id":"https:\/\/www.eldigitaldeasturias.com\/noticias\/andalucia-continua-liderando-el-descenso-nacional-del-paro\/#listItem","name":"Andaluc\u00eda contin\u00faa liderando el descenso nacional del paro"},"previousItem":{"@type":"ListItem","@id":"https:\/\/www.eldigitaldeasturias.com\/noticias#listItem","name":"Home"}},{"@type":"ListItem","@id":"https:\/\/www.eldigitaldeasturias.com\/noticias\/andalucia-continua-liderando-el-descenso-nacional-del-paro\/#listItem","position":3,"name":"Andaluc\u00eda contin\u00faa liderando el descenso nacional del paro","previousItem":{"@type":"ListItem","@id":"https:\/\/www.eldigitaldeasturias.com\/noticias\/category\/actualidad\/#listItem","name":"Actualidad"}}]},{"@type":"Organization","@id":"https:\/\/www.eldigitaldeasturias.com\/noticias\/#organization","name":"El Digital de Asturias","description":"Hemeroteca","url":"https:\/\/www.eldigitaldeasturias.com\/noticias\/","email":"info@eldigitaldeasturias.com","telephone":"+34652131393","logo":{"@type":"ImageObject","url":"https:\/\/www.eldigitaldeasturias.com\/noticias\/wp-content\/uploads\/2020\/12\/EDA.jpg","@id":"https:\/\/www.eldigitaldeasturias.com\/noticias\/andalucia-continua-liderando-el-descenso-nacional-del-paro\/#organizationLogo"},"image":{"@id":"https:\/\/www.eldigitaldeasturias.com\/noticias\/andalucia-continua-liderando-el-descenso-nacional-del-paro\/#organizationLogo"},"sameAs":["https:\/\/facebook.com\/eldigitaldeasturias","https:\/\/www.youtube.com\/channel\/UCZP-2wLEB9Rv6erhFmqVnvg"],"address":{"@id":"https:\/\/www.eldigitaldeasturias.com\/noticias\/#postaladdress","@type":"PostalAddress","streetAddress":"san antonio 4","postalCode":"33430","addressLocality":"Cand\u00e1s","addressRegion":"Asturias","addressCountry":"ES"}},{"@type":"Person","@id":"https:\/\/www.eldigitaldeasturias.com\/noticias\/author\/admin\/#author","url":"https:\/\/www.eldigitaldeasturias.com\/noticias\/author\/admin\/","name":"El Digital de Asturias","image":{"@type":"ImageObject","@id":"https:\/\/www.eldigitaldeasturias.com\/noticias\/andalucia-continua-liderando-el-descenso-nacional-del-paro\/#authorImage","url":"https:\/\/secure.gravatar.com\/avatar\/df2aeffc32bcd13f8d26072ef8a91b623d677766deac7f97ca815868cd41bf5e?s=96&d=mm&r=g","width":96,"height":96,"caption":"El Digital de Asturias"}},{"@type":"WebPage","@id":"https:\/\/www.eldigitaldeasturias.com\/noticias\/andalucia-continua-liderando-el-descenso-nacional-del-paro\/#webpage","url":"https:\/\/www.eldigitaldeasturias.com\/noticias\/andalucia-continua-liderando-el-descenso-nacional-del-paro\/","name":"Andaluc\u00eda contin\u00faa liderando el descenso nacional del paro - El Digital de Asturias","description":"Andaluc\u00eda fue la comunidad aut\u00f3noma en la que m\u00e1s se redujo el paro en el \u00faltimo a\u00f1o, con 87.620 desempleados menos (-9,71%), lo que supone uno de cada cuatro parados menos de los registrados en Espa\u00f1a, donde el descenso fue de 347.137 personas (-9,71%). Con respecto al mes anterior, la comunidad registr\u00f3 un descenso de","inLanguage":"es-ES","isPartOf":{"@id":"https:\/\/www.eldigitaldeasturias.com\/noticias\/#website"},"breadcrumb":{"@id":"https:\/\/www.eldigitaldeasturias.com\/noticias\/andalucia-continua-liderando-el-descenso-nacional-del-paro\/#breadcrumblist"},"author":{"@id":"https:\/\/www.eldigitaldeasturias.com\/noticias\/author\/admin\/#author"},"creator":{"@id":"https:\/\/www.eldigitaldeasturias.com\/noticias\/author\/admin\/#author"},"image":{"@type":"ImageObject","url":781858,"@id":"https:\/\/www.eldigitaldeasturias.com\/noticias\/andalucia-continua-liderando-el-descenso-nacional-del-paro\/#mainImage"},"primaryImageOfPage":{"@id":"https:\/\/www.eldigitaldeasturias.com\/noticias\/andalucia-continua-liderando-el-descenso-nacional-del-paro\/#mainImage"},"datePublished":"2017-08-02T19:02:59+02:00","dateModified":"2017-08-02T19:02:59+02:00"},{"@type":"WebSite","@id":"https:\/\/www.eldigitaldeasturias.com\/noticias\/#website","url":"https:\/\/www.eldigitaldeasturias.com\/noticias\/","name":"El Digital de Asturias - Diario de actualidad y noticias","alternateName":"El Digital de Asturias - Diario de actualidad y noticias","description":"Hemeroteca","inLanguage":"es-ES","publisher":{"@id":"https:\/\/www.eldigitaldeasturias.com\/noticias\/#organization"}}]},"og:locale":"es_ES","og:site_name":"El Digital de Asturias","og:type":"article","og:title":"Andaluc\u00eda contin\u00faa liderando el descenso nacional del paro - El Digital de Asturias","og:description":"Andaluc\u00eda fue la comunidad aut\u00f3noma en la que m\u00e1s se redujo el paro en el \u00faltimo a\u00f1o, con 87.620 desempleados menos (-9,71%), lo que supone uno de cada cuatro parados menos de los registrados en Espa\u00f1a, donde el descenso fue de 347.137 personas (-9,71%). Con respecto al mes anterior, la comunidad registr\u00f3 un descenso de","og:url":"https:\/\/www.eldigitaldeasturias.com\/noticias\/andalucia-continua-liderando-el-descenso-nacional-del-paro\/","article:tag":["actualidad"],"article:published_time":"2017-08-02T19:02:59+00:00","article:modified_time":"2017-08-02T19:02:59+00:00","article:publisher":"https:\/\/facebook.com\/eldigitaldeasturias","twitter:card":"summary_large_image","twitter:title":"Andaluc\u00eda contin\u00faa liderando el descenso nacional del paro - El Digital de Asturias","twitter:description":"Andaluc\u00eda fue la comunidad aut\u00f3noma en la que m\u00e1s se redujo el paro en el \u00faltimo a\u00f1o, con 87.620 desempleados menos (-9,71%), lo que supone uno de cada cuatro parados menos de los registrados en Espa\u00f1a, donde el descenso fue de 347.137 personas (-9,71%). Con respecto al mes anterior, la comunidad registr\u00f3 un descenso de","twitter:image":"https:\/\/www.eldigitaldeasturias.com\/noticias\/wp-content\/uploads\/2020\/12\/EDA-1.jpg","twitter:label1":"Escrito por","twitter:data1":"El Digital de Asturias","twitter:label2":"Tiempo de lectura estimado","twitter:data2":"2 minutos"},"aioseo_meta_data":{"post_id":"948543","title":null,"description":null,"keywords":null,"keyphrases":null,"primary_term":null,"canonical_url":null,"og_title":null,"og_description":null,"og_object_type":"default","og_image_type":"default","og_image_url":null,"og_image_width":null,"og_image_height":null,"og_image_custom_url":null,"og_image_custom_fields":null,"og_video":null,"og_custom_url":null,"og_article_section":null,"og_article_tags":null,"twitter_use_og":false,"twitter_card":"default","twitter_image_type":"default","twitter_image_url":null,"twitter_image_custom_url":null,"twitter_image_custom_fields":null,"twitter_title":null,"twitter_description":null,"schema":{"blockGraphs":[],"customGraphs":[],"default":{"data":{"Article":[],"Course":[],"Dataset":[],"FAQPage":[],"Movie":[],"Person":[],"Product":[],"ProductReview":[],"Car":[],"Recipe":[],"Service":[],"SoftwareApplication":[],"WebPage":[]},"graphName":"","isEnabled":true},"graphs":[],"defaultGraph":"","defaultPostTypeGraph":""},"schema_type":null,"schema_type_options":null,"pillar_content":false,"robots_default":true,"robots_noindex":false,"robots_noarchive":false,"robots_nosnippet":false,"robots_nofollow":false,"robots_noimageindex":false,"robots_noodp":false,"robots_notranslate":false,"robots_max_snippet":null,"robots_max_videopreview":null,"robots_max_imagepreview":"large","priority":null,"frequency":null,"local_seo":null,"seo_analyzer_scan_date":"2025-12-05 09:02:21","breadcrumb_settings":null,"limit_modified_date":false,"open_ai":null,"ai":null,"created":"2020-12-21 13:04:36","updated":"2025-12-05 09:02:21","focus_keyword":null,"additional_keywords":null,"truseo_locale":null},"aioseo_breadcrumb":"<div class=\"aioseo-breadcrumbs\"><span class=\"aioseo-breadcrumb\">\n\t<a href=\"https:\/\/www.eldigitaldeasturias.com\/noticias\" title=\"Home\">Home<\/a>\n<\/span><span class=\"aioseo-breadcrumb-separator\">\u2013<\/span><span class=\"aioseo-breadcrumb\">\n\t<a href=\"https:\/\/www.eldigitaldeasturias.com\/noticias\/category\/actualidad\/\" title=\"Actualidad\">Actualidad<\/a>\n<\/span><span class=\"aioseo-breadcrumb-separator\">\u2013<\/span><span class=\"aioseo-breadcrumb\">\n\t<a href=\"https:\/\/www.eldigitaldeasturias.com\/noticias\/andalucia-continua-liderando-el-descenso-nacional-del-paro\/\" title=\"Andaluc\u00eda contin\u00faa liderando el descenso nacional del paro\">Andaluc\u00eda contin\u00faa liderando el descenso nacional del paro<\/a>\n<\/span><\/div>","aioseo_breadcrumb_json":[{"label":"Home","link":"https:\/\/www.eldigitaldeasturias.com\/noticias"},{"label":"Actualidad","link":"https:\/\/www.eldigitaldeasturias.com\/noticias\/category\/actualidad\/"},{"label":"Andaluc\u00eda contin\u00faa liderando el descenso nacional del paro","link":"https:\/\/www.eldigitaldeasturias.com\/noticias\/andalucia-continua-liderando-el-descenso-nacional-del-paro\/"}],"_links":{"self":[{"href":"https:\/\/www.eldigitaldeasturias.com\/noticias\/wp-json\/wp\/v2\/posts\/948543","targetHints":{"allow":["GET"]}}],"collection":[{"href":"https:\/\/www.eldigitaldeasturias.com\/noticias\/wp-json\/wp\/v2\/posts"}],"about":[{"href":"https:\/\/www.eldigitaldeasturias.com\/noticias\/wp-json\/wp\/v2\/types\/post"}],"author":[{"embeddable":true,"href":"https:\/\/www.eldigitaldeasturias.com\/noticias\/wp-json\/wp\/v2\/users\/1"}],"replies":[{"embeddable":true,"href":"https:\/\/www.eldigitaldeasturias.com\/noticias\/wp-json\/wp\/v2\/comments?post=948543"}],"version-history":[{"count":0,"href":"https:\/\/www.eldigitaldeasturias.com\/noticias\/wp-json\/wp\/v2\/posts\/948543\/revisions"}],"wp:attachment":[{"href":"https:\/\/www.eldigitaldeasturias.com\/noticias\/wp-json\/wp\/v2\/media?parent=948543"}],"wp:term":[{"taxonomy":"category","embeddable":true,"href":"https:\/\/www.eldigitaldeasturias.com\/noticias\/wp-json\/wp\/v2\/categories?post=948543"},{"taxonomy":"post_tag","embeddable":true,"href":"https:\/\/www.eldigitaldeasturias.com\/noticias\/wp-json\/wp\/v2\/tags?post=948543"}],"curies":[{"name":"wp","href":"https:\/\/api.w.org\/{rel}","templated":true}]}}